{"id":10576,"date":"2017-08-07T05:02:44","date_gmt":"2017-08-07T03:02:44","guid":{"rendered":"http:\/\/leregardlibre.com\/?p=10576"},"modified":"2025-12-13T22:45:32","modified_gmt":"2025-12-13T21:45:32","slug":"pierre-maudet-larrogant-du-bout-du-lac","status":"publish","type":"post","link":"https:\/\/leregardlibre.com\/de\/politik\/schweiz\/pierre-maudet-larrogant-du-bout-du-lac\/","title":{"rendered":"Pierre Maudet, der arrogante Mann am Ende des Sees"},"content":{"rendered":"<p class=\"has-drop-cap\">Pierre Maudet ist also offiziell Kandidat. Erstaunlich: Er ist f\u00fcr seine Intelligenz und seinen Weitblick bekannt. Seine Kandidatur l\u00e4sst den grenzenlosen Ehrgeiz erkennen, der ihm seit jeher als Kompass dient. Wie verblendet ist er? Der Sieg eines lateinischen Kandidaten k\u00f6nnte seinen Horizont f\u00fcr lange Zeit, wenn nicht sogar f\u00fcr immer, versperren. Der Mann hat es eilig. Ein Schicksal muss erzwungen werden. An sich ist Ehrgeiz sehr w\u00fcnschenswert und respektabel, aber hier besteht die Gefahr, dass der Wunsch des Einzelnen der Gemeinschaft schadet.<\/p>\n\n\n\n<!--more Lire la suite du commentaire (en libre acc\u00e8s)-->\n\n\n\n<p>F\u00fcr die FDP ist diese Ank\u00fcndigung Gift. Sie zeigt zwar, dass die Partei im Zweifelsfall viele hochkar\u00e4tige Pers\u00f6nlichkeiten hat, aber sie wird letztlich ein schlechtes Bild von ihr zeichnen. Maudet wird als der Killer von Tessinern oder als das Hindernis, \u00fcber das eine Frau gest\u00fcrzt ist, gesehen werden. All das f\u00fcr einen jungen Mann mit Charisma, dem ein solides philosophisches R\u00fcckgrat fehlt. Ein reiner Utilitarist. Maudet verkauft keine Tr\u00e4ume, er f\u00fchrt sie aus. Sein Leben wird vom Staat geformt, er denkt durch ihn. Er ist die Verk\u00f6rperung der kalten Staatsmaschinerie. Ein brillanter hoher Beamter. Er r\u00fchmt sich, kein Kandidat irgendeiner Lobby zu sein. Dabei vergisst er seinen Konzern, der zweifellos der gefr\u00e4\u00dfigste ist.<\/p>\n\n\n\n<p>Man vergleicht ihn gerne mit dem neuen Pr\u00e4sidenten der Republik. Man bemerkt die \u00c4hnlichkeit der Kooptation: Attali f\u00fcr Macron, Couchepin f\u00fcr Maudet. Die Illusion des Jungseins spielt wunderbar, obwohl beide M\u00e4nner Produkte der Struktur sind. Man vergisst jedoch schnell, dass Macron im Gegensatz zu Maudet das Unternehmensleben kennt, dass er eine echte Bewegung hinter sich herzieht und das Risiko liebt. Maudet ist im Gegensatz dazu ein autorit\u00e4rer Lehrmeister. Diese Liebe zur Disziplin zeigt sich in seiner milit\u00e4rischen Karriere - die offenbar auch im XXI noch ein Argument w\u00e4re.<sup>.<\/sup> Jahrhundert - seine Herrschaft \u00fcber die FDP Genf, seine Dossiers im Staatsrat.<\/p>\n\n\n\n<p>Letztendlich wird das Schlimmste bleiben, dass der selbsternannte Kandidat der Jugend nichts versteht <a rel=\"noopener noreferrer\" href=\"https:\/\/www.tdg.ch\/reflexions\/enjeux-caches-blockchain-maudet\/story\/13757655\" target=\"_blank\">an die Logik der digitalen Transformation<\/a>. Der Genfer verteidigte mit Z\u00e4hnen und Klauen ein Geheimdienstgesetz, das - und das ist der Gipfel - die Sicherheit der B\u00fcrger gef\u00e4hrdet, und wagte es, \u00fcber dieses Gesetz zu behaupten, dass \u00abdie kollektive Sicherheit es gebietet und es f\u00fcr die individuellen Freiheiten nicht gef\u00e4hrlich ist\u00bb. Noch ein Mitglied der gro\u00dfen Familie der \u00abLiberalen ... aber\u00bb.<\/p>\n\n\n\n<p>Auf der anderen Seite steht Cassis, der f\u00fcr die Entkriminalisierung aller Drogen eintritt. Ich meine wirklich alle. Er strahlt W\u00e4rme aus, kennt das Unternehmensleben und k\u00e4mpft daf\u00fcr, dass die Altersvorsorge nicht \u00fcberm\u00e4\u00dfig auf dem R\u00fccken des Nachwuchses ausgetragen wird. Jung sein findet im Kopf statt, nicht auf dem Personalausweis.<\/p>\n\n\n\n<hr class=\"wp-block-separator has-css-opacity\"\/>\n\n\n\n<h5 class=\"wp-block-heading\">Aktualisiert:<\/h5>\n\n\n\n<p><em>Nach Gespr\u00e4chen mit dem Hauptbetroffenen und verschiedenen ihm nahestehenden Akteuren m\u00f6chte der Autor die folgenden Klarstellungen vornehmen:<\/em><\/p>\n\n\n\n<ul class=\"wp-block-list\"><li><em>Es ging keineswegs darum, die gute Arbeit in Frage zu stellen, die Herr Maudet im Rahmen seiner verschiedenen Mandate geleistet hat, ganz im Gegenteil. In der Einleitung des Artikels wird er gew\u00fcrdigt. Die Meinungsverschiedenheit bezieht sich auf sein Profil.<\/em><\/li><\/ul>\n\n\n\n<ul class=\"wp-block-list\"><li><em>In Bezug auf ihre T\u00e4tigkeit in der Privatwirtschaft h\u00e4tte es hei\u00dfen m\u00fcssen: \u00abhatte nie eine vergleichbare verantwortungsvolle Position in der Privatwirtschaft inne\u00bb.<\/em><\/li><\/ul>\n\n\n\n<ul class=\"wp-block-list\"><li><em>Zum Thema LRens macht es Sinn, daran zu erinnern, dass sowohl Frau Moret als auch Herr Cassis die gleiche Position vertraten.<\/em><\/li><\/ul>\n\n\n\n<ul class=\"wp-block-list\"><li><em>Angesichts seines gesamten Wirkens im Bereich des digitalen Wandels war das oben stehende Urteil eindeutig vereinfachend und voreingenommen. Der Autor des Artikels r\u00e4umt sein Missverst\u00e4ndnis ein und freut sich, dass in seinem Land ein Akteur mit solch einer Expertise und Vision in diesem Bereich entsteht. Das neue Taxigesetz (Genf) kann als Beispiel dienen.&nbsp;<\/em><\/li><\/ul>\n\n\n\n<hr class=\"wp-block-separator has-css-opacity\"\/>\n\n\n\n<p><a href=\"https:\/\/pierremaudet.ch\/uploads\/2017-8-10-18-47-46-250-fr-lettre-suisse-pierremaudet-1.pdf\" target=\"_blank\" rel=\"noopener noreferrer\"><em>Link zum vollst\u00e4ndigen Programm des Kandidaten Pierre Maudet<\/em><\/a><\/p>\n\n\n\n<hr class=\"wp-block-separator has-css-opacity\"\/>\n\n\n\n<p><em>Schreiben Sie dem Autor: <a href=\"mailto:nicolas.jutzet@leregardlibre.com\">nicolas.jutzet@leregardlibre.com<\/a><\/em><\/p>\n\n\n\n<p><strong>Sie haben gerade einen frei zug\u00e4nglichen Kommentar gelesen.\u00a0<\/strong>Debatten, Analysen, Kulturnachrichten:\u00a0<a href=\"https:\/\/leregardlibre.com\/de\/abonnement\/\">abonnieren Sie<\/a>\u00a0um uns zu unterst\u00fctzen und Zugang zu all unseren Inhalten zu erhalten!<a href=\"https:\/\/leregardlibre.com\/wp-content\/uploads\/2022\/12\/affiche_fumer-fait-tousser.jpg\"><\/a><\/p>\n\n\n\n<p>Bildnachweis: Nielsackermann \/ <a href=\"https:\/\/fr.wikipedia.org\/wiki\/Fichier:Pierre-Maudet-in-2019.jpg\">Wikimedia<\/a> CC 4.0<\/p>","protected":false},"excerpt":{"rendered":"<p>Ein autorit\u00e4rer Lehrer<\/p>","protected":false},"author":314,"featured_media":33543,"comment_status":"open","ping_status":"open","sticky":false,"template":"","format":"standard","meta":{"_acf_changed":false,"footnotes":""},"categories":[644357279],"tags":[3167292,74619484,977843,57220,33299527,19359327,413468],"class_list":["post-10576","post","type-post","status-publish","format-standard","has-post-thumbnail","hentry","category-suisse","tag-conseil-federal","tag-emmanuel-macron","tag-etat","tag-geneve","tag-ignazio-cassis","tag-pierre-maudet","tag-plr"],"acf":[],"yoast_head":"<!-- This site is optimized with the Yoast SEO Premium plugin v27.4 (Yoast SEO v27.4) - https:\/\/yoast.com\/product\/yoast-seo-premium-wordpress\/ -->\n<title>Pierre Maudet, l&#039;arrogant du bout du lac<\/title>\n<meta name=\"description\" content=\"Pierre Maudet est donc officiellement candidat. Etonnant: il est pourtant connu pour son intelligence et sa clairvoyance. Commentaire.\" \/>\n<meta name=\"robots\" content=\"index, follow, max-snippet:-1, max-image-preview:large, max-video-preview:-1\" \/>\n<link rel=\"canonical\" href=\"https:\/\/leregardlibre.com\/de\/politik\/schweiz\/pierre-maudet-larrogant-du-bout-du-lac\/\" \/>\n<meta property=\"og:locale\" content=\"de_DE\" \/>\n<meta property=\"og:type\" content=\"article\" \/>\n<meta property=\"og:title\" content=\"Pierre Maudet, l&#039;arrogant du bout du lac\" \/>\n<meta property=\"og:description\" content=\"Pierre Maudet est donc officiellement candidat. Etonnant: il est pourtant connu pour son intelligence et sa clairvoyance. Commentaire.\" \/>\n<meta property=\"og:url\" content=\"https:\/\/leregardlibre.com\/de\/politik\/schweiz\/pierre-maudet-larrogant-du-bout-du-lac\/\" \/>\n<meta property=\"og:site_name\" content=\"Le Regard Libre\" \/>\n<meta property=\"article:publisher\" content=\"https:\/\/www.facebook.com\/leregardlibre\/\" \/>\n<meta property=\"article:published_time\" content=\"2017-08-07T03:02:44+00:00\" \/>\n<meta property=\"article:modified_time\" content=\"2025-12-13T21:45:32+00:00\" \/>\n<meta property=\"og:image\" content=\"https:\/\/leregardlibre.com\/wp-content\/uploads\/2020\/04\/Pierre-Maudet-in-2019-1157121641-1587809384529.jpg\" \/>\n\t<meta property=\"og:image:width\" content=\"1600\" \/>\n\t<meta property=\"og:image:height\" content=\"900\" \/>\n\t<meta property=\"og:image:type\" content=\"image\/jpeg\" \/>\n<meta name=\"author\" content=\"Nicolas Jutzet\" \/>\n<meta name=\"twitter:card\" content=\"summary_large_image\" \/>\n<meta name=\"twitter:creator\" content=\"@LeRegardLibre\" \/>\n<meta name=\"twitter:site\" content=\"@LeRegardLibre\" \/>\n<meta name=\"twitter:label1\" content=\"Verfasst von\" \/>\n\t<meta name=\"twitter:data1\" content=\"Nicolas Jutzet\" \/>\n\t<meta name=\"twitter:label2\" content=\"Gesch\u00e4tzte Lesezeit\" \/>\n\t<meta name=\"twitter:data2\" content=\"4\u00a0Minuten\" \/>\n<script type=\"application\/ld+json\" class=\"yoast-schema-graph\">{\"@context\":\"https:\\\/\\\/schema.org\",\"@graph\":[{\"@type\":\"Article\",\"@id\":\"https:\\\/\\\/leregardlibre.com\\\/politique\\\/suisse\\\/pierre-maudet-larrogant-du-bout-du-lac\\\/#article\",\"isPartOf\":{\"@id\":\"https:\\\/\\\/leregardlibre.com\\\/politique\\\/suisse\\\/pierre-maudet-larrogant-du-bout-du-lac\\\/\"},\"author\":{\"name\":\"Nicolas Jutzet\",\"@id\":\"https:\\\/\\\/leregardlibre.com\\\/#\\\/schema\\\/person\\\/3446d3a78b45211305188d4401e7719a\"},\"headline\":\"Pierre Maudet, l&#8217;arrogant du bout du lac\",\"datePublished\":\"2017-08-07T03:02:44+00:00\",\"dateModified\":\"2025-12-13T21:45:32+00:00\",\"mainEntityOfPage\":{\"@id\":\"https:\\\/\\\/leregardlibre.com\\\/politique\\\/suisse\\\/pierre-maudet-larrogant-du-bout-du-lac\\\/\"},\"wordCount\":732,\"commentCount\":1,\"publisher\":{\"@id\":\"https:\\\/\\\/leregardlibre.com\\\/#organization\"},\"image\":{\"@id\":\"https:\\\/\\\/leregardlibre.com\\\/politique\\\/suisse\\\/pierre-maudet-larrogant-du-bout-du-lac\\\/#primaryimage\"},\"thumbnailUrl\":\"https:\\\/\\\/leregardlibre.com\\\/wp-content\\\/uploads\\\/2020\\\/04\\\/Pierre-Maudet-in-2019-1157121641-1587809384529.jpg\",\"keywords\":[\"Conseil f\u00e9d\u00e9ral\",\"Emmanuel Macron\",\"Etat\",\"Gen\u00e8ve\",\"Ignazio Cassis\",\"Pierre Maudet\",\"PLR\"],\"articleSection\":[\"Suisse\"],\"inLanguage\":\"de\",\"potentialAction\":[{\"@type\":\"CommentAction\",\"name\":\"Comment\",\"target\":[\"https:\\\/\\\/leregardlibre.com\\\/politique\\\/suisse\\\/pierre-maudet-larrogant-du-bout-du-lac\\\/#respond\"]}]},{\"@type\":\"WebPage\",\"@id\":\"https:\\\/\\\/leregardlibre.com\\\/politique\\\/suisse\\\/pierre-maudet-larrogant-du-bout-du-lac\\\/\",\"url\":\"https:\\\/\\\/leregardlibre.com\\\/politique\\\/suisse\\\/pierre-maudet-larrogant-du-bout-du-lac\\\/\",\"name\":\"Pierre Maudet, l'arrogant du bout du lac\",\"isPartOf\":{\"@id\":\"https:\\\/\\\/leregardlibre.com\\\/#website\"},\"primaryImageOfPage\":{\"@id\":\"https:\\\/\\\/leregardlibre.com\\\/politique\\\/suisse\\\/pierre-maudet-larrogant-du-bout-du-lac\\\/#primaryimage\"},\"image\":{\"@id\":\"https:\\\/\\\/leregardlibre.com\\\/politique\\\/suisse\\\/pierre-maudet-larrogant-du-bout-du-lac\\\/#primaryimage\"},\"thumbnailUrl\":\"https:\\\/\\\/leregardlibre.com\\\/wp-content\\\/uploads\\\/2020\\\/04\\\/Pierre-Maudet-in-2019-1157121641-1587809384529.jpg\",\"datePublished\":\"2017-08-07T03:02:44+00:00\",\"dateModified\":\"2025-12-13T21:45:32+00:00\",\"description\":\"Pierre Maudet est donc officiellement candidat. Etonnant: il est pourtant connu pour son intelligence et sa clairvoyance. Commentaire.\",\"breadcrumb\":{\"@id\":\"https:\\\/\\\/leregardlibre.com\\\/politique\\\/suisse\\\/pierre-maudet-larrogant-du-bout-du-lac\\\/#breadcrumb\"},\"inLanguage\":\"de\",\"potentialAction\":[{\"@type\":\"ReadAction\",\"target\":[\"https:\\\/\\\/leregardlibre.com\\\/politique\\\/suisse\\\/pierre-maudet-larrogant-du-bout-du-lac\\\/\"]}]},{\"@type\":\"ImageObject\",\"inLanguage\":\"de\",\"@id\":\"https:\\\/\\\/leregardlibre.com\\\/politique\\\/suisse\\\/pierre-maudet-larrogant-du-bout-du-lac\\\/#primaryimage\",\"url\":\"https:\\\/\\\/leregardlibre.com\\\/wp-content\\\/uploads\\\/2020\\\/04\\\/Pierre-Maudet-in-2019-1157121641-1587809384529.jpg\",\"contentUrl\":\"https:\\\/\\\/leregardlibre.com\\\/wp-content\\\/uploads\\\/2020\\\/04\\\/Pierre-Maudet-in-2019-1157121641-1587809384529.jpg\",\"width\":1600,\"height\":900},{\"@type\":\"BreadcrumbList\",\"@id\":\"https:\\\/\\\/leregardlibre.com\\\/politique\\\/suisse\\\/pierre-maudet-larrogant-du-bout-du-lac\\\/#breadcrumb\",\"itemListElement\":[{\"@type\":\"ListItem\",\"position\":1,\"name\":\"Accueil\",\"item\":\"https:\\\/\\\/leregardlibre.com\\\/\"},{\"@type\":\"ListItem\",\"position\":2,\"name\":\"Pierre Maudet, l&#8217;arrogant du bout du lac\"}]},{\"@type\":\"WebSite\",\"@id\":\"https:\\\/\\\/leregardlibre.com\\\/#website\",\"url\":\"https:\\\/\\\/leregardlibre.com\\\/\",\"name\":\"Le Regard Libre\",\"description\":\"Premier mensuel suisse de d\u00e9bat\",\"publisher\":{\"@id\":\"https:\\\/\\\/leregardlibre.com\\\/#organization\"},\"potentialAction\":[{\"@type\":\"SearchAction\",\"target\":{\"@type\":\"EntryPoint\",\"urlTemplate\":\"https:\\\/\\\/leregardlibre.com\\\/?s={search_term_string}\"},\"query-input\":{\"@type\":\"PropertyValueSpecification\",\"valueRequired\":true,\"valueName\":\"search_term_string\"}}],\"inLanguage\":\"de\"},{\"@type\":\"Organization\",\"@id\":\"https:\\\/\\\/leregardlibre.com\\\/#organization\",\"name\":\"Le Regard Libre\",\"url\":\"https:\\\/\\\/leregardlibre.com\\\/\",\"logo\":{\"@type\":\"ImageObject\",\"inLanguage\":\"de\",\"@id\":\"https:\\\/\\\/leregardlibre.com\\\/#\\\/schema\\\/logo\\\/image\\\/\",\"url\":\"https:\\\/\\\/leregardlibre.com\\\/wp-content\\\/uploads\\\/2025\\\/08\\\/logo-rl-icone-neg.jpeg\",\"contentUrl\":\"https:\\\/\\\/leregardlibre.com\\\/wp-content\\\/uploads\\\/2025\\\/08\\\/logo-rl-icone-neg.jpeg\",\"width\":557,\"height\":556,\"caption\":\"Le Regard Libre\"},\"image\":{\"@id\":\"https:\\\/\\\/leregardlibre.com\\\/#\\\/schema\\\/logo\\\/image\\\/\"},\"sameAs\":[\"https:\\\/\\\/www.facebook.com\\\/leregardlibre\\\/\",\"https:\\\/\\\/x.com\\\/LeRegardLibre\",\"https:\\\/\\\/www.linkedin.com\\\/company\\\/le-regard-libre\",\"https:\\\/\\\/www.instagram.com\\\/leregardlibre\\\/\",\"http:\\\/\\\/t.me\\\/leregardlibre\",\"https:\\\/\\\/youtube.com\\\/channel\\\/UC6HzGPomj1LsUmlz-sJtITQ\"],\"description\":\"Le Regard Libre est un mensuel suisse de d\u00e9bat intellectuel et culturel. Sa r\u00e9daction est jeune, b\u00e9n\u00e9vole, lib\u00e9rale et pluraliste. Le magazine para\u00eet en ligne et sous forme papier. Sa langue est le fran\u00e7ais.\",\"email\":\"redaction@leregardlibre.com\",\"legalName\":\"Le Regard Libre\",\"foundingDate\":\"2014-01-01\",\"numberOfEmployees\":{\"@type\":\"QuantitativeValue\",\"minValue\":\"11\",\"maxValue\":\"50\"},\"publishingPrinciples\":\"https:\\\/\\\/leregardlibre.com\\\/a-propos\\\/notre-manifeste\\\/\",\"ownershipFundingInfo\":\"https:\\\/\\\/leregardlibre.com\\\/mentions-legales\\\/\",\"actionableFeedbackPolicy\":\"https:\\\/\\\/leregardlibre.com\\\/conditions-generales-de-vente\\\/\"},{\"@type\":\"Person\",\"@id\":\"https:\\\/\\\/leregardlibre.com\\\/#\\\/schema\\\/person\\\/3446d3a78b45211305188d4401e7719a\",\"name\":\"Nicolas Jutzet\",\"image\":{\"@type\":\"ImageObject\",\"inLanguage\":\"de\",\"@id\":\"https:\\\/\\\/secure.gravatar.com\\\/avatar\\\/0051d940078d390e50a5e700a6c653e3776f3a164b8878a91d3c09ee3a174239?s=96&d=identicon&r=g\",\"url\":\"https:\\\/\\\/secure.gravatar.com\\\/avatar\\\/0051d940078d390e50a5e700a6c653e3776f3a164b8878a91d3c09ee3a174239?s=96&d=identicon&r=g\",\"contentUrl\":\"https:\\\/\\\/secure.gravatar.com\\\/avatar\\\/0051d940078d390e50a5e700a6c653e3776f3a164b8878a91d3c09ee3a174239?s=96&d=identicon&r=g\",\"caption\":\"Nicolas Jutzet\"},\"description\":\"Co-fondateur du m\u00e9dia Liber-th\u00e9, Nicolas Jutzet est vice-directeur de l\u2019Institut lib\u00e9ral, en Suisse.\",\"sameAs\":[\"https:\\\/\\\/nicolasjutzet.ch\\\/a-propos\\\/\",\"https:\\\/\\\/fr.wikipedia.org\\\/wiki\\\/Le_Regard_libre\"],\"url\":\"https:\\\/\\\/leregardlibre.com\\\/de\\\/author\\\/nicolas-jutzet\\\/\"}]}<\/script>\n<!-- \/ Yoast SEO Premium plugin. -->","yoast_head_json":{"title":"Pierre Maudet, der arrogante Mann am Ende des Sees","description":"Pierre Maudet ist also offiziell Kandidat. Erstaunlich: Er ist doch f\u00fcr seine Intelligenz und Weitsicht bekannt. Kommentar.","robots":{"index":"index","follow":"follow","max-snippet":"max-snippet:-1","max-image-preview":"max-image-preview:large","max-video-preview":"max-video-preview:-1"},"canonical":"https:\/\/leregardlibre.com\/de\/politik\/schweiz\/pierre-maudet-larrogant-du-bout-du-lac\/","og_locale":"de_DE","og_type":"article","og_title":"Pierre Maudet, l'arrogant du bout du lac","og_description":"Pierre Maudet est donc officiellement candidat. Etonnant: il est pourtant connu pour son intelligence et sa clairvoyance. Commentaire.","og_url":"https:\/\/leregardlibre.com\/de\/politik\/schweiz\/pierre-maudet-larrogant-du-bout-du-lac\/","og_site_name":"Le Regard Libre","article_publisher":"https:\/\/www.facebook.com\/leregardlibre\/","article_published_time":"2017-08-07T03:02:44+00:00","article_modified_time":"2025-12-13T21:45:32+00:00","og_image":[{"width":1600,"height":900,"url":"https:\/\/leregardlibre.com\/wp-content\/uploads\/2020\/04\/Pierre-Maudet-in-2019-1157121641-1587809384529.jpg","type":"image\/jpeg"}],"author":"Nicolas Jutzet","twitter_card":"summary_large_image","twitter_creator":"@LeRegardLibre","twitter_site":"@LeRegardLibre","twitter_misc":{"Verfasst von":"Nicolas Jutzet","Gesch\u00e4tzte Lesezeit":"4\u00a0Minuten"},"schema":{"@context":"https:\/\/schema.org","@graph":[{"@type":"Article","@id":"https:\/\/leregardlibre.com\/politique\/suisse\/pierre-maudet-larrogant-du-bout-du-lac\/#article","isPartOf":{"@id":"https:\/\/leregardlibre.com\/politique\/suisse\/pierre-maudet-larrogant-du-bout-du-lac\/"},"author":{"name":"Nicolas Jutzet","@id":"https:\/\/leregardlibre.com\/#\/schema\/person\/3446d3a78b45211305188d4401e7719a"},"headline":"Pierre Maudet, l&#8217;arrogant du bout du lac","datePublished":"2017-08-07T03:02:44+00:00","dateModified":"2025-12-13T21:45:32+00:00","mainEntityOfPage":{"@id":"https:\/\/leregardlibre.com\/politique\/suisse\/pierre-maudet-larrogant-du-bout-du-lac\/"},"wordCount":732,"commentCount":1,"publisher":{"@id":"https:\/\/leregardlibre.com\/#organization"},"image":{"@id":"https:\/\/leregardlibre.com\/politique\/suisse\/pierre-maudet-larrogant-du-bout-du-lac\/#primaryimage"},"thumbnailUrl":"https:\/\/leregardlibre.com\/wp-content\/uploads\/2020\/04\/Pierre-Maudet-in-2019-1157121641-1587809384529.jpg","keywords":["Conseil f\u00e9d\u00e9ral","Emmanuel Macron","Etat","Gen\u00e8ve","Ignazio Cassis","Pierre Maudet","PLR"],"articleSection":["Suisse"],"inLanguage":"de","potentialAction":[{"@type":"CommentAction","name":"Comment","target":["https:\/\/leregardlibre.com\/politique\/suisse\/pierre-maudet-larrogant-du-bout-du-lac\/#respond"]}]},{"@type":"WebPage","@id":"https:\/\/leregardlibre.com\/politique\/suisse\/pierre-maudet-larrogant-du-bout-du-lac\/","url":"https:\/\/leregardlibre.com\/politique\/suisse\/pierre-maudet-larrogant-du-bout-du-lac\/","name":"Pierre Maudet, der arrogante Mann am Ende des Sees","isPartOf":{"@id":"https:\/\/leregardlibre.com\/#website"},"primaryImageOfPage":{"@id":"https:\/\/leregardlibre.com\/politique\/suisse\/pierre-maudet-larrogant-du-bout-du-lac\/#primaryimage"},"image":{"@id":"https:\/\/leregardlibre.com\/politique\/suisse\/pierre-maudet-larrogant-du-bout-du-lac\/#primaryimage"},"thumbnailUrl":"https:\/\/leregardlibre.com\/wp-content\/uploads\/2020\/04\/Pierre-Maudet-in-2019-1157121641-1587809384529.jpg","datePublished":"2017-08-07T03:02:44+00:00","dateModified":"2025-12-13T21:45:32+00:00","description":"Pierre Maudet ist also offiziell Kandidat. Erstaunlich: Er ist doch f\u00fcr seine Intelligenz und Weitsicht bekannt. Kommentar.","breadcrumb":{"@id":"https:\/\/leregardlibre.com\/politique\/suisse\/pierre-maudet-larrogant-du-bout-du-lac\/#breadcrumb"},"inLanguage":"de","potentialAction":[{"@type":"ReadAction","target":["https:\/\/leregardlibre.com\/politique\/suisse\/pierre-maudet-larrogant-du-bout-du-lac\/"]}]},{"@type":"ImageObject","inLanguage":"de","@id":"https:\/\/leregardlibre.com\/politique\/suisse\/pierre-maudet-larrogant-du-bout-du-lac\/#primaryimage","url":"https:\/\/leregardlibre.com\/wp-content\/uploads\/2020\/04\/Pierre-Maudet-in-2019-1157121641-1587809384529.jpg","contentUrl":"https:\/\/leregardlibre.com\/wp-content\/uploads\/2020\/04\/Pierre-Maudet-in-2019-1157121641-1587809384529.jpg","width":1600,"height":900},{"@type":"BreadcrumbList","@id":"https:\/\/leregardlibre.com\/politique\/suisse\/pierre-maudet-larrogant-du-bout-du-lac\/#breadcrumb","itemListElement":[{"@type":"ListItem","position":1,"name":"Accueil","item":"https:\/\/leregardlibre.com\/"},{"@type":"ListItem","position":2,"name":"Pierre Maudet, l&#8217;arrogant du bout du lac"}]},{"@type":"WebSite","@id":"https:\/\/leregardlibre.com\/#website","url":"https:\/\/leregardlibre.com\/","name":"Le Regard Libre","description":"Erste Schweizer Monatszeitschrift f\u00fcr Debatten","publisher":{"@id":"https:\/\/leregardlibre.com\/#organization"},"potentialAction":[{"@type":"SearchAction","target":{"@type":"EntryPoint","urlTemplate":"https:\/\/leregardlibre.com\/?s={search_term_string}"},"query-input":{"@type":"PropertyValueSpecification","valueRequired":true,"valueName":"search_term_string"}}],"inLanguage":"de"},{"@type":"Organization","@id":"https:\/\/leregardlibre.com\/#organization","name":"Le Regard Libre","url":"https:\/\/leregardlibre.com\/","logo":{"@type":"ImageObject","inLanguage":"de","@id":"https:\/\/leregardlibre.com\/#\/schema\/logo\/image\/","url":"https:\/\/leregardlibre.com\/wp-content\/uploads\/2025\/08\/logo-rl-icone-neg.jpeg","contentUrl":"https:\/\/leregardlibre.com\/wp-content\/uploads\/2025\/08\/logo-rl-icone-neg.jpeg","width":557,"height":556,"caption":"Le Regard Libre"},"image":{"@id":"https:\/\/leregardlibre.com\/#\/schema\/logo\/image\/"},"sameAs":["https:\/\/www.facebook.com\/leregardlibre\/","https:\/\/x.com\/LeRegardLibre","https:\/\/www.linkedin.com\/company\/le-regard-libre","https:\/\/www.instagram.com\/leregardlibre\/","http:\/\/t.me\/leregardlibre","https:\/\/youtube.com\/channel\/UC6HzGPomj1LsUmlz-sJtITQ"],"description":"Le Regard Libre ist eine Schweizer Monatszeitschrift f\u00fcr intellektuelle und kulturelle Debatten. Seine Redaktion ist jung, ehrenamtlich, liberal und pluralistisch. Das Magazin erscheint online und in gedruckter Form. Seine Sprache ist Franz\u00f6sisch.","email":"redaction@leregardlibre.com","legalName":"Le Regard Libre","foundingDate":"2014-01-01","numberOfEmployees":{"@type":"QuantitativeValue","minValue":"11","maxValue":"50"},"publishingPrinciples":"https:\/\/leregardlibre.com\/a-propos\/notre-manifeste\/","ownershipFundingInfo":"https:\/\/leregardlibre.com\/mentions-legales\/","actionableFeedbackPolicy":"https:\/\/leregardlibre.com\/conditions-generales-de-vente\/"},{"@type":"Person","@id":"https:\/\/leregardlibre.com\/#\/schema\/person\/3446d3a78b45211305188d4401e7719a","name":"Nicolas Jutzet","image":{"@type":"ImageObject","inLanguage":"de","@id":"https:\/\/secure.gravatar.com\/avatar\/0051d940078d390e50a5e700a6c653e3776f3a164b8878a91d3c09ee3a174239?s=96&d=identicon&r=g","url":"https:\/\/secure.gravatar.com\/avatar\/0051d940078d390e50a5e700a6c653e3776f3a164b8878a91d3c09ee3a174239?s=96&d=identicon&r=g","contentUrl":"https:\/\/secure.gravatar.com\/avatar\/0051d940078d390e50a5e700a6c653e3776f3a164b8878a91d3c09ee3a174239?s=96&d=identicon&r=g","caption":"Nicolas Jutzet"},"description":"Nicolas Jutzet ist Mitbegr\u00fcnder des Mediums Liber-th\u00e9 und Vize-Direktor des Liberalen Instituts in der Schweiz.","sameAs":["https:\/\/nicolasjutzet.ch\/a-propos\/","https:\/\/fr.wikipedia.org\/wiki\/Le_Regard_libre"],"url":"https:\/\/leregardlibre.com\/de\/author\/nicolas-jutzet\/"}]}},"_links":{"self":[{"href":"https:\/\/leregardlibre.com\/de\/wp-json\/wp\/v2\/posts\/10576","targetHints":{"allow":["GET"]}}],"collection":[{"href":"https:\/\/leregardlibre.com\/de\/wp-json\/wp\/v2\/posts"}],"about":[{"href":"https:\/\/leregardlibre.com\/de\/wp-json\/wp\/v2\/types\/post"}],"author":[{"embeddable":true,"href":"https:\/\/leregardlibre.com\/de\/wp-json\/wp\/v2\/users\/314"}],"replies":[{"embeddable":true,"href":"https:\/\/leregardlibre.com\/de\/wp-json\/wp\/v2\/comments?post=10576"}],"version-history":[{"count":2,"href":"https:\/\/leregardlibre.com\/de\/wp-json\/wp\/v2\/posts\/10576\/revisions"}],"predecessor-version":[{"id":515109,"href":"https:\/\/leregardlibre.com\/de\/wp-json\/wp\/v2\/posts\/10576\/revisions\/515109"}],"wp:featuredmedia":[{"embeddable":true,"href":"https:\/\/leregardlibre.com\/de\/wp-json\/wp\/v2\/media\/33543"}],"wp:attachment":[{"href":"https:\/\/leregardlibre.com\/de\/wp-json\/wp\/v2\/media?parent=10576"}],"wp:term":[{"taxonomy":"category","embeddable":true,"href":"https:\/\/leregardlibre.com\/de\/wp-json\/wp\/v2\/categories?post=10576"},{"taxonomy":"post_tag","embeddable":true,"href":"https:\/\/leregardlibre.com\/de\/wp-json\/wp\/v2\/tags?post=10576"}],"curies":[{"name":"wp","href":"https:\/\/api.w.org\/{rel}","templated":true}]}}