{"id":11353,"date":"2017-09-11T11:16:12","date_gmt":"2017-09-11T10:16:12","guid":{"rendered":"http:\/\/leregardlibre.com\/?p=11353"},"modified":"2025-11-04T12:21:09","modified_gmt":"2025-11-04T11:21:09","slug":"pierre-berge-der-mann-der-die-epoche-verkorperte","status":"publish","type":"post","link":"https:\/\/leregardlibre.com\/de\/gesellschaft\/pierre-berge-der-mann-der-die-epoche-verkorperte\/","title":{"rendered":"Pierre Berg\u00e9: Der Mann, der die Epoche verk\u00f6rperte"},"content":{"rendered":"<p><em>Blick auf das aktuelle Geschehen - <a href=\"https:\/\/leregardlibre.com\/de\/tag\/loris-musumeci\/\">Loris S. Musumeci<\/a><\/em><\/p>\n\n\n\n<p class=\"has-drop-cap\">Ein St\u00fcck Frankreich verschwindet. Und die Huldigungen fliegen f\u00fcr diesen kompletten Mann, der seine Zeit mit ebenso vielen wie unterschiedlichen Kr\u00e4ften gestaltete. Pierre Berg\u00e9 war der Vordenker der Eliten, der Verfechter eines gesellschaftlichen Progressivismus und eines z\u00fcgellosen Kapitalismus, aber auch ein Pressechef, Kunstsammler und Feingelehrter. Ein Ass in diesem flamboyanten, linken und luxuri\u00f6sen Paris, dessen Karte es nicht mehr gibt.<\/p>\n\n\n\n<h3 class=\"wp-block-heading\"><strong>Jugend in der Revolution<\/strong><\/h3>\n\n\n\n<p>Einziger Sohn anarchistischer Eltern, geboren 1930. Als junger Mann ist er stur und setzt sich bald durch. Ohne die Schule abzuschlie\u00dfen, verl\u00e4sst er sein Elternhaus in Ol\u00e9ron und geht nach Paris. Er tr\u00e4umt davon, Journalist zu werden, oder zumindest zu schreiben, und Teil der <em>hoch<\/em>. Er, der homosexuell ist, ohne es zu verbergen, und der die K\u00fcnste und die Literatur leidenschaftlich liebt.<\/p>\n\n\n\n<!--more-->\n\n\n\n<p>Er ist gerade einmal achtzehn Jahre alt, aber dem Mai 68 bereits zwanzig Jahre voraus. Eine Revolution, die Pierre Berg\u00e9 bereits nach dem Zweiten Weltkrieg erlebt. In der Hauptstadt f\u00fchrt er tats\u00e4chlich das Leben eines Dandys, das auch heute noch freiheitsliebende junge Menschen zum Tr\u00e4umen bringen w\u00fcrde. Als Buchhandelsmakler verschmelzen sein Leben und sein K\u00f6rper mit dem des talentierten Malers Bernard Buffet.<\/p>\n\n\n\n<h3 class=\"wp-block-heading\"><strong>Yves Saint Laurent<\/strong><\/h3>\n\n\n\n<p>Von dem k\u00fcnstlerischen Paar ist es die Begegnung mit dem Erben des verstorbenen Christian Dior, der dem euphorischen Paris sein emblematisches Paar schenkt. 1958, Pierre Berg\u00e9 und Yves Saint Laurent, zwei M\u00e4nner, die sich ein Leben lang erg\u00e4nzen. W\u00e4hrend Berg\u00e9 das Gesch\u00e4ft mit Bravour meistert, ist Berg\u00e9 introvertierter und sch\u00fcchterner. \u00abWir werden unser Haus gemeinsam gr\u00fcnden. Ich werde die Kollektionen entwerfen, und du wirst es leiten!\u00bb<\/p>\n\n\n\n<p>Es sind nicht nur die Farben und Stoffe, die sie ver\u00e4ndern wollen, sondern auch die Sitten und die Gesellschaft. Yves l\u00f6st sich von dem klassischen Stil, der von Dior getragen wurde, um die Kleidung einer neuen Freiheit zu entz\u00fcnden. Die Mode wird so zur Waffe der Frauen f\u00fcr ihr Projekt der Emanzipation.<\/p>\n\n\n\n<p>Und die Berechnungen des Gesch\u00e4ftsmannes Berg\u00e9 gehen noch weiter. Als die Haute Couture zu leiden begann, erkannte dieser die Notwendigkeit von Pr\u00eat-\u00e0-porter. In einem vornehmen Viertel von Paris l\u00e4sst er die erste Boutique des gro\u00dfen Hauses er\u00f6ffnen. Eine gute Idee, um einer breiten Palette von Damen den Geschmack an Luxus zu vermitteln. Auf diese Weise wird er zu einem der wichtigsten Ausl\u00f6ser des industriellen Modeimperiums.<\/p>\n\n\n\n<h3 class=\"wp-block-heading\"><strong>Kaviar-Linke<\/strong><\/h3>\n\n\n\n<p>Andererseits gehen die wirtschaftlichen Man\u00f6ver nicht ohne einige Freundschaften auf politischer Seite ab. Pierre Berg\u00e9 bewundert und unterst\u00fctzt Fran\u00e7ois Mitterrand. Es ist eine kleine Welt der Absprachen und des Prestiges, die sich etabliert. Mitterrand \u00fcberh\u00e4uft die Couture von Yves Saint Laurent mit Ruhm, um seinen Freunden eine gute Bef\u00f6rderung zu bieten. Im Gegenzug dopt Berg\u00e9 seine Pr\u00e4sidentschaftskampagne f\u00fcr eine zweite Septennat. Hinzu kommt die gemeinsame Liebe zur Literatur zwischen ihm und dem Pr\u00e4sidenten. Alle Elemente sind also versammelt, um das Nonplusultra der ber\u00fchmten <em>Kaviarlinke<\/em>.<\/p>\n\n\n\n<p>Diese Weltl\u00e4ufigkeit funktioniert mit ihren Orgien und Partys. Die Abende verbringt das Paar im \"Sept\", einem hei\u00dfen, exklusiven Club. Der Alkohol flie\u00dft in Str\u00f6men. An Drogen mangelt es nicht. Pierre ist st\u00e4rker und wei\u00df sich zu sch\u00fctzen. Yves, der schwach ist, erliegt ihnen. Er verliert sich in den Freuden des Fleisches und der Sinne. Sein Begleiter h\u00e4lt jedoch den Kurs. F\u00fcr das Unternehmen, den Ruf, das Geld und wahrscheinlich auch ein wenig f\u00fcr die Liebe.<\/p>\n\n\n\n<p>Wie bei modernen Paaren wird die Abh\u00e4ngigkeit so gro\u00df, dass Yves Saint Laurent sagte: \u00abOhne dich w\u00e4re ich vielleicht nicht der, der ich bin. Ohne mich - ich hoffe es nicht, aber ich glaube es - w\u00e4rst du nicht der, der du bist. Dieser gro\u00dfe Doppeladler, der die Meere durchpfl\u00fcgt, Grenzen \u00fcberschreitet und die Welt mit seiner unvergleichlichen Gr\u00f6\u00dfe erobert, das sind wir.\u00bb<\/p>\n\n\n\n<h3 class=\"wp-block-heading\"><strong>Militanz<\/strong><\/h3>\n\n\n\n<p>Schlie\u00dflich darf auch der Aktivismus des verm\u00f6genden Mannes nicht vergessen werden. Im Jahr 2009 verkaufte er einen gro\u00dfen Teil seiner Kunstsammlung f\u00fcr n\u00fctzliche Gelder im Kampf gegen AIDS. Sp\u00e4ter setzte er sich f\u00fcr die Einf\u00fchrung der Homo-Ehe unter Hollande sowie f\u00fcr ABM und PMA ein. Diese gesellschaftlichen Umw\u00e4lzungen f\u00fchrte Pierre Berg\u00e9 nicht ohne Gewalt und Grausamkeit herbei. Zumindest blieb er seinem Projekt treu und konsequent, was von allen anerkannt wird.<\/p>\n\n\n\n<p>Dieses Engagement wird seit 2010, als der Modemagnat die Zeitungsgruppe aufkaufte, auch durch ein Mikrofon unterst\u00fctzt. <em>Die Welt<\/em>. So stattete er seine Visionen von Ver\u00e4nderungen mit einer der gr\u00f6\u00dften Zeitungen des Hexagons aus. Strategischer Schachzug, zweifellos.<\/p>\n\n\n\n<p>Pierre Berg\u00e9 verk\u00f6rperte die damalige Zeit. Sein Denken, seine W\u00fcnsche und seine Philosophie bleiben als tiefe Spuren in der heutigen Gesellschaft erhalten. Mit einem Hauch von Z\u00e4rtlichkeit, vielen Exzessen, einem gewissen Ehrgeiz und uners\u00e4ttlichen Launen.<\/p>\n\n\n\n<p><em>Schreiben Sie dem Autor: <a href=\"mailto:loris.musumeci@leregardlibre.com\">loris.musumeci@leregardlibre.com<\/a><\/em><\/p>\n\n\n\n<p>Bildnachweis: \u00a9 vogue.it<\/p>","protected":false},"excerpt":{"rendered":"<p>Regard sur l\u2019actualit\u00e9 \u2013 Loris S. Musumeci Un morceau de France dispara\u00eet. Et les hommages volent pour cet homme complet,&#8230;<\/p>","protected":false},"author":18,"featured_media":11364,"comment_status":"open","ping_status":"open","sticky":false,"template":"","format":"standard","meta":{"_acf_changed":false,"footnotes":""},"categories":[8796],"tags":[226570,7508449,615812,225334,446782,494281,946752,326459,174838,455581,45553,2445708,156294,42231,8610,4111018,451635,1833019,2286,20531],"class_list":["post-11353","post","type-post","status-publish","format-standard","has-post-thumbnail","hentry","category-societe","tag-alcool","tag-bernard-buffet","tag-capitalisme","tag-christian-dior","tag-drogue","tag-elites","tag-francois-mitterrand","tag-gpa","tag-haute-couture","tag-homosexualite","tag-liberte","tag-mai-68","tag-mariage-gay","tag-mode","tag-paris","tag-pierre-berge","tag-pma","tag-progressisme","tag-style","tag-yves-saint-laurent"],"acf":[],"yoast_head":"<!-- This site is optimized with the Yoast SEO Premium plugin v27.4 (Yoast SEO v27.4) - https:\/\/yoast.com\/product\/yoast-seo-premium-wordpress\/ -->\n<title>Pierre Berg\u00e9: l\u2019homme qui incarnait l\u2019\u00e9poque<\/title>\n<meta name=\"robots\" content=\"index, follow, max-snippet:-1, max-image-preview:large, max-video-preview:-1\" \/>\n<link rel=\"canonical\" href=\"https:\/\/leregardlibre.com\/de\/gesellschaft\/pierre-berge-der-mann-der-die-epoche-verkorperte\/\" \/>\n<meta property=\"og:locale\" content=\"de_DE\" \/>\n<meta property=\"og:type\" content=\"article\" \/>\n<meta property=\"og:title\" content=\"Pierre Berg\u00e9: l\u2019homme qui incarnait l\u2019\u00e9poque\" \/>\n<meta property=\"og:description\" content=\"Regard sur l\u2019actualit\u00e9 \u2013 Loris S. Musumeci Un morceau de France dispara\u00eet. Et les hommages volent pour cet homme complet,...\" \/>\n<meta property=\"og:url\" content=\"https:\/\/leregardlibre.com\/de\/gesellschaft\/pierre-berge-der-mann-der-die-epoche-verkorperte\/\" \/>\n<meta property=\"og:site_name\" content=\"Le Regard Libre\" \/>\n<meta property=\"article:publisher\" content=\"https:\/\/www.facebook.com\/leregardlibre\/\" \/>\n<meta property=\"article:published_time\" content=\"2017-09-11T10:16:12+00:00\" \/>\n<meta property=\"article:modified_time\" content=\"2025-11-04T11:21:09+00:00\" \/>\n<meta property=\"og:image\" content=\"https:\/\/leregardlibre.com\/wp-content\/uploads\/2017\/09\/8b4e891b-ce77-43e1-9f0e-9fb7b509c864.jpg\" \/>\n\t<meta property=\"og:image:width\" content=\"1120\" \/>\n\t<meta property=\"og:image:height\" content=\"745\" \/>\n\t<meta property=\"og:image:type\" content=\"image\/jpeg\" \/>\n<meta name=\"author\" content=\"Loris S. Musumeci\" \/>\n<meta name=\"twitter:card\" content=\"summary_large_image\" \/>\n<meta name=\"twitter:creator\" content=\"@LeRegardLibre\" \/>\n<meta name=\"twitter:site\" content=\"@LeRegardLibre\" \/>\n<meta name=\"twitter:label1\" content=\"Verfasst von\" \/>\n\t<meta name=\"twitter:data1\" content=\"Loris S. Musumeci\" \/>\n\t<meta name=\"twitter:label2\" content=\"Gesch\u00e4tzte Lesezeit\" \/>\n\t<meta name=\"twitter:data2\" content=\"4\u00a0Minuten\" \/>\n<script type=\"application\/ld+json\" class=\"yoast-schema-graph\">{\"@context\":\"https:\\\/\\\/schema.org\",\"@graph\":[{\"@type\":\"Article\",\"@id\":\"https:\\\/\\\/leregardlibre.com\\\/societe\\\/pierre-berge-lhomme-qui-incarnait-lepoque\\\/#article\",\"isPartOf\":{\"@id\":\"https:\\\/\\\/leregardlibre.com\\\/societe\\\/pierre-berge-lhomme-qui-incarnait-lepoque\\\/\"},\"author\":{\"name\":\"Loris S. Musumeci\",\"@id\":\"https:\\\/\\\/leregardlibre.com\\\/#\\\/schema\\\/person\\\/04d80ec47094bca6b1fa22dffad24005\"},\"headline\":\"Pierre Berg\u00e9: l\u2019homme qui incarnait l\u2019\u00e9poque\",\"datePublished\":\"2017-09-11T10:16:12+00:00\",\"dateModified\":\"2025-11-04T11:21:09+00:00\",\"mainEntityOfPage\":{\"@id\":\"https:\\\/\\\/leregardlibre.com\\\/societe\\\/pierre-berge-lhomme-qui-incarnait-lepoque\\\/\"},\"wordCount\":901,\"commentCount\":0,\"publisher\":{\"@id\":\"https:\\\/\\\/leregardlibre.com\\\/#organization\"},\"image\":{\"@id\":\"https:\\\/\\\/leregardlibre.com\\\/societe\\\/pierre-berge-lhomme-qui-incarnait-lepoque\\\/#primaryimage\"},\"thumbnailUrl\":\"https:\\\/\\\/leregardlibre.com\\\/wp-content\\\/uploads\\\/2017\\\/09\\\/8b4e891b-ce77-43e1-9f0e-9fb7b509c864.jpg\",\"keywords\":[\"Alcool\",\"bernard buffet\",\"Capitalisme\",\"christian dior\",\"Drogue\",\"Elites\",\"Fran\u00e7ois Mitterrand\",\"GPA\",\"haute couture\",\"Homosexualit\u00e9\",\"Libert\u00e9\",\"Mai 68\",\"mariage gay\",\"Mode\",\"Paris\",\"pierre berg\u00e9\",\"PMA\",\"Progressisme\",\"Style\",\"yves saint laurent\"],\"articleSection\":[\"Soci\u00e9t\u00e9\"],\"inLanguage\":\"de\",\"potentialAction\":[{\"@type\":\"CommentAction\",\"name\":\"Comment\",\"target\":[\"https:\\\/\\\/leregardlibre.com\\\/societe\\\/pierre-berge-lhomme-qui-incarnait-lepoque\\\/#respond\"]}]},{\"@type\":\"WebPage\",\"@id\":\"https:\\\/\\\/leregardlibre.com\\\/societe\\\/pierre-berge-lhomme-qui-incarnait-lepoque\\\/\",\"url\":\"https:\\\/\\\/leregardlibre.com\\\/societe\\\/pierre-berge-lhomme-qui-incarnait-lepoque\\\/\",\"name\":\"Pierre Berg\u00e9: l\u2019homme qui incarnait l\u2019\u00e9poque\",\"isPartOf\":{\"@id\":\"https:\\\/\\\/leregardlibre.com\\\/#website\"},\"primaryImageOfPage\":{\"@id\":\"https:\\\/\\\/leregardlibre.com\\\/societe\\\/pierre-berge-lhomme-qui-incarnait-lepoque\\\/#primaryimage\"},\"image\":{\"@id\":\"https:\\\/\\\/leregardlibre.com\\\/societe\\\/pierre-berge-lhomme-qui-incarnait-lepoque\\\/#primaryimage\"},\"thumbnailUrl\":\"https:\\\/\\\/leregardlibre.com\\\/wp-content\\\/uploads\\\/2017\\\/09\\\/8b4e891b-ce77-43e1-9f0e-9fb7b509c864.jpg\",\"datePublished\":\"2017-09-11T10:16:12+00:00\",\"dateModified\":\"2025-11-04T11:21:09+00:00\",\"breadcrumb\":{\"@id\":\"https:\\\/\\\/leregardlibre.com\\\/societe\\\/pierre-berge-lhomme-qui-incarnait-lepoque\\\/#breadcrumb\"},\"inLanguage\":\"de\",\"potentialAction\":[{\"@type\":\"ReadAction\",\"target\":[\"https:\\\/\\\/leregardlibre.com\\\/societe\\\/pierre-berge-lhomme-qui-incarnait-lepoque\\\/\"]}]},{\"@type\":\"ImageObject\",\"inLanguage\":\"de\",\"@id\":\"https:\\\/\\\/leregardlibre.com\\\/societe\\\/pierre-berge-lhomme-qui-incarnait-lepoque\\\/#primaryimage\",\"url\":\"https:\\\/\\\/leregardlibre.com\\\/wp-content\\\/uploads\\\/2017\\\/09\\\/8b4e891b-ce77-43e1-9f0e-9fb7b509c864.jpg\",\"contentUrl\":\"https:\\\/\\\/leregardlibre.com\\\/wp-content\\\/uploads\\\/2017\\\/09\\\/8b4e891b-ce77-43e1-9f0e-9fb7b509c864.jpg\",\"width\":1120,\"height\":745},{\"@type\":\"BreadcrumbList\",\"@id\":\"https:\\\/\\\/leregardlibre.com\\\/societe\\\/pierre-berge-lhomme-qui-incarnait-lepoque\\\/#breadcrumb\",\"itemListElement\":[{\"@type\":\"ListItem\",\"position\":1,\"name\":\"Accueil\",\"item\":\"https:\\\/\\\/leregardlibre.com\\\/\"},{\"@type\":\"ListItem\",\"position\":2,\"name\":\"Pierre Berg\u00e9: l\u2019homme qui incarnait l\u2019\u00e9poque\"}]},{\"@type\":\"WebSite\",\"@id\":\"https:\\\/\\\/leregardlibre.com\\\/#website\",\"url\":\"https:\\\/\\\/leregardlibre.com\\\/\",\"name\":\"Le Regard Libre\",\"description\":\"Premier mensuel suisse de d\u00e9bat\",\"publisher\":{\"@id\":\"https:\\\/\\\/leregardlibre.com\\\/#organization\"},\"potentialAction\":[{\"@type\":\"SearchAction\",\"target\":{\"@type\":\"EntryPoint\",\"urlTemplate\":\"https:\\\/\\\/leregardlibre.com\\\/?s={search_term_string}\"},\"query-input\":{\"@type\":\"PropertyValueSpecification\",\"valueRequired\":true,\"valueName\":\"search_term_string\"}}],\"inLanguage\":\"de\"},{\"@type\":\"Organization\",\"@id\":\"https:\\\/\\\/leregardlibre.com\\\/#organization\",\"name\":\"Le Regard Libre\",\"url\":\"https:\\\/\\\/leregardlibre.com\\\/\",\"logo\":{\"@type\":\"ImageObject\",\"inLanguage\":\"de\",\"@id\":\"https:\\\/\\\/leregardlibre.com\\\/#\\\/schema\\\/logo\\\/image\\\/\",\"url\":\"https:\\\/\\\/leregardlibre.com\\\/wp-content\\\/uploads\\\/2025\\\/08\\\/logo-rl-icone-neg.jpeg\",\"contentUrl\":\"https:\\\/\\\/leregardlibre.com\\\/wp-content\\\/uploads\\\/2025\\\/08\\\/logo-rl-icone-neg.jpeg\",\"width\":557,\"height\":556,\"caption\":\"Le Regard Libre\"},\"image\":{\"@id\":\"https:\\\/\\\/leregardlibre.com\\\/#\\\/schema\\\/logo\\\/image\\\/\"},\"sameAs\":[\"https:\\\/\\\/www.facebook.com\\\/leregardlibre\\\/\",\"https:\\\/\\\/x.com\\\/LeRegardLibre\",\"https:\\\/\\\/www.linkedin.com\\\/company\\\/le-regard-libre\",\"https:\\\/\\\/www.instagram.com\\\/leregardlibre\\\/\",\"http:\\\/\\\/t.me\\\/leregardlibre\",\"https:\\\/\\\/youtube.com\\\/channel\\\/UC6HzGPomj1LsUmlz-sJtITQ\"],\"description\":\"Le Regard Libre est un mensuel suisse de d\u00e9bat intellectuel et culturel. Sa r\u00e9daction est jeune, b\u00e9n\u00e9vole, lib\u00e9rale et pluraliste. Le magazine para\u00eet en ligne et sous forme papier. Sa langue est le fran\u00e7ais.\",\"email\":\"redaction@leregardlibre.com\",\"legalName\":\"Le Regard Libre\",\"foundingDate\":\"2014-01-01\",\"numberOfEmployees\":{\"@type\":\"QuantitativeValue\",\"minValue\":\"11\",\"maxValue\":\"50\"},\"publishingPrinciples\":\"https:\\\/\\\/leregardlibre.com\\\/a-propos\\\/notre-manifeste\\\/\",\"ownershipFundingInfo\":\"https:\\\/\\\/leregardlibre.com\\\/mentions-legales\\\/\",\"actionableFeedbackPolicy\":\"https:\\\/\\\/leregardlibre.com\\\/conditions-generales-de-vente\\\/\"},{\"@type\":\"Person\",\"@id\":\"https:\\\/\\\/leregardlibre.com\\\/#\\\/schema\\\/person\\\/04d80ec47094bca6b1fa22dffad24005\",\"name\":\"Loris S. Musumeci\",\"image\":{\"@type\":\"ImageObject\",\"inLanguage\":\"de\",\"@id\":\"https:\\\/\\\/secure.gravatar.com\\\/avatar\\\/fa476654dadfee0d962e80160d0303549febb2769f8fa26c7a1ebe037f7c7c54?s=96&d=identicon&r=g\",\"url\":\"https:\\\/\\\/secure.gravatar.com\\\/avatar\\\/fa476654dadfee0d962e80160d0303549febb2769f8fa26c7a1ebe037f7c7c54?s=96&d=identicon&r=g\",\"contentUrl\":\"https:\\\/\\\/secure.gravatar.com\\\/avatar\\\/fa476654dadfee0d962e80160d0303549febb2769f8fa26c7a1ebe037f7c7c54?s=96&d=identicon&r=g\",\"caption\":\"Loris S. Musumeci\"},\"sameAs\":[\"https:\\\/\\\/leregardlibre.com\\\/\",\"https:\\\/\\\/fr.wikipedia.org\\\/wiki\\\/Le_Regard_libre\"],\"url\":\"https:\\\/\\\/leregardlibre.com\\\/de\\\/author\\\/loris-musumeci\\\/\"}]}<\/script>\n<!-- \/ Yoast SEO Premium plugin. -->","yoast_head_json":{"title":"Pierre Berg\u00e9: Der Mann, der die Epoche verk\u00f6rperte","robots":{"index":"index","follow":"follow","max-snippet":"max-snippet:-1","max-image-preview":"max-image-preview:large","max-video-preview":"max-video-preview:-1"},"canonical":"https:\/\/leregardlibre.com\/de\/gesellschaft\/pierre-berge-der-mann-der-die-epoche-verkorperte\/","og_locale":"de_DE","og_type":"article","og_title":"Pierre Berg\u00e9: l\u2019homme qui incarnait l\u2019\u00e9poque","og_description":"Regard sur l\u2019actualit\u00e9 \u2013 Loris S. Musumeci Un morceau de France dispara\u00eet. Et les hommages volent pour cet homme complet,...","og_url":"https:\/\/leregardlibre.com\/de\/gesellschaft\/pierre-berge-der-mann-der-die-epoche-verkorperte\/","og_site_name":"Le Regard Libre","article_publisher":"https:\/\/www.facebook.com\/leregardlibre\/","article_published_time":"2017-09-11T10:16:12+00:00","article_modified_time":"2025-11-04T11:21:09+00:00","og_image":[{"width":1120,"height":745,"url":"https:\/\/leregardlibre.com\/wp-content\/uploads\/2017\/09\/8b4e891b-ce77-43e1-9f0e-9fb7b509c864.jpg","type":"image\/jpeg"}],"author":"Loris S. Musumeci","twitter_card":"summary_large_image","twitter_creator":"@LeRegardLibre","twitter_site":"@LeRegardLibre","twitter_misc":{"Verfasst von":"Loris S. Musumeci","Gesch\u00e4tzte Lesezeit":"4\u00a0Minuten"},"schema":{"@context":"https:\/\/schema.org","@graph":[{"@type":"Article","@id":"https:\/\/leregardlibre.com\/societe\/pierre-berge-lhomme-qui-incarnait-lepoque\/#article","isPartOf":{"@id":"https:\/\/leregardlibre.com\/societe\/pierre-berge-lhomme-qui-incarnait-lepoque\/"},"author":{"name":"Loris S. Musumeci","@id":"https:\/\/leregardlibre.com\/#\/schema\/person\/04d80ec47094bca6b1fa22dffad24005"},"headline":"Pierre Berg\u00e9: l\u2019homme qui incarnait l\u2019\u00e9poque","datePublished":"2017-09-11T10:16:12+00:00","dateModified":"2025-11-04T11:21:09+00:00","mainEntityOfPage":{"@id":"https:\/\/leregardlibre.com\/societe\/pierre-berge-lhomme-qui-incarnait-lepoque\/"},"wordCount":901,"commentCount":0,"publisher":{"@id":"https:\/\/leregardlibre.com\/#organization"},"image":{"@id":"https:\/\/leregardlibre.com\/societe\/pierre-berge-lhomme-qui-incarnait-lepoque\/#primaryimage"},"thumbnailUrl":"https:\/\/leregardlibre.com\/wp-content\/uploads\/2017\/09\/8b4e891b-ce77-43e1-9f0e-9fb7b509c864.jpg","keywords":["Alcool","bernard buffet","Capitalisme","christian dior","Drogue","Elites","Fran\u00e7ois Mitterrand","GPA","haute couture","Homosexualit\u00e9","Libert\u00e9","Mai 68","mariage gay","Mode","Paris","pierre berg\u00e9","PMA","Progressisme","Style","yves saint laurent"],"articleSection":["Soci\u00e9t\u00e9"],"inLanguage":"de","potentialAction":[{"@type":"CommentAction","name":"Comment","target":["https:\/\/leregardlibre.com\/societe\/pierre-berge-lhomme-qui-incarnait-lepoque\/#respond"]}]},{"@type":"WebPage","@id":"https:\/\/leregardlibre.com\/societe\/pierre-berge-lhomme-qui-incarnait-lepoque\/","url":"https:\/\/leregardlibre.com\/societe\/pierre-berge-lhomme-qui-incarnait-lepoque\/","name":"Pierre Berg\u00e9: Der Mann, der die Epoche verk\u00f6rperte","isPartOf":{"@id":"https:\/\/leregardlibre.com\/#website"},"primaryImageOfPage":{"@id":"https:\/\/leregardlibre.com\/societe\/pierre-berge-lhomme-qui-incarnait-lepoque\/#primaryimage"},"image":{"@id":"https:\/\/leregardlibre.com\/societe\/pierre-berge-lhomme-qui-incarnait-lepoque\/#primaryimage"},"thumbnailUrl":"https:\/\/leregardlibre.com\/wp-content\/uploads\/2017\/09\/8b4e891b-ce77-43e1-9f0e-9fb7b509c864.jpg","datePublished":"2017-09-11T10:16:12+00:00","dateModified":"2025-11-04T11:21:09+00:00","breadcrumb":{"@id":"https:\/\/leregardlibre.com\/societe\/pierre-berge-lhomme-qui-incarnait-lepoque\/#breadcrumb"},"inLanguage":"de","potentialAction":[{"@type":"ReadAction","target":["https:\/\/leregardlibre.com\/societe\/pierre-berge-lhomme-qui-incarnait-lepoque\/"]}]},{"@type":"ImageObject","inLanguage":"de","@id":"https:\/\/leregardlibre.com\/societe\/pierre-berge-lhomme-qui-incarnait-lepoque\/#primaryimage","url":"https:\/\/leregardlibre.com\/wp-content\/uploads\/2017\/09\/8b4e891b-ce77-43e1-9f0e-9fb7b509c864.jpg","contentUrl":"https:\/\/leregardlibre.com\/wp-content\/uploads\/2017\/09\/8b4e891b-ce77-43e1-9f0e-9fb7b509c864.jpg","width":1120,"height":745},{"@type":"BreadcrumbList","@id":"https:\/\/leregardlibre.com\/societe\/pierre-berge-lhomme-qui-incarnait-lepoque\/#breadcrumb","itemListElement":[{"@type":"ListItem","position":1,"name":"Accueil","item":"https:\/\/leregardlibre.com\/"},{"@type":"ListItem","position":2,"name":"Pierre Berg\u00e9: l\u2019homme qui incarnait l\u2019\u00e9poque"}]},{"@type":"WebSite","@id":"https:\/\/leregardlibre.com\/#website","url":"https:\/\/leregardlibre.com\/","name":"Le Regard Libre","description":"Erste Schweizer Monatszeitschrift f\u00fcr Debatten","publisher":{"@id":"https:\/\/leregardlibre.com\/#organization"},"potentialAction":[{"@type":"SearchAction","target":{"@type":"EntryPoint","urlTemplate":"https:\/\/leregardlibre.com\/?s={search_term_string}"},"query-input":{"@type":"PropertyValueSpecification","valueRequired":true,"valueName":"search_term_string"}}],"inLanguage":"de"},{"@type":"Organization","@id":"https:\/\/leregardlibre.com\/#organization","name":"Le Regard Libre","url":"https:\/\/leregardlibre.com\/","logo":{"@type":"ImageObject","inLanguage":"de","@id":"https:\/\/leregardlibre.com\/#\/schema\/logo\/image\/","url":"https:\/\/leregardlibre.com\/wp-content\/uploads\/2025\/08\/logo-rl-icone-neg.jpeg","contentUrl":"https:\/\/leregardlibre.com\/wp-content\/uploads\/2025\/08\/logo-rl-icone-neg.jpeg","width":557,"height":556,"caption":"Le Regard Libre"},"image":{"@id":"https:\/\/leregardlibre.com\/#\/schema\/logo\/image\/"},"sameAs":["https:\/\/www.facebook.com\/leregardlibre\/","https:\/\/x.com\/LeRegardLibre","https:\/\/www.linkedin.com\/company\/le-regard-libre","https:\/\/www.instagram.com\/leregardlibre\/","http:\/\/t.me\/leregardlibre","https:\/\/youtube.com\/channel\/UC6HzGPomj1LsUmlz-sJtITQ"],"description":"Le Regard Libre ist eine Schweizer Monatszeitschrift f\u00fcr intellektuelle und kulturelle Debatten. Seine Redaktion ist jung, ehrenamtlich, liberal und pluralistisch. Das Magazin erscheint online und in gedruckter Form. Seine Sprache ist Franz\u00f6sisch.","email":"redaction@leregardlibre.com","legalName":"Le Regard Libre","foundingDate":"2014-01-01","numberOfEmployees":{"@type":"QuantitativeValue","minValue":"11","maxValue":"50"},"publishingPrinciples":"https:\/\/leregardlibre.com\/a-propos\/notre-manifeste\/","ownershipFundingInfo":"https:\/\/leregardlibre.com\/mentions-legales\/","actionableFeedbackPolicy":"https:\/\/leregardlibre.com\/conditions-generales-de-vente\/"},{"@type":"Person","@id":"https:\/\/leregardlibre.com\/#\/schema\/person\/04d80ec47094bca6b1fa22dffad24005","name":"Loris S. Musumeci","image":{"@type":"ImageObject","inLanguage":"de","@id":"https:\/\/secure.gravatar.com\/avatar\/fa476654dadfee0d962e80160d0303549febb2769f8fa26c7a1ebe037f7c7c54?s=96&d=identicon&r=g","url":"https:\/\/secure.gravatar.com\/avatar\/fa476654dadfee0d962e80160d0303549febb2769f8fa26c7a1ebe037f7c7c54?s=96&d=identicon&r=g","contentUrl":"https:\/\/secure.gravatar.com\/avatar\/fa476654dadfee0d962e80160d0303549febb2769f8fa26c7a1ebe037f7c7c54?s=96&d=identicon&r=g","caption":"Loris S. Musumeci"},"sameAs":["https:\/\/leregardlibre.com\/","https:\/\/fr.wikipedia.org\/wiki\/Le_Regard_libre"],"url":"https:\/\/leregardlibre.com\/de\/author\/loris-musumeci\/"}]}},"_links":{"self":[{"href":"https:\/\/leregardlibre.com\/de\/wp-json\/wp\/v2\/posts\/11353","targetHints":{"allow":["GET"]}}],"collection":[{"href":"https:\/\/leregardlibre.com\/de\/wp-json\/wp\/v2\/posts"}],"about":[{"href":"https:\/\/leregardlibre.com\/de\/wp-json\/wp\/v2\/types\/post"}],"author":[{"embeddable":true,"href":"https:\/\/leregardlibre.com\/de\/wp-json\/wp\/v2\/users\/18"}],"replies":[{"embeddable":true,"href":"https:\/\/leregardlibre.com\/de\/wp-json\/wp\/v2\/comments?post=11353"}],"version-history":[{"count":1,"href":"https:\/\/leregardlibre.com\/de\/wp-json\/wp\/v2\/posts\/11353\/revisions"}],"predecessor-version":[{"id":509456,"href":"https:\/\/leregardlibre.com\/de\/wp-json\/wp\/v2\/posts\/11353\/revisions\/509456"}],"wp:featuredmedia":[{"embeddable":true,"href":"https:\/\/leregardlibre.com\/de\/wp-json\/wp\/v2\/media\/11364"}],"wp:attachment":[{"href":"https:\/\/leregardlibre.com\/de\/wp-json\/wp\/v2\/media?parent=11353"}],"wp:term":[{"taxonomy":"category","embeddable":true,"href":"https:\/\/leregardlibre.com\/de\/wp-json\/wp\/v2\/categories?post=11353"},{"taxonomy":"post_tag","embeddable":true,"href":"https:\/\/leregardlibre.com\/de\/wp-json\/wp\/v2\/tags?post=11353"}],"curies":[{"name":"wp","href":"https:\/\/api.w.org\/{rel}","templated":true}]}}