{"id":12068,"date":"2017-10-11T17:00:02","date_gmt":"2017-10-11T15:00:02","guid":{"rendered":"http:\/\/leregardlibre.com\/?p=12068"},"modified":"2025-12-04T23:01:35","modified_gmt":"2025-12-04T22:01:35","slug":"morgen-und-an-allen-anderen-tagen-wenn-die-liebe-mehr-versteht-als-sie-andert","status":"publish","type":"post","link":"https:\/\/leregardlibre.com\/de\/kino\/filme\/morgen-und-an-allen-anderen-tagen-wenn-die-liebe-mehr-versteht-als-sie-andert\/","title":{"rendered":"\u00abMorgen und alle anderen Tage\u00bb: Wenn die Liebe mehr versteht als sie ver\u00e4ndert"},"content":{"rendered":"<p>Les mercredis du cin\u00e9ma - H\u00e9l\u00e8ne Lavoyer<\/p>\n<p><em>In <\/em>Morgen und alle anderen Tage<em>, No\u00e9mie Lvovsky spielt eine Mutter, die langsam dem Wahnsinn verf\u00e4llt. Sie ist beeindruckend und liefert eine grandiose, wahrhaftige und \u00fcberw\u00e4ltigende Leistung ab.<\/em><\/p>\n<p>Noch unter zehn Jahren ist Mathilde - gespielt von Luce Rodriguez - ein Kind, das selten ein L\u00e4cheln ihr Gesicht erhellen l\u00e4sst. Als die erste Szene beginnt, steht die Hektik eines Schulhofs im Kontrast zu der Kleinen. Im Gegensatz zu all ihren Mitsch\u00fclern ist Mathilde allein. Sofort wird klar, dass sie f\u00fcr die n\u00e4chsten eineinhalb Stunden unsere Heldin sein wird.<\/p>\n<p>Die Mutter von Mathilde (No\u00e9mie Lvovsky) sorgt bei ihrem ersten Auftritt auf der Leinwand f\u00fcr Lacher. Ihr unsicherer Blick flirrt durch das B\u00fcro der Schulberaterin ihrer Tochter. Mathildes Hand kommt ihrer Mutter entgegen, als wolle sie ihr Mut machen; sie wagt ein Wort: \u00abIch kann mich nicht mehr erinnern, warum wir hier sind.\u00bb Und ihr Gesicht hellt sich pl\u00f6tzlich auf. Sie hat nicht herausgefunden, warum sie in diesem B\u00fcro steht, nein; aber sie konnte durch das Fenster ein Vogelnest in den tiefen Zweigen sehen und kann nicht anders, als es Mathilde zu zeigen, die daf\u00fcr auf den Schreibtisch klettern muss.<!--more--><\/p>\n<p>Damals zeichnete sich zum ersten Mal ein L\u00e4cheln auf dem jungen Gesicht ab. Die Hand ihrer Mutter h\u00e4lt Mathilde oft. Oder besser gesagt, sie zieht sie, und zwar mit dem ganzen K\u00f6rper dieser Mutter, die nicht wei\u00df, wie eine wie alle anderen zu sein. Sie folgt ihrer Tochter, verloren in den Wellen der Emotionen, die sie \u00fcberschwemmen, wie am Tag von Mathildes Solo im Chor, als sie nicht anders konnte, als zu ihr auf die B\u00fchne zu kommen und sie an die Knie zu dr\u00fccken, als w\u00fcrde sie die Unendlichkeit anflehen, nur f\u00fcr diesen einen Moment zu existieren.<\/p>\n<p>Die neunj\u00e4hrige Mathilde isst, macht ihre Hausaufgaben, unterh\u00e4lt sich und tut so ziemlich alles, was man von einem Kind in ihrem Alter erwarten w\u00fcrde. Der Unterschied ist, dass Mathilde Tochter und Mutter zugleich ist. Die Mutter ihrer Mutter, die Mutter ihrer eigenen Person, und dann die Tochter ihrer Mutter, ja, und dann ein M\u00e4dchen, das in den Augen der anderen klein ist. Doch die Einsamkeit ihres Lebens unterbricht nicht das offensichtliche Band, das sie mit ihrer Mutter verbindet, und die klaren Momente der Mutter reichen aus, um ihr Strahlen hervorzurufen.<\/p>\n<p>Eines Tages wartet die Mutter zu Hause auf ihre Tochter. Auf dem Tisch neben dem Fenster liegt ein gro\u00dfes Paket. Sobald der Inhalt ge\u00f6ffnet wird, \u00e4ndert sich Mathildes Alltag und ihre Eule wird ihr erster Freund. Dank des Tieres kann Mathilde mit beiden Beinen fest auf dem Boden bleiben und gleichzeitig ihre Fantasie bewahren. Es wird zu ihrem Vertrauten, zu ihrem Mittel, um gesund zu bleiben. Wie ein F\u00fchrer, der ein Teil von ihr selbst ist, tr\u00f6stet der Vogel ihre neue Freundin, stellt sie aber auch auf den Kopf, indem er sie zwingt, einer Wahrheit ins Auge zu blicken, die sie nicht sehen will: dem Wahnsinn ihrer Mutter.<\/p>\n<p>Mathilde ist die Heldin ihrer eigenen Geschichte. Eine dieser herzzerrei\u00dfenden, aber gemeinsamen Lebenswege, die das Kino oft nicht zu erz\u00e4hlen wei\u00df. Manchmal trifft man jedoch in seinem Leben auf Figuren, die eine solche Realit\u00e4t vermitteln, dass man nichts anderes tun kann, als durch sie die Tiefe der Geschichte zu sp\u00fcren, die sie uns erz\u00e4hlen. Genau das findet man in <em>Morgen und an allen anderen Tagen, <\/em>mit an Luce Rodriguez. Vorausgesetzt, Sie f\u00fchlen und urteilen nicht.<\/p>\n<p>Aus diesem Grund ist es schwierig, einen solchen Film zu kritisieren. Im Gegensatz zu Vorf\u00fchrungen, bei denen es um ein Spektakel geht, geht es hier um Banalit\u00e4t; wo manchmal Sentimentalit\u00e4t ins Oberfl\u00e4chliche abrutscht, bricht bei Mathilde die Realit\u00e4t aus dem Herzen. Eine banale Geschichte, der sich jeder nahe f\u00fchlen kann, weil er wei\u00df, weil er gewusst hat, manchmal sogar <em>weil er es nicht wissen m\u00f6chte<\/em>. Dann kann man sich erlauben, die Qualit\u00e4t der Kameraeinstellungen, der Dialoge oder der Schauspieler zu beurteilen, aber man kann kein Urteil \u00fcber die Geschichte selbst f\u00e4llen.<\/p>\n<p>In diesem siebten Spielfilm von No\u00e9mie Lvovsky, in dem es um Liebe, Mutterschaft, Mut und Wahnsinn geht, schwankt das Herz und f\u00e4llt schnell in die heftigsten Emotionen. Die Regisseurin dr\u00fcckt es so aus: \u00abDer erste Kummer der Welt ist der Verlust unserer Mutter. Auch wenn sie noch da ist, ist etwas von ihr bereits verloren\u00bb. So erleidet Mathilde den Verlust ihrer Mutter auf unterschiedliche Weise. Zun\u00e4chst ist es ihr Blick, den sie verliert. Dieser starrt unmerklich in eine Ecke des Zimmers, verliert sich und schaut schlie\u00dflich gar nicht mehr hin. Schlie\u00dflich verschwindet ihre physische Pr\u00e4senz, als sie sich unter den Fittichen ihres Ex-Mannes und Mathildes Vater, der von Mathieu Amalric gespielt wird, in einer psychiatrischen Klinik einnistet.<\/p>\n<p>Dieser Vater ist allgegenw\u00e4rtig; noch immer verliebt, aber in eine dieser ersch\u00f6pften Lieben, noch immer ganz erf\u00fcllt von Z\u00e4rtlichkeit f\u00fcr diese seltsame und liebenswerte Frau. Als Besch\u00fctzer wacht er \u00fcber Mathilde und ihre Mutter durch das Kind, wie ein unsichtbarer W\u00e4chter. In dieser kleinen Rolle ist Mathieu Amalric genau richtig, seine Gesten sind sanft, sein Auge aufmerksam. Man glaubt ihm und liebt die plakative \u00dcbereinkunft, die ihn noch mit seiner Ex-Frau verbindet, n\u00e4mlich die, dass es in erster Linie um Mathilde geht. Und Luce Rodriguez, unsere Mathilde, ist in ihrem Zorn, ihren Gest\u00e4ndnissen, ihren Entt\u00e4uschungen und ihrem Temperament so wahrhaftig, dass manch einer zu glauben beginnen wird, dass es keine Schauspielerin gibt.<\/p>\n<p>Im Kinosaal erhoben sich einige Lacher und durchbrachen die Stille, die sich dort breit gemacht hatte. <em>Morgen und alle anderen Tage\u00a0<\/em>ist ein Pl\u00e4doyer f\u00fcr die Hoffnung, eine Ovation an die Liebe und eine Feststellung der Realit\u00e4t. Auch hier ist es schwierig, dar\u00fcber zu urteilen. Die besten Eindr\u00fccke sind die, die man selbst erlebt, und davon bietet dieser Film reichlich. Immer unter der Bedingung, dass man mit dem Herzen schaut.<\/p>\n<p><em>Schreiben Sie dem Autor : <a href=\"mailto:lavoyer.helene@gmail.com\">lavoyer.helene@gmail.com<\/a><\/em><\/p>\n<p>Fotocredit: \u00a9 AlloCin\u00e9<\/p>","protected":false},"excerpt":{"rendered":"<p>Les mercredis du cin\u00e9ma &#8211; H\u00e9l\u00e8ne Lavoyer Dans Demain et tous les autres jours, No\u00e9mie Lvovsky incarne une m\u00e8re qui,&#8230;<\/p>","protected":false},"author":326,"featured_media":12121,"comment_status":"open","ping_status":"open","sticky":false,"template":"","format":"standard","meta":{"_acf_changed":false,"footnotes":""},"categories":[644355829],"tags":[31254,61026,584136230,2736542,14228,367220,600779,1975640,37188042],"class_list":["post-12068","post","type-post","status-publish","format-standard","has-post-thumbnail","hentry","category-films","tag-amour","tag-cinema-francais","tag-demain-et-tous-les-autres-jours","tag-demence","tag-drame","tag-espoir","tag-folie","tag-mathieu-amalric","tag-noemie-lvovsky"],"acf":[],"yoast_head":"<!-- This site is optimized with the Yoast SEO Premium plugin v27.4 (Yoast SEO v27.4) - https:\/\/yoast.com\/product\/yoast-seo-premium-wordpress\/ -->\n<title>\u00abDemain et tous les autres jours\u00bb, quand l\u2019amour comprend plus qu\u2019il ne change<\/title>\n<meta name=\"robots\" content=\"index, follow, max-snippet:-1, max-image-preview:large, max-video-preview:-1\" \/>\n<link rel=\"canonical\" href=\"https:\/\/leregardlibre.com\/de\/kino\/filme\/morgen-und-an-allen-anderen-tagen-wenn-die-liebe-mehr-versteht-als-sie-andert\/\" \/>\n<meta property=\"og:locale\" content=\"de_DE\" \/>\n<meta property=\"og:type\" content=\"article\" \/>\n<meta property=\"og:title\" content=\"\u00abDemain et tous les autres jours\u00bb, quand l\u2019amour comprend plus qu\u2019il ne change\" \/>\n<meta property=\"og:description\" content=\"Les mercredis du cin\u00e9ma - H\u00e9l\u00e8ne Lavoyer Dans Demain et tous les autres jours, No\u00e9mie Lvovsky incarne une m\u00e8re qui,...\" \/>\n<meta property=\"og:url\" content=\"https:\/\/leregardlibre.com\/de\/kino\/filme\/morgen-und-an-allen-anderen-tagen-wenn-die-liebe-mehr-versteht-als-sie-andert\/\" \/>\n<meta property=\"og:site_name\" content=\"Le Regard Libre\" \/>\n<meta property=\"article:publisher\" content=\"https:\/\/www.facebook.com\/leregardlibre\/\" \/>\n<meta property=\"article:published_time\" content=\"2017-10-11T15:00:02+00:00\" \/>\n<meta property=\"article:modified_time\" content=\"2025-12-04T22:01:35+00:00\" \/>\n<meta property=\"og:image\" content=\"https:\/\/leregardlibre.com\/wp-content\/uploads\/2017\/10\/22demain-et-tous-les-autres-jours22.jpg\" \/>\n\t<meta property=\"og:image:width\" content=\"1600\" \/>\n\t<meta property=\"og:image:height\" content=\"900\" \/>\n\t<meta property=\"og:image:type\" content=\"image\/jpeg\" \/>\n<meta name=\"author\" content=\"H\u00e9l\u00e8ne Lavoyer\" \/>\n<meta name=\"twitter:card\" content=\"summary_large_image\" \/>\n<meta name=\"twitter:creator\" content=\"@LeRegardLibre\" \/>\n<meta name=\"twitter:site\" content=\"@LeRegardLibre\" \/>\n<meta name=\"twitter:label1\" content=\"Verfasst von\" \/>\n\t<meta name=\"twitter:data1\" content=\"H\u00e9l\u00e8ne Lavoyer\" \/>\n\t<meta name=\"twitter:label2\" content=\"Gesch\u00e4tzte Lesezeit\" \/>\n\t<meta name=\"twitter:data2\" content=\"6\u00a0Minuten\" \/>\n<script type=\"application\/ld+json\" class=\"yoast-schema-graph\">{\"@context\":\"https:\\\/\\\/schema.org\",\"@graph\":[{\"@type\":\"Article\",\"@id\":\"https:\\\/\\\/leregardlibre.com\\\/cinema\\\/films\\\/demain-et-tous-les-autres-jours-quand-lamour-comprend-plus-quil-ne-change\\\/#article\",\"isPartOf\":{\"@id\":\"https:\\\/\\\/leregardlibre.com\\\/cinema\\\/films\\\/demain-et-tous-les-autres-jours-quand-lamour-comprend-plus-quil-ne-change\\\/\"},\"author\":{\"name\":\"H\u00e9l\u00e8ne Lavoyer\",\"@id\":\"https:\\\/\\\/leregardlibre.com\\\/#\\\/schema\\\/person\\\/d54c307d35ad5a1c6bd687ddd86054f8\"},\"headline\":\"\u00abDemain et tous les autres jours\u00bb, quand l\u2019amour comprend plus qu\u2019il ne change\",\"datePublished\":\"2017-10-11T15:00:02+00:00\",\"dateModified\":\"2025-12-04T22:01:35+00:00\",\"mainEntityOfPage\":{\"@id\":\"https:\\\/\\\/leregardlibre.com\\\/cinema\\\/films\\\/demain-et-tous-les-autres-jours-quand-lamour-comprend-plus-quil-ne-change\\\/\"},\"wordCount\":1133,\"commentCount\":0,\"publisher\":{\"@id\":\"https:\\\/\\\/leregardlibre.com\\\/#organization\"},\"image\":{\"@id\":\"https:\\\/\\\/leregardlibre.com\\\/cinema\\\/films\\\/demain-et-tous-les-autres-jours-quand-lamour-comprend-plus-quil-ne-change\\\/#primaryimage\"},\"thumbnailUrl\":\"https:\\\/\\\/leregardlibre.com\\\/wp-content\\\/uploads\\\/2017\\\/10\\\/22demain-et-tous-les-autres-jours22.jpg\",\"keywords\":[\"Amour\",\"Cin\u00e9ma fran\u00e7ais\",\"demain et tous les autres jours\",\"d\u00e9mence\",\"Drame\",\"espoir\",\"Folie\",\"Mathieu Amalric\",\"no\u00e9mie lvovsky\"],\"articleSection\":[\"Films\"],\"inLanguage\":\"de\",\"potentialAction\":[{\"@type\":\"CommentAction\",\"name\":\"Comment\",\"target\":[\"https:\\\/\\\/leregardlibre.com\\\/cinema\\\/films\\\/demain-et-tous-les-autres-jours-quand-lamour-comprend-plus-quil-ne-change\\\/#respond\"]}]},{\"@type\":\"WebPage\",\"@id\":\"https:\\\/\\\/leregardlibre.com\\\/cinema\\\/films\\\/demain-et-tous-les-autres-jours-quand-lamour-comprend-plus-quil-ne-change\\\/\",\"url\":\"https:\\\/\\\/leregardlibre.com\\\/cinema\\\/films\\\/demain-et-tous-les-autres-jours-quand-lamour-comprend-plus-quil-ne-change\\\/\",\"name\":\"\u00abDemain et tous les autres jours\u00bb, quand l\u2019amour comprend plus qu\u2019il ne change\",\"isPartOf\":{\"@id\":\"https:\\\/\\\/leregardlibre.com\\\/#website\"},\"primaryImageOfPage\":{\"@id\":\"https:\\\/\\\/leregardlibre.com\\\/cinema\\\/films\\\/demain-et-tous-les-autres-jours-quand-lamour-comprend-plus-quil-ne-change\\\/#primaryimage\"},\"image\":{\"@id\":\"https:\\\/\\\/leregardlibre.com\\\/cinema\\\/films\\\/demain-et-tous-les-autres-jours-quand-lamour-comprend-plus-quil-ne-change\\\/#primaryimage\"},\"thumbnailUrl\":\"https:\\\/\\\/leregardlibre.com\\\/wp-content\\\/uploads\\\/2017\\\/10\\\/22demain-et-tous-les-autres-jours22.jpg\",\"datePublished\":\"2017-10-11T15:00:02+00:00\",\"dateModified\":\"2025-12-04T22:01:35+00:00\",\"breadcrumb\":{\"@id\":\"https:\\\/\\\/leregardlibre.com\\\/cinema\\\/films\\\/demain-et-tous-les-autres-jours-quand-lamour-comprend-plus-quil-ne-change\\\/#breadcrumb\"},\"inLanguage\":\"de\",\"potentialAction\":[{\"@type\":\"ReadAction\",\"target\":[\"https:\\\/\\\/leregardlibre.com\\\/cinema\\\/films\\\/demain-et-tous-les-autres-jours-quand-lamour-comprend-plus-quil-ne-change\\\/\"]}]},{\"@type\":\"ImageObject\",\"inLanguage\":\"de\",\"@id\":\"https:\\\/\\\/leregardlibre.com\\\/cinema\\\/films\\\/demain-et-tous-les-autres-jours-quand-lamour-comprend-plus-quil-ne-change\\\/#primaryimage\",\"url\":\"https:\\\/\\\/leregardlibre.com\\\/wp-content\\\/uploads\\\/2017\\\/10\\\/22demain-et-tous-les-autres-jours22.jpg\",\"contentUrl\":\"https:\\\/\\\/leregardlibre.com\\\/wp-content\\\/uploads\\\/2017\\\/10\\\/22demain-et-tous-les-autres-jours22.jpg\",\"width\":1600,\"height\":900},{\"@type\":\"BreadcrumbList\",\"@id\":\"https:\\\/\\\/leregardlibre.com\\\/cinema\\\/films\\\/demain-et-tous-les-autres-jours-quand-lamour-comprend-plus-quil-ne-change\\\/#breadcrumb\",\"itemListElement\":[{\"@type\":\"ListItem\",\"position\":1,\"name\":\"Accueil\",\"item\":\"https:\\\/\\\/leregardlibre.com\\\/\"},{\"@type\":\"ListItem\",\"position\":2,\"name\":\"\u00abDemain et tous les autres jours\u00bb, quand l\u2019amour comprend plus qu\u2019il ne change\"}]},{\"@type\":\"WebSite\",\"@id\":\"https:\\\/\\\/leregardlibre.com\\\/#website\",\"url\":\"https:\\\/\\\/leregardlibre.com\\\/\",\"name\":\"Le Regard Libre\",\"description\":\"Premier mensuel suisse de d\u00e9bat\",\"publisher\":{\"@id\":\"https:\\\/\\\/leregardlibre.com\\\/#organization\"},\"potentialAction\":[{\"@type\":\"SearchAction\",\"target\":{\"@type\":\"EntryPoint\",\"urlTemplate\":\"https:\\\/\\\/leregardlibre.com\\\/?s={search_term_string}\"},\"query-input\":{\"@type\":\"PropertyValueSpecification\",\"valueRequired\":true,\"valueName\":\"search_term_string\"}}],\"inLanguage\":\"de\"},{\"@type\":\"Organization\",\"@id\":\"https:\\\/\\\/leregardlibre.com\\\/#organization\",\"name\":\"Le Regard Libre\",\"url\":\"https:\\\/\\\/leregardlibre.com\\\/\",\"logo\":{\"@type\":\"ImageObject\",\"inLanguage\":\"de\",\"@id\":\"https:\\\/\\\/leregardlibre.com\\\/#\\\/schema\\\/logo\\\/image\\\/\",\"url\":\"https:\\\/\\\/leregardlibre.com\\\/wp-content\\\/uploads\\\/2025\\\/08\\\/logo-rl-icone-neg.jpeg\",\"contentUrl\":\"https:\\\/\\\/leregardlibre.com\\\/wp-content\\\/uploads\\\/2025\\\/08\\\/logo-rl-icone-neg.jpeg\",\"width\":557,\"height\":556,\"caption\":\"Le Regard Libre\"},\"image\":{\"@id\":\"https:\\\/\\\/leregardlibre.com\\\/#\\\/schema\\\/logo\\\/image\\\/\"},\"sameAs\":[\"https:\\\/\\\/www.facebook.com\\\/leregardlibre\\\/\",\"https:\\\/\\\/x.com\\\/LeRegardLibre\",\"https:\\\/\\\/www.linkedin.com\\\/company\\\/le-regard-libre\",\"https:\\\/\\\/www.instagram.com\\\/leregardlibre\\\/\",\"http:\\\/\\\/t.me\\\/leregardlibre\",\"https:\\\/\\\/youtube.com\\\/channel\\\/UC6HzGPomj1LsUmlz-sJtITQ\"],\"description\":\"Le Regard Libre est un mensuel suisse de d\u00e9bat intellectuel et culturel. Sa r\u00e9daction est jeune, b\u00e9n\u00e9vole, lib\u00e9rale et pluraliste. Le magazine para\u00eet en ligne et sous forme papier. Sa langue est le fran\u00e7ais.\",\"email\":\"redaction@leregardlibre.com\",\"legalName\":\"Le Regard Libre\",\"foundingDate\":\"2014-01-01\",\"numberOfEmployees\":{\"@type\":\"QuantitativeValue\",\"minValue\":\"11\",\"maxValue\":\"50\"},\"publishingPrinciples\":\"https:\\\/\\\/leregardlibre.com\\\/a-propos\\\/notre-manifeste\\\/\",\"ownershipFundingInfo\":\"https:\\\/\\\/leregardlibre.com\\\/mentions-legales\\\/\",\"actionableFeedbackPolicy\":\"https:\\\/\\\/leregardlibre.com\\\/conditions-generales-de-vente\\\/\"},{\"@type\":\"Person\",\"@id\":\"https:\\\/\\\/leregardlibre.com\\\/#\\\/schema\\\/person\\\/d54c307d35ad5a1c6bd687ddd86054f8\",\"name\":\"H\u00e9l\u00e8ne Lavoyer\",\"image\":{\"@type\":\"ImageObject\",\"inLanguage\":\"de\",\"@id\":\"https:\\\/\\\/secure.gravatar.com\\\/avatar\\\/68b25ff5328818574bf42822e9324221321679833884bc3d9c090886fea2d133?s=96&d=identicon&r=g\",\"url\":\"https:\\\/\\\/secure.gravatar.com\\\/avatar\\\/68b25ff5328818574bf42822e9324221321679833884bc3d9c090886fea2d133?s=96&d=identicon&r=g\",\"contentUrl\":\"https:\\\/\\\/secure.gravatar.com\\\/avatar\\\/68b25ff5328818574bf42822e9324221321679833884bc3d9c090886fea2d133?s=96&d=identicon&r=g\",\"caption\":\"H\u00e9l\u00e8ne Lavoyer\"},\"sameAs\":[\"https:\\\/\\\/leregardlibre.com\\\/\"],\"url\":\"https:\\\/\\\/leregardlibre.com\\\/de\\\/author\\\/helene-lavoyer\\\/\"}]}<\/script>\n<!-- \/ Yoast SEO Premium plugin. -->","yoast_head_json":{"title":"\u00abMorgen und alle anderen Tage\u00bb: Wenn die Liebe mehr versteht als sie ver\u00e4ndert","robots":{"index":"index","follow":"follow","max-snippet":"max-snippet:-1","max-image-preview":"max-image-preview:large","max-video-preview":"max-video-preview:-1"},"canonical":"https:\/\/leregardlibre.com\/de\/kino\/filme\/morgen-und-an-allen-anderen-tagen-wenn-die-liebe-mehr-versteht-als-sie-andert\/","og_locale":"de_DE","og_type":"article","og_title":"\u00abDemain et tous les autres jours\u00bb, quand l\u2019amour comprend plus qu\u2019il ne change","og_description":"Les mercredis du cin\u00e9ma - H\u00e9l\u00e8ne Lavoyer Dans Demain et tous les autres jours, No\u00e9mie Lvovsky incarne une m\u00e8re qui,...","og_url":"https:\/\/leregardlibre.com\/de\/kino\/filme\/morgen-und-an-allen-anderen-tagen-wenn-die-liebe-mehr-versteht-als-sie-andert\/","og_site_name":"Le Regard Libre","article_publisher":"https:\/\/www.facebook.com\/leregardlibre\/","article_published_time":"2017-10-11T15:00:02+00:00","article_modified_time":"2025-12-04T22:01:35+00:00","og_image":[{"width":1600,"height":900,"url":"https:\/\/leregardlibre.com\/wp-content\/uploads\/2017\/10\/22demain-et-tous-les-autres-jours22.jpg","type":"image\/jpeg"}],"author":"H\u00e9l\u00e8ne Lavoyer","twitter_card":"summary_large_image","twitter_creator":"@LeRegardLibre","twitter_site":"@LeRegardLibre","twitter_misc":{"Verfasst von":"H\u00e9l\u00e8ne Lavoyer","Gesch\u00e4tzte Lesezeit":"6\u00a0Minuten"},"schema":{"@context":"https:\/\/schema.org","@graph":[{"@type":"Article","@id":"https:\/\/leregardlibre.com\/cinema\/films\/demain-et-tous-les-autres-jours-quand-lamour-comprend-plus-quil-ne-change\/#article","isPartOf":{"@id":"https:\/\/leregardlibre.com\/cinema\/films\/demain-et-tous-les-autres-jours-quand-lamour-comprend-plus-quil-ne-change\/"},"author":{"name":"H\u00e9l\u00e8ne Lavoyer","@id":"https:\/\/leregardlibre.com\/#\/schema\/person\/d54c307d35ad5a1c6bd687ddd86054f8"},"headline":"\u00abDemain et tous les autres jours\u00bb, quand l\u2019amour comprend plus qu\u2019il ne change","datePublished":"2017-10-11T15:00:02+00:00","dateModified":"2025-12-04T22:01:35+00:00","mainEntityOfPage":{"@id":"https:\/\/leregardlibre.com\/cinema\/films\/demain-et-tous-les-autres-jours-quand-lamour-comprend-plus-quil-ne-change\/"},"wordCount":1133,"commentCount":0,"publisher":{"@id":"https:\/\/leregardlibre.com\/#organization"},"image":{"@id":"https:\/\/leregardlibre.com\/cinema\/films\/demain-et-tous-les-autres-jours-quand-lamour-comprend-plus-quil-ne-change\/#primaryimage"},"thumbnailUrl":"https:\/\/leregardlibre.com\/wp-content\/uploads\/2017\/10\/22demain-et-tous-les-autres-jours22.jpg","keywords":["Amour","Cin\u00e9ma fran\u00e7ais","demain et tous les autres jours","d\u00e9mence","Drame","espoir","Folie","Mathieu Amalric","no\u00e9mie lvovsky"],"articleSection":["Films"],"inLanguage":"de","potentialAction":[{"@type":"CommentAction","name":"Comment","target":["https:\/\/leregardlibre.com\/cinema\/films\/demain-et-tous-les-autres-jours-quand-lamour-comprend-plus-quil-ne-change\/#respond"]}]},{"@type":"WebPage","@id":"https:\/\/leregardlibre.com\/cinema\/films\/demain-et-tous-les-autres-jours-quand-lamour-comprend-plus-quil-ne-change\/","url":"https:\/\/leregardlibre.com\/cinema\/films\/demain-et-tous-les-autres-jours-quand-lamour-comprend-plus-quil-ne-change\/","name":"\u00abMorgen und alle anderen Tage\u00bb: Wenn die Liebe mehr versteht als sie ver\u00e4ndert","isPartOf":{"@id":"https:\/\/leregardlibre.com\/#website"},"primaryImageOfPage":{"@id":"https:\/\/leregardlibre.com\/cinema\/films\/demain-et-tous-les-autres-jours-quand-lamour-comprend-plus-quil-ne-change\/#primaryimage"},"image":{"@id":"https:\/\/leregardlibre.com\/cinema\/films\/demain-et-tous-les-autres-jours-quand-lamour-comprend-plus-quil-ne-change\/#primaryimage"},"thumbnailUrl":"https:\/\/leregardlibre.com\/wp-content\/uploads\/2017\/10\/22demain-et-tous-les-autres-jours22.jpg","datePublished":"2017-10-11T15:00:02+00:00","dateModified":"2025-12-04T22:01:35+00:00","breadcrumb":{"@id":"https:\/\/leregardlibre.com\/cinema\/films\/demain-et-tous-les-autres-jours-quand-lamour-comprend-plus-quil-ne-change\/#breadcrumb"},"inLanguage":"de","potentialAction":[{"@type":"ReadAction","target":["https:\/\/leregardlibre.com\/cinema\/films\/demain-et-tous-les-autres-jours-quand-lamour-comprend-plus-quil-ne-change\/"]}]},{"@type":"ImageObject","inLanguage":"de","@id":"https:\/\/leregardlibre.com\/cinema\/films\/demain-et-tous-les-autres-jours-quand-lamour-comprend-plus-quil-ne-change\/#primaryimage","url":"https:\/\/leregardlibre.com\/wp-content\/uploads\/2017\/10\/22demain-et-tous-les-autres-jours22.jpg","contentUrl":"https:\/\/leregardlibre.com\/wp-content\/uploads\/2017\/10\/22demain-et-tous-les-autres-jours22.jpg","width":1600,"height":900},{"@type":"BreadcrumbList","@id":"https:\/\/leregardlibre.com\/cinema\/films\/demain-et-tous-les-autres-jours-quand-lamour-comprend-plus-quil-ne-change\/#breadcrumb","itemListElement":[{"@type":"ListItem","position":1,"name":"Accueil","item":"https:\/\/leregardlibre.com\/"},{"@type":"ListItem","position":2,"name":"\u00abDemain et tous les autres jours\u00bb, quand l\u2019amour comprend plus qu\u2019il ne change"}]},{"@type":"WebSite","@id":"https:\/\/leregardlibre.com\/#website","url":"https:\/\/leregardlibre.com\/","name":"Le Regard Libre","description":"Erste Schweizer Monatszeitschrift f\u00fcr Debatten","publisher":{"@id":"https:\/\/leregardlibre.com\/#organization"},"potentialAction":[{"@type":"SearchAction","target":{"@type":"EntryPoint","urlTemplate":"https:\/\/leregardlibre.com\/?s={search_term_string}"},"query-input":{"@type":"PropertyValueSpecification","valueRequired":true,"valueName":"search_term_string"}}],"inLanguage":"de"},{"@type":"Organization","@id":"https:\/\/leregardlibre.com\/#organization","name":"Le Regard Libre","url":"https:\/\/leregardlibre.com\/","logo":{"@type":"ImageObject","inLanguage":"de","@id":"https:\/\/leregardlibre.com\/#\/schema\/logo\/image\/","url":"https:\/\/leregardlibre.com\/wp-content\/uploads\/2025\/08\/logo-rl-icone-neg.jpeg","contentUrl":"https:\/\/leregardlibre.com\/wp-content\/uploads\/2025\/08\/logo-rl-icone-neg.jpeg","width":557,"height":556,"caption":"Le Regard Libre"},"image":{"@id":"https:\/\/leregardlibre.com\/#\/schema\/logo\/image\/"},"sameAs":["https:\/\/www.facebook.com\/leregardlibre\/","https:\/\/x.com\/LeRegardLibre","https:\/\/www.linkedin.com\/company\/le-regard-libre","https:\/\/www.instagram.com\/leregardlibre\/","http:\/\/t.me\/leregardlibre","https:\/\/youtube.com\/channel\/UC6HzGPomj1LsUmlz-sJtITQ"],"description":"Le Regard Libre ist eine Schweizer Monatszeitschrift f\u00fcr intellektuelle und kulturelle Debatten. Seine Redaktion ist jung, ehrenamtlich, liberal und pluralistisch. Das Magazin erscheint online und in gedruckter Form. Seine Sprache ist Franz\u00f6sisch.","email":"redaction@leregardlibre.com","legalName":"Le Regard Libre","foundingDate":"2014-01-01","numberOfEmployees":{"@type":"QuantitativeValue","minValue":"11","maxValue":"50"},"publishingPrinciples":"https:\/\/leregardlibre.com\/a-propos\/notre-manifeste\/","ownershipFundingInfo":"https:\/\/leregardlibre.com\/mentions-legales\/","actionableFeedbackPolicy":"https:\/\/leregardlibre.com\/conditions-generales-de-vente\/"},{"@type":"Person","@id":"https:\/\/leregardlibre.com\/#\/schema\/person\/d54c307d35ad5a1c6bd687ddd86054f8","name":"H\u00e9l\u00e8ne Lavoyer","image":{"@type":"ImageObject","inLanguage":"de","@id":"https:\/\/secure.gravatar.com\/avatar\/68b25ff5328818574bf42822e9324221321679833884bc3d9c090886fea2d133?s=96&d=identicon&r=g","url":"https:\/\/secure.gravatar.com\/avatar\/68b25ff5328818574bf42822e9324221321679833884bc3d9c090886fea2d133?s=96&d=identicon&r=g","contentUrl":"https:\/\/secure.gravatar.com\/avatar\/68b25ff5328818574bf42822e9324221321679833884bc3d9c090886fea2d133?s=96&d=identicon&r=g","caption":"H\u00e9l\u00e8ne Lavoyer"},"sameAs":["https:\/\/leregardlibre.com\/"],"url":"https:\/\/leregardlibre.com\/de\/author\/helene-lavoyer\/"}]}},"_links":{"self":[{"href":"https:\/\/leregardlibre.com\/de\/wp-json\/wp\/v2\/posts\/12068","targetHints":{"allow":["GET"]}}],"collection":[{"href":"https:\/\/leregardlibre.com\/de\/wp-json\/wp\/v2\/posts"}],"about":[{"href":"https:\/\/leregardlibre.com\/de\/wp-json\/wp\/v2\/types\/post"}],"author":[{"embeddable":true,"href":"https:\/\/leregardlibre.com\/de\/wp-json\/wp\/v2\/users\/326"}],"replies":[{"embeddable":true,"href":"https:\/\/leregardlibre.com\/de\/wp-json\/wp\/v2\/comments?post=12068"}],"version-history":[{"count":2,"href":"https:\/\/leregardlibre.com\/de\/wp-json\/wp\/v2\/posts\/12068\/revisions"}],"predecessor-version":[{"id":512531,"href":"https:\/\/leregardlibre.com\/de\/wp-json\/wp\/v2\/posts\/12068\/revisions\/512531"}],"wp:featuredmedia":[{"embeddable":true,"href":"https:\/\/leregardlibre.com\/de\/wp-json\/wp\/v2\/media\/12121"}],"wp:attachment":[{"href":"https:\/\/leregardlibre.com\/de\/wp-json\/wp\/v2\/media?parent=12068"}],"wp:term":[{"taxonomy":"category","embeddable":true,"href":"https:\/\/leregardlibre.com\/de\/wp-json\/wp\/v2\/categories?post=12068"},{"taxonomy":"post_tag","embeddable":true,"href":"https:\/\/leregardlibre.com\/de\/wp-json\/wp\/v2\/tags?post=12068"}],"curies":[{"name":"wp","href":"https:\/\/api.w.org\/{rel}","templated":true}]}}