{"id":12725,"date":"2017-11-03T19:23:27","date_gmt":"2017-11-03T18:23:27","guid":{"rendered":"http:\/\/leregardlibre.com\/?p=12725"},"modified":"2022-09-04T10:13:31","modified_gmt":"2022-09-04T08:13:31","slug":"die-saviesanne-identitat-wird-dieses-jahr-geehrt","status":"publish","type":"post","link":"https:\/\/leregardlibre.com\/de\/gesellschaft\/die-saviesanne-identitat-wird-dieses-jahr-geehrt\/","title":{"rendered":"Die Identit\u00e4t von Savi\u00e8s steht dieses Jahr im Mittelpunkt"},"content":{"rendered":"<p>Le Regard Libre Nr. 32 - Jonas Follonier<\/p>\n<p><i>Seit zwanzig Jahren haben es sich Anne-Gabrielle Bretz-H\u00e9ritier und ihr Mann Nicola zur Aufgabe gemacht, das Kulturerbe ihrer Gemeinde Savi\u00e8se zu sch\u00fctzen. Zu diesem Zweck haben sie die Stiftung Bretz-H\u00e9ritier gegr\u00fcndet. Um dieses Jubil\u00e4um zu feiern, organisiert die Stiftung ihre Dritten Begegnungen mit dem Thema der Identit\u00e4t von Savi\u00e8se. Dies ist die Geschichte eines au\u00dfergew\u00f6hnlichen lokalen Abenteuers.<\/i><\/p>\n<p><b>Jonas Follonier: Wie waren Sie auf die Idee gekommen, eine Stiftung zu gr\u00fcnden?<\/b><\/p>\n<p>Anne-Gabrielle Bretz-H\u00e9ritier: Meine Eltern waren Leute aus Savi\u00e8se und hatten immer eine Leidenschaft f\u00fcr die Dinge des Dorfes, sowohl materiell als auch immateriell. Diese Leidenschaft haben sie an mich weitergegeben. Ich habe 1988 meinen Mann Nicola geheiratet, und es war zun\u00e4chst eine kleine private Besch\u00e4ftigung. Als die Dorfbewohner begannen, zu uns zu kommen und nach Archiven, B\u00fcchern und Informationen zu fragen, entstand in uns die Idee, eine Organisation zu gr\u00fcnden. Aus unserem Wunsch heraus, das \u00d6ffentliche vom Privaten zu trennen, beschlossen wir 1997, eine klare, eigenst\u00e4ndige Einheit zu gr\u00fcnden. Wir w\u00e4hlten die Form einer Stiftung und nicht die eines Vereins, da wir etwas gr\u00fcnden wollten, das von uns war und dauerhaft werden konnte.<!--more--><\/p>\n<p><b>Was ist der Zweck Ihrer Stiftung?<\/b><\/p>\n<p>Es geht um die Bewahrung des Kulturerbes von Savi\u00e8se durch Schrift, Bild und Ton. Als Stiftung sind wir verpflichtet, den Zweck zu erf\u00fcllen, den wir uns selbst gesetzt haben. In unserem Fall ist das Kontrollorgan der Gemeinderat von Savi\u00e8se. Wir wollten kein Museum gr\u00fcnden, da das Immaterielle einer der wichtigen Aspekte f\u00fcr uns war.<\/p>\n<p><b>Ist das Publikum, an das Sie sich wenden, ausschlie\u00dflich aus Savi\u00e9re? Kann diese Gemeinde f\u00fcr jedermann von Interesse sein?<\/b><\/p>\n<p>Im Laufe dieser zwanzig Jahre hat sich unsere Offenheit weiterentwickelt. Auch wenn Savi\u00e8se unsere Arbeitsbasis und unser Hauptinteresse ist, gef\u00e4llt es uns, ein breiteres Publikum als fr\u00fcher zusammenzubringen und unsere Br\u00e4uche, Gegenst\u00e4nde und so weiter mit anderen Orten im Alpenraum in Verbindung zu bringen. Unser Ankerpunkt bleibt jedoch Savi\u00e8se.<\/p>\n<p>Die l\u00e4ndliche Geschichte, die unser kleines St\u00fcckchen Paradies bis in die 1960er Jahre gepr\u00e4gt hat, d\u00fcrfte vor allem in den Alpenregionen f\u00fcr viele Menschen von Interesse sein.<\/p>\n<p><b>Sie haben mit der Stiftung mehrere B\u00fccher herausgegeben. <em>Das Fronleichnamsfest in Savi\u00e8se<\/em> (2008) ist einer der wichtigsten. Was bedeutet dieses Fest f\u00fcr Sie?<\/b><\/p>\n<p>Dieses katholische Fest, das am zweiten Donnerstag nach Pfingsten stattfindet und die Eucharistie feiert, wird in Savi\u00e8se auf besondere Weise erlebt. Der Umzug, die traditionellen Kost\u00fcme und das Auftreten der Gesellschaft verleihen dem \u00abF\u00e9ita-Djyo\u00bb einen spirituellen und zugleich dynamischen Aspekt. Wenn es eine gro\u00dfe Tradition in Savi\u00e8se gibt, die einen eminent identit\u00e4tsstiftenden Charakter hat, dann ist es das Fronleichnamsfest. Es ist das Fest, das alle Bev\u00f6lkerungsschichten, alle Altersgruppen, alle Geschlechter, alle Parteien, die Jungen und die Alten, die Einheimischen und die Neuank\u00f6mmlinge zusammenbringt. Dieses Fest ist \u00fcbrigens als eine der lebendigen Traditionen der Schweiz anerkannt. Es war dieses Buch \u00fcber lebendige Geschichte, das anl\u00e4sslich unseres Zweiten Treffens herauskam, das die Stiftung wirklich bekannt machte. Wir brauchten ein Nachschlagewerk. Wir haben uns zum Ziel gesetzt, es zu realisieren. Nat\u00fcrlich entwickelt sich das Fronleichnamsfest als lebendige Tradition unmerklich weiter. Es ver\u00e4ndert sich nach und nach, um mit der Gesellschaft Schritt zu halten.<\/p>\n<p><b>Ein Beispiel f\u00fcr die Entwicklung seit 2008?<\/b><\/p>\n<p>Frauen sind nun genauso wie M\u00e4nner in der Firma zugelassen. Das ist eine beeindruckende Tatsache, zumal diese Entscheidung von den M\u00e4nnern ausgegangen ist.<\/p>\n<p><b>Die Dritten Begegnungen der Stiftung werden die Identit\u00e4t von Savi\u00e8s zum Thema haben. Auch wenn die Identit\u00e4t schwer zu definieren ist, bleibt sie vor allem\u00a0<\/b><b>mit dem Begriff Kultur verbunden; was sind wichtige Elemente der Savieser Kultur?\u00a0<\/b><\/p>\n<p>Zun\u00e4chst einmal ist ein wesentlicher Bestandteil der Kultur unserer D\u00f6rfer das Fronleichnamsfest, das wir bereits erw\u00e4hnt haben. Was das kulinarische Erbe betrifft, so m\u00f6chte ich die Tarte savi\u00e9sanne erw\u00e4hnen, die im Patois \u00abFlon\u00bb hei\u00dft und urspr\u00fcnglich mit \u00c4pfeln gebacken wurde, heute aber mit allen m\u00f6glichen Obstsorten angeboten wird. Im gleichen Register gibt es den \"g\u00e2teau savi\u00e9san\", der aus Lauch, Kartoffeln, Speck und einem Teigmantel hergestellt wird. Damit kann man seinen Mann ern\u00e4hren! Au\u00dferdem gibt es f\u00fcr den Herbst und Winter die Gr\u00fctzsuppe mit Gem\u00fcse aus dem Gem\u00fcsegarten. Viele Leute kommen auch wegen der Brisol\u00e9e nach Savi\u00e8se, obwohl man nicht wirklich sagen kann, dass sie von hier stammt. Was den Wein betrifft, so sprach man fr\u00fcher viel \u00fcber den Muscat de Savi\u00e8se. All das hat sich von der Zeit meines Vaters, der Winzer war, bis heute weiterentwickelt. F\u00fcr mich ist das Symbol dieser Erinnerung an den Weinbau ein Familiengegenstand: die Weinpresse.<\/p>\n<p><b>Eine weitere Facette der Identit\u00e4t ist die Sprache. In Savi\u00e8se sprechen einige noch den Patois. Wie viele Personen sind das?<\/b><\/p>\n<p>Das Patois ist wirklich eine Sprache. Bis etwa 1945 sprachen die Eltern mit allen ihren Kindern im Patois. Als die Geschwister nach dem Krieg weiterlebten, gab es oft folgendes Muster: Die ersten Kinder sprachen mit ihren Eltern Patois und siezten sie; die sp\u00e4teren Kinder sprachen mit ihnen Franz\u00f6sisch und siezten sie. Es gab eine gro\u00dfe Ver\u00e4nderung. Im Jahr 2000 wurde in der Gemeinde Savi\u00e8se eine eidgen\u00f6ssische Volksz\u00e4hlung durchgef\u00fchrt: Von den 5300 Einwohnern sprachen noch rund 600 Personen t\u00e4glich Patois, was 11,3% der Bev\u00f6lkerung entspricht. Derzeit w\u00fcrde ich sch\u00e4tzen, dass von den 7\u2019500 Einwohnern von Savi\u00e8se noch 200 Personen t\u00e4glich Patois sprechen, was 2,7% entspricht. Danach muss man sich vor Augen halten, dass diese Zahlen nur die Spitze des Eisbergs darstellen: Es gibt auch meine Generation, die das Patois versteht, es aber nicht spricht, und die es leider auch nicht weitergeben wird.<\/p>\n<p><b>Warum ist es f\u00fcr Sie so wichtig, dieses sprachliche Erbe zu verteidigen?<\/b><\/p>\n<p>Ich habe meine Leidenschaft f\u00fcr den Patois savi\u00e9san in dem Moment entdeckt, als mir in den 1990er Jahren bewusst wurde, dass ich zu der Generation geh\u00f6re, die das Aussterben einer Sprache erleben wird, die so viele Generationen vor mir gesprochen haben. Es mag etwas Absurdes daran sein, sich so f\u00fcr den Dialekt zu engagieren, wenn er vom Aussterben bedroht ist, aber ich sehe darin eine sch\u00f6ne Herausforderung.<\/p>\n<p><b>Man sagt den Saviesern gerne nach, dass sie sehr demonstrative Menschen sind, die gerne mit ihren Nachbarn in Konkurrenz treten und die Dinge gro\u00df machen. Klischee oder Realit\u00e4t?<\/b><\/p>\n<p>Der Saviesaner macht gerne alles richtig. Er ist relativ ruppig, auf jeden Fall sehr stolz, aber das geht nicht ohne seine gro\u00dfe Eigenschaft: Er ist gastfreundlich. Die Freiwilligenarbeit ist in Savi\u00e8se sehr ausgepr\u00e4gt; die Menschen helfen sich st\u00e4ndig gegenseitig. Im Grunde erstrecken sich diese Charakterz\u00fcge auf alle Walliser, aber die Savieser sind vielleicht ein bisschen prahlerischer als andere.<\/p>\n<p><b>In wenigen Worten: Warum sollten Sie zu den Begegnungen am 18. November kommen?<\/b><\/p>\n<p>Zun\u00e4chst einmal, um einen guten Moment der Geselligkeit zu teilen und zu entdecken, was unsere verschiedenen Redner in langer Zeit vorbereitet haben. Ihre pers\u00f6nlichen Zeugnisse werden, sobald sie zusammengef\u00fcgt sind, ein Bild davon vermitteln, was Savi\u00e8se heute ist. Denn Savi\u00e8se im Jahr 2017 ist nicht das Gleiche wie Savi\u00e8se im Jahr 1960 oder Savi\u00e8se im Jahr 2030. Diese Treffen werden eine Auszeit zum Nachdenken schaffen, in einem positiven und konstruktiven Ansatz und nicht in einem R\u00fcckzug auf sich selbst.<\/p>\n<p><b>Haben Sie bereits ein anderes Projekt im Auge?<\/b><\/p>\n<p>Ich m\u00f6chte mich mit dem Thema Tod besch\u00e4ftigen. Ich m\u00f6chte mich daf\u00fcr interessieren, wie die Dorfbewohner diesen \u00dcbergang von der Erde in den Himmel begreifen. Ich habe diese Recherche 2011 begonnen, als der Friedhof von Savi\u00e8se umgestaltet wurde: Als ich erfuhr, dass tausend Gr\u00e4ber aufgehoben werden sollten, kniete ich mich mit meiner Kamera vor jedes einzelne Grab, um es zu verewigen.<\/p>\n<blockquote><p>Die <b>Samstag, 18. November 2017<\/b> finden die Dritten Treffen der <b>Bretz-Erben-Stiftung<\/b>, in der Aula des Schulzentrums von Mor\u00e9chon (Savi\u00e8se, VS). Mehrere Redner werden das Thema der Identit\u00e4t von Savi\u00e8se durch pers\u00f6nliche Zeugnisse er\u00f6rtern. Parallel zur Veranstaltung wird eine Publikation erscheinen. Jonas Follonier wird darin Folgendes vorstellen <em>Le Regard Libre<\/em>. Link zur Veranstaltung : <a href=\"http:\/\/www.bretzheritier.ch\/Lidentite_saviesanne.html\">Die Identit\u00e4t von Savi\u00e9sanne<\/a>.<\/p><\/blockquote>\n<p><em>Schreiben Sie dem Autor : <a href=\"mailto:jonas.follonier@leregardlibre.com\">jonas.follonier@leregardlibre.com<\/a><\/em><\/p>\n<p>Fotocredit: \u00a9 WikiValais<\/p>","protected":false},"excerpt":{"rendered":"<p>Le Regard Libre N\u00b0 32 &#8211; Jonas Follonier Cela fait vingt ans qu\u2019Anne-Gabrielle Bretz-H\u00e9ritier et son \u00e9poux Nicola se donnent&#8230;<\/p>","protected":false},"author":1,"featured_media":509487,"comment_status":"open","ping_status":"open","sticky":false,"template":"","format":"standard","meta":{"_acf_changed":false,"footnotes":""},"categories":[8796],"tags":[11788],"class_list":["post-12725","post","type-post","status-publish","format-standard","has-post-thumbnail","hentry","category-societe","tag-interviews"],"acf":[],"yoast_head":"<!-- This site is optimized with the Yoast SEO Premium plugin v27.4 (Yoast SEO v27.4) - https:\/\/yoast.com\/product\/yoast-seo-premium-wordpress\/ -->\n<title>L&#039;identit\u00e9 savi\u00e9sanne \u00e0 l&#039;honneur cette ann\u00e9e<\/title>\n<meta name=\"robots\" content=\"index, follow, max-snippet:-1, max-image-preview:large, max-video-preview:-1\" \/>\n<link rel=\"canonical\" href=\"https:\/\/leregardlibre.com\/de\/gesellschaft\/die-saviesanne-identitat-wird-dieses-jahr-geehrt\/\" \/>\n<meta property=\"og:locale\" content=\"de_DE\" \/>\n<meta property=\"og:type\" content=\"article\" \/>\n<meta property=\"og:title\" content=\"L&#039;identit\u00e9 savi\u00e9sanne \u00e0 l&#039;honneur cette ann\u00e9e\" \/>\n<meta property=\"og:description\" content=\"Le Regard Libre N\u00b0 32 - Jonas Follonier Cela fait vingt ans qu\u2019Anne-Gabrielle Bretz-H\u00e9ritier et son \u00e9poux Nicola se donnent...\" \/>\n<meta property=\"og:url\" content=\"https:\/\/leregardlibre.com\/de\/gesellschaft\/die-saviesanne-identitat-wird-dieses-jahr-geehrt\/\" \/>\n<meta property=\"og:site_name\" content=\"Le Regard Libre\" \/>\n<meta property=\"article:publisher\" content=\"https:\/\/www.facebook.com\/leregardlibre\/\" \/>\n<meta property=\"article:published_time\" content=\"2017-11-03T18:23:27+00:00\" \/>\n<meta property=\"article:modified_time\" content=\"2022-09-04T08:13:31+00:00\" \/>\n<meta property=\"og:image\" content=\"https:\/\/leregardlibre.com\/wp-content\/uploads\/2017\/11\/anne-gabrielle-et-nicola-v-bretz-hc3a9ritier-1-1024x724.jpeg\" \/>\n\t<meta property=\"og:image:width\" content=\"1024\" \/>\n\t<meta property=\"og:image:height\" content=\"724\" \/>\n\t<meta property=\"og:image:type\" content=\"image\/jpeg\" \/>\n<meta name=\"author\" content=\"Le Regard Libre\" \/>\n<meta name=\"twitter:card\" content=\"summary_large_image\" \/>\n<meta name=\"twitter:creator\" content=\"@LeRegardLibre\" \/>\n<meta name=\"twitter:site\" content=\"@LeRegardLibre\" \/>\n<meta name=\"twitter:label1\" content=\"Verfasst von\" \/>\n\t<meta name=\"twitter:data1\" content=\"Le Regard Libre\" \/>\n\t<meta name=\"twitter:label2\" content=\"Gesch\u00e4tzte Lesezeit\" \/>\n\t<meta name=\"twitter:data2\" content=\"8\u00a0Minuten\" \/>\n<script type=\"application\/ld+json\" class=\"yoast-schema-graph\">{\"@context\":\"https:\\\/\\\/schema.org\",\"@graph\":[{\"@type\":\"Article\",\"@id\":\"https:\\\/\\\/leregardlibre.com\\\/societe\\\/lidentite-saviesanne-a-lhonneur-cette-annee\\\/#article\",\"isPartOf\":{\"@id\":\"https:\\\/\\\/leregardlibre.com\\\/societe\\\/lidentite-saviesanne-a-lhonneur-cette-annee\\\/\"},\"author\":{\"name\":\"Le Regard Libre\",\"@id\":\"https:\\\/\\\/leregardlibre.com\\\/#\\\/schema\\\/person\\\/68aceea2de84966d0928b49556d54101\"},\"headline\":\"L&#8217;identit\u00e9 savi\u00e9sanne \u00e0 l&#8217;honneur cette ann\u00e9e\",\"datePublished\":\"2017-11-03T18:23:27+00:00\",\"dateModified\":\"2022-09-04T08:13:31+00:00\",\"mainEntityOfPage\":{\"@id\":\"https:\\\/\\\/leregardlibre.com\\\/societe\\\/lidentite-saviesanne-a-lhonneur-cette-annee\\\/\"},\"wordCount\":1548,\"commentCount\":0,\"publisher\":{\"@id\":\"https:\\\/\\\/leregardlibre.com\\\/#organization\"},\"image\":{\"@id\":\"https:\\\/\\\/leregardlibre.com\\\/societe\\\/lidentite-saviesanne-a-lhonneur-cette-annee\\\/#primaryimage\"},\"thumbnailUrl\":\"https:\\\/\\\/leregardlibre.com\\\/wp-content\\\/uploads\\\/2017\\\/11\\\/anne-gabrielle-et-nicola-v-bretz-hc3a9ritier-1.jpeg\",\"keywords\":[\"Interview\"],\"articleSection\":[\"Soci\u00e9t\u00e9\"],\"inLanguage\":\"de\",\"potentialAction\":[{\"@type\":\"CommentAction\",\"name\":\"Comment\",\"target\":[\"https:\\\/\\\/leregardlibre.com\\\/societe\\\/lidentite-saviesanne-a-lhonneur-cette-annee\\\/#respond\"]}]},{\"@type\":\"WebPage\",\"@id\":\"https:\\\/\\\/leregardlibre.com\\\/societe\\\/lidentite-saviesanne-a-lhonneur-cette-annee\\\/\",\"url\":\"https:\\\/\\\/leregardlibre.com\\\/societe\\\/lidentite-saviesanne-a-lhonneur-cette-annee\\\/\",\"name\":\"L'identit\u00e9 savi\u00e9sanne \u00e0 l'honneur cette ann\u00e9e\",\"isPartOf\":{\"@id\":\"https:\\\/\\\/leregardlibre.com\\\/#website\"},\"primaryImageOfPage\":{\"@id\":\"https:\\\/\\\/leregardlibre.com\\\/societe\\\/lidentite-saviesanne-a-lhonneur-cette-annee\\\/#primaryimage\"},\"image\":{\"@id\":\"https:\\\/\\\/leregardlibre.com\\\/societe\\\/lidentite-saviesanne-a-lhonneur-cette-annee\\\/#primaryimage\"},\"thumbnailUrl\":\"https:\\\/\\\/leregardlibre.com\\\/wp-content\\\/uploads\\\/2017\\\/11\\\/anne-gabrielle-et-nicola-v-bretz-hc3a9ritier-1.jpeg\",\"datePublished\":\"2017-11-03T18:23:27+00:00\",\"dateModified\":\"2022-09-04T08:13:31+00:00\",\"breadcrumb\":{\"@id\":\"https:\\\/\\\/leregardlibre.com\\\/societe\\\/lidentite-saviesanne-a-lhonneur-cette-annee\\\/#breadcrumb\"},\"inLanguage\":\"de\",\"potentialAction\":[{\"@type\":\"ReadAction\",\"target\":[\"https:\\\/\\\/leregardlibre.com\\\/societe\\\/lidentite-saviesanne-a-lhonneur-cette-annee\\\/\"]}]},{\"@type\":\"ImageObject\",\"inLanguage\":\"de\",\"@id\":\"https:\\\/\\\/leregardlibre.com\\\/societe\\\/lidentite-saviesanne-a-lhonneur-cette-annee\\\/#primaryimage\",\"url\":\"https:\\\/\\\/leregardlibre.com\\\/wp-content\\\/uploads\\\/2017\\\/11\\\/anne-gabrielle-et-nicola-v-bretz-hc3a9ritier-1.jpeg\",\"contentUrl\":\"https:\\\/\\\/leregardlibre.com\\\/wp-content\\\/uploads\\\/2017\\\/11\\\/anne-gabrielle-et-nicola-v-bretz-hc3a9ritier-1.jpeg\",\"width\":3507,\"height\":2480},{\"@type\":\"BreadcrumbList\",\"@id\":\"https:\\\/\\\/leregardlibre.com\\\/societe\\\/lidentite-saviesanne-a-lhonneur-cette-annee\\\/#breadcrumb\",\"itemListElement\":[{\"@type\":\"ListItem\",\"position\":1,\"name\":\"Accueil\",\"item\":\"https:\\\/\\\/leregardlibre.com\\\/\"},{\"@type\":\"ListItem\",\"position\":2,\"name\":\"L&#8217;identit\u00e9 savi\u00e9sanne \u00e0 l&#8217;honneur cette ann\u00e9e\"}]},{\"@type\":\"WebSite\",\"@id\":\"https:\\\/\\\/leregardlibre.com\\\/#website\",\"url\":\"https:\\\/\\\/leregardlibre.com\\\/\",\"name\":\"Le Regard Libre\",\"description\":\"Premier mensuel suisse de d\u00e9bat\",\"publisher\":{\"@id\":\"https:\\\/\\\/leregardlibre.com\\\/#organization\"},\"potentialAction\":[{\"@type\":\"SearchAction\",\"target\":{\"@type\":\"EntryPoint\",\"urlTemplate\":\"https:\\\/\\\/leregardlibre.com\\\/?s={search_term_string}\"},\"query-input\":{\"@type\":\"PropertyValueSpecification\",\"valueRequired\":true,\"valueName\":\"search_term_string\"}}],\"inLanguage\":\"de\"},{\"@type\":\"Organization\",\"@id\":\"https:\\\/\\\/leregardlibre.com\\\/#organization\",\"name\":\"Le Regard Libre\",\"url\":\"https:\\\/\\\/leregardlibre.com\\\/\",\"logo\":{\"@type\":\"ImageObject\",\"inLanguage\":\"de\",\"@id\":\"https:\\\/\\\/leregardlibre.com\\\/#\\\/schema\\\/logo\\\/image\\\/\",\"url\":\"https:\\\/\\\/leregardlibre.com\\\/wp-content\\\/uploads\\\/2025\\\/08\\\/logo-rl-icone-neg.jpeg\",\"contentUrl\":\"https:\\\/\\\/leregardlibre.com\\\/wp-content\\\/uploads\\\/2025\\\/08\\\/logo-rl-icone-neg.jpeg\",\"width\":557,\"height\":556,\"caption\":\"Le Regard Libre\"},\"image\":{\"@id\":\"https:\\\/\\\/leregardlibre.com\\\/#\\\/schema\\\/logo\\\/image\\\/\"},\"sameAs\":[\"https:\\\/\\\/www.facebook.com\\\/leregardlibre\\\/\",\"https:\\\/\\\/x.com\\\/LeRegardLibre\",\"https:\\\/\\\/www.linkedin.com\\\/company\\\/le-regard-libre\",\"https:\\\/\\\/www.instagram.com\\\/leregardlibre\\\/\",\"http:\\\/\\\/t.me\\\/leregardlibre\",\"https:\\\/\\\/youtube.com\\\/channel\\\/UC6HzGPomj1LsUmlz-sJtITQ\"],\"description\":\"Le Regard Libre est un mensuel suisse de d\u00e9bat intellectuel et culturel. Sa r\u00e9daction est jeune, b\u00e9n\u00e9vole, lib\u00e9rale et pluraliste. Le magazine para\u00eet en ligne et sous forme papier. Sa langue est le fran\u00e7ais.\",\"email\":\"redaction@leregardlibre.com\",\"legalName\":\"Le Regard Libre\",\"foundingDate\":\"2014-01-01\",\"numberOfEmployees\":{\"@type\":\"QuantitativeValue\",\"minValue\":\"11\",\"maxValue\":\"50\"},\"publishingPrinciples\":\"https:\\\/\\\/leregardlibre.com\\\/a-propos\\\/notre-manifeste\\\/\",\"ownershipFundingInfo\":\"https:\\\/\\\/leregardlibre.com\\\/mentions-legales\\\/\",\"actionableFeedbackPolicy\":\"https:\\\/\\\/leregardlibre.com\\\/conditions-generales-de-vente\\\/\"},{\"@type\":\"Person\",\"@id\":\"https:\\\/\\\/leregardlibre.com\\\/#\\\/schema\\\/person\\\/68aceea2de84966d0928b49556d54101\",\"name\":\"Le Regard Libre\",\"image\":{\"@type\":\"ImageObject\",\"inLanguage\":\"de\",\"@id\":\"https:\\\/\\\/secure.gravatar.com\\\/avatar\\\/ccf13a262e399e026577c8158b11cbdef98921ac28fa06bc0d43a2d0e2a4a1c0?s=96&d=identicon&r=g\",\"url\":\"https:\\\/\\\/secure.gravatar.com\\\/avatar\\\/ccf13a262e399e026577c8158b11cbdef98921ac28fa06bc0d43a2d0e2a4a1c0?s=96&d=identicon&r=g\",\"contentUrl\":\"https:\\\/\\\/secure.gravatar.com\\\/avatar\\\/ccf13a262e399e026577c8158b11cbdef98921ac28fa06bc0d43a2d0e2a4a1c0?s=96&d=identicon&r=g\",\"caption\":\"Le Regard Libre\"},\"description\":\"Premier mensuel suisse de d\u00e9bat\",\"sameAs\":[\"https:\\\/\\\/fr.wikipedia.org\\\/wiki\\\/Le_Regard_libre\"],\"url\":\"https:\\\/\\\/leregardlibre.com\\\/de\\\/author\\\/leregardlibre\\\/\"}]}<\/script>\n<!-- \/ Yoast SEO Premium plugin. -->","yoast_head_json":{"title":"Die Identit\u00e4t von Savi\u00e8s steht dieses Jahr im Mittelpunkt","robots":{"index":"index","follow":"follow","max-snippet":"max-snippet:-1","max-image-preview":"max-image-preview:large","max-video-preview":"max-video-preview:-1"},"canonical":"https:\/\/leregardlibre.com\/de\/gesellschaft\/die-saviesanne-identitat-wird-dieses-jahr-geehrt\/","og_locale":"de_DE","og_type":"article","og_title":"L'identit\u00e9 savi\u00e9sanne \u00e0 l'honneur cette ann\u00e9e","og_description":"Le Regard Libre N\u00b0 32 - Jonas Follonier Cela fait vingt ans qu\u2019Anne-Gabrielle Bretz-H\u00e9ritier et son \u00e9poux Nicola se donnent...","og_url":"https:\/\/leregardlibre.com\/de\/gesellschaft\/die-saviesanne-identitat-wird-dieses-jahr-geehrt\/","og_site_name":"Le Regard Libre","article_publisher":"https:\/\/www.facebook.com\/leregardlibre\/","article_published_time":"2017-11-03T18:23:27+00:00","article_modified_time":"2022-09-04T08:13:31+00:00","og_image":[{"width":1024,"height":724,"url":"https:\/\/leregardlibre.com\/wp-content\/uploads\/2017\/11\/anne-gabrielle-et-nicola-v-bretz-hc3a9ritier-1-1024x724.jpeg","type":"image\/jpeg"}],"author":"Le Regard Libre","twitter_card":"summary_large_image","twitter_creator":"@LeRegardLibre","twitter_site":"@LeRegardLibre","twitter_misc":{"Verfasst von":"Le Regard Libre","Gesch\u00e4tzte Lesezeit":"8\u00a0Minuten"},"schema":{"@context":"https:\/\/schema.org","@graph":[{"@type":"Article","@id":"https:\/\/leregardlibre.com\/societe\/lidentite-saviesanne-a-lhonneur-cette-annee\/#article","isPartOf":{"@id":"https:\/\/leregardlibre.com\/societe\/lidentite-saviesanne-a-lhonneur-cette-annee\/"},"author":{"name":"Le Regard Libre","@id":"https:\/\/leregardlibre.com\/#\/schema\/person\/68aceea2de84966d0928b49556d54101"},"headline":"L&#8217;identit\u00e9 savi\u00e9sanne \u00e0 l&#8217;honneur cette ann\u00e9e","datePublished":"2017-11-03T18:23:27+00:00","dateModified":"2022-09-04T08:13:31+00:00","mainEntityOfPage":{"@id":"https:\/\/leregardlibre.com\/societe\/lidentite-saviesanne-a-lhonneur-cette-annee\/"},"wordCount":1548,"commentCount":0,"publisher":{"@id":"https:\/\/leregardlibre.com\/#organization"},"image":{"@id":"https:\/\/leregardlibre.com\/societe\/lidentite-saviesanne-a-lhonneur-cette-annee\/#primaryimage"},"thumbnailUrl":"https:\/\/leregardlibre.com\/wp-content\/uploads\/2017\/11\/anne-gabrielle-et-nicola-v-bretz-hc3a9ritier-1.jpeg","keywords":["Interview"],"articleSection":["Soci\u00e9t\u00e9"],"inLanguage":"de","potentialAction":[{"@type":"CommentAction","name":"Comment","target":["https:\/\/leregardlibre.com\/societe\/lidentite-saviesanne-a-lhonneur-cette-annee\/#respond"]}]},{"@type":"WebPage","@id":"https:\/\/leregardlibre.com\/societe\/lidentite-saviesanne-a-lhonneur-cette-annee\/","url":"https:\/\/leregardlibre.com\/societe\/lidentite-saviesanne-a-lhonneur-cette-annee\/","name":"Die Identit\u00e4t von Savi\u00e8s steht dieses Jahr im Mittelpunkt","isPartOf":{"@id":"https:\/\/leregardlibre.com\/#website"},"primaryImageOfPage":{"@id":"https:\/\/leregardlibre.com\/societe\/lidentite-saviesanne-a-lhonneur-cette-annee\/#primaryimage"},"image":{"@id":"https:\/\/leregardlibre.com\/societe\/lidentite-saviesanne-a-lhonneur-cette-annee\/#primaryimage"},"thumbnailUrl":"https:\/\/leregardlibre.com\/wp-content\/uploads\/2017\/11\/anne-gabrielle-et-nicola-v-bretz-hc3a9ritier-1.jpeg","datePublished":"2017-11-03T18:23:27+00:00","dateModified":"2022-09-04T08:13:31+00:00","breadcrumb":{"@id":"https:\/\/leregardlibre.com\/societe\/lidentite-saviesanne-a-lhonneur-cette-annee\/#breadcrumb"},"inLanguage":"de","potentialAction":[{"@type":"ReadAction","target":["https:\/\/leregardlibre.com\/societe\/lidentite-saviesanne-a-lhonneur-cette-annee\/"]}]},{"@type":"ImageObject","inLanguage":"de","@id":"https:\/\/leregardlibre.com\/societe\/lidentite-saviesanne-a-lhonneur-cette-annee\/#primaryimage","url":"https:\/\/leregardlibre.com\/wp-content\/uploads\/2017\/11\/anne-gabrielle-et-nicola-v-bretz-hc3a9ritier-1.jpeg","contentUrl":"https:\/\/leregardlibre.com\/wp-content\/uploads\/2017\/11\/anne-gabrielle-et-nicola-v-bretz-hc3a9ritier-1.jpeg","width":3507,"height":2480},{"@type":"BreadcrumbList","@id":"https:\/\/leregardlibre.com\/societe\/lidentite-saviesanne-a-lhonneur-cette-annee\/#breadcrumb","itemListElement":[{"@type":"ListItem","position":1,"name":"Accueil","item":"https:\/\/leregardlibre.com\/"},{"@type":"ListItem","position":2,"name":"L&#8217;identit\u00e9 savi\u00e9sanne \u00e0 l&#8217;honneur cette ann\u00e9e"}]},{"@type":"WebSite","@id":"https:\/\/leregardlibre.com\/#website","url":"https:\/\/leregardlibre.com\/","name":"Le Regard Libre","description":"Erste Schweizer Monatszeitschrift f\u00fcr Debatten","publisher":{"@id":"https:\/\/leregardlibre.com\/#organization"},"potentialAction":[{"@type":"SearchAction","target":{"@type":"EntryPoint","urlTemplate":"https:\/\/leregardlibre.com\/?s={search_term_string}"},"query-input":{"@type":"PropertyValueSpecification","valueRequired":true,"valueName":"search_term_string"}}],"inLanguage":"de"},{"@type":"Organization","@id":"https:\/\/leregardlibre.com\/#organization","name":"Le Regard Libre","url":"https:\/\/leregardlibre.com\/","logo":{"@type":"ImageObject","inLanguage":"de","@id":"https:\/\/leregardlibre.com\/#\/schema\/logo\/image\/","url":"https:\/\/leregardlibre.com\/wp-content\/uploads\/2025\/08\/logo-rl-icone-neg.jpeg","contentUrl":"https:\/\/leregardlibre.com\/wp-content\/uploads\/2025\/08\/logo-rl-icone-neg.jpeg","width":557,"height":556,"caption":"Le Regard Libre"},"image":{"@id":"https:\/\/leregardlibre.com\/#\/schema\/logo\/image\/"},"sameAs":["https:\/\/www.facebook.com\/leregardlibre\/","https:\/\/x.com\/LeRegardLibre","https:\/\/www.linkedin.com\/company\/le-regard-libre","https:\/\/www.instagram.com\/leregardlibre\/","http:\/\/t.me\/leregardlibre","https:\/\/youtube.com\/channel\/UC6HzGPomj1LsUmlz-sJtITQ"],"description":"Le Regard Libre ist eine Schweizer Monatszeitschrift f\u00fcr intellektuelle und kulturelle Debatten. Seine Redaktion ist jung, ehrenamtlich, liberal und pluralistisch. Das Magazin erscheint online und in gedruckter Form. Seine Sprache ist Franz\u00f6sisch.","email":"redaction@leregardlibre.com","legalName":"Le Regard Libre","foundingDate":"2014-01-01","numberOfEmployees":{"@type":"QuantitativeValue","minValue":"11","maxValue":"50"},"publishingPrinciples":"https:\/\/leregardlibre.com\/a-propos\/notre-manifeste\/","ownershipFundingInfo":"https:\/\/leregardlibre.com\/mentions-legales\/","actionableFeedbackPolicy":"https:\/\/leregardlibre.com\/conditions-generales-de-vente\/"},{"@type":"Person","@id":"https:\/\/leregardlibre.com\/#\/schema\/person\/68aceea2de84966d0928b49556d54101","name":"Le Regard Libre","image":{"@type":"ImageObject","inLanguage":"de","@id":"https:\/\/secure.gravatar.com\/avatar\/ccf13a262e399e026577c8158b11cbdef98921ac28fa06bc0d43a2d0e2a4a1c0?s=96&d=identicon&r=g","url":"https:\/\/secure.gravatar.com\/avatar\/ccf13a262e399e026577c8158b11cbdef98921ac28fa06bc0d43a2d0e2a4a1c0?s=96&d=identicon&r=g","contentUrl":"https:\/\/secure.gravatar.com\/avatar\/ccf13a262e399e026577c8158b11cbdef98921ac28fa06bc0d43a2d0e2a4a1c0?s=96&d=identicon&r=g","caption":"Le Regard Libre"},"description":"Erste Schweizer Monatszeitschrift f\u00fcr Debatten","sameAs":["https:\/\/fr.wikipedia.org\/wiki\/Le_Regard_libre"],"url":"https:\/\/leregardlibre.com\/de\/author\/leregardlibre\/"}]}},"_links":{"self":[{"href":"https:\/\/leregardlibre.com\/de\/wp-json\/wp\/v2\/posts\/12725","targetHints":{"allow":["GET"]}}],"collection":[{"href":"https:\/\/leregardlibre.com\/de\/wp-json\/wp\/v2\/posts"}],"about":[{"href":"https:\/\/leregardlibre.com\/de\/wp-json\/wp\/v2\/types\/post"}],"author":[{"embeddable":true,"href":"https:\/\/leregardlibre.com\/de\/wp-json\/wp\/v2\/users\/1"}],"replies":[{"embeddable":true,"href":"https:\/\/leregardlibre.com\/de\/wp-json\/wp\/v2\/comments?post=12725"}],"version-history":[{"count":1,"href":"https:\/\/leregardlibre.com\/de\/wp-json\/wp\/v2\/posts\/12725\/revisions"}],"predecessor-version":[{"id":509486,"href":"https:\/\/leregardlibre.com\/de\/wp-json\/wp\/v2\/posts\/12725\/revisions\/509486"}],"wp:featuredmedia":[{"embeddable":true,"href":"https:\/\/leregardlibre.com\/de\/wp-json\/wp\/v2\/media\/509487"}],"wp:attachment":[{"href":"https:\/\/leregardlibre.com\/de\/wp-json\/wp\/v2\/media?parent=12725"}],"wp:term":[{"taxonomy":"category","embeddable":true,"href":"https:\/\/leregardlibre.com\/de\/wp-json\/wp\/v2\/categories?post=12725"},{"taxonomy":"post_tag","embeddable":true,"href":"https:\/\/leregardlibre.com\/de\/wp-json\/wp\/v2\/tags?post=12725"}],"curies":[{"name":"wp","href":"https:\/\/api.w.org\/{rel}","templated":true}]}}