{"id":13320,"date":"2017-11-20T22:42:42","date_gmt":"2017-11-20T20:42:42","guid":{"rendered":"http:\/\/leregardlibre.com\/?p=13320"},"modified":"2025-12-13T22:55:18","modified_gmt":"2025-12-13T21:55:18","slug":"der-mittlere-osten-ist-noch-nicht-uber-den-berg","status":"publish","type":"post","link":"https:\/\/leregardlibre.com\/de\/politik\/welt\/der-mittlere-osten-ist-noch-nicht-uber-den-berg\/","title":{"rendered":"Der Nahe Osten ist noch nicht \u00fcber den Berg"},"content":{"rendered":"<p><em>Montags Nachrichten - <a href=\"https:\/\/leregardlibre.com\/de\/tag\/clement-guntern\/\">Cl\u00e9ment Guntern<\/a><\/em><\/p>\n\n\n\n<p class=\"has-drop-cap\">Der Nahe Osten ist noch nicht am Ende seiner Schwierigkeiten angelangt. In vielen L\u00e4ndern treten Spannungen zwischen den Staaten sowie zwischen den verschiedenen religi\u00f6sen oder ethnischen Gemeinschaften auf. Eine neue Frontlinie wurde in den letzten Jahren durch eine Konfrontation zwischen den beiden Regionalm\u00e4chten Saudi-Arabien und Iran wiederbelebt. Diese beiden Staaten, die jeweils eine Religionsgemeinschaft, n\u00e4mlich den Sunnismus bzw. den Schiismus, vertreten, stehen sich in der gesamten Region gegen\u00fcber. Die Macht des Iran, der in der Region eine aggressivere Haltung eingenommen hat, l\u00f6st bei seinem saudischen Rivalen Angst aus, da er sieht, dass sich die Islamische Republik Iran in allen Konflikten entfaltet.<\/p>\n\n\n\n<!--more Lire la suite de la chronique (en libre acc\u00e8s)-->\n\n\n\n<p>Das Gleichgewicht in der Region k\u00f6nnte gest\u00f6rt werden, und der saudische Gegenschlag lie\u00df \u00fcberall dort, wo sich der Iran engagiert, nicht lange auf sich warten. Vor allem im Jemen, wo der Iran die Rebellen gegen die Regierung unterst\u00fctzt. Saudi-Arabien sah sich gezwungen, in diesem Nachbarland mit Unterst\u00fctzung mehrerer anderer arabischer L\u00e4nder zu intervenieren. Auch in Syrien und im Irak, wo das iranische Regime sogar M\u00e4nner zur Unterst\u00fctzung der jeweiligen - nat\u00fcrlich schiitischen - Regierungen einsetzte. Im Libanon schlie\u00dflich unterst\u00fctzt Teheran die bewaffnete Gruppe und politische Partei Hisbollah, die ebenfalls streng schiitisch ist.<\/p>\n\n\n\n<p>Saad Hariri, der libanesische Premierminister, bildete 2016 eine Einigungsregierung, die sich aus allen Fraktionen des Landes (Christen, Schiiten und Sunniten) zusammensetzte. Dieser sunnitische Politiker ist ein Gegner der Hisbollah, die, wie wir bereits erw\u00e4hnt haben, vom Iran unterst\u00fctzt wird. Und genau diese letztgenannte Gruppe wollen die Saudis nicht in der libanesischen Regierung sehen, aus Angst, dass der iranische Einfluss dort wachsen k\u00f6nnte. Um die Bef\u00fcrchtungen des saudischen K\u00f6nigreichs nicht zu entkr\u00e4ften, leitete der libanesische Pr\u00e4sident Michel Aoun am Rande der Generalversammlung der Vereinten Nationen eine Normalisierung der Beziehungen zu Syrien ein. Riad ist dies nat\u00fcrlich nicht entgangen und hat sich beeilt, gegen die Gegenseite vorzugehen.<\/p>\n\n\n\n<p>Der libanesische Premierminister, der durch sein Verm\u00f6gen oder seine Familie starke Verbindungen zu Saudi-Arabien unterh\u00e4lt, erhielt von seinen sunnitischen Verb\u00fcndeten gro\u00dfe Unterst\u00fctzung f\u00fcr seine politische Partei. \u00dcberraschend k\u00fcndigte Saad Hariri am 4. November von Saudi-Arabien aus seinen R\u00fccktritt an, um gegen die Vereinnahmung des Libanon durch den Iran und die Hisbollah zu protestieren. In Beirut glauben viele, dass der Premierminister unter dem Druck Saudi-Arabiens, insbesondere des libanesischen Pr\u00e4sidenten Aoun, zum R\u00fccktritt gezwungen wurde.<\/p>\n\n\n\n<p>In dieser Angelegenheit hat sich Saudi-Arabien nicht sehr geschickt verhalten, als es seinen Einfluss im Libanon bewahren und den des Iran bek\u00e4mpfen wollte. Der Premierminister lie\u00df viele Zweifel an der Aufrichtigkeit seiner Worte aufkommen und das K\u00f6nigreich fand sich in der Rolle einer Interventionsmacht wieder. Das saudische K\u00f6nigreich befand sich in einer unbequemen Lage, da es versucht, sich gegen\u00fcber dem Westen als verl\u00e4sslicher Partner zu erweisen, um deren Unterst\u00fctzung gegen die iranische Macht zu erhalten. Insbesondere die Zulassung von Frauen zum Autofahren ist sicherlich nicht nur eine feministische Ma\u00dfnahme, sondern auch ein Versuch, die Gunst des Westens zu erlangen.<\/p>\n\n\n\n<p>Frankreich nutzte diese Gelegenheit und befreite Saudi-Arabien aus einer schwierigen Lage, indem es Hariri nach Paris holte. Damit positioniert sich Frankreich im Nahen Osten etwas neu und kann gleichzeitig seine besondere und historische Beziehung zum Land der Zedern ehren.<\/p>\n\n\n\n<p>Dieses sich nach Westen verlagernde Machtspiel bedroht ein \u00e4u\u00dferst fragiles Land, das in mehrere Gemeinschaften gespalten ist, die nach einem schrecklichen B\u00fcrgerkrieg so gut wie m\u00f6glich versuchen, zusammenzuleben. Das Wiederaufleben der internen Spaltungen durch mehrere Regionalm\u00e4chte kann dieses fragile Land nur mit einem R\u00fcckfall in den Krieg bedrohen. Diese neue Episode der Fernkonfrontation zwischen den beiden M\u00e4chten droht erneut ein Land in der Region zu verw\u00fcsten.<\/p>\n\n\n\n<p><em>Schreiben Sie dem Autor: <a href=\"mailto:clement.guntern@leregardlibre.com\">clement.guntern@leregardlibre.com<\/a><\/em><\/p>\n\n\n\n<p>Bildnachweis: \u00a9 Radio-Canada.ca<\/p>","protected":false},"excerpt":{"rendered":"<p>Les lundis de l&#8217;actualit\u00e9 &#8211; Cl\u00e9ment Guntern Le Moyen-Orient n\u2019en est pas \u00e0 bout de ses difficult\u00e9s. Les tensions entre&#8230;<\/p>","protected":false},"author":325,"featured_media":13321,"comment_status":"open","ping_status":"open","sticky":false,"template":"","format":"standard","meta":{"_acf_changed":false,"footnotes":""},"categories":[644357281],"tags":[1566048,530919,1164589,775116,1678544,61091,239228,26256,6645,248540,117662,2713532,491941,3231839,273535,707884,61496],"class_list":["post-13320","post","type-post","status-publish","format-standard","has-post-thumbnail","hentry","category-monde","tag-aoun","tag-arabie-saoudite","tag-beyrouth","tag-chiisme","tag-conflits","tag-guerre","tag-hezbollah","tag-irak","tag-iran","tag-liban","tag-moyen-orient","tag-riyad","tag-saad-hariri","tag-sunnisme","tag-syrie","tag-teheran","tag-yemen"],"acf":[],"yoast_head":"<!-- This site is optimized with the Yoast SEO Premium plugin v27.4 (Yoast SEO v27.4) - https:\/\/yoast.com\/product\/yoast-seo-premium-wordpress\/ -->\n<title>Le Moyen-Orient n&#039;en est pas \u00e0 bout de ses difficult\u00e9s<\/title>\n<meta name=\"robots\" content=\"index, follow, max-snippet:-1, max-image-preview:large, max-video-preview:-1\" \/>\n<link rel=\"canonical\" href=\"https:\/\/leregardlibre.com\/de\/politik\/welt\/der-mittlere-osten-ist-noch-nicht-uber-den-berg\/\" \/>\n<meta property=\"og:locale\" content=\"de_DE\" \/>\n<meta property=\"og:type\" content=\"article\" \/>\n<meta property=\"og:title\" content=\"Le Moyen-Orient n&#039;en est pas \u00e0 bout de ses difficult\u00e9s\" \/>\n<meta property=\"og:description\" content=\"Les lundis de l&#039;actualit\u00e9 - Cl\u00e9ment Guntern Le Moyen-Orient n\u2019en est pas \u00e0 bout de ses difficult\u00e9s. Les tensions entre...\" \/>\n<meta property=\"og:url\" content=\"https:\/\/leregardlibre.com\/de\/politik\/welt\/der-mittlere-osten-ist-noch-nicht-uber-den-berg\/\" \/>\n<meta property=\"og:site_name\" content=\"Le Regard Libre\" \/>\n<meta property=\"article:publisher\" content=\"https:\/\/www.facebook.com\/leregardlibre\/\" \/>\n<meta property=\"article:published_time\" content=\"2017-11-20T20:42:42+00:00\" \/>\n<meta property=\"article:modified_time\" content=\"2025-12-13T21:55:18+00:00\" \/>\n<meta property=\"og:image\" content=\"https:\/\/leregardlibre.com\/wp-content\/uploads\/2017\/11\/iran-et-arabie-saoudite.jpg\" \/>\n\t<meta property=\"og:image:width\" content=\"2000\" \/>\n\t<meta property=\"og:image:height\" content=\"1247\" \/>\n\t<meta property=\"og:image:type\" content=\"image\/jpeg\" \/>\n<meta name=\"author\" content=\"Cl\u00e9ment Guntern\" \/>\n<meta name=\"twitter:card\" content=\"summary_large_image\" \/>\n<meta name=\"twitter:creator\" content=\"@LeRegardLibre\" \/>\n<meta name=\"twitter:site\" content=\"@LeRegardLibre\" \/>\n<meta name=\"twitter:label1\" content=\"Verfasst von\" \/>\n\t<meta name=\"twitter:data1\" content=\"Cl\u00e9ment Guntern\" \/>\n\t<meta name=\"twitter:label2\" content=\"Gesch\u00e4tzte Lesezeit\" \/>\n\t<meta name=\"twitter:data2\" content=\"4\u00a0Minuten\" \/>\n<script type=\"application\/ld+json\" class=\"yoast-schema-graph\">{\"@context\":\"https:\\\/\\\/schema.org\",\"@graph\":[{\"@type\":\"Article\",\"@id\":\"https:\\\/\\\/leregardlibre.com\\\/politique\\\/monde\\\/le-moyen-orient-nen-est-pas-a-bout-de-ses-difficultes\\\/#article\",\"isPartOf\":{\"@id\":\"https:\\\/\\\/leregardlibre.com\\\/politique\\\/monde\\\/le-moyen-orient-nen-est-pas-a-bout-de-ses-difficultes\\\/\"},\"author\":{\"name\":\"Cl\u00e9ment Guntern\",\"@id\":\"https:\\\/\\\/leregardlibre.com\\\/#\\\/schema\\\/person\\\/30daacd8c04cd92ec59532d74a7b18f8\"},\"headline\":\"Le Moyen-Orient n&#8217;en est pas \u00e0 bout de ses difficult\u00e9s\",\"datePublished\":\"2017-11-20T20:42:42+00:00\",\"dateModified\":\"2025-12-13T21:55:18+00:00\",\"mainEntityOfPage\":{\"@id\":\"https:\\\/\\\/leregardlibre.com\\\/politique\\\/monde\\\/le-moyen-orient-nen-est-pas-a-bout-de-ses-difficultes\\\/\"},\"wordCount\":747,\"commentCount\":0,\"publisher\":{\"@id\":\"https:\\\/\\\/leregardlibre.com\\\/#organization\"},\"image\":{\"@id\":\"https:\\\/\\\/leregardlibre.com\\\/politique\\\/monde\\\/le-moyen-orient-nen-est-pas-a-bout-de-ses-difficultes\\\/#primaryimage\"},\"thumbnailUrl\":\"https:\\\/\\\/leregardlibre.com\\\/wp-content\\\/uploads\\\/2017\\\/11\\\/iran-et-arabie-saoudite.jpg\",\"keywords\":[\"aoun\",\"Arabie saoudite\",\"beyrouth\",\"chiisme\",\"conflits\",\"Guerre\",\"hezbollah\",\"Irak\",\"Iran\",\"Liban\",\"Moyen-Orient\",\"riyad\",\"saad hariri\",\"Sunnisme\",\"Syrie\",\"T\u00e9h\u00e9ran\",\"Y\u00e9men\"],\"articleSection\":[\"Monde\"],\"inLanguage\":\"de\",\"potentialAction\":[{\"@type\":\"CommentAction\",\"name\":\"Comment\",\"target\":[\"https:\\\/\\\/leregardlibre.com\\\/politique\\\/monde\\\/le-moyen-orient-nen-est-pas-a-bout-de-ses-difficultes\\\/#respond\"]}]},{\"@type\":\"WebPage\",\"@id\":\"https:\\\/\\\/leregardlibre.com\\\/politique\\\/monde\\\/le-moyen-orient-nen-est-pas-a-bout-de-ses-difficultes\\\/\",\"url\":\"https:\\\/\\\/leregardlibre.com\\\/politique\\\/monde\\\/le-moyen-orient-nen-est-pas-a-bout-de-ses-difficultes\\\/\",\"name\":\"Le Moyen-Orient n'en est pas \u00e0 bout de ses difficult\u00e9s\",\"isPartOf\":{\"@id\":\"https:\\\/\\\/leregardlibre.com\\\/#website\"},\"primaryImageOfPage\":{\"@id\":\"https:\\\/\\\/leregardlibre.com\\\/politique\\\/monde\\\/le-moyen-orient-nen-est-pas-a-bout-de-ses-difficultes\\\/#primaryimage\"},\"image\":{\"@id\":\"https:\\\/\\\/leregardlibre.com\\\/politique\\\/monde\\\/le-moyen-orient-nen-est-pas-a-bout-de-ses-difficultes\\\/#primaryimage\"},\"thumbnailUrl\":\"https:\\\/\\\/leregardlibre.com\\\/wp-content\\\/uploads\\\/2017\\\/11\\\/iran-et-arabie-saoudite.jpg\",\"datePublished\":\"2017-11-20T20:42:42+00:00\",\"dateModified\":\"2025-12-13T21:55:18+00:00\",\"breadcrumb\":{\"@id\":\"https:\\\/\\\/leregardlibre.com\\\/politique\\\/monde\\\/le-moyen-orient-nen-est-pas-a-bout-de-ses-difficultes\\\/#breadcrumb\"},\"inLanguage\":\"de\",\"potentialAction\":[{\"@type\":\"ReadAction\",\"target\":[\"https:\\\/\\\/leregardlibre.com\\\/politique\\\/monde\\\/le-moyen-orient-nen-est-pas-a-bout-de-ses-difficultes\\\/\"]}]},{\"@type\":\"ImageObject\",\"inLanguage\":\"de\",\"@id\":\"https:\\\/\\\/leregardlibre.com\\\/politique\\\/monde\\\/le-moyen-orient-nen-est-pas-a-bout-de-ses-difficultes\\\/#primaryimage\",\"url\":\"https:\\\/\\\/leregardlibre.com\\\/wp-content\\\/uploads\\\/2017\\\/11\\\/iran-et-arabie-saoudite.jpg\",\"contentUrl\":\"https:\\\/\\\/leregardlibre.com\\\/wp-content\\\/uploads\\\/2017\\\/11\\\/iran-et-arabie-saoudite.jpg\",\"width\":2000,\"height\":1247,\"caption\":\"In this photo released on Monday, Oct. 30, 2017 by Lebanon's official government photographer Dalati Nohra, showing Saudi Crown Prince Mohammed bin Salman, right, meets with Lebanese Prime Minister Saad Hariri in Riyadh, Saudi Arabia. Hariri resigned from his post Saturday, Nov. 4, 2017 during a trip to Saudi Arabia in a surprise move that plunged the country into uncertainty amid heightened regional tensions. (Dalati Nohra via AP)\"},{\"@type\":\"BreadcrumbList\",\"@id\":\"https:\\\/\\\/leregardlibre.com\\\/politique\\\/monde\\\/le-moyen-orient-nen-est-pas-a-bout-de-ses-difficultes\\\/#breadcrumb\",\"itemListElement\":[{\"@type\":\"ListItem\",\"position\":1,\"name\":\"Accueil\",\"item\":\"https:\\\/\\\/leregardlibre.com\\\/\"},{\"@type\":\"ListItem\",\"position\":2,\"name\":\"Le Moyen-Orient n&#8217;en est pas \u00e0 bout de ses difficult\u00e9s\"}]},{\"@type\":\"WebSite\",\"@id\":\"https:\\\/\\\/leregardlibre.com\\\/#website\",\"url\":\"https:\\\/\\\/leregardlibre.com\\\/\",\"name\":\"Le Regard Libre\",\"description\":\"Premier mensuel suisse de d\u00e9bat\",\"publisher\":{\"@id\":\"https:\\\/\\\/leregardlibre.com\\\/#organization\"},\"potentialAction\":[{\"@type\":\"SearchAction\",\"target\":{\"@type\":\"EntryPoint\",\"urlTemplate\":\"https:\\\/\\\/leregardlibre.com\\\/?s={search_term_string}\"},\"query-input\":{\"@type\":\"PropertyValueSpecification\",\"valueRequired\":true,\"valueName\":\"search_term_string\"}}],\"inLanguage\":\"de\"},{\"@type\":\"Organization\",\"@id\":\"https:\\\/\\\/leregardlibre.com\\\/#organization\",\"name\":\"Le Regard Libre\",\"url\":\"https:\\\/\\\/leregardlibre.com\\\/\",\"logo\":{\"@type\":\"ImageObject\",\"inLanguage\":\"de\",\"@id\":\"https:\\\/\\\/leregardlibre.com\\\/#\\\/schema\\\/logo\\\/image\\\/\",\"url\":\"https:\\\/\\\/leregardlibre.com\\\/wp-content\\\/uploads\\\/2025\\\/08\\\/logo-rl-icone-neg.jpeg\",\"contentUrl\":\"https:\\\/\\\/leregardlibre.com\\\/wp-content\\\/uploads\\\/2025\\\/08\\\/logo-rl-icone-neg.jpeg\",\"width\":557,\"height\":556,\"caption\":\"Le Regard Libre\"},\"image\":{\"@id\":\"https:\\\/\\\/leregardlibre.com\\\/#\\\/schema\\\/logo\\\/image\\\/\"},\"sameAs\":[\"https:\\\/\\\/www.facebook.com\\\/leregardlibre\\\/\",\"https:\\\/\\\/x.com\\\/LeRegardLibre\",\"https:\\\/\\\/www.linkedin.com\\\/company\\\/le-regard-libre\",\"https:\\\/\\\/www.instagram.com\\\/leregardlibre\\\/\",\"http:\\\/\\\/t.me\\\/leregardlibre\",\"https:\\\/\\\/youtube.com\\\/channel\\\/UC6HzGPomj1LsUmlz-sJtITQ\"],\"description\":\"Le Regard Libre est un mensuel suisse de d\u00e9bat intellectuel et culturel. Sa r\u00e9daction est jeune, b\u00e9n\u00e9vole, lib\u00e9rale et pluraliste. Le magazine para\u00eet en ligne et sous forme papier. Sa langue est le fran\u00e7ais.\",\"email\":\"redaction@leregardlibre.com\",\"legalName\":\"Le Regard Libre\",\"foundingDate\":\"2014-01-01\",\"numberOfEmployees\":{\"@type\":\"QuantitativeValue\",\"minValue\":\"11\",\"maxValue\":\"50\"},\"publishingPrinciples\":\"https:\\\/\\\/leregardlibre.com\\\/a-propos\\\/notre-manifeste\\\/\",\"ownershipFundingInfo\":\"https:\\\/\\\/leregardlibre.com\\\/mentions-legales\\\/\",\"actionableFeedbackPolicy\":\"https:\\\/\\\/leregardlibre.com\\\/conditions-generales-de-vente\\\/\"},{\"@type\":\"Person\",\"@id\":\"https:\\\/\\\/leregardlibre.com\\\/#\\\/schema\\\/person\\\/30daacd8c04cd92ec59532d74a7b18f8\",\"name\":\"Cl\u00e9ment Guntern\",\"image\":{\"@type\":\"ImageObject\",\"inLanguage\":\"de\",\"@id\":\"https:\\\/\\\/secure.gravatar.com\\\/avatar\\\/79a3aae9b5ce6c4dcd8890bc4d3171c7198fe739971f91e509b3f8b98aa66d64?s=96&d=identicon&r=g\",\"url\":\"https:\\\/\\\/secure.gravatar.com\\\/avatar\\\/79a3aae9b5ce6c4dcd8890bc4d3171c7198fe739971f91e509b3f8b98aa66d64?s=96&d=identicon&r=g\",\"contentUrl\":\"https:\\\/\\\/secure.gravatar.com\\\/avatar\\\/79a3aae9b5ce6c4dcd8890bc4d3171c7198fe739971f91e509b3f8b98aa66d64?s=96&d=identicon&r=g\",\"caption\":\"Cl\u00e9ment Guntern\"},\"sameAs\":[\"https:\\\/\\\/leregardlibre.com\\\/\"],\"url\":\"https:\\\/\\\/leregardlibre.com\\\/de\\\/author\\\/clement-guntern\\\/\"}]}<\/script>\n<!-- \/ Yoast SEO Premium plugin. -->","yoast_head_json":{"title":"Der Nahe Osten ist noch nicht \u00fcber den Berg","robots":{"index":"index","follow":"follow","max-snippet":"max-snippet:-1","max-image-preview":"max-image-preview:large","max-video-preview":"max-video-preview:-1"},"canonical":"https:\/\/leregardlibre.com\/de\/politik\/welt\/der-mittlere-osten-ist-noch-nicht-uber-den-berg\/","og_locale":"de_DE","og_type":"article","og_title":"Le Moyen-Orient n'en est pas \u00e0 bout de ses difficult\u00e9s","og_description":"Les lundis de l'actualit\u00e9 - Cl\u00e9ment Guntern Le Moyen-Orient n\u2019en est pas \u00e0 bout de ses difficult\u00e9s. Les tensions entre...","og_url":"https:\/\/leregardlibre.com\/de\/politik\/welt\/der-mittlere-osten-ist-noch-nicht-uber-den-berg\/","og_site_name":"Le Regard Libre","article_publisher":"https:\/\/www.facebook.com\/leregardlibre\/","article_published_time":"2017-11-20T20:42:42+00:00","article_modified_time":"2025-12-13T21:55:18+00:00","og_image":[{"width":2000,"height":1247,"url":"https:\/\/leregardlibre.com\/wp-content\/uploads\/2017\/11\/iran-et-arabie-saoudite.jpg","type":"image\/jpeg"}],"author":"Cl\u00e9ment Guntern","twitter_card":"summary_large_image","twitter_creator":"@LeRegardLibre","twitter_site":"@LeRegardLibre","twitter_misc":{"Verfasst von":"Cl\u00e9ment Guntern","Gesch\u00e4tzte Lesezeit":"4\u00a0Minuten"},"schema":{"@context":"https:\/\/schema.org","@graph":[{"@type":"Article","@id":"https:\/\/leregardlibre.com\/politique\/monde\/le-moyen-orient-nen-est-pas-a-bout-de-ses-difficultes\/#article","isPartOf":{"@id":"https:\/\/leregardlibre.com\/politique\/monde\/le-moyen-orient-nen-est-pas-a-bout-de-ses-difficultes\/"},"author":{"name":"Cl\u00e9ment Guntern","@id":"https:\/\/leregardlibre.com\/#\/schema\/person\/30daacd8c04cd92ec59532d74a7b18f8"},"headline":"Le Moyen-Orient n&#8217;en est pas \u00e0 bout de ses difficult\u00e9s","datePublished":"2017-11-20T20:42:42+00:00","dateModified":"2025-12-13T21:55:18+00:00","mainEntityOfPage":{"@id":"https:\/\/leregardlibre.com\/politique\/monde\/le-moyen-orient-nen-est-pas-a-bout-de-ses-difficultes\/"},"wordCount":747,"commentCount":0,"publisher":{"@id":"https:\/\/leregardlibre.com\/#organization"},"image":{"@id":"https:\/\/leregardlibre.com\/politique\/monde\/le-moyen-orient-nen-est-pas-a-bout-de-ses-difficultes\/#primaryimage"},"thumbnailUrl":"https:\/\/leregardlibre.com\/wp-content\/uploads\/2017\/11\/iran-et-arabie-saoudite.jpg","keywords":["aoun","Arabie saoudite","beyrouth","chiisme","conflits","Guerre","hezbollah","Irak","Iran","Liban","Moyen-Orient","riyad","saad hariri","Sunnisme","Syrie","T\u00e9h\u00e9ran","Y\u00e9men"],"articleSection":["Monde"],"inLanguage":"de","potentialAction":[{"@type":"CommentAction","name":"Comment","target":["https:\/\/leregardlibre.com\/politique\/monde\/le-moyen-orient-nen-est-pas-a-bout-de-ses-difficultes\/#respond"]}]},{"@type":"WebPage","@id":"https:\/\/leregardlibre.com\/politique\/monde\/le-moyen-orient-nen-est-pas-a-bout-de-ses-difficultes\/","url":"https:\/\/leregardlibre.com\/politique\/monde\/le-moyen-orient-nen-est-pas-a-bout-de-ses-difficultes\/","name":"Der Nahe Osten ist noch nicht \u00fcber den Berg","isPartOf":{"@id":"https:\/\/leregardlibre.com\/#website"},"primaryImageOfPage":{"@id":"https:\/\/leregardlibre.com\/politique\/monde\/le-moyen-orient-nen-est-pas-a-bout-de-ses-difficultes\/#primaryimage"},"image":{"@id":"https:\/\/leregardlibre.com\/politique\/monde\/le-moyen-orient-nen-est-pas-a-bout-de-ses-difficultes\/#primaryimage"},"thumbnailUrl":"https:\/\/leregardlibre.com\/wp-content\/uploads\/2017\/11\/iran-et-arabie-saoudite.jpg","datePublished":"2017-11-20T20:42:42+00:00","dateModified":"2025-12-13T21:55:18+00:00","breadcrumb":{"@id":"https:\/\/leregardlibre.com\/politique\/monde\/le-moyen-orient-nen-est-pas-a-bout-de-ses-difficultes\/#breadcrumb"},"inLanguage":"de","potentialAction":[{"@type":"ReadAction","target":["https:\/\/leregardlibre.com\/politique\/monde\/le-moyen-orient-nen-est-pas-a-bout-de-ses-difficultes\/"]}]},{"@type":"ImageObject","inLanguage":"de","@id":"https:\/\/leregardlibre.com\/politique\/monde\/le-moyen-orient-nen-est-pas-a-bout-de-ses-difficultes\/#primaryimage","url":"https:\/\/leregardlibre.com\/wp-content\/uploads\/2017\/11\/iran-et-arabie-saoudite.jpg","contentUrl":"https:\/\/leregardlibre.com\/wp-content\/uploads\/2017\/11\/iran-et-arabie-saoudite.jpg","width":2000,"height":1247,"caption":"In this photo released on Monday, Oct. 30, 2017 by Lebanon's official government photographer Dalati Nohra, showing Saudi Crown Prince Mohammed bin Salman, right, meets with Lebanese Prime Minister Saad Hariri in Riyadh, Saudi Arabia. Hariri resigned from his post Saturday, Nov. 4, 2017 during a trip to Saudi Arabia in a surprise move that plunged the country into uncertainty amid heightened regional tensions. (Dalati Nohra via AP)"},{"@type":"BreadcrumbList","@id":"https:\/\/leregardlibre.com\/politique\/monde\/le-moyen-orient-nen-est-pas-a-bout-de-ses-difficultes\/#breadcrumb","itemListElement":[{"@type":"ListItem","position":1,"name":"Accueil","item":"https:\/\/leregardlibre.com\/"},{"@type":"ListItem","position":2,"name":"Le Moyen-Orient n&#8217;en est pas \u00e0 bout de ses difficult\u00e9s"}]},{"@type":"WebSite","@id":"https:\/\/leregardlibre.com\/#website","url":"https:\/\/leregardlibre.com\/","name":"Le Regard Libre","description":"Erste Schweizer Monatszeitschrift f\u00fcr Debatten","publisher":{"@id":"https:\/\/leregardlibre.com\/#organization"},"potentialAction":[{"@type":"SearchAction","target":{"@type":"EntryPoint","urlTemplate":"https:\/\/leregardlibre.com\/?s={search_term_string}"},"query-input":{"@type":"PropertyValueSpecification","valueRequired":true,"valueName":"search_term_string"}}],"inLanguage":"de"},{"@type":"Organization","@id":"https:\/\/leregardlibre.com\/#organization","name":"Le Regard Libre","url":"https:\/\/leregardlibre.com\/","logo":{"@type":"ImageObject","inLanguage":"de","@id":"https:\/\/leregardlibre.com\/#\/schema\/logo\/image\/","url":"https:\/\/leregardlibre.com\/wp-content\/uploads\/2025\/08\/logo-rl-icone-neg.jpeg","contentUrl":"https:\/\/leregardlibre.com\/wp-content\/uploads\/2025\/08\/logo-rl-icone-neg.jpeg","width":557,"height":556,"caption":"Le Regard Libre"},"image":{"@id":"https:\/\/leregardlibre.com\/#\/schema\/logo\/image\/"},"sameAs":["https:\/\/www.facebook.com\/leregardlibre\/","https:\/\/x.com\/LeRegardLibre","https:\/\/www.linkedin.com\/company\/le-regard-libre","https:\/\/www.instagram.com\/leregardlibre\/","http:\/\/t.me\/leregardlibre","https:\/\/youtube.com\/channel\/UC6HzGPomj1LsUmlz-sJtITQ"],"description":"Le Regard Libre ist eine Schweizer Monatszeitschrift f\u00fcr intellektuelle und kulturelle Debatten. Seine Redaktion ist jung, ehrenamtlich, liberal und pluralistisch. Das Magazin erscheint online und in gedruckter Form. Seine Sprache ist Franz\u00f6sisch.","email":"redaction@leregardlibre.com","legalName":"Le Regard Libre","foundingDate":"2014-01-01","numberOfEmployees":{"@type":"QuantitativeValue","minValue":"11","maxValue":"50"},"publishingPrinciples":"https:\/\/leregardlibre.com\/a-propos\/notre-manifeste\/","ownershipFundingInfo":"https:\/\/leregardlibre.com\/mentions-legales\/","actionableFeedbackPolicy":"https:\/\/leregardlibre.com\/conditions-generales-de-vente\/"},{"@type":"Person","@id":"https:\/\/leregardlibre.com\/#\/schema\/person\/30daacd8c04cd92ec59532d74a7b18f8","name":"Cl\u00e9ment Guntern","image":{"@type":"ImageObject","inLanguage":"de","@id":"https:\/\/secure.gravatar.com\/avatar\/79a3aae9b5ce6c4dcd8890bc4d3171c7198fe739971f91e509b3f8b98aa66d64?s=96&d=identicon&r=g","url":"https:\/\/secure.gravatar.com\/avatar\/79a3aae9b5ce6c4dcd8890bc4d3171c7198fe739971f91e509b3f8b98aa66d64?s=96&d=identicon&r=g","contentUrl":"https:\/\/secure.gravatar.com\/avatar\/79a3aae9b5ce6c4dcd8890bc4d3171c7198fe739971f91e509b3f8b98aa66d64?s=96&d=identicon&r=g","caption":"Cl\u00e9ment Guntern"},"sameAs":["https:\/\/leregardlibre.com\/"],"url":"https:\/\/leregardlibre.com\/de\/author\/clement-guntern\/"}]}},"_links":{"self":[{"href":"https:\/\/leregardlibre.com\/de\/wp-json\/wp\/v2\/posts\/13320","targetHints":{"allow":["GET"]}}],"collection":[{"href":"https:\/\/leregardlibre.com\/de\/wp-json\/wp\/v2\/posts"}],"about":[{"href":"https:\/\/leregardlibre.com\/de\/wp-json\/wp\/v2\/types\/post"}],"author":[{"embeddable":true,"href":"https:\/\/leregardlibre.com\/de\/wp-json\/wp\/v2\/users\/325"}],"replies":[{"embeddable":true,"href":"https:\/\/leregardlibre.com\/de\/wp-json\/wp\/v2\/comments?post=13320"}],"version-history":[{"count":1,"href":"https:\/\/leregardlibre.com\/de\/wp-json\/wp\/v2\/posts\/13320\/revisions"}],"predecessor-version":[{"id":509509,"href":"https:\/\/leregardlibre.com\/de\/wp-json\/wp\/v2\/posts\/13320\/revisions\/509509"}],"wp:featuredmedia":[{"embeddable":true,"href":"https:\/\/leregardlibre.com\/de\/wp-json\/wp\/v2\/media\/13321"}],"wp:attachment":[{"href":"https:\/\/leregardlibre.com\/de\/wp-json\/wp\/v2\/media?parent=13320"}],"wp:term":[{"taxonomy":"category","embeddable":true,"href":"https:\/\/leregardlibre.com\/de\/wp-json\/wp\/v2\/categories?post=13320"},{"taxonomy":"post_tag","embeddable":true,"href":"https:\/\/leregardlibre.com\/de\/wp-json\/wp\/v2\/tags?post=13320"}],"curies":[{"name":"wp","href":"https:\/\/api.w.org\/{rel}","templated":true}]}}