{"id":13905,"date":"2018-01-03T13:22:26","date_gmt":"2018-01-03T11:22:26","guid":{"rendered":"http:\/\/leregardlibre.com\/?p=13905"},"modified":"2025-12-04T23:00:58","modified_gmt":"2025-12-04T22:00:58","slug":"momo-schlecht-schlecht","status":"publish","type":"post","link":"https:\/\/leregardlibre.com\/de\/kino\/filme\/momo-schlecht-schlecht\/","title":{"rendered":"\u00abMomo\u00bb: schlecht, schlecht, schlecht..."},"content":{"rendered":"<p><em>Les mercredidis du cin\u00e9ma - Jonas Follonier<\/em><\/p>\n\n\n\n<p class=\"has-drop-cap\">In der Kom\u00f6die <em>Momo<\/em>, In dem Film, der seit dem 27. Dezember in den Kinos l\u00e4uft, spielt Christian Clavier wieder einmal die Rolle eines franz\u00f6sischen Bourgeois, ob Boh\u00e8me oder Bourru, spielt keine Rolle. Ja, denn wir kennen das Lied. Nach einem <em>Was haben wir mit dem lieben Gott gemacht?<\/em> die sich \u00fcber kosmopolitische Hochzeiten lustig machte, und ein\u00a0<em>Mit offenen Armen<\/em> mittelm\u00e4\u00dfig gesch\u00e4tzt wurde, als Claviers Garten von Roma \u00fcberrannt wurde, scheint das neue Gesch\u00e4ftsfeld des ber\u00fchmten Jacquouille-Darstellers einem Todeshang zu folgen.<\/p>\n\n\n\n<p>Jetzt geht es darum, dass ein Tauber in das Leben des reichen Mannes eintritt. Ein l\u00e4cherlicher Tauber, den niemand versteht und der sich bald als das Ergebnis einer von Claviers au\u00dferehelichen Beziehungen herausstellt. Es f\u00e4llt schwer, \u00fcber diese x-te Franco-Kom\u00f6die zu lachen, die auf nichts anderem beruht als auf dem Sprichwort \u00abMan kann \u00fcber alles lachen\u00bb. Nat\u00fcrlich ist jedes Objekt ein potenziell lachhaftes Thema, aber es muss geschmackvoll serviert werden, vor allem im Kino. Die Meisterwerke <em>Das Dinner der Dummk\u00f6pfe<\/em> oder\u00a0<em>Kohlsuppe<\/em> sind zwar franz\u00f6sische Kom\u00f6dien mit Beauf-Stil, k\u00f6nnen aber nicht als blo\u00dfe Kopien von Tresenkurzgeschichten gesehen werden. Es gibt eine Kunst der Beaufitude.<\/p>\n\n\n\n<!--more-->\n\n\n\n<p><em>Momo<\/em> hatte viel Potenzial. Der unersetzliche Christian Clavier wird von der Schauspielerin Catherine Frot begleitet, die zu den sch\u00f6nen weiblichen Figuren des aktuellen franz\u00f6sischen Kinos geh\u00f6rt. Auch das Thema des Fremdgehens, das zwar schon tausendmal behandelt wurde, hat noch eine lange Zukunft vor sich; es h\u00e4tte mit einer gewissen Originalit\u00e4t, auch einer klassischen, umgesetzt werden k\u00f6nnen. Leider kommt das nicht an. Dem Film fehlt es an Rhythmus. An Humor. Einige Spr\u00fcche sorgen f\u00fcr Gekicher im gut gef\u00fcllten Kinosaal, aber mehr nicht. Schade.<\/p>\n\n\n\n<p>Abgesehen von einigen Qualit\u00e4ten wie der tragikomischen Ader, die von Catherine Frot getragen wird, oder der Szene mit dem Tierarzt, die es verdient h\u00e4tte, in eine bessere Kom\u00f6die aufgenommen zu werden, ist der Film eine Entt\u00e4uschung. Und diese Entt\u00e4uschung wird gekr\u00f6nt durch einen unertr\u00e4glichen\u00a0<em>Happy End<\/em> Eine halbe Stunde, die der Zuschauer von Anfang an kommen sah und die in einer abgrundtiefen Bison-Moral m\u00fcndet, an die der Schauspieler Clavier nicht eine Sekunde lang glaubt. Wir waren gekommen, um zu lachen, und nun sehen wir, wie das Bodenrecht gef\u00f6rdert wird.<\/p>\n\n\n\n<p><em>Schreiben Sie dem Autor: <a href=\"mailto:jonas.follonier@leregardlibre.com\">jonas.follonier@leregardlibre.com<\/a><\/em><\/p>\n\n\n\n<p>Fotokredit: \u00a9 Ecran Large<\/p>","protected":false},"excerpt":{"rendered":"<p>Les mercredis du cin\u00e9ma &#8211; Jonas Follonier Dans la com\u00e9die Momo, \u00e0 l&#8217;affiche depuis le 27 d\u00e9cembre, Christian Clavier endosse&#8230;<\/p>","protected":false},"author":138,"featured_media":13907,"comment_status":"open","ping_status":"open","sticky":false,"template":"","format":"standard","meta":{"_acf_changed":false,"footnotes":""},"categories":[644355829],"tags":[29720861,7386469,937151,742042,782333,61026,601482761,1334267,35,2590303,1435873,126918,164515,21217501,213399889,1686939,5217511,1119637],"class_list":["post-13905","post","type-post","status-publish","format-standard","has-post-thumbnail","hentry","category-films","tag-aventure-extra-conjugale","tag-beaufs","tag-bourgeoisie","tag-catherine-frot","tag-christian-clavier","tag-cinema-francais","tag-handicpaes","tag-happy-end","tag-humour","tag-la-soupe-aux-choux","tag-le-diner-de-cons","tag-momo","tag-morale","tag-moraline","tag-quest-ce-quon-a-fait-au-bon-dieu","tag-rythme","tag-sourd","tag-tromperie"],"acf":[],"yoast_head":"<!-- This site is optimized with the Yoast SEO Premium plugin v27.4 (Yoast SEO v27.4) - https:\/\/yoast.com\/product\/yoast-seo-premium-wordpress\/ -->\n<title>\u00abMomo\u00bb: mauvais, mauvais...<\/title>\n<meta name=\"robots\" content=\"index, follow, max-snippet:-1, max-image-preview:large, max-video-preview:-1\" \/>\n<link rel=\"canonical\" href=\"https:\/\/leregardlibre.com\/de\/kino\/filme\/momo-schlecht-schlecht\/\" \/>\n<meta property=\"og:locale\" content=\"de_DE\" \/>\n<meta property=\"og:type\" content=\"article\" \/>\n<meta property=\"og:title\" content=\"\u00abMomo\u00bb: mauvais, mauvais...\" \/>\n<meta property=\"og:description\" content=\"Les mercredis du cin\u00e9ma - Jonas Follonier Dans la com\u00e9die Momo, \u00e0 l&#039;affiche depuis le 27 d\u00e9cembre, Christian Clavier endosse...\" \/>\n<meta property=\"og:url\" content=\"https:\/\/leregardlibre.com\/de\/kino\/filme\/momo-schlecht-schlecht\/\" \/>\n<meta property=\"og:site_name\" content=\"Le Regard Libre\" \/>\n<meta property=\"article:publisher\" content=\"https:\/\/www.facebook.com\/leregardlibre\/\" \/>\n<meta property=\"article:author\" content=\"https:\/\/www.facebook.com\/jonas.follonier\/\" \/>\n<meta property=\"article:published_time\" content=\"2018-01-03T11:22:26+00:00\" \/>\n<meta property=\"article:modified_time\" content=\"2025-12-04T22:00:58+00:00\" \/>\n<meta property=\"og:image\" content=\"https:\/\/leregardlibre.com\/wp-content\/uploads\/2018\/01\/22momo22.jpg\" \/>\n\t<meta property=\"og:image:width\" content=\"1920\" \/>\n\t<meta property=\"og:image:height\" content=\"787\" \/>\n\t<meta property=\"og:image:type\" content=\"image\/jpeg\" \/>\n<meta name=\"author\" content=\"Jonas Follonier\" \/>\n<meta name=\"twitter:card\" content=\"summary_large_image\" \/>\n<meta name=\"twitter:creator\" content=\"@LeRegardLibre\" \/>\n<meta name=\"twitter:site\" content=\"@LeRegardLibre\" \/>\n<meta name=\"twitter:label1\" content=\"Verfasst von\" \/>\n\t<meta name=\"twitter:data1\" content=\"Jonas Follonier\" \/>\n\t<meta name=\"twitter:label2\" content=\"Gesch\u00e4tzte Lesezeit\" \/>\n\t<meta name=\"twitter:data2\" content=\"2\u00a0Minuten\" \/>\n<script type=\"application\/ld+json\" class=\"yoast-schema-graph\">{\"@context\":\"https:\\\/\\\/schema.org\",\"@graph\":[{\"@type\":\"Article\",\"@id\":\"https:\\\/\\\/leregardlibre.com\\\/cinema\\\/films\\\/momo-mauvais-mauvais\\\/#article\",\"isPartOf\":{\"@id\":\"https:\\\/\\\/leregardlibre.com\\\/cinema\\\/films\\\/momo-mauvais-mauvais\\\/\"},\"author\":{\"name\":\"Jonas Follonier\",\"@id\":\"https:\\\/\\\/leregardlibre.com\\\/#\\\/schema\\\/person\\\/bfe5aa794a23be71485d60e2d93ec0d2\"},\"headline\":\"\u00abMomo\u00bb: mauvais, mauvais&#8230;\",\"datePublished\":\"2018-01-03T11:22:26+00:00\",\"dateModified\":\"2025-12-04T22:00:58+00:00\",\"mainEntityOfPage\":{\"@id\":\"https:\\\/\\\/leregardlibre.com\\\/cinema\\\/films\\\/momo-mauvais-mauvais\\\/\"},\"wordCount\":445,\"commentCount\":0,\"publisher\":{\"@id\":\"https:\\\/\\\/leregardlibre.com\\\/#organization\"},\"image\":{\"@id\":\"https:\\\/\\\/leregardlibre.com\\\/cinema\\\/films\\\/momo-mauvais-mauvais\\\/#primaryimage\"},\"thumbnailUrl\":\"https:\\\/\\\/leregardlibre.com\\\/wp-content\\\/uploads\\\/2018\\\/01\\\/22momo22.jpg\",\"keywords\":[\"aventure extra-conjugale\",\"Beaufs\",\"Bourgeoisie\",\"catherine frot\",\"Christian Clavier\",\"Cin\u00e9ma fran\u00e7ais\",\"handicpa\u00e9s\",\"happy end\",\"Humour\",\"la soupe aux choux\",\"le d\u00eener de cons\",\"momo\",\"Morale\",\"moraline\",\"qu'est-ce qu'on a fait au bon dieu\",\"rythme\",\"sourd\",\"tromperie\"],\"articleSection\":[\"Films\"],\"inLanguage\":\"de\",\"potentialAction\":[{\"@type\":\"CommentAction\",\"name\":\"Comment\",\"target\":[\"https:\\\/\\\/leregardlibre.com\\\/cinema\\\/films\\\/momo-mauvais-mauvais\\\/#respond\"]}]},{\"@type\":\"WebPage\",\"@id\":\"https:\\\/\\\/leregardlibre.com\\\/cinema\\\/films\\\/momo-mauvais-mauvais\\\/\",\"url\":\"https:\\\/\\\/leregardlibre.com\\\/cinema\\\/films\\\/momo-mauvais-mauvais\\\/\",\"name\":\"\u00abMomo\u00bb: mauvais, mauvais...\",\"isPartOf\":{\"@id\":\"https:\\\/\\\/leregardlibre.com\\\/#website\"},\"primaryImageOfPage\":{\"@id\":\"https:\\\/\\\/leregardlibre.com\\\/cinema\\\/films\\\/momo-mauvais-mauvais\\\/#primaryimage\"},\"image\":{\"@id\":\"https:\\\/\\\/leregardlibre.com\\\/cinema\\\/films\\\/momo-mauvais-mauvais\\\/#primaryimage\"},\"thumbnailUrl\":\"https:\\\/\\\/leregardlibre.com\\\/wp-content\\\/uploads\\\/2018\\\/01\\\/22momo22.jpg\",\"datePublished\":\"2018-01-03T11:22:26+00:00\",\"dateModified\":\"2025-12-04T22:00:58+00:00\",\"breadcrumb\":{\"@id\":\"https:\\\/\\\/leregardlibre.com\\\/cinema\\\/films\\\/momo-mauvais-mauvais\\\/#breadcrumb\"},\"inLanguage\":\"de\",\"potentialAction\":[{\"@type\":\"ReadAction\",\"target\":[\"https:\\\/\\\/leregardlibre.com\\\/cinema\\\/films\\\/momo-mauvais-mauvais\\\/\"]}]},{\"@type\":\"ImageObject\",\"inLanguage\":\"de\",\"@id\":\"https:\\\/\\\/leregardlibre.com\\\/cinema\\\/films\\\/momo-mauvais-mauvais\\\/#primaryimage\",\"url\":\"https:\\\/\\\/leregardlibre.com\\\/wp-content\\\/uploads\\\/2018\\\/01\\\/22momo22.jpg\",\"contentUrl\":\"https:\\\/\\\/leregardlibre.com\\\/wp-content\\\/uploads\\\/2018\\\/01\\\/22momo22.jpg\",\"width\":1920,\"height\":787},{\"@type\":\"BreadcrumbList\",\"@id\":\"https:\\\/\\\/leregardlibre.com\\\/cinema\\\/films\\\/momo-mauvais-mauvais\\\/#breadcrumb\",\"itemListElement\":[{\"@type\":\"ListItem\",\"position\":1,\"name\":\"Accueil\",\"item\":\"https:\\\/\\\/leregardlibre.com\\\/\"},{\"@type\":\"ListItem\",\"position\":2,\"name\":\"\u00abMomo\u00bb: mauvais, mauvais&#8230;\"}]},{\"@type\":\"WebSite\",\"@id\":\"https:\\\/\\\/leregardlibre.com\\\/#website\",\"url\":\"https:\\\/\\\/leregardlibre.com\\\/\",\"name\":\"Le Regard Libre\",\"description\":\"Premier mensuel suisse de d\u00e9bat\",\"publisher\":{\"@id\":\"https:\\\/\\\/leregardlibre.com\\\/#organization\"},\"potentialAction\":[{\"@type\":\"SearchAction\",\"target\":{\"@type\":\"EntryPoint\",\"urlTemplate\":\"https:\\\/\\\/leregardlibre.com\\\/?s={search_term_string}\"},\"query-input\":{\"@type\":\"PropertyValueSpecification\",\"valueRequired\":true,\"valueName\":\"search_term_string\"}}],\"inLanguage\":\"de\"},{\"@type\":\"Organization\",\"@id\":\"https:\\\/\\\/leregardlibre.com\\\/#organization\",\"name\":\"Le Regard Libre\",\"url\":\"https:\\\/\\\/leregardlibre.com\\\/\",\"logo\":{\"@type\":\"ImageObject\",\"inLanguage\":\"de\",\"@id\":\"https:\\\/\\\/leregardlibre.com\\\/#\\\/schema\\\/logo\\\/image\\\/\",\"url\":\"https:\\\/\\\/leregardlibre.com\\\/wp-content\\\/uploads\\\/2025\\\/08\\\/logo-rl-icone-neg.jpeg\",\"contentUrl\":\"https:\\\/\\\/leregardlibre.com\\\/wp-content\\\/uploads\\\/2025\\\/08\\\/logo-rl-icone-neg.jpeg\",\"width\":557,\"height\":556,\"caption\":\"Le Regard Libre\"},\"image\":{\"@id\":\"https:\\\/\\\/leregardlibre.com\\\/#\\\/schema\\\/logo\\\/image\\\/\"},\"sameAs\":[\"https:\\\/\\\/www.facebook.com\\\/leregardlibre\\\/\",\"https:\\\/\\\/x.com\\\/LeRegardLibre\",\"https:\\\/\\\/www.linkedin.com\\\/company\\\/le-regard-libre\",\"https:\\\/\\\/www.instagram.com\\\/leregardlibre\\\/\",\"http:\\\/\\\/t.me\\\/leregardlibre\",\"https:\\\/\\\/youtube.com\\\/channel\\\/UC6HzGPomj1LsUmlz-sJtITQ\"],\"description\":\"Le Regard Libre est un mensuel suisse de d\u00e9bat intellectuel et culturel. Sa r\u00e9daction est jeune, b\u00e9n\u00e9vole, lib\u00e9rale et pluraliste. Le magazine para\u00eet en ligne et sous forme papier. Sa langue est le fran\u00e7ais.\",\"email\":\"redaction@leregardlibre.com\",\"legalName\":\"Le Regard Libre\",\"foundingDate\":\"2014-01-01\",\"numberOfEmployees\":{\"@type\":\"QuantitativeValue\",\"minValue\":\"11\",\"maxValue\":\"50\"},\"publishingPrinciples\":\"https:\\\/\\\/leregardlibre.com\\\/a-propos\\\/notre-manifeste\\\/\",\"ownershipFundingInfo\":\"https:\\\/\\\/leregardlibre.com\\\/mentions-legales\\\/\",\"actionableFeedbackPolicy\":\"https:\\\/\\\/leregardlibre.com\\\/conditions-generales-de-vente\\\/\"},{\"@type\":\"Person\",\"@id\":\"https:\\\/\\\/leregardlibre.com\\\/#\\\/schema\\\/person\\\/bfe5aa794a23be71485d60e2d93ec0d2\",\"name\":\"Jonas Follonier\",\"image\":{\"@type\":\"ImageObject\",\"inLanguage\":\"de\",\"@id\":\"https:\\\/\\\/secure.gravatar.com\\\/avatar\\\/602060b40f6a458420c2d140f49b6caea99152ce6704f2c332e5a0c5aad80303?s=96&d=identicon&r=g\",\"url\":\"https:\\\/\\\/secure.gravatar.com\\\/avatar\\\/602060b40f6a458420c2d140f49b6caea99152ce6704f2c332e5a0c5aad80303?s=96&d=identicon&r=g\",\"contentUrl\":\"https:\\\/\\\/secure.gravatar.com\\\/avatar\\\/602060b40f6a458420c2d140f49b6caea99152ce6704f2c332e5a0c5aad80303?s=96&d=identicon&r=g\",\"caption\":\"Jonas Follonier\"},\"description\":\"Correspondant au Palais f\u00e9d\u00e9ral pour \u00abL\u2019Agefi\u00bb, auteur-compositeur-interpr\u00e8te et essayiste, Jonas Follonier est le fondateur et r\u00e9dacteur en chef du \u00abRegard Libre\u00bb.\",\"sameAs\":[\"https:\\\/\\\/www.facebook.com\\\/jonas.follonier\\\/\",\"https:\\\/\\\/www.instagram.com\\\/jonasfollonier\\\/\",\"https:\\\/\\\/www.linkedin.com\\\/in\\\/jonasfollonier\\\/\",\"https:\\\/\\\/fr.wikipedia.org\\\/wiki\\\/Le_Regard_libre\"],\"url\":\"https:\\\/\\\/leregardlibre.com\\\/de\\\/author\\\/jonas-follonier\\\/\"}]}<\/script>\n<!-- \/ Yoast SEO Premium plugin. -->","yoast_head_json":{"title":"\u00abMomo\u00bb: schlecht, schlecht, schlecht...","robots":{"index":"index","follow":"follow","max-snippet":"max-snippet:-1","max-image-preview":"max-image-preview:large","max-video-preview":"max-video-preview:-1"},"canonical":"https:\/\/leregardlibre.com\/de\/kino\/filme\/momo-schlecht-schlecht\/","og_locale":"de_DE","og_type":"article","og_title":"\u00abMomo\u00bb: mauvais, mauvais...","og_description":"Les mercredis du cin\u00e9ma - Jonas Follonier Dans la com\u00e9die Momo, \u00e0 l'affiche depuis le 27 d\u00e9cembre, Christian Clavier endosse...","og_url":"https:\/\/leregardlibre.com\/de\/kino\/filme\/momo-schlecht-schlecht\/","og_site_name":"Le Regard Libre","article_publisher":"https:\/\/www.facebook.com\/leregardlibre\/","article_author":"https:\/\/www.facebook.com\/jonas.follonier\/","article_published_time":"2018-01-03T11:22:26+00:00","article_modified_time":"2025-12-04T22:00:58+00:00","og_image":[{"width":1920,"height":787,"url":"https:\/\/leregardlibre.com\/wp-content\/uploads\/2018\/01\/22momo22.jpg","type":"image\/jpeg"}],"author":"Jonas Follonier","twitter_card":"summary_large_image","twitter_creator":"@LeRegardLibre","twitter_site":"@LeRegardLibre","twitter_misc":{"Verfasst von":"Jonas Follonier","Gesch\u00e4tzte Lesezeit":"2\u00a0Minuten"},"schema":{"@context":"https:\/\/schema.org","@graph":[{"@type":"Article","@id":"https:\/\/leregardlibre.com\/cinema\/films\/momo-mauvais-mauvais\/#article","isPartOf":{"@id":"https:\/\/leregardlibre.com\/cinema\/films\/momo-mauvais-mauvais\/"},"author":{"name":"Jonas Follonier","@id":"https:\/\/leregardlibre.com\/#\/schema\/person\/bfe5aa794a23be71485d60e2d93ec0d2"},"headline":"\u00abMomo\u00bb: mauvais, mauvais&#8230;","datePublished":"2018-01-03T11:22:26+00:00","dateModified":"2025-12-04T22:00:58+00:00","mainEntityOfPage":{"@id":"https:\/\/leregardlibre.com\/cinema\/films\/momo-mauvais-mauvais\/"},"wordCount":445,"commentCount":0,"publisher":{"@id":"https:\/\/leregardlibre.com\/#organization"},"image":{"@id":"https:\/\/leregardlibre.com\/cinema\/films\/momo-mauvais-mauvais\/#primaryimage"},"thumbnailUrl":"https:\/\/leregardlibre.com\/wp-content\/uploads\/2018\/01\/22momo22.jpg","keywords":["aventure extra-conjugale","Beaufs","Bourgeoisie","catherine frot","Christian Clavier","Cin\u00e9ma fran\u00e7ais","handicpa\u00e9s","happy end","Humour","la soupe aux choux","le d\u00eener de cons","momo","Morale","moraline","qu'est-ce qu'on a fait au bon dieu","rythme","sourd","tromperie"],"articleSection":["Films"],"inLanguage":"de","potentialAction":[{"@type":"CommentAction","name":"Comment","target":["https:\/\/leregardlibre.com\/cinema\/films\/momo-mauvais-mauvais\/#respond"]}]},{"@type":"WebPage","@id":"https:\/\/leregardlibre.com\/cinema\/films\/momo-mauvais-mauvais\/","url":"https:\/\/leregardlibre.com\/cinema\/films\/momo-mauvais-mauvais\/","name":"\u00abMomo\u00bb: schlecht, schlecht, schlecht...","isPartOf":{"@id":"https:\/\/leregardlibre.com\/#website"},"primaryImageOfPage":{"@id":"https:\/\/leregardlibre.com\/cinema\/films\/momo-mauvais-mauvais\/#primaryimage"},"image":{"@id":"https:\/\/leregardlibre.com\/cinema\/films\/momo-mauvais-mauvais\/#primaryimage"},"thumbnailUrl":"https:\/\/leregardlibre.com\/wp-content\/uploads\/2018\/01\/22momo22.jpg","datePublished":"2018-01-03T11:22:26+00:00","dateModified":"2025-12-04T22:00:58+00:00","breadcrumb":{"@id":"https:\/\/leregardlibre.com\/cinema\/films\/momo-mauvais-mauvais\/#breadcrumb"},"inLanguage":"de","potentialAction":[{"@type":"ReadAction","target":["https:\/\/leregardlibre.com\/cinema\/films\/momo-mauvais-mauvais\/"]}]},{"@type":"ImageObject","inLanguage":"de","@id":"https:\/\/leregardlibre.com\/cinema\/films\/momo-mauvais-mauvais\/#primaryimage","url":"https:\/\/leregardlibre.com\/wp-content\/uploads\/2018\/01\/22momo22.jpg","contentUrl":"https:\/\/leregardlibre.com\/wp-content\/uploads\/2018\/01\/22momo22.jpg","width":1920,"height":787},{"@type":"BreadcrumbList","@id":"https:\/\/leregardlibre.com\/cinema\/films\/momo-mauvais-mauvais\/#breadcrumb","itemListElement":[{"@type":"ListItem","position":1,"name":"Accueil","item":"https:\/\/leregardlibre.com\/"},{"@type":"ListItem","position":2,"name":"\u00abMomo\u00bb: mauvais, mauvais&#8230;"}]},{"@type":"WebSite","@id":"https:\/\/leregardlibre.com\/#website","url":"https:\/\/leregardlibre.com\/","name":"Le Regard Libre","description":"Erste Schweizer Monatszeitschrift f\u00fcr Debatten","publisher":{"@id":"https:\/\/leregardlibre.com\/#organization"},"potentialAction":[{"@type":"SearchAction","target":{"@type":"EntryPoint","urlTemplate":"https:\/\/leregardlibre.com\/?s={search_term_string}"},"query-input":{"@type":"PropertyValueSpecification","valueRequired":true,"valueName":"search_term_string"}}],"inLanguage":"de"},{"@type":"Organization","@id":"https:\/\/leregardlibre.com\/#organization","name":"Le Regard Libre","url":"https:\/\/leregardlibre.com\/","logo":{"@type":"ImageObject","inLanguage":"de","@id":"https:\/\/leregardlibre.com\/#\/schema\/logo\/image\/","url":"https:\/\/leregardlibre.com\/wp-content\/uploads\/2025\/08\/logo-rl-icone-neg.jpeg","contentUrl":"https:\/\/leregardlibre.com\/wp-content\/uploads\/2025\/08\/logo-rl-icone-neg.jpeg","width":557,"height":556,"caption":"Le Regard Libre"},"image":{"@id":"https:\/\/leregardlibre.com\/#\/schema\/logo\/image\/"},"sameAs":["https:\/\/www.facebook.com\/leregardlibre\/","https:\/\/x.com\/LeRegardLibre","https:\/\/www.linkedin.com\/company\/le-regard-libre","https:\/\/www.instagram.com\/leregardlibre\/","http:\/\/t.me\/leregardlibre","https:\/\/youtube.com\/channel\/UC6HzGPomj1LsUmlz-sJtITQ"],"description":"Le Regard Libre ist eine Schweizer Monatszeitschrift f\u00fcr intellektuelle und kulturelle Debatten. Seine Redaktion ist jung, ehrenamtlich, liberal und pluralistisch. Das Magazin erscheint online und in gedruckter Form. Seine Sprache ist Franz\u00f6sisch.","email":"redaction@leregardlibre.com","legalName":"Le Regard Libre","foundingDate":"2014-01-01","numberOfEmployees":{"@type":"QuantitativeValue","minValue":"11","maxValue":"50"},"publishingPrinciples":"https:\/\/leregardlibre.com\/a-propos\/notre-manifeste\/","ownershipFundingInfo":"https:\/\/leregardlibre.com\/mentions-legales\/","actionableFeedbackPolicy":"https:\/\/leregardlibre.com\/conditions-generales-de-vente\/"},{"@type":"Person","@id":"https:\/\/leregardlibre.com\/#\/schema\/person\/bfe5aa794a23be71485d60e2d93ec0d2","name":"Jonas Follonier","image":{"@type":"ImageObject","inLanguage":"de","@id":"https:\/\/secure.gravatar.com\/avatar\/602060b40f6a458420c2d140f49b6caea99152ce6704f2c332e5a0c5aad80303?s=96&d=identicon&r=g","url":"https:\/\/secure.gravatar.com\/avatar\/602060b40f6a458420c2d140f49b6caea99152ce6704f2c332e5a0c5aad80303?s=96&d=identicon&r=g","contentUrl":"https:\/\/secure.gravatar.com\/avatar\/602060b40f6a458420c2d140f49b6caea99152ce6704f2c332e5a0c5aad80303?s=96&d=identicon&r=g","caption":"Jonas Follonier"},"description":"Bundeshauskorrespondent f\u00fcr \u00abL'Agefi\u00bb, Singer-Songwriter, Jonas Follonier ist Gr\u00fcnder und Chefredakteur von \u00abRegard Libre\u00bb.","sameAs":["https:\/\/www.facebook.com\/jonas.follonier\/","https:\/\/www.instagram.com\/jonasfollonier\/","https:\/\/www.linkedin.com\/in\/jonasfollonier\/","https:\/\/fr.wikipedia.org\/wiki\/Le_Regard_libre"],"url":"https:\/\/leregardlibre.com\/de\/author\/jonas-follonier\/"}]}},"_links":{"self":[{"href":"https:\/\/leregardlibre.com\/de\/wp-json\/wp\/v2\/posts\/13905","targetHints":{"allow":["GET"]}}],"collection":[{"href":"https:\/\/leregardlibre.com\/de\/wp-json\/wp\/v2\/posts"}],"about":[{"href":"https:\/\/leregardlibre.com\/de\/wp-json\/wp\/v2\/types\/post"}],"author":[{"embeddable":true,"href":"https:\/\/leregardlibre.com\/de\/wp-json\/wp\/v2\/users\/138"}],"replies":[{"embeddable":true,"href":"https:\/\/leregardlibre.com\/de\/wp-json\/wp\/v2\/comments?post=13905"}],"version-history":[{"count":1,"href":"https:\/\/leregardlibre.com\/de\/wp-json\/wp\/v2\/posts\/13905\/revisions"}],"predecessor-version":[{"id":509546,"href":"https:\/\/leregardlibre.com\/de\/wp-json\/wp\/v2\/posts\/13905\/revisions\/509546"}],"wp:featuredmedia":[{"embeddable":true,"href":"https:\/\/leregardlibre.com\/de\/wp-json\/wp\/v2\/media\/13907"}],"wp:attachment":[{"href":"https:\/\/leregardlibre.com\/de\/wp-json\/wp\/v2\/media?parent=13905"}],"wp:term":[{"taxonomy":"category","embeddable":true,"href":"https:\/\/leregardlibre.com\/de\/wp-json\/wp\/v2\/categories?post=13905"},{"taxonomy":"post_tag","embeddable":true,"href":"https:\/\/leregardlibre.com\/de\/wp-json\/wp\/v2\/tags?post=13905"}],"curies":[{"name":"wp","href":"https:\/\/api.w.org\/{rel}","templated":true}]}}