{"id":13915,"date":"2018-01-03T20:41:53","date_gmt":"2018-01-03T19:41:53","guid":{"rendered":"http:\/\/leregardlibre.com\/?p=13915"},"modified":"2025-12-04T23:00:57","modified_gmt":"2025-12-04T22:00:57","slug":"maria-by-callas","status":"publish","type":"post","link":"https:\/\/leregardlibre.com\/de\/kino\/filme\/maria-by-callas\/","title":{"rendered":"\u00abMaria von Callas\u00bb"},"content":{"rendered":"<p><em>Les mercredis du cin\u00e9ma - H\u00e9l\u00e8ne Lavoyer<\/em><\/p>\n<blockquote><p>\u00abWo das Wort aufh\u00f6rt, beginnt die Musik, sagte der bewundernswerte Hoffman. Und wirklich ist die Musik eine zu gro\u00dfe Sache, um \u00fcber sie sprechen zu k\u00f6nnen, aber daf\u00fcr kann man ihr immer dienen und sie immer mit Demut respektieren; f\u00fcr mich ist das Singen kein Akt des Stolzes, sondern nur ein Versuch, sich zu jenen Himmeln zu erheben, in denen alles Harmonie ist.\u00bb<\/p><\/blockquote>\n<p>Es war im Januar 2013, als Tom Volf allein in seinem Hotelzimmer Maria Callas, die gro\u00dfe Sopranistin des 20.<sup>.<\/sup> Jahrhundert. Kaum war er zu diesem Zeitpunkt in die Welt der Oper eingef\u00fchrt, entstand eine wahre Leidenschaft f\u00fcr die S\u00e4ngerin, die ihn zu einem gigantischen Projekt inspirierte: Er wollte \u00abdie\u00bb Callas mit ihren eigenen Worten sprechen lassen und dem Publikum die Person er\u00f6ffnen, die er entdeckte und die sich in vielerlei Hinsicht von der in den damaligen Medien beschriebenen unterschied.<\/p>\n<p>Nach jahrelangen Recherchen, bei denen er Archivmaterial aus der ganzen Welt sammelte, wurde Tom Volf zu einem der gr\u00f6\u00dften Spezialisten f\u00fcr Maria Callas. Die Familienmitglieder, die nicht gerne mit Journalisten sprechen, \u00f6ffnen sich ihm jedoch und vertrauen ihm private Dokumente wie Briefe, Fotos und Filme an.<\/p>\n<p><!--more-->So kam es, dass 2017, im Jahr des 40.<sup>.<\/sup> Todestag von Frau Callas ver\u00f6ffentlichte Tom Volf drei B\u00fccher in verschiedenen Verlagen: <em>Maria by Callas<\/em>, <em>Callas Confidential<\/em> und\u00a0<em>Unvollendete Briefe und Memoiren<\/em>\u00a0sowie eine Box <em>Callas Live<\/em> mit Aufnahmen seiner Konzerte, und eine Ausstellung - ebenfalls mit dem Titel <em>Maria by Callas - <\/em>die der S\u00e4ngerin gewidmet war. Am 27. Dezember kam als Sahneh\u00e4ubchen noch der Dokumentarfilm <em>Maria by Callas In ihren eigenen Worten<\/em>.<\/p>\n<p>Maria Callas, eine weltber\u00fchmte Sopranistin, eine ganze, aber duale Frau, war eine der meistbeachteten Frauen des 20.<sup>.<\/sup> Jahrhundert. Ihre einzigartige, charaktervolle Stimme ging Hand in Hand mit ihrer au\u00dfergew\u00f6hnlichen, ausdrucksstarken B\u00fchnenperformance, und die Entdeckung dieser Frau durch den von Tom Volf orchestrierten Dokumentarfilm erweist sich als \u00fcberaus wertvoll.<\/p>\n<p>Der Film besteht aus Archivmaterial, das im Laufe der Zeit gesammelt wurde, und zeichnet das Leben der Callas chronologisch nach. Wir lernen sie nach und nach kennen, <em>nach seinen eigenen Worten<\/em> Sie enth\u00fcllt sich durch Interviews, Videos und, als Juwel der Intimit\u00e4t, durch die Lesung einiger der 400 Briefe, die Maria Callas an ihre Angeh\u00f6rigen schickte, durch Fanny Ardant. Nur Elvira de Hidalgo, ihre Lehrerin und Vertraute seit ihrem Eintritt in das Athener Konservatorium, kommt zu Wort, vielleicht aufgrund der Bedeutung, die sie f\u00fcr ihre Sch\u00fclerin hatte.<\/p>\n<p>Was das gesprochene Wort betrifft, so erm\u00f6glicht seine Einzigartigkeit <em>treffen <\/em>Callas, ihre Entwicklung zu verfolgen und gleichzeitig die Frau zu verstehen, die sie war. Ihre Worte, die bei jeder Gelegenheit ehrlich sind und voller Reflexionen und Erfahrungen stecken, enth\u00fcllen die aufrechte Callas, die von den damaligen Medien bei vielen Gelegenheiten gelyncht wurde.<\/p>\n<p>Trotz der guten Qualit\u00e4t des Archivmaterials bedauern wir den schlechten Zustand des Tons. Vor allem in den ersten 20 Minuten der Vorf\u00fchrung ist der Text zu leise, als dass das Publikum seine Bedeutung verstehen k\u00f6nnte. Die h\u00f6chsten T\u00f6ne der gro\u00dfen Callas, die im Gegenteil bis zum Exzess getragen werden, lassen das Trommelfell unangenehm vibrieren.<\/p>\n<p>Au\u00dferdem wirkt das Patchwork aus Fotos und Videos, aus dem der Film besteht, an vielen Stellen unorganisiert und unordentlich. Er wollte urspr\u00fcnglich einen l\u00e4ngeren Dokumentarfilm drehen, um zu zeigen, wie viel Material ihm zur Verf\u00fcgung stand.<\/p>\n<p>Wir sind immer noch nicht einverstanden, wenn Bilder von Herrn Onassis - ihrer damaligen gro\u00dfen Liebe - mit Jacky Kennedy die Lesung eines Liebesbriefes begleiten, den Maria ihr einmal geschickt hatte. Diese z\u00e4rtlichen und intimen Worte \u00fcber die Bilder des Verrats ihres Lebens zu legen, war unserer Meinung nach sehr ungeschickt.<\/p>\n<p>Alles in allem halten wir Tom Volfs Filmprojekt f\u00fcr erfolgreich, obwohl es im Fernsehen genauso gut laufen w\u00fcrde wie im Kino. Seine Herausforderung, uns die Callas vorzustellen, die er entdeckte und liebte, und f\u00fcr die er heute so sehr schw\u00e4rmt, ist ihm gelungen. Seine Entwicklung zeichnet sich unterschwellig ab, und sein Leben bietet einen gewissen Abstand zu unserem Leben.<\/p>\n<p>Beim Verlassen des Saals ist Maria Callas nicht mehr die konstruierte Diva aus reicher Kleidung und Ruhm, sondern diese kraftvolle Frau, die sie selbst ist, unbezwingbar, aber gerecht, K\u00fcnstlerin, Philosophin, ohne es zu glauben, Mystikerin, ohne es zu wollen.<\/p>\n<p><em>Schreiben Sie dem Autor :\u00a0<a href=\"mailto:lavoyer.helene@gmail.com\">lavoyer.helene@gmail.com<\/a><\/em><\/p>\n<p>Fotocredit: \u00a9 NPR<\/p>","protected":false},"excerpt":{"rendered":"<p>Les mercredis du cin\u00e9ma &#8211; H\u00e9l\u00e8ne Lavoyer \u00ab\u00a0O\u00f9 cesse la parole, commence la musique, a dit l\u2019admirable Hoffman. Et vraiment&#8230;<\/p>","protected":false},"author":326,"featured_media":13921,"comment_status":"open","ping_status":"open","sticky":false,"template":"","format":"standard","meta":{"_acf_changed":false,"footnotes":""},"categories":[644355829],"tags":[177,101857,594770094,601516017,245482,1098,21948,582713866,601516015,1906,5017,601514173],"class_list":["post-13915","post","type-post","status-publish","format-standard","has-post-thumbnail","hentry","category-films","tag-art","tag-artistes","tag-callas-confidential","tag-callas-live","tag-chant","tag-culture","tag-documentaires","tag-maria-by-callas","tag-maria-calass","tag-opera","tag-scene","tag-tomvolf"],"acf":[],"yoast_head":"<!-- This site is optimized with the Yoast SEO Premium plugin v27.4 (Yoast SEO v27.4) - https:\/\/yoast.com\/product\/yoast-seo-premium-wordpress\/ -->\n<title>\u00abMaria by Callas\u00bb<\/title>\n<meta name=\"robots\" content=\"index, follow, max-snippet:-1, max-image-preview:large, max-video-preview:-1\" \/>\n<link rel=\"canonical\" href=\"https:\/\/leregardlibre.com\/de\/kino\/filme\/maria-by-callas\/\" \/>\n<meta property=\"og:locale\" content=\"de_DE\" \/>\n<meta property=\"og:type\" content=\"article\" \/>\n<meta property=\"og:title\" content=\"\u00abMaria by Callas\u00bb\" \/>\n<meta property=\"og:description\" content=\"Les mercredis du cin\u00e9ma - H\u00e9l\u00e8ne Lavoyer \u00ab\u00a0O\u00f9 cesse la parole, commence la musique, a dit l\u2019admirable Hoffman. Et vraiment...\" \/>\n<meta property=\"og:url\" content=\"https:\/\/leregardlibre.com\/de\/kino\/filme\/maria-by-callas\/\" \/>\n<meta property=\"og:site_name\" content=\"Le Regard Libre\" \/>\n<meta property=\"article:publisher\" content=\"https:\/\/www.facebook.com\/leregardlibre\/\" \/>\n<meta property=\"article:published_time\" content=\"2018-01-03T19:41:53+00:00\" \/>\n<meta property=\"article:modified_time\" content=\"2025-12-04T22:00:57+00:00\" \/>\n<meta property=\"og:image\" content=\"https:\/\/leregardlibre.com\/wp-content\/uploads\/2018\/01\/22maria-by-callas22.jpg\" \/>\n\t<meta property=\"og:image:width\" content=\"1400\" \/>\n\t<meta property=\"og:image:height\" content=\"787\" \/>\n\t<meta property=\"og:image:type\" content=\"image\/jpeg\" \/>\n<meta name=\"author\" content=\"H\u00e9l\u00e8ne Lavoyer\" \/>\n<meta name=\"twitter:card\" content=\"summary_large_image\" \/>\n<meta name=\"twitter:creator\" content=\"@LeRegardLibre\" \/>\n<meta name=\"twitter:site\" content=\"@LeRegardLibre\" \/>\n<meta name=\"twitter:label1\" content=\"Verfasst von\" \/>\n\t<meta name=\"twitter:data1\" content=\"H\u00e9l\u00e8ne Lavoyer\" \/>\n\t<meta name=\"twitter:label2\" content=\"Gesch\u00e4tzte Lesezeit\" \/>\n\t<meta name=\"twitter:data2\" content=\"4\u00a0Minuten\" \/>\n<script type=\"application\/ld+json\" class=\"yoast-schema-graph\">{\"@context\":\"https:\\\/\\\/schema.org\",\"@graph\":[{\"@type\":\"Article\",\"@id\":\"https:\\\/\\\/leregardlibre.com\\\/cinema\\\/films\\\/maria-by-callas\\\/#article\",\"isPartOf\":{\"@id\":\"https:\\\/\\\/leregardlibre.com\\\/cinema\\\/films\\\/maria-by-callas\\\/\"},\"author\":{\"name\":\"H\u00e9l\u00e8ne Lavoyer\",\"@id\":\"https:\\\/\\\/leregardlibre.com\\\/#\\\/schema\\\/person\\\/d54c307d35ad5a1c6bd687ddd86054f8\"},\"headline\":\"\u00abMaria by Callas\u00bb\",\"datePublished\":\"2018-01-03T19:41:53+00:00\",\"dateModified\":\"2025-12-04T22:00:57+00:00\",\"mainEntityOfPage\":{\"@id\":\"https:\\\/\\\/leregardlibre.com\\\/cinema\\\/films\\\/maria-by-callas\\\/\"},\"wordCount\":847,\"commentCount\":0,\"publisher\":{\"@id\":\"https:\\\/\\\/leregardlibre.com\\\/#organization\"},\"image\":{\"@id\":\"https:\\\/\\\/leregardlibre.com\\\/cinema\\\/films\\\/maria-by-callas\\\/#primaryimage\"},\"thumbnailUrl\":\"https:\\\/\\\/leregardlibre.com\\\/wp-content\\\/uploads\\\/2018\\\/01\\\/22maria-by-callas22.jpg\",\"keywords\":[\"Art\",\"artistes\",\"callas confidential\",\"callas live\",\"chant\",\"culture\",\"Documentaire\",\"maria by callas\",\"maria calass\",\"Op\u00e9ra\",\"sc\u00e8ne\",\"tomvolf\"],\"articleSection\":[\"Films\"],\"inLanguage\":\"de\",\"potentialAction\":[{\"@type\":\"CommentAction\",\"name\":\"Comment\",\"target\":[\"https:\\\/\\\/leregardlibre.com\\\/cinema\\\/films\\\/maria-by-callas\\\/#respond\"]}]},{\"@type\":\"WebPage\",\"@id\":\"https:\\\/\\\/leregardlibre.com\\\/cinema\\\/films\\\/maria-by-callas\\\/\",\"url\":\"https:\\\/\\\/leregardlibre.com\\\/cinema\\\/films\\\/maria-by-callas\\\/\",\"name\":\"\u00abMaria by Callas\u00bb\",\"isPartOf\":{\"@id\":\"https:\\\/\\\/leregardlibre.com\\\/#website\"},\"primaryImageOfPage\":{\"@id\":\"https:\\\/\\\/leregardlibre.com\\\/cinema\\\/films\\\/maria-by-callas\\\/#primaryimage\"},\"image\":{\"@id\":\"https:\\\/\\\/leregardlibre.com\\\/cinema\\\/films\\\/maria-by-callas\\\/#primaryimage\"},\"thumbnailUrl\":\"https:\\\/\\\/leregardlibre.com\\\/wp-content\\\/uploads\\\/2018\\\/01\\\/22maria-by-callas22.jpg\",\"datePublished\":\"2018-01-03T19:41:53+00:00\",\"dateModified\":\"2025-12-04T22:00:57+00:00\",\"breadcrumb\":{\"@id\":\"https:\\\/\\\/leregardlibre.com\\\/cinema\\\/films\\\/maria-by-callas\\\/#breadcrumb\"},\"inLanguage\":\"de\",\"potentialAction\":[{\"@type\":\"ReadAction\",\"target\":[\"https:\\\/\\\/leregardlibre.com\\\/cinema\\\/films\\\/maria-by-callas\\\/\"]}]},{\"@type\":\"ImageObject\",\"inLanguage\":\"de\",\"@id\":\"https:\\\/\\\/leregardlibre.com\\\/cinema\\\/films\\\/maria-by-callas\\\/#primaryimage\",\"url\":\"https:\\\/\\\/leregardlibre.com\\\/wp-content\\\/uploads\\\/2018\\\/01\\\/22maria-by-callas22.jpg\",\"contentUrl\":\"https:\\\/\\\/leregardlibre.com\\\/wp-content\\\/uploads\\\/2018\\\/01\\\/22maria-by-callas22.jpg\",\"width\":1400,\"height\":787,\"caption\":\"Maria Callas: vocal chameleon, gossip-column staple and influential opera icon.\"},{\"@type\":\"BreadcrumbList\",\"@id\":\"https:\\\/\\\/leregardlibre.com\\\/cinema\\\/films\\\/maria-by-callas\\\/#breadcrumb\",\"itemListElement\":[{\"@type\":\"ListItem\",\"position\":1,\"name\":\"Accueil\",\"item\":\"https:\\\/\\\/leregardlibre.com\\\/\"},{\"@type\":\"ListItem\",\"position\":2,\"name\":\"\u00abMaria by Callas\u00bb\"}]},{\"@type\":\"WebSite\",\"@id\":\"https:\\\/\\\/leregardlibre.com\\\/#website\",\"url\":\"https:\\\/\\\/leregardlibre.com\\\/\",\"name\":\"Le Regard Libre\",\"description\":\"Premier mensuel suisse de d\u00e9bat\",\"publisher\":{\"@id\":\"https:\\\/\\\/leregardlibre.com\\\/#organization\"},\"potentialAction\":[{\"@type\":\"SearchAction\",\"target\":{\"@type\":\"EntryPoint\",\"urlTemplate\":\"https:\\\/\\\/leregardlibre.com\\\/?s={search_term_string}\"},\"query-input\":{\"@type\":\"PropertyValueSpecification\",\"valueRequired\":true,\"valueName\":\"search_term_string\"}}],\"inLanguage\":\"de\"},{\"@type\":\"Organization\",\"@id\":\"https:\\\/\\\/leregardlibre.com\\\/#organization\",\"name\":\"Le Regard Libre\",\"url\":\"https:\\\/\\\/leregardlibre.com\\\/\",\"logo\":{\"@type\":\"ImageObject\",\"inLanguage\":\"de\",\"@id\":\"https:\\\/\\\/leregardlibre.com\\\/#\\\/schema\\\/logo\\\/image\\\/\",\"url\":\"https:\\\/\\\/leregardlibre.com\\\/wp-content\\\/uploads\\\/2025\\\/08\\\/logo-rl-icone-neg.jpeg\",\"contentUrl\":\"https:\\\/\\\/leregardlibre.com\\\/wp-content\\\/uploads\\\/2025\\\/08\\\/logo-rl-icone-neg.jpeg\",\"width\":557,\"height\":556,\"caption\":\"Le Regard Libre\"},\"image\":{\"@id\":\"https:\\\/\\\/leregardlibre.com\\\/#\\\/schema\\\/logo\\\/image\\\/\"},\"sameAs\":[\"https:\\\/\\\/www.facebook.com\\\/leregardlibre\\\/\",\"https:\\\/\\\/x.com\\\/LeRegardLibre\",\"https:\\\/\\\/www.linkedin.com\\\/company\\\/le-regard-libre\",\"https:\\\/\\\/www.instagram.com\\\/leregardlibre\\\/\",\"http:\\\/\\\/t.me\\\/leregardlibre\",\"https:\\\/\\\/youtube.com\\\/channel\\\/UC6HzGPomj1LsUmlz-sJtITQ\"],\"description\":\"Le Regard Libre est un mensuel suisse de d\u00e9bat intellectuel et culturel. Sa r\u00e9daction est jeune, b\u00e9n\u00e9vole, lib\u00e9rale et pluraliste. Le magazine para\u00eet en ligne et sous forme papier. Sa langue est le fran\u00e7ais.\",\"email\":\"redaction@leregardlibre.com\",\"legalName\":\"Le Regard Libre\",\"foundingDate\":\"2014-01-01\",\"numberOfEmployees\":{\"@type\":\"QuantitativeValue\",\"minValue\":\"11\",\"maxValue\":\"50\"},\"publishingPrinciples\":\"https:\\\/\\\/leregardlibre.com\\\/a-propos\\\/notre-manifeste\\\/\",\"ownershipFundingInfo\":\"https:\\\/\\\/leregardlibre.com\\\/mentions-legales\\\/\",\"actionableFeedbackPolicy\":\"https:\\\/\\\/leregardlibre.com\\\/conditions-generales-de-vente\\\/\"},{\"@type\":\"Person\",\"@id\":\"https:\\\/\\\/leregardlibre.com\\\/#\\\/schema\\\/person\\\/d54c307d35ad5a1c6bd687ddd86054f8\",\"name\":\"H\u00e9l\u00e8ne Lavoyer\",\"image\":{\"@type\":\"ImageObject\",\"inLanguage\":\"de\",\"@id\":\"https:\\\/\\\/secure.gravatar.com\\\/avatar\\\/68b25ff5328818574bf42822e9324221321679833884bc3d9c090886fea2d133?s=96&d=identicon&r=g\",\"url\":\"https:\\\/\\\/secure.gravatar.com\\\/avatar\\\/68b25ff5328818574bf42822e9324221321679833884bc3d9c090886fea2d133?s=96&d=identicon&r=g\",\"contentUrl\":\"https:\\\/\\\/secure.gravatar.com\\\/avatar\\\/68b25ff5328818574bf42822e9324221321679833884bc3d9c090886fea2d133?s=96&d=identicon&r=g\",\"caption\":\"H\u00e9l\u00e8ne Lavoyer\"},\"sameAs\":[\"https:\\\/\\\/leregardlibre.com\\\/\"],\"url\":\"https:\\\/\\\/leregardlibre.com\\\/de\\\/author\\\/helene-lavoyer\\\/\"}]}<\/script>\n<!-- \/ Yoast SEO Premium plugin. -->","yoast_head_json":{"title":"\u00abMaria von Callas\u00bb","robots":{"index":"index","follow":"follow","max-snippet":"max-snippet:-1","max-image-preview":"max-image-preview:large","max-video-preview":"max-video-preview:-1"},"canonical":"https:\/\/leregardlibre.com\/de\/kino\/filme\/maria-by-callas\/","og_locale":"de_DE","og_type":"article","og_title":"\u00abMaria by Callas\u00bb","og_description":"Les mercredis du cin\u00e9ma - H\u00e9l\u00e8ne Lavoyer \u00ab\u00a0O\u00f9 cesse la parole, commence la musique, a dit l\u2019admirable Hoffman. Et vraiment...","og_url":"https:\/\/leregardlibre.com\/de\/kino\/filme\/maria-by-callas\/","og_site_name":"Le Regard Libre","article_publisher":"https:\/\/www.facebook.com\/leregardlibre\/","article_published_time":"2018-01-03T19:41:53+00:00","article_modified_time":"2025-12-04T22:00:57+00:00","og_image":[{"width":1400,"height":787,"url":"https:\/\/leregardlibre.com\/wp-content\/uploads\/2018\/01\/22maria-by-callas22.jpg","type":"image\/jpeg"}],"author":"H\u00e9l\u00e8ne Lavoyer","twitter_card":"summary_large_image","twitter_creator":"@LeRegardLibre","twitter_site":"@LeRegardLibre","twitter_misc":{"Verfasst von":"H\u00e9l\u00e8ne Lavoyer","Gesch\u00e4tzte Lesezeit":"4\u00a0Minuten"},"schema":{"@context":"https:\/\/schema.org","@graph":[{"@type":"Article","@id":"https:\/\/leregardlibre.com\/cinema\/films\/maria-by-callas\/#article","isPartOf":{"@id":"https:\/\/leregardlibre.com\/cinema\/films\/maria-by-callas\/"},"author":{"name":"H\u00e9l\u00e8ne Lavoyer","@id":"https:\/\/leregardlibre.com\/#\/schema\/person\/d54c307d35ad5a1c6bd687ddd86054f8"},"headline":"\u00abMaria by Callas\u00bb","datePublished":"2018-01-03T19:41:53+00:00","dateModified":"2025-12-04T22:00:57+00:00","mainEntityOfPage":{"@id":"https:\/\/leregardlibre.com\/cinema\/films\/maria-by-callas\/"},"wordCount":847,"commentCount":0,"publisher":{"@id":"https:\/\/leregardlibre.com\/#organization"},"image":{"@id":"https:\/\/leregardlibre.com\/cinema\/films\/maria-by-callas\/#primaryimage"},"thumbnailUrl":"https:\/\/leregardlibre.com\/wp-content\/uploads\/2018\/01\/22maria-by-callas22.jpg","keywords":["Art","artistes","callas confidential","callas live","chant","culture","Documentaire","maria by callas","maria calass","Op\u00e9ra","sc\u00e8ne","tomvolf"],"articleSection":["Films"],"inLanguage":"de","potentialAction":[{"@type":"CommentAction","name":"Comment","target":["https:\/\/leregardlibre.com\/cinema\/films\/maria-by-callas\/#respond"]}]},{"@type":"WebPage","@id":"https:\/\/leregardlibre.com\/cinema\/films\/maria-by-callas\/","url":"https:\/\/leregardlibre.com\/cinema\/films\/maria-by-callas\/","name":"\u00abMaria von Callas\u00bb","isPartOf":{"@id":"https:\/\/leregardlibre.com\/#website"},"primaryImageOfPage":{"@id":"https:\/\/leregardlibre.com\/cinema\/films\/maria-by-callas\/#primaryimage"},"image":{"@id":"https:\/\/leregardlibre.com\/cinema\/films\/maria-by-callas\/#primaryimage"},"thumbnailUrl":"https:\/\/leregardlibre.com\/wp-content\/uploads\/2018\/01\/22maria-by-callas22.jpg","datePublished":"2018-01-03T19:41:53+00:00","dateModified":"2025-12-04T22:00:57+00:00","breadcrumb":{"@id":"https:\/\/leregardlibre.com\/cinema\/films\/maria-by-callas\/#breadcrumb"},"inLanguage":"de","potentialAction":[{"@type":"ReadAction","target":["https:\/\/leregardlibre.com\/cinema\/films\/maria-by-callas\/"]}]},{"@type":"ImageObject","inLanguage":"de","@id":"https:\/\/leregardlibre.com\/cinema\/films\/maria-by-callas\/#primaryimage","url":"https:\/\/leregardlibre.com\/wp-content\/uploads\/2018\/01\/22maria-by-callas22.jpg","contentUrl":"https:\/\/leregardlibre.com\/wp-content\/uploads\/2018\/01\/22maria-by-callas22.jpg","width":1400,"height":787,"caption":"Maria Callas: vocal chameleon, gossip-column staple and influential opera icon."},{"@type":"BreadcrumbList","@id":"https:\/\/leregardlibre.com\/cinema\/films\/maria-by-callas\/#breadcrumb","itemListElement":[{"@type":"ListItem","position":1,"name":"Accueil","item":"https:\/\/leregardlibre.com\/"},{"@type":"ListItem","position":2,"name":"\u00abMaria by Callas\u00bb"}]},{"@type":"WebSite","@id":"https:\/\/leregardlibre.com\/#website","url":"https:\/\/leregardlibre.com\/","name":"Le Regard Libre","description":"Erste Schweizer Monatszeitschrift f\u00fcr Debatten","publisher":{"@id":"https:\/\/leregardlibre.com\/#organization"},"potentialAction":[{"@type":"SearchAction","target":{"@type":"EntryPoint","urlTemplate":"https:\/\/leregardlibre.com\/?s={search_term_string}"},"query-input":{"@type":"PropertyValueSpecification","valueRequired":true,"valueName":"search_term_string"}}],"inLanguage":"de"},{"@type":"Organization","@id":"https:\/\/leregardlibre.com\/#organization","name":"Le Regard Libre","url":"https:\/\/leregardlibre.com\/","logo":{"@type":"ImageObject","inLanguage":"de","@id":"https:\/\/leregardlibre.com\/#\/schema\/logo\/image\/","url":"https:\/\/leregardlibre.com\/wp-content\/uploads\/2025\/08\/logo-rl-icone-neg.jpeg","contentUrl":"https:\/\/leregardlibre.com\/wp-content\/uploads\/2025\/08\/logo-rl-icone-neg.jpeg","width":557,"height":556,"caption":"Le Regard Libre"},"image":{"@id":"https:\/\/leregardlibre.com\/#\/schema\/logo\/image\/"},"sameAs":["https:\/\/www.facebook.com\/leregardlibre\/","https:\/\/x.com\/LeRegardLibre","https:\/\/www.linkedin.com\/company\/le-regard-libre","https:\/\/www.instagram.com\/leregardlibre\/","http:\/\/t.me\/leregardlibre","https:\/\/youtube.com\/channel\/UC6HzGPomj1LsUmlz-sJtITQ"],"description":"Le Regard Libre ist eine Schweizer Monatszeitschrift f\u00fcr intellektuelle und kulturelle Debatten. Seine Redaktion ist jung, ehrenamtlich, liberal und pluralistisch. Das Magazin erscheint online und in gedruckter Form. Seine Sprache ist Franz\u00f6sisch.","email":"redaction@leregardlibre.com","legalName":"Le Regard Libre","foundingDate":"2014-01-01","numberOfEmployees":{"@type":"QuantitativeValue","minValue":"11","maxValue":"50"},"publishingPrinciples":"https:\/\/leregardlibre.com\/a-propos\/notre-manifeste\/","ownershipFundingInfo":"https:\/\/leregardlibre.com\/mentions-legales\/","actionableFeedbackPolicy":"https:\/\/leregardlibre.com\/conditions-generales-de-vente\/"},{"@type":"Person","@id":"https:\/\/leregardlibre.com\/#\/schema\/person\/d54c307d35ad5a1c6bd687ddd86054f8","name":"H\u00e9l\u00e8ne Lavoyer","image":{"@type":"ImageObject","inLanguage":"de","@id":"https:\/\/secure.gravatar.com\/avatar\/68b25ff5328818574bf42822e9324221321679833884bc3d9c090886fea2d133?s=96&d=identicon&r=g","url":"https:\/\/secure.gravatar.com\/avatar\/68b25ff5328818574bf42822e9324221321679833884bc3d9c090886fea2d133?s=96&d=identicon&r=g","contentUrl":"https:\/\/secure.gravatar.com\/avatar\/68b25ff5328818574bf42822e9324221321679833884bc3d9c090886fea2d133?s=96&d=identicon&r=g","caption":"H\u00e9l\u00e8ne Lavoyer"},"sameAs":["https:\/\/leregardlibre.com\/"],"url":"https:\/\/leregardlibre.com\/de\/author\/helene-lavoyer\/"}]}},"_links":{"self":[{"href":"https:\/\/leregardlibre.com\/de\/wp-json\/wp\/v2\/posts\/13915","targetHints":{"allow":["GET"]}}],"collection":[{"href":"https:\/\/leregardlibre.com\/de\/wp-json\/wp\/v2\/posts"}],"about":[{"href":"https:\/\/leregardlibre.com\/de\/wp-json\/wp\/v2\/types\/post"}],"author":[{"embeddable":true,"href":"https:\/\/leregardlibre.com\/de\/wp-json\/wp\/v2\/users\/326"}],"replies":[{"embeddable":true,"href":"https:\/\/leregardlibre.com\/de\/wp-json\/wp\/v2\/comments?post=13915"}],"version-history":[{"count":2,"href":"https:\/\/leregardlibre.com\/de\/wp-json\/wp\/v2\/posts\/13915\/revisions"}],"predecessor-version":[{"id":509547,"href":"https:\/\/leregardlibre.com\/de\/wp-json\/wp\/v2\/posts\/13915\/revisions\/509547"}],"wp:featuredmedia":[{"embeddable":true,"href":"https:\/\/leregardlibre.com\/de\/wp-json\/wp\/v2\/media\/13921"}],"wp:attachment":[{"href":"https:\/\/leregardlibre.com\/de\/wp-json\/wp\/v2\/media?parent=13915"}],"wp:term":[{"taxonomy":"category","embeddable":true,"href":"https:\/\/leregardlibre.com\/de\/wp-json\/wp\/v2\/categories?post=13915"},{"taxonomy":"post_tag","embeddable":true,"href":"https:\/\/leregardlibre.com\/de\/wp-json\/wp\/v2\/tags?post=13915"}],"curies":[{"name":"wp","href":"https:\/\/api.w.org\/{rel}","templated":true}]}}