{"id":14662,"date":"2018-03-16T21:32:03","date_gmt":"2018-03-16T20:32:03","guid":{"rendered":"http:\/\/leregardlibre.com\/?p=14662"},"modified":"2025-11-10T09:44:29","modified_gmt":"2025-11-10T08:44:29","slug":"un-fan-de-thiefaine-sur-les-planches","status":"publish","type":"post","link":"https:\/\/leregardlibre.com\/de\/darstellende-kunste\/theater\/un-fan-de-thiefaine-sur-les-planches\/","title":{"rendered":"Ein Thi\u00e9faine-Fan auf den Brettern, die die Welt bedeuten"},"content":{"rendered":"<p class=\"has-drop-cap\"><strong>La pi\u00e8ce <em>J\u2019arriverai par l\u2019ascenseur de 22h43<\/em> propose un seul en sc\u00e8ne comme on en voit peu, o\u00f9 le com\u00e9dien vaudois Philippe Soltermann rend hommage au chanteur Hubert-F\u00e9lix Thi\u00e9faine et interroge le rapport fan \u00e0 idole.<\/strong><\/p>\n\n\n\n<!--more-->\n\n\n\n<p>\u00abJ\u2019arriverai par l\u2019ascenseur de 22h43 \/ En provenance de Babylone \/ Je ne conna\u00eetrai rien de tes habitudes&nbsp;\/ Il se peut m\u00eame que tu sois d\u00e9c\u00e9d\u00e9e \/ Mais je demanderai ta main pour la couper.\u00bb Ces paroles aussi myst\u00e9rieuses qu\u2019hilarantes, tir\u00e9es du premier album d\u2019Hubert-F\u00e9lix Thi\u00e9faine, ont d\u00e9sar\u00e7onn\u00e9 plus d\u2019un adolescent des ann\u00e9es septante et quatre-vingt. Certains s\u2019en sont d\u00e8s lors m\u00e9fi\u00e9s; d\u2019autres, au contraire, sont entr\u00e9s par l\u00e0 m\u00eame dans l\u2019univers de celui qui s\u2019av\u00e8rera \u00eatre le plus grand rockeur-po\u00e8te de France.<\/p>\n\n\n\n<h6 class=\"wp-block-heading\" id=\"h-a-lire-aussi-strategie-de-l-inespoir-une-sublime-lucidite\">Lesen Sie auch | <a href=\"https:\/\/leregardlibre.com\/de\/musik\/strategie-de-linespoir-une-sublime-lucidite\/\"><em>Strat\u00e9gie de l\u2019inespoir<\/em>, eine sublime Klarheit<\/a><span style=\"color: #1d296c;\"><\/span><\/h6>\n\n\n\n<p>C\u2019est le cas du com\u00e9dien Philippe Soltermann, natif de Pully. Le Vaudois d\u00e9couvre Thi\u00e9faine \u00e0 l\u2019\u00e2ge de douze ans, lorsque son ami Mario \u2013&nbsp;\u00abil \u00e9tait marrant, un temps; maintenant, il est comptable \u00e0 l\u2019Etat de Vaud\u00bb&nbsp;\u2013 \u00e9coute l\u2019album <i>Tout corps branch\u00e9 sur le secteur \u00e9tant appel\u00e9 \u00e0 s\u2019\u00e9mouvoir<\/i>. Les paroles de <i>L\u2019ascenseur de 22h43<\/i> le laissent pantois mais curieux de cette d\u00e9viante bizarrerie. Philippe qu\u00e9mande alors la cassette \u00e0 son copain Mario et, pour le meilleur et pour le pire, attrape le virus Thi\u00e9faine.<\/p>\n\n\n\n<h3 class=\"wp-block-heading\" id=\"h-un-spectacle-sur-le-rapport-fan-a-idole\">Un spectacle sur le rapport fan \u00e0 idole<\/h3>\n\n\n\n<p>C\u2019est cette histoire depuis son commencement que raconte Philippe Soltermann dans son seul en sc\u00e8ne <i>J\u2019arriverai par l\u2019ascenseur de 22h43<\/i>, sous-titr\u00e9 <i>Chroniques d\u2019un fan de Thi\u00e9faine<\/i>. Ce fan que le com\u00e9dien incarne est montr\u00e9 sous ses aspects touchants, mais aussi dans ses revers plus excessifs et ridicules, qui ne correspondent pas au fan qu\u2019est vraiment Philippe Soltermann. \u00abDans la vraie vie, je ne poss\u00e8de pas de T-shirt \u00e0 l\u2019effigie du chanteur\u00bb, nous glisse le com\u00e9dien apr\u00e8s le spectacle. Ce qui n\u2019emp\u00eache pas que durant les concerts, \u00e0 la mani\u00e8re des vrais fans purs et durs, \u00abil chante a tue-t\u00eate la m\u00e9lodie de <i>La Fille du coupeur de joints<\/i> pour rappeler Thi\u00e9faine sur sc\u00e8ne\u00bb, note avec humour Lorenzo Malaguerra, directeur du Th\u00e9\u00e2tre du Crochetan, qui a sign\u00e9 la mise en sc\u00e8ne\u00a0\u2013\u00a0c\u2019est leur premi\u00e8re collaboration.<\/p>\n\n\n\n<p>Les deux hommes ont travaill\u00e9 durant un an pour aboutir \u00e0 la forme finale de la pi\u00e8ce, le seul en sc\u00e8ne permettant de faire de nombreuses r\u00e9p\u00e9titions par petites p\u00e9riodes. \u00abLe travail a donc muri tranquillement\u00bb, explique le metteur en sc\u00e8ne. Philippe Soltermann a pu compter sur le soutien de la maison de production du chanteur lui-m\u00eame, qui leur a laiss\u00e9 carte blanche. \u00abBeaucoup de cr\u00e9ations ont \u00e9t\u00e9 faites sur Thi\u00e9faine sans que celui-ci ne soit mis au courant, alors que dans notre cas, nous avons demand\u00e9 \u00e0 la maison de production\u00bb, pr\u00e9cise le com\u00e9dien. Sur le dossier de pr\u00e9sentation distribu\u00e9 aux spectateurs, Hubert-F\u00e9lix Thi\u00e9faine figure d\u2019ailleurs lui-m\u00eame dans les remerciements. A-t-il assist\u00e9 \u00e0 une repr\u00e9sentation? \u00abIl va d\u00e9couvrir la pi\u00e8ce sous la forme d\u2019une captation vid\u00e9o\u00bb, nous r\u00e9pond Philippe Soltermann.<\/p>\n\n\n\n<h3 class=\"wp-block-heading\" id=\"h-entre-desespoir-et-rire-general\">Entre d\u00e9sespoir et rire g\u00e9n\u00e9ral<\/h3>\n\n\n\n<p>La mise en sc\u00e8ne de Lorenzo Malaguerra est sobre, mais sombre. Elle suit le seul en sc\u00e8ne dans l\u2019\u00e9volution de son \u00e9nergie. La derni\u00e8re partie du spectacle, qui laisse place \u00e0 la musique de Thi\u00e9faine par un titre <i>live<\/i> exceptionnel, assure \u00e0 la dimension musicale une\u00a0puissance qu\u2019elle n\u2019aurait pas eue si elle s\u2019\u00e9tait \u00e9tal\u00e9e sur toute la pi\u00e8ce. Le texte, sign\u00e9 par le com\u00e9dien, oscille entre un langage populaire et des r\u00e9f\u00e9rences aux paroles du chanteur, avec un effet comique tr\u00e8s r\u00e9ussi. En t\u00e9moigne une sc\u00e8ne o\u00f9 le personnage explique \u00e0 quel point il est difficile de placer une phrase de Thi\u00e9faine dans une discussion courante, alors m\u00eame que la phrase en question traduit l\u2019\u00e9t\u00e2t d\u2019\u00e2me du fan. \u00abComment \u00e7a va? \u2013 Eh bien, <i>il n\u2019y a plus de mur de Berlin pour justifier ma honte<\/i>.\u00bb Un moment tr\u00e8s dr\u00f4le de la pi\u00e8ce, o\u00f9 les exemples loufoques s\u2019encha\u00eenent.<\/p>\n\n\n\n<p>Autre dimension comique du seul en sc\u00e8ne, le coup port\u00e9 aux journalistes, qui ont longtemps snob\u00e9 Hubert-F\u00e9lix Thi\u00e9faine, jusqu\u2019en 2012, ann\u00e9e o\u00f9 il obtient deux Victoires de la musique. On sent un Soltermann tr\u00e8s critique envers les journalistes pseudo-musicaux, plus port\u00e9s par le \u00abmoi, je\u00bb que par une r\u00e9elle analyse musicale. Certains, dans le public, ont trouv\u00e9 cette sc\u00e8ne trop longue. D\u2019autres ont appr\u00e9ci\u00e9, et j\u2019en fais partie. \u00abC\u2019est marrant, tous les journalistes me disent qu\u2019ils ont ador\u00e9 ce moment, parce qu\u2019ils reconnaissent leurs coll\u00e8gues, mais ce ne sont jamais eux!\u00bb, nous lance le com\u00e9dien en toute taquinerie.<\/p>\n\n\n\n<p>Dans cette pi\u00e8ce, l\u2019humour c\u00f4toie le <i>spleen<\/i>, ein <i>spleen<\/i> tr\u00e8s noir, un <i>spleen<\/i> thi\u00e9fainien de bout en bout. Pourtant, Soltermann fait dire \u00e0 son personnage: \u00abThi\u00e9faine est pour moi ce que devient \u0152dipe mort: un Dieu protecteur.\u00bb Nous avons demand\u00e9 au com\u00e9dien en quoi il est rassurant d\u2019\u00e9couter un chanteur de la m\u00e9lancolie et du d\u00e9sespoir. \u00abIl y a effectivement cette dimension de po\u00e9sie noire chez Thi\u00e9faine, mais on oublie souvent que son \u0153uvre est aussi truff\u00e9e d\u2019humour. Un humour absurde, pas \u00abtarte \u00e0 la cr\u00e8me\u00bb, ce qui permet de transcender le quotidien. La phrase &#8220;Je me cr\u00e8verais bien les yeux, mais j\u2019ai d\u00e9j\u00e0 vendu mon corps \u00e0 la science&#8221; me fait bidonner par exemple.\u00bb<\/p>\n\n\n\n<h3 class=\"wp-block-heading\" id=\"h-un-spectacle-pour-tout-un-chacun\">Un spectacle pour tout un chacun<\/h3>\n\n\n\n<p>Ce genre de formules a l\u2019art d\u2019attirer un public tr\u00e8s large. Dans la salle du Crochetan, retrait\u00e9s, quadrag\u00e9naires et jeunes adultes se r\u00e9unissaient pour assister \u00e0 ce genre de th\u00e9\u00e2tre peu habituel. \u00abJ\u2019ai vu beaucoup de personnes qui ne viennent pas aux spectacles d\u2019habitude et qui sont donc venus pour la pi\u00e8ce en tant que telle\u00bb, commente Lorenzo Malaguerra. \u00abIl y a des fans de Thi\u00e9faine, des gens simplement curieux; on trouve vraiment de tout dans le public. Et il y a un r\u00e9seau de salles qui permet \u00e0 ce genre d\u2019\u00e9v\u00e9nements d\u2019exister.\u00bb Ce n\u2019est d\u2019ailleurs pas seulement le Valais qui s\u2019est d\u00e9plac\u00e9: \u00abce soir, certains sont venus depuis le Nord de la France\u00bb, se r\u00e9jouit Philippe Soltermann.<\/p>\n\n\n\n<p>Au juste, est-ce que le metteur en sc\u00e8ne connaissait aussi Thi\u00e9faine avant de travailler sur ce spectacle? \u00abC\u2019est quand Philippe m\u2019a emmen\u00e9 \u00e0 l\u2019un de ses concerts que je l\u2019ai vraiment d\u00e9couvert. A ce moment-l\u00e0, j\u2019ai compris que c\u2019\u00e9tait du tr\u00e8s haut niveau.\u00a0Thi\u00e9faine a une pr\u00e9cision impressionnante, des musiciens excellents et une musique tr\u00e8s engag\u00e9e.\u00bb Philippe Soltermann le rejoint: \u00abIl y a une tr\u00e8s grande exigence chez Thi\u00e9faine, qui se lit d\u2019abord sur le travail des textes, mais aussi sur les arrangements des morceaux en <i>live<\/i> ou sur la mani\u00e8re de monter la sc\u00e9nographie d\u2019un spectacle. C\u2019est aussi pour cela qu\u2019il dure depuis si longtemps!\u00bb<\/p>\n\n\n\n<h6 class=\"wp-block-heading\" id=\"h-a-lire-aussi-thiefaine-est-venu-nous-l-avons-vu-et-il-nous-a-plu\">Lesen Sie auch | <a href=\"https:\/\/leregardlibre.com\/de\/musik\/thiefaine-est-venu-nous-lavons-vu-et-il-nous-a-plu\/\">Thi\u00e9faine war da, wir haben ihn gesehen und er hat uns gefallen<\/a><\/h6>\n\n\n\n<p>Les carri\u00e8res des deux messieurs que nous avons rencontr\u00e9s se destinent elles aussi \u00e0 durer, \u00e0 en juger par l\u2019\u0153uvre qu\u2019ils nous ont pr\u00e9sent\u00e9e. Point essentiel de cette soir\u00e9e: on ne peut pas hi\u00e9rarchiser les albums d\u2019Hubert-F\u00e9lix Thi\u00e9faine. Quand m\u00eame, Soltermann n\u2019en aurait-il pas un qu\u2019il pr\u00e9f\u00e8re? \u00abLe prochain qui sortira.\u00bb Nous ne pouvons que le rejoindre, car si cet album suit la lign\u00e9e des deux pr\u00e9c\u00e9dents, <i>Suppl\u00e9ments de mensonge<\/i> und <i>Strat\u00e9gie de l\u2019inespoir<\/i>, il y a de quoi se r\u00e9jouir. <i>Ad orgasmum aeternum<\/i>.<\/p>\n\n\n\n<p><em><strong>Jonas Follonier<\/strong> ist Gr\u00fcnder und Chefredakteur des <\/em>Regard Libre<em>. Schreiben Sie an den Autor: <a href=\"mailto:jonas.follonier@leregardlibre.com\">jonas.follonier@leregardlibre.com<\/a><\/em><\/p>","protected":false},"excerpt":{"rendered":"<p>Das St\u00fcck J'arriverai par l'ascenseur de 22h43 bietet einen Monolog, wie man ihn nur selten sieht, in dem der Waadtl\u00e4nder Schauspieler Philippe Soltermann dem S\u00e4nger Hubert-F\u00e9lix Thi\u00e9faine huldigt und die Beziehung zwischen Fan und Idol hinterfragt.<\/p>","protected":false},"author":138,"featured_media":509649,"comment_status":"open","ping_status":"open","sticky":false,"template":"","format":"standard","meta":{"_acf_changed":false,"footnotes":""},"categories":[5386],"tags":[14227,5782657,35,220512263,644358365,90484],"class_list":["post-14662","post","type-post","status-publish","format-standard","has-post-thumbnail","hentry","category-theatre","tag-comedie","tag-hubert-felix-thiefaine","tag-humour","tag-lorenzo-malaguerra","tag-seuls-en-scene","tag-spectacle"],"acf":[],"yoast_head":"<!-- This site is optimized with the Yoast SEO Premium plugin v27.4 (Yoast SEO v27.4) - https:\/\/yoast.com\/product\/yoast-seo-premium-wordpress\/ -->\n<title>Philippe Soltermann, un fan de Thi\u00e9faine sur les planches<\/title>\n<meta name=\"description\" content=\"Dans \u00abJ\u2019arriverai par l\u2019ascenseur de 22h43\u00bb, le com\u00e9dien vaudois Philippe Soltermann interroge le rapport fan \u00e0 idole.\" \/>\n<meta name=\"robots\" content=\"index, follow, max-snippet:-1, max-image-preview:large, max-video-preview:-1\" \/>\n<link rel=\"canonical\" href=\"https:\/\/leregardlibre.com\/de\/darstellende-kunste\/theater\/un-fan-de-thiefaine-sur-les-planches\/\" \/>\n<meta property=\"og:locale\" content=\"de_DE\" \/>\n<meta property=\"og:type\" content=\"article\" \/>\n<meta property=\"og:title\" content=\"Un fan de Thi\u00e9faine sur les planches\" \/>\n<meta property=\"og:description\" content=\"Dans \u00abJ\u2019arriverai par l\u2019ascenseur de 22h43\u00bb, le com\u00e9dien vaudois Philippe Soltermann interroge le rapport fan \u00e0 idole.\" \/>\n<meta property=\"og:url\" content=\"https:\/\/leregardlibre.com\/de\/darstellende-kunste\/theater\/un-fan-de-thiefaine-sur-les-planches\/\" \/>\n<meta property=\"og:site_name\" content=\"Le Regard Libre\" \/>\n<meta property=\"article:publisher\" content=\"https:\/\/www.facebook.com\/leregardlibre\/\" \/>\n<meta property=\"article:author\" content=\"https:\/\/www.facebook.com\/jonas.follonier\/\" \/>\n<meta property=\"article:published_time\" content=\"2018-03-16T20:32:03+00:00\" \/>\n<meta property=\"article:modified_time\" content=\"2025-11-10T08:44:29+00:00\" \/>\n<meta property=\"og:image\" content=\"https:\/\/leregardlibre.com\/wp-content\/uploads\/2018\/03\/jarriverai-par-lascenseur-de-22h43-c2a9-mehdi-benkler-1-1024x679.jpg\" \/>\n\t<meta property=\"og:image:width\" content=\"1024\" \/>\n\t<meta property=\"og:image:height\" content=\"679\" \/>\n\t<meta property=\"og:image:type\" content=\"image\/jpeg\" \/>\n<meta name=\"author\" content=\"Jonas Follonier\" \/>\n<meta name=\"twitter:card\" content=\"summary_large_image\" \/>\n<meta name=\"twitter:creator\" content=\"@LeRegardLibre\" \/>\n<meta name=\"twitter:site\" content=\"@LeRegardLibre\" \/>\n<meta name=\"twitter:label1\" content=\"Verfasst von\" \/>\n\t<meta name=\"twitter:data1\" content=\"Jonas Follonier\" \/>\n\t<meta name=\"twitter:label2\" content=\"Gesch\u00e4tzte Lesezeit\" \/>\n\t<meta name=\"twitter:data2\" content=\"7\u00a0Minuten\" \/>\n<script type=\"application\/ld+json\" class=\"yoast-schema-graph\">{\"@context\":\"https:\\\/\\\/schema.org\",\"@graph\":[{\"@type\":\"Article\",\"@id\":\"https:\\\/\\\/leregardlibre.com\\\/arts-vivants\\\/theatre\\\/un-fan-de-thiefaine-sur-les-planches\\\/#article\",\"isPartOf\":{\"@id\":\"https:\\\/\\\/leregardlibre.com\\\/arts-vivants\\\/theatre\\\/un-fan-de-thiefaine-sur-les-planches\\\/\"},\"author\":{\"name\":\"Jonas Follonier\",\"@id\":\"https:\\\/\\\/leregardlibre.com\\\/#\\\/schema\\\/person\\\/bfe5aa794a23be71485d60e2d93ec0d2\"},\"headline\":\"Un fan de Thi\u00e9faine sur les planches\",\"datePublished\":\"2018-03-16T20:32:03+00:00\",\"dateModified\":\"2025-11-10T08:44:29+00:00\",\"mainEntityOfPage\":{\"@id\":\"https:\\\/\\\/leregardlibre.com\\\/arts-vivants\\\/theatre\\\/un-fan-de-thiefaine-sur-les-planches\\\/\"},\"wordCount\":1411,\"commentCount\":1,\"publisher\":{\"@id\":\"https:\\\/\\\/leregardlibre.com\\\/#organization\"},\"image\":{\"@id\":\"https:\\\/\\\/leregardlibre.com\\\/arts-vivants\\\/theatre\\\/un-fan-de-thiefaine-sur-les-planches\\\/#primaryimage\"},\"thumbnailUrl\":\"https:\\\/\\\/leregardlibre.com\\\/wp-content\\\/uploads\\\/2018\\\/03\\\/jarriverai-par-lascenseur-de-22h43-c2a9-mehdi-benkler-1-e1760795328863.jpg\",\"keywords\":[\"Com\u00e9die\",\"Hubert-F\u00e9lix Thi\u00e9faine\",\"Humour\",\"Lorenzo Malaguerra\",\"Seul en sc\u00e8ne\",\"Spectacle\"],\"articleSection\":[\"Th\u00e9\u00e2tre\"],\"inLanguage\":\"de\",\"potentialAction\":[{\"@type\":\"CommentAction\",\"name\":\"Comment\",\"target\":[\"https:\\\/\\\/leregardlibre.com\\\/arts-vivants\\\/theatre\\\/un-fan-de-thiefaine-sur-les-planches\\\/#respond\"]}]},{\"@type\":\"WebPage\",\"@id\":\"https:\\\/\\\/leregardlibre.com\\\/arts-vivants\\\/theatre\\\/un-fan-de-thiefaine-sur-les-planches\\\/\",\"url\":\"https:\\\/\\\/leregardlibre.com\\\/arts-vivants\\\/theatre\\\/un-fan-de-thiefaine-sur-les-planches\\\/\",\"name\":\"Philippe Soltermann, un fan de Thi\u00e9faine sur les planches\",\"isPartOf\":{\"@id\":\"https:\\\/\\\/leregardlibre.com\\\/#website\"},\"primaryImageOfPage\":{\"@id\":\"https:\\\/\\\/leregardlibre.com\\\/arts-vivants\\\/theatre\\\/un-fan-de-thiefaine-sur-les-planches\\\/#primaryimage\"},\"image\":{\"@id\":\"https:\\\/\\\/leregardlibre.com\\\/arts-vivants\\\/theatre\\\/un-fan-de-thiefaine-sur-les-planches\\\/#primaryimage\"},\"thumbnailUrl\":\"https:\\\/\\\/leregardlibre.com\\\/wp-content\\\/uploads\\\/2018\\\/03\\\/jarriverai-par-lascenseur-de-22h43-c2a9-mehdi-benkler-1-e1760795328863.jpg\",\"datePublished\":\"2018-03-16T20:32:03+00:00\",\"dateModified\":\"2025-11-10T08:44:29+00:00\",\"description\":\"Dans \u00abJ\u2019arriverai par l\u2019ascenseur de 22h43\u00bb, le com\u00e9dien vaudois Philippe Soltermann interroge le rapport fan \u00e0 idole.\",\"breadcrumb\":{\"@id\":\"https:\\\/\\\/leregardlibre.com\\\/arts-vivants\\\/theatre\\\/un-fan-de-thiefaine-sur-les-planches\\\/#breadcrumb\"},\"inLanguage\":\"de\",\"potentialAction\":[{\"@type\":\"ReadAction\",\"target\":[\"https:\\\/\\\/leregardlibre.com\\\/arts-vivants\\\/theatre\\\/un-fan-de-thiefaine-sur-les-planches\\\/\"]}]},{\"@type\":\"ImageObject\",\"inLanguage\":\"de\",\"@id\":\"https:\\\/\\\/leregardlibre.com\\\/arts-vivants\\\/theatre\\\/un-fan-de-thiefaine-sur-les-planches\\\/#primaryimage\",\"url\":\"https:\\\/\\\/leregardlibre.com\\\/wp-content\\\/uploads\\\/2018\\\/03\\\/jarriverai-par-lascenseur-de-22h43-c2a9-mehdi-benkler-1-e1760795328863.jpg\",\"contentUrl\":\"https:\\\/\\\/leregardlibre.com\\\/wp-content\\\/uploads\\\/2018\\\/03\\\/jarriverai-par-lascenseur-de-22h43-c2a9-mehdi-benkler-1-e1760795328863.jpg\",\"width\":1920,\"height\":1273,\"caption\":\"Philippe Soltermann dans son seul en sc\u00e8ne \u00abJ'arriverai par l'ascenseur de 19h43\u00bb. Photo: Mehdi Benkler\"},{\"@type\":\"BreadcrumbList\",\"@id\":\"https:\\\/\\\/leregardlibre.com\\\/arts-vivants\\\/theatre\\\/un-fan-de-thiefaine-sur-les-planches\\\/#breadcrumb\",\"itemListElement\":[{\"@type\":\"ListItem\",\"position\":1,\"name\":\"Accueil\",\"item\":\"https:\\\/\\\/leregardlibre.com\\\/\"},{\"@type\":\"ListItem\",\"position\":2,\"name\":\"Un fan de Thi\u00e9faine sur les planches\"}]},{\"@type\":\"WebSite\",\"@id\":\"https:\\\/\\\/leregardlibre.com\\\/#website\",\"url\":\"https:\\\/\\\/leregardlibre.com\\\/\",\"name\":\"Le Regard Libre\",\"description\":\"Premier mensuel suisse de d\u00e9bat\",\"publisher\":{\"@id\":\"https:\\\/\\\/leregardlibre.com\\\/#organization\"},\"potentialAction\":[{\"@type\":\"SearchAction\",\"target\":{\"@type\":\"EntryPoint\",\"urlTemplate\":\"https:\\\/\\\/leregardlibre.com\\\/?s={search_term_string}\"},\"query-input\":{\"@type\":\"PropertyValueSpecification\",\"valueRequired\":true,\"valueName\":\"search_term_string\"}}],\"inLanguage\":\"de\"},{\"@type\":\"Organization\",\"@id\":\"https:\\\/\\\/leregardlibre.com\\\/#organization\",\"name\":\"Le Regard Libre\",\"url\":\"https:\\\/\\\/leregardlibre.com\\\/\",\"logo\":{\"@type\":\"ImageObject\",\"inLanguage\":\"de\",\"@id\":\"https:\\\/\\\/leregardlibre.com\\\/#\\\/schema\\\/logo\\\/image\\\/\",\"url\":\"https:\\\/\\\/leregardlibre.com\\\/wp-content\\\/uploads\\\/2025\\\/08\\\/logo-rl-icone-neg.jpeg\",\"contentUrl\":\"https:\\\/\\\/leregardlibre.com\\\/wp-content\\\/uploads\\\/2025\\\/08\\\/logo-rl-icone-neg.jpeg\",\"width\":557,\"height\":556,\"caption\":\"Le Regard Libre\"},\"image\":{\"@id\":\"https:\\\/\\\/leregardlibre.com\\\/#\\\/schema\\\/logo\\\/image\\\/\"},\"sameAs\":[\"https:\\\/\\\/www.facebook.com\\\/leregardlibre\\\/\",\"https:\\\/\\\/x.com\\\/LeRegardLibre\",\"https:\\\/\\\/www.linkedin.com\\\/company\\\/le-regard-libre\",\"https:\\\/\\\/www.instagram.com\\\/leregardlibre\\\/\",\"http:\\\/\\\/t.me\\\/leregardlibre\",\"https:\\\/\\\/youtube.com\\\/channel\\\/UC6HzGPomj1LsUmlz-sJtITQ\"],\"description\":\"Le Regard Libre est un mensuel suisse de d\u00e9bat intellectuel et culturel. Sa r\u00e9daction est jeune, b\u00e9n\u00e9vole, lib\u00e9rale et pluraliste. Le magazine para\u00eet en ligne et sous forme papier. Sa langue est le fran\u00e7ais.\",\"email\":\"redaction@leregardlibre.com\",\"legalName\":\"Le Regard Libre\",\"foundingDate\":\"2014-01-01\",\"numberOfEmployees\":{\"@type\":\"QuantitativeValue\",\"minValue\":\"11\",\"maxValue\":\"50\"},\"publishingPrinciples\":\"https:\\\/\\\/leregardlibre.com\\\/a-propos\\\/notre-manifeste\\\/\",\"ownershipFundingInfo\":\"https:\\\/\\\/leregardlibre.com\\\/mentions-legales\\\/\",\"actionableFeedbackPolicy\":\"https:\\\/\\\/leregardlibre.com\\\/conditions-generales-de-vente\\\/\"},{\"@type\":\"Person\",\"@id\":\"https:\\\/\\\/leregardlibre.com\\\/#\\\/schema\\\/person\\\/bfe5aa794a23be71485d60e2d93ec0d2\",\"name\":\"Jonas Follonier\",\"image\":{\"@type\":\"ImageObject\",\"inLanguage\":\"de\",\"@id\":\"https:\\\/\\\/secure.gravatar.com\\\/avatar\\\/602060b40f6a458420c2d140f49b6caea99152ce6704f2c332e5a0c5aad80303?s=96&d=identicon&r=g\",\"url\":\"https:\\\/\\\/secure.gravatar.com\\\/avatar\\\/602060b40f6a458420c2d140f49b6caea99152ce6704f2c332e5a0c5aad80303?s=96&d=identicon&r=g\",\"contentUrl\":\"https:\\\/\\\/secure.gravatar.com\\\/avatar\\\/602060b40f6a458420c2d140f49b6caea99152ce6704f2c332e5a0c5aad80303?s=96&d=identicon&r=g\",\"caption\":\"Jonas Follonier\"},\"description\":\"Correspondant au Palais f\u00e9d\u00e9ral pour \u00abL\u2019Agefi\u00bb, auteur-compositeur-interpr\u00e8te et essayiste, Jonas Follonier est le fondateur et r\u00e9dacteur en chef du \u00abRegard Libre\u00bb.\",\"sameAs\":[\"https:\\\/\\\/www.facebook.com\\\/jonas.follonier\\\/\",\"https:\\\/\\\/www.instagram.com\\\/jonasfollonier\\\/\",\"https:\\\/\\\/www.linkedin.com\\\/in\\\/jonasfollonier\\\/\",\"https:\\\/\\\/fr.wikipedia.org\\\/wiki\\\/Le_Regard_libre\"],\"url\":\"https:\\\/\\\/leregardlibre.com\\\/de\\\/author\\\/jonas-follonier\\\/\"}]}<\/script>\n<!-- \/ Yoast SEO Premium plugin. -->","yoast_head_json":{"title":"Philippe Soltermann, un fan de Thi\u00e9faine sur les planches","description":"Dans \u00abJ\u2019arriverai par l\u2019ascenseur de 22h43\u00bb, le com\u00e9dien vaudois Philippe Soltermann interroge le rapport fan \u00e0 idole.","robots":{"index":"index","follow":"follow","max-snippet":"max-snippet:-1","max-image-preview":"max-image-preview:large","max-video-preview":"max-video-preview:-1"},"canonical":"https:\/\/leregardlibre.com\/de\/darstellende-kunste\/theater\/un-fan-de-thiefaine-sur-les-planches\/","og_locale":"de_DE","og_type":"article","og_title":"Un fan de Thi\u00e9faine sur les planches","og_description":"Dans \u00abJ\u2019arriverai par l\u2019ascenseur de 22h43\u00bb, le com\u00e9dien vaudois Philippe Soltermann interroge le rapport fan \u00e0 idole.","og_url":"https:\/\/leregardlibre.com\/de\/darstellende-kunste\/theater\/un-fan-de-thiefaine-sur-les-planches\/","og_site_name":"Le Regard Libre","article_publisher":"https:\/\/www.facebook.com\/leregardlibre\/","article_author":"https:\/\/www.facebook.com\/jonas.follonier\/","article_published_time":"2018-03-16T20:32:03+00:00","article_modified_time":"2025-11-10T08:44:29+00:00","og_image":[{"width":1024,"height":679,"url":"https:\/\/leregardlibre.com\/wp-content\/uploads\/2018\/03\/jarriverai-par-lascenseur-de-22h43-c2a9-mehdi-benkler-1-1024x679.jpg","type":"image\/jpeg"}],"author":"Jonas Follonier","twitter_card":"summary_large_image","twitter_creator":"@LeRegardLibre","twitter_site":"@LeRegardLibre","twitter_misc":{"Verfasst von":"Jonas Follonier","Gesch\u00e4tzte Lesezeit":"7\u00a0Minuten"},"schema":{"@context":"https:\/\/schema.org","@graph":[{"@type":"Article","@id":"https:\/\/leregardlibre.com\/arts-vivants\/theatre\/un-fan-de-thiefaine-sur-les-planches\/#article","isPartOf":{"@id":"https:\/\/leregardlibre.com\/arts-vivants\/theatre\/un-fan-de-thiefaine-sur-les-planches\/"},"author":{"name":"Jonas Follonier","@id":"https:\/\/leregardlibre.com\/#\/schema\/person\/bfe5aa794a23be71485d60e2d93ec0d2"},"headline":"Un fan de Thi\u00e9faine sur les planches","datePublished":"2018-03-16T20:32:03+00:00","dateModified":"2025-11-10T08:44:29+00:00","mainEntityOfPage":{"@id":"https:\/\/leregardlibre.com\/arts-vivants\/theatre\/un-fan-de-thiefaine-sur-les-planches\/"},"wordCount":1411,"commentCount":1,"publisher":{"@id":"https:\/\/leregardlibre.com\/#organization"},"image":{"@id":"https:\/\/leregardlibre.com\/arts-vivants\/theatre\/un-fan-de-thiefaine-sur-les-planches\/#primaryimage"},"thumbnailUrl":"https:\/\/leregardlibre.com\/wp-content\/uploads\/2018\/03\/jarriverai-par-lascenseur-de-22h43-c2a9-mehdi-benkler-1-e1760795328863.jpg","keywords":["Com\u00e9die","Hubert-F\u00e9lix Thi\u00e9faine","Humour","Lorenzo Malaguerra","Seul en sc\u00e8ne","Spectacle"],"articleSection":["Th\u00e9\u00e2tre"],"inLanguage":"de","potentialAction":[{"@type":"CommentAction","name":"Comment","target":["https:\/\/leregardlibre.com\/arts-vivants\/theatre\/un-fan-de-thiefaine-sur-les-planches\/#respond"]}]},{"@type":"WebPage","@id":"https:\/\/leregardlibre.com\/arts-vivants\/theatre\/un-fan-de-thiefaine-sur-les-planches\/","url":"https:\/\/leregardlibre.com\/arts-vivants\/theatre\/un-fan-de-thiefaine-sur-les-planches\/","name":"Philippe Soltermann, un fan de Thi\u00e9faine sur les planches","isPartOf":{"@id":"https:\/\/leregardlibre.com\/#website"},"primaryImageOfPage":{"@id":"https:\/\/leregardlibre.com\/arts-vivants\/theatre\/un-fan-de-thiefaine-sur-les-planches\/#primaryimage"},"image":{"@id":"https:\/\/leregardlibre.com\/arts-vivants\/theatre\/un-fan-de-thiefaine-sur-les-planches\/#primaryimage"},"thumbnailUrl":"https:\/\/leregardlibre.com\/wp-content\/uploads\/2018\/03\/jarriverai-par-lascenseur-de-22h43-c2a9-mehdi-benkler-1-e1760795328863.jpg","datePublished":"2018-03-16T20:32:03+00:00","dateModified":"2025-11-10T08:44:29+00:00","description":"Dans \u00abJ\u2019arriverai par l\u2019ascenseur de 22h43\u00bb, le com\u00e9dien vaudois Philippe Soltermann interroge le rapport fan \u00e0 idole.","breadcrumb":{"@id":"https:\/\/leregardlibre.com\/arts-vivants\/theatre\/un-fan-de-thiefaine-sur-les-planches\/#breadcrumb"},"inLanguage":"de","potentialAction":[{"@type":"ReadAction","target":["https:\/\/leregardlibre.com\/arts-vivants\/theatre\/un-fan-de-thiefaine-sur-les-planches\/"]}]},{"@type":"ImageObject","inLanguage":"de","@id":"https:\/\/leregardlibre.com\/arts-vivants\/theatre\/un-fan-de-thiefaine-sur-les-planches\/#primaryimage","url":"https:\/\/leregardlibre.com\/wp-content\/uploads\/2018\/03\/jarriverai-par-lascenseur-de-22h43-c2a9-mehdi-benkler-1-e1760795328863.jpg","contentUrl":"https:\/\/leregardlibre.com\/wp-content\/uploads\/2018\/03\/jarriverai-par-lascenseur-de-22h43-c2a9-mehdi-benkler-1-e1760795328863.jpg","width":1920,"height":1273,"caption":"Philippe Soltermann dans son seul en sc\u00e8ne \u00abJ'arriverai par l'ascenseur de 19h43\u00bb. Photo: Mehdi Benkler"},{"@type":"BreadcrumbList","@id":"https:\/\/leregardlibre.com\/arts-vivants\/theatre\/un-fan-de-thiefaine-sur-les-planches\/#breadcrumb","itemListElement":[{"@type":"ListItem","position":1,"name":"Accueil","item":"https:\/\/leregardlibre.com\/"},{"@type":"ListItem","position":2,"name":"Un fan de Thi\u00e9faine sur les planches"}]},{"@type":"WebSite","@id":"https:\/\/leregardlibre.com\/#website","url":"https:\/\/leregardlibre.com\/","name":"Le Regard Libre","description":"Erste Schweizer Monatszeitschrift f\u00fcr Debatten","publisher":{"@id":"https:\/\/leregardlibre.com\/#organization"},"potentialAction":[{"@type":"SearchAction","target":{"@type":"EntryPoint","urlTemplate":"https:\/\/leregardlibre.com\/?s={search_term_string}"},"query-input":{"@type":"PropertyValueSpecification","valueRequired":true,"valueName":"search_term_string"}}],"inLanguage":"de"},{"@type":"Organization","@id":"https:\/\/leregardlibre.com\/#organization","name":"Le Regard Libre","url":"https:\/\/leregardlibre.com\/","logo":{"@type":"ImageObject","inLanguage":"de","@id":"https:\/\/leregardlibre.com\/#\/schema\/logo\/image\/","url":"https:\/\/leregardlibre.com\/wp-content\/uploads\/2025\/08\/logo-rl-icone-neg.jpeg","contentUrl":"https:\/\/leregardlibre.com\/wp-content\/uploads\/2025\/08\/logo-rl-icone-neg.jpeg","width":557,"height":556,"caption":"Le Regard Libre"},"image":{"@id":"https:\/\/leregardlibre.com\/#\/schema\/logo\/image\/"},"sameAs":["https:\/\/www.facebook.com\/leregardlibre\/","https:\/\/x.com\/LeRegardLibre","https:\/\/www.linkedin.com\/company\/le-regard-libre","https:\/\/www.instagram.com\/leregardlibre\/","http:\/\/t.me\/leregardlibre","https:\/\/youtube.com\/channel\/UC6HzGPomj1LsUmlz-sJtITQ"],"description":"Le Regard Libre ist eine Schweizer Monatszeitschrift f\u00fcr intellektuelle und kulturelle Debatten. Seine Redaktion ist jung, ehrenamtlich, liberal und pluralistisch. Das Magazin erscheint online und in gedruckter Form. Seine Sprache ist Franz\u00f6sisch.","email":"redaction@leregardlibre.com","legalName":"Le Regard Libre","foundingDate":"2014-01-01","numberOfEmployees":{"@type":"QuantitativeValue","minValue":"11","maxValue":"50"},"publishingPrinciples":"https:\/\/leregardlibre.com\/a-propos\/notre-manifeste\/","ownershipFundingInfo":"https:\/\/leregardlibre.com\/mentions-legales\/","actionableFeedbackPolicy":"https:\/\/leregardlibre.com\/conditions-generales-de-vente\/"},{"@type":"Person","@id":"https:\/\/leregardlibre.com\/#\/schema\/person\/bfe5aa794a23be71485d60e2d93ec0d2","name":"Jonas Follonier","image":{"@type":"ImageObject","inLanguage":"de","@id":"https:\/\/secure.gravatar.com\/avatar\/602060b40f6a458420c2d140f49b6caea99152ce6704f2c332e5a0c5aad80303?s=96&d=identicon&r=g","url":"https:\/\/secure.gravatar.com\/avatar\/602060b40f6a458420c2d140f49b6caea99152ce6704f2c332e5a0c5aad80303?s=96&d=identicon&r=g","contentUrl":"https:\/\/secure.gravatar.com\/avatar\/602060b40f6a458420c2d140f49b6caea99152ce6704f2c332e5a0c5aad80303?s=96&d=identicon&r=g","caption":"Jonas Follonier"},"description":"Bundeshauskorrespondent f\u00fcr \u00abL'Agefi\u00bb, Singer-Songwriter, Jonas Follonier ist Gr\u00fcnder und Chefredakteur von \u00abRegard Libre\u00bb.","sameAs":["https:\/\/www.facebook.com\/jonas.follonier\/","https:\/\/www.instagram.com\/jonasfollonier\/","https:\/\/www.linkedin.com\/in\/jonasfollonier\/","https:\/\/fr.wikipedia.org\/wiki\/Le_Regard_libre"],"url":"https:\/\/leregardlibre.com\/de\/author\/jonas-follonier\/"}]}},"_links":{"self":[{"href":"https:\/\/leregardlibre.com\/de\/wp-json\/wp\/v2\/posts\/14662","targetHints":{"allow":["GET"]}}],"collection":[{"href":"https:\/\/leregardlibre.com\/de\/wp-json\/wp\/v2\/posts"}],"about":[{"href":"https:\/\/leregardlibre.com\/de\/wp-json\/wp\/v2\/types\/post"}],"author":[{"embeddable":true,"href":"https:\/\/leregardlibre.com\/de\/wp-json\/wp\/v2\/users\/138"}],"replies":[{"embeddable":true,"href":"https:\/\/leregardlibre.com\/de\/wp-json\/wp\/v2\/comments?post=14662"}],"version-history":[{"count":2,"href":"https:\/\/leregardlibre.com\/de\/wp-json\/wp\/v2\/posts\/14662\/revisions"}],"predecessor-version":[{"id":529423,"href":"https:\/\/leregardlibre.com\/de\/wp-json\/wp\/v2\/posts\/14662\/revisions\/529423"}],"wp:featuredmedia":[{"embeddable":true,"href":"https:\/\/leregardlibre.com\/de\/wp-json\/wp\/v2\/media\/509649"}],"wp:attachment":[{"href":"https:\/\/leregardlibre.com\/de\/wp-json\/wp\/v2\/media?parent=14662"}],"wp:term":[{"taxonomy":"category","embeddable":true,"href":"https:\/\/leregardlibre.com\/de\/wp-json\/wp\/v2\/categories?post=14662"},{"taxonomy":"post_tag","embeddable":true,"href":"https:\/\/leregardlibre.com\/de\/wp-json\/wp\/v2\/tags?post=14662"}],"curies":[{"name":"wp","href":"https:\/\/api.w.org\/{rel}","templated":true}]}}