{"id":14681,"date":"2018-03-18T07:30:36","date_gmt":"2018-03-18T06:30:36","guid":{"rendered":"http:\/\/leregardlibre.com\/?p=14681"},"modified":"2022-09-04T10:14:41","modified_gmt":"2022-09-04T08:14:41","slug":"die-neuen-seidenstrasen-und-die-last-der-geschichte","status":"publish","type":"post","link":"https:\/\/leregardlibre.com\/de\/geschichte\/die-neuen-seidenstrasen-und-die-last-der-geschichte\/","title":{"rendered":"Die neuen Seidenstra\u00dfen und die Last der Geschichte"},"content":{"rendered":"<p><em><a href=\"https:\/\/leregardlibre.com\/de\/numero-36\/\">Le Regard Libre Nr. 36<\/a>\u00a0- <a href=\"https:\/\/leregardlibre.com\/de\/tag\/clement-guntern\/\">Cl\u00e9ment Guntern<\/a><\/em><\/p>\n\n\n\n<p class=\"has-drop-cap\"><strong>Vor einigen Jahren hat die chinesische Regierung zun\u00e4chst ein Projekt initiiert, das nur eines von vielen war. Dieses Projekt soll die antike Seidenstra\u00dfe, die China mit Europa verbindet, wiederbeleben. Dieses Projekt ist, wie auch andere Beispiele, symptomatisch f\u00fcr die Dauerhaftigkeit, die die chinesische Geschichte durchzieht.<\/strong><\/p>\n\n\n\n<!--more-->\n\n\n\n<p>China ist ein jahrtausendealtes Land. Das Land, das so lange von den Str\u00f6mungen der Geschichte durchzogen war, hat eine eigene Identit\u00e4t und eigene Merkmale, die seit Jahrhunderten fortbestehen. Die Form, die die kommunistische Macht in China im 20.<sup>.<\/sup> Jahrhundert nicht die Kontinuit\u00e4t der kaiserlichen Macht? Es gibt viele Beispiele daf\u00fcr, wie sehr die chinesische Welt von der Best\u00e4ndigkeit der Form, des Denkens und der Strategie gepr\u00e4gt ist. Anhand des Verhaltens und der Ziele von gestern k\u00f6nnen wir zuverl\u00e4ssige Parallelen ziehen. Die Seidenstra\u00dfe ist ein aktuelles Beispiel f\u00fcr die Kontinuit\u00e4t in der chinesischen Welt, eine Last der Geschichte und gleichzeitig eine Chance.<\/p>\n\n\n\n<h3 class=\"wp-block-heading\">Eine antike Stra\u00dfe<\/h3>\n\n\n\n<p>Der Handel zwischen China und Zentralasien scheint sich seit dem IV.<sup>.<\/sup> und III<sup>.<\/sup> Jahrhunderten vor Christus. Zwischen den Fl\u00fcssen Gelber Fluss und Jangtse entwickelten sich in Nordchina bereits in der Bronzezeit die ersten chinesischen K\u00f6nigreiche. Die Vereinigung der chinesischen K\u00f6nigreiche erfolgte jedoch erst im Jahr 221 n. Chr. unter der Herrschaft von Qin Shi Huangdi. Von da an bestand das chinesische Reich \u00fcber zweitausend Jahre lang, eine der l\u00e4ngsten politischen Kontinuit\u00e4ten in der Geschichte. Die Han-Dynastie, die zum ersten Mal \u00fcber das vereinte China herrschte, war die Zeit, in der die Seidenstra\u00dfe ihren Anfang nahm. Im Laufe des 2.<sup>.<\/sup> Jahrhundert v. Chr. schickten die chinesischen Machthaber einen Gesandten nach Zentralasien, um Kontakt mit der dortigen Bev\u00f6lkerung aufzunehmen. Als der Legat des Kaisers in den zentralasiatischen St\u00e4dten ankam, erkannte er das Interesse, das dort an chinesischen Produkten, insbesondere Seide, bestand. Dieser potenzielle Gewinn fiel mit dem strategischen Interesse zusammen, sich mit diesen Regionen zu verb\u00fcnden, um den Steppenv\u00f6lkern, die den Chinesen so viel \u00c4rger bereiteten, entgegenzuwirken. Zur gleichen Zeit gab es bereits einen Seidenhandel zwischen China und Indien \u00fcber Burma. Unter diesen Umst\u00e4nden entstand das Wort C\u00eena, das in Indien das Land der Seide bezeichnete.<\/p>\n\n\n\n<p>Die Ausdehnung des Han-Reiches nach Westen, n\u00f6rdlich des Himalaya, entsprach der Zunahme des Handels. Tats\u00e4chlich sorgte die chinesische Herrschaft von Korea bis Zentralasien f\u00fcr eine Kontrolle der von den H\u00e4ndlern genutzten Routen, was dem Handel zu jener Zeit zutr\u00e4glich war. Die Route ging damals von der kaiserlichen Hauptstadt Chang'an aus und f\u00fchrte \u00fcber Persien bis zum Mittelmeer. Doch diese Route wurde nicht nur von H\u00e4ndlern befahren, wie wir sie uns heute vorstellen, die von einer Stadt in die andere zogen, um dort ihren Lohn abzuholen. Ein Teil der chinesischen Diplomatie bestand aus dem, was man als Geschenke bezeichnen k\u00f6nnte. Diese unvorstellbar prunkvollen und teuren Geschenke sollten die Nachbarl\u00e4nder blenden, um dem Kaiserreich ihre Loyalit\u00e4t zu sichern. Um seine Feinde zu gewinnen oder zu besiegen, \u00fcberh\u00e4ufte das damalige China ausl\u00e4ndische Herrscher mit Geschenken, vor allem mit Seide. Dies ging so weit, dass der Preis der Seide aufgrund des \u00dcberflusses an Seide fiel. Der Grund f\u00fcr all diese Handels- und diplomatischen Beziehungen war ein gro\u00dfes Wirtschaftswachstum, das Exporte in alle Nachbarl\u00e4nder erforderte.<\/p>\n\n\n\n<p>Geschenke und Investitionen in die Infrastruktur, insbesondere in Relais oder M\u00e4rkte, sowie der Bedarf an Absatzm\u00e4rkten f\u00fcr das Wachstum k\u00f6nnen in der chinesischen Geschichte als Usus angesehen werden, \u00e4hnlich wie das zentralisierte imperiale Regime. Zur Veranschaulichung soll hier das aktuelle Projekt der neuen Seidenstra\u00dfen vorgestellt werden.<\/p>\n\n\n\n<h3 class=\"wp-block-heading\">Von Stra\u00dfen und Geschichte<\/h3>\n\n\n\n<p>2014 k\u00fcndigte China zwei Projekte an: die Aufnahme eines Teils der antiken Stra\u00dfe in das UNESCO-Weltkulturerbe und die neue Seidenstra\u00dfe. Ein weiterer Beweis f\u00fcr Chinas bewusste oder unbewusste Nachhaltigkeit in der Geschichte. Seitdem hat sich das Projekt so weit ausgedehnt, dass es mit \u00fcber 1 Billion US-Dollar zum gr\u00f6\u00dften Investitionsplan in der Geschichte geworden ist. Die neue Seidenstra\u00dfe wird aus einem Landweg durch China, Zentralasien, den Nahen Osten, Russland und Europa bestehen. Andererseits ist eine Seeroute von den chinesischen H\u00e4fen nach Indien, Afrika und Europa geplant. China plant, H\u00e4fen, Stra\u00dfen, Eisenbahnstrecken, aber auch \u00d6lpipelines in vielen L\u00e4ndern zu errichten, von denen einige zu den instabilsten der Welt geh\u00f6ren.<\/p>\n\n\n\n<p>Die neuen Seidenstra\u00dfen werden von manchen als Chinas gr\u00f6\u00dfter Vorsto\u00df seit den Mongoleninvasionen im XII.<sup>.<\/sup> Jahrhundert. Wir k\u00f6nnen mehrere politische Beweggr\u00fcnde f\u00fcr den Start eines solchen Projekts erkennen. Erstens will China den Handel zwischen Asien und Europa f\u00f6rdern. In Wirklichkeit plant es vor allem Exporte in den alten Kontinent. Der chinesische Pr\u00e4sident m\u00f6chte auch die Ressourcen im Westen Chinas nutzen, der derzeit noch instabil ist. Sein Wunsch ist es daher, diese turksprachige und muslimische Region, die Uiguren, durch massive Investitionen und chinesische Arbeiter zu sinisieren. Jenseits der chinesischen Grenzen bleibt die Ausbeutung von Rohstoffen im Visier Pekings. Die wirtschaftliche Expansion wird auch durch eine Beschleunigung des Handels erreicht, der von nun an den Suezkanal umgehen und \u00fcber das Land f\u00fchren wird. Schlie\u00dflich sind diese massiven Bauarbeiten ein Mittel, um die \u00dcbersch\u00fcsse der chinesischen Industrie f\u00fcr den Bau von Infrastruktur zu nutzen. Genau wie im China des Han-Reiches hat das Wirtschaftswachstum dazu gef\u00fchrt, dass neue Wege f\u00fcr den Handel gesucht wurden. Wie das Kaiserreich China gibt Peking riesige Summen in Zentralasien aus, um die Entfaltung der chinesischen Macht zu gew\u00e4hrleisten, diesmal durch Investitionen in Beton und nicht in Seide.<\/p>\n\n\n\n<p>Zweitens strebt die kommunistische F\u00fchrung sowohl milit\u00e4rische als auch wirtschaftliche Sicherheit an, indem sie sich eine zuverl\u00e4ssige Versorgung mit Rohstoffen sichert. Die Landroute wird das Problem der Piraterie in der Stra\u00dfe von Malaka in Indonesien und im Golf von Aden im S\u00fcden der arabischen Halbinsel umgehen. Zu diesem Zweck wird ein sekund\u00e4rer Korridor durch Birma nach China eingerichtet, um S\u00fcdostasien zu umgehen, indem man der alten Seidenroute nach Indien folgt. Sowohl der Seeweg als auch die Landroute haben auch das Ziel, die \u00d6l- und Gasversorgung zu sichern und zu diversifizieren. Au\u00dferdem befinden sich die neuen Seidenstra\u00dfen au\u00dferhalb der Reichweite der US-Flotten im Indischen und Pazifischen Ozean, die den Handel im Falle eines Konflikts behindern k\u00f6nnten - eine Aussicht, die nicht mehr so weit entfernt ist wie vor Trumps Amtsantritt. Die Versorgungssicherheit kann mit einem imperialen Kampf gegen die Xiongnu-Barbaren gleichgesetzt werden, die in den weiten Steppen Zentralasiens leben.<\/p>\n\n\n\n<p>Wie wir sehen, tr\u00e4gt das tausendj\u00e4hrige China seine Geschichte immer mit sich herum, manchmal als Last - bei den Debatten dar\u00fcber, was der Kommunismus in diesem Land vom Kaiserreich \u00fcbernommen hat -, aber auch als langfristige Strategie. Die aus der Geschichte und der Geografie ererbten Permanenzen scheinen das Reich der Mitte unter der Hand zu leiten.<\/p>\n\n\n\n<p><em>Schreiben Sie dem Autor: <a href=\"mailto:clement.guntern@leregardlibre.com\">clement.guntern@leregardlibre.com<\/a><\/em><\/p>\n\n\n\n<p>Fotocredit: \u00a9 ARTE, \u00abLe Dessous des Cartes\u00bb (YouTube)<\/p>","protected":false},"excerpt":{"rendered":"<p>Le Regard Libre N\u00b0 36\u00a0\u2013 Cl\u00e9ment Guntern Depuis quelques ann\u00e9es, le gouvernement chinois a d\u2019abord initi\u00e9 ce qui n\u2019\u00e9tait qu\u2019un&#8230;<\/p>","protected":false},"author":325,"featured_media":14682,"comment_status":"open","ping_status":"open","sticky":false,"template":"","format":"standard","meta":{"_acf_changed":false,"footnotes":""},"categories":[27785],"tags":[61522,54529,21080,1179997,2901432,18810895,48539711,219573161,2481541,4542078,608180025,111945,12956283],"class_list":["post-14681","post","type-post","status-publish","format-standard","has-post-thumbnail","hentry","category-histoire","tag-asie","tag-chine","tag-commerce","tag-continuite","tag-empire-du-milieu","tag-histoire-chinoise","tag-monde-chinois","tag-poids-de-lhistoire","tag-route-de-la-soie","tag-routes-de-la-soie","tag-royaumes-chinois","tag-securite","tag-strategie-chinoise"],"acf":[],"yoast_head":"<!-- This site is optimized with the Yoast SEO Premium plugin v27.4 (Yoast SEO v27.4) - https:\/\/yoast.com\/product\/yoast-seo-premium-wordpress\/ -->\n<title>Les nouvelles routes de la soie et le poids de l\u2019histoire<\/title>\n<meta name=\"robots\" content=\"index, follow, max-snippet:-1, max-image-preview:large, max-video-preview:-1\" \/>\n<link rel=\"canonical\" href=\"https:\/\/leregardlibre.com\/de\/geschichte\/die-neuen-seidenstrasen-und-die-last-der-geschichte\/\" \/>\n<meta property=\"og:locale\" content=\"de_DE\" \/>\n<meta property=\"og:type\" content=\"article\" \/>\n<meta property=\"og:title\" content=\"Les nouvelles routes de la soie et le poids de l\u2019histoire\" \/>\n<meta property=\"og:description\" content=\"Le Regard Libre N\u00b0 36\u00a0\u2013 Cl\u00e9ment Guntern Depuis quelques ann\u00e9es, le gouvernement chinois a d\u2019abord initi\u00e9 ce qui n\u2019\u00e9tait qu\u2019un...\" \/>\n<meta property=\"og:url\" content=\"https:\/\/leregardlibre.com\/de\/geschichte\/die-neuen-seidenstrasen-und-die-last-der-geschichte\/\" \/>\n<meta property=\"og:site_name\" content=\"Le Regard Libre\" \/>\n<meta property=\"article:publisher\" content=\"https:\/\/www.facebook.com\/leregardlibre\/\" \/>\n<meta property=\"article:published_time\" content=\"2018-03-18T06:30:36+00:00\" \/>\n<meta property=\"article:modified_time\" content=\"2022-09-04T08:14:41+00:00\" \/>\n<meta property=\"og:image\" content=\"https:\/\/leregardlibre.com\/wp-content\/uploads\/2018\/03\/carte-route-de-la-soie.png\" \/>\n\t<meta property=\"og:image:width\" content=\"1068\" \/>\n\t<meta property=\"og:image:height\" content=\"501\" \/>\n\t<meta property=\"og:image:type\" content=\"image\/png\" \/>\n<meta name=\"author\" content=\"Cl\u00e9ment Guntern\" \/>\n<meta name=\"twitter:card\" content=\"summary_large_image\" \/>\n<meta name=\"twitter:creator\" content=\"@LeRegardLibre\" \/>\n<meta name=\"twitter:site\" content=\"@LeRegardLibre\" \/>\n<meta name=\"twitter:label1\" content=\"Verfasst von\" \/>\n\t<meta name=\"twitter:data1\" content=\"Cl\u00e9ment Guntern\" \/>\n\t<meta name=\"twitter:label2\" content=\"Gesch\u00e4tzte Lesezeit\" \/>\n\t<meta name=\"twitter:data2\" content=\"7\u00a0Minuten\" \/>\n<script type=\"application\/ld+json\" class=\"yoast-schema-graph\">{\"@context\":\"https:\\\/\\\/schema.org\",\"@graph\":[{\"@type\":\"Article\",\"@id\":\"https:\\\/\\\/leregardlibre.com\\\/histoire\\\/les-nouvelles-routes-de-la-soie-et-le-poids-de-lhistoire\\\/#article\",\"isPartOf\":{\"@id\":\"https:\\\/\\\/leregardlibre.com\\\/histoire\\\/les-nouvelles-routes-de-la-soie-et-le-poids-de-lhistoire\\\/\"},\"author\":{\"name\":\"Cl\u00e9ment Guntern\",\"@id\":\"https:\\\/\\\/leregardlibre.com\\\/#\\\/schema\\\/person\\\/30daacd8c04cd92ec59532d74a7b18f8\"},\"headline\":\"Les nouvelles routes de la soie et le poids de l\u2019histoire\",\"datePublished\":\"2018-03-18T06:30:36+00:00\",\"dateModified\":\"2022-09-04T08:14:41+00:00\",\"mainEntityOfPage\":{\"@id\":\"https:\\\/\\\/leregardlibre.com\\\/histoire\\\/les-nouvelles-routes-de-la-soie-et-le-poids-de-lhistoire\\\/\"},\"wordCount\":1407,\"commentCount\":0,\"publisher\":{\"@id\":\"https:\\\/\\\/leregardlibre.com\\\/#organization\"},\"image\":{\"@id\":\"https:\\\/\\\/leregardlibre.com\\\/histoire\\\/les-nouvelles-routes-de-la-soie-et-le-poids-de-lhistoire\\\/#primaryimage\"},\"thumbnailUrl\":\"https:\\\/\\\/leregardlibre.com\\\/wp-content\\\/uploads\\\/2018\\\/03\\\/carte-route-de-la-soie.png\",\"keywords\":[\"Asie\",\"Chine\",\"commerce\",\"continuit\u00e9\",\"empire du milieu\",\"histoire chinoise\",\"monde chinois\",\"poids de l'histoire\",\"route de la soie\",\"routes de la soie\",\"royaumes chinois\",\"S\u00e9curit\u00e9\",\"strat\u00e9gie chinoise\"],\"articleSection\":[\"Histoire\"],\"inLanguage\":\"de\",\"potentialAction\":[{\"@type\":\"CommentAction\",\"name\":\"Comment\",\"target\":[\"https:\\\/\\\/leregardlibre.com\\\/histoire\\\/les-nouvelles-routes-de-la-soie-et-le-poids-de-lhistoire\\\/#respond\"]}]},{\"@type\":\"WebPage\",\"@id\":\"https:\\\/\\\/leregardlibre.com\\\/histoire\\\/les-nouvelles-routes-de-la-soie-et-le-poids-de-lhistoire\\\/\",\"url\":\"https:\\\/\\\/leregardlibre.com\\\/histoire\\\/les-nouvelles-routes-de-la-soie-et-le-poids-de-lhistoire\\\/\",\"name\":\"Les nouvelles routes de la soie et le poids de l\u2019histoire\",\"isPartOf\":{\"@id\":\"https:\\\/\\\/leregardlibre.com\\\/#website\"},\"primaryImageOfPage\":{\"@id\":\"https:\\\/\\\/leregardlibre.com\\\/histoire\\\/les-nouvelles-routes-de-la-soie-et-le-poids-de-lhistoire\\\/#primaryimage\"},\"image\":{\"@id\":\"https:\\\/\\\/leregardlibre.com\\\/histoire\\\/les-nouvelles-routes-de-la-soie-et-le-poids-de-lhistoire\\\/#primaryimage\"},\"thumbnailUrl\":\"https:\\\/\\\/leregardlibre.com\\\/wp-content\\\/uploads\\\/2018\\\/03\\\/carte-route-de-la-soie.png\",\"datePublished\":\"2018-03-18T06:30:36+00:00\",\"dateModified\":\"2022-09-04T08:14:41+00:00\",\"breadcrumb\":{\"@id\":\"https:\\\/\\\/leregardlibre.com\\\/histoire\\\/les-nouvelles-routes-de-la-soie-et-le-poids-de-lhistoire\\\/#breadcrumb\"},\"inLanguage\":\"de\",\"potentialAction\":[{\"@type\":\"ReadAction\",\"target\":[\"https:\\\/\\\/leregardlibre.com\\\/histoire\\\/les-nouvelles-routes-de-la-soie-et-le-poids-de-lhistoire\\\/\"]}]},{\"@type\":\"ImageObject\",\"inLanguage\":\"de\",\"@id\":\"https:\\\/\\\/leregardlibre.com\\\/histoire\\\/les-nouvelles-routes-de-la-soie-et-le-poids-de-lhistoire\\\/#primaryimage\",\"url\":\"https:\\\/\\\/leregardlibre.com\\\/wp-content\\\/uploads\\\/2018\\\/03\\\/carte-route-de-la-soie.png\",\"contentUrl\":\"https:\\\/\\\/leregardlibre.com\\\/wp-content\\\/uploads\\\/2018\\\/03\\\/carte-route-de-la-soie.png\",\"width\":1068,\"height\":501},{\"@type\":\"BreadcrumbList\",\"@id\":\"https:\\\/\\\/leregardlibre.com\\\/histoire\\\/les-nouvelles-routes-de-la-soie-et-le-poids-de-lhistoire\\\/#breadcrumb\",\"itemListElement\":[{\"@type\":\"ListItem\",\"position\":1,\"name\":\"Accueil\",\"item\":\"https:\\\/\\\/leregardlibre.com\\\/\"},{\"@type\":\"ListItem\",\"position\":2,\"name\":\"Les nouvelles routes de la soie et le poids de l\u2019histoire\"}]},{\"@type\":\"WebSite\",\"@id\":\"https:\\\/\\\/leregardlibre.com\\\/#website\",\"url\":\"https:\\\/\\\/leregardlibre.com\\\/\",\"name\":\"Le Regard Libre\",\"description\":\"Premier mensuel suisse de d\u00e9bat\",\"publisher\":{\"@id\":\"https:\\\/\\\/leregardlibre.com\\\/#organization\"},\"potentialAction\":[{\"@type\":\"SearchAction\",\"target\":{\"@type\":\"EntryPoint\",\"urlTemplate\":\"https:\\\/\\\/leregardlibre.com\\\/?s={search_term_string}\"},\"query-input\":{\"@type\":\"PropertyValueSpecification\",\"valueRequired\":true,\"valueName\":\"search_term_string\"}}],\"inLanguage\":\"de\"},{\"@type\":\"Organization\",\"@id\":\"https:\\\/\\\/leregardlibre.com\\\/#organization\",\"name\":\"Le Regard Libre\",\"url\":\"https:\\\/\\\/leregardlibre.com\\\/\",\"logo\":{\"@type\":\"ImageObject\",\"inLanguage\":\"de\",\"@id\":\"https:\\\/\\\/leregardlibre.com\\\/#\\\/schema\\\/logo\\\/image\\\/\",\"url\":\"https:\\\/\\\/leregardlibre.com\\\/wp-content\\\/uploads\\\/2025\\\/08\\\/logo-rl-icone-neg.jpeg\",\"contentUrl\":\"https:\\\/\\\/leregardlibre.com\\\/wp-content\\\/uploads\\\/2025\\\/08\\\/logo-rl-icone-neg.jpeg\",\"width\":557,\"height\":556,\"caption\":\"Le Regard Libre\"},\"image\":{\"@id\":\"https:\\\/\\\/leregardlibre.com\\\/#\\\/schema\\\/logo\\\/image\\\/\"},\"sameAs\":[\"https:\\\/\\\/www.facebook.com\\\/leregardlibre\\\/\",\"https:\\\/\\\/x.com\\\/LeRegardLibre\",\"https:\\\/\\\/www.linkedin.com\\\/company\\\/le-regard-libre\",\"https:\\\/\\\/www.instagram.com\\\/leregardlibre\\\/\",\"http:\\\/\\\/t.me\\\/leregardlibre\",\"https:\\\/\\\/youtube.com\\\/channel\\\/UC6HzGPomj1LsUmlz-sJtITQ\"],\"description\":\"Le Regard Libre est un mensuel suisse de d\u00e9bat intellectuel et culturel. Sa r\u00e9daction est jeune, b\u00e9n\u00e9vole, lib\u00e9rale et pluraliste. Le magazine para\u00eet en ligne et sous forme papier. Sa langue est le fran\u00e7ais.\",\"email\":\"redaction@leregardlibre.com\",\"legalName\":\"Le Regard Libre\",\"foundingDate\":\"2014-01-01\",\"numberOfEmployees\":{\"@type\":\"QuantitativeValue\",\"minValue\":\"11\",\"maxValue\":\"50\"},\"publishingPrinciples\":\"https:\\\/\\\/leregardlibre.com\\\/a-propos\\\/notre-manifeste\\\/\",\"ownershipFundingInfo\":\"https:\\\/\\\/leregardlibre.com\\\/mentions-legales\\\/\",\"actionableFeedbackPolicy\":\"https:\\\/\\\/leregardlibre.com\\\/conditions-generales-de-vente\\\/\"},{\"@type\":\"Person\",\"@id\":\"https:\\\/\\\/leregardlibre.com\\\/#\\\/schema\\\/person\\\/30daacd8c04cd92ec59532d74a7b18f8\",\"name\":\"Cl\u00e9ment Guntern\",\"image\":{\"@type\":\"ImageObject\",\"inLanguage\":\"de\",\"@id\":\"https:\\\/\\\/secure.gravatar.com\\\/avatar\\\/79a3aae9b5ce6c4dcd8890bc4d3171c7198fe739971f91e509b3f8b98aa66d64?s=96&d=identicon&r=g\",\"url\":\"https:\\\/\\\/secure.gravatar.com\\\/avatar\\\/79a3aae9b5ce6c4dcd8890bc4d3171c7198fe739971f91e509b3f8b98aa66d64?s=96&d=identicon&r=g\",\"contentUrl\":\"https:\\\/\\\/secure.gravatar.com\\\/avatar\\\/79a3aae9b5ce6c4dcd8890bc4d3171c7198fe739971f91e509b3f8b98aa66d64?s=96&d=identicon&r=g\",\"caption\":\"Cl\u00e9ment Guntern\"},\"sameAs\":[\"https:\\\/\\\/leregardlibre.com\\\/\"],\"url\":\"https:\\\/\\\/leregardlibre.com\\\/de\\\/author\\\/clement-guntern\\\/\"}]}<\/script>\n<!-- \/ Yoast SEO Premium plugin. -->","yoast_head_json":{"title":"Die neuen Seidenstra\u00dfen und die Last der Geschichte","robots":{"index":"index","follow":"follow","max-snippet":"max-snippet:-1","max-image-preview":"max-image-preview:large","max-video-preview":"max-video-preview:-1"},"canonical":"https:\/\/leregardlibre.com\/de\/geschichte\/die-neuen-seidenstrasen-und-die-last-der-geschichte\/","og_locale":"de_DE","og_type":"article","og_title":"Les nouvelles routes de la soie et le poids de l\u2019histoire","og_description":"Le Regard Libre N\u00b0 36\u00a0\u2013 Cl\u00e9ment Guntern Depuis quelques ann\u00e9es, le gouvernement chinois a d\u2019abord initi\u00e9 ce qui n\u2019\u00e9tait qu\u2019un...","og_url":"https:\/\/leregardlibre.com\/de\/geschichte\/die-neuen-seidenstrasen-und-die-last-der-geschichte\/","og_site_name":"Le Regard Libre","article_publisher":"https:\/\/www.facebook.com\/leregardlibre\/","article_published_time":"2018-03-18T06:30:36+00:00","article_modified_time":"2022-09-04T08:14:41+00:00","og_image":[{"width":1068,"height":501,"url":"https:\/\/leregardlibre.com\/wp-content\/uploads\/2018\/03\/carte-route-de-la-soie.png","type":"image\/png"}],"author":"Cl\u00e9ment Guntern","twitter_card":"summary_large_image","twitter_creator":"@LeRegardLibre","twitter_site":"@LeRegardLibre","twitter_misc":{"Verfasst von":"Cl\u00e9ment Guntern","Gesch\u00e4tzte Lesezeit":"7\u00a0Minuten"},"schema":{"@context":"https:\/\/schema.org","@graph":[{"@type":"Article","@id":"https:\/\/leregardlibre.com\/histoire\/les-nouvelles-routes-de-la-soie-et-le-poids-de-lhistoire\/#article","isPartOf":{"@id":"https:\/\/leregardlibre.com\/histoire\/les-nouvelles-routes-de-la-soie-et-le-poids-de-lhistoire\/"},"author":{"name":"Cl\u00e9ment Guntern","@id":"https:\/\/leregardlibre.com\/#\/schema\/person\/30daacd8c04cd92ec59532d74a7b18f8"},"headline":"Les nouvelles routes de la soie et le poids de l\u2019histoire","datePublished":"2018-03-18T06:30:36+00:00","dateModified":"2022-09-04T08:14:41+00:00","mainEntityOfPage":{"@id":"https:\/\/leregardlibre.com\/histoire\/les-nouvelles-routes-de-la-soie-et-le-poids-de-lhistoire\/"},"wordCount":1407,"commentCount":0,"publisher":{"@id":"https:\/\/leregardlibre.com\/#organization"},"image":{"@id":"https:\/\/leregardlibre.com\/histoire\/les-nouvelles-routes-de-la-soie-et-le-poids-de-lhistoire\/#primaryimage"},"thumbnailUrl":"https:\/\/leregardlibre.com\/wp-content\/uploads\/2018\/03\/carte-route-de-la-soie.png","keywords":["Asie","Chine","commerce","continuit\u00e9","empire du milieu","histoire chinoise","monde chinois","poids de l'histoire","route de la soie","routes de la soie","royaumes chinois","S\u00e9curit\u00e9","strat\u00e9gie chinoise"],"articleSection":["Histoire"],"inLanguage":"de","potentialAction":[{"@type":"CommentAction","name":"Comment","target":["https:\/\/leregardlibre.com\/histoire\/les-nouvelles-routes-de-la-soie-et-le-poids-de-lhistoire\/#respond"]}]},{"@type":"WebPage","@id":"https:\/\/leregardlibre.com\/histoire\/les-nouvelles-routes-de-la-soie-et-le-poids-de-lhistoire\/","url":"https:\/\/leregardlibre.com\/histoire\/les-nouvelles-routes-de-la-soie-et-le-poids-de-lhistoire\/","name":"Die neuen Seidenstra\u00dfen und die Last der Geschichte","isPartOf":{"@id":"https:\/\/leregardlibre.com\/#website"},"primaryImageOfPage":{"@id":"https:\/\/leregardlibre.com\/histoire\/les-nouvelles-routes-de-la-soie-et-le-poids-de-lhistoire\/#primaryimage"},"image":{"@id":"https:\/\/leregardlibre.com\/histoire\/les-nouvelles-routes-de-la-soie-et-le-poids-de-lhistoire\/#primaryimage"},"thumbnailUrl":"https:\/\/leregardlibre.com\/wp-content\/uploads\/2018\/03\/carte-route-de-la-soie.png","datePublished":"2018-03-18T06:30:36+00:00","dateModified":"2022-09-04T08:14:41+00:00","breadcrumb":{"@id":"https:\/\/leregardlibre.com\/histoire\/les-nouvelles-routes-de-la-soie-et-le-poids-de-lhistoire\/#breadcrumb"},"inLanguage":"de","potentialAction":[{"@type":"ReadAction","target":["https:\/\/leregardlibre.com\/histoire\/les-nouvelles-routes-de-la-soie-et-le-poids-de-lhistoire\/"]}]},{"@type":"ImageObject","inLanguage":"de","@id":"https:\/\/leregardlibre.com\/histoire\/les-nouvelles-routes-de-la-soie-et-le-poids-de-lhistoire\/#primaryimage","url":"https:\/\/leregardlibre.com\/wp-content\/uploads\/2018\/03\/carte-route-de-la-soie.png","contentUrl":"https:\/\/leregardlibre.com\/wp-content\/uploads\/2018\/03\/carte-route-de-la-soie.png","width":1068,"height":501},{"@type":"BreadcrumbList","@id":"https:\/\/leregardlibre.com\/histoire\/les-nouvelles-routes-de-la-soie-et-le-poids-de-lhistoire\/#breadcrumb","itemListElement":[{"@type":"ListItem","position":1,"name":"Accueil","item":"https:\/\/leregardlibre.com\/"},{"@type":"ListItem","position":2,"name":"Les nouvelles routes de la soie et le poids de l\u2019histoire"}]},{"@type":"WebSite","@id":"https:\/\/leregardlibre.com\/#website","url":"https:\/\/leregardlibre.com\/","name":"Le Regard Libre","description":"Erste Schweizer Monatszeitschrift f\u00fcr Debatten","publisher":{"@id":"https:\/\/leregardlibre.com\/#organization"},"potentialAction":[{"@type":"SearchAction","target":{"@type":"EntryPoint","urlTemplate":"https:\/\/leregardlibre.com\/?s={search_term_string}"},"query-input":{"@type":"PropertyValueSpecification","valueRequired":true,"valueName":"search_term_string"}}],"inLanguage":"de"},{"@type":"Organization","@id":"https:\/\/leregardlibre.com\/#organization","name":"Le Regard Libre","url":"https:\/\/leregardlibre.com\/","logo":{"@type":"ImageObject","inLanguage":"de","@id":"https:\/\/leregardlibre.com\/#\/schema\/logo\/image\/","url":"https:\/\/leregardlibre.com\/wp-content\/uploads\/2025\/08\/logo-rl-icone-neg.jpeg","contentUrl":"https:\/\/leregardlibre.com\/wp-content\/uploads\/2025\/08\/logo-rl-icone-neg.jpeg","width":557,"height":556,"caption":"Le Regard Libre"},"image":{"@id":"https:\/\/leregardlibre.com\/#\/schema\/logo\/image\/"},"sameAs":["https:\/\/www.facebook.com\/leregardlibre\/","https:\/\/x.com\/LeRegardLibre","https:\/\/www.linkedin.com\/company\/le-regard-libre","https:\/\/www.instagram.com\/leregardlibre\/","http:\/\/t.me\/leregardlibre","https:\/\/youtube.com\/channel\/UC6HzGPomj1LsUmlz-sJtITQ"],"description":"Le Regard Libre ist eine Schweizer Monatszeitschrift f\u00fcr intellektuelle und kulturelle Debatten. Seine Redaktion ist jung, ehrenamtlich, liberal und pluralistisch. Das Magazin erscheint online und in gedruckter Form. Seine Sprache ist Franz\u00f6sisch.","email":"redaction@leregardlibre.com","legalName":"Le Regard Libre","foundingDate":"2014-01-01","numberOfEmployees":{"@type":"QuantitativeValue","minValue":"11","maxValue":"50"},"publishingPrinciples":"https:\/\/leregardlibre.com\/a-propos\/notre-manifeste\/","ownershipFundingInfo":"https:\/\/leregardlibre.com\/mentions-legales\/","actionableFeedbackPolicy":"https:\/\/leregardlibre.com\/conditions-generales-de-vente\/"},{"@type":"Person","@id":"https:\/\/leregardlibre.com\/#\/schema\/person\/30daacd8c04cd92ec59532d74a7b18f8","name":"Cl\u00e9ment Guntern","image":{"@type":"ImageObject","inLanguage":"de","@id":"https:\/\/secure.gravatar.com\/avatar\/79a3aae9b5ce6c4dcd8890bc4d3171c7198fe739971f91e509b3f8b98aa66d64?s=96&d=identicon&r=g","url":"https:\/\/secure.gravatar.com\/avatar\/79a3aae9b5ce6c4dcd8890bc4d3171c7198fe739971f91e509b3f8b98aa66d64?s=96&d=identicon&r=g","contentUrl":"https:\/\/secure.gravatar.com\/avatar\/79a3aae9b5ce6c4dcd8890bc4d3171c7198fe739971f91e509b3f8b98aa66d64?s=96&d=identicon&r=g","caption":"Cl\u00e9ment Guntern"},"sameAs":["https:\/\/leregardlibre.com\/"],"url":"https:\/\/leregardlibre.com\/de\/author\/clement-guntern\/"}]}},"_links":{"self":[{"href":"https:\/\/leregardlibre.com\/de\/wp-json\/wp\/v2\/posts\/14681","targetHints":{"allow":["GET"]}}],"collection":[{"href":"https:\/\/leregardlibre.com\/de\/wp-json\/wp\/v2\/posts"}],"about":[{"href":"https:\/\/leregardlibre.com\/de\/wp-json\/wp\/v2\/types\/post"}],"author":[{"embeddable":true,"href":"https:\/\/leregardlibre.com\/de\/wp-json\/wp\/v2\/users\/325"}],"replies":[{"embeddable":true,"href":"https:\/\/leregardlibre.com\/de\/wp-json\/wp\/v2\/comments?post=14681"}],"version-history":[{"count":1,"href":"https:\/\/leregardlibre.com\/de\/wp-json\/wp\/v2\/posts\/14681\/revisions"}],"predecessor-version":[{"id":509651,"href":"https:\/\/leregardlibre.com\/de\/wp-json\/wp\/v2\/posts\/14681\/revisions\/509651"}],"wp:featuredmedia":[{"embeddable":true,"href":"https:\/\/leregardlibre.com\/de\/wp-json\/wp\/v2\/media\/14682"}],"wp:attachment":[{"href":"https:\/\/leregardlibre.com\/de\/wp-json\/wp\/v2\/media?parent=14681"}],"wp:term":[{"taxonomy":"category","embeddable":true,"href":"https:\/\/leregardlibre.com\/de\/wp-json\/wp\/v2\/categories?post=14681"},{"taxonomy":"post_tag","embeddable":true,"href":"https:\/\/leregardlibre.com\/de\/wp-json\/wp\/v2\/tags?post=14681"}],"curies":[{"name":"wp","href":"https:\/\/api.w.org\/{rel}","templated":true}]}}