{"id":14717,"date":"2018-03-21T12:00:13","date_gmt":"2018-03-21T11:00:13","guid":{"rendered":"http:\/\/leregardlibre.com\/?p=14717"},"modified":"2025-12-04T22:49:55","modified_gmt":"2025-12-04T21:49:55","slug":"tomb-raider-der-beginn-des-abenteuers","status":"publish","type":"post","link":"https:\/\/leregardlibre.com\/de\/kino\/filme\/tomb-raider-der-beginn-des-abenteuers\/","title":{"rendered":"\u00abTomb Raider\u00bb - der Beginn des Abenteuers"},"content":{"rendered":"<p><em>Film-Mittwochs - <a href=\"https:\/\/leregardlibre.com\/de\/tag\/nicolas-jutzet\/\">Nicolas Jutzet<\/a><\/em><\/p>\n\n\n\n<p class=\"has-drop-cap\">Lara Croft, eine strahlende und motivierte junge Frau, weigert sich, den Tod ihres Vaters zu akzeptieren, der vor zehn Jahren auf einer Reise nach Asien verschwunden ist. Der Vater war oft abwesend, hatte aber eine starke Beziehung zu seiner Tochter aufgebaut, die nun mit der Trauerarbeit zu k\u00e4mpfen hat. Was ist logischer, wenn es keine Ermittlungen gibt und keine Leiche gefunden wird?<\/p>\n\n\n\n<!--more-->\n\n\n\n<p>Die Heldin, die seither mit ihrer reichen Familie im Streit liegt, muss sich durchschlagen, um zu leben und insbesondere die Raten f\u00fcr den Boxclub zu bezahlen, in dem sie sowohl ihre Vitalit\u00e4t als auch ihren Hass ausleben kann. Das ist ein absolutes Muss. Denn ohne ihre Unterschrift sind das betr\u00e4chtliche Erbe des Vaters, das Familienschloss und die zahlreichen Unternehmen in einer f\u00fcr alle Beteiligten unangenehmen Wartezeit gefangen. Rechtlich gesehen muss der Tod des Vaters durch die Unterschrift seiner Bluterbin best\u00e4tigt werden.<\/p>\n\n\n\n\n\n<h3 class=\"wp-block-heading\">Auf den Spuren eines abwesenden und dann verschwundenen Vaters<\/h3>\n\n\n\n<p>Als das Familienoberhaupt verschwand, hatte es sich auf die Suche nach dem Grab der K\u00f6nigin Himiko auf der Insel Yamatai im S\u00fcden Japans begeben. Diese abgelegene Insel befindet sich jedoch in tr\u00fcben und gefr\u00e4\u00dfigen Gew\u00e4ssern, dem unruhigen Meer des Teufels. Da K\u00f6nigin Himiko \u00fcber b\u00f6sartige Kr\u00e4fte verf\u00fcgt, darf sie nicht von Personen mit weniger edlen Absichten als denen des Abenteurers und Vaters von Lara Croft entdeckt werden. Ihr ungekl\u00e4rtes Verschwinden l\u00e4sst vermuten, dass entweder die Natur oder eine Begegnung den k\u00fchnen Konquistador auf seinem Weg gestoppt hat.<\/p>\n\n\n\n<p>Lara hat keine Angst, sondern tastet sich vor. Warum sollte sie nicht selbst vor Ort nachsehen, ob sie das Geheimnis l\u00fcften kann? Ob ihr Vater wirklich tot ist? Sie beschlie\u00dft, sich auf den Weg zu machen. Unterwegs schlie\u00dft sie sich mit dem Sohn des Seemanns zusammen, der einst ihrem eigenen Vater als F\u00fchrer gedient hatte. Gemeinsam und auf demselben Schiff wie damals beschlie\u00dfen sie, sich dem Schicksal und den rauen Gew\u00e4ssern der Teufelssee zu stellen. Ein Jahrzehnt sp\u00e4ter geht es wieder los. Die Erfahrung, das Wissen und die Weisheit fehlen.<\/p>\n\n\n\n\n\n<h3 class=\"wp-block-heading\">Die Insel Yamatai, eine Intrige in geschlossenen R\u00e4umen<\/h3>\n\n\n\n<p>Nach Ersch\u00fctterungen und einem Schiffbruch, bei dem die beiden Protagonisten getrennt werden und sich aus den Augen verlieren, gelingt es ihnen schlie\u00dflich, das Festland zu erreichen. Leider ist der Empfang alles andere als fr\u00f6hlich, sondern feindselig. Sie werden gefangen genommen. Vor Ort wird schnell klar, dass viel mehr Menschen als erwartet auf der Suche nach dem Gral sind. Die vom Anf\u00fchrer der Gruppe gefangen gehaltene Lara Croft schafft es, nicht ohne M\u00fche und ohne Verletzungen, sich aus dem Griff der b\u00f6swilligen Miliz zu befreien. Sie flieht. Allein in der Mitte von Nirgendwo, geschw\u00e4cht durch eine offenbar ernsthafte Verletzung, glaubt sie, im Halbdunkel einen Mann zu sehen, der wie ein Einsiedler aussieht. Sie beschlie\u00dft, zu versuchen, seiner Spur zu folgen... Der Rest der Geschichte ergibt sich daraus.<\/p>\n\n\n\n<form method=\"post\" action=\"https:\/\/newsletter.infomaniak.com\/external\/submit\" class=\"inf-form\" target=\"_blank\"><input type=\"email\" name=\"email\" style=\"display:none\" \/><input type=\"hidden\" name=\"key\" value=\"eyJpdiI6IlZXRVJGMlRGQUU2alNqUE81bitIUk5adnNVa0c4MllFTStzOHdHT1FQZ3c9IiwidmFsdWUiOiJIYzhwMUVCK1pTNnlhY3MyMmhuZlhReWJqemEwNk93blMxTjFHc0s2VHZrPSIsIm1hYyI6ImVhYTQ5N2I1M2NiYWE4NzBmNjk2NzgzYjliM2Y5NmYzM2E2ZmU3NGQxNTU1ZDFkMTU1MzY5NTdjYjE3ZTJmNTUifQ==\"><input type=\"hidden\" name=\"webform_id\" value=\"7291\"><style> .inf-main_3000311ca56a1cb93397bc676c0b7fff{ background-color:#f5f5f5; padding:25px 20px; margin:25px auto; } .inf-main_3000311ca56a1cb93397bc676c0b7fff .inf-content { margin-top:13px;} .inf-main_3000311ca56a1cb93397bc676c0b7fff h4, .inf-main_3000311ca56a1cb93397bc676c0b7fff span, .inf-main_3000311ca56a1cb93397bc676c0b7fff label, .inf-main_3000311ca56a1cb93397bc676c0b7fff input, .inf-main_3000311ca56a1cb93397bc676c0b7fff .inf-submit, .inf-main_3000311ca56a1cb93397bc676c0b7fff .inf-success p a { color:#555555; font-size:14px; } .inf-main_3000311ca56a1cb93397bc676c0b7fff h4{ font-size:18px; margin:0px 0px 13px 0px; } .inf-main_3000311ca56a1cb93397bc676c0b7fff h4, .inf-main_3000311ca56a1cb93397bc676c0b7fff label{ font-weight:bold; } .inf-main_3000311ca56a1cb93397bc676c0b7fff .inf-input { margin-bottom:7px; } .inf-main_3000311ca56a1cb93397bc676c0b7fff label { display:block;} .inf-main_3000311ca56a1cb93397bc676c0b7fff input{ height:35px; color:#999999; border: 1px solid #E9E9E9; border:none; padding-left:7px; } .inf-main_3000311ca56a1cb93397bc676c0b7fff .inf-input.inf-error label, .inf-main_3000311ca56a1cb93397bc676c0b7fff .inf-input.inf-error span.inf-message{ color: #cc0033; } .inf-main_3000311ca56a1cb93397bc676c0b7fff .inf-input.inf-error input{ border: 1px solid #cc0033; } .inf-main_3000311ca56a1cb93397bc676c0b7fff .inf-input input { width:100%;} .inf-main_3000311ca56a1cb93397bc676c0b7fff .inf-input.inf-error span.inf-message { display: block; } .inf-main_3000311ca56a1cb93397bc676c0b7fff .inf-submit { text-align:right;} .inf-main_3000311ca56a1cb93397bc676c0b7fff .inf-submit input{ background-color:#777777; color:#ffffff; border:none; font-weight: normal; height:auto; padding:7px; } .inf-main_3000311ca56a1cb93397bc676c0b7fff .inf-submit input.disabled{ opacity: 0.4; } .inf-btn { color: rgb(85, 85, 85); border: medium none; font-weight: normal; height: auto; padding: 7px; display: inline-block; background-color: white; box-shadow: 0px 1px 1px rgba(0, 0, 0, 0.24); border-radius: 2px; line-height: 1em; } .inf-rgpd { margin:25px 0px 15px 0px; color:#555555; } <\/style> <div class=\"inf-main_3000311ca56a1cb93397bc676c0b7fff\"> <h4>NEWSLETTER DES FREIEN BLICKS<\/h4> <span>Erhalten Sie unsere Artikel jeden Sonntag.<\/span> <div class=\"inf-success\" style=\"display:none\"> <h4>Ihre Anmeldung f\u00fcr unseren w\u00f6chentlichen Newsletter wurde erfolgreich registriert!<\/h4> <p> <a href=\"#\" class=\"inf-btn\">\u00ab<\/a> <\/p> <\/div> <div class=\"inf-content\"> <div class=\"inf-input inf-input-text\"> <input type=\"text\" name=\"inf[1]\" data-inf-meta = \"1\" data-inf-error = \"Merci de renseigner une adresse email\" required=\"required\" placeholder=\"E-Mail\" > <\/div> <div class=\"inf-submit\"> <input type=\"submit\" name=\"\" value=\"Anmelden\"> <\/div> <\/div> <\/div> <\/form>\n\n\n\n<h3 class=\"wp-block-heading\">Der Beginn einer langen Serie?<\/h3>\n\n\n\n<p>Die Schlussszene l\u00e4sst eindeutig vermuten, dass uns eine Fortsetzung erwartet. Wir hoffen, dass wir darin die talentierte und \u00fcberzeugende Alicia Vikander wiedersehen werden, die in der ansonsten eher blassen Besetzung herausragt.  Mit ihrer flie\u00dfenden Darstellung und ihrem durchdringenden Blick verleiht sie dem Film einen nicht zu untersch\u00e4tzenden Mehrwert, aber es gelingt ihr nicht, sich perfekt aus ihrer etwas kindischen Rolle als \u00abTochter von\u00bb zu befreien, was die Bilanz zumindest leicht verschlechtert.<\/p>\n\n\n\n<p><em>Schreiben Sie dem Autor:\u00a0<a href=\"mailto:nicolas.jutzet@lereregardlibre.com\">nicolas.jutzet@lereregardlibre.com<\/a><\/em><\/p>\n\n\n\n<p>Bildnachweis: \u00a9 Warner Bros.<\/p>","protected":false},"excerpt":{"rendered":"<p>Les mercredis du cin\u00e9ma \u2013 Nicolas Jutzet Lara Croft, jeune femme resplendissante et motiv\u00e9e au possible, refuse d&#8217;admettre la mort&#8230;<\/p>","protected":false},"author":314,"featured_media":14725,"comment_status":"open","ping_status":"open","sticky":false,"template":"","format":"standard","meta":{"_acf_changed":false,"footnotes":""},"categories":[644355829],"tags":[61092,44784942,149322,14226,644341146,631685,67794,38418553,13483],"class_list":["post-14717","post","type-post","status-publish","format-standard","has-post-thumbnail","hentry","category-films","tag-adaptations","tag-alicia-vikander","tag-armes","tag-aventure","tag-critiques-cinema","tag-ile","tag-jeux-video","tag-spiritualite","tag-tomb-raider"],"acf":[],"yoast_head":"<!-- This site is optimized with the Yoast SEO Premium plugin v27.4 (Yoast SEO v27.4) - https:\/\/yoast.com\/product\/yoast-seo-premium-wordpress\/ -->\n<title>\u00abTomb Raider\u00bb, le d\u00e9but de l&#039;aventure<\/title>\n<meta name=\"robots\" content=\"index, follow, max-snippet:-1, max-image-preview:large, max-video-preview:-1\" \/>\n<link rel=\"canonical\" href=\"https:\/\/leregardlibre.com\/de\/kino\/filme\/tomb-raider-der-beginn-des-abenteuers\/\" \/>\n<meta property=\"og:locale\" content=\"de_DE\" \/>\n<meta property=\"og:type\" content=\"article\" \/>\n<meta property=\"og:title\" content=\"\u00abTomb Raider\u00bb, le d\u00e9but de l&#039;aventure\" \/>\n<meta property=\"og:description\" content=\"Les mercredis du cin\u00e9ma \u2013 Nicolas Jutzet Lara Croft, jeune femme resplendissante et motiv\u00e9e au possible, refuse d&#039;admettre la mort...\" \/>\n<meta property=\"og:url\" content=\"https:\/\/leregardlibre.com\/de\/kino\/filme\/tomb-raider-der-beginn-des-abenteuers\/\" \/>\n<meta property=\"og:site_name\" content=\"Le Regard Libre\" \/>\n<meta property=\"article:publisher\" content=\"https:\/\/www.facebook.com\/leregardlibre\/\" \/>\n<meta property=\"article:published_time\" content=\"2018-03-21T11:00:13+00:00\" \/>\n<meta property=\"article:modified_time\" content=\"2025-12-04T21:49:55+00:00\" \/>\n<meta property=\"og:image\" content=\"https:\/\/leregardlibre.com\/wp-content\/uploads\/2018\/03\/tomb-raider-4-c2a9-warner-bros.jpg\" \/>\n\t<meta property=\"og:image:width\" content=\"2208\" \/>\n\t<meta property=\"og:image:height\" content=\"925\" \/>\n\t<meta property=\"og:image:type\" content=\"image\/jpeg\" \/>\n<meta name=\"author\" content=\"Nicolas Jutzet\" \/>\n<meta name=\"twitter:card\" content=\"summary_large_image\" \/>\n<meta name=\"twitter:creator\" content=\"@LeRegardLibre\" \/>\n<meta name=\"twitter:site\" content=\"@LeRegardLibre\" \/>\n<meta name=\"twitter:label1\" content=\"Verfasst von\" \/>\n\t<meta name=\"twitter:data1\" content=\"Nicolas Jutzet\" \/>\n\t<meta name=\"twitter:label2\" content=\"Gesch\u00e4tzte Lesezeit\" \/>\n\t<meta name=\"twitter:data2\" content=\"3\u00a0Minuten\" \/>\n<script type=\"application\/ld+json\" class=\"yoast-schema-graph\">{\"@context\":\"https:\\\/\\\/schema.org\",\"@graph\":[{\"@type\":\"Article\",\"@id\":\"https:\\\/\\\/leregardlibre.com\\\/cinema\\\/films\\\/tomb-raider-le-debut-de-laventure\\\/#article\",\"isPartOf\":{\"@id\":\"https:\\\/\\\/leregardlibre.com\\\/cinema\\\/films\\\/tomb-raider-le-debut-de-laventure\\\/\"},\"author\":{\"name\":\"Nicolas Jutzet\",\"@id\":\"https:\\\/\\\/leregardlibre.com\\\/#\\\/schema\\\/person\\\/3446d3a78b45211305188d4401e7719a\"},\"headline\":\"\u00abTomb Raider\u00bb, le d\u00e9but de l&#8217;aventure\",\"datePublished\":\"2018-03-21T11:00:13+00:00\",\"dateModified\":\"2025-12-04T21:49:55+00:00\",\"mainEntityOfPage\":{\"@id\":\"https:\\\/\\\/leregardlibre.com\\\/cinema\\\/films\\\/tomb-raider-le-debut-de-laventure\\\/\"},\"wordCount\":664,\"commentCount\":0,\"publisher\":{\"@id\":\"https:\\\/\\\/leregardlibre.com\\\/#organization\"},\"image\":{\"@id\":\"https:\\\/\\\/leregardlibre.com\\\/cinema\\\/films\\\/tomb-raider-le-debut-de-laventure\\\/#primaryimage\"},\"thumbnailUrl\":\"https:\\\/\\\/leregardlibre.com\\\/wp-content\\\/uploads\\\/2018\\\/03\\\/tomb-raider-4-c2a9-warner-bros.jpg\",\"keywords\":[\"Adaptations\",\"Alicia Vikander\",\"Armes\",\"Aventure\",\"Critique cin\u00e9ma\",\"Ile\",\"Jeux vid\u00e9o\",\"Spiritualit\u00e9\",\"Tomb Raider\"],\"articleSection\":[\"Films\"],\"inLanguage\":\"de\",\"potentialAction\":[{\"@type\":\"CommentAction\",\"name\":\"Comment\",\"target\":[\"https:\\\/\\\/leregardlibre.com\\\/cinema\\\/films\\\/tomb-raider-le-debut-de-laventure\\\/#respond\"]}]},{\"@type\":\"WebPage\",\"@id\":\"https:\\\/\\\/leregardlibre.com\\\/cinema\\\/films\\\/tomb-raider-le-debut-de-laventure\\\/\",\"url\":\"https:\\\/\\\/leregardlibre.com\\\/cinema\\\/films\\\/tomb-raider-le-debut-de-laventure\\\/\",\"name\":\"\u00abTomb Raider\u00bb, le d\u00e9but de l'aventure\",\"isPartOf\":{\"@id\":\"https:\\\/\\\/leregardlibre.com\\\/#website\"},\"primaryImageOfPage\":{\"@id\":\"https:\\\/\\\/leregardlibre.com\\\/cinema\\\/films\\\/tomb-raider-le-debut-de-laventure\\\/#primaryimage\"},\"image\":{\"@id\":\"https:\\\/\\\/leregardlibre.com\\\/cinema\\\/films\\\/tomb-raider-le-debut-de-laventure\\\/#primaryimage\"},\"thumbnailUrl\":\"https:\\\/\\\/leregardlibre.com\\\/wp-content\\\/uploads\\\/2018\\\/03\\\/tomb-raider-4-c2a9-warner-bros.jpg\",\"datePublished\":\"2018-03-21T11:00:13+00:00\",\"dateModified\":\"2025-12-04T21:49:55+00:00\",\"breadcrumb\":{\"@id\":\"https:\\\/\\\/leregardlibre.com\\\/cinema\\\/films\\\/tomb-raider-le-debut-de-laventure\\\/#breadcrumb\"},\"inLanguage\":\"de\",\"potentialAction\":[{\"@type\":\"ReadAction\",\"target\":[\"https:\\\/\\\/leregardlibre.com\\\/cinema\\\/films\\\/tomb-raider-le-debut-de-laventure\\\/\"]}]},{\"@type\":\"ImageObject\",\"inLanguage\":\"de\",\"@id\":\"https:\\\/\\\/leregardlibre.com\\\/cinema\\\/films\\\/tomb-raider-le-debut-de-laventure\\\/#primaryimage\",\"url\":\"https:\\\/\\\/leregardlibre.com\\\/wp-content\\\/uploads\\\/2018\\\/03\\\/tomb-raider-4-c2a9-warner-bros.jpg\",\"contentUrl\":\"https:\\\/\\\/leregardlibre.com\\\/wp-content\\\/uploads\\\/2018\\\/03\\\/tomb-raider-4-c2a9-warner-bros.jpg\",\"width\":2208,\"height\":925},{\"@type\":\"BreadcrumbList\",\"@id\":\"https:\\\/\\\/leregardlibre.com\\\/cinema\\\/films\\\/tomb-raider-le-debut-de-laventure\\\/#breadcrumb\",\"itemListElement\":[{\"@type\":\"ListItem\",\"position\":1,\"name\":\"Accueil\",\"item\":\"https:\\\/\\\/leregardlibre.com\\\/\"},{\"@type\":\"ListItem\",\"position\":2,\"name\":\"\u00abTomb Raider\u00bb, le d\u00e9but de l&#8217;aventure\"}]},{\"@type\":\"WebSite\",\"@id\":\"https:\\\/\\\/leregardlibre.com\\\/#website\",\"url\":\"https:\\\/\\\/leregardlibre.com\\\/\",\"name\":\"Le Regard Libre\",\"description\":\"Premier mensuel suisse de d\u00e9bat\",\"publisher\":{\"@id\":\"https:\\\/\\\/leregardlibre.com\\\/#organization\"},\"potentialAction\":[{\"@type\":\"SearchAction\",\"target\":{\"@type\":\"EntryPoint\",\"urlTemplate\":\"https:\\\/\\\/leregardlibre.com\\\/?s={search_term_string}\"},\"query-input\":{\"@type\":\"PropertyValueSpecification\",\"valueRequired\":true,\"valueName\":\"search_term_string\"}}],\"inLanguage\":\"de\"},{\"@type\":\"Organization\",\"@id\":\"https:\\\/\\\/leregardlibre.com\\\/#organization\",\"name\":\"Le Regard Libre\",\"url\":\"https:\\\/\\\/leregardlibre.com\\\/\",\"logo\":{\"@type\":\"ImageObject\",\"inLanguage\":\"de\",\"@id\":\"https:\\\/\\\/leregardlibre.com\\\/#\\\/schema\\\/logo\\\/image\\\/\",\"url\":\"https:\\\/\\\/leregardlibre.com\\\/wp-content\\\/uploads\\\/2025\\\/08\\\/logo-rl-icone-neg.jpeg\",\"contentUrl\":\"https:\\\/\\\/leregardlibre.com\\\/wp-content\\\/uploads\\\/2025\\\/08\\\/logo-rl-icone-neg.jpeg\",\"width\":557,\"height\":556,\"caption\":\"Le Regard Libre\"},\"image\":{\"@id\":\"https:\\\/\\\/leregardlibre.com\\\/#\\\/schema\\\/logo\\\/image\\\/\"},\"sameAs\":[\"https:\\\/\\\/www.facebook.com\\\/leregardlibre\\\/\",\"https:\\\/\\\/x.com\\\/LeRegardLibre\",\"https:\\\/\\\/www.linkedin.com\\\/company\\\/le-regard-libre\",\"https:\\\/\\\/www.instagram.com\\\/leregardlibre\\\/\",\"http:\\\/\\\/t.me\\\/leregardlibre\",\"https:\\\/\\\/youtube.com\\\/channel\\\/UC6HzGPomj1LsUmlz-sJtITQ\"],\"description\":\"Le Regard Libre est un mensuel suisse de d\u00e9bat intellectuel et culturel. Sa r\u00e9daction est jeune, b\u00e9n\u00e9vole, lib\u00e9rale et pluraliste. Le magazine para\u00eet en ligne et sous forme papier. Sa langue est le fran\u00e7ais.\",\"email\":\"redaction@leregardlibre.com\",\"legalName\":\"Le Regard Libre\",\"foundingDate\":\"2014-01-01\",\"numberOfEmployees\":{\"@type\":\"QuantitativeValue\",\"minValue\":\"11\",\"maxValue\":\"50\"},\"publishingPrinciples\":\"https:\\\/\\\/leregardlibre.com\\\/a-propos\\\/notre-manifeste\\\/\",\"ownershipFundingInfo\":\"https:\\\/\\\/leregardlibre.com\\\/mentions-legales\\\/\",\"actionableFeedbackPolicy\":\"https:\\\/\\\/leregardlibre.com\\\/conditions-generales-de-vente\\\/\"},{\"@type\":\"Person\",\"@id\":\"https:\\\/\\\/leregardlibre.com\\\/#\\\/schema\\\/person\\\/3446d3a78b45211305188d4401e7719a\",\"name\":\"Nicolas Jutzet\",\"image\":{\"@type\":\"ImageObject\",\"inLanguage\":\"de\",\"@id\":\"https:\\\/\\\/secure.gravatar.com\\\/avatar\\\/0051d940078d390e50a5e700a6c653e3776f3a164b8878a91d3c09ee3a174239?s=96&d=identicon&r=g\",\"url\":\"https:\\\/\\\/secure.gravatar.com\\\/avatar\\\/0051d940078d390e50a5e700a6c653e3776f3a164b8878a91d3c09ee3a174239?s=96&d=identicon&r=g\",\"contentUrl\":\"https:\\\/\\\/secure.gravatar.com\\\/avatar\\\/0051d940078d390e50a5e700a6c653e3776f3a164b8878a91d3c09ee3a174239?s=96&d=identicon&r=g\",\"caption\":\"Nicolas Jutzet\"},\"description\":\"Co-fondateur du m\u00e9dia Liber-th\u00e9, Nicolas Jutzet est vice-directeur de l\u2019Institut lib\u00e9ral, en Suisse.\",\"sameAs\":[\"https:\\\/\\\/nicolasjutzet.ch\\\/a-propos\\\/\",\"https:\\\/\\\/fr.wikipedia.org\\\/wiki\\\/Le_Regard_libre\"],\"url\":\"https:\\\/\\\/leregardlibre.com\\\/de\\\/author\\\/nicolas-jutzet\\\/\"}]}<\/script>\n<!-- \/ Yoast SEO Premium plugin. -->","yoast_head_json":{"title":"\u00abTomb Raider\u00bb - der Beginn des Abenteuers","robots":{"index":"index","follow":"follow","max-snippet":"max-snippet:-1","max-image-preview":"max-image-preview:large","max-video-preview":"max-video-preview:-1"},"canonical":"https:\/\/leregardlibre.com\/de\/kino\/filme\/tomb-raider-der-beginn-des-abenteuers\/","og_locale":"de_DE","og_type":"article","og_title":"\u00abTomb Raider\u00bb, le d\u00e9but de l'aventure","og_description":"Les mercredis du cin\u00e9ma \u2013 Nicolas Jutzet Lara Croft, jeune femme resplendissante et motiv\u00e9e au possible, refuse d'admettre la mort...","og_url":"https:\/\/leregardlibre.com\/de\/kino\/filme\/tomb-raider-der-beginn-des-abenteuers\/","og_site_name":"Le Regard Libre","article_publisher":"https:\/\/www.facebook.com\/leregardlibre\/","article_published_time":"2018-03-21T11:00:13+00:00","article_modified_time":"2025-12-04T21:49:55+00:00","og_image":[{"width":2208,"height":925,"url":"https:\/\/leregardlibre.com\/wp-content\/uploads\/2018\/03\/tomb-raider-4-c2a9-warner-bros.jpg","type":"image\/jpeg"}],"author":"Nicolas Jutzet","twitter_card":"summary_large_image","twitter_creator":"@LeRegardLibre","twitter_site":"@LeRegardLibre","twitter_misc":{"Verfasst von":"Nicolas Jutzet","Gesch\u00e4tzte Lesezeit":"3\u00a0Minuten"},"schema":{"@context":"https:\/\/schema.org","@graph":[{"@type":"Article","@id":"https:\/\/leregardlibre.com\/cinema\/films\/tomb-raider-le-debut-de-laventure\/#article","isPartOf":{"@id":"https:\/\/leregardlibre.com\/cinema\/films\/tomb-raider-le-debut-de-laventure\/"},"author":{"name":"Nicolas Jutzet","@id":"https:\/\/leregardlibre.com\/#\/schema\/person\/3446d3a78b45211305188d4401e7719a"},"headline":"\u00abTomb Raider\u00bb, le d\u00e9but de l&#8217;aventure","datePublished":"2018-03-21T11:00:13+00:00","dateModified":"2025-12-04T21:49:55+00:00","mainEntityOfPage":{"@id":"https:\/\/leregardlibre.com\/cinema\/films\/tomb-raider-le-debut-de-laventure\/"},"wordCount":664,"commentCount":0,"publisher":{"@id":"https:\/\/leregardlibre.com\/#organization"},"image":{"@id":"https:\/\/leregardlibre.com\/cinema\/films\/tomb-raider-le-debut-de-laventure\/#primaryimage"},"thumbnailUrl":"https:\/\/leregardlibre.com\/wp-content\/uploads\/2018\/03\/tomb-raider-4-c2a9-warner-bros.jpg","keywords":["Adaptations","Alicia Vikander","Armes","Aventure","Critique cin\u00e9ma","Ile","Jeux vid\u00e9o","Spiritualit\u00e9","Tomb Raider"],"articleSection":["Films"],"inLanguage":"de","potentialAction":[{"@type":"CommentAction","name":"Comment","target":["https:\/\/leregardlibre.com\/cinema\/films\/tomb-raider-le-debut-de-laventure\/#respond"]}]},{"@type":"WebPage","@id":"https:\/\/leregardlibre.com\/cinema\/films\/tomb-raider-le-debut-de-laventure\/","url":"https:\/\/leregardlibre.com\/cinema\/films\/tomb-raider-le-debut-de-laventure\/","name":"\u00abTomb Raider\u00bb - der Beginn des Abenteuers","isPartOf":{"@id":"https:\/\/leregardlibre.com\/#website"},"primaryImageOfPage":{"@id":"https:\/\/leregardlibre.com\/cinema\/films\/tomb-raider-le-debut-de-laventure\/#primaryimage"},"image":{"@id":"https:\/\/leregardlibre.com\/cinema\/films\/tomb-raider-le-debut-de-laventure\/#primaryimage"},"thumbnailUrl":"https:\/\/leregardlibre.com\/wp-content\/uploads\/2018\/03\/tomb-raider-4-c2a9-warner-bros.jpg","datePublished":"2018-03-21T11:00:13+00:00","dateModified":"2025-12-04T21:49:55+00:00","breadcrumb":{"@id":"https:\/\/leregardlibre.com\/cinema\/films\/tomb-raider-le-debut-de-laventure\/#breadcrumb"},"inLanguage":"de","potentialAction":[{"@type":"ReadAction","target":["https:\/\/leregardlibre.com\/cinema\/films\/tomb-raider-le-debut-de-laventure\/"]}]},{"@type":"ImageObject","inLanguage":"de","@id":"https:\/\/leregardlibre.com\/cinema\/films\/tomb-raider-le-debut-de-laventure\/#primaryimage","url":"https:\/\/leregardlibre.com\/wp-content\/uploads\/2018\/03\/tomb-raider-4-c2a9-warner-bros.jpg","contentUrl":"https:\/\/leregardlibre.com\/wp-content\/uploads\/2018\/03\/tomb-raider-4-c2a9-warner-bros.jpg","width":2208,"height":925},{"@type":"BreadcrumbList","@id":"https:\/\/leregardlibre.com\/cinema\/films\/tomb-raider-le-debut-de-laventure\/#breadcrumb","itemListElement":[{"@type":"ListItem","position":1,"name":"Accueil","item":"https:\/\/leregardlibre.com\/"},{"@type":"ListItem","position":2,"name":"\u00abTomb Raider\u00bb, le d\u00e9but de l&#8217;aventure"}]},{"@type":"WebSite","@id":"https:\/\/leregardlibre.com\/#website","url":"https:\/\/leregardlibre.com\/","name":"Le Regard Libre","description":"Erste Schweizer Monatszeitschrift f\u00fcr Debatten","publisher":{"@id":"https:\/\/leregardlibre.com\/#organization"},"potentialAction":[{"@type":"SearchAction","target":{"@type":"EntryPoint","urlTemplate":"https:\/\/leregardlibre.com\/?s={search_term_string}"},"query-input":{"@type":"PropertyValueSpecification","valueRequired":true,"valueName":"search_term_string"}}],"inLanguage":"de"},{"@type":"Organization","@id":"https:\/\/leregardlibre.com\/#organization","name":"Le Regard Libre","url":"https:\/\/leregardlibre.com\/","logo":{"@type":"ImageObject","inLanguage":"de","@id":"https:\/\/leregardlibre.com\/#\/schema\/logo\/image\/","url":"https:\/\/leregardlibre.com\/wp-content\/uploads\/2025\/08\/logo-rl-icone-neg.jpeg","contentUrl":"https:\/\/leregardlibre.com\/wp-content\/uploads\/2025\/08\/logo-rl-icone-neg.jpeg","width":557,"height":556,"caption":"Le Regard Libre"},"image":{"@id":"https:\/\/leregardlibre.com\/#\/schema\/logo\/image\/"},"sameAs":["https:\/\/www.facebook.com\/leregardlibre\/","https:\/\/x.com\/LeRegardLibre","https:\/\/www.linkedin.com\/company\/le-regard-libre","https:\/\/www.instagram.com\/leregardlibre\/","http:\/\/t.me\/leregardlibre","https:\/\/youtube.com\/channel\/UC6HzGPomj1LsUmlz-sJtITQ"],"description":"Le Regard Libre ist eine Schweizer Monatszeitschrift f\u00fcr intellektuelle und kulturelle Debatten. Seine Redaktion ist jung, ehrenamtlich, liberal und pluralistisch. Das Magazin erscheint online und in gedruckter Form. Seine Sprache ist Franz\u00f6sisch.","email":"redaction@leregardlibre.com","legalName":"Le Regard Libre","foundingDate":"2014-01-01","numberOfEmployees":{"@type":"QuantitativeValue","minValue":"11","maxValue":"50"},"publishingPrinciples":"https:\/\/leregardlibre.com\/a-propos\/notre-manifeste\/","ownershipFundingInfo":"https:\/\/leregardlibre.com\/mentions-legales\/","actionableFeedbackPolicy":"https:\/\/leregardlibre.com\/conditions-generales-de-vente\/"},{"@type":"Person","@id":"https:\/\/leregardlibre.com\/#\/schema\/person\/3446d3a78b45211305188d4401e7719a","name":"Nicolas Jutzet","image":{"@type":"ImageObject","inLanguage":"de","@id":"https:\/\/secure.gravatar.com\/avatar\/0051d940078d390e50a5e700a6c653e3776f3a164b8878a91d3c09ee3a174239?s=96&d=identicon&r=g","url":"https:\/\/secure.gravatar.com\/avatar\/0051d940078d390e50a5e700a6c653e3776f3a164b8878a91d3c09ee3a174239?s=96&d=identicon&r=g","contentUrl":"https:\/\/secure.gravatar.com\/avatar\/0051d940078d390e50a5e700a6c653e3776f3a164b8878a91d3c09ee3a174239?s=96&d=identicon&r=g","caption":"Nicolas Jutzet"},"description":"Nicolas Jutzet ist Mitbegr\u00fcnder des Mediums Liber-th\u00e9 und Vize-Direktor des Liberalen Instituts in der Schweiz.","sameAs":["https:\/\/nicolasjutzet.ch\/a-propos\/","https:\/\/fr.wikipedia.org\/wiki\/Le_Regard_libre"],"url":"https:\/\/leregardlibre.com\/de\/author\/nicolas-jutzet\/"}]}},"_links":{"self":[{"href":"https:\/\/leregardlibre.com\/de\/wp-json\/wp\/v2\/posts\/14717","targetHints":{"allow":["GET"]}}],"collection":[{"href":"https:\/\/leregardlibre.com\/de\/wp-json\/wp\/v2\/posts"}],"about":[{"href":"https:\/\/leregardlibre.com\/de\/wp-json\/wp\/v2\/types\/post"}],"author":[{"embeddable":true,"href":"https:\/\/leregardlibre.com\/de\/wp-json\/wp\/v2\/users\/314"}],"replies":[{"embeddable":true,"href":"https:\/\/leregardlibre.com\/de\/wp-json\/wp\/v2\/comments?post=14717"}],"version-history":[{"count":1,"href":"https:\/\/leregardlibre.com\/de\/wp-json\/wp\/v2\/posts\/14717\/revisions"}],"predecessor-version":[{"id":509654,"href":"https:\/\/leregardlibre.com\/de\/wp-json\/wp\/v2\/posts\/14717\/revisions\/509654"}],"wp:featuredmedia":[{"embeddable":true,"href":"https:\/\/leregardlibre.com\/de\/wp-json\/wp\/v2\/media\/14725"}],"wp:attachment":[{"href":"https:\/\/leregardlibre.com\/de\/wp-json\/wp\/v2\/media?parent=14717"}],"wp:term":[{"taxonomy":"category","embeddable":true,"href":"https:\/\/leregardlibre.com\/de\/wp-json\/wp\/v2\/categories?post=14717"},{"taxonomy":"post_tag","embeddable":true,"href":"https:\/\/leregardlibre.com\/de\/wp-json\/wp\/v2\/tags?post=14717"}],"curies":[{"name":"wp","href":"https:\/\/api.w.org\/{rel}","templated":true}]}}