{"id":14919,"date":"2018-04-08T19:32:38","date_gmt":"2018-04-08T18:32:38","guid":{"rendered":"http:\/\/leregardlibre.com\/?p=14919"},"modified":"2022-09-04T10:14:55","modified_gmt":"2022-09-04T08:14:55","slug":"punk-philosophie-und-wiederbelebung-eines-stils","status":"publish","type":"post","link":"https:\/\/leregardlibre.com\/de\/gesellschaft\/punk-philosophie-und-wiederbelebung-eines-stils\/","title":{"rendered":"Punk-Philosophie und Wiederbelebung eines Stils"},"content":{"rendered":"<p><em><a data-type=\"product\" data-id=\"35463\" href=\"https:\/\/leregardlibre.com\/de\/produkt\/der-freie-blick-n-37\/\">Le Regard Libre Nr. 37<\/a>&nbsp;- <a href=\"https:\/\/leregardlibre.com\/de\/tag\/helene-lavoyer\/\">H\u00e9l\u00e8ne Lavoyer<\/a><\/em><\/p>\n\n\n\n<p class=\"has-drop-cap\"><strong>Mit der Erosion der Hippie-Bewegung, die bereits die Konsumgesellschaft, traditionelle Werte sowie zahlreiche Tabus und Abgrenzungen zwischen sozialen Gruppen abgelehnt hatte, entstand ein neues Genre: der Punk. Die Bewegung entstand Mitte der 1970er Jahre in New York durch die Musikszene (The Ramones, Television, Suicide) und breitete sich sp\u00e4ter auch in Gro\u00dfbritannien aus. Eine kurze Beschreibung dieser zeitlosen und weltfremden Bewegung.<\/strong><\/p>\n\n\n\n<!--more Lire l\u2019article-->\n\n\n\n<p>Die Punks leben im Rhythmus der elektrischen Gitarren und ziehen mit ihrem untypischen Stil die Blicke auf sich. Punks sind jedoch nicht nur \u00abSchl\u00e4ger\u00bb, die auf sich aufmerksam machen wollen, sondern sie haben auch eine Denk- und Lebensweise und sind der Protestschrei einer Generation, die die Wirtschaftskrise der 1970er Jahre und die Desillusionierung der Hippie-Ideen zu sp\u00fcren bekam.<\/p>\n\n\n\n<h3 class=\"wp-block-heading\">Philosophie der Revolte<\/h3>\n\n\n\n<p>Die antikapitalistische und anarchistische Philosophie des Punk zeichnet sich durch die Umsetzung eines gewissen Nihilismus aus, der eher kreativ als zerst\u00f6rerisch ist. Das \u00dcberschreiten gesellschaftlicher Normen wird zu einem Bed\u00fcrfnis, einem Prozess, der die Ablehnung der Institutionen und intellektuellen Werte der die Gesellschaft beherrschenden Gruppen ebenso einschlie\u00dft wie die Suche nach Alternativen zu ihnen.<span class=\"Apple-converted-space\">&nbsp;<\/span><\/p>\n\n\n\n\n\n<p>Zwei Slogans sind besonders pr\u00e4gnant: \u00abDo It Yourself\u00bb (kurz DIY) und \u00abNo Future\u00bb. Der erste stammt aus einem Gedankengut, das bereits vor der Punk-Kultur existierte und die Herstellung und den Erhalt von G\u00fctern und Ressourcen aus eigener Kraft betonte.<span class=\"Apple-converted-space\">&nbsp;<\/span><\/p>\n\n\n\n<p>F\u00fcr Punk-K\u00fcnstler geht es darum, Alben ohne Plattenfirma aufzunehmen und zu verkaufen - \u00e4hnlich wie bei der Platte <i>Spiral Scratch<\/i> von The Buzzcocks, die erste vollst\u00e4ndig selbst produzierte Platte. Ian MacKay, S\u00e4nger von Minor Threat, sagte dazu: \u00abIch denke, es gibt eine Menge organisatorischer Arbeit, von der die Leute \u00fcberhaupt keine Ahnung haben. Sie stellen sich normalerweise vor, dass das Musikgesch\u00e4ft mit vielen Leuten l\u00e4uft, die diese Arbeit f\u00fcr dich erledigen. Aber das ist nicht <i>Punkrock<\/i>. Wir kommen aus einer Welt, in der wir die Dinge selbst tun\u00bb.\u00bb<\/p>\n\n\n\n<p>Die Punks blieben ihrer Protestvision bis zum Schluss treu und schufen sich einen individuellen Stil, der durch originelle Gegenst\u00e4nde personalisiert wurde; sie n\u00e4hten, flickten und zerschnitten Kleidung, um sie untypisch zu machen. Die Mode \u00fcbernahm jedoch bald die wiederkehrenden Codes der Punk-Kultur und die Punk-Kultur musste sie immer wieder neu erfinden, wenn sie noch mit ihrer Ideologie \u00fcbereinstimmen wollte. <span class=\"Apple-converted-space\">&nbsp;<\/span><\/p>\n\n\n\n<p>\u00abPunk zu sein\u00bb, so Johnny Rotten, S\u00e4nger der Band Sex Pistols, \u00abbedeutet, seinen eigenen Weg zu finden, seinen eigenen Stil, vor allem, nicht dumm den anderen zu folgen\u00bb.<\/p>\n\n\n\n<h3 class=\"wp-block-heading\"><i>Sex<\/i>, oder das Punk-Imperium Westwood und McLaren<\/h3>\n\n\n\n<p>Seit den Ramones und sp\u00e4ter in Gro\u00dfbritannien mit den Sex Pistols sowie allen Mitgliedern der \u00abPunk-Gemeinschaft\u00bb verleihen verschiedene Gegenst\u00e4nde, Stoffe oder Muster dem Punk-Stil seine ikonischen Merkmale. Dazu geh\u00f6ren die Lederperfekto, die Stiefel <i>Dr. Martens<\/i>, In den letzten Jahren hat sich der Trend zu ausgefallenen Mustern wie dem Leopardenmuster, aber auch zu Schottenr\u00f6cken, grellen Farben oder Ohrringen aus Sicherheitsnadeln verst\u00e4rkt.<\/p>\n\n\n\n\n\n<p>In London verbreitet die Boutique Sex ungew\u00f6hnliche Kleidung und Gegenst\u00e4nde aus der stilistischen Linie des Punk. Das Paar McLaren - Westwood (er ist der <i>manager<\/i> der Sex Pistols, sie eine Designerin und <i>Designer<\/i> noch unauff\u00e4llige Mode) verkauft Best\u00e4nde an provokativen T-Shirts, H\u00fcten und anderen Westwoood-Kreationen.<\/p>\n\n\n\n<h3 class=\"wp-block-heading\">Punk l\u00e4dt ein zu den <i>Fashion Week<\/i><\/h3>\n\n\n\n<p>Heute l\u00e4uft der Punk-Look auf den Laufstegen der Veranstaltungen, an denen die gr\u00f6\u00dften Modedesigner unserer Zeit teilnehmen. Yang Li, ein junger Sch\u00fctzling des Modedesigners Raf Simons, der bereits f\u00fcr seinen exzentrischen Stil bekannt ist, ist einer der aufsteigenden Sterne in der Modewelt. Der Designer verwendet und missbraucht Punk-Codes.<\/p>\n\n\n\n<p>Leder, Schwarz, Spitze und Netzgewebe \u00fcberlagern sich und werden zum neuen Trend, wie bei den bereits ikonischen Entw\u00fcrfen von Alexander McQueen. Auch die Sicherheitsnadel scheint ein Comeback in Riesenformat zu feiern.<\/p>\n\n\n\n\n\n<p>Doch die \u00dcbernahme dieser stilistischen Merkmale durch die Welt der Haute Couture und durch K\u00fcnstler des Genres <i>trap<\/i> (Travis Scott, Trippie Redd oder Asap Rocky) ist nicht die der Punk-Philosophie. Ihre Ankunft in der Welt des \u00fcberm\u00e4\u00dfigen Konsums stellt wahrscheinlich sogar eine Verleugnung dieses zeit- und weltlosen Geistes dar.<\/p>\n\n\n\n<p><em>Schreiben Sie der Autorin: <a href=\"mailto:helene.lavoyer@leregardlibre.com\">helene.lavoyer@leregardlibre.com<\/a><\/em><\/p>\n\n\n\n<p>Bildnachweis: \u00a9 geckosadventures.com<\/p>","protected":false},"excerpt":{"rendered":"<p>Le Regard Libre N\u00b0 37&nbsp;\u2013 H\u00e9l\u00e8ne Lavoyer A l\u2019\u00e9rosion du mouvement hippie qui avait d\u00e9j\u00e0 rejet\u00e9 la soci\u00e9t\u00e9 consum\u00e9riste, les&#8230;<\/p>","protected":false},"author":326,"featured_media":14924,"comment_status":"open","ping_status":"open","sticky":false,"template":"","format":"standard","meta":{"_acf_changed":false,"footnotes":""},"categories":[8796],"tags":[854590,1085127,148,1225320,102242,4293823,18594,66687,262813,42231,38042828,4614,206901,1440,90978,1134008,434562,520,84917,4584053,2286,54015,459,1222714,171770,3082364,566884998,435819,609968706],"class_list":["post-14919","post","type-post","status-publish","format-standard","has-post-thumbnail","hentry","category-societe","tag-alexander-mcqueen","tag-annees-70","tag-design","tag-dr-martens","tag-fashion-week","tag-ian-mackay","tag-londres","tag-mclaren","tag-minor-threat","tag-mode","tag-mouvement-hippie","tag-new-york","tag-no-future","tag-punk","tag-punk-rock","tag-raf-simons","tag-royaume-uni","tag-sex","tag-sex-pistols","tag-spiral-scratch","tag-style","tag-suicide","tag-television","tag-the-buzzcocks","tag-the-ramones","tag-travis-scott","tag-trippie-redd","tag-westwood","tag-yank-li"],"acf":[],"yoast_head":"<!-- This site is optimized with the Yoast SEO Premium plugin v27.4 (Yoast SEO v27.4) - https:\/\/yoast.com\/product\/yoast-seo-premium-wordpress\/ -->\n<title>Philosophie punk et renouveau d\u2019un style<\/title>\n<meta name=\"robots\" content=\"index, follow, max-snippet:-1, max-image-preview:large, max-video-preview:-1\" \/>\n<link rel=\"canonical\" href=\"https:\/\/leregardlibre.com\/de\/gesellschaft\/punk-philosophie-und-wiederbelebung-eines-stils\/\" \/>\n<meta property=\"og:locale\" content=\"de_DE\" \/>\n<meta property=\"og:type\" content=\"article\" \/>\n<meta property=\"og:title\" content=\"Philosophie punk et renouveau d\u2019un style\" \/>\n<meta property=\"og:description\" content=\"Le Regard Libre N\u00b0 37&nbsp;\u2013 H\u00e9l\u00e8ne Lavoyer A l\u2019\u00e9rosion du mouvement hippie qui avait d\u00e9j\u00e0 rejet\u00e9 la soci\u00e9t\u00e9 consum\u00e9riste, les...\" \/>\n<meta property=\"og:url\" content=\"https:\/\/leregardlibre.com\/de\/gesellschaft\/punk-philosophie-und-wiederbelebung-eines-stils\/\" \/>\n<meta property=\"og:site_name\" content=\"Le Regard Libre\" \/>\n<meta property=\"article:publisher\" content=\"https:\/\/www.facebook.com\/leregardlibre\/\" \/>\n<meta property=\"article:published_time\" content=\"2018-04-08T18:32:38+00:00\" \/>\n<meta property=\"article:modified_time\" content=\"2022-09-04T08:14:55+00:00\" \/>\n<meta property=\"og:image\" content=\"https:\/\/leregardlibre.com\/wp-content\/uploads\/2018\/04\/punk-london.jpg\" \/>\n\t<meta property=\"og:image:width\" content=\"2200\" \/>\n\t<meta property=\"og:image:height\" content=\"1470\" \/>\n\t<meta property=\"og:image:type\" content=\"image\/jpeg\" \/>\n<meta name=\"author\" content=\"H\u00e9l\u00e8ne Lavoyer\" \/>\n<meta name=\"twitter:card\" content=\"summary_large_image\" \/>\n<meta name=\"twitter:creator\" content=\"@LeRegardLibre\" \/>\n<meta name=\"twitter:site\" content=\"@LeRegardLibre\" \/>\n<meta name=\"twitter:label1\" content=\"Verfasst von\" \/>\n\t<meta name=\"twitter:data1\" content=\"H\u00e9l\u00e8ne Lavoyer\" \/>\n\t<meta name=\"twitter:label2\" content=\"Gesch\u00e4tzte Lesezeit\" \/>\n\t<meta name=\"twitter:data2\" content=\"4\u00a0Minuten\" \/>\n<script type=\"application\/ld+json\" class=\"yoast-schema-graph\">{\"@context\":\"https:\\\/\\\/schema.org\",\"@graph\":[{\"@type\":\"Article\",\"@id\":\"https:\\\/\\\/leregardlibre.com\\\/societe\\\/philosophie-punk-et-renouveau-dun-style\\\/#article\",\"isPartOf\":{\"@id\":\"https:\\\/\\\/leregardlibre.com\\\/societe\\\/philosophie-punk-et-renouveau-dun-style\\\/\"},\"author\":{\"name\":\"H\u00e9l\u00e8ne Lavoyer\",\"@id\":\"https:\\\/\\\/leregardlibre.com\\\/#\\\/schema\\\/person\\\/d54c307d35ad5a1c6bd687ddd86054f8\"},\"headline\":\"Philosophie punk et renouveau d\u2019un style\",\"datePublished\":\"2018-04-08T18:32:38+00:00\",\"dateModified\":\"2022-09-04T08:14:55+00:00\",\"mainEntityOfPage\":{\"@id\":\"https:\\\/\\\/leregardlibre.com\\\/societe\\\/philosophie-punk-et-renouveau-dun-style\\\/\"},\"wordCount\":841,\"commentCount\":0,\"publisher\":{\"@id\":\"https:\\\/\\\/leregardlibre.com\\\/#organization\"},\"image\":{\"@id\":\"https:\\\/\\\/leregardlibre.com\\\/societe\\\/philosophie-punk-et-renouveau-dun-style\\\/#primaryimage\"},\"thumbnailUrl\":\"https:\\\/\\\/leregardlibre.com\\\/wp-content\\\/uploads\\\/2018\\\/04\\\/punk-london.jpg\",\"keywords\":[\"alexander mcqueen\",\"ann\u00e9es 70\",\"design\",\"dr. martens\",\"fashion week\",\"ian mackay\",\"Londres\",\"mclaren\",\"minor threat\",\"Mode\",\"mouvement hippie\",\"New York\",\"no future\",\"Punk\",\"Punk rock\",\"raf simons\",\"Royaume-Uni\",\"sex\",\"sex pistols\",\"spiral scratch\",\"Style\",\"Suicide\",\"T\u00e9l\u00e9vision\",\"the buzzcocks\",\"the ramones\",\"travis scott\",\"trippie redd\",\"westwood\",\"yank li\"],\"articleSection\":[\"Soci\u00e9t\u00e9\"],\"inLanguage\":\"de\",\"potentialAction\":[{\"@type\":\"CommentAction\",\"name\":\"Comment\",\"target\":[\"https:\\\/\\\/leregardlibre.com\\\/societe\\\/philosophie-punk-et-renouveau-dun-style\\\/#respond\"]}]},{\"@type\":\"WebPage\",\"@id\":\"https:\\\/\\\/leregardlibre.com\\\/societe\\\/philosophie-punk-et-renouveau-dun-style\\\/\",\"url\":\"https:\\\/\\\/leregardlibre.com\\\/societe\\\/philosophie-punk-et-renouveau-dun-style\\\/\",\"name\":\"Philosophie punk et renouveau d\u2019un style\",\"isPartOf\":{\"@id\":\"https:\\\/\\\/leregardlibre.com\\\/#website\"},\"primaryImageOfPage\":{\"@id\":\"https:\\\/\\\/leregardlibre.com\\\/societe\\\/philosophie-punk-et-renouveau-dun-style\\\/#primaryimage\"},\"image\":{\"@id\":\"https:\\\/\\\/leregardlibre.com\\\/societe\\\/philosophie-punk-et-renouveau-dun-style\\\/#primaryimage\"},\"thumbnailUrl\":\"https:\\\/\\\/leregardlibre.com\\\/wp-content\\\/uploads\\\/2018\\\/04\\\/punk-london.jpg\",\"datePublished\":\"2018-04-08T18:32:38+00:00\",\"dateModified\":\"2022-09-04T08:14:55+00:00\",\"breadcrumb\":{\"@id\":\"https:\\\/\\\/leregardlibre.com\\\/societe\\\/philosophie-punk-et-renouveau-dun-style\\\/#breadcrumb\"},\"inLanguage\":\"de\",\"potentialAction\":[{\"@type\":\"ReadAction\",\"target\":[\"https:\\\/\\\/leregardlibre.com\\\/societe\\\/philosophie-punk-et-renouveau-dun-style\\\/\"]}]},{\"@type\":\"ImageObject\",\"inLanguage\":\"de\",\"@id\":\"https:\\\/\\\/leregardlibre.com\\\/societe\\\/philosophie-punk-et-renouveau-dun-style\\\/#primaryimage\",\"url\":\"https:\\\/\\\/leregardlibre.com\\\/wp-content\\\/uploads\\\/2018\\\/04\\\/punk-london.jpg\",\"contentUrl\":\"https:\\\/\\\/leregardlibre.com\\\/wp-content\\\/uploads\\\/2018\\\/04\\\/punk-london.jpg\",\"width\":2200,\"height\":1470},{\"@type\":\"BreadcrumbList\",\"@id\":\"https:\\\/\\\/leregardlibre.com\\\/societe\\\/philosophie-punk-et-renouveau-dun-style\\\/#breadcrumb\",\"itemListElement\":[{\"@type\":\"ListItem\",\"position\":1,\"name\":\"Accueil\",\"item\":\"https:\\\/\\\/leregardlibre.com\\\/\"},{\"@type\":\"ListItem\",\"position\":2,\"name\":\"Philosophie punk et renouveau d\u2019un style\"}]},{\"@type\":\"WebSite\",\"@id\":\"https:\\\/\\\/leregardlibre.com\\\/#website\",\"url\":\"https:\\\/\\\/leregardlibre.com\\\/\",\"name\":\"Le Regard Libre\",\"description\":\"Premier mensuel suisse de d\u00e9bat\",\"publisher\":{\"@id\":\"https:\\\/\\\/leregardlibre.com\\\/#organization\"},\"potentialAction\":[{\"@type\":\"SearchAction\",\"target\":{\"@type\":\"EntryPoint\",\"urlTemplate\":\"https:\\\/\\\/leregardlibre.com\\\/?s={search_term_string}\"},\"query-input\":{\"@type\":\"PropertyValueSpecification\",\"valueRequired\":true,\"valueName\":\"search_term_string\"}}],\"inLanguage\":\"de\"},{\"@type\":\"Organization\",\"@id\":\"https:\\\/\\\/leregardlibre.com\\\/#organization\",\"name\":\"Le Regard Libre\",\"url\":\"https:\\\/\\\/leregardlibre.com\\\/\",\"logo\":{\"@type\":\"ImageObject\",\"inLanguage\":\"de\",\"@id\":\"https:\\\/\\\/leregardlibre.com\\\/#\\\/schema\\\/logo\\\/image\\\/\",\"url\":\"https:\\\/\\\/leregardlibre.com\\\/wp-content\\\/uploads\\\/2025\\\/08\\\/logo-rl-icone-neg.jpeg\",\"contentUrl\":\"https:\\\/\\\/leregardlibre.com\\\/wp-content\\\/uploads\\\/2025\\\/08\\\/logo-rl-icone-neg.jpeg\",\"width\":557,\"height\":556,\"caption\":\"Le Regard Libre\"},\"image\":{\"@id\":\"https:\\\/\\\/leregardlibre.com\\\/#\\\/schema\\\/logo\\\/image\\\/\"},\"sameAs\":[\"https:\\\/\\\/www.facebook.com\\\/leregardlibre\\\/\",\"https:\\\/\\\/x.com\\\/LeRegardLibre\",\"https:\\\/\\\/www.linkedin.com\\\/company\\\/le-regard-libre\",\"https:\\\/\\\/www.instagram.com\\\/leregardlibre\\\/\",\"http:\\\/\\\/t.me\\\/leregardlibre\",\"https:\\\/\\\/youtube.com\\\/channel\\\/UC6HzGPomj1LsUmlz-sJtITQ\"],\"description\":\"Le Regard Libre est un mensuel suisse de d\u00e9bat intellectuel et culturel. Sa r\u00e9daction est jeune, b\u00e9n\u00e9vole, lib\u00e9rale et pluraliste. Le magazine para\u00eet en ligne et sous forme papier. Sa langue est le fran\u00e7ais.\",\"email\":\"redaction@leregardlibre.com\",\"legalName\":\"Le Regard Libre\",\"foundingDate\":\"2014-01-01\",\"numberOfEmployees\":{\"@type\":\"QuantitativeValue\",\"minValue\":\"11\",\"maxValue\":\"50\"},\"publishingPrinciples\":\"https:\\\/\\\/leregardlibre.com\\\/a-propos\\\/notre-manifeste\\\/\",\"ownershipFundingInfo\":\"https:\\\/\\\/leregardlibre.com\\\/mentions-legales\\\/\",\"actionableFeedbackPolicy\":\"https:\\\/\\\/leregardlibre.com\\\/conditions-generales-de-vente\\\/\"},{\"@type\":\"Person\",\"@id\":\"https:\\\/\\\/leregardlibre.com\\\/#\\\/schema\\\/person\\\/d54c307d35ad5a1c6bd687ddd86054f8\",\"name\":\"H\u00e9l\u00e8ne Lavoyer\",\"image\":{\"@type\":\"ImageObject\",\"inLanguage\":\"de\",\"@id\":\"https:\\\/\\\/secure.gravatar.com\\\/avatar\\\/68b25ff5328818574bf42822e9324221321679833884bc3d9c090886fea2d133?s=96&d=identicon&r=g\",\"url\":\"https:\\\/\\\/secure.gravatar.com\\\/avatar\\\/68b25ff5328818574bf42822e9324221321679833884bc3d9c090886fea2d133?s=96&d=identicon&r=g\",\"contentUrl\":\"https:\\\/\\\/secure.gravatar.com\\\/avatar\\\/68b25ff5328818574bf42822e9324221321679833884bc3d9c090886fea2d133?s=96&d=identicon&r=g\",\"caption\":\"H\u00e9l\u00e8ne Lavoyer\"},\"sameAs\":[\"https:\\\/\\\/leregardlibre.com\\\/\"],\"url\":\"https:\\\/\\\/leregardlibre.com\\\/de\\\/author\\\/helene-lavoyer\\\/\"}]}<\/script>\n<!-- \/ Yoast SEO Premium plugin. -->","yoast_head_json":{"title":"Punk-Philosophie und Wiederbelebung eines Stils","robots":{"index":"index","follow":"follow","max-snippet":"max-snippet:-1","max-image-preview":"max-image-preview:large","max-video-preview":"max-video-preview:-1"},"canonical":"https:\/\/leregardlibre.com\/de\/gesellschaft\/punk-philosophie-und-wiederbelebung-eines-stils\/","og_locale":"de_DE","og_type":"article","og_title":"Philosophie punk et renouveau d\u2019un style","og_description":"Le Regard Libre N\u00b0 37&nbsp;\u2013 H\u00e9l\u00e8ne Lavoyer A l\u2019\u00e9rosion du mouvement hippie qui avait d\u00e9j\u00e0 rejet\u00e9 la soci\u00e9t\u00e9 consum\u00e9riste, les...","og_url":"https:\/\/leregardlibre.com\/de\/gesellschaft\/punk-philosophie-und-wiederbelebung-eines-stils\/","og_site_name":"Le Regard Libre","article_publisher":"https:\/\/www.facebook.com\/leregardlibre\/","article_published_time":"2018-04-08T18:32:38+00:00","article_modified_time":"2022-09-04T08:14:55+00:00","og_image":[{"width":2200,"height":1470,"url":"https:\/\/leregardlibre.com\/wp-content\/uploads\/2018\/04\/punk-london.jpg","type":"image\/jpeg"}],"author":"H\u00e9l\u00e8ne Lavoyer","twitter_card":"summary_large_image","twitter_creator":"@LeRegardLibre","twitter_site":"@LeRegardLibre","twitter_misc":{"Verfasst von":"H\u00e9l\u00e8ne Lavoyer","Gesch\u00e4tzte Lesezeit":"4\u00a0Minuten"},"schema":{"@context":"https:\/\/schema.org","@graph":[{"@type":"Article","@id":"https:\/\/leregardlibre.com\/societe\/philosophie-punk-et-renouveau-dun-style\/#article","isPartOf":{"@id":"https:\/\/leregardlibre.com\/societe\/philosophie-punk-et-renouveau-dun-style\/"},"author":{"name":"H\u00e9l\u00e8ne Lavoyer","@id":"https:\/\/leregardlibre.com\/#\/schema\/person\/d54c307d35ad5a1c6bd687ddd86054f8"},"headline":"Philosophie punk et renouveau d\u2019un style","datePublished":"2018-04-08T18:32:38+00:00","dateModified":"2022-09-04T08:14:55+00:00","mainEntityOfPage":{"@id":"https:\/\/leregardlibre.com\/societe\/philosophie-punk-et-renouveau-dun-style\/"},"wordCount":841,"commentCount":0,"publisher":{"@id":"https:\/\/leregardlibre.com\/#organization"},"image":{"@id":"https:\/\/leregardlibre.com\/societe\/philosophie-punk-et-renouveau-dun-style\/#primaryimage"},"thumbnailUrl":"https:\/\/leregardlibre.com\/wp-content\/uploads\/2018\/04\/punk-london.jpg","keywords":["alexander mcqueen","ann\u00e9es 70","design","dr. martens","fashion week","ian mackay","Londres","mclaren","minor threat","Mode","mouvement hippie","New York","no future","Punk","Punk rock","raf simons","Royaume-Uni","sex","sex pistols","spiral scratch","Style","Suicide","T\u00e9l\u00e9vision","the buzzcocks","the ramones","travis scott","trippie redd","westwood","yank li"],"articleSection":["Soci\u00e9t\u00e9"],"inLanguage":"de","potentialAction":[{"@type":"CommentAction","name":"Comment","target":["https:\/\/leregardlibre.com\/societe\/philosophie-punk-et-renouveau-dun-style\/#respond"]}]},{"@type":"WebPage","@id":"https:\/\/leregardlibre.com\/societe\/philosophie-punk-et-renouveau-dun-style\/","url":"https:\/\/leregardlibre.com\/societe\/philosophie-punk-et-renouveau-dun-style\/","name":"Punk-Philosophie und Wiederbelebung eines Stils","isPartOf":{"@id":"https:\/\/leregardlibre.com\/#website"},"primaryImageOfPage":{"@id":"https:\/\/leregardlibre.com\/societe\/philosophie-punk-et-renouveau-dun-style\/#primaryimage"},"image":{"@id":"https:\/\/leregardlibre.com\/societe\/philosophie-punk-et-renouveau-dun-style\/#primaryimage"},"thumbnailUrl":"https:\/\/leregardlibre.com\/wp-content\/uploads\/2018\/04\/punk-london.jpg","datePublished":"2018-04-08T18:32:38+00:00","dateModified":"2022-09-04T08:14:55+00:00","breadcrumb":{"@id":"https:\/\/leregardlibre.com\/societe\/philosophie-punk-et-renouveau-dun-style\/#breadcrumb"},"inLanguage":"de","potentialAction":[{"@type":"ReadAction","target":["https:\/\/leregardlibre.com\/societe\/philosophie-punk-et-renouveau-dun-style\/"]}]},{"@type":"ImageObject","inLanguage":"de","@id":"https:\/\/leregardlibre.com\/societe\/philosophie-punk-et-renouveau-dun-style\/#primaryimage","url":"https:\/\/leregardlibre.com\/wp-content\/uploads\/2018\/04\/punk-london.jpg","contentUrl":"https:\/\/leregardlibre.com\/wp-content\/uploads\/2018\/04\/punk-london.jpg","width":2200,"height":1470},{"@type":"BreadcrumbList","@id":"https:\/\/leregardlibre.com\/societe\/philosophie-punk-et-renouveau-dun-style\/#breadcrumb","itemListElement":[{"@type":"ListItem","position":1,"name":"Accueil","item":"https:\/\/leregardlibre.com\/"},{"@type":"ListItem","position":2,"name":"Philosophie punk et renouveau d\u2019un style"}]},{"@type":"WebSite","@id":"https:\/\/leregardlibre.com\/#website","url":"https:\/\/leregardlibre.com\/","name":"Le Regard Libre","description":"Erste Schweizer Monatszeitschrift f\u00fcr Debatten","publisher":{"@id":"https:\/\/leregardlibre.com\/#organization"},"potentialAction":[{"@type":"SearchAction","target":{"@type":"EntryPoint","urlTemplate":"https:\/\/leregardlibre.com\/?s={search_term_string}"},"query-input":{"@type":"PropertyValueSpecification","valueRequired":true,"valueName":"search_term_string"}}],"inLanguage":"de"},{"@type":"Organization","@id":"https:\/\/leregardlibre.com\/#organization","name":"Le Regard Libre","url":"https:\/\/leregardlibre.com\/","logo":{"@type":"ImageObject","inLanguage":"de","@id":"https:\/\/leregardlibre.com\/#\/schema\/logo\/image\/","url":"https:\/\/leregardlibre.com\/wp-content\/uploads\/2025\/08\/logo-rl-icone-neg.jpeg","contentUrl":"https:\/\/leregardlibre.com\/wp-content\/uploads\/2025\/08\/logo-rl-icone-neg.jpeg","width":557,"height":556,"caption":"Le Regard Libre"},"image":{"@id":"https:\/\/leregardlibre.com\/#\/schema\/logo\/image\/"},"sameAs":["https:\/\/www.facebook.com\/leregardlibre\/","https:\/\/x.com\/LeRegardLibre","https:\/\/www.linkedin.com\/company\/le-regard-libre","https:\/\/www.instagram.com\/leregardlibre\/","http:\/\/t.me\/leregardlibre","https:\/\/youtube.com\/channel\/UC6HzGPomj1LsUmlz-sJtITQ"],"description":"Le Regard Libre ist eine Schweizer Monatszeitschrift f\u00fcr intellektuelle und kulturelle Debatten. Seine Redaktion ist jung, ehrenamtlich, liberal und pluralistisch. Das Magazin erscheint online und in gedruckter Form. Seine Sprache ist Franz\u00f6sisch.","email":"redaction@leregardlibre.com","legalName":"Le Regard Libre","foundingDate":"2014-01-01","numberOfEmployees":{"@type":"QuantitativeValue","minValue":"11","maxValue":"50"},"publishingPrinciples":"https:\/\/leregardlibre.com\/a-propos\/notre-manifeste\/","ownershipFundingInfo":"https:\/\/leregardlibre.com\/mentions-legales\/","actionableFeedbackPolicy":"https:\/\/leregardlibre.com\/conditions-generales-de-vente\/"},{"@type":"Person","@id":"https:\/\/leregardlibre.com\/#\/schema\/person\/d54c307d35ad5a1c6bd687ddd86054f8","name":"H\u00e9l\u00e8ne Lavoyer","image":{"@type":"ImageObject","inLanguage":"de","@id":"https:\/\/secure.gravatar.com\/avatar\/68b25ff5328818574bf42822e9324221321679833884bc3d9c090886fea2d133?s=96&d=identicon&r=g","url":"https:\/\/secure.gravatar.com\/avatar\/68b25ff5328818574bf42822e9324221321679833884bc3d9c090886fea2d133?s=96&d=identicon&r=g","contentUrl":"https:\/\/secure.gravatar.com\/avatar\/68b25ff5328818574bf42822e9324221321679833884bc3d9c090886fea2d133?s=96&d=identicon&r=g","caption":"H\u00e9l\u00e8ne Lavoyer"},"sameAs":["https:\/\/leregardlibre.com\/"],"url":"https:\/\/leregardlibre.com\/de\/author\/helene-lavoyer\/"}]}},"_links":{"self":[{"href":"https:\/\/leregardlibre.com\/de\/wp-json\/wp\/v2\/posts\/14919","targetHints":{"allow":["GET"]}}],"collection":[{"href":"https:\/\/leregardlibre.com\/de\/wp-json\/wp\/v2\/posts"}],"about":[{"href":"https:\/\/leregardlibre.com\/de\/wp-json\/wp\/v2\/types\/post"}],"author":[{"embeddable":true,"href":"https:\/\/leregardlibre.com\/de\/wp-json\/wp\/v2\/users\/326"}],"replies":[{"embeddable":true,"href":"https:\/\/leregardlibre.com\/de\/wp-json\/wp\/v2\/comments?post=14919"}],"version-history":[{"count":1,"href":"https:\/\/leregardlibre.com\/de\/wp-json\/wp\/v2\/posts\/14919\/revisions"}],"predecessor-version":[{"id":509746,"href":"https:\/\/leregardlibre.com\/de\/wp-json\/wp\/v2\/posts\/14919\/revisions\/509746"}],"wp:featuredmedia":[{"embeddable":true,"href":"https:\/\/leregardlibre.com\/de\/wp-json\/wp\/v2\/media\/14924"}],"wp:attachment":[{"href":"https:\/\/leregardlibre.com\/de\/wp-json\/wp\/v2\/media?parent=14919"}],"wp:term":[{"taxonomy":"category","embeddable":true,"href":"https:\/\/leregardlibre.com\/de\/wp-json\/wp\/v2\/categories?post=14919"},{"taxonomy":"post_tag","embeddable":true,"href":"https:\/\/leregardlibre.com\/de\/wp-json\/wp\/v2\/tags?post=14919"}],"curies":[{"name":"wp","href":"https:\/\/api.w.org\/{rel}","templated":true}]}}