{"id":14921,"date":"2018-04-08T17:58:31","date_gmt":"2018-04-08T16:58:31","guid":{"rendered":"http:\/\/leregardlibre.com\/?p=14921"},"modified":"2025-12-04T22:49:37","modified_gmt":"2025-12-04T21:49:37","slug":"after-my-death-ein-tiefschwarzes-drama","status":"publish","type":"post","link":"https:\/\/leregardlibre.com\/de\/kino\/filme\/after-my-death-ein-tiefschwarzes-drama\/","title":{"rendered":"\u00abAfter My Death\u00bb, ein tiefschwarzes Drama"},"content":{"rendered":"<p><i>Internationales Filmfestival Freiburg - Loris S. Musumeci<\/i><\/p>\n\n\n\n<p>Eine koreanische Studentin wird vermisst. Die Polizei leitet die Ermittlungen. Die Mutter ist kalt; sie hofft unvern\u00fcnftigerweise, aber berechtigterweise, ihre Tochter wiederzufinden. Der Vater hingegen hat die Hoffnung bereits aufgegeben. In der Schule haben die Lehrer, angef\u00fchrt vom Direktor, Angst um den Ruf der Schule. Die Sch\u00fclerinnen hingegen erleben den Schock, indem sie kleine Geheimnisse tuscheln und versuchen, einen S\u00fcndenbock zu finden, auf den sie die ganze Sache abw\u00e4lzen k\u00f6nnen. Schlie\u00dflich wird das M\u00e4dchen als Leiche gefunden. Aufgebl\u00e4ht von dem Fluss, in den die Selbstm\u00f6rderin gesprungen ist. Die Ermittlungen gehen weiter; die Verh\u00f6re werden immer umfangreicher. Eine verborgene lesbische Liebe ist der Ausl\u00f6ser der Trag\u00f6die.<\/p>\n\n\n\n<!--more-->\n\n\n\n<h3 class=\"wp-block-heading\" id=\"h-un-prix-special-du-jury-pour-recompenser-l-art-du-thriller\">Ein Sonderpreis der Jury, um die Kunst des Thrillers zu w\u00fcrdigen<\/h3>\n\n\n\n<p>Ein Spezialpreis der Jury beim Internationalen Filmfestival Freiburg f\u00fcr einen jungen s\u00fcdkoreanischen Regisseur. Kim Ui-seok ist sein erster Spielfilm. Der Film wurde an der Korean Academy of Film Arts entwickelt. Die Schule kann \u00fcbrigens stolz darauf sein, einen Filmemacher ausgebildet zu haben, der bereits alles \u00fcber die Codes des Thrillers verstanden hat. Er hat sie nicht nur verstanden, sondern \u00fcbertrifft sie sogar, indem er sich in einen Tunnel der Dunkelheit wagt, aus dem es kein Entrinnen gibt.<\/p>\n\n\n\n<p>In einer rohen Stille werden in mehreren Szenen die Charaktere isoliert. Nachts ein junges M\u00e4dchen auf der Stra\u00dfe. Am Tag die Mutter in ihrem Auto, die ihr Ungl\u00fcck auskotzt. Die Protagonisten sind nicht nur allein, sondern werden auch oft von hinten, aus der H\u00f6he des Halses, gefilmt. Ihre Isolation erh\u00e4lt dadurch eine ernsthaftere Note. Als ob ein t\u00f6dliches Schicksal auf sie lauert, scheint jede L\u00f6sung f\u00fcr sie unm\u00f6glich zu sein.<\/p>\n\n\n\n<h3 class=\"wp-block-heading\" id=\"h-un-jeu-et-des-scenes-qui-font-herisser-les-poils\">Ein Spiel und Szenen, die einem die Haare zu Berge stehen lassen<\/h3>\n\n\n\n<p>Das Spiel der Schauspieler erh\u00f6ht die umgebende Dunkelheit von\u2019<em>After My Death<\/em>. Die Mutter erschreckt sogar durch ihren v\u00f6llig leeren Gesichtsausdruck. Sie sieht wie ein Geist aus, so dass es scheint, als h\u00e4tte der Tod sie und ihre Tochter mitgenommen. Auf der Seite der Klassenkameraden ist der Blick lebendiger. Er lebt jedoch in st\u00e4ndiger Angst und Verd\u00e4chtigung. Eine gewisse Boshaftigkeit zwischen den Sch\u00fclerinnen ist sogar in den gerunzelten Augenbrauen und den nach unten weglaufenden Augen zu erkennen. Ihre Lippen sind gespitzt. Das Unbehagen ist gro\u00df.<\/p>\n\n\n\n<p>Zu den schrecklichsten Szenen, abgesehen von denen, die wir aus Respekt vor der hervorragenden Konstruktion der Handlung verschweigen m\u00fcssen, geh\u00f6rt die Beerdigung des Opfers. Die Beerdigung dauert nur etwa zehn Minuten auf dem Bildschirm und l\u00e4sst einem die Haare zu Berge stehen. Was f\u00fcr ein Horror! Es ist unertr\u00e4glich! Nach der Tradition schreit die Gro\u00dfmutter unter Tr\u00e4nen. Eine eigens engagierte Schauspielerin ruft, was die Verstorbene aus dem Jenseits sagt: \u00abVergib mir!\u00bb Au\u00dferdem dringt der Klang von Trommeln in den Raum der Feier, was ihr eine noch unheilvollere Wirkung verleiht.<\/p>\n\n\n\n<h3 class=\"wp-block-heading\" id=\"h-un-film-noir-trop-noir\">Ein schwarzer, zu schwarzer Film<\/h3>\n\n\n\n<p>Der Film ist insgesamt eisig, so eisig, dass die Mutter, selbst wenn es so aussieht, als w\u00fcrde sie sich von dem Ereignis erholen, wieder in die schlimmste aller Depressionen verf\u00e4llt und von einem Selbstmord besessen ist, den sie sich nicht eingestehen kann. Ihre Trauer ist blockiert. Ihr Geist verharrt in der ungesunden Illusion, dass ihre Tochter noch lebt. Sie tarnt sich mit sanften Worten gegen\u00fcber den Opfern des Todes wie \u00abEs w\u00fcrde mich tr\u00f6sten zu sehen, dass es ihr besser geht\u00bb und bel\u00e4stigt ihre gesamte Umgebung.<\/p>\n\n\n\n<p>Im Gegensatz zum emblematischen Tunnel des Films gibt es im Film nicht das blasseste aller Lichter. Dieses h\u00e4tte zumindest die Konturen der Dunkelheit umrei\u00dfen k\u00f6nnen. Aber hier ist nichts. Alles ist schwarz, zu schwarz. <em>After My Death\u00a0<\/em>wird einem schwindelig; der ganze K\u00f6rper verkrampft sich. Die Fingern\u00e4gel krallen sich in den Kinosessel. Kim Ui-seok wischt jede M\u00f6glichkeit der Hoffnung beiseite. Das ist wahrscheinlich der Missbrauch eines zu erfolgreichen Thrillers. In diesem Sinne ist die Geschichte nicht mehr tragisch: Selbst eine Transzendenz des Schicksals l\u00e4sst angesichts der Handlung die Arme sinken. Drama, nichts als Drama. Tiefschwarz.<\/p>\n\n\n\n<p>\u00abWir werden gefeuert, wenn sie nicht aufwacht.\u00bb<\/p>","protected":false},"excerpt":{"rendered":"<p>Festival International de Films de Fribourg\u00a0\u2013 Loris S. Musumeci Une \u00e9tudiante cor\u00e9enne a disparu. La police m\u00e8ne l\u2019enqu\u00eate. La m\u00e8re&#8230;<\/p>","protected":false},"author":18,"featured_media":14922,"comment_status":"open","ping_status":"open","sticky":false,"template":"","format":"standard","meta":{"_acf_changed":false,"footnotes":""},"categories":[644355829],"tags":[2392709,1043532,120342,1686924,14228,644358196,62048,1006869,609964498,10273462,608214487,2989249,110569,3068599,3697266,47324486,211032,650956,2445141,14992,3232,54015,11183,20606],"class_list":["post-14921","post","type-post","status-publish","format-standard","has-post-thumbnail","hentry","category-films","tag-cadavre","tag-choc","tag-coree-du-sud","tag-deuil","tag-drame","tag-ecole-2","tag-enquete","tag-etudiante","tag-fatalite-mortelle","tag-fiff","tag-fiff-2018","tag-fleuve","tag-intrigue","tag-isolement","tag-jeune-fille","tag-kim-ui-seok","tag-mort","tag-obscurite","tag-obseques","tag-police","tag-silence","tag-suicide","tag-thriller","tag-tunnel"],"acf":[],"yoast_head":"<!-- This site is optimized with the Yoast SEO Premium plugin v27.4 (Yoast SEO v27.4) - https:\/\/yoast.com\/product\/yoast-seo-premium-wordpress\/ -->\n<title>\u00abAfter My Death\u00bb, un drame noir profond<\/title>\n<meta name=\"robots\" content=\"index, follow, max-snippet:-1, max-image-preview:large, max-video-preview:-1\" \/>\n<link rel=\"canonical\" href=\"https:\/\/leregardlibre.com\/de\/kino\/filme\/after-my-death-ein-tiefschwarzes-drama\/\" \/>\n<meta property=\"og:locale\" content=\"de_DE\" \/>\n<meta property=\"og:type\" content=\"article\" \/>\n<meta property=\"og:title\" content=\"\u00abAfter My Death\u00bb, un drame noir profond\" \/>\n<meta property=\"og:description\" content=\"Festival International de Films de Fribourg\u00a0\u2013 Loris S. Musumeci Une \u00e9tudiante cor\u00e9enne a disparu. La police m\u00e8ne l\u2019enqu\u00eate. La m\u00e8re...\" \/>\n<meta property=\"og:url\" content=\"https:\/\/leregardlibre.com\/de\/kino\/filme\/after-my-death-ein-tiefschwarzes-drama\/\" \/>\n<meta property=\"og:site_name\" content=\"Le Regard Libre\" \/>\n<meta property=\"article:publisher\" content=\"https:\/\/www.facebook.com\/leregardlibre\/\" \/>\n<meta property=\"article:published_time\" content=\"2018-04-08T16:58:31+00:00\" \/>\n<meta property=\"article:modified_time\" content=\"2025-12-04T21:49:37+00:00\" \/>\n<meta property=\"og:image\" content=\"https:\/\/leregardlibre.com\/wp-content\/uploads\/2018\/04\/after-my-death-c2a9-after-my-death.jpg\" \/>\n\t<meta property=\"og:image:width\" content=\"2432\" \/>\n\t<meta property=\"og:image:height\" content=\"1016\" \/>\n\t<meta property=\"og:image:type\" content=\"image\/jpeg\" \/>\n<meta name=\"author\" content=\"Loris S. Musumeci\" \/>\n<meta name=\"twitter:card\" content=\"summary_large_image\" \/>\n<meta name=\"twitter:creator\" content=\"@LeRegardLibre\" \/>\n<meta name=\"twitter:site\" content=\"@LeRegardLibre\" \/>\n<meta name=\"twitter:label1\" content=\"Verfasst von\" \/>\n\t<meta name=\"twitter:data1\" content=\"Loris S. Musumeci\" \/>\n\t<meta name=\"twitter:label2\" content=\"Gesch\u00e4tzte Lesezeit\" \/>\n\t<meta name=\"twitter:data2\" content=\"4\u00a0Minuten\" \/>\n<script type=\"application\/ld+json\" class=\"yoast-schema-graph\">{\"@context\":\"https:\\\/\\\/schema.org\",\"@graph\":[{\"@type\":\"Article\",\"@id\":\"https:\\\/\\\/leregardlibre.com\\\/cinema\\\/films\\\/after-my-death-un-drame-noir-profond\\\/#article\",\"isPartOf\":{\"@id\":\"https:\\\/\\\/leregardlibre.com\\\/cinema\\\/films\\\/after-my-death-un-drame-noir-profond\\\/\"},\"author\":{\"name\":\"Loris S. Musumeci\",\"@id\":\"https:\\\/\\\/leregardlibre.com\\\/#\\\/schema\\\/person\\\/04d80ec47094bca6b1fa22dffad24005\"},\"headline\":\"\u00abAfter My Death\u00bb, un drame noir profond\",\"datePublished\":\"2018-04-08T16:58:31+00:00\",\"dateModified\":\"2025-12-04T21:49:37+00:00\",\"mainEntityOfPage\":{\"@id\":\"https:\\\/\\\/leregardlibre.com\\\/cinema\\\/films\\\/after-my-death-un-drame-noir-profond\\\/\"},\"wordCount\":752,\"commentCount\":0,\"publisher\":{\"@id\":\"https:\\\/\\\/leregardlibre.com\\\/#organization\"},\"image\":{\"@id\":\"https:\\\/\\\/leregardlibre.com\\\/cinema\\\/films\\\/after-my-death-un-drame-noir-profond\\\/#primaryimage\"},\"thumbnailUrl\":\"https:\\\/\\\/leregardlibre.com\\\/wp-content\\\/uploads\\\/2018\\\/04\\\/after-my-death-c2a9-after-my-death.jpg\",\"keywords\":[\"cadavre\",\"choc\",\"Cor\u00e9e du Sud\",\"Deuil\",\"Drame\",\"Ecole\",\"Enqu\u00eate\",\"\u00e9tudiante\",\"fatalit\u00e9 mortelle\",\"FIFF\",\"FIFF 2018\",\"fleuve\",\"intrigue\",\"isolement\",\"jeune fille\",\"kim ui-seok\",\"Mort\",\"Obscurit\u00e9\",\"obs\u00e8ques\",\"Police\",\"Silence\",\"Suicide\",\"Thriller\",\"tunnel\"],\"articleSection\":[\"Films\"],\"inLanguage\":\"de\",\"potentialAction\":[{\"@type\":\"CommentAction\",\"name\":\"Comment\",\"target\":[\"https:\\\/\\\/leregardlibre.com\\\/cinema\\\/films\\\/after-my-death-un-drame-noir-profond\\\/#respond\"]}]},{\"@type\":\"WebPage\",\"@id\":\"https:\\\/\\\/leregardlibre.com\\\/cinema\\\/films\\\/after-my-death-un-drame-noir-profond\\\/\",\"url\":\"https:\\\/\\\/leregardlibre.com\\\/cinema\\\/films\\\/after-my-death-un-drame-noir-profond\\\/\",\"name\":\"\u00abAfter My Death\u00bb, un drame noir profond\",\"isPartOf\":{\"@id\":\"https:\\\/\\\/leregardlibre.com\\\/#website\"},\"primaryImageOfPage\":{\"@id\":\"https:\\\/\\\/leregardlibre.com\\\/cinema\\\/films\\\/after-my-death-un-drame-noir-profond\\\/#primaryimage\"},\"image\":{\"@id\":\"https:\\\/\\\/leregardlibre.com\\\/cinema\\\/films\\\/after-my-death-un-drame-noir-profond\\\/#primaryimage\"},\"thumbnailUrl\":\"https:\\\/\\\/leregardlibre.com\\\/wp-content\\\/uploads\\\/2018\\\/04\\\/after-my-death-c2a9-after-my-death.jpg\",\"datePublished\":\"2018-04-08T16:58:31+00:00\",\"dateModified\":\"2025-12-04T21:49:37+00:00\",\"breadcrumb\":{\"@id\":\"https:\\\/\\\/leregardlibre.com\\\/cinema\\\/films\\\/after-my-death-un-drame-noir-profond\\\/#breadcrumb\"},\"inLanguage\":\"de\",\"potentialAction\":[{\"@type\":\"ReadAction\",\"target\":[\"https:\\\/\\\/leregardlibre.com\\\/cinema\\\/films\\\/after-my-death-un-drame-noir-profond\\\/\"]}]},{\"@type\":\"ImageObject\",\"inLanguage\":\"de\",\"@id\":\"https:\\\/\\\/leregardlibre.com\\\/cinema\\\/films\\\/after-my-death-un-drame-noir-profond\\\/#primaryimage\",\"url\":\"https:\\\/\\\/leregardlibre.com\\\/wp-content\\\/uploads\\\/2018\\\/04\\\/after-my-death-c2a9-after-my-death.jpg\",\"contentUrl\":\"https:\\\/\\\/leregardlibre.com\\\/wp-content\\\/uploads\\\/2018\\\/04\\\/after-my-death-c2a9-after-my-death.jpg\",\"width\":2432,\"height\":1016,\"caption\":\"Photo: After My Death\"},{\"@type\":\"BreadcrumbList\",\"@id\":\"https:\\\/\\\/leregardlibre.com\\\/cinema\\\/films\\\/after-my-death-un-drame-noir-profond\\\/#breadcrumb\",\"itemListElement\":[{\"@type\":\"ListItem\",\"position\":1,\"name\":\"Accueil\",\"item\":\"https:\\\/\\\/leregardlibre.com\\\/\"},{\"@type\":\"ListItem\",\"position\":2,\"name\":\"\u00abAfter My Death\u00bb, un drame noir profond\"}]},{\"@type\":\"WebSite\",\"@id\":\"https:\\\/\\\/leregardlibre.com\\\/#website\",\"url\":\"https:\\\/\\\/leregardlibre.com\\\/\",\"name\":\"Le Regard Libre\",\"description\":\"Premier mensuel suisse de d\u00e9bat\",\"publisher\":{\"@id\":\"https:\\\/\\\/leregardlibre.com\\\/#organization\"},\"potentialAction\":[{\"@type\":\"SearchAction\",\"target\":{\"@type\":\"EntryPoint\",\"urlTemplate\":\"https:\\\/\\\/leregardlibre.com\\\/?s={search_term_string}\"},\"query-input\":{\"@type\":\"PropertyValueSpecification\",\"valueRequired\":true,\"valueName\":\"search_term_string\"}}],\"inLanguage\":\"de\"},{\"@type\":\"Organization\",\"@id\":\"https:\\\/\\\/leregardlibre.com\\\/#organization\",\"name\":\"Le Regard Libre\",\"url\":\"https:\\\/\\\/leregardlibre.com\\\/\",\"logo\":{\"@type\":\"ImageObject\",\"inLanguage\":\"de\",\"@id\":\"https:\\\/\\\/leregardlibre.com\\\/#\\\/schema\\\/logo\\\/image\\\/\",\"url\":\"https:\\\/\\\/leregardlibre.com\\\/wp-content\\\/uploads\\\/2025\\\/08\\\/logo-rl-icone-neg.jpeg\",\"contentUrl\":\"https:\\\/\\\/leregardlibre.com\\\/wp-content\\\/uploads\\\/2025\\\/08\\\/logo-rl-icone-neg.jpeg\",\"width\":557,\"height\":556,\"caption\":\"Le Regard Libre\"},\"image\":{\"@id\":\"https:\\\/\\\/leregardlibre.com\\\/#\\\/schema\\\/logo\\\/image\\\/\"},\"sameAs\":[\"https:\\\/\\\/www.facebook.com\\\/leregardlibre\\\/\",\"https:\\\/\\\/x.com\\\/LeRegardLibre\",\"https:\\\/\\\/www.linkedin.com\\\/company\\\/le-regard-libre\",\"https:\\\/\\\/www.instagram.com\\\/leregardlibre\\\/\",\"http:\\\/\\\/t.me\\\/leregardlibre\",\"https:\\\/\\\/youtube.com\\\/channel\\\/UC6HzGPomj1LsUmlz-sJtITQ\"],\"description\":\"Le Regard Libre est un mensuel suisse de d\u00e9bat intellectuel et culturel. Sa r\u00e9daction est jeune, b\u00e9n\u00e9vole, lib\u00e9rale et pluraliste. Le magazine para\u00eet en ligne et sous forme papier. Sa langue est le fran\u00e7ais.\",\"email\":\"redaction@leregardlibre.com\",\"legalName\":\"Le Regard Libre\",\"foundingDate\":\"2014-01-01\",\"numberOfEmployees\":{\"@type\":\"QuantitativeValue\",\"minValue\":\"11\",\"maxValue\":\"50\"},\"publishingPrinciples\":\"https:\\\/\\\/leregardlibre.com\\\/a-propos\\\/notre-manifeste\\\/\",\"ownershipFundingInfo\":\"https:\\\/\\\/leregardlibre.com\\\/mentions-legales\\\/\",\"actionableFeedbackPolicy\":\"https:\\\/\\\/leregardlibre.com\\\/conditions-generales-de-vente\\\/\"},{\"@type\":\"Person\",\"@id\":\"https:\\\/\\\/leregardlibre.com\\\/#\\\/schema\\\/person\\\/04d80ec47094bca6b1fa22dffad24005\",\"name\":\"Loris S. Musumeci\",\"image\":{\"@type\":\"ImageObject\",\"inLanguage\":\"de\",\"@id\":\"https:\\\/\\\/secure.gravatar.com\\\/avatar\\\/fa476654dadfee0d962e80160d0303549febb2769f8fa26c7a1ebe037f7c7c54?s=96&d=identicon&r=g\",\"url\":\"https:\\\/\\\/secure.gravatar.com\\\/avatar\\\/fa476654dadfee0d962e80160d0303549febb2769f8fa26c7a1ebe037f7c7c54?s=96&d=identicon&r=g\",\"contentUrl\":\"https:\\\/\\\/secure.gravatar.com\\\/avatar\\\/fa476654dadfee0d962e80160d0303549febb2769f8fa26c7a1ebe037f7c7c54?s=96&d=identicon&r=g\",\"caption\":\"Loris S. Musumeci\"},\"sameAs\":[\"https:\\\/\\\/leregardlibre.com\\\/\",\"https:\\\/\\\/fr.wikipedia.org\\\/wiki\\\/Le_Regard_libre\"],\"url\":\"https:\\\/\\\/leregardlibre.com\\\/de\\\/author\\\/loris-musumeci\\\/\"}]}<\/script>\n<!-- \/ Yoast SEO Premium plugin. -->","yoast_head_json":{"title":"\u00abAfter My Death\u00bb, ein tiefschwarzes Drama","robots":{"index":"index","follow":"follow","max-snippet":"max-snippet:-1","max-image-preview":"max-image-preview:large","max-video-preview":"max-video-preview:-1"},"canonical":"https:\/\/leregardlibre.com\/de\/kino\/filme\/after-my-death-ein-tiefschwarzes-drama\/","og_locale":"de_DE","og_type":"article","og_title":"\u00abAfter My Death\u00bb, un drame noir profond","og_description":"Festival International de Films de Fribourg\u00a0\u2013 Loris S. Musumeci Une \u00e9tudiante cor\u00e9enne a disparu. La police m\u00e8ne l\u2019enqu\u00eate. La m\u00e8re...","og_url":"https:\/\/leregardlibre.com\/de\/kino\/filme\/after-my-death-ein-tiefschwarzes-drama\/","og_site_name":"Le Regard Libre","article_publisher":"https:\/\/www.facebook.com\/leregardlibre\/","article_published_time":"2018-04-08T16:58:31+00:00","article_modified_time":"2025-12-04T21:49:37+00:00","og_image":[{"width":2432,"height":1016,"url":"https:\/\/leregardlibre.com\/wp-content\/uploads\/2018\/04\/after-my-death-c2a9-after-my-death.jpg","type":"image\/jpeg"}],"author":"Loris S. Musumeci","twitter_card":"summary_large_image","twitter_creator":"@LeRegardLibre","twitter_site":"@LeRegardLibre","twitter_misc":{"Verfasst von":"Loris S. Musumeci","Gesch\u00e4tzte Lesezeit":"4\u00a0Minuten"},"schema":{"@context":"https:\/\/schema.org","@graph":[{"@type":"Article","@id":"https:\/\/leregardlibre.com\/cinema\/films\/after-my-death-un-drame-noir-profond\/#article","isPartOf":{"@id":"https:\/\/leregardlibre.com\/cinema\/films\/after-my-death-un-drame-noir-profond\/"},"author":{"name":"Loris S. Musumeci","@id":"https:\/\/leregardlibre.com\/#\/schema\/person\/04d80ec47094bca6b1fa22dffad24005"},"headline":"\u00abAfter My Death\u00bb, un drame noir profond","datePublished":"2018-04-08T16:58:31+00:00","dateModified":"2025-12-04T21:49:37+00:00","mainEntityOfPage":{"@id":"https:\/\/leregardlibre.com\/cinema\/films\/after-my-death-un-drame-noir-profond\/"},"wordCount":752,"commentCount":0,"publisher":{"@id":"https:\/\/leregardlibre.com\/#organization"},"image":{"@id":"https:\/\/leregardlibre.com\/cinema\/films\/after-my-death-un-drame-noir-profond\/#primaryimage"},"thumbnailUrl":"https:\/\/leregardlibre.com\/wp-content\/uploads\/2018\/04\/after-my-death-c2a9-after-my-death.jpg","keywords":["cadavre","choc","Cor\u00e9e du Sud","Deuil","Drame","Ecole","Enqu\u00eate","\u00e9tudiante","fatalit\u00e9 mortelle","FIFF","FIFF 2018","fleuve","intrigue","isolement","jeune fille","kim ui-seok","Mort","Obscurit\u00e9","obs\u00e8ques","Police","Silence","Suicide","Thriller","tunnel"],"articleSection":["Films"],"inLanguage":"de","potentialAction":[{"@type":"CommentAction","name":"Comment","target":["https:\/\/leregardlibre.com\/cinema\/films\/after-my-death-un-drame-noir-profond\/#respond"]}]},{"@type":"WebPage","@id":"https:\/\/leregardlibre.com\/cinema\/films\/after-my-death-un-drame-noir-profond\/","url":"https:\/\/leregardlibre.com\/cinema\/films\/after-my-death-un-drame-noir-profond\/","name":"\u00abAfter My Death\u00bb, ein tiefschwarzes Drama","isPartOf":{"@id":"https:\/\/leregardlibre.com\/#website"},"primaryImageOfPage":{"@id":"https:\/\/leregardlibre.com\/cinema\/films\/after-my-death-un-drame-noir-profond\/#primaryimage"},"image":{"@id":"https:\/\/leregardlibre.com\/cinema\/films\/after-my-death-un-drame-noir-profond\/#primaryimage"},"thumbnailUrl":"https:\/\/leregardlibre.com\/wp-content\/uploads\/2018\/04\/after-my-death-c2a9-after-my-death.jpg","datePublished":"2018-04-08T16:58:31+00:00","dateModified":"2025-12-04T21:49:37+00:00","breadcrumb":{"@id":"https:\/\/leregardlibre.com\/cinema\/films\/after-my-death-un-drame-noir-profond\/#breadcrumb"},"inLanguage":"de","potentialAction":[{"@type":"ReadAction","target":["https:\/\/leregardlibre.com\/cinema\/films\/after-my-death-un-drame-noir-profond\/"]}]},{"@type":"ImageObject","inLanguage":"de","@id":"https:\/\/leregardlibre.com\/cinema\/films\/after-my-death-un-drame-noir-profond\/#primaryimage","url":"https:\/\/leregardlibre.com\/wp-content\/uploads\/2018\/04\/after-my-death-c2a9-after-my-death.jpg","contentUrl":"https:\/\/leregardlibre.com\/wp-content\/uploads\/2018\/04\/after-my-death-c2a9-after-my-death.jpg","width":2432,"height":1016,"caption":"Photo: After My Death"},{"@type":"BreadcrumbList","@id":"https:\/\/leregardlibre.com\/cinema\/films\/after-my-death-un-drame-noir-profond\/#breadcrumb","itemListElement":[{"@type":"ListItem","position":1,"name":"Accueil","item":"https:\/\/leregardlibre.com\/"},{"@type":"ListItem","position":2,"name":"\u00abAfter My Death\u00bb, un drame noir profond"}]},{"@type":"WebSite","@id":"https:\/\/leregardlibre.com\/#website","url":"https:\/\/leregardlibre.com\/","name":"Le Regard Libre","description":"Erste Schweizer Monatszeitschrift f\u00fcr Debatten","publisher":{"@id":"https:\/\/leregardlibre.com\/#organization"},"potentialAction":[{"@type":"SearchAction","target":{"@type":"EntryPoint","urlTemplate":"https:\/\/leregardlibre.com\/?s={search_term_string}"},"query-input":{"@type":"PropertyValueSpecification","valueRequired":true,"valueName":"search_term_string"}}],"inLanguage":"de"},{"@type":"Organization","@id":"https:\/\/leregardlibre.com\/#organization","name":"Le Regard Libre","url":"https:\/\/leregardlibre.com\/","logo":{"@type":"ImageObject","inLanguage":"de","@id":"https:\/\/leregardlibre.com\/#\/schema\/logo\/image\/","url":"https:\/\/leregardlibre.com\/wp-content\/uploads\/2025\/08\/logo-rl-icone-neg.jpeg","contentUrl":"https:\/\/leregardlibre.com\/wp-content\/uploads\/2025\/08\/logo-rl-icone-neg.jpeg","width":557,"height":556,"caption":"Le Regard Libre"},"image":{"@id":"https:\/\/leregardlibre.com\/#\/schema\/logo\/image\/"},"sameAs":["https:\/\/www.facebook.com\/leregardlibre\/","https:\/\/x.com\/LeRegardLibre","https:\/\/www.linkedin.com\/company\/le-regard-libre","https:\/\/www.instagram.com\/leregardlibre\/","http:\/\/t.me\/leregardlibre","https:\/\/youtube.com\/channel\/UC6HzGPomj1LsUmlz-sJtITQ"],"description":"Le Regard Libre ist eine Schweizer Monatszeitschrift f\u00fcr intellektuelle und kulturelle Debatten. Seine Redaktion ist jung, ehrenamtlich, liberal und pluralistisch. Das Magazin erscheint online und in gedruckter Form. Seine Sprache ist Franz\u00f6sisch.","email":"redaction@leregardlibre.com","legalName":"Le Regard Libre","foundingDate":"2014-01-01","numberOfEmployees":{"@type":"QuantitativeValue","minValue":"11","maxValue":"50"},"publishingPrinciples":"https:\/\/leregardlibre.com\/a-propos\/notre-manifeste\/","ownershipFundingInfo":"https:\/\/leregardlibre.com\/mentions-legales\/","actionableFeedbackPolicy":"https:\/\/leregardlibre.com\/conditions-generales-de-vente\/"},{"@type":"Person","@id":"https:\/\/leregardlibre.com\/#\/schema\/person\/04d80ec47094bca6b1fa22dffad24005","name":"Loris S. Musumeci","image":{"@type":"ImageObject","inLanguage":"de","@id":"https:\/\/secure.gravatar.com\/avatar\/fa476654dadfee0d962e80160d0303549febb2769f8fa26c7a1ebe037f7c7c54?s=96&d=identicon&r=g","url":"https:\/\/secure.gravatar.com\/avatar\/fa476654dadfee0d962e80160d0303549febb2769f8fa26c7a1ebe037f7c7c54?s=96&d=identicon&r=g","contentUrl":"https:\/\/secure.gravatar.com\/avatar\/fa476654dadfee0d962e80160d0303549febb2769f8fa26c7a1ebe037f7c7c54?s=96&d=identicon&r=g","caption":"Loris S. Musumeci"},"sameAs":["https:\/\/leregardlibre.com\/","https:\/\/fr.wikipedia.org\/wiki\/Le_Regard_libre"],"url":"https:\/\/leregardlibre.com\/de\/author\/loris-musumeci\/"}]}},"_links":{"self":[{"href":"https:\/\/leregardlibre.com\/de\/wp-json\/wp\/v2\/posts\/14921","targetHints":{"allow":["GET"]}}],"collection":[{"href":"https:\/\/leregardlibre.com\/de\/wp-json\/wp\/v2\/posts"}],"about":[{"href":"https:\/\/leregardlibre.com\/de\/wp-json\/wp\/v2\/types\/post"}],"author":[{"embeddable":true,"href":"https:\/\/leregardlibre.com\/de\/wp-json\/wp\/v2\/users\/18"}],"replies":[{"embeddable":true,"href":"https:\/\/leregardlibre.com\/de\/wp-json\/wp\/v2\/comments?post=14921"}],"version-history":[{"count":2,"href":"https:\/\/leregardlibre.com\/de\/wp-json\/wp\/v2\/posts\/14921\/revisions"}],"predecessor-version":[{"id":524488,"href":"https:\/\/leregardlibre.com\/de\/wp-json\/wp\/v2\/posts\/14921\/revisions\/524488"}],"wp:featuredmedia":[{"embeddable":true,"href":"https:\/\/leregardlibre.com\/de\/wp-json\/wp\/v2\/media\/14922"}],"wp:attachment":[{"href":"https:\/\/leregardlibre.com\/de\/wp-json\/wp\/v2\/media?parent=14921"}],"wp:term":[{"taxonomy":"category","embeddable":true,"href":"https:\/\/leregardlibre.com\/de\/wp-json\/wp\/v2\/categories?post=14921"},{"taxonomy":"post_tag","embeddable":true,"href":"https:\/\/leregardlibre.com\/de\/wp-json\/wp\/v2\/tags?post=14921"}],"curies":[{"name":"wp","href":"https:\/\/api.w.org\/{rel}","templated":true}]}}