{"id":15259,"date":"2018-04-30T16:59:08","date_gmt":"2018-04-30T15:59:08","guid":{"rendered":"http:\/\/leregardlibre.com\/?p=15259"},"modified":"2025-12-13T22:54:58","modified_gmt":"2025-12-13T21:54:58","slug":"korea-nach-der-umkehrung-der-hoffnung","status":"publish","type":"post","link":"https:\/\/leregardlibre.com\/de\/politik\/welt\/korea-nach-der-umkehrung-der-hoffnung\/","title":{"rendered":"Korea: Nach der Abneigung kommt die Hoffnung"},"content":{"rendered":"<p><em>Les lundis de l'actualit\u00e9 - H\u00e9l\u00e8ne Lavoyer<\/em><\/p>\n<p><strong>Die ganze Welt hielt am vergangenen Freitag den Atem an. Die Koreaner in beiden L\u00e4ndern noch intensiver. Nach den vielen K\u00e4mpfen im XIX. und XIX.<sup>.<\/sup> und XX<sup>.<\/sup> Jahrhunderten und nach 75 Jahren offizieller Trennung scheint die Hoffnung auf eine \u00c4ra des Friedens und die M\u00f6glichkeit einer Zusammenarbeit zwischen den beiden Seiten heute realistisch. <\/strong><\/p>\n<p>Kim Jong-Un \u00fcberquerte l\u00e4chelnd die Betongrenze zwischen Nordkorea und seinem s\u00fcdlichen Nachbarn. Als \u00fcberraschende Tat lud der nordkoreanische F\u00fchrer Moon Jae-In ein, es ihm gleich zu tun. Die Symbolkraft dieses Aktes steigert die Hoffnungen auf Zusammenarbeit und Frieden. Ein R\u00fcckblick auf dieses Ereignis und ein Blick in die Vergangenheit der beiden Koreas.<!--more--><\/p>\n<h2>Opfer internationaler Konflikte<\/h2>\n<p>Die Geschichte Koreas, <em>der <\/em>Die koreanische Geschichte und ihre Beziehungen zueinander werden von zahlreichen externen Akteuren gepr\u00e4gt. Es ist mit Japan, Russland, China und den USA verbunden. Zun\u00e4chst war Korea ein Vasall des chinesischen Kaiserreichs und verfolgte eine isolationistische Politik, doch durch den Vertrag von Ganghwa mit Japan konnte das Land aus seiner Unterordnung unter China ausbrechen.<\/p>\n<p>Trotzdem zwingt der Bauernaufstand in Korea im Jahr 1894 den K\u00f6nig Kojong, China um Hilfe zu bitten. Chinesen und Japaner befinden sich auf koreanischem Boden und kein Land ist mehr bereit, dem anderen seinen Platz zu \u00fcberlassen. Dies ist der Ursprung des ersten chinesisch-japanischen Krieges. Ein Konflikt, der wie der russisch-japanische Krieg haupts\u00e4chlich auf koreanischem Boden ausgetragen wird.<\/p>\n<p>Korea scheint also das Opfer externer Entscheidungen zu sein und wird zwischen einer Politik und einer anderen hin und her geschoben, ohne seinen eigenen Willen durchzusetzen. Unter japanischem Protektorat, das 1907 vollst\u00e4ndig annektiert wurde, litt das koreanische Volk unter Hungersnot und Ausbeutung. Nach dem Zweiten Weltkrieg wurde das Land zwischen Russland und den USA aufgeteilt, die es der japanischen Herrschaft entzogen hatten.<\/p>\n<h2>Der Koreakrieg<\/h2>\n<p>Die UdSSR h\u00e4lt den Norden, die USA den S\u00fcden. Die USA stimmten der Durchf\u00fchrung demokratischer Wahlen in Korea zu, was von der UdSSR abgelehnt wurde, da sie den Vorschlag der UNO als zugunsten der USA gerichtet betrachtete.<\/p>\n<p>In der von den USA besetzten Zone werden daher 1947 freie Wahlen durchgef\u00fchrt. In Nordkorea bringen die Wahlen, die von der kommunistischen Ideologie beeinflusst sind, die die Politik der UdSSR verbreitet hat, Kim Il Sung - den Gro\u00dfvater des heutigen Diktators - an die Macht.<\/p>\n<p>In dem Bestreben, die beiden koreanischen Pole zu vereinen, ohne eine Einigung dar\u00fcber zu erzielen, wer an der Macht bleiben sollte, brach 1950 der Koreakrieg aus. In der Folge mischten sich ausl\u00e4ndische Truppen - darunter Kanadier, Amerikaner und Australier - in den Konflikt, um den s\u00fcdlichen Teil des Landes zu retten. China kam Nordkorea zu Hilfe. Am Ende des Krieges stabilisierte sich die Grenze zu dem, was wir heute kennen.<\/p>\n<h2>Abneigung und Beruhigung zwischen den beiden Koreas<\/h2>\n<p>Seitdem wird die Grenze zwischen den beiden Staaten extrem bewacht und je nachdem, wie die Beziehungen zwischen dem S\u00fcden und dem Norden schwanken, wird die Propaganda gegen das eine oder andere Land verst\u00e4rkt oder abgeflacht. Die Atomtests von 2016 zogen beispielsweise den Zorn der s\u00fcdkoreanischen Regierung auf sich, die den Anteil der \u00abAnti-DVRK\u00bb-Botschaften an der Grenze erh\u00f6hte.<\/p>\n<p>Die mittlerweile kalten Beziehungen zwischen den beiden L\u00e4ndern beinhalten Gesetze, die die Einwohner direkt betreffen - insbesondere das s\u00fcdkoreanische Gesetz zur nationalen Sicherheit, das jegliche Beziehungen zwischen Bewohnern des S\u00fcdens und des Nordens ohne vorherige Genehmigung der Regierung verbietet.<\/p>\n<p>Der s\u00fcdkoreanische Pr\u00e4sident Moon Jae-In, der 2017 gew\u00e4hlt wurde, hat seit seiner Wahl Geduld und Entschlossenheit bewiesen. Bei mehreren Gelegenheiten k\u00fcndigte er seinen Wunsch an, die Beziehungen zwischen den Koreas zu einem endg\u00fcltigen Friedensabkommen zu f\u00fchren. Bereits bei den Olympischen Winterspielen in Pyeongchang (S\u00fcdkorea) schien sich die Verst\u00e4ndigung zwischen den beiden Seiten zu verbessern.<\/p>\n<h2>Optimistische Erkl\u00e4rung und geteiltes L\u00e4cheln<\/h2>\n<p>Der seit vielen Jahren fast teuflische Ruf der nordkoreanischen F\u00fchrung im Westen und ihre Pr\u00e4senz in den Medien weltweit erkl\u00e4ren zum Teil die Faszination und das Interesse an dem Treffen am Freitag. Aber auch die Beziehungen, die beide L\u00e4nder auf internationaler Ebene unterhalten - insbesondere zu China und den USA - best\u00e4tigen, dass es sich um ein Gespr\u00e4ch von h\u00f6chster politischer Bedeutung handelt.<\/p>\n<p>Am Freitag wurde die Panmunjeom-Erkl\u00e4rung f\u00fcr Frieden, Wohlstand und die Vereinigung der koreanischen Halbinsel unterzeichnet. Der gute Wille der Unterzeichner wird auf der einen Seite durch die Einstellung der Verteilung von Anti-DVRK-Flugbl\u00e4ttern sowie der Lautsprecherdurchsagen an der Grenze demonstriert. Auf der anderen Seite k\u00fcndigt das Abkommen das Ende des Kalten Krieges und feindseliger Handlungen gegen die eine oder andere Seite an. Angesichts dieses historischen Moments war die ganze Welt in die Hoffnung versunken, dass die Vertragspartner ihre Versprechen halten w\u00fcrden.<\/p>\n<p><em>Schreiben Sie dem Autor : <a href=\"mailto:helene.lavoyer@leregardlibre.com\">helene.lavoyer@leregardlibre.com<\/a><\/em><\/p>","protected":false},"excerpt":{"rendered":"<p>Les lundis de l\u2019actualit\u00e9&nbsp;\u2013 H\u00e9l\u00e8ne Lavoyer Le monde entier retenait son souffle vendredi dernier. Les Cor\u00e9ens des deux pays plus&#8230;<\/p>","protected":false},"author":326,"featured_media":509805,"comment_status":"open","ping_status":"open","sticky":false,"template":"","format":"standard","meta":{"_acf_changed":false,"footnotes":""},"categories":[644357281],"tags":[36722,412552,120342,61091,17675948,739228,15718012,20806840,457475,318697,4529339,2573,737136],"class_list":["post-15259","post","type-post","status-publish","format-standard","has-post-thumbnail","hentry","category-monde","tag-coree","tag-coree-du-nord","tag-coree-du-sud","tag-guerre","tag-guerre-de-coree","tag-jeux-olympiques","tag-kim-jong-un","tag-moon-jae-in","tag-paix","tag-propagande","tag-pyeongchang","tag-reconciliation","tag-relations-internationales"],"acf":[],"yoast_head":"<!-- This site is optimized with the Yoast SEO Premium plugin v27.4 (Yoast SEO v27.4) - https:\/\/yoast.com\/product\/yoast-seo-premium-wordpress\/ -->\n<title>Cor\u00e9es: apr\u00e8s l\u2019aversion, l\u2019espoir<\/title>\n<meta name=\"robots\" content=\"index, follow, max-snippet:-1, max-image-preview:large, max-video-preview:-1\" \/>\n<link rel=\"canonical\" href=\"https:\/\/leregardlibre.com\/de\/politik\/welt\/korea-nach-der-umkehrung-der-hoffnung\/\" \/>\n<meta property=\"og:locale\" content=\"de_DE\" \/>\n<meta property=\"og:type\" content=\"article\" \/>\n<meta property=\"og:title\" content=\"Cor\u00e9es: apr\u00e8s l\u2019aversion, l\u2019espoir\" \/>\n<meta property=\"og:description\" content=\"Les lundis de l\u2019actualit\u00e9&nbsp;\u2013 H\u00e9l\u00e8ne Lavoyer Le monde entier retenait son souffle vendredi dernier. Les Cor\u00e9ens des deux pays plus...\" \/>\n<meta property=\"og:url\" content=\"https:\/\/leregardlibre.com\/de\/politik\/welt\/korea-nach-der-umkehrung-der-hoffnung\/\" \/>\n<meta property=\"og:site_name\" content=\"Le Regard Libre\" \/>\n<meta property=\"article:publisher\" content=\"https:\/\/www.facebook.com\/leregardlibre\/\" \/>\n<meta property=\"article:published_time\" content=\"2018-04-30T15:59:08+00:00\" \/>\n<meta property=\"article:modified_time\" content=\"2025-12-13T21:54:58+00:00\" \/>\n<meta property=\"og:image\" content=\"https:\/\/leregardlibre.com\/wp-content\/uploads\/2018\/04\/pyongyang-1-1024x681.jpeg\" \/>\n\t<meta property=\"og:image:width\" content=\"1024\" \/>\n\t<meta property=\"og:image:height\" content=\"681\" \/>\n\t<meta property=\"og:image:type\" content=\"image\/jpeg\" \/>\n<meta name=\"author\" content=\"H\u00e9l\u00e8ne Lavoyer\" \/>\n<meta name=\"twitter:card\" content=\"summary_large_image\" \/>\n<meta name=\"twitter:creator\" content=\"@LeRegardLibre\" \/>\n<meta name=\"twitter:site\" content=\"@LeRegardLibre\" \/>\n<meta name=\"twitter:label1\" content=\"Verfasst von\" \/>\n\t<meta name=\"twitter:data1\" content=\"H\u00e9l\u00e8ne Lavoyer\" \/>\n\t<meta name=\"twitter:label2\" content=\"Gesch\u00e4tzte Lesezeit\" \/>\n\t<meta name=\"twitter:data2\" content=\"5\u00a0Minuten\" \/>\n<script type=\"application\/ld+json\" class=\"yoast-schema-graph\">{\"@context\":\"https:\\\/\\\/schema.org\",\"@graph\":[{\"@type\":\"Article\",\"@id\":\"https:\\\/\\\/leregardlibre.com\\\/politique\\\/monde\\\/corees-apres-laversion-lespoir\\\/#article\",\"isPartOf\":{\"@id\":\"https:\\\/\\\/leregardlibre.com\\\/politique\\\/monde\\\/corees-apres-laversion-lespoir\\\/\"},\"author\":{\"name\":\"H\u00e9l\u00e8ne Lavoyer\",\"@id\":\"https:\\\/\\\/leregardlibre.com\\\/#\\\/schema\\\/person\\\/d54c307d35ad5a1c6bd687ddd86054f8\"},\"headline\":\"Cor\u00e9es: apr\u00e8s l\u2019aversion, l\u2019espoir\",\"datePublished\":\"2018-04-30T15:59:08+00:00\",\"dateModified\":\"2025-12-13T21:54:58+00:00\",\"mainEntityOfPage\":{\"@id\":\"https:\\\/\\\/leregardlibre.com\\\/politique\\\/monde\\\/corees-apres-laversion-lespoir\\\/\"},\"wordCount\":984,\"commentCount\":0,\"publisher\":{\"@id\":\"https:\\\/\\\/leregardlibre.com\\\/#organization\"},\"image\":{\"@id\":\"https:\\\/\\\/leregardlibre.com\\\/politique\\\/monde\\\/corees-apres-laversion-lespoir\\\/#primaryimage\"},\"thumbnailUrl\":\"https:\\\/\\\/leregardlibre.com\\\/wp-content\\\/uploads\\\/2018\\\/04\\\/pyongyang-1.jpeg\",\"keywords\":[\"Cor\u00e9e\",\"Cor\u00e9e du Nord\",\"Cor\u00e9e du Sud\",\"Guerre\",\"Guerre de Cor\u00e9e\",\"Jeux olympiques\",\"Kim Jong-un\",\"moon jae-in\",\"Paix\",\"propagande\",\"Pyeongchang\",\"r\u00e9conciliation\",\"Relations internationales\"],\"articleSection\":[\"Monde\"],\"inLanguage\":\"de\",\"potentialAction\":[{\"@type\":\"CommentAction\",\"name\":\"Comment\",\"target\":[\"https:\\\/\\\/leregardlibre.com\\\/politique\\\/monde\\\/corees-apres-laversion-lespoir\\\/#respond\"]}]},{\"@type\":\"WebPage\",\"@id\":\"https:\\\/\\\/leregardlibre.com\\\/politique\\\/monde\\\/corees-apres-laversion-lespoir\\\/\",\"url\":\"https:\\\/\\\/leregardlibre.com\\\/politique\\\/monde\\\/corees-apres-laversion-lespoir\\\/\",\"name\":\"Cor\u00e9es: apr\u00e8s l\u2019aversion, l\u2019espoir\",\"isPartOf\":{\"@id\":\"https:\\\/\\\/leregardlibre.com\\\/#website\"},\"primaryImageOfPage\":{\"@id\":\"https:\\\/\\\/leregardlibre.com\\\/politique\\\/monde\\\/corees-apres-laversion-lespoir\\\/#primaryimage\"},\"image\":{\"@id\":\"https:\\\/\\\/leregardlibre.com\\\/politique\\\/monde\\\/corees-apres-laversion-lespoir\\\/#primaryimage\"},\"thumbnailUrl\":\"https:\\\/\\\/leregardlibre.com\\\/wp-content\\\/uploads\\\/2018\\\/04\\\/pyongyang-1.jpeg\",\"datePublished\":\"2018-04-30T15:59:08+00:00\",\"dateModified\":\"2025-12-13T21:54:58+00:00\",\"breadcrumb\":{\"@id\":\"https:\\\/\\\/leregardlibre.com\\\/politique\\\/monde\\\/corees-apres-laversion-lespoir\\\/#breadcrumb\"},\"inLanguage\":\"de\",\"potentialAction\":[{\"@type\":\"ReadAction\",\"target\":[\"https:\\\/\\\/leregardlibre.com\\\/politique\\\/monde\\\/corees-apres-laversion-lespoir\\\/\"]}]},{\"@type\":\"ImageObject\",\"inLanguage\":\"de\",\"@id\":\"https:\\\/\\\/leregardlibre.com\\\/politique\\\/monde\\\/corees-apres-laversion-lespoir\\\/#primaryimage\",\"url\":\"https:\\\/\\\/leregardlibre.com\\\/wp-content\\\/uploads\\\/2018\\\/04\\\/pyongyang-1.jpeg\",\"contentUrl\":\"https:\\\/\\\/leregardlibre.com\\\/wp-content\\\/uploads\\\/2018\\\/04\\\/pyongyang-1.jpeg\",\"width\":5248,\"height\":3490,\"caption\":\"PYONGYANG,NORTH KOREA-OCTOBER 13,2017:Panorama of the city from the top point\"},{\"@type\":\"BreadcrumbList\",\"@id\":\"https:\\\/\\\/leregardlibre.com\\\/politique\\\/monde\\\/corees-apres-laversion-lespoir\\\/#breadcrumb\",\"itemListElement\":[{\"@type\":\"ListItem\",\"position\":1,\"name\":\"Accueil\",\"item\":\"https:\\\/\\\/leregardlibre.com\\\/\"},{\"@type\":\"ListItem\",\"position\":2,\"name\":\"Cor\u00e9es: apr\u00e8s l\u2019aversion, l\u2019espoir\"}]},{\"@type\":\"WebSite\",\"@id\":\"https:\\\/\\\/leregardlibre.com\\\/#website\",\"url\":\"https:\\\/\\\/leregardlibre.com\\\/\",\"name\":\"Le Regard Libre\",\"description\":\"Premier mensuel suisse de d\u00e9bat\",\"publisher\":{\"@id\":\"https:\\\/\\\/leregardlibre.com\\\/#organization\"},\"potentialAction\":[{\"@type\":\"SearchAction\",\"target\":{\"@type\":\"EntryPoint\",\"urlTemplate\":\"https:\\\/\\\/leregardlibre.com\\\/?s={search_term_string}\"},\"query-input\":{\"@type\":\"PropertyValueSpecification\",\"valueRequired\":true,\"valueName\":\"search_term_string\"}}],\"inLanguage\":\"de\"},{\"@type\":\"Organization\",\"@id\":\"https:\\\/\\\/leregardlibre.com\\\/#organization\",\"name\":\"Le Regard Libre\",\"url\":\"https:\\\/\\\/leregardlibre.com\\\/\",\"logo\":{\"@type\":\"ImageObject\",\"inLanguage\":\"de\",\"@id\":\"https:\\\/\\\/leregardlibre.com\\\/#\\\/schema\\\/logo\\\/image\\\/\",\"url\":\"https:\\\/\\\/leregardlibre.com\\\/wp-content\\\/uploads\\\/2025\\\/08\\\/logo-rl-icone-neg.jpeg\",\"contentUrl\":\"https:\\\/\\\/leregardlibre.com\\\/wp-content\\\/uploads\\\/2025\\\/08\\\/logo-rl-icone-neg.jpeg\",\"width\":557,\"height\":556,\"caption\":\"Le Regard Libre\"},\"image\":{\"@id\":\"https:\\\/\\\/leregardlibre.com\\\/#\\\/schema\\\/logo\\\/image\\\/\"},\"sameAs\":[\"https:\\\/\\\/www.facebook.com\\\/leregardlibre\\\/\",\"https:\\\/\\\/x.com\\\/LeRegardLibre\",\"https:\\\/\\\/www.linkedin.com\\\/company\\\/le-regard-libre\",\"https:\\\/\\\/www.instagram.com\\\/leregardlibre\\\/\",\"http:\\\/\\\/t.me\\\/leregardlibre\",\"https:\\\/\\\/youtube.com\\\/channel\\\/UC6HzGPomj1LsUmlz-sJtITQ\"],\"description\":\"Le Regard Libre est un mensuel suisse de d\u00e9bat intellectuel et culturel. Sa r\u00e9daction est jeune, b\u00e9n\u00e9vole, lib\u00e9rale et pluraliste. Le magazine para\u00eet en ligne et sous forme papier. Sa langue est le fran\u00e7ais.\",\"email\":\"redaction@leregardlibre.com\",\"legalName\":\"Le Regard Libre\",\"foundingDate\":\"2014-01-01\",\"numberOfEmployees\":{\"@type\":\"QuantitativeValue\",\"minValue\":\"11\",\"maxValue\":\"50\"},\"publishingPrinciples\":\"https:\\\/\\\/leregardlibre.com\\\/a-propos\\\/notre-manifeste\\\/\",\"ownershipFundingInfo\":\"https:\\\/\\\/leregardlibre.com\\\/mentions-legales\\\/\",\"actionableFeedbackPolicy\":\"https:\\\/\\\/leregardlibre.com\\\/conditions-generales-de-vente\\\/\"},{\"@type\":\"Person\",\"@id\":\"https:\\\/\\\/leregardlibre.com\\\/#\\\/schema\\\/person\\\/d54c307d35ad5a1c6bd687ddd86054f8\",\"name\":\"H\u00e9l\u00e8ne Lavoyer\",\"image\":{\"@type\":\"ImageObject\",\"inLanguage\":\"de\",\"@id\":\"https:\\\/\\\/secure.gravatar.com\\\/avatar\\\/68b25ff5328818574bf42822e9324221321679833884bc3d9c090886fea2d133?s=96&d=identicon&r=g\",\"url\":\"https:\\\/\\\/secure.gravatar.com\\\/avatar\\\/68b25ff5328818574bf42822e9324221321679833884bc3d9c090886fea2d133?s=96&d=identicon&r=g\",\"contentUrl\":\"https:\\\/\\\/secure.gravatar.com\\\/avatar\\\/68b25ff5328818574bf42822e9324221321679833884bc3d9c090886fea2d133?s=96&d=identicon&r=g\",\"caption\":\"H\u00e9l\u00e8ne Lavoyer\"},\"sameAs\":[\"https:\\\/\\\/leregardlibre.com\\\/\"],\"url\":\"https:\\\/\\\/leregardlibre.com\\\/de\\\/author\\\/helene-lavoyer\\\/\"}]}<\/script>\n<!-- \/ Yoast SEO Premium plugin. -->","yoast_head_json":{"title":"Korea: Nach der Abneigung kommt die Hoffnung","robots":{"index":"index","follow":"follow","max-snippet":"max-snippet:-1","max-image-preview":"max-image-preview:large","max-video-preview":"max-video-preview:-1"},"canonical":"https:\/\/leregardlibre.com\/de\/politik\/welt\/korea-nach-der-umkehrung-der-hoffnung\/","og_locale":"de_DE","og_type":"article","og_title":"Cor\u00e9es: apr\u00e8s l\u2019aversion, l\u2019espoir","og_description":"Les lundis de l\u2019actualit\u00e9&nbsp;\u2013 H\u00e9l\u00e8ne Lavoyer Le monde entier retenait son souffle vendredi dernier. Les Cor\u00e9ens des deux pays plus...","og_url":"https:\/\/leregardlibre.com\/de\/politik\/welt\/korea-nach-der-umkehrung-der-hoffnung\/","og_site_name":"Le Regard Libre","article_publisher":"https:\/\/www.facebook.com\/leregardlibre\/","article_published_time":"2018-04-30T15:59:08+00:00","article_modified_time":"2025-12-13T21:54:58+00:00","og_image":[{"width":1024,"height":681,"url":"https:\/\/leregardlibre.com\/wp-content\/uploads\/2018\/04\/pyongyang-1-1024x681.jpeg","type":"image\/jpeg"}],"author":"H\u00e9l\u00e8ne Lavoyer","twitter_card":"summary_large_image","twitter_creator":"@LeRegardLibre","twitter_site":"@LeRegardLibre","twitter_misc":{"Verfasst von":"H\u00e9l\u00e8ne Lavoyer","Gesch\u00e4tzte Lesezeit":"5\u00a0Minuten"},"schema":{"@context":"https:\/\/schema.org","@graph":[{"@type":"Article","@id":"https:\/\/leregardlibre.com\/politique\/monde\/corees-apres-laversion-lespoir\/#article","isPartOf":{"@id":"https:\/\/leregardlibre.com\/politique\/monde\/corees-apres-laversion-lespoir\/"},"author":{"name":"H\u00e9l\u00e8ne Lavoyer","@id":"https:\/\/leregardlibre.com\/#\/schema\/person\/d54c307d35ad5a1c6bd687ddd86054f8"},"headline":"Cor\u00e9es: apr\u00e8s l\u2019aversion, l\u2019espoir","datePublished":"2018-04-30T15:59:08+00:00","dateModified":"2025-12-13T21:54:58+00:00","mainEntityOfPage":{"@id":"https:\/\/leregardlibre.com\/politique\/monde\/corees-apres-laversion-lespoir\/"},"wordCount":984,"commentCount":0,"publisher":{"@id":"https:\/\/leregardlibre.com\/#organization"},"image":{"@id":"https:\/\/leregardlibre.com\/politique\/monde\/corees-apres-laversion-lespoir\/#primaryimage"},"thumbnailUrl":"https:\/\/leregardlibre.com\/wp-content\/uploads\/2018\/04\/pyongyang-1.jpeg","keywords":["Cor\u00e9e","Cor\u00e9e du Nord","Cor\u00e9e du Sud","Guerre","Guerre de Cor\u00e9e","Jeux olympiques","Kim Jong-un","moon jae-in","Paix","propagande","Pyeongchang","r\u00e9conciliation","Relations internationales"],"articleSection":["Monde"],"inLanguage":"de","potentialAction":[{"@type":"CommentAction","name":"Comment","target":["https:\/\/leregardlibre.com\/politique\/monde\/corees-apres-laversion-lespoir\/#respond"]}]},{"@type":"WebPage","@id":"https:\/\/leregardlibre.com\/politique\/monde\/corees-apres-laversion-lespoir\/","url":"https:\/\/leregardlibre.com\/politique\/monde\/corees-apres-laversion-lespoir\/","name":"Korea: Nach der Abneigung kommt die Hoffnung","isPartOf":{"@id":"https:\/\/leregardlibre.com\/#website"},"primaryImageOfPage":{"@id":"https:\/\/leregardlibre.com\/politique\/monde\/corees-apres-laversion-lespoir\/#primaryimage"},"image":{"@id":"https:\/\/leregardlibre.com\/politique\/monde\/corees-apres-laversion-lespoir\/#primaryimage"},"thumbnailUrl":"https:\/\/leregardlibre.com\/wp-content\/uploads\/2018\/04\/pyongyang-1.jpeg","datePublished":"2018-04-30T15:59:08+00:00","dateModified":"2025-12-13T21:54:58+00:00","breadcrumb":{"@id":"https:\/\/leregardlibre.com\/politique\/monde\/corees-apres-laversion-lespoir\/#breadcrumb"},"inLanguage":"de","potentialAction":[{"@type":"ReadAction","target":["https:\/\/leregardlibre.com\/politique\/monde\/corees-apres-laversion-lespoir\/"]}]},{"@type":"ImageObject","inLanguage":"de","@id":"https:\/\/leregardlibre.com\/politique\/monde\/corees-apres-laversion-lespoir\/#primaryimage","url":"https:\/\/leregardlibre.com\/wp-content\/uploads\/2018\/04\/pyongyang-1.jpeg","contentUrl":"https:\/\/leregardlibre.com\/wp-content\/uploads\/2018\/04\/pyongyang-1.jpeg","width":5248,"height":3490,"caption":"PYONGYANG,NORTH KOREA-OCTOBER 13,2017:Panorama of the city from the top point"},{"@type":"BreadcrumbList","@id":"https:\/\/leregardlibre.com\/politique\/monde\/corees-apres-laversion-lespoir\/#breadcrumb","itemListElement":[{"@type":"ListItem","position":1,"name":"Accueil","item":"https:\/\/leregardlibre.com\/"},{"@type":"ListItem","position":2,"name":"Cor\u00e9es: apr\u00e8s l\u2019aversion, l\u2019espoir"}]},{"@type":"WebSite","@id":"https:\/\/leregardlibre.com\/#website","url":"https:\/\/leregardlibre.com\/","name":"Le Regard Libre","description":"Erste Schweizer Monatszeitschrift f\u00fcr Debatten","publisher":{"@id":"https:\/\/leregardlibre.com\/#organization"},"potentialAction":[{"@type":"SearchAction","target":{"@type":"EntryPoint","urlTemplate":"https:\/\/leregardlibre.com\/?s={search_term_string}"},"query-input":{"@type":"PropertyValueSpecification","valueRequired":true,"valueName":"search_term_string"}}],"inLanguage":"de"},{"@type":"Organization","@id":"https:\/\/leregardlibre.com\/#organization","name":"Le Regard Libre","url":"https:\/\/leregardlibre.com\/","logo":{"@type":"ImageObject","inLanguage":"de","@id":"https:\/\/leregardlibre.com\/#\/schema\/logo\/image\/","url":"https:\/\/leregardlibre.com\/wp-content\/uploads\/2025\/08\/logo-rl-icone-neg.jpeg","contentUrl":"https:\/\/leregardlibre.com\/wp-content\/uploads\/2025\/08\/logo-rl-icone-neg.jpeg","width":557,"height":556,"caption":"Le Regard Libre"},"image":{"@id":"https:\/\/leregardlibre.com\/#\/schema\/logo\/image\/"},"sameAs":["https:\/\/www.facebook.com\/leregardlibre\/","https:\/\/x.com\/LeRegardLibre","https:\/\/www.linkedin.com\/company\/le-regard-libre","https:\/\/www.instagram.com\/leregardlibre\/","http:\/\/t.me\/leregardlibre","https:\/\/youtube.com\/channel\/UC6HzGPomj1LsUmlz-sJtITQ"],"description":"Le Regard Libre ist eine Schweizer Monatszeitschrift f\u00fcr intellektuelle und kulturelle Debatten. Seine Redaktion ist jung, ehrenamtlich, liberal und pluralistisch. Das Magazin erscheint online und in gedruckter Form. Seine Sprache ist Franz\u00f6sisch.","email":"redaction@leregardlibre.com","legalName":"Le Regard Libre","foundingDate":"2014-01-01","numberOfEmployees":{"@type":"QuantitativeValue","minValue":"11","maxValue":"50"},"publishingPrinciples":"https:\/\/leregardlibre.com\/a-propos\/notre-manifeste\/","ownershipFundingInfo":"https:\/\/leregardlibre.com\/mentions-legales\/","actionableFeedbackPolicy":"https:\/\/leregardlibre.com\/conditions-generales-de-vente\/"},{"@type":"Person","@id":"https:\/\/leregardlibre.com\/#\/schema\/person\/d54c307d35ad5a1c6bd687ddd86054f8","name":"H\u00e9l\u00e8ne Lavoyer","image":{"@type":"ImageObject","inLanguage":"de","@id":"https:\/\/secure.gravatar.com\/avatar\/68b25ff5328818574bf42822e9324221321679833884bc3d9c090886fea2d133?s=96&d=identicon&r=g","url":"https:\/\/secure.gravatar.com\/avatar\/68b25ff5328818574bf42822e9324221321679833884bc3d9c090886fea2d133?s=96&d=identicon&r=g","contentUrl":"https:\/\/secure.gravatar.com\/avatar\/68b25ff5328818574bf42822e9324221321679833884bc3d9c090886fea2d133?s=96&d=identicon&r=g","caption":"H\u00e9l\u00e8ne Lavoyer"},"sameAs":["https:\/\/leregardlibre.com\/"],"url":"https:\/\/leregardlibre.com\/de\/author\/helene-lavoyer\/"}]}},"_links":{"self":[{"href":"https:\/\/leregardlibre.com\/de\/wp-json\/wp\/v2\/posts\/15259","targetHints":{"allow":["GET"]}}],"collection":[{"href":"https:\/\/leregardlibre.com\/de\/wp-json\/wp\/v2\/posts"}],"about":[{"href":"https:\/\/leregardlibre.com\/de\/wp-json\/wp\/v2\/types\/post"}],"author":[{"embeddable":true,"href":"https:\/\/leregardlibre.com\/de\/wp-json\/wp\/v2\/users\/326"}],"replies":[{"embeddable":true,"href":"https:\/\/leregardlibre.com\/de\/wp-json\/wp\/v2\/comments?post=15259"}],"version-history":[{"count":2,"href":"https:\/\/leregardlibre.com\/de\/wp-json\/wp\/v2\/posts\/15259\/revisions"}],"predecessor-version":[{"id":523051,"href":"https:\/\/leregardlibre.com\/de\/wp-json\/wp\/v2\/posts\/15259\/revisions\/523051"}],"wp:featuredmedia":[{"embeddable":true,"href":"https:\/\/leregardlibre.com\/de\/wp-json\/wp\/v2\/media\/509805"}],"wp:attachment":[{"href":"https:\/\/leregardlibre.com\/de\/wp-json\/wp\/v2\/media?parent=15259"}],"wp:term":[{"taxonomy":"category","embeddable":true,"href":"https:\/\/leregardlibre.com\/de\/wp-json\/wp\/v2\/categories?post=15259"},{"taxonomy":"post_tag","embeddable":true,"href":"https:\/\/leregardlibre.com\/de\/wp-json\/wp\/v2\/tags?post=15259"}],"curies":[{"name":"wp","href":"https:\/\/api.w.org\/{rel}","templated":true}]}}