{"id":15322,"date":"2018-05-09T11:00:36","date_gmt":"2018-05-09T09:00:36","guid":{"rendered":"http:\/\/leregardlibre.com\/?p=15322"},"modified":"2025-12-04T22:49:17","modified_gmt":"2025-12-04T21:49:17","slug":"das-menschliche-partikel-metapher-fur-den-inneren-weg","status":"publish","type":"post","link":"https:\/\/leregardlibre.com\/de\/kino\/filme\/das-menschliche-partikel-metapher-fur-den-inneren-weg\/","title":{"rendered":"\u00abDas menschliche Teilchen\u00bb als Metapher f\u00fcr den inneren Weg"},"content":{"rendered":"<p><em>Les mercredis du cin\u00e9ma - H\u00e9l\u00e8ne Lavoyer<\/em><\/p>\n<p>\u00abPusteblume oder Weizen?<br \/>\n<em>-<\/em> Weizen.\u00bb<\/p>\n<p>In Semih Kaplano\u011flus Augen ist die zuk\u00fcnftige Bev\u00f6lkerung in den Mauern von St\u00e4dten eingeschlossen, die von elektromagnetischen Portalen gesch\u00fctzt werden, die jeden verbrennen, der versucht, sie zu verlassen - oder in sie einzutreten, ohne ausgew\u00e4hlt worden zu sein. Die Landwirtschaft wird von privaten Laboren betrieben, die nicht verstehen k\u00f6nnen, warum und wie die GVO-Kulturen - die einzigen, die ihnen zur Verf\u00fcgung stehen - schlie\u00dflich verderben und sich selbst zerst\u00f6ren. Erin Erol (Jean-Marc Barr), ein Gentechniker und Saatgutspezialist im Dienste der Stadt, hat Schwierigkeiten, ein Saatgut zu entwickeln, mit dem die Ernten \u00fcber einen l\u00e4ngeren Zeitraum hinweg gesichert werden k\u00f6nnen.<!--more--><\/p>\n<p>Erin h\u00f6rt von Cemil (Ermin Bravo), einem ehemaligen Forscher desselben Labors, der hinter der Mauer zwischen dem Toten Land und dem \u00d6dland verschwunden ist. In dem Moment, in dem er die moralische und ethische Theorie entdeckt, wegen der sein Kollege entlassen wurde, begreift Erin, dass die wissenschaftliche Gemeinschaft nicht in der Lage war, den gro\u00dfen Fehler zu akzeptieren, den die Industriegesellschaften begangen haben. Das \u00abM\u00bb-Teilchen, das in jedem Atom von allem, was existiert - Mensch, Fels, Wind, Klang, Wellen, Sterne und Wasser - vorhanden ist, fehlt seiner Meinung nach in den menschlichen Sch\u00f6pfungen; es ist das Einzige, das nicht reproduziert werden kann, das Teilchen, ohne das weder Kultur noch Leben m\u00f6glich ist.<\/p>\n<p>Dann beginnt Erins anstrengende Reise \u00fcber die Stadtgrenzen hinweg. Angetrieben von einer unersch\u00fctterlichen Intuition und der Hoffnung, den Menschen ein besseres Leben zu erm\u00f6glichen, durchquert er an Andrejs Seite die gl\u00fchende Mauer, die ihn bisher von den verschmutzten T\u00e4lern, dem sauren Regen und den Ansammlungen verwesender Leichen getrennt hatte. Andrei verl\u00e4sst er an einem Strand, um dem widerwilligen Cemil zu folgen. Auf der Suche nach gesunden Samen findet er sich selbst, indem er bereit ist, sein Leben in die friedlichen H\u00e4nde des F\u00fchrers zu legen, der bei jedem Blick auf Erin einen am\u00fcsierten und wohlwollenden Blick aufsetzt. Seine Entschlossenheit f\u00fchrt ihn an den feindlichen Versuchungen vorbei, bis er das menschliche Teilchen zum Leben erweckt.<\/p>\n<p>\u00ab Pusten.\u00bb<\/p>\n<h2>Unterdr\u00fccken durch die Sinne<\/h2>\n<p>Es gibt mehrere Aspekte, die daf\u00fcr sorgen, dass dieser ehrgeizige Film einen unwiderruflichen Eindruck bei den Zuschauern hinterl\u00e4sst. Obwohl es scheint, dass das Hauptziel darin besteht, aus dem klassischen zeitgen\u00f6ssischen Format des Films auszubrechen, ist es vor allem das Publikum, das aus der visuellen und akustischen Umgebung, in der es sich normalerweise befindet, herausgerissen wird.<\/p>\n<p>Indem die Geschichte von Anfang bis Ende in Schwarz-Wei\u00df gehalten ist, wird der gewohnte Rahmen ausged\u00fcnnt und macht einer Angst Platz; obwohl die Technologie uns alles erm\u00f6glicht, kann sie auch diejenige sein, die uns in die Vergangenheit zwingt. In dieser fremden Umgebung verliert sogar das Geh\u00f6r seine Orientierung; keine Musik, kein Gesang, nur das Fl\u00fcstern von technologischen oder Umweltbedrohungen, das durch bedrohliche Schallwellen, ein beharrliches Pl\u00e4tschern oder das Fallen von Steinen unter Erins F\u00fc\u00dfen herbeigef\u00fchrt wird.<\/p>\n<h2>Eine Metapher hinter den Stadtmauern<\/h2>\n<p>Auffallend ehrlich, aufgebl\u00e4ht von einer Sorge, die durch Hoffnung und den Glauben an die Menschheit getr\u00fcbt wird, tr\u00e4gt der Spielfilm eine unbestreitbare philosophische und spirituelle Botschaft, die viel tiefer geht als die blo\u00dfe Notwendigkeit, der Natur Aufmerksamkeit und Pflege zu schenken.<\/p>\n<p>Semih Kaplano\u011flu geht weit \u00fcber die moralisierenden oder schuldbewussten Schemata der Katastrophen- oder apokalyptischen Filme des Hollywood-Kinos hinaus; durchdrungen von dieser Sinnsuche, deren Ansto\u00df wie so oft durch das Detail gegeben wird, um das sich niemand k\u00fcmmert - hier der Hinweis auf Cemils Arbeit bei einem Treffen -, handelt es sich um eine Metapher f\u00fcr den inneren Weg zu Spiritualit\u00e4t und Koh\u00e4renz.<\/p>\n<h2>Charaktere f\u00fcr eine einzige Reise<\/h2>\n<p>In Erin w\u00e4chst eine Ahnung heran, die sie dazu bringt, sich auf eine Reise au\u00dferhalb ihrer Komfortzone - der Stadt - zu begeben, innerhalb derer ihr bestimmte Dinge erlaubt und andere verboten sind. Wie Menschen, die nach Sinn suchen, muss der Charakter den Kokon aus \u00dcberzeugungen und Verallgemeinerungen, in dem er erzogen wurde, sprengen.<\/p>\n<p>Im Laufe des Films kommen Zweifel auf: Wer sind Andrei, Cemil, die Schlepperin oder das W\u00fcstenkind? Existieren sie wirklich? In dem Moment, in dem die Frage in unseren Geist eindringt, wird uns klar, dass all diese Figuren nur Erins F\u00fchrer und Versucher sind.<\/p>\n<p>Auf den vielen m\u00f6glichen Wegen, um mit diesem Teilchen in Kontakt zu kommen, das uns zu denkenden Menschen macht und die gesamte Sch\u00f6pfung vereint, sind die anderen und die inneren Leidenschaften wie diese Figuren: M\u00f6glichkeiten der Abweichung oder der Ann\u00e4herung in Richtung Umarmung und Verst\u00e4ndnis unseres Lebens.<\/p>\n<p><em>Schreiben Sie dem Autor :\u00a0<a href=\"mailto:helene.lavoyer@leregardlibre.com\">helene.lavoyer@leregardlibre.com<\/a><\/em><\/p>\n<p>Fotokredit: \u00a9<span style=\"font-weight:400;\">\u00a0trigon-film.org<\/span><\/p>","protected":false},"excerpt":{"rendered":"<p>Les mercredis du cin\u00e9ma \u2013 H\u00e9l\u00e8ne Lavoyer \u00ab\u00a0Souffle ou bl\u00e9\u00a0? \u2013 Bl\u00e9.\u00a0\u00bb Dans les yeux de Semih Kaplano\u011flu, la population&#8230;<\/p>","protected":false},"author":326,"featured_media":15323,"comment_status":"open","ping_status":"open","sticky":false,"template":"","format":"standard","meta":{"_acf_changed":false,"footnotes":""},"categories":[644355829],"tags":[14572,135830,15218086,360174,367220,44169,440367,5140883,633968891,270315,1099,5536,2732373,38418553,237239],"class_list":["post-15322","post","type-post","status-publish","format-standard","has-post-thumbnail","hentry","category-films","tag-agriculture","tag-apocalypse","tag-cinema-turque","tag-developpement-personnel","tag-espoir","tag-famine","tag-fin-du-monde","tag-jean-marc-barr","tag-la-particule-humaine","tag-laboratoire","tag-nature","tag-robots","tag-semih-kaplanoglu","tag-spiritualite","tag-terre"],"acf":[],"yoast_head":"<!-- This site is optimized with the Yoast SEO Premium plugin v27.4 (Yoast SEO v27.4) - https:\/\/yoast.com\/product\/yoast-seo-premium-wordpress\/ -->\n<title>\u00abLa Particule Humaine\u00bb, m\u00e9taphore du chemin int\u00e9rieur<\/title>\n<meta name=\"robots\" content=\"index, follow, max-snippet:-1, max-image-preview:large, max-video-preview:-1\" \/>\n<link rel=\"canonical\" href=\"https:\/\/leregardlibre.com\/de\/kino\/filme\/das-menschliche-partikel-metapher-fur-den-inneren-weg\/\" \/>\n<meta property=\"og:locale\" content=\"de_DE\" \/>\n<meta property=\"og:type\" content=\"article\" \/>\n<meta property=\"og:title\" content=\"\u00abLa Particule Humaine\u00bb, m\u00e9taphore du chemin int\u00e9rieur\" \/>\n<meta property=\"og:description\" content=\"Les mercredis du cin\u00e9ma \u2013 H\u00e9l\u00e8ne Lavoyer \u00ab\u00a0Souffle ou bl\u00e9\u00a0? \u2013 Bl\u00e9.\u00a0\u00bb Dans les yeux de Semih Kaplano\u011flu, la population...\" \/>\n<meta property=\"og:url\" content=\"https:\/\/leregardlibre.com\/de\/kino\/filme\/das-menschliche-partikel-metapher-fur-den-inneren-weg\/\" \/>\n<meta property=\"og:site_name\" content=\"Le Regard Libre\" \/>\n<meta property=\"article:publisher\" content=\"https:\/\/www.facebook.com\/leregardlibre\/\" \/>\n<meta property=\"article:published_time\" content=\"2018-05-09T09:00:36+00:00\" \/>\n<meta property=\"article:modified_time\" content=\"2025-12-04T21:49:17+00:00\" \/>\n<meta property=\"og:image\" content=\"https:\/\/leregardlibre.com\/wp-content\/uploads\/2018\/05\/grain_01-1024x500.jpg\" \/>\n\t<meta property=\"og:image:width\" content=\"1024\" \/>\n\t<meta property=\"og:image:height\" content=\"500\" \/>\n\t<meta property=\"og:image:type\" content=\"image\/jpeg\" \/>\n<meta name=\"author\" content=\"H\u00e9l\u00e8ne Lavoyer\" \/>\n<meta name=\"twitter:card\" content=\"summary_large_image\" \/>\n<meta name=\"twitter:creator\" content=\"@LeRegardLibre\" \/>\n<meta name=\"twitter:site\" content=\"@LeRegardLibre\" \/>\n<meta name=\"twitter:label1\" content=\"Verfasst von\" \/>\n\t<meta name=\"twitter:data1\" content=\"H\u00e9l\u00e8ne Lavoyer\" \/>\n\t<meta name=\"twitter:label2\" content=\"Gesch\u00e4tzte Lesezeit\" \/>\n\t<meta name=\"twitter:data2\" content=\"4\u00a0Minuten\" \/>\n<script type=\"application\/ld+json\" class=\"yoast-schema-graph\">{\"@context\":\"https:\\\/\\\/schema.org\",\"@graph\":[{\"@type\":\"Article\",\"@id\":\"https:\\\/\\\/leregardlibre.com\\\/cinema\\\/films\\\/la-particule-humaine-metaphore-du-chemin-interieur\\\/#article\",\"isPartOf\":{\"@id\":\"https:\\\/\\\/leregardlibre.com\\\/cinema\\\/films\\\/la-particule-humaine-metaphore-du-chemin-interieur\\\/\"},\"author\":{\"name\":\"H\u00e9l\u00e8ne Lavoyer\",\"@id\":\"https:\\\/\\\/leregardlibre.com\\\/#\\\/schema\\\/person\\\/d54c307d35ad5a1c6bd687ddd86054f8\"},\"headline\":\"\u00abLa Particule Humaine\u00bb, m\u00e9taphore du chemin int\u00e9rieur\",\"datePublished\":\"2018-05-09T09:00:36+00:00\",\"dateModified\":\"2025-12-04T21:49:17+00:00\",\"mainEntityOfPage\":{\"@id\":\"https:\\\/\\\/leregardlibre.com\\\/cinema\\\/films\\\/la-particule-humaine-metaphore-du-chemin-interieur\\\/\"},\"wordCount\":887,\"commentCount\":1,\"publisher\":{\"@id\":\"https:\\\/\\\/leregardlibre.com\\\/#organization\"},\"image\":{\"@id\":\"https:\\\/\\\/leregardlibre.com\\\/cinema\\\/films\\\/la-particule-humaine-metaphore-du-chemin-interieur\\\/#primaryimage\"},\"thumbnailUrl\":\"https:\\\/\\\/leregardlibre.com\\\/wp-content\\\/uploads\\\/2018\\\/05\\\/grain_01-scaled.jpg\",\"keywords\":[\"Agriculture\",\"Apocalypse\",\"Cin\u00e9ma turc\",\"D\u00e9veloppement personnel\",\"espoir\",\"famine\",\"Fin du monde\",\"jean-marc barr\",\"la particule humaine\",\"laboratoire\",\"Nature\",\"Robots\",\"semih kaplano\u011flu\",\"Spiritualit\u00e9\",\"terre\"],\"articleSection\":[\"Films\"],\"inLanguage\":\"de\",\"potentialAction\":[{\"@type\":\"CommentAction\",\"name\":\"Comment\",\"target\":[\"https:\\\/\\\/leregardlibre.com\\\/cinema\\\/films\\\/la-particule-humaine-metaphore-du-chemin-interieur\\\/#respond\"]}]},{\"@type\":\"WebPage\",\"@id\":\"https:\\\/\\\/leregardlibre.com\\\/cinema\\\/films\\\/la-particule-humaine-metaphore-du-chemin-interieur\\\/\",\"url\":\"https:\\\/\\\/leregardlibre.com\\\/cinema\\\/films\\\/la-particule-humaine-metaphore-du-chemin-interieur\\\/\",\"name\":\"\u00abLa Particule Humaine\u00bb, m\u00e9taphore du chemin int\u00e9rieur\",\"isPartOf\":{\"@id\":\"https:\\\/\\\/leregardlibre.com\\\/#website\"},\"primaryImageOfPage\":{\"@id\":\"https:\\\/\\\/leregardlibre.com\\\/cinema\\\/films\\\/la-particule-humaine-metaphore-du-chemin-interieur\\\/#primaryimage\"},\"image\":{\"@id\":\"https:\\\/\\\/leregardlibre.com\\\/cinema\\\/films\\\/la-particule-humaine-metaphore-du-chemin-interieur\\\/#primaryimage\"},\"thumbnailUrl\":\"https:\\\/\\\/leregardlibre.com\\\/wp-content\\\/uploads\\\/2018\\\/05\\\/grain_01-scaled.jpg\",\"datePublished\":\"2018-05-09T09:00:36+00:00\",\"dateModified\":\"2025-12-04T21:49:17+00:00\",\"breadcrumb\":{\"@id\":\"https:\\\/\\\/leregardlibre.com\\\/cinema\\\/films\\\/la-particule-humaine-metaphore-du-chemin-interieur\\\/#breadcrumb\"},\"inLanguage\":\"de\",\"potentialAction\":[{\"@type\":\"ReadAction\",\"target\":[\"https:\\\/\\\/leregardlibre.com\\\/cinema\\\/films\\\/la-particule-humaine-metaphore-du-chemin-interieur\\\/\"]}]},{\"@type\":\"ImageObject\",\"inLanguage\":\"de\",\"@id\":\"https:\\\/\\\/leregardlibre.com\\\/cinema\\\/films\\\/la-particule-humaine-metaphore-du-chemin-interieur\\\/#primaryimage\",\"url\":\"https:\\\/\\\/leregardlibre.com\\\/wp-content\\\/uploads\\\/2018\\\/05\\\/grain_01-scaled.jpg\",\"contentUrl\":\"https:\\\/\\\/leregardlibre.com\\\/wp-content\\\/uploads\\\/2018\\\/05\\\/grain_01-scaled.jpg\",\"width\":4096,\"height\":2000},{\"@type\":\"BreadcrumbList\",\"@id\":\"https:\\\/\\\/leregardlibre.com\\\/cinema\\\/films\\\/la-particule-humaine-metaphore-du-chemin-interieur\\\/#breadcrumb\",\"itemListElement\":[{\"@type\":\"ListItem\",\"position\":1,\"name\":\"Accueil\",\"item\":\"https:\\\/\\\/leregardlibre.com\\\/\"},{\"@type\":\"ListItem\",\"position\":2,\"name\":\"\u00abLa Particule Humaine\u00bb, m\u00e9taphore du chemin int\u00e9rieur\"}]},{\"@type\":\"WebSite\",\"@id\":\"https:\\\/\\\/leregardlibre.com\\\/#website\",\"url\":\"https:\\\/\\\/leregardlibre.com\\\/\",\"name\":\"Le Regard Libre\",\"description\":\"Premier mensuel suisse de d\u00e9bat\",\"publisher\":{\"@id\":\"https:\\\/\\\/leregardlibre.com\\\/#organization\"},\"potentialAction\":[{\"@type\":\"SearchAction\",\"target\":{\"@type\":\"EntryPoint\",\"urlTemplate\":\"https:\\\/\\\/leregardlibre.com\\\/?s={search_term_string}\"},\"query-input\":{\"@type\":\"PropertyValueSpecification\",\"valueRequired\":true,\"valueName\":\"search_term_string\"}}],\"inLanguage\":\"de\"},{\"@type\":\"Organization\",\"@id\":\"https:\\\/\\\/leregardlibre.com\\\/#organization\",\"name\":\"Le Regard Libre\",\"url\":\"https:\\\/\\\/leregardlibre.com\\\/\",\"logo\":{\"@type\":\"ImageObject\",\"inLanguage\":\"de\",\"@id\":\"https:\\\/\\\/leregardlibre.com\\\/#\\\/schema\\\/logo\\\/image\\\/\",\"url\":\"https:\\\/\\\/leregardlibre.com\\\/wp-content\\\/uploads\\\/2025\\\/08\\\/logo-rl-icone-neg.jpeg\",\"contentUrl\":\"https:\\\/\\\/leregardlibre.com\\\/wp-content\\\/uploads\\\/2025\\\/08\\\/logo-rl-icone-neg.jpeg\",\"width\":557,\"height\":556,\"caption\":\"Le Regard Libre\"},\"image\":{\"@id\":\"https:\\\/\\\/leregardlibre.com\\\/#\\\/schema\\\/logo\\\/image\\\/\"},\"sameAs\":[\"https:\\\/\\\/www.facebook.com\\\/leregardlibre\\\/\",\"https:\\\/\\\/x.com\\\/LeRegardLibre\",\"https:\\\/\\\/www.linkedin.com\\\/company\\\/le-regard-libre\",\"https:\\\/\\\/www.instagram.com\\\/leregardlibre\\\/\",\"http:\\\/\\\/t.me\\\/leregardlibre\",\"https:\\\/\\\/youtube.com\\\/channel\\\/UC6HzGPomj1LsUmlz-sJtITQ\"],\"description\":\"Le Regard Libre est un mensuel suisse de d\u00e9bat intellectuel et culturel. Sa r\u00e9daction est jeune, b\u00e9n\u00e9vole, lib\u00e9rale et pluraliste. Le magazine para\u00eet en ligne et sous forme papier. Sa langue est le fran\u00e7ais.\",\"email\":\"redaction@leregardlibre.com\",\"legalName\":\"Le Regard Libre\",\"foundingDate\":\"2014-01-01\",\"numberOfEmployees\":{\"@type\":\"QuantitativeValue\",\"minValue\":\"11\",\"maxValue\":\"50\"},\"publishingPrinciples\":\"https:\\\/\\\/leregardlibre.com\\\/a-propos\\\/notre-manifeste\\\/\",\"ownershipFundingInfo\":\"https:\\\/\\\/leregardlibre.com\\\/mentions-legales\\\/\",\"actionableFeedbackPolicy\":\"https:\\\/\\\/leregardlibre.com\\\/conditions-generales-de-vente\\\/\"},{\"@type\":\"Person\",\"@id\":\"https:\\\/\\\/leregardlibre.com\\\/#\\\/schema\\\/person\\\/d54c307d35ad5a1c6bd687ddd86054f8\",\"name\":\"H\u00e9l\u00e8ne Lavoyer\",\"image\":{\"@type\":\"ImageObject\",\"inLanguage\":\"de\",\"@id\":\"https:\\\/\\\/secure.gravatar.com\\\/avatar\\\/68b25ff5328818574bf42822e9324221321679833884bc3d9c090886fea2d133?s=96&d=identicon&r=g\",\"url\":\"https:\\\/\\\/secure.gravatar.com\\\/avatar\\\/68b25ff5328818574bf42822e9324221321679833884bc3d9c090886fea2d133?s=96&d=identicon&r=g\",\"contentUrl\":\"https:\\\/\\\/secure.gravatar.com\\\/avatar\\\/68b25ff5328818574bf42822e9324221321679833884bc3d9c090886fea2d133?s=96&d=identicon&r=g\",\"caption\":\"H\u00e9l\u00e8ne Lavoyer\"},\"sameAs\":[\"https:\\\/\\\/leregardlibre.com\\\/\"],\"url\":\"https:\\\/\\\/leregardlibre.com\\\/de\\\/author\\\/helene-lavoyer\\\/\"}]}<\/script>\n<!-- \/ Yoast SEO Premium plugin. -->","yoast_head_json":{"title":"\u00abDas menschliche Teilchen\u00bb als Metapher f\u00fcr den inneren Weg","robots":{"index":"index","follow":"follow","max-snippet":"max-snippet:-1","max-image-preview":"max-image-preview:large","max-video-preview":"max-video-preview:-1"},"canonical":"https:\/\/leregardlibre.com\/de\/kino\/filme\/das-menschliche-partikel-metapher-fur-den-inneren-weg\/","og_locale":"de_DE","og_type":"article","og_title":"\u00abLa Particule Humaine\u00bb, m\u00e9taphore du chemin int\u00e9rieur","og_description":"Les mercredis du cin\u00e9ma \u2013 H\u00e9l\u00e8ne Lavoyer \u00ab\u00a0Souffle ou bl\u00e9\u00a0? \u2013 Bl\u00e9.\u00a0\u00bb Dans les yeux de Semih Kaplano\u011flu, la population...","og_url":"https:\/\/leregardlibre.com\/de\/kino\/filme\/das-menschliche-partikel-metapher-fur-den-inneren-weg\/","og_site_name":"Le Regard Libre","article_publisher":"https:\/\/www.facebook.com\/leregardlibre\/","article_published_time":"2018-05-09T09:00:36+00:00","article_modified_time":"2025-12-04T21:49:17+00:00","og_image":[{"width":1024,"height":500,"url":"https:\/\/leregardlibre.com\/wp-content\/uploads\/2018\/05\/grain_01-1024x500.jpg","type":"image\/jpeg"}],"author":"H\u00e9l\u00e8ne Lavoyer","twitter_card":"summary_large_image","twitter_creator":"@LeRegardLibre","twitter_site":"@LeRegardLibre","twitter_misc":{"Verfasst von":"H\u00e9l\u00e8ne Lavoyer","Gesch\u00e4tzte Lesezeit":"4\u00a0Minuten"},"schema":{"@context":"https:\/\/schema.org","@graph":[{"@type":"Article","@id":"https:\/\/leregardlibre.com\/cinema\/films\/la-particule-humaine-metaphore-du-chemin-interieur\/#article","isPartOf":{"@id":"https:\/\/leregardlibre.com\/cinema\/films\/la-particule-humaine-metaphore-du-chemin-interieur\/"},"author":{"name":"H\u00e9l\u00e8ne Lavoyer","@id":"https:\/\/leregardlibre.com\/#\/schema\/person\/d54c307d35ad5a1c6bd687ddd86054f8"},"headline":"\u00abLa Particule Humaine\u00bb, m\u00e9taphore du chemin int\u00e9rieur","datePublished":"2018-05-09T09:00:36+00:00","dateModified":"2025-12-04T21:49:17+00:00","mainEntityOfPage":{"@id":"https:\/\/leregardlibre.com\/cinema\/films\/la-particule-humaine-metaphore-du-chemin-interieur\/"},"wordCount":887,"commentCount":1,"publisher":{"@id":"https:\/\/leregardlibre.com\/#organization"},"image":{"@id":"https:\/\/leregardlibre.com\/cinema\/films\/la-particule-humaine-metaphore-du-chemin-interieur\/#primaryimage"},"thumbnailUrl":"https:\/\/leregardlibre.com\/wp-content\/uploads\/2018\/05\/grain_01-scaled.jpg","keywords":["Agriculture","Apocalypse","Cin\u00e9ma turc","D\u00e9veloppement personnel","espoir","famine","Fin du monde","jean-marc barr","la particule humaine","laboratoire","Nature","Robots","semih kaplano\u011flu","Spiritualit\u00e9","terre"],"articleSection":["Films"],"inLanguage":"de","potentialAction":[{"@type":"CommentAction","name":"Comment","target":["https:\/\/leregardlibre.com\/cinema\/films\/la-particule-humaine-metaphore-du-chemin-interieur\/#respond"]}]},{"@type":"WebPage","@id":"https:\/\/leregardlibre.com\/cinema\/films\/la-particule-humaine-metaphore-du-chemin-interieur\/","url":"https:\/\/leregardlibre.com\/cinema\/films\/la-particule-humaine-metaphore-du-chemin-interieur\/","name":"\u00abDas menschliche Teilchen\u00bb als Metapher f\u00fcr den inneren Weg","isPartOf":{"@id":"https:\/\/leregardlibre.com\/#website"},"primaryImageOfPage":{"@id":"https:\/\/leregardlibre.com\/cinema\/films\/la-particule-humaine-metaphore-du-chemin-interieur\/#primaryimage"},"image":{"@id":"https:\/\/leregardlibre.com\/cinema\/films\/la-particule-humaine-metaphore-du-chemin-interieur\/#primaryimage"},"thumbnailUrl":"https:\/\/leregardlibre.com\/wp-content\/uploads\/2018\/05\/grain_01-scaled.jpg","datePublished":"2018-05-09T09:00:36+00:00","dateModified":"2025-12-04T21:49:17+00:00","breadcrumb":{"@id":"https:\/\/leregardlibre.com\/cinema\/films\/la-particule-humaine-metaphore-du-chemin-interieur\/#breadcrumb"},"inLanguage":"de","potentialAction":[{"@type":"ReadAction","target":["https:\/\/leregardlibre.com\/cinema\/films\/la-particule-humaine-metaphore-du-chemin-interieur\/"]}]},{"@type":"ImageObject","inLanguage":"de","@id":"https:\/\/leregardlibre.com\/cinema\/films\/la-particule-humaine-metaphore-du-chemin-interieur\/#primaryimage","url":"https:\/\/leregardlibre.com\/wp-content\/uploads\/2018\/05\/grain_01-scaled.jpg","contentUrl":"https:\/\/leregardlibre.com\/wp-content\/uploads\/2018\/05\/grain_01-scaled.jpg","width":4096,"height":2000},{"@type":"BreadcrumbList","@id":"https:\/\/leregardlibre.com\/cinema\/films\/la-particule-humaine-metaphore-du-chemin-interieur\/#breadcrumb","itemListElement":[{"@type":"ListItem","position":1,"name":"Accueil","item":"https:\/\/leregardlibre.com\/"},{"@type":"ListItem","position":2,"name":"\u00abLa Particule Humaine\u00bb, m\u00e9taphore du chemin int\u00e9rieur"}]},{"@type":"WebSite","@id":"https:\/\/leregardlibre.com\/#website","url":"https:\/\/leregardlibre.com\/","name":"Le Regard Libre","description":"Erste Schweizer Monatszeitschrift f\u00fcr Debatten","publisher":{"@id":"https:\/\/leregardlibre.com\/#organization"},"potentialAction":[{"@type":"SearchAction","target":{"@type":"EntryPoint","urlTemplate":"https:\/\/leregardlibre.com\/?s={search_term_string}"},"query-input":{"@type":"PropertyValueSpecification","valueRequired":true,"valueName":"search_term_string"}}],"inLanguage":"de"},{"@type":"Organization","@id":"https:\/\/leregardlibre.com\/#organization","name":"Le Regard Libre","url":"https:\/\/leregardlibre.com\/","logo":{"@type":"ImageObject","inLanguage":"de","@id":"https:\/\/leregardlibre.com\/#\/schema\/logo\/image\/","url":"https:\/\/leregardlibre.com\/wp-content\/uploads\/2025\/08\/logo-rl-icone-neg.jpeg","contentUrl":"https:\/\/leregardlibre.com\/wp-content\/uploads\/2025\/08\/logo-rl-icone-neg.jpeg","width":557,"height":556,"caption":"Le Regard Libre"},"image":{"@id":"https:\/\/leregardlibre.com\/#\/schema\/logo\/image\/"},"sameAs":["https:\/\/www.facebook.com\/leregardlibre\/","https:\/\/x.com\/LeRegardLibre","https:\/\/www.linkedin.com\/company\/le-regard-libre","https:\/\/www.instagram.com\/leregardlibre\/","http:\/\/t.me\/leregardlibre","https:\/\/youtube.com\/channel\/UC6HzGPomj1LsUmlz-sJtITQ"],"description":"Le Regard Libre ist eine Schweizer Monatszeitschrift f\u00fcr intellektuelle und kulturelle Debatten. Seine Redaktion ist jung, ehrenamtlich, liberal und pluralistisch. Das Magazin erscheint online und in gedruckter Form. Seine Sprache ist Franz\u00f6sisch.","email":"redaction@leregardlibre.com","legalName":"Le Regard Libre","foundingDate":"2014-01-01","numberOfEmployees":{"@type":"QuantitativeValue","minValue":"11","maxValue":"50"},"publishingPrinciples":"https:\/\/leregardlibre.com\/a-propos\/notre-manifeste\/","ownershipFundingInfo":"https:\/\/leregardlibre.com\/mentions-legales\/","actionableFeedbackPolicy":"https:\/\/leregardlibre.com\/conditions-generales-de-vente\/"},{"@type":"Person","@id":"https:\/\/leregardlibre.com\/#\/schema\/person\/d54c307d35ad5a1c6bd687ddd86054f8","name":"H\u00e9l\u00e8ne Lavoyer","image":{"@type":"ImageObject","inLanguage":"de","@id":"https:\/\/secure.gravatar.com\/avatar\/68b25ff5328818574bf42822e9324221321679833884bc3d9c090886fea2d133?s=96&d=identicon&r=g","url":"https:\/\/secure.gravatar.com\/avatar\/68b25ff5328818574bf42822e9324221321679833884bc3d9c090886fea2d133?s=96&d=identicon&r=g","contentUrl":"https:\/\/secure.gravatar.com\/avatar\/68b25ff5328818574bf42822e9324221321679833884bc3d9c090886fea2d133?s=96&d=identicon&r=g","caption":"H\u00e9l\u00e8ne Lavoyer"},"sameAs":["https:\/\/leregardlibre.com\/"],"url":"https:\/\/leregardlibre.com\/de\/author\/helene-lavoyer\/"}]}},"_links":{"self":[{"href":"https:\/\/leregardlibre.com\/de\/wp-json\/wp\/v2\/posts\/15322","targetHints":{"allow":["GET"]}}],"collection":[{"href":"https:\/\/leregardlibre.com\/de\/wp-json\/wp\/v2\/posts"}],"about":[{"href":"https:\/\/leregardlibre.com\/de\/wp-json\/wp\/v2\/types\/post"}],"author":[{"embeddable":true,"href":"https:\/\/leregardlibre.com\/de\/wp-json\/wp\/v2\/users\/326"}],"replies":[{"embeddable":true,"href":"https:\/\/leregardlibre.com\/de\/wp-json\/wp\/v2\/comments?post=15322"}],"version-history":[{"count":1,"href":"https:\/\/leregardlibre.com\/de\/wp-json\/wp\/v2\/posts\/15322\/revisions"}],"predecessor-version":[{"id":509820,"href":"https:\/\/leregardlibre.com\/de\/wp-json\/wp\/v2\/posts\/15322\/revisions\/509820"}],"wp:featuredmedia":[{"embeddable":true,"href":"https:\/\/leregardlibre.com\/de\/wp-json\/wp\/v2\/media\/15323"}],"wp:attachment":[{"href":"https:\/\/leregardlibre.com\/de\/wp-json\/wp\/v2\/media?parent=15322"}],"wp:term":[{"taxonomy":"category","embeddable":true,"href":"https:\/\/leregardlibre.com\/de\/wp-json\/wp\/v2\/categories?post=15322"},{"taxonomy":"post_tag","embeddable":true,"href":"https:\/\/leregardlibre.com\/de\/wp-json\/wp\/v2\/tags?post=15322"}],"curies":[{"name":"wp","href":"https:\/\/api.w.org\/{rel}","templated":true}]}}