{"id":15332,"date":"2018-05-09T20:29:19","date_gmt":"2018-05-09T19:29:19","guid":{"rendered":"http:\/\/leregardlibre.com\/?p=15332"},"modified":"2025-12-04T22:49:16","modified_gmt":"2025-12-04T21:49:16","slug":"yvette-zgraggen-eine-vorreiterin","status":"publish","type":"post","link":"https:\/\/leregardlibre.com\/de\/cinema\/films\/yvette-zgraggen-une-femme-precurseure\/","title":{"rendered":"Yvette Z'Graggen, eine Vordenkerin"},"content":{"rendered":"<p><em>Les mercredidis du cin\u00e9ma - Alexandre W\u00e4lti<\/em><\/p>\n<p>Es k\u00f6nnte die Geschichte einer innerlich Verbannten sein. Yvette Z'Graggen wuchs nicht nur zwischen der Westschweiz und ihren deutschsprachigen Wurzeln hin- und hergerissen auf, sondern geh\u00f6rt auch zu den helvetischen Schriftstellerinnen, deren Werk besondere Aufmerksamkeit verdient, weil es in direktem Echo auf die Ereignisse des XX.<sup>.<\/sup>\u00a0Jahrhundert. Eine Frau, die ihrer Zeit immer voraus war, wie der Dokumentarfilm perfekt zeigt <em>Yvette Z'Graggen - Eine Frau am Steuer ihres Lebens <\/em>von Fr\u00e9d\u00e9ric Gonseth.<\/p>\n<p>Denken wir zun\u00e4chst an ihr fr\u00fches Bed\u00fcrfnis nach Unabh\u00e4ngigkeit. Wurde sie dazu gezwungen? Schon in jungen Jahren schreibt sie Geschichten, um der Realit\u00e4t zu entfliehen. Sie erlebt den Bankrott eines verschwenderischen, trinkfreudigen Zahnarztvaters, der manchmal die Hand gegen die Mutter erhebt, w\u00e4hrend die Familie auf der sozialen Leiter immer weiter abrutscht. Ein Liebhaber sch\u00f6ner Autos findet sich pl\u00f6tzlich auf einem Fahrrad wieder. Ein Zweirad, mit dem Yvette Z'Graggen dann in den stillen Jahren des Zweiten Weltkriegs eine Rundreise durch das Land unternimmt. Eine Kindheit, in der die Fantasie als Schutz vor den Realit\u00e4ten dient und die schon fr\u00fch von einem Drang zu lernen gen\u00e4hrt wird, obwohl es - aufgrund finanzieller Fragen - nicht m\u00f6glich ist, die Universit\u00e4t zu besuchen.<\/p>\n<p><!--more--><\/p>\n<p>Eine Frau, die ihre Narben durch das Schreiben heilt. Eine Journalistin, die im Radio die gro\u00dfen Autoren ihrer Zeit befragt und deren Drang nach Erkenntnis sogar ihr literarisches Werk pr\u00e4gt. Ein st\u00e4ndiges Hinterfragen, das sie beispielsweise dazu bringt, ihre eigene Vergangenheit zu hinterfragen, indem sie diese mit den Realit\u00e4ten des Zweiten Weltkriegs in <em>Die stillen Jahre. <\/em>Zudem sind geschickt ausgew\u00e4hlte Ausz\u00fcge aus den B\u00fcchern von Yvette Z\u2019Graggen \u00fcber den gesamten Dokumentarfilm verteilt und flie\u00dfen insbesondere in die fiktionalen Szenen ein.<\/p>\n<h3>Eine Frau, dann die Schriftstellerin<\/h3>\n<p>Fr\u00e9d\u00e9ric Gonseth wendet f\u00fcr seinen Dokumentarfilm dasselbe Verfahren an. Er rekonstruiert n\u00e4mlich anhand von Archivbildern und -interviews chronologisch das Leben von Yvette Z\u2019Graggen und stellt seinerseits die Geschichte und den Alltag der Schriftstellerin einander gegen\u00fcber. Daraus lassen sich zwei Achsen ableiten, die sich durch ihr gesamtes Leben ziehen: einerseits die innige Mutter-Tochter-Beziehung \u2013 denn sie entwickelt sich tats\u00e4chlich in diese Richtung \u2013 und andererseits das Gef\u00fchl der Verlassenheit, das insbesondere durch den Vater entsteht, wenn die kleine Yvette die Stra\u00dfenbahnen z\u00e4hlt, in der Hoffnung, ihn aussteigen zu sehen.<\/p>\n<p>Das sind im Wesentlichen die Entscheidungen von Fr\u00e9d\u00e9ric Gonseth. Ein Dokumentarfilm, dessen gr\u00f6\u00dfte St\u00e4rke darin besteht, eine Schriftstellerin ins Rampenlicht zu r\u00fccken, deren Texte stets eng mit dem Leben dieser Frau verflochten waren, die ihrer Zeit weit voraus war. Der Inhalt ist interessanter als die Form. Letztere ist klassisch und eher schulisch gehalten: Fotos, Beitr\u00e4ge von Angeh\u00f6rigen usw. Dennoch ist ein echter Wille erkennbar, den Originaltexten einen wichtigen Platz einzur\u00e4umen. Der Dokumentarfilmer hat tats\u00e4chlich fiktionale Episoden in sein Werk eingebaut, die er gedreht hat, um die Worte von Yvette Z\u2019Graggen bildlich umzusetzen. Was, ehrlich gesagt, im Falle eines Dokumentarfilms \u00fcber eine Schriftstellerin mehr als lobenswert ist. Es fehlt jedoch ein gewisser \u00dcbergang zwischen den Interviewpassagen und den verfilmten Ausz\u00fcgen aus ihrem Werk. Diese Besonderheit verleiht dem Dokumentarfilm zudem einen sehr didaktischen Charakter.<\/p>\n<p>Nicht zuletzt liegt der Reiz vor allem in dem liebevollen Blick, den der Dokumentarfilmer auf eine autobegeisterte Frau wirft, die ihr Liebesleben zwischen ihrem zwanzigsten und drei\u00dfigsten Lebensjahr \u2013 also in den vierziger Jahren \u2013 frei auslebte. Eine Schriftstellerin, deren Werk stets mit der Geschichte und der pers\u00f6nlichen Geschichte der Frau verbunden war. Diese Freiheit hat sie gew\u00e4hlt und bis zu ihrer Heirat gelebt. Von diesem Mann lie\u00df sie sich sp\u00e4ter scheiden \u2013 zu einer Zeit, als ein solches Verhalten alles andere als gesellschaftlich akzeptiert war.<\/p>\n<p>Wieder einmal hat Yvette Z\u2019Graggen schon seit ihrer Kindheit nur ihr eigenes Ding gemacht. Das bringt der Dokumentarfilm sehr gut zum Ausdruck. Eineinhalb Stunden, um eine bedeutende, ungew\u00f6hnliche Schriftstellerin kennenzulernen. Eine Frau, die sich in ihre eigene Welt zur\u00fcckgezogen hat, indem sie sich alle m\u00f6glichen Geschichten ausdachte, bevor sie einen scharfen Blick auf die politisch-sozialen Realit\u00e4ten ihrer Zeit warf.<\/p>\n<p><i>Schreiben Sie dem Autor : <a href=\"mailto:alexandre.waelti@leregardlibre.com\">alexandre.waelti@leregardlibre.com<\/a><\/i><\/p>\n<p>Bildnachweis : <span style=\"font-weight:400;\">\u00a9 cineworx<\/span><\/p>","protected":false},"excerpt":{"rendered":"<p>Les mercredis du cin\u00e9ma\u00a0\u2013 Alexandre W\u00e4lti C\u2019est peut-\u00eatre l\u2019histoire d\u2019une exil\u00e9e de l\u2019int\u00e9rieur. Non seulement Yvette Z\u2019Graggen a grandi tiraill\u00e9e&#8230;<\/p>","protected":false},"author":335,"featured_media":15333,"comment_status":"open","ping_status":"open","sticky":false,"template":"","format":"standard","meta":{"_acf_changed":false,"footnotes":""},"categories":[644355829],"tags":[21948,94209,134319580,61091,586589199,45553,1639715,2644701,87355465],"class_list":["post-15332","post","type-post","status-publish","format-standard","has-post-thumbnail","hentry","category-films","tag-documentaires","tag-femmes","tag-frederic-gonseth","tag-guerre","tag-les-annees-silencieuses","tag-liberte","tag-seconde-guerre-mondiale","tag-xxe-siecle","tag-yvette-zgraggen"],"acf":[],"yoast_head":"<!-- This site is optimized with the Yoast SEO Premium plugin v28.3 (Yoast SEO v28.3) - https:\/\/yoast.com\/product\/yoast-seo-premium-wordpress\/ -->\n<title>Yvette Z\u2019Graggen, une femme pr\u00e9curseure<\/title>\n<meta name=\"robots\" content=\"index, follow, max-snippet:-1, max-image-preview:large, max-video-preview:-1\" \/>\n<link rel=\"canonical\" href=\"https:\/\/leregardlibre.com\/de\/kino\/filme\/yvette-zgraggen-eine-vorreiterin\/\" \/>\n<meta property=\"og:locale\" content=\"de_DE\" \/>\n<meta property=\"og:type\" content=\"article\" \/>\n<meta property=\"og:title\" content=\"Yvette Z\u2019Graggen, une femme pr\u00e9curseure\" \/>\n<meta property=\"og:description\" content=\"Les mercredis du cin\u00e9ma\u00a0\u2013 Alexandre W\u00e4lti C\u2019est peut-\u00eatre l\u2019histoire d\u2019une exil\u00e9e de l\u2019int\u00e9rieur. Non seulement Yvette Z\u2019Graggen a grandi tiraill\u00e9e...\" \/>\n<meta property=\"og:url\" content=\"https:\/\/leregardlibre.com\/de\/kino\/filme\/yvette-zgraggen-eine-vorreiterin\/\" \/>\n<meta property=\"og:site_name\" content=\"Le Regard Libre\" \/>\n<meta property=\"article:publisher\" content=\"https:\/\/www.facebook.com\/leregardlibre\/\" \/>\n<meta property=\"article:published_time\" content=\"2018-05-09T19:29:19+00:00\" \/>\n<meta property=\"article:modified_time\" content=\"2025-12-04T21:49:16+00:00\" \/>\n<meta property=\"og:image\" content=\"https:\/\/leregardlibre.com\/wp-content\/uploads\/2018\/05\/yzg-pressebilder-3.jpg\" \/>\n\t<meta property=\"og:image:width\" content=\"2362\" \/>\n\t<meta property=\"og:image:height\" content=\"1575\" \/>\n\t<meta property=\"og:image:type\" content=\"image\/jpeg\" \/>\n<meta name=\"author\" content=\"Alexandre W\u00e4lti\" \/>\n<meta name=\"twitter:card\" content=\"summary_large_image\" \/>\n<meta name=\"twitter:creator\" content=\"@LeRegardLibre\" \/>\n<meta name=\"twitter:site\" content=\"@LeRegardLibre\" \/>\n<meta name=\"twitter:label1\" content=\"Verfasst von\" \/>\n\t<meta name=\"twitter:data1\" content=\"Alexandre W\u00e4lti\" \/>\n\t<meta name=\"twitter:label2\" content=\"Gesch\u00e4tzte Lesezeit\" \/>\n\t<meta name=\"twitter:data2\" content=\"4\u00a0Minuten\" \/>\n<script type=\"application\/ld+json\" class=\"yoast-schema-graph\">{\"@context\":\"https:\\\/\\\/schema.org\",\"@graph\":[{\"@type\":\"Article\",\"@id\":\"https:\\\/\\\/leregardlibre.com\\\/cinema\\\/films\\\/yvette-zgraggen-une-femme-precurseure\\\/#article\",\"isPartOf\":{\"@id\":\"https:\\\/\\\/leregardlibre.com\\\/cinema\\\/films\\\/yvette-zgraggen-une-femme-precurseure\\\/\"},\"author\":{\"name\":\"Alexandre W\u00e4lti\",\"@id\":\"https:\\\/\\\/leregardlibre.com\\\/#\\\/schema\\\/person\\\/634006bb230566361a27c65cfd0aaf24\"},\"headline\":\"Yvette Z\u2019Graggen, une femme pr\u00e9curseure\",\"datePublished\":\"2018-05-09T19:29:19+00:00\",\"dateModified\":\"2025-12-04T21:49:16+00:00\",\"mainEntityOfPage\":{\"@id\":\"https:\\\/\\\/leregardlibre.com\\\/cinema\\\/films\\\/yvette-zgraggen-une-femme-precurseure\\\/\"},\"wordCount\":807,\"commentCount\":1,\"publisher\":{\"@id\":\"https:\\\/\\\/leregardlibre.com\\\/#organization\"},\"image\":{\"@id\":\"https:\\\/\\\/leregardlibre.com\\\/cinema\\\/films\\\/yvette-zgraggen-une-femme-precurseure\\\/#primaryimage\"},\"thumbnailUrl\":\"https:\\\/\\\/leregardlibre.com\\\/wp-content\\\/uploads\\\/2018\\\/05\\\/yzg-pressebilder-3.jpg\",\"keywords\":[\"Documentaire\",\"Femmes\",\"fr\u00e9d\u00e9ric gonseth\",\"Guerre\",\"les ann\u00e9es silencieuses\",\"Libert\u00e9\",\"Seconde Guerre mondiale\",\"XXe si\u00e8cle\",\"yvette z'graggen\"],\"articleSection\":[\"Films\"],\"inLanguage\":\"de\",\"potentialAction\":[{\"@type\":\"CommentAction\",\"name\":\"Comment\",\"target\":[\"https:\\\/\\\/leregardlibre.com\\\/cinema\\\/films\\\/yvette-zgraggen-une-femme-precurseure\\\/#respond\"]}]},{\"@type\":\"WebPage\",\"@id\":\"https:\\\/\\\/leregardlibre.com\\\/cinema\\\/films\\\/yvette-zgraggen-une-femme-precurseure\\\/\",\"url\":\"https:\\\/\\\/leregardlibre.com\\\/cinema\\\/films\\\/yvette-zgraggen-une-femme-precurseure\\\/\",\"name\":\"Yvette Z\u2019Graggen, une femme pr\u00e9curseure\",\"isPartOf\":{\"@id\":\"https:\\\/\\\/leregardlibre.com\\\/#website\"},\"primaryImageOfPage\":{\"@id\":\"https:\\\/\\\/leregardlibre.com\\\/cinema\\\/films\\\/yvette-zgraggen-une-femme-precurseure\\\/#primaryimage\"},\"image\":{\"@id\":\"https:\\\/\\\/leregardlibre.com\\\/cinema\\\/films\\\/yvette-zgraggen-une-femme-precurseure\\\/#primaryimage\"},\"thumbnailUrl\":\"https:\\\/\\\/leregardlibre.com\\\/wp-content\\\/uploads\\\/2018\\\/05\\\/yzg-pressebilder-3.jpg\",\"datePublished\":\"2018-05-09T19:29:19+00:00\",\"dateModified\":\"2025-12-04T21:49:16+00:00\",\"breadcrumb\":{\"@id\":\"https:\\\/\\\/leregardlibre.com\\\/cinema\\\/films\\\/yvette-zgraggen-une-femme-precurseure\\\/#breadcrumb\"},\"inLanguage\":\"de\",\"potentialAction\":[{\"@type\":\"ReadAction\",\"target\":[\"https:\\\/\\\/leregardlibre.com\\\/cinema\\\/films\\\/yvette-zgraggen-une-femme-precurseure\\\/\"]}]},{\"@type\":\"ImageObject\",\"inLanguage\":\"de\",\"@id\":\"https:\\\/\\\/leregardlibre.com\\\/cinema\\\/films\\\/yvette-zgraggen-une-femme-precurseure\\\/#primaryimage\",\"url\":\"https:\\\/\\\/leregardlibre.com\\\/wp-content\\\/uploads\\\/2018\\\/05\\\/yzg-pressebilder-3.jpg\",\"contentUrl\":\"https:\\\/\\\/leregardlibre.com\\\/wp-content\\\/uploads\\\/2018\\\/05\\\/yzg-pressebilder-3.jpg\",\"width\":2362,\"height\":1575},{\"@type\":\"BreadcrumbList\",\"@id\":\"https:\\\/\\\/leregardlibre.com\\\/cinema\\\/films\\\/yvette-zgraggen-une-femme-precurseure\\\/#breadcrumb\",\"itemListElement\":[{\"@type\":\"ListItem\",\"position\":1,\"name\":\"Accueil\",\"item\":\"https:\\\/\\\/leregardlibre.com\\\/\"},{\"@type\":\"ListItem\",\"position\":2,\"name\":\"Yvette Z\u2019Graggen, une femme pr\u00e9curseure\"}]},{\"@type\":\"WebSite\",\"@id\":\"https:\\\/\\\/leregardlibre.com\\\/#website\",\"url\":\"https:\\\/\\\/leregardlibre.com\\\/\",\"name\":\"Le Regard Libre\",\"description\":\"Premier mensuel suisse de d\u00e9bat\",\"publisher\":{\"@id\":\"https:\\\/\\\/leregardlibre.com\\\/#organization\"},\"potentialAction\":[{\"@type\":\"SearchAction\",\"target\":{\"@type\":\"EntryPoint\",\"urlTemplate\":\"https:\\\/\\\/leregardlibre.com\\\/?s={search_term_string}\"},\"query-input\":{\"@type\":\"PropertyValueSpecification\",\"valueRequired\":true,\"valueName\":\"search_term_string\"}}],\"inLanguage\":\"de\"},{\"@type\":\"Organization\",\"@id\":\"https:\\\/\\\/leregardlibre.com\\\/#organization\",\"name\":\"Le Regard Libre\",\"url\":\"https:\\\/\\\/leregardlibre.com\\\/\",\"logo\":{\"@type\":\"ImageObject\",\"inLanguage\":\"de\",\"@id\":\"https:\\\/\\\/leregardlibre.com\\\/#\\\/schema\\\/logo\\\/image\\\/\",\"url\":\"https:\\\/\\\/leregardlibre.com\\\/wp-content\\\/uploads\\\/2025\\\/08\\\/logo-rl-icone-neg.jpeg\",\"contentUrl\":\"https:\\\/\\\/leregardlibre.com\\\/wp-content\\\/uploads\\\/2025\\\/08\\\/logo-rl-icone-neg.jpeg\",\"width\":557,\"height\":556,\"caption\":\"Le Regard Libre\"},\"image\":{\"@id\":\"https:\\\/\\\/leregardlibre.com\\\/#\\\/schema\\\/logo\\\/image\\\/\"},\"sameAs\":[\"https:\\\/\\\/www.facebook.com\\\/leregardlibre\\\/\",\"https:\\\/\\\/x.com\\\/LeRegardLibre\",\"https:\\\/\\\/www.linkedin.com\\\/company\\\/le-regard-libre\",\"https:\\\/\\\/www.instagram.com\\\/leregardlibre\\\/\",\"http:\\\/\\\/t.me\\\/leregardlibre\",\"https:\\\/\\\/youtube.com\\\/channel\\\/UC6HzGPomj1LsUmlz-sJtITQ\"],\"description\":\"Le Regard Libre est un mensuel suisse de d\u00e9bat intellectuel et culturel. Sa r\u00e9daction est jeune, b\u00e9n\u00e9vole, lib\u00e9rale et pluraliste. Le magazine para\u00eet en ligne et sous forme papier. Sa langue est le fran\u00e7ais.\",\"email\":\"redaction@leregardlibre.com\",\"legalName\":\"Le Regard Libre\",\"foundingDate\":\"2014-01-01\",\"numberOfEmployees\":{\"@type\":\"QuantitativeValue\",\"minValue\":\"11\",\"maxValue\":\"50\"},\"publishingPrinciples\":\"https:\\\/\\\/leregardlibre.com\\\/a-propos\\\/notre-manifeste\\\/\",\"ownershipFundingInfo\":\"https:\\\/\\\/leregardlibre.com\\\/mentions-legales\\\/\",\"actionableFeedbackPolicy\":\"https:\\\/\\\/leregardlibre.com\\\/conditions-generales-de-vente\\\/\"},{\"@type\":\"Person\",\"@id\":\"https:\\\/\\\/leregardlibre.com\\\/#\\\/schema\\\/person\\\/634006bb230566361a27c65cfd0aaf24\",\"name\":\"Alexandre W\u00e4lti\",\"image\":{\"@type\":\"ImageObject\",\"inLanguage\":\"de\",\"@id\":\"https:\\\/\\\/secure.gravatar.com\\\/avatar\\\/f7336d62d9c120955b2d7027964ca5a2e0245c0903661056e2e625d561f30fef?s=96&d=identicon&r=g\",\"url\":\"https:\\\/\\\/secure.gravatar.com\\\/avatar\\\/f7336d62d9c120955b2d7027964ca5a2e0245c0903661056e2e625d561f30fef?s=96&d=identicon&r=g\",\"contentUrl\":\"https:\\\/\\\/secure.gravatar.com\\\/avatar\\\/f7336d62d9c120955b2d7027964ca5a2e0245c0903661056e2e625d561f30fef?s=96&d=identicon&r=g\",\"caption\":\"Alexandre W\u00e4lti\"},\"sameAs\":[\"https:\\\/\\\/leregardlibre.com\\\/\"],\"url\":\"https:\\\/\\\/leregardlibre.com\\\/de\\\/author\\\/alexandre-waelti\\\/\"}]}<\/script>\n<!-- \/ Yoast SEO Premium plugin. -->","yoast_head_json":{"title":"Yvette Z'Graggen, eine Vordenkerin","robots":{"index":"index","follow":"follow","max-snippet":"max-snippet:-1","max-image-preview":"max-image-preview:large","max-video-preview":"max-video-preview:-1"},"canonical":"https:\/\/leregardlibre.com\/de\/kino\/filme\/yvette-zgraggen-eine-vorreiterin\/","og_locale":"de_DE","og_type":"article","og_title":"Yvette Z\u2019Graggen, une femme pr\u00e9curseure","og_description":"Les mercredis du cin\u00e9ma\u00a0\u2013 Alexandre W\u00e4lti C\u2019est peut-\u00eatre l\u2019histoire d\u2019une exil\u00e9e de l\u2019int\u00e9rieur. Non seulement Yvette Z\u2019Graggen a grandi tiraill\u00e9e...","og_url":"https:\/\/leregardlibre.com\/de\/kino\/filme\/yvette-zgraggen-eine-vorreiterin\/","og_site_name":"Le Regard Libre","article_publisher":"https:\/\/www.facebook.com\/leregardlibre\/","article_published_time":"2018-05-09T19:29:19+00:00","article_modified_time":"2025-12-04T21:49:16+00:00","og_image":[{"width":2362,"height":1575,"url":"https:\/\/leregardlibre.com\/wp-content\/uploads\/2018\/05\/yzg-pressebilder-3.jpg","type":"image\/jpeg"}],"author":"Alexandre W\u00e4lti","twitter_card":"summary_large_image","twitter_creator":"@LeRegardLibre","twitter_site":"@LeRegardLibre","twitter_misc":{"Verfasst von":"Alexandre W\u00e4lti","Gesch\u00e4tzte Lesezeit":"4\u00a0Minuten"},"schema":{"@context":"https:\/\/schema.org","@graph":[{"@type":"Article","@id":"https:\/\/leregardlibre.com\/cinema\/films\/yvette-zgraggen-une-femme-precurseure\/#article","isPartOf":{"@id":"https:\/\/leregardlibre.com\/cinema\/films\/yvette-zgraggen-une-femme-precurseure\/"},"author":{"name":"Alexandre W\u00e4lti","@id":"https:\/\/leregardlibre.com\/#\/schema\/person\/634006bb230566361a27c65cfd0aaf24"},"headline":"Yvette Z\u2019Graggen, une femme pr\u00e9curseure","datePublished":"2018-05-09T19:29:19+00:00","dateModified":"2025-12-04T21:49:16+00:00","mainEntityOfPage":{"@id":"https:\/\/leregardlibre.com\/cinema\/films\/yvette-zgraggen-une-femme-precurseure\/"},"wordCount":807,"commentCount":1,"publisher":{"@id":"https:\/\/leregardlibre.com\/#organization"},"image":{"@id":"https:\/\/leregardlibre.com\/cinema\/films\/yvette-zgraggen-une-femme-precurseure\/#primaryimage"},"thumbnailUrl":"https:\/\/leregardlibre.com\/wp-content\/uploads\/2018\/05\/yzg-pressebilder-3.jpg","keywords":["Documentaire","Femmes","fr\u00e9d\u00e9ric gonseth","Guerre","les ann\u00e9es silencieuses","Libert\u00e9","Seconde Guerre mondiale","XXe si\u00e8cle","yvette z'graggen"],"articleSection":["Films"],"inLanguage":"de","potentialAction":[{"@type":"CommentAction","name":"Comment","target":["https:\/\/leregardlibre.com\/cinema\/films\/yvette-zgraggen-une-femme-precurseure\/#respond"]}]},{"@type":"WebPage","@id":"https:\/\/leregardlibre.com\/cinema\/films\/yvette-zgraggen-une-femme-precurseure\/","url":"https:\/\/leregardlibre.com\/cinema\/films\/yvette-zgraggen-une-femme-precurseure\/","name":"Yvette Z'Graggen, eine Vordenkerin","isPartOf":{"@id":"https:\/\/leregardlibre.com\/#website"},"primaryImageOfPage":{"@id":"https:\/\/leregardlibre.com\/cinema\/films\/yvette-zgraggen-une-femme-precurseure\/#primaryimage"},"image":{"@id":"https:\/\/leregardlibre.com\/cinema\/films\/yvette-zgraggen-une-femme-precurseure\/#primaryimage"},"thumbnailUrl":"https:\/\/leregardlibre.com\/wp-content\/uploads\/2018\/05\/yzg-pressebilder-3.jpg","datePublished":"2018-05-09T19:29:19+00:00","dateModified":"2025-12-04T21:49:16+00:00","breadcrumb":{"@id":"https:\/\/leregardlibre.com\/cinema\/films\/yvette-zgraggen-une-femme-precurseure\/#breadcrumb"},"inLanguage":"de","potentialAction":[{"@type":"ReadAction","target":["https:\/\/leregardlibre.com\/cinema\/films\/yvette-zgraggen-une-femme-precurseure\/"]}]},{"@type":"ImageObject","inLanguage":"de","@id":"https:\/\/leregardlibre.com\/cinema\/films\/yvette-zgraggen-une-femme-precurseure\/#primaryimage","url":"https:\/\/leregardlibre.com\/wp-content\/uploads\/2018\/05\/yzg-pressebilder-3.jpg","contentUrl":"https:\/\/leregardlibre.com\/wp-content\/uploads\/2018\/05\/yzg-pressebilder-3.jpg","width":2362,"height":1575},{"@type":"BreadcrumbList","@id":"https:\/\/leregardlibre.com\/cinema\/films\/yvette-zgraggen-une-femme-precurseure\/#breadcrumb","itemListElement":[{"@type":"ListItem","position":1,"name":"Accueil","item":"https:\/\/leregardlibre.com\/"},{"@type":"ListItem","position":2,"name":"Yvette Z\u2019Graggen, une femme pr\u00e9curseure"}]},{"@type":"WebSite","@id":"https:\/\/leregardlibre.com\/#website","url":"https:\/\/leregardlibre.com\/","name":"Le Regard Libre","description":"Erste Schweizer Monatszeitschrift f\u00fcr Debatten","publisher":{"@id":"https:\/\/leregardlibre.com\/#organization"},"potentialAction":[{"@type":"SearchAction","target":{"@type":"EntryPoint","urlTemplate":"https:\/\/leregardlibre.com\/?s={search_term_string}"},"query-input":{"@type":"PropertyValueSpecification","valueRequired":true,"valueName":"search_term_string"}}],"inLanguage":"de"},{"@type":"Organization","@id":"https:\/\/leregardlibre.com\/#organization","name":"Le Regard Libre","url":"https:\/\/leregardlibre.com\/","logo":{"@type":"ImageObject","inLanguage":"de","@id":"https:\/\/leregardlibre.com\/#\/schema\/logo\/image\/","url":"https:\/\/leregardlibre.com\/wp-content\/uploads\/2025\/08\/logo-rl-icone-neg.jpeg","contentUrl":"https:\/\/leregardlibre.com\/wp-content\/uploads\/2025\/08\/logo-rl-icone-neg.jpeg","width":557,"height":556,"caption":"Le Regard Libre"},"image":{"@id":"https:\/\/leregardlibre.com\/#\/schema\/logo\/image\/"},"sameAs":["https:\/\/www.facebook.com\/leregardlibre\/","https:\/\/x.com\/LeRegardLibre","https:\/\/www.linkedin.com\/company\/le-regard-libre","https:\/\/www.instagram.com\/leregardlibre\/","http:\/\/t.me\/leregardlibre","https:\/\/youtube.com\/channel\/UC6HzGPomj1LsUmlz-sJtITQ"],"description":"Le Regard Libre ist eine Schweizer Monatszeitschrift f\u00fcr intellektuelle und kulturelle Debatten. Seine Redaktion ist jung, ehrenamtlich, liberal und pluralistisch. Das Magazin erscheint online und in gedruckter Form. Seine Sprache ist Franz\u00f6sisch.","email":"redaction@leregardlibre.com","legalName":"Le Regard Libre","foundingDate":"2014-01-01","numberOfEmployees":{"@type":"QuantitativeValue","minValue":"11","maxValue":"50"},"publishingPrinciples":"https:\/\/leregardlibre.com\/a-propos\/notre-manifeste\/","ownershipFundingInfo":"https:\/\/leregardlibre.com\/mentions-legales\/","actionableFeedbackPolicy":"https:\/\/leregardlibre.com\/conditions-generales-de-vente\/"},{"@type":"Person","@id":"https:\/\/leregardlibre.com\/#\/schema\/person\/634006bb230566361a27c65cfd0aaf24","name":"Alexandre W\u00e4lti","image":{"@type":"ImageObject","inLanguage":"de","@id":"https:\/\/secure.gravatar.com\/avatar\/f7336d62d9c120955b2d7027964ca5a2e0245c0903661056e2e625d561f30fef?s=96&d=identicon&r=g","url":"https:\/\/secure.gravatar.com\/avatar\/f7336d62d9c120955b2d7027964ca5a2e0245c0903661056e2e625d561f30fef?s=96&d=identicon&r=g","contentUrl":"https:\/\/secure.gravatar.com\/avatar\/f7336d62d9c120955b2d7027964ca5a2e0245c0903661056e2e625d561f30fef?s=96&d=identicon&r=g","caption":"Alexandre W\u00e4lti"},"sameAs":["https:\/\/leregardlibre.com\/"],"url":"https:\/\/leregardlibre.com\/de\/author\/alexandre-waelti\/"}]}},"_links":{"self":[{"href":"https:\/\/leregardlibre.com\/de\/wp-json\/wp\/v2\/posts\/15332","targetHints":{"allow":["GET"]}}],"collection":[{"href":"https:\/\/leregardlibre.com\/de\/wp-json\/wp\/v2\/posts"}],"about":[{"href":"https:\/\/leregardlibre.com\/de\/wp-json\/wp\/v2\/types\/post"}],"author":[{"embeddable":true,"href":"https:\/\/leregardlibre.com\/de\/wp-json\/wp\/v2\/users\/335"}],"replies":[{"embeddable":true,"href":"https:\/\/leregardlibre.com\/de\/wp-json\/wp\/v2\/comments?post=15332"}],"version-history":[{"count":1,"href":"https:\/\/leregardlibre.com\/de\/wp-json\/wp\/v2\/posts\/15332\/revisions"}],"predecessor-version":[{"id":509823,"href":"https:\/\/leregardlibre.com\/de\/wp-json\/wp\/v2\/posts\/15332\/revisions\/509823"}],"wp:featuredmedia":[{"embeddable":true,"href":"https:\/\/leregardlibre.com\/de\/wp-json\/wp\/v2\/media\/15333"}],"wp:attachment":[{"href":"https:\/\/leregardlibre.com\/de\/wp-json\/wp\/v2\/media?parent=15332"}],"wp:term":[{"taxonomy":"category","embeddable":true,"href":"https:\/\/leregardlibre.com\/de\/wp-json\/wp\/v2\/categories?post=15332"},{"taxonomy":"post_tag","embeddable":true,"href":"https:\/\/leregardlibre.com\/de\/wp-json\/wp\/v2\/tags?post=15332"}],"curies":[{"name":"wp","href":"https:\/\/api.w.org\/{rel}","templated":true}]}}