{"id":15519,"date":"2018-05-29T20:40:45","date_gmt":"2018-05-29T19:40:45","guid":{"rendered":"http:\/\/leregardlibre.com\/?p=15519"},"modified":"2022-09-25T16:24:26","modified_gmt":"2022-09-25T14:24:26","slug":"la-couleuvre-qui-se-mordait-la-queue-une-poesie-qui-joue-et-qui-surprend","status":"publish","type":"post","link":"https:\/\/leregardlibre.com\/de\/literatur\/la-couleuvre-qui-se-mordait-la-queue-une-poesie-qui-joue-et-qui-surprend\/","title":{"rendered":"\u00abDie Natter, die sich in den Schwanz biss\u00bb - Poesie, die spielt und \u00fcberrascht"},"content":{"rendered":"<p><em>Die Westschweizer Briefe vom Dienstag - Loris S. Musumeci<\/em><\/p>\n<p>Ein bisschen Poesie f\u00fcr heute. Punkt der singenden Klassik <em>das lange Schluchzen der Geigen <\/em>in einer Welt, in der <em>alles ist Ordnung und Sch\u00f6nheit, Luxus, Ruhe und Genuss<\/em>. Sondern leichte, lokale Poesie von einem einfachen Mann, der im sozialen Bereich arbeitet: Pierre-Andr\u00e9 Milhit. Unpr\u00e4tenti\u00f6s liefert der Walliser Autor seinen wenigen Lesern ein kurzes Werk, das die Glocken des Humors l\u00e4utet, in einem b\u00e4uerlichen Kontext, wo Wein und Tier den Alltag ausmachen.<\/p>\n<p><!--more--><\/p>\n<p><em>La couleuvre qui se mordait la queue\u00a0<\/em>donne au premier abord l\u2019impression d\u2019avoir succomb\u00e9 \u00e0 une supercherie. Le livre est fin\u00a0; sa couverture, blanc cass\u00e9 sur un papier typ\u00e9 et rugueux\u00a0; la police, sobre\u00a0; l\u2019ensemble, \u00e9l\u00e9gant. Les Editions d\u2019autre part ont assur\u00e9ment r\u00e9ussi leur coup. Pourtant, quelques pages sont tourn\u00e9es que vient un premier po\u00e8me qui ne couvre ni la moiti\u00e9 ni le quart ni le huiti\u00e8me de la page. Un premier po\u00e8me s\u2019affichant fi\u00e8rement en deux mots\u00a0: \u00ab\u00a0je dis\u00a0\u00bb. Mon Dieu\u00a0! Et le titre\u00a0: \u00ab\u00a02\u00a0\u00bb. Est-ce trop compliqu\u00e9 de commencer un premier po\u00e8me par \u00ab\u00a01\u00a0\u00bb\u00a0? Si le soi-disant po\u00e8te veut faire l\u2019\u00e9conomie de trouver des titres, qu\u2019il inscrive au moins des chiffres dans l\u2019ordre.<\/p>\n<p>Heureusement, la prochaine page a plus de contenu et le lecteur s\u2019en voit \u00e9videmment rassur\u00e9\u00a0; trois mots \u00ab\u00a0absolument je crie\u00a0\u00bb. Devinez le titre\u00a0: \u00ab\u00a03\u00a0\u00bb. Etat des lieux\u00a0: nous en sommes \u00e0 la page 10 de l\u2019ouvrage et nous n\u2019avons lu que cinq mots. Aussi nobles et \u00e9vocateurs de sens soient-ils, cela ne suffit pas apr\u00e8s avoir d\u00e9bours\u00e9 vingt-trois pr\u00e9cieux francs suisses. Que faire\u00a0? Jeter le livre \u00e0 terre en maugr\u00e9ant, en critiquant am\u00e8rement la po\u00e9sie contemporaine et les auteurs suisses\u00a0? Ramener le livre en libraire pr\u00e9tendant face \u00e0 une vendeuse au regard innocent qu\u2019on s\u2019est tromp\u00e9 d\u2019ouvrage\u00a0? Ou continuer\u00a0?<\/p>\n<p>Puisqu\u2019il y a article, il y a finalement bel et bien eu lecture, accompagn\u00e9e de joyeuses surprises. Pierre-Andr\u00e9 Milhit continue \u00e0 titrer ses po\u00e8mes par des chiffres et voil\u00e0 qu\u2019une coh\u00e9rence appara\u00eet. Non seulement ceux-ci avancent en ordre croissant jusqu\u2019\u00e0 la moiti\u00e9 de l\u2019ouvrage, mais en plus, ils indiquent le nombre de mots que contient le po\u00e8me. On comprend l\u00e0 qu\u2019on a affaire \u00e0 un auteur joueur. En outre, son jeu ne s\u2019arr\u00eate pas \u00e0 la structure du dit palindrome. Il joue avec les mots, les rythmes et les sons pour leur faire dire ce qu\u2019il voit autour de lui.<\/p>\n<p>La campagne, les oiseaux, le village, les cur\u00e9s et les vignes. Tous les po\u00e8mes tournent autour de ces \u00e9l\u00e9ments, usant tant\u00f4t de l\u2019humour, voire de la moquerie, tant\u00f4t la sensualit\u00e9 et m\u00eame une profonde sensitivit\u00e9. \u00ab\u00a0le vin \/ cette sueur de chaille \/ claque sur la langue \/ comme le fouet du cosaque \/ le fantasme se d\u00e9pose \/ au fond du verre\u00a0\u00bb. Des vers libres, cela va sans dire\u00a0; mais des vers qui r\u00e9v\u00e8lent une exp\u00e9rience de la terre et du r\u00e9el, et qui sont comme un \u00e9cho de nos propres exp\u00e9riences, enfouies dans les sens. \u00ab\u00a0Le vin claque sur la langue\u00a0\u00bb, c\u2019est bien vrai.<\/p>\n<p>Hormis les vers de provocations quelque peu gratuites et salasses comme \u00ab\u00a0une cane de l\u2019\u00e9tang vient soudoyer le coq du clocher \/ la sacristaine s\u2019\u00e9moustille et fait son eucharistie \/ je masturbe le ciel pour boire le lait des \u00e9toiles\u00a0\u00bb, le po\u00e8te va creuser des \u00e9motions plus tragiques dans le ventre de son lecteur par des mots bouleversants et magnifiques\u00a0: \u00ab\u00a0le limon s\u2019impr\u00e8gne du chagrin des hommes \/ les \u00e9pid\u00e9mies \/ les guerres \/ les r\u00e9coltes an\u00e9anties par la gr\u00eale \/ le troupeau d\u00e9roch\u00e9 \/ la mort du petit dernier \/ l\u2019accident du p\u00e8re \u00bb.<\/p>\n<p>Pierre-Andr\u00e9 Milhit ne se prend peut-\u00eatre m\u00eame pas pour un po\u00e8te. C\u2019est un homme simple qui joue des mots et prend plaisir \u00e0 partager son loisir. N\u00e9anmoins, son ouvrage n\u2019est pas que digne d\u2019\u00eatre lu\u00a0; il m\u00e9rite surtout \u00e0 \u00eatre entendu, tant la musique parfois jazzy, parfois folklorique qui l\u2019accompagne est plaisante et douce \u00e0 l\u2019oreille. Pour nous emmener dans la nature des villages qui nous entoure et red\u00e9couvrir la subtilit\u00e9 des sens.<\/p>\n<p><em>Schreiben Sie dem Autor : <a href=\"mailto:loris.musumeci@leregardlibre.com\">loris.musumeci@leregardlibre.com<\/a><\/em><\/p>\n<p>Cr\u00e9dit photo : \u00a9 Editions d&#8217;autre part<\/p>\n<h6><em>La couleuvre qui se mordait la queue<\/em><br \/>\nPierre-Andr\u00e9 Milhit<br \/>\nEditions d&#8217;autre part<br \/>\n119 pages<\/h6>","protected":false},"excerpt":{"rendered":"<p>Les lettres romandes du mardi\u00a0\u2013 Loris S. Musumeci Un peu de po\u00e9sie pour aujourd\u2019hui. Point de classique chantant les sanglots&#8230;<\/p>","protected":false},"author":18,"featured_media":15521,"comment_status":"open","ping_status":"open","sticky":false,"template":"","format":"standard","meta":{"_acf_changed":false,"footnotes":""},"categories":[20663],"tags":[1766087,54879,35,635376856,16662,230494338,14831,158518,237239,281566,140969,62044],"class_list":["post-15519","post","type-post","status-publish","format-standard","has-post-thumbnail","hentry","category-litterature","tag-bete","tag-critiques-litteraires","tag-humour","tag-la-couleuvre-qui-se-mordait-la-queue","tag-palindrome","tag-pierre-andre-milhit","tag-poesie","tag-reel","tag-terre","tag-valais","tag-village","tag-vin"],"acf":[],"yoast_head":"<!-- This site is optimized with the Yoast SEO Premium plugin v27.4 (Yoast SEO v27.4) - https:\/\/yoast.com\/product\/yoast-seo-premium-wordpress\/ -->\n<title>\u00abLa couleuvre qui se mordait la queue\u00bb, une po\u00e9sie qui joue et qui surprend<\/title>\n<meta name=\"robots\" content=\"index, follow, max-snippet:-1, max-image-preview:large, max-video-preview:-1\" \/>\n<link rel=\"canonical\" href=\"https:\/\/leregardlibre.com\/de\/literatur\/la-couleuvre-qui-se-mordait-la-queue-une-poesie-qui-joue-et-qui-surprend\/\" \/>\n<meta property=\"og:locale\" content=\"de_DE\" \/>\n<meta property=\"og:type\" content=\"article\" \/>\n<meta property=\"og:title\" content=\"\u00abLa couleuvre qui se mordait la queue\u00bb, une po\u00e9sie qui joue et qui surprend\" \/>\n<meta property=\"og:description\" content=\"Les lettres romandes du mardi\u00a0\u2013 Loris S. Musumeci Un peu de po\u00e9sie pour aujourd\u2019hui. Point de classique chantant les sanglots...\" \/>\n<meta property=\"og:url\" content=\"https:\/\/leregardlibre.com\/de\/literatur\/la-couleuvre-qui-se-mordait-la-queue-une-poesie-qui-joue-et-qui-surprend\/\" \/>\n<meta property=\"og:site_name\" content=\"Le Regard Libre\" \/>\n<meta property=\"article:publisher\" content=\"https:\/\/www.facebook.com\/leregardlibre\/\" \/>\n<meta property=\"article:published_time\" content=\"2018-05-29T19:40:45+00:00\" \/>\n<meta property=\"article:modified_time\" content=\"2022-09-25T14:24:26+00:00\" \/>\n<meta property=\"og:image\" content=\"https:\/\/leregardlibre.com\/wp-content\/uploads\/2018\/05\/dsc_1087-1024x576.jpg\" \/>\n\t<meta property=\"og:image:width\" content=\"1024\" \/>\n\t<meta property=\"og:image:height\" content=\"576\" \/>\n\t<meta property=\"og:image:type\" content=\"image\/jpeg\" \/>\n<meta name=\"author\" content=\"Loris S. Musumeci\" \/>\n<meta name=\"twitter:card\" content=\"summary_large_image\" \/>\n<meta name=\"twitter:creator\" content=\"@LeRegardLibre\" \/>\n<meta name=\"twitter:site\" content=\"@LeRegardLibre\" \/>\n<meta name=\"twitter:label1\" content=\"Verfasst von\" \/>\n\t<meta name=\"twitter:data1\" content=\"Loris S. Musumeci\" \/>\n\t<meta name=\"twitter:label2\" content=\"Gesch\u00e4tzte Lesezeit\" \/>\n\t<meta name=\"twitter:data2\" content=\"4\u00a0Minuten\" \/>\n<script type=\"application\/ld+json\" class=\"yoast-schema-graph\">{\"@context\":\"https:\\\/\\\/schema.org\",\"@graph\":[{\"@type\":\"Article\",\"@id\":\"https:\\\/\\\/leregardlibre.com\\\/litterature\\\/la-couleuvre-qui-se-mordait-la-queue-une-poesie-qui-joue-et-qui-surprend\\\/#article\",\"isPartOf\":{\"@id\":\"https:\\\/\\\/leregardlibre.com\\\/litterature\\\/la-couleuvre-qui-se-mordait-la-queue-une-poesie-qui-joue-et-qui-surprend\\\/\"},\"author\":{\"name\":\"Loris S. Musumeci\",\"@id\":\"https:\\\/\\\/leregardlibre.com\\\/#\\\/schema\\\/person\\\/04d80ec47094bca6b1fa22dffad24005\"},\"headline\":\"\u00abLa couleuvre qui se mordait la queue\u00bb, une po\u00e9sie qui joue et qui surprend\",\"datePublished\":\"2018-05-29T19:40:45+00:00\",\"dateModified\":\"2022-09-25T14:24:26+00:00\",\"mainEntityOfPage\":{\"@id\":\"https:\\\/\\\/leregardlibre.com\\\/litterature\\\/la-couleuvre-qui-se-mordait-la-queue-une-poesie-qui-joue-et-qui-surprend\\\/\"},\"wordCount\":778,\"commentCount\":0,\"publisher\":{\"@id\":\"https:\\\/\\\/leregardlibre.com\\\/#organization\"},\"image\":{\"@id\":\"https:\\\/\\\/leregardlibre.com\\\/litterature\\\/la-couleuvre-qui-se-mordait-la-queue-une-poesie-qui-joue-et-qui-surprend\\\/#primaryimage\"},\"thumbnailUrl\":\"https:\\\/\\\/leregardlibre.com\\\/wp-content\\\/uploads\\\/2018\\\/05\\\/dsc_1087-scaled.jpg\",\"keywords\":[\"b\u00eate\",\"Critique litt\u00e9raire\",\"Humour\",\"la couleuvre qui se mordait la queue\",\"palindrome\",\"pierre-andr\u00e9 milhit\",\"Po\u00e9sie\",\"r\u00e9el\",\"terre\",\"Valais\",\"village\",\"Vin\"],\"articleSection\":[\"Litt\u00e9rature\"],\"inLanguage\":\"de\",\"potentialAction\":[{\"@type\":\"CommentAction\",\"name\":\"Comment\",\"target\":[\"https:\\\/\\\/leregardlibre.com\\\/litterature\\\/la-couleuvre-qui-se-mordait-la-queue-une-poesie-qui-joue-et-qui-surprend\\\/#respond\"]}]},{\"@type\":\"WebPage\",\"@id\":\"https:\\\/\\\/leregardlibre.com\\\/litterature\\\/la-couleuvre-qui-se-mordait-la-queue-une-poesie-qui-joue-et-qui-surprend\\\/\",\"url\":\"https:\\\/\\\/leregardlibre.com\\\/litterature\\\/la-couleuvre-qui-se-mordait-la-queue-une-poesie-qui-joue-et-qui-surprend\\\/\",\"name\":\"\u00abLa couleuvre qui se mordait la queue\u00bb, une po\u00e9sie qui joue et qui surprend\",\"isPartOf\":{\"@id\":\"https:\\\/\\\/leregardlibre.com\\\/#website\"},\"primaryImageOfPage\":{\"@id\":\"https:\\\/\\\/leregardlibre.com\\\/litterature\\\/la-couleuvre-qui-se-mordait-la-queue-une-poesie-qui-joue-et-qui-surprend\\\/#primaryimage\"},\"image\":{\"@id\":\"https:\\\/\\\/leregardlibre.com\\\/litterature\\\/la-couleuvre-qui-se-mordait-la-queue-une-poesie-qui-joue-et-qui-surprend\\\/#primaryimage\"},\"thumbnailUrl\":\"https:\\\/\\\/leregardlibre.com\\\/wp-content\\\/uploads\\\/2018\\\/05\\\/dsc_1087-scaled.jpg\",\"datePublished\":\"2018-05-29T19:40:45+00:00\",\"dateModified\":\"2022-09-25T14:24:26+00:00\",\"breadcrumb\":{\"@id\":\"https:\\\/\\\/leregardlibre.com\\\/litterature\\\/la-couleuvre-qui-se-mordait-la-queue-une-poesie-qui-joue-et-qui-surprend\\\/#breadcrumb\"},\"inLanguage\":\"de\",\"potentialAction\":[{\"@type\":\"ReadAction\",\"target\":[\"https:\\\/\\\/leregardlibre.com\\\/litterature\\\/la-couleuvre-qui-se-mordait-la-queue-une-poesie-qui-joue-et-qui-surprend\\\/\"]}]},{\"@type\":\"ImageObject\",\"inLanguage\":\"de\",\"@id\":\"https:\\\/\\\/leregardlibre.com\\\/litterature\\\/la-couleuvre-qui-se-mordait-la-queue-une-poesie-qui-joue-et-qui-surprend\\\/#primaryimage\",\"url\":\"https:\\\/\\\/leregardlibre.com\\\/wp-content\\\/uploads\\\/2018\\\/05\\\/dsc_1087-scaled.jpg\",\"contentUrl\":\"https:\\\/\\\/leregardlibre.com\\\/wp-content\\\/uploads\\\/2018\\\/05\\\/dsc_1087-scaled.jpg\",\"width\":3840,\"height\":2160},{\"@type\":\"BreadcrumbList\",\"@id\":\"https:\\\/\\\/leregardlibre.com\\\/litterature\\\/la-couleuvre-qui-se-mordait-la-queue-une-poesie-qui-joue-et-qui-surprend\\\/#breadcrumb\",\"itemListElement\":[{\"@type\":\"ListItem\",\"position\":1,\"name\":\"Accueil\",\"item\":\"https:\\\/\\\/leregardlibre.com\\\/\"},{\"@type\":\"ListItem\",\"position\":2,\"name\":\"\u00abLa couleuvre qui se mordait la queue\u00bb, une po\u00e9sie qui joue et qui surprend\"}]},{\"@type\":\"WebSite\",\"@id\":\"https:\\\/\\\/leregardlibre.com\\\/#website\",\"url\":\"https:\\\/\\\/leregardlibre.com\\\/\",\"name\":\"Le Regard Libre\",\"description\":\"Premier mensuel suisse de d\u00e9bat\",\"publisher\":{\"@id\":\"https:\\\/\\\/leregardlibre.com\\\/#organization\"},\"potentialAction\":[{\"@type\":\"SearchAction\",\"target\":{\"@type\":\"EntryPoint\",\"urlTemplate\":\"https:\\\/\\\/leregardlibre.com\\\/?s={search_term_string}\"},\"query-input\":{\"@type\":\"PropertyValueSpecification\",\"valueRequired\":true,\"valueName\":\"search_term_string\"}}],\"inLanguage\":\"de\"},{\"@type\":\"Organization\",\"@id\":\"https:\\\/\\\/leregardlibre.com\\\/#organization\",\"name\":\"Le Regard Libre\",\"url\":\"https:\\\/\\\/leregardlibre.com\\\/\",\"logo\":{\"@type\":\"ImageObject\",\"inLanguage\":\"de\",\"@id\":\"https:\\\/\\\/leregardlibre.com\\\/#\\\/schema\\\/logo\\\/image\\\/\",\"url\":\"https:\\\/\\\/leregardlibre.com\\\/wp-content\\\/uploads\\\/2025\\\/08\\\/logo-rl-icone-neg.jpeg\",\"contentUrl\":\"https:\\\/\\\/leregardlibre.com\\\/wp-content\\\/uploads\\\/2025\\\/08\\\/logo-rl-icone-neg.jpeg\",\"width\":557,\"height\":556,\"caption\":\"Le Regard Libre\"},\"image\":{\"@id\":\"https:\\\/\\\/leregardlibre.com\\\/#\\\/schema\\\/logo\\\/image\\\/\"},\"sameAs\":[\"https:\\\/\\\/www.facebook.com\\\/leregardlibre\\\/\",\"https:\\\/\\\/x.com\\\/LeRegardLibre\",\"https:\\\/\\\/www.linkedin.com\\\/company\\\/le-regard-libre\",\"https:\\\/\\\/www.instagram.com\\\/leregardlibre\\\/\",\"http:\\\/\\\/t.me\\\/leregardlibre\",\"https:\\\/\\\/youtube.com\\\/channel\\\/UC6HzGPomj1LsUmlz-sJtITQ\"],\"description\":\"Le Regard Libre est un mensuel suisse de d\u00e9bat intellectuel et culturel. Sa r\u00e9daction est jeune, b\u00e9n\u00e9vole, lib\u00e9rale et pluraliste. Le magazine para\u00eet en ligne et sous forme papier. Sa langue est le fran\u00e7ais.\",\"email\":\"redaction@leregardlibre.com\",\"legalName\":\"Le Regard Libre\",\"foundingDate\":\"2014-01-01\",\"numberOfEmployees\":{\"@type\":\"QuantitativeValue\",\"minValue\":\"11\",\"maxValue\":\"50\"},\"publishingPrinciples\":\"https:\\\/\\\/leregardlibre.com\\\/a-propos\\\/notre-manifeste\\\/\",\"ownershipFundingInfo\":\"https:\\\/\\\/leregardlibre.com\\\/mentions-legales\\\/\",\"actionableFeedbackPolicy\":\"https:\\\/\\\/leregardlibre.com\\\/conditions-generales-de-vente\\\/\"},{\"@type\":\"Person\",\"@id\":\"https:\\\/\\\/leregardlibre.com\\\/#\\\/schema\\\/person\\\/04d80ec47094bca6b1fa22dffad24005\",\"name\":\"Loris S. Musumeci\",\"image\":{\"@type\":\"ImageObject\",\"inLanguage\":\"de\",\"@id\":\"https:\\\/\\\/secure.gravatar.com\\\/avatar\\\/fa476654dadfee0d962e80160d0303549febb2769f8fa26c7a1ebe037f7c7c54?s=96&d=identicon&r=g\",\"url\":\"https:\\\/\\\/secure.gravatar.com\\\/avatar\\\/fa476654dadfee0d962e80160d0303549febb2769f8fa26c7a1ebe037f7c7c54?s=96&d=identicon&r=g\",\"contentUrl\":\"https:\\\/\\\/secure.gravatar.com\\\/avatar\\\/fa476654dadfee0d962e80160d0303549febb2769f8fa26c7a1ebe037f7c7c54?s=96&d=identicon&r=g\",\"caption\":\"Loris S. Musumeci\"},\"sameAs\":[\"https:\\\/\\\/leregardlibre.com\\\/\",\"https:\\\/\\\/fr.wikipedia.org\\\/wiki\\\/Le_Regard_libre\"],\"url\":\"https:\\\/\\\/leregardlibre.com\\\/de\\\/author\\\/loris-musumeci\\\/\"}]}<\/script>\n<!-- \/ Yoast SEO Premium plugin. -->","yoast_head_json":{"title":"\u00abDie Natter, die sich in den Schwanz biss\u00bb - Poesie, die spielt und \u00fcberrascht","robots":{"index":"index","follow":"follow","max-snippet":"max-snippet:-1","max-image-preview":"max-image-preview:large","max-video-preview":"max-video-preview:-1"},"canonical":"https:\/\/leregardlibre.com\/de\/literatur\/la-couleuvre-qui-se-mordait-la-queue-une-poesie-qui-joue-et-qui-surprend\/","og_locale":"de_DE","og_type":"article","og_title":"\u00abLa couleuvre qui se mordait la queue\u00bb, une po\u00e9sie qui joue et qui surprend","og_description":"Les lettres romandes du mardi\u00a0\u2013 Loris S. Musumeci Un peu de po\u00e9sie pour aujourd\u2019hui. Point de classique chantant les sanglots...","og_url":"https:\/\/leregardlibre.com\/de\/literatur\/la-couleuvre-qui-se-mordait-la-queue-une-poesie-qui-joue-et-qui-surprend\/","og_site_name":"Le Regard Libre","article_publisher":"https:\/\/www.facebook.com\/leregardlibre\/","article_published_time":"2018-05-29T19:40:45+00:00","article_modified_time":"2022-09-25T14:24:26+00:00","og_image":[{"width":1024,"height":576,"url":"https:\/\/leregardlibre.com\/wp-content\/uploads\/2018\/05\/dsc_1087-1024x576.jpg","type":"image\/jpeg"}],"author":"Loris S. Musumeci","twitter_card":"summary_large_image","twitter_creator":"@LeRegardLibre","twitter_site":"@LeRegardLibre","twitter_misc":{"Verfasst von":"Loris S. Musumeci","Gesch\u00e4tzte Lesezeit":"4\u00a0Minuten"},"schema":{"@context":"https:\/\/schema.org","@graph":[{"@type":"Article","@id":"https:\/\/leregardlibre.com\/litterature\/la-couleuvre-qui-se-mordait-la-queue-une-poesie-qui-joue-et-qui-surprend\/#article","isPartOf":{"@id":"https:\/\/leregardlibre.com\/litterature\/la-couleuvre-qui-se-mordait-la-queue-une-poesie-qui-joue-et-qui-surprend\/"},"author":{"name":"Loris S. Musumeci","@id":"https:\/\/leregardlibre.com\/#\/schema\/person\/04d80ec47094bca6b1fa22dffad24005"},"headline":"\u00abLa couleuvre qui se mordait la queue\u00bb, une po\u00e9sie qui joue et qui surprend","datePublished":"2018-05-29T19:40:45+00:00","dateModified":"2022-09-25T14:24:26+00:00","mainEntityOfPage":{"@id":"https:\/\/leregardlibre.com\/litterature\/la-couleuvre-qui-se-mordait-la-queue-une-poesie-qui-joue-et-qui-surprend\/"},"wordCount":778,"commentCount":0,"publisher":{"@id":"https:\/\/leregardlibre.com\/#organization"},"image":{"@id":"https:\/\/leregardlibre.com\/litterature\/la-couleuvre-qui-se-mordait-la-queue-une-poesie-qui-joue-et-qui-surprend\/#primaryimage"},"thumbnailUrl":"https:\/\/leregardlibre.com\/wp-content\/uploads\/2018\/05\/dsc_1087-scaled.jpg","keywords":["b\u00eate","Critique litt\u00e9raire","Humour","la couleuvre qui se mordait la queue","palindrome","pierre-andr\u00e9 milhit","Po\u00e9sie","r\u00e9el","terre","Valais","village","Vin"],"articleSection":["Litt\u00e9rature"],"inLanguage":"de","potentialAction":[{"@type":"CommentAction","name":"Comment","target":["https:\/\/leregardlibre.com\/litterature\/la-couleuvre-qui-se-mordait-la-queue-une-poesie-qui-joue-et-qui-surprend\/#respond"]}]},{"@type":"WebPage","@id":"https:\/\/leregardlibre.com\/litterature\/la-couleuvre-qui-se-mordait-la-queue-une-poesie-qui-joue-et-qui-surprend\/","url":"https:\/\/leregardlibre.com\/litterature\/la-couleuvre-qui-se-mordait-la-queue-une-poesie-qui-joue-et-qui-surprend\/","name":"\u00abDie Natter, die sich in den Schwanz biss\u00bb - Poesie, die spielt und \u00fcberrascht","isPartOf":{"@id":"https:\/\/leregardlibre.com\/#website"},"primaryImageOfPage":{"@id":"https:\/\/leregardlibre.com\/litterature\/la-couleuvre-qui-se-mordait-la-queue-une-poesie-qui-joue-et-qui-surprend\/#primaryimage"},"image":{"@id":"https:\/\/leregardlibre.com\/litterature\/la-couleuvre-qui-se-mordait-la-queue-une-poesie-qui-joue-et-qui-surprend\/#primaryimage"},"thumbnailUrl":"https:\/\/leregardlibre.com\/wp-content\/uploads\/2018\/05\/dsc_1087-scaled.jpg","datePublished":"2018-05-29T19:40:45+00:00","dateModified":"2022-09-25T14:24:26+00:00","breadcrumb":{"@id":"https:\/\/leregardlibre.com\/litterature\/la-couleuvre-qui-se-mordait-la-queue-une-poesie-qui-joue-et-qui-surprend\/#breadcrumb"},"inLanguage":"de","potentialAction":[{"@type":"ReadAction","target":["https:\/\/leregardlibre.com\/litterature\/la-couleuvre-qui-se-mordait-la-queue-une-poesie-qui-joue-et-qui-surprend\/"]}]},{"@type":"ImageObject","inLanguage":"de","@id":"https:\/\/leregardlibre.com\/litterature\/la-couleuvre-qui-se-mordait-la-queue-une-poesie-qui-joue-et-qui-surprend\/#primaryimage","url":"https:\/\/leregardlibre.com\/wp-content\/uploads\/2018\/05\/dsc_1087-scaled.jpg","contentUrl":"https:\/\/leregardlibre.com\/wp-content\/uploads\/2018\/05\/dsc_1087-scaled.jpg","width":3840,"height":2160},{"@type":"BreadcrumbList","@id":"https:\/\/leregardlibre.com\/litterature\/la-couleuvre-qui-se-mordait-la-queue-une-poesie-qui-joue-et-qui-surprend\/#breadcrumb","itemListElement":[{"@type":"ListItem","position":1,"name":"Accueil","item":"https:\/\/leregardlibre.com\/"},{"@type":"ListItem","position":2,"name":"\u00abLa couleuvre qui se mordait la queue\u00bb, une po\u00e9sie qui joue et qui surprend"}]},{"@type":"WebSite","@id":"https:\/\/leregardlibre.com\/#website","url":"https:\/\/leregardlibre.com\/","name":"Le Regard Libre","description":"Erste Schweizer Monatszeitschrift f\u00fcr Debatten","publisher":{"@id":"https:\/\/leregardlibre.com\/#organization"},"potentialAction":[{"@type":"SearchAction","target":{"@type":"EntryPoint","urlTemplate":"https:\/\/leregardlibre.com\/?s={search_term_string}"},"query-input":{"@type":"PropertyValueSpecification","valueRequired":true,"valueName":"search_term_string"}}],"inLanguage":"de"},{"@type":"Organization","@id":"https:\/\/leregardlibre.com\/#organization","name":"Le Regard Libre","url":"https:\/\/leregardlibre.com\/","logo":{"@type":"ImageObject","inLanguage":"de","@id":"https:\/\/leregardlibre.com\/#\/schema\/logo\/image\/","url":"https:\/\/leregardlibre.com\/wp-content\/uploads\/2025\/08\/logo-rl-icone-neg.jpeg","contentUrl":"https:\/\/leregardlibre.com\/wp-content\/uploads\/2025\/08\/logo-rl-icone-neg.jpeg","width":557,"height":556,"caption":"Le Regard Libre"},"image":{"@id":"https:\/\/leregardlibre.com\/#\/schema\/logo\/image\/"},"sameAs":["https:\/\/www.facebook.com\/leregardlibre\/","https:\/\/x.com\/LeRegardLibre","https:\/\/www.linkedin.com\/company\/le-regard-libre","https:\/\/www.instagram.com\/leregardlibre\/","http:\/\/t.me\/leregardlibre","https:\/\/youtube.com\/channel\/UC6HzGPomj1LsUmlz-sJtITQ"],"description":"Le Regard Libre ist eine Schweizer Monatszeitschrift f\u00fcr intellektuelle und kulturelle Debatten. Seine Redaktion ist jung, ehrenamtlich, liberal und pluralistisch. Das Magazin erscheint online und in gedruckter Form. Seine Sprache ist Franz\u00f6sisch.","email":"redaction@leregardlibre.com","legalName":"Le Regard Libre","foundingDate":"2014-01-01","numberOfEmployees":{"@type":"QuantitativeValue","minValue":"11","maxValue":"50"},"publishingPrinciples":"https:\/\/leregardlibre.com\/a-propos\/notre-manifeste\/","ownershipFundingInfo":"https:\/\/leregardlibre.com\/mentions-legales\/","actionableFeedbackPolicy":"https:\/\/leregardlibre.com\/conditions-generales-de-vente\/"},{"@type":"Person","@id":"https:\/\/leregardlibre.com\/#\/schema\/person\/04d80ec47094bca6b1fa22dffad24005","name":"Loris S. Musumeci","image":{"@type":"ImageObject","inLanguage":"de","@id":"https:\/\/secure.gravatar.com\/avatar\/fa476654dadfee0d962e80160d0303549febb2769f8fa26c7a1ebe037f7c7c54?s=96&d=identicon&r=g","url":"https:\/\/secure.gravatar.com\/avatar\/fa476654dadfee0d962e80160d0303549febb2769f8fa26c7a1ebe037f7c7c54?s=96&d=identicon&r=g","contentUrl":"https:\/\/secure.gravatar.com\/avatar\/fa476654dadfee0d962e80160d0303549febb2769f8fa26c7a1ebe037f7c7c54?s=96&d=identicon&r=g","caption":"Loris S. Musumeci"},"sameAs":["https:\/\/leregardlibre.com\/","https:\/\/fr.wikipedia.org\/wiki\/Le_Regard_libre"],"url":"https:\/\/leregardlibre.com\/de\/author\/loris-musumeci\/"}]}},"_links":{"self":[{"href":"https:\/\/leregardlibre.com\/de\/wp-json\/wp\/v2\/posts\/15519","targetHints":{"allow":["GET"]}}],"collection":[{"href":"https:\/\/leregardlibre.com\/de\/wp-json\/wp\/v2\/posts"}],"about":[{"href":"https:\/\/leregardlibre.com\/de\/wp-json\/wp\/v2\/types\/post"}],"author":[{"embeddable":true,"href":"https:\/\/leregardlibre.com\/de\/wp-json\/wp\/v2\/users\/18"}],"replies":[{"embeddable":true,"href":"https:\/\/leregardlibre.com\/de\/wp-json\/wp\/v2\/comments?post=15519"}],"version-history":[{"count":1,"href":"https:\/\/leregardlibre.com\/de\/wp-json\/wp\/v2\/posts\/15519\/revisions"}],"predecessor-version":[{"id":509853,"href":"https:\/\/leregardlibre.com\/de\/wp-json\/wp\/v2\/posts\/15519\/revisions\/509853"}],"wp:featuredmedia":[{"embeddable":true,"href":"https:\/\/leregardlibre.com\/de\/wp-json\/wp\/v2\/media\/15521"}],"wp:attachment":[{"href":"https:\/\/leregardlibre.com\/de\/wp-json\/wp\/v2\/media?parent=15519"}],"wp:term":[{"taxonomy":"category","embeddable":true,"href":"https:\/\/leregardlibre.com\/de\/wp-json\/wp\/v2\/categories?post=15519"},{"taxonomy":"post_tag","embeddable":true,"href":"https:\/\/leregardlibre.com\/de\/wp-json\/wp\/v2\/tags?post=15519"}],"curies":[{"name":"wp","href":"https:\/\/api.w.org\/{rel}","templated":true}]}}