{"id":15609,"date":"2018-06-06T03:36:38","date_gmt":"2018-06-06T02:36:38","guid":{"rendered":"http:\/\/leregardlibre.com\/?p=15609"},"modified":"2025-12-04T22:49:05","modified_gmt":"2025-12-04T21:49:05","slug":"lextraordinaire-voyage-du-fakir","status":"publish","type":"post","link":"https:\/\/leregardlibre.com\/de\/kino\/filme\/lextraordinaire-voyage-du-fakir\/","title":{"rendered":"Die au\u00dfergew\u00f6hnlichen Abenteuer eines strahlenden Fakirs"},"content":{"rendered":"<p><em>Les mercredidis du cin\u00e9ma - Alexandre W\u00e4lti<\/em><\/p>\n<p>Der Traum verl\u00e4ngert die Realit\u00e4t, vergr\u00f6\u00dfert sie oder macht sie manchmal weniger hart. Er kann auch zu einem Lebensziel f\u00fchren, auf das man sich mit Gelassenheit st\u00fctzen kann. Zwei S\u00e4tze, die den Hintergrund des Films von Ken Scott beschreiben. Ein Regisseur, der eine kulturelle Br\u00fccke zwischen den Codes von Bollywood und Hollywood gebaut hat. Er inszeniert eine Fabel an der Schnittstelle dieser beiden Kinos mit dem Bonus der Vorstellungskraft.<\/p>\n<p><!--more--><\/p>\n<p>Une fable. Le mot convient parfaitement \u00e0 l\u2019univers de <em>L\u2019Extraordinaire Voyage du Fakir<\/em>. Ajatashatru Oghash Rathod (Dhanush) grandit dans un quartier pauvre de Bombay dans lequel sa m\u00e8re l\u2019\u00e9l\u00e8ve seul. Ils nourrissent ensemble le r\u00eave d\u2019aller un jour vivre \u00e0 Paris. Quand elle meurt, le jeune homme indien d\u00e9cide de partir dans la ville Lumi\u00e8re avec ses cendres. A partir de cet instant, l\u2019aventure commence v\u00e9ritablement.<\/p>\n<h3><strong>Un voyage d&#8217;impr\u00e9vus<\/strong><\/h3>\n<p>D\u2019un simple touriste qui se fait rouler par le chauffeur de taxi Gustave (G\u00e9rard Jugnot), Aja devient par le hasard des \u00e9v\u00e9nements un sans papiers et se retrouve du jour au lendemain en Espagne, dormant dans un a\u00e9roport avec d\u2019autres migrants. Aja souhaite seulement retourner \u00e0 Paris o\u00f9 il est tomb\u00e9 sous le charme de Marie (Erin Moriarty). Une autre raison motive ce retour indispensable : retrouver les cendres de sa m\u00e8re. Mais le voil\u00e0 \u00e0 Rome, sautant hors des bagages de l\u2019artiste Nelly Marnay (B\u00e9r\u00e9nice B\u00e9jo) et se trouvant projet\u00e9 dans un palace luxueux. Ainsi Aja parcourt aussi la diversit\u00e9 des r\u00e9alit\u00e9s humaines du monde comme le personnage d\u2019un bon roman.<\/p>\n<p>Comment embarque-t-on dans le voyage extraordinaire d\u2019Aja\u00a0? Il le raconte \u00e0 trois enfants qui sont menac\u00e9s d\u2019\u00eatre emprisonn\u00e9s en Inde pour des vols \u00e0 r\u00e9p\u00e9tition. Ce qui permet des sauts incessants entre la r\u00e9alit\u00e9 et la fable, entre la loi de la rue et celle de l&#8217;imagination. A l&#8217;\u00e9coute des aventures d&#8217;armoires, de montgolfi\u00e8re et de pirates, les trois enfants sont d\u2019abord r\u00e9ticents au m\u00eame titre que le garde qui les surveille. C\u2019est sans compter sur l\u2019art du conteur Aja qui les rend soudain moins agressifs et plus attentifs, r\u00eaveurs par dessus tout. L&#8217;effet vaut aussi pour le spectateur. Jamais il ne sait si l&#8217;histoire d&#8217;Aja a eu lieu ou s&#8217;il n&#8217;est qu&#8217;un magicien des mots.<\/p>\n<h3><strong>Une histoire fantastique bien dans son \u00e9poque<\/strong><\/h3>\n<p>En r\u00e9sum\u00e9, le film de Ken Scott r\u00e9sulte d\u2019une succession d\u2019impr\u00e9vus. Pas le temps de s\u2019ennuyer, bien au contraire. Les sc\u00e8nes s&#8217;encha\u00eenent et la cam\u00e9ra suit les personnages comme dans une course poursuite contre le temps. Deux sc\u00e8nes de danse d\u00e9tonnent particuli\u00e8rement et rappellent que\u00a0<em>L&#8217;extraordinaire voyage du Fakir<\/em> est aussi un pont entre le cin\u00e9ma indien et anglo-saxon. Les couleurs et les paillettes explosent de tous les c\u00f4t\u00e9s, sans abus, m\u00eame dans les passages les plus tristes. Comme un pied de nez \u00e0 la morosit\u00e9 ambiante. Un cin\u00e9ma lumineux, simplement.<\/p>\n<p>L&#8217;int\u00e9r\u00eat principal du film est dans le choix de la perspective du personnage principal et de l&#8217;atmosph\u00e8re joviale du traitement d&#8217;un sujet grave : la migration. Sans jamais manquer de dignit\u00e9 ni de pudeur. Aja est l&#8217;homme le plus na\u00eff du monde. Il observe d\u00e8s lors ce qui se passe autour de lui et vit ce qui lui arrive avec une puret\u00e9 touchante. Il s&#8217;aventure o\u00f9 bon lui semble et s\u2019accommode ainsi de toutes les situations en voulant seulement aider son prochain. R\u00e9aliser les r\u00eaves des autres. Un sc\u00e9nario comique pour un film tragique.<\/p>\n<p><i>Schreiben Sie dem Autor : <a href=\"mailto:alexandre.waelti@leregardlibre.com\">alexandre.waelti@leregardlibre.com<\/a><\/i><\/p>\n<p>Fotocredit: \u00a9 Impuls Pictures<\/p>","protected":false},"excerpt":{"rendered":"<p>Les mercredis du cin\u00e9ma &#8211; Alexandre W\u00e4lti Le r\u00eave prolonge la r\u00e9alit\u00e9, l\u2019amplifie ou la rend parfois moins dure. Il&#8230;<\/p>","protected":false},"author":335,"featured_media":15611,"comment_status":"open","ping_status":"open","sticky":false,"template":"","format":"standard","meta":{"_acf_changed":false,"footnotes":""},"categories":[644355829],"tags":[5414655,4051,204263,510753,3166761,4052,97571,4088126,145927],"class_list":["post-15609","post","type-post","status-publish","format-standard","has-post-thumbnail","hentry","category-films","tag-berenice-bejo","tag-bollywood","tag-dhanush","tag-erin-moriarty","tag-gerard-jugnot","tag-hollywood","tag-inde","tag-ken-scott","tag-reve"],"acf":[],"yoast_head":"<!-- This site is optimized with the Yoast SEO Premium plugin v27.4 (Yoast SEO v27.4) - https:\/\/yoast.com\/product\/yoast-seo-premium-wordpress\/ -->\n<title>Les extraordinaires aventures d&#039;un Fakir irradiant<\/title>\n<meta name=\"robots\" content=\"index, follow, max-snippet:-1, max-image-preview:large, max-video-preview:-1\" \/>\n<link rel=\"canonical\" href=\"https:\/\/leregardlibre.com\/de\/kino\/filme\/lextraordinaire-voyage-du-fakir\/\" \/>\n<meta property=\"og:locale\" content=\"de_DE\" \/>\n<meta property=\"og:type\" content=\"article\" \/>\n<meta property=\"og:title\" content=\"Les extraordinaires aventures d&#039;un Fakir irradiant\" \/>\n<meta property=\"og:description\" content=\"Les mercredis du cin\u00e9ma - Alexandre W\u00e4lti Le r\u00eave prolonge la r\u00e9alit\u00e9, l\u2019amplifie ou la rend parfois moins dure. Il...\" \/>\n<meta property=\"og:url\" content=\"https:\/\/leregardlibre.com\/de\/kino\/filme\/lextraordinaire-voyage-du-fakir\/\" \/>\n<meta property=\"og:site_name\" content=\"Le Regard Libre\" \/>\n<meta property=\"article:publisher\" content=\"https:\/\/www.facebook.com\/leregardlibre\/\" \/>\n<meta property=\"article:published_time\" content=\"2018-06-06T02:36:38+00:00\" \/>\n<meta property=\"article:modified_time\" content=\"2025-12-04T21:49:05+00:00\" \/>\n<meta property=\"og:image\" content=\"https:\/\/leregardlibre.com\/wp-content\/uploads\/2018\/06\/l-extraordinaire-voyage-du-fakir.jpg\" \/>\n\t<meta property=\"og:image:width\" content=\"1023\" \/>\n\t<meta property=\"og:image:height\" content=\"682\" \/>\n\t<meta property=\"og:image:type\" content=\"image\/jpeg\" \/>\n<meta name=\"author\" content=\"Alexandre W\u00e4lti\" \/>\n<meta name=\"twitter:card\" content=\"summary_large_image\" \/>\n<meta name=\"twitter:creator\" content=\"@LeRegardLibre\" \/>\n<meta name=\"twitter:site\" content=\"@LeRegardLibre\" \/>\n<meta name=\"twitter:label1\" content=\"Verfasst von\" \/>\n\t<meta name=\"twitter:data1\" content=\"Alexandre W\u00e4lti\" \/>\n\t<meta name=\"twitter:label2\" content=\"Gesch\u00e4tzte Lesezeit\" \/>\n\t<meta name=\"twitter:data2\" content=\"3\u00a0Minuten\" \/>\n<script type=\"application\/ld+json\" class=\"yoast-schema-graph\">{\"@context\":\"https:\\\/\\\/schema.org\",\"@graph\":[{\"@type\":\"Article\",\"@id\":\"https:\\\/\\\/leregardlibre.com\\\/cinema\\\/films\\\/lextraordinaire-voyage-du-fakir\\\/#article\",\"isPartOf\":{\"@id\":\"https:\\\/\\\/leregardlibre.com\\\/cinema\\\/films\\\/lextraordinaire-voyage-du-fakir\\\/\"},\"author\":{\"name\":\"Alexandre W\u00e4lti\",\"@id\":\"https:\\\/\\\/leregardlibre.com\\\/#\\\/schema\\\/person\\\/634006bb230566361a27c65cfd0aaf24\"},\"headline\":\"Les extraordinaires aventures d&#8217;un Fakir irradiant\",\"datePublished\":\"2018-06-06T02:36:38+00:00\",\"dateModified\":\"2025-12-04T21:49:05+00:00\",\"mainEntityOfPage\":{\"@id\":\"https:\\\/\\\/leregardlibre.com\\\/cinema\\\/films\\\/lextraordinaire-voyage-du-fakir\\\/\"},\"wordCount\":668,\"commentCount\":0,\"publisher\":{\"@id\":\"https:\\\/\\\/leregardlibre.com\\\/#organization\"},\"image\":{\"@id\":\"https:\\\/\\\/leregardlibre.com\\\/cinema\\\/films\\\/lextraordinaire-voyage-du-fakir\\\/#primaryimage\"},\"thumbnailUrl\":\"https:\\\/\\\/leregardlibre.com\\\/wp-content\\\/uploads\\\/2018\\\/06\\\/l-extraordinaire-voyage-du-fakir.jpg\",\"keywords\":[\"B\u00e9r\u00e9nice B\u00e9jo\",\"Bollywood\",\"Dhanush\",\"erin moriarty\",\"G\u00e9rard jugnot\",\"Hollywood\",\"Inde\",\"Ken Scott\",\"R\u00eave\"],\"articleSection\":[\"Films\"],\"inLanguage\":\"de\",\"potentialAction\":[{\"@type\":\"CommentAction\",\"name\":\"Comment\",\"target\":[\"https:\\\/\\\/leregardlibre.com\\\/cinema\\\/films\\\/lextraordinaire-voyage-du-fakir\\\/#respond\"]}]},{\"@type\":\"WebPage\",\"@id\":\"https:\\\/\\\/leregardlibre.com\\\/cinema\\\/films\\\/lextraordinaire-voyage-du-fakir\\\/\",\"url\":\"https:\\\/\\\/leregardlibre.com\\\/cinema\\\/films\\\/lextraordinaire-voyage-du-fakir\\\/\",\"name\":\"Les extraordinaires aventures d'un Fakir irradiant\",\"isPartOf\":{\"@id\":\"https:\\\/\\\/leregardlibre.com\\\/#website\"},\"primaryImageOfPage\":{\"@id\":\"https:\\\/\\\/leregardlibre.com\\\/cinema\\\/films\\\/lextraordinaire-voyage-du-fakir\\\/#primaryimage\"},\"image\":{\"@id\":\"https:\\\/\\\/leregardlibre.com\\\/cinema\\\/films\\\/lextraordinaire-voyage-du-fakir\\\/#primaryimage\"},\"thumbnailUrl\":\"https:\\\/\\\/leregardlibre.com\\\/wp-content\\\/uploads\\\/2018\\\/06\\\/l-extraordinaire-voyage-du-fakir.jpg\",\"datePublished\":\"2018-06-06T02:36:38+00:00\",\"dateModified\":\"2025-12-04T21:49:05+00:00\",\"breadcrumb\":{\"@id\":\"https:\\\/\\\/leregardlibre.com\\\/cinema\\\/films\\\/lextraordinaire-voyage-du-fakir\\\/#breadcrumb\"},\"inLanguage\":\"de\",\"potentialAction\":[{\"@type\":\"ReadAction\",\"target\":[\"https:\\\/\\\/leregardlibre.com\\\/cinema\\\/films\\\/lextraordinaire-voyage-du-fakir\\\/\"]}]},{\"@type\":\"ImageObject\",\"inLanguage\":\"de\",\"@id\":\"https:\\\/\\\/leregardlibre.com\\\/cinema\\\/films\\\/lextraordinaire-voyage-du-fakir\\\/#primaryimage\",\"url\":\"https:\\\/\\\/leregardlibre.com\\\/wp-content\\\/uploads\\\/2018\\\/06\\\/l-extraordinaire-voyage-du-fakir.jpg\",\"contentUrl\":\"https:\\\/\\\/leregardlibre.com\\\/wp-content\\\/uploads\\\/2018\\\/06\\\/l-extraordinaire-voyage-du-fakir.jpg\",\"width\":1023,\"height\":682},{\"@type\":\"BreadcrumbList\",\"@id\":\"https:\\\/\\\/leregardlibre.com\\\/cinema\\\/films\\\/lextraordinaire-voyage-du-fakir\\\/#breadcrumb\",\"itemListElement\":[{\"@type\":\"ListItem\",\"position\":1,\"name\":\"Accueil\",\"item\":\"https:\\\/\\\/leregardlibre.com\\\/\"},{\"@type\":\"ListItem\",\"position\":2,\"name\":\"Les extraordinaires aventures d&#8217;un Fakir irradiant\"}]},{\"@type\":\"WebSite\",\"@id\":\"https:\\\/\\\/leregardlibre.com\\\/#website\",\"url\":\"https:\\\/\\\/leregardlibre.com\\\/\",\"name\":\"Le Regard Libre\",\"description\":\"Premier mensuel suisse de d\u00e9bat\",\"publisher\":{\"@id\":\"https:\\\/\\\/leregardlibre.com\\\/#organization\"},\"potentialAction\":[{\"@type\":\"SearchAction\",\"target\":{\"@type\":\"EntryPoint\",\"urlTemplate\":\"https:\\\/\\\/leregardlibre.com\\\/?s={search_term_string}\"},\"query-input\":{\"@type\":\"PropertyValueSpecification\",\"valueRequired\":true,\"valueName\":\"search_term_string\"}}],\"inLanguage\":\"de\"},{\"@type\":\"Organization\",\"@id\":\"https:\\\/\\\/leregardlibre.com\\\/#organization\",\"name\":\"Le Regard Libre\",\"url\":\"https:\\\/\\\/leregardlibre.com\\\/\",\"logo\":{\"@type\":\"ImageObject\",\"inLanguage\":\"de\",\"@id\":\"https:\\\/\\\/leregardlibre.com\\\/#\\\/schema\\\/logo\\\/image\\\/\",\"url\":\"https:\\\/\\\/leregardlibre.com\\\/wp-content\\\/uploads\\\/2025\\\/08\\\/logo-rl-icone-neg.jpeg\",\"contentUrl\":\"https:\\\/\\\/leregardlibre.com\\\/wp-content\\\/uploads\\\/2025\\\/08\\\/logo-rl-icone-neg.jpeg\",\"width\":557,\"height\":556,\"caption\":\"Le Regard Libre\"},\"image\":{\"@id\":\"https:\\\/\\\/leregardlibre.com\\\/#\\\/schema\\\/logo\\\/image\\\/\"},\"sameAs\":[\"https:\\\/\\\/www.facebook.com\\\/leregardlibre\\\/\",\"https:\\\/\\\/x.com\\\/LeRegardLibre\",\"https:\\\/\\\/www.linkedin.com\\\/company\\\/le-regard-libre\",\"https:\\\/\\\/www.instagram.com\\\/leregardlibre\\\/\",\"http:\\\/\\\/t.me\\\/leregardlibre\",\"https:\\\/\\\/youtube.com\\\/channel\\\/UC6HzGPomj1LsUmlz-sJtITQ\"],\"description\":\"Le Regard Libre est un mensuel suisse de d\u00e9bat intellectuel et culturel. Sa r\u00e9daction est jeune, b\u00e9n\u00e9vole, lib\u00e9rale et pluraliste. Le magazine para\u00eet en ligne et sous forme papier. Sa langue est le fran\u00e7ais.\",\"email\":\"redaction@leregardlibre.com\",\"legalName\":\"Le Regard Libre\",\"foundingDate\":\"2014-01-01\",\"numberOfEmployees\":{\"@type\":\"QuantitativeValue\",\"minValue\":\"11\",\"maxValue\":\"50\"},\"publishingPrinciples\":\"https:\\\/\\\/leregardlibre.com\\\/a-propos\\\/notre-manifeste\\\/\",\"ownershipFundingInfo\":\"https:\\\/\\\/leregardlibre.com\\\/mentions-legales\\\/\",\"actionableFeedbackPolicy\":\"https:\\\/\\\/leregardlibre.com\\\/conditions-generales-de-vente\\\/\"},{\"@type\":\"Person\",\"@id\":\"https:\\\/\\\/leregardlibre.com\\\/#\\\/schema\\\/person\\\/634006bb230566361a27c65cfd0aaf24\",\"name\":\"Alexandre W\u00e4lti\",\"image\":{\"@type\":\"ImageObject\",\"inLanguage\":\"de\",\"@id\":\"https:\\\/\\\/secure.gravatar.com\\\/avatar\\\/f7336d62d9c120955b2d7027964ca5a2e0245c0903661056e2e625d561f30fef?s=96&d=identicon&r=g\",\"url\":\"https:\\\/\\\/secure.gravatar.com\\\/avatar\\\/f7336d62d9c120955b2d7027964ca5a2e0245c0903661056e2e625d561f30fef?s=96&d=identicon&r=g\",\"contentUrl\":\"https:\\\/\\\/secure.gravatar.com\\\/avatar\\\/f7336d62d9c120955b2d7027964ca5a2e0245c0903661056e2e625d561f30fef?s=96&d=identicon&r=g\",\"caption\":\"Alexandre W\u00e4lti\"},\"sameAs\":[\"https:\\\/\\\/leregardlibre.com\\\/\"],\"url\":\"https:\\\/\\\/leregardlibre.com\\\/de\\\/author\\\/alexandre-waelti\\\/\"}]}<\/script>\n<!-- \/ Yoast SEO Premium plugin. -->","yoast_head_json":{"title":"Les extraordinaires aventures d'un Fakir irradiant","robots":{"index":"index","follow":"follow","max-snippet":"max-snippet:-1","max-image-preview":"max-image-preview:large","max-video-preview":"max-video-preview:-1"},"canonical":"https:\/\/leregardlibre.com\/de\/kino\/filme\/lextraordinaire-voyage-du-fakir\/","og_locale":"de_DE","og_type":"article","og_title":"Les extraordinaires aventures d'un Fakir irradiant","og_description":"Les mercredis du cin\u00e9ma - Alexandre W\u00e4lti Le r\u00eave prolonge la r\u00e9alit\u00e9, l\u2019amplifie ou la rend parfois moins dure. Il...","og_url":"https:\/\/leregardlibre.com\/de\/kino\/filme\/lextraordinaire-voyage-du-fakir\/","og_site_name":"Le Regard Libre","article_publisher":"https:\/\/www.facebook.com\/leregardlibre\/","article_published_time":"2018-06-06T02:36:38+00:00","article_modified_time":"2025-12-04T21:49:05+00:00","og_image":[{"width":1023,"height":682,"url":"https:\/\/leregardlibre.com\/wp-content\/uploads\/2018\/06\/l-extraordinaire-voyage-du-fakir.jpg","type":"image\/jpeg"}],"author":"Alexandre W\u00e4lti","twitter_card":"summary_large_image","twitter_creator":"@LeRegardLibre","twitter_site":"@LeRegardLibre","twitter_misc":{"Verfasst von":"Alexandre W\u00e4lti","Gesch\u00e4tzte Lesezeit":"3\u00a0Minuten"},"schema":{"@context":"https:\/\/schema.org","@graph":[{"@type":"Article","@id":"https:\/\/leregardlibre.com\/cinema\/films\/lextraordinaire-voyage-du-fakir\/#article","isPartOf":{"@id":"https:\/\/leregardlibre.com\/cinema\/films\/lextraordinaire-voyage-du-fakir\/"},"author":{"name":"Alexandre W\u00e4lti","@id":"https:\/\/leregardlibre.com\/#\/schema\/person\/634006bb230566361a27c65cfd0aaf24"},"headline":"Les extraordinaires aventures d&#8217;un Fakir irradiant","datePublished":"2018-06-06T02:36:38+00:00","dateModified":"2025-12-04T21:49:05+00:00","mainEntityOfPage":{"@id":"https:\/\/leregardlibre.com\/cinema\/films\/lextraordinaire-voyage-du-fakir\/"},"wordCount":668,"commentCount":0,"publisher":{"@id":"https:\/\/leregardlibre.com\/#organization"},"image":{"@id":"https:\/\/leregardlibre.com\/cinema\/films\/lextraordinaire-voyage-du-fakir\/#primaryimage"},"thumbnailUrl":"https:\/\/leregardlibre.com\/wp-content\/uploads\/2018\/06\/l-extraordinaire-voyage-du-fakir.jpg","keywords":["B\u00e9r\u00e9nice B\u00e9jo","Bollywood","Dhanush","erin moriarty","G\u00e9rard jugnot","Hollywood","Inde","Ken Scott","R\u00eave"],"articleSection":["Films"],"inLanguage":"de","potentialAction":[{"@type":"CommentAction","name":"Comment","target":["https:\/\/leregardlibre.com\/cinema\/films\/lextraordinaire-voyage-du-fakir\/#respond"]}]},{"@type":"WebPage","@id":"https:\/\/leregardlibre.com\/cinema\/films\/lextraordinaire-voyage-du-fakir\/","url":"https:\/\/leregardlibre.com\/cinema\/films\/lextraordinaire-voyage-du-fakir\/","name":"Les extraordinaires aventures d'un Fakir irradiant","isPartOf":{"@id":"https:\/\/leregardlibre.com\/#website"},"primaryImageOfPage":{"@id":"https:\/\/leregardlibre.com\/cinema\/films\/lextraordinaire-voyage-du-fakir\/#primaryimage"},"image":{"@id":"https:\/\/leregardlibre.com\/cinema\/films\/lextraordinaire-voyage-du-fakir\/#primaryimage"},"thumbnailUrl":"https:\/\/leregardlibre.com\/wp-content\/uploads\/2018\/06\/l-extraordinaire-voyage-du-fakir.jpg","datePublished":"2018-06-06T02:36:38+00:00","dateModified":"2025-12-04T21:49:05+00:00","breadcrumb":{"@id":"https:\/\/leregardlibre.com\/cinema\/films\/lextraordinaire-voyage-du-fakir\/#breadcrumb"},"inLanguage":"de","potentialAction":[{"@type":"ReadAction","target":["https:\/\/leregardlibre.com\/cinema\/films\/lextraordinaire-voyage-du-fakir\/"]}]},{"@type":"ImageObject","inLanguage":"de","@id":"https:\/\/leregardlibre.com\/cinema\/films\/lextraordinaire-voyage-du-fakir\/#primaryimage","url":"https:\/\/leregardlibre.com\/wp-content\/uploads\/2018\/06\/l-extraordinaire-voyage-du-fakir.jpg","contentUrl":"https:\/\/leregardlibre.com\/wp-content\/uploads\/2018\/06\/l-extraordinaire-voyage-du-fakir.jpg","width":1023,"height":682},{"@type":"BreadcrumbList","@id":"https:\/\/leregardlibre.com\/cinema\/films\/lextraordinaire-voyage-du-fakir\/#breadcrumb","itemListElement":[{"@type":"ListItem","position":1,"name":"Accueil","item":"https:\/\/leregardlibre.com\/"},{"@type":"ListItem","position":2,"name":"Les extraordinaires aventures d&#8217;un Fakir irradiant"}]},{"@type":"WebSite","@id":"https:\/\/leregardlibre.com\/#website","url":"https:\/\/leregardlibre.com\/","name":"Le Regard Libre","description":"Erste Schweizer Monatszeitschrift f\u00fcr Debatten","publisher":{"@id":"https:\/\/leregardlibre.com\/#organization"},"potentialAction":[{"@type":"SearchAction","target":{"@type":"EntryPoint","urlTemplate":"https:\/\/leregardlibre.com\/?s={search_term_string}"},"query-input":{"@type":"PropertyValueSpecification","valueRequired":true,"valueName":"search_term_string"}}],"inLanguage":"de"},{"@type":"Organization","@id":"https:\/\/leregardlibre.com\/#organization","name":"Le Regard Libre","url":"https:\/\/leregardlibre.com\/","logo":{"@type":"ImageObject","inLanguage":"de","@id":"https:\/\/leregardlibre.com\/#\/schema\/logo\/image\/","url":"https:\/\/leregardlibre.com\/wp-content\/uploads\/2025\/08\/logo-rl-icone-neg.jpeg","contentUrl":"https:\/\/leregardlibre.com\/wp-content\/uploads\/2025\/08\/logo-rl-icone-neg.jpeg","width":557,"height":556,"caption":"Le Regard Libre"},"image":{"@id":"https:\/\/leregardlibre.com\/#\/schema\/logo\/image\/"},"sameAs":["https:\/\/www.facebook.com\/leregardlibre\/","https:\/\/x.com\/LeRegardLibre","https:\/\/www.linkedin.com\/company\/le-regard-libre","https:\/\/www.instagram.com\/leregardlibre\/","http:\/\/t.me\/leregardlibre","https:\/\/youtube.com\/channel\/UC6HzGPomj1LsUmlz-sJtITQ"],"description":"Le Regard Libre ist eine Schweizer Monatszeitschrift f\u00fcr intellektuelle und kulturelle Debatten. Seine Redaktion ist jung, ehrenamtlich, liberal und pluralistisch. Das Magazin erscheint online und in gedruckter Form. Seine Sprache ist Franz\u00f6sisch.","email":"redaction@leregardlibre.com","legalName":"Le Regard Libre","foundingDate":"2014-01-01","numberOfEmployees":{"@type":"QuantitativeValue","minValue":"11","maxValue":"50"},"publishingPrinciples":"https:\/\/leregardlibre.com\/a-propos\/notre-manifeste\/","ownershipFundingInfo":"https:\/\/leregardlibre.com\/mentions-legales\/","actionableFeedbackPolicy":"https:\/\/leregardlibre.com\/conditions-generales-de-vente\/"},{"@type":"Person","@id":"https:\/\/leregardlibre.com\/#\/schema\/person\/634006bb230566361a27c65cfd0aaf24","name":"Alexandre W\u00e4lti","image":{"@type":"ImageObject","inLanguage":"de","@id":"https:\/\/secure.gravatar.com\/avatar\/f7336d62d9c120955b2d7027964ca5a2e0245c0903661056e2e625d561f30fef?s=96&d=identicon&r=g","url":"https:\/\/secure.gravatar.com\/avatar\/f7336d62d9c120955b2d7027964ca5a2e0245c0903661056e2e625d561f30fef?s=96&d=identicon&r=g","contentUrl":"https:\/\/secure.gravatar.com\/avatar\/f7336d62d9c120955b2d7027964ca5a2e0245c0903661056e2e625d561f30fef?s=96&d=identicon&r=g","caption":"Alexandre W\u00e4lti"},"sameAs":["https:\/\/leregardlibre.com\/"],"url":"https:\/\/leregardlibre.com\/de\/author\/alexandre-waelti\/"}]}},"_links":{"self":[{"href":"https:\/\/leregardlibre.com\/de\/wp-json\/wp\/v2\/posts\/15609","targetHints":{"allow":["GET"]}}],"collection":[{"href":"https:\/\/leregardlibre.com\/de\/wp-json\/wp\/v2\/posts"}],"about":[{"href":"https:\/\/leregardlibre.com\/de\/wp-json\/wp\/v2\/types\/post"}],"author":[{"embeddable":true,"href":"https:\/\/leregardlibre.com\/de\/wp-json\/wp\/v2\/users\/335"}],"replies":[{"embeddable":true,"href":"https:\/\/leregardlibre.com\/de\/wp-json\/wp\/v2\/comments?post=15609"}],"version-history":[{"count":1,"href":"https:\/\/leregardlibre.com\/de\/wp-json\/wp\/v2\/posts\/15609\/revisions"}],"predecessor-version":[{"id":509866,"href":"https:\/\/leregardlibre.com\/de\/wp-json\/wp\/v2\/posts\/15609\/revisions\/509866"}],"wp:featuredmedia":[{"embeddable":true,"href":"https:\/\/leregardlibre.com\/de\/wp-json\/wp\/v2\/media\/15611"}],"wp:attachment":[{"href":"https:\/\/leregardlibre.com\/de\/wp-json\/wp\/v2\/media?parent=15609"}],"wp:term":[{"taxonomy":"category","embeddable":true,"href":"https:\/\/leregardlibre.com\/de\/wp-json\/wp\/v2\/categories?post=15609"},{"taxonomy":"post_tag","embeddable":true,"href":"https:\/\/leregardlibre.com\/de\/wp-json\/wp\/v2\/tags?post=15609"}],"curies":[{"name":"wp","href":"https:\/\/api.w.org\/{rel}","templated":true}]}}