{"id":16111,"date":"2018-07-10T09:27:32","date_gmt":"2018-07-10T07:27:32","guid":{"rendered":"http:\/\/leregardlibre.com\/?p=16111"},"modified":"2025-12-04T22:48:28","modified_gmt":"2025-12-04T21:48:28","slug":"an-evening-with-beverly-luff-linn-ein-abend-der-extravaganten-zartlichkeit","status":"publish","type":"post","link":"https:\/\/leregardlibre.com\/de\/kino\/filme\/an-evening-with-beverly-luff-linn-ein-abend-der-extravaganten-zartlichkeit\/","title":{"rendered":"\u00abAn evening with Beverly Luff Linn\u00bb, ein extravaganter Abend voller Z\u00e4rtlichkeit"},"content":{"rendered":"<p><em>Neuch\u00e2tel International Fantastic Film Festival (NIFFF) - Virginia Eufemi<\/em><\/p>\n<p>Jim Hosking kehrt zum zweiten Mal ans NIFFF zur\u00fcck - nach <em>The Greasy Strangler<\/em> im Jahr 2016 - mit einer Kom\u00f6die <em>flashy<\/em> und Disco. <em>Ein Abend mit Berverly Luff Linn<\/em> handelt von Lulu (Aubrey Plaza), einer jungen amerikanischen Frau, die mit Shane Danger (Emile Hirsch), dem gescheiterten Manager eines <em>Coffeeshop<\/em> sch\u00e4big. Dieser Mann organisiert mit seinen Angestellten einen unwahrscheinlichen und urkomischen \u00dcberfall auf den Veganerladen des indischen Bruders seiner Frau. Doch als ein seltsamer Typ namens Colin (Jemaine Clement), der von Lulus Bruder angeheuert wurde, versucht, das Geld zu kassieren, flieht Lulu mit ihm, um die magische Show von Beverly Luff Linn (Craig Robinson) zu sehen. \u00abWer zum Teufel ist Beverly Luff Linn?.<\/p>\n<p><!--more--><\/p>\n<p>Diese verr\u00fcckte und skurrile Kom\u00f6die wird von brillanten Schauspielern vorangetrieben, die nicht davor zur\u00fcckschrecken, sich selbst zum Narren zu machen, um die Galerie zu unterhalten. Auch wenn der Humor manchmal kindisch bleibt, tr\u00e4gt seine bewusst altmodische Seite zur Schaffung der Atmosph\u00e4re bei <em>seventies<\/em> schr\u00e4ge, die der Regisseur perfekt beherrscht. Man m\u00f6chte dem Film also seine peinlichen Momente verzeihen, denn diese Kom\u00f6die ist vor allem eine sch\u00f6ne Liebesgeschichte.<\/p>\n<h3>Eine Welt der Liebe und des Humors<\/h3>\n<p>Zwischen Per\u00fccken, Teetassen und s\u00fc\u00dfen Cocktails entstehen nach und nach r\u00fchrende und herzerweichende Charaktere. Die sch\u00f6ne und charmante Lulu, die versucht, die Wunden der Vergangenheit zu heilen, ist eine Frau, die beschlie\u00dft, ihr Schicksal selbst in die Hand zu nehmen. Was die anderen Charaktere betrifft, so werden wir nicht mehr verraten, damit Sie ihre verborgene Z\u00e4rtlichkeit entdecken k\u00f6nnen.<\/p>\n<p>Neben dem Drehbuch ist auch die Kulisse sorgf\u00e4ltig aufgebaut und die Kost\u00fcme werden fast zu einer eigenen Figur. Der Rahmen ist trotz der unklugen Charaktere geschliffen und die Pastellt\u00f6ne dominieren. Jim Hosking l\u00e4sst uns in ein schwebendes Universum eintauchen, einen absurden Mikrokosmos, der dennoch seine volle Bedeutung hat.<\/p>\n<p>Der Zuschauer wird sehr schnell von der Geschichte gefesselt; ein Beweis daf\u00fcr ist, dass das Publikum gestern Abend in den Arcades oft mit der Leinwand interagierte, indem es klatschte, lachte, auf komische Szenen oder die Handlungen der Figuren reagierte. Wir sind schnell gefangen, teilen die Emotionen der kleinen Welt dieses verr\u00fcckten Universums. Die Stimmungen, die Musik und die Schauspielerei \u00fcben eine seltsame Anziehungskraft aus, die uns die Absurdit\u00e4t mancher Momente akzeptieren l\u00e4sst, vielleicht weil sie die starke Menschlichkeit dieser Figuren unterstreicht.<\/p>\n<p>Wenn auch Sie einen magischen Abend mit Beverly Luff Linn verbringen m\u00f6chten, besuchen Sie das NIFFF am Freitag, den 13. Juli.<\/p>\n<p>[table id=7 \/]<\/p>\n<p><em>Schreiben Sie dem Autor :\u00a0<a href=\"mailto:virginia.eufemi@leregardlibre.com\">virginia.eufemi@leregardlibre.com<\/a><\/em><\/p>\n<p>Fotocredit: \u00a9 NIFFF<\/p>","protected":false},"excerpt":{"rendered":"<p>Neuch\u00e2tel International Fantastic Film Festival (NIFFF)\u00a0\u2013 Virginia Eufemi Jim Hosking revient pour la deuxi\u00e8me fois au NIFFF \u2013\u00a0apr\u00e8s The Greasy&#8230;<\/p>","protected":false},"author":340,"featured_media":16112,"comment_status":"open","ping_status":"open","sticky":false,"template":"","format":"standard","meta":{"_acf_changed":false,"footnotes":""},"categories":[644355829],"tags":[560653223,11793831,14227,433300,1444075,43082576,12950449,644235945,337414],"class_list":["post-16111","post","type-post","status-publish","format-standard","has-post-thumbnail","hentry","category-films","tag-an-evening-with-beverly-luff-linn","tag-aubrey-plaza","tag-comedie","tag-emile-hirsch","tag-jemaine-clement","tag-jim-hosking","tag-nifff","tag-nifff18","tag-seventies"],"acf":[],"yoast_head":"<!-- This site is optimized with the Yoast SEO Premium plugin v27.4 (Yoast SEO v27.4) - https:\/\/yoast.com\/product\/yoast-seo-premium-wordpress\/ -->\n<title>\u00abAn evening with Beverly Luff Linn\u00bb, une soir\u00e9e de tendresse extravagante<\/title>\n<meta name=\"robots\" content=\"index, follow, max-snippet:-1, max-image-preview:large, max-video-preview:-1\" \/>\n<link rel=\"canonical\" href=\"https:\/\/leregardlibre.com\/de\/kino\/filme\/an-evening-with-beverly-luff-linn-ein-abend-der-extravaganten-zartlichkeit\/\" \/>\n<meta property=\"og:locale\" content=\"de_DE\" \/>\n<meta property=\"og:type\" content=\"article\" \/>\n<meta property=\"og:title\" content=\"\u00abAn evening with Beverly Luff Linn\u00bb, une soir\u00e9e de tendresse extravagante\" \/>\n<meta property=\"og:description\" content=\"Neuch\u00e2tel International Fantastic Film Festival (NIFFF)\u00a0\u2013 Virginia Eufemi Jim Hosking revient pour la deuxi\u00e8me fois au NIFFF \u2013\u00a0apr\u00e8s The Greasy...\" \/>\n<meta property=\"og:url\" content=\"https:\/\/leregardlibre.com\/de\/kino\/filme\/an-evening-with-beverly-luff-linn-ein-abend-der-extravaganten-zartlichkeit\/\" \/>\n<meta property=\"og:site_name\" content=\"Le Regard Libre\" \/>\n<meta property=\"article:publisher\" content=\"https:\/\/www.facebook.com\/leregardlibre\/\" \/>\n<meta property=\"article:published_time\" content=\"2018-07-10T07:27:32+00:00\" \/>\n<meta property=\"article:modified_time\" content=\"2025-12-04T21:48:28+00:00\" \/>\n<meta property=\"og:image\" content=\"https:\/\/leregardlibre.com\/wp-content\/uploads\/2018\/07\/an-evening-with-800x450.jpg\" \/>\n\t<meta property=\"og:image:width\" content=\"800\" \/>\n\t<meta property=\"og:image:height\" content=\"450\" \/>\n\t<meta property=\"og:image:type\" content=\"image\/jpeg\" \/>\n<meta name=\"author\" content=\"Virginia Eufemi\" \/>\n<meta name=\"twitter:card\" content=\"summary_large_image\" \/>\n<meta name=\"twitter:creator\" content=\"@LeRegardLibre\" \/>\n<meta name=\"twitter:site\" content=\"@LeRegardLibre\" \/>\n<meta name=\"twitter:label1\" content=\"Verfasst von\" \/>\n\t<meta name=\"twitter:data1\" content=\"Virginia Eufemi\" \/>\n\t<meta name=\"twitter:label2\" content=\"Gesch\u00e4tzte Lesezeit\" \/>\n\t<meta name=\"twitter:data2\" content=\"2\u00a0Minuten\" \/>\n<script type=\"application\/ld+json\" class=\"yoast-schema-graph\">{\"@context\":\"https:\\\/\\\/schema.org\",\"@graph\":[{\"@type\":\"Article\",\"@id\":\"https:\\\/\\\/leregardlibre.com\\\/cinema\\\/films\\\/an-evening-with-beverly-luff-linn-une-soiree-de-tendresse-extravagante\\\/#article\",\"isPartOf\":{\"@id\":\"https:\\\/\\\/leregardlibre.com\\\/cinema\\\/films\\\/an-evening-with-beverly-luff-linn-une-soiree-de-tendresse-extravagante\\\/\"},\"author\":{\"name\":\"Virginia Eufemi\",\"@id\":\"https:\\\/\\\/leregardlibre.com\\\/#\\\/schema\\\/person\\\/e5209829d95c81ba0acae7a8443d2857\"},\"headline\":\"\u00abAn evening with Beverly Luff Linn\u00bb, une soir\u00e9e de tendresse extravagante\",\"datePublished\":\"2018-07-10T07:27:32+00:00\",\"dateModified\":\"2025-12-04T21:48:28+00:00\",\"mainEntityOfPage\":{\"@id\":\"https:\\\/\\\/leregardlibre.com\\\/cinema\\\/films\\\/an-evening-with-beverly-luff-linn-une-soiree-de-tendresse-extravagante\\\/\"},\"wordCount\":477,\"commentCount\":0,\"publisher\":{\"@id\":\"https:\\\/\\\/leregardlibre.com\\\/#organization\"},\"image\":{\"@id\":\"https:\\\/\\\/leregardlibre.com\\\/cinema\\\/films\\\/an-evening-with-beverly-luff-linn-une-soiree-de-tendresse-extravagante\\\/#primaryimage\"},\"thumbnailUrl\":\"https:\\\/\\\/leregardlibre.com\\\/wp-content\\\/uploads\\\/2018\\\/07\\\/an-evening-with-800x450.jpg\",\"keywords\":[\"an evening with beverly luff linn\",\"aubrey plaza\",\"Com\u00e9die\",\"emile hirsch\",\"jemaine clement\",\"jim hosking\",\"NIFFF\",\"NIFFF 2018\",\"seventies\"],\"articleSection\":[\"Films\"],\"inLanguage\":\"de\",\"potentialAction\":[{\"@type\":\"CommentAction\",\"name\":\"Comment\",\"target\":[\"https:\\\/\\\/leregardlibre.com\\\/cinema\\\/films\\\/an-evening-with-beverly-luff-linn-une-soiree-de-tendresse-extravagante\\\/#respond\"]}]},{\"@type\":\"WebPage\",\"@id\":\"https:\\\/\\\/leregardlibre.com\\\/cinema\\\/films\\\/an-evening-with-beverly-luff-linn-une-soiree-de-tendresse-extravagante\\\/\",\"url\":\"https:\\\/\\\/leregardlibre.com\\\/cinema\\\/films\\\/an-evening-with-beverly-luff-linn-une-soiree-de-tendresse-extravagante\\\/\",\"name\":\"\u00abAn evening with Beverly Luff Linn\u00bb, une soir\u00e9e de tendresse extravagante\",\"isPartOf\":{\"@id\":\"https:\\\/\\\/leregardlibre.com\\\/#website\"},\"primaryImageOfPage\":{\"@id\":\"https:\\\/\\\/leregardlibre.com\\\/cinema\\\/films\\\/an-evening-with-beverly-luff-linn-une-soiree-de-tendresse-extravagante\\\/#primaryimage\"},\"image\":{\"@id\":\"https:\\\/\\\/leregardlibre.com\\\/cinema\\\/films\\\/an-evening-with-beverly-luff-linn-une-soiree-de-tendresse-extravagante\\\/#primaryimage\"},\"thumbnailUrl\":\"https:\\\/\\\/leregardlibre.com\\\/wp-content\\\/uploads\\\/2018\\\/07\\\/an-evening-with-800x450.jpg\",\"datePublished\":\"2018-07-10T07:27:32+00:00\",\"dateModified\":\"2025-12-04T21:48:28+00:00\",\"breadcrumb\":{\"@id\":\"https:\\\/\\\/leregardlibre.com\\\/cinema\\\/films\\\/an-evening-with-beverly-luff-linn-une-soiree-de-tendresse-extravagante\\\/#breadcrumb\"},\"inLanguage\":\"de\",\"potentialAction\":[{\"@type\":\"ReadAction\",\"target\":[\"https:\\\/\\\/leregardlibre.com\\\/cinema\\\/films\\\/an-evening-with-beverly-luff-linn-une-soiree-de-tendresse-extravagante\\\/\"]}]},{\"@type\":\"ImageObject\",\"inLanguage\":\"de\",\"@id\":\"https:\\\/\\\/leregardlibre.com\\\/cinema\\\/films\\\/an-evening-with-beverly-luff-linn-une-soiree-de-tendresse-extravagante\\\/#primaryimage\",\"url\":\"https:\\\/\\\/leregardlibre.com\\\/wp-content\\\/uploads\\\/2018\\\/07\\\/an-evening-with-800x450.jpg\",\"contentUrl\":\"https:\\\/\\\/leregardlibre.com\\\/wp-content\\\/uploads\\\/2018\\\/07\\\/an-evening-with-800x450.jpg\",\"width\":800,\"height\":450},{\"@type\":\"BreadcrumbList\",\"@id\":\"https:\\\/\\\/leregardlibre.com\\\/cinema\\\/films\\\/an-evening-with-beverly-luff-linn-une-soiree-de-tendresse-extravagante\\\/#breadcrumb\",\"itemListElement\":[{\"@type\":\"ListItem\",\"position\":1,\"name\":\"Accueil\",\"item\":\"https:\\\/\\\/leregardlibre.com\\\/\"},{\"@type\":\"ListItem\",\"position\":2,\"name\":\"\u00abAn evening with Beverly Luff Linn\u00bb, une soir\u00e9e de tendresse extravagante\"}]},{\"@type\":\"WebSite\",\"@id\":\"https:\\\/\\\/leregardlibre.com\\\/#website\",\"url\":\"https:\\\/\\\/leregardlibre.com\\\/\",\"name\":\"Le Regard Libre\",\"description\":\"Premier mensuel suisse de d\u00e9bat\",\"publisher\":{\"@id\":\"https:\\\/\\\/leregardlibre.com\\\/#organization\"},\"potentialAction\":[{\"@type\":\"SearchAction\",\"target\":{\"@type\":\"EntryPoint\",\"urlTemplate\":\"https:\\\/\\\/leregardlibre.com\\\/?s={search_term_string}\"},\"query-input\":{\"@type\":\"PropertyValueSpecification\",\"valueRequired\":true,\"valueName\":\"search_term_string\"}}],\"inLanguage\":\"de\"},{\"@type\":\"Organization\",\"@id\":\"https:\\\/\\\/leregardlibre.com\\\/#organization\",\"name\":\"Le Regard Libre\",\"url\":\"https:\\\/\\\/leregardlibre.com\\\/\",\"logo\":{\"@type\":\"ImageObject\",\"inLanguage\":\"de\",\"@id\":\"https:\\\/\\\/leregardlibre.com\\\/#\\\/schema\\\/logo\\\/image\\\/\",\"url\":\"https:\\\/\\\/leregardlibre.com\\\/wp-content\\\/uploads\\\/2025\\\/08\\\/logo-rl-icone-neg.jpeg\",\"contentUrl\":\"https:\\\/\\\/leregardlibre.com\\\/wp-content\\\/uploads\\\/2025\\\/08\\\/logo-rl-icone-neg.jpeg\",\"width\":557,\"height\":556,\"caption\":\"Le Regard Libre\"},\"image\":{\"@id\":\"https:\\\/\\\/leregardlibre.com\\\/#\\\/schema\\\/logo\\\/image\\\/\"},\"sameAs\":[\"https:\\\/\\\/www.facebook.com\\\/leregardlibre\\\/\",\"https:\\\/\\\/x.com\\\/LeRegardLibre\",\"https:\\\/\\\/www.linkedin.com\\\/company\\\/le-regard-libre\",\"https:\\\/\\\/www.instagram.com\\\/leregardlibre\\\/\",\"http:\\\/\\\/t.me\\\/leregardlibre\",\"https:\\\/\\\/youtube.com\\\/channel\\\/UC6HzGPomj1LsUmlz-sJtITQ\"],\"description\":\"Le Regard Libre est un mensuel suisse de d\u00e9bat intellectuel et culturel. Sa r\u00e9daction est jeune, b\u00e9n\u00e9vole, lib\u00e9rale et pluraliste. Le magazine para\u00eet en ligne et sous forme papier. Sa langue est le fran\u00e7ais.\",\"email\":\"redaction@leregardlibre.com\",\"legalName\":\"Le Regard Libre\",\"foundingDate\":\"2014-01-01\",\"numberOfEmployees\":{\"@type\":\"QuantitativeValue\",\"minValue\":\"11\",\"maxValue\":\"50\"},\"publishingPrinciples\":\"https:\\\/\\\/leregardlibre.com\\\/a-propos\\\/notre-manifeste\\\/\",\"ownershipFundingInfo\":\"https:\\\/\\\/leregardlibre.com\\\/mentions-legales\\\/\",\"actionableFeedbackPolicy\":\"https:\\\/\\\/leregardlibre.com\\\/conditions-generales-de-vente\\\/\"},{\"@type\":\"Person\",\"@id\":\"https:\\\/\\\/leregardlibre.com\\\/#\\\/schema\\\/person\\\/e5209829d95c81ba0acae7a8443d2857\",\"name\":\"Virginia Eufemi\",\"image\":{\"@type\":\"ImageObject\",\"inLanguage\":\"de\",\"@id\":\"https:\\\/\\\/secure.gravatar.com\\\/avatar\\\/bf93638435b25f9b1d25390cbd4c8fd944dd762c2c6bbf4c182a8da0873a9a9d?s=96&d=identicon&r=g\",\"url\":\"https:\\\/\\\/secure.gravatar.com\\\/avatar\\\/bf93638435b25f9b1d25390cbd4c8fd944dd762c2c6bbf4c182a8da0873a9a9d?s=96&d=identicon&r=g\",\"contentUrl\":\"https:\\\/\\\/secure.gravatar.com\\\/avatar\\\/bf93638435b25f9b1d25390cbd4c8fd944dd762c2c6bbf4c182a8da0873a9a9d?s=96&d=identicon&r=g\",\"caption\":\"Virginia Eufemi\"},\"sameAs\":[\"https:\\\/\\\/leregardlibre.com\\\/\"],\"url\":\"https:\\\/\\\/leregardlibre.com\\\/de\\\/author\\\/virginia-eufemi\\\/\"}]}<\/script>\n<!-- \/ Yoast SEO Premium plugin. -->","yoast_head_json":{"title":"\u00abAn evening with Beverly Luff Linn\u00bb, ein extravaganter Abend voller Z\u00e4rtlichkeit","robots":{"index":"index","follow":"follow","max-snippet":"max-snippet:-1","max-image-preview":"max-image-preview:large","max-video-preview":"max-video-preview:-1"},"canonical":"https:\/\/leregardlibre.com\/de\/kino\/filme\/an-evening-with-beverly-luff-linn-ein-abend-der-extravaganten-zartlichkeit\/","og_locale":"de_DE","og_type":"article","og_title":"\u00abAn evening with Beverly Luff Linn\u00bb, une soir\u00e9e de tendresse extravagante","og_description":"Neuch\u00e2tel International Fantastic Film Festival (NIFFF)\u00a0\u2013 Virginia Eufemi Jim Hosking revient pour la deuxi\u00e8me fois au NIFFF \u2013\u00a0apr\u00e8s The Greasy...","og_url":"https:\/\/leregardlibre.com\/de\/kino\/filme\/an-evening-with-beverly-luff-linn-ein-abend-der-extravaganten-zartlichkeit\/","og_site_name":"Le Regard Libre","article_publisher":"https:\/\/www.facebook.com\/leregardlibre\/","article_published_time":"2018-07-10T07:27:32+00:00","article_modified_time":"2025-12-04T21:48:28+00:00","og_image":[{"width":800,"height":450,"url":"https:\/\/leregardlibre.com\/wp-content\/uploads\/2018\/07\/an-evening-with-800x450.jpg","type":"image\/jpeg"}],"author":"Virginia Eufemi","twitter_card":"summary_large_image","twitter_creator":"@LeRegardLibre","twitter_site":"@LeRegardLibre","twitter_misc":{"Verfasst von":"Virginia Eufemi","Gesch\u00e4tzte Lesezeit":"2\u00a0Minuten"},"schema":{"@context":"https:\/\/schema.org","@graph":[{"@type":"Article","@id":"https:\/\/leregardlibre.com\/cinema\/films\/an-evening-with-beverly-luff-linn-une-soiree-de-tendresse-extravagante\/#article","isPartOf":{"@id":"https:\/\/leregardlibre.com\/cinema\/films\/an-evening-with-beverly-luff-linn-une-soiree-de-tendresse-extravagante\/"},"author":{"name":"Virginia Eufemi","@id":"https:\/\/leregardlibre.com\/#\/schema\/person\/e5209829d95c81ba0acae7a8443d2857"},"headline":"\u00abAn evening with Beverly Luff Linn\u00bb, une soir\u00e9e de tendresse extravagante","datePublished":"2018-07-10T07:27:32+00:00","dateModified":"2025-12-04T21:48:28+00:00","mainEntityOfPage":{"@id":"https:\/\/leregardlibre.com\/cinema\/films\/an-evening-with-beverly-luff-linn-une-soiree-de-tendresse-extravagante\/"},"wordCount":477,"commentCount":0,"publisher":{"@id":"https:\/\/leregardlibre.com\/#organization"},"image":{"@id":"https:\/\/leregardlibre.com\/cinema\/films\/an-evening-with-beverly-luff-linn-une-soiree-de-tendresse-extravagante\/#primaryimage"},"thumbnailUrl":"https:\/\/leregardlibre.com\/wp-content\/uploads\/2018\/07\/an-evening-with-800x450.jpg","keywords":["an evening with beverly luff linn","aubrey plaza","Com\u00e9die","emile hirsch","jemaine clement","jim hosking","NIFFF","NIFFF 2018","seventies"],"articleSection":["Films"],"inLanguage":"de","potentialAction":[{"@type":"CommentAction","name":"Comment","target":["https:\/\/leregardlibre.com\/cinema\/films\/an-evening-with-beverly-luff-linn-une-soiree-de-tendresse-extravagante\/#respond"]}]},{"@type":"WebPage","@id":"https:\/\/leregardlibre.com\/cinema\/films\/an-evening-with-beverly-luff-linn-une-soiree-de-tendresse-extravagante\/","url":"https:\/\/leregardlibre.com\/cinema\/films\/an-evening-with-beverly-luff-linn-une-soiree-de-tendresse-extravagante\/","name":"\u00abAn evening with Beverly Luff Linn\u00bb, ein extravaganter Abend voller Z\u00e4rtlichkeit","isPartOf":{"@id":"https:\/\/leregardlibre.com\/#website"},"primaryImageOfPage":{"@id":"https:\/\/leregardlibre.com\/cinema\/films\/an-evening-with-beverly-luff-linn-une-soiree-de-tendresse-extravagante\/#primaryimage"},"image":{"@id":"https:\/\/leregardlibre.com\/cinema\/films\/an-evening-with-beverly-luff-linn-une-soiree-de-tendresse-extravagante\/#primaryimage"},"thumbnailUrl":"https:\/\/leregardlibre.com\/wp-content\/uploads\/2018\/07\/an-evening-with-800x450.jpg","datePublished":"2018-07-10T07:27:32+00:00","dateModified":"2025-12-04T21:48:28+00:00","breadcrumb":{"@id":"https:\/\/leregardlibre.com\/cinema\/films\/an-evening-with-beverly-luff-linn-une-soiree-de-tendresse-extravagante\/#breadcrumb"},"inLanguage":"de","potentialAction":[{"@type":"ReadAction","target":["https:\/\/leregardlibre.com\/cinema\/films\/an-evening-with-beverly-luff-linn-une-soiree-de-tendresse-extravagante\/"]}]},{"@type":"ImageObject","inLanguage":"de","@id":"https:\/\/leregardlibre.com\/cinema\/films\/an-evening-with-beverly-luff-linn-une-soiree-de-tendresse-extravagante\/#primaryimage","url":"https:\/\/leregardlibre.com\/wp-content\/uploads\/2018\/07\/an-evening-with-800x450.jpg","contentUrl":"https:\/\/leregardlibre.com\/wp-content\/uploads\/2018\/07\/an-evening-with-800x450.jpg","width":800,"height":450},{"@type":"BreadcrumbList","@id":"https:\/\/leregardlibre.com\/cinema\/films\/an-evening-with-beverly-luff-linn-une-soiree-de-tendresse-extravagante\/#breadcrumb","itemListElement":[{"@type":"ListItem","position":1,"name":"Accueil","item":"https:\/\/leregardlibre.com\/"},{"@type":"ListItem","position":2,"name":"\u00abAn evening with Beverly Luff Linn\u00bb, une soir\u00e9e de tendresse extravagante"}]},{"@type":"WebSite","@id":"https:\/\/leregardlibre.com\/#website","url":"https:\/\/leregardlibre.com\/","name":"Le Regard Libre","description":"Erste Schweizer Monatszeitschrift f\u00fcr Debatten","publisher":{"@id":"https:\/\/leregardlibre.com\/#organization"},"potentialAction":[{"@type":"SearchAction","target":{"@type":"EntryPoint","urlTemplate":"https:\/\/leregardlibre.com\/?s={search_term_string}"},"query-input":{"@type":"PropertyValueSpecification","valueRequired":true,"valueName":"search_term_string"}}],"inLanguage":"de"},{"@type":"Organization","@id":"https:\/\/leregardlibre.com\/#organization","name":"Le Regard Libre","url":"https:\/\/leregardlibre.com\/","logo":{"@type":"ImageObject","inLanguage":"de","@id":"https:\/\/leregardlibre.com\/#\/schema\/logo\/image\/","url":"https:\/\/leregardlibre.com\/wp-content\/uploads\/2025\/08\/logo-rl-icone-neg.jpeg","contentUrl":"https:\/\/leregardlibre.com\/wp-content\/uploads\/2025\/08\/logo-rl-icone-neg.jpeg","width":557,"height":556,"caption":"Le Regard Libre"},"image":{"@id":"https:\/\/leregardlibre.com\/#\/schema\/logo\/image\/"},"sameAs":["https:\/\/www.facebook.com\/leregardlibre\/","https:\/\/x.com\/LeRegardLibre","https:\/\/www.linkedin.com\/company\/le-regard-libre","https:\/\/www.instagram.com\/leregardlibre\/","http:\/\/t.me\/leregardlibre","https:\/\/youtube.com\/channel\/UC6HzGPomj1LsUmlz-sJtITQ"],"description":"Le Regard Libre ist eine Schweizer Monatszeitschrift f\u00fcr intellektuelle und kulturelle Debatten. Seine Redaktion ist jung, ehrenamtlich, liberal und pluralistisch. Das Magazin erscheint online und in gedruckter Form. Seine Sprache ist Franz\u00f6sisch.","email":"redaction@leregardlibre.com","legalName":"Le Regard Libre","foundingDate":"2014-01-01","numberOfEmployees":{"@type":"QuantitativeValue","minValue":"11","maxValue":"50"},"publishingPrinciples":"https:\/\/leregardlibre.com\/a-propos\/notre-manifeste\/","ownershipFundingInfo":"https:\/\/leregardlibre.com\/mentions-legales\/","actionableFeedbackPolicy":"https:\/\/leregardlibre.com\/conditions-generales-de-vente\/"},{"@type":"Person","@id":"https:\/\/leregardlibre.com\/#\/schema\/person\/e5209829d95c81ba0acae7a8443d2857","name":"Virginia Eufemi","image":{"@type":"ImageObject","inLanguage":"de","@id":"https:\/\/secure.gravatar.com\/avatar\/bf93638435b25f9b1d25390cbd4c8fd944dd762c2c6bbf4c182a8da0873a9a9d?s=96&d=identicon&r=g","url":"https:\/\/secure.gravatar.com\/avatar\/bf93638435b25f9b1d25390cbd4c8fd944dd762c2c6bbf4c182a8da0873a9a9d?s=96&d=identicon&r=g","contentUrl":"https:\/\/secure.gravatar.com\/avatar\/bf93638435b25f9b1d25390cbd4c8fd944dd762c2c6bbf4c182a8da0873a9a9d?s=96&d=identicon&r=g","caption":"Virginia Eufemi"},"sameAs":["https:\/\/leregardlibre.com\/"],"url":"https:\/\/leregardlibre.com\/de\/author\/virginia-eufemi\/"}]}},"_links":{"self":[{"href":"https:\/\/leregardlibre.com\/de\/wp-json\/wp\/v2\/posts\/16111","targetHints":{"allow":["GET"]}}],"collection":[{"href":"https:\/\/leregardlibre.com\/de\/wp-json\/wp\/v2\/posts"}],"about":[{"href":"https:\/\/leregardlibre.com\/de\/wp-json\/wp\/v2\/types\/post"}],"author":[{"embeddable":true,"href":"https:\/\/leregardlibre.com\/de\/wp-json\/wp\/v2\/users\/340"}],"replies":[{"embeddable":true,"href":"https:\/\/leregardlibre.com\/de\/wp-json\/wp\/v2\/comments?post=16111"}],"version-history":[{"count":2,"href":"https:\/\/leregardlibre.com\/de\/wp-json\/wp\/v2\/posts\/16111\/revisions"}],"predecessor-version":[{"id":512522,"href":"https:\/\/leregardlibre.com\/de\/wp-json\/wp\/v2\/posts\/16111\/revisions\/512522"}],"wp:featuredmedia":[{"embeddable":true,"href":"https:\/\/leregardlibre.com\/de\/wp-json\/wp\/v2\/media\/16112"}],"wp:attachment":[{"href":"https:\/\/leregardlibre.com\/de\/wp-json\/wp\/v2\/media?parent=16111"}],"wp:term":[{"taxonomy":"category","embeddable":true,"href":"https:\/\/leregardlibre.com\/de\/wp-json\/wp\/v2\/categories?post=16111"},{"taxonomy":"post_tag","embeddable":true,"href":"https:\/\/leregardlibre.com\/de\/wp-json\/wp\/v2\/tags?post=16111"}],"curies":[{"name":"wp","href":"https:\/\/api.w.org\/{rel}","templated":true}]}}