{"id":16498,"date":"2018-07-18T18:57:23","date_gmt":"2018-07-18T16:57:23","guid":{"rendered":"https:\/\/leregardlibre.com\/?p=16498"},"modified":"2025-12-04T22:40:13","modified_gmt":"2025-12-04T21:40:13","slug":"drei-gesichter-wenn-die-einfachen-worte-eines-iranischen-bauern-zum-drehbuchpreis-in-cannes-fuhren","status":"publish","type":"post","link":"https:\/\/leregardlibre.com\/de\/kino\/filme\/drei-gesichter-wenn-die-einfachen-worte-eines-iranischen-bauern-zum-drehbuchpreis-in-cannes-fuhren\/","title":{"rendered":"\u00abDrei Gesichter\u00bb, wenn die einfachen Worte eines iranischen Bauern zum Drehbuchpreis in Cannes f\u00fchren"},"content":{"rendered":"<p><em>Mittwochs im Kino - Loris S. Musumeci<\/em><\/p>\n<p>\u00abWas, wenn es sich um einen Scherz handelt, Herr Panahi?\u00bb<\/p>\n<p>Ein Amateurvideo ist an die Schauspielerin Behnaz Jafari in ihrer eigenen Rolle gerichtet. \u00abHallo Frau Jafari, ich bin Marziyeh\u00bb, gr\u00fc\u00dft das M\u00e4dchen, das sich selbst filmt in <em>Selfie<\/em>. Sp\u00e4ter k\u00fcndigt sie ernsthaft an, dass sie kurz vor dem Selbstmord steht, weil ihre Familie sie daran hindert, Schauspielerin zu werden. Diejenige, die, <em>ist<\/em> Die Schauspielerin erh\u00e4lt diese Bilder, die sie ansprechen, und erlebt Panik. Sie f\u00fchlt sich verantwortlich, vor allem, wenn Marziyeh sich wirklich das Leben genommen hat. Zusammen mit dem Regisseur Jafar Panahi, der ebenfalls in einer eigenen Rolle zu sehen ist, macht sie sich auf den Weg, um vor Ort zu \u00fcberpr\u00fcfen, was wirklich passiert ist.<\/p>\n<p><!--more--><\/p>\n<p>Als sie dort ankommen, werden sie in dem Dorf in der Bergregion im Nordwesten Irans mit gemischten Gef\u00fchlen empfangen. Die beiden stellen Nachforschungen an und treffen Dorfbewohner, Familien und Kinder, die ihnen Informationen \u00fcber den Teenager geben k\u00f6nnen. Tats\u00e4chlich ist sie seit drei Tagen verschwunden. Behnaz Jafari hat noch mehr Angst. Die beiden entdecken jedoch viel mehr, als sie erwartet hatten. Sie lernen eine Kultur, eine Philosophie, eine Mentalit\u00e4t und viele andere Sch\u00e4tze kennen.<\/p>\n<h3>Ein Poster, das B\u00e4nde spricht<\/h3>\n<p>Poster werden den Filmen, die sie ank\u00fcndigen, nicht immer gerecht. <em>Drei Gesichter\u00a0<\/em>ist ein gro\u00dfartiger Film ; <em>Drei Gesichter\u00a0<\/em>ist ein wundersch\u00f6ner Film. Au\u00dferdem wird er von einem der ber\u00fchmtesten Namen der iranischen Neuen Welle und des zeitgen\u00f6ssischen Kinos auf internationaler Ebene inszeniert. Jafar Panahi ist aufgrund seines Hausarreststatus eine Autorit\u00e4t. Er wird neben anderen, wichtigeren Gr\u00fcnden respektiert, weil er nicht Regie f\u00fchren darf - eine Zensur, die jedoch umgangen wird, da es einen Film gibt. Es ist sein Name, der den Erfolg und die Bekanntheit des Films ausmacht, aber auf keinen Fall sein Poster. Es ist eher geschmacklos und zeigt sich in einem weichgesp\u00fclten Pop-Art-Zeichenstil.<\/p>\n<p>Doch auch wenn sie auf den ersten Blick nicht unbedingt angenehm anzusehen ist, hat sie Sinn und tr\u00e4gt einige sehr interessante Bedeutungen in sich. Erstens ist sie eine Fortsetzung von <em>Taxi Teheran\u00a0<\/em>und <em>Dies ist kein Film<\/em>, Die Plakate sind ebenfalls Zeichnungen desselben Typs, vor allem das von <em>Taxi Teheran<\/em>. Zweitens deutet sie die Zensur an, die dem Film auferlegt wurde. Auch die anderen Spielfilme, die nur kurz erw\u00e4hnt werden, wurden unter Zensur gedreht. Man kann sich vorstellen, dass der Regisseur die Zeichnung als Option gew\u00e4hlt hat, um ein eigenes Set f\u00fcr das Posterfoto zu vermeiden.<\/p>\n<p>Drittens: Die Hypothese einer Hommage an die Comics <em>Persepolis\u00a0<\/em>der Iranerin Marjane Satrapi, die sich ebenfalls sehr kritisch mit der Islamischen Republik Iran auseinandersetzt. Mit ihren einfarbigen Strandassimilationen, den Umrissen mit schwarzem Filzstift und den runden Gesichtsz\u00fcgen \u00e4hneln sich die Zeichnungen. Diese These ist umso wahrscheinlicher, als die Comiczeichnerin in ihrem Werk Themen behandelt, die Panahi am Herzen liegen, und umgekehrt.<\/p>\n<p><img fetchpriority=\"high\" decoding=\"async\" class=\"wp-image-16499 aligncenter\" src=\"http:\/\/leregardlibre.com\/wp-content\/uploads\/2018\/07\/Trois-visages-Affiche-\u00a9-Filmcoopi-1.jpg\" alt=\"Drei Gesichter - Poster - \u00a9 Filmcoopi\" width=\"335\" height=\"478\" \/><\/p>\n<h3>Die Reinheit des heimlichen Bildes<\/h3>\n<p>Die \u00c4sthetik der Fotografie ist weitaus bemerkenswerter und anerkennenswerter als die des Plakats. Obwohl die technischen Mittel aufgrund des Untergrunds eingeschr\u00e4nkt waren, gelingt es dem Regisseur, dem Bild seine Handschrift einzupr\u00e4gen. Viele Aufnahmen in Panahis Jeep lassen nat\u00fcrlich auch hier wieder an seinen letzten Film denken <em>Taxi Teheran\u00a0<\/em>(2015), der in einem Taxi auf einer Fahrt durch die Hauptstadt gedreht wurde. Lassen wir diese Referenzen jedoch beiseite und konzentrieren wir uns wieder auf die Fotografie.<\/p>\n<p>Wenn es nur nach der Reinheit des Bildes ginge, w\u00fcrde nichts auf einen Untergrundfilm hindeuten. Trotz des begrenzten Raums eines Autos gelingt es der Kamera, den Aufnahmen des Gesichts von Behnaz Jafari, die sich nachts auf der Reise zum Dorf befindet, Tiefe zu verleihen. Dar\u00fcber hinaus gibt es ein sehr geschicktes Spiel mit dem Raum, den das Gesicht auf der Leinwand in einem Verh\u00e4ltnis von einem Drittel einnimmt. Dann das Lichtspiel mit den Stra\u00dfenlaternen auf der Stra\u00dfe und den Scheinwerfern anderer Fahrzeuge sowie dem Licht des Mobiltelefons, das die Schauspielerin in der Hand h\u00e4lt. Sie schaut sich tats\u00e4chlich in einer Endlosschleife das Video des Teenagers in Not an.<\/p>\n<h3>Die Stimme des Dorfes, die sich frei ausdr\u00fcckt<\/h3>\n<p>Was das Thema angeht, sind sich alle Kritiker einig, dass es sich um einen politischen Film handelt. Damit haben sie Recht. Ohne in egozentrisches Gejammer zu verfallen, <em>Drei Gesichter\u00a0<\/em>spielt auf die Zensur seines Regisseurs und anderer iranischer K\u00fcnstler an. Der Film thematisiert auch die Raumplanung im Land durch die verfallenen und problematischen Stra\u00dfen, die von den Protagonisten befahren werden. Die Frage nach der Stellung der Frauen und dem Dorfleben ist sicherlich auch eine politische Frage. In diesem Fall ist sie jedoch vor allem kultureller Natur. Zumindest scheint der Regisseur die Fakten so darzustellen.<\/p>\n<p>Wer im neuen Panahi eine kompromisslose und nuancenreiche Kritik an der iranischen Gesellschaft erwartet, wird entt\u00e4uscht sein. Denn was die Hauptthemen des Films eher auf die kulturelle als auf die politische Seite kippen l\u00e4sst, sind gerade die Nuancen des feinen und intelligenten Blicks des Iraners. Er versucht zu verstehen. Er will Verst\u00e4ndnis vermitteln. Er rechtfertigt keine Haltungen mit ungleichem oder gar frauenfeindlichem Charakter, dennoch l\u00e4sst er die Stimme des Dorfes frei sprechen. \u00ab Das sind unsere Br\u00e4uche.\u00bb<\/p>\n<p>Der Platz, den er ihren \u00c4u\u00dferungen einr\u00e4umt, zeigt, dass Panahi keine Verachtung f\u00fcr diese B\u00fcrger, die ein Sonderleben f\u00fchren, ausdr\u00fcckt. Es gibt auch keine Karikaturen von M\u00e4nnern, die Frauen gegen\u00fcber b\u00f6se und sklavenhaltend sind. Die M\u00e4nner verbeugen sich sogar vor der Schauspielerin, die sie besucht, und servieren ihr dem\u00fctig Tee und Geschenke. Der Film ehrt auch das Leben der Bergbewohner, indem er mit Anmut Gegenst\u00e4nde des Alltags und der Arbeit filmt: einen verletzten Stier, einen verrosteten Traktor.<\/p>\n<p>Die sch\u00f6nste Szene, die den Geist des Films zusammenfasst, bleibt zweifellos die, in der sich ein Dorfbewohner mit Behnaz Jafari unterh\u00e4lt. Die beiden unterhalten sich eines Abends, w\u00e4hrend sie unter den Lichtern vor dem Haus des bescheidenen Mannes sitzen. Dieser, der der Ankunft der beiden Ausl\u00e4nder anfangs feindselig gegen\u00fcberstand, erz\u00e4hlt ihr nun seine Gedanken, seine Sorgen, seine Weltanschauung und seine aufrichtigsten Hoffnungen f\u00fcr die kommenden Generationen. Der Dialog bietet dem Drehbuch seine ganze transzendente Dimension, die durch die menschliche Existenz hindurchgeht und die kleinen Leute ermutigt, durchzuhalten und mit dem, was sie haben, gl\u00fccklich zu sein. Der Dialog bot auch <em>Drei Gesichter\u00a0<\/em>seinen Drehbuchpreis bei den letzten Filmfestspielen in Cannes.<\/p>\n<p>\u00abUnd wenn jemand Lust hat, ein Gaukler zu sein, was soll er dann tun?\u00bb<\/p>\n<p><em>Schreiben Sie dem Autor : <a href=\"mailto:loris.musumeci@leregardlibre.com\">loris.musumeci@leregardlibre.com<\/a><\/em><\/p>\n<p>Fotocredit: \u00a9 Filmcoopi<\/p>","protected":false},"excerpt":{"rendered":"<p>Les mercredis du cin\u00e9ma \u2013 Loris S. Musumeci \u00ab\u00a0Et si c\u2019\u00e9tait un canular, Monsieur Panahi\u00a0? \u00bb Une vid\u00e9o amateur est&#8230;<\/p>","protected":false},"author":18,"featured_media":510018,"comment_status":"open","ping_status":"open","sticky":false,"template":"","format":"standard","meta":{"_acf_changed":false,"footnotes":""},"categories":[644355829],"tags":[67439,644339211,644341146,62048,940893,6645,644339212,644339213,55275,644339223,644339220,54015,644339210,644339214,140969],"class_list":["post-16498","post","type-post","status-publish","format-standard","has-post-thumbnail","hentry","category-films","tag-adolescence","tag-behnaz-jafari","tag-critiques-cinema","tag-enquete","tag-festival-de-cannes","tag-iran","tag-jafar-panahi","tag-marziyeh","tag-montagne","tag-persepolis","tag-pop-art","tag-suicide","tag-trois-visages","tag-video","tag-village"],"acf":[],"yoast_head":"<!-- This site is optimized with the Yoast SEO Premium plugin v27.4 (Yoast SEO v27.4) - https:\/\/yoast.com\/product\/yoast-seo-premium-wordpress\/ -->\n<title>\u00abTrois visages\u00bb, quand les mots simples d\u2019un paysan iranien m\u00e8nent au prix du sc\u00e9nario \u00e0 Cannes<\/title>\n<meta name=\"robots\" content=\"index, follow, max-snippet:-1, max-image-preview:large, max-video-preview:-1\" \/>\n<link rel=\"canonical\" href=\"https:\/\/leregardlibre.com\/de\/kino\/filme\/drei-gesichter-wenn-die-einfachen-worte-eines-iranischen-bauern-zum-drehbuchpreis-in-cannes-fuhren\/\" \/>\n<meta property=\"og:locale\" content=\"de_DE\" \/>\n<meta property=\"og:type\" content=\"article\" \/>\n<meta property=\"og:title\" content=\"\u00abTrois visages\u00bb, quand les mots simples d\u2019un paysan iranien m\u00e8nent au prix du sc\u00e9nario \u00e0 Cannes\" \/>\n<meta property=\"og:description\" content=\"Les mercredis du cin\u00e9ma \u2013 Loris S. Musumeci \u00ab\u00a0Et si c\u2019\u00e9tait un canular, Monsieur Panahi\u00a0? \u00bb Une vid\u00e9o amateur est...\" \/>\n<meta property=\"og:url\" content=\"https:\/\/leregardlibre.com\/de\/kino\/filme\/drei-gesichter-wenn-die-einfachen-worte-eines-iranischen-bauern-zum-drehbuchpreis-in-cannes-fuhren\/\" \/>\n<meta property=\"og:site_name\" content=\"Le Regard Libre\" \/>\n<meta property=\"article:publisher\" content=\"https:\/\/www.facebook.com\/leregardlibre\/\" \/>\n<meta property=\"article:published_time\" content=\"2018-07-18T16:57:23+00:00\" \/>\n<meta property=\"article:modified_time\" content=\"2025-12-04T21:40:13+00:00\" \/>\n<meta property=\"og:image\" content=\"https:\/\/leregardlibre.com\/wp-content\/uploads\/2018\/07\/Trois-visages-5-\u00a9-Filmcoopi-1-1024x540.jpg\" \/>\n\t<meta property=\"og:image:width\" content=\"1024\" \/>\n\t<meta property=\"og:image:height\" content=\"540\" \/>\n\t<meta property=\"og:image:type\" content=\"image\/jpeg\" \/>\n<meta name=\"author\" content=\"Loris S. Musumeci\" \/>\n<meta name=\"twitter:card\" content=\"summary_large_image\" \/>\n<meta name=\"twitter:creator\" content=\"@LeRegardLibre\" \/>\n<meta name=\"twitter:site\" content=\"@LeRegardLibre\" \/>\n<meta name=\"twitter:label1\" content=\"Verfasst von\" \/>\n\t<meta name=\"twitter:data1\" content=\"Loris S. Musumeci\" \/>\n\t<meta name=\"twitter:label2\" content=\"Gesch\u00e4tzte Lesezeit\" \/>\n\t<meta name=\"twitter:data2\" content=\"6\u00a0Minuten\" \/>\n<script type=\"application\/ld+json\" class=\"yoast-schema-graph\">{\"@context\":\"https:\\\/\\\/schema.org\",\"@graph\":[{\"@type\":\"Article\",\"@id\":\"https:\\\/\\\/leregardlibre.com\\\/cinema\\\/films\\\/trois-visages-quand-les-mots-simples-dun-paysan-iranien-menent-au-prix-du-scenario-a-cannes\\\/#article\",\"isPartOf\":{\"@id\":\"https:\\\/\\\/leregardlibre.com\\\/cinema\\\/films\\\/trois-visages-quand-les-mots-simples-dun-paysan-iranien-menent-au-prix-du-scenario-a-cannes\\\/\"},\"author\":{\"name\":\"Loris S. Musumeci\",\"@id\":\"https:\\\/\\\/leregardlibre.com\\\/#\\\/schema\\\/person\\\/04d80ec47094bca6b1fa22dffad24005\"},\"headline\":\"\u00abTrois visages\u00bb, quand les mots simples d\u2019un paysan iranien m\u00e8nent au prix du sc\u00e9nario \u00e0 Cannes\",\"datePublished\":\"2018-07-18T16:57:23+00:00\",\"dateModified\":\"2025-12-04T21:40:13+00:00\",\"mainEntityOfPage\":{\"@id\":\"https:\\\/\\\/leregardlibre.com\\\/cinema\\\/films\\\/trois-visages-quand-les-mots-simples-dun-paysan-iranien-menent-au-prix-du-scenario-a-cannes\\\/\"},\"wordCount\":1208,\"commentCount\":0,\"publisher\":{\"@id\":\"https:\\\/\\\/leregardlibre.com\\\/#organization\"},\"image\":{\"@id\":\"https:\\\/\\\/leregardlibre.com\\\/cinema\\\/films\\\/trois-visages-quand-les-mots-simples-dun-paysan-iranien-menent-au-prix-du-scenario-a-cannes\\\/#primaryimage\"},\"thumbnailUrl\":\"https:\\\/\\\/leregardlibre.com\\\/wp-content\\\/uploads\\\/2018\\\/07\\\/Trois-visages-5-\u00a9-Filmcoopi-1.jpg\",\"keywords\":[\"Adolescence\",\"behnaz jafari\",\"Critique cin\u00e9ma\",\"Enqu\u00eate\",\"Festival de Cannes\",\"Iran\",\"jafar panahi\",\"marziyeh\",\"Montagne\",\"persepolis\",\"pop art\",\"Suicide\",\"trois visages\",\"vid\u00e9o\",\"village\"],\"articleSection\":[\"Films\"],\"inLanguage\":\"de\",\"potentialAction\":[{\"@type\":\"CommentAction\",\"name\":\"Comment\",\"target\":[\"https:\\\/\\\/leregardlibre.com\\\/cinema\\\/films\\\/trois-visages-quand-les-mots-simples-dun-paysan-iranien-menent-au-prix-du-scenario-a-cannes\\\/#respond\"]}]},{\"@type\":\"WebPage\",\"@id\":\"https:\\\/\\\/leregardlibre.com\\\/cinema\\\/films\\\/trois-visages-quand-les-mots-simples-dun-paysan-iranien-menent-au-prix-du-scenario-a-cannes\\\/\",\"url\":\"https:\\\/\\\/leregardlibre.com\\\/cinema\\\/films\\\/trois-visages-quand-les-mots-simples-dun-paysan-iranien-menent-au-prix-du-scenario-a-cannes\\\/\",\"name\":\"\u00abTrois visages\u00bb, quand les mots simples d\u2019un paysan iranien m\u00e8nent au prix du sc\u00e9nario \u00e0 Cannes\",\"isPartOf\":{\"@id\":\"https:\\\/\\\/leregardlibre.com\\\/#website\"},\"primaryImageOfPage\":{\"@id\":\"https:\\\/\\\/leregardlibre.com\\\/cinema\\\/films\\\/trois-visages-quand-les-mots-simples-dun-paysan-iranien-menent-au-prix-du-scenario-a-cannes\\\/#primaryimage\"},\"image\":{\"@id\":\"https:\\\/\\\/leregardlibre.com\\\/cinema\\\/films\\\/trois-visages-quand-les-mots-simples-dun-paysan-iranien-menent-au-prix-du-scenario-a-cannes\\\/#primaryimage\"},\"thumbnailUrl\":\"https:\\\/\\\/leregardlibre.com\\\/wp-content\\\/uploads\\\/2018\\\/07\\\/Trois-visages-5-\u00a9-Filmcoopi-1.jpg\",\"datePublished\":\"2018-07-18T16:57:23+00:00\",\"dateModified\":\"2025-12-04T21:40:13+00:00\",\"breadcrumb\":{\"@id\":\"https:\\\/\\\/leregardlibre.com\\\/cinema\\\/films\\\/trois-visages-quand-les-mots-simples-dun-paysan-iranien-menent-au-prix-du-scenario-a-cannes\\\/#breadcrumb\"},\"inLanguage\":\"de\",\"potentialAction\":[{\"@type\":\"ReadAction\",\"target\":[\"https:\\\/\\\/leregardlibre.com\\\/cinema\\\/films\\\/trois-visages-quand-les-mots-simples-dun-paysan-iranien-menent-au-prix-du-scenario-a-cannes\\\/\"]}]},{\"@type\":\"ImageObject\",\"inLanguage\":\"de\",\"@id\":\"https:\\\/\\\/leregardlibre.com\\\/cinema\\\/films\\\/trois-visages-quand-les-mots-simples-dun-paysan-iranien-menent-au-prix-du-scenario-a-cannes\\\/#primaryimage\",\"url\":\"https:\\\/\\\/leregardlibre.com\\\/wp-content\\\/uploads\\\/2018\\\/07\\\/Trois-visages-5-\u00a9-Filmcoopi-1.jpg\",\"contentUrl\":\"https:\\\/\\\/leregardlibre.com\\\/wp-content\\\/uploads\\\/2018\\\/07\\\/Trois-visages-5-\u00a9-Filmcoopi-1.jpg\",\"width\":3579,\"height\":1889},{\"@type\":\"BreadcrumbList\",\"@id\":\"https:\\\/\\\/leregardlibre.com\\\/cinema\\\/films\\\/trois-visages-quand-les-mots-simples-dun-paysan-iranien-menent-au-prix-du-scenario-a-cannes\\\/#breadcrumb\",\"itemListElement\":[{\"@type\":\"ListItem\",\"position\":1,\"name\":\"Accueil\",\"item\":\"https:\\\/\\\/leregardlibre.com\\\/\"},{\"@type\":\"ListItem\",\"position\":2,\"name\":\"\u00abTrois visages\u00bb, quand les mots simples d\u2019un paysan iranien m\u00e8nent au prix du sc\u00e9nario \u00e0 Cannes\"}]},{\"@type\":\"WebSite\",\"@id\":\"https:\\\/\\\/leregardlibre.com\\\/#website\",\"url\":\"https:\\\/\\\/leregardlibre.com\\\/\",\"name\":\"Le Regard Libre\",\"description\":\"Premier mensuel suisse de d\u00e9bat\",\"publisher\":{\"@id\":\"https:\\\/\\\/leregardlibre.com\\\/#organization\"},\"potentialAction\":[{\"@type\":\"SearchAction\",\"target\":{\"@type\":\"EntryPoint\",\"urlTemplate\":\"https:\\\/\\\/leregardlibre.com\\\/?s={search_term_string}\"},\"query-input\":{\"@type\":\"PropertyValueSpecification\",\"valueRequired\":true,\"valueName\":\"search_term_string\"}}],\"inLanguage\":\"de\"},{\"@type\":\"Organization\",\"@id\":\"https:\\\/\\\/leregardlibre.com\\\/#organization\",\"name\":\"Le Regard Libre\",\"url\":\"https:\\\/\\\/leregardlibre.com\\\/\",\"logo\":{\"@type\":\"ImageObject\",\"inLanguage\":\"de\",\"@id\":\"https:\\\/\\\/leregardlibre.com\\\/#\\\/schema\\\/logo\\\/image\\\/\",\"url\":\"https:\\\/\\\/leregardlibre.com\\\/wp-content\\\/uploads\\\/2025\\\/08\\\/logo-rl-icone-neg.jpeg\",\"contentUrl\":\"https:\\\/\\\/leregardlibre.com\\\/wp-content\\\/uploads\\\/2025\\\/08\\\/logo-rl-icone-neg.jpeg\",\"width\":557,\"height\":556,\"caption\":\"Le Regard Libre\"},\"image\":{\"@id\":\"https:\\\/\\\/leregardlibre.com\\\/#\\\/schema\\\/logo\\\/image\\\/\"},\"sameAs\":[\"https:\\\/\\\/www.facebook.com\\\/leregardlibre\\\/\",\"https:\\\/\\\/x.com\\\/LeRegardLibre\",\"https:\\\/\\\/www.linkedin.com\\\/company\\\/le-regard-libre\",\"https:\\\/\\\/www.instagram.com\\\/leregardlibre\\\/\",\"http:\\\/\\\/t.me\\\/leregardlibre\",\"https:\\\/\\\/youtube.com\\\/channel\\\/UC6HzGPomj1LsUmlz-sJtITQ\"],\"description\":\"Le Regard Libre est un mensuel suisse de d\u00e9bat intellectuel et culturel. Sa r\u00e9daction est jeune, b\u00e9n\u00e9vole, lib\u00e9rale et pluraliste. Le magazine para\u00eet en ligne et sous forme papier. Sa langue est le fran\u00e7ais.\",\"email\":\"redaction@leregardlibre.com\",\"legalName\":\"Le Regard Libre\",\"foundingDate\":\"2014-01-01\",\"numberOfEmployees\":{\"@type\":\"QuantitativeValue\",\"minValue\":\"11\",\"maxValue\":\"50\"},\"publishingPrinciples\":\"https:\\\/\\\/leregardlibre.com\\\/a-propos\\\/notre-manifeste\\\/\",\"ownershipFundingInfo\":\"https:\\\/\\\/leregardlibre.com\\\/mentions-legales\\\/\",\"actionableFeedbackPolicy\":\"https:\\\/\\\/leregardlibre.com\\\/conditions-generales-de-vente\\\/\"},{\"@type\":\"Person\",\"@id\":\"https:\\\/\\\/leregardlibre.com\\\/#\\\/schema\\\/person\\\/04d80ec47094bca6b1fa22dffad24005\",\"name\":\"Loris S. Musumeci\",\"image\":{\"@type\":\"ImageObject\",\"inLanguage\":\"de\",\"@id\":\"https:\\\/\\\/secure.gravatar.com\\\/avatar\\\/fa476654dadfee0d962e80160d0303549febb2769f8fa26c7a1ebe037f7c7c54?s=96&d=identicon&r=g\",\"url\":\"https:\\\/\\\/secure.gravatar.com\\\/avatar\\\/fa476654dadfee0d962e80160d0303549febb2769f8fa26c7a1ebe037f7c7c54?s=96&d=identicon&r=g\",\"contentUrl\":\"https:\\\/\\\/secure.gravatar.com\\\/avatar\\\/fa476654dadfee0d962e80160d0303549febb2769f8fa26c7a1ebe037f7c7c54?s=96&d=identicon&r=g\",\"caption\":\"Loris S. Musumeci\"},\"sameAs\":[\"https:\\\/\\\/leregardlibre.com\\\/\",\"https:\\\/\\\/fr.wikipedia.org\\\/wiki\\\/Le_Regard_libre\"],\"url\":\"https:\\\/\\\/leregardlibre.com\\\/de\\\/author\\\/loris-musumeci\\\/\"}]}<\/script>\n<!-- \/ Yoast SEO Premium plugin. -->","yoast_head_json":{"title":"\u00abDrei Gesichter\u00bb, wenn die einfachen Worte eines iranischen Bauern zum Drehbuchpreis in Cannes f\u00fchren","robots":{"index":"index","follow":"follow","max-snippet":"max-snippet:-1","max-image-preview":"max-image-preview:large","max-video-preview":"max-video-preview:-1"},"canonical":"https:\/\/leregardlibre.com\/de\/kino\/filme\/drei-gesichter-wenn-die-einfachen-worte-eines-iranischen-bauern-zum-drehbuchpreis-in-cannes-fuhren\/","og_locale":"de_DE","og_type":"article","og_title":"\u00abTrois visages\u00bb, quand les mots simples d\u2019un paysan iranien m\u00e8nent au prix du sc\u00e9nario \u00e0 Cannes","og_description":"Les mercredis du cin\u00e9ma \u2013 Loris S. Musumeci \u00ab\u00a0Et si c\u2019\u00e9tait un canular, Monsieur Panahi\u00a0? \u00bb Une vid\u00e9o amateur est...","og_url":"https:\/\/leregardlibre.com\/de\/kino\/filme\/drei-gesichter-wenn-die-einfachen-worte-eines-iranischen-bauern-zum-drehbuchpreis-in-cannes-fuhren\/","og_site_name":"Le Regard Libre","article_publisher":"https:\/\/www.facebook.com\/leregardlibre\/","article_published_time":"2018-07-18T16:57:23+00:00","article_modified_time":"2025-12-04T21:40:13+00:00","og_image":[{"width":1024,"height":540,"url":"https:\/\/leregardlibre.com\/wp-content\/uploads\/2018\/07\/Trois-visages-5-\u00a9-Filmcoopi-1-1024x540.jpg","type":"image\/jpeg"}],"author":"Loris S. Musumeci","twitter_card":"summary_large_image","twitter_creator":"@LeRegardLibre","twitter_site":"@LeRegardLibre","twitter_misc":{"Verfasst von":"Loris S. Musumeci","Gesch\u00e4tzte Lesezeit":"6\u00a0Minuten"},"schema":{"@context":"https:\/\/schema.org","@graph":[{"@type":"Article","@id":"https:\/\/leregardlibre.com\/cinema\/films\/trois-visages-quand-les-mots-simples-dun-paysan-iranien-menent-au-prix-du-scenario-a-cannes\/#article","isPartOf":{"@id":"https:\/\/leregardlibre.com\/cinema\/films\/trois-visages-quand-les-mots-simples-dun-paysan-iranien-menent-au-prix-du-scenario-a-cannes\/"},"author":{"name":"Loris S. Musumeci","@id":"https:\/\/leregardlibre.com\/#\/schema\/person\/04d80ec47094bca6b1fa22dffad24005"},"headline":"\u00abTrois visages\u00bb, quand les mots simples d\u2019un paysan iranien m\u00e8nent au prix du sc\u00e9nario \u00e0 Cannes","datePublished":"2018-07-18T16:57:23+00:00","dateModified":"2025-12-04T21:40:13+00:00","mainEntityOfPage":{"@id":"https:\/\/leregardlibre.com\/cinema\/films\/trois-visages-quand-les-mots-simples-dun-paysan-iranien-menent-au-prix-du-scenario-a-cannes\/"},"wordCount":1208,"commentCount":0,"publisher":{"@id":"https:\/\/leregardlibre.com\/#organization"},"image":{"@id":"https:\/\/leregardlibre.com\/cinema\/films\/trois-visages-quand-les-mots-simples-dun-paysan-iranien-menent-au-prix-du-scenario-a-cannes\/#primaryimage"},"thumbnailUrl":"https:\/\/leregardlibre.com\/wp-content\/uploads\/2018\/07\/Trois-visages-5-\u00a9-Filmcoopi-1.jpg","keywords":["Adolescence","behnaz jafari","Critique cin\u00e9ma","Enqu\u00eate","Festival de Cannes","Iran","jafar panahi","marziyeh","Montagne","persepolis","pop art","Suicide","trois visages","vid\u00e9o","village"],"articleSection":["Films"],"inLanguage":"de","potentialAction":[{"@type":"CommentAction","name":"Comment","target":["https:\/\/leregardlibre.com\/cinema\/films\/trois-visages-quand-les-mots-simples-dun-paysan-iranien-menent-au-prix-du-scenario-a-cannes\/#respond"]}]},{"@type":"WebPage","@id":"https:\/\/leregardlibre.com\/cinema\/films\/trois-visages-quand-les-mots-simples-dun-paysan-iranien-menent-au-prix-du-scenario-a-cannes\/","url":"https:\/\/leregardlibre.com\/cinema\/films\/trois-visages-quand-les-mots-simples-dun-paysan-iranien-menent-au-prix-du-scenario-a-cannes\/","name":"\u00abDrei Gesichter\u00bb, wenn die einfachen Worte eines iranischen Bauern zum Drehbuchpreis in Cannes f\u00fchren","isPartOf":{"@id":"https:\/\/leregardlibre.com\/#website"},"primaryImageOfPage":{"@id":"https:\/\/leregardlibre.com\/cinema\/films\/trois-visages-quand-les-mots-simples-dun-paysan-iranien-menent-au-prix-du-scenario-a-cannes\/#primaryimage"},"image":{"@id":"https:\/\/leregardlibre.com\/cinema\/films\/trois-visages-quand-les-mots-simples-dun-paysan-iranien-menent-au-prix-du-scenario-a-cannes\/#primaryimage"},"thumbnailUrl":"https:\/\/leregardlibre.com\/wp-content\/uploads\/2018\/07\/Trois-visages-5-\u00a9-Filmcoopi-1.jpg","datePublished":"2018-07-18T16:57:23+00:00","dateModified":"2025-12-04T21:40:13+00:00","breadcrumb":{"@id":"https:\/\/leregardlibre.com\/cinema\/films\/trois-visages-quand-les-mots-simples-dun-paysan-iranien-menent-au-prix-du-scenario-a-cannes\/#breadcrumb"},"inLanguage":"de","potentialAction":[{"@type":"ReadAction","target":["https:\/\/leregardlibre.com\/cinema\/films\/trois-visages-quand-les-mots-simples-dun-paysan-iranien-menent-au-prix-du-scenario-a-cannes\/"]}]},{"@type":"ImageObject","inLanguage":"de","@id":"https:\/\/leregardlibre.com\/cinema\/films\/trois-visages-quand-les-mots-simples-dun-paysan-iranien-menent-au-prix-du-scenario-a-cannes\/#primaryimage","url":"https:\/\/leregardlibre.com\/wp-content\/uploads\/2018\/07\/Trois-visages-5-\u00a9-Filmcoopi-1.jpg","contentUrl":"https:\/\/leregardlibre.com\/wp-content\/uploads\/2018\/07\/Trois-visages-5-\u00a9-Filmcoopi-1.jpg","width":3579,"height":1889},{"@type":"BreadcrumbList","@id":"https:\/\/leregardlibre.com\/cinema\/films\/trois-visages-quand-les-mots-simples-dun-paysan-iranien-menent-au-prix-du-scenario-a-cannes\/#breadcrumb","itemListElement":[{"@type":"ListItem","position":1,"name":"Accueil","item":"https:\/\/leregardlibre.com\/"},{"@type":"ListItem","position":2,"name":"\u00abTrois visages\u00bb, quand les mots simples d\u2019un paysan iranien m\u00e8nent au prix du sc\u00e9nario \u00e0 Cannes"}]},{"@type":"WebSite","@id":"https:\/\/leregardlibre.com\/#website","url":"https:\/\/leregardlibre.com\/","name":"Le Regard Libre","description":"Erste Schweizer Monatszeitschrift f\u00fcr Debatten","publisher":{"@id":"https:\/\/leregardlibre.com\/#organization"},"potentialAction":[{"@type":"SearchAction","target":{"@type":"EntryPoint","urlTemplate":"https:\/\/leregardlibre.com\/?s={search_term_string}"},"query-input":{"@type":"PropertyValueSpecification","valueRequired":true,"valueName":"search_term_string"}}],"inLanguage":"de"},{"@type":"Organization","@id":"https:\/\/leregardlibre.com\/#organization","name":"Le Regard Libre","url":"https:\/\/leregardlibre.com\/","logo":{"@type":"ImageObject","inLanguage":"de","@id":"https:\/\/leregardlibre.com\/#\/schema\/logo\/image\/","url":"https:\/\/leregardlibre.com\/wp-content\/uploads\/2025\/08\/logo-rl-icone-neg.jpeg","contentUrl":"https:\/\/leregardlibre.com\/wp-content\/uploads\/2025\/08\/logo-rl-icone-neg.jpeg","width":557,"height":556,"caption":"Le Regard Libre"},"image":{"@id":"https:\/\/leregardlibre.com\/#\/schema\/logo\/image\/"},"sameAs":["https:\/\/www.facebook.com\/leregardlibre\/","https:\/\/x.com\/LeRegardLibre","https:\/\/www.linkedin.com\/company\/le-regard-libre","https:\/\/www.instagram.com\/leregardlibre\/","http:\/\/t.me\/leregardlibre","https:\/\/youtube.com\/channel\/UC6HzGPomj1LsUmlz-sJtITQ"],"description":"Le Regard Libre ist eine Schweizer Monatszeitschrift f\u00fcr intellektuelle und kulturelle Debatten. Seine Redaktion ist jung, ehrenamtlich, liberal und pluralistisch. Das Magazin erscheint online und in gedruckter Form. Seine Sprache ist Franz\u00f6sisch.","email":"redaction@leregardlibre.com","legalName":"Le Regard Libre","foundingDate":"2014-01-01","numberOfEmployees":{"@type":"QuantitativeValue","minValue":"11","maxValue":"50"},"publishingPrinciples":"https:\/\/leregardlibre.com\/a-propos\/notre-manifeste\/","ownershipFundingInfo":"https:\/\/leregardlibre.com\/mentions-legales\/","actionableFeedbackPolicy":"https:\/\/leregardlibre.com\/conditions-generales-de-vente\/"},{"@type":"Person","@id":"https:\/\/leregardlibre.com\/#\/schema\/person\/04d80ec47094bca6b1fa22dffad24005","name":"Loris S. Musumeci","image":{"@type":"ImageObject","inLanguage":"de","@id":"https:\/\/secure.gravatar.com\/avatar\/fa476654dadfee0d962e80160d0303549febb2769f8fa26c7a1ebe037f7c7c54?s=96&d=identicon&r=g","url":"https:\/\/secure.gravatar.com\/avatar\/fa476654dadfee0d962e80160d0303549febb2769f8fa26c7a1ebe037f7c7c54?s=96&d=identicon&r=g","contentUrl":"https:\/\/secure.gravatar.com\/avatar\/fa476654dadfee0d962e80160d0303549febb2769f8fa26c7a1ebe037f7c7c54?s=96&d=identicon&r=g","caption":"Loris S. Musumeci"},"sameAs":["https:\/\/leregardlibre.com\/","https:\/\/fr.wikipedia.org\/wiki\/Le_Regard_libre"],"url":"https:\/\/leregardlibre.com\/de\/author\/loris-musumeci\/"}]}},"_links":{"self":[{"href":"https:\/\/leregardlibre.com\/de\/wp-json\/wp\/v2\/posts\/16498","targetHints":{"allow":["GET"]}}],"collection":[{"href":"https:\/\/leregardlibre.com\/de\/wp-json\/wp\/v2\/posts"}],"about":[{"href":"https:\/\/leregardlibre.com\/de\/wp-json\/wp\/v2\/types\/post"}],"author":[{"embeddable":true,"href":"https:\/\/leregardlibre.com\/de\/wp-json\/wp\/v2\/users\/18"}],"replies":[{"embeddable":true,"href":"https:\/\/leregardlibre.com\/de\/wp-json\/wp\/v2\/comments?post=16498"}],"version-history":[{"count":2,"href":"https:\/\/leregardlibre.com\/de\/wp-json\/wp\/v2\/posts\/16498\/revisions"}],"predecessor-version":[{"id":512422,"href":"https:\/\/leregardlibre.com\/de\/wp-json\/wp\/v2\/posts\/16498\/revisions\/512422"}],"wp:featuredmedia":[{"embeddable":true,"href":"https:\/\/leregardlibre.com\/de\/wp-json\/wp\/v2\/media\/510018"}],"wp:attachment":[{"href":"https:\/\/leregardlibre.com\/de\/wp-json\/wp\/v2\/media?parent=16498"}],"wp:term":[{"taxonomy":"category","embeddable":true,"href":"https:\/\/leregardlibre.com\/de\/wp-json\/wp\/v2\/categories?post=16498"},{"taxonomy":"post_tag","embeddable":true,"href":"https:\/\/leregardlibre.com\/de\/wp-json\/wp\/v2\/tags?post=16498"}],"curies":[{"name":"wp","href":"https:\/\/api.w.org\/{rel}","templated":true}]}}