{"id":16675,"date":"2018-08-03T09:00:00","date_gmt":"2018-08-03T07:00:00","guid":{"rendered":"https:\/\/leregardlibre.com\/?p=16675"},"modified":"2026-02-08T21:27:28","modified_gmt":"2026-02-08T20:27:28","slug":"la-brasserie-douchy-createurs-de-bieres-dexception","status":"publish","type":"post","link":"https:\/\/leregardlibre.com\/de\/gastronomie\/la-brasserie-douchy-createurs-de-bieres-dexception\/","title":{"rendered":"La Brasserie d'Ouchy: Kreateure von au\u00dfergew\u00f6hnlichen Bieren"},"content":{"rendered":"<p class=\"has-drop-cap\">In dieser Sommerzeit, die sich wunderbar f\u00fcr Bierproben eignet, setzen wir unsere Tour durch die Romandie fort, um handwerkliche Brauereien zu entdecken. Heute treffen wir in Ouchy, das im S\u00fcden der Stadt Lausanne am Ufer des Genfersees liegt, Anthony, den Gr\u00fcnder der\u00a0<a href=\"http:\/\/brasserieouchy.ch\/\" target=\"_blank\" rel=\"noopener\">Brasserie d'Ouchy<\/a>. In einigen Fragen zur\u00fcck zu diesem Abenteuer, seinen Beweggr\u00fcnden, seiner Analyse des Umfelds und den Zukunftspl\u00e4nen.<\/p>\n\n\n\n<!--more-->\n\n\n\n<h6 class=\"wp-block-heading has-text-align-left\"><em>Le Regard Libre<\/em>Wie und wann entstand der urspr\u00fcngliche Plan f\u00fcr Ihre Brauerei?<\/h6>\n\n\n\n<p class=\"has-text-align-left\">Ich habe vor etwa 20 Jahren zum ersten Mal mit dem gebraut, was es damals gab, n\u00e4mlich ein 20-Liter-Set mit Malzextrakt, das sozusagen keine Chance hatte, ein halbwegs anst\u00e4ndiges Bier zu brauen. Das hat mich f\u00fcr etwa f\u00fcnfzehn Jahre kalt erwischt.<\/p>\n\n\n\n<p class=\"has-text-align-left\">Ende 2014 entdeckte ich auf einer Reise in die USA ein damals relativ neues Konzept, das:\u201c<a style=\"font-style: italic;\" href=\"https:\/\/www.youtube.com\/watch?v=Ilq0pjjPRPU\" target=\"_blank\" rel=\"noopener\">All-grain small batch brewing<\/a>\u201c, d. h. f\u00fcnf Liter gro\u00dfe Braukessel, die mehr oder weniger wie in einer richtigen Brauerei mit Getreide gebraut werden. Dadurch kann man alle m\u00f6glichen Varianten machen und sich weiterentwickeln. So habe ich also angefangen. Es wurde schnell zu einer verzehrenden Leidenschaft, vor allem, weil die Ergebnisse dieses Mal sofort viel besser waren und ich verstand, was vor sich ging.<\/p>\n\n\n\n<p class=\"has-text-align-left\">Nach vielleicht f\u00fcnf kleinen Brauereien hatte ich schnell Anfragen und stieg auf zwanzig Liter auf. Das war ein gutes Gleichgewicht zwischen der M\u00f6glichkeit, bessere Mengen zu liefern und weiterhin sehr h\u00e4ufig neue Rezepte auszuprobieren.<\/p>\n\n\n\n<p class=\"has-text-align-left\">Danach wurde einige Monate lang regelm\u00e4\u00dfig f\u00fcr einen Laden produziert, der Bio-Bier haben wollte. Ich war einer der wenigen, die bereit waren, es ihm anzubieten. Aufgrund der immer schwieriger werdenden Zahlungen dieses Kunden wurde unsere Zusammenarbeit jedoch eingestellt. Ich fand andere f\u00fcr die gleiche Menge, was mir erm\u00f6glichte, eine kleinere Produktion fortzusetzen, w\u00e4hrend ich gleichzeitig weiter experimentieren konnte.<\/p>\n\n\n<div class=\"wp-block-image size-full wp-image-16676\">\n<figure class=\"aligncenter\"><img decoding=\"async\" width=\"181\" height=\"181\" src=\"http:\/\/leregardlibre.com\/wp-content\/uploads\/2018\/08\/logo.png\" alt=\"Logo\" class=\"wp-image-16676\" srcset=\"https:\/\/leregardlibre.com\/wp-content\/uploads\/2018\/08\/logo.png 181w, https:\/\/leregardlibre.com\/wp-content\/uploads\/2018\/08\/logo-150x150.png 150w, https:\/\/leregardlibre.com\/wp-content\/uploads\/2018\/08\/logo-100x100.png 100w\" sizes=\"(max-width: 181px) 100vw, 181px\" \/><figcaption class=\"wp-element-caption\">Logo der Brasserie d'Ouchy<\/figcaption><\/figure>\n<\/div>\n\n\n<h6 class=\"wp-block-heading has-text-align-left\">Auf Ihrer Website geben Sie an: <span lang=\"EN-US\">\u00ab<\/span>In der Brasserie d'Ouchy haben wir uns entschieden, das Handwerk noch viel weiter zu treiben, indem wir Biere anbieten, die vollst\u00e4ndig von Hand und in kleinen Serien hergestellt werden, um ein Ausnahmeprodukt ohne jegliche Zugest\u00e4ndnisse zu garantieren, sei es bei der Auswahl und der Qualit\u00e4t der Zutaten, der Braumethode oder der Originalit\u00e4t des Geschmacks.<span lang=\"EN-US\">\u00bb<\/span><\/h6>\n\n\n\n<p class=\"has-text-align-left\">Es gibt keinen wirklichen Zusammenhang zwischen der Menge des von einer Brauerei produzierten Bieres und ihrer \u201chandwerklichen\u201d Seite. Brauereien wie Whitefrontier, BFM, Gab's oder N\u00e9buleuse produzieren mehrere tausend Liter pro Sud und bleiben in Bezug auf Qualit\u00e4t, Kreativit\u00e4t, Geschmack, Geisteshaltung und Respekt f\u00fcr den Kunden vollkommen handwerklich. Umgekehrt hei\u00dft das nicht, dass man zwangsl\u00e4ufig gutes Bier herstellt, nur weil man kleine Mengen braut, sondern gerade im reinen Handwerk (einige hundert Liter pro Sud) gibt es zu essen und zu trinken, d. h. Gutes und weniger Gutes und vor allem viel Unbest\u00e4ndigkeit, was ebenfalls Teil des Charmes ist.<\/p>\n\n\n\n<p class=\"has-text-align-left\">Ich pers\u00f6nlich habe es mir immer zur Richtlinie gemacht, mir die Biere nicht von den Kunden vorschreiben zu lassen und bei jedem Sud weiter zu experimentieren, um Fortschritte zu machen; ich wei\u00df, dass ich ohne dieses st\u00e4ndige Experimentieren schnell wieder aufgeben w\u00fcrde. Die Bio-Seite hat sich aufgrund der Anfrage des zuvor erw\u00e4hnten Kunden eher zuf\u00e4llig ergeben, und nachdem unsere Zusammenarbeit beendet war, ist die Gewohnheit geblieben. Ich versuche auch, einigen meiner Etiketten einen Hauch von Punk und \u201cdo it yourself\u201d zu verleihen. Das passt zu meiner Pers\u00f6nlichkeit. Das ist etwas, das sich in der Geisteshaltung vieler Menschen in der Gemeinde wiederfindet.<\/p>\n\n\n\n<p class=\"has-text-align-left\">Ich hatte eine erste Phase, in der ich ein wenig \u201cdas lauwarme Wasser neu erfinden\u201d wollte und nur wenig verbreitete Stile brauen, ungew\u00f6hnliche Zutaten verwenden und auf keinen Fall die klassischen Stile brauen wollte. Mit der Zeit wurde mir klar, dass die Leute trotzdem haupts\u00e4chlich relativ leicht zu trinkende Biere konsumieren wollen, was sich im Craft-Bereich haupts\u00e4chlich in Pale Ale und India Pale Ale niederschl\u00e4gt. Dadurch tendiere ich immer mehr dazu, diese Stile zu brauen, was aber keineswegs eine Quelle der Frustration in Bezug auf die Kreativit\u00e4t ist, denn es gibt etwas noch Interessanteres an der Herausforderung, diese g\u00e4ngigsten Stile perfekt auszuf\u00fchren.<\/p>\n\n\n\n<h6 class=\"wp-block-heading has-text-align-left\">Der Klient kann also w\u00e4hlen <em>seine<\/em> Bier von A bis Z?<\/h6>\n\n\n\n<p class=\"has-text-align-left\">Der Kunde kann tats\u00e4chlich ein personalisiertes Bier bestellen, sowohl was das Bier selbst als auch das Design des Etiketts betrifft. Allerdings sind die Leute auch hier erfahrungsgem\u00e4\u00df vor allem auf der Suche nach leicht trinkbaren und nicht zu extremen Bieren.<\/p>\n\n\n\n<h6 class=\"wp-block-heading has-text-align-left\">Was sind Ihre Ambitionen f\u00fcr die n\u00e4chsten Jahre?<\/h6>\n\n\n\n<p class=\"has-text-align-left\">Mein Ziel bleibt relativ bescheiden: von einigen Dutzend Litern pro Monat auf einige Hundert zu kommen, aber nicht mehr, denn ich m\u00f6chte noch einige Jahre lang mit jedem Sud neue Dinge ausprobieren, um mich weiterzuentwickeln.<\/p>\n\n\n\n<h6 class=\"wp-block-heading has-text-align-left\">Wie ist Ihre Strategie, um Kunden zu erreichen, neue Kunden? Durch Mundpropaganda? Werbung?<\/h6>\n\n\n\n<p class=\"has-text-align-left\">Bisher habe ich meine Kunden haupts\u00e4chlich \u00fcber die Website gefunden, die sie spontan entdecken.<\/p>\n\n\n\n<p class=\"has-text-align-left\"><em>Schreiben Sie dem Autor:\u00a0<a href=\"mailto:nicolas.jutzet@lereregardlibre.com\">nicolas.jutzet@lereregardlibre.com<\/a><\/em><\/p>","protected":false},"excerpt":{"rendered":"<p>En cette p\u00e9riode estivale qui se pr\u00eate merveilleusement \u00e0 la d\u00e9gustation de bi\u00e8res, nous continuons notre tour de Romandie, \u00e0&#8230;<\/p>","protected":false},"author":314,"featured_media":16677,"comment_status":"open","ping_status":"open","sticky":false,"template":"","format":"standard","meta":{"_acf_changed":false,"footnotes":""},"categories":[42546],"tags":[3079770,2821424,644339449,8118,644339448],"class_list":["post-16675","post","type-post","status-publish","format-standard","has-post-thumbnail","hentry","category-gastronomie","tag-biere-artisanale","tag-brasserie-artisanale","tag-craft","tag-lausanne","tag-ouchy"],"acf":[],"yoast_head":"<!-- This site is optimized with the Yoast SEO Premium plugin v27.4 (Yoast SEO v27.4) - https:\/\/yoast.com\/product\/yoast-seo-premium-wordpress\/ -->\n<title>La Brasserie d&#039;Ouchy: cr\u00e9ateurs de bi\u00e8res d&#039;exception<\/title>\n<meta name=\"robots\" content=\"index, follow, max-snippet:-1, max-image-preview:large, max-video-preview:-1\" \/>\n<link rel=\"canonical\" href=\"https:\/\/leregardlibre.com\/de\/gastronomie\/la-brasserie-douchy-createurs-de-bieres-dexception\/\" \/>\n<meta property=\"og:locale\" content=\"de_DE\" \/>\n<meta property=\"og:type\" content=\"article\" \/>\n<meta property=\"og:title\" content=\"La Brasserie d&#039;Ouchy: cr\u00e9ateurs de bi\u00e8res d&#039;exception\" \/>\n<meta property=\"og:description\" content=\"En cette p\u00e9riode estivale qui se pr\u00eate merveilleusement \u00e0 la d\u00e9gustation de bi\u00e8res, nous continuons notre tour de Romandie, \u00e0...\" \/>\n<meta property=\"og:url\" content=\"https:\/\/leregardlibre.com\/de\/gastronomie\/la-brasserie-douchy-createurs-de-bieres-dexception\/\" \/>\n<meta property=\"og:site_name\" content=\"Le Regard Libre\" \/>\n<meta property=\"article:publisher\" content=\"https:\/\/www.facebook.com\/leregardlibre\/\" \/>\n<meta property=\"article:published_time\" content=\"2018-08-03T07:00:00+00:00\" \/>\n<meta property=\"article:modified_time\" content=\"2026-02-08T20:27:28+00:00\" \/>\n<meta property=\"og:image\" content=\"https:\/\/leregardlibre.com\/wp-content\/uploads\/2018\/08\/beer-2166004_1920.jpg\" \/>\n\t<meta property=\"og:image:width\" content=\"1920\" \/>\n\t<meta property=\"og:image:height\" content=\"1279\" \/>\n\t<meta property=\"og:image:type\" content=\"image\/jpeg\" \/>\n<meta name=\"author\" content=\"Nicolas Jutzet\" \/>\n<meta name=\"twitter:card\" content=\"summary_large_image\" \/>\n<meta name=\"twitter:creator\" content=\"@LeRegardLibre\" \/>\n<meta name=\"twitter:site\" content=\"@LeRegardLibre\" \/>\n<meta name=\"twitter:label1\" content=\"Verfasst von\" \/>\n\t<meta name=\"twitter:data1\" content=\"Nicolas Jutzet\" \/>\n\t<meta name=\"twitter:label2\" content=\"Gesch\u00e4tzte Lesezeit\" \/>\n\t<meta name=\"twitter:data2\" content=\"5\u00a0Minuten\" \/>\n<script type=\"application\/ld+json\" class=\"yoast-schema-graph\">{\"@context\":\"https:\\\/\\\/schema.org\",\"@graph\":[{\"@type\":\"Article\",\"@id\":\"https:\\\/\\\/leregardlibre.com\\\/gastronomie\\\/la-brasserie-douchy-createurs-de-bieres-dexception\\\/#article\",\"isPartOf\":{\"@id\":\"https:\\\/\\\/leregardlibre.com\\\/gastronomie\\\/la-brasserie-douchy-createurs-de-bieres-dexception\\\/\"},\"author\":{\"name\":\"Nicolas Jutzet\",\"@id\":\"https:\\\/\\\/leregardlibre.com\\\/#\\\/schema\\\/person\\\/3446d3a78b45211305188d4401e7719a\"},\"headline\":\"La Brasserie d&#8217;Ouchy: cr\u00e9ateurs de bi\u00e8res d&#8217;exception\",\"datePublished\":\"2018-08-03T07:00:00+00:00\",\"dateModified\":\"2026-02-08T20:27:28+00:00\",\"mainEntityOfPage\":{\"@id\":\"https:\\\/\\\/leregardlibre.com\\\/gastronomie\\\/la-brasserie-douchy-createurs-de-bieres-dexception\\\/\"},\"wordCount\":1001,\"commentCount\":0,\"publisher\":{\"@id\":\"https:\\\/\\\/leregardlibre.com\\\/#organization\"},\"image\":{\"@id\":\"https:\\\/\\\/leregardlibre.com\\\/gastronomie\\\/la-brasserie-douchy-createurs-de-bieres-dexception\\\/#primaryimage\"},\"thumbnailUrl\":\"https:\\\/\\\/leregardlibre.com\\\/wp-content\\\/uploads\\\/2018\\\/08\\\/beer-2166004_1920.jpg\",\"keywords\":[\"Bi\u00e8re artisanale\",\"Brasseries artisanales\",\"Craft\",\"Lausanne\",\"Ouchy\"],\"articleSection\":[\"Gastronomie\"],\"inLanguage\":\"de\",\"potentialAction\":[{\"@type\":\"CommentAction\",\"name\":\"Comment\",\"target\":[\"https:\\\/\\\/leregardlibre.com\\\/gastronomie\\\/la-brasserie-douchy-createurs-de-bieres-dexception\\\/#respond\"]}]},{\"@type\":\"WebPage\",\"@id\":\"https:\\\/\\\/leregardlibre.com\\\/gastronomie\\\/la-brasserie-douchy-createurs-de-bieres-dexception\\\/\",\"url\":\"https:\\\/\\\/leregardlibre.com\\\/gastronomie\\\/la-brasserie-douchy-createurs-de-bieres-dexception\\\/\",\"name\":\"La Brasserie d'Ouchy: cr\u00e9ateurs de bi\u00e8res d'exception\",\"isPartOf\":{\"@id\":\"https:\\\/\\\/leregardlibre.com\\\/#website\"},\"primaryImageOfPage\":{\"@id\":\"https:\\\/\\\/leregardlibre.com\\\/gastronomie\\\/la-brasserie-douchy-createurs-de-bieres-dexception\\\/#primaryimage\"},\"image\":{\"@id\":\"https:\\\/\\\/leregardlibre.com\\\/gastronomie\\\/la-brasserie-douchy-createurs-de-bieres-dexception\\\/#primaryimage\"},\"thumbnailUrl\":\"https:\\\/\\\/leregardlibre.com\\\/wp-content\\\/uploads\\\/2018\\\/08\\\/beer-2166004_1920.jpg\",\"datePublished\":\"2018-08-03T07:00:00+00:00\",\"dateModified\":\"2026-02-08T20:27:28+00:00\",\"breadcrumb\":{\"@id\":\"https:\\\/\\\/leregardlibre.com\\\/gastronomie\\\/la-brasserie-douchy-createurs-de-bieres-dexception\\\/#breadcrumb\"},\"inLanguage\":\"de\",\"potentialAction\":[{\"@type\":\"ReadAction\",\"target\":[\"https:\\\/\\\/leregardlibre.com\\\/gastronomie\\\/la-brasserie-douchy-createurs-de-bieres-dexception\\\/\"]}]},{\"@type\":\"ImageObject\",\"inLanguage\":\"de\",\"@id\":\"https:\\\/\\\/leregardlibre.com\\\/gastronomie\\\/la-brasserie-douchy-createurs-de-bieres-dexception\\\/#primaryimage\",\"url\":\"https:\\\/\\\/leregardlibre.com\\\/wp-content\\\/uploads\\\/2018\\\/08\\\/beer-2166004_1920.jpg\",\"contentUrl\":\"https:\\\/\\\/leregardlibre.com\\\/wp-content\\\/uploads\\\/2018\\\/08\\\/beer-2166004_1920.jpg\",\"width\":1920,\"height\":1279},{\"@type\":\"BreadcrumbList\",\"@id\":\"https:\\\/\\\/leregardlibre.com\\\/gastronomie\\\/la-brasserie-douchy-createurs-de-bieres-dexception\\\/#breadcrumb\",\"itemListElement\":[{\"@type\":\"ListItem\",\"position\":1,\"name\":\"Accueil\",\"item\":\"https:\\\/\\\/leregardlibre.com\\\/\"},{\"@type\":\"ListItem\",\"position\":2,\"name\":\"La Brasserie d&#8217;Ouchy: cr\u00e9ateurs de bi\u00e8res d&#8217;exception\"}]},{\"@type\":\"WebSite\",\"@id\":\"https:\\\/\\\/leregardlibre.com\\\/#website\",\"url\":\"https:\\\/\\\/leregardlibre.com\\\/\",\"name\":\"Le Regard Libre\",\"description\":\"Premier mensuel suisse de d\u00e9bat\",\"publisher\":{\"@id\":\"https:\\\/\\\/leregardlibre.com\\\/#organization\"},\"potentialAction\":[{\"@type\":\"SearchAction\",\"target\":{\"@type\":\"EntryPoint\",\"urlTemplate\":\"https:\\\/\\\/leregardlibre.com\\\/?s={search_term_string}\"},\"query-input\":{\"@type\":\"PropertyValueSpecification\",\"valueRequired\":true,\"valueName\":\"search_term_string\"}}],\"inLanguage\":\"de\"},{\"@type\":\"Organization\",\"@id\":\"https:\\\/\\\/leregardlibre.com\\\/#organization\",\"name\":\"Le Regard Libre\",\"url\":\"https:\\\/\\\/leregardlibre.com\\\/\",\"logo\":{\"@type\":\"ImageObject\",\"inLanguage\":\"de\",\"@id\":\"https:\\\/\\\/leregardlibre.com\\\/#\\\/schema\\\/logo\\\/image\\\/\",\"url\":\"https:\\\/\\\/leregardlibre.com\\\/wp-content\\\/uploads\\\/2025\\\/08\\\/logo-rl-icone-neg.jpeg\",\"contentUrl\":\"https:\\\/\\\/leregardlibre.com\\\/wp-content\\\/uploads\\\/2025\\\/08\\\/logo-rl-icone-neg.jpeg\",\"width\":557,\"height\":556,\"caption\":\"Le Regard Libre\"},\"image\":{\"@id\":\"https:\\\/\\\/leregardlibre.com\\\/#\\\/schema\\\/logo\\\/image\\\/\"},\"sameAs\":[\"https:\\\/\\\/www.facebook.com\\\/leregardlibre\\\/\",\"https:\\\/\\\/x.com\\\/LeRegardLibre\",\"https:\\\/\\\/www.linkedin.com\\\/company\\\/le-regard-libre\",\"https:\\\/\\\/www.instagram.com\\\/leregardlibre\\\/\",\"http:\\\/\\\/t.me\\\/leregardlibre\",\"https:\\\/\\\/youtube.com\\\/channel\\\/UC6HzGPomj1LsUmlz-sJtITQ\"],\"description\":\"Le Regard Libre est un mensuel suisse de d\u00e9bat intellectuel et culturel. Sa r\u00e9daction est jeune, b\u00e9n\u00e9vole, lib\u00e9rale et pluraliste. Le magazine para\u00eet en ligne et sous forme papier. Sa langue est le fran\u00e7ais.\",\"email\":\"redaction@leregardlibre.com\",\"legalName\":\"Le Regard Libre\",\"foundingDate\":\"2014-01-01\",\"numberOfEmployees\":{\"@type\":\"QuantitativeValue\",\"minValue\":\"11\",\"maxValue\":\"50\"},\"publishingPrinciples\":\"https:\\\/\\\/leregardlibre.com\\\/a-propos\\\/notre-manifeste\\\/\",\"ownershipFundingInfo\":\"https:\\\/\\\/leregardlibre.com\\\/mentions-legales\\\/\",\"actionableFeedbackPolicy\":\"https:\\\/\\\/leregardlibre.com\\\/conditions-generales-de-vente\\\/\"},{\"@type\":\"Person\",\"@id\":\"https:\\\/\\\/leregardlibre.com\\\/#\\\/schema\\\/person\\\/3446d3a78b45211305188d4401e7719a\",\"name\":\"Nicolas Jutzet\",\"image\":{\"@type\":\"ImageObject\",\"inLanguage\":\"de\",\"@id\":\"https:\\\/\\\/secure.gravatar.com\\\/avatar\\\/0051d940078d390e50a5e700a6c653e3776f3a164b8878a91d3c09ee3a174239?s=96&d=identicon&r=g\",\"url\":\"https:\\\/\\\/secure.gravatar.com\\\/avatar\\\/0051d940078d390e50a5e700a6c653e3776f3a164b8878a91d3c09ee3a174239?s=96&d=identicon&r=g\",\"contentUrl\":\"https:\\\/\\\/secure.gravatar.com\\\/avatar\\\/0051d940078d390e50a5e700a6c653e3776f3a164b8878a91d3c09ee3a174239?s=96&d=identicon&r=g\",\"caption\":\"Nicolas Jutzet\"},\"description\":\"Co-fondateur du m\u00e9dia Liber-th\u00e9, Nicolas Jutzet est vice-directeur de l\u2019Institut lib\u00e9ral, en Suisse.\",\"sameAs\":[\"https:\\\/\\\/nicolasjutzet.ch\\\/a-propos\\\/\",\"https:\\\/\\\/fr.wikipedia.org\\\/wiki\\\/Le_Regard_libre\"],\"url\":\"https:\\\/\\\/leregardlibre.com\\\/de\\\/author\\\/nicolas-jutzet\\\/\"}]}<\/script>\n<!-- \/ Yoast SEO Premium plugin. -->","yoast_head_json":{"title":"La Brasserie d'Ouchy: Kreateure von au\u00dfergew\u00f6hnlichen Bieren","robots":{"index":"index","follow":"follow","max-snippet":"max-snippet:-1","max-image-preview":"max-image-preview:large","max-video-preview":"max-video-preview:-1"},"canonical":"https:\/\/leregardlibre.com\/de\/gastronomie\/la-brasserie-douchy-createurs-de-bieres-dexception\/","og_locale":"de_DE","og_type":"article","og_title":"La Brasserie d'Ouchy: cr\u00e9ateurs de bi\u00e8res d'exception","og_description":"En cette p\u00e9riode estivale qui se pr\u00eate merveilleusement \u00e0 la d\u00e9gustation de bi\u00e8res, nous continuons notre tour de Romandie, \u00e0...","og_url":"https:\/\/leregardlibre.com\/de\/gastronomie\/la-brasserie-douchy-createurs-de-bieres-dexception\/","og_site_name":"Le Regard Libre","article_publisher":"https:\/\/www.facebook.com\/leregardlibre\/","article_published_time":"2018-08-03T07:00:00+00:00","article_modified_time":"2026-02-08T20:27:28+00:00","og_image":[{"width":1920,"height":1279,"url":"https:\/\/leregardlibre.com\/wp-content\/uploads\/2018\/08\/beer-2166004_1920.jpg","type":"image\/jpeg"}],"author":"Nicolas Jutzet","twitter_card":"summary_large_image","twitter_creator":"@LeRegardLibre","twitter_site":"@LeRegardLibre","twitter_misc":{"Verfasst von":"Nicolas Jutzet","Gesch\u00e4tzte Lesezeit":"5\u00a0Minuten"},"schema":{"@context":"https:\/\/schema.org","@graph":[{"@type":"Article","@id":"https:\/\/leregardlibre.com\/gastronomie\/la-brasserie-douchy-createurs-de-bieres-dexception\/#article","isPartOf":{"@id":"https:\/\/leregardlibre.com\/gastronomie\/la-brasserie-douchy-createurs-de-bieres-dexception\/"},"author":{"name":"Nicolas Jutzet","@id":"https:\/\/leregardlibre.com\/#\/schema\/person\/3446d3a78b45211305188d4401e7719a"},"headline":"La Brasserie d&#8217;Ouchy: cr\u00e9ateurs de bi\u00e8res d&#8217;exception","datePublished":"2018-08-03T07:00:00+00:00","dateModified":"2026-02-08T20:27:28+00:00","mainEntityOfPage":{"@id":"https:\/\/leregardlibre.com\/gastronomie\/la-brasserie-douchy-createurs-de-bieres-dexception\/"},"wordCount":1001,"commentCount":0,"publisher":{"@id":"https:\/\/leregardlibre.com\/#organization"},"image":{"@id":"https:\/\/leregardlibre.com\/gastronomie\/la-brasserie-douchy-createurs-de-bieres-dexception\/#primaryimage"},"thumbnailUrl":"https:\/\/leregardlibre.com\/wp-content\/uploads\/2018\/08\/beer-2166004_1920.jpg","keywords":["Bi\u00e8re artisanale","Brasseries artisanales","Craft","Lausanne","Ouchy"],"articleSection":["Gastronomie"],"inLanguage":"de","potentialAction":[{"@type":"CommentAction","name":"Comment","target":["https:\/\/leregardlibre.com\/gastronomie\/la-brasserie-douchy-createurs-de-bieres-dexception\/#respond"]}]},{"@type":"WebPage","@id":"https:\/\/leregardlibre.com\/gastronomie\/la-brasserie-douchy-createurs-de-bieres-dexception\/","url":"https:\/\/leregardlibre.com\/gastronomie\/la-brasserie-douchy-createurs-de-bieres-dexception\/","name":"La Brasserie d'Ouchy: Kreateure von au\u00dfergew\u00f6hnlichen Bieren","isPartOf":{"@id":"https:\/\/leregardlibre.com\/#website"},"primaryImageOfPage":{"@id":"https:\/\/leregardlibre.com\/gastronomie\/la-brasserie-douchy-createurs-de-bieres-dexception\/#primaryimage"},"image":{"@id":"https:\/\/leregardlibre.com\/gastronomie\/la-brasserie-douchy-createurs-de-bieres-dexception\/#primaryimage"},"thumbnailUrl":"https:\/\/leregardlibre.com\/wp-content\/uploads\/2018\/08\/beer-2166004_1920.jpg","datePublished":"2018-08-03T07:00:00+00:00","dateModified":"2026-02-08T20:27:28+00:00","breadcrumb":{"@id":"https:\/\/leregardlibre.com\/gastronomie\/la-brasserie-douchy-createurs-de-bieres-dexception\/#breadcrumb"},"inLanguage":"de","potentialAction":[{"@type":"ReadAction","target":["https:\/\/leregardlibre.com\/gastronomie\/la-brasserie-douchy-createurs-de-bieres-dexception\/"]}]},{"@type":"ImageObject","inLanguage":"de","@id":"https:\/\/leregardlibre.com\/gastronomie\/la-brasserie-douchy-createurs-de-bieres-dexception\/#primaryimage","url":"https:\/\/leregardlibre.com\/wp-content\/uploads\/2018\/08\/beer-2166004_1920.jpg","contentUrl":"https:\/\/leregardlibre.com\/wp-content\/uploads\/2018\/08\/beer-2166004_1920.jpg","width":1920,"height":1279},{"@type":"BreadcrumbList","@id":"https:\/\/leregardlibre.com\/gastronomie\/la-brasserie-douchy-createurs-de-bieres-dexception\/#breadcrumb","itemListElement":[{"@type":"ListItem","position":1,"name":"Accueil","item":"https:\/\/leregardlibre.com\/"},{"@type":"ListItem","position":2,"name":"La Brasserie d&#8217;Ouchy: cr\u00e9ateurs de bi\u00e8res d&#8217;exception"}]},{"@type":"WebSite","@id":"https:\/\/leregardlibre.com\/#website","url":"https:\/\/leregardlibre.com\/","name":"Le Regard Libre","description":"Erste Schweizer Monatszeitschrift f\u00fcr Debatten","publisher":{"@id":"https:\/\/leregardlibre.com\/#organization"},"potentialAction":[{"@type":"SearchAction","target":{"@type":"EntryPoint","urlTemplate":"https:\/\/leregardlibre.com\/?s={search_term_string}"},"query-input":{"@type":"PropertyValueSpecification","valueRequired":true,"valueName":"search_term_string"}}],"inLanguage":"de"},{"@type":"Organization","@id":"https:\/\/leregardlibre.com\/#organization","name":"Le Regard Libre","url":"https:\/\/leregardlibre.com\/","logo":{"@type":"ImageObject","inLanguage":"de","@id":"https:\/\/leregardlibre.com\/#\/schema\/logo\/image\/","url":"https:\/\/leregardlibre.com\/wp-content\/uploads\/2025\/08\/logo-rl-icone-neg.jpeg","contentUrl":"https:\/\/leregardlibre.com\/wp-content\/uploads\/2025\/08\/logo-rl-icone-neg.jpeg","width":557,"height":556,"caption":"Le Regard Libre"},"image":{"@id":"https:\/\/leregardlibre.com\/#\/schema\/logo\/image\/"},"sameAs":["https:\/\/www.facebook.com\/leregardlibre\/","https:\/\/x.com\/LeRegardLibre","https:\/\/www.linkedin.com\/company\/le-regard-libre","https:\/\/www.instagram.com\/leregardlibre\/","http:\/\/t.me\/leregardlibre","https:\/\/youtube.com\/channel\/UC6HzGPomj1LsUmlz-sJtITQ"],"description":"Le Regard Libre ist eine Schweizer Monatszeitschrift f\u00fcr intellektuelle und kulturelle Debatten. Seine Redaktion ist jung, ehrenamtlich, liberal und pluralistisch. Das Magazin erscheint online und in gedruckter Form. Seine Sprache ist Franz\u00f6sisch.","email":"redaction@leregardlibre.com","legalName":"Le Regard Libre","foundingDate":"2014-01-01","numberOfEmployees":{"@type":"QuantitativeValue","minValue":"11","maxValue":"50"},"publishingPrinciples":"https:\/\/leregardlibre.com\/a-propos\/notre-manifeste\/","ownershipFundingInfo":"https:\/\/leregardlibre.com\/mentions-legales\/","actionableFeedbackPolicy":"https:\/\/leregardlibre.com\/conditions-generales-de-vente\/"},{"@type":"Person","@id":"https:\/\/leregardlibre.com\/#\/schema\/person\/3446d3a78b45211305188d4401e7719a","name":"Nicolas Jutzet","image":{"@type":"ImageObject","inLanguage":"de","@id":"https:\/\/secure.gravatar.com\/avatar\/0051d940078d390e50a5e700a6c653e3776f3a164b8878a91d3c09ee3a174239?s=96&d=identicon&r=g","url":"https:\/\/secure.gravatar.com\/avatar\/0051d940078d390e50a5e700a6c653e3776f3a164b8878a91d3c09ee3a174239?s=96&d=identicon&r=g","contentUrl":"https:\/\/secure.gravatar.com\/avatar\/0051d940078d390e50a5e700a6c653e3776f3a164b8878a91d3c09ee3a174239?s=96&d=identicon&r=g","caption":"Nicolas Jutzet"},"description":"Nicolas Jutzet ist Mitbegr\u00fcnder des Mediums Liber-th\u00e9 und Vize-Direktor des Liberalen Instituts in der Schweiz.","sameAs":["https:\/\/nicolasjutzet.ch\/a-propos\/","https:\/\/fr.wikipedia.org\/wiki\/Le_Regard_libre"],"url":"https:\/\/leregardlibre.com\/de\/author\/nicolas-jutzet\/"}]}},"_links":{"self":[{"href":"https:\/\/leregardlibre.com\/de\/wp-json\/wp\/v2\/posts\/16675","targetHints":{"allow":["GET"]}}],"collection":[{"href":"https:\/\/leregardlibre.com\/de\/wp-json\/wp\/v2\/posts"}],"about":[{"href":"https:\/\/leregardlibre.com\/de\/wp-json\/wp\/v2\/types\/post"}],"author":[{"embeddable":true,"href":"https:\/\/leregardlibre.com\/de\/wp-json\/wp\/v2\/users\/314"}],"replies":[{"embeddable":true,"href":"https:\/\/leregardlibre.com\/de\/wp-json\/wp\/v2\/comments?post=16675"}],"version-history":[{"count":2,"href":"https:\/\/leregardlibre.com\/de\/wp-json\/wp\/v2\/posts\/16675\/revisions"}],"predecessor-version":[{"id":522186,"href":"https:\/\/leregardlibre.com\/de\/wp-json\/wp\/v2\/posts\/16675\/revisions\/522186"}],"wp:featuredmedia":[{"embeddable":true,"href":"https:\/\/leregardlibre.com\/de\/wp-json\/wp\/v2\/media\/16677"}],"wp:attachment":[{"href":"https:\/\/leregardlibre.com\/de\/wp-json\/wp\/v2\/media?parent=16675"}],"wp:term":[{"taxonomy":"category","embeddable":true,"href":"https:\/\/leregardlibre.com\/de\/wp-json\/wp\/v2\/categories?post=16675"},{"taxonomy":"post_tag","embeddable":true,"href":"https:\/\/leregardlibre.com\/de\/wp-json\/wp\/v2\/tags?post=16675"}],"curies":[{"name":"wp","href":"https:\/\/api.w.org\/{rel}","templated":true}]}}