{"id":16841,"date":"2018-08-18T20:16:47","date_gmt":"2018-08-18T19:16:47","guid":{"rendered":"https:\/\/leregardlibre.com\/?p=16841"},"modified":"2025-08-18T23:16:02","modified_gmt":"2025-08-18T21:16:02","slug":"pere-pain-pardon-der-besuch-von-papst-franziskus-in-genf","status":"publish","type":"post","link":"https:\/\/leregardlibre.com\/de\/gesellschaft\/pere-pain-pardon-der-besuch-von-papst-franziskus-in-genf\/","title":{"rendered":"Vater, Brot, Vergebung: Der Besuch von Papst Franziskus in Genf"},"content":{"rendered":"<p><em>Le Regard Libre Nr. 41 - <a href=\"https:\/\/leregardlibre.com\/de\/tag\/loris-musumeci\/\">Loris S. Musumeci<\/a><\/em><\/p>\n\n\n\n<p class=\"has-drop-cap\"><strong>Papst Franziskus wurde erst seit kurzem erwartet, aber er wurde mit gro\u00dfer Spannung erwartet. Sein Besuch in Genf am 21. Juni war auf politischer und \u00f6kumenischer Ebene von hoher Symbolkraft und f\u00fcr die Bev\u00f6lkerung von hoher emotionaler Bedeutung. Neben der zentralen Rede vor dem \u00d6RK (\u00d6kumenischer Rat der Kirchen) war es vor allem die Predigt, die mit Spannung erwartet wurde. Was w\u00fcrde der gute Mann den braven Schweizern wohl sagen? Nach der Predigt war der Eifer vorbei, aber die Botschaft blieb.<\/strong><\/p>\n\n\n\n<!--more Lire l'article (en libre acc\u00e8s)-->\n\n\n\n<p>Die Herausforderung der Veranstaltung wurde als ein Besuch des katholischen Roms im protestantischen Rom beschrieben. Das gab es nat\u00fcrlich auch. Was die Religion betrifft, ist Genf sicherlich nicht frei von einer ganz besonderen Geschichte. Der \u00f6kumenische Diskurs ist von Natur aus konsensorientiert, im neutralen Sinne des Wortes. Alle sind sich mehr oder weniger einig, wenn es darum geht, die \u00d6kumene oder zumindest kleine \u00f6kumenische Gesten zu bef\u00fcrworten. Im Voraus war klar, dass die verschiedenen Reden stark sein und allen gefallen w\u00fcrden.<span class=\"Apple-converted-space\">&nbsp;<\/span><\/p>\n\n\n\n<p>Bei der Predigt ist das eine andere Sache. Schon allein deshalb, weil die Rede zur Liturgie der Messe geh\u00f6rt. Ihre Funktion besteht darin, das Tagesevangelium zu kommentieren und zu erkl\u00e4ren. Daher wurde einerseits erwartet, dass die Worte des Papstes ihre liturgische Rolle f\u00fcr die Messe erf\u00fcllen, gleichzeitig aber auch die Worte, die beim \u00d6RK gesprochen wurden, fortsetzen. Einfacher ausgedr\u00fcckt: War der Stoff der Predigt reichhaltig genug, um jeden anzusprechen? Wie muss sie interpretiert werden, damit ihre Bedeutung \u00fcber die Grenzen des Katholizismus und sogar des Christentums hinausgeht?<\/p>\n\n\n\n<figure class=\"wp-block-image alignnone size-full wp-image-16842\"><img fetchpriority=\"high\" decoding=\"async\" width=\"1259\" height=\"1736\" src=\"http:\/\/leregardlibre.com\/wp-content\/uploads\/2018\/08\/Visite-du-Pape-\u00a9-Nicolas-Locatelli.jpg\" alt=\"Besuch des Papstes \u00a9 Nicolas Locatelli\" class=\"wp-image-16842\" srcset=\"https:\/\/leregardlibre.com\/wp-content\/uploads\/2018\/08\/Visite-du-Pape-\u00a9-Nicolas-Locatelli.jpg 1259w, https:\/\/leregardlibre.com\/wp-content\/uploads\/2018\/08\/Visite-du-Pape-\u00a9-Nicolas-Locatelli-109x150.jpg 109w, https:\/\/leregardlibre.com\/wp-content\/uploads\/2018\/08\/Visite-du-Pape-\u00a9-Nicolas-Locatelli-218x300.jpg 218w, https:\/\/leregardlibre.com\/wp-content\/uploads\/2018\/08\/Visite-du-Pape-\u00a9-Nicolas-Locatelli-768x1059.jpg 768w, https:\/\/leregardlibre.com\/wp-content\/uploads\/2018\/08\/Visite-du-Pape-\u00a9-Nicolas-Locatelli-743x1024.jpg 743w, https:\/\/leregardlibre.com\/wp-content\/uploads\/2018\/08\/Visite-du-Pape-\u00a9-Nicolas-Locatelli-1114x1536.jpg 1114w, https:\/\/leregardlibre.com\/wp-content\/uploads\/2018\/08\/Visite-du-Pape-\u00a9-Nicolas-Locatelli-1200x1655.jpg 1200w, https:\/\/leregardlibre.com\/wp-content\/uploads\/2018\/08\/Visite-du-Pape-\u00a9-Nicolas-Locatelli-1170x1613.jpg 1170w, https:\/\/leregardlibre.com\/wp-content\/uploads\/2018\/08\/Visite-du-Pape-\u00a9-Nicolas-Locatelli-585x807.jpg 585w, https:\/\/leregardlibre.com\/wp-content\/uploads\/2018\/08\/Visite-du-Pape-\u00a9-Nicolas-Locatelli-300x414.jpg 300w, https:\/\/leregardlibre.com\/wp-content\/uploads\/2018\/08\/Visite-du-Pape-\u00a9-Nicolas-Locatelli-600x827.jpg 600w\" sizes=\"(max-width: 1259px) 100vw, 1259px\" \/><figcaption>Zeichnung von Nicolas Locatelli f\u00fcr Le Regard Libre<\/figcaption><\/figure>\n\n\n\n<p>Wie auch immer, die Aussagen des Kirchenoberhauptes sind inspiriert vom Gegebenen der g\u00f6ttlichen Offenbarung. Franziskus ist ein Mann der Kirche und seine Botschaft ist katholisch. Ohne die Predigt zu verf\u00e4lschen, ist es gut, die T\u00fcren zu ihrem tieferen Sinn zu \u00f6ffnen, der die nat\u00fcrliche Intelligenz der Menschen anzusprechen vermag. Der zu jedem Menschen guten Willens sprechen kann, ohne eine unn\u00f6tige Distanz zu provozieren.<\/p>\n\n\n\n<h3 class=\"wp-block-heading\">Vater<\/h3>\n\n\n\n<p>\u00abVater, Brot, Vergebung. Drei Worte, die uns das heutige Evangelium gibt. Drei Worte, die uns zum Herzen des Glaubens f\u00fchren\u00bb. Von diesen drei Worten ausgehend baut der Papst seine gesamte Botschaft auf. Er geht sogar noch weiter: Er fasst den christlichen Glauben und das Engagement der Christen hinter dem Vater, dem Brot und der Vergebung zusammen. Es ist bekannt, dass Christen einen Gott begreifen und erleben, der nicht mehr die Macht im Himmel ist, die von den Menschen losgel\u00f6st und desinteressiert ist, sondern der Vater ist. Der Heilige Vater erinnert daran, dass \u00abwir als Christen beten: nicht zu einem allgemeinen Gott, sondern zu einem Gott, der vor allem Vater ist\u00bb.\u00bb<\/p>\n\n\n\n<p>Es gibt einen Vater, der nicht nur ist, wie Jesus lehrte, <i>meine<\/i> Vater oder <i>deine<\/i> Vater, aber gut <i>unsere<\/i> Vater. Und die Erinnerungen an das kleine Gebet, das Sie als Kinder gesprochen haben, wenn Sie, wie einige von Ihnen, nur noch m\u00fcde zur Messe gingen: \u00abVater unser, der du bist im Himmel\u00bb, werden wieder wach. Neben der Vaterfigur ist es das \u00abunser\u00bb, das der Formel eine soziale Bedeutung verleiht. \u00abWenn der Vater da ist, wird niemand ausgeschlossen; Angst und Ungewissheit haben nicht die Oberhand. Die Erinnerung an das Gute kehrt zur\u00fcck, denn im Herzen des Vaters sind wir keine virtuellen Kinder, sondern geliebte Kinder. Er bringt uns nicht in Gruppen zusammen, die teilen, sondern er erneuert uns gemeinsam als Familie.\u00bb<\/p>\n\n\n\n<p>Gott wird hier sowohl als tr\u00f6stende Eltern, als auch als immer da gewesene Freunde und als Gruppe einer echten menschlichen Gemeinschaft gesehen. All diese Aspekte stehen im Zeichen der Familie. Das \u00abwir\u00bb erinnert an eine nat\u00fcrliche Br\u00fcderlichkeit und damit an eine Verantwortung gegen\u00fcber anderen. Zusammenfassend l\u00e4sst sich sagen: Weil der Vater unser ist, sind wir Br\u00fcder. Weil wir Br\u00fcder sind, m\u00fcssen wir uns f\u00fcreinander einsetzen. Die Menschen teilen die gleichen Bedingungen f\u00fcr das menschliche Leben und sind daher zur gegenseitigen und br\u00fcderlichen Unterst\u00fctzung aufgerufen.<\/p>\n\n\n\n<h3 class=\"wp-block-heading\">Brot<\/h3>\n\n\n\n<p>\u00abEs hat keinen Sinn, um mehr zu bitten: nur um das Brot, das hei\u00dft um das, was zum Leben notwendig ist. Brot ist in erster Linie die ausreichende Nahrung f\u00fcr heute, f\u00fcr die Gesundheit, f\u00fcr die Arbeit von heute; diese Nahrung, die leider vielen unserer Br\u00fcder und Schwestern fehlt. Deshalb sage ich: H\u00fctet euch vor denen, die mit Brot spekulieren! Die Grundnahrung f\u00fcr das t\u00e4gliche Leben der V\u00f6lker muss f\u00fcr alle zug\u00e4nglich sein.\u00bb<\/p>\n\n\n\n<p>Damit ist der Ton vorgegeben. Das Wesentliche ist das Streben der Menschen nach Gl\u00fcck. Das Wesentliche ist die R\u00fcckkehr zu einer Einfachheit, die frei macht und die Lungen mit frischer Luft f\u00fcllt. \u00abUnser t\u00e4gliches Brot gib uns heute\u00bb ist sowohl die Bitte f\u00fcr jeden, das materiell Notwendige zu erhalten, als auch die Bitte, Christus zu empfangen, der durch das Geheimnis der Transsubstantiation - der Verwandlung von Brot und Wein in den Leib und das Blut Jesu - zum t\u00e4glichen Brot wird. Jenseits dieser theologischen Zug\u00e4nge gibt es eine Ethik der Zufriedenheit; nicht eine mittelm\u00e4\u00dfige Zufriedenheit, sondern eine Zufriedenheit mit dem Notwendigen, die ein Gleichgewicht darstellt.<\/p>\n\n\n\n<p>Die zitierten Aussagen sind auf ihre Weise auch eine politische Botschaft. Gro\u00dfe Geister werden sie als simpel bezeichnen. Gro\u00dfe Liberale werden zu Recht oder zu Unrecht \u00abKommunist\u00bb schreien. Auf jeden Fall kann man in der Folge der Verantwortung, die durch die nat\u00fcrliche Br\u00fcderlichkeit, die sich aus dem \"Vater unser\" ergibt, erzeugt wird, gewiss Armut akzeptieren, ebenso wie man akzeptieren kann, dass es Gesellschaften gibt, die reicher und entwickelter sind als andere. Wo es jedoch Hunger gibt, wird die W\u00fcrde mit F\u00fc\u00dfen getreten.<span class=\"Apple-converted-space\">\u00a0<\/span><\/p>\n\n\n\n<p>Die Botschaft von Franziskus scheint an die menschliche moralische Pflicht zu erinnern, eine Politik zu organisieren, die jedem sein Recht l\u00e4sst. Selbst wenn man aus realistischen Gr\u00fcnden Prekarit\u00e4t tolerieren kann, darf man nicht zulassen, dass es jemandem an der Grundnahrung, an den Grundbed\u00fcrfnissen mangelt. Wenn es an Nahrung mangelt, mangelt es an der Kraft des K\u00f6rpers, man mangelt es an der Entschlossenheit des Geistes. Ein gut gen\u00e4hrter K\u00f6rper und ein ges\u00e4ttigter Geist sind in der Lage, eine Arbeitsgesellschaft aufzubauen, die ein echtes Allgemeingut ist.<span class=\"Apple-converted-space\">&nbsp;<\/span><\/p>\n\n\n\n<h3 class=\"wp-block-heading\">Entschuldigung<\/h3>\n\n\n\n<blockquote class=\"wp-block-quote is-layout-flow wp-block-quote-is-layout-flow\"><p>\u00abDie Vergebung erneuert, sie wirkt Wunder. [...] Nur dann bringen wir wirklich Neues in die Welt, denn es gibt keine gr\u00f6\u00dfere Neuheit als die Vergebung, die das B\u00f6se in Gutes verwandelt. Das sehen wir in der christlichen Geschichte. Wenn wir einander vergeben, wenn wir uns nach Jahrhunderten der Kontroverse und der Zerrissenheit als Br\u00fcder wiederentdecken, wie gut hat uns das getan und tut es noch immer! Der Vater freut sich, wenn wir einander lieben und aus aufrichtigem Herzen vergeben.\u00bb<\/p><\/blockquote>\n\n\n\n<p>Ausgehend von der Erkenntnis des Vaters, unseres Vaters, kommen der soziale Plan und der Wunsch nach Gerechtigkeit. Diese setzen einen ersten pers\u00f6nlichen Schritt voraus. Den Frieden in der Gesellschaft zu f\u00f6rdern, muss zuerst \u00fcber den inneren Frieden gehen, wo sich die \u00c4ngste des Dauerstresses l\u00f6sen. Ein Leben, das sich auf das Wesentliche konzentriert. F\u00fcr Christen auf Christus, f\u00fcr alle auf das Brot - auch f\u00fcr Christen, denn wie erleuchtet sie auch sein m\u00f6gen, Christen sind Menschen aus Fleisch und Blut.<span class=\"Apple-converted-space\">\u00a0<\/span><\/p>\n\n\n\n<p>\u00abDas \u00bbVaterunser\u00ab und das \u00bbt\u00e4gliche Brot\" erfordern ein offenes Herz. Und der Schl\u00fcssel? Trommelwirbel: die Vergebung! Es ist der reale und konkrete Akt der Vergebung, der die wahre, angewandte N\u00e4chstenliebe zum Ausdruck bringt. Die Vergebung w\u00e4scht sich rein, sie nimmt - ohne geographisches Wortspiel - den Kurs der Hoffnung wieder auf. Das Neue, das Unternehmerische, jede Ver\u00e4nderung und sogar die <i>revoluci\u00f3n<\/i> k\u00f6nnen nur dann gesund sein und zu etwas Besserem f\u00fchren, wenn sie durch den Akt der Vergebung gereinigt werden.<\/p>\n\n\n\n<p>Die Geschichte zeigt deutlich, dass Revolutionen, insbesondere die ehrgeizigsten, die nicht durch eine vorherige Vergebung gegangen sind, sch\u00e4dlich waren. Auf die Gefahr hin, karikaturistisch und approximativ zu sein, w\u00fcrde ich als Beispiel den Kommunismus anf\u00fchren. Dieser entfaltete sich in Hass und ertrank in seinem eigenen Blut. Hatte das Proletariat der Aristokratie und der Bourgeoisie jeglichen Missbrauch verziehen? Nicht wirklich; Hass war der einzige Kompass. Um die Waage der politischen Kritik auszugleichen: Haben die heutigen konservativen Bewegungen in Europa den illegalen Migranten verziehen, dass sie aus Opportunismus, Not oder Verzweiflung illegal gehandelt haben?<\/p>\n\n\n\n<p>Diese Thesen verdienen weitere \u00dcberlegungen und Diskussionen. Kehren wir also zum Kern der Predigt zur\u00fcck: Vater, Brot, Vergebung. Oder besser gesagt: Vergebung, Brot, Vater. Die Liebe zum N\u00e4chsten erfordert Vergebung. Vergebung befreit von sozialen \u00dcbeln, von unn\u00f6tigem und zerst\u00f6rerischem Ballast. Vergebung zielt auf eine R\u00fcckkehr zum Wesentlichen ab. Lass uns unsere Streitigkeiten vergessen, ich vergebe dir; lass uns zum Wesentlichen unserer Beziehung zur\u00fcckkehren. Das Wesentliche ist auch, dass jeder Mensch in W\u00fcrde leben kann, das ist das Brot, das jeder Mensch verdient, nur weil er Mensch ist.<span class=\"Apple-converted-space\">\u00a0<\/span><\/p>\n\n\n\n<p>Ein Leben mit dem t\u00e4glichen Brot f\u00fcr jeden ist ein Leben, das in den tiefen Wunsch nach sozialer Gerechtigkeit eingebettet ist. In ein Projekt der Br\u00fcderlichkeit. Eine Br\u00fcderlichkeit, die sich unter einem gemeinsamen Wesen versammelt, dem des Vaters, unseres Vaters.<\/p>\n\n\n\n<p><em>Schreiben Sie dem Autor: <a href=\"mailto:loris.musumeci@leregardlibre.com\">loris.musumeci@leregardlibre.com<\/a><\/em><\/p>\n\n\n\n<p>Peter Williams\/WCC<\/p>","protected":false},"excerpt":{"rendered":"<p>Le Regard Libre N\u00b0 41\u00a0\u2013 Loris S. Musumeci Le pape Fran\u00e7ois \u00e9tait attendu depuis peu, mais il \u00e9tait tr\u00e8s attendu&#8230;.<\/p>","protected":false},"author":18,"featured_media":510061,"comment_status":"open","ping_status":"open","sticky":false,"template":"","format":"standard","meta":{"_acf_changed":false,"footnotes":""},"categories":[8796],"tags":[453901,1171030,57220,351742,154633870,106015,116],"class_list":["post-16841","post","type-post","status-publish","format-standard","has-post-thumbnail","hentry","category-societe","tag-catholicisme","tag-eglise-catholique","tag-geneve","tag-pape","tag-pape-francois","tag-pauvrete","tag-religion"],"acf":[],"yoast_head":"<!-- This site is optimized with the Yoast SEO Premium plugin v27.4 (Yoast SEO v27.4) - https:\/\/yoast.com\/product\/yoast-seo-premium-wordpress\/ -->\n<title>P\u00e8re, pain, pardon: la visite du pape Fran\u00e7ois \u00e0 Gen\u00e8ve<\/title>\n<meta name=\"robots\" content=\"index, follow, max-snippet:-1, max-image-preview:large, max-video-preview:-1\" \/>\n<link rel=\"canonical\" href=\"https:\/\/leregardlibre.com\/de\/gesellschaft\/pere-pain-pardon-der-besuch-von-papst-franziskus-in-genf\/\" \/>\n<meta property=\"og:locale\" content=\"de_DE\" \/>\n<meta property=\"og:type\" content=\"article\" \/>\n<meta property=\"og:title\" content=\"P\u00e8re, pain, pardon: la visite du pape Fran\u00e7ois \u00e0 Gen\u00e8ve\" \/>\n<meta property=\"og:description\" content=\"Le Regard Libre N\u00b0 41\u00a0\u2013 Loris S. Musumeci Le pape Fran\u00e7ois \u00e9tait attendu depuis peu, mais il \u00e9tait tr\u00e8s attendu....\" \/>\n<meta property=\"og:url\" content=\"https:\/\/leregardlibre.com\/de\/gesellschaft\/pere-pain-pardon-der-besuch-von-papst-franziskus-in-genf\/\" \/>\n<meta property=\"og:site_name\" content=\"Le Regard Libre\" \/>\n<meta property=\"article:publisher\" content=\"https:\/\/www.facebook.com\/leregardlibre\/\" \/>\n<meta property=\"article:published_time\" content=\"2018-08-18T19:16:47+00:00\" \/>\n<meta property=\"article:modified_time\" content=\"2025-08-18T21:16:02+00:00\" \/>\n<meta property=\"og:image\" content=\"https:\/\/leregardlibre.com\/wp-content\/uploads\/2018\/08\/Visite-du-Pape-\u00a9-Peter-WilliamsWCC-1-1024x683.jpeg\" \/>\n\t<meta property=\"og:image:width\" content=\"1024\" \/>\n\t<meta property=\"og:image:height\" content=\"683\" \/>\n\t<meta property=\"og:image:type\" content=\"image\/jpeg\" \/>\n<meta name=\"author\" content=\"Loris S. Musumeci\" \/>\n<meta name=\"twitter:card\" content=\"summary_large_image\" \/>\n<meta name=\"twitter:creator\" content=\"@LeRegardLibre\" \/>\n<meta name=\"twitter:site\" content=\"@LeRegardLibre\" \/>\n<meta name=\"twitter:label1\" content=\"Verfasst von\" \/>\n\t<meta name=\"twitter:data1\" content=\"Loris S. Musumeci\" \/>\n\t<meta name=\"twitter:label2\" content=\"Gesch\u00e4tzte Lesezeit\" \/>\n\t<meta name=\"twitter:data2\" content=\"8\u00a0Minuten\" \/>\n<script type=\"application\/ld+json\" class=\"yoast-schema-graph\">{\"@context\":\"https:\\\/\\\/schema.org\",\"@graph\":[{\"@type\":\"Article\",\"@id\":\"https:\\\/\\\/leregardlibre.com\\\/societe\\\/pere-pain-pardon-la-visite-du-pape-francois-a-geneve\\\/#article\",\"isPartOf\":{\"@id\":\"https:\\\/\\\/leregardlibre.com\\\/societe\\\/pere-pain-pardon-la-visite-du-pape-francois-a-geneve\\\/\"},\"author\":{\"name\":\"Loris S. Musumeci\",\"@id\":\"https:\\\/\\\/leregardlibre.com\\\/#\\\/schema\\\/person\\\/04d80ec47094bca6b1fa22dffad24005\"},\"headline\":\"P\u00e8re, pain, pardon: la visite du pape Fran\u00e7ois \u00e0 Gen\u00e8ve\",\"datePublished\":\"2018-08-18T19:16:47+00:00\",\"dateModified\":\"2025-08-18T21:16:02+00:00\",\"mainEntityOfPage\":{\"@id\":\"https:\\\/\\\/leregardlibre.com\\\/societe\\\/pere-pain-pardon-la-visite-du-pape-francois-a-geneve\\\/\"},\"wordCount\":1731,\"commentCount\":0,\"publisher\":{\"@id\":\"https:\\\/\\\/leregardlibre.com\\\/#organization\"},\"image\":{\"@id\":\"https:\\\/\\\/leregardlibre.com\\\/societe\\\/pere-pain-pardon-la-visite-du-pape-francois-a-geneve\\\/#primaryimage\"},\"thumbnailUrl\":\"https:\\\/\\\/leregardlibre.com\\\/wp-content\\\/uploads\\\/2018\\\/08\\\/Visite-du-Pape-\u00a9-Peter-WilliamsWCC-1.jpeg\",\"keywords\":[\"Catholicisme\",\"Eglise catholique\",\"Gen\u00e8ve\",\"Pape\",\"Pape Fran\u00e7ois\",\"Pauvret\u00e9\",\"Religion\"],\"articleSection\":[\"Soci\u00e9t\u00e9\"],\"inLanguage\":\"de\",\"potentialAction\":[{\"@type\":\"CommentAction\",\"name\":\"Comment\",\"target\":[\"https:\\\/\\\/leregardlibre.com\\\/societe\\\/pere-pain-pardon-la-visite-du-pape-francois-a-geneve\\\/#respond\"]}]},{\"@type\":\"WebPage\",\"@id\":\"https:\\\/\\\/leregardlibre.com\\\/societe\\\/pere-pain-pardon-la-visite-du-pape-francois-a-geneve\\\/\",\"url\":\"https:\\\/\\\/leregardlibre.com\\\/societe\\\/pere-pain-pardon-la-visite-du-pape-francois-a-geneve\\\/\",\"name\":\"P\u00e8re, pain, pardon: la visite du pape Fran\u00e7ois \u00e0 Gen\u00e8ve\",\"isPartOf\":{\"@id\":\"https:\\\/\\\/leregardlibre.com\\\/#website\"},\"primaryImageOfPage\":{\"@id\":\"https:\\\/\\\/leregardlibre.com\\\/societe\\\/pere-pain-pardon-la-visite-du-pape-francois-a-geneve\\\/#primaryimage\"},\"image\":{\"@id\":\"https:\\\/\\\/leregardlibre.com\\\/societe\\\/pere-pain-pardon-la-visite-du-pape-francois-a-geneve\\\/#primaryimage\"},\"thumbnailUrl\":\"https:\\\/\\\/leregardlibre.com\\\/wp-content\\\/uploads\\\/2018\\\/08\\\/Visite-du-Pape-\u00a9-Peter-WilliamsWCC-1.jpeg\",\"datePublished\":\"2018-08-18T19:16:47+00:00\",\"dateModified\":\"2025-08-18T21:16:02+00:00\",\"breadcrumb\":{\"@id\":\"https:\\\/\\\/leregardlibre.com\\\/societe\\\/pere-pain-pardon-la-visite-du-pape-francois-a-geneve\\\/#breadcrumb\"},\"inLanguage\":\"de\",\"potentialAction\":[{\"@type\":\"ReadAction\",\"target\":[\"https:\\\/\\\/leregardlibre.com\\\/societe\\\/pere-pain-pardon-la-visite-du-pape-francois-a-geneve\\\/\"]}]},{\"@type\":\"ImageObject\",\"inLanguage\":\"de\",\"@id\":\"https:\\\/\\\/leregardlibre.com\\\/societe\\\/pere-pain-pardon-la-visite-du-pape-francois-a-geneve\\\/#primaryimage\",\"url\":\"https:\\\/\\\/leregardlibre.com\\\/wp-content\\\/uploads\\\/2018\\\/08\\\/Visite-du-Pape-\u00a9-Peter-WilliamsWCC-1.jpeg\",\"contentUrl\":\"https:\\\/\\\/leregardlibre.com\\\/wp-content\\\/uploads\\\/2018\\\/08\\\/Visite-du-Pape-\u00a9-Peter-WilliamsWCC-1.jpeg\",\"width\":7360,\"height\":4912,\"caption\":\"Ecumenical Pilgrimage of H.H. Francis to Geneva, 21 June 2018 After visiting the World Council of Churches and the Ecumenical Institute at Bossey. The day ended with a Catholic mass at the PalExpo exhibition centre bring together about 40.000 believers.\"},{\"@type\":\"BreadcrumbList\",\"@id\":\"https:\\\/\\\/leregardlibre.com\\\/societe\\\/pere-pain-pardon-la-visite-du-pape-francois-a-geneve\\\/#breadcrumb\",\"itemListElement\":[{\"@type\":\"ListItem\",\"position\":1,\"name\":\"Accueil\",\"item\":\"https:\\\/\\\/leregardlibre.com\\\/\"},{\"@type\":\"ListItem\",\"position\":2,\"name\":\"P\u00e8re, pain, pardon: la visite du pape Fran\u00e7ois \u00e0 Gen\u00e8ve\"}]},{\"@type\":\"WebSite\",\"@id\":\"https:\\\/\\\/leregardlibre.com\\\/#website\",\"url\":\"https:\\\/\\\/leregardlibre.com\\\/\",\"name\":\"Le Regard Libre\",\"description\":\"Premier mensuel suisse de d\u00e9bat\",\"publisher\":{\"@id\":\"https:\\\/\\\/leregardlibre.com\\\/#organization\"},\"potentialAction\":[{\"@type\":\"SearchAction\",\"target\":{\"@type\":\"EntryPoint\",\"urlTemplate\":\"https:\\\/\\\/leregardlibre.com\\\/?s={search_term_string}\"},\"query-input\":{\"@type\":\"PropertyValueSpecification\",\"valueRequired\":true,\"valueName\":\"search_term_string\"}}],\"inLanguage\":\"de\"},{\"@type\":\"Organization\",\"@id\":\"https:\\\/\\\/leregardlibre.com\\\/#organization\",\"name\":\"Le Regard Libre\",\"url\":\"https:\\\/\\\/leregardlibre.com\\\/\",\"logo\":{\"@type\":\"ImageObject\",\"inLanguage\":\"de\",\"@id\":\"https:\\\/\\\/leregardlibre.com\\\/#\\\/schema\\\/logo\\\/image\\\/\",\"url\":\"https:\\\/\\\/leregardlibre.com\\\/wp-content\\\/uploads\\\/2025\\\/08\\\/logo-rl-icone-neg.jpeg\",\"contentUrl\":\"https:\\\/\\\/leregardlibre.com\\\/wp-content\\\/uploads\\\/2025\\\/08\\\/logo-rl-icone-neg.jpeg\",\"width\":557,\"height\":556,\"caption\":\"Le Regard Libre\"},\"image\":{\"@id\":\"https:\\\/\\\/leregardlibre.com\\\/#\\\/schema\\\/logo\\\/image\\\/\"},\"sameAs\":[\"https:\\\/\\\/www.facebook.com\\\/leregardlibre\\\/\",\"https:\\\/\\\/x.com\\\/LeRegardLibre\",\"https:\\\/\\\/www.linkedin.com\\\/company\\\/le-regard-libre\",\"https:\\\/\\\/www.instagram.com\\\/leregardlibre\\\/\",\"http:\\\/\\\/t.me\\\/leregardlibre\",\"https:\\\/\\\/youtube.com\\\/channel\\\/UC6HzGPomj1LsUmlz-sJtITQ\"],\"description\":\"Le Regard Libre est un mensuel suisse de d\u00e9bat intellectuel et culturel. Sa r\u00e9daction est jeune, b\u00e9n\u00e9vole, lib\u00e9rale et pluraliste. Le magazine para\u00eet en ligne et sous forme papier. Sa langue est le fran\u00e7ais.\",\"email\":\"redaction@leregardlibre.com\",\"legalName\":\"Le Regard Libre\",\"foundingDate\":\"2014-01-01\",\"numberOfEmployees\":{\"@type\":\"QuantitativeValue\",\"minValue\":\"11\",\"maxValue\":\"50\"},\"publishingPrinciples\":\"https:\\\/\\\/leregardlibre.com\\\/a-propos\\\/notre-manifeste\\\/\",\"ownershipFundingInfo\":\"https:\\\/\\\/leregardlibre.com\\\/mentions-legales\\\/\",\"actionableFeedbackPolicy\":\"https:\\\/\\\/leregardlibre.com\\\/conditions-generales-de-vente\\\/\"},{\"@type\":\"Person\",\"@id\":\"https:\\\/\\\/leregardlibre.com\\\/#\\\/schema\\\/person\\\/04d80ec47094bca6b1fa22dffad24005\",\"name\":\"Loris S. Musumeci\",\"image\":{\"@type\":\"ImageObject\",\"inLanguage\":\"de\",\"@id\":\"https:\\\/\\\/secure.gravatar.com\\\/avatar\\\/fa476654dadfee0d962e80160d0303549febb2769f8fa26c7a1ebe037f7c7c54?s=96&d=identicon&r=g\",\"url\":\"https:\\\/\\\/secure.gravatar.com\\\/avatar\\\/fa476654dadfee0d962e80160d0303549febb2769f8fa26c7a1ebe037f7c7c54?s=96&d=identicon&r=g\",\"contentUrl\":\"https:\\\/\\\/secure.gravatar.com\\\/avatar\\\/fa476654dadfee0d962e80160d0303549febb2769f8fa26c7a1ebe037f7c7c54?s=96&d=identicon&r=g\",\"caption\":\"Loris S. Musumeci\"},\"sameAs\":[\"https:\\\/\\\/leregardlibre.com\\\/\",\"https:\\\/\\\/fr.wikipedia.org\\\/wiki\\\/Le_Regard_libre\"],\"url\":\"https:\\\/\\\/leregardlibre.com\\\/de\\\/author\\\/loris-musumeci\\\/\"}]}<\/script>\n<!-- \/ Yoast SEO Premium plugin. -->","yoast_head_json":{"title":"Vater, Brot, Vergebung: Der Besuch von Papst Franziskus in Genf","robots":{"index":"index","follow":"follow","max-snippet":"max-snippet:-1","max-image-preview":"max-image-preview:large","max-video-preview":"max-video-preview:-1"},"canonical":"https:\/\/leregardlibre.com\/de\/gesellschaft\/pere-pain-pardon-der-besuch-von-papst-franziskus-in-genf\/","og_locale":"de_DE","og_type":"article","og_title":"P\u00e8re, pain, pardon: la visite du pape Fran\u00e7ois \u00e0 Gen\u00e8ve","og_description":"Le Regard Libre N\u00b0 41\u00a0\u2013 Loris S. Musumeci Le pape Fran\u00e7ois \u00e9tait attendu depuis peu, mais il \u00e9tait tr\u00e8s attendu....","og_url":"https:\/\/leregardlibre.com\/de\/gesellschaft\/pere-pain-pardon-der-besuch-von-papst-franziskus-in-genf\/","og_site_name":"Le Regard Libre","article_publisher":"https:\/\/www.facebook.com\/leregardlibre\/","article_published_time":"2018-08-18T19:16:47+00:00","article_modified_time":"2025-08-18T21:16:02+00:00","og_image":[{"width":1024,"height":683,"url":"https:\/\/leregardlibre.com\/wp-content\/uploads\/2018\/08\/Visite-du-Pape-\u00a9-Peter-WilliamsWCC-1-1024x683.jpeg","type":"image\/jpeg"}],"author":"Loris S. Musumeci","twitter_card":"summary_large_image","twitter_creator":"@LeRegardLibre","twitter_site":"@LeRegardLibre","twitter_misc":{"Verfasst von":"Loris S. Musumeci","Gesch\u00e4tzte Lesezeit":"8\u00a0Minuten"},"schema":{"@context":"https:\/\/schema.org","@graph":[{"@type":"Article","@id":"https:\/\/leregardlibre.com\/societe\/pere-pain-pardon-la-visite-du-pape-francois-a-geneve\/#article","isPartOf":{"@id":"https:\/\/leregardlibre.com\/societe\/pere-pain-pardon-la-visite-du-pape-francois-a-geneve\/"},"author":{"name":"Loris S. Musumeci","@id":"https:\/\/leregardlibre.com\/#\/schema\/person\/04d80ec47094bca6b1fa22dffad24005"},"headline":"P\u00e8re, pain, pardon: la visite du pape Fran\u00e7ois \u00e0 Gen\u00e8ve","datePublished":"2018-08-18T19:16:47+00:00","dateModified":"2025-08-18T21:16:02+00:00","mainEntityOfPage":{"@id":"https:\/\/leregardlibre.com\/societe\/pere-pain-pardon-la-visite-du-pape-francois-a-geneve\/"},"wordCount":1731,"commentCount":0,"publisher":{"@id":"https:\/\/leregardlibre.com\/#organization"},"image":{"@id":"https:\/\/leregardlibre.com\/societe\/pere-pain-pardon-la-visite-du-pape-francois-a-geneve\/#primaryimage"},"thumbnailUrl":"https:\/\/leregardlibre.com\/wp-content\/uploads\/2018\/08\/Visite-du-Pape-\u00a9-Peter-WilliamsWCC-1.jpeg","keywords":["Catholicisme","Eglise catholique","Gen\u00e8ve","Pape","Pape Fran\u00e7ois","Pauvret\u00e9","Religion"],"articleSection":["Soci\u00e9t\u00e9"],"inLanguage":"de","potentialAction":[{"@type":"CommentAction","name":"Comment","target":["https:\/\/leregardlibre.com\/societe\/pere-pain-pardon-la-visite-du-pape-francois-a-geneve\/#respond"]}]},{"@type":"WebPage","@id":"https:\/\/leregardlibre.com\/societe\/pere-pain-pardon-la-visite-du-pape-francois-a-geneve\/","url":"https:\/\/leregardlibre.com\/societe\/pere-pain-pardon-la-visite-du-pape-francois-a-geneve\/","name":"Vater, Brot, Vergebung: Der Besuch von Papst Franziskus in Genf","isPartOf":{"@id":"https:\/\/leregardlibre.com\/#website"},"primaryImageOfPage":{"@id":"https:\/\/leregardlibre.com\/societe\/pere-pain-pardon-la-visite-du-pape-francois-a-geneve\/#primaryimage"},"image":{"@id":"https:\/\/leregardlibre.com\/societe\/pere-pain-pardon-la-visite-du-pape-francois-a-geneve\/#primaryimage"},"thumbnailUrl":"https:\/\/leregardlibre.com\/wp-content\/uploads\/2018\/08\/Visite-du-Pape-\u00a9-Peter-WilliamsWCC-1.jpeg","datePublished":"2018-08-18T19:16:47+00:00","dateModified":"2025-08-18T21:16:02+00:00","breadcrumb":{"@id":"https:\/\/leregardlibre.com\/societe\/pere-pain-pardon-la-visite-du-pape-francois-a-geneve\/#breadcrumb"},"inLanguage":"de","potentialAction":[{"@type":"ReadAction","target":["https:\/\/leregardlibre.com\/societe\/pere-pain-pardon-la-visite-du-pape-francois-a-geneve\/"]}]},{"@type":"ImageObject","inLanguage":"de","@id":"https:\/\/leregardlibre.com\/societe\/pere-pain-pardon-la-visite-du-pape-francois-a-geneve\/#primaryimage","url":"https:\/\/leregardlibre.com\/wp-content\/uploads\/2018\/08\/Visite-du-Pape-\u00a9-Peter-WilliamsWCC-1.jpeg","contentUrl":"https:\/\/leregardlibre.com\/wp-content\/uploads\/2018\/08\/Visite-du-Pape-\u00a9-Peter-WilliamsWCC-1.jpeg","width":7360,"height":4912,"caption":"Ecumenical Pilgrimage of H.H. Francis to Geneva, 21 June 2018 After visiting the World Council of Churches and the Ecumenical Institute at Bossey. The day ended with a Catholic mass at the PalExpo exhibition centre bring together about 40.000 believers."},{"@type":"BreadcrumbList","@id":"https:\/\/leregardlibre.com\/societe\/pere-pain-pardon-la-visite-du-pape-francois-a-geneve\/#breadcrumb","itemListElement":[{"@type":"ListItem","position":1,"name":"Accueil","item":"https:\/\/leregardlibre.com\/"},{"@type":"ListItem","position":2,"name":"P\u00e8re, pain, pardon: la visite du pape Fran\u00e7ois \u00e0 Gen\u00e8ve"}]},{"@type":"WebSite","@id":"https:\/\/leregardlibre.com\/#website","url":"https:\/\/leregardlibre.com\/","name":"Le Regard Libre","description":"Erste Schweizer Monatszeitschrift f\u00fcr Debatten","publisher":{"@id":"https:\/\/leregardlibre.com\/#organization"},"potentialAction":[{"@type":"SearchAction","target":{"@type":"EntryPoint","urlTemplate":"https:\/\/leregardlibre.com\/?s={search_term_string}"},"query-input":{"@type":"PropertyValueSpecification","valueRequired":true,"valueName":"search_term_string"}}],"inLanguage":"de"},{"@type":"Organization","@id":"https:\/\/leregardlibre.com\/#organization","name":"Le Regard Libre","url":"https:\/\/leregardlibre.com\/","logo":{"@type":"ImageObject","inLanguage":"de","@id":"https:\/\/leregardlibre.com\/#\/schema\/logo\/image\/","url":"https:\/\/leregardlibre.com\/wp-content\/uploads\/2025\/08\/logo-rl-icone-neg.jpeg","contentUrl":"https:\/\/leregardlibre.com\/wp-content\/uploads\/2025\/08\/logo-rl-icone-neg.jpeg","width":557,"height":556,"caption":"Le Regard Libre"},"image":{"@id":"https:\/\/leregardlibre.com\/#\/schema\/logo\/image\/"},"sameAs":["https:\/\/www.facebook.com\/leregardlibre\/","https:\/\/x.com\/LeRegardLibre","https:\/\/www.linkedin.com\/company\/le-regard-libre","https:\/\/www.instagram.com\/leregardlibre\/","http:\/\/t.me\/leregardlibre","https:\/\/youtube.com\/channel\/UC6HzGPomj1LsUmlz-sJtITQ"],"description":"Le Regard Libre ist eine Schweizer Monatszeitschrift f\u00fcr intellektuelle und kulturelle Debatten. Seine Redaktion ist jung, ehrenamtlich, liberal und pluralistisch. Das Magazin erscheint online und in gedruckter Form. Seine Sprache ist Franz\u00f6sisch.","email":"redaction@leregardlibre.com","legalName":"Le Regard Libre","foundingDate":"2014-01-01","numberOfEmployees":{"@type":"QuantitativeValue","minValue":"11","maxValue":"50"},"publishingPrinciples":"https:\/\/leregardlibre.com\/a-propos\/notre-manifeste\/","ownershipFundingInfo":"https:\/\/leregardlibre.com\/mentions-legales\/","actionableFeedbackPolicy":"https:\/\/leregardlibre.com\/conditions-generales-de-vente\/"},{"@type":"Person","@id":"https:\/\/leregardlibre.com\/#\/schema\/person\/04d80ec47094bca6b1fa22dffad24005","name":"Loris S. Musumeci","image":{"@type":"ImageObject","inLanguage":"de","@id":"https:\/\/secure.gravatar.com\/avatar\/fa476654dadfee0d962e80160d0303549febb2769f8fa26c7a1ebe037f7c7c54?s=96&d=identicon&r=g","url":"https:\/\/secure.gravatar.com\/avatar\/fa476654dadfee0d962e80160d0303549febb2769f8fa26c7a1ebe037f7c7c54?s=96&d=identicon&r=g","contentUrl":"https:\/\/secure.gravatar.com\/avatar\/fa476654dadfee0d962e80160d0303549febb2769f8fa26c7a1ebe037f7c7c54?s=96&d=identicon&r=g","caption":"Loris S. Musumeci"},"sameAs":["https:\/\/leregardlibre.com\/","https:\/\/fr.wikipedia.org\/wiki\/Le_Regard_libre"],"url":"https:\/\/leregardlibre.com\/de\/author\/loris-musumeci\/"}]}},"_links":{"self":[{"href":"https:\/\/leregardlibre.com\/de\/wp-json\/wp\/v2\/posts\/16841","targetHints":{"allow":["GET"]}}],"collection":[{"href":"https:\/\/leregardlibre.com\/de\/wp-json\/wp\/v2\/posts"}],"about":[{"href":"https:\/\/leregardlibre.com\/de\/wp-json\/wp\/v2\/types\/post"}],"author":[{"embeddable":true,"href":"https:\/\/leregardlibre.com\/de\/wp-json\/wp\/v2\/users\/18"}],"replies":[{"embeddable":true,"href":"https:\/\/leregardlibre.com\/de\/wp-json\/wp\/v2\/comments?post=16841"}],"version-history":[{"count":1,"href":"https:\/\/leregardlibre.com\/de\/wp-json\/wp\/v2\/posts\/16841\/revisions"}],"predecessor-version":[{"id":510060,"href":"https:\/\/leregardlibre.com\/de\/wp-json\/wp\/v2\/posts\/16841\/revisions\/510060"}],"wp:featuredmedia":[{"embeddable":true,"href":"https:\/\/leregardlibre.com\/de\/wp-json\/wp\/v2\/media\/510061"}],"wp:attachment":[{"href":"https:\/\/leregardlibre.com\/de\/wp-json\/wp\/v2\/media?parent=16841"}],"wp:term":[{"taxonomy":"category","embeddable":true,"href":"https:\/\/leregardlibre.com\/de\/wp-json\/wp\/v2\/categories?post=16841"},{"taxonomy":"post_tag","embeddable":true,"href":"https:\/\/leregardlibre.com\/de\/wp-json\/wp\/v2\/tags?post=16841"}],"curies":[{"name":"wp","href":"https:\/\/api.w.org\/{rel}","templated":true}]}}