{"id":17225,"date":"2018-10-10T07:00:12","date_gmt":"2018-10-10T06:00:12","guid":{"rendered":"https:\/\/leregardlibre.com\/?p=17225"},"modified":"2025-12-04T22:39:35","modified_gmt":"2025-12-04T21:39:35","slug":"kreuz-und-quer-zwischen-materie-und-erinnerung","status":"publish","type":"post","link":"https:\/\/leregardlibre.com\/de\/kino\/filme\/kreuz-und-quer-zwischen-materie-und-erinnerung\/","title":{"rendered":"\u00abKreuzungen\u00bb: zwischen Materie und Erinnerung"},"content":{"rendered":"<p style=\"text-align: justify;\"><em>Les mercredis du cin\u00e9ma - Thierry Fivaz<\/em><\/p>\n<p style=\"text-align: left;\"><strong>Am Montagabend, den 8. Oktober, herrschte im Apollo-Kino in Neuch\u00e2tel eine wahre Aufregung. Zum zweiten Mal in seiner Geschichte hatte der Verein Pierrot Productions seine Sponsoren, Partner und Freunde eingeladen, um die Vorpremiere seines neuen Kurzfilms mit dem Titel <em>Kreuzungen<\/em>.<\/strong><\/p>\n<p style=\"text-align: left;\"><!--more--><\/p>\n<p style=\"text-align: left;\">Die Studentenvereinigung Pierrot Productions, die von Kylian Henchoz und Cyrill Burri gegr\u00fcndet wurde, bl\u00e4st bereits ihre zweite Kerze aus und hat sich zum Ziel gesetzt, den Studenten der Universit\u00e4t Neuenburg den Bereich der audiovisuellen Medien n\u00e4her zu bringen. Zu diesem Zweck verabreden sich die Mitglieder des Vereins \u00fcblicherweise in der ersten Juliwoche, um einen Kurzfilm zu drehen. Eine wunderbare Gelegenheit, die es erm\u00f6glicht, einen Sommer lang eine Studentin der franz\u00f6sischen Sprache und Literatur in eine <em>camerawoman<\/em> oder ein angehender Anthropologe als erfolgreicher Produzent und Logistiker. Eine gro\u00dfe Herausforderung, die eine lange Vorbereitung im Vorfeld erfordert.<\/p>\n<p style=\"text-align: left;\">Dieser Herausforderung hatte sich der Verein bereits 2017 gestellt, um seinen ersten \u00abKurzfilm\u00bb zu drehen. Titel <em>Ogerzucker<\/em> (zuletzt beim Festival romand du court-m\u00e9trage in Yverdon-les-Bains gezeigt), erz\u00e4hlte dieser Kurzfilm die Geschichte eines kleinen Jungen, der mit den wirtschaftlichen und ehelichen Schwierigkeiten seiner Eltern konfrontiert war und der, um der traurigen Situation zu entkommen, durch das Spiel fl\u00fcchtete. Eine erste Produktion, die die gewagte Entscheidung getroffen hatte, sich dem Fantasy-Genre zuzuordnen.<\/p>\n<p style=\"text-align: left;\">Wenn es dem ersten Kurzfilm nicht an Qualit\u00e4ten mangelte, so kann man sagen, dass Pierrot Productions f\u00fcr ihren zweiten Film alle Register gezogen hat. Was die Form betrifft, ist die Entwicklung - ob in Bild oder Ton - besonders erbaulich, ja sogar exponentiell. Um dieses Ergebnis zu erreichen, hat das technische Team Kreativit\u00e4t und Einfallsreichtum bewiesen. <em>travelling<\/em> von hinten, aufgenommen aus dem Kofferraum eines Autos mit einer Drohne zwischen den Beinen, oder Blattbl\u00e4ser, mit denen Hunderte von Papierbl\u00e4ttern durch eine Fenster\u00f6ffnung geschleudert werden. Abgesehen von diesem beeindruckenden Qualit\u00e4tssprung f\u00fcr nicht-professionelle Filmfans ist es jedoch das Drehbuch, das <em>Kreuzungen<\/em> gelingt es, sich hervorzuheben.<\/p>\n<p style=\"text-align: left;\">Direkt aus der Fantasie von Margaux Farron (Studentin der Literatur- und Geisteswissenschaften), <em>Kreuzungen<\/em> erz\u00e4hlt die Geschichte von Meline, einer alten Dame, die allein in ihrem gro\u00dfen Haus lebt und seit \u00fcber zehn Jahren Kreuzwortr\u00e4tsel sammelt, um ihre Langeweile zu vertreiben. Eines Tages jedoch, als sie das R\u00e4tsel mit der Nummer 1952 ausf\u00fcllt, wird die alte Dame in ein merkw\u00fcrdiges Gespr\u00e4ch verwickelt, das sie in ihren Erinnerungen schwelgen l\u00e4sst. Poetisch, initiatisch, mit <em>R\u00fcckblende<\/em> z\u00e4rtlich und unschuldig - wie Momente, die sie mit ihrem geliebten Martin verbracht hat -, scheint die alte Dame die verlorene Zeit zur\u00fcckzudrehen, eine Zeit, in der das Alter nicht existierte.<\/p>\n<p style=\"text-align: left;\">Es ist bekannt, dass der Kurzfilm kein leicht zu erfassendes Format ist. Viele Regisseure - selbst renommierte - haben es nicht geschafft, dieses Format wirklich zu z\u00e4hmen - ein Format, auf das man oft aus Geldmangel zur\u00fcckgreift. Es kommt vor, dass Kurzfilme unzusammenh\u00e4ngend, kopflos oder wie Szenen aus einem Spielfilm sind und daher keinen Abschluss oder Sinn haben. Seltener und gl\u00fccklicher ist es, wenn ein Kurzfilm uns durch seine Erz\u00e4hlweise, seine Bilder oder seine Welt verzaubert.<\/p>\n<p style=\"text-align: left;\">In diesem Sinne tr\u00e4gt zweifellos die Entscheidung der jungen Regisseurin Margaux Farron, \u00abden Gebrauch der Sprache zu beschr\u00e4nken\u00bb, zum Erfolg dieses Kurzfilms bei, dem es auf zarte und subtile Weise gelingt, den Alltag einer alten Dame zu vermitteln. Ein Alltag, der im Rhythmus von Verdis Traviata und von (Kreuzwort-)W\u00f6rtern gelebt wird. Die Worte, die man so selten h\u00f6rt, die aber dennoch diese Existenz, deren Leben zweifellos schon hinter uns liegt, mit ihrer Pr\u00e4senz erf\u00fcllen.<\/p>\n<blockquote>\n<p style=\"text-align: justify;\">Die erste \u00f6ffentliche Vorf\u00fchrung von <em>Kreuzungen<\/em> findet am Freitag, den 12. Oktober um 18:30 Uhr in der Aula des Jeunes-Rives in Neuch\u00e2tel statt.<\/p>\n<p>Weitere Informationen \u00fcber den Verein finden Sie unter: <a href=\"https:\/\/www5.unine.ch\/newsletter\/archives2016new\/2016nov_comm_pierrot.html\" target=\"_blank\" rel=\"noopener\">Pierrot Productions<\/a><\/p><\/blockquote>\n<p style=\"text-align: left;\"><em>Schreiben Sie dem Autor: <a href=\"mailto:thierry.fivaz@leregardlibre.com\">thierry.fivaz@leregardlibre.com<\/a><\/em><\/p>","protected":false},"excerpt":{"rendered":"<p>Les mercredis du cin\u00e9ma \u2013 Thierry Fivaz Au soir du lundi 8 octobre, il r\u00e9gnait au cin\u00e9ma Apollo de Neuch\u00e2tel&#8230;<\/p>","protected":false},"author":341,"featured_media":17237,"comment_status":"open","ping_status":"open","sticky":false,"template":"","format":"standard","meta":{"_acf_changed":false,"footnotes":""},"categories":[644355829],"tags":[644339980,10521245,368917,131956,644339979,644339977,12726043,1337865,644339978],"class_list":["post-17225","post","type-post","status-publish","format-standard","has-post-thumbnail","hentry","category-films","tag-avant-premiere","tag-cinema-suisse","tag-court-metrage","tag-etudiants","tag-margaux-farron","tag-pierrot-productions","tag-universite-de-neuchatel","tag-vieillesse","tag-yc-movies"],"acf":[],"yoast_head":"<!-- This site is optimized with the Yoast SEO Premium plugin v27.4 (Yoast SEO v27.4) - https:\/\/yoast.com\/product\/yoast-seo-premium-wordpress\/ -->\n<title>\u00abCrois\u00e9es\u00bb: entre mati\u00e8re et m\u00e9moire<\/title>\n<meta name=\"robots\" content=\"index, follow, max-snippet:-1, max-image-preview:large, max-video-preview:-1\" \/>\n<link rel=\"canonical\" href=\"https:\/\/leregardlibre.com\/de\/kino\/filme\/kreuz-und-quer-zwischen-materie-und-erinnerung\/\" \/>\n<meta property=\"og:locale\" content=\"de_DE\" \/>\n<meta property=\"og:type\" content=\"article\" \/>\n<meta property=\"og:title\" content=\"\u00abCrois\u00e9es\u00bb: entre mati\u00e8re et m\u00e9moire\" \/>\n<meta property=\"og:description\" content=\"Les mercredis du cin\u00e9ma \u2013 Thierry Fivaz Au soir du lundi 8 octobre, il r\u00e9gnait au cin\u00e9ma Apollo de Neuch\u00e2tel...\" \/>\n<meta property=\"og:url\" content=\"https:\/\/leregardlibre.com\/de\/kino\/filme\/kreuz-und-quer-zwischen-materie-und-erinnerung\/\" \/>\n<meta property=\"og:site_name\" content=\"Le Regard Libre\" \/>\n<meta property=\"article:publisher\" content=\"https:\/\/www.facebook.com\/leregardlibre\/\" \/>\n<meta property=\"article:published_time\" content=\"2018-10-10T06:00:12+00:00\" \/>\n<meta property=\"article:modified_time\" content=\"2025-12-04T21:39:35+00:00\" \/>\n<meta property=\"og:image\" content=\"https:\/\/leregardlibre.com\/wp-content\/uploads\/2018\/10\/Photo.png\" \/>\n\t<meta property=\"og:image:width\" content=\"1920\" \/>\n\t<meta property=\"og:image:height\" content=\"805\" \/>\n\t<meta property=\"og:image:type\" content=\"image\/png\" \/>\n<meta name=\"author\" content=\"Thierry Fivaz\" \/>\n<meta name=\"twitter:card\" content=\"summary_large_image\" \/>\n<meta name=\"twitter:creator\" content=\"@LeRegardLibre\" \/>\n<meta name=\"twitter:site\" content=\"@LeRegardLibre\" \/>\n<meta name=\"twitter:label1\" content=\"Verfasst von\" \/>\n\t<meta name=\"twitter:data1\" content=\"Thierry Fivaz\" \/>\n\t<meta name=\"twitter:label2\" content=\"Gesch\u00e4tzte Lesezeit\" \/>\n\t<meta name=\"twitter:data2\" content=\"4\u00a0Minuten\" \/>\n<script type=\"application\/ld+json\" class=\"yoast-schema-graph\">{\"@context\":\"https:\\\/\\\/schema.org\",\"@graph\":[{\"@type\":\"Article\",\"@id\":\"https:\\\/\\\/leregardlibre.com\\\/cinema\\\/films\\\/croisees-entre-matiere-et-memoire\\\/#article\",\"isPartOf\":{\"@id\":\"https:\\\/\\\/leregardlibre.com\\\/cinema\\\/films\\\/croisees-entre-matiere-et-memoire\\\/\"},\"author\":{\"name\":\"Thierry Fivaz\",\"@id\":\"https:\\\/\\\/leregardlibre.com\\\/#\\\/schema\\\/person\\\/251dd1e8766a1278e332526be2819095\"},\"headline\":\"\u00abCrois\u00e9es\u00bb: entre mati\u00e8re et m\u00e9moire\",\"datePublished\":\"2018-10-10T06:00:12+00:00\",\"dateModified\":\"2025-12-04T21:39:35+00:00\",\"mainEntityOfPage\":{\"@id\":\"https:\\\/\\\/leregardlibre.com\\\/cinema\\\/films\\\/croisees-entre-matiere-et-memoire\\\/\"},\"wordCount\":739,\"commentCount\":0,\"publisher\":{\"@id\":\"https:\\\/\\\/leregardlibre.com\\\/#organization\"},\"image\":{\"@id\":\"https:\\\/\\\/leregardlibre.com\\\/cinema\\\/films\\\/croisees-entre-matiere-et-memoire\\\/#primaryimage\"},\"thumbnailUrl\":\"https:\\\/\\\/leregardlibre.com\\\/wp-content\\\/uploads\\\/2018\\\/10\\\/Photo.png\",\"keywords\":[\"avant-premi\u00e8re\",\"Cin\u00e9ma suisse\",\"court-m\u00e9trage\",\"\u00e9tudiants\",\"margaux farron\",\"pierrot productions\",\"Universit\u00e9 de Neuch\u00e2tel\",\"Vieillesse\",\"yc movies\"],\"articleSection\":[\"Films\"],\"inLanguage\":\"de\",\"potentialAction\":[{\"@type\":\"CommentAction\",\"name\":\"Comment\",\"target\":[\"https:\\\/\\\/leregardlibre.com\\\/cinema\\\/films\\\/croisees-entre-matiere-et-memoire\\\/#respond\"]}]},{\"@type\":\"WebPage\",\"@id\":\"https:\\\/\\\/leregardlibre.com\\\/cinema\\\/films\\\/croisees-entre-matiere-et-memoire\\\/\",\"url\":\"https:\\\/\\\/leregardlibre.com\\\/cinema\\\/films\\\/croisees-entre-matiere-et-memoire\\\/\",\"name\":\"\u00abCrois\u00e9es\u00bb: entre mati\u00e8re et m\u00e9moire\",\"isPartOf\":{\"@id\":\"https:\\\/\\\/leregardlibre.com\\\/#website\"},\"primaryImageOfPage\":{\"@id\":\"https:\\\/\\\/leregardlibre.com\\\/cinema\\\/films\\\/croisees-entre-matiere-et-memoire\\\/#primaryimage\"},\"image\":{\"@id\":\"https:\\\/\\\/leregardlibre.com\\\/cinema\\\/films\\\/croisees-entre-matiere-et-memoire\\\/#primaryimage\"},\"thumbnailUrl\":\"https:\\\/\\\/leregardlibre.com\\\/wp-content\\\/uploads\\\/2018\\\/10\\\/Photo.png\",\"datePublished\":\"2018-10-10T06:00:12+00:00\",\"dateModified\":\"2025-12-04T21:39:35+00:00\",\"breadcrumb\":{\"@id\":\"https:\\\/\\\/leregardlibre.com\\\/cinema\\\/films\\\/croisees-entre-matiere-et-memoire\\\/#breadcrumb\"},\"inLanguage\":\"de\",\"potentialAction\":[{\"@type\":\"ReadAction\",\"target\":[\"https:\\\/\\\/leregardlibre.com\\\/cinema\\\/films\\\/croisees-entre-matiere-et-memoire\\\/\"]}]},{\"@type\":\"ImageObject\",\"inLanguage\":\"de\",\"@id\":\"https:\\\/\\\/leregardlibre.com\\\/cinema\\\/films\\\/croisees-entre-matiere-et-memoire\\\/#primaryimage\",\"url\":\"https:\\\/\\\/leregardlibre.com\\\/wp-content\\\/uploads\\\/2018\\\/10\\\/Photo.png\",\"contentUrl\":\"https:\\\/\\\/leregardlibre.com\\\/wp-content\\\/uploads\\\/2018\\\/10\\\/Photo.png\",\"width\":1920,\"height\":805},{\"@type\":\"BreadcrumbList\",\"@id\":\"https:\\\/\\\/leregardlibre.com\\\/cinema\\\/films\\\/croisees-entre-matiere-et-memoire\\\/#breadcrumb\",\"itemListElement\":[{\"@type\":\"ListItem\",\"position\":1,\"name\":\"Accueil\",\"item\":\"https:\\\/\\\/leregardlibre.com\\\/\"},{\"@type\":\"ListItem\",\"position\":2,\"name\":\"\u00abCrois\u00e9es\u00bb: entre mati\u00e8re et m\u00e9moire\"}]},{\"@type\":\"WebSite\",\"@id\":\"https:\\\/\\\/leregardlibre.com\\\/#website\",\"url\":\"https:\\\/\\\/leregardlibre.com\\\/\",\"name\":\"Le Regard Libre\",\"description\":\"Premier mensuel suisse de d\u00e9bat\",\"publisher\":{\"@id\":\"https:\\\/\\\/leregardlibre.com\\\/#organization\"},\"potentialAction\":[{\"@type\":\"SearchAction\",\"target\":{\"@type\":\"EntryPoint\",\"urlTemplate\":\"https:\\\/\\\/leregardlibre.com\\\/?s={search_term_string}\"},\"query-input\":{\"@type\":\"PropertyValueSpecification\",\"valueRequired\":true,\"valueName\":\"search_term_string\"}}],\"inLanguage\":\"de\"},{\"@type\":\"Organization\",\"@id\":\"https:\\\/\\\/leregardlibre.com\\\/#organization\",\"name\":\"Le Regard Libre\",\"url\":\"https:\\\/\\\/leregardlibre.com\\\/\",\"logo\":{\"@type\":\"ImageObject\",\"inLanguage\":\"de\",\"@id\":\"https:\\\/\\\/leregardlibre.com\\\/#\\\/schema\\\/logo\\\/image\\\/\",\"url\":\"https:\\\/\\\/leregardlibre.com\\\/wp-content\\\/uploads\\\/2025\\\/08\\\/logo-rl-icone-neg.jpeg\",\"contentUrl\":\"https:\\\/\\\/leregardlibre.com\\\/wp-content\\\/uploads\\\/2025\\\/08\\\/logo-rl-icone-neg.jpeg\",\"width\":557,\"height\":556,\"caption\":\"Le Regard Libre\"},\"image\":{\"@id\":\"https:\\\/\\\/leregardlibre.com\\\/#\\\/schema\\\/logo\\\/image\\\/\"},\"sameAs\":[\"https:\\\/\\\/www.facebook.com\\\/leregardlibre\\\/\",\"https:\\\/\\\/x.com\\\/LeRegardLibre\",\"https:\\\/\\\/www.linkedin.com\\\/company\\\/le-regard-libre\",\"https:\\\/\\\/www.instagram.com\\\/leregardlibre\\\/\",\"http:\\\/\\\/t.me\\\/leregardlibre\",\"https:\\\/\\\/youtube.com\\\/channel\\\/UC6HzGPomj1LsUmlz-sJtITQ\"],\"description\":\"Le Regard Libre est un mensuel suisse de d\u00e9bat intellectuel et culturel. Sa r\u00e9daction est jeune, b\u00e9n\u00e9vole, lib\u00e9rale et pluraliste. Le magazine para\u00eet en ligne et sous forme papier. Sa langue est le fran\u00e7ais.\",\"email\":\"redaction@leregardlibre.com\",\"legalName\":\"Le Regard Libre\",\"foundingDate\":\"2014-01-01\",\"numberOfEmployees\":{\"@type\":\"QuantitativeValue\",\"minValue\":\"11\",\"maxValue\":\"50\"},\"publishingPrinciples\":\"https:\\\/\\\/leregardlibre.com\\\/a-propos\\\/notre-manifeste\\\/\",\"ownershipFundingInfo\":\"https:\\\/\\\/leregardlibre.com\\\/mentions-legales\\\/\",\"actionableFeedbackPolicy\":\"https:\\\/\\\/leregardlibre.com\\\/conditions-generales-de-vente\\\/\"},{\"@type\":\"Person\",\"@id\":\"https:\\\/\\\/leregardlibre.com\\\/#\\\/schema\\\/person\\\/251dd1e8766a1278e332526be2819095\",\"name\":\"Thierry Fivaz\",\"image\":{\"@type\":\"ImageObject\",\"inLanguage\":\"de\",\"@id\":\"https:\\\/\\\/secure.gravatar.com\\\/avatar\\\/521ba3e2a4394ba0a7e3033842058ca2ace5868619cd688196508797fd4ea251?s=96&d=identicon&r=g\",\"url\":\"https:\\\/\\\/secure.gravatar.com\\\/avatar\\\/521ba3e2a4394ba0a7e3033842058ca2ace5868619cd688196508797fd4ea251?s=96&d=identicon&r=g\",\"contentUrl\":\"https:\\\/\\\/secure.gravatar.com\\\/avatar\\\/521ba3e2a4394ba0a7e3033842058ca2ace5868619cd688196508797fd4ea251?s=96&d=identicon&r=g\",\"caption\":\"Thierry Fivaz\"},\"sameAs\":[\"https:\\\/\\\/leregardlibre.com\\\/\"],\"url\":\"https:\\\/\\\/leregardlibre.com\\\/de\\\/author\\\/thierry-fivaz\\\/\"}]}<\/script>\n<!-- \/ Yoast SEO Premium plugin. -->","yoast_head_json":{"title":"\u00abKreuzungen\u00bb: zwischen Materie und Erinnerung","robots":{"index":"index","follow":"follow","max-snippet":"max-snippet:-1","max-image-preview":"max-image-preview:large","max-video-preview":"max-video-preview:-1"},"canonical":"https:\/\/leregardlibre.com\/de\/kino\/filme\/kreuz-und-quer-zwischen-materie-und-erinnerung\/","og_locale":"de_DE","og_type":"article","og_title":"\u00abCrois\u00e9es\u00bb: entre mati\u00e8re et m\u00e9moire","og_description":"Les mercredis du cin\u00e9ma \u2013 Thierry Fivaz Au soir du lundi 8 octobre, il r\u00e9gnait au cin\u00e9ma Apollo de Neuch\u00e2tel...","og_url":"https:\/\/leregardlibre.com\/de\/kino\/filme\/kreuz-und-quer-zwischen-materie-und-erinnerung\/","og_site_name":"Le Regard Libre","article_publisher":"https:\/\/www.facebook.com\/leregardlibre\/","article_published_time":"2018-10-10T06:00:12+00:00","article_modified_time":"2025-12-04T21:39:35+00:00","og_image":[{"width":1920,"height":805,"url":"https:\/\/leregardlibre.com\/wp-content\/uploads\/2018\/10\/Photo.png","type":"image\/png"}],"author":"Thierry Fivaz","twitter_card":"summary_large_image","twitter_creator":"@LeRegardLibre","twitter_site":"@LeRegardLibre","twitter_misc":{"Verfasst von":"Thierry Fivaz","Gesch\u00e4tzte Lesezeit":"4\u00a0Minuten"},"schema":{"@context":"https:\/\/schema.org","@graph":[{"@type":"Article","@id":"https:\/\/leregardlibre.com\/cinema\/films\/croisees-entre-matiere-et-memoire\/#article","isPartOf":{"@id":"https:\/\/leregardlibre.com\/cinema\/films\/croisees-entre-matiere-et-memoire\/"},"author":{"name":"Thierry Fivaz","@id":"https:\/\/leregardlibre.com\/#\/schema\/person\/251dd1e8766a1278e332526be2819095"},"headline":"\u00abCrois\u00e9es\u00bb: entre mati\u00e8re et m\u00e9moire","datePublished":"2018-10-10T06:00:12+00:00","dateModified":"2025-12-04T21:39:35+00:00","mainEntityOfPage":{"@id":"https:\/\/leregardlibre.com\/cinema\/films\/croisees-entre-matiere-et-memoire\/"},"wordCount":739,"commentCount":0,"publisher":{"@id":"https:\/\/leregardlibre.com\/#organization"},"image":{"@id":"https:\/\/leregardlibre.com\/cinema\/films\/croisees-entre-matiere-et-memoire\/#primaryimage"},"thumbnailUrl":"https:\/\/leregardlibre.com\/wp-content\/uploads\/2018\/10\/Photo.png","keywords":["avant-premi\u00e8re","Cin\u00e9ma suisse","court-m\u00e9trage","\u00e9tudiants","margaux farron","pierrot productions","Universit\u00e9 de Neuch\u00e2tel","Vieillesse","yc movies"],"articleSection":["Films"],"inLanguage":"de","potentialAction":[{"@type":"CommentAction","name":"Comment","target":["https:\/\/leregardlibre.com\/cinema\/films\/croisees-entre-matiere-et-memoire\/#respond"]}]},{"@type":"WebPage","@id":"https:\/\/leregardlibre.com\/cinema\/films\/croisees-entre-matiere-et-memoire\/","url":"https:\/\/leregardlibre.com\/cinema\/films\/croisees-entre-matiere-et-memoire\/","name":"\u00abKreuzungen\u00bb: zwischen Materie und Erinnerung","isPartOf":{"@id":"https:\/\/leregardlibre.com\/#website"},"primaryImageOfPage":{"@id":"https:\/\/leregardlibre.com\/cinema\/films\/croisees-entre-matiere-et-memoire\/#primaryimage"},"image":{"@id":"https:\/\/leregardlibre.com\/cinema\/films\/croisees-entre-matiere-et-memoire\/#primaryimage"},"thumbnailUrl":"https:\/\/leregardlibre.com\/wp-content\/uploads\/2018\/10\/Photo.png","datePublished":"2018-10-10T06:00:12+00:00","dateModified":"2025-12-04T21:39:35+00:00","breadcrumb":{"@id":"https:\/\/leregardlibre.com\/cinema\/films\/croisees-entre-matiere-et-memoire\/#breadcrumb"},"inLanguage":"de","potentialAction":[{"@type":"ReadAction","target":["https:\/\/leregardlibre.com\/cinema\/films\/croisees-entre-matiere-et-memoire\/"]}]},{"@type":"ImageObject","inLanguage":"de","@id":"https:\/\/leregardlibre.com\/cinema\/films\/croisees-entre-matiere-et-memoire\/#primaryimage","url":"https:\/\/leregardlibre.com\/wp-content\/uploads\/2018\/10\/Photo.png","contentUrl":"https:\/\/leregardlibre.com\/wp-content\/uploads\/2018\/10\/Photo.png","width":1920,"height":805},{"@type":"BreadcrumbList","@id":"https:\/\/leregardlibre.com\/cinema\/films\/croisees-entre-matiere-et-memoire\/#breadcrumb","itemListElement":[{"@type":"ListItem","position":1,"name":"Accueil","item":"https:\/\/leregardlibre.com\/"},{"@type":"ListItem","position":2,"name":"\u00abCrois\u00e9es\u00bb: entre mati\u00e8re et m\u00e9moire"}]},{"@type":"WebSite","@id":"https:\/\/leregardlibre.com\/#website","url":"https:\/\/leregardlibre.com\/","name":"Le Regard Libre","description":"Erste Schweizer Monatszeitschrift f\u00fcr Debatten","publisher":{"@id":"https:\/\/leregardlibre.com\/#organization"},"potentialAction":[{"@type":"SearchAction","target":{"@type":"EntryPoint","urlTemplate":"https:\/\/leregardlibre.com\/?s={search_term_string}"},"query-input":{"@type":"PropertyValueSpecification","valueRequired":true,"valueName":"search_term_string"}}],"inLanguage":"de"},{"@type":"Organization","@id":"https:\/\/leregardlibre.com\/#organization","name":"Le Regard Libre","url":"https:\/\/leregardlibre.com\/","logo":{"@type":"ImageObject","inLanguage":"de","@id":"https:\/\/leregardlibre.com\/#\/schema\/logo\/image\/","url":"https:\/\/leregardlibre.com\/wp-content\/uploads\/2025\/08\/logo-rl-icone-neg.jpeg","contentUrl":"https:\/\/leregardlibre.com\/wp-content\/uploads\/2025\/08\/logo-rl-icone-neg.jpeg","width":557,"height":556,"caption":"Le Regard Libre"},"image":{"@id":"https:\/\/leregardlibre.com\/#\/schema\/logo\/image\/"},"sameAs":["https:\/\/www.facebook.com\/leregardlibre\/","https:\/\/x.com\/LeRegardLibre","https:\/\/www.linkedin.com\/company\/le-regard-libre","https:\/\/www.instagram.com\/leregardlibre\/","http:\/\/t.me\/leregardlibre","https:\/\/youtube.com\/channel\/UC6HzGPomj1LsUmlz-sJtITQ"],"description":"Le Regard Libre ist eine Schweizer Monatszeitschrift f\u00fcr intellektuelle und kulturelle Debatten. Seine Redaktion ist jung, ehrenamtlich, liberal und pluralistisch. Das Magazin erscheint online und in gedruckter Form. Seine Sprache ist Franz\u00f6sisch.","email":"redaction@leregardlibre.com","legalName":"Le Regard Libre","foundingDate":"2014-01-01","numberOfEmployees":{"@type":"QuantitativeValue","minValue":"11","maxValue":"50"},"publishingPrinciples":"https:\/\/leregardlibre.com\/a-propos\/notre-manifeste\/","ownershipFundingInfo":"https:\/\/leregardlibre.com\/mentions-legales\/","actionableFeedbackPolicy":"https:\/\/leregardlibre.com\/conditions-generales-de-vente\/"},{"@type":"Person","@id":"https:\/\/leregardlibre.com\/#\/schema\/person\/251dd1e8766a1278e332526be2819095","name":"Thierry Fivaz","image":{"@type":"ImageObject","inLanguage":"de","@id":"https:\/\/secure.gravatar.com\/avatar\/521ba3e2a4394ba0a7e3033842058ca2ace5868619cd688196508797fd4ea251?s=96&d=identicon&r=g","url":"https:\/\/secure.gravatar.com\/avatar\/521ba3e2a4394ba0a7e3033842058ca2ace5868619cd688196508797fd4ea251?s=96&d=identicon&r=g","contentUrl":"https:\/\/secure.gravatar.com\/avatar\/521ba3e2a4394ba0a7e3033842058ca2ace5868619cd688196508797fd4ea251?s=96&d=identicon&r=g","caption":"Thierry Fivaz"},"sameAs":["https:\/\/leregardlibre.com\/"],"url":"https:\/\/leregardlibre.com\/de\/author\/thierry-fivaz\/"}]}},"_links":{"self":[{"href":"https:\/\/leregardlibre.com\/de\/wp-json\/wp\/v2\/posts\/17225","targetHints":{"allow":["GET"]}}],"collection":[{"href":"https:\/\/leregardlibre.com\/de\/wp-json\/wp\/v2\/posts"}],"about":[{"href":"https:\/\/leregardlibre.com\/de\/wp-json\/wp\/v2\/types\/post"}],"author":[{"embeddable":true,"href":"https:\/\/leregardlibre.com\/de\/wp-json\/wp\/v2\/users\/341"}],"replies":[{"embeddable":true,"href":"https:\/\/leregardlibre.com\/de\/wp-json\/wp\/v2\/comments?post=17225"}],"version-history":[{"count":1,"href":"https:\/\/leregardlibre.com\/de\/wp-json\/wp\/v2\/posts\/17225\/revisions"}],"predecessor-version":[{"id":510128,"href":"https:\/\/leregardlibre.com\/de\/wp-json\/wp\/v2\/posts\/17225\/revisions\/510128"}],"wp:featuredmedia":[{"embeddable":true,"href":"https:\/\/leregardlibre.com\/de\/wp-json\/wp\/v2\/media\/17237"}],"wp:attachment":[{"href":"https:\/\/leregardlibre.com\/de\/wp-json\/wp\/v2\/media?parent=17225"}],"wp:term":[{"taxonomy":"category","embeddable":true,"href":"https:\/\/leregardlibre.com\/de\/wp-json\/wp\/v2\/categories?post=17225"},{"taxonomy":"post_tag","embeddable":true,"href":"https:\/\/leregardlibre.com\/de\/wp-json\/wp\/v2\/tags?post=17225"}],"curies":[{"name":"wp","href":"https:\/\/api.w.org\/{rel}","templated":true}]}}