{"id":17279,"date":"2018-10-14T17:35:36","date_gmt":"2018-10-14T16:35:36","guid":{"rendered":"https:\/\/leregardlibre.com\/?p=17279"},"modified":"2022-09-04T10:32:34","modified_gmt":"2022-09-04T08:32:34","slug":"pierre-soulages-et-son-outrenoir-interrogent-les-regards-a-la-fondation-gianadda","status":"publish","type":"post","link":"https:\/\/leregardlibre.com\/de\/bildende-kunst\/pierre-soulages-et-son-outrenoir-interrogent-les-regards-a-la-fondation-gianadda\/","title":{"rendered":"Pierre Soulages und sein \u00abOutrenoir\u00bb hinterfragen die Blicke in der Fondation Gianadda"},"content":{"rendered":"<div class='content_excerpt'>\n<p class=\"has-drop-cap\"><strong>Nach einer Ausstellung \u00fcber C\u00e9zanne im letzten Jahr und einer \u00fcber Toulouse-Lautrec zu Beginn dieses Jahres - beide eher klassisch in ihrer Art - wird der Besucher der Fondation Pierre Gianadda in Martigny, Wallis, mit einem ziemlich \u00fcberraschenden Pierre Soulages konfrontiert. Der Hauptsaal ist wie verwandelt: wei\u00df, schwarz. Im Kontrast dazu stehen die sanften Gem\u00e4lde der Sainte-Victoire und die Bauernportr\u00e4ts von C\u00e9zanne oder die warme und verspielte Belle Epoque von Toulouse-Lautrec. Die Ausstellung \u00abSoulages: Eine Retrospektive\u00bb ist bis zum 25. November zu sehen.<\/strong><\/p>\n\n\n\n Artikel lesen (abonniert)\n    <div class='restricted_content_fade'><\/div>\n    <\/div>\n  <style>\n    .content_excerpt{\n      position: relative;\n    }\n    .content_excerpt .restricted_content_fade{\n      position: absolute;\n      bottom: 0;\n      left: 0;\n      right: 0;\n      height: 75px;\n\t  margin-bottom: 0px;\n      background-image: linear-gradient(#ffffff2e, white);\n    }\n\n    .restricted_content{\n      margin-top: 30px;\n      border: solid #dddddd 1px;\n      border-radius: 7px;\n      padding: 30px;\n    }\n    \n    .restricted_content .restricted_content_title{\n      font-size: 22px;\n      font-weight: 600;\n    }\n    .restricted_content .restricted_content_flex_row{\n      display: flex;\n      flex-direction: row;\n    }\n    .restricted_content .restricted_content_image_container{\n      flex: 3;\n    }\n    .restricted_content .restricted_content_flex_column{\n      flex: 4;\n      display: flex;\n      flex-direction: column;\n      margin-left: 40px;\n      justify-content: center;\n    }\n\n\n    .restricted_content_buttons{\n      display: flex;\n      flex-direction: column;\n      width: min-content;\n    }\n    .restricted_content_button{\n      background-color: #f2f2f2;\n      text-transform: uppercase;\n      font-weight: 600;\n      padding: 8px 40px;\n      text-align: center;\n      font-size: 13px;\n      margin-top: 10px;\n      width: max-content;\n      width: 100%;\n      white-space: nowrap;\n    }\n    .restricted_content_button:hover {\n      background-color: #111111;\n      color: white;\n      text-decoration: none !important;\n    }\n\n    .restricted_content_primary_button{\n      background-color: #1F2A68 !important;\n      color: white !important;\n    }\n    .restricted_content_primary_button:hover {\n      background-color: #111111;\n    }\n\n    .restricted_content_text{\n      margin-bottom: 10px;\n      line-height: 1.2;\n      font-weight: 500;\n      font-size: 16px;\n    }\n\n  \n  <\/style>\n  <div class='restricted_content'>\n    <h3 class='restricted_content_title'>Dieser Inhalt ist unseren Abonnenten vorbehalten.<\/h3>\n    <div class='restricted_content_flex_row'>\n      <div class='restricted_content_image_container'>\n        <img class='restricted_content_image' src='\/wp-content\/uploads\/2025\/08\/abo_physique.png' \/>\n      <\/div>\n      <div class='restricted_content_flex_column'>\n        <div class='restricted_content_text'>Wenn Sie ein Konto haben, loggen Sie sich ein. Ansonsten entdecken Sie unsere verschiedenen Abonnements und erstellen Sie ein Konto ab CHF 2.50 im ersten Monat.<\/div>\n        <div class='restricted_content_buttons'>\n          <a href='\/de\/abonnement\/' class='restricted_content_button restricted_content_primary_button'>Abonnements ansehen<\/a><a href='\/de\/mein-konto\/?redirect_to=https:\/\/leregardlibre.com\/de\/bildende-kunst\/pierre-soulages-et-son-outrenoir-interrogent-les-regards-a-la-fondation-gianadda\/'class='restricted_content_button'>Sich anmelden<\/a><\/div>\n      <\/div>\n    <\/div>\n  <\/div>","protected":false},"excerpt":{"rendered":"<div class='content_excerpt'>\n<p class=\"has-drop-cap\"><strong>Nach einer Ausstellung \u00fcber C\u00e9zanne im letzten Jahr und einer \u00fcber Toulouse-Lautrec zu Beginn dieses Jahres - beide eher klassisch in ihrer Art - wird der Besucher der Fondation Pierre Gianadda in Martigny, Wallis, mit einem ziemlich \u00fcberraschenden Pierre Soulages konfrontiert. Der Hauptsaal ist wie verwandelt: wei\u00df, schwarz. Im Kontrast dazu stehen die sanften Gem\u00e4lde der Sainte-Victoire und die Bauernportr\u00e4ts von C\u00e9zanne oder die warme und verspielte Belle Epoque von Toulouse-Lautrec. Die Ausstellung \u00abSoulages: Eine Retrospektive\u00bb ist bis zum 25. November zu sehen.<\/strong><\/p>\n<p> Artikel lesen (abonniert)<\/p>\n<div class='restricted_content_fade'><\/div>\n<\/p><\/div>\n<style>\n    .content_excerpt{\n      position: relative;\n    }\n    .content_excerpt .restricted_content_fade{\n      position: absolute;\n      bottom: 0;\n      left: 0;\n      right: 0;\n      height: 75px;\n\t  margin-bottom: 0px;\n      background-image: linear-gradient(#ffffff2e, white);\n    }<\/p>\n<p>    .restricted_content{\n      margin-top: 30px;\n      border: solid #dddddd 1px;\n      border-radius: 7px;\n      padding: 30px;\n    }<\/p>\n<p>    .restricted_content .restricted_content_title{\n      font-size: 22px;\n      font-weight: 600;\n    }\n    .restricted_content .restricted_content_flex_row{\n      display: flex;\n      flex-direction: row;\n    }\n    .restricted_content .restricted_content_image_container{\n      flex: 3;\n    }\n    .restricted_content .restricted_content_flex_column{\n      flex: 4;\n      display: flex;\n      flex-direction: column;\n      margin-left: 40px;\n      justify-content: center;\n    }<\/p>\n<p>    .restricted_content_buttons{\n      display: flex;\n      flex-direction: column;\n      width: min-content;\n    }\n    .restricted_content_button{\n      background-color: #f2f2f2;\n      text-transform: uppercase;\n      font-weight: 600;\n      padding: 8px 40px;\n      text-align: center;\n      font-size: 13px;\n      margin-top: 10px;\n      width: max-content;\n      width: 100%;\n      white-space: nowrap;\n    }\n    .restricted_content_button:hover {\n      background-color: #111111;\n      color: white;\n      text-decoration: none !important;\n    }<\/p>\n<p>    .restricted_content_primary_button{\n      background-color: #1F2A68 !important;\n      color: white !important;\n    }\n    .restricted_content_primary_button:hover {\n      background-color: #111111;\n    }<\/p>\n<p>    .restricted_content_text{\n      margin-bottom: 10px;\n      line-height: 1.2;\n      font-weight: 500;\n      font-size: 16px;\n    }<\/p>\n<\/style>\n<div class='restricted_content'>\n<h3 class='restricted_content_title'>Dieser Inhalt ist unseren Abonnenten vorbehalten.<\/h3>\n<div class='restricted_content_flex_row'>\n<div class='restricted_content_image_container'>\n        <img class='restricted_content_image' src='\/wp-content\/uploads\/2025\/08\/abo_physique.png' \/>\n      <\/div>\n<div class='restricted_content_flex_column'>\n<div class='restricted_content_text'>Wenn Sie ein Konto haben, loggen Sie sich ein. Ansonsten entdecken Sie unsere verschiedenen Abonnements und erstellen Sie ein Konto ab CHF 2.50 im ersten Monat.<\/div>\n<div class='restricted_content_buttons'>\n          <a href='\/de\/abonnement\/' class='restricted_content_button restricted_content_primary_button'>Abonnements ansehen<\/a><a href='\/de\/mein-konto\/?redirect_to=https:\/\/leregardlibre.com\/de\/bildende-kunst\/pierre-soulages-et-son-outrenoir-interrogent-les-regards-a-la-fondation-gianadda\/'class='restricted_content_button'>Sich anmelden<\/a><\/div>\n<\/p><\/div>\n<\/p><\/div>\n<\/p><\/div>","protected":false},"author":18,"featured_media":510135,"comment_status":"open","ping_status":"open","sticky":false,"template":"","format":"standard","meta":{"_acf_changed":false,"footnotes":""},"categories":[85539],"tags":[644340014,168027,42773189,79354,28848,650956,644340012],"class_list":["post-17279","post","type-post","status-publish","format-standard","has-post-thumbnail","hentry","category-arts-visuels","tag-art-abstrait","tag-blanc","tag-fondation-gianadda","tag-lumiere","tag-noir-et-blanc","tag-obscurite","tag-pierre-soulages","membership-content","access-restricted"],"acf":[],"yoast_head":"<!-- This site is optimized with the Yoast SEO Premium plugin v27.4 (Yoast SEO v27.4) - https:\/\/yoast.com\/product\/yoast-seo-premium-wordpress\/ -->\n<title>Pierre Soulages et son \u00aboutrenoir\u00bb interrogent les regards \u00e0 la Fondation Gianadda<\/title>\n<meta name=\"robots\" content=\"index, follow, max-snippet:-1, max-image-preview:large, max-video-preview:-1\" \/>\n<link rel=\"canonical\" href=\"https:\/\/leregardlibre.com\/de\/bildende-kunst\/pierre-soulages-et-son-outrenoir-interrogent-les-regards-a-la-fondation-gianadda\/\" \/>\n<meta property=\"og:locale\" content=\"de_DE\" \/>\n<meta property=\"og:type\" content=\"article\" \/>\n<meta property=\"og:title\" content=\"Pierre Soulages et son \u00aboutrenoir\u00bb interrogent les regards \u00e0 la Fondation Gianadda\" \/>\n<meta property=\"og:description\" content=\"Le noir comme vecteur de lumi\u00e8re\" \/>\n<meta property=\"og:url\" content=\"https:\/\/leregardlibre.com\/de\/bildende-kunst\/pierre-soulages-et-son-outrenoir-interrogent-les-regards-a-la-fondation-gianadda\/\" \/>\n<meta property=\"og:site_name\" content=\"Le Regard Libre\" \/>\n<meta property=\"article:publisher\" content=\"https:\/\/www.facebook.com\/leregardlibre\/\" \/>\n<meta property=\"article:published_time\" content=\"2018-10-14T16:35:36+00:00\" \/>\n<meta property=\"article:modified_time\" content=\"2022-09-04T08:32:34+00:00\" \/>\n<meta property=\"og:image\" content=\"https:\/\/leregardlibre.com\/wp-content\/uploads\/2018\/10\/Oeuvre-exposee-5-\u00a9-Fondation-Gianadda-1-1024x768.jpg\" \/>\n\t<meta property=\"og:image:width\" content=\"1024\" \/>\n\t<meta property=\"og:image:height\" content=\"768\" \/>\n\t<meta property=\"og:image:type\" content=\"image\/jpeg\" \/>\n<meta name=\"author\" content=\"Loris S. Musumeci\" \/>\n<meta name=\"twitter:card\" content=\"summary_large_image\" \/>\n<meta name=\"twitter:creator\" content=\"@LeRegardLibre\" \/>\n<meta name=\"twitter:site\" content=\"@LeRegardLibre\" \/>\n<meta name=\"twitter:label1\" content=\"Verfasst von\" \/>\n\t<meta name=\"twitter:data1\" content=\"Loris S. Musumeci\" \/>\n\t<meta name=\"twitter:label2\" content=\"Gesch\u00e4tzte Lesezeit\" \/>\n\t<meta name=\"twitter:data2\" content=\"5\u00a0Minuten\" \/>\n<script type=\"application\/ld+json\" class=\"yoast-schema-graph\">{\"@context\":\"https:\\\/\\\/schema.org\",\"@graph\":[{\"@type\":\"Article\",\"@id\":\"https:\\\/\\\/leregardlibre.com\\\/arts-visuels\\\/pierre-soulages-et-son-outrenoir-interrogent-les-regards-a-la-fondation-gianadda\\\/#article\",\"isPartOf\":{\"@id\":\"https:\\\/\\\/leregardlibre.com\\\/arts-visuels\\\/pierre-soulages-et-son-outrenoir-interrogent-les-regards-a-la-fondation-gianadda\\\/\"},\"author\":{\"name\":\"Loris S. Musumeci\",\"@id\":\"https:\\\/\\\/leregardlibre.com\\\/#\\\/schema\\\/person\\\/04d80ec47094bca6b1fa22dffad24005\"},\"headline\":\"Pierre Soulages et son \u00aboutrenoir\u00bb interrogent les regards \u00e0 la Fondation Gianadda\",\"datePublished\":\"2018-10-14T16:35:36+00:00\",\"dateModified\":\"2022-09-04T08:32:34+00:00\",\"mainEntityOfPage\":{\"@id\":\"https:\\\/\\\/leregardlibre.com\\\/arts-visuels\\\/pierre-soulages-et-son-outrenoir-interrogent-les-regards-a-la-fondation-gianadda\\\/\"},\"wordCount\":930,\"commentCount\":0,\"publisher\":{\"@id\":\"https:\\\/\\\/leregardlibre.com\\\/#organization\"},\"image\":{\"@id\":\"https:\\\/\\\/leregardlibre.com\\\/arts-visuels\\\/pierre-soulages-et-son-outrenoir-interrogent-les-regards-a-la-fondation-gianadda\\\/#primaryimage\"},\"thumbnailUrl\":\"https:\\\/\\\/leregardlibre.com\\\/wp-content\\\/uploads\\\/2018\\\/10\\\/Oeuvre-exposee-5-\u00a9-Fondation-Gianadda-1.jpg\",\"keywords\":[\"art abstrait\",\"blanc\",\"Fondation Gianadda\",\"Lumi\u00e8re\",\"Noir et blanc\",\"Obscurit\u00e9\",\"Pierre Soulages\"],\"articleSection\":[\"Arts visuels\"],\"inLanguage\":\"de\",\"potentialAction\":[{\"@type\":\"CommentAction\",\"name\":\"Comment\",\"target\":[\"https:\\\/\\\/leregardlibre.com\\\/arts-visuels\\\/pierre-soulages-et-son-outrenoir-interrogent-les-regards-a-la-fondation-gianadda\\\/#respond\"]}]},{\"@type\":\"WebPage\",\"@id\":\"https:\\\/\\\/leregardlibre.com\\\/arts-visuels\\\/pierre-soulages-et-son-outrenoir-interrogent-les-regards-a-la-fondation-gianadda\\\/\",\"url\":\"https:\\\/\\\/leregardlibre.com\\\/arts-visuels\\\/pierre-soulages-et-son-outrenoir-interrogent-les-regards-a-la-fondation-gianadda\\\/\",\"name\":\"Pierre Soulages et son \u00aboutrenoir\u00bb interrogent les regards \u00e0 la Fondation Gianadda\",\"isPartOf\":{\"@id\":\"https:\\\/\\\/leregardlibre.com\\\/#website\"},\"primaryImageOfPage\":{\"@id\":\"https:\\\/\\\/leregardlibre.com\\\/arts-visuels\\\/pierre-soulages-et-son-outrenoir-interrogent-les-regards-a-la-fondation-gianadda\\\/#primaryimage\"},\"image\":{\"@id\":\"https:\\\/\\\/leregardlibre.com\\\/arts-visuels\\\/pierre-soulages-et-son-outrenoir-interrogent-les-regards-a-la-fondation-gianadda\\\/#primaryimage\"},\"thumbnailUrl\":\"https:\\\/\\\/leregardlibre.com\\\/wp-content\\\/uploads\\\/2018\\\/10\\\/Oeuvre-exposee-5-\u00a9-Fondation-Gianadda-1.jpg\",\"datePublished\":\"2018-10-14T16:35:36+00:00\",\"dateModified\":\"2022-09-04T08:32:34+00:00\",\"breadcrumb\":{\"@id\":\"https:\\\/\\\/leregardlibre.com\\\/arts-visuels\\\/pierre-soulages-et-son-outrenoir-interrogent-les-regards-a-la-fondation-gianadda\\\/#breadcrumb\"},\"inLanguage\":\"de\",\"potentialAction\":[{\"@type\":\"ReadAction\",\"target\":[\"https:\\\/\\\/leregardlibre.com\\\/arts-visuels\\\/pierre-soulages-et-son-outrenoir-interrogent-les-regards-a-la-fondation-gianadda\\\/\"]}]},{\"@type\":\"ImageObject\",\"inLanguage\":\"de\",\"@id\":\"https:\\\/\\\/leregardlibre.com\\\/arts-visuels\\\/pierre-soulages-et-son-outrenoir-interrogent-les-regards-a-la-fondation-gianadda\\\/#primaryimage\",\"url\":\"https:\\\/\\\/leregardlibre.com\\\/wp-content\\\/uploads\\\/2018\\\/10\\\/Oeuvre-exposee-5-\u00a9-Fondation-Gianadda-1.jpg\",\"contentUrl\":\"https:\\\/\\\/leregardlibre.com\\\/wp-content\\\/uploads\\\/2018\\\/10\\\/Oeuvre-exposee-5-\u00a9-Fondation-Gianadda-1.jpg\",\"width\":4608,\"height\":3456,\"caption\":\"OLYMPUS DIGITAL CAMERA\"},{\"@type\":\"BreadcrumbList\",\"@id\":\"https:\\\/\\\/leregardlibre.com\\\/arts-visuels\\\/pierre-soulages-et-son-outrenoir-interrogent-les-regards-a-la-fondation-gianadda\\\/#breadcrumb\",\"itemListElement\":[{\"@type\":\"ListItem\",\"position\":1,\"name\":\"Accueil\",\"item\":\"https:\\\/\\\/leregardlibre.com\\\/\"},{\"@type\":\"ListItem\",\"position\":2,\"name\":\"Pierre Soulages et son \u00aboutrenoir\u00bb interrogent les regards \u00e0 la Fondation Gianadda\"}]},{\"@type\":\"WebSite\",\"@id\":\"https:\\\/\\\/leregardlibre.com\\\/#website\",\"url\":\"https:\\\/\\\/leregardlibre.com\\\/\",\"name\":\"Le Regard Libre\",\"description\":\"Premier mensuel suisse de d\u00e9bat\",\"publisher\":{\"@id\":\"https:\\\/\\\/leregardlibre.com\\\/#organization\"},\"potentialAction\":[{\"@type\":\"SearchAction\",\"target\":{\"@type\":\"EntryPoint\",\"urlTemplate\":\"https:\\\/\\\/leregardlibre.com\\\/?s={search_term_string}\"},\"query-input\":{\"@type\":\"PropertyValueSpecification\",\"valueRequired\":true,\"valueName\":\"search_term_string\"}}],\"inLanguage\":\"de\"},{\"@type\":\"Organization\",\"@id\":\"https:\\\/\\\/leregardlibre.com\\\/#organization\",\"name\":\"Le Regard Libre\",\"url\":\"https:\\\/\\\/leregardlibre.com\\\/\",\"logo\":{\"@type\":\"ImageObject\",\"inLanguage\":\"de\",\"@id\":\"https:\\\/\\\/leregardlibre.com\\\/#\\\/schema\\\/logo\\\/image\\\/\",\"url\":\"https:\\\/\\\/leregardlibre.com\\\/wp-content\\\/uploads\\\/2025\\\/08\\\/logo-rl-icone-neg.jpeg\",\"contentUrl\":\"https:\\\/\\\/leregardlibre.com\\\/wp-content\\\/uploads\\\/2025\\\/08\\\/logo-rl-icone-neg.jpeg\",\"width\":557,\"height\":556,\"caption\":\"Le Regard Libre\"},\"image\":{\"@id\":\"https:\\\/\\\/leregardlibre.com\\\/#\\\/schema\\\/logo\\\/image\\\/\"},\"sameAs\":[\"https:\\\/\\\/www.facebook.com\\\/leregardlibre\\\/\",\"https:\\\/\\\/x.com\\\/LeRegardLibre\",\"https:\\\/\\\/www.linkedin.com\\\/company\\\/le-regard-libre\",\"https:\\\/\\\/www.instagram.com\\\/leregardlibre\\\/\",\"http:\\\/\\\/t.me\\\/leregardlibre\",\"https:\\\/\\\/youtube.com\\\/channel\\\/UC6HzGPomj1LsUmlz-sJtITQ\"],\"description\":\"Le Regard Libre est un mensuel suisse de d\u00e9bat intellectuel et culturel. Sa r\u00e9daction est jeune, b\u00e9n\u00e9vole, lib\u00e9rale et pluraliste. Le magazine para\u00eet en ligne et sous forme papier. Sa langue est le fran\u00e7ais.\",\"email\":\"redaction@leregardlibre.com\",\"legalName\":\"Le Regard Libre\",\"foundingDate\":\"2014-01-01\",\"numberOfEmployees\":{\"@type\":\"QuantitativeValue\",\"minValue\":\"11\",\"maxValue\":\"50\"},\"publishingPrinciples\":\"https:\\\/\\\/leregardlibre.com\\\/a-propos\\\/notre-manifeste\\\/\",\"ownershipFundingInfo\":\"https:\\\/\\\/leregardlibre.com\\\/mentions-legales\\\/\",\"actionableFeedbackPolicy\":\"https:\\\/\\\/leregardlibre.com\\\/conditions-generales-de-vente\\\/\"},{\"@type\":\"Person\",\"@id\":\"https:\\\/\\\/leregardlibre.com\\\/#\\\/schema\\\/person\\\/04d80ec47094bca6b1fa22dffad24005\",\"name\":\"Loris S. Musumeci\",\"image\":{\"@type\":\"ImageObject\",\"inLanguage\":\"de\",\"@id\":\"https:\\\/\\\/secure.gravatar.com\\\/avatar\\\/fa476654dadfee0d962e80160d0303549febb2769f8fa26c7a1ebe037f7c7c54?s=96&d=identicon&r=g\",\"url\":\"https:\\\/\\\/secure.gravatar.com\\\/avatar\\\/fa476654dadfee0d962e80160d0303549febb2769f8fa26c7a1ebe037f7c7c54?s=96&d=identicon&r=g\",\"contentUrl\":\"https:\\\/\\\/secure.gravatar.com\\\/avatar\\\/fa476654dadfee0d962e80160d0303549febb2769f8fa26c7a1ebe037f7c7c54?s=96&d=identicon&r=g\",\"caption\":\"Loris S. Musumeci\"},\"sameAs\":[\"https:\\\/\\\/leregardlibre.com\\\/\",\"https:\\\/\\\/fr.wikipedia.org\\\/wiki\\\/Le_Regard_libre\"],\"url\":\"https:\\\/\\\/leregardlibre.com\\\/de\\\/author\\\/loris-musumeci\\\/\"}]}<\/script>\n<!-- \/ Yoast SEO Premium plugin. -->","yoast_head_json":{"title":"Pierre Soulages und sein \u00abOutrenoir\u00bb hinterfragen die Blicke in der Fondation Gianadda","robots":{"index":"index","follow":"follow","max-snippet":"max-snippet:-1","max-image-preview":"max-image-preview:large","max-video-preview":"max-video-preview:-1"},"canonical":"https:\/\/leregardlibre.com\/de\/bildende-kunst\/pierre-soulages-et-son-outrenoir-interrogent-les-regards-a-la-fondation-gianadda\/","og_locale":"de_DE","og_type":"article","og_title":"Pierre Soulages et son \u00aboutrenoir\u00bb interrogent les regards \u00e0 la Fondation Gianadda","og_description":"Le noir comme vecteur de lumi\u00e8re","og_url":"https:\/\/leregardlibre.com\/de\/bildende-kunst\/pierre-soulages-et-son-outrenoir-interrogent-les-regards-a-la-fondation-gianadda\/","og_site_name":"Le Regard Libre","article_publisher":"https:\/\/www.facebook.com\/leregardlibre\/","article_published_time":"2018-10-14T16:35:36+00:00","article_modified_time":"2022-09-04T08:32:34+00:00","og_image":[{"width":1024,"height":768,"url":"https:\/\/leregardlibre.com\/wp-content\/uploads\/2018\/10\/Oeuvre-exposee-5-\u00a9-Fondation-Gianadda-1-1024x768.jpg","type":"image\/jpeg"}],"author":"Loris S. Musumeci","twitter_card":"summary_large_image","twitter_creator":"@LeRegardLibre","twitter_site":"@LeRegardLibre","twitter_misc":{"Verfasst von":"Loris S. Musumeci","Gesch\u00e4tzte Lesezeit":"5\u00a0Minuten"},"schema":{"@context":"https:\/\/schema.org","@graph":[{"@type":"Article","@id":"https:\/\/leregardlibre.com\/arts-visuels\/pierre-soulages-et-son-outrenoir-interrogent-les-regards-a-la-fondation-gianadda\/#article","isPartOf":{"@id":"https:\/\/leregardlibre.com\/arts-visuels\/pierre-soulages-et-son-outrenoir-interrogent-les-regards-a-la-fondation-gianadda\/"},"author":{"name":"Loris S. Musumeci","@id":"https:\/\/leregardlibre.com\/#\/schema\/person\/04d80ec47094bca6b1fa22dffad24005"},"headline":"Pierre Soulages et son \u00aboutrenoir\u00bb interrogent les regards \u00e0 la Fondation Gianadda","datePublished":"2018-10-14T16:35:36+00:00","dateModified":"2022-09-04T08:32:34+00:00","mainEntityOfPage":{"@id":"https:\/\/leregardlibre.com\/arts-visuels\/pierre-soulages-et-son-outrenoir-interrogent-les-regards-a-la-fondation-gianadda\/"},"wordCount":930,"commentCount":0,"publisher":{"@id":"https:\/\/leregardlibre.com\/#organization"},"image":{"@id":"https:\/\/leregardlibre.com\/arts-visuels\/pierre-soulages-et-son-outrenoir-interrogent-les-regards-a-la-fondation-gianadda\/#primaryimage"},"thumbnailUrl":"https:\/\/leregardlibre.com\/wp-content\/uploads\/2018\/10\/Oeuvre-exposee-5-\u00a9-Fondation-Gianadda-1.jpg","keywords":["art abstrait","blanc","Fondation Gianadda","Lumi\u00e8re","Noir et blanc","Obscurit\u00e9","Pierre Soulages"],"articleSection":["Arts visuels"],"inLanguage":"de","potentialAction":[{"@type":"CommentAction","name":"Comment","target":["https:\/\/leregardlibre.com\/arts-visuels\/pierre-soulages-et-son-outrenoir-interrogent-les-regards-a-la-fondation-gianadda\/#respond"]}]},{"@type":"WebPage","@id":"https:\/\/leregardlibre.com\/arts-visuels\/pierre-soulages-et-son-outrenoir-interrogent-les-regards-a-la-fondation-gianadda\/","url":"https:\/\/leregardlibre.com\/arts-visuels\/pierre-soulages-et-son-outrenoir-interrogent-les-regards-a-la-fondation-gianadda\/","name":"Pierre Soulages und sein \u00abOutrenoir\u00bb hinterfragen die Blicke in der Fondation Gianadda","isPartOf":{"@id":"https:\/\/leregardlibre.com\/#website"},"primaryImageOfPage":{"@id":"https:\/\/leregardlibre.com\/arts-visuels\/pierre-soulages-et-son-outrenoir-interrogent-les-regards-a-la-fondation-gianadda\/#primaryimage"},"image":{"@id":"https:\/\/leregardlibre.com\/arts-visuels\/pierre-soulages-et-son-outrenoir-interrogent-les-regards-a-la-fondation-gianadda\/#primaryimage"},"thumbnailUrl":"https:\/\/leregardlibre.com\/wp-content\/uploads\/2018\/10\/Oeuvre-exposee-5-\u00a9-Fondation-Gianadda-1.jpg","datePublished":"2018-10-14T16:35:36+00:00","dateModified":"2022-09-04T08:32:34+00:00","breadcrumb":{"@id":"https:\/\/leregardlibre.com\/arts-visuels\/pierre-soulages-et-son-outrenoir-interrogent-les-regards-a-la-fondation-gianadda\/#breadcrumb"},"inLanguage":"de","potentialAction":[{"@type":"ReadAction","target":["https:\/\/leregardlibre.com\/arts-visuels\/pierre-soulages-et-son-outrenoir-interrogent-les-regards-a-la-fondation-gianadda\/"]}]},{"@type":"ImageObject","inLanguage":"de","@id":"https:\/\/leregardlibre.com\/arts-visuels\/pierre-soulages-et-son-outrenoir-interrogent-les-regards-a-la-fondation-gianadda\/#primaryimage","url":"https:\/\/leregardlibre.com\/wp-content\/uploads\/2018\/10\/Oeuvre-exposee-5-\u00a9-Fondation-Gianadda-1.jpg","contentUrl":"https:\/\/leregardlibre.com\/wp-content\/uploads\/2018\/10\/Oeuvre-exposee-5-\u00a9-Fondation-Gianadda-1.jpg","width":4608,"height":3456,"caption":"OLYMPUS DIGITAL CAMERA"},{"@type":"BreadcrumbList","@id":"https:\/\/leregardlibre.com\/arts-visuels\/pierre-soulages-et-son-outrenoir-interrogent-les-regards-a-la-fondation-gianadda\/#breadcrumb","itemListElement":[{"@type":"ListItem","position":1,"name":"Accueil","item":"https:\/\/leregardlibre.com\/"},{"@type":"ListItem","position":2,"name":"Pierre Soulages et son \u00aboutrenoir\u00bb interrogent les regards \u00e0 la Fondation Gianadda"}]},{"@type":"WebSite","@id":"https:\/\/leregardlibre.com\/#website","url":"https:\/\/leregardlibre.com\/","name":"Le Regard Libre","description":"Erste Schweizer Monatszeitschrift f\u00fcr Debatten","publisher":{"@id":"https:\/\/leregardlibre.com\/#organization"},"potentialAction":[{"@type":"SearchAction","target":{"@type":"EntryPoint","urlTemplate":"https:\/\/leregardlibre.com\/?s={search_term_string}"},"query-input":{"@type":"PropertyValueSpecification","valueRequired":true,"valueName":"search_term_string"}}],"inLanguage":"de"},{"@type":"Organization","@id":"https:\/\/leregardlibre.com\/#organization","name":"Le Regard Libre","url":"https:\/\/leregardlibre.com\/","logo":{"@type":"ImageObject","inLanguage":"de","@id":"https:\/\/leregardlibre.com\/#\/schema\/logo\/image\/","url":"https:\/\/leregardlibre.com\/wp-content\/uploads\/2025\/08\/logo-rl-icone-neg.jpeg","contentUrl":"https:\/\/leregardlibre.com\/wp-content\/uploads\/2025\/08\/logo-rl-icone-neg.jpeg","width":557,"height":556,"caption":"Le Regard Libre"},"image":{"@id":"https:\/\/leregardlibre.com\/#\/schema\/logo\/image\/"},"sameAs":["https:\/\/www.facebook.com\/leregardlibre\/","https:\/\/x.com\/LeRegardLibre","https:\/\/www.linkedin.com\/company\/le-regard-libre","https:\/\/www.instagram.com\/leregardlibre\/","http:\/\/t.me\/leregardlibre","https:\/\/youtube.com\/channel\/UC6HzGPomj1LsUmlz-sJtITQ"],"description":"Le Regard Libre ist eine Schweizer Monatszeitschrift f\u00fcr intellektuelle und kulturelle Debatten. Seine Redaktion ist jung, ehrenamtlich, liberal und pluralistisch. Das Magazin erscheint online und in gedruckter Form. Seine Sprache ist Franz\u00f6sisch.","email":"redaction@leregardlibre.com","legalName":"Le Regard Libre","foundingDate":"2014-01-01","numberOfEmployees":{"@type":"QuantitativeValue","minValue":"11","maxValue":"50"},"publishingPrinciples":"https:\/\/leregardlibre.com\/a-propos\/notre-manifeste\/","ownershipFundingInfo":"https:\/\/leregardlibre.com\/mentions-legales\/","actionableFeedbackPolicy":"https:\/\/leregardlibre.com\/conditions-generales-de-vente\/"},{"@type":"Person","@id":"https:\/\/leregardlibre.com\/#\/schema\/person\/04d80ec47094bca6b1fa22dffad24005","name":"Loris S. Musumeci","image":{"@type":"ImageObject","inLanguage":"de","@id":"https:\/\/secure.gravatar.com\/avatar\/fa476654dadfee0d962e80160d0303549febb2769f8fa26c7a1ebe037f7c7c54?s=96&d=identicon&r=g","url":"https:\/\/secure.gravatar.com\/avatar\/fa476654dadfee0d962e80160d0303549febb2769f8fa26c7a1ebe037f7c7c54?s=96&d=identicon&r=g","contentUrl":"https:\/\/secure.gravatar.com\/avatar\/fa476654dadfee0d962e80160d0303549febb2769f8fa26c7a1ebe037f7c7c54?s=96&d=identicon&r=g","caption":"Loris S. Musumeci"},"sameAs":["https:\/\/leregardlibre.com\/","https:\/\/fr.wikipedia.org\/wiki\/Le_Regard_libre"],"url":"https:\/\/leregardlibre.com\/de\/author\/loris-musumeci\/"}]}},"_links":{"self":[{"href":"https:\/\/leregardlibre.com\/de\/wp-json\/wp\/v2\/posts\/17279","targetHints":{"allow":["GET"]}}],"collection":[{"href":"https:\/\/leregardlibre.com\/de\/wp-json\/wp\/v2\/posts"}],"about":[{"href":"https:\/\/leregardlibre.com\/de\/wp-json\/wp\/v2\/types\/post"}],"author":[{"embeddable":true,"href":"https:\/\/leregardlibre.com\/de\/wp-json\/wp\/v2\/users\/18"}],"replies":[{"embeddable":true,"href":"https:\/\/leregardlibre.com\/de\/wp-json\/wp\/v2\/comments?post=17279"}],"version-history":[{"count":2,"href":"https:\/\/leregardlibre.com\/de\/wp-json\/wp\/v2\/posts\/17279\/revisions"}],"predecessor-version":[{"id":511507,"href":"https:\/\/leregardlibre.com\/de\/wp-json\/wp\/v2\/posts\/17279\/revisions\/511507"}],"wp:featuredmedia":[{"embeddable":true,"href":"https:\/\/leregardlibre.com\/de\/wp-json\/wp\/v2\/media\/510135"}],"wp:attachment":[{"href":"https:\/\/leregardlibre.com\/de\/wp-json\/wp\/v2\/media?parent=17279"}],"wp:term":[{"taxonomy":"category","embeddable":true,"href":"https:\/\/leregardlibre.com\/de\/wp-json\/wp\/v2\/categories?post=17279"},{"taxonomy":"post_tag","embeddable":true,"href":"https:\/\/leregardlibre.com\/de\/wp-json\/wp\/v2\/tags?post=17279"}],"curies":[{"name":"wp","href":"https:\/\/api.w.org\/{rel}","templated":true}]}}