{"id":17450,"date":"2018-10-26T16:23:12","date_gmt":"2018-10-26T15:23:12","guid":{"rendered":"https:\/\/leregardlibre.com\/?p=17450"},"modified":"2022-09-04T10:32:35","modified_gmt":"2022-09-04T08:32:35","slug":"la-nostra-a-la-votre-ou-pas","status":"publish","type":"post","link":"https:\/\/leregardlibre.com\/de\/gastronomie\/la-nostra-a-la-votre-ou-pas\/","title":{"rendered":"La Nostra, zum Wohl (oder auch nicht!)"},"content":{"rendered":"<p><em>Die Freitage der Mikrobrauerei - Jonas Follonier<\/em><\/p>\n<p>An einem Abend, an dem man durstig ist. An einem Abend, an dem man denkt: \u00abWas f\u00fcr eine tolle Erfindung, die Speisewagen der SBB.\u00bb Und dann, wenn man an einem dieser sch\u00f6nen Arbeits- und Degustationstische sitzt, allein - ohne Kinder, ohne L\u00e4rm, ohne Sonne, ein Traum - entdeckt man interessiert, dass die neue Karte die M\u00f6glichkeit bietet, handwerklich gebrautes Schweizer Bier zu bestellen. Bitte schauen Sie sich die zweite Karte an, die diesen Getr\u00e4nken gewidmet ist.<\/p>\n<p>Aber es gibt keine zweite Karte. Nur ein kleines Schild, das uns auf ein handwerklich gebrautes Bier namens \u00abLa Nostra\u00bb hinweist, das aus dem italienischsten unserer Kantone, dem Tessin, stammt, genauer gesagt aus der Mikrobrauerei San Martino. Die freundliche Kellnerin - fast alle Mitarbeiter in den SBB-Restaurantwagen sind es, und es ist eine wahre Freude - scheint mir zu best\u00e4tigen, dass es tats\u00e4chlich das einzige handwerklich gebraute Bier ist, das man in diesen halb beleuchteten R\u00e4umen, die den hungrigsten Reisenden vorbehalten sind, bestellen kann. Also gut, gerne, Madame.<\/p>\n<p><!--more--><\/p>\n<p>Parbleu, sacrebleu, pardi. Was f\u00fcr ein Horror! Ein deutscher Typ - das ist nicht <em>zwangsl\u00e4ufig<\/em> Ein schlechter Anfang, aber warten Sie auf den Rest - dieses Giftgetr\u00e4nk hat den Gaumen nicht \u00fcberzeugt, obwohl es den Ruf des \u00abgr\u00f6\u00dften Publikums\u00bb unserer Redaktion begr\u00fcndet. Einige Beispiele f\u00fcr M\u00e4ngel, die dieses 5,2% Volumen endg\u00fcltig zu einem Bier machen, das man meiden sollte: eine Bitterkeit ohne Komplexit\u00e4t, eine fruchtige Farbe, die direkt aus dem Reich des Ungef\u00e4hren kommt, und vor allem eine scheinbare Leichtigkeit, die in Wirklichkeit nur Charakterlosigkeit ist.<\/p>\n<p>Wenn die SBB mit der Mode geht, kann man ihnen das nicht vorwerfen; wenn sie Schweizer Produkte hervorheben, kann man das nur gutheissen; aber aus Mitleid sollten sie uns diese Farce ersparen, die man kaum zu Ende spielen kann, weil man sich sch\u00e4mt, seine Mitreisenden glauben zu lassen, dass der Durst begrenzt ist, und uns auch nur ein einziges Mal die Gelegenheit geben, uns zu unterhalten. <em>Wahl<\/em>! Andernfalls d\u00fcrfen Sie sich nicht wundern, wenn die Kunden weiterhin literweise Industriebier hinunterkippen, das am Ende gar nicht so schlecht ist, wie es aussieht.<\/p>\n<p><em>Schreiben Sie dem Autor: <a href=\"mailto:jonas.follonier@leregardlibre.com\">jonas.follonier@leregardlibre.com<\/a><\/em><\/p>\n<p>Fotocredit: \u00a9 Jonas Follonier f\u00fcr Le Regard Libre<\/p>","protected":false},"excerpt":{"rendered":"<p>Les vendredis de la microbrasserie\u00a0\u2013 Jonas Follonier Un soir o\u00f9, vous savez, il fait soif. Un soir o\u00f9 l\u2019on se&#8230;<\/p>","protected":false},"author":138,"featured_media":17451,"comment_status":"open","ping_status":"open","sticky":false,"template":"","format":"standard","meta":{"_acf_changed":false,"footnotes":""},"categories":[42546],"tags":[241857,3079770,962816,644340148,644340149,644340146],"class_list":["post-17450","post","type-post","status-publish","format-standard","has-post-thumbnail","hentry","category-gastronomie","tag-biere","tag-biere-artisanale","tag-cff","tag-la-nostra","tag-san-martino","tag-wagon-restaurant"],"acf":[],"yoast_head":"<!-- This site is optimized with the Yoast SEO Premium plugin v27.4 (Yoast SEO v27.4) - https:\/\/yoast.com\/product\/yoast-seo-premium-wordpress\/ -->\n<title>La Nostra, \u00e0 la v\u00f4tre (ou pas!)<\/title>\n<meta name=\"robots\" content=\"index, follow, max-snippet:-1, max-image-preview:large, max-video-preview:-1\" \/>\n<link rel=\"canonical\" href=\"https:\/\/leregardlibre.com\/de\/gastronomie\/la-nostra-a-la-votre-ou-pas\/\" \/>\n<meta property=\"og:locale\" content=\"de_DE\" \/>\n<meta property=\"og:type\" content=\"article\" \/>\n<meta property=\"og:title\" content=\"La Nostra, \u00e0 la v\u00f4tre (ou pas!)\" \/>\n<meta property=\"og:description\" content=\"Les vendredis de la microbrasserie\u00a0\u2013 Jonas Follonier Un soir o\u00f9, vous savez, il fait soif. Un soir o\u00f9 l\u2019on se...\" \/>\n<meta property=\"og:url\" content=\"https:\/\/leregardlibre.com\/de\/gastronomie\/la-nostra-a-la-votre-ou-pas\/\" \/>\n<meta property=\"og:site_name\" content=\"Le Regard Libre\" \/>\n<meta property=\"article:publisher\" content=\"https:\/\/www.facebook.com\/leregardlibre\/\" \/>\n<meta property=\"article:author\" content=\"https:\/\/www.facebook.com\/jonas.follonier\/\" \/>\n<meta property=\"article:published_time\" content=\"2018-10-26T15:23:12+00:00\" \/>\n<meta property=\"article:modified_time\" content=\"2022-09-04T08:32:35+00:00\" \/>\n<meta property=\"og:image\" content=\"https:\/\/leregardlibre.com\/wp-content\/uploads\/2018\/10\/La-Nostra-\u00a9-Jonas-Follonier-pour-Le-Regard-Libre.jpg\" \/>\n\t<meta property=\"og:image:width\" content=\"1195\" \/>\n\t<meta property=\"og:image:height\" content=\"560\" \/>\n\t<meta property=\"og:image:type\" content=\"image\/jpeg\" \/>\n<meta name=\"author\" content=\"Jonas Follonier\" \/>\n<meta name=\"twitter:card\" content=\"summary_large_image\" \/>\n<meta name=\"twitter:creator\" content=\"@LeRegardLibre\" \/>\n<meta name=\"twitter:site\" content=\"@LeRegardLibre\" \/>\n<meta name=\"twitter:label1\" content=\"Verfasst von\" \/>\n\t<meta name=\"twitter:data1\" content=\"Jonas Follonier\" \/>\n\t<meta name=\"twitter:label2\" content=\"Gesch\u00e4tzte Lesezeit\" \/>\n\t<meta name=\"twitter:data2\" content=\"2\u00a0Minuten\" \/>\n<script type=\"application\/ld+json\" class=\"yoast-schema-graph\">{\"@context\":\"https:\\\/\\\/schema.org\",\"@graph\":[{\"@type\":\"Article\",\"@id\":\"https:\\\/\\\/leregardlibre.com\\\/gastronomie\\\/la-nostra-a-la-votre-ou-pas\\\/#article\",\"isPartOf\":{\"@id\":\"https:\\\/\\\/leregardlibre.com\\\/gastronomie\\\/la-nostra-a-la-votre-ou-pas\\\/\"},\"author\":{\"name\":\"Jonas Follonier\",\"@id\":\"https:\\\/\\\/leregardlibre.com\\\/#\\\/schema\\\/person\\\/bfe5aa794a23be71485d60e2d93ec0d2\"},\"headline\":\"La Nostra, \u00e0 la v\u00f4tre (ou pas!)\",\"datePublished\":\"2018-10-26T15:23:12+00:00\",\"dateModified\":\"2022-09-04T08:32:35+00:00\",\"mainEntityOfPage\":{\"@id\":\"https:\\\/\\\/leregardlibre.com\\\/gastronomie\\\/la-nostra-a-la-votre-ou-pas\\\/\"},\"wordCount\":409,\"commentCount\":0,\"publisher\":{\"@id\":\"https:\\\/\\\/leregardlibre.com\\\/#organization\"},\"image\":{\"@id\":\"https:\\\/\\\/leregardlibre.com\\\/gastronomie\\\/la-nostra-a-la-votre-ou-pas\\\/#primaryimage\"},\"thumbnailUrl\":\"https:\\\/\\\/leregardlibre.com\\\/wp-content\\\/uploads\\\/2018\\\/10\\\/La-Nostra-\u00a9-Jonas-Follonier-pour-Le-Regard-Libre.jpg\",\"keywords\":[\"Bi\u00e8re\",\"Bi\u00e8re artisanale\",\"CFF\",\"la nostra\",\"san martino\",\"wagon restaurant\"],\"articleSection\":[\"Gastronomie\"],\"inLanguage\":\"de\",\"potentialAction\":[{\"@type\":\"CommentAction\",\"name\":\"Comment\",\"target\":[\"https:\\\/\\\/leregardlibre.com\\\/gastronomie\\\/la-nostra-a-la-votre-ou-pas\\\/#respond\"]}]},{\"@type\":\"WebPage\",\"@id\":\"https:\\\/\\\/leregardlibre.com\\\/gastronomie\\\/la-nostra-a-la-votre-ou-pas\\\/\",\"url\":\"https:\\\/\\\/leregardlibre.com\\\/gastronomie\\\/la-nostra-a-la-votre-ou-pas\\\/\",\"name\":\"La Nostra, \u00e0 la v\u00f4tre (ou pas!)\",\"isPartOf\":{\"@id\":\"https:\\\/\\\/leregardlibre.com\\\/#website\"},\"primaryImageOfPage\":{\"@id\":\"https:\\\/\\\/leregardlibre.com\\\/gastronomie\\\/la-nostra-a-la-votre-ou-pas\\\/#primaryimage\"},\"image\":{\"@id\":\"https:\\\/\\\/leregardlibre.com\\\/gastronomie\\\/la-nostra-a-la-votre-ou-pas\\\/#primaryimage\"},\"thumbnailUrl\":\"https:\\\/\\\/leregardlibre.com\\\/wp-content\\\/uploads\\\/2018\\\/10\\\/La-Nostra-\u00a9-Jonas-Follonier-pour-Le-Regard-Libre.jpg\",\"datePublished\":\"2018-10-26T15:23:12+00:00\",\"dateModified\":\"2022-09-04T08:32:35+00:00\",\"breadcrumb\":{\"@id\":\"https:\\\/\\\/leregardlibre.com\\\/gastronomie\\\/la-nostra-a-la-votre-ou-pas\\\/#breadcrumb\"},\"inLanguage\":\"de\",\"potentialAction\":[{\"@type\":\"ReadAction\",\"target\":[\"https:\\\/\\\/leregardlibre.com\\\/gastronomie\\\/la-nostra-a-la-votre-ou-pas\\\/\"]}]},{\"@type\":\"ImageObject\",\"inLanguage\":\"de\",\"@id\":\"https:\\\/\\\/leregardlibre.com\\\/gastronomie\\\/la-nostra-a-la-votre-ou-pas\\\/#primaryimage\",\"url\":\"https:\\\/\\\/leregardlibre.com\\\/wp-content\\\/uploads\\\/2018\\\/10\\\/La-Nostra-\u00a9-Jonas-Follonier-pour-Le-Regard-Libre.jpg\",\"contentUrl\":\"https:\\\/\\\/leregardlibre.com\\\/wp-content\\\/uploads\\\/2018\\\/10\\\/La-Nostra-\u00a9-Jonas-Follonier-pour-Le-Regard-Libre.jpg\",\"width\":1195,\"height\":560},{\"@type\":\"BreadcrumbList\",\"@id\":\"https:\\\/\\\/leregardlibre.com\\\/gastronomie\\\/la-nostra-a-la-votre-ou-pas\\\/#breadcrumb\",\"itemListElement\":[{\"@type\":\"ListItem\",\"position\":1,\"name\":\"Accueil\",\"item\":\"https:\\\/\\\/leregardlibre.com\\\/\"},{\"@type\":\"ListItem\",\"position\":2,\"name\":\"La Nostra, \u00e0 la v\u00f4tre (ou pas!)\"}]},{\"@type\":\"WebSite\",\"@id\":\"https:\\\/\\\/leregardlibre.com\\\/#website\",\"url\":\"https:\\\/\\\/leregardlibre.com\\\/\",\"name\":\"Le Regard Libre\",\"description\":\"Premier mensuel suisse de d\u00e9bat\",\"publisher\":{\"@id\":\"https:\\\/\\\/leregardlibre.com\\\/#organization\"},\"potentialAction\":[{\"@type\":\"SearchAction\",\"target\":{\"@type\":\"EntryPoint\",\"urlTemplate\":\"https:\\\/\\\/leregardlibre.com\\\/?s={search_term_string}\"},\"query-input\":{\"@type\":\"PropertyValueSpecification\",\"valueRequired\":true,\"valueName\":\"search_term_string\"}}],\"inLanguage\":\"de\"},{\"@type\":\"Organization\",\"@id\":\"https:\\\/\\\/leregardlibre.com\\\/#organization\",\"name\":\"Le Regard Libre\",\"url\":\"https:\\\/\\\/leregardlibre.com\\\/\",\"logo\":{\"@type\":\"ImageObject\",\"inLanguage\":\"de\",\"@id\":\"https:\\\/\\\/leregardlibre.com\\\/#\\\/schema\\\/logo\\\/image\\\/\",\"url\":\"https:\\\/\\\/leregardlibre.com\\\/wp-content\\\/uploads\\\/2025\\\/08\\\/logo-rl-icone-neg.jpeg\",\"contentUrl\":\"https:\\\/\\\/leregardlibre.com\\\/wp-content\\\/uploads\\\/2025\\\/08\\\/logo-rl-icone-neg.jpeg\",\"width\":557,\"height\":556,\"caption\":\"Le Regard Libre\"},\"image\":{\"@id\":\"https:\\\/\\\/leregardlibre.com\\\/#\\\/schema\\\/logo\\\/image\\\/\"},\"sameAs\":[\"https:\\\/\\\/www.facebook.com\\\/leregardlibre\\\/\",\"https:\\\/\\\/x.com\\\/LeRegardLibre\",\"https:\\\/\\\/www.linkedin.com\\\/company\\\/le-regard-libre\",\"https:\\\/\\\/www.instagram.com\\\/leregardlibre\\\/\",\"http:\\\/\\\/t.me\\\/leregardlibre\",\"https:\\\/\\\/youtube.com\\\/channel\\\/UC6HzGPomj1LsUmlz-sJtITQ\"],\"description\":\"Le Regard Libre est un mensuel suisse de d\u00e9bat intellectuel et culturel. Sa r\u00e9daction est jeune, b\u00e9n\u00e9vole, lib\u00e9rale et pluraliste. Le magazine para\u00eet en ligne et sous forme papier. Sa langue est le fran\u00e7ais.\",\"email\":\"redaction@leregardlibre.com\",\"legalName\":\"Le Regard Libre\",\"foundingDate\":\"2014-01-01\",\"numberOfEmployees\":{\"@type\":\"QuantitativeValue\",\"minValue\":\"11\",\"maxValue\":\"50\"},\"publishingPrinciples\":\"https:\\\/\\\/leregardlibre.com\\\/a-propos\\\/notre-manifeste\\\/\",\"ownershipFundingInfo\":\"https:\\\/\\\/leregardlibre.com\\\/mentions-legales\\\/\",\"actionableFeedbackPolicy\":\"https:\\\/\\\/leregardlibre.com\\\/conditions-generales-de-vente\\\/\"},{\"@type\":\"Person\",\"@id\":\"https:\\\/\\\/leregardlibre.com\\\/#\\\/schema\\\/person\\\/bfe5aa794a23be71485d60e2d93ec0d2\",\"name\":\"Jonas Follonier\",\"image\":{\"@type\":\"ImageObject\",\"inLanguage\":\"de\",\"@id\":\"https:\\\/\\\/secure.gravatar.com\\\/avatar\\\/602060b40f6a458420c2d140f49b6caea99152ce6704f2c332e5a0c5aad80303?s=96&d=identicon&r=g\",\"url\":\"https:\\\/\\\/secure.gravatar.com\\\/avatar\\\/602060b40f6a458420c2d140f49b6caea99152ce6704f2c332e5a0c5aad80303?s=96&d=identicon&r=g\",\"contentUrl\":\"https:\\\/\\\/secure.gravatar.com\\\/avatar\\\/602060b40f6a458420c2d140f49b6caea99152ce6704f2c332e5a0c5aad80303?s=96&d=identicon&r=g\",\"caption\":\"Jonas Follonier\"},\"description\":\"Correspondant au Palais f\u00e9d\u00e9ral pour \u00abL\u2019Agefi\u00bb, auteur-compositeur-interpr\u00e8te et essayiste, Jonas Follonier est le fondateur et r\u00e9dacteur en chef du \u00abRegard Libre\u00bb.\",\"sameAs\":[\"https:\\\/\\\/www.facebook.com\\\/jonas.follonier\\\/\",\"https:\\\/\\\/www.instagram.com\\\/jonasfollonier\\\/\",\"https:\\\/\\\/www.linkedin.com\\\/in\\\/jonasfollonier\\\/\",\"https:\\\/\\\/fr.wikipedia.org\\\/wiki\\\/Le_Regard_libre\"],\"url\":\"https:\\\/\\\/leregardlibre.com\\\/de\\\/author\\\/jonas-follonier\\\/\"}]}<\/script>\n<!-- \/ Yoast SEO Premium plugin. -->","yoast_head_json":{"title":"La Nostra, zum Wohl (oder auch nicht!)","robots":{"index":"index","follow":"follow","max-snippet":"max-snippet:-1","max-image-preview":"max-image-preview:large","max-video-preview":"max-video-preview:-1"},"canonical":"https:\/\/leregardlibre.com\/de\/gastronomie\/la-nostra-a-la-votre-ou-pas\/","og_locale":"de_DE","og_type":"article","og_title":"La Nostra, \u00e0 la v\u00f4tre (ou pas!)","og_description":"Les vendredis de la microbrasserie\u00a0\u2013 Jonas Follonier Un soir o\u00f9, vous savez, il fait soif. Un soir o\u00f9 l\u2019on se...","og_url":"https:\/\/leregardlibre.com\/de\/gastronomie\/la-nostra-a-la-votre-ou-pas\/","og_site_name":"Le Regard Libre","article_publisher":"https:\/\/www.facebook.com\/leregardlibre\/","article_author":"https:\/\/www.facebook.com\/jonas.follonier\/","article_published_time":"2018-10-26T15:23:12+00:00","article_modified_time":"2022-09-04T08:32:35+00:00","og_image":[{"width":1195,"height":560,"url":"https:\/\/leregardlibre.com\/wp-content\/uploads\/2018\/10\/La-Nostra-\u00a9-Jonas-Follonier-pour-Le-Regard-Libre.jpg","type":"image\/jpeg"}],"author":"Jonas Follonier","twitter_card":"summary_large_image","twitter_creator":"@LeRegardLibre","twitter_site":"@LeRegardLibre","twitter_misc":{"Verfasst von":"Jonas Follonier","Gesch\u00e4tzte Lesezeit":"2\u00a0Minuten"},"schema":{"@context":"https:\/\/schema.org","@graph":[{"@type":"Article","@id":"https:\/\/leregardlibre.com\/gastronomie\/la-nostra-a-la-votre-ou-pas\/#article","isPartOf":{"@id":"https:\/\/leregardlibre.com\/gastronomie\/la-nostra-a-la-votre-ou-pas\/"},"author":{"name":"Jonas Follonier","@id":"https:\/\/leregardlibre.com\/#\/schema\/person\/bfe5aa794a23be71485d60e2d93ec0d2"},"headline":"La Nostra, \u00e0 la v\u00f4tre (ou pas!)","datePublished":"2018-10-26T15:23:12+00:00","dateModified":"2022-09-04T08:32:35+00:00","mainEntityOfPage":{"@id":"https:\/\/leregardlibre.com\/gastronomie\/la-nostra-a-la-votre-ou-pas\/"},"wordCount":409,"commentCount":0,"publisher":{"@id":"https:\/\/leregardlibre.com\/#organization"},"image":{"@id":"https:\/\/leregardlibre.com\/gastronomie\/la-nostra-a-la-votre-ou-pas\/#primaryimage"},"thumbnailUrl":"https:\/\/leregardlibre.com\/wp-content\/uploads\/2018\/10\/La-Nostra-\u00a9-Jonas-Follonier-pour-Le-Regard-Libre.jpg","keywords":["Bi\u00e8re","Bi\u00e8re artisanale","CFF","la nostra","san martino","wagon restaurant"],"articleSection":["Gastronomie"],"inLanguage":"de","potentialAction":[{"@type":"CommentAction","name":"Comment","target":["https:\/\/leregardlibre.com\/gastronomie\/la-nostra-a-la-votre-ou-pas\/#respond"]}]},{"@type":"WebPage","@id":"https:\/\/leregardlibre.com\/gastronomie\/la-nostra-a-la-votre-ou-pas\/","url":"https:\/\/leregardlibre.com\/gastronomie\/la-nostra-a-la-votre-ou-pas\/","name":"La Nostra, zum Wohl (oder auch nicht!)","isPartOf":{"@id":"https:\/\/leregardlibre.com\/#website"},"primaryImageOfPage":{"@id":"https:\/\/leregardlibre.com\/gastronomie\/la-nostra-a-la-votre-ou-pas\/#primaryimage"},"image":{"@id":"https:\/\/leregardlibre.com\/gastronomie\/la-nostra-a-la-votre-ou-pas\/#primaryimage"},"thumbnailUrl":"https:\/\/leregardlibre.com\/wp-content\/uploads\/2018\/10\/La-Nostra-\u00a9-Jonas-Follonier-pour-Le-Regard-Libre.jpg","datePublished":"2018-10-26T15:23:12+00:00","dateModified":"2022-09-04T08:32:35+00:00","breadcrumb":{"@id":"https:\/\/leregardlibre.com\/gastronomie\/la-nostra-a-la-votre-ou-pas\/#breadcrumb"},"inLanguage":"de","potentialAction":[{"@type":"ReadAction","target":["https:\/\/leregardlibre.com\/gastronomie\/la-nostra-a-la-votre-ou-pas\/"]}]},{"@type":"ImageObject","inLanguage":"de","@id":"https:\/\/leregardlibre.com\/gastronomie\/la-nostra-a-la-votre-ou-pas\/#primaryimage","url":"https:\/\/leregardlibre.com\/wp-content\/uploads\/2018\/10\/La-Nostra-\u00a9-Jonas-Follonier-pour-Le-Regard-Libre.jpg","contentUrl":"https:\/\/leregardlibre.com\/wp-content\/uploads\/2018\/10\/La-Nostra-\u00a9-Jonas-Follonier-pour-Le-Regard-Libre.jpg","width":1195,"height":560},{"@type":"BreadcrumbList","@id":"https:\/\/leregardlibre.com\/gastronomie\/la-nostra-a-la-votre-ou-pas\/#breadcrumb","itemListElement":[{"@type":"ListItem","position":1,"name":"Accueil","item":"https:\/\/leregardlibre.com\/"},{"@type":"ListItem","position":2,"name":"La Nostra, \u00e0 la v\u00f4tre (ou pas!)"}]},{"@type":"WebSite","@id":"https:\/\/leregardlibre.com\/#website","url":"https:\/\/leregardlibre.com\/","name":"Le Regard Libre","description":"Erste Schweizer Monatszeitschrift f\u00fcr Debatten","publisher":{"@id":"https:\/\/leregardlibre.com\/#organization"},"potentialAction":[{"@type":"SearchAction","target":{"@type":"EntryPoint","urlTemplate":"https:\/\/leregardlibre.com\/?s={search_term_string}"},"query-input":{"@type":"PropertyValueSpecification","valueRequired":true,"valueName":"search_term_string"}}],"inLanguage":"de"},{"@type":"Organization","@id":"https:\/\/leregardlibre.com\/#organization","name":"Le Regard Libre","url":"https:\/\/leregardlibre.com\/","logo":{"@type":"ImageObject","inLanguage":"de","@id":"https:\/\/leregardlibre.com\/#\/schema\/logo\/image\/","url":"https:\/\/leregardlibre.com\/wp-content\/uploads\/2025\/08\/logo-rl-icone-neg.jpeg","contentUrl":"https:\/\/leregardlibre.com\/wp-content\/uploads\/2025\/08\/logo-rl-icone-neg.jpeg","width":557,"height":556,"caption":"Le Regard Libre"},"image":{"@id":"https:\/\/leregardlibre.com\/#\/schema\/logo\/image\/"},"sameAs":["https:\/\/www.facebook.com\/leregardlibre\/","https:\/\/x.com\/LeRegardLibre","https:\/\/www.linkedin.com\/company\/le-regard-libre","https:\/\/www.instagram.com\/leregardlibre\/","http:\/\/t.me\/leregardlibre","https:\/\/youtube.com\/channel\/UC6HzGPomj1LsUmlz-sJtITQ"],"description":"Le Regard Libre ist eine Schweizer Monatszeitschrift f\u00fcr intellektuelle und kulturelle Debatten. Seine Redaktion ist jung, ehrenamtlich, liberal und pluralistisch. Das Magazin erscheint online und in gedruckter Form. Seine Sprache ist Franz\u00f6sisch.","email":"redaction@leregardlibre.com","legalName":"Le Regard Libre","foundingDate":"2014-01-01","numberOfEmployees":{"@type":"QuantitativeValue","minValue":"11","maxValue":"50"},"publishingPrinciples":"https:\/\/leregardlibre.com\/a-propos\/notre-manifeste\/","ownershipFundingInfo":"https:\/\/leregardlibre.com\/mentions-legales\/","actionableFeedbackPolicy":"https:\/\/leregardlibre.com\/conditions-generales-de-vente\/"},{"@type":"Person","@id":"https:\/\/leregardlibre.com\/#\/schema\/person\/bfe5aa794a23be71485d60e2d93ec0d2","name":"Jonas Follonier","image":{"@type":"ImageObject","inLanguage":"de","@id":"https:\/\/secure.gravatar.com\/avatar\/602060b40f6a458420c2d140f49b6caea99152ce6704f2c332e5a0c5aad80303?s=96&d=identicon&r=g","url":"https:\/\/secure.gravatar.com\/avatar\/602060b40f6a458420c2d140f49b6caea99152ce6704f2c332e5a0c5aad80303?s=96&d=identicon&r=g","contentUrl":"https:\/\/secure.gravatar.com\/avatar\/602060b40f6a458420c2d140f49b6caea99152ce6704f2c332e5a0c5aad80303?s=96&d=identicon&r=g","caption":"Jonas Follonier"},"description":"Bundeshauskorrespondent f\u00fcr \u00abL'Agefi\u00bb, Singer-Songwriter, Jonas Follonier ist Gr\u00fcnder und Chefredakteur von \u00abRegard Libre\u00bb.","sameAs":["https:\/\/www.facebook.com\/jonas.follonier\/","https:\/\/www.instagram.com\/jonasfollonier\/","https:\/\/www.linkedin.com\/in\/jonasfollonier\/","https:\/\/fr.wikipedia.org\/wiki\/Le_Regard_libre"],"url":"https:\/\/leregardlibre.com\/de\/author\/jonas-follonier\/"}]}},"_links":{"self":[{"href":"https:\/\/leregardlibre.com\/de\/wp-json\/wp\/v2\/posts\/17450","targetHints":{"allow":["GET"]}}],"collection":[{"href":"https:\/\/leregardlibre.com\/de\/wp-json\/wp\/v2\/posts"}],"about":[{"href":"https:\/\/leregardlibre.com\/de\/wp-json\/wp\/v2\/types\/post"}],"author":[{"embeddable":true,"href":"https:\/\/leregardlibre.com\/de\/wp-json\/wp\/v2\/users\/138"}],"replies":[{"embeddable":true,"href":"https:\/\/leregardlibre.com\/de\/wp-json\/wp\/v2\/comments?post=17450"}],"version-history":[{"count":1,"href":"https:\/\/leregardlibre.com\/de\/wp-json\/wp\/v2\/posts\/17450\/revisions"}],"predecessor-version":[{"id":510150,"href":"https:\/\/leregardlibre.com\/de\/wp-json\/wp\/v2\/posts\/17450\/revisions\/510150"}],"wp:featuredmedia":[{"embeddable":true,"href":"https:\/\/leregardlibre.com\/de\/wp-json\/wp\/v2\/media\/17451"}],"wp:attachment":[{"href":"https:\/\/leregardlibre.com\/de\/wp-json\/wp\/v2\/media?parent=17450"}],"wp:term":[{"taxonomy":"category","embeddable":true,"href":"https:\/\/leregardlibre.com\/de\/wp-json\/wp\/v2\/categories?post=17450"},{"taxonomy":"post_tag","embeddable":true,"href":"https:\/\/leregardlibre.com\/de\/wp-json\/wp\/v2\/tags?post=17450"}],"curies":[{"name":"wp","href":"https:\/\/api.w.org\/{rel}","templated":true}]}}