{"id":17655,"date":"2018-11-10T11:46:12","date_gmt":"2018-11-10T10:46:12","guid":{"rendered":"https:\/\/leregardlibre.com\/?p=17655"},"modified":"2025-08-18T11:42:56","modified_gmt":"2025-08-18T09:42:56","slug":"emporung-von-philip-roth","status":"publish","type":"post","link":"https:\/\/leregardlibre.com\/de\/literatur\/emporung-von-philip-roth\/","title":{"rendered":"Die \u2019Emp\u00f6rung\u00ab von Philip Roth"},"content":{"rendered":"<p class=\"has-drop-cap\"><strong>Dumm durch ein Bajonett sterben, weil man sich weigert, sich irgendeiner moralischen Ordnung unterzuordnen. Auf dem Schlachtfeld wie ein St\u00fcck Fleisch zerfetzt zu werden, weil man sich geweigert hat, sich irgendeiner Tradition zu unterwerfen. Ist es das wert? Diese Frage ist ein Echo des Begriffs\u00ab<\/strong><strong>Emp\u00f6rung\u00bb - das Gef\u00fchl des Zorns, das eine Handlung aufwirft, die das moralische Gewissen, das Gerechtigkeitsempfinden verletzt - Titel des Romans des verstorbenen Philip Roth.<\/strong><\/p>\n\n\n\n<!--more-->\n\n\n\n<p>Ein manchmal sarkastischer, aber auch ernster Schreibstil, eine stets pr\u00e4zise und scharf geschliffene Feder, die die amerikanische Gesellschaft und ihre Kommunitarismen beschreibt. Das ist der Eindruck, den man hat, wenn man die letzte Seite des Romans umbl\u00e4ttert und das Buch kommentiert. Es taucht auch ein Gedanke auf.<\/p>\n\n\n\n<p>Nein sagen, wenn es sein muss, wenn unsere Werte es erfordern. Vergessen Sie nicht, dass Ver\u00e4nderungen notwendig sind. Vergessen Sie nicht, mit demjenigen, mit dem Sie nicht zurechtkommen, zu diskutieren und dar\u00fcber nachzudenken, was Sie innerlich kr\u00e4nkt. Vergessen Sie nicht, alles, was Sie umgibt, in Frage zu stellen. Nicht wie ein Bulldozer mit einer einzigen Idee im Kopf geradeaus fahren. Das ist es, was Marcus, den Sohn eines Metzgers, brillanten Studenten, von seiner Zeit gequ\u00e4lten jungen Mann und Hauptprotagonisten des Romans, zum Teil hin- und hergerissen hat. <i>Emp\u00f6rung<\/i>. Dar\u00fcber hinaus erlebte er einen besonderen Kontext in der Geschichte der USA, n\u00e4mlich die Jahre 1951 bis 1953. Als der Koreakrieg tobte und der Kalte Krieg bereits in den Kinderschuhen steckte.<\/p>\n\n\n\n<h3 class=\"wp-block-heading\" id=\"h-indignation-photographie-contradictoire-d-une-epoque\"><i>Emp\u00f6rung<\/i>, Das widerspr\u00fcchliche Bild einer Epoche<\/h3>\n\n\n\n<p>Der Roman des amerikanischen Schriftstellers enth\u00e4lt den Schwefel und die Funken, die n\u00f6tig sind, um den Leser vollst\u00e4ndig in den Widerspr\u00fcchen der Figuren zu verzehren. Diese ziehen unter dem oft \u00e4ngstlichen und manchmal st\u00fcrmischen Blick von Marcus vorbei, der vielleicht einfach nur verloren ist, oder \u00abMarkie\u00bb, wie ihn seine Mutter nennt, eine Frau mit starkem Charakter, die den aufkeimenden Wahnsinn ihres 50-j\u00e4hrigen Mannes ertr\u00e4gt, wenn auch nur sehr m\u00fchsam, sobald ihr Sohn das sehr konservative Winesburg College im tiefsten Ohio verl\u00e4sst. Dort lernt der verlorene Sohn die Welt der Studentenverbindungen kennen, geschlossene Clubs, die nur einer bestimmten Gruppe von Studenten vorbehalten sind.<\/p>\n\n\n\n<blockquote class=\"wp-block-quote is-layout-flow wp-block-quote-is-layout-flow\">\n<p>\u00abEs gab zw\u00f6lf Studentenverbindungen auf dem Campus, aber nur zwei von ihnen nahmen Juden auf: eine kleine, rein j\u00fcdische Verbindung mit etwa 50 Mitgliedern und eine halb so gro\u00dfe, nicht exklusive Verbindung, die vor Ort von einer Gruppe idealistischer Studenten gegr\u00fcndet worden war, die jeden anwerben wollten, den sie in die Finger bekommen konnten. Die anderen zehn waren wei\u00dfen, christlichen und m\u00e4nnlichen Studenten vorbehalten - eine Reihe von Bedingungen, die auf einem Campus, der sich so stark auf die Einhaltung von Traditionen st\u00fctzt, niemand in Frage stellen w\u00fcrde.\u00bb<\/p>\n<\/blockquote>\n\n\n\n<p>Marcus selbst ist ein wandelnder Widerspruch. Er l\u00fcgt, wenn es ihm passt, oder sagt nicht die ganze Wahrheit, um sein Gesicht oder, schlimmer noch, seinen Stolz zu wahren. Dies ist der Fall, als er in das B\u00fcro von Caudwell gerufen wird, einem Dekan der Studenten des Winesburg College, der es mit den Regeln sehr genau nimmt und wirklich existiert hat. In dieser Passage spielt Philip Roth gekonnt mit den intellektuellen und pers\u00f6nlichen Spannungen. Er schreibt mit Schwung den <i>crescendo<\/i> Die beiden Personen waren sich nicht einig, ob alle Sch\u00fcler am Gottesdienst teilnehmen sollten.<\/p>\n\n\n\n<h6 class=\"wp-block-heading\" id=\"h-a-lire-aussi-pastorale-americaine-un-ouvrage-qui-dit-tout\">Lesen Sie auch | <a href=\"https:\/\/leregardlibre.com\/de\/literatur\/american-pastoral-kritisch\/\"><em>Amerikanische Seelsorge<\/em>, Ein Buch, das alles sagt<\/a><\/h6>\n\n\n\n<p>Marcus emp\u00f6rt sich lautstark \u00fcber den Autoritarismus der Kirche, w\u00e4hrend er gleichzeitig unter der Autorit\u00e4t des h\u00f6chsten W\u00fcrdentr\u00e4gers des Colleges leidet. Dieser befragt ihn insbesondere hartn\u00e4ckig \u00fcber seine Beziehungen zu den anderen Studenten und Studentinnen. Marcus antwortet angriffslustig, ohne seine gef\u00e4hrliche Aff\u00e4re mit Olivia zu erw\u00e4hnen, als wolle er sich ein wenig Privatsph\u00e4re bewahren. Die Tochter des Arztes, eine junge Frau mit einer Vergangenheit als Alkoholikerin, die nach einem Selbstmordversuch in eine psychiatrische Klinik eingewiesen wurde und in die sich Marcus unsterblich verliebt hat, ohne wirklich zu verstehen, warum. Es ist nicht klar, ob er dies vor dem Dekan verheimlicht, um einen Ausschluss zu vermeiden, oder nur aus Provokation.<\/p>\n\n\n\n<p>Die komplizierte Liebesgeschichte zwischen Marcus und Olivia sowie die Spannungen des jungen Mannes mit seinem Vater halten den Leser in Atem. Dar\u00fcber hinaus kn\u00fcpft und l\u00f6st der Autor zahlreiche Knoten, und das ohne Unterlass. Auf 200 Seiten wird der Sinn des Romans durch eine Episode gest\u00f6rt: \u00abDie gro\u00dfe Unterhosen-Razzia auf dem Campus von Winesburg\u00bb. Eine verschneite Nacht, in der sich die Studenten auf lebhafte, \u00fcberraschende und fast schon komische Weise gegen die strengen Regeln des Winesburg College wehren. Eine \u00e4hnliche Wendung wie die, die h\u00e4ufig in Philip Roths Schreiben auftauchen.<\/p>\n\n\n\n<h6 class=\"wp-block-heading\" id=\"h-a-lire-aussi-portnoy-et-son-complexe-l-art-de-la-touche\">Lesen Sie auch | <a href=\"https:\/\/leregardlibre.com\/de\/literatur\/portnoy-und-sein-kritischer-komplex\/\"><em>Portnoy und sein Komplex<\/em>, Die Kunst der Ber\u00fchrung<\/a><\/h6>\n\n\n\n<p>Wenn der Schriftsteller seine Figuren auf die Achterbahn der Gef\u00fchle mitnimmt. Wenn die Wut, die der Entr\u00fcstung eigen ist, die Fesseln sprengt, sie verst\u00e4rkt oder eine Ver\u00e4nderung herbeif\u00fchrt. Wenn man von einem Absatz zum anderen von einem intelligenten und besonnenen jungen Mann zu einem Mann wechselt, der sich \u00fcber Ideale aufregt, die er nicht protestlos akzeptieren will.<\/p>\n\n\n\n<h3 class=\"wp-block-heading\" id=\"h-roth-libre-penseur-ou-tortionnaire\">Roth: Freidenker oder Folterer?<\/h3>\n\n\n\n<p>Wie Sie vielleicht schon bemerkt haben, sind die Charaktere in\u2019<i>Emp\u00f6rung <\/i>stehen unter st\u00e4ndigem Druck durch das, was sie erleben, aber auch durch die widerspr\u00fcchlichen Situationen, die Philip Roth webt. Er qu\u00e4lt sie genauso, wie sie selbst von dem, was sie umgibt, gequ\u00e4lt werden, von hohen Idealen bis hin zu bescheidenen Familienwerten. Er gibt ihnen jedoch die Chance, sich seinem Griff als Schriftsteller zu verweigern und ihn zu bek\u00e4mpfen. So entfaltet der Autor seine literarischen F\u00e4higkeiten, um den Leser immer wieder zum Nachdenken anzuregen.<\/p>\n\n\n\n<p>Ob es sich nun um eine Waffe handelt oder um den psychologischen Druck, den das Leben auf uns aus\u00fcbt, es ist ein harter Kampf, um wie Marcus auch nur ein bisschen emp\u00f6rt zu bleiben. Emp\u00f6rt \u00fcber das, was in Deutschland passiert. Emp\u00f6rt \u00fcber das, was auf der Migrantenroute passiert. Emp\u00f6rt \u00fcber den wachsenden Autoritarismus. Emp\u00f6rt euch also, um uns nicht alles gefallen zu lassen, egal, welche Risiken wir eingehen m\u00fcssen.<\/p>\n\n\n\n<h6 class=\"wp-block-heading\" id=\"h-vous-venez-de-lire-un-article-tire-de-notre-dossier-special-philip-roth-publie-dans-notre-edition-papier-le-regard-libre-n-43-debats-analyses-actualites-culturelles-abonnez-vous-a-notre-media-de-reflexion-pour-nous-soutenir-et-avoir-acces-a-tous-nos-contenus\">Sie haben gerade einen Artikel aus unserem <a href=\"https:\/\/leregardlibre.com\/de\/tag\/dossier-special-philip-roth\/\">Spezialdossier Philip Roth<\/a>, in unserer gedruckten Ausgabe (<em><a href=\"https:\/\/leregardlibre.com\/de\/cpt-editions\/der-freie-blick-n-43\/\">Le Regard Libre<\/a><\/em><a href=\"https:\/\/leregardlibre.com\/de\/cpt-editions\/der-freie-blick-n-43\/\"> N\u00b0 43<\/a>). Debatten, Analysen, Kulturnachrichten:\u00a0<a href=\"https:\/\/leregardlibre.com\/de\/abonnement\/\">abonnieren Sie<\/a>\u00a0zu unserem Reflexionsmedium, um uns zu unterst\u00fctzen und Zugang zu all unseren Inhalten zu erhalten.<\/h6>","protected":false},"excerpt":{"rendered":"<p>Dumm durch ein Bajonett sterben, weil man sich weigert, sich irgendeiner moralischen Ordnung unterzuordnen. Auf dem Schlachtfeld wie ein St\u00fcck Fleisch zerfetzt zu werden, weil man sich geweigert hat, sich irgendeiner Tradition zu unterwerfen. Ist es das wert? Die Frage ist ein Echo des Begriffs \u00abEmp\u00f6rung\u00bb - das Gef\u00fchl des Zorns \u00fcber eine Handlung, die das moralische Gewissen und das Gerechtigkeitsempfinden verletzt - der Titel des Romans des verstorbenen Philip Roth.<\/p>","protected":false},"author":335,"featured_media":510178,"comment_status":"open","ping_status":"open","sticky":false,"template":"","format":"standard","meta":{"_acf_changed":false,"footnotes":""},"categories":[20663],"tags":[644340277,17675948,1095978,5915737,12415890,644340275,38542],"class_list":["post-17655","post","type-post","status-publish","format-standard","has-post-thumbnail","hentry","category-litterature","tag-dossier-special-philip-roth","tag-guerre-de-coree","tag-guerre-froide","tag-litterature-americaine","tag-litterature-anglophone","tag-philip-roth","tag-roman"],"acf":[],"yoast_head":"<!-- This site is optimized with the Yoast SEO Premium plugin v27.4 (Yoast SEO v27.4) - https:\/\/yoast.com\/product\/yoast-seo-premium-wordpress\/ -->\n<title>L\u2019\u00abIndignation\u00bb de Philip Roth<\/title>\n<meta name=\"description\" content=\"L&#039;indignation comme moteur d&#039;action, une r\u00e9flexion sur le roman de Philip Roth et sur la soci\u00e9t\u00e9 am\u00e9ricaine.\" \/>\n<meta name=\"robots\" content=\"index, follow, max-snippet:-1, max-image-preview:large, max-video-preview:-1\" \/>\n<link rel=\"canonical\" href=\"https:\/\/leregardlibre.com\/de\/literatur\/emporung-von-philip-roth\/\" \/>\n<meta property=\"og:locale\" content=\"de_DE\" \/>\n<meta property=\"og:type\" content=\"article\" \/>\n<meta property=\"og:title\" content=\"L\u2019\u00abIndignation\u00bb de Philip Roth\" \/>\n<meta property=\"og:description\" content=\"L&#039;indignation comme moteur d&#039;action, une r\u00e9flexion sur le roman de Philip Roth et sur la soci\u00e9t\u00e9 am\u00e9ricaine.\" \/>\n<meta property=\"og:url\" content=\"https:\/\/leregardlibre.com\/de\/literatur\/emporung-von-philip-roth\/\" \/>\n<meta property=\"og:site_name\" content=\"Le Regard Libre\" \/>\n<meta property=\"article:publisher\" content=\"https:\/\/www.facebook.com\/leregardlibre\/\" \/>\n<meta property=\"article:published_time\" content=\"2018-11-10T10:46:12+00:00\" \/>\n<meta property=\"article:modified_time\" content=\"2025-08-18T09:42:56+00:00\" \/>\n<meta property=\"og:image\" content=\"https:\/\/leregardlibre.com\/wp-content\/uploads\/2018\/11\/Philip-Roth-\u00a9-Jonas-Follonier-pour-Le-Regard-Libre-rotated-1-e1755509903928.jpg\" \/>\n\t<meta property=\"og:image:width\" content=\"1920\" \/>\n\t<meta property=\"og:image:height\" content=\"1459\" \/>\n\t<meta property=\"og:image:type\" content=\"image\/jpeg\" \/>\n<meta name=\"author\" content=\"Alexandre W\u00e4lti\" \/>\n<meta name=\"twitter:card\" content=\"summary_large_image\" \/>\n<meta name=\"twitter:creator\" content=\"@LeRegardLibre\" \/>\n<meta name=\"twitter:site\" content=\"@LeRegardLibre\" \/>\n<meta name=\"twitter:label1\" content=\"Verfasst von\" \/>\n\t<meta name=\"twitter:data1\" content=\"Alexandre W\u00e4lti\" \/>\n\t<meta name=\"twitter:label2\" content=\"Gesch\u00e4tzte Lesezeit\" \/>\n\t<meta name=\"twitter:data2\" content=\"5\u00a0Minuten\" \/>\n<script type=\"application\/ld+json\" class=\"yoast-schema-graph\">{\"@context\":\"https:\\\/\\\/schema.org\",\"@graph\":[{\"@type\":\"Article\",\"@id\":\"https:\\\/\\\/leregardlibre.com\\\/litterature\\\/indignation-de-philip-roth\\\/#article\",\"isPartOf\":{\"@id\":\"https:\\\/\\\/leregardlibre.com\\\/litterature\\\/indignation-de-philip-roth\\\/\"},\"author\":{\"name\":\"Alexandre W\u00e4lti\",\"@id\":\"https:\\\/\\\/leregardlibre.com\\\/#\\\/schema\\\/person\\\/634006bb230566361a27c65cfd0aaf24\"},\"headline\":\"L\u2019\u00abIndignation\u00bb de Philip Roth\",\"datePublished\":\"2018-11-10T10:46:12+00:00\",\"dateModified\":\"2025-08-18T09:42:56+00:00\",\"mainEntityOfPage\":{\"@id\":\"https:\\\/\\\/leregardlibre.com\\\/litterature\\\/indignation-de-philip-roth\\\/\"},\"wordCount\":1114,\"commentCount\":0,\"publisher\":{\"@id\":\"https:\\\/\\\/leregardlibre.com\\\/#organization\"},\"image\":{\"@id\":\"https:\\\/\\\/leregardlibre.com\\\/litterature\\\/indignation-de-philip-roth\\\/#primaryimage\"},\"thumbnailUrl\":\"https:\\\/\\\/leregardlibre.com\\\/wp-content\\\/uploads\\\/2018\\\/11\\\/Philip-Roth-\u00a9-Jonas-Follonier-pour-Le-Regard-Libre-rotated-1-e1755509903928.jpg\",\"keywords\":[\"Dossier PHILIP ROTH\",\"Guerre de Cor\u00e9e\",\"Guerre froide\",\"Litt\u00e9rature am\u00e9ricaine\",\"Litt\u00e9rature anglophone\",\"Philip Roth\",\"Roman\"],\"articleSection\":[\"Litt\u00e9rature\"],\"inLanguage\":\"de\",\"potentialAction\":[{\"@type\":\"CommentAction\",\"name\":\"Comment\",\"target\":[\"https:\\\/\\\/leregardlibre.com\\\/litterature\\\/indignation-de-philip-roth\\\/#respond\"]}]},{\"@type\":\"WebPage\",\"@id\":\"https:\\\/\\\/leregardlibre.com\\\/litterature\\\/indignation-de-philip-roth\\\/\",\"url\":\"https:\\\/\\\/leregardlibre.com\\\/litterature\\\/indignation-de-philip-roth\\\/\",\"name\":\"L\u2019\u00abIndignation\u00bb de Philip Roth\",\"isPartOf\":{\"@id\":\"https:\\\/\\\/leregardlibre.com\\\/#website\"},\"primaryImageOfPage\":{\"@id\":\"https:\\\/\\\/leregardlibre.com\\\/litterature\\\/indignation-de-philip-roth\\\/#primaryimage\"},\"image\":{\"@id\":\"https:\\\/\\\/leregardlibre.com\\\/litterature\\\/indignation-de-philip-roth\\\/#primaryimage\"},\"thumbnailUrl\":\"https:\\\/\\\/leregardlibre.com\\\/wp-content\\\/uploads\\\/2018\\\/11\\\/Philip-Roth-\u00a9-Jonas-Follonier-pour-Le-Regard-Libre-rotated-1-e1755509903928.jpg\",\"datePublished\":\"2018-11-10T10:46:12+00:00\",\"dateModified\":\"2025-08-18T09:42:56+00:00\",\"description\":\"L'indignation comme moteur d'action, une r\u00e9flexion sur le roman de Philip Roth et sur la soci\u00e9t\u00e9 am\u00e9ricaine.\",\"breadcrumb\":{\"@id\":\"https:\\\/\\\/leregardlibre.com\\\/litterature\\\/indignation-de-philip-roth\\\/#breadcrumb\"},\"inLanguage\":\"de\",\"potentialAction\":[{\"@type\":\"ReadAction\",\"target\":[\"https:\\\/\\\/leregardlibre.com\\\/litterature\\\/indignation-de-philip-roth\\\/\"]}]},{\"@type\":\"ImageObject\",\"inLanguage\":\"de\",\"@id\":\"https:\\\/\\\/leregardlibre.com\\\/litterature\\\/indignation-de-philip-roth\\\/#primaryimage\",\"url\":\"https:\\\/\\\/leregardlibre.com\\\/wp-content\\\/uploads\\\/2018\\\/11\\\/Philip-Roth-\u00a9-Jonas-Follonier-pour-Le-Regard-Libre-rotated-1-e1755509903928.jpg\",\"contentUrl\":\"https:\\\/\\\/leregardlibre.com\\\/wp-content\\\/uploads\\\/2018\\\/11\\\/Philip-Roth-\u00a9-Jonas-Follonier-pour-Le-Regard-Libre-rotated-1-e1755509903928.jpg\",\"width\":1920,\"height\":1459,\"caption\":\"Photo: Jonas Follonier pour Le Regard Libre\"},{\"@type\":\"BreadcrumbList\",\"@id\":\"https:\\\/\\\/leregardlibre.com\\\/litterature\\\/indignation-de-philip-roth\\\/#breadcrumb\",\"itemListElement\":[{\"@type\":\"ListItem\",\"position\":1,\"name\":\"Accueil\",\"item\":\"https:\\\/\\\/leregardlibre.com\\\/\"},{\"@type\":\"ListItem\",\"position\":2,\"name\":\"L\u2019\u00abIndignation\u00bb de Philip Roth\"}]},{\"@type\":\"WebSite\",\"@id\":\"https:\\\/\\\/leregardlibre.com\\\/#website\",\"url\":\"https:\\\/\\\/leregardlibre.com\\\/\",\"name\":\"Le Regard Libre\",\"description\":\"Premier mensuel suisse de d\u00e9bat\",\"publisher\":{\"@id\":\"https:\\\/\\\/leregardlibre.com\\\/#organization\"},\"potentialAction\":[{\"@type\":\"SearchAction\",\"target\":{\"@type\":\"EntryPoint\",\"urlTemplate\":\"https:\\\/\\\/leregardlibre.com\\\/?s={search_term_string}\"},\"query-input\":{\"@type\":\"PropertyValueSpecification\",\"valueRequired\":true,\"valueName\":\"search_term_string\"}}],\"inLanguage\":\"de\"},{\"@type\":\"Organization\",\"@id\":\"https:\\\/\\\/leregardlibre.com\\\/#organization\",\"name\":\"Le Regard Libre\",\"url\":\"https:\\\/\\\/leregardlibre.com\\\/\",\"logo\":{\"@type\":\"ImageObject\",\"inLanguage\":\"de\",\"@id\":\"https:\\\/\\\/leregardlibre.com\\\/#\\\/schema\\\/logo\\\/image\\\/\",\"url\":\"https:\\\/\\\/leregardlibre.com\\\/wp-content\\\/uploads\\\/2025\\\/08\\\/logo-rl-icone-neg.jpeg\",\"contentUrl\":\"https:\\\/\\\/leregardlibre.com\\\/wp-content\\\/uploads\\\/2025\\\/08\\\/logo-rl-icone-neg.jpeg\",\"width\":557,\"height\":556,\"caption\":\"Le Regard Libre\"},\"image\":{\"@id\":\"https:\\\/\\\/leregardlibre.com\\\/#\\\/schema\\\/logo\\\/image\\\/\"},\"sameAs\":[\"https:\\\/\\\/www.facebook.com\\\/leregardlibre\\\/\",\"https:\\\/\\\/x.com\\\/LeRegardLibre\",\"https:\\\/\\\/www.linkedin.com\\\/company\\\/le-regard-libre\",\"https:\\\/\\\/www.instagram.com\\\/leregardlibre\\\/\",\"http:\\\/\\\/t.me\\\/leregardlibre\",\"https:\\\/\\\/youtube.com\\\/channel\\\/UC6HzGPomj1LsUmlz-sJtITQ\"],\"description\":\"Le Regard Libre est un mensuel suisse de d\u00e9bat intellectuel et culturel. Sa r\u00e9daction est jeune, b\u00e9n\u00e9vole, lib\u00e9rale et pluraliste. Le magazine para\u00eet en ligne et sous forme papier. Sa langue est le fran\u00e7ais.\",\"email\":\"redaction@leregardlibre.com\",\"legalName\":\"Le Regard Libre\",\"foundingDate\":\"2014-01-01\",\"numberOfEmployees\":{\"@type\":\"QuantitativeValue\",\"minValue\":\"11\",\"maxValue\":\"50\"},\"publishingPrinciples\":\"https:\\\/\\\/leregardlibre.com\\\/a-propos\\\/notre-manifeste\\\/\",\"ownershipFundingInfo\":\"https:\\\/\\\/leregardlibre.com\\\/mentions-legales\\\/\",\"actionableFeedbackPolicy\":\"https:\\\/\\\/leregardlibre.com\\\/conditions-generales-de-vente\\\/\"},{\"@type\":\"Person\",\"@id\":\"https:\\\/\\\/leregardlibre.com\\\/#\\\/schema\\\/person\\\/634006bb230566361a27c65cfd0aaf24\",\"name\":\"Alexandre W\u00e4lti\",\"image\":{\"@type\":\"ImageObject\",\"inLanguage\":\"de\",\"@id\":\"https:\\\/\\\/secure.gravatar.com\\\/avatar\\\/f7336d62d9c120955b2d7027964ca5a2e0245c0903661056e2e625d561f30fef?s=96&d=identicon&r=g\",\"url\":\"https:\\\/\\\/secure.gravatar.com\\\/avatar\\\/f7336d62d9c120955b2d7027964ca5a2e0245c0903661056e2e625d561f30fef?s=96&d=identicon&r=g\",\"contentUrl\":\"https:\\\/\\\/secure.gravatar.com\\\/avatar\\\/f7336d62d9c120955b2d7027964ca5a2e0245c0903661056e2e625d561f30fef?s=96&d=identicon&r=g\",\"caption\":\"Alexandre W\u00e4lti\"},\"sameAs\":[\"https:\\\/\\\/leregardlibre.com\\\/\"],\"url\":\"https:\\\/\\\/leregardlibre.com\\\/de\\\/author\\\/alexandre-waelti\\\/\"}]}<\/script>\n<!-- \/ Yoast SEO Premium plugin. -->","yoast_head_json":{"title":"Die \u2019Emp\u00f6rung\u00ab von Philip Roth","description":"Emp\u00f6rung als Handlungsmotor, eine Reflexion \u00fcber den Roman von Philip Roth und die amerikanische Gesellschaft.","robots":{"index":"index","follow":"follow","max-snippet":"max-snippet:-1","max-image-preview":"max-image-preview:large","max-video-preview":"max-video-preview:-1"},"canonical":"https:\/\/leregardlibre.com\/de\/literatur\/emporung-von-philip-roth\/","og_locale":"de_DE","og_type":"article","og_title":"L\u2019\u00abIndignation\u00bb de Philip Roth","og_description":"L'indignation comme moteur d'action, une r\u00e9flexion sur le roman de Philip Roth et sur la soci\u00e9t\u00e9 am\u00e9ricaine.","og_url":"https:\/\/leregardlibre.com\/de\/literatur\/emporung-von-philip-roth\/","og_site_name":"Le Regard Libre","article_publisher":"https:\/\/www.facebook.com\/leregardlibre\/","article_published_time":"2018-11-10T10:46:12+00:00","article_modified_time":"2025-08-18T09:42:56+00:00","og_image":[{"width":1920,"height":1459,"url":"https:\/\/leregardlibre.com\/wp-content\/uploads\/2018\/11\/Philip-Roth-\u00a9-Jonas-Follonier-pour-Le-Regard-Libre-rotated-1-e1755509903928.jpg","type":"image\/jpeg"}],"author":"Alexandre W\u00e4lti","twitter_card":"summary_large_image","twitter_creator":"@LeRegardLibre","twitter_site":"@LeRegardLibre","twitter_misc":{"Verfasst von":"Alexandre W\u00e4lti","Gesch\u00e4tzte Lesezeit":"5\u00a0Minuten"},"schema":{"@context":"https:\/\/schema.org","@graph":[{"@type":"Article","@id":"https:\/\/leregardlibre.com\/litterature\/indignation-de-philip-roth\/#article","isPartOf":{"@id":"https:\/\/leregardlibre.com\/litterature\/indignation-de-philip-roth\/"},"author":{"name":"Alexandre W\u00e4lti","@id":"https:\/\/leregardlibre.com\/#\/schema\/person\/634006bb230566361a27c65cfd0aaf24"},"headline":"L\u2019\u00abIndignation\u00bb de Philip Roth","datePublished":"2018-11-10T10:46:12+00:00","dateModified":"2025-08-18T09:42:56+00:00","mainEntityOfPage":{"@id":"https:\/\/leregardlibre.com\/litterature\/indignation-de-philip-roth\/"},"wordCount":1114,"commentCount":0,"publisher":{"@id":"https:\/\/leregardlibre.com\/#organization"},"image":{"@id":"https:\/\/leregardlibre.com\/litterature\/indignation-de-philip-roth\/#primaryimage"},"thumbnailUrl":"https:\/\/leregardlibre.com\/wp-content\/uploads\/2018\/11\/Philip-Roth-\u00a9-Jonas-Follonier-pour-Le-Regard-Libre-rotated-1-e1755509903928.jpg","keywords":["Dossier PHILIP ROTH","Guerre de Cor\u00e9e","Guerre froide","Litt\u00e9rature am\u00e9ricaine","Litt\u00e9rature anglophone","Philip Roth","Roman"],"articleSection":["Litt\u00e9rature"],"inLanguage":"de","potentialAction":[{"@type":"CommentAction","name":"Comment","target":["https:\/\/leregardlibre.com\/litterature\/indignation-de-philip-roth\/#respond"]}]},{"@type":"WebPage","@id":"https:\/\/leregardlibre.com\/litterature\/indignation-de-philip-roth\/","url":"https:\/\/leregardlibre.com\/litterature\/indignation-de-philip-roth\/","name":"Die \u2019Emp\u00f6rung\u00ab von Philip Roth","isPartOf":{"@id":"https:\/\/leregardlibre.com\/#website"},"primaryImageOfPage":{"@id":"https:\/\/leregardlibre.com\/litterature\/indignation-de-philip-roth\/#primaryimage"},"image":{"@id":"https:\/\/leregardlibre.com\/litterature\/indignation-de-philip-roth\/#primaryimage"},"thumbnailUrl":"https:\/\/leregardlibre.com\/wp-content\/uploads\/2018\/11\/Philip-Roth-\u00a9-Jonas-Follonier-pour-Le-Regard-Libre-rotated-1-e1755509903928.jpg","datePublished":"2018-11-10T10:46:12+00:00","dateModified":"2025-08-18T09:42:56+00:00","description":"Emp\u00f6rung als Handlungsmotor, eine Reflexion \u00fcber den Roman von Philip Roth und die amerikanische Gesellschaft.","breadcrumb":{"@id":"https:\/\/leregardlibre.com\/litterature\/indignation-de-philip-roth\/#breadcrumb"},"inLanguage":"de","potentialAction":[{"@type":"ReadAction","target":["https:\/\/leregardlibre.com\/litterature\/indignation-de-philip-roth\/"]}]},{"@type":"ImageObject","inLanguage":"de","@id":"https:\/\/leregardlibre.com\/litterature\/indignation-de-philip-roth\/#primaryimage","url":"https:\/\/leregardlibre.com\/wp-content\/uploads\/2018\/11\/Philip-Roth-\u00a9-Jonas-Follonier-pour-Le-Regard-Libre-rotated-1-e1755509903928.jpg","contentUrl":"https:\/\/leregardlibre.com\/wp-content\/uploads\/2018\/11\/Philip-Roth-\u00a9-Jonas-Follonier-pour-Le-Regard-Libre-rotated-1-e1755509903928.jpg","width":1920,"height":1459,"caption":"Photo: Jonas Follonier pour Le Regard Libre"},{"@type":"BreadcrumbList","@id":"https:\/\/leregardlibre.com\/litterature\/indignation-de-philip-roth\/#breadcrumb","itemListElement":[{"@type":"ListItem","position":1,"name":"Accueil","item":"https:\/\/leregardlibre.com\/"},{"@type":"ListItem","position":2,"name":"L\u2019\u00abIndignation\u00bb de Philip Roth"}]},{"@type":"WebSite","@id":"https:\/\/leregardlibre.com\/#website","url":"https:\/\/leregardlibre.com\/","name":"Le Regard Libre","description":"Erste Schweizer Monatszeitschrift f\u00fcr Debatten","publisher":{"@id":"https:\/\/leregardlibre.com\/#organization"},"potentialAction":[{"@type":"SearchAction","target":{"@type":"EntryPoint","urlTemplate":"https:\/\/leregardlibre.com\/?s={search_term_string}"},"query-input":{"@type":"PropertyValueSpecification","valueRequired":true,"valueName":"search_term_string"}}],"inLanguage":"de"},{"@type":"Organization","@id":"https:\/\/leregardlibre.com\/#organization","name":"Le Regard Libre","url":"https:\/\/leregardlibre.com\/","logo":{"@type":"ImageObject","inLanguage":"de","@id":"https:\/\/leregardlibre.com\/#\/schema\/logo\/image\/","url":"https:\/\/leregardlibre.com\/wp-content\/uploads\/2025\/08\/logo-rl-icone-neg.jpeg","contentUrl":"https:\/\/leregardlibre.com\/wp-content\/uploads\/2025\/08\/logo-rl-icone-neg.jpeg","width":557,"height":556,"caption":"Le Regard Libre"},"image":{"@id":"https:\/\/leregardlibre.com\/#\/schema\/logo\/image\/"},"sameAs":["https:\/\/www.facebook.com\/leregardlibre\/","https:\/\/x.com\/LeRegardLibre","https:\/\/www.linkedin.com\/company\/le-regard-libre","https:\/\/www.instagram.com\/leregardlibre\/","http:\/\/t.me\/leregardlibre","https:\/\/youtube.com\/channel\/UC6HzGPomj1LsUmlz-sJtITQ"],"description":"Le Regard Libre ist eine Schweizer Monatszeitschrift f\u00fcr intellektuelle und kulturelle Debatten. Seine Redaktion ist jung, ehrenamtlich, liberal und pluralistisch. Das Magazin erscheint online und in gedruckter Form. Seine Sprache ist Franz\u00f6sisch.","email":"redaction@leregardlibre.com","legalName":"Le Regard Libre","foundingDate":"2014-01-01","numberOfEmployees":{"@type":"QuantitativeValue","minValue":"11","maxValue":"50"},"publishingPrinciples":"https:\/\/leregardlibre.com\/a-propos\/notre-manifeste\/","ownershipFundingInfo":"https:\/\/leregardlibre.com\/mentions-legales\/","actionableFeedbackPolicy":"https:\/\/leregardlibre.com\/conditions-generales-de-vente\/"},{"@type":"Person","@id":"https:\/\/leregardlibre.com\/#\/schema\/person\/634006bb230566361a27c65cfd0aaf24","name":"Alexandre W\u00e4lti","image":{"@type":"ImageObject","inLanguage":"de","@id":"https:\/\/secure.gravatar.com\/avatar\/f7336d62d9c120955b2d7027964ca5a2e0245c0903661056e2e625d561f30fef?s=96&d=identicon&r=g","url":"https:\/\/secure.gravatar.com\/avatar\/f7336d62d9c120955b2d7027964ca5a2e0245c0903661056e2e625d561f30fef?s=96&d=identicon&r=g","contentUrl":"https:\/\/secure.gravatar.com\/avatar\/f7336d62d9c120955b2d7027964ca5a2e0245c0903661056e2e625d561f30fef?s=96&d=identicon&r=g","caption":"Alexandre W\u00e4lti"},"sameAs":["https:\/\/leregardlibre.com\/"],"url":"https:\/\/leregardlibre.com\/de\/author\/alexandre-waelti\/"}]}},"_links":{"self":[{"href":"https:\/\/leregardlibre.com\/de\/wp-json\/wp\/v2\/posts\/17655","targetHints":{"allow":["GET"]}}],"collection":[{"href":"https:\/\/leregardlibre.com\/de\/wp-json\/wp\/v2\/posts"}],"about":[{"href":"https:\/\/leregardlibre.com\/de\/wp-json\/wp\/v2\/types\/post"}],"author":[{"embeddable":true,"href":"https:\/\/leregardlibre.com\/de\/wp-json\/wp\/v2\/users\/335"}],"replies":[{"embeddable":true,"href":"https:\/\/leregardlibre.com\/de\/wp-json\/wp\/v2\/comments?post=17655"}],"version-history":[{"count":2,"href":"https:\/\/leregardlibre.com\/de\/wp-json\/wp\/v2\/posts\/17655\/revisions"}],"predecessor-version":[{"id":528687,"href":"https:\/\/leregardlibre.com\/de\/wp-json\/wp\/v2\/posts\/17655\/revisions\/528687"}],"wp:featuredmedia":[{"embeddable":true,"href":"https:\/\/leregardlibre.com\/de\/wp-json\/wp\/v2\/media\/510178"}],"wp:attachment":[{"href":"https:\/\/leregardlibre.com\/de\/wp-json\/wp\/v2\/media?parent=17655"}],"wp:term":[{"taxonomy":"category","embeddable":true,"href":"https:\/\/leregardlibre.com\/de\/wp-json\/wp\/v2\/categories?post=17655"},{"taxonomy":"post_tag","embeddable":true,"href":"https:\/\/leregardlibre.com\/de\/wp-json\/wp\/v2\/tags?post=17655"}],"curies":[{"name":"wp","href":"https:\/\/api.w.org\/{rel}","templated":true}]}}