{"id":17706,"date":"2018-11-14T12:00:19","date_gmt":"2018-11-14T11:00:19","guid":{"rendered":"https:\/\/leregardlibre.com\/?p=17706"},"modified":"2025-12-04T22:39:10","modified_gmt":"2025-12-04T21:39:10","slug":"jean-christophe-et-winnie-enfance-et-quete-de-soi","status":"publish","type":"post","link":"https:\/\/leregardlibre.com\/de\/kino\/filme\/jean-christophe-et-winnie-enfance-et-quete-de-soi\/","title":{"rendered":"\u00abJean-Christophe und Winnie\u00bb: Kindheit und Selbstfindung"},"content":{"rendered":"<p><em>Mittwochs im Kino - Virginia Eufemi<\/em><\/p>\n<blockquote><p>\u00abJean-Christophe, welcher Tag ist heute?<br \/>\nHeute: Winnie.<br \/>\nOh, mein Lieblingstag!\u00bb<\/p><\/blockquote>\n<p>An einem regnerischen Samstagnachmittag ist der Kinosaal voll von Kindern, die zwischen den Sitzreihen hin und her rennen und Verstecken spielen. Eltern und Gro\u00dfeltern haben mit Eimern voller Popcorn und anderen Leckereien ihre Geschwister und Schulfreunde mitgebracht, um die (neuen) Abenteuer der ber\u00fchmten Disney-Pl\u00fcschtiere zu sehen. Was f\u00fcr Pl\u00fcschtiere? Die Freunde von Winnie! Der kleine gelbe B\u00e4r mit dem zu kurzen roten T-Shirt und dem zu kleinen Gehirn. Aber wissen diese Kinder \u00fcberhaupt noch, wer das ist? Kennen sie alle Bewohner des Waldes der blauen Tr\u00e4ume? Wenn man ihre Reaktionen sieht, k\u00f6nnte man das bezweifeln...<\/p>\n<p><!--more--><\/p>\n<p>Jean-Christophe (Ewan McGregor), le petit gar\u00e7on qui gr\u00e2ce \u00e0 son imagination a donn\u00e9 vie \u00e0 tout un univers peupl\u00e9 de ses animaux en peluche, a grandi. Et les premi\u00e8res minutes du film n\u2019\u00e9pargnent pas le jeune homme du pensionnat, du deuil, de la Seconde Guerre mondiale. Le ton est donn\u00e9. La cruaut\u00e9 de la vie a rattrap\u00e9 l\u2019innocence de l\u2019enfance. Aujourd\u2019hui, Jean-Christophe vit \u00e0 Londres, la guerre est finie et il a trouv\u00e9 un travail dans une entreprise de bagages. Il est mari\u00e9 et p\u00e8re de famille. Absorb\u00e9 par son travail, il ne pourra pas partir pour le weekend avec sa famille dans son ancienne maison \u00e0 la campagne, l\u00e0 o\u00f9 tout a commenc\u00e9. Seul dans la grisaille londonienne, cet homme \u00e9cras\u00e9 par les responsabilit\u00e9s et le travail oppressant retrouve, apr\u00e8s trente ans, un vieil ami au ventre rond.<\/p>\n<p>La dimension psychologique de <em>Jean-Christophe et Winnie<\/em> semble plus puissante que dans d\u2019autres films pour enfants. Peut-\u00eatre justement parce que \u00e7a n\u2019en est pas un. Au-del\u00e0 des sc\u00e8nes de m\u00e9nage qui occupent la premi\u00e8re partie du film et qui pr\u00e9sentent des probl\u00e8mes \u00abd\u2019adultes\u00bb, ce long-m\u00e9trage souligne la complexit\u00e9 de la vie \u00abdes grands\u00bb: papa aimerait venir \u00e0 la campagne, mais s\u2019il ne travaille pas, son chef le renvoie, mais s\u2019il n\u2019y va pas, maman va \u00eatre f\u00e2ch\u00e9e. Il est bien beau de mettre la famille avant, mais le sens des responsabilit\u00e9s prend souvent le dessus. Dans cette joyeuse ambiance dans laquelle le spectateur se retrouve \u2013 le tout agr\u00e9ment\u00e9 par une couleur grise pr\u00e9dominante \u2013 un vieil ourson fait son apparition, \u00abl\u00e0 o\u00f9 il doit \u00eatre\u00bb.<\/p>\n<p>La port\u00e9e psychanalytique de <em>Jean-Christophe et Winnie<\/em> semble \u00e9vidente. D\u00e9j\u00e0, le jeu est un \u00e9l\u00e9ment central. Autrefois, il caract\u00e9risait le gamin aux pantalons courts; aujourd\u2019hui, il est devenu une corv\u00e9e \u00e0 subir en compagnie de voisins barbants. M\u00eame sa fille Madeleine (Bronte Carmichael) ne joue jamais. C\u2019est \u00e0 travers le jeu que notre protagoniste retrouvera son for int\u00e9rieur, son \u00e2me d\u2019enfant. Et dans le jeu, l\u2019imagination <em>joue<\/em> un r\u00f4le pr\u00e9dominant; Jean-Christophe imagine ses amis retrouv\u00e9s pour fuir un quotidien morne et oppressant. Et, fait tr\u00e8s poignant, apr\u00e8s toutes ces ann\u00e9es, ses vieux amis le reconnaissent uniquement lorsqu\u2019il fait usage de son imagination.<\/p>\n<p>Autres \u00e9l\u00e9ments hautement symboliques et tr\u00e8s chers \u00e0 Disney: les trous. Alice rentre au Pays des merveilles par un trou noir (1951), la brigade de mercenaires d\u00e9couvre Atlantide une fois pass\u00e9 un long tunnel noir (2001) et enfin, la For\u00eat des R\u00eaves bleus se trouve au-del\u00e0 du trou d\u2019un arbre. Nous ne nous \u00e9tendrons pas davantage sur cette m\u00e9taphore parlante, mais nous soulignerons toutefois la richesse psychologique de <em>Jean-Christophe et Winnie<\/em>, v\u00e9ritable voyage dans la <em>psych\u00e9<\/em> d\u2019un homme perdu et en qu\u00eate de lui-m\u00eame.<\/p>\n<p>Seit <em>Mary Poppins<\/em> (1964), Disney semble adorer les p\u00e8res qui travaillent trop et d\u00e9laissent leur famille. C\u2019\u00e9tait le cas d\u2019ailleurs dans <em>Hook<\/em> (1991) \u2013 r\u00e9alis\u00e9 au d\u00e9part avec le soutien de Disney par Steven Spielberg et avec un <em>Besetzung<\/em> dor\u00e9 (Robin Williams, Julia Roberts, Dustin Hoffman) \u2013 o\u00f9 l\u2019on retrouvait un vieux Peter Pan qui avait oubli\u00e9 son \u00e2me d\u2019enfant et d\u00e9laissait sa famille pour son travail d\u2019avocat \u00e0 Londres. S\u2019ensuivait, pour lui aussi, un voyage au plus profond de son \u00eatre pour retrouver le Peter Pan originel.<\/p>\n<p>Mais revenons \u00e0 nos moutons, ou plut\u00f4t \u00e0 nos ours. Cela n\u2019aura pas \u00e9chapp\u00e9 aux connaisseurs que <em>Jean-Christophe et Winnie<\/em>\u00a0fait de nombreuses r\u00e9f\u00e9rences au long-m\u00e9trage d\u2019animation Disney <em>Les Aventures de Winnie l\u2019Ourson<\/em> (1977). Nous retrouvons notre cher narrateur qui parcourt les pages illustr\u00e9es du livre de Winnie the Pooh. Les musiques nous sont \u00e9galement famili\u00e8res; en quelques notes, nous reconnaissons la c\u00e9l\u00e8bre chanson qui introduit l\u2019ourson dans le film d\u2019animation. Mais aussi le vent, l\u2019eau qui emporte Bourriquet, le brouillard qui permet \u00e0 Winnie de suivre ses propres pas et, bien \u00e9videmment, les terrifiants \u00e9ph\u00e9lants et nouifs.<\/p>\n<p>Seul b\u00e9mol, choix perturbant mais int\u00e9ressant, Coco Lapin et Ma\u00eetre Hibou deviennent dans ce film de vrais animaux. Tous les autres, Porcinet, Tigrous, etc. sont des peluches anim\u00e9es, sauf les deux susmentionn\u00e9s qui ne pr\u00e9sentent pas de coutures (mais sont dot\u00e9s de parole), comme si l\u2019enfant avait jou\u00e9 dans la for\u00eat avec ses peluches et avec des animaux qu\u2019il aurait trouv\u00e9 dans la for\u00eat.<\/p>\n<p>Enfin, n\u2019oublions pas tous les enfants dans la salle de cin\u00e9ma. Il est d\u2019ailleurs r\u00e9jouissant qu\u2019ils aient \u00e9t\u00e9 autant nombreux. H\u00e9las, aucun rire ne retentit en cet apr\u00e8s-midi pluvieux. Pourtant, malgr\u00e9 quelques lenteurs, <em>Jean-Christophe et Winnie<\/em> a v\u00e9ritablement r\u00e9ussi \u00e0 capter (et garder) l\u2019essence de Winnie l\u2019ourson. L\u2019ours est exactement comme dans nos souvenirs, b\u00eate, maladroit, mais terriblement \u00abrigolo\u00bb et attendrissant. Les moments comiques sont nombreux dans la deuxi\u00e8me partie du film, les situations loufoques, les jeux de mots particuli\u00e8rement r\u00e9ussis. L\u2019adulte passe ind\u00e9niablement un tr\u00e8s bon moment en compagnie de ces peluches. Mais l\u2019enfant? A vous d\u2019en juger, peut-\u00eatre en tentant de retrouver le petit enfant qui sommeille en vous.<\/p>\n<p><em>Schreiben Sie dem Autor:\u00a0<a href=\"mailto:virginia.eufemi@leregardlibre.com\"><u>virginia.eufemi@leregardlibre.com<\/u><\/a><\/em><\/p>\n<p>Cr\u00e9dit photo: \u00a9 Walt Disney Company CH<\/p>\n<p>&nbsp;<\/p>","protected":false},"excerpt":{"rendered":"<p>Les mercredis du cin\u00e9ma\u00a0\u2013 Virginia Eufemi \u00abJean-Christophe, quel jour on est? Aujourd\u2019hui, Winnie. Oh! mon jour pr\u00e9f\u00e9r\u00e9!\u00bb Un samedi apr\u00e8s-midi&#8230;<\/p>","protected":false},"author":340,"featured_media":17708,"comment_status":"open","ping_status":"open","sticky":false,"template":"","format":"standard","meta":{"_acf_changed":false,"footnotes":""},"categories":[644355829],"tags":[644340375,84223,644340376,644340374,357966,644340373,11239,644340377,644340369,53798,644340380,18594,644340379,388542,644340372,250202,9849,200531,644340370],"class_list":["post-17706","post","type-post","status-publish","format-standard","has-post-thumbnail","hentry","category-films","tag-alice-au-pays-des-merveilles","tag-amitie","tag-atlantide","tag-bronte-carmichael","tag-enfance","tag-ewan-mcgregor","tag-famille","tag-hook","tag-jean-christophe-et-winnie","tag-jeu","tag-les-aventures-de-winnie-lourson","tag-londres","tag-mary-poppins","tag-psychanalyse","tag-quete-de-soi","tag-steven-spielberg","tag-travail","tag-walt-disney","tag-winnie-lourson"],"acf":[],"yoast_head":"<!-- This site is optimized with the Yoast SEO Premium plugin v27.4 (Yoast SEO v27.4) - https:\/\/yoast.com\/product\/yoast-seo-premium-wordpress\/ -->\n<title>\u00abJean-Christophe et Winnie\u00bb: enfance et qu\u00eate de soi<\/title>\n<meta name=\"robots\" content=\"index, follow, max-snippet:-1, max-image-preview:large, max-video-preview:-1\" \/>\n<link rel=\"canonical\" href=\"https:\/\/leregardlibre.com\/de\/kino\/filme\/jean-christophe-et-winnie-enfance-et-quete-de-soi\/\" \/>\n<meta property=\"og:locale\" content=\"de_DE\" \/>\n<meta property=\"og:type\" content=\"article\" \/>\n<meta property=\"og:title\" content=\"\u00abJean-Christophe et Winnie\u00bb: enfance et qu\u00eate de soi\" \/>\n<meta property=\"og:description\" content=\"Les mercredis du cin\u00e9ma\u00a0\u2013 Virginia Eufemi \u00abJean-Christophe, quel jour on est? Aujourd\u2019hui, Winnie. Oh! mon jour pr\u00e9f\u00e9r\u00e9!\u00bb Un samedi apr\u00e8s-midi...\" \/>\n<meta property=\"og:url\" content=\"https:\/\/leregardlibre.com\/de\/kino\/filme\/jean-christophe-et-winnie-enfance-et-quete-de-soi\/\" \/>\n<meta property=\"og:site_name\" content=\"Le Regard Libre\" \/>\n<meta property=\"article:publisher\" content=\"https:\/\/www.facebook.com\/leregardlibre\/\" \/>\n<meta property=\"article:published_time\" content=\"2018-11-14T11:00:19+00:00\" \/>\n<meta property=\"article:modified_time\" content=\"2025-12-04T21:39:10+00:00\" \/>\n<meta property=\"og:image\" content=\"https:\/\/leregardlibre.com\/wp-content\/uploads\/2018\/11\/Walt-Disney-Company-CH-5.jpg\" \/>\n\t<meta property=\"og:image:width\" content=\"1499\" \/>\n\t<meta property=\"og:image:height\" content=\"1000\" \/>\n\t<meta property=\"og:image:type\" content=\"image\/jpeg\" \/>\n<meta name=\"author\" content=\"Virginia Eufemi\" \/>\n<meta name=\"twitter:card\" content=\"summary_large_image\" \/>\n<meta name=\"twitter:creator\" content=\"@LeRegardLibre\" \/>\n<meta name=\"twitter:site\" content=\"@LeRegardLibre\" \/>\n<meta name=\"twitter:label1\" content=\"Verfasst von\" \/>\n\t<meta name=\"twitter:data1\" content=\"Virginia Eufemi\" \/>\n\t<meta name=\"twitter:label2\" content=\"Gesch\u00e4tzte Lesezeit\" \/>\n\t<meta name=\"twitter:data2\" content=\"5\u00a0Minuten\" \/>\n<script type=\"application\/ld+json\" class=\"yoast-schema-graph\">{\"@context\":\"https:\\\/\\\/schema.org\",\"@graph\":[{\"@type\":\"Article\",\"@id\":\"https:\\\/\\\/leregardlibre.com\\\/cinema\\\/films\\\/jean-christophe-et-winnie-enfance-et-quete-de-soi\\\/#article\",\"isPartOf\":{\"@id\":\"https:\\\/\\\/leregardlibre.com\\\/cinema\\\/films\\\/jean-christophe-et-winnie-enfance-et-quete-de-soi\\\/\"},\"author\":{\"name\":\"Virginia Eufemi\",\"@id\":\"https:\\\/\\\/leregardlibre.com\\\/#\\\/schema\\\/person\\\/e5209829d95c81ba0acae7a8443d2857\"},\"headline\":\"\u00abJean-Christophe et Winnie\u00bb: enfance et qu\u00eate de soi\",\"datePublished\":\"2018-11-14T11:00:19+00:00\",\"dateModified\":\"2025-12-04T21:39:10+00:00\",\"mainEntityOfPage\":{\"@id\":\"https:\\\/\\\/leregardlibre.com\\\/cinema\\\/films\\\/jean-christophe-et-winnie-enfance-et-quete-de-soi\\\/\"},\"wordCount\":1063,\"commentCount\":1,\"publisher\":{\"@id\":\"https:\\\/\\\/leregardlibre.com\\\/#organization\"},\"image\":{\"@id\":\"https:\\\/\\\/leregardlibre.com\\\/cinema\\\/films\\\/jean-christophe-et-winnie-enfance-et-quete-de-soi\\\/#primaryimage\"},\"thumbnailUrl\":\"https:\\\/\\\/leregardlibre.com\\\/wp-content\\\/uploads\\\/2018\\\/11\\\/Walt-Disney-Company-CH-5.jpg\",\"keywords\":[\"alice au pays des merveilles\",\"Amiti\u00e9\",\"atlantide\",\"bronte carmichael\",\"Enfance\",\"ewan mcgregor\",\"Famille\",\"hook\",\"jean-christophe et winnie\",\"jeu\",\"les aventures de winnie l'ourson\",\"Londres\",\"mary poppins\",\"Psychanalyse\",\"qu\u00eate de soi\",\"Steven Spielberg\",\"Travail\",\"Walt Disney\",\"winnie l'ourson\"],\"articleSection\":[\"Films\"],\"inLanguage\":\"de\",\"potentialAction\":[{\"@type\":\"CommentAction\",\"name\":\"Comment\",\"target\":[\"https:\\\/\\\/leregardlibre.com\\\/cinema\\\/films\\\/jean-christophe-et-winnie-enfance-et-quete-de-soi\\\/#respond\"]}]},{\"@type\":\"WebPage\",\"@id\":\"https:\\\/\\\/leregardlibre.com\\\/cinema\\\/films\\\/jean-christophe-et-winnie-enfance-et-quete-de-soi\\\/\",\"url\":\"https:\\\/\\\/leregardlibre.com\\\/cinema\\\/films\\\/jean-christophe-et-winnie-enfance-et-quete-de-soi\\\/\",\"name\":\"\u00abJean-Christophe et Winnie\u00bb: enfance et qu\u00eate de soi\",\"isPartOf\":{\"@id\":\"https:\\\/\\\/leregardlibre.com\\\/#website\"},\"primaryImageOfPage\":{\"@id\":\"https:\\\/\\\/leregardlibre.com\\\/cinema\\\/films\\\/jean-christophe-et-winnie-enfance-et-quete-de-soi\\\/#primaryimage\"},\"image\":{\"@id\":\"https:\\\/\\\/leregardlibre.com\\\/cinema\\\/films\\\/jean-christophe-et-winnie-enfance-et-quete-de-soi\\\/#primaryimage\"},\"thumbnailUrl\":\"https:\\\/\\\/leregardlibre.com\\\/wp-content\\\/uploads\\\/2018\\\/11\\\/Walt-Disney-Company-CH-5.jpg\",\"datePublished\":\"2018-11-14T11:00:19+00:00\",\"dateModified\":\"2025-12-04T21:39:10+00:00\",\"breadcrumb\":{\"@id\":\"https:\\\/\\\/leregardlibre.com\\\/cinema\\\/films\\\/jean-christophe-et-winnie-enfance-et-quete-de-soi\\\/#breadcrumb\"},\"inLanguage\":\"de\",\"potentialAction\":[{\"@type\":\"ReadAction\",\"target\":[\"https:\\\/\\\/leregardlibre.com\\\/cinema\\\/films\\\/jean-christophe-et-winnie-enfance-et-quete-de-soi\\\/\"]}]},{\"@type\":\"ImageObject\",\"inLanguage\":\"de\",\"@id\":\"https:\\\/\\\/leregardlibre.com\\\/cinema\\\/films\\\/jean-christophe-et-winnie-enfance-et-quete-de-soi\\\/#primaryimage\",\"url\":\"https:\\\/\\\/leregardlibre.com\\\/wp-content\\\/uploads\\\/2018\\\/11\\\/Walt-Disney-Company-CH-5.jpg\",\"contentUrl\":\"https:\\\/\\\/leregardlibre.com\\\/wp-content\\\/uploads\\\/2018\\\/11\\\/Walt-Disney-Company-CH-5.jpg\",\"width\":1499,\"height\":1000},{\"@type\":\"BreadcrumbList\",\"@id\":\"https:\\\/\\\/leregardlibre.com\\\/cinema\\\/films\\\/jean-christophe-et-winnie-enfance-et-quete-de-soi\\\/#breadcrumb\",\"itemListElement\":[{\"@type\":\"ListItem\",\"position\":1,\"name\":\"Accueil\",\"item\":\"https:\\\/\\\/leregardlibre.com\\\/\"},{\"@type\":\"ListItem\",\"position\":2,\"name\":\"\u00abJean-Christophe et Winnie\u00bb: enfance et qu\u00eate de soi\"}]},{\"@type\":\"WebSite\",\"@id\":\"https:\\\/\\\/leregardlibre.com\\\/#website\",\"url\":\"https:\\\/\\\/leregardlibre.com\\\/\",\"name\":\"Le Regard Libre\",\"description\":\"Premier mensuel suisse de d\u00e9bat\",\"publisher\":{\"@id\":\"https:\\\/\\\/leregardlibre.com\\\/#organization\"},\"potentialAction\":[{\"@type\":\"SearchAction\",\"target\":{\"@type\":\"EntryPoint\",\"urlTemplate\":\"https:\\\/\\\/leregardlibre.com\\\/?s={search_term_string}\"},\"query-input\":{\"@type\":\"PropertyValueSpecification\",\"valueRequired\":true,\"valueName\":\"search_term_string\"}}],\"inLanguage\":\"de\"},{\"@type\":\"Organization\",\"@id\":\"https:\\\/\\\/leregardlibre.com\\\/#organization\",\"name\":\"Le Regard Libre\",\"url\":\"https:\\\/\\\/leregardlibre.com\\\/\",\"logo\":{\"@type\":\"ImageObject\",\"inLanguage\":\"de\",\"@id\":\"https:\\\/\\\/leregardlibre.com\\\/#\\\/schema\\\/logo\\\/image\\\/\",\"url\":\"https:\\\/\\\/leregardlibre.com\\\/wp-content\\\/uploads\\\/2025\\\/08\\\/logo-rl-icone-neg.jpeg\",\"contentUrl\":\"https:\\\/\\\/leregardlibre.com\\\/wp-content\\\/uploads\\\/2025\\\/08\\\/logo-rl-icone-neg.jpeg\",\"width\":557,\"height\":556,\"caption\":\"Le Regard Libre\"},\"image\":{\"@id\":\"https:\\\/\\\/leregardlibre.com\\\/#\\\/schema\\\/logo\\\/image\\\/\"},\"sameAs\":[\"https:\\\/\\\/www.facebook.com\\\/leregardlibre\\\/\",\"https:\\\/\\\/x.com\\\/LeRegardLibre\",\"https:\\\/\\\/www.linkedin.com\\\/company\\\/le-regard-libre\",\"https:\\\/\\\/www.instagram.com\\\/leregardlibre\\\/\",\"http:\\\/\\\/t.me\\\/leregardlibre\",\"https:\\\/\\\/youtube.com\\\/channel\\\/UC6HzGPomj1LsUmlz-sJtITQ\"],\"description\":\"Le Regard Libre est un mensuel suisse de d\u00e9bat intellectuel et culturel. Sa r\u00e9daction est jeune, b\u00e9n\u00e9vole, lib\u00e9rale et pluraliste. Le magazine para\u00eet en ligne et sous forme papier. Sa langue est le fran\u00e7ais.\",\"email\":\"redaction@leregardlibre.com\",\"legalName\":\"Le Regard Libre\",\"foundingDate\":\"2014-01-01\",\"numberOfEmployees\":{\"@type\":\"QuantitativeValue\",\"minValue\":\"11\",\"maxValue\":\"50\"},\"publishingPrinciples\":\"https:\\\/\\\/leregardlibre.com\\\/a-propos\\\/notre-manifeste\\\/\",\"ownershipFundingInfo\":\"https:\\\/\\\/leregardlibre.com\\\/mentions-legales\\\/\",\"actionableFeedbackPolicy\":\"https:\\\/\\\/leregardlibre.com\\\/conditions-generales-de-vente\\\/\"},{\"@type\":\"Person\",\"@id\":\"https:\\\/\\\/leregardlibre.com\\\/#\\\/schema\\\/person\\\/e5209829d95c81ba0acae7a8443d2857\",\"name\":\"Virginia Eufemi\",\"image\":{\"@type\":\"ImageObject\",\"inLanguage\":\"de\",\"@id\":\"https:\\\/\\\/secure.gravatar.com\\\/avatar\\\/bf93638435b25f9b1d25390cbd4c8fd944dd762c2c6bbf4c182a8da0873a9a9d?s=96&d=identicon&r=g\",\"url\":\"https:\\\/\\\/secure.gravatar.com\\\/avatar\\\/bf93638435b25f9b1d25390cbd4c8fd944dd762c2c6bbf4c182a8da0873a9a9d?s=96&d=identicon&r=g\",\"contentUrl\":\"https:\\\/\\\/secure.gravatar.com\\\/avatar\\\/bf93638435b25f9b1d25390cbd4c8fd944dd762c2c6bbf4c182a8da0873a9a9d?s=96&d=identicon&r=g\",\"caption\":\"Virginia Eufemi\"},\"sameAs\":[\"https:\\\/\\\/leregardlibre.com\\\/\"],\"url\":\"https:\\\/\\\/leregardlibre.com\\\/de\\\/author\\\/virginia-eufemi\\\/\"}]}<\/script>\n<!-- \/ Yoast SEO Premium plugin. -->","yoast_head_json":{"title":"\u00abJean-Christophe und Winnie\u00bb: Kindheit und Selbstfindung","robots":{"index":"index","follow":"follow","max-snippet":"max-snippet:-1","max-image-preview":"max-image-preview:large","max-video-preview":"max-video-preview:-1"},"canonical":"https:\/\/leregardlibre.com\/de\/kino\/filme\/jean-christophe-et-winnie-enfance-et-quete-de-soi\/","og_locale":"de_DE","og_type":"article","og_title":"\u00abJean-Christophe et Winnie\u00bb: enfance et qu\u00eate de soi","og_description":"Les mercredis du cin\u00e9ma\u00a0\u2013 Virginia Eufemi \u00abJean-Christophe, quel jour on est? Aujourd\u2019hui, Winnie. Oh! mon jour pr\u00e9f\u00e9r\u00e9!\u00bb Un samedi apr\u00e8s-midi...","og_url":"https:\/\/leregardlibre.com\/de\/kino\/filme\/jean-christophe-et-winnie-enfance-et-quete-de-soi\/","og_site_name":"Le Regard Libre","article_publisher":"https:\/\/www.facebook.com\/leregardlibre\/","article_published_time":"2018-11-14T11:00:19+00:00","article_modified_time":"2025-12-04T21:39:10+00:00","og_image":[{"width":1499,"height":1000,"url":"https:\/\/leregardlibre.com\/wp-content\/uploads\/2018\/11\/Walt-Disney-Company-CH-5.jpg","type":"image\/jpeg"}],"author":"Virginia Eufemi","twitter_card":"summary_large_image","twitter_creator":"@LeRegardLibre","twitter_site":"@LeRegardLibre","twitter_misc":{"Verfasst von":"Virginia Eufemi","Gesch\u00e4tzte Lesezeit":"5\u00a0Minuten"},"schema":{"@context":"https:\/\/schema.org","@graph":[{"@type":"Article","@id":"https:\/\/leregardlibre.com\/cinema\/films\/jean-christophe-et-winnie-enfance-et-quete-de-soi\/#article","isPartOf":{"@id":"https:\/\/leregardlibre.com\/cinema\/films\/jean-christophe-et-winnie-enfance-et-quete-de-soi\/"},"author":{"name":"Virginia Eufemi","@id":"https:\/\/leregardlibre.com\/#\/schema\/person\/e5209829d95c81ba0acae7a8443d2857"},"headline":"\u00abJean-Christophe et Winnie\u00bb: enfance et qu\u00eate de soi","datePublished":"2018-11-14T11:00:19+00:00","dateModified":"2025-12-04T21:39:10+00:00","mainEntityOfPage":{"@id":"https:\/\/leregardlibre.com\/cinema\/films\/jean-christophe-et-winnie-enfance-et-quete-de-soi\/"},"wordCount":1063,"commentCount":1,"publisher":{"@id":"https:\/\/leregardlibre.com\/#organization"},"image":{"@id":"https:\/\/leregardlibre.com\/cinema\/films\/jean-christophe-et-winnie-enfance-et-quete-de-soi\/#primaryimage"},"thumbnailUrl":"https:\/\/leregardlibre.com\/wp-content\/uploads\/2018\/11\/Walt-Disney-Company-CH-5.jpg","keywords":["alice au pays des merveilles","Amiti\u00e9","atlantide","bronte carmichael","Enfance","ewan mcgregor","Famille","hook","jean-christophe et winnie","jeu","les aventures de winnie l'ourson","Londres","mary poppins","Psychanalyse","qu\u00eate de soi","Steven Spielberg","Travail","Walt Disney","winnie l'ourson"],"articleSection":["Films"],"inLanguage":"de","potentialAction":[{"@type":"CommentAction","name":"Comment","target":["https:\/\/leregardlibre.com\/cinema\/films\/jean-christophe-et-winnie-enfance-et-quete-de-soi\/#respond"]}]},{"@type":"WebPage","@id":"https:\/\/leregardlibre.com\/cinema\/films\/jean-christophe-et-winnie-enfance-et-quete-de-soi\/","url":"https:\/\/leregardlibre.com\/cinema\/films\/jean-christophe-et-winnie-enfance-et-quete-de-soi\/","name":"\u00abJean-Christophe und Winnie\u00bb: Kindheit und Selbstfindung","isPartOf":{"@id":"https:\/\/leregardlibre.com\/#website"},"primaryImageOfPage":{"@id":"https:\/\/leregardlibre.com\/cinema\/films\/jean-christophe-et-winnie-enfance-et-quete-de-soi\/#primaryimage"},"image":{"@id":"https:\/\/leregardlibre.com\/cinema\/films\/jean-christophe-et-winnie-enfance-et-quete-de-soi\/#primaryimage"},"thumbnailUrl":"https:\/\/leregardlibre.com\/wp-content\/uploads\/2018\/11\/Walt-Disney-Company-CH-5.jpg","datePublished":"2018-11-14T11:00:19+00:00","dateModified":"2025-12-04T21:39:10+00:00","breadcrumb":{"@id":"https:\/\/leregardlibre.com\/cinema\/films\/jean-christophe-et-winnie-enfance-et-quete-de-soi\/#breadcrumb"},"inLanguage":"de","potentialAction":[{"@type":"ReadAction","target":["https:\/\/leregardlibre.com\/cinema\/films\/jean-christophe-et-winnie-enfance-et-quete-de-soi\/"]}]},{"@type":"ImageObject","inLanguage":"de","@id":"https:\/\/leregardlibre.com\/cinema\/films\/jean-christophe-et-winnie-enfance-et-quete-de-soi\/#primaryimage","url":"https:\/\/leregardlibre.com\/wp-content\/uploads\/2018\/11\/Walt-Disney-Company-CH-5.jpg","contentUrl":"https:\/\/leregardlibre.com\/wp-content\/uploads\/2018\/11\/Walt-Disney-Company-CH-5.jpg","width":1499,"height":1000},{"@type":"BreadcrumbList","@id":"https:\/\/leregardlibre.com\/cinema\/films\/jean-christophe-et-winnie-enfance-et-quete-de-soi\/#breadcrumb","itemListElement":[{"@type":"ListItem","position":1,"name":"Accueil","item":"https:\/\/leregardlibre.com\/"},{"@type":"ListItem","position":2,"name":"\u00abJean-Christophe et Winnie\u00bb: enfance et qu\u00eate de soi"}]},{"@type":"WebSite","@id":"https:\/\/leregardlibre.com\/#website","url":"https:\/\/leregardlibre.com\/","name":"Le Regard Libre","description":"Erste Schweizer Monatszeitschrift f\u00fcr Debatten","publisher":{"@id":"https:\/\/leregardlibre.com\/#organization"},"potentialAction":[{"@type":"SearchAction","target":{"@type":"EntryPoint","urlTemplate":"https:\/\/leregardlibre.com\/?s={search_term_string}"},"query-input":{"@type":"PropertyValueSpecification","valueRequired":true,"valueName":"search_term_string"}}],"inLanguage":"de"},{"@type":"Organization","@id":"https:\/\/leregardlibre.com\/#organization","name":"Le Regard Libre","url":"https:\/\/leregardlibre.com\/","logo":{"@type":"ImageObject","inLanguage":"de","@id":"https:\/\/leregardlibre.com\/#\/schema\/logo\/image\/","url":"https:\/\/leregardlibre.com\/wp-content\/uploads\/2025\/08\/logo-rl-icone-neg.jpeg","contentUrl":"https:\/\/leregardlibre.com\/wp-content\/uploads\/2025\/08\/logo-rl-icone-neg.jpeg","width":557,"height":556,"caption":"Le Regard Libre"},"image":{"@id":"https:\/\/leregardlibre.com\/#\/schema\/logo\/image\/"},"sameAs":["https:\/\/www.facebook.com\/leregardlibre\/","https:\/\/x.com\/LeRegardLibre","https:\/\/www.linkedin.com\/company\/le-regard-libre","https:\/\/www.instagram.com\/leregardlibre\/","http:\/\/t.me\/leregardlibre","https:\/\/youtube.com\/channel\/UC6HzGPomj1LsUmlz-sJtITQ"],"description":"Le Regard Libre ist eine Schweizer Monatszeitschrift f\u00fcr intellektuelle und kulturelle Debatten. Seine Redaktion ist jung, ehrenamtlich, liberal und pluralistisch. Das Magazin erscheint online und in gedruckter Form. Seine Sprache ist Franz\u00f6sisch.","email":"redaction@leregardlibre.com","legalName":"Le Regard Libre","foundingDate":"2014-01-01","numberOfEmployees":{"@type":"QuantitativeValue","minValue":"11","maxValue":"50"},"publishingPrinciples":"https:\/\/leregardlibre.com\/a-propos\/notre-manifeste\/","ownershipFundingInfo":"https:\/\/leregardlibre.com\/mentions-legales\/","actionableFeedbackPolicy":"https:\/\/leregardlibre.com\/conditions-generales-de-vente\/"},{"@type":"Person","@id":"https:\/\/leregardlibre.com\/#\/schema\/person\/e5209829d95c81ba0acae7a8443d2857","name":"Virginia Eufemi","image":{"@type":"ImageObject","inLanguage":"de","@id":"https:\/\/secure.gravatar.com\/avatar\/bf93638435b25f9b1d25390cbd4c8fd944dd762c2c6bbf4c182a8da0873a9a9d?s=96&d=identicon&r=g","url":"https:\/\/secure.gravatar.com\/avatar\/bf93638435b25f9b1d25390cbd4c8fd944dd762c2c6bbf4c182a8da0873a9a9d?s=96&d=identicon&r=g","contentUrl":"https:\/\/secure.gravatar.com\/avatar\/bf93638435b25f9b1d25390cbd4c8fd944dd762c2c6bbf4c182a8da0873a9a9d?s=96&d=identicon&r=g","caption":"Virginia Eufemi"},"sameAs":["https:\/\/leregardlibre.com\/"],"url":"https:\/\/leregardlibre.com\/de\/author\/virginia-eufemi\/"}]}},"_links":{"self":[{"href":"https:\/\/leregardlibre.com\/de\/wp-json\/wp\/v2\/posts\/17706","targetHints":{"allow":["GET"]}}],"collection":[{"href":"https:\/\/leregardlibre.com\/de\/wp-json\/wp\/v2\/posts"}],"about":[{"href":"https:\/\/leregardlibre.com\/de\/wp-json\/wp\/v2\/types\/post"}],"author":[{"embeddable":true,"href":"https:\/\/leregardlibre.com\/de\/wp-json\/wp\/v2\/users\/340"}],"replies":[{"embeddable":true,"href":"https:\/\/leregardlibre.com\/de\/wp-json\/wp\/v2\/comments?post=17706"}],"version-history":[{"count":1,"href":"https:\/\/leregardlibre.com\/de\/wp-json\/wp\/v2\/posts\/17706\/revisions"}],"predecessor-version":[{"id":510184,"href":"https:\/\/leregardlibre.com\/de\/wp-json\/wp\/v2\/posts\/17706\/revisions\/510184"}],"wp:featuredmedia":[{"embeddable":true,"href":"https:\/\/leregardlibre.com\/de\/wp-json\/wp\/v2\/media\/17708"}],"wp:attachment":[{"href":"https:\/\/leregardlibre.com\/de\/wp-json\/wp\/v2\/media?parent=17706"}],"wp:term":[{"taxonomy":"category","embeddable":true,"href":"https:\/\/leregardlibre.com\/de\/wp-json\/wp\/v2\/categories?post=17706"},{"taxonomy":"post_tag","embeddable":true,"href":"https:\/\/leregardlibre.com\/de\/wp-json\/wp\/v2\/tags?post=17706"}],"curies":[{"name":"wp","href":"https:\/\/api.w.org\/{rel}","templated":true}]}}