{"id":17747,"date":"2018-11-16T17:14:53","date_gmt":"2018-11-16T16:14:53","guid":{"rendered":"https:\/\/leregardlibre.com\/?p=17747"},"modified":"2025-11-12T19:16:25","modified_gmt":"2025-11-12T18:16:25","slug":"grandis-pas-quand-polnareff-transforme-les-mots-en-or","status":"publish","type":"post","link":"https:\/\/leregardlibre.com\/de\/musik\/grandis-pas-quand-polnareff-transforme-les-mots-en-or\/","title":{"rendered":"\u00abDie Welt ist ein Ort der Ruhe und des Friedens."},"content":{"rendered":"<p class=\"has-drop-cap\">Pour ceux qui attendent depuis si longtemps le nouvel album studio de Michel Polnareff \u2013 dont le dernier, <em>K\u00e2ma-S\u00fbtra<\/em>, remonte \u00e0 1990&nbsp;\u2013 la pr\u00e9sence notamment sur l\u2019iTunes Store et en pr\u00e9commande \u00e0 la FNAC de ce nouvel opus g\u00e9nialement intitul\u00e9 <em>Enfin<\/em>! a de quoi susciter l\u2019\u00e9motion. Oui, cette fois-ci, ce n\u2019est pas une blague, voire un mensonge. Polnareff avait le m\u00eame discours depuis le d\u00e9but: \u00able disque sortira quand il sera parfait et fini.\u00bb Loin de se moquer de son public, il lui a pr\u00e9par\u00e9 ce qui d\u2019abord devait le satisfaire, lui, pour qui seul le r\u00e9sultat final compte.<\/p>\n\n\n\n<!--more Lire la suite de l\u2019article (en libre acc\u00e8s)-->\n\n\n\n<p class=\"has-black-color has-text-color\"><span style=\"color: #003366;\" class=\"tadv-format-panel\"><strong>Lesen Sie auch | <\/strong><a style=\"color: #003366;\" href=\"https:\/\/leregardlibre.com\/de\/2018\/01\/06\/rencontre-avec-philippe-manoeuvre-je-me-bats-pour-la-musique-sans-arret\/\"><strong>Philippe Man\u0153uvre: \u00abL\u2019album de Polnareff existe, puisque je l\u2019ai \u00e9cout\u00e9\u00bb<\/strong><\/a><\/span><\/p>\n\n\n\n<p>Cette nuit, \u00e0 00h01, <em>Grandis pas<\/em> est sorti comme par magie sur les plate-formes de t\u00e9l\u00e9chargement, se comprenant comme le premier single de ce nouvel album de chansons originales. Certes, il y a eu&nbsp;<em>L\u2019Homme en rouge<\/em>, sorti en d\u00e9cembre 2015, lorsque l\u2019album \u00e9tait \u00abpresque termin\u00e9\u00bb, mais la rumeur veut que cette complainte grandiloquente traitant de la solitude \u00e0 No\u00ebl ait \u00e9t\u00e9 arrang\u00e9e dans une nouvelle version pour l\u2019album \u00e0 para\u00eetre dans deux semaines. <em>Grandis pas<\/em> est donc le premier extrait dont nous sommes s\u00fbrs qu\u2019il figurera entre nos mains, ou entre nos oreilles, pour ainsi dire.<\/p>\n\n\n\n<h3 class=\"wp-block-heading\">Un retour \u00e0 son \u00e2ge d\u2019or<\/h3>\n\n\n\n<p>Et alors, on \u00e9coute, et on pleure. Tant d\u2019\u00e9motion dans la voix de Michel Polnareff, cela ne s\u2019\u00e9tait peut-\u00eatre jamais entendu dans une cr\u00e9ation de studio. Sur des textes co-\u00e9crits avec Doriand, qui participe \u00e9galement \u00e0 trois autres titres de l\u2019album \u00e0 para\u00eetre le 30 novembre, une musique int\u00e9gralement compos\u00e9e par Polnareff et une r\u00e9alisation du grand Ryan Freeland, <em>Grandis pas<\/em> est une longue ballade en piano-voix qui fait renouer le chanteur avec son \u00e2ge d\u2019or marqu\u00e9 par des perles telles que <em>Nos mots d\u2019amour<\/em>, <em>Qui a tu\u00e9 grand-maman?<\/em> oder&nbsp;<em>\u00c7a n\u2019arrive qu\u2019aux autres<\/em>, mais sans cordes ni batterie. L\u2019avant-go\u00fbt d\u2019<em>Endlich!<\/em> livr\u00e9 cette nuit par l\u2019artiste est d\u2019une sobri\u00e9t\u00e9 ahurissante.<\/p>\n\n\n\n<figure class=\"wp-block-embed is-type-video is-provider-youtube wp-block-embed-youtube wp-embed-aspect-4-3 wp-has-aspect-ratio\"><div class=\"wp-block-embed__wrapper\">\n<iframe title=\"Grandis pas\" width=\"1000\" height=\"750\" src=\"https:\/\/www.youtube.com\/embed\/POJUDQ6kCJY?feature=oembed\" frameborder=\"0\" allow=\"accelerometer; autoplay; clipboard-write; encrypted-media; gyroscope; picture-in-picture; web-share\" referrerpolicy=\"strict-origin-when-cross-origin\" allowfullscreen><\/iframe>\n<\/div><\/figure>\n\n\n\n<p>Le choix de ces arrangements minimalistes est d\u2019autant plus ahurissant que Michel Polnareff avait habitu\u00e9 son public \u00e0 de grandes orchestrations tonitruantes, dans la ligne de <em>Gloria<\/em> (1970), l\u2019une des marques les plus saillantes de son g\u00e9nie. <em>L\u2019Homme en rouge<\/em> proc\u00e9dait de ce style-l\u00e0. Peut-\u00eatre l\u2019auteur-compositeur-interpr\u00e8te a-t-il tir\u00e9 la le\u00e7on de la relative d\u00e9ception d\u2019une partie de ses admirateurs et des m\u00e9dias lors de la sortie de ce titre il y a trois ans, qui malgr\u00e9 la qualit\u00e9 unanimement reconnue de son instrumentation et \u2013&nbsp;comme toujours \u2013 de sa m\u00e9lodie, laissait entendre une voix tr\u00e8s liss\u00e9e pop.<\/p>\n\n\n\n<p><span style=\"color: #003366;\" class=\"tadv-format-panel\"><strong>Lesen Sie auch | <\/strong><a style=\"color: #003366;\" href=\"https:\/\/leregardlibre.com\/de\/2015\/01\/15\/les-polnarevolutions\/\"><strong>Die Polnarevolutionen<\/strong><\/a><\/span><\/p>\n\n\n\n<p>Sur <em>Grandis pas<\/em>, on entend Polnareff comme s\u2019il se produisait devant nous, en direct, derri\u00e8re son piano. La larme \u00e0 l\u2019\u0153il et le c\u0153ur \u00e0 d\u00e9couvert. C\u2019est un p\u00e8re qui s\u2019adresse au monde, un p\u00e8re qui ne veut pas que son petit gar\u00e7on devienne un grand et qui l\u2019exprime dans une tendresse d\u00e9nud\u00e9e et assum\u00e9e. Ce Polnareff sensible, cet Amiral qui navigue entre le chant et le murmure \u00e0 certains moments de cette chanson de 5\u201910\u2019\u2019, cette voix qui part en vrille d\u2019\u00e9motion, c\u2019est celui qu\u2019on aime le plus et qui accouche, assur\u00e9ment, d\u2019une nouvelle \u0153uvre de ma\u00eetre.<\/p>\n\n\n\n<h3 class=\"wp-block-heading\">Le courage de Polnareff<\/h3>\n\n\n\n<p>Paradoxalement, c\u2019est le courage de Michel Polnareff que nous retiendrons en ce jour important pour sa carri\u00e8re. Le courage d\u2019assumer son timbre, qui n\u2019est \u00e9videmment plus le m\u00eame que celui que l\u2019on entend sur <em>Love Me Please Love Me<\/em> (1966) ni sur&nbsp;<em>Je t\u2019aime<\/em> (1981), mais qui a un charme diff\u00e9rent et tout aussi ensorcelant. Le courage de mettre en avant ce qu\u2019on appelle une \u00abchanson d\u2019album\u00bb, un titre qui n\u2019a rien d\u2019un hit radiophonique mais qui t\u00e9moigne d\u2019un album l\u00e9ch\u00e9 dans ses moindres recoins m\u00e9lancoliques. Le courage de s\u2019adresser ainsi \u00e0 son fils. Et le courage de publier cette lettre intime et filiale au grand public.<\/p>\n\n\n\n<blockquote class=\"wp-block-quote is-layout-flow wp-block-quote-is-layout-flow\"><p>\u00abGarde l\u2019\u00e2ge des nuages<br>Tendres et l\u00e9gers<br>Ce visage, paysage<br>Tellement parfait<br>Fais attendre cet homme<br>Cet homme qui est en toi<br>Qui nous s\u00e9parera<br>Malgr\u00e9 toi, malgr\u00e9 nous<br>Malgr\u00e9 moi<\/p><p>Et quand tu te tenais<br>A moi, face \u00e0 l\u2019inconnu<br>J\u2019aimais tellement te rassurer<br>Maintenant, c\u2019est moi qui suis perdu\u00bb<\/p><\/blockquote>\n\n\n\n<p>Il nous en faudra du courage, \u00e0 nous aussi, pour attendre l\u2019album <em>Endlich!<\/em> qui sortira dans deux semaines jour pour jour. Et ce, sans c\u00e9der \u00e0 l\u2019impatience.<\/p>\n\n\n\n<h6 class=\"wp-block-heading\">Grand article sur l\u2019album <em>Endlich!<\/em> dans son ensemble avec une analyse approfondie de chaque chanson dans notre \u00e9dition de janvier, <a href=\"https:\/\/leregardlibre.com\/de\/produkt\/der-freie-blick-n-46\/\">hier bestellt werden.<\/a><\/h6>\n\n\n\n<hr class=\"wp-block-separator has-css-opacity\"\/>\n\n\n\n<p><em>Schreiben Sie dem Autor: <a href=\"mailto:jonas.follonier@leregardlibre.com\">jonas.follonier@leregardlibre.com<\/a><\/em><\/p>\n\n\n\n<p>Cr\u00e9dit photo: \u00a9 Wikimedia CC BY 4.0 &#8211; <a title=\"User:El pitareio\" href=\"https:\/\/commons.wikimedia.org\/wiki\/User:El_pitareio\">El pitareio<\/a><\/p>\n\n\n\n<form method=\"post\" action=\"https:\/\/newsletter.infomaniak.com\/external\/submit\" class=\"inf-form\" target=\"_blank\"><input type=\"email\" name=\"email\" style=\"display:none\" \/><input type=\"hidden\" name=\"key\" value=\"eyJpdiI6IlZXRVJGMlRGQUU2alNqUE81bitIUk5adnNVa0c4MllFTStzOHdHT1FQZ3c9IiwidmFsdWUiOiJIYzhwMUVCK1pTNnlhY3MyMmhuZlhReWJqemEwNk93blMxTjFHc0s2VHZrPSIsIm1hYyI6ImVhYTQ5N2I1M2NiYWE4NzBmNjk2NzgzYjliM2Y5NmYzM2E2ZmU3NGQxNTU1ZDFkMTU1MzY5NTdjYjE3ZTJmNTUifQ==\"><input type=\"hidden\" name=\"webform_id\" value=\"7291\"><style> .inf-main_3000311ca56a1cb93397bc676c0b7fff{ background-color:#f5f5f5; padding:25px 20px; margin:25px auto; } .inf-main_3000311ca56a1cb93397bc676c0b7fff .inf-content { margin-top:13px;} .inf-main_3000311ca56a1cb93397bc676c0b7fff h4, .inf-main_3000311ca56a1cb93397bc676c0b7fff span, .inf-main_3000311ca56a1cb93397bc676c0b7fff label, .inf-main_3000311ca56a1cb93397bc676c0b7fff input, .inf-main_3000311ca56a1cb93397bc676c0b7fff .inf-submit, .inf-main_3000311ca56a1cb93397bc676c0b7fff .inf-success p a { color:#555555; font-size:14px; } .inf-main_3000311ca56a1cb93397bc676c0b7fff h4{ font-size:18px; margin:0px 0px 13px 0px; } .inf-main_3000311ca56a1cb93397bc676c0b7fff h4, .inf-main_3000311ca56a1cb93397bc676c0b7fff label{ font-weight:bold; } .inf-main_3000311ca56a1cb93397bc676c0b7fff .inf-input { margin-bottom:7px; } .inf-main_3000311ca56a1cb93397bc676c0b7fff label { display:block;} .inf-main_3000311ca56a1cb93397bc676c0b7fff input{ height:35px; color:#999999; border: 1px solid #E9E9E9; border:none; padding-left:7px; } .inf-main_3000311ca56a1cb93397bc676c0b7fff .inf-input.inf-error label, .inf-main_3000311ca56a1cb93397bc676c0b7fff .inf-input.inf-error span.inf-message{ color: #cc0033; } .inf-main_3000311ca56a1cb93397bc676c0b7fff .inf-input.inf-error input{ border: 1px solid #cc0033; } .inf-main_3000311ca56a1cb93397bc676c0b7fff .inf-input input { width:100%;} .inf-main_3000311ca56a1cb93397bc676c0b7fff .inf-input.inf-error span.inf-message { display: block; } .inf-main_3000311ca56a1cb93397bc676c0b7fff .inf-submit { text-align:right;} .inf-main_3000311ca56a1cb93397bc676c0b7fff .inf-submit input{ background-color:#777777; color:#ffffff; border:none; font-weight: normal; height:auto; padding:7px; } .inf-main_3000311ca56a1cb93397bc676c0b7fff .inf-submit input.disabled{ opacity: 0.4; } .inf-btn { color: rgb(85, 85, 85); border: medium none; font-weight: normal; height: auto; padding: 7px; display: inline-block; background-color: white; box-shadow: 0px 1px 1px rgba(0, 0, 0, 0.24); border-radius: 2px; line-height: 1em; } .inf-rgpd { margin:25px 0px 15px 0px; color:#555555; } <\/style> <div class=\"inf-main_3000311ca56a1cb93397bc676c0b7fff\"> <h4>NEWSLETTER DES FREIEN BLICKS<\/h4> <span>Erhalten Sie unsere Artikel jeden Sonntag.<\/span> <div class=\"inf-success\" style=\"display:none\"> <h4>Ihre Anmeldung f\u00fcr unseren w\u00f6chentlichen Newsletter wurde erfolgreich registriert!<\/h4> <p> <a href=\"#\" class=\"inf-btn\">\u00ab<\/a> <\/p> <\/div> <div class=\"inf-content\"> <div class=\"inf-input inf-input-text\"> <input type=\"text\" name=\"inf[1]\" data-inf-meta = \"1\" data-inf-error = \"Merci de renseigner une adresse email\" required=\"required\" placeholder=\"E-Mail\" > <\/div> <div class=\"inf-submit\"> <input type=\"submit\" name=\"\" value=\"Anmelden\"> <\/div> <\/div> <\/div> <\/form>","protected":false},"excerpt":{"rendered":"<p>Mit \u00abGrandis pas\u00bb liefert Michel Polnareff ein Lied, das gef\u00fchlvoller denn je ist, und k\u00fcndigt - endlich - die Ver\u00f6ffentlichung seines Albums \u00abEnfin!\u00bb an.<\/p>","protected":false},"author":138,"featured_media":510189,"comment_status":"open","ping_status":"open","sticky":false,"template":"","format":"standard","meta":{"_acf_changed":false,"footnotes":""},"categories":[6460],"tags":[644339057,488322,671541,1153441,2092400,644340411,3991],"class_list":["post-17747","post","type-post","status-publish","format-standard","has-post-thumbnail","hentry","category-musique","tag-chanson","tag-chanson-francaise","tag-melancolie","tag-michel-polnareff","tag-paternite","tag-piano-voix","tag-pop"],"acf":[],"yoast_head":"<!-- This site is optimized with the Yoast SEO Premium plugin v27.4 (Yoast SEO v27.4) - https:\/\/yoast.com\/product\/yoast-seo-premium-wordpress\/ -->\n<title>\u00abGrandis pas\u00bb: Polnareff livre une chanson sur son fils<\/title>\n<meta name=\"description\" content=\"Avec \u00abGrandis pas\u00bb, Michel Polnareff livre une chanson plus sensible que jamais et annonce \u2013 enfin\u00a0\u2013 la sortie de son album \u00abEnfin!\u00bb.\" \/>\n<meta name=\"robots\" content=\"index, follow, max-snippet:-1, max-image-preview:large, max-video-preview:-1\" \/>\n<link rel=\"canonical\" href=\"https:\/\/leregardlibre.com\/de\/musik\/grandis-pas-quand-polnareff-transforme-les-mots-en-or\/\" \/>\n<meta property=\"og:locale\" content=\"de_DE\" \/>\n<meta property=\"og:type\" content=\"article\" \/>\n<meta property=\"og:title\" content=\"\u00abGrandis pas\u00bb: Michel Polnareff livre une chanson plus sensible que jamais\" \/>\n<meta property=\"og:description\" content=\"Avec \u00abGrandis pas\u00bb, Michel Polnareff livre une chanson plus sensible que jamais et annonce \u2013 enfin\u00a0\u2013 la sortie de son album \u00abEnfin!\u00bb.\" \/>\n<meta property=\"og:url\" content=\"https:\/\/leregardlibre.com\/de\/musik\/grandis-pas-quand-polnareff-transforme-les-mots-en-or\/\" \/>\n<meta property=\"og:site_name\" content=\"Le Regard Libre\" \/>\n<meta property=\"article:publisher\" content=\"https:\/\/www.facebook.com\/leregardlibre\/\" \/>\n<meta property=\"article:author\" content=\"https:\/\/www.facebook.com\/jonas.follonier\/\" \/>\n<meta property=\"article:published_time\" content=\"2018-11-16T16:14:53+00:00\" \/>\n<meta property=\"article:modified_time\" content=\"2025-11-12T18:16:25+00:00\" \/>\n<meta property=\"og:image\" content=\"https:\/\/leregardlibre.com\/wp-content\/uploads\/2018\/11\/Une-Polnareff-Paleo-2016-2108784078-1542381964718-1024x488.jpg\" \/>\n\t<meta property=\"og:image:width\" content=\"1024\" \/>\n\t<meta property=\"og:image:height\" content=\"488\" \/>\n\t<meta property=\"og:image:type\" content=\"image\/jpeg\" \/>\n<meta name=\"author\" content=\"Jonas Follonier\" \/>\n<meta name=\"twitter:card\" content=\"summary_large_image\" \/>\n<meta name=\"twitter:creator\" content=\"@LeRegardLibre\" \/>\n<meta name=\"twitter:site\" content=\"@LeRegardLibre\" \/>\n<meta name=\"twitter:label1\" content=\"Verfasst von\" \/>\n\t<meta name=\"twitter:data1\" content=\"Jonas Follonier\" \/>\n\t<meta name=\"twitter:label2\" content=\"Gesch\u00e4tzte Lesezeit\" \/>\n\t<meta name=\"twitter:data2\" content=\"5\u00a0Minuten\" \/>\n<script type=\"application\/ld+json\" class=\"yoast-schema-graph\">{\"@context\":\"https:\\\/\\\/schema.org\",\"@graph\":[{\"@type\":\"Article\",\"@id\":\"https:\\\/\\\/leregardlibre.com\\\/musique\\\/grandis-pas-quand-polnareff-transforme-les-mots-en-or\\\/#article\",\"isPartOf\":{\"@id\":\"https:\\\/\\\/leregardlibre.com\\\/musique\\\/grandis-pas-quand-polnareff-transforme-les-mots-en-or\\\/\"},\"author\":{\"name\":\"Jonas Follonier\",\"@id\":\"https:\\\/\\\/leregardlibre.com\\\/#\\\/schema\\\/person\\\/bfe5aa794a23be71485d60e2d93ec0d2\"},\"headline\":\"\u00abGrandis pas\u00bb: Michel Polnareff livre une chanson plus sensible que jamais\",\"datePublished\":\"2018-11-16T16:14:53+00:00\",\"dateModified\":\"2025-11-12T18:16:25+00:00\",\"mainEntityOfPage\":{\"@id\":\"https:\\\/\\\/leregardlibre.com\\\/musique\\\/grandis-pas-quand-polnareff-transforme-les-mots-en-or\\\/\"},\"wordCount\":874,\"commentCount\":0,\"publisher\":{\"@id\":\"https:\\\/\\\/leregardlibre.com\\\/#organization\"},\"image\":{\"@id\":\"https:\\\/\\\/leregardlibre.com\\\/musique\\\/grandis-pas-quand-polnareff-transforme-les-mots-en-or\\\/#primaryimage\"},\"thumbnailUrl\":\"https:\\\/\\\/leregardlibre.com\\\/wp-content\\\/uploads\\\/2018\\\/11\\\/Une-Polnareff-Paleo-2016-2108784078-1542381964718.jpg\",\"keywords\":[\"Chanson\",\"Chanson fran\u00e7aise\",\"M\u00e9lancolie\",\"Michel Polnareff\",\"Paternit\u00e9\",\"Piano voix\",\"Pop\"],\"articleSection\":[\"Musique\"],\"inLanguage\":\"de\",\"potentialAction\":[{\"@type\":\"CommentAction\",\"name\":\"Comment\",\"target\":[\"https:\\\/\\\/leregardlibre.com\\\/musique\\\/grandis-pas-quand-polnareff-transforme-les-mots-en-or\\\/#respond\"]}]},{\"@type\":\"WebPage\",\"@id\":\"https:\\\/\\\/leregardlibre.com\\\/musique\\\/grandis-pas-quand-polnareff-transforme-les-mots-en-or\\\/\",\"url\":\"https:\\\/\\\/leregardlibre.com\\\/musique\\\/grandis-pas-quand-polnareff-transforme-les-mots-en-or\\\/\",\"name\":\"\u00abGrandis pas\u00bb: Polnareff livre une chanson sur son fils\",\"isPartOf\":{\"@id\":\"https:\\\/\\\/leregardlibre.com\\\/#website\"},\"primaryImageOfPage\":{\"@id\":\"https:\\\/\\\/leregardlibre.com\\\/musique\\\/grandis-pas-quand-polnareff-transforme-les-mots-en-or\\\/#primaryimage\"},\"image\":{\"@id\":\"https:\\\/\\\/leregardlibre.com\\\/musique\\\/grandis-pas-quand-polnareff-transforme-les-mots-en-or\\\/#primaryimage\"},\"thumbnailUrl\":\"https:\\\/\\\/leregardlibre.com\\\/wp-content\\\/uploads\\\/2018\\\/11\\\/Une-Polnareff-Paleo-2016-2108784078-1542381964718.jpg\",\"datePublished\":\"2018-11-16T16:14:53+00:00\",\"dateModified\":\"2025-11-12T18:16:25+00:00\",\"description\":\"Avec \u00abGrandis pas\u00bb, Michel Polnareff livre une chanson plus sensible que jamais et annonce \u2013 enfin\u00a0\u2013 la sortie de son album \u00abEnfin!\u00bb.\",\"breadcrumb\":{\"@id\":\"https:\\\/\\\/leregardlibre.com\\\/musique\\\/grandis-pas-quand-polnareff-transforme-les-mots-en-or\\\/#breadcrumb\"},\"inLanguage\":\"de\",\"potentialAction\":[{\"@type\":\"ReadAction\",\"target\":[\"https:\\\/\\\/leregardlibre.com\\\/musique\\\/grandis-pas-quand-polnareff-transforme-les-mots-en-or\\\/\"]}]},{\"@type\":\"ImageObject\",\"inLanguage\":\"de\",\"@id\":\"https:\\\/\\\/leregardlibre.com\\\/musique\\\/grandis-pas-quand-polnareff-transforme-les-mots-en-or\\\/#primaryimage\",\"url\":\"https:\\\/\\\/leregardlibre.com\\\/wp-content\\\/uploads\\\/2018\\\/11\\\/Une-Polnareff-Paleo-2016-2108784078-1542381964718.jpg\",\"contentUrl\":\"https:\\\/\\\/leregardlibre.com\\\/wp-content\\\/uploads\\\/2018\\\/11\\\/Une-Polnareff-Paleo-2016-2108784078-1542381964718.jpg\",\"width\":3051,\"height\":1453,\"caption\":\"Michel Polnareff au Pal\u00e9o Festival 2016, \u00e0 Nyon (Suisse)\"},{\"@type\":\"BreadcrumbList\",\"@id\":\"https:\\\/\\\/leregardlibre.com\\\/musique\\\/grandis-pas-quand-polnareff-transforme-les-mots-en-or\\\/#breadcrumb\",\"itemListElement\":[{\"@type\":\"ListItem\",\"position\":1,\"name\":\"Accueil\",\"item\":\"https:\\\/\\\/leregardlibre.com\\\/\"},{\"@type\":\"ListItem\",\"position\":2,\"name\":\"\u00abGrandis pas\u00bb: Michel Polnareff livre une chanson plus sensible que jamais\"}]},{\"@type\":\"WebSite\",\"@id\":\"https:\\\/\\\/leregardlibre.com\\\/#website\",\"url\":\"https:\\\/\\\/leregardlibre.com\\\/\",\"name\":\"Le Regard Libre\",\"description\":\"Premier mensuel suisse de d\u00e9bat\",\"publisher\":{\"@id\":\"https:\\\/\\\/leregardlibre.com\\\/#organization\"},\"potentialAction\":[{\"@type\":\"SearchAction\",\"target\":{\"@type\":\"EntryPoint\",\"urlTemplate\":\"https:\\\/\\\/leregardlibre.com\\\/?s={search_term_string}\"},\"query-input\":{\"@type\":\"PropertyValueSpecification\",\"valueRequired\":true,\"valueName\":\"search_term_string\"}}],\"inLanguage\":\"de\"},{\"@type\":\"Organization\",\"@id\":\"https:\\\/\\\/leregardlibre.com\\\/#organization\",\"name\":\"Le Regard Libre\",\"url\":\"https:\\\/\\\/leregardlibre.com\\\/\",\"logo\":{\"@type\":\"ImageObject\",\"inLanguage\":\"de\",\"@id\":\"https:\\\/\\\/leregardlibre.com\\\/#\\\/schema\\\/logo\\\/image\\\/\",\"url\":\"https:\\\/\\\/leregardlibre.com\\\/wp-content\\\/uploads\\\/2025\\\/08\\\/logo-rl-icone-neg.jpeg\",\"contentUrl\":\"https:\\\/\\\/leregardlibre.com\\\/wp-content\\\/uploads\\\/2025\\\/08\\\/logo-rl-icone-neg.jpeg\",\"width\":557,\"height\":556,\"caption\":\"Le Regard Libre\"},\"image\":{\"@id\":\"https:\\\/\\\/leregardlibre.com\\\/#\\\/schema\\\/logo\\\/image\\\/\"},\"sameAs\":[\"https:\\\/\\\/www.facebook.com\\\/leregardlibre\\\/\",\"https:\\\/\\\/x.com\\\/LeRegardLibre\",\"https:\\\/\\\/www.linkedin.com\\\/company\\\/le-regard-libre\",\"https:\\\/\\\/www.instagram.com\\\/leregardlibre\\\/\",\"http:\\\/\\\/t.me\\\/leregardlibre\",\"https:\\\/\\\/youtube.com\\\/channel\\\/UC6HzGPomj1LsUmlz-sJtITQ\"],\"description\":\"Le Regard Libre est un mensuel suisse de d\u00e9bat intellectuel et culturel. Sa r\u00e9daction est jeune, b\u00e9n\u00e9vole, lib\u00e9rale et pluraliste. Le magazine para\u00eet en ligne et sous forme papier. Sa langue est le fran\u00e7ais.\",\"email\":\"redaction@leregardlibre.com\",\"legalName\":\"Le Regard Libre\",\"foundingDate\":\"2014-01-01\",\"numberOfEmployees\":{\"@type\":\"QuantitativeValue\",\"minValue\":\"11\",\"maxValue\":\"50\"},\"publishingPrinciples\":\"https:\\\/\\\/leregardlibre.com\\\/a-propos\\\/notre-manifeste\\\/\",\"ownershipFundingInfo\":\"https:\\\/\\\/leregardlibre.com\\\/mentions-legales\\\/\",\"actionableFeedbackPolicy\":\"https:\\\/\\\/leregardlibre.com\\\/conditions-generales-de-vente\\\/\"},{\"@type\":\"Person\",\"@id\":\"https:\\\/\\\/leregardlibre.com\\\/#\\\/schema\\\/person\\\/bfe5aa794a23be71485d60e2d93ec0d2\",\"name\":\"Jonas Follonier\",\"image\":{\"@type\":\"ImageObject\",\"inLanguage\":\"de\",\"@id\":\"https:\\\/\\\/secure.gravatar.com\\\/avatar\\\/602060b40f6a458420c2d140f49b6caea99152ce6704f2c332e5a0c5aad80303?s=96&d=identicon&r=g\",\"url\":\"https:\\\/\\\/secure.gravatar.com\\\/avatar\\\/602060b40f6a458420c2d140f49b6caea99152ce6704f2c332e5a0c5aad80303?s=96&d=identicon&r=g\",\"contentUrl\":\"https:\\\/\\\/secure.gravatar.com\\\/avatar\\\/602060b40f6a458420c2d140f49b6caea99152ce6704f2c332e5a0c5aad80303?s=96&d=identicon&r=g\",\"caption\":\"Jonas Follonier\"},\"description\":\"Correspondant au Palais f\u00e9d\u00e9ral pour \u00abL\u2019Agefi\u00bb, auteur-compositeur-interpr\u00e8te et essayiste, Jonas Follonier est le fondateur et r\u00e9dacteur en chef du \u00abRegard Libre\u00bb.\",\"sameAs\":[\"https:\\\/\\\/www.facebook.com\\\/jonas.follonier\\\/\",\"https:\\\/\\\/www.instagram.com\\\/jonasfollonier\\\/\",\"https:\\\/\\\/www.linkedin.com\\\/in\\\/jonasfollonier\\\/\",\"https:\\\/\\\/fr.wikipedia.org\\\/wiki\\\/Le_Regard_libre\"],\"url\":\"https:\\\/\\\/leregardlibre.com\\\/de\\\/author\\\/jonas-follonier\\\/\"}]}<\/script>\n<!-- \/ Yoast SEO Premium plugin. -->","yoast_head_json":{"title":"\u00abGrandis pas\u00bb: Polnareff livre une chanson sur son fils","description":"Mit \u00abGrandis pas\u00bb liefert Michel Polnareff ein Lied, das gef\u00fchlvoller denn je ist, und k\u00fcndigt - endlich - die Ver\u00f6ffentlichung seines Albums \u00abEnfin!\u00bb an.","robots":{"index":"index","follow":"follow","max-snippet":"max-snippet:-1","max-image-preview":"max-image-preview:large","max-video-preview":"max-video-preview:-1"},"canonical":"https:\/\/leregardlibre.com\/de\/musik\/grandis-pas-quand-polnareff-transforme-les-mots-en-or\/","og_locale":"de_DE","og_type":"article","og_title":"\u00abGrandis pas\u00bb: Michel Polnareff livre une chanson plus sensible que jamais","og_description":"Avec \u00abGrandis pas\u00bb, Michel Polnareff livre une chanson plus sensible que jamais et annonce \u2013 enfin\u00a0\u2013 la sortie de son album \u00abEnfin!\u00bb.","og_url":"https:\/\/leregardlibre.com\/de\/musik\/grandis-pas-quand-polnareff-transforme-les-mots-en-or\/","og_site_name":"Le Regard Libre","article_publisher":"https:\/\/www.facebook.com\/leregardlibre\/","article_author":"https:\/\/www.facebook.com\/jonas.follonier\/","article_published_time":"2018-11-16T16:14:53+00:00","article_modified_time":"2025-11-12T18:16:25+00:00","og_image":[{"width":1024,"height":488,"url":"https:\/\/leregardlibre.com\/wp-content\/uploads\/2018\/11\/Une-Polnareff-Paleo-2016-2108784078-1542381964718-1024x488.jpg","type":"image\/jpeg"}],"author":"Jonas Follonier","twitter_card":"summary_large_image","twitter_creator":"@LeRegardLibre","twitter_site":"@LeRegardLibre","twitter_misc":{"Verfasst von":"Jonas Follonier","Gesch\u00e4tzte Lesezeit":"5\u00a0Minuten"},"schema":{"@context":"https:\/\/schema.org","@graph":[{"@type":"Article","@id":"https:\/\/leregardlibre.com\/musique\/grandis-pas-quand-polnareff-transforme-les-mots-en-or\/#article","isPartOf":{"@id":"https:\/\/leregardlibre.com\/musique\/grandis-pas-quand-polnareff-transforme-les-mots-en-or\/"},"author":{"name":"Jonas Follonier","@id":"https:\/\/leregardlibre.com\/#\/schema\/person\/bfe5aa794a23be71485d60e2d93ec0d2"},"headline":"\u00abGrandis pas\u00bb: Michel Polnareff livre une chanson plus sensible que jamais","datePublished":"2018-11-16T16:14:53+00:00","dateModified":"2025-11-12T18:16:25+00:00","mainEntityOfPage":{"@id":"https:\/\/leregardlibre.com\/musique\/grandis-pas-quand-polnareff-transforme-les-mots-en-or\/"},"wordCount":874,"commentCount":0,"publisher":{"@id":"https:\/\/leregardlibre.com\/#organization"},"image":{"@id":"https:\/\/leregardlibre.com\/musique\/grandis-pas-quand-polnareff-transforme-les-mots-en-or\/#primaryimage"},"thumbnailUrl":"https:\/\/leregardlibre.com\/wp-content\/uploads\/2018\/11\/Une-Polnareff-Paleo-2016-2108784078-1542381964718.jpg","keywords":["Chanson","Chanson fran\u00e7aise","M\u00e9lancolie","Michel Polnareff","Paternit\u00e9","Piano voix","Pop"],"articleSection":["Musique"],"inLanguage":"de","potentialAction":[{"@type":"CommentAction","name":"Comment","target":["https:\/\/leregardlibre.com\/musique\/grandis-pas-quand-polnareff-transforme-les-mots-en-or\/#respond"]}]},{"@type":"WebPage","@id":"https:\/\/leregardlibre.com\/musique\/grandis-pas-quand-polnareff-transforme-les-mots-en-or\/","url":"https:\/\/leregardlibre.com\/musique\/grandis-pas-quand-polnareff-transforme-les-mots-en-or\/","name":"\u00abGrandis pas\u00bb: Polnareff livre une chanson sur son fils","isPartOf":{"@id":"https:\/\/leregardlibre.com\/#website"},"primaryImageOfPage":{"@id":"https:\/\/leregardlibre.com\/musique\/grandis-pas-quand-polnareff-transforme-les-mots-en-or\/#primaryimage"},"image":{"@id":"https:\/\/leregardlibre.com\/musique\/grandis-pas-quand-polnareff-transforme-les-mots-en-or\/#primaryimage"},"thumbnailUrl":"https:\/\/leregardlibre.com\/wp-content\/uploads\/2018\/11\/Une-Polnareff-Paleo-2016-2108784078-1542381964718.jpg","datePublished":"2018-11-16T16:14:53+00:00","dateModified":"2025-11-12T18:16:25+00:00","description":"Mit \u00abGrandis pas\u00bb liefert Michel Polnareff ein Lied, das gef\u00fchlvoller denn je ist, und k\u00fcndigt - endlich - die Ver\u00f6ffentlichung seines Albums \u00abEnfin!\u00bb an.","breadcrumb":{"@id":"https:\/\/leregardlibre.com\/musique\/grandis-pas-quand-polnareff-transforme-les-mots-en-or\/#breadcrumb"},"inLanguage":"de","potentialAction":[{"@type":"ReadAction","target":["https:\/\/leregardlibre.com\/musique\/grandis-pas-quand-polnareff-transforme-les-mots-en-or\/"]}]},{"@type":"ImageObject","inLanguage":"de","@id":"https:\/\/leregardlibre.com\/musique\/grandis-pas-quand-polnareff-transforme-les-mots-en-or\/#primaryimage","url":"https:\/\/leregardlibre.com\/wp-content\/uploads\/2018\/11\/Une-Polnareff-Paleo-2016-2108784078-1542381964718.jpg","contentUrl":"https:\/\/leregardlibre.com\/wp-content\/uploads\/2018\/11\/Une-Polnareff-Paleo-2016-2108784078-1542381964718.jpg","width":3051,"height":1453,"caption":"Michel Polnareff au Pal\u00e9o Festival 2016, \u00e0 Nyon (Suisse)"},{"@type":"BreadcrumbList","@id":"https:\/\/leregardlibre.com\/musique\/grandis-pas-quand-polnareff-transforme-les-mots-en-or\/#breadcrumb","itemListElement":[{"@type":"ListItem","position":1,"name":"Accueil","item":"https:\/\/leregardlibre.com\/"},{"@type":"ListItem","position":2,"name":"\u00abGrandis pas\u00bb: Michel Polnareff livre une chanson plus sensible que jamais"}]},{"@type":"WebSite","@id":"https:\/\/leregardlibre.com\/#website","url":"https:\/\/leregardlibre.com\/","name":"Le Regard Libre","description":"Erste Schweizer Monatszeitschrift f\u00fcr Debatten","publisher":{"@id":"https:\/\/leregardlibre.com\/#organization"},"potentialAction":[{"@type":"SearchAction","target":{"@type":"EntryPoint","urlTemplate":"https:\/\/leregardlibre.com\/?s={search_term_string}"},"query-input":{"@type":"PropertyValueSpecification","valueRequired":true,"valueName":"search_term_string"}}],"inLanguage":"de"},{"@type":"Organization","@id":"https:\/\/leregardlibre.com\/#organization","name":"Le Regard Libre","url":"https:\/\/leregardlibre.com\/","logo":{"@type":"ImageObject","inLanguage":"de","@id":"https:\/\/leregardlibre.com\/#\/schema\/logo\/image\/","url":"https:\/\/leregardlibre.com\/wp-content\/uploads\/2025\/08\/logo-rl-icone-neg.jpeg","contentUrl":"https:\/\/leregardlibre.com\/wp-content\/uploads\/2025\/08\/logo-rl-icone-neg.jpeg","width":557,"height":556,"caption":"Le Regard Libre"},"image":{"@id":"https:\/\/leregardlibre.com\/#\/schema\/logo\/image\/"},"sameAs":["https:\/\/www.facebook.com\/leregardlibre\/","https:\/\/x.com\/LeRegardLibre","https:\/\/www.linkedin.com\/company\/le-regard-libre","https:\/\/www.instagram.com\/leregardlibre\/","http:\/\/t.me\/leregardlibre","https:\/\/youtube.com\/channel\/UC6HzGPomj1LsUmlz-sJtITQ"],"description":"Le Regard Libre ist eine Schweizer Monatszeitschrift f\u00fcr intellektuelle und kulturelle Debatten. Seine Redaktion ist jung, ehrenamtlich, liberal und pluralistisch. Das Magazin erscheint online und in gedruckter Form. Seine Sprache ist Franz\u00f6sisch.","email":"redaction@leregardlibre.com","legalName":"Le Regard Libre","foundingDate":"2014-01-01","numberOfEmployees":{"@type":"QuantitativeValue","minValue":"11","maxValue":"50"},"publishingPrinciples":"https:\/\/leregardlibre.com\/a-propos\/notre-manifeste\/","ownershipFundingInfo":"https:\/\/leregardlibre.com\/mentions-legales\/","actionableFeedbackPolicy":"https:\/\/leregardlibre.com\/conditions-generales-de-vente\/"},{"@type":"Person","@id":"https:\/\/leregardlibre.com\/#\/schema\/person\/bfe5aa794a23be71485d60e2d93ec0d2","name":"Jonas Follonier","image":{"@type":"ImageObject","inLanguage":"de","@id":"https:\/\/secure.gravatar.com\/avatar\/602060b40f6a458420c2d140f49b6caea99152ce6704f2c332e5a0c5aad80303?s=96&d=identicon&r=g","url":"https:\/\/secure.gravatar.com\/avatar\/602060b40f6a458420c2d140f49b6caea99152ce6704f2c332e5a0c5aad80303?s=96&d=identicon&r=g","contentUrl":"https:\/\/secure.gravatar.com\/avatar\/602060b40f6a458420c2d140f49b6caea99152ce6704f2c332e5a0c5aad80303?s=96&d=identicon&r=g","caption":"Jonas Follonier"},"description":"Bundeshauskorrespondent f\u00fcr \u00abL'Agefi\u00bb, Singer-Songwriter, Jonas Follonier ist Gr\u00fcnder und Chefredakteur von \u00abRegard Libre\u00bb.","sameAs":["https:\/\/www.facebook.com\/jonas.follonier\/","https:\/\/www.instagram.com\/jonasfollonier\/","https:\/\/www.linkedin.com\/in\/jonasfollonier\/","https:\/\/fr.wikipedia.org\/wiki\/Le_Regard_libre"],"url":"https:\/\/leregardlibre.com\/de\/author\/jonas-follonier\/"}]}},"_links":{"self":[{"href":"https:\/\/leregardlibre.com\/de\/wp-json\/wp\/v2\/posts\/17747","targetHints":{"allow":["GET"]}}],"collection":[{"href":"https:\/\/leregardlibre.com\/de\/wp-json\/wp\/v2\/posts"}],"about":[{"href":"https:\/\/leregardlibre.com\/de\/wp-json\/wp\/v2\/types\/post"}],"author":[{"embeddable":true,"href":"https:\/\/leregardlibre.com\/de\/wp-json\/wp\/v2\/users\/138"}],"replies":[{"embeddable":true,"href":"https:\/\/leregardlibre.com\/de\/wp-json\/wp\/v2\/comments?post=17747"}],"version-history":[{"count":2,"href":"https:\/\/leregardlibre.com\/de\/wp-json\/wp\/v2\/posts\/17747\/revisions"}],"predecessor-version":[{"id":514556,"href":"https:\/\/leregardlibre.com\/de\/wp-json\/wp\/v2\/posts\/17747\/revisions\/514556"}],"wp:featuredmedia":[{"embeddable":true,"href":"https:\/\/leregardlibre.com\/de\/wp-json\/wp\/v2\/media\/510189"}],"wp:attachment":[{"href":"https:\/\/leregardlibre.com\/de\/wp-json\/wp\/v2\/media?parent=17747"}],"wp:term":[{"taxonomy":"category","embeddable":true,"href":"https:\/\/leregardlibre.com\/de\/wp-json\/wp\/v2\/categories?post=17747"},{"taxonomy":"post_tag","embeddable":true,"href":"https:\/\/leregardlibre.com\/de\/wp-json\/wp\/v2\/tags?post=17747"}],"curies":[{"name":"wp","href":"https:\/\/api.w.org\/{rel}","templated":true}]}}