{"id":17898,"date":"2018-11-27T20:00:36","date_gmt":"2018-11-27T19:00:36","guid":{"rendered":"https:\/\/leregardlibre.com\/?p=17898"},"modified":"2022-11-13T14:49:11","modified_gmt":"2022-11-13T13:49:11","slug":"17898","status":"publish","type":"post","link":"https:\/\/leregardlibre.com\/de\/litterature\/17898\/","title":{"rendered":"\u00abWippe ciao\u00bb, gibt es da etwas zu sagen?"},"content":{"rendered":"<p><em>B\u00fccher am Dienstag - Jonas Follonier<\/em><\/p>\n<p><strong><em>Dieser Beitrag wird von einem Gegenartikel sowie von zwei Gedichten aus dem Gedichtband begleitet <\/em>Wippen ciao<em> in unserer Februar-Ausgabe, <a href=\"https:\/\/leregardlibre.com\/de\/produkt\/der-freie-blick-n-47\/\">hier bestellen<\/a>. Sie, liebe Leser, sind daher eingeladen, Ihre eigene Meinung zu diesem Gedicht zu \u00e4u\u00dfern.<\/em><\/strong><\/p>\n<p>Was wollen Sie denn? Soll ich etwa l\u00fcgen? <em>Le Regard Libre<\/em>, als Tr\u00e4ger der Westschweizer Literatur? Als Tr\u00e4ger dessen, was uns vor allem anspricht \u2013 im Guten wie im Schlechten. Was mich betrifft, so bin ich schon oft von Werken entt\u00e4uscht worden, die ich entweder im Durcheinander der bobo-helvetisch-ernsten Globalisierung betrachtet oder \u00abtrotz allem\u00bb gesch\u00e4tzt hatte. Diesmal muss ich keine R\u00fccksicht nehmen. Wir haben es hier mit einer Pseudopoesie ohne wirklichen Wert zu tun.<\/p>\n<p>Andr\u00e9 Petitat pr\u00e4sentiert uns <em>basclues ciao<\/em> (ohne Gro\u00dfbuchstaben im Titel! Ja, das war nicht ich), seinen Gedichtband, der k\u00fcrzlich bei den Editions de l\u2019Aire erschienen ist \u2013 einem Verlag, der in der Verlagslandschaft unseres Landes durchaus beachtenswert und sogar vorbildlich ist. Dieses Werk habe ich gelesen. Ich habe geweint. Welche Eigenschaften muss ein Text aufweisen, um als Gedicht zu gelten? Reime, w\u00fcrde ein Klassiker sagen. Einen Rhythmus, w\u00fcrde ein Laxist sagen. Eine Seele, w\u00fcrde ein Liebhaber von Metaphern sagen.<\/p>\n<p><!--more--><\/p>\n<blockquote><p>\u00abIch bin, du bist\u201c<br \/>\nmehrere in einem<br \/>\nein Durcheinander<br \/>\nein freier Faden im Labyrinth<br \/>\n\u00bbSchnitte und Knoten\u201c<\/p><\/blockquote>\n<p>Und du, Westschweizer Literatur, was bist du? In deiner \u00fcberwiegenden Mehrheit Mittelm\u00e4\u00dfigkeit. Genau wie die Westschweizer Malerei. Genau wie die Westschweizer Musik. Welches Medium, um das zu sagen, was gesagt werden muss? Welche Zeitschrift, um die Wahrheit festzustellen? Genug der Fadheit, genug der Glattheit, genug der Schmeicheleien. Wagen wir es zu behaupten, dass das, was uns meist pr\u00e4sentiert wird, in den Papierkorb geh\u00f6rt. Es reicht nicht aus, sich selbst zum Autor zu erkl\u00e4ren, um einer zu sein. Man braucht Know-how. Man braucht die richtige Art und Weise. Man braucht zumindest Wissen.<\/p>\n<blockquote><p>Ich bin der Einzige und der, der schon alles durchdacht hat.<br \/>\ndas Einzelne und die Reihe<br \/>\ndie industriell hergestellte Madeleine<\/p><\/blockquote>\n<p>Ich bin alles, ich bin nichts, ich bin die zeitgen\u00f6ssische Literatur der Romandie in ihrer ganzen Pracht. Ich bin mittelm\u00e4\u00dfig. Ach! Da emp\u00f6rt man sich! Was f\u00fcr eine Dreistigkeit! Ja, es ist leicht, W\u00f6rter aneinanderzureihen. Aber eine Geschichte zu erfinden, S\u00e4tze zu gestalten, Kl\u00e4nge zu arrangieren, mit einem Genre zu spielen \u2013 das erfordert mehr Arbeit. Arbeit, die es in Frankreich gibt, die es manchmal auch in unseren Gegenden gibt. Aber die ich dieses Mal nicht festgestellt habe. Und es er\u00fcbrigt sich zu sagen, dass ich keine\u2019<em>a priori<\/em>: Ich hatte solche Bef\u00fcrchtungen, und sie haben sich best\u00e4tigt.<\/p>\n<blockquote><p>Eine Stille wie an einer Felswand.<br \/>\nMein Glaube ist mein Verbrechen<br \/>\nKurbel, Hirn, Bleichmittel.<\/p><\/blockquote>\n<p>\u201eCervelle\u201c? Abgesehen von den Verst\u00e4ndnisschwierigkeiten, die ein solcher Gedichtband mit sich bringt \u2013 und die meiner Meinung nach seinen gr\u00f6\u00dften Mangel darstellen \u2013, sollte man sich Gedanken \u00fcber die Form und vor allem \u00fcber die Absichten des Autors machen. Schlie\u00dflich tendiert Rimbauds Lyrik zu einer unbestreitbaren Hermetik, doch bleibt darin etwas Grundlegendes erhalten <em>sch\u00f6n<\/em>, und zwar in einem viel weiter gefassten Sinne als nur im \u00e4sthetischen: Ein literarisches Werk muss <em>sprechen<\/em> dem Leser etwas zu bieten. Das ist das, was in <em>Wippen ciao<\/em>. Oder aber ich habe etwas \u00fcbersehen, und falls das der Fall ist, z\u00f6gert bitte nicht, meinen Wutausbruch nachsichtig zu nehmen.<\/p>\n<p><em>Schreiben Sie dem Autor: <a href=\"mailto:jonas.follonier@leregardlibre.com\">jonas.follonier@leregardlibre.com<\/a><\/em><\/p>\n<p>Fotocredit: \u00a9 Jonas Follonier f\u00fcr <em>Le Regard Libre<\/em><\/p>","protected":false},"excerpt":{"rendered":"<p>Les bouquins du mardi &#8211; Jonas Follonier Cette chronique sera accompagn\u00e9e d\u2019un article contradictoire ainsi que de deux po\u00e8mes extraits&#8230;<\/p>","protected":false},"author":138,"featured_media":510211,"comment_status":"open","ping_status":"open","sticky":false,"template":"","format":"standard","meta":{"_acf_changed":false,"footnotes":""},"categories":[20663],"tags":[54879,1532851,193275253,14831,644340529,644340527],"class_list":["post-17898","post","type-post","status-publish","format-standard","has-post-thumbnail","hentry","category-litterature","tag-critiques-litteraires","tag-litterature-francophone","tag-litterature-romande","tag-poesie","tag-recueil","tag-recueil-de-poemes"],"acf":[],"yoast_head":"<!-- This site is optimized with the Yoast SEO Premium plugin v28.3 (Yoast SEO v28.3) - https:\/\/yoast.com\/product\/yoast-seo-premium-wordpress\/ -->\n<title>\u00abbascules ciao\u00bb, y a-t-il quelque chose \u00e0 dire?<\/title>\n<meta name=\"robots\" content=\"index, follow, max-snippet:-1, max-image-preview:large, max-video-preview:-1\" \/>\n<link rel=\"canonical\" href=\"https:\/\/leregardlibre.com\/de\/literatur\/17898\/\" \/>\n<meta property=\"og:locale\" content=\"de_DE\" \/>\n<meta property=\"og:type\" content=\"article\" \/>\n<meta property=\"og:title\" content=\"\u00abbascules ciao\u00bb, y a-t-il quelque chose \u00e0 dire?\" \/>\n<meta property=\"og:description\" content=\"Les bouquins du mardi - Jonas Follonier Cette chronique sera accompagn\u00e9e d\u2019un article contradictoire ainsi que de deux po\u00e8mes extraits...\" \/>\n<meta property=\"og:url\" content=\"https:\/\/leregardlibre.com\/de\/literatur\/17898\/\" \/>\n<meta property=\"og:site_name\" content=\"Le Regard Libre\" \/>\n<meta property=\"article:publisher\" content=\"https:\/\/www.facebook.com\/leregardlibre\/\" \/>\n<meta property=\"article:author\" content=\"https:\/\/www.facebook.com\/jonas.follonier\/\" \/>\n<meta property=\"article:published_time\" content=\"2018-11-27T19:00:36+00:00\" \/>\n<meta property=\"article:modified_time\" content=\"2022-11-13T13:49:11+00:00\" \/>\n<meta property=\"og:image\" content=\"https:\/\/leregardlibre.com\/wp-content\/uploads\/2018\/11\/IMG_2984-2575423139-1543355489891-1-1024x566.jpg\" \/>\n\t<meta property=\"og:image:width\" content=\"1024\" \/>\n\t<meta property=\"og:image:height\" content=\"566\" \/>\n\t<meta property=\"og:image:type\" content=\"image\/jpeg\" \/>\n<meta name=\"author\" content=\"Jonas Follonier\" \/>\n<meta name=\"twitter:card\" content=\"summary_large_image\" \/>\n<meta name=\"twitter:creator\" content=\"@LeRegardLibre\" \/>\n<meta name=\"twitter:site\" content=\"@LeRegardLibre\" \/>\n<meta name=\"twitter:label1\" content=\"Verfasst von\" \/>\n\t<meta name=\"twitter:data1\" content=\"Jonas Follonier\" \/>\n\t<meta name=\"twitter:label2\" content=\"Gesch\u00e4tzte Lesezeit\" \/>\n\t<meta name=\"twitter:data2\" content=\"3\u00a0Minuten\" \/>\n<script type=\"application\/ld+json\" class=\"yoast-schema-graph\">{\"@context\":\"https:\\\/\\\/schema.org\",\"@graph\":[{\"@type\":\"Article\",\"@id\":\"https:\\\/\\\/leregardlibre.com\\\/litterature\\\/17898\\\/#article\",\"isPartOf\":{\"@id\":\"https:\\\/\\\/leregardlibre.com\\\/litterature\\\/17898\\\/\"},\"author\":{\"name\":\"Jonas Follonier\",\"@id\":\"https:\\\/\\\/leregardlibre.com\\\/#\\\/schema\\\/person\\\/bfe5aa794a23be71485d60e2d93ec0d2\"},\"headline\":\"\u00abbascules ciao\u00bb, y a-t-il quelque chose \u00e0 dire?\",\"datePublished\":\"2018-11-27T19:00:36+00:00\",\"dateModified\":\"2022-11-13T13:49:11+00:00\",\"mainEntityOfPage\":{\"@id\":\"https:\\\/\\\/leregardlibre.com\\\/litterature\\\/17898\\\/\"},\"wordCount\":622,\"commentCount\":2,\"publisher\":{\"@id\":\"https:\\\/\\\/leregardlibre.com\\\/#organization\"},\"image\":{\"@id\":\"https:\\\/\\\/leregardlibre.com\\\/litterature\\\/17898\\\/#primaryimage\"},\"thumbnailUrl\":\"https:\\\/\\\/leregardlibre.com\\\/wp-content\\\/uploads\\\/2018\\\/11\\\/IMG_2984-2575423139-1543355489891-1.jpg\",\"keywords\":[\"Critique litt\u00e9raire\",\"Litt\u00e9rature francophone\",\"Litt\u00e9rature romande\",\"Po\u00e9sie\",\"recueil\",\"recueil de po\u00e8mes\"],\"articleSection\":[\"Litt\u00e9rature\"],\"inLanguage\":\"de\",\"potentialAction\":[{\"@type\":\"CommentAction\",\"name\":\"Comment\",\"target\":[\"https:\\\/\\\/leregardlibre.com\\\/litterature\\\/17898\\\/#respond\"]}]},{\"@type\":\"WebPage\",\"@id\":\"https:\\\/\\\/leregardlibre.com\\\/litterature\\\/17898\\\/\",\"url\":\"https:\\\/\\\/leregardlibre.com\\\/litterature\\\/17898\\\/\",\"name\":\"\u00abbascules ciao\u00bb, y a-t-il quelque chose \u00e0 dire?\",\"isPartOf\":{\"@id\":\"https:\\\/\\\/leregardlibre.com\\\/#website\"},\"primaryImageOfPage\":{\"@id\":\"https:\\\/\\\/leregardlibre.com\\\/litterature\\\/17898\\\/#primaryimage\"},\"image\":{\"@id\":\"https:\\\/\\\/leregardlibre.com\\\/litterature\\\/17898\\\/#primaryimage\"},\"thumbnailUrl\":\"https:\\\/\\\/leregardlibre.com\\\/wp-content\\\/uploads\\\/2018\\\/11\\\/IMG_2984-2575423139-1543355489891-1.jpg\",\"datePublished\":\"2018-11-27T19:00:36+00:00\",\"dateModified\":\"2022-11-13T13:49:11+00:00\",\"breadcrumb\":{\"@id\":\"https:\\\/\\\/leregardlibre.com\\\/litterature\\\/17898\\\/#breadcrumb\"},\"inLanguage\":\"de\",\"potentialAction\":[{\"@type\":\"ReadAction\",\"target\":[\"https:\\\/\\\/leregardlibre.com\\\/litterature\\\/17898\\\/\"]}]},{\"@type\":\"ImageObject\",\"inLanguage\":\"de\",\"@id\":\"https:\\\/\\\/leregardlibre.com\\\/litterature\\\/17898\\\/#primaryimage\",\"url\":\"https:\\\/\\\/leregardlibre.com\\\/wp-content\\\/uploads\\\/2018\\\/11\\\/IMG_2984-2575423139-1543355489891-1.jpg\",\"contentUrl\":\"https:\\\/\\\/leregardlibre.com\\\/wp-content\\\/uploads\\\/2018\\\/11\\\/IMG_2984-2575423139-1543355489891-1.jpg\",\"width\":4032,\"height\":2228},{\"@type\":\"BreadcrumbList\",\"@id\":\"https:\\\/\\\/leregardlibre.com\\\/litterature\\\/17898\\\/#breadcrumb\",\"itemListElement\":[{\"@type\":\"ListItem\",\"position\":1,\"name\":\"Accueil\",\"item\":\"https:\\\/\\\/leregardlibre.com\\\/\"},{\"@type\":\"ListItem\",\"position\":2,\"name\":\"\u00abbascules ciao\u00bb, y a-t-il quelque chose \u00e0 dire?\"}]},{\"@type\":\"WebSite\",\"@id\":\"https:\\\/\\\/leregardlibre.com\\\/#website\",\"url\":\"https:\\\/\\\/leregardlibre.com\\\/\",\"name\":\"Le Regard Libre\",\"description\":\"Premier mensuel suisse de d\u00e9bat\",\"publisher\":{\"@id\":\"https:\\\/\\\/leregardlibre.com\\\/#organization\"},\"potentialAction\":[{\"@type\":\"SearchAction\",\"target\":{\"@type\":\"EntryPoint\",\"urlTemplate\":\"https:\\\/\\\/leregardlibre.com\\\/?s={search_term_string}\"},\"query-input\":{\"@type\":\"PropertyValueSpecification\",\"valueRequired\":true,\"valueName\":\"search_term_string\"}}],\"inLanguage\":\"de\"},{\"@type\":\"Organization\",\"@id\":\"https:\\\/\\\/leregardlibre.com\\\/#organization\",\"name\":\"Le Regard Libre\",\"url\":\"https:\\\/\\\/leregardlibre.com\\\/\",\"logo\":{\"@type\":\"ImageObject\",\"inLanguage\":\"de\",\"@id\":\"https:\\\/\\\/leregardlibre.com\\\/#\\\/schema\\\/logo\\\/image\\\/\",\"url\":\"https:\\\/\\\/leregardlibre.com\\\/wp-content\\\/uploads\\\/2025\\\/08\\\/logo-rl-icone-neg.jpeg\",\"contentUrl\":\"https:\\\/\\\/leregardlibre.com\\\/wp-content\\\/uploads\\\/2025\\\/08\\\/logo-rl-icone-neg.jpeg\",\"width\":557,\"height\":556,\"caption\":\"Le Regard Libre\"},\"image\":{\"@id\":\"https:\\\/\\\/leregardlibre.com\\\/#\\\/schema\\\/logo\\\/image\\\/\"},\"sameAs\":[\"https:\\\/\\\/www.facebook.com\\\/leregardlibre\\\/\",\"https:\\\/\\\/x.com\\\/LeRegardLibre\",\"https:\\\/\\\/www.linkedin.com\\\/company\\\/le-regard-libre\",\"https:\\\/\\\/www.instagram.com\\\/leregardlibre\\\/\",\"http:\\\/\\\/t.me\\\/leregardlibre\",\"https:\\\/\\\/youtube.com\\\/channel\\\/UC6HzGPomj1LsUmlz-sJtITQ\"],\"description\":\"Le Regard Libre est un mensuel suisse de d\u00e9bat intellectuel et culturel. Sa r\u00e9daction est jeune, b\u00e9n\u00e9vole, lib\u00e9rale et pluraliste. Le magazine para\u00eet en ligne et sous forme papier. Sa langue est le fran\u00e7ais.\",\"email\":\"redaction@leregardlibre.com\",\"legalName\":\"Le Regard Libre\",\"foundingDate\":\"2014-01-01\",\"numberOfEmployees\":{\"@type\":\"QuantitativeValue\",\"minValue\":\"11\",\"maxValue\":\"50\"},\"publishingPrinciples\":\"https:\\\/\\\/leregardlibre.com\\\/a-propos\\\/notre-manifeste\\\/\",\"ownershipFundingInfo\":\"https:\\\/\\\/leregardlibre.com\\\/mentions-legales\\\/\",\"actionableFeedbackPolicy\":\"https:\\\/\\\/leregardlibre.com\\\/conditions-generales-de-vente\\\/\"},{\"@type\":\"Person\",\"@id\":\"https:\\\/\\\/leregardlibre.com\\\/#\\\/schema\\\/person\\\/bfe5aa794a23be71485d60e2d93ec0d2\",\"name\":\"Jonas Follonier\",\"image\":{\"@type\":\"ImageObject\",\"inLanguage\":\"de\",\"@id\":\"https:\\\/\\\/secure.gravatar.com\\\/avatar\\\/602060b40f6a458420c2d140f49b6caea99152ce6704f2c332e5a0c5aad80303?s=96&d=identicon&r=g\",\"url\":\"https:\\\/\\\/secure.gravatar.com\\\/avatar\\\/602060b40f6a458420c2d140f49b6caea99152ce6704f2c332e5a0c5aad80303?s=96&d=identicon&r=g\",\"contentUrl\":\"https:\\\/\\\/secure.gravatar.com\\\/avatar\\\/602060b40f6a458420c2d140f49b6caea99152ce6704f2c332e5a0c5aad80303?s=96&d=identicon&r=g\",\"caption\":\"Jonas Follonier\"},\"description\":\"R\u00e9dacteur en chef de \u00abL\u2019Agefi\u00bb et essayiste, Jonas Follonier est le fondateur et pr\u00e9sident du \u00abRegard Libre\u00bb.\",\"sameAs\":[\"https:\\\/\\\/www.facebook.com\\\/jonas.follonier\\\/\",\"https:\\\/\\\/www.instagram.com\\\/jonasfollonier\\\/\",\"https:\\\/\\\/www.linkedin.com\\\/in\\\/jonasfollonier\\\/\",\"https:\\\/\\\/fr.wikipedia.org\\\/wiki\\\/Le_Regard_libre\"],\"url\":\"https:\\\/\\\/leregardlibre.com\\\/de\\\/author\\\/jonas-follonier\\\/\"}]}<\/script>\n<!-- \/ Yoast SEO Premium plugin. -->","yoast_head_json":{"title":"\u00abWippe ciao\u00bb, gibt es da etwas zu sagen?","robots":{"index":"index","follow":"follow","max-snippet":"max-snippet:-1","max-image-preview":"max-image-preview:large","max-video-preview":"max-video-preview:-1"},"canonical":"https:\/\/leregardlibre.com\/de\/literatur\/17898\/","og_locale":"de_DE","og_type":"article","og_title":"\u00abbascules ciao\u00bb, y a-t-il quelque chose \u00e0 dire?","og_description":"Les bouquins du mardi - Jonas Follonier Cette chronique sera accompagn\u00e9e d\u2019un article contradictoire ainsi que de deux po\u00e8mes extraits...","og_url":"https:\/\/leregardlibre.com\/de\/literatur\/17898\/","og_site_name":"Le Regard Libre","article_publisher":"https:\/\/www.facebook.com\/leregardlibre\/","article_author":"https:\/\/www.facebook.com\/jonas.follonier\/","article_published_time":"2018-11-27T19:00:36+00:00","article_modified_time":"2022-11-13T13:49:11+00:00","og_image":[{"width":1024,"height":566,"url":"https:\/\/leregardlibre.com\/wp-content\/uploads\/2018\/11\/IMG_2984-2575423139-1543355489891-1-1024x566.jpg","type":"image\/jpeg"}],"author":"Jonas Follonier","twitter_card":"summary_large_image","twitter_creator":"@LeRegardLibre","twitter_site":"@LeRegardLibre","twitter_misc":{"Verfasst von":"Jonas Follonier","Gesch\u00e4tzte Lesezeit":"3\u00a0Minuten"},"schema":{"@context":"https:\/\/schema.org","@graph":[{"@type":"Article","@id":"https:\/\/leregardlibre.com\/litterature\/17898\/#article","isPartOf":{"@id":"https:\/\/leregardlibre.com\/litterature\/17898\/"},"author":{"name":"Jonas Follonier","@id":"https:\/\/leregardlibre.com\/#\/schema\/person\/bfe5aa794a23be71485d60e2d93ec0d2"},"headline":"\u00abbascules ciao\u00bb, y a-t-il quelque chose \u00e0 dire?","datePublished":"2018-11-27T19:00:36+00:00","dateModified":"2022-11-13T13:49:11+00:00","mainEntityOfPage":{"@id":"https:\/\/leregardlibre.com\/litterature\/17898\/"},"wordCount":622,"commentCount":2,"publisher":{"@id":"https:\/\/leregardlibre.com\/#organization"},"image":{"@id":"https:\/\/leregardlibre.com\/litterature\/17898\/#primaryimage"},"thumbnailUrl":"https:\/\/leregardlibre.com\/wp-content\/uploads\/2018\/11\/IMG_2984-2575423139-1543355489891-1.jpg","keywords":["Critique litt\u00e9raire","Litt\u00e9rature francophone","Litt\u00e9rature romande","Po\u00e9sie","recueil","recueil de po\u00e8mes"],"articleSection":["Litt\u00e9rature"],"inLanguage":"de","potentialAction":[{"@type":"CommentAction","name":"Comment","target":["https:\/\/leregardlibre.com\/litterature\/17898\/#respond"]}]},{"@type":"WebPage","@id":"https:\/\/leregardlibre.com\/litterature\/17898\/","url":"https:\/\/leregardlibre.com\/litterature\/17898\/","name":"\u00abWippe ciao\u00bb, gibt es da etwas zu sagen?","isPartOf":{"@id":"https:\/\/leregardlibre.com\/#website"},"primaryImageOfPage":{"@id":"https:\/\/leregardlibre.com\/litterature\/17898\/#primaryimage"},"image":{"@id":"https:\/\/leregardlibre.com\/litterature\/17898\/#primaryimage"},"thumbnailUrl":"https:\/\/leregardlibre.com\/wp-content\/uploads\/2018\/11\/IMG_2984-2575423139-1543355489891-1.jpg","datePublished":"2018-11-27T19:00:36+00:00","dateModified":"2022-11-13T13:49:11+00:00","breadcrumb":{"@id":"https:\/\/leregardlibre.com\/litterature\/17898\/#breadcrumb"},"inLanguage":"de","potentialAction":[{"@type":"ReadAction","target":["https:\/\/leregardlibre.com\/litterature\/17898\/"]}]},{"@type":"ImageObject","inLanguage":"de","@id":"https:\/\/leregardlibre.com\/litterature\/17898\/#primaryimage","url":"https:\/\/leregardlibre.com\/wp-content\/uploads\/2018\/11\/IMG_2984-2575423139-1543355489891-1.jpg","contentUrl":"https:\/\/leregardlibre.com\/wp-content\/uploads\/2018\/11\/IMG_2984-2575423139-1543355489891-1.jpg","width":4032,"height":2228},{"@type":"BreadcrumbList","@id":"https:\/\/leregardlibre.com\/litterature\/17898\/#breadcrumb","itemListElement":[{"@type":"ListItem","position":1,"name":"Accueil","item":"https:\/\/leregardlibre.com\/"},{"@type":"ListItem","position":2,"name":"\u00abbascules ciao\u00bb, y a-t-il quelque chose \u00e0 dire?"}]},{"@type":"WebSite","@id":"https:\/\/leregardlibre.com\/#website","url":"https:\/\/leregardlibre.com\/","name":"Le Regard Libre","description":"Erste Schweizer Monatszeitschrift f\u00fcr Debatten","publisher":{"@id":"https:\/\/leregardlibre.com\/#organization"},"potentialAction":[{"@type":"SearchAction","target":{"@type":"EntryPoint","urlTemplate":"https:\/\/leregardlibre.com\/?s={search_term_string}"},"query-input":{"@type":"PropertyValueSpecification","valueRequired":true,"valueName":"search_term_string"}}],"inLanguage":"de"},{"@type":"Organization","@id":"https:\/\/leregardlibre.com\/#organization","name":"Le Regard Libre","url":"https:\/\/leregardlibre.com\/","logo":{"@type":"ImageObject","inLanguage":"de","@id":"https:\/\/leregardlibre.com\/#\/schema\/logo\/image\/","url":"https:\/\/leregardlibre.com\/wp-content\/uploads\/2025\/08\/logo-rl-icone-neg.jpeg","contentUrl":"https:\/\/leregardlibre.com\/wp-content\/uploads\/2025\/08\/logo-rl-icone-neg.jpeg","width":557,"height":556,"caption":"Le Regard Libre"},"image":{"@id":"https:\/\/leregardlibre.com\/#\/schema\/logo\/image\/"},"sameAs":["https:\/\/www.facebook.com\/leregardlibre\/","https:\/\/x.com\/LeRegardLibre","https:\/\/www.linkedin.com\/company\/le-regard-libre","https:\/\/www.instagram.com\/leregardlibre\/","http:\/\/t.me\/leregardlibre","https:\/\/youtube.com\/channel\/UC6HzGPomj1LsUmlz-sJtITQ"],"description":"Le Regard Libre ist eine Schweizer Monatszeitschrift f\u00fcr intellektuelle und kulturelle Debatten. Seine Redaktion ist jung, ehrenamtlich, liberal und pluralistisch. Das Magazin erscheint online und in gedruckter Form. Seine Sprache ist Franz\u00f6sisch.","email":"redaction@leregardlibre.com","legalName":"Le Regard Libre","foundingDate":"2014-01-01","numberOfEmployees":{"@type":"QuantitativeValue","minValue":"11","maxValue":"50"},"publishingPrinciples":"https:\/\/leregardlibre.com\/a-propos\/notre-manifeste\/","ownershipFundingInfo":"https:\/\/leregardlibre.com\/mentions-legales\/","actionableFeedbackPolicy":"https:\/\/leregardlibre.com\/conditions-generales-de-vente\/"},{"@type":"Person","@id":"https:\/\/leregardlibre.com\/#\/schema\/person\/bfe5aa794a23be71485d60e2d93ec0d2","name":"Jonas Follonier","image":{"@type":"ImageObject","inLanguage":"de","@id":"https:\/\/secure.gravatar.com\/avatar\/602060b40f6a458420c2d140f49b6caea99152ce6704f2c332e5a0c5aad80303?s=96&d=identicon&r=g","url":"https:\/\/secure.gravatar.com\/avatar\/602060b40f6a458420c2d140f49b6caea99152ce6704f2c332e5a0c5aad80303?s=96&d=identicon&r=g","contentUrl":"https:\/\/secure.gravatar.com\/avatar\/602060b40f6a458420c2d140f49b6caea99152ce6704f2c332e5a0c5aad80303?s=96&d=identicon&r=g","caption":"Jonas Follonier"},"description":"Jonas Follonier ist Chefredakteur von \u00abL\u2019Agefi\u00bb und Essayist sowie Gr\u00fcnder und Vorsitzender von \u00abRegard Libre\u00bb.","sameAs":["https:\/\/www.facebook.com\/jonas.follonier\/","https:\/\/www.instagram.com\/jonasfollonier\/","https:\/\/www.linkedin.com\/in\/jonasfollonier\/","https:\/\/fr.wikipedia.org\/wiki\/Le_Regard_libre"],"url":"https:\/\/leregardlibre.com\/de\/author\/jonas-follonier\/"}]}},"_links":{"self":[{"href":"https:\/\/leregardlibre.com\/de\/wp-json\/wp\/v2\/posts\/17898","targetHints":{"allow":["GET"]}}],"collection":[{"href":"https:\/\/leregardlibre.com\/de\/wp-json\/wp\/v2\/posts"}],"about":[{"href":"https:\/\/leregardlibre.com\/de\/wp-json\/wp\/v2\/types\/post"}],"author":[{"embeddable":true,"href":"https:\/\/leregardlibre.com\/de\/wp-json\/wp\/v2\/users\/138"}],"replies":[{"embeddable":true,"href":"https:\/\/leregardlibre.com\/de\/wp-json\/wp\/v2\/comments?post=17898"}],"version-history":[{"count":1,"href":"https:\/\/leregardlibre.com\/de\/wp-json\/wp\/v2\/posts\/17898\/revisions"}],"predecessor-version":[{"id":510210,"href":"https:\/\/leregardlibre.com\/de\/wp-json\/wp\/v2\/posts\/17898\/revisions\/510210"}],"wp:featuredmedia":[{"embeddable":true,"href":"https:\/\/leregardlibre.com\/de\/wp-json\/wp\/v2\/media\/510211"}],"wp:attachment":[{"href":"https:\/\/leregardlibre.com\/de\/wp-json\/wp\/v2\/media?parent=17898"}],"wp:term":[{"taxonomy":"category","embeddable":true,"href":"https:\/\/leregardlibre.com\/de\/wp-json\/wp\/v2\/categories?post=17898"},{"taxonomy":"post_tag","embeddable":true,"href":"https:\/\/leregardlibre.com\/de\/wp-json\/wp\/v2\/tags?post=17898"}],"curies":[{"name":"wp","href":"https:\/\/api.w.org\/{rel}","templated":true}]}}