{"id":17979,"date":"2018-11-30T18:00:50","date_gmt":"2018-11-30T17:00:50","guid":{"rendered":"https:\/\/leregardlibre.com\/?p=17979"},"modified":"2026-02-08T21:27:25","modified_gmt":"2026-02-08T20:27:25","slug":"le-lago-lodge-un-momument-seelandais","status":"publish","type":"post","link":"https:\/\/leregardlibre.com\/de\/gastronomie\/le-lago-lodge-un-momument-seelandais\/","title":{"rendered":"Die Lago Lodge, ein seel\u00e4ndisches Denkmal"},"content":{"rendered":"<p><em>Die Freitage der\u00a0<\/em><i>Mikrobrauerei - Max Moeschler<\/i><\/p>\n<p><strong>In Biel, am Ufer des gleichnamigen Sees, ist die Lago Lodge ein Muss, ein Geheimtipp f\u00fcr Bierliebhaber, aber nicht nur f\u00fcr diese. Die Lago Lodge vereint Jugendherberge, Restaurant und Brauerei unter einem Dach und ist seit 20 Jahren erfolgreich.<\/strong><!--more--><\/p>\n<p>Die Lago Lodge liegt ideal am Ufer des Bielersees, in der N\u00e4he des Bahnhofs, des Stadtzentrums und des gesch\u00e4ftigen Hafens von Nidau und k\u00f6nnte sich kaum eine bessere Lage w\u00fcnschen. Die 1999 gegr\u00fcndete Lodge genie\u00dft eine ideale Lage und wird von einer \u00e4u\u00dferst vielf\u00e4ltigen Klientel gesch\u00e4tzt. Der Ruf der Lagoago Lodge beruht vor allem auf ihren ber\u00fchmten Bieren (auf die ich noch zur\u00fcckkommen werde), aber auch die Jugendherberge zieht viele Touristen aus dem In- und Ausland sowie Klassen auf Klassenfahrt an. Das Restaurant bietet ausgezeichnete saisonale Gerichte und Produkte aus der Region.<\/p>\n<p>Die Brauerei, die sich direkt hinter der Bar befindet und f\u00fcr alle sichtbar ist, ist seit den Anf\u00e4ngen der Stolz des Lokals. Sie bietet das ganze Jahr \u00fcber ihre mittlerweile klassischen, deutsch inspirierten Biere an: helles, dunkles und das \u00absp\u00e9ciale\u00bb, ein \u00fcberraschend hanfhaltiges Bernstein, das zu einem der beliebtesten Biere der Welt geworden ist. <em>Bestseller<\/em> des Ortes. Zahlreiche Spezialbiere, die alle originell und typisch sind, bestimmen den Rhythmus des Jahres. Zu den beliebtesten Spezialbieren geh\u00f6ren \u00abl'abeille\u00bb, ein helles Honigbier, \u00abla cascade\u00bb, ein bernsteinfarbenes Bier, das seinen Namen dem aromatischen Hopfen verdankt, der f\u00fcr seine Kreation verwendet wurde, und \u00abginger\u00bb mit seinem starken Ingweraroma. Alle Biere werden aus biologischen und lokalen Zutaten hergestellt.<\/p>\n<p>Und schlie\u00dflich ist die N\u00e4he zu den Bieler Gymnasien sicherlich nicht ganz unschuldig an dem fast mythischen Status, den viele Einheimische dem Lokal verleihen. Denn viele von ihnen haben hier zum ersten Mal ihre noch z\u00f6gerlichen Lippen in ein Bier (ob selbstgebraut oder nicht) getaucht. Diese hopfenhaltigen, verbotenen und manchmal exzessiven Eskapaden sind in der Region noch immer in Erinnerung und verleihen dem begehrten Geschmack der Biere der Lago Lodge den unnachahmlichen Geschmack der Nostalgie.<\/p>\n<p><em>Schreiben Sie dem Autor: <a href=\"mailto:max.moeschler@leregardlibre.com\">max.moeschler@leregardlibre.com<\/a><\/em><\/p>\n<p>Fotocredit: \u00a9 Lago Lodge<\/p>","protected":false},"excerpt":{"rendered":"<p>Les vendredis de la\u00a0microbrasserie &#8211; Max Moeschler A Bienne, au bord du lac du m\u00eame nom, le Lago Lodge s\u2019impose&#8230;<\/p>","protected":false},"author":100,"featured_media":17980,"comment_status":"open","ping_status":"open","sticky":false,"template":"","format":"standard","meta":{"_acf_changed":false,"footnotes":""},"categories":[42546],"tags":[2385984,241857,644358370,3079770,2821424,644340564,644340565,2846757,644340563],"class_list":["post-17979","post","type-post","status-publish","format-standard","has-post-thumbnail","hentry","category-gastronomie","tag-bienne","tag-biere","tag-biere-ambree","tag-biere-artisanale","tag-brasserie-artisanale","tag-lago","tag-lago-lodge","tag-microbrasserie","tag-nidau"],"acf":[],"yoast_head":"<!-- This site is optimized with the Yoast SEO Premium plugin v27.4 (Yoast SEO v27.4) - https:\/\/yoast.com\/product\/yoast-seo-premium-wordpress\/ -->\n<title>Le Lago Lodge, un monument seelandais<\/title>\n<meta name=\"robots\" content=\"index, follow, max-snippet:-1, max-image-preview:large, max-video-preview:-1\" \/>\n<link rel=\"canonical\" href=\"https:\/\/leregardlibre.com\/de\/gastronomie\/le-lago-lodge-un-momument-seelandais\/\" \/>\n<meta property=\"og:locale\" content=\"de_DE\" \/>\n<meta property=\"og:type\" content=\"article\" \/>\n<meta property=\"og:title\" content=\"Le Lago Lodge, un monument seelandais\" \/>\n<meta property=\"og:description\" content=\"Les vendredis de la\u00a0microbrasserie - Max Moeschler A Bienne, au bord du lac du m\u00eame nom, le Lago Lodge s\u2019impose...\" \/>\n<meta property=\"og:url\" content=\"https:\/\/leregardlibre.com\/de\/gastronomie\/le-lago-lodge-un-momument-seelandais\/\" \/>\n<meta property=\"og:site_name\" content=\"Le Regard Libre\" \/>\n<meta property=\"article:publisher\" content=\"https:\/\/www.facebook.com\/leregardlibre\/\" \/>\n<meta property=\"article:published_time\" content=\"2018-11-30T17:00:50+00:00\" \/>\n<meta property=\"article:modified_time\" content=\"2026-02-08T20:27:25+00:00\" \/>\n<meta property=\"og:image\" content=\"https:\/\/leregardlibre.com\/wp-content\/uploads\/2018\/11\/dialodge03.jpg__1560x800_q85_crop-1_subsampling-2_upscale-1.jpg\" \/>\n\t<meta property=\"og:image:width\" content=\"1560\" \/>\n\t<meta property=\"og:image:height\" content=\"800\" \/>\n\t<meta property=\"og:image:type\" content=\"image\/jpeg\" \/>\n<meta name=\"author\" content=\"Max Moeschler\" \/>\n<meta name=\"twitter:card\" content=\"summary_large_image\" \/>\n<meta name=\"twitter:creator\" content=\"@LeRegardLibre\" \/>\n<meta name=\"twitter:site\" content=\"@LeRegardLibre\" \/>\n<meta name=\"twitter:label1\" content=\"Verfasst von\" \/>\n\t<meta name=\"twitter:data1\" content=\"Max Moeschler\" \/>\n\t<meta name=\"twitter:label2\" content=\"Gesch\u00e4tzte Lesezeit\" \/>\n\t<meta name=\"twitter:data2\" content=\"2\u00a0Minuten\" \/>\n<script type=\"application\/ld+json\" class=\"yoast-schema-graph\">{\"@context\":\"https:\\\/\\\/schema.org\",\"@graph\":[{\"@type\":\"Article\",\"@id\":\"https:\\\/\\\/leregardlibre.com\\\/gastronomie\\\/le-lago-lodge-un-momument-seelandais\\\/#article\",\"isPartOf\":{\"@id\":\"https:\\\/\\\/leregardlibre.com\\\/gastronomie\\\/le-lago-lodge-un-momument-seelandais\\\/\"},\"author\":{\"name\":\"Max Moeschler\",\"@id\":\"https:\\\/\\\/leregardlibre.com\\\/#\\\/schema\\\/person\\\/439e8d2dc64266e912da6f674b0b2c4b\"},\"headline\":\"Le Lago Lodge, un monument seelandais\",\"datePublished\":\"2018-11-30T17:00:50+00:00\",\"dateModified\":\"2026-02-08T20:27:25+00:00\",\"mainEntityOfPage\":{\"@id\":\"https:\\\/\\\/leregardlibre.com\\\/gastronomie\\\/le-lago-lodge-un-momument-seelandais\\\/\"},\"wordCount\":438,\"commentCount\":0,\"publisher\":{\"@id\":\"https:\\\/\\\/leregardlibre.com\\\/#organization\"},\"image\":{\"@id\":\"https:\\\/\\\/leregardlibre.com\\\/gastronomie\\\/le-lago-lodge-un-momument-seelandais\\\/#primaryimage\"},\"thumbnailUrl\":\"https:\\\/\\\/leregardlibre.com\\\/wp-content\\\/uploads\\\/2018\\\/11\\\/dialodge03.jpg__1560x800_q85_crop-1_subsampling-2_upscale-1.jpg\",\"keywords\":[\"Bienne\",\"Bi\u00e8re\",\"Bi\u00e8re ambr\u00e9e\",\"Bi\u00e8re artisanale\",\"Brasseries artisanales\",\"lago\",\"lago lodge\",\"Microbrasseries\",\"nidau\"],\"articleSection\":[\"Gastronomie\"],\"inLanguage\":\"de\",\"potentialAction\":[{\"@type\":\"CommentAction\",\"name\":\"Comment\",\"target\":[\"https:\\\/\\\/leregardlibre.com\\\/gastronomie\\\/le-lago-lodge-un-momument-seelandais\\\/#respond\"]}]},{\"@type\":\"WebPage\",\"@id\":\"https:\\\/\\\/leregardlibre.com\\\/gastronomie\\\/le-lago-lodge-un-momument-seelandais\\\/\",\"url\":\"https:\\\/\\\/leregardlibre.com\\\/gastronomie\\\/le-lago-lodge-un-momument-seelandais\\\/\",\"name\":\"Le Lago Lodge, un monument seelandais\",\"isPartOf\":{\"@id\":\"https:\\\/\\\/leregardlibre.com\\\/#website\"},\"primaryImageOfPage\":{\"@id\":\"https:\\\/\\\/leregardlibre.com\\\/gastronomie\\\/le-lago-lodge-un-momument-seelandais\\\/#primaryimage\"},\"image\":{\"@id\":\"https:\\\/\\\/leregardlibre.com\\\/gastronomie\\\/le-lago-lodge-un-momument-seelandais\\\/#primaryimage\"},\"thumbnailUrl\":\"https:\\\/\\\/leregardlibre.com\\\/wp-content\\\/uploads\\\/2018\\\/11\\\/dialodge03.jpg__1560x800_q85_crop-1_subsampling-2_upscale-1.jpg\",\"datePublished\":\"2018-11-30T17:00:50+00:00\",\"dateModified\":\"2026-02-08T20:27:25+00:00\",\"breadcrumb\":{\"@id\":\"https:\\\/\\\/leregardlibre.com\\\/gastronomie\\\/le-lago-lodge-un-momument-seelandais\\\/#breadcrumb\"},\"inLanguage\":\"de\",\"potentialAction\":[{\"@type\":\"ReadAction\",\"target\":[\"https:\\\/\\\/leregardlibre.com\\\/gastronomie\\\/le-lago-lodge-un-momument-seelandais\\\/\"]}]},{\"@type\":\"ImageObject\",\"inLanguage\":\"de\",\"@id\":\"https:\\\/\\\/leregardlibre.com\\\/gastronomie\\\/le-lago-lodge-un-momument-seelandais\\\/#primaryimage\",\"url\":\"https:\\\/\\\/leregardlibre.com\\\/wp-content\\\/uploads\\\/2018\\\/11\\\/dialodge03.jpg__1560x800_q85_crop-1_subsampling-2_upscale-1.jpg\",\"contentUrl\":\"https:\\\/\\\/leregardlibre.com\\\/wp-content\\\/uploads\\\/2018\\\/11\\\/dialodge03.jpg__1560x800_q85_crop-1_subsampling-2_upscale-1.jpg\",\"width\":1560,\"height\":800},{\"@type\":\"BreadcrumbList\",\"@id\":\"https:\\\/\\\/leregardlibre.com\\\/gastronomie\\\/le-lago-lodge-un-momument-seelandais\\\/#breadcrumb\",\"itemListElement\":[{\"@type\":\"ListItem\",\"position\":1,\"name\":\"Accueil\",\"item\":\"https:\\\/\\\/leregardlibre.com\\\/\"},{\"@type\":\"ListItem\",\"position\":2,\"name\":\"Le Lago Lodge, un monument seelandais\"}]},{\"@type\":\"WebSite\",\"@id\":\"https:\\\/\\\/leregardlibre.com\\\/#website\",\"url\":\"https:\\\/\\\/leregardlibre.com\\\/\",\"name\":\"Le Regard Libre\",\"description\":\"Premier mensuel suisse de d\u00e9bat\",\"publisher\":{\"@id\":\"https:\\\/\\\/leregardlibre.com\\\/#organization\"},\"potentialAction\":[{\"@type\":\"SearchAction\",\"target\":{\"@type\":\"EntryPoint\",\"urlTemplate\":\"https:\\\/\\\/leregardlibre.com\\\/?s={search_term_string}\"},\"query-input\":{\"@type\":\"PropertyValueSpecification\",\"valueRequired\":true,\"valueName\":\"search_term_string\"}}],\"inLanguage\":\"de\"},{\"@type\":\"Organization\",\"@id\":\"https:\\\/\\\/leregardlibre.com\\\/#organization\",\"name\":\"Le Regard Libre\",\"url\":\"https:\\\/\\\/leregardlibre.com\\\/\",\"logo\":{\"@type\":\"ImageObject\",\"inLanguage\":\"de\",\"@id\":\"https:\\\/\\\/leregardlibre.com\\\/#\\\/schema\\\/logo\\\/image\\\/\",\"url\":\"https:\\\/\\\/leregardlibre.com\\\/wp-content\\\/uploads\\\/2025\\\/08\\\/logo-rl-icone-neg.jpeg\",\"contentUrl\":\"https:\\\/\\\/leregardlibre.com\\\/wp-content\\\/uploads\\\/2025\\\/08\\\/logo-rl-icone-neg.jpeg\",\"width\":557,\"height\":556,\"caption\":\"Le Regard Libre\"},\"image\":{\"@id\":\"https:\\\/\\\/leregardlibre.com\\\/#\\\/schema\\\/logo\\\/image\\\/\"},\"sameAs\":[\"https:\\\/\\\/www.facebook.com\\\/leregardlibre\\\/\",\"https:\\\/\\\/x.com\\\/LeRegardLibre\",\"https:\\\/\\\/www.linkedin.com\\\/company\\\/le-regard-libre\",\"https:\\\/\\\/www.instagram.com\\\/leregardlibre\\\/\",\"http:\\\/\\\/t.me\\\/leregardlibre\",\"https:\\\/\\\/youtube.com\\\/channel\\\/UC6HzGPomj1LsUmlz-sJtITQ\"],\"description\":\"Le Regard Libre est un mensuel suisse de d\u00e9bat intellectuel et culturel. Sa r\u00e9daction est jeune, b\u00e9n\u00e9vole, lib\u00e9rale et pluraliste. Le magazine para\u00eet en ligne et sous forme papier. Sa langue est le fran\u00e7ais.\",\"email\":\"redaction@leregardlibre.com\",\"legalName\":\"Le Regard Libre\",\"foundingDate\":\"2014-01-01\",\"numberOfEmployees\":{\"@type\":\"QuantitativeValue\",\"minValue\":\"11\",\"maxValue\":\"50\"},\"publishingPrinciples\":\"https:\\\/\\\/leregardlibre.com\\\/a-propos\\\/notre-manifeste\\\/\",\"ownershipFundingInfo\":\"https:\\\/\\\/leregardlibre.com\\\/mentions-legales\\\/\",\"actionableFeedbackPolicy\":\"https:\\\/\\\/leregardlibre.com\\\/conditions-generales-de-vente\\\/\"},{\"@type\":\"Person\",\"@id\":\"https:\\\/\\\/leregardlibre.com\\\/#\\\/schema\\\/person\\\/439e8d2dc64266e912da6f674b0b2c4b\",\"name\":\"Max Moeschler\",\"image\":{\"@type\":\"ImageObject\",\"inLanguage\":\"de\",\"@id\":\"https:\\\/\\\/secure.gravatar.com\\\/avatar\\\/a68b78ce98e86136d3956bc6f17e4879a7897c9744bef17da17a56ef38a02555?s=96&d=identicon&r=g\",\"url\":\"https:\\\/\\\/secure.gravatar.com\\\/avatar\\\/a68b78ce98e86136d3956bc6f17e4879a7897c9744bef17da17a56ef38a02555?s=96&d=identicon&r=g\",\"contentUrl\":\"https:\\\/\\\/secure.gravatar.com\\\/avatar\\\/a68b78ce98e86136d3956bc6f17e4879a7897c9744bef17da17a56ef38a02555?s=96&d=identicon&r=g\",\"caption\":\"Max Moeschler\"},\"sameAs\":[\"https:\\\/\\\/leregardlibre.com\\\/\",\"https:\\\/\\\/fr.wikipedia.org\\\/wiki\\\/Le_Regard_libre\"],\"url\":\"https:\\\/\\\/leregardlibre.com\\\/de\\\/author\\\/max-moeschler\\\/\"}]}<\/script>\n<!-- \/ Yoast SEO Premium plugin. -->","yoast_head_json":{"title":"Die Lago Lodge, ein seel\u00e4ndisches Denkmal","robots":{"index":"index","follow":"follow","max-snippet":"max-snippet:-1","max-image-preview":"max-image-preview:large","max-video-preview":"max-video-preview:-1"},"canonical":"https:\/\/leregardlibre.com\/de\/gastronomie\/le-lago-lodge-un-momument-seelandais\/","og_locale":"de_DE","og_type":"article","og_title":"Le Lago Lodge, un monument seelandais","og_description":"Les vendredis de la\u00a0microbrasserie - Max Moeschler A Bienne, au bord du lac du m\u00eame nom, le Lago Lodge s\u2019impose...","og_url":"https:\/\/leregardlibre.com\/de\/gastronomie\/le-lago-lodge-un-momument-seelandais\/","og_site_name":"Le Regard Libre","article_publisher":"https:\/\/www.facebook.com\/leregardlibre\/","article_published_time":"2018-11-30T17:00:50+00:00","article_modified_time":"2026-02-08T20:27:25+00:00","og_image":[{"width":1560,"height":800,"url":"https:\/\/leregardlibre.com\/wp-content\/uploads\/2018\/11\/dialodge03.jpg__1560x800_q85_crop-1_subsampling-2_upscale-1.jpg","type":"image\/jpeg"}],"author":"Max Moeschler","twitter_card":"summary_large_image","twitter_creator":"@LeRegardLibre","twitter_site":"@LeRegardLibre","twitter_misc":{"Verfasst von":"Max Moeschler","Gesch\u00e4tzte Lesezeit":"2\u00a0Minuten"},"schema":{"@context":"https:\/\/schema.org","@graph":[{"@type":"Article","@id":"https:\/\/leregardlibre.com\/gastronomie\/le-lago-lodge-un-momument-seelandais\/#article","isPartOf":{"@id":"https:\/\/leregardlibre.com\/gastronomie\/le-lago-lodge-un-momument-seelandais\/"},"author":{"name":"Max Moeschler","@id":"https:\/\/leregardlibre.com\/#\/schema\/person\/439e8d2dc64266e912da6f674b0b2c4b"},"headline":"Le Lago Lodge, un monument seelandais","datePublished":"2018-11-30T17:00:50+00:00","dateModified":"2026-02-08T20:27:25+00:00","mainEntityOfPage":{"@id":"https:\/\/leregardlibre.com\/gastronomie\/le-lago-lodge-un-momument-seelandais\/"},"wordCount":438,"commentCount":0,"publisher":{"@id":"https:\/\/leregardlibre.com\/#organization"},"image":{"@id":"https:\/\/leregardlibre.com\/gastronomie\/le-lago-lodge-un-momument-seelandais\/#primaryimage"},"thumbnailUrl":"https:\/\/leregardlibre.com\/wp-content\/uploads\/2018\/11\/dialodge03.jpg__1560x800_q85_crop-1_subsampling-2_upscale-1.jpg","keywords":["Bienne","Bi\u00e8re","Bi\u00e8re ambr\u00e9e","Bi\u00e8re artisanale","Brasseries artisanales","lago","lago lodge","Microbrasseries","nidau"],"articleSection":["Gastronomie"],"inLanguage":"de","potentialAction":[{"@type":"CommentAction","name":"Comment","target":["https:\/\/leregardlibre.com\/gastronomie\/le-lago-lodge-un-momument-seelandais\/#respond"]}]},{"@type":"WebPage","@id":"https:\/\/leregardlibre.com\/gastronomie\/le-lago-lodge-un-momument-seelandais\/","url":"https:\/\/leregardlibre.com\/gastronomie\/le-lago-lodge-un-momument-seelandais\/","name":"Die Lago Lodge, ein seel\u00e4ndisches Denkmal","isPartOf":{"@id":"https:\/\/leregardlibre.com\/#website"},"primaryImageOfPage":{"@id":"https:\/\/leregardlibre.com\/gastronomie\/le-lago-lodge-un-momument-seelandais\/#primaryimage"},"image":{"@id":"https:\/\/leregardlibre.com\/gastronomie\/le-lago-lodge-un-momument-seelandais\/#primaryimage"},"thumbnailUrl":"https:\/\/leregardlibre.com\/wp-content\/uploads\/2018\/11\/dialodge03.jpg__1560x800_q85_crop-1_subsampling-2_upscale-1.jpg","datePublished":"2018-11-30T17:00:50+00:00","dateModified":"2026-02-08T20:27:25+00:00","breadcrumb":{"@id":"https:\/\/leregardlibre.com\/gastronomie\/le-lago-lodge-un-momument-seelandais\/#breadcrumb"},"inLanguage":"de","potentialAction":[{"@type":"ReadAction","target":["https:\/\/leregardlibre.com\/gastronomie\/le-lago-lodge-un-momument-seelandais\/"]}]},{"@type":"ImageObject","inLanguage":"de","@id":"https:\/\/leregardlibre.com\/gastronomie\/le-lago-lodge-un-momument-seelandais\/#primaryimage","url":"https:\/\/leregardlibre.com\/wp-content\/uploads\/2018\/11\/dialodge03.jpg__1560x800_q85_crop-1_subsampling-2_upscale-1.jpg","contentUrl":"https:\/\/leregardlibre.com\/wp-content\/uploads\/2018\/11\/dialodge03.jpg__1560x800_q85_crop-1_subsampling-2_upscale-1.jpg","width":1560,"height":800},{"@type":"BreadcrumbList","@id":"https:\/\/leregardlibre.com\/gastronomie\/le-lago-lodge-un-momument-seelandais\/#breadcrumb","itemListElement":[{"@type":"ListItem","position":1,"name":"Accueil","item":"https:\/\/leregardlibre.com\/"},{"@type":"ListItem","position":2,"name":"Le Lago Lodge, un monument seelandais"}]},{"@type":"WebSite","@id":"https:\/\/leregardlibre.com\/#website","url":"https:\/\/leregardlibre.com\/","name":"Le Regard Libre","description":"Erste Schweizer Monatszeitschrift f\u00fcr Debatten","publisher":{"@id":"https:\/\/leregardlibre.com\/#organization"},"potentialAction":[{"@type":"SearchAction","target":{"@type":"EntryPoint","urlTemplate":"https:\/\/leregardlibre.com\/?s={search_term_string}"},"query-input":{"@type":"PropertyValueSpecification","valueRequired":true,"valueName":"search_term_string"}}],"inLanguage":"de"},{"@type":"Organization","@id":"https:\/\/leregardlibre.com\/#organization","name":"Le Regard Libre","url":"https:\/\/leregardlibre.com\/","logo":{"@type":"ImageObject","inLanguage":"de","@id":"https:\/\/leregardlibre.com\/#\/schema\/logo\/image\/","url":"https:\/\/leregardlibre.com\/wp-content\/uploads\/2025\/08\/logo-rl-icone-neg.jpeg","contentUrl":"https:\/\/leregardlibre.com\/wp-content\/uploads\/2025\/08\/logo-rl-icone-neg.jpeg","width":557,"height":556,"caption":"Le Regard Libre"},"image":{"@id":"https:\/\/leregardlibre.com\/#\/schema\/logo\/image\/"},"sameAs":["https:\/\/www.facebook.com\/leregardlibre\/","https:\/\/x.com\/LeRegardLibre","https:\/\/www.linkedin.com\/company\/le-regard-libre","https:\/\/www.instagram.com\/leregardlibre\/","http:\/\/t.me\/leregardlibre","https:\/\/youtube.com\/channel\/UC6HzGPomj1LsUmlz-sJtITQ"],"description":"Le Regard Libre ist eine Schweizer Monatszeitschrift f\u00fcr intellektuelle und kulturelle Debatten. Seine Redaktion ist jung, ehrenamtlich, liberal und pluralistisch. Das Magazin erscheint online und in gedruckter Form. Seine Sprache ist Franz\u00f6sisch.","email":"redaction@leregardlibre.com","legalName":"Le Regard Libre","foundingDate":"2014-01-01","numberOfEmployees":{"@type":"QuantitativeValue","minValue":"11","maxValue":"50"},"publishingPrinciples":"https:\/\/leregardlibre.com\/a-propos\/notre-manifeste\/","ownershipFundingInfo":"https:\/\/leregardlibre.com\/mentions-legales\/","actionableFeedbackPolicy":"https:\/\/leregardlibre.com\/conditions-generales-de-vente\/"},{"@type":"Person","@id":"https:\/\/leregardlibre.com\/#\/schema\/person\/439e8d2dc64266e912da6f674b0b2c4b","name":"Max Moeschler","image":{"@type":"ImageObject","inLanguage":"de","@id":"https:\/\/secure.gravatar.com\/avatar\/a68b78ce98e86136d3956bc6f17e4879a7897c9744bef17da17a56ef38a02555?s=96&d=identicon&r=g","url":"https:\/\/secure.gravatar.com\/avatar\/a68b78ce98e86136d3956bc6f17e4879a7897c9744bef17da17a56ef38a02555?s=96&d=identicon&r=g","contentUrl":"https:\/\/secure.gravatar.com\/avatar\/a68b78ce98e86136d3956bc6f17e4879a7897c9744bef17da17a56ef38a02555?s=96&d=identicon&r=g","caption":"Max Moeschler"},"sameAs":["https:\/\/leregardlibre.com\/","https:\/\/fr.wikipedia.org\/wiki\/Le_Regard_libre"],"url":"https:\/\/leregardlibre.com\/de\/author\/max-moeschler\/"}]}},"_links":{"self":[{"href":"https:\/\/leregardlibre.com\/de\/wp-json\/wp\/v2\/posts\/17979","targetHints":{"allow":["GET"]}}],"collection":[{"href":"https:\/\/leregardlibre.com\/de\/wp-json\/wp\/v2\/posts"}],"about":[{"href":"https:\/\/leregardlibre.com\/de\/wp-json\/wp\/v2\/types\/post"}],"author":[{"embeddable":true,"href":"https:\/\/leregardlibre.com\/de\/wp-json\/wp\/v2\/users\/100"}],"replies":[{"embeddable":true,"href":"https:\/\/leregardlibre.com\/de\/wp-json\/wp\/v2\/comments?post=17979"}],"version-history":[{"count":1,"href":"https:\/\/leregardlibre.com\/de\/wp-json\/wp\/v2\/posts\/17979\/revisions"}],"predecessor-version":[{"id":510221,"href":"https:\/\/leregardlibre.com\/de\/wp-json\/wp\/v2\/posts\/17979\/revisions\/510221"}],"wp:featuredmedia":[{"embeddable":true,"href":"https:\/\/leregardlibre.com\/de\/wp-json\/wp\/v2\/media\/17980"}],"wp:attachment":[{"href":"https:\/\/leregardlibre.com\/de\/wp-json\/wp\/v2\/media?parent=17979"}],"wp:term":[{"taxonomy":"category","embeddable":true,"href":"https:\/\/leregardlibre.com\/de\/wp-json\/wp\/v2\/categories?post=17979"},{"taxonomy":"post_tag","embeddable":true,"href":"https:\/\/leregardlibre.com\/de\/wp-json\/wp\/v2\/tags?post=17979"}],"curies":[{"name":"wp","href":"https:\/\/api.w.org\/{rel}","templated":true}]}}