{"id":18213,"date":"2018-12-12T19:07:47","date_gmt":"2018-12-12T18:07:47","guid":{"rendered":"https:\/\/leregardlibre.com\/?p=18213"},"modified":"2025-12-04T22:38:55","modified_gmt":"2025-12-04T21:38:55","slug":"asterix-das-geheimnis-des-zaubertranks","status":"publish","type":"post","link":"https:\/\/leregardlibre.com\/de\/kino\/filme\/asterix-das-geheimnis-des-zaubertranks\/","title":{"rendered":"\u00abAsterix - Das Geheimnis des Zaubertranks\u00bb"},"content":{"rendered":"<p><em>Les mercredidis du cin\u00e9ma - Jonas Follonier<\/em><\/p>\n<p><strong>Der Animationsfilm <em>Asterix - Das Geheimnis des Zaubertranks <\/em>ist ein gro\u00dfer Erfolg. Indem er alle Zutaten eines Kinderfilms vereint, begeistert er auch die \u00e4lteren Kinder. Einige Eindr\u00fccke.<\/strong><\/p>\n<p>Ein Zeichentrickfilm? Bin ich wirklich auf dem Weg ins Kino, um mir das anzusehen? Das waren nat\u00fcrlich die Gedanken des vorurteilsbehafteten Menschen, der ich bin. Aber zum Gl\u00fcck ist die Neugier immer mit von der Partie. Und wie positiv \u00fcberrascht war ich, als ich auf die Leinwand blickte, denn das, was mir geboten wurde, war nicht nur eine gute Zeit, sondern ein echtes Spektakel. Wie die Waadtl\u00e4nder sagen w\u00fcrden, wurde ich \u00abauf gute Weise entt\u00e4uscht\u00bb.<\/p>\n\n\n<!--more-->\n\n\n<h3>Die Zutaten f\u00fcr einen guten Animationsfilm<\/h3>\n<p>Einen Zeichentrickfilm zu sehen, ist in gewisser Weise der Besuch eines <em>Schicksal <\/em>animiert ist. In einem gelungenen Animationsfilm, wie es hier der Fall ist, werden uns viele Abenteuer, viele Farben und viele Charaktere pr\u00e4sentiert. <em>Asterix - Das Geheimnis des Zaubertranks<\/em>, Die Geschichte des Druiden Miraculix, der das Dorf auf der Suche nach einem Nachfolger f\u00fcr seine magischen F\u00e4higkeiten mitrei\u00dft, hat den gro\u00dfen Vorteil, dass sie immer im Rhythmus bleibt. Der Film ist eine gute Inspiration f\u00fcr zeitgen\u00f6ssische Filmemacher, die in der Nouvelle Vague steckengeblieben sind.<\/p>\n<p>Ein Animationsfilm, wie er im Buche steht, hat auch den Vorzug, dass er auf eine hochwertige Instrumentalmusik z\u00e4hlen kann. Die klassische Musik, mit der der Prolog von\u2019<em>Asterix <\/em>ist w\u00fcrdig des gro\u00dfen <i>Tom und Jerry<\/i>. Aber zu diesem Zeitpunkt haben Sie noch nichts gesehen, oder besser gesagt, nichts geh\u00f6rt. Warten Sie, bis der Vorspann l\u00e4uft. Dabei entsteht das, was der franz\u00f6sische Philosoph Henri Bergson als die Essenz des Komischen bezeichnete: die Steifheit des Mechanischen, wo man Leben erwarten w\u00fcrde.<\/p>\n<p>Tiere sind an sich schon lachhaft: Wenn man dar\u00fcber nachdenkt, ist ein Tier lustig. Es ist immer lustig. Vor allem in einem Animationsfilm. Wer w\u00e4re so anma\u00dfend zu behaupten, er k\u00f6nne es mit dem Menschen aufnehmen, der allein den Schl\u00fcssel zur Sprache, zur Vernunft und - eben - zum Lachen in der Hand h\u00e4lt?<\/p>\n<h3>Schon allein die Stimme von Christian Clavier ist lustig<\/h3>\n<p>Verweilen wir auch, wenn Sie noch bei mir sind, bei den Stimmen <em>off<\/em>. Die Stimmen der Charaktere sind ein grundlegendes Element in Filmen dieser Art und haben mit Sicherheit einen gro\u00dfen Einfluss auf den Zuschauer und seine Gef\u00fchle. Bei Asterix war es nat\u00fcrlich Christian Clavier, der den Gallier in den Filmen gesprochen hatte. Ein bisschen l\u00e4cherlich, denkt man sich kurz, wenn man an die blonden Haare des nicht mehr ganz so jungen Darstellers denkt, der von einem nicht mehr ganz so jungen Schauspieler synchronisiert wird. Aber was f\u00fcr eine lustige Stimme!<\/p>\n<p>Ein Zeichentrickfilm l\u00e4sst uns noch mehr dar\u00fcber nachdenken, was die Stimme dieses Franzosen so einzigartig macht, der Jacquouille so oft in <em>Die Besucher <\/em>als Claude Verneuil in <em>Was haben wir dem lieben Gott getan?<\/em>. Und vielleicht k\u00f6nnen wir auf ein Element hinweisen: die Aussprache des nasalen Diphthongs \u00abin\u00bb, oder \u00abhein\u00bb, wenn Sie so wollen. Stellen Sie sich vor, Asterix im <i>Design<\/i> und kleben Sie den Satz von Clavier darauf: \u00abWas ist das f\u00fcr ein Zinziiin? Ist er aus Coiiin?\u00bb, oder: \u00abEr ist diiingue!\u00bb. Sehr lustig, aber sehr lustig!<\/p>\n<p>Das ist die Macht des Animationsfilms. Und besonders von\u2019<em>Asterix - Das Geheimnis des Zaubertranks<\/em> unter der Regie von Louis Clichy und Alexandre Astier. Uns eine gute Zeit zu bereiten. Ob wir die Mechanismen des Films durchschauen oder nicht. Kurz gesagt, ob wir ein Kind oder ein Erwachsener sind. Die Botschaften, die der Film in Bezug auf die Gesellschaft, in der wir leben, vermitteln kann, sind zweitrangig. Wir sollten uns am\u00fcsieren und Wildschweine essen.<\/p>\n<p><em>Schreiben Sie dem Autor: <a href=\"mailto:jonas.follonier@leregardlibre.com\">jonas.follonier@leregardlibre.com<\/a><\/em><\/p>\n<p>Fotocredit: \u00a9 Path\u00e9 Films AG<\/p>","protected":false},"excerpt":{"rendered":"<p>Les mercredis du cin\u00e9ma &#8211; Jonas Follonier Le film d&#8217;animation Ast\u00e9rix &#8211; Le secret de la potion magique est une&#8230;<\/p>","protected":false},"author":138,"featured_media":510243,"comment_status":"open","ping_status":"open","sticky":false,"template":"","format":"standard","meta":{"_acf_changed":false,"footnotes":""},"categories":[644355829],"tags":[644340642,644340643,782333,488324,4749605,5265466,644340644,644340645,62632,2001352],"class_list":["post-18213","post","type-post","status-publish","format-standard","has-post-thumbnail","hentry","category-films","tag-asterix","tag-asterix-le-secret-de-la-potion-magique","tag-christian-clavier","tag-musique-classique","tag-musique-de-film","tag-musique-instrumentale","tag-obelix","tag-philippe-rombi","tag-voix","tag-voix-off"],"acf":[],"yoast_head":"<!-- This site is optimized with the Yoast SEO Premium plugin v27.4 (Yoast SEO v27.4) - https:\/\/yoast.com\/product\/yoast-seo-premium-wordpress\/ -->\n<title>\u00abAst\u00e9rix - Le secret de la potion magique\u00bb<\/title>\n<meta name=\"robots\" content=\"index, follow, max-snippet:-1, max-image-preview:large, max-video-preview:-1\" \/>\n<link rel=\"canonical\" href=\"https:\/\/leregardlibre.com\/de\/kino\/filme\/asterix-das-geheimnis-des-zaubertranks\/\" \/>\n<meta property=\"og:locale\" content=\"de_DE\" \/>\n<meta property=\"og:type\" content=\"article\" \/>\n<meta property=\"og:title\" content=\"\u00abAst\u00e9rix - Le secret de la potion magique\u00bb\" \/>\n<meta property=\"og:description\" content=\"Les mercredis du cin\u00e9ma - Jonas Follonier Le film d&#039;animation Ast\u00e9rix - Le secret de la potion magique est une...\" \/>\n<meta property=\"og:url\" content=\"https:\/\/leregardlibre.com\/de\/kino\/filme\/asterix-das-geheimnis-des-zaubertranks\/\" \/>\n<meta property=\"og:site_name\" content=\"Le Regard Libre\" \/>\n<meta property=\"article:publisher\" content=\"https:\/\/www.facebook.com\/leregardlibre\/\" \/>\n<meta property=\"article:author\" content=\"https:\/\/www.facebook.com\/jonas.follonier\/\" \/>\n<meta property=\"article:published_time\" content=\"2018-12-12T18:07:47+00:00\" \/>\n<meta property=\"article:modified_time\" content=\"2025-12-04T21:38:55+00:00\" \/>\n<meta property=\"og:image\" content=\"https:\/\/leregardlibre.com\/wp-content\/uploads\/2018\/12\/\u00a9-Pathe-Films-AG-3-1024x429.jpg\" \/>\n\t<meta property=\"og:image:width\" content=\"1024\" \/>\n\t<meta property=\"og:image:height\" content=\"429\" \/>\n\t<meta property=\"og:image:type\" content=\"image\/jpeg\" \/>\n<meta name=\"author\" content=\"Jonas Follonier\" \/>\n<meta name=\"twitter:card\" content=\"summary_large_image\" \/>\n<meta name=\"twitter:creator\" content=\"@LeRegardLibre\" \/>\n<meta name=\"twitter:site\" content=\"@LeRegardLibre\" \/>\n<meta name=\"twitter:label1\" content=\"Verfasst von\" \/>\n\t<meta name=\"twitter:data1\" content=\"Jonas Follonier\" \/>\n\t<meta name=\"twitter:label2\" content=\"Gesch\u00e4tzte Lesezeit\" \/>\n\t<meta name=\"twitter:data2\" content=\"4\u00a0Minuten\" \/>\n<script type=\"application\/ld+json\" class=\"yoast-schema-graph\">{\"@context\":\"https:\\\/\\\/schema.org\",\"@graph\":[{\"@type\":\"Article\",\"@id\":\"https:\\\/\\\/leregardlibre.com\\\/cinema\\\/films\\\/asterix-le-secret-de-la-potion-magique\\\/#article\",\"isPartOf\":{\"@id\":\"https:\\\/\\\/leregardlibre.com\\\/cinema\\\/films\\\/asterix-le-secret-de-la-potion-magique\\\/\"},\"author\":{\"name\":\"Jonas Follonier\",\"@id\":\"https:\\\/\\\/leregardlibre.com\\\/#\\\/schema\\\/person\\\/bfe5aa794a23be71485d60e2d93ec0d2\"},\"headline\":\"\u00abAst\u00e9rix &#8211; Le secret de la potion magique\u00bb\",\"datePublished\":\"2018-12-12T18:07:47+00:00\",\"dateModified\":\"2025-12-04T21:38:55+00:00\",\"mainEntityOfPage\":{\"@id\":\"https:\\\/\\\/leregardlibre.com\\\/cinema\\\/films\\\/asterix-le-secret-de-la-potion-magique\\\/\"},\"wordCount\":762,\"commentCount\":0,\"publisher\":{\"@id\":\"https:\\\/\\\/leregardlibre.com\\\/#organization\"},\"image\":{\"@id\":\"https:\\\/\\\/leregardlibre.com\\\/cinema\\\/films\\\/asterix-le-secret-de-la-potion-magique\\\/#primaryimage\"},\"thumbnailUrl\":\"https:\\\/\\\/leregardlibre.com\\\/wp-content\\\/uploads\\\/2018\\\/12\\\/\u00a9-Pathe-Films-AG-3.jpg\",\"keywords\":[\"asterix\",\"asterix le secret de la potion magique\",\"Christian Clavier\",\"Musique classique\",\"Musique de film\",\"Musique instrumentale\",\"obelix\",\"philippe rombi\",\"voix\",\"voix-off\"],\"articleSection\":[\"Films\"],\"inLanguage\":\"de\",\"potentialAction\":[{\"@type\":\"CommentAction\",\"name\":\"Comment\",\"target\":[\"https:\\\/\\\/leregardlibre.com\\\/cinema\\\/films\\\/asterix-le-secret-de-la-potion-magique\\\/#respond\"]}]},{\"@type\":\"WebPage\",\"@id\":\"https:\\\/\\\/leregardlibre.com\\\/cinema\\\/films\\\/asterix-le-secret-de-la-potion-magique\\\/\",\"url\":\"https:\\\/\\\/leregardlibre.com\\\/cinema\\\/films\\\/asterix-le-secret-de-la-potion-magique\\\/\",\"name\":\"\u00abAst\u00e9rix - Le secret de la potion magique\u00bb\",\"isPartOf\":{\"@id\":\"https:\\\/\\\/leregardlibre.com\\\/#website\"},\"primaryImageOfPage\":{\"@id\":\"https:\\\/\\\/leregardlibre.com\\\/cinema\\\/films\\\/asterix-le-secret-de-la-potion-magique\\\/#primaryimage\"},\"image\":{\"@id\":\"https:\\\/\\\/leregardlibre.com\\\/cinema\\\/films\\\/asterix-le-secret-de-la-potion-magique\\\/#primaryimage\"},\"thumbnailUrl\":\"https:\\\/\\\/leregardlibre.com\\\/wp-content\\\/uploads\\\/2018\\\/12\\\/\u00a9-Pathe-Films-AG-3.jpg\",\"datePublished\":\"2018-12-12T18:07:47+00:00\",\"dateModified\":\"2025-12-04T21:38:55+00:00\",\"breadcrumb\":{\"@id\":\"https:\\\/\\\/leregardlibre.com\\\/cinema\\\/films\\\/asterix-le-secret-de-la-potion-magique\\\/#breadcrumb\"},\"inLanguage\":\"de\",\"potentialAction\":[{\"@type\":\"ReadAction\",\"target\":[\"https:\\\/\\\/leregardlibre.com\\\/cinema\\\/films\\\/asterix-le-secret-de-la-potion-magique\\\/\"]}]},{\"@type\":\"ImageObject\",\"inLanguage\":\"de\",\"@id\":\"https:\\\/\\\/leregardlibre.com\\\/cinema\\\/films\\\/asterix-le-secret-de-la-potion-magique\\\/#primaryimage\",\"url\":\"https:\\\/\\\/leregardlibre.com\\\/wp-content\\\/uploads\\\/2018\\\/12\\\/\u00a9-Pathe-Films-AG-3.jpg\",\"contentUrl\":\"https:\\\/\\\/leregardlibre.com\\\/wp-content\\\/uploads\\\/2018\\\/12\\\/\u00a9-Pathe-Films-AG-3.jpg\",\"width\":8533,\"height\":3575},{\"@type\":\"BreadcrumbList\",\"@id\":\"https:\\\/\\\/leregardlibre.com\\\/cinema\\\/films\\\/asterix-le-secret-de-la-potion-magique\\\/#breadcrumb\",\"itemListElement\":[{\"@type\":\"ListItem\",\"position\":1,\"name\":\"Accueil\",\"item\":\"https:\\\/\\\/leregardlibre.com\\\/\"},{\"@type\":\"ListItem\",\"position\":2,\"name\":\"\u00abAst\u00e9rix &#8211; Le secret de la potion magique\u00bb\"}]},{\"@type\":\"WebSite\",\"@id\":\"https:\\\/\\\/leregardlibre.com\\\/#website\",\"url\":\"https:\\\/\\\/leregardlibre.com\\\/\",\"name\":\"Le Regard Libre\",\"description\":\"Premier mensuel suisse de d\u00e9bat\",\"publisher\":{\"@id\":\"https:\\\/\\\/leregardlibre.com\\\/#organization\"},\"potentialAction\":[{\"@type\":\"SearchAction\",\"target\":{\"@type\":\"EntryPoint\",\"urlTemplate\":\"https:\\\/\\\/leregardlibre.com\\\/?s={search_term_string}\"},\"query-input\":{\"@type\":\"PropertyValueSpecification\",\"valueRequired\":true,\"valueName\":\"search_term_string\"}}],\"inLanguage\":\"de\"},{\"@type\":\"Organization\",\"@id\":\"https:\\\/\\\/leregardlibre.com\\\/#organization\",\"name\":\"Le Regard Libre\",\"url\":\"https:\\\/\\\/leregardlibre.com\\\/\",\"logo\":{\"@type\":\"ImageObject\",\"inLanguage\":\"de\",\"@id\":\"https:\\\/\\\/leregardlibre.com\\\/#\\\/schema\\\/logo\\\/image\\\/\",\"url\":\"https:\\\/\\\/leregardlibre.com\\\/wp-content\\\/uploads\\\/2025\\\/08\\\/logo-rl-icone-neg.jpeg\",\"contentUrl\":\"https:\\\/\\\/leregardlibre.com\\\/wp-content\\\/uploads\\\/2025\\\/08\\\/logo-rl-icone-neg.jpeg\",\"width\":557,\"height\":556,\"caption\":\"Le Regard Libre\"},\"image\":{\"@id\":\"https:\\\/\\\/leregardlibre.com\\\/#\\\/schema\\\/logo\\\/image\\\/\"},\"sameAs\":[\"https:\\\/\\\/www.facebook.com\\\/leregardlibre\\\/\",\"https:\\\/\\\/x.com\\\/LeRegardLibre\",\"https:\\\/\\\/www.linkedin.com\\\/company\\\/le-regard-libre\",\"https:\\\/\\\/www.instagram.com\\\/leregardlibre\\\/\",\"http:\\\/\\\/t.me\\\/leregardlibre\",\"https:\\\/\\\/youtube.com\\\/channel\\\/UC6HzGPomj1LsUmlz-sJtITQ\"],\"description\":\"Le Regard Libre est un mensuel suisse de d\u00e9bat intellectuel et culturel. Sa r\u00e9daction est jeune, b\u00e9n\u00e9vole, lib\u00e9rale et pluraliste. Le magazine para\u00eet en ligne et sous forme papier. Sa langue est le fran\u00e7ais.\",\"email\":\"redaction@leregardlibre.com\",\"legalName\":\"Le Regard Libre\",\"foundingDate\":\"2014-01-01\",\"numberOfEmployees\":{\"@type\":\"QuantitativeValue\",\"minValue\":\"11\",\"maxValue\":\"50\"},\"publishingPrinciples\":\"https:\\\/\\\/leregardlibre.com\\\/a-propos\\\/notre-manifeste\\\/\",\"ownershipFundingInfo\":\"https:\\\/\\\/leregardlibre.com\\\/mentions-legales\\\/\",\"actionableFeedbackPolicy\":\"https:\\\/\\\/leregardlibre.com\\\/conditions-generales-de-vente\\\/\"},{\"@type\":\"Person\",\"@id\":\"https:\\\/\\\/leregardlibre.com\\\/#\\\/schema\\\/person\\\/bfe5aa794a23be71485d60e2d93ec0d2\",\"name\":\"Jonas Follonier\",\"image\":{\"@type\":\"ImageObject\",\"inLanguage\":\"de\",\"@id\":\"https:\\\/\\\/secure.gravatar.com\\\/avatar\\\/602060b40f6a458420c2d140f49b6caea99152ce6704f2c332e5a0c5aad80303?s=96&d=identicon&r=g\",\"url\":\"https:\\\/\\\/secure.gravatar.com\\\/avatar\\\/602060b40f6a458420c2d140f49b6caea99152ce6704f2c332e5a0c5aad80303?s=96&d=identicon&r=g\",\"contentUrl\":\"https:\\\/\\\/secure.gravatar.com\\\/avatar\\\/602060b40f6a458420c2d140f49b6caea99152ce6704f2c332e5a0c5aad80303?s=96&d=identicon&r=g\",\"caption\":\"Jonas Follonier\"},\"description\":\"Correspondant au Palais f\u00e9d\u00e9ral pour \u00abL\u2019Agefi\u00bb, auteur-compositeur-interpr\u00e8te et essayiste, Jonas Follonier est le fondateur et r\u00e9dacteur en chef du \u00abRegard Libre\u00bb.\",\"sameAs\":[\"https:\\\/\\\/www.facebook.com\\\/jonas.follonier\\\/\",\"https:\\\/\\\/www.instagram.com\\\/jonasfollonier\\\/\",\"https:\\\/\\\/www.linkedin.com\\\/in\\\/jonasfollonier\\\/\",\"https:\\\/\\\/fr.wikipedia.org\\\/wiki\\\/Le_Regard_libre\"],\"url\":\"https:\\\/\\\/leregardlibre.com\\\/de\\\/author\\\/jonas-follonier\\\/\"}]}<\/script>\n<!-- \/ Yoast SEO Premium plugin. -->","yoast_head_json":{"title":"\u00abAsterix - Das Geheimnis des Zaubertranks\u00bb","robots":{"index":"index","follow":"follow","max-snippet":"max-snippet:-1","max-image-preview":"max-image-preview:large","max-video-preview":"max-video-preview:-1"},"canonical":"https:\/\/leregardlibre.com\/de\/kino\/filme\/asterix-das-geheimnis-des-zaubertranks\/","og_locale":"de_DE","og_type":"article","og_title":"\u00abAst\u00e9rix - Le secret de la potion magique\u00bb","og_description":"Les mercredis du cin\u00e9ma - Jonas Follonier Le film d'animation Ast\u00e9rix - Le secret de la potion magique est une...","og_url":"https:\/\/leregardlibre.com\/de\/kino\/filme\/asterix-das-geheimnis-des-zaubertranks\/","og_site_name":"Le Regard Libre","article_publisher":"https:\/\/www.facebook.com\/leregardlibre\/","article_author":"https:\/\/www.facebook.com\/jonas.follonier\/","article_published_time":"2018-12-12T18:07:47+00:00","article_modified_time":"2025-12-04T21:38:55+00:00","og_image":[{"width":1024,"height":429,"url":"https:\/\/leregardlibre.com\/wp-content\/uploads\/2018\/12\/\u00a9-Pathe-Films-AG-3-1024x429.jpg","type":"image\/jpeg"}],"author":"Jonas Follonier","twitter_card":"summary_large_image","twitter_creator":"@LeRegardLibre","twitter_site":"@LeRegardLibre","twitter_misc":{"Verfasst von":"Jonas Follonier","Gesch\u00e4tzte Lesezeit":"4\u00a0Minuten"},"schema":{"@context":"https:\/\/schema.org","@graph":[{"@type":"Article","@id":"https:\/\/leregardlibre.com\/cinema\/films\/asterix-le-secret-de-la-potion-magique\/#article","isPartOf":{"@id":"https:\/\/leregardlibre.com\/cinema\/films\/asterix-le-secret-de-la-potion-magique\/"},"author":{"name":"Jonas Follonier","@id":"https:\/\/leregardlibre.com\/#\/schema\/person\/bfe5aa794a23be71485d60e2d93ec0d2"},"headline":"\u00abAst\u00e9rix &#8211; Le secret de la potion magique\u00bb","datePublished":"2018-12-12T18:07:47+00:00","dateModified":"2025-12-04T21:38:55+00:00","mainEntityOfPage":{"@id":"https:\/\/leregardlibre.com\/cinema\/films\/asterix-le-secret-de-la-potion-magique\/"},"wordCount":762,"commentCount":0,"publisher":{"@id":"https:\/\/leregardlibre.com\/#organization"},"image":{"@id":"https:\/\/leregardlibre.com\/cinema\/films\/asterix-le-secret-de-la-potion-magique\/#primaryimage"},"thumbnailUrl":"https:\/\/leregardlibre.com\/wp-content\/uploads\/2018\/12\/\u00a9-Pathe-Films-AG-3.jpg","keywords":["asterix","asterix le secret de la potion magique","Christian Clavier","Musique classique","Musique de film","Musique instrumentale","obelix","philippe rombi","voix","voix-off"],"articleSection":["Films"],"inLanguage":"de","potentialAction":[{"@type":"CommentAction","name":"Comment","target":["https:\/\/leregardlibre.com\/cinema\/films\/asterix-le-secret-de-la-potion-magique\/#respond"]}]},{"@type":"WebPage","@id":"https:\/\/leregardlibre.com\/cinema\/films\/asterix-le-secret-de-la-potion-magique\/","url":"https:\/\/leregardlibre.com\/cinema\/films\/asterix-le-secret-de-la-potion-magique\/","name":"\u00abAsterix - Das Geheimnis des Zaubertranks\u00bb","isPartOf":{"@id":"https:\/\/leregardlibre.com\/#website"},"primaryImageOfPage":{"@id":"https:\/\/leregardlibre.com\/cinema\/films\/asterix-le-secret-de-la-potion-magique\/#primaryimage"},"image":{"@id":"https:\/\/leregardlibre.com\/cinema\/films\/asterix-le-secret-de-la-potion-magique\/#primaryimage"},"thumbnailUrl":"https:\/\/leregardlibre.com\/wp-content\/uploads\/2018\/12\/\u00a9-Pathe-Films-AG-3.jpg","datePublished":"2018-12-12T18:07:47+00:00","dateModified":"2025-12-04T21:38:55+00:00","breadcrumb":{"@id":"https:\/\/leregardlibre.com\/cinema\/films\/asterix-le-secret-de-la-potion-magique\/#breadcrumb"},"inLanguage":"de","potentialAction":[{"@type":"ReadAction","target":["https:\/\/leregardlibre.com\/cinema\/films\/asterix-le-secret-de-la-potion-magique\/"]}]},{"@type":"ImageObject","inLanguage":"de","@id":"https:\/\/leregardlibre.com\/cinema\/films\/asterix-le-secret-de-la-potion-magique\/#primaryimage","url":"https:\/\/leregardlibre.com\/wp-content\/uploads\/2018\/12\/\u00a9-Pathe-Films-AG-3.jpg","contentUrl":"https:\/\/leregardlibre.com\/wp-content\/uploads\/2018\/12\/\u00a9-Pathe-Films-AG-3.jpg","width":8533,"height":3575},{"@type":"BreadcrumbList","@id":"https:\/\/leregardlibre.com\/cinema\/films\/asterix-le-secret-de-la-potion-magique\/#breadcrumb","itemListElement":[{"@type":"ListItem","position":1,"name":"Accueil","item":"https:\/\/leregardlibre.com\/"},{"@type":"ListItem","position":2,"name":"\u00abAst\u00e9rix &#8211; Le secret de la potion magique\u00bb"}]},{"@type":"WebSite","@id":"https:\/\/leregardlibre.com\/#website","url":"https:\/\/leregardlibre.com\/","name":"Le Regard Libre","description":"Erste Schweizer Monatszeitschrift f\u00fcr Debatten","publisher":{"@id":"https:\/\/leregardlibre.com\/#organization"},"potentialAction":[{"@type":"SearchAction","target":{"@type":"EntryPoint","urlTemplate":"https:\/\/leregardlibre.com\/?s={search_term_string}"},"query-input":{"@type":"PropertyValueSpecification","valueRequired":true,"valueName":"search_term_string"}}],"inLanguage":"de"},{"@type":"Organization","@id":"https:\/\/leregardlibre.com\/#organization","name":"Le Regard Libre","url":"https:\/\/leregardlibre.com\/","logo":{"@type":"ImageObject","inLanguage":"de","@id":"https:\/\/leregardlibre.com\/#\/schema\/logo\/image\/","url":"https:\/\/leregardlibre.com\/wp-content\/uploads\/2025\/08\/logo-rl-icone-neg.jpeg","contentUrl":"https:\/\/leregardlibre.com\/wp-content\/uploads\/2025\/08\/logo-rl-icone-neg.jpeg","width":557,"height":556,"caption":"Le Regard Libre"},"image":{"@id":"https:\/\/leregardlibre.com\/#\/schema\/logo\/image\/"},"sameAs":["https:\/\/www.facebook.com\/leregardlibre\/","https:\/\/x.com\/LeRegardLibre","https:\/\/www.linkedin.com\/company\/le-regard-libre","https:\/\/www.instagram.com\/leregardlibre\/","http:\/\/t.me\/leregardlibre","https:\/\/youtube.com\/channel\/UC6HzGPomj1LsUmlz-sJtITQ"],"description":"Le Regard Libre ist eine Schweizer Monatszeitschrift f\u00fcr intellektuelle und kulturelle Debatten. Seine Redaktion ist jung, ehrenamtlich, liberal und pluralistisch. Das Magazin erscheint online und in gedruckter Form. Seine Sprache ist Franz\u00f6sisch.","email":"redaction@leregardlibre.com","legalName":"Le Regard Libre","foundingDate":"2014-01-01","numberOfEmployees":{"@type":"QuantitativeValue","minValue":"11","maxValue":"50"},"publishingPrinciples":"https:\/\/leregardlibre.com\/a-propos\/notre-manifeste\/","ownershipFundingInfo":"https:\/\/leregardlibre.com\/mentions-legales\/","actionableFeedbackPolicy":"https:\/\/leregardlibre.com\/conditions-generales-de-vente\/"},{"@type":"Person","@id":"https:\/\/leregardlibre.com\/#\/schema\/person\/bfe5aa794a23be71485d60e2d93ec0d2","name":"Jonas Follonier","image":{"@type":"ImageObject","inLanguage":"de","@id":"https:\/\/secure.gravatar.com\/avatar\/602060b40f6a458420c2d140f49b6caea99152ce6704f2c332e5a0c5aad80303?s=96&d=identicon&r=g","url":"https:\/\/secure.gravatar.com\/avatar\/602060b40f6a458420c2d140f49b6caea99152ce6704f2c332e5a0c5aad80303?s=96&d=identicon&r=g","contentUrl":"https:\/\/secure.gravatar.com\/avatar\/602060b40f6a458420c2d140f49b6caea99152ce6704f2c332e5a0c5aad80303?s=96&d=identicon&r=g","caption":"Jonas Follonier"},"description":"Bundeshauskorrespondent f\u00fcr \u00abL'Agefi\u00bb, Singer-Songwriter, Jonas Follonier ist Gr\u00fcnder und Chefredakteur von \u00abRegard Libre\u00bb.","sameAs":["https:\/\/www.facebook.com\/jonas.follonier\/","https:\/\/www.instagram.com\/jonasfollonier\/","https:\/\/www.linkedin.com\/in\/jonasfollonier\/","https:\/\/fr.wikipedia.org\/wiki\/Le_Regard_libre"],"url":"https:\/\/leregardlibre.com\/de\/author\/jonas-follonier\/"}]}},"_links":{"self":[{"href":"https:\/\/leregardlibre.com\/de\/wp-json\/wp\/v2\/posts\/18213","targetHints":{"allow":["GET"]}}],"collection":[{"href":"https:\/\/leregardlibre.com\/de\/wp-json\/wp\/v2\/posts"}],"about":[{"href":"https:\/\/leregardlibre.com\/de\/wp-json\/wp\/v2\/types\/post"}],"author":[{"embeddable":true,"href":"https:\/\/leregardlibre.com\/de\/wp-json\/wp\/v2\/users\/138"}],"replies":[{"embeddable":true,"href":"https:\/\/leregardlibre.com\/de\/wp-json\/wp\/v2\/comments?post=18213"}],"version-history":[{"count":1,"href":"https:\/\/leregardlibre.com\/de\/wp-json\/wp\/v2\/posts\/18213\/revisions"}],"predecessor-version":[{"id":510242,"href":"https:\/\/leregardlibre.com\/de\/wp-json\/wp\/v2\/posts\/18213\/revisions\/510242"}],"wp:featuredmedia":[{"embeddable":true,"href":"https:\/\/leregardlibre.com\/de\/wp-json\/wp\/v2\/media\/510243"}],"wp:attachment":[{"href":"https:\/\/leregardlibre.com\/de\/wp-json\/wp\/v2\/media?parent=18213"}],"wp:term":[{"taxonomy":"category","embeddable":true,"href":"https:\/\/leregardlibre.com\/de\/wp-json\/wp\/v2\/categories?post=18213"},{"taxonomy":"post_tag","embeddable":true,"href":"https:\/\/leregardlibre.com\/de\/wp-json\/wp\/v2\/tags?post=18213"}],"curies":[{"name":"wp","href":"https:\/\/api.w.org\/{rel}","templated":true}]}}