{"id":18673,"date":"2019-01-14T13:15:36","date_gmt":"2019-01-14T12:15:36","guid":{"rendered":"https:\/\/leregardlibre.com\/?p=18673"},"modified":"2025-12-13T22:54:29","modified_gmt":"2025-12-13T21:54:29","slug":"brexit-die-falsche-gute-idee-eines-referendums","status":"publish","type":"post","link":"https:\/\/leregardlibre.com\/de\/politik\/welt\/brexit-die-falsche-gute-idee-eines-referendums\/","title":{"rendered":"Brexit, die falsche gute Idee eines Referendums"},"content":{"rendered":"<p><em>Montags Nachrichten - Diego Taboada<\/em><\/p>\n\n\n\n<p>Am Dienstag wird das britische Unterhaus \u00fcber ein Brexit-Abkommen abstimmen, das h\u00f6chstwahrscheinlich abgelehnt wird, da es von beiden Seiten kritisiert wird - sowohl von den Europhilen als auch von den Bef\u00fcrwortern eines&nbsp;<em>\u00abhard\u00bb&nbsp;<\/em>Brexit. Die Abstimmung war bereits Ende letzten Jahres von der Regierung angesichts der geringen Unterst\u00fctzung verschoben worden, um der Regierung die M\u00f6glichkeit zu geben, die Parlamentarier von der Sinnhaftigkeit des Abkommens zu \u00fcberzeugen. Nichtsdestotrotz scheint es keine Bewegung in den Positionen zu geben.&nbsp;<\/p>\n\n\n\n<!--more-->\n\n\n\n<p>Dieses Abkommen, das von Theresa May als einzig m\u00f6gliche Alternative zu einem weit verbreiteten Chaos dargestellt wurde - was verd\u00e4chtig an das&nbsp;<em>There is no alternative&nbsp;<\/em>von Margaret Thatcher, von der sich die derzeitige Premierministerin inspirieren lassen musste, um angesichts der unaufh\u00f6rlichen Angriffe von allen Seiten seit \u00fcber zwei Jahren das Ruder in der Hand zu behalten - ist weit davon entfernt, im Parlament auf Zustimmung zu sto\u00dfen. Nachdem sie das scheinbar Schwierigste geschafft hatte, n\u00e4mlich eine Einigung mit den Europ\u00e4ern zu erzielen, die nur zu geringen Zugest\u00e4ndnissen bereit waren und entschlossen waren, ein Beispiel f\u00fcr H\u00e4rte zu geben, falls ein anderes Mitgliedsland das Experiment einer Scheidung wagen sollte, war es schlie\u00dflich ihr eigenes Lager, das Mays Bem\u00fchungen zunichte machte.&nbsp;<\/p>\n\n\n\n<p>W\u00e4hrend sich das Parlament in der Woche mit parlamentarischem Kochen besch\u00e4ftigte, um seinen eigenen Vorschl\u00e4gen Vorrang vor denen der Regierung zu geben, und sich damit nach Ansicht einiger Analysten die F\u00e4higkeit verschaffte, den Brexit zu verz\u00f6gern, r\u00fcckt der schicksalhafte 29. M\u00e4rz immer n\u00e4her und damit auch die gef\u00fcrchtete M\u00f6glichkeit eines Brexits ohne Abkommen.<\/p>\n\n\n\n<h3 class=\"wp-block-heading\"><strong>Das Risiko eines neuen Referendums&nbsp;<\/strong><\/h3>\n\n\n\n<p>Da sich die Sackgasse, in die Gro\u00dfbritannien steuert, immer deutlicher abzeichnet, wird die Bewegung, die ein zweites Referendum fordert, immer gr\u00f6\u00dfer. Von Theresa May kategorisch abgelehnt, wurde das <em>f\u00fchrer<\/em> Der Oppositionspolitiker Jeremy Corbyn sagte, er sei offen f\u00fcr die M\u00f6glichkeit einer neuen Volksabstimmung, aber er sei nicht begeistert und ziehe vorgezogene Wahlen vor. Dieses Doppelspiel dieses ausgesprochenen Anti-Europ\u00e4ers, der nie wirklich eine konstruktive Hand ausgestreckt hat und bereit ist, alles zu tun, um Wahlvorteile zu erlangen, \u00fcberrascht nicht.&nbsp;<\/p>\n\n\n\n<p>Ist ein Referendum also die richtige L\u00f6sung? F\u00fcr eine Schweizer Zeitung sollte dies eine Selbstverst\u00e4ndlichkeit sein. Im aktuellen britischen und europ\u00e4ischen Kontext ist die Antwort jedoch nicht so offensichtlich. Wor\u00fcber w\u00fcrden die Briten abstimmen? \u00dcber das Abkommen? \u00dcber den Brexit an sich? Und was w\u00e4re die Botschaft eines solchen Referendums? W\u00e4re es nicht eine Verweigerung der Demokratie, die vorherige Entscheidung r\u00fcckg\u00e4ngig zu machen, weil die praktischen Schwierigkeiten zu gro\u00df sind? W\u00fcrde der Volkswille nicht missachtet werden? In einer Zeit des Misstrauens und der Ablehnung der Eliten in unseren Demokratien w\u00e4re es f\u00fcr bestimmte Parteien ein Leichtes, dies zu \u00fcbernehmen.&nbsp;<\/p>\n\n\n\n<p>Einige Bef\u00fcrworter einer erneuten Befragung argumentieren seit jeher, dass das Volk mit falschen Argumenten \u00abget\u00e4uscht\u00bb worden sei. Bedeutet dies, dass die B\u00fcrger nicht f\u00fcr f\u00e4hig gehalten werden, unter Ber\u00fccksichtigung aller Faktoren abzustimmen? Statt einer L\u00f6sung w\u00fcrde ein neues Referendum das ohnehin schon zerrissene Vereinigte K\u00f6nigreich noch weiter spalten. In einer Zeit, in der die Demokratie von allen Seiten angegriffen wird, k\u00f6nnte eine R\u00fccknahme der Entscheidung vom 23. Juni 2016 zu Problemen f\u00fchren, deren Folgen heute nur schwer abzusch\u00e4tzen sind.<\/p>\n\n\n\n<p><em>Schreiben Sie dem Autor:&nbsp;<a href=\"\/de\/diego.taboada@leregardlibre.com\/\">diego.taboada@leregardlibre.com<\/a><\/em><\/p>\n\n\n\n<p>Bildnachweis: \u00a9 Pixabay<\/p>","protected":false},"excerpt":{"rendered":"<p>Les lundis de l&#8217;actualit\u00e9 &#8211; Diego Taboada Ce mardi, la chambre des communes britannique se prononcera sur un accord de&#8230;<\/p>","protected":false},"author":333,"featured_media":18674,"comment_status":"open","ping_status":"open","sticky":false,"template":"","format":"standard","meta":{"_acf_changed":false,"footnotes":""},"categories":[644357281],"tags":[119286966,644340819,61440,494281,644340818,644340814,157129],"class_list":["post-18673","post","type-post","status-publish","format-standard","has-post-thumbnail","hentry","category-monde","tag-brexit","tag-chambre-des-communes","tag-democratie","tag-elites","tag-jeremy-corbyn","tag-theresa-may","tag-union-europeenne"],"acf":[],"yoast_head":"<!-- This site is optimized with the Yoast SEO Premium plugin v27.4 (Yoast SEO v27.4) - https:\/\/yoast.com\/product\/yoast-seo-premium-wordpress\/ -->\n<title>Brexit, la fausse bonne id\u00e9e d\u2019un r\u00e9f\u00e9rendum<\/title>\n<meta name=\"robots\" content=\"index, follow, max-snippet:-1, max-image-preview:large, max-video-preview:-1\" \/>\n<link rel=\"canonical\" href=\"https:\/\/leregardlibre.com\/de\/politik\/welt\/brexit-die-falsche-gute-idee-eines-referendums\/\" \/>\n<meta property=\"og:locale\" content=\"de_DE\" \/>\n<meta property=\"og:type\" content=\"article\" \/>\n<meta property=\"og:title\" content=\"Brexit, la fausse bonne id\u00e9e d\u2019un r\u00e9f\u00e9rendum\" \/>\n<meta property=\"og:description\" content=\"Les lundis de l&#039;actualit\u00e9 - Diego Taboada Ce mardi, la chambre des communes britannique se prononcera sur un accord de...\" \/>\n<meta property=\"og:url\" content=\"https:\/\/leregardlibre.com\/de\/politik\/welt\/brexit-die-falsche-gute-idee-eines-referendums\/\" \/>\n<meta property=\"og:site_name\" content=\"Le Regard Libre\" \/>\n<meta property=\"article:publisher\" content=\"https:\/\/www.facebook.com\/leregardlibre\/\" \/>\n<meta property=\"article:published_time\" content=\"2019-01-14T12:15:36+00:00\" \/>\n<meta property=\"article:modified_time\" content=\"2025-12-13T21:54:29+00:00\" \/>\n<meta property=\"og:image\" content=\"https:\/\/leregardlibre.com\/wp-content\/uploads\/2019\/01\/Brexit.jpg\" \/>\n\t<meta property=\"og:image:width\" content=\"960\" \/>\n\t<meta property=\"og:image:height\" content=\"580\" \/>\n\t<meta property=\"og:image:type\" content=\"image\/jpeg\" \/>\n<meta name=\"author\" content=\"Diego Taboada\" \/>\n<meta name=\"twitter:card\" content=\"summary_large_image\" \/>\n<meta name=\"twitter:creator\" content=\"@LeRegardLibre\" \/>\n<meta name=\"twitter:site\" content=\"@LeRegardLibre\" \/>\n<meta name=\"twitter:label1\" content=\"Verfasst von\" \/>\n\t<meta name=\"twitter:data1\" content=\"Diego Taboada\" \/>\n\t<meta name=\"twitter:label2\" content=\"Gesch\u00e4tzte Lesezeit\" \/>\n\t<meta name=\"twitter:data2\" content=\"3\u00a0Minuten\" \/>\n<script type=\"application\/ld+json\" class=\"yoast-schema-graph\">{\"@context\":\"https:\\\/\\\/schema.org\",\"@graph\":[{\"@type\":\"Article\",\"@id\":\"https:\\\/\\\/leregardlibre.com\\\/politique\\\/monde\\\/brexit-la-fausse-bonne-idee-dun-referendum\\\/#article\",\"isPartOf\":{\"@id\":\"https:\\\/\\\/leregardlibre.com\\\/politique\\\/monde\\\/brexit-la-fausse-bonne-idee-dun-referendum\\\/\"},\"author\":{\"name\":\"Diego Taboada\",\"@id\":\"https:\\\/\\\/leregardlibre.com\\\/#\\\/schema\\\/person\\\/43a8c2a58709491d9f4513679384b3ba\"},\"headline\":\"Brexit, la fausse bonne id\u00e9e d\u2019un r\u00e9f\u00e9rendum\",\"datePublished\":\"2019-01-14T12:15:36+00:00\",\"dateModified\":\"2025-12-13T21:54:29+00:00\",\"mainEntityOfPage\":{\"@id\":\"https:\\\/\\\/leregardlibre.com\\\/politique\\\/monde\\\/brexit-la-fausse-bonne-idee-dun-referendum\\\/\"},\"wordCount\":634,\"commentCount\":0,\"publisher\":{\"@id\":\"https:\\\/\\\/leregardlibre.com\\\/#organization\"},\"image\":{\"@id\":\"https:\\\/\\\/leregardlibre.com\\\/politique\\\/monde\\\/brexit-la-fausse-bonne-idee-dun-referendum\\\/#primaryimage\"},\"thumbnailUrl\":\"https:\\\/\\\/leregardlibre.com\\\/wp-content\\\/uploads\\\/2019\\\/01\\\/Brexit.jpg\",\"keywords\":[\"Brexit\",\"chambre des communes\",\"D\u00e9mocratie\",\"Elites\",\"Jeremy Corbyn\",\"theresa may\",\"Union europ\u00e9enne\"],\"articleSection\":[\"Monde\"],\"inLanguage\":\"de\",\"potentialAction\":[{\"@type\":\"CommentAction\",\"name\":\"Comment\",\"target\":[\"https:\\\/\\\/leregardlibre.com\\\/politique\\\/monde\\\/brexit-la-fausse-bonne-idee-dun-referendum\\\/#respond\"]}]},{\"@type\":\"WebPage\",\"@id\":\"https:\\\/\\\/leregardlibre.com\\\/politique\\\/monde\\\/brexit-la-fausse-bonne-idee-dun-referendum\\\/\",\"url\":\"https:\\\/\\\/leregardlibre.com\\\/politique\\\/monde\\\/brexit-la-fausse-bonne-idee-dun-referendum\\\/\",\"name\":\"Brexit, la fausse bonne id\u00e9e d\u2019un r\u00e9f\u00e9rendum\",\"isPartOf\":{\"@id\":\"https:\\\/\\\/leregardlibre.com\\\/#website\"},\"primaryImageOfPage\":{\"@id\":\"https:\\\/\\\/leregardlibre.com\\\/politique\\\/monde\\\/brexit-la-fausse-bonne-idee-dun-referendum\\\/#primaryimage\"},\"image\":{\"@id\":\"https:\\\/\\\/leregardlibre.com\\\/politique\\\/monde\\\/brexit-la-fausse-bonne-idee-dun-referendum\\\/#primaryimage\"},\"thumbnailUrl\":\"https:\\\/\\\/leregardlibre.com\\\/wp-content\\\/uploads\\\/2019\\\/01\\\/Brexit.jpg\",\"datePublished\":\"2019-01-14T12:15:36+00:00\",\"dateModified\":\"2025-12-13T21:54:29+00:00\",\"breadcrumb\":{\"@id\":\"https:\\\/\\\/leregardlibre.com\\\/politique\\\/monde\\\/brexit-la-fausse-bonne-idee-dun-referendum\\\/#breadcrumb\"},\"inLanguage\":\"de\",\"potentialAction\":[{\"@type\":\"ReadAction\",\"target\":[\"https:\\\/\\\/leregardlibre.com\\\/politique\\\/monde\\\/brexit-la-fausse-bonne-idee-dun-referendum\\\/\"]}]},{\"@type\":\"ImageObject\",\"inLanguage\":\"de\",\"@id\":\"https:\\\/\\\/leregardlibre.com\\\/politique\\\/monde\\\/brexit-la-fausse-bonne-idee-dun-referendum\\\/#primaryimage\",\"url\":\"https:\\\/\\\/leregardlibre.com\\\/wp-content\\\/uploads\\\/2019\\\/01\\\/Brexit.jpg\",\"contentUrl\":\"https:\\\/\\\/leregardlibre.com\\\/wp-content\\\/uploads\\\/2019\\\/01\\\/Brexit.jpg\",\"width\":960,\"height\":580},{\"@type\":\"BreadcrumbList\",\"@id\":\"https:\\\/\\\/leregardlibre.com\\\/politique\\\/monde\\\/brexit-la-fausse-bonne-idee-dun-referendum\\\/#breadcrumb\",\"itemListElement\":[{\"@type\":\"ListItem\",\"position\":1,\"name\":\"Accueil\",\"item\":\"https:\\\/\\\/leregardlibre.com\\\/\"},{\"@type\":\"ListItem\",\"position\":2,\"name\":\"Brexit, la fausse bonne id\u00e9e d\u2019un r\u00e9f\u00e9rendum\"}]},{\"@type\":\"WebSite\",\"@id\":\"https:\\\/\\\/leregardlibre.com\\\/#website\",\"url\":\"https:\\\/\\\/leregardlibre.com\\\/\",\"name\":\"Le Regard Libre\",\"description\":\"Premier mensuel suisse de d\u00e9bat\",\"publisher\":{\"@id\":\"https:\\\/\\\/leregardlibre.com\\\/#organization\"},\"potentialAction\":[{\"@type\":\"SearchAction\",\"target\":{\"@type\":\"EntryPoint\",\"urlTemplate\":\"https:\\\/\\\/leregardlibre.com\\\/?s={search_term_string}\"},\"query-input\":{\"@type\":\"PropertyValueSpecification\",\"valueRequired\":true,\"valueName\":\"search_term_string\"}}],\"inLanguage\":\"de\"},{\"@type\":\"Organization\",\"@id\":\"https:\\\/\\\/leregardlibre.com\\\/#organization\",\"name\":\"Le Regard Libre\",\"url\":\"https:\\\/\\\/leregardlibre.com\\\/\",\"logo\":{\"@type\":\"ImageObject\",\"inLanguage\":\"de\",\"@id\":\"https:\\\/\\\/leregardlibre.com\\\/#\\\/schema\\\/logo\\\/image\\\/\",\"url\":\"https:\\\/\\\/leregardlibre.com\\\/wp-content\\\/uploads\\\/2025\\\/08\\\/logo-rl-icone-neg.jpeg\",\"contentUrl\":\"https:\\\/\\\/leregardlibre.com\\\/wp-content\\\/uploads\\\/2025\\\/08\\\/logo-rl-icone-neg.jpeg\",\"width\":557,\"height\":556,\"caption\":\"Le Regard Libre\"},\"image\":{\"@id\":\"https:\\\/\\\/leregardlibre.com\\\/#\\\/schema\\\/logo\\\/image\\\/\"},\"sameAs\":[\"https:\\\/\\\/www.facebook.com\\\/leregardlibre\\\/\",\"https:\\\/\\\/x.com\\\/LeRegardLibre\",\"https:\\\/\\\/www.linkedin.com\\\/company\\\/le-regard-libre\",\"https:\\\/\\\/www.instagram.com\\\/leregardlibre\\\/\",\"http:\\\/\\\/t.me\\\/leregardlibre\",\"https:\\\/\\\/youtube.com\\\/channel\\\/UC6HzGPomj1LsUmlz-sJtITQ\"],\"description\":\"Le Regard Libre est un mensuel suisse de d\u00e9bat intellectuel et culturel. Sa r\u00e9daction est jeune, b\u00e9n\u00e9vole, lib\u00e9rale et pluraliste. Le magazine para\u00eet en ligne et sous forme papier. Sa langue est le fran\u00e7ais.\",\"email\":\"redaction@leregardlibre.com\",\"legalName\":\"Le Regard Libre\",\"foundingDate\":\"2014-01-01\",\"numberOfEmployees\":{\"@type\":\"QuantitativeValue\",\"minValue\":\"11\",\"maxValue\":\"50\"},\"publishingPrinciples\":\"https:\\\/\\\/leregardlibre.com\\\/a-propos\\\/notre-manifeste\\\/\",\"ownershipFundingInfo\":\"https:\\\/\\\/leregardlibre.com\\\/mentions-legales\\\/\",\"actionableFeedbackPolicy\":\"https:\\\/\\\/leregardlibre.com\\\/conditions-generales-de-vente\\\/\"},{\"@type\":\"Person\",\"@id\":\"https:\\\/\\\/leregardlibre.com\\\/#\\\/schema\\\/person\\\/43a8c2a58709491d9f4513679384b3ba\",\"name\":\"Diego Taboada\",\"image\":{\"@type\":\"ImageObject\",\"inLanguage\":\"de\",\"@id\":\"https:\\\/\\\/secure.gravatar.com\\\/avatar\\\/59b13024a7ae04f193d18b489d803a2c9784084c81f559ca3108376350b6111b?s=96&d=identicon&r=g\",\"url\":\"https:\\\/\\\/secure.gravatar.com\\\/avatar\\\/59b13024a7ae04f193d18b489d803a2c9784084c81f559ca3108376350b6111b?s=96&d=identicon&r=g\",\"contentUrl\":\"https:\\\/\\\/secure.gravatar.com\\\/avatar\\\/59b13024a7ae04f193d18b489d803a2c9784084c81f559ca3108376350b6111b?s=96&d=identicon&r=g\",\"caption\":\"Diego Taboada\"},\"sameAs\":[\"https:\\\/\\\/leregardlibre.com\\\/\"],\"url\":\"https:\\\/\\\/leregardlibre.com\\\/de\\\/author\\\/diego-taboada\\\/\"}]}<\/script>\n<!-- \/ Yoast SEO Premium plugin. -->","yoast_head_json":{"title":"Brexit, die falsche gute Idee eines Referendums","robots":{"index":"index","follow":"follow","max-snippet":"max-snippet:-1","max-image-preview":"max-image-preview:large","max-video-preview":"max-video-preview:-1"},"canonical":"https:\/\/leregardlibre.com\/de\/politik\/welt\/brexit-die-falsche-gute-idee-eines-referendums\/","og_locale":"de_DE","og_type":"article","og_title":"Brexit, la fausse bonne id\u00e9e d\u2019un r\u00e9f\u00e9rendum","og_description":"Les lundis de l'actualit\u00e9 - Diego Taboada Ce mardi, la chambre des communes britannique se prononcera sur un accord de...","og_url":"https:\/\/leregardlibre.com\/de\/politik\/welt\/brexit-die-falsche-gute-idee-eines-referendums\/","og_site_name":"Le Regard Libre","article_publisher":"https:\/\/www.facebook.com\/leregardlibre\/","article_published_time":"2019-01-14T12:15:36+00:00","article_modified_time":"2025-12-13T21:54:29+00:00","og_image":[{"width":960,"height":580,"url":"https:\/\/leregardlibre.com\/wp-content\/uploads\/2019\/01\/Brexit.jpg","type":"image\/jpeg"}],"author":"Diego Taboada","twitter_card":"summary_large_image","twitter_creator":"@LeRegardLibre","twitter_site":"@LeRegardLibre","twitter_misc":{"Verfasst von":"Diego Taboada","Gesch\u00e4tzte Lesezeit":"3\u00a0Minuten"},"schema":{"@context":"https:\/\/schema.org","@graph":[{"@type":"Article","@id":"https:\/\/leregardlibre.com\/politique\/monde\/brexit-la-fausse-bonne-idee-dun-referendum\/#article","isPartOf":{"@id":"https:\/\/leregardlibre.com\/politique\/monde\/brexit-la-fausse-bonne-idee-dun-referendum\/"},"author":{"name":"Diego Taboada","@id":"https:\/\/leregardlibre.com\/#\/schema\/person\/43a8c2a58709491d9f4513679384b3ba"},"headline":"Brexit, la fausse bonne id\u00e9e d\u2019un r\u00e9f\u00e9rendum","datePublished":"2019-01-14T12:15:36+00:00","dateModified":"2025-12-13T21:54:29+00:00","mainEntityOfPage":{"@id":"https:\/\/leregardlibre.com\/politique\/monde\/brexit-la-fausse-bonne-idee-dun-referendum\/"},"wordCount":634,"commentCount":0,"publisher":{"@id":"https:\/\/leregardlibre.com\/#organization"},"image":{"@id":"https:\/\/leregardlibre.com\/politique\/monde\/brexit-la-fausse-bonne-idee-dun-referendum\/#primaryimage"},"thumbnailUrl":"https:\/\/leregardlibre.com\/wp-content\/uploads\/2019\/01\/Brexit.jpg","keywords":["Brexit","chambre des communes","D\u00e9mocratie","Elites","Jeremy Corbyn","theresa may","Union europ\u00e9enne"],"articleSection":["Monde"],"inLanguage":"de","potentialAction":[{"@type":"CommentAction","name":"Comment","target":["https:\/\/leregardlibre.com\/politique\/monde\/brexit-la-fausse-bonne-idee-dun-referendum\/#respond"]}]},{"@type":"WebPage","@id":"https:\/\/leregardlibre.com\/politique\/monde\/brexit-la-fausse-bonne-idee-dun-referendum\/","url":"https:\/\/leregardlibre.com\/politique\/monde\/brexit-la-fausse-bonne-idee-dun-referendum\/","name":"Brexit, die falsche gute Idee eines Referendums","isPartOf":{"@id":"https:\/\/leregardlibre.com\/#website"},"primaryImageOfPage":{"@id":"https:\/\/leregardlibre.com\/politique\/monde\/brexit-la-fausse-bonne-idee-dun-referendum\/#primaryimage"},"image":{"@id":"https:\/\/leregardlibre.com\/politique\/monde\/brexit-la-fausse-bonne-idee-dun-referendum\/#primaryimage"},"thumbnailUrl":"https:\/\/leregardlibre.com\/wp-content\/uploads\/2019\/01\/Brexit.jpg","datePublished":"2019-01-14T12:15:36+00:00","dateModified":"2025-12-13T21:54:29+00:00","breadcrumb":{"@id":"https:\/\/leregardlibre.com\/politique\/monde\/brexit-la-fausse-bonne-idee-dun-referendum\/#breadcrumb"},"inLanguage":"de","potentialAction":[{"@type":"ReadAction","target":["https:\/\/leregardlibre.com\/politique\/monde\/brexit-la-fausse-bonne-idee-dun-referendum\/"]}]},{"@type":"ImageObject","inLanguage":"de","@id":"https:\/\/leregardlibre.com\/politique\/monde\/brexit-la-fausse-bonne-idee-dun-referendum\/#primaryimage","url":"https:\/\/leregardlibre.com\/wp-content\/uploads\/2019\/01\/Brexit.jpg","contentUrl":"https:\/\/leregardlibre.com\/wp-content\/uploads\/2019\/01\/Brexit.jpg","width":960,"height":580},{"@type":"BreadcrumbList","@id":"https:\/\/leregardlibre.com\/politique\/monde\/brexit-la-fausse-bonne-idee-dun-referendum\/#breadcrumb","itemListElement":[{"@type":"ListItem","position":1,"name":"Accueil","item":"https:\/\/leregardlibre.com\/"},{"@type":"ListItem","position":2,"name":"Brexit, la fausse bonne id\u00e9e d\u2019un r\u00e9f\u00e9rendum"}]},{"@type":"WebSite","@id":"https:\/\/leregardlibre.com\/#website","url":"https:\/\/leregardlibre.com\/","name":"Le Regard Libre","description":"Erste Schweizer Monatszeitschrift f\u00fcr Debatten","publisher":{"@id":"https:\/\/leregardlibre.com\/#organization"},"potentialAction":[{"@type":"SearchAction","target":{"@type":"EntryPoint","urlTemplate":"https:\/\/leregardlibre.com\/?s={search_term_string}"},"query-input":{"@type":"PropertyValueSpecification","valueRequired":true,"valueName":"search_term_string"}}],"inLanguage":"de"},{"@type":"Organization","@id":"https:\/\/leregardlibre.com\/#organization","name":"Le Regard Libre","url":"https:\/\/leregardlibre.com\/","logo":{"@type":"ImageObject","inLanguage":"de","@id":"https:\/\/leregardlibre.com\/#\/schema\/logo\/image\/","url":"https:\/\/leregardlibre.com\/wp-content\/uploads\/2025\/08\/logo-rl-icone-neg.jpeg","contentUrl":"https:\/\/leregardlibre.com\/wp-content\/uploads\/2025\/08\/logo-rl-icone-neg.jpeg","width":557,"height":556,"caption":"Le Regard Libre"},"image":{"@id":"https:\/\/leregardlibre.com\/#\/schema\/logo\/image\/"},"sameAs":["https:\/\/www.facebook.com\/leregardlibre\/","https:\/\/x.com\/LeRegardLibre","https:\/\/www.linkedin.com\/company\/le-regard-libre","https:\/\/www.instagram.com\/leregardlibre\/","http:\/\/t.me\/leregardlibre","https:\/\/youtube.com\/channel\/UC6HzGPomj1LsUmlz-sJtITQ"],"description":"Le Regard Libre ist eine Schweizer Monatszeitschrift f\u00fcr intellektuelle und kulturelle Debatten. Seine Redaktion ist jung, ehrenamtlich, liberal und pluralistisch. Das Magazin erscheint online und in gedruckter Form. Seine Sprache ist Franz\u00f6sisch.","email":"redaction@leregardlibre.com","legalName":"Le Regard Libre","foundingDate":"2014-01-01","numberOfEmployees":{"@type":"QuantitativeValue","minValue":"11","maxValue":"50"},"publishingPrinciples":"https:\/\/leregardlibre.com\/a-propos\/notre-manifeste\/","ownershipFundingInfo":"https:\/\/leregardlibre.com\/mentions-legales\/","actionableFeedbackPolicy":"https:\/\/leregardlibre.com\/conditions-generales-de-vente\/"},{"@type":"Person","@id":"https:\/\/leregardlibre.com\/#\/schema\/person\/43a8c2a58709491d9f4513679384b3ba","name":"Diego Taboada","image":{"@type":"ImageObject","inLanguage":"de","@id":"https:\/\/secure.gravatar.com\/avatar\/59b13024a7ae04f193d18b489d803a2c9784084c81f559ca3108376350b6111b?s=96&d=identicon&r=g","url":"https:\/\/secure.gravatar.com\/avatar\/59b13024a7ae04f193d18b489d803a2c9784084c81f559ca3108376350b6111b?s=96&d=identicon&r=g","contentUrl":"https:\/\/secure.gravatar.com\/avatar\/59b13024a7ae04f193d18b489d803a2c9784084c81f559ca3108376350b6111b?s=96&d=identicon&r=g","caption":"Diego Taboada"},"sameAs":["https:\/\/leregardlibre.com\/"],"url":"https:\/\/leregardlibre.com\/de\/author\/diego-taboada\/"}]}},"_links":{"self":[{"href":"https:\/\/leregardlibre.com\/de\/wp-json\/wp\/v2\/posts\/18673","targetHints":{"allow":["GET"]}}],"collection":[{"href":"https:\/\/leregardlibre.com\/de\/wp-json\/wp\/v2\/posts"}],"about":[{"href":"https:\/\/leregardlibre.com\/de\/wp-json\/wp\/v2\/types\/post"}],"author":[{"embeddable":true,"href":"https:\/\/leregardlibre.com\/de\/wp-json\/wp\/v2\/users\/333"}],"replies":[{"embeddable":true,"href":"https:\/\/leregardlibre.com\/de\/wp-json\/wp\/v2\/comments?post=18673"}],"version-history":[{"count":1,"href":"https:\/\/leregardlibre.com\/de\/wp-json\/wp\/v2\/posts\/18673\/revisions"}],"predecessor-version":[{"id":510285,"href":"https:\/\/leregardlibre.com\/de\/wp-json\/wp\/v2\/posts\/18673\/revisions\/510285"}],"wp:featuredmedia":[{"embeddable":true,"href":"https:\/\/leregardlibre.com\/de\/wp-json\/wp\/v2\/media\/18674"}],"wp:attachment":[{"href":"https:\/\/leregardlibre.com\/de\/wp-json\/wp\/v2\/media?parent=18673"}],"wp:term":[{"taxonomy":"category","embeddable":true,"href":"https:\/\/leregardlibre.com\/de\/wp-json\/wp\/v2\/categories?post=18673"},{"taxonomy":"post_tag","embeddable":true,"href":"https:\/\/leregardlibre.com\/de\/wp-json\/wp\/v2\/tags?post=18673"}],"curies":[{"name":"wp","href":"https:\/\/api.w.org\/{rel}","templated":true}]}}