{"id":18763,"date":"2019-01-21T20:00:36","date_gmt":"2019-01-21T19:00:36","guid":{"rendered":"https:\/\/leregardlibre.com\/?p=18763"},"modified":"2025-12-13T22:54:48","modified_gmt":"2025-12-13T21:54:48","slug":"le-peuple-est-il-dangereux","status":"publish","type":"post","link":"https:\/\/leregardlibre.com\/de\/politik\/frankreich\/le-peuple-est-il-dangereux\/","title":{"rendered":"Ist das Volk gef\u00e4hrlich?"},"content":{"rendered":"<p><em>Les lundis de l'actualit\u00e9 - Cl\u00e9ment Guntern<\/em><\/p>\n\n\n\n<p class=\"has-drop-cap\">En ce mois de janvier 2019, en France, le mouvement populaire des \u00abgilets jaunes\u00bb tend \u00e0 prendre deux formes diff\u00e9rentes. D\u2019un c\u00f4t\u00e9, ceux qui continuent de manifester plus ou moins violemment et, de l\u2019autre, ceux qui souhaitent participer au d\u00e9bat inaugur\u00e9 par le pr\u00e9sident Macron. Pour ces derniers, il est question de d\u00e9battre des mille et une questions qui tourmentent le pays et de discuter d\u00e9mocratie. Voire de la r\u00e9inventer.<\/p>\n\n\n\n<!--more-->\n\n\n\n<p>N\u2019allons pas jusque-l\u00e0. R\u00e9inventer la d\u00e9mocratie, certainement pas, mais remodeler la d\u00e9mocratie repr\u00e9sentative, peut-\u00eatre. Le grand d\u00e9bat voulu par le pr\u00e9sident pourra prendre la forme de tables rondes participatives. Ou, tout simplement dit, d\u2019un d\u00e9bat autour d\u2019une table. Beaucoup parmi les \u00abgilets jaunes\u00bb regrettent l\u2019attitude du gouvernement qui, lors de certaines prises de position, excluait tant\u00f4t certaines r\u00e9formes des d\u00e9bats, tant\u00f4t admettait tous les th\u00e8mes. En effet, les modalit\u00e9s d\u2019un d\u00e9bat d\u2019ampleur nationale sont complexes. D\u2019ailleurs, les premi\u00e8res r\u00e9unions dans les communes de France tournaient autour de ces modalit\u00e9s du d\u00e9bat. O\u00f9 doit-il avoir lieu? Avec qui? Quand? Combien de personnes? Avoir des r\u00e8gles pour cadrer une discussion est essentiel \u00e0 une d\u00e9marche productive et ceux qui s\u2019en offusquent ne sont pas au clair sur ce qu\u2019est la d\u00e9mocratie.<\/p>\n\n\n\n<p>Les Fran\u00e7ais semblent se r\u00e9veiller pour enfin se rendre compte, ou peut-\u00eatre demander plus fortement, que la d\u00e9mocratie ne se limite pas \u00e0 des \u00e9lections. La d\u00e9finition d\u2019une d\u00e9mocratie \u00e9tant si complexe et si vari\u00e9e que pas une seule sur cette Terre ne poss\u00e8de son exact semblable dans un autre pays. Les formes d\u2019agencement des institutions, du parlement, du gouvernement, la place des citoyens sont aussi nombreuses que les Etats. Le m\u00eame flou r\u00e8gne et le m\u00eame champ des possibilit\u00e9s s\u2019ouvre lorsqu\u2019on se demande o\u00f9 commence et o\u00f9 se finit la d\u00e9mocratie. L\u2019\u00e9lection d\u2019un parlement est-il suffisant? Certainement pas. Il faut des conditions qui l\u2019encadrent: la justice impartiale, la libert\u00e9 d\u2019expression, la libert\u00e9 de mouvement, une participation significative, un d\u00e9compte exact des voix et une multitude de r\u00e8gles que nous ne rapprochons plus forc\u00e9ment \u00e0 l\u2019exercice d\u00e9mocratique.<\/p>\n\n\n\n<p>Il en va de m\u00eame pour la participation des citoyens qui peut prendre des formes plus ou moins \u00e9tendues. Dans le mouvement des \u00abgilets jaunes\u00bb, une revendication a rapidement \u00e9merg\u00e9: le r\u00e9f\u00e9rendum d\u2019initiative citoyenne, ou RIC. Ces derniers l&#8217;ont pr\u00e9sent\u00e9 comme un rem\u00e8de miracle pour la France, m\u00eame si certains, pour la plupart membres de l\u2019\u00e9lite politique ou intellectuelle, y voient plut\u00f4t une menace contre la d\u00e9mocratie; arguant que le peuple risquerait de d\u00e9molir les constructions l\u00e9gislatives progressistes comme la peine de mort, le mariage pour tous et bien d\u2019autres encore.<\/p>\n\n\n\n<p>Cette r\u00e9action ne justifie-t-elle pas la demande m\u00eame du RIC? Car c\u2019est cette attitude paternaliste et \u00e9litiste des politiciens d\u00e9niant l\u2019avis de beaucoup pour imposer ce qui est r\u00e9ellement bon pour le peuple qui d\u00e9range. Ici se situe la d\u00e9connection entre le peuple et ses dirigeants que le RIC souhaite combattre. Le r\u00e9f\u00e9rendum et par extension le peuple sont-ils dangereux? Au contraire, des \u00e9ch\u00e9ances \u00e9lectorales plus ou moins r\u00e9guli\u00e8res permettent d\u2019imposer une certaine confiance ainsi qu\u2019une plus grande s\u00e9r\u00e9nit\u00e9 dans le syst\u00e8me politique et peuvent le r\u00e9guler. Un parti qui se verrait d\u00e9savou\u00e9 dans les urnes devrait se remettre en cause et accepter le r\u00e9sultat. Plus besoin d\u2019entendre&nbsp;dire \u00abce que les Fran\u00e7ais veulent\u00bb de la part de politiciens venus de tous les partis qui s\u2019imaginent savoir ce qui est bien pour le pays. Pourquoi ne pas le lui demander tout simplement?<\/p>\n\n\n\n<p>Mais, de m\u00eame que pour tous les organes d\u00e9mocratiques, le r\u00e9f\u00e9rendum doit \u00eatre cadr\u00e9 par des r\u00e8gles et des institutions. Le tout, dans le but d\u2019\u00e9viter de devenir un syst\u00e8me vide de sens o\u00f9 les d\u00e9cisions ne sont pas appliqu\u00e9es. Toutes ces questions autour de la d\u00e9mocratie en France doivent \u00eatre suivies de pr\u00e8s depuis la Suisse. Car nous ne sommes pas parfaits avec notre d\u00e9mocratie semi-directe. Des id\u00e9es int\u00e9ressantes sur le r\u00e9f\u00e9rendum ou les initiatives populaires pourraient \u00eatre reprises \u00e0 notre compte si elles vont dans le sens d\u2019une r\u00e9gulation plus juste et impartiale du droit de vote. Ce qui manquerait encore en Suisse.<\/p>\n\n\n\n<p><em>Schreiben Sie dem Autor: <\/em><a href=\"mailto:clement.guntern@leregardlibre.com\"><em>clement.guntern@leregardlibre.com<\/em><\/a><em> <\/em><\/p>\n\n\n\n<p>Cr\u00e9dit photo: Wikimedia Commons, CC 2.0<\/p>","protected":false},"excerpt":{"rendered":"<p>Les lundis de l&#8217;actualit\u00e9 &#8211; Cl\u00e9ment Guntern En ce mois de janvier 2019, en France, le mouvement populaire des \u00abgilets&#8230;<\/p>","protected":false},"author":325,"featured_media":510292,"comment_status":"open","ping_status":"open","sticky":false,"template":"","format":"standard","meta":{"_acf_changed":false,"footnotes":""},"categories":[644357280],"tags":[61440,74619484,644340666,644340856],"class_list":["post-18763","post","type-post","status-publish","format-standard","has-post-thumbnail","hentry","category-france","tag-democratie","tag-emmanuel-macron","tag-gilets-jaunes","tag-ric"],"acf":[],"yoast_head":"<!-- This site is optimized with the Yoast SEO Premium plugin v27.4 (Yoast SEO v27.4) - https:\/\/yoast.com\/product\/yoast-seo-premium-wordpress\/ -->\n<title>Le peuple est-il dangereux?<\/title>\n<meta name=\"robots\" content=\"index, follow, max-snippet:-1, max-image-preview:large, max-video-preview:-1\" \/>\n<link rel=\"canonical\" href=\"https:\/\/leregardlibre.com\/de\/politik\/frankreich\/le-peuple-est-il-dangereux\/\" \/>\n<meta property=\"og:locale\" content=\"de_DE\" \/>\n<meta property=\"og:type\" content=\"article\" \/>\n<meta property=\"og:title\" content=\"Le peuple est-il dangereux?\" \/>\n<meta property=\"og:description\" content=\"Les lundis de l&#039;actualit\u00e9 - Cl\u00e9ment Guntern En ce mois de janvier 2019, en France, le mouvement populaire des \u00abgilets...\" \/>\n<meta property=\"og:url\" content=\"https:\/\/leregardlibre.com\/de\/politik\/frankreich\/le-peuple-est-il-dangereux\/\" \/>\n<meta property=\"og:site_name\" content=\"Le Regard Libre\" \/>\n<meta property=\"article:publisher\" content=\"https:\/\/www.facebook.com\/leregardlibre\/\" \/>\n<meta property=\"article:published_time\" content=\"2019-01-21T19:00:36+00:00\" \/>\n<meta property=\"article:modified_time\" content=\"2025-12-13T21:54:48+00:00\" \/>\n<meta property=\"og:image\" content=\"https:\/\/leregardlibre.com\/wp-content\/uploads\/2019\/01\/Paris_Gilets_Jaunes_-_Acte_IX_45808613485-1-1024x683.jpg\" \/>\n\t<meta property=\"og:image:width\" content=\"1024\" \/>\n\t<meta property=\"og:image:height\" content=\"683\" \/>\n\t<meta property=\"og:image:type\" content=\"image\/jpeg\" \/>\n<meta name=\"author\" content=\"Cl\u00e9ment Guntern\" \/>\n<meta name=\"twitter:card\" content=\"summary_large_image\" \/>\n<meta name=\"twitter:creator\" content=\"@LeRegardLibre\" \/>\n<meta name=\"twitter:site\" content=\"@LeRegardLibre\" \/>\n<meta name=\"twitter:label1\" content=\"Verfasst von\" \/>\n\t<meta name=\"twitter:data1\" content=\"Cl\u00e9ment Guntern\" \/>\n\t<meta name=\"twitter:label2\" content=\"Gesch\u00e4tzte Lesezeit\" \/>\n\t<meta name=\"twitter:data2\" content=\"4\u00a0Minuten\" \/>\n<script type=\"application\/ld+json\" class=\"yoast-schema-graph\">{\"@context\":\"https:\\\/\\\/schema.org\",\"@graph\":[{\"@type\":\"Article\",\"@id\":\"https:\\\/\\\/leregardlibre.com\\\/politique\\\/france\\\/le-peuple-est-il-dangereux\\\/#article\",\"isPartOf\":{\"@id\":\"https:\\\/\\\/leregardlibre.com\\\/politique\\\/france\\\/le-peuple-est-il-dangereux\\\/\"},\"author\":{\"name\":\"Cl\u00e9ment Guntern\",\"@id\":\"https:\\\/\\\/leregardlibre.com\\\/#\\\/schema\\\/person\\\/30daacd8c04cd92ec59532d74a7b18f8\"},\"headline\":\"Le peuple est-il dangereux?\",\"datePublished\":\"2019-01-21T19:00:36+00:00\",\"dateModified\":\"2025-12-13T21:54:48+00:00\",\"mainEntityOfPage\":{\"@id\":\"https:\\\/\\\/leregardlibre.com\\\/politique\\\/france\\\/le-peuple-est-il-dangereux\\\/\"},\"wordCount\":817,\"commentCount\":0,\"publisher\":{\"@id\":\"https:\\\/\\\/leregardlibre.com\\\/#organization\"},\"image\":{\"@id\":\"https:\\\/\\\/leregardlibre.com\\\/politique\\\/france\\\/le-peuple-est-il-dangereux\\\/#primaryimage\"},\"thumbnailUrl\":\"https:\\\/\\\/leregardlibre.com\\\/wp-content\\\/uploads\\\/2019\\\/01\\\/Paris_Gilets_Jaunes_-_Acte_IX_45808613485-1.jpg\",\"keywords\":[\"D\u00e9mocratie\",\"Emmanuel Macron\",\"Gilets jaunes\",\"ric\"],\"articleSection\":[\"France\"],\"inLanguage\":\"de\",\"potentialAction\":[{\"@type\":\"CommentAction\",\"name\":\"Comment\",\"target\":[\"https:\\\/\\\/leregardlibre.com\\\/politique\\\/france\\\/le-peuple-est-il-dangereux\\\/#respond\"]}]},{\"@type\":\"WebPage\",\"@id\":\"https:\\\/\\\/leregardlibre.com\\\/politique\\\/france\\\/le-peuple-est-il-dangereux\\\/\",\"url\":\"https:\\\/\\\/leregardlibre.com\\\/politique\\\/france\\\/le-peuple-est-il-dangereux\\\/\",\"name\":\"Le peuple est-il dangereux?\",\"isPartOf\":{\"@id\":\"https:\\\/\\\/leregardlibre.com\\\/#website\"},\"primaryImageOfPage\":{\"@id\":\"https:\\\/\\\/leregardlibre.com\\\/politique\\\/france\\\/le-peuple-est-il-dangereux\\\/#primaryimage\"},\"image\":{\"@id\":\"https:\\\/\\\/leregardlibre.com\\\/politique\\\/france\\\/le-peuple-est-il-dangereux\\\/#primaryimage\"},\"thumbnailUrl\":\"https:\\\/\\\/leregardlibre.com\\\/wp-content\\\/uploads\\\/2019\\\/01\\\/Paris_Gilets_Jaunes_-_Acte_IX_45808613485-1.jpg\",\"datePublished\":\"2019-01-21T19:00:36+00:00\",\"dateModified\":\"2025-12-13T21:54:48+00:00\",\"breadcrumb\":{\"@id\":\"https:\\\/\\\/leregardlibre.com\\\/politique\\\/france\\\/le-peuple-est-il-dangereux\\\/#breadcrumb\"},\"inLanguage\":\"de\",\"potentialAction\":[{\"@type\":\"ReadAction\",\"target\":[\"https:\\\/\\\/leregardlibre.com\\\/politique\\\/france\\\/le-peuple-est-il-dangereux\\\/\"]}]},{\"@type\":\"ImageObject\",\"inLanguage\":\"de\",\"@id\":\"https:\\\/\\\/leregardlibre.com\\\/politique\\\/france\\\/le-peuple-est-il-dangereux\\\/#primaryimage\",\"url\":\"https:\\\/\\\/leregardlibre.com\\\/wp-content\\\/uploads\\\/2019\\\/01\\\/Paris_Gilets_Jaunes_-_Acte_IX_45808613485-1.jpg\",\"contentUrl\":\"https:\\\/\\\/leregardlibre.com\\\/wp-content\\\/uploads\\\/2019\\\/01\\\/Paris_Gilets_Jaunes_-_Acte_IX_45808613485-1.jpg\",\"width\":5638,\"height\":3759},{\"@type\":\"BreadcrumbList\",\"@id\":\"https:\\\/\\\/leregardlibre.com\\\/politique\\\/france\\\/le-peuple-est-il-dangereux\\\/#breadcrumb\",\"itemListElement\":[{\"@type\":\"ListItem\",\"position\":1,\"name\":\"Accueil\",\"item\":\"https:\\\/\\\/leregardlibre.com\\\/\"},{\"@type\":\"ListItem\",\"position\":2,\"name\":\"Le peuple est-il dangereux?\"}]},{\"@type\":\"WebSite\",\"@id\":\"https:\\\/\\\/leregardlibre.com\\\/#website\",\"url\":\"https:\\\/\\\/leregardlibre.com\\\/\",\"name\":\"Le Regard Libre\",\"description\":\"Premier mensuel suisse de d\u00e9bat\",\"publisher\":{\"@id\":\"https:\\\/\\\/leregardlibre.com\\\/#organization\"},\"potentialAction\":[{\"@type\":\"SearchAction\",\"target\":{\"@type\":\"EntryPoint\",\"urlTemplate\":\"https:\\\/\\\/leregardlibre.com\\\/?s={search_term_string}\"},\"query-input\":{\"@type\":\"PropertyValueSpecification\",\"valueRequired\":true,\"valueName\":\"search_term_string\"}}],\"inLanguage\":\"de\"},{\"@type\":\"Organization\",\"@id\":\"https:\\\/\\\/leregardlibre.com\\\/#organization\",\"name\":\"Le Regard Libre\",\"url\":\"https:\\\/\\\/leregardlibre.com\\\/\",\"logo\":{\"@type\":\"ImageObject\",\"inLanguage\":\"de\",\"@id\":\"https:\\\/\\\/leregardlibre.com\\\/#\\\/schema\\\/logo\\\/image\\\/\",\"url\":\"https:\\\/\\\/leregardlibre.com\\\/wp-content\\\/uploads\\\/2025\\\/08\\\/logo-rl-icone-neg.jpeg\",\"contentUrl\":\"https:\\\/\\\/leregardlibre.com\\\/wp-content\\\/uploads\\\/2025\\\/08\\\/logo-rl-icone-neg.jpeg\",\"width\":557,\"height\":556,\"caption\":\"Le Regard Libre\"},\"image\":{\"@id\":\"https:\\\/\\\/leregardlibre.com\\\/#\\\/schema\\\/logo\\\/image\\\/\"},\"sameAs\":[\"https:\\\/\\\/www.facebook.com\\\/leregardlibre\\\/\",\"https:\\\/\\\/x.com\\\/LeRegardLibre\",\"https:\\\/\\\/www.linkedin.com\\\/company\\\/le-regard-libre\",\"https:\\\/\\\/www.instagram.com\\\/leregardlibre\\\/\",\"http:\\\/\\\/t.me\\\/leregardlibre\",\"https:\\\/\\\/youtube.com\\\/channel\\\/UC6HzGPomj1LsUmlz-sJtITQ\"],\"description\":\"Le Regard Libre est un mensuel suisse de d\u00e9bat intellectuel et culturel. Sa r\u00e9daction est jeune, b\u00e9n\u00e9vole, lib\u00e9rale et pluraliste. Le magazine para\u00eet en ligne et sous forme papier. Sa langue est le fran\u00e7ais.\",\"email\":\"redaction@leregardlibre.com\",\"legalName\":\"Le Regard Libre\",\"foundingDate\":\"2014-01-01\",\"numberOfEmployees\":{\"@type\":\"QuantitativeValue\",\"minValue\":\"11\",\"maxValue\":\"50\"},\"publishingPrinciples\":\"https:\\\/\\\/leregardlibre.com\\\/a-propos\\\/notre-manifeste\\\/\",\"ownershipFundingInfo\":\"https:\\\/\\\/leregardlibre.com\\\/mentions-legales\\\/\",\"actionableFeedbackPolicy\":\"https:\\\/\\\/leregardlibre.com\\\/conditions-generales-de-vente\\\/\"},{\"@type\":\"Person\",\"@id\":\"https:\\\/\\\/leregardlibre.com\\\/#\\\/schema\\\/person\\\/30daacd8c04cd92ec59532d74a7b18f8\",\"name\":\"Cl\u00e9ment Guntern\",\"image\":{\"@type\":\"ImageObject\",\"inLanguage\":\"de\",\"@id\":\"https:\\\/\\\/secure.gravatar.com\\\/avatar\\\/79a3aae9b5ce6c4dcd8890bc4d3171c7198fe739971f91e509b3f8b98aa66d64?s=96&d=identicon&r=g\",\"url\":\"https:\\\/\\\/secure.gravatar.com\\\/avatar\\\/79a3aae9b5ce6c4dcd8890bc4d3171c7198fe739971f91e509b3f8b98aa66d64?s=96&d=identicon&r=g\",\"contentUrl\":\"https:\\\/\\\/secure.gravatar.com\\\/avatar\\\/79a3aae9b5ce6c4dcd8890bc4d3171c7198fe739971f91e509b3f8b98aa66d64?s=96&d=identicon&r=g\",\"caption\":\"Cl\u00e9ment Guntern\"},\"sameAs\":[\"https:\\\/\\\/leregardlibre.com\\\/\"],\"url\":\"https:\\\/\\\/leregardlibre.com\\\/de\\\/author\\\/clement-guntern\\\/\"}]}<\/script>\n<!-- \/ Yoast SEO Premium plugin. -->","yoast_head_json":{"title":"Ist das Volk gef\u00e4hrlich?","robots":{"index":"index","follow":"follow","max-snippet":"max-snippet:-1","max-image-preview":"max-image-preview:large","max-video-preview":"max-video-preview:-1"},"canonical":"https:\/\/leregardlibre.com\/de\/politik\/frankreich\/le-peuple-est-il-dangereux\/","og_locale":"de_DE","og_type":"article","og_title":"Le peuple est-il dangereux?","og_description":"Les lundis de l'actualit\u00e9 - Cl\u00e9ment Guntern En ce mois de janvier 2019, en France, le mouvement populaire des \u00abgilets...","og_url":"https:\/\/leregardlibre.com\/de\/politik\/frankreich\/le-peuple-est-il-dangereux\/","og_site_name":"Le Regard Libre","article_publisher":"https:\/\/www.facebook.com\/leregardlibre\/","article_published_time":"2019-01-21T19:00:36+00:00","article_modified_time":"2025-12-13T21:54:48+00:00","og_image":[{"width":1024,"height":683,"url":"https:\/\/leregardlibre.com\/wp-content\/uploads\/2019\/01\/Paris_Gilets_Jaunes_-_Acte_IX_45808613485-1-1024x683.jpg","type":"image\/jpeg"}],"author":"Cl\u00e9ment Guntern","twitter_card":"summary_large_image","twitter_creator":"@LeRegardLibre","twitter_site":"@LeRegardLibre","twitter_misc":{"Verfasst von":"Cl\u00e9ment Guntern","Gesch\u00e4tzte Lesezeit":"4\u00a0Minuten"},"schema":{"@context":"https:\/\/schema.org","@graph":[{"@type":"Article","@id":"https:\/\/leregardlibre.com\/politique\/france\/le-peuple-est-il-dangereux\/#article","isPartOf":{"@id":"https:\/\/leregardlibre.com\/politique\/france\/le-peuple-est-il-dangereux\/"},"author":{"name":"Cl\u00e9ment Guntern","@id":"https:\/\/leregardlibre.com\/#\/schema\/person\/30daacd8c04cd92ec59532d74a7b18f8"},"headline":"Le peuple est-il dangereux?","datePublished":"2019-01-21T19:00:36+00:00","dateModified":"2025-12-13T21:54:48+00:00","mainEntityOfPage":{"@id":"https:\/\/leregardlibre.com\/politique\/france\/le-peuple-est-il-dangereux\/"},"wordCount":817,"commentCount":0,"publisher":{"@id":"https:\/\/leregardlibre.com\/#organization"},"image":{"@id":"https:\/\/leregardlibre.com\/politique\/france\/le-peuple-est-il-dangereux\/#primaryimage"},"thumbnailUrl":"https:\/\/leregardlibre.com\/wp-content\/uploads\/2019\/01\/Paris_Gilets_Jaunes_-_Acte_IX_45808613485-1.jpg","keywords":["D\u00e9mocratie","Emmanuel Macron","Gilets jaunes","ric"],"articleSection":["France"],"inLanguage":"de","potentialAction":[{"@type":"CommentAction","name":"Comment","target":["https:\/\/leregardlibre.com\/politique\/france\/le-peuple-est-il-dangereux\/#respond"]}]},{"@type":"WebPage","@id":"https:\/\/leregardlibre.com\/politique\/france\/le-peuple-est-il-dangereux\/","url":"https:\/\/leregardlibre.com\/politique\/france\/le-peuple-est-il-dangereux\/","name":"Ist das Volk gef\u00e4hrlich?","isPartOf":{"@id":"https:\/\/leregardlibre.com\/#website"},"primaryImageOfPage":{"@id":"https:\/\/leregardlibre.com\/politique\/france\/le-peuple-est-il-dangereux\/#primaryimage"},"image":{"@id":"https:\/\/leregardlibre.com\/politique\/france\/le-peuple-est-il-dangereux\/#primaryimage"},"thumbnailUrl":"https:\/\/leregardlibre.com\/wp-content\/uploads\/2019\/01\/Paris_Gilets_Jaunes_-_Acte_IX_45808613485-1.jpg","datePublished":"2019-01-21T19:00:36+00:00","dateModified":"2025-12-13T21:54:48+00:00","breadcrumb":{"@id":"https:\/\/leregardlibre.com\/politique\/france\/le-peuple-est-il-dangereux\/#breadcrumb"},"inLanguage":"de","potentialAction":[{"@type":"ReadAction","target":["https:\/\/leregardlibre.com\/politique\/france\/le-peuple-est-il-dangereux\/"]}]},{"@type":"ImageObject","inLanguage":"de","@id":"https:\/\/leregardlibre.com\/politique\/france\/le-peuple-est-il-dangereux\/#primaryimage","url":"https:\/\/leregardlibre.com\/wp-content\/uploads\/2019\/01\/Paris_Gilets_Jaunes_-_Acte_IX_45808613485-1.jpg","contentUrl":"https:\/\/leregardlibre.com\/wp-content\/uploads\/2019\/01\/Paris_Gilets_Jaunes_-_Acte_IX_45808613485-1.jpg","width":5638,"height":3759},{"@type":"BreadcrumbList","@id":"https:\/\/leregardlibre.com\/politique\/france\/le-peuple-est-il-dangereux\/#breadcrumb","itemListElement":[{"@type":"ListItem","position":1,"name":"Accueil","item":"https:\/\/leregardlibre.com\/"},{"@type":"ListItem","position":2,"name":"Le peuple est-il dangereux?"}]},{"@type":"WebSite","@id":"https:\/\/leregardlibre.com\/#website","url":"https:\/\/leregardlibre.com\/","name":"Le Regard Libre","description":"Erste Schweizer Monatszeitschrift f\u00fcr Debatten","publisher":{"@id":"https:\/\/leregardlibre.com\/#organization"},"potentialAction":[{"@type":"SearchAction","target":{"@type":"EntryPoint","urlTemplate":"https:\/\/leregardlibre.com\/?s={search_term_string}"},"query-input":{"@type":"PropertyValueSpecification","valueRequired":true,"valueName":"search_term_string"}}],"inLanguage":"de"},{"@type":"Organization","@id":"https:\/\/leregardlibre.com\/#organization","name":"Le Regard Libre","url":"https:\/\/leregardlibre.com\/","logo":{"@type":"ImageObject","inLanguage":"de","@id":"https:\/\/leregardlibre.com\/#\/schema\/logo\/image\/","url":"https:\/\/leregardlibre.com\/wp-content\/uploads\/2025\/08\/logo-rl-icone-neg.jpeg","contentUrl":"https:\/\/leregardlibre.com\/wp-content\/uploads\/2025\/08\/logo-rl-icone-neg.jpeg","width":557,"height":556,"caption":"Le Regard Libre"},"image":{"@id":"https:\/\/leregardlibre.com\/#\/schema\/logo\/image\/"},"sameAs":["https:\/\/www.facebook.com\/leregardlibre\/","https:\/\/x.com\/LeRegardLibre","https:\/\/www.linkedin.com\/company\/le-regard-libre","https:\/\/www.instagram.com\/leregardlibre\/","http:\/\/t.me\/leregardlibre","https:\/\/youtube.com\/channel\/UC6HzGPomj1LsUmlz-sJtITQ"],"description":"Le Regard Libre ist eine Schweizer Monatszeitschrift f\u00fcr intellektuelle und kulturelle Debatten. Seine Redaktion ist jung, ehrenamtlich, liberal und pluralistisch. Das Magazin erscheint online und in gedruckter Form. Seine Sprache ist Franz\u00f6sisch.","email":"redaction@leregardlibre.com","legalName":"Le Regard Libre","foundingDate":"2014-01-01","numberOfEmployees":{"@type":"QuantitativeValue","minValue":"11","maxValue":"50"},"publishingPrinciples":"https:\/\/leregardlibre.com\/a-propos\/notre-manifeste\/","ownershipFundingInfo":"https:\/\/leregardlibre.com\/mentions-legales\/","actionableFeedbackPolicy":"https:\/\/leregardlibre.com\/conditions-generales-de-vente\/"},{"@type":"Person","@id":"https:\/\/leregardlibre.com\/#\/schema\/person\/30daacd8c04cd92ec59532d74a7b18f8","name":"Cl\u00e9ment Guntern","image":{"@type":"ImageObject","inLanguage":"de","@id":"https:\/\/secure.gravatar.com\/avatar\/79a3aae9b5ce6c4dcd8890bc4d3171c7198fe739971f91e509b3f8b98aa66d64?s=96&d=identicon&r=g","url":"https:\/\/secure.gravatar.com\/avatar\/79a3aae9b5ce6c4dcd8890bc4d3171c7198fe739971f91e509b3f8b98aa66d64?s=96&d=identicon&r=g","contentUrl":"https:\/\/secure.gravatar.com\/avatar\/79a3aae9b5ce6c4dcd8890bc4d3171c7198fe739971f91e509b3f8b98aa66d64?s=96&d=identicon&r=g","caption":"Cl\u00e9ment Guntern"},"sameAs":["https:\/\/leregardlibre.com\/"],"url":"https:\/\/leregardlibre.com\/de\/author\/clement-guntern\/"}]}},"_links":{"self":[{"href":"https:\/\/leregardlibre.com\/de\/wp-json\/wp\/v2\/posts\/18763","targetHints":{"allow":["GET"]}}],"collection":[{"href":"https:\/\/leregardlibre.com\/de\/wp-json\/wp\/v2\/posts"}],"about":[{"href":"https:\/\/leregardlibre.com\/de\/wp-json\/wp\/v2\/types\/post"}],"author":[{"embeddable":true,"href":"https:\/\/leregardlibre.com\/de\/wp-json\/wp\/v2\/users\/325"}],"replies":[{"embeddable":true,"href":"https:\/\/leregardlibre.com\/de\/wp-json\/wp\/v2\/comments?post=18763"}],"version-history":[{"count":1,"href":"https:\/\/leregardlibre.com\/de\/wp-json\/wp\/v2\/posts\/18763\/revisions"}],"predecessor-version":[{"id":510291,"href":"https:\/\/leregardlibre.com\/de\/wp-json\/wp\/v2\/posts\/18763\/revisions\/510291"}],"wp:featuredmedia":[{"embeddable":true,"href":"https:\/\/leregardlibre.com\/de\/wp-json\/wp\/v2\/media\/510292"}],"wp:attachment":[{"href":"https:\/\/leregardlibre.com\/de\/wp-json\/wp\/v2\/media?parent=18763"}],"wp:term":[{"taxonomy":"category","embeddable":true,"href":"https:\/\/leregardlibre.com\/de\/wp-json\/wp\/v2\/categories?post=18763"},{"taxonomy":"post_tag","embeddable":true,"href":"https:\/\/leregardlibre.com\/de\/wp-json\/wp\/v2\/tags?post=18763"}],"curies":[{"name":"wp","href":"https:\/\/api.w.org\/{rel}","templated":true}]}}