{"id":18918,"date":"2019-01-30T12:55:19","date_gmt":"2019-01-30T11:55:19","guid":{"rendered":"https:\/\/leregardlibre.com\/?p=18918"},"modified":"2025-12-04T22:38:37","modified_gmt":"2025-12-04T21:38:37","slug":"die","status":"publish","type":"post","link":"https:\/\/leregardlibre.com\/de\/cinema\/films\/la\/","title":{"rendered":"Die Geschichte von \u00abColettes\u00bb Feder\u00bb"},"content":{"rendered":"<p><em>Les mercredis du cin\u00e9ma - Lauriane Pipoz<\/em><\/p>\n\n\n\n<p class=\"has-drop-cap\"><em>Colette<\/em> zeichnet ein Portr\u00e4t von Sidonie-Gabrielle Colette, einer der bedeutendsten Schriftstellerinnen des Frankreichs des 20. Jahrhunderts<sup>. <\/sup>Jahrhundert. Diese franz\u00f6sische Literatin ist in vielerlei Hinsicht \u00e4u\u00dferst interessant. Man kann sie aus zahlreichen Blickwinkeln betrachten: Als geniale Schriftstellerin, bisexuelle Frau und charakterstarke Pers\u00f6nlichkeit war sie f\u00fcr ihre Zeit eine sehr ungew\u00f6hnliche Frau. Aus diesem Grund haben sich Amerikaner und Engl\u00e4nder f\u00fcr sie interessiert und liefern uns einen sehr facettenreichen Film \u2013 der vielleicht sogar ein wenig zu facettenreich ist.<\/p>\n\n\n\n<p style=\"color:#1d296c\" class=\"has-text-color\"><strong>Auch zu lesen: <\/strong><em><a href=\"https:\/\/leregardlibre.com\/de\/2019\/01\/16\/mary-poppins-eine-vergnugliche-ruckkehr-in-die-kindheit\/\"><strong>Mary Poppins<\/strong><\/a><\/em><a href=\"https:\/\/leregardlibre.com\/de\/2019\/01\/16\/mary-poppins-eine-vergnugliche-ruckkehr-in-die-kindheit\/\"><strong>, eine \u00e4u\u00dferst angenehme R\u00fcckkehr in die Kindheit<\/strong><\/a><\/p>\n\n\n\n<h3 class=\"wp-block-heading\"><strong>\u00abWilly h\u00e4lt dich an einer langen Leine. Vielleicht gef\u00e4llt dir das ja.\u00bb<\/strong><\/h3>\n\n\n\n<!--more-->\n\n\n\n<p>Die Geschichte von Colette (Keira Knightley) ist die einer Frau, die im Schatten eines Mannes steht: Ihr Ehemann, Henry Gauthier-Villars (Dominic West), ist ein mond\u00e4ner Schriftsteller, bekannt unter dem Namen Willy. Allerdings hat er von einem Schriftsteller fast nur den Ruf: Als Ruhms\u00fcchtiger l\u00e4sst er seine Romane in Wirklichkeit von Ghostwritern verfassen. Da ihm das Personal ausgeht und er das Potenzial in ihr erkennt, kommt ihm die geniale Idee, seine Frau zu bitten, ihre Kindheit zu Papier zu bringen. Dieser Roman wird ein gro\u00dfer Erfolg: Gleich nach seinem Erscheinen, <em>Claudine <\/em>ist in den H\u00e4nden des gesamten Pariser Gesellschaftslebens. <\/p>\n\n\n\n<p>Auch wenn Gauthier-Villars ein unehrlicher Mann ist, der sich als Schriftsteller ausgibt, obwohl er keiner ist, muss man ihm doch zugutehalten, dass er das Talent erkannt und es zu f\u00f6rdern verstanden hat. Diese Tatsache wird auf der Leinwand gut dargestellt. Die Chemie zwischen den Darstellern von Colette und ihrem Ehemann l\u00e4sst erkennen, dass ihre Beziehung nicht nur die zwischen einem Ausbeuter und einer Unterw\u00fcrfigen war. In gewisser Weise kamen beide auf ihre Kosten. Allerdings mangelt es den Figuren schmerzlich an Nuancen. Schuld daran sind stereotype Dialoge und Szenen, die einer Vertiefung bed\u00fcrften: Man sieht sie mehrfach auf wenig glaubw\u00fcrdige Weise streiten. In diesem Punkt scheinen die Regisseure das Thema \u00fcbertrieben zu haben. <\/p>\n\n\n\n<h3 class=\"wp-block-heading\"><strong>\u00abOb Untreue f\u00fcr Sie ein Thema ist, h\u00e4ngt vom Geschlecht ab\u00bb<\/strong><\/h3>\n\n\n\n<p>Der Film handelt auch von den freiz\u00fcgigen Liebesabenteuern des Ehepaars: Colette ist bisexuell, und ihr Mann ermutigt sie, diese Bisexualit\u00e4t voll auszuleben, damit sie dar\u00fcber in der Saga der <em>Claudine<\/em>. Auch Gauthier-Villars ist untreu. Dies bietet die Gelegenheit, hier den Unterschied in der Behandlung von Mann und Frau aufzuzeigen: W\u00e4hrend es dem Mann gestattet ist, mit Frauen zu schlafen, darf die Frau dies nicht <em>als in<\/em> mit Frauen zu schlafen. Der Ehemann entscheidet f\u00fcr seine Frau. <\/p>\n\n\n\n<p>Die Geschlechterfrage zu Beginn des 20. Jahrhunderts<sup>. <\/sup>Das Jahrhundert ist in <em>Colette<\/em>, wird jedoch nur angedeutet: Einige Szenen beleuchten dieses Thema zwar anhand von Dialogen, doch die Diskussionen sind sehr kurz. Die undifferenzierte Darstellung der Protagonisten tr\u00e4gt wahrscheinlich zu dem Eindruck bei, dass sie alle sehr klare Standpunkte vertreten. Man ahnt, dass die Personen, auf denen der Film basiert, weitaus differenzierter waren, und es ist schade, dass es dem Film nicht gelingt, dies widerzuspiegeln.<\/p>\n\n\n\n<h3 class=\"wp-block-heading\"><strong>Ein Portr\u00e4t der\nModerne, ebenfalls<\/strong><\/h3>\n\n\n\n<p><em>Colette <\/em>bleibt dennoch historisch, und Liebhaber von Kost\u00fcmfilmen kommen hier voll auf ihre Kosten. Die allgegenw\u00e4rtige Modernit\u00e4t zeigt sich in den ersten Fahrr\u00e4dern, der Nachbildung des Paris zu Beginn des Jahrhunderts oder auch den Anf\u00e4ngen der Stromversorgung in den Haushalten. In diesem Sinne ist das Ziel erreicht. Es gibt also vieles in diesem Film: Gutes und weniger Gutes. Darin liegt vielleicht der eigentliche Mangel des Films: Die Szenen sind zu kurz und folgen manchmal sehr schnell aufeinander, was den Zuschauer daran hindert, einem roten Faden zu folgen, und ihn zu Zeitspr\u00fcngen zwingt. Man versteht zwar, worauf der Film hinauswill, doch dadurch wirken die Figuren wenig glaubw\u00fcrdig, trotz einer gro\u00dfartigen Leistung der beiden Hauptdarsteller. Schade. <\/p>\n\n\n\n<p><em>Schreiben Sie dem Autor:&nbsp;<a href=\"mailto:lauriane.pipoz@gmail.com\">lauriane.pipoz@gmail.com<\/a><\/em><\/p>\n\n\n\n<p>Bildnachweis: \u00a9 DCM Film Distribution<\/p>\n\n\n\n<table class=\"wp-block-table\"><thead><tr><th>COLETTE<\/th><\/tr><\/thead><tbody><tr><td>Gro\u00dfbritannien und die Vereinigten Staaten, 2019<\/td><\/tr><tr><td><em>Regie:<\/em>&nbsp;Wash Westmoreland<\/td><\/tr><tr><td><em>Drehbuch:<\/em>&nbsp;Richard Glatzer, Wash Westmoreland und Rebecca Lenkiewicz<\/td><\/tr><tr><td><em>Dolmetschen:<\/em>&nbsp;Keira Knightley, Dominic West, Eleanor Tomlinson<\/td><\/tr><tr><td><em>Produktion:<\/em>&nbsp;Pamela Koffler <em>und alii<\/em><\/td><\/tr><tr><td><em>Verteilung:<\/em>&nbsp;DCM Filmverleih<\/td><\/tr><tr><td><em>Dauer:<\/em>&nbsp;1h52<\/td><\/tr><tr><td><em>Ausgehen:<\/em><strong>&nbsp;16. Januar 2019<\/strong><\/td><\/tr><\/tbody><\/table>\n\n\n\n<p><br><\/p>","protected":false},"excerpt":{"rendered":"<p>Les mercredis du cin\u00e9ma \u2013 Lauriane Pipoz Colette dresse le portrait de Sidonie-Gabrielle Colette, l\u2019un des plus grands \u00e9crivains de&#8230;<\/p>","protected":false},"author":102,"featured_media":18919,"comment_status":"open","ping_status":"open","sticky":false,"template":"","format":"standard","meta":{"_acf_changed":false,"footnotes":""},"categories":[644355829],"tags":[9360232,644340940,277140,1532851],"class_list":["post-18918","post","type-post","status-publish","format-standard","has-post-thumbnail","hentry","category-films","tag-cinema-britannique","tag-colette","tag-litterature-francaise","tag-litterature-francophone"],"acf":[],"yoast_head":"<!-- This site is optimized with the Yoast SEO Premium plugin v28.3 (Yoast SEO v28.3) - https:\/\/yoast.com\/product\/yoast-seo-premium-wordpress\/ -->\n<title>L\u2019histoire de la plume de \u00abColette\u00bb<\/title>\n<meta name=\"robots\" content=\"index, follow, max-snippet:-1, max-image-preview:large, max-video-preview:-1\" \/>\n<link rel=\"canonical\" href=\"https:\/\/leregardlibre.com\/de\/kino\/filme\/die\/\" \/>\n<meta property=\"og:locale\" content=\"de_DE\" \/>\n<meta property=\"og:type\" content=\"article\" \/>\n<meta property=\"og:title\" content=\"L\u2019histoire de la plume de \u00abColette\u00bb\" \/>\n<meta property=\"og:description\" content=\"Les mercredis du cin\u00e9ma \u2013 Lauriane Pipoz Colette dresse le portrait de Sidonie-Gabrielle Colette, l\u2019un des plus grands \u00e9crivains de...\" \/>\n<meta property=\"og:url\" content=\"https:\/\/leregardlibre.com\/de\/kino\/filme\/die\/\" \/>\n<meta property=\"og:site_name\" content=\"Le Regard Libre\" \/>\n<meta property=\"article:publisher\" content=\"https:\/\/www.facebook.com\/leregardlibre\/\" \/>\n<meta property=\"article:published_time\" content=\"2019-01-30T11:55:19+00:00\" \/>\n<meta property=\"article:modified_time\" content=\"2025-12-04T21:38:37+00:00\" \/>\n<meta property=\"og:image\" content=\"https:\/\/leregardlibre.com\/wp-content\/uploads\/2019\/01\/09_COLETTE_Colette_undWilly_c_DCM.jpg\" \/>\n\t<meta property=\"og:image:width\" content=\"2508\" \/>\n\t<meta property=\"og:image:height\" content=\"1672\" \/>\n\t<meta property=\"og:image:type\" content=\"image\/jpeg\" \/>\n<meta name=\"author\" content=\"Lauriane Pipoz\" \/>\n<meta name=\"twitter:card\" content=\"summary_large_image\" \/>\n<meta name=\"twitter:creator\" content=\"@LeRegardLibre\" \/>\n<meta name=\"twitter:site\" content=\"@LeRegardLibre\" \/>\n<meta name=\"twitter:label1\" content=\"Verfasst von\" \/>\n\t<meta name=\"twitter:data1\" content=\"Lauriane Pipoz\" \/>\n\t<meta name=\"twitter:label2\" content=\"Gesch\u00e4tzte Lesezeit\" \/>\n\t<meta name=\"twitter:data2\" content=\"4\u00a0Minuten\" \/>\n<script type=\"application\/ld+json\" class=\"yoast-schema-graph\">{\"@context\":\"https:\\\/\\\/schema.org\",\"@graph\":[{\"@type\":\"Article\",\"@id\":\"https:\\\/\\\/leregardlibre.com\\\/cinema\\\/films\\\/la\\\/#article\",\"isPartOf\":{\"@id\":\"https:\\\/\\\/leregardlibre.com\\\/cinema\\\/films\\\/la\\\/\"},\"author\":{\"name\":\"Lauriane Pipoz\",\"@id\":\"https:\\\/\\\/leregardlibre.com\\\/#\\\/schema\\\/person\\\/4a90f0c5c8d33c0d6228249a2f2d37f5\"},\"headline\":\"L\u2019histoire de la plume de \u00abColette\u00bb\",\"datePublished\":\"2019-01-30T11:55:19+00:00\",\"dateModified\":\"2025-12-04T21:38:37+00:00\",\"mainEntityOfPage\":{\"@id\":\"https:\\\/\\\/leregardlibre.com\\\/cinema\\\/films\\\/la\\\/\"},\"wordCount\":772,\"commentCount\":0,\"publisher\":{\"@id\":\"https:\\\/\\\/leregardlibre.com\\\/#organization\"},\"image\":{\"@id\":\"https:\\\/\\\/leregardlibre.com\\\/cinema\\\/films\\\/la\\\/#primaryimage\"},\"thumbnailUrl\":\"https:\\\/\\\/leregardlibre.com\\\/wp-content\\\/uploads\\\/2019\\\/01\\\/09_COLETTE_Colette_undWilly_c_DCM.jpg\",\"keywords\":[\"Cin\u00e9ma britannique\",\"colette\",\"Litt\u00e9rature fran\u00e7aise\",\"Litt\u00e9rature francophone\"],\"articleSection\":[\"Films\"],\"inLanguage\":\"de\",\"potentialAction\":[{\"@type\":\"CommentAction\",\"name\":\"Comment\",\"target\":[\"https:\\\/\\\/leregardlibre.com\\\/cinema\\\/films\\\/la\\\/#respond\"]}]},{\"@type\":\"WebPage\",\"@id\":\"https:\\\/\\\/leregardlibre.com\\\/cinema\\\/films\\\/la\\\/\",\"url\":\"https:\\\/\\\/leregardlibre.com\\\/cinema\\\/films\\\/la\\\/\",\"name\":\"L\u2019histoire de la plume de \u00abColette\u00bb\",\"isPartOf\":{\"@id\":\"https:\\\/\\\/leregardlibre.com\\\/#website\"},\"primaryImageOfPage\":{\"@id\":\"https:\\\/\\\/leregardlibre.com\\\/cinema\\\/films\\\/la\\\/#primaryimage\"},\"image\":{\"@id\":\"https:\\\/\\\/leregardlibre.com\\\/cinema\\\/films\\\/la\\\/#primaryimage\"},\"thumbnailUrl\":\"https:\\\/\\\/leregardlibre.com\\\/wp-content\\\/uploads\\\/2019\\\/01\\\/09_COLETTE_Colette_undWilly_c_DCM.jpg\",\"datePublished\":\"2019-01-30T11:55:19+00:00\",\"dateModified\":\"2025-12-04T21:38:37+00:00\",\"breadcrumb\":{\"@id\":\"https:\\\/\\\/leregardlibre.com\\\/cinema\\\/films\\\/la\\\/#breadcrumb\"},\"inLanguage\":\"de\",\"potentialAction\":[{\"@type\":\"ReadAction\",\"target\":[\"https:\\\/\\\/leregardlibre.com\\\/cinema\\\/films\\\/la\\\/\"]}]},{\"@type\":\"ImageObject\",\"inLanguage\":\"de\",\"@id\":\"https:\\\/\\\/leregardlibre.com\\\/cinema\\\/films\\\/la\\\/#primaryimage\",\"url\":\"https:\\\/\\\/leregardlibre.com\\\/wp-content\\\/uploads\\\/2019\\\/01\\\/09_COLETTE_Colette_undWilly_c_DCM.jpg\",\"contentUrl\":\"https:\\\/\\\/leregardlibre.com\\\/wp-content\\\/uploads\\\/2019\\\/01\\\/09_COLETTE_Colette_undWilly_c_DCM.jpg\",\"width\":2508,\"height\":1672},{\"@type\":\"BreadcrumbList\",\"@id\":\"https:\\\/\\\/leregardlibre.com\\\/cinema\\\/films\\\/la\\\/#breadcrumb\",\"itemListElement\":[{\"@type\":\"ListItem\",\"position\":1,\"name\":\"Accueil\",\"item\":\"https:\\\/\\\/leregardlibre.com\\\/\"},{\"@type\":\"ListItem\",\"position\":2,\"name\":\"L\u2019histoire de la plume de \u00abColette\u00bb\"}]},{\"@type\":\"WebSite\",\"@id\":\"https:\\\/\\\/leregardlibre.com\\\/#website\",\"url\":\"https:\\\/\\\/leregardlibre.com\\\/\",\"name\":\"Le Regard Libre\",\"description\":\"Premier mensuel suisse de d\u00e9bat\",\"publisher\":{\"@id\":\"https:\\\/\\\/leregardlibre.com\\\/#organization\"},\"potentialAction\":[{\"@type\":\"SearchAction\",\"target\":{\"@type\":\"EntryPoint\",\"urlTemplate\":\"https:\\\/\\\/leregardlibre.com\\\/?s={search_term_string}\"},\"query-input\":{\"@type\":\"PropertyValueSpecification\",\"valueRequired\":true,\"valueName\":\"search_term_string\"}}],\"inLanguage\":\"de\"},{\"@type\":\"Organization\",\"@id\":\"https:\\\/\\\/leregardlibre.com\\\/#organization\",\"name\":\"Le Regard Libre\",\"url\":\"https:\\\/\\\/leregardlibre.com\\\/\",\"logo\":{\"@type\":\"ImageObject\",\"inLanguage\":\"de\",\"@id\":\"https:\\\/\\\/leregardlibre.com\\\/#\\\/schema\\\/logo\\\/image\\\/\",\"url\":\"https:\\\/\\\/leregardlibre.com\\\/wp-content\\\/uploads\\\/2025\\\/08\\\/logo-rl-icone-neg.jpeg\",\"contentUrl\":\"https:\\\/\\\/leregardlibre.com\\\/wp-content\\\/uploads\\\/2025\\\/08\\\/logo-rl-icone-neg.jpeg\",\"width\":557,\"height\":556,\"caption\":\"Le Regard Libre\"},\"image\":{\"@id\":\"https:\\\/\\\/leregardlibre.com\\\/#\\\/schema\\\/logo\\\/image\\\/\"},\"sameAs\":[\"https:\\\/\\\/www.facebook.com\\\/leregardlibre\\\/\",\"https:\\\/\\\/x.com\\\/LeRegardLibre\",\"https:\\\/\\\/www.linkedin.com\\\/company\\\/le-regard-libre\",\"https:\\\/\\\/www.instagram.com\\\/leregardlibre\\\/\",\"http:\\\/\\\/t.me\\\/leregardlibre\",\"https:\\\/\\\/youtube.com\\\/channel\\\/UC6HzGPomj1LsUmlz-sJtITQ\"],\"description\":\"Le Regard Libre est un mensuel suisse de d\u00e9bat intellectuel et culturel. Sa r\u00e9daction est jeune, b\u00e9n\u00e9vole, lib\u00e9rale et pluraliste. Le magazine para\u00eet en ligne et sous forme papier. Sa langue est le fran\u00e7ais.\",\"email\":\"redaction@leregardlibre.com\",\"legalName\":\"Le Regard Libre\",\"foundingDate\":\"2014-01-01\",\"numberOfEmployees\":{\"@type\":\"QuantitativeValue\",\"minValue\":\"11\",\"maxValue\":\"50\"},\"publishingPrinciples\":\"https:\\\/\\\/leregardlibre.com\\\/a-propos\\\/notre-manifeste\\\/\",\"ownershipFundingInfo\":\"https:\\\/\\\/leregardlibre.com\\\/mentions-legales\\\/\",\"actionableFeedbackPolicy\":\"https:\\\/\\\/leregardlibre.com\\\/conditions-generales-de-vente\\\/\"},{\"@type\":\"Person\",\"@id\":\"https:\\\/\\\/leregardlibre.com\\\/#\\\/schema\\\/person\\\/4a90f0c5c8d33c0d6228249a2f2d37f5\",\"name\":\"Lauriane Pipoz\",\"image\":{\"@type\":\"ImageObject\",\"inLanguage\":\"de\",\"@id\":\"https:\\\/\\\/secure.gravatar.com\\\/avatar\\\/9a20095942ede01d828f2fc30b63370b5d10612b2f5f1b4099e9dd868b95749d?s=96&d=identicon&r=g\",\"url\":\"https:\\\/\\\/secure.gravatar.com\\\/avatar\\\/9a20095942ede01d828f2fc30b63370b5d10612b2f5f1b4099e9dd868b95749d?s=96&d=identicon&r=g\",\"contentUrl\":\"https:\\\/\\\/secure.gravatar.com\\\/avatar\\\/9a20095942ede01d828f2fc30b63370b5d10612b2f5f1b4099e9dd868b95749d?s=96&d=identicon&r=g\",\"caption\":\"Lauriane Pipoz\"},\"sameAs\":[\"https:\\\/\\\/leregardlibre.com\\\/\",\"https:\\\/\\\/fr.wikipedia.org\\\/wiki\\\/Le_Regard_libre\"],\"url\":\"https:\\\/\\\/leregardlibre.com\\\/de\\\/author\\\/lauriane00\\\/\"}]}<\/script>\n<!-- \/ Yoast SEO Premium plugin. -->","yoast_head_json":{"title":"Die Geschichte von \u00abColettes\u00bb Feder\u00bb","robots":{"index":"index","follow":"follow","max-snippet":"max-snippet:-1","max-image-preview":"max-image-preview:large","max-video-preview":"max-video-preview:-1"},"canonical":"https:\/\/leregardlibre.com\/de\/kino\/filme\/die\/","og_locale":"de_DE","og_type":"article","og_title":"L\u2019histoire de la plume de \u00abColette\u00bb","og_description":"Les mercredis du cin\u00e9ma \u2013 Lauriane Pipoz Colette dresse le portrait de Sidonie-Gabrielle Colette, l\u2019un des plus grands \u00e9crivains de...","og_url":"https:\/\/leregardlibre.com\/de\/kino\/filme\/die\/","og_site_name":"Le Regard Libre","article_publisher":"https:\/\/www.facebook.com\/leregardlibre\/","article_published_time":"2019-01-30T11:55:19+00:00","article_modified_time":"2025-12-04T21:38:37+00:00","og_image":[{"width":2508,"height":1672,"url":"https:\/\/leregardlibre.com\/wp-content\/uploads\/2019\/01\/09_COLETTE_Colette_undWilly_c_DCM.jpg","type":"image\/jpeg"}],"author":"Lauriane Pipoz","twitter_card":"summary_large_image","twitter_creator":"@LeRegardLibre","twitter_site":"@LeRegardLibre","twitter_misc":{"Verfasst von":"Lauriane Pipoz","Gesch\u00e4tzte Lesezeit":"4\u00a0Minuten"},"schema":{"@context":"https:\/\/schema.org","@graph":[{"@type":"Article","@id":"https:\/\/leregardlibre.com\/cinema\/films\/la\/#article","isPartOf":{"@id":"https:\/\/leregardlibre.com\/cinema\/films\/la\/"},"author":{"name":"Lauriane Pipoz","@id":"https:\/\/leregardlibre.com\/#\/schema\/person\/4a90f0c5c8d33c0d6228249a2f2d37f5"},"headline":"L\u2019histoire de la plume de \u00abColette\u00bb","datePublished":"2019-01-30T11:55:19+00:00","dateModified":"2025-12-04T21:38:37+00:00","mainEntityOfPage":{"@id":"https:\/\/leregardlibre.com\/cinema\/films\/la\/"},"wordCount":772,"commentCount":0,"publisher":{"@id":"https:\/\/leregardlibre.com\/#organization"},"image":{"@id":"https:\/\/leregardlibre.com\/cinema\/films\/la\/#primaryimage"},"thumbnailUrl":"https:\/\/leregardlibre.com\/wp-content\/uploads\/2019\/01\/09_COLETTE_Colette_undWilly_c_DCM.jpg","keywords":["Cin\u00e9ma britannique","colette","Litt\u00e9rature fran\u00e7aise","Litt\u00e9rature francophone"],"articleSection":["Films"],"inLanguage":"de","potentialAction":[{"@type":"CommentAction","name":"Comment","target":["https:\/\/leregardlibre.com\/cinema\/films\/la\/#respond"]}]},{"@type":"WebPage","@id":"https:\/\/leregardlibre.com\/cinema\/films\/la\/","url":"https:\/\/leregardlibre.com\/cinema\/films\/la\/","name":"Die Geschichte von \u00abColettes\u00bb Feder\u00bb","isPartOf":{"@id":"https:\/\/leregardlibre.com\/#website"},"primaryImageOfPage":{"@id":"https:\/\/leregardlibre.com\/cinema\/films\/la\/#primaryimage"},"image":{"@id":"https:\/\/leregardlibre.com\/cinema\/films\/la\/#primaryimage"},"thumbnailUrl":"https:\/\/leregardlibre.com\/wp-content\/uploads\/2019\/01\/09_COLETTE_Colette_undWilly_c_DCM.jpg","datePublished":"2019-01-30T11:55:19+00:00","dateModified":"2025-12-04T21:38:37+00:00","breadcrumb":{"@id":"https:\/\/leregardlibre.com\/cinema\/films\/la\/#breadcrumb"},"inLanguage":"de","potentialAction":[{"@type":"ReadAction","target":["https:\/\/leregardlibre.com\/cinema\/films\/la\/"]}]},{"@type":"ImageObject","inLanguage":"de","@id":"https:\/\/leregardlibre.com\/cinema\/films\/la\/#primaryimage","url":"https:\/\/leregardlibre.com\/wp-content\/uploads\/2019\/01\/09_COLETTE_Colette_undWilly_c_DCM.jpg","contentUrl":"https:\/\/leregardlibre.com\/wp-content\/uploads\/2019\/01\/09_COLETTE_Colette_undWilly_c_DCM.jpg","width":2508,"height":1672},{"@type":"BreadcrumbList","@id":"https:\/\/leregardlibre.com\/cinema\/films\/la\/#breadcrumb","itemListElement":[{"@type":"ListItem","position":1,"name":"Accueil","item":"https:\/\/leregardlibre.com\/"},{"@type":"ListItem","position":2,"name":"L\u2019histoire de la plume de \u00abColette\u00bb"}]},{"@type":"WebSite","@id":"https:\/\/leregardlibre.com\/#website","url":"https:\/\/leregardlibre.com\/","name":"Le Regard Libre","description":"Erste Schweizer Monatszeitschrift f\u00fcr Debatten","publisher":{"@id":"https:\/\/leregardlibre.com\/#organization"},"potentialAction":[{"@type":"SearchAction","target":{"@type":"EntryPoint","urlTemplate":"https:\/\/leregardlibre.com\/?s={search_term_string}"},"query-input":{"@type":"PropertyValueSpecification","valueRequired":true,"valueName":"search_term_string"}}],"inLanguage":"de"},{"@type":"Organization","@id":"https:\/\/leregardlibre.com\/#organization","name":"Le Regard Libre","url":"https:\/\/leregardlibre.com\/","logo":{"@type":"ImageObject","inLanguage":"de","@id":"https:\/\/leregardlibre.com\/#\/schema\/logo\/image\/","url":"https:\/\/leregardlibre.com\/wp-content\/uploads\/2025\/08\/logo-rl-icone-neg.jpeg","contentUrl":"https:\/\/leregardlibre.com\/wp-content\/uploads\/2025\/08\/logo-rl-icone-neg.jpeg","width":557,"height":556,"caption":"Le Regard Libre"},"image":{"@id":"https:\/\/leregardlibre.com\/#\/schema\/logo\/image\/"},"sameAs":["https:\/\/www.facebook.com\/leregardlibre\/","https:\/\/x.com\/LeRegardLibre","https:\/\/www.linkedin.com\/company\/le-regard-libre","https:\/\/www.instagram.com\/leregardlibre\/","http:\/\/t.me\/leregardlibre","https:\/\/youtube.com\/channel\/UC6HzGPomj1LsUmlz-sJtITQ"],"description":"Le Regard Libre ist eine Schweizer Monatszeitschrift f\u00fcr intellektuelle und kulturelle Debatten. Seine Redaktion ist jung, ehrenamtlich, liberal und pluralistisch. Das Magazin erscheint online und in gedruckter Form. Seine Sprache ist Franz\u00f6sisch.","email":"redaction@leregardlibre.com","legalName":"Le Regard Libre","foundingDate":"2014-01-01","numberOfEmployees":{"@type":"QuantitativeValue","minValue":"11","maxValue":"50"},"publishingPrinciples":"https:\/\/leregardlibre.com\/a-propos\/notre-manifeste\/","ownershipFundingInfo":"https:\/\/leregardlibre.com\/mentions-legales\/","actionableFeedbackPolicy":"https:\/\/leregardlibre.com\/conditions-generales-de-vente\/"},{"@type":"Person","@id":"https:\/\/leregardlibre.com\/#\/schema\/person\/4a90f0c5c8d33c0d6228249a2f2d37f5","name":"Lauriane Pipoz","image":{"@type":"ImageObject","inLanguage":"de","@id":"https:\/\/secure.gravatar.com\/avatar\/9a20095942ede01d828f2fc30b63370b5d10612b2f5f1b4099e9dd868b95749d?s=96&d=identicon&r=g","url":"https:\/\/secure.gravatar.com\/avatar\/9a20095942ede01d828f2fc30b63370b5d10612b2f5f1b4099e9dd868b95749d?s=96&d=identicon&r=g","contentUrl":"https:\/\/secure.gravatar.com\/avatar\/9a20095942ede01d828f2fc30b63370b5d10612b2f5f1b4099e9dd868b95749d?s=96&d=identicon&r=g","caption":"Lauriane Pipoz"},"sameAs":["https:\/\/leregardlibre.com\/","https:\/\/fr.wikipedia.org\/wiki\/Le_Regard_libre"],"url":"https:\/\/leregardlibre.com\/de\/author\/lauriane00\/"}]}},"_links":{"self":[{"href":"https:\/\/leregardlibre.com\/de\/wp-json\/wp\/v2\/posts\/18918","targetHints":{"allow":["GET"]}}],"collection":[{"href":"https:\/\/leregardlibre.com\/de\/wp-json\/wp\/v2\/posts"}],"about":[{"href":"https:\/\/leregardlibre.com\/de\/wp-json\/wp\/v2\/types\/post"}],"author":[{"embeddable":true,"href":"https:\/\/leregardlibre.com\/de\/wp-json\/wp\/v2\/users\/102"}],"replies":[{"embeddable":true,"href":"https:\/\/leregardlibre.com\/de\/wp-json\/wp\/v2\/comments?post=18918"}],"version-history":[{"count":1,"href":"https:\/\/leregardlibre.com\/de\/wp-json\/wp\/v2\/posts\/18918\/revisions"}],"predecessor-version":[{"id":510307,"href":"https:\/\/leregardlibre.com\/de\/wp-json\/wp\/v2\/posts\/18918\/revisions\/510307"}],"wp:featuredmedia":[{"embeddable":true,"href":"https:\/\/leregardlibre.com\/de\/wp-json\/wp\/v2\/media\/18919"}],"wp:attachment":[{"href":"https:\/\/leregardlibre.com\/de\/wp-json\/wp\/v2\/media?parent=18918"}],"wp:term":[{"taxonomy":"category","embeddable":true,"href":"https:\/\/leregardlibre.com\/de\/wp-json\/wp\/v2\/categories?post=18918"},{"taxonomy":"post_tag","embeddable":true,"href":"https:\/\/leregardlibre.com\/de\/wp-json\/wp\/v2\/tags?post=18918"}],"curies":[{"name":"wp","href":"https:\/\/api.w.org\/{rel}","templated":true}]}}