{"id":19153,"date":"2019-02-09T17:34:47","date_gmt":"2019-02-09T16:34:47","guid":{"rendered":"https:\/\/leregardlibre.com\/?p=19153"},"modified":"2022-09-04T10:32:54","modified_gmt":"2022-09-04T08:32:54","slug":"clara-luciani-reine-sur-scene","status":"publish","type":"post","link":"https:\/\/leregardlibre.com\/de\/musik\/clara-luciani-reine-sur-scene\/","title":{"rendered":"Clara Luciani, K\u00f6nigin auf der B\u00fchne"},"content":{"rendered":"<p><em><a href=\"https:\/\/leregardlibre.com\/de\/produkt\/der-freie-blick-n-46\/\">Le Regard Libre Nr. 46<\/a> - Jonas Follonier<\/em><\/p>\n\n\n\n<p class=\"has-drop-cap\"><strong>Am 23. November gab Clara Luciani dem Westschweizer Publikum die Ehre, im Case \u00e0 Chocs, einem alternativen Veranstaltungsort in Neuch\u00e2tel, aufzutreten. Die Zuschauer im Alter von f\u00fcnfzehn bis f\u00fcnfzig Jahren waren begeistert von dieser bezaubernden jungen Frau, die mit ihren melancholischen Noten und ihrer sanften Stimme mehr als jeder andere unsere seltsame Zeit verk\u00f6rpert. Ein Schlaglicht auf die franz\u00f6sische Entdeckung 2018, die irgendwo zwischen Maurane und Lana Del Rey angesiedelt ist.<\/strong><\/p>\n\n\n\n<!--more-->\n\n\n\n<p>L\u2019heure est arriv\u00e9e, voil\u00e0 que quelque chose se trame. La voix de l\u2019artiste se fait entendre en <em>off<\/em> sur une petite introduction musicale. Les musiciens arrivent, un \u00e0 un. Tous jeunes, tous int\u00e9ressants par leur visage et leur allure. Clara Luciani fait son entr\u00e9e de la m\u00eame mani\u00e8re, sobrement, se positionnant en membre d\u2019un groupe uni et coh\u00e9rent. Elle aussi a une allure pas comme les autres, avec sa silhouette \u00e9lanc\u00e9e, ses yeux p\u00e9n\u00e9trants, sa bouche \u00e0 la Claudia Cardinale et sa frange qui n\u2019est que l\u2019un des nombreux points communs avec la tout aussi exceptionnelle Juliette Armanet, d\u00e9j\u00e0 \u00e9voqu\u00e9e \u00e0 plusieurs reprises dans nos colonnes.<\/p>\n\n\n\n<p style=\"color:#1d296c\" class=\"has-text-color\"><strong>Auch zu lesen: <\/strong><a href=\"https:\/\/leregardlibre.com\/de\/2017\/08\/04\/ein-zucker-dorge-abend-beim-montreux-jazz-festival\/\"><strong>Une soir\u00e9e sucre d&#8217;orge au Montreux Jazz Festival<\/strong><\/a><\/p>\n\n\n\n<p>Aurait-on \u00e9voqu\u00e9 le physique, seulement le physique, dans notre premier paragraphe? Oui, et c\u2019est important. C\u2019est d\u2019abord un corps qui se pr\u00e9sente, comme dirait l\u2019autre. M\u00eame si, il est vrai, c\u2019est la voix de Clara Luciani qui nous parvient d\u2019abord ce soir-l\u00e0. Parlons donc maintenant de la musique, l\u2019\u00e9l\u00e9ment le plus int\u00e9ressant de ce concert, bien s\u00fbr, incluant la prestation des musiciens, les particularit\u00e9s de cette voix grave, les textes \u00e9crits par la jeune femme et les m\u00e9lodies qui restent en t\u00eate, encore et encore, jour et nuit, me dis-je en \u00e9crivant cet article alors que <em><a href=\"https:\/\/www.youtube.com\/watch?v=7YR-ZgU5ncg\">Dors<\/a><\/em> passe sur mon haut-parleur. La beaut\u00e9 des co\u00efncidences.<\/p>\n\n\n\n<h3 class=\"wp-block-heading\"><strong>Des chansons profondes et belles<\/strong><\/h3>\n\n\n\n<p>C\u2019est ce qui m\u2019aura marqu\u00e9 le plus ce soir-l\u00e0: la qualit\u00e9 de petites perles pop, sucr\u00e9es comme des desserts que l\u2019on aime ne pas terminer, manger \u00e9ternellement, embrasser de ses l\u00e8vres pour un voyage dans le domaine de l\u2019intime, de la tendresse et du confort. <em>Dors<\/em> est mon coup de c\u0153ur, certes, mais il r\u00e9sume selon moi le talent de Clara Luciani. Celui de nous livrer un objet sensuel qui ne nous lasse pas malgr\u00e9 la simplicit\u00e9 des paroles et de la musique.<\/p>\n\n\n\n<p><em>\u00abJ\u2019ai grav\u00e9 sur mon c\u0153ur<br>Ton nom et des fleurs<\/em><br><em>Pour que tu sois ici en ta demeure<\/em><br><em>Tu seras mieux l\u00e0 qu\u2019ailleurs<\/em><br><em>Dors, dors<\/em><br><em>Il n\u2019y a rien \u00e0 voir ici, rien \u00e0 regretter<\/em><br><em>Dors, dors<\/em><br><em>Je viendrai bient\u00f4t aupr\u00e8s de toi me coucher\u00bb<\/em><\/p>\n\n\n\n<p>Et sa mani\u00e8re d\u2019interpr\u00e9ter ces ballades sur sc\u00e8ne est tout simplement renversante, dans la mesure o\u00f9 son regard semble refl\u00e9ter exactement ce qu\u2019exprime le texte, et ce regard, ce regard fou, s\u2019attarde sur les spectateurs jusqu\u2019\u00e0 les poss\u00e9der.<\/p>\n\n\n\n<p>L\u2019exp\u00e9rience en question est encore plus forte \u00e0 la fin du concert, quand Clara reprend en fran\u00e7ais le sublime <em>Blue Jeans<\/em> de Lana Del Rey. L\u2019adaptation est juste parfaite, les mots sont choisis avec soin par la passionn\u00e9e de litt\u00e9rature; chaque syllabe s\u2019int\u00e8gre avec soin au phras\u00e9 de la chanson, qui se voit sublim\u00e9e par la langue de Moli\u00e8re. Et la langue de Clara, elle, quand on la voit prononcer ses mots, donne des frissons de plaisir. Regardez plut\u00f4t la vid\u00e9o r\u00e9alis\u00e9e pour <em>Konbini<\/em>:<\/p>\n\n\n\n<figure class=\"wp-block-embed-youtube wp-block-embed is-type-video is-provider-youtube wp-embed-aspect-4-3 wp-has-aspect-ratio\"><div class=\"wp-block-embed__wrapper\">\n<iframe title=\"Clara Luciani - Blue Jeans (Cover Lana Del Rey) \/ Live Session\" width=\"1000\" height=\"750\" src=\"https:\/\/www.youtube.com\/embed\/I6Tz-9iO2fE?feature=oembed\" frameborder=\"0\" allow=\"accelerometer; autoplay; clipboard-write; encrypted-media; gyroscope; picture-in-picture; web-share\" referrerpolicy=\"strict-origin-when-cross-origin\" allowfullscreen><\/iframe>\n<\/div><\/figure>\n\n\n\n<p>Mit <em><a href=\"https:\/\/www.youtube.com\/watch?v=asX-lt8LMlA\">Dr\u00f4le d\u2019\u00e9poque<\/a><\/em>, une autre chanson calme, Clara Luciani aborde une couche tout aussi intime de son \u0153uvre, mais plus profonde encore. Cette chanson phare de son album <em>Sainte Victoire<\/em> aborde la question de l\u2019identit\u00e9 f\u00e9minine dans l\u2019\u00e9poque actuelle. Est-ce facile d\u2019\u00eatre une femme par les temps qui courent?<\/p>\n\n\n\n<p><em>\u00abO\u00f9 sont pass\u00e9s tes seins<\/em><br><em>Ta cambrure de f\u00e9lin?<\/em><br><em>Tant\u00f4t m\u00e8re nourrici\u00e8re<\/em><br><em>Tant\u00f4t putain vulgaire<\/em><br><em>Conduis-toi, conduis-toi, conduis-toi comme une femme<\/em><br><em>Comme une femme<\/em><br><em>Moi, j\u2019ai pas l\u2019\u00e9toffe<\/em><br><em>Pas les \u00e9paules, pas les \u00e9paules<\/em><br><em>Pour \u00eatre une femme de mon \u00e9poque<\/em><br><em>On vit vraiment une dr\u00f4le d\u2019\u00e9poque\u00bb<\/em><\/p>\n\n\n\n<p>Mais sans doute n\u2019est-ce pas pour rien que lorsqu\u2019une journaliste approximative lui demande si elle est f\u00e9ministe, l\u2019artiste fran\u00e7aise r\u00e9pond que la chanson, en tout cas, n\u2019a pas \u00e9t\u00e9 pens\u00e9e comme \u00e7a. Car \u00e0 bien y r\u00e9fl\u00e9chir, le fl\u00e9au du conformisme, qui paradoxalement est le propre de notre \u00e8re individualiste, touche aussi bien les hommes que les femmes. Clara Luciani se trouve \u00eatre une femme, tr\u00e8s bien, mais son art, comme c\u2019est le cas de tous les arts r\u00e9ussis, est universel. Par cette chanson \u00e9minemment sobre o\u00f9 l\u2019on n\u2019entend, sur le CD comme en concert, que la voix de la chanteuse et ses accords de guitare \u00e9lectrique, Clara Luciani semble avoir touch\u00e9 toute une g\u00e9n\u00e9ration. Son succ\u00e8s en t\u00e9moigne.<\/p>\n\n\n\n<h3 class=\"wp-block-heading\"><strong>Du rythme et des <em>Riffs<\/em><\/strong><\/h3>\n\n\n\n<p>La guitare \u00e9lectrique: impossible en effet de ne pas en parler dans un article sur Clara Luciani, puisqu\u2019il s\u2019agit de son instrument. Nous le disions, <em>Dr\u00f4le d\u2019\u00e9poque<\/em> est le moment guitare-voix du spectacle, mais un concert de Clara Luciani, c\u2019est aussi une soir\u00e9e dansante, puisque la moiti\u00e9 de son r\u00e9pertoire se situe dans un veine plus rythm\u00e9e. C\u2019est sur des morceaux comme <em><a href=\"https:\/\/www.youtube.com\/watch?v=Gm8mMTFJIl8\">Les Fleurs<\/a><\/em>, <em><a href=\"https:\/\/www.youtube.com\/watch?v=WUG1_ouVDL8\">On ne meurt pas d\u2019amour<\/a><\/em> oder <em><a href=\"https:\/\/www.youtube.com\/watch?v=weI2HdgXVgI\">La Baie<\/a><\/em>, une reprise fort aboutie du groupe Metronomy, que l\u2019on peut profiter de la fougue des musiciens accompagnant la chanteuse issue d\u2019une famille corse.<\/p>\n\n\n\n<p><em>\u00abLes femmes sont nues<\/em><br><em>Les hommes aussi<\/em><br><em>Rien \u00e0 se cacher<\/em><br><em>Rien \u00e0 se cacher<\/em><br><em>Et le jus des fruits<\/em><br><em>Entre leurs doigts<\/em><br><em>Vient se glisser<\/em><br><em>Je pourrais te montrer<\/em><br><em>Pour y aller c\u2019est tr\u00e8s facile<\/em><br><em>Ferme les yeux et laisse s\u2019entrem\u00ealer tes cils<\/em><br><em>D\u00e9j\u00e0 nous y voil\u00e0<\/em><br><em>Bienvenue sur la baie<\/em><br><em>Ce n\u2019est pas Paris<\/em><br><em>Et ce n\u2019est pas Londres<\/em><br><em>Ce n\u2019est pas Berlin<\/em><br><em>Ni m\u00eame Hong Kong<\/em><br><em>Pas Tokyo et il fait si chaud<\/em><br><em>Je t\u2019emm\u00e8ne sur la baie\u00bb<\/em><\/p>\n\n\n\n<p>Les photographes du <em>Regard Libre<\/em>, les seuls de la soir\u00e9e, se sont donn\u00e9s \u00e0 c\u0153ur joie lors de ces moments-l\u00e0, immortalisant l\u2019ambiance d\u2019un concert haut en couleurs, qui se retranscrit encore mieux en noir et blanc. Qu\u2019une large place soit donc donn\u00e9e aux images, parce que sur Clara Luciani, tout comme sur Fran\u00e7oise Hardy dont elle reconna\u00eet tirer une certaine influence, il n\u2019y a pas grand chose \u00e0 dire, puisque tout est d\u00e9j\u00e0 dit dans leurs chansons.<\/p>\n\n\n\n<p><em>Schreiben Sie dem Autor: <a href=\"mailto:jonas.follonier@leregardlibre.com\">jonas.follonier@leregardlibre.com<\/a><\/em><\/p>\n\n\n\n<ul class=\"wp-block-gallery columns-3 is-cropped wp-block-gallery-1 is-layout-flex wp-block-gallery-is-layout-flex\"><li class=\"blocks-gallery-item\"><figure><img decoding=\"async\" src=\"http:\/\/leregardlibre.com\/wp-content\/uploads\/2019\/02\/Clara-Luciani-\u00a9-Indra-Crittin-pour-le-Regard-Libre-3.1_nb-1.jpg\" alt=\"\" data-id=\"19156\" data-link=\"https:\/\/leregardlibre.com\/?attachment_id=19156\" class=\"wp-image-19156\"\/><\/figure><\/li><li class=\"blocks-gallery-item\"><figure><img decoding=\"async\" src=\"http:\/\/leregardlibre.com\/wp-content\/uploads\/2019\/02\/Clara-Luciani-\u00a9-Indra-Crittin-pour-le-Regard-Libre-5_nb-1.jpg\" alt=\"\" data-id=\"19157\" data-link=\"https:\/\/leregardlibre.com\/?attachment_id=19157\" class=\"wp-image-19157\"\/><\/figure><\/li><li class=\"blocks-gallery-item\"><figure><img decoding=\"async\" src=\"http:\/\/leregardlibre.com\/wp-content\/uploads\/2019\/02\/Clara-Luciani-\u00a9-Indra-Crittin-pour-le-Regard-Libre-6_nb-1.jpg\" alt=\"\" data-id=\"19158\" data-link=\"https:\/\/leregardlibre.com\/?attachment_id=19158\" class=\"wp-image-19158\"\/><\/figure><\/li><li class=\"blocks-gallery-item\"><figure><img decoding=\"async\" src=\"http:\/\/leregardlibre.com\/wp-content\/uploads\/2019\/02\/Clara-Luciani-\u00a9-Indra-Crittin-pour-le-Regard-Libre-8-1.jpg\" alt=\"\" data-id=\"19159\" data-link=\"https:\/\/leregardlibre.com\/?attachment_id=19159\" class=\"wp-image-19159\"\/><\/figure><\/li><li class=\"blocks-gallery-item\"><figure><img decoding=\"async\" src=\"http:\/\/leregardlibre.com\/wp-content\/uploads\/2019\/02\/Clara-Luciani-\u00a9-Indra-Crittin-pour-le-Regard-Libre-10-1.jpg\" alt=\"\" data-id=\"19160\" data-link=\"https:\/\/leregardlibre.com\/?attachment_id=19160\" class=\"wp-image-19160\"\/><\/figure><\/li><li class=\"blocks-gallery-item\"><figure><img decoding=\"async\" src=\"http:\/\/leregardlibre.com\/wp-content\/uploads\/2019\/02\/Clara-Luciani-\u00a9-Loi\u0308c-Seuret-pour-le-Regard-Libre-1nb1-1.jpg\" alt=\"\" data-id=\"19161\" data-link=\"https:\/\/leregardlibre.com\/?attachment_id=19161\" class=\"wp-image-19161\"\/><\/figure><\/li><li class=\"blocks-gallery-item\"><figure><img decoding=\"async\" src=\"http:\/\/leregardlibre.com\/wp-content\/uploads\/2019\/02\/Clara-Luciani-\u00a9-Loi\u0308c-Seuret-pour-le-Regard-Libre-6nb-1.jpg\" alt=\"\" data-id=\"19162\" data-link=\"https:\/\/leregardlibre.com\/?attachment_id=19162\" class=\"wp-image-19162\"\/><\/figure><\/li><li class=\"blocks-gallery-item\"><figure><img decoding=\"async\" src=\"http:\/\/leregardlibre.com\/wp-content\/uploads\/2019\/02\/Clara-Luciani-\u00a9-Loi\u0308c-Seuret-pour-le-Regard-Libre-10-1.jpg\" alt=\"\" data-id=\"19163\" data-link=\"https:\/\/leregardlibre.com\/?attachment_id=19163\" class=\"wp-image-19163\"\/><\/figure><\/li><li class=\"blocks-gallery-item\"><figure><img decoding=\"async\" src=\"http:\/\/leregardlibre.com\/wp-content\/uploads\/2019\/02\/Clara-Luciani-\u00a9-Loi\u0308c-Seuret-pour-le-Regard-Libre-11-1.jpg\" alt=\"\" data-id=\"19164\" data-link=\"https:\/\/leregardlibre.com\/?attachment_id=19164\" class=\"wp-image-19164\"\/><\/figure><\/li><\/ul>\n\n\n\n<p>Cr\u00e9dits photos: \u00a9\u00a0Indra Crittin et Lo\u00efc Seuret pour <em>Le Regard Libre<\/em><\/p>\n\n\n<div data-block-name=\"woocommerce\/handpicked-products\" data-columns=\"3\" data-orderby=\"price_asc\" data-products=\"[17743,19241,17631]\" class=\"wc-block-grid wp-block-handpicked-products wp-block-woocommerce-handpicked-products wc-block-handpicked-products has-3-columns has-multiple-rows\"><ul class=\"wc-block-grid__products\"><li class=\"wc-block-grid__product\">\n\t\t\t\t<a href=\"https:\/\/leregardlibre.com\/de\/produkt\/der-freie-blick-n-46\/\" class=\"wc-block-grid__product-link\">\n\t\t\t\t\t\n\t\t\t\t\t<div class=\"wc-block-grid__product-image\"><img fetchpriority=\"high\" decoding=\"async\" width=\"300\" height=\"424\" src=\"https:\/\/leregardlibre.com\/wp-content\/uploads\/2018\/11\/Une-RL-N\u00b0-46-300x424.jpeg\" class=\"attachment-woocommerce_thumbnail size-woocommerce_thumbnail\" alt=\"Le Regard Libre - Nr. 46\" srcset=\"https:\/\/leregardlibre.com\/wp-content\/uploads\/2018\/11\/Une-RL-N\u00b0-46-300x424.jpeg 300w, https:\/\/leregardlibre.com\/wp-content\/uploads\/2018\/11\/Une-RL-N\u00b0-46-212x300.jpeg 212w, https:\/\/leregardlibre.com\/wp-content\/uploads\/2018\/11\/Une-RL-N\u00b0-46-724x1024.jpeg 724w, https:\/\/leregardlibre.com\/wp-content\/uploads\/2018\/11\/Une-RL-N\u00b0-46-106x150.jpeg 106w, https:\/\/leregardlibre.com\/wp-content\/uploads\/2018\/11\/Une-RL-N\u00b0-46-768x1086.jpeg 768w, https:\/\/leregardlibre.com\/wp-content\/uploads\/2018\/11\/Une-RL-N\u00b0-46-585x827.jpeg 585w, https:\/\/leregardlibre.com\/wp-content\/uploads\/2018\/11\/Une-RL-N\u00b0-46-600x849.jpeg 600w, https:\/\/leregardlibre.com\/wp-content\/uploads\/2018\/11\/Une-RL-N\u00b0-46-150x212.jpeg 150w, https:\/\/leregardlibre.com\/wp-content\/uploads\/2018\/11\/Une-RL-N\u00b0-46.jpeg 905w\" sizes=\"(max-width: 300px) 100vw, 300px\" \/><\/div>\n\t\t\t\t\t<div class=\"wc-block-grid__product-title\">Le Regard Libre - Nr. 46<\/div>\n\t\t\t\t<\/a>\n\t\t\t\t<div class=\"wc-block-grid__product-price price\"><span class=\"woocommerce-Price-amount amount\"><span class=\"woocommerce-Price-currencySymbol\">CHF<\/span>10.00<\/span><\/div>\n\t\t\t\t\n\t\t\t\t<div class=\"wp-block-button wc-block-grid__product-add-to-cart\"><a href=\"\/de\/wp-json\/wp\/v2\/posts\/19153?add-to-cart=17743\" aria-label=\"In den Warenkorb legen: \u201eLe Regard Libre - N\u00b0 46\u201c.\u201c\" data-quantity=\"1\" data-product_id=\"17743\" data-product_sku=\"\" data-price=\"10\" rel=\"nofollow\" class=\"wp-block-button__link  add_to_cart_button ajax_add_to_cart\">In den Warenkorb<\/a><\/div>\n\t\t\t<\/li><li class=\"wc-block-grid__product\">\n\t\t\t\t<a href=\"https:\/\/leregardlibre.com\/de\/produkt\/le-regard-libre-abonnement-annuel-a-la-version-papier\/\" class=\"wc-block-grid__product-link\">\n\t\t\t\t\t\n\t\t\t\t\t<div class=\"wc-block-grid__product-image\"><img decoding=\"async\" width=\"300\" height=\"300\" src=\"https:\/\/leregardlibre.com\/wp-content\/uploads\/woocommerce-placeholder.webp\" class=\"woocommerce-placeholder wp-post-image\" alt=\"\" srcset=\"https:\/\/leregardlibre.com\/wp-content\/uploads\/woocommerce-placeholder.webp 1200w, https:\/\/leregardlibre.com\/wp-content\/uploads\/woocommerce-placeholder-300x300.webp 300w, https:\/\/leregardlibre.com\/wp-content\/uploads\/woocommerce-placeholder-1024x1024.webp 1024w, https:\/\/leregardlibre.com\/wp-content\/uploads\/woocommerce-placeholder-150x150.webp 150w, https:\/\/leregardlibre.com\/wp-content\/uploads\/woocommerce-placeholder-768x768.webp 768w, https:\/\/leregardlibre.com\/wp-content\/uploads\/woocommerce-placeholder-1170x1170.webp 1170w, https:\/\/leregardlibre.com\/wp-content\/uploads\/woocommerce-placeholder-585x585.webp 585w\" sizes=\"(max-width: 300px) 100vw, 300px\" \/><\/div>\n\t\t\t\t\t<div class=\"wc-block-grid__product-title\">Standard-Abonnement (Schweiz)<\/div>\n\t\t\t\t<\/a>\n\t\t\t\t<div class=\"wc-block-grid__product-price price\"><span class=\"woocommerce-Price-amount amount\"><span class=\"woocommerce-Price-currencySymbol\">CHF<\/span>100.00<\/span> <span class=\"subscription-details\"> \/ Jahr<\/span><\/div>\n\t\t\t\t\n\t\t\t\t<div class=\"wp-block-button wc-block-grid__product-add-to-cart\"><a href=\"\/de\/wp-json\/wp\/v2\/posts\/19153?add-to-cart=17631\" aria-label=\"Jetzt abonnieren: \u201eStandardabonnement (Schweiz)\u201c.\u201c\" data-quantity=\"1\" data-product_id=\"17631\" data-product_sku=\"\" data-price=\"100\" rel=\"nofollow\" class=\"wp-block-button__link  add_to_cart_button ajax_add_to_cart\">Jetzt abonnieren<\/a><\/div>\n\t\t\t<\/li><li class=\"wc-block-grid__product\">\n\t\t\t\t<a href=\"https:\/\/leregardlibre.com\/de\/produkt\/fordermitgliedschaft\/\" class=\"wc-block-grid__product-link\">\n\t\t\t\t\t\n\t\t\t\t\t<div class=\"wc-block-grid__product-image\"><img decoding=\"async\" width=\"300\" height=\"300\" src=\"https:\/\/leregardlibre.com\/wp-content\/uploads\/woocommerce-placeholder.webp\" class=\"woocommerce-placeholder wp-post-image\" alt=\"\" srcset=\"https:\/\/leregardlibre.com\/wp-content\/uploads\/woocommerce-placeholder.webp 1200w, https:\/\/leregardlibre.com\/wp-content\/uploads\/woocommerce-placeholder-300x300.webp 300w, https:\/\/leregardlibre.com\/wp-content\/uploads\/woocommerce-placeholder-1024x1024.webp 1024w, https:\/\/leregardlibre.com\/wp-content\/uploads\/woocommerce-placeholder-150x150.webp 150w, https:\/\/leregardlibre.com\/wp-content\/uploads\/woocommerce-placeholder-768x768.webp 768w, https:\/\/leregardlibre.com\/wp-content\/uploads\/woocommerce-placeholder-1170x1170.webp 1170w, https:\/\/leregardlibre.com\/wp-content\/uploads\/woocommerce-placeholder-585x585.webp 585w\" sizes=\"(max-width: 300px) 100vw, 300px\" \/><\/div>\n\t\t\t\t\t<div class=\"wc-block-grid__product-title\">Unterst\u00fctzendes Abonnement<\/div>\n\t\t\t\t<\/a>\n\t\t\t\t<div class=\"wc-block-grid__product-price price\"><span class=\"woocommerce-Price-amount amount\"><span class=\"woocommerce-Price-currencySymbol\">CHF<\/span>200.00<\/span> <span class=\"subscription-details\"> \/ Jahr<\/span><\/div>\n\t\t\t\t\n\t\t\t\t<div class=\"wp-block-button wc-block-grid__product-add-to-cart\"><a href=\"https:\/\/leregardlibre.com\/de\/produkt\/fordermitgliedschaft\/\" aria-label=\"Weitere Informationen zu \u201eF\u00f6rdermitgliedschaft\u201c\" data-quantity=\"1\" data-product_id=\"19241\" data-product_sku=\"\" data-price=\"200\" rel=\"nofollow\" class=\"wp-block-button__link  add_to_cart_button\">Mehr erfahren<\/a><\/div>\n\t\t\t<\/li><\/ul><\/div>","protected":false},"excerpt":{"rendered":"<p>Sur Clara Luciani, tout comme sur Fran\u00e7oise Hardy dont elle reconna\u00eet tirer une certaine influence, il n\u2019y a pas grand chose \u00e0 dire, puisque tout est d\u00e9j\u00e0 dit dans leurs chansons.<\/p>","protected":false},"author":1,"featured_media":510334,"comment_status":"open","ping_status":"open","sticky":false,"template":"","format":"standard","meta":{"_acf_changed":false,"footnotes":""},"categories":[6460],"tags":[644341023,644341029,644341027,644341028,644341025,644341024,3991,4002283],"class_list":["post-19153","post","type-post","status-publish","format-standard","has-post-thumbnail","hentry","category-musique","tag-clara-luciani","tag-dors","tag-drole-depoque","tag-grenade","tag-lana-del-rey","tag-maurane","tag-pop","tag-pop-francaise"],"acf":[],"yoast_head":"<!-- This site is optimized with the Yoast SEO Premium plugin v27.4 (Yoast SEO v27.4) - https:\/\/yoast.com\/product\/yoast-seo-premium-wordpress\/ -->\n<title>Clara Luciani, reine sur sc\u00e8ne<\/title>\n<meta name=\"robots\" content=\"index, follow, max-snippet:-1, max-image-preview:large, max-video-preview:-1\" \/>\n<link rel=\"canonical\" href=\"https:\/\/leregardlibre.com\/de\/musik\/clara-luciani-reine-sur-scene\/\" \/>\n<meta property=\"og:locale\" content=\"de_DE\" \/>\n<meta property=\"og:type\" content=\"article\" \/>\n<meta property=\"og:title\" content=\"Clara Luciani, reine sur sc\u00e8ne\" \/>\n<meta property=\"og:description\" content=\"Sur Clara Luciani, tout comme sur Fran\u00e7oise Hardy dont elle reconna\u00eet tirer une certaine influence, il n\u2019y a pas grand chose \u00e0 dire, puisque tout est d\u00e9j\u00e0 dit dans leurs chansons.\" \/>\n<meta property=\"og:url\" content=\"https:\/\/leregardlibre.com\/de\/musik\/clara-luciani-reine-sur-scene\/\" \/>\n<meta property=\"og:site_name\" content=\"Le Regard Libre\" \/>\n<meta property=\"article:publisher\" content=\"https:\/\/www.facebook.com\/leregardlibre\/\" \/>\n<meta property=\"article:published_time\" content=\"2019-02-09T16:34:47+00:00\" \/>\n<meta property=\"article:modified_time\" content=\"2022-09-04T08:32:54+00:00\" \/>\n<meta property=\"og:image\" content=\"https:\/\/leregardlibre.com\/wp-content\/uploads\/2019\/02\/Clara-Luciani-\u00a9-Indra-Crittin-pour-le-Regard-Libre-1-1.jpg\" \/>\n\t<meta property=\"og:image:width\" content=\"5173\" \/>\n\t<meta property=\"og:image:height\" content=\"3233\" \/>\n\t<meta property=\"og:image:type\" content=\"image\/jpeg\" \/>\n<meta name=\"author\" content=\"Le Regard Libre\" \/>\n<meta name=\"twitter:card\" content=\"summary_large_image\" \/>\n<meta name=\"twitter:creator\" content=\"@LeRegardLibre\" \/>\n<meta name=\"twitter:site\" content=\"@LeRegardLibre\" \/>\n<meta name=\"twitter:label1\" content=\"Verfasst von\" \/>\n\t<meta name=\"twitter:data1\" content=\"Le Regard Libre\" \/>\n\t<meta name=\"twitter:label2\" content=\"Gesch\u00e4tzte Lesezeit\" \/>\n\t<meta name=\"twitter:data2\" content=\"6\u00a0Minuten\" \/>\n<script type=\"application\/ld+json\" class=\"yoast-schema-graph\">{\"@context\":\"https:\\\/\\\/schema.org\",\"@graph\":[{\"@type\":\"Article\",\"@id\":\"https:\\\/\\\/leregardlibre.com\\\/musique\\\/clara-luciani-reine-sur-scene\\\/#article\",\"isPartOf\":{\"@id\":\"https:\\\/\\\/leregardlibre.com\\\/musique\\\/clara-luciani-reine-sur-scene\\\/\"},\"author\":{\"name\":\"Le Regard Libre\",\"@id\":\"https:\\\/\\\/leregardlibre.com\\\/#\\\/schema\\\/person\\\/68aceea2de84966d0928b49556d54101\"},\"headline\":\"Clara Luciani, reine sur sc\u00e8ne\",\"datePublished\":\"2019-02-09T16:34:47+00:00\",\"dateModified\":\"2022-09-04T08:32:54+00:00\",\"mainEntityOfPage\":{\"@id\":\"https:\\\/\\\/leregardlibre.com\\\/musique\\\/clara-luciani-reine-sur-scene\\\/\"},\"wordCount\":1214,\"commentCount\":0,\"publisher\":{\"@id\":\"https:\\\/\\\/leregardlibre.com\\\/#organization\"},\"image\":{\"@id\":\"https:\\\/\\\/leregardlibre.com\\\/musique\\\/clara-luciani-reine-sur-scene\\\/#primaryimage\"},\"thumbnailUrl\":\"https:\\\/\\\/leregardlibre.com\\\/wp-content\\\/uploads\\\/2019\\\/02\\\/Clara-Luciani-\u00a9-Indra-Crittin-pour-le-Regard-Libre-1-1.jpg\",\"keywords\":[\"clara luciani\",\"dors\",\"dr\u00f4le d'\u00e9poque\",\"grenade\",\"lana del rey\",\"maurane\",\"Pop\",\"pop fran\u00e7aise\"],\"articleSection\":[\"Musique\"],\"inLanguage\":\"de\",\"potentialAction\":[{\"@type\":\"CommentAction\",\"name\":\"Comment\",\"target\":[\"https:\\\/\\\/leregardlibre.com\\\/musique\\\/clara-luciani-reine-sur-scene\\\/#respond\"]}]},{\"@type\":\"WebPage\",\"@id\":\"https:\\\/\\\/leregardlibre.com\\\/musique\\\/clara-luciani-reine-sur-scene\\\/\",\"url\":\"https:\\\/\\\/leregardlibre.com\\\/musique\\\/clara-luciani-reine-sur-scene\\\/\",\"name\":\"Clara Luciani, reine sur sc\u00e8ne\",\"isPartOf\":{\"@id\":\"https:\\\/\\\/leregardlibre.com\\\/#website\"},\"primaryImageOfPage\":{\"@id\":\"https:\\\/\\\/leregardlibre.com\\\/musique\\\/clara-luciani-reine-sur-scene\\\/#primaryimage\"},\"image\":{\"@id\":\"https:\\\/\\\/leregardlibre.com\\\/musique\\\/clara-luciani-reine-sur-scene\\\/#primaryimage\"},\"thumbnailUrl\":\"https:\\\/\\\/leregardlibre.com\\\/wp-content\\\/uploads\\\/2019\\\/02\\\/Clara-Luciani-\u00a9-Indra-Crittin-pour-le-Regard-Libre-1-1.jpg\",\"datePublished\":\"2019-02-09T16:34:47+00:00\",\"dateModified\":\"2022-09-04T08:32:54+00:00\",\"breadcrumb\":{\"@id\":\"https:\\\/\\\/leregardlibre.com\\\/musique\\\/clara-luciani-reine-sur-scene\\\/#breadcrumb\"},\"inLanguage\":\"de\",\"potentialAction\":[{\"@type\":\"ReadAction\",\"target\":[\"https:\\\/\\\/leregardlibre.com\\\/musique\\\/clara-luciani-reine-sur-scene\\\/\"]}]},{\"@type\":\"ImageObject\",\"inLanguage\":\"de\",\"@id\":\"https:\\\/\\\/leregardlibre.com\\\/musique\\\/clara-luciani-reine-sur-scene\\\/#primaryimage\",\"url\":\"https:\\\/\\\/leregardlibre.com\\\/wp-content\\\/uploads\\\/2019\\\/02\\\/Clara-Luciani-\u00a9-Indra-Crittin-pour-le-Regard-Libre-1-1.jpg\",\"contentUrl\":\"https:\\\/\\\/leregardlibre.com\\\/wp-content\\\/uploads\\\/2019\\\/02\\\/Clara-Luciani-\u00a9-Indra-Crittin-pour-le-Regard-Libre-1-1.jpg\",\"width\":5173,\"height\":3233},{\"@type\":\"BreadcrumbList\",\"@id\":\"https:\\\/\\\/leregardlibre.com\\\/musique\\\/clara-luciani-reine-sur-scene\\\/#breadcrumb\",\"itemListElement\":[{\"@type\":\"ListItem\",\"position\":1,\"name\":\"Accueil\",\"item\":\"https:\\\/\\\/leregardlibre.com\\\/\"},{\"@type\":\"ListItem\",\"position\":2,\"name\":\"Clara Luciani, reine sur sc\u00e8ne\"}]},{\"@type\":\"WebSite\",\"@id\":\"https:\\\/\\\/leregardlibre.com\\\/#website\",\"url\":\"https:\\\/\\\/leregardlibre.com\\\/\",\"name\":\"Le Regard Libre\",\"description\":\"Premier mensuel suisse de d\u00e9bat\",\"publisher\":{\"@id\":\"https:\\\/\\\/leregardlibre.com\\\/#organization\"},\"potentialAction\":[{\"@type\":\"SearchAction\",\"target\":{\"@type\":\"EntryPoint\",\"urlTemplate\":\"https:\\\/\\\/leregardlibre.com\\\/?s={search_term_string}\"},\"query-input\":{\"@type\":\"PropertyValueSpecification\",\"valueRequired\":true,\"valueName\":\"search_term_string\"}}],\"inLanguage\":\"de\"},{\"@type\":\"Organization\",\"@id\":\"https:\\\/\\\/leregardlibre.com\\\/#organization\",\"name\":\"Le Regard Libre\",\"url\":\"https:\\\/\\\/leregardlibre.com\\\/\",\"logo\":{\"@type\":\"ImageObject\",\"inLanguage\":\"de\",\"@id\":\"https:\\\/\\\/leregardlibre.com\\\/#\\\/schema\\\/logo\\\/image\\\/\",\"url\":\"https:\\\/\\\/leregardlibre.com\\\/wp-content\\\/uploads\\\/2025\\\/08\\\/logo-rl-icone-neg.jpeg\",\"contentUrl\":\"https:\\\/\\\/leregardlibre.com\\\/wp-content\\\/uploads\\\/2025\\\/08\\\/logo-rl-icone-neg.jpeg\",\"width\":557,\"height\":556,\"caption\":\"Le Regard Libre\"},\"image\":{\"@id\":\"https:\\\/\\\/leregardlibre.com\\\/#\\\/schema\\\/logo\\\/image\\\/\"},\"sameAs\":[\"https:\\\/\\\/www.facebook.com\\\/leregardlibre\\\/\",\"https:\\\/\\\/x.com\\\/LeRegardLibre\",\"https:\\\/\\\/www.linkedin.com\\\/company\\\/le-regard-libre\",\"https:\\\/\\\/www.instagram.com\\\/leregardlibre\\\/\",\"http:\\\/\\\/t.me\\\/leregardlibre\",\"https:\\\/\\\/youtube.com\\\/channel\\\/UC6HzGPomj1LsUmlz-sJtITQ\"],\"description\":\"Le Regard Libre est un mensuel suisse de d\u00e9bat intellectuel et culturel. Sa r\u00e9daction est jeune, b\u00e9n\u00e9vole, lib\u00e9rale et pluraliste. Le magazine para\u00eet en ligne et sous forme papier. Sa langue est le fran\u00e7ais.\",\"email\":\"redaction@leregardlibre.com\",\"legalName\":\"Le Regard Libre\",\"foundingDate\":\"2014-01-01\",\"numberOfEmployees\":{\"@type\":\"QuantitativeValue\",\"minValue\":\"11\",\"maxValue\":\"50\"},\"publishingPrinciples\":\"https:\\\/\\\/leregardlibre.com\\\/a-propos\\\/notre-manifeste\\\/\",\"ownershipFundingInfo\":\"https:\\\/\\\/leregardlibre.com\\\/mentions-legales\\\/\",\"actionableFeedbackPolicy\":\"https:\\\/\\\/leregardlibre.com\\\/conditions-generales-de-vente\\\/\"},{\"@type\":\"Person\",\"@id\":\"https:\\\/\\\/leregardlibre.com\\\/#\\\/schema\\\/person\\\/68aceea2de84966d0928b49556d54101\",\"name\":\"Le Regard Libre\",\"image\":{\"@type\":\"ImageObject\",\"inLanguage\":\"de\",\"@id\":\"https:\\\/\\\/secure.gravatar.com\\\/avatar\\\/ccf13a262e399e026577c8158b11cbdef98921ac28fa06bc0d43a2d0e2a4a1c0?s=96&d=identicon&r=g\",\"url\":\"https:\\\/\\\/secure.gravatar.com\\\/avatar\\\/ccf13a262e399e026577c8158b11cbdef98921ac28fa06bc0d43a2d0e2a4a1c0?s=96&d=identicon&r=g\",\"contentUrl\":\"https:\\\/\\\/secure.gravatar.com\\\/avatar\\\/ccf13a262e399e026577c8158b11cbdef98921ac28fa06bc0d43a2d0e2a4a1c0?s=96&d=identicon&r=g\",\"caption\":\"Le Regard Libre\"},\"description\":\"Premier mensuel suisse de d\u00e9bat\",\"sameAs\":[\"https:\\\/\\\/fr.wikipedia.org\\\/wiki\\\/Le_Regard_libre\"],\"url\":\"https:\\\/\\\/leregardlibre.com\\\/de\\\/author\\\/leregardlibre\\\/\"}]}<\/script>\n<!-- \/ Yoast SEO Premium plugin. -->","yoast_head_json":{"title":"Clara Luciani, K\u00f6nigin auf der B\u00fchne","robots":{"index":"index","follow":"follow","max-snippet":"max-snippet:-1","max-image-preview":"max-image-preview:large","max-video-preview":"max-video-preview:-1"},"canonical":"https:\/\/leregardlibre.com\/de\/musik\/clara-luciani-reine-sur-scene\/","og_locale":"de_DE","og_type":"article","og_title":"Clara Luciani, reine sur sc\u00e8ne","og_description":"Sur Clara Luciani, tout comme sur Fran\u00e7oise Hardy dont elle reconna\u00eet tirer une certaine influence, il n\u2019y a pas grand chose \u00e0 dire, puisque tout est d\u00e9j\u00e0 dit dans leurs chansons.","og_url":"https:\/\/leregardlibre.com\/de\/musik\/clara-luciani-reine-sur-scene\/","og_site_name":"Le Regard Libre","article_publisher":"https:\/\/www.facebook.com\/leregardlibre\/","article_published_time":"2019-02-09T16:34:47+00:00","article_modified_time":"2022-09-04T08:32:54+00:00","og_image":[{"width":5173,"height":3233,"url":"https:\/\/leregardlibre.com\/wp-content\/uploads\/2019\/02\/Clara-Luciani-\u00a9-Indra-Crittin-pour-le-Regard-Libre-1-1.jpg","type":"image\/jpeg"}],"author":"Le Regard Libre","twitter_card":"summary_large_image","twitter_creator":"@LeRegardLibre","twitter_site":"@LeRegardLibre","twitter_misc":{"Verfasst von":"Le Regard Libre","Gesch\u00e4tzte Lesezeit":"6\u00a0Minuten"},"schema":{"@context":"https:\/\/schema.org","@graph":[{"@type":"Article","@id":"https:\/\/leregardlibre.com\/musique\/clara-luciani-reine-sur-scene\/#article","isPartOf":{"@id":"https:\/\/leregardlibre.com\/musique\/clara-luciani-reine-sur-scene\/"},"author":{"name":"Le Regard Libre","@id":"https:\/\/leregardlibre.com\/#\/schema\/person\/68aceea2de84966d0928b49556d54101"},"headline":"Clara Luciani, reine sur sc\u00e8ne","datePublished":"2019-02-09T16:34:47+00:00","dateModified":"2022-09-04T08:32:54+00:00","mainEntityOfPage":{"@id":"https:\/\/leregardlibre.com\/musique\/clara-luciani-reine-sur-scene\/"},"wordCount":1214,"commentCount":0,"publisher":{"@id":"https:\/\/leregardlibre.com\/#organization"},"image":{"@id":"https:\/\/leregardlibre.com\/musique\/clara-luciani-reine-sur-scene\/#primaryimage"},"thumbnailUrl":"https:\/\/leregardlibre.com\/wp-content\/uploads\/2019\/02\/Clara-Luciani-\u00a9-Indra-Crittin-pour-le-Regard-Libre-1-1.jpg","keywords":["clara luciani","dors","dr\u00f4le d'\u00e9poque","grenade","lana del rey","maurane","Pop","pop fran\u00e7aise"],"articleSection":["Musique"],"inLanguage":"de","potentialAction":[{"@type":"CommentAction","name":"Comment","target":["https:\/\/leregardlibre.com\/musique\/clara-luciani-reine-sur-scene\/#respond"]}]},{"@type":"WebPage","@id":"https:\/\/leregardlibre.com\/musique\/clara-luciani-reine-sur-scene\/","url":"https:\/\/leregardlibre.com\/musique\/clara-luciani-reine-sur-scene\/","name":"Clara Luciani, K\u00f6nigin auf der B\u00fchne","isPartOf":{"@id":"https:\/\/leregardlibre.com\/#website"},"primaryImageOfPage":{"@id":"https:\/\/leregardlibre.com\/musique\/clara-luciani-reine-sur-scene\/#primaryimage"},"image":{"@id":"https:\/\/leregardlibre.com\/musique\/clara-luciani-reine-sur-scene\/#primaryimage"},"thumbnailUrl":"https:\/\/leregardlibre.com\/wp-content\/uploads\/2019\/02\/Clara-Luciani-\u00a9-Indra-Crittin-pour-le-Regard-Libre-1-1.jpg","datePublished":"2019-02-09T16:34:47+00:00","dateModified":"2022-09-04T08:32:54+00:00","breadcrumb":{"@id":"https:\/\/leregardlibre.com\/musique\/clara-luciani-reine-sur-scene\/#breadcrumb"},"inLanguage":"de","potentialAction":[{"@type":"ReadAction","target":["https:\/\/leregardlibre.com\/musique\/clara-luciani-reine-sur-scene\/"]}]},{"@type":"ImageObject","inLanguage":"de","@id":"https:\/\/leregardlibre.com\/musique\/clara-luciani-reine-sur-scene\/#primaryimage","url":"https:\/\/leregardlibre.com\/wp-content\/uploads\/2019\/02\/Clara-Luciani-\u00a9-Indra-Crittin-pour-le-Regard-Libre-1-1.jpg","contentUrl":"https:\/\/leregardlibre.com\/wp-content\/uploads\/2019\/02\/Clara-Luciani-\u00a9-Indra-Crittin-pour-le-Regard-Libre-1-1.jpg","width":5173,"height":3233},{"@type":"BreadcrumbList","@id":"https:\/\/leregardlibre.com\/musique\/clara-luciani-reine-sur-scene\/#breadcrumb","itemListElement":[{"@type":"ListItem","position":1,"name":"Accueil","item":"https:\/\/leregardlibre.com\/"},{"@type":"ListItem","position":2,"name":"Clara Luciani, reine sur sc\u00e8ne"}]},{"@type":"WebSite","@id":"https:\/\/leregardlibre.com\/#website","url":"https:\/\/leregardlibre.com\/","name":"Le Regard Libre","description":"Erste Schweizer Monatszeitschrift f\u00fcr Debatten","publisher":{"@id":"https:\/\/leregardlibre.com\/#organization"},"potentialAction":[{"@type":"SearchAction","target":{"@type":"EntryPoint","urlTemplate":"https:\/\/leregardlibre.com\/?s={search_term_string}"},"query-input":{"@type":"PropertyValueSpecification","valueRequired":true,"valueName":"search_term_string"}}],"inLanguage":"de"},{"@type":"Organization","@id":"https:\/\/leregardlibre.com\/#organization","name":"Le Regard Libre","url":"https:\/\/leregardlibre.com\/","logo":{"@type":"ImageObject","inLanguage":"de","@id":"https:\/\/leregardlibre.com\/#\/schema\/logo\/image\/","url":"https:\/\/leregardlibre.com\/wp-content\/uploads\/2025\/08\/logo-rl-icone-neg.jpeg","contentUrl":"https:\/\/leregardlibre.com\/wp-content\/uploads\/2025\/08\/logo-rl-icone-neg.jpeg","width":557,"height":556,"caption":"Le Regard Libre"},"image":{"@id":"https:\/\/leregardlibre.com\/#\/schema\/logo\/image\/"},"sameAs":["https:\/\/www.facebook.com\/leregardlibre\/","https:\/\/x.com\/LeRegardLibre","https:\/\/www.linkedin.com\/company\/le-regard-libre","https:\/\/www.instagram.com\/leregardlibre\/","http:\/\/t.me\/leregardlibre","https:\/\/youtube.com\/channel\/UC6HzGPomj1LsUmlz-sJtITQ"],"description":"Le Regard Libre ist eine Schweizer Monatszeitschrift f\u00fcr intellektuelle und kulturelle Debatten. Seine Redaktion ist jung, ehrenamtlich, liberal und pluralistisch. Das Magazin erscheint online und in gedruckter Form. Seine Sprache ist Franz\u00f6sisch.","email":"redaction@leregardlibre.com","legalName":"Le Regard Libre","foundingDate":"2014-01-01","numberOfEmployees":{"@type":"QuantitativeValue","minValue":"11","maxValue":"50"},"publishingPrinciples":"https:\/\/leregardlibre.com\/a-propos\/notre-manifeste\/","ownershipFundingInfo":"https:\/\/leregardlibre.com\/mentions-legales\/","actionableFeedbackPolicy":"https:\/\/leregardlibre.com\/conditions-generales-de-vente\/"},{"@type":"Person","@id":"https:\/\/leregardlibre.com\/#\/schema\/person\/68aceea2de84966d0928b49556d54101","name":"Le Regard Libre","image":{"@type":"ImageObject","inLanguage":"de","@id":"https:\/\/secure.gravatar.com\/avatar\/ccf13a262e399e026577c8158b11cbdef98921ac28fa06bc0d43a2d0e2a4a1c0?s=96&d=identicon&r=g","url":"https:\/\/secure.gravatar.com\/avatar\/ccf13a262e399e026577c8158b11cbdef98921ac28fa06bc0d43a2d0e2a4a1c0?s=96&d=identicon&r=g","contentUrl":"https:\/\/secure.gravatar.com\/avatar\/ccf13a262e399e026577c8158b11cbdef98921ac28fa06bc0d43a2d0e2a4a1c0?s=96&d=identicon&r=g","caption":"Le Regard Libre"},"description":"Erste Schweizer Monatszeitschrift f\u00fcr Debatten","sameAs":["https:\/\/fr.wikipedia.org\/wiki\/Le_Regard_libre"],"url":"https:\/\/leregardlibre.com\/de\/author\/leregardlibre\/"}]}},"_links":{"self":[{"href":"https:\/\/leregardlibre.com\/de\/wp-json\/wp\/v2\/posts\/19153","targetHints":{"allow":["GET"]}}],"collection":[{"href":"https:\/\/leregardlibre.com\/de\/wp-json\/wp\/v2\/posts"}],"about":[{"href":"https:\/\/leregardlibre.com\/de\/wp-json\/wp\/v2\/types\/post"}],"author":[{"embeddable":true,"href":"https:\/\/leregardlibre.com\/de\/wp-json\/wp\/v2\/users\/1"}],"replies":[{"embeddable":true,"href":"https:\/\/leregardlibre.com\/de\/wp-json\/wp\/v2\/comments?post=19153"}],"version-history":[{"count":1,"href":"https:\/\/leregardlibre.com\/de\/wp-json\/wp\/v2\/posts\/19153\/revisions"}],"predecessor-version":[{"id":510333,"href":"https:\/\/leregardlibre.com\/de\/wp-json\/wp\/v2\/posts\/19153\/revisions\/510333"}],"wp:featuredmedia":[{"embeddable":true,"href":"https:\/\/leregardlibre.com\/de\/wp-json\/wp\/v2\/media\/510334"}],"wp:attachment":[{"href":"https:\/\/leregardlibre.com\/de\/wp-json\/wp\/v2\/media?parent=19153"}],"wp:term":[{"taxonomy":"category","embeddable":true,"href":"https:\/\/leregardlibre.com\/de\/wp-json\/wp\/v2\/categories?post=19153"},{"taxonomy":"post_tag","embeddable":true,"href":"https:\/\/leregardlibre.com\/de\/wp-json\/wp\/v2\/tags?post=19153"}],"curies":[{"name":"wp","href":"https:\/\/api.w.org\/{rel}","templated":true}]}}