{"id":19167,"date":"2019-02-10T18:42:10","date_gmt":"2019-02-10T17:42:10","guid":{"rendered":"https:\/\/leregardlibre.com\/?p=19167"},"modified":"2022-09-04T10:32:54","modified_gmt":"2022-09-04T08:32:54","slug":"la-haute-couture-un-monde-fait-de-derives-et-de-desinformation","status":"publish","type":"post","link":"https:\/\/leregardlibre.com\/de\/gesellschaft\/la-haute-couture-un-monde-fait-de-derives-et-de-desinformation\/","title":{"rendered":"Die Haute Couture - eine Welt voller Fehlentwicklungen und Desinformationen"},"content":{"rendered":"<p><em><a href=\"https:\/\/leregardlibre.com\/de\/produkt\/der-freie-blick-n-46\/\">Le Regard Libre Nr. 46<\/a> - H\u00e9l\u00e8ne Lavoyer<\/em><\/p>\n\n\n\n<p class=\"has-drop-cap\"><strong>Der Modesektor der Luxusg\u00fcterindustrie ist eine Welt mit zwei Gesichtern. Das erste ist hypnotisch und \u00e4sthetisch. Sie hat ein starkes, glattes Image der Mode aufgebaut, indem sie Know-how und Seltenheit als Argumente f\u00fcr den \u00fcberm\u00e4\u00dfigen monet\u00e4ren Wert von Produkten mit angeblich au\u00dfergew\u00f6hnlicher Qualit\u00e4t verwendet. Die zweite, heimt\u00fcckisch verborgene Seite erweist sich als ethisch unfair und steht im Widerspruch zu den von den Marken selbst propagierten Werten.<\/strong><\/p>\n\n\n\n<!--more Lire l'article-->\n\n\n\n<p>Au d\u00e9but du mois d\u2019octobre 2018, l\u2019\u00e9mission <em>Cash Investigation<\/em> publie une enqu\u00eate t\u00e9l\u00e9vis\u00e9e sur cette autre face de la mode luxe. Celle-ci est r\u00e9alis\u00e9e par Zo\u00e9 de Bussi\u00e8re, journaliste pour Premi\u00e8res Lignes T\u00e9l\u00e9vision, l\u2019agence de presse et soci\u00e9t\u00e9 de production ayant initi\u00e9 <em>Cash investigation<\/em>. Avec \u00abLuxe: les dessous chocs\u00bb, les groupes LVMH et Kering d\u00e9voilent bien malgr\u00e9 eux les conditions de travail des employ\u00e9s des tanneries italiennes, les lapins aux abc\u00e8s et aux tocs d\u00e9sesp\u00e9rants, et la fortune inestimable amass\u00e9e par ces groupes.<\/p>\n\n\n\n<h3 class=\"wp-block-heading\"><strong>Le luxe, ce g\u00e9ant d\u2019esth\u00e9tique<\/strong><\/h3>\n\n\n\n<p>Si LVMH \u2013 pour Louis Vuitton, Mo\u00ebt et Henessy \u2013 et Kering se sont vus vis\u00e9s par cette enqu\u00eate, c\u2019est parce qu\u2019\u00e0 eux deux, ces groupes poss\u00e8dent la plupart des marques de luxe \u00e0 renomm\u00e9e mondiale; Guerlain, Fendi, DKNY, Givenchy, pour ne citer que quelques marques, non pardon, quelques \u00abMaisons\u00bb, d\u00e9tenues par LVMH, et Gucci, Yves Saint-Laurent, Balenciaga ou encore Alexander McQueen, appartenant elles au groupe Kering. Normal, donc, qu\u2019enqu\u00eate soit men\u00e9e sur ces g\u00e9ants au chiffre d\u2019affaires de quelque quarante milliards d\u2019euros et au b\u00e9n\u00e9fice net de cinq milliards d\u2019euros en 2017.<\/p>\n\n\n\n<p>Dans le secteur mode et maroquinerie, les ventes sur des produits en fourrure et en cuir repr\u00e9sentent plus de la moiti\u00e9 du chiffre d\u2019affaires de ces marques; les d\u00e9fil\u00e9s que l\u2019on retrouve ais\u00e9ment sur internet l\u2019attestent, ces mati\u00e8res premi\u00e8res sont des \u00e9l\u00e9ments phares, et engendrent par leurs finitions pr\u00e9cises, cr\u00e9atives et uniques une fascination qui oublie de questionner l\u2019\u00e9thique derri\u00e8re la production. Comment ces marques l\u00e9gitiment-elles la valeur de trente-cinq mille euros pour un sac \u00e0 main, ou les presque treize mille de ce manteau Givenchy avec un imprim\u00e9 l\u00e9opard sur une fourrure d\u2019agneau italien?&nbsp;<\/p>\n\n\n\n<blockquote class=\"wp-block-quote is-layout-flow wp-block-quote-is-layout-flow\"><p>\u00abAfin de poursuivre leurs avanc\u00e9es, toutes les Maisons continueront de se concentrer sur la cr\u00e9ativit\u00e9 de leurs collections, la qualit\u00e9 extr\u00eame de leurs produits, l\u2019excellence de la distribution et de l\u2019exp\u00e9rience client, l\u2019am\u00e9lioration de leur pr\u00e9sence digitale et le d\u00e9veloppement de leurs ventes en ligne.\u00bb<\/p><cite>Rapport financier semestriel 2018, LVMH<\/cite><\/blockquote>\n\n\n\n<p>Leur strat\u00e9gie repose sur l\u2019id\u00e9e r\u00e9pandue que la raret\u00e9 d\u2019un produit en fait sa valeur, et sur l\u2019image du produit, sans cesse renouvel\u00e9e, redor\u00e9e, retravaill\u00e9e \u00e0 travers des campagnes publicitaires, v\u00e9hiculant une image du luxe comme moyen par lequel l\u2019individu affirme lui aussi son unicit\u00e9. Bien s\u00fbr, tout n\u2019est pas qu\u2019image; les mati\u00e8res premi\u00e8res co\u00fbtent elles-m\u00eames plus ou moins cher et ont leur propre \u00abhi\u00e9rarchie de qualit\u00e9\u00bb. Pourtant, l\u2019id\u00e9e re\u00e7ue qu\u2019une marque de luxe est une garantie d\u2019\u00e9thique et de qualit\u00e9 doit \u00eatre combattue.<\/p>\n\n\n\n<h3 class=\"wp-block-heading\"><strong>Le cas des sous-traitants et des ouvriers dans les tanneries italiennes<\/strong><\/h3>\n\n\n\n<p>Qu\u2019en est-il maintenant des conditions de production des produits de ces marques de luxe? A Santa Croce, en Toscane, se trouve ce qui est appel\u00e9 la \u00abR\u00e9publique du cuir\u00bb. A cet endroit, des tanneries ayant d\u00e9clar\u00e9 travailler pour des marques telles que Louis Vuitton, Herm\u00e8s ou C\u00e9line. Dans ces entreprises sous-traitantes de LVMH, fabriquant un produit ou une partie de celui-ci avant qu\u2019il ne soit fignol\u00e9 dans les ateliers italiens ou fran\u00e7ais, les employ\u00e9s travaillent dans des conditions inhumaines.<\/p>\n\n\n\n<p>Pourtant, le \u00abCode de Conduite Fournisseurs\u00bb le stipule bien: \u00able Groupe LVMH attache une grande importance \u00e0 ce que ses Maisons et leurs partenaires partagent un ensemble commun de r\u00e8gles, d\u2019usages et de principes en mati\u00e8re d\u2019\u00e9thique, de responsabilit\u00e9 sociale et de protection de l\u2019environnement\u00bb. Dans ce m\u00eame code, le groupe renvoie aux normes \u00e9tablies par l\u2019Organisation Internationale du Travail, qui mentionne une dur\u00e9e de travail maximale de huit heures par jour. Les employ\u00e9s (form\u00e9s sur le tas) de la tannerie Thermoplak, pourtant, en font jusqu\u2019\u00e0 treize par jour sous une temp\u00e9rature de quarante degr\u00e9s.&nbsp;<\/p>\n\n\n\n<p>Cette norme de huit heures, nous savons pertinemment qu\u2019il n\u2019y a pas que dans les tanneries du fin fond de la Toscane qu\u2019elle n\u2019est pas respect\u00e9e. Dans le secteur de la restauration et de l\u2019h\u00f4tellerie notamment, les employ\u00e9s finissent souvent \u00e9puis\u00e9s par des horaires impliquant parfois jusqu\u2019\u00e0 quatorze heures par jour. Le caract\u00e8re r\u00e9pandu de cette situation la rend-il acceptable pour autant? Non. Mais chez Thermoplak, il n\u2019y a pas que l\u2019horaire qui est discutable. Salaires impay\u00e9s en plus d\u2019\u00eatre d\u00e9risoires, passages \u00e0 tabac, transport machinal de peaux pesant dix \u00e0 trente kilos, manipulation de produits chimiques dangereux sans gants ni protection pour les voies respiratoires, accidents\u2026<\/p>\n\n\n\n<blockquote class=\"wp-block-quote is-layout-flow wp-block-quote-is-layout-flow\"><p>\u00abCe jour-l\u00e0, c\u2019\u00e9tait la premi\u00e8re peau que je travaillais. Je l\u2019ai prise, je l\u2019ai mise, la lame a bloqu\u00e9 une premi\u00e8re fois. J\u2019ai retourn\u00e9, j\u2019ai remis la peau, et\u2026 \u00e7a m\u2019a pris. \u00c7a a pris mes gants, et enlev\u00e9 les phalanges de trois doigts. Le docteur m\u2019a demand\u00e9 ce qu\u2019il s\u2019\u00e9tait pass\u00e9, et le responsable voulait mentir. [\u2026] Il a dit qu\u2019une planche est tomb\u00e9e sur mes doigts.\u00bb<\/p><cite>\u00abLuxe: les dessous chocs\u00bb, <em>Cash investigation<\/em>, 9 octobre 2018<\/cite><\/blockquote>\n\n\n\n<h3 class=\"wp-block-heading\"><strong>Le bien-\u00eatre animal et le respect de l\u2019environnement, autres hypocrisies<\/strong><\/h3>\n\n\n\n<p>Toujours dans son code de conduite, LVMH insiste sur la \u00abmise en place des meilleures pratiques au long de leur cha\u00eene d\u2019approvisionnement en faveur du respect du bien-\u00eatre animal\u00bb. N\u2019est-il pas na\u00eff, au vu de la fa\u00e7on dont sont trait\u00e9s les employ\u00e9s, de croire \u00e0 des b\u00eates bien portantes? N\u2019est-il pas hypocrite de parler de ces soi-disant \u00abmeilleures pratiques\u00bb possibles les concernant, alors que m\u00eame en Suisse o\u00f9 la plupart croient encore \u00e0 l\u2019image de la jolie vache Marguerite gambadant dans un p\u00e2turage d\u2019herbe fra\u00eeche, les animaux d\u2019\u00e9levage subissent des conditions d\u2019\u00e9levage et d\u2019abattage ind\u00e9centes?<\/p>\n\n\n\n<p>Il n\u2019y avait pas besoin d\u2019aller jusqu\u2019en Chine pour trouver l\u2019horreur. Mais, apr\u00e8s le Danemark, le pays est le deuxi\u00e8me fournisseur mondial. A eux deux seulement (c\u2019est le moment de reposer votre tasse de caf\u00e9 sur la table), ce sont au moins <em>trois cents millions<\/em> d\u2019animaux tu\u00e9s chaque ann\u00e9e. En d\u2019autres termes, des animaux que l\u2019homme fait na\u00eetre pour pouvoir les tuer. Pas si int\u00e8gre et digne, le monde du luxe, surtout lorsque l\u2019on voit ces lapins jet\u00e9s dans les airs avant d\u2019atterrir dans une benne avec une ou deux pattes cass\u00e9es. Mais ni les riches qui vivent de la <em>mode luxe<\/em> ni la partie de la classe moyenne qui en r\u00eave n\u2019aiment se le dire.<\/p>\n\n\n\n<p style=\"color:#1d296c\" class=\"has-text-color\"><strong>Auch zu lesen: <a href=\"https:\/\/leregardlibre.com\/de\/2017\/12\/03\/lart-essence-de-la-mode\/\">L&#8217;art, essence de la mode?<\/a><\/strong><\/p>\n\n\n\n<p>Ne serait-ce pas tout d\u2019abord au bourgeois au bon vouloir duquel se plient ces groupes de se saisir de sa puissance \u00e9conomique afin de faire pression pour que cesse l\u2019hypocrisie de personnes comme Fran\u00e7ois Pinault, dont le milliard et quelques n\u2019a d\u2019autre odeur que celle de l\u2019avidit\u00e9? N\u2019est-il pas temps que ceux dont la voix <em>p\u00e8se<\/em> \u00e0 cause de leur compte en banque se lient en faveur de l\u2019\u00e9thique malgr\u00e9 le coup que cela pourrait porter \u00e0 la croissance? <em>In fine<\/em> et quelle que soit son appartenance sociale, le consommateur doit prendre ses responsabilit\u00e9s en faisant entendre sa voix et taire son porte-monnaie.<\/p>\n\n\n\n<p><em>Schreiben Sie dem Autor: <a href=\"mailto:helene.lavoyer@leregardlibre.com\">helene.lavoyer@leregardlibre.com<\/a><\/em><\/p>\n\n\n\n<p>Cr\u00e9dit photo: \u00a9\u00a0Le Regard Libre<\/p>\n\n\n<div data-block-name=\"woocommerce\/handpicked-products\" data-orderby=\"price_asc\" data-products=\"[17743,17631,19241]\" class=\"wc-block-grid wp-block-handpicked-products wp-block-woocommerce-handpicked-products wc-block-handpicked-products has-3-columns has-multiple-rows\"><ul class=\"wc-block-grid__products\"><li class=\"wc-block-grid__product\">\n\t\t\t\t<a href=\"https:\/\/leregardlibre.com\/de\/produkt\/der-freie-blick-n-46\/\" class=\"wc-block-grid__product-link\">\n\t\t\t\t\t\n\t\t\t\t\t<div class=\"wc-block-grid__product-image\"><img fetchpriority=\"high\" decoding=\"async\" width=\"300\" height=\"424\" src=\"https:\/\/leregardlibre.com\/wp-content\/uploads\/2018\/11\/Une-RL-N\u00b0-46-300x424.jpeg\" class=\"attachment-woocommerce_thumbnail size-woocommerce_thumbnail\" alt=\"Le Regard Libre - Nr. 46\" srcset=\"https:\/\/leregardlibre.com\/wp-content\/uploads\/2018\/11\/Une-RL-N\u00b0-46-300x424.jpeg 300w, https:\/\/leregardlibre.com\/wp-content\/uploads\/2018\/11\/Une-RL-N\u00b0-46-212x300.jpeg 212w, https:\/\/leregardlibre.com\/wp-content\/uploads\/2018\/11\/Une-RL-N\u00b0-46-724x1024.jpeg 724w, https:\/\/leregardlibre.com\/wp-content\/uploads\/2018\/11\/Une-RL-N\u00b0-46-106x150.jpeg 106w, https:\/\/leregardlibre.com\/wp-content\/uploads\/2018\/11\/Une-RL-N\u00b0-46-768x1086.jpeg 768w, https:\/\/leregardlibre.com\/wp-content\/uploads\/2018\/11\/Une-RL-N\u00b0-46-585x827.jpeg 585w, https:\/\/leregardlibre.com\/wp-content\/uploads\/2018\/11\/Une-RL-N\u00b0-46-600x849.jpeg 600w, https:\/\/leregardlibre.com\/wp-content\/uploads\/2018\/11\/Une-RL-N\u00b0-46-150x212.jpeg 150w, https:\/\/leregardlibre.com\/wp-content\/uploads\/2018\/11\/Une-RL-N\u00b0-46.jpeg 905w\" sizes=\"(max-width: 300px) 100vw, 300px\" \/><\/div>\n\t\t\t\t\t<div class=\"wc-block-grid__product-title\">Le Regard Libre - Nr. 46<\/div>\n\t\t\t\t<\/a>\n\t\t\t\t<div class=\"wc-block-grid__product-price price\"><span class=\"woocommerce-Price-amount amount\"><span class=\"woocommerce-Price-currencySymbol\">CHF<\/span>10.00<\/span><\/div>\n\t\t\t\t\n\t\t\t\t<div class=\"wp-block-button wc-block-grid__product-add-to-cart\"><a href=\"\/de\/wp-json\/wp\/v2\/posts\/19167?add-to-cart=17743\" aria-label=\"In den Warenkorb legen: \u201eLe Regard Libre - N\u00b0 46\u201c.\u201c\" data-quantity=\"1\" data-product_id=\"17743\" data-product_sku=\"\" data-price=\"10\" rel=\"nofollow\" class=\"wp-block-button__link  add_to_cart_button ajax_add_to_cart\">In den Warenkorb<\/a><\/div>\n\t\t\t<\/li><li class=\"wc-block-grid__product\">\n\t\t\t\t<a href=\"https:\/\/leregardlibre.com\/de\/produkt\/le-regard-libre-abonnement-annuel-a-la-version-papier\/\" class=\"wc-block-grid__product-link\">\n\t\t\t\t\t\n\t\t\t\t\t<div class=\"wc-block-grid__product-image\"><img decoding=\"async\" width=\"300\" height=\"300\" src=\"https:\/\/leregardlibre.com\/wp-content\/uploads\/woocommerce-placeholder.webp\" class=\"woocommerce-placeholder wp-post-image\" alt=\"\" srcset=\"https:\/\/leregardlibre.com\/wp-content\/uploads\/woocommerce-placeholder.webp 1200w, https:\/\/leregardlibre.com\/wp-content\/uploads\/woocommerce-placeholder-300x300.webp 300w, https:\/\/leregardlibre.com\/wp-content\/uploads\/woocommerce-placeholder-1024x1024.webp 1024w, https:\/\/leregardlibre.com\/wp-content\/uploads\/woocommerce-placeholder-150x150.webp 150w, https:\/\/leregardlibre.com\/wp-content\/uploads\/woocommerce-placeholder-768x768.webp 768w, https:\/\/leregardlibre.com\/wp-content\/uploads\/woocommerce-placeholder-1170x1170.webp 1170w, https:\/\/leregardlibre.com\/wp-content\/uploads\/woocommerce-placeholder-585x585.webp 585w\" sizes=\"(max-width: 300px) 100vw, 300px\" \/><\/div>\n\t\t\t\t\t<div class=\"wc-block-grid__product-title\">Standard-Abonnement (Schweiz)<\/div>\n\t\t\t\t<\/a>\n\t\t\t\t<div class=\"wc-block-grid__product-price price\"><span class=\"woocommerce-Price-amount amount\"><span class=\"woocommerce-Price-currencySymbol\">CHF<\/span>100.00<\/span> <span class=\"subscription-details\"> \/ Jahr<\/span><\/div>\n\t\t\t\t\n\t\t\t\t<div class=\"wp-block-button wc-block-grid__product-add-to-cart\"><a href=\"\/de\/wp-json\/wp\/v2\/posts\/19167?add-to-cart=17631\" aria-label=\"Jetzt abonnieren: \u201eStandardabonnement (Schweiz)\u201c.\u201c\" data-quantity=\"1\" data-product_id=\"17631\" data-product_sku=\"\" data-price=\"100\" rel=\"nofollow\" class=\"wp-block-button__link  add_to_cart_button ajax_add_to_cart\">Jetzt abonnieren<\/a><\/div>\n\t\t\t<\/li><li class=\"wc-block-grid__product\">\n\t\t\t\t<a href=\"https:\/\/leregardlibre.com\/de\/produkt\/fordermitgliedschaft\/\" class=\"wc-block-grid__product-link\">\n\t\t\t\t\t\n\t\t\t\t\t<div class=\"wc-block-grid__product-image\"><img decoding=\"async\" width=\"300\" height=\"300\" src=\"https:\/\/leregardlibre.com\/wp-content\/uploads\/woocommerce-placeholder.webp\" class=\"woocommerce-placeholder wp-post-image\" alt=\"\" srcset=\"https:\/\/leregardlibre.com\/wp-content\/uploads\/woocommerce-placeholder.webp 1200w, https:\/\/leregardlibre.com\/wp-content\/uploads\/woocommerce-placeholder-300x300.webp 300w, https:\/\/leregardlibre.com\/wp-content\/uploads\/woocommerce-placeholder-1024x1024.webp 1024w, https:\/\/leregardlibre.com\/wp-content\/uploads\/woocommerce-placeholder-150x150.webp 150w, https:\/\/leregardlibre.com\/wp-content\/uploads\/woocommerce-placeholder-768x768.webp 768w, https:\/\/leregardlibre.com\/wp-content\/uploads\/woocommerce-placeholder-1170x1170.webp 1170w, https:\/\/leregardlibre.com\/wp-content\/uploads\/woocommerce-placeholder-585x585.webp 585w\" sizes=\"(max-width: 300px) 100vw, 300px\" \/><\/div>\n\t\t\t\t\t<div class=\"wc-block-grid__product-title\">Unterst\u00fctzendes Abonnement<\/div>\n\t\t\t\t<\/a>\n\t\t\t\t<div class=\"wc-block-grid__product-price price\"><span class=\"woocommerce-Price-amount amount\"><span class=\"woocommerce-Price-currencySymbol\">CHF<\/span>200.00<\/span> <span class=\"subscription-details\"> \/ Jahr<\/span><\/div>\n\t\t\t\t\n\t\t\t\t<div class=\"wp-block-button wc-block-grid__product-add-to-cart\"><a href=\"https:\/\/leregardlibre.com\/de\/produkt\/fordermitgliedschaft\/\" aria-label=\"Weitere Informationen zu \u201eF\u00f6rdermitgliedschaft\u201c\" data-quantity=\"1\" data-product_id=\"19241\" data-product_sku=\"\" data-price=\"200\" rel=\"nofollow\" class=\"wp-block-button__link  add_to_cart_button\">Mehr erfahren<\/a><\/div>\n\t\t\t<\/li><\/ul><\/div>","protected":false},"excerpt":{"rendered":"<p>Le Regard Libre N\u00b0&nbsp;46 &#8211; H\u00e9l\u00e8ne&nbsp;Lavoyer Le secteur mode de l\u2019industrie du luxe est un monde \u00e0 deux visages. Le&#8230;<\/p>","protected":false},"author":326,"featured_media":510336,"comment_status":"open","ping_status":"open","sticky":false,"template":"","format":"standard","meta":{"_acf_changed":false,"footnotes":""},"categories":[8796],"tags":[644341034,537976,84929,174838,644339391,644341035,644341037,42231,164515],"class_list":["post-19167","post","type-post","status-publish","format-standard","has-post-thumbnail","hentry","category-societe","tag-cash-investigation","tag-esthetique","tag-ethique","tag-haute-couture","tag-luxe","tag-luxe-les-dessous-chocs","tag-lvmh","tag-mode","tag-morale"],"acf":[],"yoast_head":"<!-- This site is optimized with the Yoast SEO Premium plugin v27.4 (Yoast SEO v27.4) - https:\/\/yoast.com\/product\/yoast-seo-premium-wordpress\/ -->\n<title>La haute-couture, un monde fait de d\u00e9rives et de d\u00e9sinformation<\/title>\n<meta name=\"robots\" content=\"index, follow, max-snippet:-1, max-image-preview:large, max-video-preview:-1\" \/>\n<link rel=\"canonical\" href=\"https:\/\/leregardlibre.com\/de\/gesellschaft\/la-haute-couture-un-monde-fait-de-derives-et-de-desinformation\/\" \/>\n<meta property=\"og:locale\" content=\"de_DE\" \/>\n<meta property=\"og:type\" content=\"article\" \/>\n<meta property=\"og:title\" content=\"La haute-couture, un monde fait de d\u00e9rives et de d\u00e9sinformation\" \/>\n<meta property=\"og:description\" content=\"Le Regard Libre N\u00b0&nbsp;46 - H\u00e9l\u00e8ne&nbsp;Lavoyer Le secteur mode de l\u2019industrie du luxe est un monde \u00e0 deux visages. Le...\" \/>\n<meta property=\"og:url\" content=\"https:\/\/leregardlibre.com\/de\/gesellschaft\/la-haute-couture-un-monde-fait-de-derives-et-de-desinformation\/\" \/>\n<meta property=\"og:site_name\" content=\"Le Regard Libre\" \/>\n<meta property=\"article:publisher\" content=\"https:\/\/www.facebook.com\/leregardlibre\/\" \/>\n<meta property=\"article:published_time\" content=\"2019-02-10T17:42:10+00:00\" \/>\n<meta property=\"article:modified_time\" content=\"2022-09-04T08:32:54+00:00\" \/>\n<meta property=\"og:image\" content=\"https:\/\/leregardlibre.com\/wp-content\/uploads\/2019\/02\/AdobeStock_52992048-1.jpeg\" \/>\n\t<meta property=\"og:image:width\" content=\"4400\" \/>\n\t<meta property=\"og:image:height\" content=\"2933\" \/>\n\t<meta property=\"og:image:type\" content=\"image\/jpeg\" \/>\n<meta name=\"author\" content=\"H\u00e9l\u00e8ne Lavoyer\" \/>\n<meta name=\"twitter:card\" content=\"summary_large_image\" \/>\n<meta name=\"twitter:creator\" content=\"@LeRegardLibre\" \/>\n<meta name=\"twitter:site\" content=\"@LeRegardLibre\" \/>\n<meta name=\"twitter:label1\" content=\"Verfasst von\" \/>\n\t<meta name=\"twitter:data1\" content=\"H\u00e9l\u00e8ne Lavoyer\" \/>\n\t<meta name=\"twitter:label2\" content=\"Gesch\u00e4tzte Lesezeit\" \/>\n\t<meta name=\"twitter:data2\" content=\"7\u00a0Minuten\" \/>\n<script type=\"application\/ld+json\" class=\"yoast-schema-graph\">{\"@context\":\"https:\\\/\\\/schema.org\",\"@graph\":[{\"@type\":\"Article\",\"@id\":\"https:\\\/\\\/leregardlibre.com\\\/societe\\\/la-haute-couture-un-monde-fait-de-derives-et-de-desinformation\\\/#article\",\"isPartOf\":{\"@id\":\"https:\\\/\\\/leregardlibre.com\\\/societe\\\/la-haute-couture-un-monde-fait-de-derives-et-de-desinformation\\\/\"},\"author\":{\"name\":\"H\u00e9l\u00e8ne Lavoyer\",\"@id\":\"https:\\\/\\\/leregardlibre.com\\\/#\\\/schema\\\/person\\\/d54c307d35ad5a1c6bd687ddd86054f8\"},\"headline\":\"La haute-couture, un monde fait de d\u00e9rives et de d\u00e9sinformation\",\"datePublished\":\"2019-02-10T17:42:10+00:00\",\"dateModified\":\"2022-09-04T08:32:54+00:00\",\"mainEntityOfPage\":{\"@id\":\"https:\\\/\\\/leregardlibre.com\\\/societe\\\/la-haute-couture-un-monde-fait-de-derives-et-de-desinformation\\\/\"},\"wordCount\":1416,\"commentCount\":0,\"publisher\":{\"@id\":\"https:\\\/\\\/leregardlibre.com\\\/#organization\"},\"image\":{\"@id\":\"https:\\\/\\\/leregardlibre.com\\\/societe\\\/la-haute-couture-un-monde-fait-de-derives-et-de-desinformation\\\/#primaryimage\"},\"thumbnailUrl\":\"https:\\\/\\\/leregardlibre.com\\\/wp-content\\\/uploads\\\/2019\\\/02\\\/AdobeStock_52992048-1.jpeg\",\"keywords\":[\"cash investigation\",\"Esth\u00e9tique\",\"Ethique\",\"haute couture\",\"luxe\",\"luxe les dessous chocs\",\"lvmh\",\"Mode\",\"Morale\"],\"articleSection\":[\"Soci\u00e9t\u00e9\"],\"inLanguage\":\"de\",\"potentialAction\":[{\"@type\":\"CommentAction\",\"name\":\"Comment\",\"target\":[\"https:\\\/\\\/leregardlibre.com\\\/societe\\\/la-haute-couture-un-monde-fait-de-derives-et-de-desinformation\\\/#respond\"]}]},{\"@type\":\"WebPage\",\"@id\":\"https:\\\/\\\/leregardlibre.com\\\/societe\\\/la-haute-couture-un-monde-fait-de-derives-et-de-desinformation\\\/\",\"url\":\"https:\\\/\\\/leregardlibre.com\\\/societe\\\/la-haute-couture-un-monde-fait-de-derives-et-de-desinformation\\\/\",\"name\":\"La haute-couture, un monde fait de d\u00e9rives et de d\u00e9sinformation\",\"isPartOf\":{\"@id\":\"https:\\\/\\\/leregardlibre.com\\\/#website\"},\"primaryImageOfPage\":{\"@id\":\"https:\\\/\\\/leregardlibre.com\\\/societe\\\/la-haute-couture-un-monde-fait-de-derives-et-de-desinformation\\\/#primaryimage\"},\"image\":{\"@id\":\"https:\\\/\\\/leregardlibre.com\\\/societe\\\/la-haute-couture-un-monde-fait-de-derives-et-de-desinformation\\\/#primaryimage\"},\"thumbnailUrl\":\"https:\\\/\\\/leregardlibre.com\\\/wp-content\\\/uploads\\\/2019\\\/02\\\/AdobeStock_52992048-1.jpeg\",\"datePublished\":\"2019-02-10T17:42:10+00:00\",\"dateModified\":\"2022-09-04T08:32:54+00:00\",\"breadcrumb\":{\"@id\":\"https:\\\/\\\/leregardlibre.com\\\/societe\\\/la-haute-couture-un-monde-fait-de-derives-et-de-desinformation\\\/#breadcrumb\"},\"inLanguage\":\"de\",\"potentialAction\":[{\"@type\":\"ReadAction\",\"target\":[\"https:\\\/\\\/leregardlibre.com\\\/societe\\\/la-haute-couture-un-monde-fait-de-derives-et-de-desinformation\\\/\"]}]},{\"@type\":\"ImageObject\",\"inLanguage\":\"de\",\"@id\":\"https:\\\/\\\/leregardlibre.com\\\/societe\\\/la-haute-couture-un-monde-fait-de-derives-et-de-desinformation\\\/#primaryimage\",\"url\":\"https:\\\/\\\/leregardlibre.com\\\/wp-content\\\/uploads\\\/2019\\\/02\\\/AdobeStock_52992048-1.jpeg\",\"contentUrl\":\"https:\\\/\\\/leregardlibre.com\\\/wp-content\\\/uploads\\\/2019\\\/02\\\/AdobeStock_52992048-1.jpeg\",\"width\":4400,\"height\":2933,\"caption\":\"Art fashion photo of a gorgeous woman in paper dress. Black and white.\"},{\"@type\":\"BreadcrumbList\",\"@id\":\"https:\\\/\\\/leregardlibre.com\\\/societe\\\/la-haute-couture-un-monde-fait-de-derives-et-de-desinformation\\\/#breadcrumb\",\"itemListElement\":[{\"@type\":\"ListItem\",\"position\":1,\"name\":\"Accueil\",\"item\":\"https:\\\/\\\/leregardlibre.com\\\/\"},{\"@type\":\"ListItem\",\"position\":2,\"name\":\"La haute-couture, un monde fait de d\u00e9rives et de d\u00e9sinformation\"}]},{\"@type\":\"WebSite\",\"@id\":\"https:\\\/\\\/leregardlibre.com\\\/#website\",\"url\":\"https:\\\/\\\/leregardlibre.com\\\/\",\"name\":\"Le Regard Libre\",\"description\":\"Premier mensuel suisse de d\u00e9bat\",\"publisher\":{\"@id\":\"https:\\\/\\\/leregardlibre.com\\\/#organization\"},\"potentialAction\":[{\"@type\":\"SearchAction\",\"target\":{\"@type\":\"EntryPoint\",\"urlTemplate\":\"https:\\\/\\\/leregardlibre.com\\\/?s={search_term_string}\"},\"query-input\":{\"@type\":\"PropertyValueSpecification\",\"valueRequired\":true,\"valueName\":\"search_term_string\"}}],\"inLanguage\":\"de\"},{\"@type\":\"Organization\",\"@id\":\"https:\\\/\\\/leregardlibre.com\\\/#organization\",\"name\":\"Le Regard Libre\",\"url\":\"https:\\\/\\\/leregardlibre.com\\\/\",\"logo\":{\"@type\":\"ImageObject\",\"inLanguage\":\"de\",\"@id\":\"https:\\\/\\\/leregardlibre.com\\\/#\\\/schema\\\/logo\\\/image\\\/\",\"url\":\"https:\\\/\\\/leregardlibre.com\\\/wp-content\\\/uploads\\\/2025\\\/08\\\/logo-rl-icone-neg.jpeg\",\"contentUrl\":\"https:\\\/\\\/leregardlibre.com\\\/wp-content\\\/uploads\\\/2025\\\/08\\\/logo-rl-icone-neg.jpeg\",\"width\":557,\"height\":556,\"caption\":\"Le Regard Libre\"},\"image\":{\"@id\":\"https:\\\/\\\/leregardlibre.com\\\/#\\\/schema\\\/logo\\\/image\\\/\"},\"sameAs\":[\"https:\\\/\\\/www.facebook.com\\\/leregardlibre\\\/\",\"https:\\\/\\\/x.com\\\/LeRegardLibre\",\"https:\\\/\\\/www.linkedin.com\\\/company\\\/le-regard-libre\",\"https:\\\/\\\/www.instagram.com\\\/leregardlibre\\\/\",\"http:\\\/\\\/t.me\\\/leregardlibre\",\"https:\\\/\\\/youtube.com\\\/channel\\\/UC6HzGPomj1LsUmlz-sJtITQ\"],\"description\":\"Le Regard Libre est un mensuel suisse de d\u00e9bat intellectuel et culturel. Sa r\u00e9daction est jeune, b\u00e9n\u00e9vole, lib\u00e9rale et pluraliste. Le magazine para\u00eet en ligne et sous forme papier. Sa langue est le fran\u00e7ais.\",\"email\":\"redaction@leregardlibre.com\",\"legalName\":\"Le Regard Libre\",\"foundingDate\":\"2014-01-01\",\"numberOfEmployees\":{\"@type\":\"QuantitativeValue\",\"minValue\":\"11\",\"maxValue\":\"50\"},\"publishingPrinciples\":\"https:\\\/\\\/leregardlibre.com\\\/a-propos\\\/notre-manifeste\\\/\",\"ownershipFundingInfo\":\"https:\\\/\\\/leregardlibre.com\\\/mentions-legales\\\/\",\"actionableFeedbackPolicy\":\"https:\\\/\\\/leregardlibre.com\\\/conditions-generales-de-vente\\\/\"},{\"@type\":\"Person\",\"@id\":\"https:\\\/\\\/leregardlibre.com\\\/#\\\/schema\\\/person\\\/d54c307d35ad5a1c6bd687ddd86054f8\",\"name\":\"H\u00e9l\u00e8ne Lavoyer\",\"image\":{\"@type\":\"ImageObject\",\"inLanguage\":\"de\",\"@id\":\"https:\\\/\\\/secure.gravatar.com\\\/avatar\\\/68b25ff5328818574bf42822e9324221321679833884bc3d9c090886fea2d133?s=96&d=identicon&r=g\",\"url\":\"https:\\\/\\\/secure.gravatar.com\\\/avatar\\\/68b25ff5328818574bf42822e9324221321679833884bc3d9c090886fea2d133?s=96&d=identicon&r=g\",\"contentUrl\":\"https:\\\/\\\/secure.gravatar.com\\\/avatar\\\/68b25ff5328818574bf42822e9324221321679833884bc3d9c090886fea2d133?s=96&d=identicon&r=g\",\"caption\":\"H\u00e9l\u00e8ne Lavoyer\"},\"sameAs\":[\"https:\\\/\\\/leregardlibre.com\\\/\"],\"url\":\"https:\\\/\\\/leregardlibre.com\\\/de\\\/author\\\/helene-lavoyer\\\/\"}]}<\/script>\n<!-- \/ Yoast SEO Premium plugin. -->","yoast_head_json":{"title":"Die Haute Couture - eine Welt voller Fehlentwicklungen und Desinformationen","robots":{"index":"index","follow":"follow","max-snippet":"max-snippet:-1","max-image-preview":"max-image-preview:large","max-video-preview":"max-video-preview:-1"},"canonical":"https:\/\/leregardlibre.com\/de\/gesellschaft\/la-haute-couture-un-monde-fait-de-derives-et-de-desinformation\/","og_locale":"de_DE","og_type":"article","og_title":"La haute-couture, un monde fait de d\u00e9rives et de d\u00e9sinformation","og_description":"Le Regard Libre N\u00b0&nbsp;46 - H\u00e9l\u00e8ne&nbsp;Lavoyer Le secteur mode de l\u2019industrie du luxe est un monde \u00e0 deux visages. Le...","og_url":"https:\/\/leregardlibre.com\/de\/gesellschaft\/la-haute-couture-un-monde-fait-de-derives-et-de-desinformation\/","og_site_name":"Le Regard Libre","article_publisher":"https:\/\/www.facebook.com\/leregardlibre\/","article_published_time":"2019-02-10T17:42:10+00:00","article_modified_time":"2022-09-04T08:32:54+00:00","og_image":[{"width":4400,"height":2933,"url":"https:\/\/leregardlibre.com\/wp-content\/uploads\/2019\/02\/AdobeStock_52992048-1.jpeg","type":"image\/jpeg"}],"author":"H\u00e9l\u00e8ne Lavoyer","twitter_card":"summary_large_image","twitter_creator":"@LeRegardLibre","twitter_site":"@LeRegardLibre","twitter_misc":{"Verfasst von":"H\u00e9l\u00e8ne Lavoyer","Gesch\u00e4tzte Lesezeit":"7\u00a0Minuten"},"schema":{"@context":"https:\/\/schema.org","@graph":[{"@type":"Article","@id":"https:\/\/leregardlibre.com\/societe\/la-haute-couture-un-monde-fait-de-derives-et-de-desinformation\/#article","isPartOf":{"@id":"https:\/\/leregardlibre.com\/societe\/la-haute-couture-un-monde-fait-de-derives-et-de-desinformation\/"},"author":{"name":"H\u00e9l\u00e8ne Lavoyer","@id":"https:\/\/leregardlibre.com\/#\/schema\/person\/d54c307d35ad5a1c6bd687ddd86054f8"},"headline":"La haute-couture, un monde fait de d\u00e9rives et de d\u00e9sinformation","datePublished":"2019-02-10T17:42:10+00:00","dateModified":"2022-09-04T08:32:54+00:00","mainEntityOfPage":{"@id":"https:\/\/leregardlibre.com\/societe\/la-haute-couture-un-monde-fait-de-derives-et-de-desinformation\/"},"wordCount":1416,"commentCount":0,"publisher":{"@id":"https:\/\/leregardlibre.com\/#organization"},"image":{"@id":"https:\/\/leregardlibre.com\/societe\/la-haute-couture-un-monde-fait-de-derives-et-de-desinformation\/#primaryimage"},"thumbnailUrl":"https:\/\/leregardlibre.com\/wp-content\/uploads\/2019\/02\/AdobeStock_52992048-1.jpeg","keywords":["cash investigation","Esth\u00e9tique","Ethique","haute couture","luxe","luxe les dessous chocs","lvmh","Mode","Morale"],"articleSection":["Soci\u00e9t\u00e9"],"inLanguage":"de","potentialAction":[{"@type":"CommentAction","name":"Comment","target":["https:\/\/leregardlibre.com\/societe\/la-haute-couture-un-monde-fait-de-derives-et-de-desinformation\/#respond"]}]},{"@type":"WebPage","@id":"https:\/\/leregardlibre.com\/societe\/la-haute-couture-un-monde-fait-de-derives-et-de-desinformation\/","url":"https:\/\/leregardlibre.com\/societe\/la-haute-couture-un-monde-fait-de-derives-et-de-desinformation\/","name":"Die Haute Couture - eine Welt voller Fehlentwicklungen und Desinformationen","isPartOf":{"@id":"https:\/\/leregardlibre.com\/#website"},"primaryImageOfPage":{"@id":"https:\/\/leregardlibre.com\/societe\/la-haute-couture-un-monde-fait-de-derives-et-de-desinformation\/#primaryimage"},"image":{"@id":"https:\/\/leregardlibre.com\/societe\/la-haute-couture-un-monde-fait-de-derives-et-de-desinformation\/#primaryimage"},"thumbnailUrl":"https:\/\/leregardlibre.com\/wp-content\/uploads\/2019\/02\/AdobeStock_52992048-1.jpeg","datePublished":"2019-02-10T17:42:10+00:00","dateModified":"2022-09-04T08:32:54+00:00","breadcrumb":{"@id":"https:\/\/leregardlibre.com\/societe\/la-haute-couture-un-monde-fait-de-derives-et-de-desinformation\/#breadcrumb"},"inLanguage":"de","potentialAction":[{"@type":"ReadAction","target":["https:\/\/leregardlibre.com\/societe\/la-haute-couture-un-monde-fait-de-derives-et-de-desinformation\/"]}]},{"@type":"ImageObject","inLanguage":"de","@id":"https:\/\/leregardlibre.com\/societe\/la-haute-couture-un-monde-fait-de-derives-et-de-desinformation\/#primaryimage","url":"https:\/\/leregardlibre.com\/wp-content\/uploads\/2019\/02\/AdobeStock_52992048-1.jpeg","contentUrl":"https:\/\/leregardlibre.com\/wp-content\/uploads\/2019\/02\/AdobeStock_52992048-1.jpeg","width":4400,"height":2933,"caption":"Art fashion photo of a gorgeous woman in paper dress. Black and white."},{"@type":"BreadcrumbList","@id":"https:\/\/leregardlibre.com\/societe\/la-haute-couture-un-monde-fait-de-derives-et-de-desinformation\/#breadcrumb","itemListElement":[{"@type":"ListItem","position":1,"name":"Accueil","item":"https:\/\/leregardlibre.com\/"},{"@type":"ListItem","position":2,"name":"La haute-couture, un monde fait de d\u00e9rives et de d\u00e9sinformation"}]},{"@type":"WebSite","@id":"https:\/\/leregardlibre.com\/#website","url":"https:\/\/leregardlibre.com\/","name":"Le Regard Libre","description":"Erste Schweizer Monatszeitschrift f\u00fcr Debatten","publisher":{"@id":"https:\/\/leregardlibre.com\/#organization"},"potentialAction":[{"@type":"SearchAction","target":{"@type":"EntryPoint","urlTemplate":"https:\/\/leregardlibre.com\/?s={search_term_string}"},"query-input":{"@type":"PropertyValueSpecification","valueRequired":true,"valueName":"search_term_string"}}],"inLanguage":"de"},{"@type":"Organization","@id":"https:\/\/leregardlibre.com\/#organization","name":"Le Regard Libre","url":"https:\/\/leregardlibre.com\/","logo":{"@type":"ImageObject","inLanguage":"de","@id":"https:\/\/leregardlibre.com\/#\/schema\/logo\/image\/","url":"https:\/\/leregardlibre.com\/wp-content\/uploads\/2025\/08\/logo-rl-icone-neg.jpeg","contentUrl":"https:\/\/leregardlibre.com\/wp-content\/uploads\/2025\/08\/logo-rl-icone-neg.jpeg","width":557,"height":556,"caption":"Le Regard Libre"},"image":{"@id":"https:\/\/leregardlibre.com\/#\/schema\/logo\/image\/"},"sameAs":["https:\/\/www.facebook.com\/leregardlibre\/","https:\/\/x.com\/LeRegardLibre","https:\/\/www.linkedin.com\/company\/le-regard-libre","https:\/\/www.instagram.com\/leregardlibre\/","http:\/\/t.me\/leregardlibre","https:\/\/youtube.com\/channel\/UC6HzGPomj1LsUmlz-sJtITQ"],"description":"Le Regard Libre ist eine Schweizer Monatszeitschrift f\u00fcr intellektuelle und kulturelle Debatten. Seine Redaktion ist jung, ehrenamtlich, liberal und pluralistisch. Das Magazin erscheint online und in gedruckter Form. Seine Sprache ist Franz\u00f6sisch.","email":"redaction@leregardlibre.com","legalName":"Le Regard Libre","foundingDate":"2014-01-01","numberOfEmployees":{"@type":"QuantitativeValue","minValue":"11","maxValue":"50"},"publishingPrinciples":"https:\/\/leregardlibre.com\/a-propos\/notre-manifeste\/","ownershipFundingInfo":"https:\/\/leregardlibre.com\/mentions-legales\/","actionableFeedbackPolicy":"https:\/\/leregardlibre.com\/conditions-generales-de-vente\/"},{"@type":"Person","@id":"https:\/\/leregardlibre.com\/#\/schema\/person\/d54c307d35ad5a1c6bd687ddd86054f8","name":"H\u00e9l\u00e8ne Lavoyer","image":{"@type":"ImageObject","inLanguage":"de","@id":"https:\/\/secure.gravatar.com\/avatar\/68b25ff5328818574bf42822e9324221321679833884bc3d9c090886fea2d133?s=96&d=identicon&r=g","url":"https:\/\/secure.gravatar.com\/avatar\/68b25ff5328818574bf42822e9324221321679833884bc3d9c090886fea2d133?s=96&d=identicon&r=g","contentUrl":"https:\/\/secure.gravatar.com\/avatar\/68b25ff5328818574bf42822e9324221321679833884bc3d9c090886fea2d133?s=96&d=identicon&r=g","caption":"H\u00e9l\u00e8ne Lavoyer"},"sameAs":["https:\/\/leregardlibre.com\/"],"url":"https:\/\/leregardlibre.com\/de\/author\/helene-lavoyer\/"}]}},"_links":{"self":[{"href":"https:\/\/leregardlibre.com\/de\/wp-json\/wp\/v2\/posts\/19167","targetHints":{"allow":["GET"]}}],"collection":[{"href":"https:\/\/leregardlibre.com\/de\/wp-json\/wp\/v2\/posts"}],"about":[{"href":"https:\/\/leregardlibre.com\/de\/wp-json\/wp\/v2\/types\/post"}],"author":[{"embeddable":true,"href":"https:\/\/leregardlibre.com\/de\/wp-json\/wp\/v2\/users\/326"}],"replies":[{"embeddable":true,"href":"https:\/\/leregardlibre.com\/de\/wp-json\/wp\/v2\/comments?post=19167"}],"version-history":[{"count":1,"href":"https:\/\/leregardlibre.com\/de\/wp-json\/wp\/v2\/posts\/19167\/revisions"}],"predecessor-version":[{"id":510335,"href":"https:\/\/leregardlibre.com\/de\/wp-json\/wp\/v2\/posts\/19167\/revisions\/510335"}],"wp:featuredmedia":[{"embeddable":true,"href":"https:\/\/leregardlibre.com\/de\/wp-json\/wp\/v2\/media\/510336"}],"wp:attachment":[{"href":"https:\/\/leregardlibre.com\/de\/wp-json\/wp\/v2\/media?parent=19167"}],"wp:term":[{"taxonomy":"category","embeddable":true,"href":"https:\/\/leregardlibre.com\/de\/wp-json\/wp\/v2\/categories?post=19167"},{"taxonomy":"post_tag","embeddable":true,"href":"https:\/\/leregardlibre.com\/de\/wp-json\/wp\/v2\/tags?post=19167"}],"curies":[{"name":"wp","href":"https:\/\/api.w.org\/{rel}","templated":true}]}}