{"id":19711,"date":"2019-03-01T18:57:33","date_gmt":"2019-03-01T17:57:33","guid":{"rendered":"https:\/\/leregardlibre.com\/?p=19711"},"modified":"2022-09-04T10:32:58","modified_gmt":"2022-09-04T08:32:58","slug":"biere-nehmen-den-platz-von-wein-im-restaurant-ein","status":"publish","type":"post","link":"https:\/\/leregardlibre.com\/de\/gastronomie\/biere-nehmen-den-platz-von-wein-im-restaurant-ein\/","title":{"rendered":"Biere ersetzen Wein im Restaurant"},"content":{"rendered":"<p><em>Die Freitage der Mikrobrauerei - Jonas Follonier<\/em><\/p>\n\n\n\n<p class=\"has-drop-cap\"><strong>Immer mehr Restaurants bieten eine interessante Auswahl an Bieren an und reagieren damit auf die steigende Nachfrage der G\u00e4ste, zu ihrem Essen Bier zu trinken. Und nicht zu Wein. Eine kleine gastronomische Revolution.<\/strong><\/p>\n\n\n\n<!--more Lire la chronique-->\n\n\n\n\n\n<p>Sie haben es wahrscheinlich selbst schon ein paar Mal erlebt, wenn Sie mit Familie oder Freunden drau\u00dfen essen waren. \u00abWie w\u00e4re es mit einem Bier?\u00bb Von Fleisch bis Fisch, von s\u00fc\u00df bis herzhaft, von Aperitif bis K\u00e4se, von Gourmetk\u00fcche bis Brauereigericht.<\/p>\n\n\n\n<p><strong>Lesen Sie auch | <a href=\"https:\/\/leregardlibre.com\/de\/gastronomie\/la-biere-artisanale-un-phenomene-de-mode-mais-aussi-de-gout\/\" data-type=\"post\" data-id=\"15560\">Bier - ein Ph\u00e4nomen der Mode, aber auch des Geschmacks<\/a><\/strong><\/p>\n\n\n\n<p>So denken immer mehr Menschen - keine Statistiken, die man Ihnen servieren k\u00f6nnte, nur Erfahrung und H\u00f6rensagen, Wissensquellen, die genauso respektabel sind wie Zahlen, die alles und das Gegenteil aussagen k\u00f6nnen. Diese \u00c4nderung der Praxis l\u00e4sst sich leicht mit dem Ph\u00e4nomen der handwerklich gebrauten Biere erkl\u00e4ren, das wir ernst nehmen wollten, indem wir Ihnen jeden Freitag dar\u00fcber berichten. Ein Ph\u00e4nomen, das den Verdienst hat, dem Bier seinen geschmacklichen Reichtum zur\u00fcckzugeben und die Magie, die seine Herstellung umgibt, bekannt zu machen.<\/p>\n\n\n\n<form method=\"post\" action=\"https:\/\/newsletter.infomaniak.com\/external\/submit\" class=\"inf-form\" target=\"_blank\"><input type=\"email\" name=\"email\" style=\"display:none\" \/><input type=\"hidden\" name=\"key\" value=\"eyJpdiI6IlZXRVJGMlRGQUU2alNqUE81bitIUk5adnNVa0c4MllFTStzOHdHT1FQZ3c9IiwidmFsdWUiOiJIYzhwMUVCK1pTNnlhY3MyMmhuZlhReWJqemEwNk93blMxTjFHc0s2VHZrPSIsIm1hYyI6ImVhYTQ5N2I1M2NiYWE4NzBmNjk2NzgzYjliM2Y5NmYzM2E2ZmU3NGQxNTU1ZDFkMTU1MzY5NTdjYjE3ZTJmNTUifQ==\"><input type=\"hidden\" name=\"webform_id\" value=\"7291\"><style> .inf-main_3000311ca56a1cb93397bc676c0b7fff{ background-color:#f5f5f5; padding:25px 20px; margin:25px auto; } .inf-main_3000311ca56a1cb93397bc676c0b7fff .inf-content { margin-top:13px;} .inf-main_3000311ca56a1cb93397bc676c0b7fff h4, .inf-main_3000311ca56a1cb93397bc676c0b7fff span, .inf-main_3000311ca56a1cb93397bc676c0b7fff label, .inf-main_3000311ca56a1cb93397bc676c0b7fff input, .inf-main_3000311ca56a1cb93397bc676c0b7fff .inf-submit, .inf-main_3000311ca56a1cb93397bc676c0b7fff .inf-success p a { color:#555555; font-size:14px; } .inf-main_3000311ca56a1cb93397bc676c0b7fff h4{ font-size:18px; margin:0px 0px 13px 0px; } .inf-main_3000311ca56a1cb93397bc676c0b7fff h4, .inf-main_3000311ca56a1cb93397bc676c0b7fff label{ font-weight:bold; } .inf-main_3000311ca56a1cb93397bc676c0b7fff .inf-input { margin-bottom:7px; } .inf-main_3000311ca56a1cb93397bc676c0b7fff label { display:block;} .inf-main_3000311ca56a1cb93397bc676c0b7fff input{ height:35px; color:#999999; border: 1px solid #E9E9E9; border:none; padding-left:7px; } .inf-main_3000311ca56a1cb93397bc676c0b7fff .inf-input.inf-error label, .inf-main_3000311ca56a1cb93397bc676c0b7fff .inf-input.inf-error span.inf-message{ color: #cc0033; } .inf-main_3000311ca56a1cb93397bc676c0b7fff .inf-input.inf-error input{ border: 1px solid #cc0033; } .inf-main_3000311ca56a1cb93397bc676c0b7fff .inf-input input { width:100%;} .inf-main_3000311ca56a1cb93397bc676c0b7fff .inf-input.inf-error span.inf-message { display: block; } .inf-main_3000311ca56a1cb93397bc676c0b7fff .inf-submit { text-align:right;} .inf-main_3000311ca56a1cb93397bc676c0b7fff .inf-submit input{ background-color:#777777; color:#ffffff; border:none; font-weight: normal; height:auto; padding:7px; } .inf-main_3000311ca56a1cb93397bc676c0b7fff .inf-submit input.disabled{ opacity: 0.4; } .inf-btn { color: rgb(85, 85, 85); border: medium none; font-weight: normal; height: auto; padding: 7px; display: inline-block; background-color: white; box-shadow: 0px 1px 1px rgba(0, 0, 0, 0.24); border-radius: 2px; line-height: 1em; } .inf-rgpd { margin:25px 0px 15px 0px; color:#555555; } <\/style> <div class=\"inf-main_3000311ca56a1cb93397bc676c0b7fff\"> <h4>NEWSLETTER DES FREIEN BLICKS<\/h4> <span>Erhalten Sie unsere Artikel jeden Sonntag.<\/span> <div class=\"inf-success\" style=\"display:none\"> <h4>Ihre Anmeldung f\u00fcr unseren w\u00f6chentlichen Newsletter wurde erfolgreich registriert!<\/h4> <p> <a href=\"#\" class=\"inf-btn\">\u00ab<\/a> <\/p> <\/div> <div class=\"inf-content\"> <div class=\"inf-input inf-input-text\"> <input type=\"text\" name=\"inf[1]\" data-inf-meta = \"1\" data-inf-error = \"Merci de renseigner une adresse email\" required=\"required\" placeholder=\"E-Mail\" > <\/div> <div class=\"inf-submit\"> <input type=\"submit\" name=\"\" value=\"Anmelden\"> <\/div> <\/div> <\/div> <\/form>\n\n\n\n<p>Diese kleine gastronomische Neuheit ist, abgesehen davon, dass man sie leicht erkl\u00e4ren kann, zu begr\u00fc\u00dfen. Bier steht nicht in Konkurrenz zum Wein, sondern hat auch gastronomische Vorz\u00fcge. Es hat bereits eine Eigenschaft, die es zu Wein komplement\u00e4r macht: Bier ist wie Champagner ein kohlens\u00e4urehaltiges Getr\u00e4nk. Die Blasen ver\u00e4ndern die Art und Weise, wie man z. B. eine ger\u00e4ucherte Forelle genie\u00dft. Ein weiteres offensichtliches Merkmal ist die Bitterkeit, die bei Wein kaum vorhanden ist.<\/p>\n\n\n\n<p>Das Spiel der Kontraste im Reich der Geschm\u00e4cker wird also durch die Ankunft eines Neuank\u00f6mmlings verst\u00e4rkt. Das hopfenhaltige Getr\u00e4nk, das fr\u00fcher nur bei einem Trinkgelage getrunken wurde, dann als Aperitif akzeptiert und zum Lieblingsgast wurde, hat zu unserer gro\u00dfen Freude einen Prozess der Entbierisierung durchlaufen. Das Bier, das fr\u00fcher ein Hinterw\u00e4ldler war und heute schick ist, sollte jedoch nicht zum Spielball einer trendigen Elite werden, die nur auf das Neue schw\u00f6rt. Wir sollten es als ein Getr\u00e4nk unter vielen akzeptieren, das zu einer gelungenen Mahlzeit geh\u00f6rt.<\/p>\n\n\n\n<p><em>Schreiben Sie dem Autor: <a href=\"mailto:jonas.follonier@leregardlibre.com\">jonas.follonier@leregardlibre.com<\/a><\/em><\/p>\n\n\n\n<p><em><strong>Weiterf\u00fchrende Informationen:<\/strong><\/em><\/p>\n\n\n\n<p><a href=\"https:\/\/www.gaultmillau.ch\/fr\/le-bar\/la-biere-pour-accompagner-vos-meilleurs-repas\">https:\/\/www.gaultmillau.ch\/fr\/le-bar\/la-biere-pour-accompagner-vos-meilleurs-repas<\/a><\/p>\n\n\n\n<p><a href=\"http:\/\/www.plurielles.fr\/recettes-cuisine\/fiche-pratique\/quelle-biere-associee-avec-quel-plat-7086799-402.html\">http:\/\/www.plurielles.fr\/recettes-cuisine\/fiche-pratique\/quelle-biere-associee-avec-quel-plat-7086799-402.html<\/a><\/p>\n\n\n\n<p><a href=\"https:\/\/www.lepoint.fr\/vin\/guides\/la-biere-a-table-03-07-2014-1842936_585.php\">https:\/\/www.lepoint.fr\/vin\/guides\/la-biere-a-table-03-07-2014-1842936_585.php<\/a><\/p>","protected":false},"excerpt":{"rendered":"<p>Les vendredis de la microbrasserie &#8211; Jonas Follonier De plus en plus de restaurants proposent un choix de bi\u00e8res int\u00e9ressant,&#8230;<\/p>","protected":false},"author":138,"featured_media":510377,"comment_status":"open","ping_status":"open","sticky":false,"template":"","format":"standard","meta":{"_acf_changed":false,"footnotes":""},"categories":[42546],"tags":[241857,3079770,136433,62044],"class_list":["post-19711","post","type-post","status-publish","format-standard","has-post-thumbnail","hentry","category-gastronomie","tag-biere","tag-biere-artisanale","tag-gaz","tag-vin"],"acf":[],"yoast_head":"<!-- This site is optimized with the Yoast SEO Premium plugin v27.4 (Yoast SEO v27.4) - https:\/\/yoast.com\/product\/yoast-seo-premium-wordpress\/ -->\n<title>Les bi\u00e8res prennent la place du vin au restaurant!<\/title>\n<meta name=\"robots\" content=\"index, follow, max-snippet:-1, max-image-preview:large, max-video-preview:-1\" \/>\n<link rel=\"canonical\" href=\"https:\/\/leregardlibre.com\/de\/gastronomie\/biere-nehmen-den-platz-von-wein-im-restaurant-ein\/\" \/>\n<meta property=\"og:locale\" content=\"de_DE\" \/>\n<meta property=\"og:type\" content=\"article\" \/>\n<meta property=\"og:title\" content=\"Les bi\u00e8res prennent la place du vin au restaurant!\" \/>\n<meta property=\"og:description\" content=\"Les vendredis de la microbrasserie - Jonas Follonier De plus en plus de restaurants proposent un choix de bi\u00e8res int\u00e9ressant,...\" \/>\n<meta property=\"og:url\" content=\"https:\/\/leregardlibre.com\/de\/gastronomie\/biere-nehmen-den-platz-von-wein-im-restaurant-ein\/\" \/>\n<meta property=\"og:site_name\" content=\"Le Regard Libre\" \/>\n<meta property=\"article:publisher\" content=\"https:\/\/www.facebook.com\/leregardlibre\/\" \/>\n<meta property=\"article:author\" content=\"https:\/\/www.facebook.com\/jonas.follonier\/\" \/>\n<meta property=\"article:published_time\" content=\"2019-03-01T17:57:33+00:00\" \/>\n<meta property=\"article:modified_time\" content=\"2022-09-04T08:32:58+00:00\" \/>\n<meta property=\"og:image\" content=\"https:\/\/leregardlibre.com\/wp-content\/uploads\/2019\/03\/AdobeStock_191884874-1-1024x683.jpeg\" \/>\n\t<meta property=\"og:image:width\" content=\"1024\" \/>\n\t<meta property=\"og:image:height\" content=\"683\" \/>\n\t<meta property=\"og:image:type\" content=\"image\/jpeg\" \/>\n<meta name=\"author\" content=\"Jonas Follonier\" \/>\n<meta name=\"twitter:card\" content=\"summary_large_image\" \/>\n<meta name=\"twitter:creator\" content=\"@LeRegardLibre\" \/>\n<meta name=\"twitter:site\" content=\"@LeRegardLibre\" \/>\n<meta name=\"twitter:label1\" content=\"Verfasst von\" \/>\n\t<meta name=\"twitter:data1\" content=\"Jonas Follonier\" \/>\n\t<meta name=\"twitter:label2\" content=\"Gesch\u00e4tzte Lesezeit\" \/>\n\t<meta name=\"twitter:data2\" content=\"2\u00a0Minuten\" \/>\n<script type=\"application\/ld+json\" class=\"yoast-schema-graph\">{\"@context\":\"https:\\\/\\\/schema.org\",\"@graph\":[{\"@type\":\"Article\",\"@id\":\"https:\\\/\\\/leregardlibre.com\\\/gastronomie\\\/les-bieres-prennent-la-place-du-vin-au-restaurant\\\/#article\",\"isPartOf\":{\"@id\":\"https:\\\/\\\/leregardlibre.com\\\/gastronomie\\\/les-bieres-prennent-la-place-du-vin-au-restaurant\\\/\"},\"author\":{\"name\":\"Jonas Follonier\",\"@id\":\"https:\\\/\\\/leregardlibre.com\\\/#\\\/schema\\\/person\\\/bfe5aa794a23be71485d60e2d93ec0d2\"},\"headline\":\"Les bi\u00e8res prennent la place du vin au restaurant!\",\"datePublished\":\"2019-03-01T17:57:33+00:00\",\"dateModified\":\"2022-09-04T08:32:58+00:00\",\"mainEntityOfPage\":{\"@id\":\"https:\\\/\\\/leregardlibre.com\\\/gastronomie\\\/les-bieres-prennent-la-place-du-vin-au-restaurant\\\/\"},\"wordCount\":489,\"commentCount\":0,\"publisher\":{\"@id\":\"https:\\\/\\\/leregardlibre.com\\\/#organization\"},\"image\":{\"@id\":\"https:\\\/\\\/leregardlibre.com\\\/gastronomie\\\/les-bieres-prennent-la-place-du-vin-au-restaurant\\\/#primaryimage\"},\"thumbnailUrl\":\"https:\\\/\\\/leregardlibre.com\\\/wp-content\\\/uploads\\\/2019\\\/03\\\/AdobeStock_191884874-1.jpeg\",\"keywords\":[\"Bi\u00e8re\",\"Bi\u00e8re artisanale\",\"gaz\",\"Vin\"],\"articleSection\":[\"Gastronomie\"],\"inLanguage\":\"de\",\"potentialAction\":[{\"@type\":\"CommentAction\",\"name\":\"Comment\",\"target\":[\"https:\\\/\\\/leregardlibre.com\\\/gastronomie\\\/les-bieres-prennent-la-place-du-vin-au-restaurant\\\/#respond\"]}]},{\"@type\":\"WebPage\",\"@id\":\"https:\\\/\\\/leregardlibre.com\\\/gastronomie\\\/les-bieres-prennent-la-place-du-vin-au-restaurant\\\/\",\"url\":\"https:\\\/\\\/leregardlibre.com\\\/gastronomie\\\/les-bieres-prennent-la-place-du-vin-au-restaurant\\\/\",\"name\":\"Les bi\u00e8res prennent la place du vin au restaurant!\",\"isPartOf\":{\"@id\":\"https:\\\/\\\/leregardlibre.com\\\/#website\"},\"primaryImageOfPage\":{\"@id\":\"https:\\\/\\\/leregardlibre.com\\\/gastronomie\\\/les-bieres-prennent-la-place-du-vin-au-restaurant\\\/#primaryimage\"},\"image\":{\"@id\":\"https:\\\/\\\/leregardlibre.com\\\/gastronomie\\\/les-bieres-prennent-la-place-du-vin-au-restaurant\\\/#primaryimage\"},\"thumbnailUrl\":\"https:\\\/\\\/leregardlibre.com\\\/wp-content\\\/uploads\\\/2019\\\/03\\\/AdobeStock_191884874-1.jpeg\",\"datePublished\":\"2019-03-01T17:57:33+00:00\",\"dateModified\":\"2022-09-04T08:32:58+00:00\",\"breadcrumb\":{\"@id\":\"https:\\\/\\\/leregardlibre.com\\\/gastronomie\\\/les-bieres-prennent-la-place-du-vin-au-restaurant\\\/#breadcrumb\"},\"inLanguage\":\"de\",\"potentialAction\":[{\"@type\":\"ReadAction\",\"target\":[\"https:\\\/\\\/leregardlibre.com\\\/gastronomie\\\/les-bieres-prennent-la-place-du-vin-au-restaurant\\\/\"]}]},{\"@type\":\"ImageObject\",\"inLanguage\":\"de\",\"@id\":\"https:\\\/\\\/leregardlibre.com\\\/gastronomie\\\/les-bieres-prennent-la-place-du-vin-au-restaurant\\\/#primaryimage\",\"url\":\"https:\\\/\\\/leregardlibre.com\\\/wp-content\\\/uploads\\\/2019\\\/03\\\/AdobeStock_191884874-1.jpeg\",\"contentUrl\":\"https:\\\/\\\/leregardlibre.com\\\/wp-content\\\/uploads\\\/2019\\\/03\\\/AdobeStock_191884874-1.jpeg\",\"width\":7952,\"height\":5304,\"caption\":\"Group of Asian friends or coworkers cheering with beer, celebrating together at restaurant or night club. Young people toasting at party event after work. Success or friendship concept. Focus on glass\"},{\"@type\":\"BreadcrumbList\",\"@id\":\"https:\\\/\\\/leregardlibre.com\\\/gastronomie\\\/les-bieres-prennent-la-place-du-vin-au-restaurant\\\/#breadcrumb\",\"itemListElement\":[{\"@type\":\"ListItem\",\"position\":1,\"name\":\"Accueil\",\"item\":\"https:\\\/\\\/leregardlibre.com\\\/\"},{\"@type\":\"ListItem\",\"position\":2,\"name\":\"Les bi\u00e8res prennent la place du vin au restaurant!\"}]},{\"@type\":\"WebSite\",\"@id\":\"https:\\\/\\\/leregardlibre.com\\\/#website\",\"url\":\"https:\\\/\\\/leregardlibre.com\\\/\",\"name\":\"Le Regard Libre\",\"description\":\"Premier mensuel suisse de d\u00e9bat\",\"publisher\":{\"@id\":\"https:\\\/\\\/leregardlibre.com\\\/#organization\"},\"potentialAction\":[{\"@type\":\"SearchAction\",\"target\":{\"@type\":\"EntryPoint\",\"urlTemplate\":\"https:\\\/\\\/leregardlibre.com\\\/?s={search_term_string}\"},\"query-input\":{\"@type\":\"PropertyValueSpecification\",\"valueRequired\":true,\"valueName\":\"search_term_string\"}}],\"inLanguage\":\"de\"},{\"@type\":\"Organization\",\"@id\":\"https:\\\/\\\/leregardlibre.com\\\/#organization\",\"name\":\"Le Regard Libre\",\"url\":\"https:\\\/\\\/leregardlibre.com\\\/\",\"logo\":{\"@type\":\"ImageObject\",\"inLanguage\":\"de\",\"@id\":\"https:\\\/\\\/leregardlibre.com\\\/#\\\/schema\\\/logo\\\/image\\\/\",\"url\":\"https:\\\/\\\/leregardlibre.com\\\/wp-content\\\/uploads\\\/2025\\\/08\\\/logo-rl-icone-neg.jpeg\",\"contentUrl\":\"https:\\\/\\\/leregardlibre.com\\\/wp-content\\\/uploads\\\/2025\\\/08\\\/logo-rl-icone-neg.jpeg\",\"width\":557,\"height\":556,\"caption\":\"Le Regard Libre\"},\"image\":{\"@id\":\"https:\\\/\\\/leregardlibre.com\\\/#\\\/schema\\\/logo\\\/image\\\/\"},\"sameAs\":[\"https:\\\/\\\/www.facebook.com\\\/leregardlibre\\\/\",\"https:\\\/\\\/x.com\\\/LeRegardLibre\",\"https:\\\/\\\/www.linkedin.com\\\/company\\\/le-regard-libre\",\"https:\\\/\\\/www.instagram.com\\\/leregardlibre\\\/\",\"http:\\\/\\\/t.me\\\/leregardlibre\",\"https:\\\/\\\/youtube.com\\\/channel\\\/UC6HzGPomj1LsUmlz-sJtITQ\"],\"description\":\"Le Regard Libre est un mensuel suisse de d\u00e9bat intellectuel et culturel. Sa r\u00e9daction est jeune, b\u00e9n\u00e9vole, lib\u00e9rale et pluraliste. Le magazine para\u00eet en ligne et sous forme papier. Sa langue est le fran\u00e7ais.\",\"email\":\"redaction@leregardlibre.com\",\"legalName\":\"Le Regard Libre\",\"foundingDate\":\"2014-01-01\",\"numberOfEmployees\":{\"@type\":\"QuantitativeValue\",\"minValue\":\"11\",\"maxValue\":\"50\"},\"publishingPrinciples\":\"https:\\\/\\\/leregardlibre.com\\\/a-propos\\\/notre-manifeste\\\/\",\"ownershipFundingInfo\":\"https:\\\/\\\/leregardlibre.com\\\/mentions-legales\\\/\",\"actionableFeedbackPolicy\":\"https:\\\/\\\/leregardlibre.com\\\/conditions-generales-de-vente\\\/\"},{\"@type\":\"Person\",\"@id\":\"https:\\\/\\\/leregardlibre.com\\\/#\\\/schema\\\/person\\\/bfe5aa794a23be71485d60e2d93ec0d2\",\"name\":\"Jonas Follonier\",\"image\":{\"@type\":\"ImageObject\",\"inLanguage\":\"de\",\"@id\":\"https:\\\/\\\/secure.gravatar.com\\\/avatar\\\/602060b40f6a458420c2d140f49b6caea99152ce6704f2c332e5a0c5aad80303?s=96&d=identicon&r=g\",\"url\":\"https:\\\/\\\/secure.gravatar.com\\\/avatar\\\/602060b40f6a458420c2d140f49b6caea99152ce6704f2c332e5a0c5aad80303?s=96&d=identicon&r=g\",\"contentUrl\":\"https:\\\/\\\/secure.gravatar.com\\\/avatar\\\/602060b40f6a458420c2d140f49b6caea99152ce6704f2c332e5a0c5aad80303?s=96&d=identicon&r=g\",\"caption\":\"Jonas Follonier\"},\"description\":\"Correspondant au Palais f\u00e9d\u00e9ral pour \u00abL\u2019Agefi\u00bb, auteur-compositeur-interpr\u00e8te et essayiste, Jonas Follonier est le fondateur et r\u00e9dacteur en chef du \u00abRegard Libre\u00bb.\",\"sameAs\":[\"https:\\\/\\\/www.facebook.com\\\/jonas.follonier\\\/\",\"https:\\\/\\\/www.instagram.com\\\/jonasfollonier\\\/\",\"https:\\\/\\\/www.linkedin.com\\\/in\\\/jonasfollonier\\\/\",\"https:\\\/\\\/fr.wikipedia.org\\\/wiki\\\/Le_Regard_libre\"],\"url\":\"https:\\\/\\\/leregardlibre.com\\\/de\\\/author\\\/jonas-follonier\\\/\"}]}<\/script>\n<!-- \/ Yoast SEO Premium plugin. -->","yoast_head_json":{"title":"Biere ersetzen Wein im Restaurant","robots":{"index":"index","follow":"follow","max-snippet":"max-snippet:-1","max-image-preview":"max-image-preview:large","max-video-preview":"max-video-preview:-1"},"canonical":"https:\/\/leregardlibre.com\/de\/gastronomie\/biere-nehmen-den-platz-von-wein-im-restaurant-ein\/","og_locale":"de_DE","og_type":"article","og_title":"Les bi\u00e8res prennent la place du vin au restaurant!","og_description":"Les vendredis de la microbrasserie - Jonas Follonier De plus en plus de restaurants proposent un choix de bi\u00e8res int\u00e9ressant,...","og_url":"https:\/\/leregardlibre.com\/de\/gastronomie\/biere-nehmen-den-platz-von-wein-im-restaurant-ein\/","og_site_name":"Le Regard Libre","article_publisher":"https:\/\/www.facebook.com\/leregardlibre\/","article_author":"https:\/\/www.facebook.com\/jonas.follonier\/","article_published_time":"2019-03-01T17:57:33+00:00","article_modified_time":"2022-09-04T08:32:58+00:00","og_image":[{"width":1024,"height":683,"url":"https:\/\/leregardlibre.com\/wp-content\/uploads\/2019\/03\/AdobeStock_191884874-1-1024x683.jpeg","type":"image\/jpeg"}],"author":"Jonas Follonier","twitter_card":"summary_large_image","twitter_creator":"@LeRegardLibre","twitter_site":"@LeRegardLibre","twitter_misc":{"Verfasst von":"Jonas Follonier","Gesch\u00e4tzte Lesezeit":"2\u00a0Minuten"},"schema":{"@context":"https:\/\/schema.org","@graph":[{"@type":"Article","@id":"https:\/\/leregardlibre.com\/gastronomie\/les-bieres-prennent-la-place-du-vin-au-restaurant\/#article","isPartOf":{"@id":"https:\/\/leregardlibre.com\/gastronomie\/les-bieres-prennent-la-place-du-vin-au-restaurant\/"},"author":{"name":"Jonas Follonier","@id":"https:\/\/leregardlibre.com\/#\/schema\/person\/bfe5aa794a23be71485d60e2d93ec0d2"},"headline":"Les bi\u00e8res prennent la place du vin au restaurant!","datePublished":"2019-03-01T17:57:33+00:00","dateModified":"2022-09-04T08:32:58+00:00","mainEntityOfPage":{"@id":"https:\/\/leregardlibre.com\/gastronomie\/les-bieres-prennent-la-place-du-vin-au-restaurant\/"},"wordCount":489,"commentCount":0,"publisher":{"@id":"https:\/\/leregardlibre.com\/#organization"},"image":{"@id":"https:\/\/leregardlibre.com\/gastronomie\/les-bieres-prennent-la-place-du-vin-au-restaurant\/#primaryimage"},"thumbnailUrl":"https:\/\/leregardlibre.com\/wp-content\/uploads\/2019\/03\/AdobeStock_191884874-1.jpeg","keywords":["Bi\u00e8re","Bi\u00e8re artisanale","gaz","Vin"],"articleSection":["Gastronomie"],"inLanguage":"de","potentialAction":[{"@type":"CommentAction","name":"Comment","target":["https:\/\/leregardlibre.com\/gastronomie\/les-bieres-prennent-la-place-du-vin-au-restaurant\/#respond"]}]},{"@type":"WebPage","@id":"https:\/\/leregardlibre.com\/gastronomie\/les-bieres-prennent-la-place-du-vin-au-restaurant\/","url":"https:\/\/leregardlibre.com\/gastronomie\/les-bieres-prennent-la-place-du-vin-au-restaurant\/","name":"Biere ersetzen Wein im Restaurant","isPartOf":{"@id":"https:\/\/leregardlibre.com\/#website"},"primaryImageOfPage":{"@id":"https:\/\/leregardlibre.com\/gastronomie\/les-bieres-prennent-la-place-du-vin-au-restaurant\/#primaryimage"},"image":{"@id":"https:\/\/leregardlibre.com\/gastronomie\/les-bieres-prennent-la-place-du-vin-au-restaurant\/#primaryimage"},"thumbnailUrl":"https:\/\/leregardlibre.com\/wp-content\/uploads\/2019\/03\/AdobeStock_191884874-1.jpeg","datePublished":"2019-03-01T17:57:33+00:00","dateModified":"2022-09-04T08:32:58+00:00","breadcrumb":{"@id":"https:\/\/leregardlibre.com\/gastronomie\/les-bieres-prennent-la-place-du-vin-au-restaurant\/#breadcrumb"},"inLanguage":"de","potentialAction":[{"@type":"ReadAction","target":["https:\/\/leregardlibre.com\/gastronomie\/les-bieres-prennent-la-place-du-vin-au-restaurant\/"]}]},{"@type":"ImageObject","inLanguage":"de","@id":"https:\/\/leregardlibre.com\/gastronomie\/les-bieres-prennent-la-place-du-vin-au-restaurant\/#primaryimage","url":"https:\/\/leregardlibre.com\/wp-content\/uploads\/2019\/03\/AdobeStock_191884874-1.jpeg","contentUrl":"https:\/\/leregardlibre.com\/wp-content\/uploads\/2019\/03\/AdobeStock_191884874-1.jpeg","width":7952,"height":5304,"caption":"Group of Asian friends or coworkers cheering with beer, celebrating together at restaurant or night club. Young people toasting at party event after work. Success or friendship concept. Focus on glass"},{"@type":"BreadcrumbList","@id":"https:\/\/leregardlibre.com\/gastronomie\/les-bieres-prennent-la-place-du-vin-au-restaurant\/#breadcrumb","itemListElement":[{"@type":"ListItem","position":1,"name":"Accueil","item":"https:\/\/leregardlibre.com\/"},{"@type":"ListItem","position":2,"name":"Les bi\u00e8res prennent la place du vin au restaurant!"}]},{"@type":"WebSite","@id":"https:\/\/leregardlibre.com\/#website","url":"https:\/\/leregardlibre.com\/","name":"Le Regard Libre","description":"Erste Schweizer Monatszeitschrift f\u00fcr Debatten","publisher":{"@id":"https:\/\/leregardlibre.com\/#organization"},"potentialAction":[{"@type":"SearchAction","target":{"@type":"EntryPoint","urlTemplate":"https:\/\/leregardlibre.com\/?s={search_term_string}"},"query-input":{"@type":"PropertyValueSpecification","valueRequired":true,"valueName":"search_term_string"}}],"inLanguage":"de"},{"@type":"Organization","@id":"https:\/\/leregardlibre.com\/#organization","name":"Le Regard Libre","url":"https:\/\/leregardlibre.com\/","logo":{"@type":"ImageObject","inLanguage":"de","@id":"https:\/\/leregardlibre.com\/#\/schema\/logo\/image\/","url":"https:\/\/leregardlibre.com\/wp-content\/uploads\/2025\/08\/logo-rl-icone-neg.jpeg","contentUrl":"https:\/\/leregardlibre.com\/wp-content\/uploads\/2025\/08\/logo-rl-icone-neg.jpeg","width":557,"height":556,"caption":"Le Regard Libre"},"image":{"@id":"https:\/\/leregardlibre.com\/#\/schema\/logo\/image\/"},"sameAs":["https:\/\/www.facebook.com\/leregardlibre\/","https:\/\/x.com\/LeRegardLibre","https:\/\/www.linkedin.com\/company\/le-regard-libre","https:\/\/www.instagram.com\/leregardlibre\/","http:\/\/t.me\/leregardlibre","https:\/\/youtube.com\/channel\/UC6HzGPomj1LsUmlz-sJtITQ"],"description":"Le Regard Libre ist eine Schweizer Monatszeitschrift f\u00fcr intellektuelle und kulturelle Debatten. Seine Redaktion ist jung, ehrenamtlich, liberal und pluralistisch. Das Magazin erscheint online und in gedruckter Form. Seine Sprache ist Franz\u00f6sisch.","email":"redaction@leregardlibre.com","legalName":"Le Regard Libre","foundingDate":"2014-01-01","numberOfEmployees":{"@type":"QuantitativeValue","minValue":"11","maxValue":"50"},"publishingPrinciples":"https:\/\/leregardlibre.com\/a-propos\/notre-manifeste\/","ownershipFundingInfo":"https:\/\/leregardlibre.com\/mentions-legales\/","actionableFeedbackPolicy":"https:\/\/leregardlibre.com\/conditions-generales-de-vente\/"},{"@type":"Person","@id":"https:\/\/leregardlibre.com\/#\/schema\/person\/bfe5aa794a23be71485d60e2d93ec0d2","name":"Jonas Follonier","image":{"@type":"ImageObject","inLanguage":"de","@id":"https:\/\/secure.gravatar.com\/avatar\/602060b40f6a458420c2d140f49b6caea99152ce6704f2c332e5a0c5aad80303?s=96&d=identicon&r=g","url":"https:\/\/secure.gravatar.com\/avatar\/602060b40f6a458420c2d140f49b6caea99152ce6704f2c332e5a0c5aad80303?s=96&d=identicon&r=g","contentUrl":"https:\/\/secure.gravatar.com\/avatar\/602060b40f6a458420c2d140f49b6caea99152ce6704f2c332e5a0c5aad80303?s=96&d=identicon&r=g","caption":"Jonas Follonier"},"description":"Bundeshauskorrespondent f\u00fcr \u00abL'Agefi\u00bb, Singer-Songwriter, Jonas Follonier ist Gr\u00fcnder und Chefredakteur von \u00abRegard Libre\u00bb.","sameAs":["https:\/\/www.facebook.com\/jonas.follonier\/","https:\/\/www.instagram.com\/jonasfollonier\/","https:\/\/www.linkedin.com\/in\/jonasfollonier\/","https:\/\/fr.wikipedia.org\/wiki\/Le_Regard_libre"],"url":"https:\/\/leregardlibre.com\/de\/author\/jonas-follonier\/"}]}},"_links":{"self":[{"href":"https:\/\/leregardlibre.com\/de\/wp-json\/wp\/v2\/posts\/19711","targetHints":{"allow":["GET"]}}],"collection":[{"href":"https:\/\/leregardlibre.com\/de\/wp-json\/wp\/v2\/posts"}],"about":[{"href":"https:\/\/leregardlibre.com\/de\/wp-json\/wp\/v2\/types\/post"}],"author":[{"embeddable":true,"href":"https:\/\/leregardlibre.com\/de\/wp-json\/wp\/v2\/users\/138"}],"replies":[{"embeddable":true,"href":"https:\/\/leregardlibre.com\/de\/wp-json\/wp\/v2\/comments?post=19711"}],"version-history":[{"count":1,"href":"https:\/\/leregardlibre.com\/de\/wp-json\/wp\/v2\/posts\/19711\/revisions"}],"predecessor-version":[{"id":510376,"href":"https:\/\/leregardlibre.com\/de\/wp-json\/wp\/v2\/posts\/19711\/revisions\/510376"}],"wp:featuredmedia":[{"embeddable":true,"href":"https:\/\/leregardlibre.com\/de\/wp-json\/wp\/v2\/media\/510377"}],"wp:attachment":[{"href":"https:\/\/leregardlibre.com\/de\/wp-json\/wp\/v2\/media?parent=19711"}],"wp:term":[{"taxonomy":"category","embeddable":true,"href":"https:\/\/leregardlibre.com\/de\/wp-json\/wp\/v2\/categories?post=19711"},{"taxonomy":"post_tag","embeddable":true,"href":"https:\/\/leregardlibre.com\/de\/wp-json\/wp\/v2\/tags?post=19711"}],"curies":[{"name":"wp","href":"https:\/\/api.w.org\/{rel}","templated":true}]}}