{"id":19997,"date":"2019-03-22T20:00:48","date_gmt":"2019-03-22T19:00:48","guid":{"rendered":"https:\/\/leregardlibre.com\/?p=19997"},"modified":"2026-02-08T21:27:24","modified_gmt":"2026-02-08T20:27:24","slug":"aare-bier-quand-la-baviere-sinvite-en-terres-bernoises","status":"publish","type":"post","link":"https:\/\/leregardlibre.com\/de\/gastronomie\/aare-bier-quand-la-baviere-sinvite-en-terres-bernoises\/","title":{"rendered":"Aare Bier: Bayern auf Berner Boden"},"content":{"rendered":"<p><em>Die Freitage der Mikrobrauerei - Max Moeschler<\/em><\/p>\n\n\n\n<p class=\"has-drop-cap\"><strong>Wie im Rest des Landes gibt es auch in der Schweizer Hauptstadt und ihrer Umgebung eine gro\u00dfe Auswahl an handwerklich gebrauten Bieren. Heute besuchen wir die Brauerei Aare Bier, eine der Speerspitzen der Berner Braukunst.\u00a0<\/strong><\/p>\n\n\n\n<p>Die 2006 in Bargen im Berner Seeland an der Aare gegr\u00fcndete Brauerei Aare Bier hat in den letzten Jahren einen besonders durchschlagenden Erfolg erzielt und ist zu einer regionalen Referenz geworden. Man findet sie in den meisten Gesch\u00e4ften der Region und bei zahlreichen Veranstaltungen. Nachdem sie in den letzten Jahren eher auf die regionalen Grenzen beschr\u00e4nkt war, beginnt sie nun auch, sich mit beachtlichem Erfolg in andere Kantone zu exportieren.<\/p>\n\n\n\n<p>Einer der Gr\u00fcnde f\u00fcr diesen Erfolg ist zweifellos die sorgf\u00e4ltige Auswahl der Zutaten: Das Wasser stammt aus den reinen Quellen der Bargenschanze, und Hopfen und Hefe werden sorgf\u00e4ltig aus deutschen und schweizerischen Sorten ausgew\u00e4hlt. Die uralte Tradition des deutschen Brauens ist auch ein zentraler Bestandteil der Philosophie der Brauerei, und alle Biere werden nach der \"Deutschen Brauordnung\" gebraut. <em>Reinheitsgebot<\/em> von 1516, ein Edikt \u00fcber die Reinheit des Bieres, das in der Braubranche auf der anderen Seite des Rheins noch immer als Gesetz gilt.<\/p>\n\n\n\n<p>Die von der Brauerei Aare Bier hergestellten Biere sind also ausgesprochen germanisch gepr\u00e4gt, angefangen mit dem <em>Kellerfrisch<\/em>, ein helles, unfiltriertes Bier. Sein lebhafter Geschmack mit feinen, ausgearbeiteten Aromen macht es sehr zug\u00e4nglich und leicht zu trinken, und sein ausgepr\u00e4gter Charakter macht es zu einer g\u00fcnstigen Alternative zu den meisten <em>lagers<\/em>.<\/p>\n\n\n\n<p>Die <em>Weizen<\/em>, Das mehrfach preisgekr\u00f6nte Wei\u00dfbier steht ganz in der deutschen Tradition mit Spuren von Zitrusfr\u00fcchten und einer \u00fcppigen Schaumkrone. Die Verwendung verschiedener karamellisierter Weizenmalze, ausgew\u00e4hlter Gerstenmalze und fein dosierter Hopfen verfeinert das Ganze, so dass es sich nicht hinter den Standards des Genres verstecken muss.<\/p>\n\n\n\n<p>N\u00fcchtern getauft <em>Amber<\/em>, Das bernsteinfarbene Bier der Brauerei zeichnet sich durch die Verwendung von vier verschiedenen Malzsorten und drei verschiedenen Aromahopfen aus, was ihm eine wundersch\u00f6ne kupferfarbene Farbe und einen komplexen Geschmack mit einem karamelligen Abgang verleiht.<\/p>\n\n\n\n<p>Die Brauerei Aare Bier liegt geografisch nahe an der Romandie und beweist einmal mehr, wie durchl\u00e4ssig der R\u00f6stigraben ist, zumindest wenn es um Bier geht. <em>Prost!<\/em><\/p>\n\n\n\n<p><em>Schreiben Sie dem Autor: <a href=\"\/de\/max.moeschler@leregardlibre.com\/\">max.moeschler@leregardlibre.com<\/a><br><\/em><\/p>\n\n\n\n<p>Bildnachweis: \u00a9\ufe0f Aare Bier<\/p>","protected":false},"excerpt":{"rendered":"<p>Les vendredis de la microbrasserie \u2013 Max Moeschler A l\u2019image du reste du pays, la capitale helv\u00e9tique et ses alentours&#8230;<\/p>","protected":false},"author":100,"featured_media":19999,"comment_status":"open","ping_status":"open","sticky":false,"template":"","format":"standard","meta":{"_acf_changed":false,"footnotes":""},"categories":[42546],"tags":[241857,644358370,3079770,2821424,644338951,644341408,644341411],"class_list":["post-19997","post","type-post","status-publish","format-standard","has-post-thumbnail","hentry","category-gastronomie","tag-biere","tag-biere-ambree","tag-biere-artisanale","tag-brasserie-artisanale","tag-gastronomie","tag-seeland","tag-weizen"],"acf":[],"yoast_head":"<!-- This site is optimized with the Yoast SEO Premium plugin v27.4 (Yoast SEO v27.4) - https:\/\/yoast.com\/product\/yoast-seo-premium-wordpress\/ -->\n<title>Aare Bier: quand la Bavi\u00e8re s\u2019invite en terres bernoises<\/title>\n<meta name=\"robots\" content=\"index, follow, max-snippet:-1, max-image-preview:large, max-video-preview:-1\" \/>\n<link rel=\"canonical\" href=\"https:\/\/leregardlibre.com\/de\/gastronomie\/aare-bier-quand-la-baviere-sinvite-en-terres-bernoises\/\" \/>\n<meta property=\"og:locale\" content=\"de_DE\" \/>\n<meta property=\"og:type\" content=\"article\" \/>\n<meta property=\"og:title\" content=\"Aare Bier: quand la Bavi\u00e8re s\u2019invite en terres bernoises\" \/>\n<meta property=\"og:description\" content=\"Les vendredis de la microbrasserie \u2013 Max Moeschler A l\u2019image du reste du pays, la capitale helv\u00e9tique et ses alentours...\" \/>\n<meta property=\"og:url\" content=\"https:\/\/leregardlibre.com\/de\/gastronomie\/aare-bier-quand-la-baviere-sinvite-en-terres-bernoises\/\" \/>\n<meta property=\"og:site_name\" content=\"Le Regard Libre\" \/>\n<meta property=\"article:publisher\" content=\"https:\/\/www.facebook.com\/leregardlibre\/\" \/>\n<meta property=\"article:published_time\" content=\"2019-03-22T19:00:48+00:00\" \/>\n<meta property=\"article:modified_time\" content=\"2026-02-08T20:27:24+00:00\" \/>\n<meta property=\"og:image\" content=\"https:\/\/leregardlibre.com\/wp-content\/uploads\/2019\/03\/aarebier_003.jpg\" \/>\n\t<meta property=\"og:image:width\" content=\"624\" \/>\n\t<meta property=\"og:image:height\" content=\"333\" \/>\n\t<meta property=\"og:image:type\" content=\"image\/jpeg\" \/>\n<meta name=\"author\" content=\"Max Moeschler\" \/>\n<meta name=\"twitter:card\" content=\"summary_large_image\" \/>\n<meta name=\"twitter:creator\" content=\"@LeRegardLibre\" \/>\n<meta name=\"twitter:site\" content=\"@LeRegardLibre\" \/>\n<meta name=\"twitter:label1\" content=\"Verfasst von\" \/>\n\t<meta name=\"twitter:data1\" content=\"Max Moeschler\" \/>\n\t<meta name=\"twitter:label2\" content=\"Gesch\u00e4tzte Lesezeit\" \/>\n\t<meta name=\"twitter:data2\" content=\"2\u00a0Minuten\" \/>\n<script type=\"application\/ld+json\" class=\"yoast-schema-graph\">{\"@context\":\"https:\\\/\\\/schema.org\",\"@graph\":[{\"@type\":\"Article\",\"@id\":\"https:\\\/\\\/leregardlibre.com\\\/gastronomie\\\/aare-bier-quand-la-baviere-sinvite-en-terres-bernoises\\\/#article\",\"isPartOf\":{\"@id\":\"https:\\\/\\\/leregardlibre.com\\\/gastronomie\\\/aare-bier-quand-la-baviere-sinvite-en-terres-bernoises\\\/\"},\"author\":{\"name\":\"Max Moeschler\",\"@id\":\"https:\\\/\\\/leregardlibre.com\\\/#\\\/schema\\\/person\\\/439e8d2dc64266e912da6f674b0b2c4b\"},\"headline\":\"Aare Bier: quand la Bavi\u00e8re s\u2019invite en terres bernoises\",\"datePublished\":\"2019-03-22T19:00:48+00:00\",\"dateModified\":\"2026-02-08T20:27:24+00:00\",\"mainEntityOfPage\":{\"@id\":\"https:\\\/\\\/leregardlibre.com\\\/gastronomie\\\/aare-bier-quand-la-baviere-sinvite-en-terres-bernoises\\\/\"},\"wordCount\":476,\"commentCount\":0,\"publisher\":{\"@id\":\"https:\\\/\\\/leregardlibre.com\\\/#organization\"},\"image\":{\"@id\":\"https:\\\/\\\/leregardlibre.com\\\/gastronomie\\\/aare-bier-quand-la-baviere-sinvite-en-terres-bernoises\\\/#primaryimage\"},\"thumbnailUrl\":\"https:\\\/\\\/leregardlibre.com\\\/wp-content\\\/uploads\\\/2019\\\/03\\\/aarebier_003.jpg\",\"keywords\":[\"Bi\u00e8re\",\"Bi\u00e8re ambr\u00e9e\",\"Bi\u00e8re artisanale\",\"Brasseries artisanales\",\"Gastronomie\",\"seeland\",\"weizen\"],\"articleSection\":[\"Gastronomie\"],\"inLanguage\":\"de\",\"potentialAction\":[{\"@type\":\"CommentAction\",\"name\":\"Comment\",\"target\":[\"https:\\\/\\\/leregardlibre.com\\\/gastronomie\\\/aare-bier-quand-la-baviere-sinvite-en-terres-bernoises\\\/#respond\"]}]},{\"@type\":\"WebPage\",\"@id\":\"https:\\\/\\\/leregardlibre.com\\\/gastronomie\\\/aare-bier-quand-la-baviere-sinvite-en-terres-bernoises\\\/\",\"url\":\"https:\\\/\\\/leregardlibre.com\\\/gastronomie\\\/aare-bier-quand-la-baviere-sinvite-en-terres-bernoises\\\/\",\"name\":\"Aare Bier: quand la Bavi\u00e8re s\u2019invite en terres bernoises\",\"isPartOf\":{\"@id\":\"https:\\\/\\\/leregardlibre.com\\\/#website\"},\"primaryImageOfPage\":{\"@id\":\"https:\\\/\\\/leregardlibre.com\\\/gastronomie\\\/aare-bier-quand-la-baviere-sinvite-en-terres-bernoises\\\/#primaryimage\"},\"image\":{\"@id\":\"https:\\\/\\\/leregardlibre.com\\\/gastronomie\\\/aare-bier-quand-la-baviere-sinvite-en-terres-bernoises\\\/#primaryimage\"},\"thumbnailUrl\":\"https:\\\/\\\/leregardlibre.com\\\/wp-content\\\/uploads\\\/2019\\\/03\\\/aarebier_003.jpg\",\"datePublished\":\"2019-03-22T19:00:48+00:00\",\"dateModified\":\"2026-02-08T20:27:24+00:00\",\"breadcrumb\":{\"@id\":\"https:\\\/\\\/leregardlibre.com\\\/gastronomie\\\/aare-bier-quand-la-baviere-sinvite-en-terres-bernoises\\\/#breadcrumb\"},\"inLanguage\":\"de\",\"potentialAction\":[{\"@type\":\"ReadAction\",\"target\":[\"https:\\\/\\\/leregardlibre.com\\\/gastronomie\\\/aare-bier-quand-la-baviere-sinvite-en-terres-bernoises\\\/\"]}]},{\"@type\":\"ImageObject\",\"inLanguage\":\"de\",\"@id\":\"https:\\\/\\\/leregardlibre.com\\\/gastronomie\\\/aare-bier-quand-la-baviere-sinvite-en-terres-bernoises\\\/#primaryimage\",\"url\":\"https:\\\/\\\/leregardlibre.com\\\/wp-content\\\/uploads\\\/2019\\\/03\\\/aarebier_003.jpg\",\"contentUrl\":\"https:\\\/\\\/leregardlibre.com\\\/wp-content\\\/uploads\\\/2019\\\/03\\\/aarebier_003.jpg\",\"width\":624,\"height\":333},{\"@type\":\"BreadcrumbList\",\"@id\":\"https:\\\/\\\/leregardlibre.com\\\/gastronomie\\\/aare-bier-quand-la-baviere-sinvite-en-terres-bernoises\\\/#breadcrumb\",\"itemListElement\":[{\"@type\":\"ListItem\",\"position\":1,\"name\":\"Accueil\",\"item\":\"https:\\\/\\\/leregardlibre.com\\\/\"},{\"@type\":\"ListItem\",\"position\":2,\"name\":\"Aare Bier: quand la Bavi\u00e8re s\u2019invite en terres bernoises\"}]},{\"@type\":\"WebSite\",\"@id\":\"https:\\\/\\\/leregardlibre.com\\\/#website\",\"url\":\"https:\\\/\\\/leregardlibre.com\\\/\",\"name\":\"Le Regard Libre\",\"description\":\"Premier mensuel suisse de d\u00e9bat\",\"publisher\":{\"@id\":\"https:\\\/\\\/leregardlibre.com\\\/#organization\"},\"potentialAction\":[{\"@type\":\"SearchAction\",\"target\":{\"@type\":\"EntryPoint\",\"urlTemplate\":\"https:\\\/\\\/leregardlibre.com\\\/?s={search_term_string}\"},\"query-input\":{\"@type\":\"PropertyValueSpecification\",\"valueRequired\":true,\"valueName\":\"search_term_string\"}}],\"inLanguage\":\"de\"},{\"@type\":\"Organization\",\"@id\":\"https:\\\/\\\/leregardlibre.com\\\/#organization\",\"name\":\"Le Regard Libre\",\"url\":\"https:\\\/\\\/leregardlibre.com\\\/\",\"logo\":{\"@type\":\"ImageObject\",\"inLanguage\":\"de\",\"@id\":\"https:\\\/\\\/leregardlibre.com\\\/#\\\/schema\\\/logo\\\/image\\\/\",\"url\":\"https:\\\/\\\/leregardlibre.com\\\/wp-content\\\/uploads\\\/2025\\\/08\\\/logo-rl-icone-neg.jpeg\",\"contentUrl\":\"https:\\\/\\\/leregardlibre.com\\\/wp-content\\\/uploads\\\/2025\\\/08\\\/logo-rl-icone-neg.jpeg\",\"width\":557,\"height\":556,\"caption\":\"Le Regard Libre\"},\"image\":{\"@id\":\"https:\\\/\\\/leregardlibre.com\\\/#\\\/schema\\\/logo\\\/image\\\/\"},\"sameAs\":[\"https:\\\/\\\/www.facebook.com\\\/leregardlibre\\\/\",\"https:\\\/\\\/x.com\\\/LeRegardLibre\",\"https:\\\/\\\/www.linkedin.com\\\/company\\\/le-regard-libre\",\"https:\\\/\\\/www.instagram.com\\\/leregardlibre\\\/\",\"http:\\\/\\\/t.me\\\/leregardlibre\",\"https:\\\/\\\/youtube.com\\\/channel\\\/UC6HzGPomj1LsUmlz-sJtITQ\"],\"description\":\"Le Regard Libre est un mensuel suisse de d\u00e9bat intellectuel et culturel. Sa r\u00e9daction est jeune, b\u00e9n\u00e9vole, lib\u00e9rale et pluraliste. Le magazine para\u00eet en ligne et sous forme papier. Sa langue est le fran\u00e7ais.\",\"email\":\"redaction@leregardlibre.com\",\"legalName\":\"Le Regard Libre\",\"foundingDate\":\"2014-01-01\",\"numberOfEmployees\":{\"@type\":\"QuantitativeValue\",\"minValue\":\"11\",\"maxValue\":\"50\"},\"publishingPrinciples\":\"https:\\\/\\\/leregardlibre.com\\\/a-propos\\\/notre-manifeste\\\/\",\"ownershipFundingInfo\":\"https:\\\/\\\/leregardlibre.com\\\/mentions-legales\\\/\",\"actionableFeedbackPolicy\":\"https:\\\/\\\/leregardlibre.com\\\/conditions-generales-de-vente\\\/\"},{\"@type\":\"Person\",\"@id\":\"https:\\\/\\\/leregardlibre.com\\\/#\\\/schema\\\/person\\\/439e8d2dc64266e912da6f674b0b2c4b\",\"name\":\"Max Moeschler\",\"image\":{\"@type\":\"ImageObject\",\"inLanguage\":\"de\",\"@id\":\"https:\\\/\\\/secure.gravatar.com\\\/avatar\\\/a68b78ce98e86136d3956bc6f17e4879a7897c9744bef17da17a56ef38a02555?s=96&d=identicon&r=g\",\"url\":\"https:\\\/\\\/secure.gravatar.com\\\/avatar\\\/a68b78ce98e86136d3956bc6f17e4879a7897c9744bef17da17a56ef38a02555?s=96&d=identicon&r=g\",\"contentUrl\":\"https:\\\/\\\/secure.gravatar.com\\\/avatar\\\/a68b78ce98e86136d3956bc6f17e4879a7897c9744bef17da17a56ef38a02555?s=96&d=identicon&r=g\",\"caption\":\"Max Moeschler\"},\"sameAs\":[\"https:\\\/\\\/leregardlibre.com\\\/\",\"https:\\\/\\\/fr.wikipedia.org\\\/wiki\\\/Le_Regard_libre\"],\"url\":\"https:\\\/\\\/leregardlibre.com\\\/de\\\/author\\\/max-moeschler\\\/\"}]}<\/script>\n<!-- \/ Yoast SEO Premium plugin. -->","yoast_head_json":{"title":"Aare Bier: Bayern auf Berner Boden","robots":{"index":"index","follow":"follow","max-snippet":"max-snippet:-1","max-image-preview":"max-image-preview:large","max-video-preview":"max-video-preview:-1"},"canonical":"https:\/\/leregardlibre.com\/de\/gastronomie\/aare-bier-quand-la-baviere-sinvite-en-terres-bernoises\/","og_locale":"de_DE","og_type":"article","og_title":"Aare Bier: quand la Bavi\u00e8re s\u2019invite en terres bernoises","og_description":"Les vendredis de la microbrasserie \u2013 Max Moeschler A l\u2019image du reste du pays, la capitale helv\u00e9tique et ses alentours...","og_url":"https:\/\/leregardlibre.com\/de\/gastronomie\/aare-bier-quand-la-baviere-sinvite-en-terres-bernoises\/","og_site_name":"Le Regard Libre","article_publisher":"https:\/\/www.facebook.com\/leregardlibre\/","article_published_time":"2019-03-22T19:00:48+00:00","article_modified_time":"2026-02-08T20:27:24+00:00","og_image":[{"width":624,"height":333,"url":"https:\/\/leregardlibre.com\/wp-content\/uploads\/2019\/03\/aarebier_003.jpg","type":"image\/jpeg"}],"author":"Max Moeschler","twitter_card":"summary_large_image","twitter_creator":"@LeRegardLibre","twitter_site":"@LeRegardLibre","twitter_misc":{"Verfasst von":"Max Moeschler","Gesch\u00e4tzte Lesezeit":"2\u00a0Minuten"},"schema":{"@context":"https:\/\/schema.org","@graph":[{"@type":"Article","@id":"https:\/\/leregardlibre.com\/gastronomie\/aare-bier-quand-la-baviere-sinvite-en-terres-bernoises\/#article","isPartOf":{"@id":"https:\/\/leregardlibre.com\/gastronomie\/aare-bier-quand-la-baviere-sinvite-en-terres-bernoises\/"},"author":{"name":"Max Moeschler","@id":"https:\/\/leregardlibre.com\/#\/schema\/person\/439e8d2dc64266e912da6f674b0b2c4b"},"headline":"Aare Bier: quand la Bavi\u00e8re s\u2019invite en terres bernoises","datePublished":"2019-03-22T19:00:48+00:00","dateModified":"2026-02-08T20:27:24+00:00","mainEntityOfPage":{"@id":"https:\/\/leregardlibre.com\/gastronomie\/aare-bier-quand-la-baviere-sinvite-en-terres-bernoises\/"},"wordCount":476,"commentCount":0,"publisher":{"@id":"https:\/\/leregardlibre.com\/#organization"},"image":{"@id":"https:\/\/leregardlibre.com\/gastronomie\/aare-bier-quand-la-baviere-sinvite-en-terres-bernoises\/#primaryimage"},"thumbnailUrl":"https:\/\/leregardlibre.com\/wp-content\/uploads\/2019\/03\/aarebier_003.jpg","keywords":["Bi\u00e8re","Bi\u00e8re ambr\u00e9e","Bi\u00e8re artisanale","Brasseries artisanales","Gastronomie","seeland","weizen"],"articleSection":["Gastronomie"],"inLanguage":"de","potentialAction":[{"@type":"CommentAction","name":"Comment","target":["https:\/\/leregardlibre.com\/gastronomie\/aare-bier-quand-la-baviere-sinvite-en-terres-bernoises\/#respond"]}]},{"@type":"WebPage","@id":"https:\/\/leregardlibre.com\/gastronomie\/aare-bier-quand-la-baviere-sinvite-en-terres-bernoises\/","url":"https:\/\/leregardlibre.com\/gastronomie\/aare-bier-quand-la-baviere-sinvite-en-terres-bernoises\/","name":"Aare Bier: Bayern auf Berner Boden","isPartOf":{"@id":"https:\/\/leregardlibre.com\/#website"},"primaryImageOfPage":{"@id":"https:\/\/leregardlibre.com\/gastronomie\/aare-bier-quand-la-baviere-sinvite-en-terres-bernoises\/#primaryimage"},"image":{"@id":"https:\/\/leregardlibre.com\/gastronomie\/aare-bier-quand-la-baviere-sinvite-en-terres-bernoises\/#primaryimage"},"thumbnailUrl":"https:\/\/leregardlibre.com\/wp-content\/uploads\/2019\/03\/aarebier_003.jpg","datePublished":"2019-03-22T19:00:48+00:00","dateModified":"2026-02-08T20:27:24+00:00","breadcrumb":{"@id":"https:\/\/leregardlibre.com\/gastronomie\/aare-bier-quand-la-baviere-sinvite-en-terres-bernoises\/#breadcrumb"},"inLanguage":"de","potentialAction":[{"@type":"ReadAction","target":["https:\/\/leregardlibre.com\/gastronomie\/aare-bier-quand-la-baviere-sinvite-en-terres-bernoises\/"]}]},{"@type":"ImageObject","inLanguage":"de","@id":"https:\/\/leregardlibre.com\/gastronomie\/aare-bier-quand-la-baviere-sinvite-en-terres-bernoises\/#primaryimage","url":"https:\/\/leregardlibre.com\/wp-content\/uploads\/2019\/03\/aarebier_003.jpg","contentUrl":"https:\/\/leregardlibre.com\/wp-content\/uploads\/2019\/03\/aarebier_003.jpg","width":624,"height":333},{"@type":"BreadcrumbList","@id":"https:\/\/leregardlibre.com\/gastronomie\/aare-bier-quand-la-baviere-sinvite-en-terres-bernoises\/#breadcrumb","itemListElement":[{"@type":"ListItem","position":1,"name":"Accueil","item":"https:\/\/leregardlibre.com\/"},{"@type":"ListItem","position":2,"name":"Aare Bier: quand la Bavi\u00e8re s\u2019invite en terres bernoises"}]},{"@type":"WebSite","@id":"https:\/\/leregardlibre.com\/#website","url":"https:\/\/leregardlibre.com\/","name":"Le Regard Libre","description":"Erste Schweizer Monatszeitschrift f\u00fcr Debatten","publisher":{"@id":"https:\/\/leregardlibre.com\/#organization"},"potentialAction":[{"@type":"SearchAction","target":{"@type":"EntryPoint","urlTemplate":"https:\/\/leregardlibre.com\/?s={search_term_string}"},"query-input":{"@type":"PropertyValueSpecification","valueRequired":true,"valueName":"search_term_string"}}],"inLanguage":"de"},{"@type":"Organization","@id":"https:\/\/leregardlibre.com\/#organization","name":"Le Regard Libre","url":"https:\/\/leregardlibre.com\/","logo":{"@type":"ImageObject","inLanguage":"de","@id":"https:\/\/leregardlibre.com\/#\/schema\/logo\/image\/","url":"https:\/\/leregardlibre.com\/wp-content\/uploads\/2025\/08\/logo-rl-icone-neg.jpeg","contentUrl":"https:\/\/leregardlibre.com\/wp-content\/uploads\/2025\/08\/logo-rl-icone-neg.jpeg","width":557,"height":556,"caption":"Le Regard Libre"},"image":{"@id":"https:\/\/leregardlibre.com\/#\/schema\/logo\/image\/"},"sameAs":["https:\/\/www.facebook.com\/leregardlibre\/","https:\/\/x.com\/LeRegardLibre","https:\/\/www.linkedin.com\/company\/le-regard-libre","https:\/\/www.instagram.com\/leregardlibre\/","http:\/\/t.me\/leregardlibre","https:\/\/youtube.com\/channel\/UC6HzGPomj1LsUmlz-sJtITQ"],"description":"Le Regard Libre ist eine Schweizer Monatszeitschrift f\u00fcr intellektuelle und kulturelle Debatten. Seine Redaktion ist jung, ehrenamtlich, liberal und pluralistisch. Das Magazin erscheint online und in gedruckter Form. Seine Sprache ist Franz\u00f6sisch.","email":"redaction@leregardlibre.com","legalName":"Le Regard Libre","foundingDate":"2014-01-01","numberOfEmployees":{"@type":"QuantitativeValue","minValue":"11","maxValue":"50"},"publishingPrinciples":"https:\/\/leregardlibre.com\/a-propos\/notre-manifeste\/","ownershipFundingInfo":"https:\/\/leregardlibre.com\/mentions-legales\/","actionableFeedbackPolicy":"https:\/\/leregardlibre.com\/conditions-generales-de-vente\/"},{"@type":"Person","@id":"https:\/\/leregardlibre.com\/#\/schema\/person\/439e8d2dc64266e912da6f674b0b2c4b","name":"Max Moeschler","image":{"@type":"ImageObject","inLanguage":"de","@id":"https:\/\/secure.gravatar.com\/avatar\/a68b78ce98e86136d3956bc6f17e4879a7897c9744bef17da17a56ef38a02555?s=96&d=identicon&r=g","url":"https:\/\/secure.gravatar.com\/avatar\/a68b78ce98e86136d3956bc6f17e4879a7897c9744bef17da17a56ef38a02555?s=96&d=identicon&r=g","contentUrl":"https:\/\/secure.gravatar.com\/avatar\/a68b78ce98e86136d3956bc6f17e4879a7897c9744bef17da17a56ef38a02555?s=96&d=identicon&r=g","caption":"Max Moeschler"},"sameAs":["https:\/\/leregardlibre.com\/","https:\/\/fr.wikipedia.org\/wiki\/Le_Regard_libre"],"url":"https:\/\/leregardlibre.com\/de\/author\/max-moeschler\/"}]}},"_links":{"self":[{"href":"https:\/\/leregardlibre.com\/de\/wp-json\/wp\/v2\/posts\/19997","targetHints":{"allow":["GET"]}}],"collection":[{"href":"https:\/\/leregardlibre.com\/de\/wp-json\/wp\/v2\/posts"}],"about":[{"href":"https:\/\/leregardlibre.com\/de\/wp-json\/wp\/v2\/types\/post"}],"author":[{"embeddable":true,"href":"https:\/\/leregardlibre.com\/de\/wp-json\/wp\/v2\/users\/100"}],"replies":[{"embeddable":true,"href":"https:\/\/leregardlibre.com\/de\/wp-json\/wp\/v2\/comments?post=19997"}],"version-history":[{"count":1,"href":"https:\/\/leregardlibre.com\/de\/wp-json\/wp\/v2\/posts\/19997\/revisions"}],"predecessor-version":[{"id":510413,"href":"https:\/\/leregardlibre.com\/de\/wp-json\/wp\/v2\/posts\/19997\/revisions\/510413"}],"wp:featuredmedia":[{"embeddable":true,"href":"https:\/\/leregardlibre.com\/de\/wp-json\/wp\/v2\/media\/19999"}],"wp:attachment":[{"href":"https:\/\/leregardlibre.com\/de\/wp-json\/wp\/v2\/media?parent=19997"}],"wp:term":[{"taxonomy":"category","embeddable":true,"href":"https:\/\/leregardlibre.com\/de\/wp-json\/wp\/v2\/categories?post=19997"},{"taxonomy":"post_tag","embeddable":true,"href":"https:\/\/leregardlibre.com\/de\/wp-json\/wp\/v2\/tags?post=19997"}],"curies":[{"name":"wp","href":"https:\/\/api.w.org\/{rel}","templated":true}]}}