{"id":20014,"date":"2019-03-25T20:00:20","date_gmt":"2019-03-25T19:00:20","guid":{"rendered":"https:\/\/leregardlibre.com\/?p=20014"},"modified":"2025-12-13T22:45:11","modified_gmt":"2025-12-13T21:45:11","slug":"du-changement-climatique-au-changement-politique","status":"publish","type":"post","link":"https:\/\/leregardlibre.com\/de\/politik\/schweiz\/du-changement-climatique-au-changement-politique\/","title":{"rendered":"Vom Klimawandel zum politischen Wandel"},"content":{"rendered":"<p><em>Montags Nachrichten - <a href=\"https:\/\/leregardlibre.com\/de\/tag\/jeremie-bongiovanni\/\">J\u00e9r\u00e9mie Bongiovanni<\/a><\/em><\/p>\n\n\n\n<p class=\"has-drop-cap\"><strong>Tremblement de terre hier de l\u2019autre c\u00f4t\u00e9 de la Sarine. Les \u00e9lections zurichoises ont sem\u00e9 la panique au sein des partis bourgeois du canton de Zurich. De leur c\u00f4t\u00e9, les nouveaux gagnants \u2013 Verts et Vert\u2019lib\u00e9raux \u2013 ont confirm\u00e9 la tendance de ces derni\u00e8res semaines, lors desquelles des milliers de personnes ont manifest\u00e9 pour la cause climatique. Du changement climatique au changement politique.<\/strong><\/p>\n\n\n\n<!--more Lire l\u2019article (en libre acc\u00e8s)-->\n\n\n\n<p>Hier, dimanche 25 mars, les Zurichois \u00e9lisaient leur Conseil d\u2019Etat (ex\u00e9cutif) ainsi que leur Grand Conseil (l\u00e9gislatif). Les r\u00e9sultats sont limpides: les Verts et les Vert\u2019lib\u00e9raux ont remport\u00e9 cette bataille face aux autres partis, notamment face \u00e0 une droite sonn\u00e9e, accusant le coup. La semaine derni\u00e8re, la gauche confirmait son succ\u00e8s en remportant le si\u00e8ge vacant du Conseil d\u2019Etat vaudois, gr\u00e2ce \u00e0 l\u2019\u00e9lection de Rebecca Ruiz. Celle-ci a comptabilis\u00e9 treize mille voix d\u2019avance sur son concurrent direct, l\u2019UDC Pascal Dessauges. <\/p>\n\n\n\n<p>Ironie de l&#8217;histoire, ce chiffre correspond \u00e9galement au nombre de manifestants pour le climat \u00e0 Lausanne le 15 mars dernier. L\u2019enjeu climatique, pour ceux qui en doutaient encore, est d\u00e9finitivement le nouvel \u00e9picentre de la politique suisse. <\/p>\n\n\n\n<h3 class=\"wp-block-heading\"><strong>Un d\u00e9ficit id\u00e9ologique \u00e0 droite<\/strong><\/h3>\n\n\n\n<p>Cette cristallisation des revendications climatiques r\u00e9v\u00e8le le d\u00e9ficit id\u00e9ologique d\u2019une droite incapable d\u2019offrir des solutions cr\u00e9dibles. Elle balbutie, contredisant ses propres convictions, ne donnant l\u2019impression que d\u2019un opportunisme grotesque. Elle se consid\u00e8re comme incomprise; elle est en fait incompr\u00e9hensible.<\/p>\n\n\n\n<p>Les r\u00e9sultats de ce week-end doivent servir d\u2019avertissement en vue des \u00e9lections f\u00e9d\u00e9rales d\u2019octobre prochain afin qu\u2019elle propose une alternative cr\u00e9dible et qu\u2019elle d\u00e9montre que sa colonne vert\u00e9brale id\u00e9ologique existe encore. Afin de s\u2019opposer aux mesures de ceux qui se consid\u00e8rent comme les sauveurs de la plan\u00e8te, il est indispensable que les partis de droite apportent des solutions fond\u00e9es sur une colonne vert\u00e9brale id\u00e9ologique qui permettent notamment de pr\u00e9server les libert\u00e9s individuelles. Une chim\u00e8re? Nous verrons.<\/p>\n\n\n\n<h3 class=\"wp-block-heading\"><strong>Les sauveurs de la plan\u00e8te et leurs\nsolutions<\/strong><\/h3>\n\n\n\n<p>Le camp des Verts et Vert\u2019lib\u00e9raux a \u00e9t\u00e9 victorieux ce week-end. Ceux qui s\u2019\u00e9rigent en sauveurs de la plan\u00e8te vont donc d\u00e9sormais avoir des responsabilit\u00e9s, les mains dans le cambouis. C\u2019est l\u00e0 que \u00e7a deviendra int\u00e9ressant. Mon optimisme me fait pr\u00e9f\u00e9rer ce qualificatif \u00e0 celui d\u2019\u00abinqui\u00e9tant\u00bb, mais de l\u2019un \u00e0 l\u2019autre, il n\u2019y a qu\u2019un pas. <\/p>\n\n\n\n<p class=\"has-text-color\"><strong>Lesen Sie auch | <\/strong><a href=\"https:\/\/leregardlibre.com\/de\/2019\/03\/18\/ist-es-greta-thunberg-vorbehalten-einen-nobelpreis-zu-erhalten\/#more-19939\"><strong>Est-ce \u00e0 Greta Thunberg de recevoir le prix Nobel?<\/strong><\/a><\/p>\n\n\n\n<p>Les solutions de ceux\nqui monopolisent le sauvetage de la plan\u00e8te sont parfois fort inqui\u00e9tantes. On\nl\u2019oublie cependant, la cause justifiant beaucoup, trop. Des taxes par-ci, des\ninterdictions par-l\u00e0, on sauve la plan\u00e8te, c\u2019est l\u00e9gitime. <\/p>\n\n\n\n<p>Embl\u00e9matique des solutions propos\u00e9es par la gauche \u00e9cologique, <a href=\"https:\/\/www.watson.ch\/schweiz\/gesellschaft%20&amp;%20politik\/828893449-sp-startet-klima-offensive-gratis-ga-fuer-junge-und-kurzflug-verbot\">une liste de propositions soumise par plusieurs conseillers nationaux socialistes<\/a> \u00e9num\u00e8re treize mesures afin de lutter contre le changement climatique. Pour ce qui en est des interdictions, on vous propose par exemple la fermeture des routes un dimanche par mois ou encore l\u2019interdiction des vols courte distance. On vous interdira donc arbitrairement de vous d\u00e9placer comme vous le souhaitez. <\/p>\n\n\n\n<p>Pour les taxes, celles-ci sont moins \u00e9videntes. On veut offrir un abonnement g\u00e9n\u00e9ral CFF gratuit \u00e0 tous les moins de vingt-cinq ans. L\u2019illusion de la gratuit\u00e9 est s\u00e9duisante, mais elle reste n\u00e9anmoins une duperie. Le co\u00fbt de tels cadeaux politiques est in\u00e9vitablement l\u2019injustice: on augmentera certaines taxes ou on s\u2019endettera sur le dos des g\u00e9n\u00e9rations futures. Sournois, le vice se dissimule bien souvent derri\u00e8re son apparence de vertu.<\/p>\n\n\n\n<p><em>\u00abSystem change not climate change\u00bb<\/em>, se trahissent-ils. Le climat devient donc un alibi pour tailler dans nos libert\u00e9s et une excuse pour d\u00e9fendre un mod\u00e8le de soci\u00e9t\u00e9 socialiste et totalitaire.<\/p>\n\n\n\n<h3 class=\"wp-block-heading\"><strong>Le\nchangement politique <\/strong><\/h3>\n\n\n\n<p>Il est grand temps que la droite comble son n\u00e9ant id\u00e9ologique en mati\u00e8re de politique climatique, afin de d\u00e9montrer qu\u2019elle peut \u00eatre une partie de la solution. Il faut pouvoir prouver que l\u2019opposition \u00e0 une mesure qui revendique la protection de la plan\u00e8te ne signifie pas vouloir la destruction de cette derni\u00e8re, mais bien la protection d\u2019autres valeurs qui ne peuvent \u00eatre sacrifi\u00e9es \u00e0 tout prix. D\u2019autres solutions, lib\u00e9rales, existent! Autrement, le changement politique pourrait se r\u00e9v\u00e9ler tout aussi pernicieux que le changement climatique.<\/p>\n\n\n\n<p>Cr\u00e9dits photo: \u00a9  Wikimedia <\/p>\n\n\n\n<p><em>Schreiben Sie dem Autor: <a href=\"mailto:jeremie.bongiovanni@leregardlibre.com\">jeremie.bongiovanni@leregardlibre.com<\/a><\/em><\/p>\n\n\n\n<hr class=\"wp-block-separator\"\/>","protected":false},"excerpt":{"rendered":"<p>Les lundis de l&#8217;actualit\u00e9 \u2013 J\u00e9r\u00e9mie Bongiovanni Tremblement de terre hier de l\u2019autre c\u00f4t\u00e9 de la Sarine. Les \u00e9lections zurichoises&#8230;<\/p>","protected":false},"author":334,"featured_media":20018,"comment_status":"open","ping_status":"open","sticky":false,"template":"","format":"standard","meta":{"_acf_changed":false,"footnotes":""},"categories":[644357279],"tags":[421217,646387,644342909,644341430,644341429],"class_list":["post-20014","post","type-post","status-publish","format-standard","has-post-thumbnail","hentry","category-suisse","tag-changement-climatique","tag-climat","tag-federales-2019","tag-manifestations-pour-la-climat","tag-vertliberaux"],"acf":[],"yoast_head":"<!-- This site is optimized with the Yoast SEO Premium plugin v27.4 (Yoast SEO v27.4) - https:\/\/yoast.com\/product\/yoast-seo-premium-wordpress\/ -->\n<title>Du changement climatique au changement politique<\/title>\n<meta name=\"robots\" content=\"index, follow, max-snippet:-1, max-image-preview:large, max-video-preview:-1\" \/>\n<link rel=\"canonical\" href=\"https:\/\/leregardlibre.com\/de\/politik\/schweiz\/du-changement-climatique-au-changement-politique\/\" \/>\n<meta property=\"og:locale\" content=\"de_DE\" \/>\n<meta property=\"og:type\" content=\"article\" \/>\n<meta property=\"og:title\" content=\"Du changement climatique au changement politique\" \/>\n<meta property=\"og:description\" content=\"Les lundis de l&#039;actualit\u00e9 \u2013 J\u00e9r\u00e9mie Bongiovanni Tremblement de terre hier de l\u2019autre c\u00f4t\u00e9 de la Sarine. Les \u00e9lections zurichoises...\" \/>\n<meta property=\"og:url\" content=\"https:\/\/leregardlibre.com\/de\/politik\/schweiz\/du-changement-climatique-au-changement-politique\/\" \/>\n<meta property=\"og:site_name\" content=\"Le Regard Libre\" \/>\n<meta property=\"article:publisher\" content=\"https:\/\/www.facebook.com\/leregardlibre\/\" \/>\n<meta property=\"article:published_time\" content=\"2019-03-25T19:00:20+00:00\" \/>\n<meta property=\"article:modified_time\" content=\"2025-12-13T21:45:11+00:00\" \/>\n<meta property=\"og:image\" content=\"https:\/\/leregardlibre.com\/wp-content\/uploads\/2019\/03\/Peoples_Climate_Solidarity_March_crossing_the_Mississippi_34309653166.jpg\" \/>\n\t<meta property=\"og:image:width\" content=\"1024\" \/>\n\t<meta property=\"og:image:height\" content=\"683\" \/>\n\t<meta property=\"og:image:type\" content=\"image\/jpeg\" \/>\n<meta name=\"author\" content=\"J\u00e9r\u00e9mie Bongiovanni\" \/>\n<meta name=\"twitter:card\" content=\"summary_large_image\" \/>\n<meta name=\"twitter:creator\" content=\"@LeRegardLibre\" \/>\n<meta name=\"twitter:site\" content=\"@LeRegardLibre\" \/>\n<meta name=\"twitter:label1\" content=\"Verfasst von\" \/>\n\t<meta name=\"twitter:data1\" content=\"J\u00e9r\u00e9mie Bongiovanni\" \/>\n\t<meta name=\"twitter:label2\" content=\"Gesch\u00e4tzte Lesezeit\" \/>\n\t<meta name=\"twitter:data2\" content=\"4\u00a0Minuten\" \/>\n<script type=\"application\/ld+json\" class=\"yoast-schema-graph\">{\"@context\":\"https:\\\/\\\/schema.org\",\"@graph\":[{\"@type\":\"Article\",\"@id\":\"https:\\\/\\\/leregardlibre.com\\\/politique\\\/suisse\\\/du-changement-climatique-au-changement-politique\\\/#article\",\"isPartOf\":{\"@id\":\"https:\\\/\\\/leregardlibre.com\\\/politique\\\/suisse\\\/du-changement-climatique-au-changement-politique\\\/\"},\"author\":{\"name\":\"J\u00e9r\u00e9mie Bongiovanni\",\"@id\":\"https:\\\/\\\/leregardlibre.com\\\/#\\\/schema\\\/person\\\/f3e6319b17f74b61ee1cbeab93efd96b\"},\"headline\":\"Du changement climatique au changement politique\",\"datePublished\":\"2019-03-25T19:00:20+00:00\",\"dateModified\":\"2025-12-13T21:45:11+00:00\",\"mainEntityOfPage\":{\"@id\":\"https:\\\/\\\/leregardlibre.com\\\/politique\\\/suisse\\\/du-changement-climatique-au-changement-politique\\\/\"},\"wordCount\":790,\"commentCount\":0,\"publisher\":{\"@id\":\"https:\\\/\\\/leregardlibre.com\\\/#organization\"},\"image\":{\"@id\":\"https:\\\/\\\/leregardlibre.com\\\/politique\\\/suisse\\\/du-changement-climatique-au-changement-politique\\\/#primaryimage\"},\"thumbnailUrl\":\"https:\\\/\\\/leregardlibre.com\\\/wp-content\\\/uploads\\\/2019\\\/03\\\/Peoples_Climate_Solidarity_March_crossing_the_Mississippi_34309653166.jpg\",\"keywords\":[\"Changement climatique\",\"Climat\",\"Elections f\u00e9d\u00e9rales 2019\",\"manifestations pour la climat\",\"vert'liberaux\"],\"articleSection\":[\"Suisse\"],\"inLanguage\":\"de\",\"potentialAction\":[{\"@type\":\"CommentAction\",\"name\":\"Comment\",\"target\":[\"https:\\\/\\\/leregardlibre.com\\\/politique\\\/suisse\\\/du-changement-climatique-au-changement-politique\\\/#respond\"]}]},{\"@type\":\"WebPage\",\"@id\":\"https:\\\/\\\/leregardlibre.com\\\/politique\\\/suisse\\\/du-changement-climatique-au-changement-politique\\\/\",\"url\":\"https:\\\/\\\/leregardlibre.com\\\/politique\\\/suisse\\\/du-changement-climatique-au-changement-politique\\\/\",\"name\":\"Du changement climatique au changement politique\",\"isPartOf\":{\"@id\":\"https:\\\/\\\/leregardlibre.com\\\/#website\"},\"primaryImageOfPage\":{\"@id\":\"https:\\\/\\\/leregardlibre.com\\\/politique\\\/suisse\\\/du-changement-climatique-au-changement-politique\\\/#primaryimage\"},\"image\":{\"@id\":\"https:\\\/\\\/leregardlibre.com\\\/politique\\\/suisse\\\/du-changement-climatique-au-changement-politique\\\/#primaryimage\"},\"thumbnailUrl\":\"https:\\\/\\\/leregardlibre.com\\\/wp-content\\\/uploads\\\/2019\\\/03\\\/Peoples_Climate_Solidarity_March_crossing_the_Mississippi_34309653166.jpg\",\"datePublished\":\"2019-03-25T19:00:20+00:00\",\"dateModified\":\"2025-12-13T21:45:11+00:00\",\"breadcrumb\":{\"@id\":\"https:\\\/\\\/leregardlibre.com\\\/politique\\\/suisse\\\/du-changement-climatique-au-changement-politique\\\/#breadcrumb\"},\"inLanguage\":\"de\",\"potentialAction\":[{\"@type\":\"ReadAction\",\"target\":[\"https:\\\/\\\/leregardlibre.com\\\/politique\\\/suisse\\\/du-changement-climatique-au-changement-politique\\\/\"]}]},{\"@type\":\"ImageObject\",\"inLanguage\":\"de\",\"@id\":\"https:\\\/\\\/leregardlibre.com\\\/politique\\\/suisse\\\/du-changement-climatique-au-changement-politique\\\/#primaryimage\",\"url\":\"https:\\\/\\\/leregardlibre.com\\\/wp-content\\\/uploads\\\/2019\\\/03\\\/Peoples_Climate_Solidarity_March_crossing_the_Mississippi_34309653166.jpg\",\"contentUrl\":\"https:\\\/\\\/leregardlibre.com\\\/wp-content\\\/uploads\\\/2019\\\/03\\\/Peoples_Climate_Solidarity_March_crossing_the_Mississippi_34309653166.jpg\",\"width\":1024,\"height\":683},{\"@type\":\"BreadcrumbList\",\"@id\":\"https:\\\/\\\/leregardlibre.com\\\/politique\\\/suisse\\\/du-changement-climatique-au-changement-politique\\\/#breadcrumb\",\"itemListElement\":[{\"@type\":\"ListItem\",\"position\":1,\"name\":\"Accueil\",\"item\":\"https:\\\/\\\/leregardlibre.com\\\/\"},{\"@type\":\"ListItem\",\"position\":2,\"name\":\"Du changement climatique au changement politique\"}]},{\"@type\":\"WebSite\",\"@id\":\"https:\\\/\\\/leregardlibre.com\\\/#website\",\"url\":\"https:\\\/\\\/leregardlibre.com\\\/\",\"name\":\"Le Regard Libre\",\"description\":\"Premier mensuel suisse de d\u00e9bat\",\"publisher\":{\"@id\":\"https:\\\/\\\/leregardlibre.com\\\/#organization\"},\"potentialAction\":[{\"@type\":\"SearchAction\",\"target\":{\"@type\":\"EntryPoint\",\"urlTemplate\":\"https:\\\/\\\/leregardlibre.com\\\/?s={search_term_string}\"},\"query-input\":{\"@type\":\"PropertyValueSpecification\",\"valueRequired\":true,\"valueName\":\"search_term_string\"}}],\"inLanguage\":\"de\"},{\"@type\":\"Organization\",\"@id\":\"https:\\\/\\\/leregardlibre.com\\\/#organization\",\"name\":\"Le Regard Libre\",\"url\":\"https:\\\/\\\/leregardlibre.com\\\/\",\"logo\":{\"@type\":\"ImageObject\",\"inLanguage\":\"de\",\"@id\":\"https:\\\/\\\/leregardlibre.com\\\/#\\\/schema\\\/logo\\\/image\\\/\",\"url\":\"https:\\\/\\\/leregardlibre.com\\\/wp-content\\\/uploads\\\/2025\\\/08\\\/logo-rl-icone-neg.jpeg\",\"contentUrl\":\"https:\\\/\\\/leregardlibre.com\\\/wp-content\\\/uploads\\\/2025\\\/08\\\/logo-rl-icone-neg.jpeg\",\"width\":557,\"height\":556,\"caption\":\"Le Regard Libre\"},\"image\":{\"@id\":\"https:\\\/\\\/leregardlibre.com\\\/#\\\/schema\\\/logo\\\/image\\\/\"},\"sameAs\":[\"https:\\\/\\\/www.facebook.com\\\/leregardlibre\\\/\",\"https:\\\/\\\/x.com\\\/LeRegardLibre\",\"https:\\\/\\\/www.linkedin.com\\\/company\\\/le-regard-libre\",\"https:\\\/\\\/www.instagram.com\\\/leregardlibre\\\/\",\"http:\\\/\\\/t.me\\\/leregardlibre\",\"https:\\\/\\\/youtube.com\\\/channel\\\/UC6HzGPomj1LsUmlz-sJtITQ\"],\"description\":\"Le Regard Libre est un mensuel suisse de d\u00e9bat intellectuel et culturel. Sa r\u00e9daction est jeune, b\u00e9n\u00e9vole, lib\u00e9rale et pluraliste. Le magazine para\u00eet en ligne et sous forme papier. Sa langue est le fran\u00e7ais.\",\"email\":\"redaction@leregardlibre.com\",\"legalName\":\"Le Regard Libre\",\"foundingDate\":\"2014-01-01\",\"numberOfEmployees\":{\"@type\":\"QuantitativeValue\",\"minValue\":\"11\",\"maxValue\":\"50\"},\"publishingPrinciples\":\"https:\\\/\\\/leregardlibre.com\\\/a-propos\\\/notre-manifeste\\\/\",\"ownershipFundingInfo\":\"https:\\\/\\\/leregardlibre.com\\\/mentions-legales\\\/\",\"actionableFeedbackPolicy\":\"https:\\\/\\\/leregardlibre.com\\\/conditions-generales-de-vente\\\/\"},{\"@type\":\"Person\",\"@id\":\"https:\\\/\\\/leregardlibre.com\\\/#\\\/schema\\\/person\\\/f3e6319b17f74b61ee1cbeab93efd96b\",\"name\":\"J\u00e9r\u00e9mie Bongiovanni\",\"image\":{\"@type\":\"ImageObject\",\"inLanguage\":\"de\",\"@id\":\"https:\\\/\\\/secure.gravatar.com\\\/avatar\\\/4b3435964c432c0e6b6d18c4ede3fbda14221b9972e7c161f47c78f6cfb96299?s=96&d=identicon&r=g\",\"url\":\"https:\\\/\\\/secure.gravatar.com\\\/avatar\\\/4b3435964c432c0e6b6d18c4ede3fbda14221b9972e7c161f47c78f6cfb96299?s=96&d=identicon&r=g\",\"contentUrl\":\"https:\\\/\\\/secure.gravatar.com\\\/avatar\\\/4b3435964c432c0e6b6d18c4ede3fbda14221b9972e7c161f47c78f6cfb96299?s=96&d=identicon&r=g\",\"caption\":\"J\u00e9r\u00e9mie Bongiovanni\"},\"sameAs\":[\"https:\\\/\\\/leregardlibre.com\\\/\"],\"url\":\"https:\\\/\\\/leregardlibre.com\\\/de\\\/author\\\/jeremie-bongiovanni\\\/\"}]}<\/script>\n<!-- \/ Yoast SEO Premium plugin. -->","yoast_head_json":{"title":"Vom Klimawandel zum politischen Wandel","robots":{"index":"index","follow":"follow","max-snippet":"max-snippet:-1","max-image-preview":"max-image-preview:large","max-video-preview":"max-video-preview:-1"},"canonical":"https:\/\/leregardlibre.com\/de\/politik\/schweiz\/du-changement-climatique-au-changement-politique\/","og_locale":"de_DE","og_type":"article","og_title":"Du changement climatique au changement politique","og_description":"Les lundis de l'actualit\u00e9 \u2013 J\u00e9r\u00e9mie Bongiovanni Tremblement de terre hier de l\u2019autre c\u00f4t\u00e9 de la Sarine. Les \u00e9lections zurichoises...","og_url":"https:\/\/leregardlibre.com\/de\/politik\/schweiz\/du-changement-climatique-au-changement-politique\/","og_site_name":"Le Regard Libre","article_publisher":"https:\/\/www.facebook.com\/leregardlibre\/","article_published_time":"2019-03-25T19:00:20+00:00","article_modified_time":"2025-12-13T21:45:11+00:00","og_image":[{"width":1024,"height":683,"url":"https:\/\/leregardlibre.com\/wp-content\/uploads\/2019\/03\/Peoples_Climate_Solidarity_March_crossing_the_Mississippi_34309653166.jpg","type":"image\/jpeg"}],"author":"J\u00e9r\u00e9mie Bongiovanni","twitter_card":"summary_large_image","twitter_creator":"@LeRegardLibre","twitter_site":"@LeRegardLibre","twitter_misc":{"Verfasst von":"J\u00e9r\u00e9mie Bongiovanni","Gesch\u00e4tzte Lesezeit":"4\u00a0Minuten"},"schema":{"@context":"https:\/\/schema.org","@graph":[{"@type":"Article","@id":"https:\/\/leregardlibre.com\/politique\/suisse\/du-changement-climatique-au-changement-politique\/#article","isPartOf":{"@id":"https:\/\/leregardlibre.com\/politique\/suisse\/du-changement-climatique-au-changement-politique\/"},"author":{"name":"J\u00e9r\u00e9mie Bongiovanni","@id":"https:\/\/leregardlibre.com\/#\/schema\/person\/f3e6319b17f74b61ee1cbeab93efd96b"},"headline":"Du changement climatique au changement politique","datePublished":"2019-03-25T19:00:20+00:00","dateModified":"2025-12-13T21:45:11+00:00","mainEntityOfPage":{"@id":"https:\/\/leregardlibre.com\/politique\/suisse\/du-changement-climatique-au-changement-politique\/"},"wordCount":790,"commentCount":0,"publisher":{"@id":"https:\/\/leregardlibre.com\/#organization"},"image":{"@id":"https:\/\/leregardlibre.com\/politique\/suisse\/du-changement-climatique-au-changement-politique\/#primaryimage"},"thumbnailUrl":"https:\/\/leregardlibre.com\/wp-content\/uploads\/2019\/03\/Peoples_Climate_Solidarity_March_crossing_the_Mississippi_34309653166.jpg","keywords":["Changement climatique","Climat","Elections f\u00e9d\u00e9rales 2019","manifestations pour la climat","vert'liberaux"],"articleSection":["Suisse"],"inLanguage":"de","potentialAction":[{"@type":"CommentAction","name":"Comment","target":["https:\/\/leregardlibre.com\/politique\/suisse\/du-changement-climatique-au-changement-politique\/#respond"]}]},{"@type":"WebPage","@id":"https:\/\/leregardlibre.com\/politique\/suisse\/du-changement-climatique-au-changement-politique\/","url":"https:\/\/leregardlibre.com\/politique\/suisse\/du-changement-climatique-au-changement-politique\/","name":"Vom Klimawandel zum politischen Wandel","isPartOf":{"@id":"https:\/\/leregardlibre.com\/#website"},"primaryImageOfPage":{"@id":"https:\/\/leregardlibre.com\/politique\/suisse\/du-changement-climatique-au-changement-politique\/#primaryimage"},"image":{"@id":"https:\/\/leregardlibre.com\/politique\/suisse\/du-changement-climatique-au-changement-politique\/#primaryimage"},"thumbnailUrl":"https:\/\/leregardlibre.com\/wp-content\/uploads\/2019\/03\/Peoples_Climate_Solidarity_March_crossing_the_Mississippi_34309653166.jpg","datePublished":"2019-03-25T19:00:20+00:00","dateModified":"2025-12-13T21:45:11+00:00","breadcrumb":{"@id":"https:\/\/leregardlibre.com\/politique\/suisse\/du-changement-climatique-au-changement-politique\/#breadcrumb"},"inLanguage":"de","potentialAction":[{"@type":"ReadAction","target":["https:\/\/leregardlibre.com\/politique\/suisse\/du-changement-climatique-au-changement-politique\/"]}]},{"@type":"ImageObject","inLanguage":"de","@id":"https:\/\/leregardlibre.com\/politique\/suisse\/du-changement-climatique-au-changement-politique\/#primaryimage","url":"https:\/\/leregardlibre.com\/wp-content\/uploads\/2019\/03\/Peoples_Climate_Solidarity_March_crossing_the_Mississippi_34309653166.jpg","contentUrl":"https:\/\/leregardlibre.com\/wp-content\/uploads\/2019\/03\/Peoples_Climate_Solidarity_March_crossing_the_Mississippi_34309653166.jpg","width":1024,"height":683},{"@type":"BreadcrumbList","@id":"https:\/\/leregardlibre.com\/politique\/suisse\/du-changement-climatique-au-changement-politique\/#breadcrumb","itemListElement":[{"@type":"ListItem","position":1,"name":"Accueil","item":"https:\/\/leregardlibre.com\/"},{"@type":"ListItem","position":2,"name":"Du changement climatique au changement politique"}]},{"@type":"WebSite","@id":"https:\/\/leregardlibre.com\/#website","url":"https:\/\/leregardlibre.com\/","name":"Le Regard Libre","description":"Erste Schweizer Monatszeitschrift f\u00fcr Debatten","publisher":{"@id":"https:\/\/leregardlibre.com\/#organization"},"potentialAction":[{"@type":"SearchAction","target":{"@type":"EntryPoint","urlTemplate":"https:\/\/leregardlibre.com\/?s={search_term_string}"},"query-input":{"@type":"PropertyValueSpecification","valueRequired":true,"valueName":"search_term_string"}}],"inLanguage":"de"},{"@type":"Organization","@id":"https:\/\/leregardlibre.com\/#organization","name":"Le Regard Libre","url":"https:\/\/leregardlibre.com\/","logo":{"@type":"ImageObject","inLanguage":"de","@id":"https:\/\/leregardlibre.com\/#\/schema\/logo\/image\/","url":"https:\/\/leregardlibre.com\/wp-content\/uploads\/2025\/08\/logo-rl-icone-neg.jpeg","contentUrl":"https:\/\/leregardlibre.com\/wp-content\/uploads\/2025\/08\/logo-rl-icone-neg.jpeg","width":557,"height":556,"caption":"Le Regard Libre"},"image":{"@id":"https:\/\/leregardlibre.com\/#\/schema\/logo\/image\/"},"sameAs":["https:\/\/www.facebook.com\/leregardlibre\/","https:\/\/x.com\/LeRegardLibre","https:\/\/www.linkedin.com\/company\/le-regard-libre","https:\/\/www.instagram.com\/leregardlibre\/","http:\/\/t.me\/leregardlibre","https:\/\/youtube.com\/channel\/UC6HzGPomj1LsUmlz-sJtITQ"],"description":"Le Regard Libre ist eine Schweizer Monatszeitschrift f\u00fcr intellektuelle und kulturelle Debatten. Seine Redaktion ist jung, ehrenamtlich, liberal und pluralistisch. Das Magazin erscheint online und in gedruckter Form. Seine Sprache ist Franz\u00f6sisch.","email":"redaction@leregardlibre.com","legalName":"Le Regard Libre","foundingDate":"2014-01-01","numberOfEmployees":{"@type":"QuantitativeValue","minValue":"11","maxValue":"50"},"publishingPrinciples":"https:\/\/leregardlibre.com\/a-propos\/notre-manifeste\/","ownershipFundingInfo":"https:\/\/leregardlibre.com\/mentions-legales\/","actionableFeedbackPolicy":"https:\/\/leregardlibre.com\/conditions-generales-de-vente\/"},{"@type":"Person","@id":"https:\/\/leregardlibre.com\/#\/schema\/person\/f3e6319b17f74b61ee1cbeab93efd96b","name":"J\u00e9r\u00e9mie Bongiovanni","image":{"@type":"ImageObject","inLanguage":"de","@id":"https:\/\/secure.gravatar.com\/avatar\/4b3435964c432c0e6b6d18c4ede3fbda14221b9972e7c161f47c78f6cfb96299?s=96&d=identicon&r=g","url":"https:\/\/secure.gravatar.com\/avatar\/4b3435964c432c0e6b6d18c4ede3fbda14221b9972e7c161f47c78f6cfb96299?s=96&d=identicon&r=g","contentUrl":"https:\/\/secure.gravatar.com\/avatar\/4b3435964c432c0e6b6d18c4ede3fbda14221b9972e7c161f47c78f6cfb96299?s=96&d=identicon&r=g","caption":"J\u00e9r\u00e9mie Bongiovanni"},"sameAs":["https:\/\/leregardlibre.com\/"],"url":"https:\/\/leregardlibre.com\/de\/author\/jeremie-bongiovanni\/"}]}},"_links":{"self":[{"href":"https:\/\/leregardlibre.com\/de\/wp-json\/wp\/v2\/posts\/20014","targetHints":{"allow":["GET"]}}],"collection":[{"href":"https:\/\/leregardlibre.com\/de\/wp-json\/wp\/v2\/posts"}],"about":[{"href":"https:\/\/leregardlibre.com\/de\/wp-json\/wp\/v2\/types\/post"}],"author":[{"embeddable":true,"href":"https:\/\/leregardlibre.com\/de\/wp-json\/wp\/v2\/users\/334"}],"replies":[{"embeddable":true,"href":"https:\/\/leregardlibre.com\/de\/wp-json\/wp\/v2\/comments?post=20014"}],"version-history":[{"count":1,"href":"https:\/\/leregardlibre.com\/de\/wp-json\/wp\/v2\/posts\/20014\/revisions"}],"predecessor-version":[{"id":510417,"href":"https:\/\/leregardlibre.com\/de\/wp-json\/wp\/v2\/posts\/20014\/revisions\/510417"}],"wp:featuredmedia":[{"embeddable":true,"href":"https:\/\/leregardlibre.com\/de\/wp-json\/wp\/v2\/media\/20018"}],"wp:attachment":[{"href":"https:\/\/leregardlibre.com\/de\/wp-json\/wp\/v2\/media?parent=20014"}],"wp:term":[{"taxonomy":"category","embeddable":true,"href":"https:\/\/leregardlibre.com\/de\/wp-json\/wp\/v2\/categories?post=20014"},{"taxonomy":"post_tag","embeddable":true,"href":"https:\/\/leregardlibre.com\/de\/wp-json\/wp\/v2\/tags?post=20014"}],"curies":[{"name":"wp","href":"https:\/\/api.w.org\/{rel}","templated":true}]}}