{"id":20089,"date":"2019-03-31T17:00:25","date_gmt":"2019-03-31T16:00:25","guid":{"rendered":"https:\/\/leregardlibre.com\/?p=20089"},"modified":"2025-10-18T16:16:33","modified_gmt":"2025-10-18T14:16:33","slug":"le-jour-ou-mon-robot-maimera","status":"publish","type":"post","link":"https:\/\/leregardlibre.com\/de\/darstellende-kunste\/theater\/le-jour-ou-mon-robot-maimera\/","title":{"rendered":"Der Tag, an dem mein Robot mich liebt"},"content":{"rendered":"<p><em><a href=\"https:\/\/leregardlibre.com\/de\/produkt\/der-freie-blick-n-48\/\">Le Regard Libre Nr. 48<\/a> - Thierry Fivaz<\/em><\/p>\n\n\n\n<p class=\"has-drop-cap\"><strong>Erstmals aufgef\u00fchrt im Oktober 2018 im Theater von Pully, <em>Der Roboter, der mich liebte<\/em>, Dieses zusammengesetzte Objekt - gleichzeitig ein surrealistischer Prozess und ein Theaterst\u00fcck - wurde am 17. Januar im Geb\u00e4ude der Forces Motrices in Genf aufgef\u00fchrt. Eine Gelegenheit, uns \u00fcber die Herausforderungen der k\u00fcnstlichen Intelligenz in unserer Gesellschaft Gedanken zu machen.<\/strong><\/p>\n\n\n\n<!--more Lire l'article-->\n\n\n\n<p><em>\u00abJe suis Priscilla.<\/em><br><em>Robot nouvelle g\u00e9n\u00e9ration,<\/em><br><em>combinaison d\u2019algorithmes incarn\u00e9s,<\/em><br><em>mat\u00e9riaux composites et circuits imprim\u00e9s.<\/em><br><em>Fruit de la cr\u00e9ation humaine.<\/em><br><em>Con\u00e7ue \u00e0 son image.<\/em><br><em>Param\u00e9trable \u00e0 souhait.<\/em><br><em>Je deviens,<\/em><br><em>qui vous d\u00e9sirez que je sois.\u00bb<\/em><\/p>\n\n\n\n<p>Pour L\u00e9o, ce fut vite d\u00e9cid\u00e9. Ce qu\u2019il d\u00e9sira que Priscilla (Magali Bonvin) f\u00fbt: c\u2019est d\u2019\u00eatre tout simplement la \u00abfemme (robote)\u00bb de sa vie. Nous sommes en 2030, la science et la technologique sont enfin arm\u00e9es pour offrir \u00e0 l\u2019humanit\u00e9 les soutiens qu\u2019elle m\u00e9rite: des robots humano\u00efdes. Alors que L\u00e9o et Priscilla filent le <em>parfait amour<\/em>, la robote s\u2019aper\u00e7oit que L\u00e9o ne suit plus. Elle d\u00e9tecte des bugs. \u00abObsolescence de son syst\u00e8me d\u2019exploitation, z\u00e9ro upgrade, manque de v\u00e9locit\u00e9\u2026\u00bb, dira-t-elle \u00e0 la juge d\u2019instruction Katia Elka\u00efm. Priscilla en conclut \u00e0 une anomalie et d\u00e9cide donc de le supprimer.<\/p>\n\n\n\n<h3 class=\"wp-block-heading\"><strong>Am Scheideweg<\/strong><\/h3>\n\n\n\n<p>Ce r\u00e9cit fictif gla\u00e7ant, r\u00e9alit\u00e9 possible de demain, est un v\u00e9ritable imbroglio judiciaire. Car, la justice des hommes peut-elle d\u00e9clarer coupable d\u2019homicide volontaire un \u00eatre fait non de chair et de sang, mais de circuit imprim\u00e9 et de mat\u00e9riaux composites? Et, si oui, comment soutenir qu\u2019une vulgaire bo\u00eete de conserve sans \u00e2me, simulacre d\u2019humain, \u00abPinocchio d\u00e9sincarn\u00e9\u00bb ira jusqu\u2019\u00e0 dire M<sup>.<\/sup> Capte (avocat de la victime), puisse avoir des volitions, des d\u00e9sirs et des intentions \u2013 en somme une conscience? L\u2019article 111 du Code p\u00e9nal suisse est formel: un meurtre, c\u2019est tuer quelqu\u2019un de mani\u00e8re intentionnelle. Or, reconna\u00eetre la robote Priscilla coupable du meurtre de L\u00e9o reviendrait \u00e0 lui imputer des intentions.<\/p>\n\n\n\n<p>L\u2019affaire est donc d\u2019une importance cruciale. Et le verdict d\u00e9passe de loin le cas singulier de Priscilla. En cette ann\u00e9e 2030, l\u2019humanit\u00e9 se trouve \u00e0 un tournant. Et l\u2019on peut se demander si adouber le vassal d\u2019hier d\u2019intention ou de conscience ne serait pas scier la branche sur laquelle est assis le genre humain. Un motif bien connu de la cr\u00e9ature se rebellant contre son cr\u00e9ateur.<\/p>\n\n\n\n<h3 class=\"wp-block-heading\"><strong>Un th\u00e9\u00e2tre de la connaissance<\/strong><\/h3>\n\n\n\n<p>Produit sous l\u2019impulsion de l\u2019Empowerment Foudation, une jeune organisation bas\u00e9e en suisse et fond\u00e9e par l\u2019avocate Leila Delarive <em>(ndlr: et qui se pr\u00e9sente comme ayant mission de soutenir et promouvoir l\u2019ensemble des initiatives contribuant au d\u00e9veloppement de l\u2019esprit critique et l\u2019acc\u00e8s aux savoirs)<\/em>, ce proc\u00e8s fictif th\u00e9\u00e2tralis\u00e9 avait pour but de faire r\u00e9fl\u00e9chir, et gageons qu\u2019il y est parvenu, avec succ\u00e8s et brio d\u2019ailleurs. Deux t\u00e9nors du barreau genevois en la personne de M<sup>.<\/sup> Marc Bonnant (avocat de la robote Priscilla) et M<sup>.<\/sup> Nicolas Capte (avocat de la victime) ainsi que Me Katia Elka\u00efm (juge) et pr\u00e9sidente au tribunal d\u2019arrondissement de Lausanne au civil ont fait \u00e9tat de leurs talents respectifs sur une sc\u00e8ne de th\u00e9\u00e2tre et devant un parterre de spectateurs. Or, si fictif ce proc\u00e8s \u00e9tait, il \u00e9tait \u00e9galement concret. Le ton judiciaire par lequel s\u2019ouvrait l\u2019instruction participe de cette immersion dans un monde possible aussi effrayant que passionnant.<\/p>\n\n\n\n<p>Un proc\u00e8s fictif dont la trame est en partie \u00e9crite, mais qui \u2013&nbsp; comme l\u2019explique Katia Elkaim dans les colonnes du <em>24heures<\/em> \u2013 est partiellement improvis\u00e9. Les acteurs d\u2019un jour se comportant comme ils le feraient dans un v\u00e9ritable proc\u00e8s. Un proc\u00e8s qui donne \u00e9galement la parole \u00e0 des sp\u00e9cialistes charg\u00e9s de devoir \u00e9clairer l\u2019affaire de leurs lumi\u00e8res, des experts \u2013 \u00e9galement experts au civil \u2013 en IA et technologie (J\u00e9r\u00f4me Kehrli), en cybers\u00e9curit\u00e9 et cyberd\u00e9fense (Pr Solange Gehrnaouti) et psychiatrie (Pr Jacques Besson), qui r\u00e9pondront aux questions de la juge et des avocats. Gr\u00e2ce \u00e0 eux, on apprend ce qu\u2019est une intelligence artificielle, ses m\u00e9canismes et ses fonctions, son rapport aux \u00e9motions et ses \u00e9ventuelles failles.<\/p>\n\n\n\n<p>Mais quelle sera l\u2019issue de cet \u00e9pineux probl\u00e8me? Quel verdict sera rendu? Apr\u00e8s avoir entendu les plaidoiries de M<sup>.<\/sup> Bonnant et M<sup>.<\/sup> Capte, tout aussi convaincantes l\u2019une que l\u2019autre, difficile de d\u00e9terminer quelle tournure prendra le verdict. Un verdict que vous connaissez, puisqu\u2019il s\u2019agit du v\u00f4tre. Car apr\u00e8s nous avoir distill\u00e9 informations et savoirs, ce th\u00e9\u00e2tre de la connaissance nous met face \u00e0 nos responsabilit\u00e9s de connaissants: celui de pouvoir d\u00e9cider, et en toute connaissance de cause, ce qui doit ou ne doit pas \u00eatre.<\/p>\n\n\n\n<p><em>Schreiben Sie dem Autor: <a href=\"mailto:thierry.fivaz@leregardlibre.com\">thierry.fivaz@leregardlibre.com<\/a><\/em><\/p>\n\n\n<div data-block-name=\"woocommerce\/handpicked-products\" data-columns=\"3\" data-edit-mode=\"false\" data-orderby=\"price_asc\" data-products=\"[19886,19241,17631]\" class=\"wc-block-grid wp-block-handpicked-products wp-block-woocommerce-handpicked-products wc-block-handpicked-products has-3-columns has-multiple-rows\"><ul class=\"wc-block-grid__products\"><li class=\"wc-block-grid__product\">\n\t\t\t\t<a href=\"https:\/\/leregardlibre.com\/de\/produkt\/der-freie-blick-n-48\/\" class=\"wc-block-grid__product-link\">\n\t\t\t\t\t\n\t\t\t\t\t<div class=\"wc-block-grid__product-image\"><img fetchpriority=\"high\" decoding=\"async\" width=\"300\" height=\"424\" src=\"https:\/\/leregardlibre.com\/wp-content\/uploads\/2019\/03\/Une-RL-N\u00b0-48-300x424.jpg\" class=\"attachment-woocommerce_thumbnail size-woocommerce_thumbnail\" alt=\"Le Regard Libre - Nr. 48\" srcset=\"https:\/\/leregardlibre.com\/wp-content\/uploads\/2019\/03\/Une-RL-N\u00b0-48-300x424.jpg 300w, https:\/\/leregardlibre.com\/wp-content\/uploads\/2019\/03\/Une-RL-N\u00b0-48-106x150.jpg 106w, https:\/\/leregardlibre.com\/wp-content\/uploads\/2019\/03\/Une-RL-N\u00b0-48-212x300.jpg 212w, https:\/\/leregardlibre.com\/wp-content\/uploads\/2019\/03\/Une-RL-N\u00b0-48-768x1086.jpg 768w, https:\/\/leregardlibre.com\/wp-content\/uploads\/2019\/03\/Une-RL-N\u00b0-48-724x1024.jpg 724w, https:\/\/leregardlibre.com\/wp-content\/uploads\/2019\/03\/Une-RL-N\u00b0-48-1086x1536.jpg 1086w, https:\/\/leregardlibre.com\/wp-content\/uploads\/2019\/03\/Une-RL-N\u00b0-48-1448x2048.jpg 1448w, https:\/\/leregardlibre.com\/wp-content\/uploads\/2019\/03\/Une-RL-N\u00b0-48-1200x1697.jpg 1200w, https:\/\/leregardlibre.com\/wp-content\/uploads\/2019\/03\/Une-RL-N\u00b0-48-1920x2715.jpg 1920w, https:\/\/leregardlibre.com\/wp-content\/uploads\/2019\/03\/Une-RL-N\u00b0-48-1170x1655.jpg 1170w, https:\/\/leregardlibre.com\/wp-content\/uploads\/2019\/03\/Une-RL-N\u00b0-48-585x827.jpg 585w, https:\/\/leregardlibre.com\/wp-content\/uploads\/2019\/03\/Une-RL-N\u00b0-48-600x849.jpg 600w\" sizes=\"(max-width: 300px) 100vw, 300px\" \/><\/div>\n\t\t\t\t\t<div class=\"wc-block-grid__product-title\">Le Regard Libre - Nr. 48<\/div>\n\t\t\t\t<\/a>\n\t\t\t\t<div class=\"wc-block-grid__product-price price\"><span class=\"woocommerce-Price-amount amount\"><span class=\"woocommerce-Price-currencySymbol\">CHF<\/span>10.00<\/span><\/div>\n\t\t\t\t\n\t\t\t\t<div class=\"wp-block-button wc-block-grid__product-add-to-cart\"><a href=\"\/de\/wp-json\/wp\/v2\/posts\/20089?add-to-cart=19886\" aria-label=\"In den Warenkorb legen: \u201eLe Regard Libre - N\u00b0 48\u201c.\u201c\" data-quantity=\"1\" data-product_id=\"19886\" data-product_sku=\"\" data-price=\"10\" rel=\"nofollow\" class=\"wp-block-button__link  add_to_cart_button ajax_add_to_cart\">In den Warenkorb<\/a><\/div>\n\t\t\t<\/li><li class=\"wc-block-grid__product\">\n\t\t\t\t<a href=\"https:\/\/leregardlibre.com\/de\/produkt\/le-regard-libre-abonnement-annuel-a-la-version-papier\/\" class=\"wc-block-grid__product-link\">\n\t\t\t\t\t\n\t\t\t\t\t<div class=\"wc-block-grid__product-image\"><img decoding=\"async\" width=\"300\" height=\"300\" src=\"https:\/\/leregardlibre.com\/wp-content\/uploads\/woocommerce-placeholder.webp\" class=\"woocommerce-placeholder wp-post-image\" alt=\"\" srcset=\"https:\/\/leregardlibre.com\/wp-content\/uploads\/woocommerce-placeholder.webp 1200w, https:\/\/leregardlibre.com\/wp-content\/uploads\/woocommerce-placeholder-300x300.webp 300w, https:\/\/leregardlibre.com\/wp-content\/uploads\/woocommerce-placeholder-1024x1024.webp 1024w, https:\/\/leregardlibre.com\/wp-content\/uploads\/woocommerce-placeholder-150x150.webp 150w, https:\/\/leregardlibre.com\/wp-content\/uploads\/woocommerce-placeholder-768x768.webp 768w, https:\/\/leregardlibre.com\/wp-content\/uploads\/woocommerce-placeholder-1170x1170.webp 1170w, https:\/\/leregardlibre.com\/wp-content\/uploads\/woocommerce-placeholder-585x585.webp 585w\" sizes=\"(max-width: 300px) 100vw, 300px\" \/><\/div>\n\t\t\t\t\t<div class=\"wc-block-grid__product-title\">Standard-Abonnement (Schweiz)<\/div>\n\t\t\t\t<\/a>\n\t\t\t\t<div class=\"wc-block-grid__product-price price\"><span class=\"woocommerce-Price-amount amount\"><span class=\"woocommerce-Price-currencySymbol\">CHF<\/span>100.00<\/span> <span class=\"subscription-details\"> \/ Jahr<\/span><\/div>\n\t\t\t\t\n\t\t\t\t<div class=\"wp-block-button wc-block-grid__product-add-to-cart\"><a href=\"\/de\/wp-json\/wp\/v2\/posts\/20089?add-to-cart=17631\" aria-label=\"Jetzt abonnieren: \u201eStandardabonnement (Schweiz)\u201c.\u201c\" data-quantity=\"1\" data-product_id=\"17631\" data-product_sku=\"\" data-price=\"100\" rel=\"nofollow\" class=\"wp-block-button__link  add_to_cart_button ajax_add_to_cart\">Jetzt abonnieren<\/a><\/div>\n\t\t\t<\/li><li class=\"wc-block-grid__product\">\n\t\t\t\t<a href=\"https:\/\/leregardlibre.com\/de\/produkt\/fordermitgliedschaft\/\" class=\"wc-block-grid__product-link\">\n\t\t\t\t\t\n\t\t\t\t\t<div class=\"wc-block-grid__product-image\"><img decoding=\"async\" width=\"300\" height=\"300\" src=\"https:\/\/leregardlibre.com\/wp-content\/uploads\/woocommerce-placeholder.webp\" class=\"woocommerce-placeholder wp-post-image\" alt=\"\" srcset=\"https:\/\/leregardlibre.com\/wp-content\/uploads\/woocommerce-placeholder.webp 1200w, https:\/\/leregardlibre.com\/wp-content\/uploads\/woocommerce-placeholder-300x300.webp 300w, https:\/\/leregardlibre.com\/wp-content\/uploads\/woocommerce-placeholder-1024x1024.webp 1024w, https:\/\/leregardlibre.com\/wp-content\/uploads\/woocommerce-placeholder-150x150.webp 150w, https:\/\/leregardlibre.com\/wp-content\/uploads\/woocommerce-placeholder-768x768.webp 768w, https:\/\/leregardlibre.com\/wp-content\/uploads\/woocommerce-placeholder-1170x1170.webp 1170w, https:\/\/leregardlibre.com\/wp-content\/uploads\/woocommerce-placeholder-585x585.webp 585w\" sizes=\"(max-width: 300px) 100vw, 300px\" \/><\/div>\n\t\t\t\t\t<div class=\"wc-block-grid__product-title\">Unterst\u00fctzendes Abonnement<\/div>\n\t\t\t\t<\/a>\n\t\t\t\t<div class=\"wc-block-grid__product-price price\"><span class=\"woocommerce-Price-amount amount\"><span class=\"woocommerce-Price-currencySymbol\">CHF<\/span>200.00<\/span> <span class=\"subscription-details\"> \/ Jahr<\/span><\/div>\n\t\t\t\t\n\t\t\t\t<div class=\"wp-block-button wc-block-grid__product-add-to-cart\"><a href=\"https:\/\/leregardlibre.com\/de\/produkt\/fordermitgliedschaft\/\" aria-label=\"Weitere Informationen zu \u201eF\u00f6rdermitgliedschaft\u201c\" data-quantity=\"1\" data-product_id=\"19241\" data-product_sku=\"\" data-price=\"200\" rel=\"nofollow\" class=\"wp-block-button__link  add_to_cart_button\">Mehr erfahren<\/a><\/div>\n\t\t\t<\/li><\/ul><\/div>","protected":false},"excerpt":{"rendered":"<p>Le Regard Libre N\u00b0 48 \u2013 Thierry Fivaz Pr\u00e9sent\u00e9 pour la premi\u00e8re fois en octobre 2018 au th\u00e9\u00e2tre de Pully,&#8230;<\/p>","protected":false},"author":341,"featured_media":510431,"comment_status":"open","ping_status":"open","sticky":false,"template":"","format":"standard","meta":{"_acf_changed":false,"footnotes":""},"categories":[5386],"tags":[644341499,57220,134004,644341505,644341502,68500099,90399,644341495,5536,90484],"class_list":["post-20089","post","type-post","status-publish","format-standard","has-post-thumbnail","hentry","category-theatre","tag-forces-motrices","tag-geneve","tag-intelligence-artificielle","tag-katia-elkaim","tag-magali-bonvin","tag-marc-bonnant","tag-proces","tag-pully","tag-robots","tag-spectacle"],"acf":[],"yoast_head":"<!-- This site is optimized with the Yoast SEO Premium plugin v27.4 (Yoast SEO v27.4) - https:\/\/yoast.com\/product\/yoast-seo-premium-wordpress\/ -->\n<title>Le jour o\u00f9 mon Robot m\u2019aimera\u2026<\/title>\n<meta name=\"robots\" content=\"index, follow, max-snippet:-1, max-image-preview:large, max-video-preview:-1\" \/>\n<link rel=\"canonical\" href=\"https:\/\/leregardlibre.com\/de\/darstellende-kunste\/theater\/le-jour-ou-mon-robot-maimera\/\" \/>\n<meta property=\"og:locale\" content=\"de_DE\" \/>\n<meta property=\"og:type\" content=\"article\" \/>\n<meta property=\"og:title\" content=\"Le jour o\u00f9 mon Robot m\u2019aimera\u2026\" \/>\n<meta property=\"og:description\" content=\"Le Regard Libre N\u00b0 48 \u2013 Thierry Fivaz Pr\u00e9sent\u00e9 pour la premi\u00e8re fois en octobre 2018 au th\u00e9\u00e2tre de Pully,...\" \/>\n<meta property=\"og:url\" content=\"https:\/\/leregardlibre.com\/de\/darstellende-kunste\/theater\/le-jour-ou-mon-robot-maimera\/\" \/>\n<meta property=\"og:site_name\" content=\"Le Regard Libre\" \/>\n<meta property=\"article:publisher\" content=\"https:\/\/www.facebook.com\/leregardlibre\/\" \/>\n<meta property=\"article:published_time\" content=\"2019-03-31T16:00:25+00:00\" \/>\n<meta property=\"article:modified_time\" content=\"2025-10-18T14:16:33+00:00\" \/>\n<meta property=\"og:image\" content=\"https:\/\/leregardlibre.com\/wp-content\/uploads\/2019\/03\/Le-robot-qui-maimait-1.jpg\" \/>\n\t<meta property=\"og:image:width\" content=\"5616\" \/>\n\t<meta property=\"og:image:height\" content=\"3744\" \/>\n\t<meta property=\"og:image:type\" content=\"image\/jpeg\" \/>\n<meta name=\"author\" content=\"Thierry Fivaz\" \/>\n<meta name=\"twitter:card\" content=\"summary_large_image\" \/>\n<meta name=\"twitter:creator\" content=\"@LeRegardLibre\" \/>\n<meta name=\"twitter:site\" content=\"@LeRegardLibre\" \/>\n<meta name=\"twitter:label1\" content=\"Verfasst von\" \/>\n\t<meta name=\"twitter:data1\" content=\"Thierry Fivaz\" \/>\n\t<meta name=\"twitter:label2\" content=\"Gesch\u00e4tzte Lesezeit\" \/>\n\t<meta name=\"twitter:data2\" content=\"4\u00a0Minuten\" \/>\n<script type=\"application\/ld+json\" class=\"yoast-schema-graph\">{\"@context\":\"https:\\\/\\\/schema.org\",\"@graph\":[{\"@type\":\"Article\",\"@id\":\"https:\\\/\\\/leregardlibre.com\\\/arts-vivants\\\/theatre\\\/le-jour-ou-mon-robot-maimera\\\/#article\",\"isPartOf\":{\"@id\":\"https:\\\/\\\/leregardlibre.com\\\/arts-vivants\\\/theatre\\\/le-jour-ou-mon-robot-maimera\\\/\"},\"author\":{\"name\":\"Thierry Fivaz\",\"@id\":\"https:\\\/\\\/leregardlibre.com\\\/#\\\/schema\\\/person\\\/251dd1e8766a1278e332526be2819095\"},\"headline\":\"Le jour o\u00f9 mon Robot m\u2019aimera\u2026\",\"datePublished\":\"2019-03-31T16:00:25+00:00\",\"dateModified\":\"2025-10-18T14:16:33+00:00\",\"mainEntityOfPage\":{\"@id\":\"https:\\\/\\\/leregardlibre.com\\\/arts-vivants\\\/theatre\\\/le-jour-ou-mon-robot-maimera\\\/\"},\"wordCount\":869,\"commentCount\":0,\"publisher\":{\"@id\":\"https:\\\/\\\/leregardlibre.com\\\/#organization\"},\"image\":{\"@id\":\"https:\\\/\\\/leregardlibre.com\\\/arts-vivants\\\/theatre\\\/le-jour-ou-mon-robot-maimera\\\/#primaryimage\"},\"thumbnailUrl\":\"https:\\\/\\\/leregardlibre.com\\\/wp-content\\\/uploads\\\/2019\\\/03\\\/Le-robot-qui-maimait-1.jpg\",\"keywords\":[\"forces motrices\",\"Gen\u00e8ve\",\"Intelligence artificielle\",\"katia elka\u00efm\",\"magali bonvin\",\"Marc Bonnant\",\"Proc\u00e8s\",\"pully\",\"Robots\",\"Spectacle\"],\"articleSection\":[\"Th\u00e9\u00e2tre\"],\"inLanguage\":\"de\",\"potentialAction\":[{\"@type\":\"CommentAction\",\"name\":\"Comment\",\"target\":[\"https:\\\/\\\/leregardlibre.com\\\/arts-vivants\\\/theatre\\\/le-jour-ou-mon-robot-maimera\\\/#respond\"]}]},{\"@type\":\"WebPage\",\"@id\":\"https:\\\/\\\/leregardlibre.com\\\/arts-vivants\\\/theatre\\\/le-jour-ou-mon-robot-maimera\\\/\",\"url\":\"https:\\\/\\\/leregardlibre.com\\\/arts-vivants\\\/theatre\\\/le-jour-ou-mon-robot-maimera\\\/\",\"name\":\"Le jour o\u00f9 mon Robot m\u2019aimera\u2026\",\"isPartOf\":{\"@id\":\"https:\\\/\\\/leregardlibre.com\\\/#website\"},\"primaryImageOfPage\":{\"@id\":\"https:\\\/\\\/leregardlibre.com\\\/arts-vivants\\\/theatre\\\/le-jour-ou-mon-robot-maimera\\\/#primaryimage\"},\"image\":{\"@id\":\"https:\\\/\\\/leregardlibre.com\\\/arts-vivants\\\/theatre\\\/le-jour-ou-mon-robot-maimera\\\/#primaryimage\"},\"thumbnailUrl\":\"https:\\\/\\\/leregardlibre.com\\\/wp-content\\\/uploads\\\/2019\\\/03\\\/Le-robot-qui-maimait-1.jpg\",\"datePublished\":\"2019-03-31T16:00:25+00:00\",\"dateModified\":\"2025-10-18T14:16:33+00:00\",\"breadcrumb\":{\"@id\":\"https:\\\/\\\/leregardlibre.com\\\/arts-vivants\\\/theatre\\\/le-jour-ou-mon-robot-maimera\\\/#breadcrumb\"},\"inLanguage\":\"de\",\"potentialAction\":[{\"@type\":\"ReadAction\",\"target\":[\"https:\\\/\\\/leregardlibre.com\\\/arts-vivants\\\/theatre\\\/le-jour-ou-mon-robot-maimera\\\/\"]}]},{\"@type\":\"ImageObject\",\"inLanguage\":\"de\",\"@id\":\"https:\\\/\\\/leregardlibre.com\\\/arts-vivants\\\/theatre\\\/le-jour-ou-mon-robot-maimera\\\/#primaryimage\",\"url\":\"https:\\\/\\\/leregardlibre.com\\\/wp-content\\\/uploads\\\/2019\\\/03\\\/Le-robot-qui-maimait-1.jpg\",\"contentUrl\":\"https:\\\/\\\/leregardlibre.com\\\/wp-content\\\/uploads\\\/2019\\\/03\\\/Le-robot-qui-maimait-1.jpg\",\"width\":5616,\"height\":3744},{\"@type\":\"BreadcrumbList\",\"@id\":\"https:\\\/\\\/leregardlibre.com\\\/arts-vivants\\\/theatre\\\/le-jour-ou-mon-robot-maimera\\\/#breadcrumb\",\"itemListElement\":[{\"@type\":\"ListItem\",\"position\":1,\"name\":\"Accueil\",\"item\":\"https:\\\/\\\/leregardlibre.com\\\/\"},{\"@type\":\"ListItem\",\"position\":2,\"name\":\"Le jour o\u00f9 mon Robot m\u2019aimera\u2026\"}]},{\"@type\":\"WebSite\",\"@id\":\"https:\\\/\\\/leregardlibre.com\\\/#website\",\"url\":\"https:\\\/\\\/leregardlibre.com\\\/\",\"name\":\"Le Regard Libre\",\"description\":\"Premier mensuel suisse de d\u00e9bat\",\"publisher\":{\"@id\":\"https:\\\/\\\/leregardlibre.com\\\/#organization\"},\"potentialAction\":[{\"@type\":\"SearchAction\",\"target\":{\"@type\":\"EntryPoint\",\"urlTemplate\":\"https:\\\/\\\/leregardlibre.com\\\/?s={search_term_string}\"},\"query-input\":{\"@type\":\"PropertyValueSpecification\",\"valueRequired\":true,\"valueName\":\"search_term_string\"}}],\"inLanguage\":\"de\"},{\"@type\":\"Organization\",\"@id\":\"https:\\\/\\\/leregardlibre.com\\\/#organization\",\"name\":\"Le Regard Libre\",\"url\":\"https:\\\/\\\/leregardlibre.com\\\/\",\"logo\":{\"@type\":\"ImageObject\",\"inLanguage\":\"de\",\"@id\":\"https:\\\/\\\/leregardlibre.com\\\/#\\\/schema\\\/logo\\\/image\\\/\",\"url\":\"https:\\\/\\\/leregardlibre.com\\\/wp-content\\\/uploads\\\/2025\\\/08\\\/logo-rl-icone-neg.jpeg\",\"contentUrl\":\"https:\\\/\\\/leregardlibre.com\\\/wp-content\\\/uploads\\\/2025\\\/08\\\/logo-rl-icone-neg.jpeg\",\"width\":557,\"height\":556,\"caption\":\"Le Regard Libre\"},\"image\":{\"@id\":\"https:\\\/\\\/leregardlibre.com\\\/#\\\/schema\\\/logo\\\/image\\\/\"},\"sameAs\":[\"https:\\\/\\\/www.facebook.com\\\/leregardlibre\\\/\",\"https:\\\/\\\/x.com\\\/LeRegardLibre\",\"https:\\\/\\\/www.linkedin.com\\\/company\\\/le-regard-libre\",\"https:\\\/\\\/www.instagram.com\\\/leregardlibre\\\/\",\"http:\\\/\\\/t.me\\\/leregardlibre\",\"https:\\\/\\\/youtube.com\\\/channel\\\/UC6HzGPomj1LsUmlz-sJtITQ\"],\"description\":\"Le Regard Libre est un mensuel suisse de d\u00e9bat intellectuel et culturel. Sa r\u00e9daction est jeune, b\u00e9n\u00e9vole, lib\u00e9rale et pluraliste. Le magazine para\u00eet en ligne et sous forme papier. Sa langue est le fran\u00e7ais.\",\"email\":\"redaction@leregardlibre.com\",\"legalName\":\"Le Regard Libre\",\"foundingDate\":\"2014-01-01\",\"numberOfEmployees\":{\"@type\":\"QuantitativeValue\",\"minValue\":\"11\",\"maxValue\":\"50\"},\"publishingPrinciples\":\"https:\\\/\\\/leregardlibre.com\\\/a-propos\\\/notre-manifeste\\\/\",\"ownershipFundingInfo\":\"https:\\\/\\\/leregardlibre.com\\\/mentions-legales\\\/\",\"actionableFeedbackPolicy\":\"https:\\\/\\\/leregardlibre.com\\\/conditions-generales-de-vente\\\/\"},{\"@type\":\"Person\",\"@id\":\"https:\\\/\\\/leregardlibre.com\\\/#\\\/schema\\\/person\\\/251dd1e8766a1278e332526be2819095\",\"name\":\"Thierry Fivaz\",\"image\":{\"@type\":\"ImageObject\",\"inLanguage\":\"de\",\"@id\":\"https:\\\/\\\/secure.gravatar.com\\\/avatar\\\/521ba3e2a4394ba0a7e3033842058ca2ace5868619cd688196508797fd4ea251?s=96&d=identicon&r=g\",\"url\":\"https:\\\/\\\/secure.gravatar.com\\\/avatar\\\/521ba3e2a4394ba0a7e3033842058ca2ace5868619cd688196508797fd4ea251?s=96&d=identicon&r=g\",\"contentUrl\":\"https:\\\/\\\/secure.gravatar.com\\\/avatar\\\/521ba3e2a4394ba0a7e3033842058ca2ace5868619cd688196508797fd4ea251?s=96&d=identicon&r=g\",\"caption\":\"Thierry Fivaz\"},\"sameAs\":[\"https:\\\/\\\/leregardlibre.com\\\/\"],\"url\":\"https:\\\/\\\/leregardlibre.com\\\/de\\\/author\\\/thierry-fivaz\\\/\"}]}<\/script>\n<!-- \/ Yoast SEO Premium plugin. -->","yoast_head_json":{"title":"Der Tag, an dem mein Robot mich liebt","robots":{"index":"index","follow":"follow","max-snippet":"max-snippet:-1","max-image-preview":"max-image-preview:large","max-video-preview":"max-video-preview:-1"},"canonical":"https:\/\/leregardlibre.com\/de\/darstellende-kunste\/theater\/le-jour-ou-mon-robot-maimera\/","og_locale":"de_DE","og_type":"article","og_title":"Le jour o\u00f9 mon Robot m\u2019aimera\u2026","og_description":"Le Regard Libre N\u00b0 48 \u2013 Thierry Fivaz Pr\u00e9sent\u00e9 pour la premi\u00e8re fois en octobre 2018 au th\u00e9\u00e2tre de Pully,...","og_url":"https:\/\/leregardlibre.com\/de\/darstellende-kunste\/theater\/le-jour-ou-mon-robot-maimera\/","og_site_name":"Le Regard Libre","article_publisher":"https:\/\/www.facebook.com\/leregardlibre\/","article_published_time":"2019-03-31T16:00:25+00:00","article_modified_time":"2025-10-18T14:16:33+00:00","og_image":[{"width":5616,"height":3744,"url":"https:\/\/leregardlibre.com\/wp-content\/uploads\/2019\/03\/Le-robot-qui-maimait-1.jpg","type":"image\/jpeg"}],"author":"Thierry Fivaz","twitter_card":"summary_large_image","twitter_creator":"@LeRegardLibre","twitter_site":"@LeRegardLibre","twitter_misc":{"Verfasst von":"Thierry Fivaz","Gesch\u00e4tzte Lesezeit":"4\u00a0Minuten"},"schema":{"@context":"https:\/\/schema.org","@graph":[{"@type":"Article","@id":"https:\/\/leregardlibre.com\/arts-vivants\/theatre\/le-jour-ou-mon-robot-maimera\/#article","isPartOf":{"@id":"https:\/\/leregardlibre.com\/arts-vivants\/theatre\/le-jour-ou-mon-robot-maimera\/"},"author":{"name":"Thierry Fivaz","@id":"https:\/\/leregardlibre.com\/#\/schema\/person\/251dd1e8766a1278e332526be2819095"},"headline":"Le jour o\u00f9 mon Robot m\u2019aimera\u2026","datePublished":"2019-03-31T16:00:25+00:00","dateModified":"2025-10-18T14:16:33+00:00","mainEntityOfPage":{"@id":"https:\/\/leregardlibre.com\/arts-vivants\/theatre\/le-jour-ou-mon-robot-maimera\/"},"wordCount":869,"commentCount":0,"publisher":{"@id":"https:\/\/leregardlibre.com\/#organization"},"image":{"@id":"https:\/\/leregardlibre.com\/arts-vivants\/theatre\/le-jour-ou-mon-robot-maimera\/#primaryimage"},"thumbnailUrl":"https:\/\/leregardlibre.com\/wp-content\/uploads\/2019\/03\/Le-robot-qui-maimait-1.jpg","keywords":["forces motrices","Gen\u00e8ve","Intelligence artificielle","katia elka\u00efm","magali bonvin","Marc Bonnant","Proc\u00e8s","pully","Robots","Spectacle"],"articleSection":["Th\u00e9\u00e2tre"],"inLanguage":"de","potentialAction":[{"@type":"CommentAction","name":"Comment","target":["https:\/\/leregardlibre.com\/arts-vivants\/theatre\/le-jour-ou-mon-robot-maimera\/#respond"]}]},{"@type":"WebPage","@id":"https:\/\/leregardlibre.com\/arts-vivants\/theatre\/le-jour-ou-mon-robot-maimera\/","url":"https:\/\/leregardlibre.com\/arts-vivants\/theatre\/le-jour-ou-mon-robot-maimera\/","name":"Der Tag, an dem mein Robot mich liebt","isPartOf":{"@id":"https:\/\/leregardlibre.com\/#website"},"primaryImageOfPage":{"@id":"https:\/\/leregardlibre.com\/arts-vivants\/theatre\/le-jour-ou-mon-robot-maimera\/#primaryimage"},"image":{"@id":"https:\/\/leregardlibre.com\/arts-vivants\/theatre\/le-jour-ou-mon-robot-maimera\/#primaryimage"},"thumbnailUrl":"https:\/\/leregardlibre.com\/wp-content\/uploads\/2019\/03\/Le-robot-qui-maimait-1.jpg","datePublished":"2019-03-31T16:00:25+00:00","dateModified":"2025-10-18T14:16:33+00:00","breadcrumb":{"@id":"https:\/\/leregardlibre.com\/arts-vivants\/theatre\/le-jour-ou-mon-robot-maimera\/#breadcrumb"},"inLanguage":"de","potentialAction":[{"@type":"ReadAction","target":["https:\/\/leregardlibre.com\/arts-vivants\/theatre\/le-jour-ou-mon-robot-maimera\/"]}]},{"@type":"ImageObject","inLanguage":"de","@id":"https:\/\/leregardlibre.com\/arts-vivants\/theatre\/le-jour-ou-mon-robot-maimera\/#primaryimage","url":"https:\/\/leregardlibre.com\/wp-content\/uploads\/2019\/03\/Le-robot-qui-maimait-1.jpg","contentUrl":"https:\/\/leregardlibre.com\/wp-content\/uploads\/2019\/03\/Le-robot-qui-maimait-1.jpg","width":5616,"height":3744},{"@type":"BreadcrumbList","@id":"https:\/\/leregardlibre.com\/arts-vivants\/theatre\/le-jour-ou-mon-robot-maimera\/#breadcrumb","itemListElement":[{"@type":"ListItem","position":1,"name":"Accueil","item":"https:\/\/leregardlibre.com\/"},{"@type":"ListItem","position":2,"name":"Le jour o\u00f9 mon Robot m\u2019aimera\u2026"}]},{"@type":"WebSite","@id":"https:\/\/leregardlibre.com\/#website","url":"https:\/\/leregardlibre.com\/","name":"Le Regard Libre","description":"Erste Schweizer Monatszeitschrift f\u00fcr Debatten","publisher":{"@id":"https:\/\/leregardlibre.com\/#organization"},"potentialAction":[{"@type":"SearchAction","target":{"@type":"EntryPoint","urlTemplate":"https:\/\/leregardlibre.com\/?s={search_term_string}"},"query-input":{"@type":"PropertyValueSpecification","valueRequired":true,"valueName":"search_term_string"}}],"inLanguage":"de"},{"@type":"Organization","@id":"https:\/\/leregardlibre.com\/#organization","name":"Le Regard Libre","url":"https:\/\/leregardlibre.com\/","logo":{"@type":"ImageObject","inLanguage":"de","@id":"https:\/\/leregardlibre.com\/#\/schema\/logo\/image\/","url":"https:\/\/leregardlibre.com\/wp-content\/uploads\/2025\/08\/logo-rl-icone-neg.jpeg","contentUrl":"https:\/\/leregardlibre.com\/wp-content\/uploads\/2025\/08\/logo-rl-icone-neg.jpeg","width":557,"height":556,"caption":"Le Regard Libre"},"image":{"@id":"https:\/\/leregardlibre.com\/#\/schema\/logo\/image\/"},"sameAs":["https:\/\/www.facebook.com\/leregardlibre\/","https:\/\/x.com\/LeRegardLibre","https:\/\/www.linkedin.com\/company\/le-regard-libre","https:\/\/www.instagram.com\/leregardlibre\/","http:\/\/t.me\/leregardlibre","https:\/\/youtube.com\/channel\/UC6HzGPomj1LsUmlz-sJtITQ"],"description":"Le Regard Libre ist eine Schweizer Monatszeitschrift f\u00fcr intellektuelle und kulturelle Debatten. Seine Redaktion ist jung, ehrenamtlich, liberal und pluralistisch. Das Magazin erscheint online und in gedruckter Form. Seine Sprache ist Franz\u00f6sisch.","email":"redaction@leregardlibre.com","legalName":"Le Regard Libre","foundingDate":"2014-01-01","numberOfEmployees":{"@type":"QuantitativeValue","minValue":"11","maxValue":"50"},"publishingPrinciples":"https:\/\/leregardlibre.com\/a-propos\/notre-manifeste\/","ownershipFundingInfo":"https:\/\/leregardlibre.com\/mentions-legales\/","actionableFeedbackPolicy":"https:\/\/leregardlibre.com\/conditions-generales-de-vente\/"},{"@type":"Person","@id":"https:\/\/leregardlibre.com\/#\/schema\/person\/251dd1e8766a1278e332526be2819095","name":"Thierry Fivaz","image":{"@type":"ImageObject","inLanguage":"de","@id":"https:\/\/secure.gravatar.com\/avatar\/521ba3e2a4394ba0a7e3033842058ca2ace5868619cd688196508797fd4ea251?s=96&d=identicon&r=g","url":"https:\/\/secure.gravatar.com\/avatar\/521ba3e2a4394ba0a7e3033842058ca2ace5868619cd688196508797fd4ea251?s=96&d=identicon&r=g","contentUrl":"https:\/\/secure.gravatar.com\/avatar\/521ba3e2a4394ba0a7e3033842058ca2ace5868619cd688196508797fd4ea251?s=96&d=identicon&r=g","caption":"Thierry Fivaz"},"sameAs":["https:\/\/leregardlibre.com\/"],"url":"https:\/\/leregardlibre.com\/de\/author\/thierry-fivaz\/"}]}},"_links":{"self":[{"href":"https:\/\/leregardlibre.com\/de\/wp-json\/wp\/v2\/posts\/20089","targetHints":{"allow":["GET"]}}],"collection":[{"href":"https:\/\/leregardlibre.com\/de\/wp-json\/wp\/v2\/posts"}],"about":[{"href":"https:\/\/leregardlibre.com\/de\/wp-json\/wp\/v2\/types\/post"}],"author":[{"embeddable":true,"href":"https:\/\/leregardlibre.com\/de\/wp-json\/wp\/v2\/users\/341"}],"replies":[{"embeddable":true,"href":"https:\/\/leregardlibre.com\/de\/wp-json\/wp\/v2\/comments?post=20089"}],"version-history":[{"count":1,"href":"https:\/\/leregardlibre.com\/de\/wp-json\/wp\/v2\/posts\/20089\/revisions"}],"predecessor-version":[{"id":510430,"href":"https:\/\/leregardlibre.com\/de\/wp-json\/wp\/v2\/posts\/20089\/revisions\/510430"}],"wp:featuredmedia":[{"embeddable":true,"href":"https:\/\/leregardlibre.com\/de\/wp-json\/wp\/v2\/media\/510431"}],"wp:attachment":[{"href":"https:\/\/leregardlibre.com\/de\/wp-json\/wp\/v2\/media?parent=20089"}],"wp:term":[{"taxonomy":"category","embeddable":true,"href":"https:\/\/leregardlibre.com\/de\/wp-json\/wp\/v2\/categories?post=20089"},{"taxonomy":"post_tag","embeddable":true,"href":"https:\/\/leregardlibre.com\/de\/wp-json\/wp\/v2\/tags?post=20089"}],"curies":[{"name":"wp","href":"https:\/\/api.w.org\/{rel}","templated":true}]}}