{"id":20153,"date":"2019-04-05T20:41:20","date_gmt":"2019-04-05T19:41:20","guid":{"rendered":"https:\/\/leregardlibre.com\/?p=20153"},"modified":"2022-09-04T10:33:08","modified_gmt":"2022-09-04T08:33:08","slug":"alpenbier-der-neue-schweizer-star-der-cff-restaurants","status":"publish","type":"post","link":"https:\/\/leregardlibre.com\/de\/gastronomie\/alpenbier-der-neue-schweizer-star-der-cff-restaurants\/","title":{"rendered":"\u00abAlpenbier\u00bb, der neue Schweizer Star in den SBB-Restaurants"},"content":{"rendered":"<p><em>Die Freitage der Mikrobrauerei - Jonas Follonier<\/em><\/p>\n\n\n\n<p class=\"has-drop-cap\"><strong>Es ist ein echtes Erlebnis, dieses unbekannte Bier aus der Zentralschweiz in den Mund zu nehmen, das seit kurzem in den Speisewagen der SBB-Z\u00fcge angeboten wird.  Eine Reise und eine \u00dcberraschung im Land des Bio-Alkohols sind garantiert.<\/strong><\/p>\n\n\n\n<!--more Lire la chronique-->\n\n\n\n<p>Es ging darum, \u00abein anderes\u00bb zu testen. Ein anderes Hopfengetr\u00e4nk als das Nostra, ein Tessiner Bier von schlechter Qualit\u00e4t, das <a href=\"https:\/\/leregardlibre.com\/de\/2018\/10\/26\/la-nostra-a-la-votre-ou-pas\/\">wir hatten hinabgestiegen<\/a> im doppelten Sinne des Wortes. Heute verwandelt sich unser Medium in einen betrunkenen Blick. Nicht, dass ich mehrere einzigartige Exemplare dieses Flaschenbiers getestet h\u00e4tte: Die Trunkenheit ist als intellektuelles Vergn\u00fcgen zu verstehen. Es ist der Rausch, meine Vorurteile \u00fcberwunden zu haben.<\/p>\n\n\n\n<p>Naturtr\u00fcb, wie die Brauerei in ihrer Beschreibung annimmt <a href=\"http:\/\/www.einsiedlerbier.ch\/index.php?option=com_content&amp;view=article&amp;id=33:alpenbier&amp;catid=22&amp;Itemid=140&amp;lang=de-de\">hier einsehbar<\/a>, l\u2019<em>Alpenbier<\/em> bringt den Agenten der ersten Schn\u00e4pse in eine unangenehme Situation. Der Grund daf\u00fcr ist, dass man sich an all diese ungew\u00f6hnlichen Aromen gew\u00f6hnen muss, die sicherlich auf die fehlende Filterung und die Tr\u00fcbung der Hefe zur\u00fcckzuf\u00fchren sind. Sobald die Frigidit\u00e4t und der Konformismus \u00fcberwunden sind, entwickelt sich eine Form der Wertsch\u00e4tzung, die immer ausgepr\u00e4gter wird. Und die Magie entfaltet sich und enth\u00fcllt mit ihr Spitzen von bizarren Zitrusfr\u00fcchten und psychedelischer Frische.<\/p>\n\n\n\n<p>Ja, dieses Bier aus Einsiedeln im Kanton Schwyz l\u00e4sst sich ohne gro\u00dfe Probleme genie\u00dfen, das kann man wohl sagen. Eine Gelegenheit, eine Kolumne zu schreiben, die alles andere als ungenie\u00dfbar ist. Und den Schweizerischen Bundesbahnen aufrichtig f\u00fcr ihre F\u00f6rderung des Lokalen und \u00d6kologischen zu applaudieren, denn schlie\u00dflich geht es um unsere Steuergelder und es w\u00e4re eine Schande, wenn wir nicht eines der 500 in unserem Land gebrauten handwerklich gebrauten Biere anbieten w\u00fcrden. Auf Ihre Gesundheit.<\/p>\n\n\n\n<p><em>Schreiben Sie dem Autor: <\/em><a href=\"mailto:jonas.follonier@leregardlibre.com\"><em>jonas.follonier@leregardlibre.com<\/em><\/a><\/p>\n\n\n\n<hr class=\"wp-block-separator\"\/>\n\n\n\n<p>Fotocredit: \u00a9 Jonas Follonier f\u00fcr <em>Le Regard Libre<\/em><\/p>","protected":false},"excerpt":{"rendered":"<p>Les vendredis de la microbrasserie &#8211; Jonas Follonier Une v\u00e9ritable exp\u00e9rience que l&#8217;aspiration buccale de cette bi\u00e8re inconnue venue du&#8230;<\/p>","protected":false},"author":138,"featured_media":20159,"comment_status":"open","ping_status":"open","sticky":false,"template":"","format":"standard","meta":{"_acf_changed":false,"footnotes":""},"categories":[42546],"tags":[644341559,241857,962816,644341562,2846757,644341563,644340146],"class_list":["post-20153","post","type-post","status-publish","format-standard","has-post-thumbnail","hentry","category-gastronomie","tag-alpenbier","tag-biere","tag-cff","tag-einsiedeln","tag-microbrasserie","tag-schwitz","tag-wagon-restaurant"],"acf":[],"yoast_head":"<!-- This site is optimized with the Yoast SEO Premium plugin v27.4 (Yoast SEO v27.4) - https:\/\/yoast.com\/product\/yoast-seo-premium-wordpress\/ -->\n<title>\u00abAlpenbier\u00bb, la nouvelle star suisse des restaurants CFF<\/title>\n<meta name=\"robots\" content=\"index, follow, max-snippet:-1, max-image-preview:large, max-video-preview:-1\" \/>\n<link rel=\"canonical\" href=\"https:\/\/leregardlibre.com\/de\/gastronomie\/alpenbier-der-neue-schweizer-star-der-cff-restaurants\/\" \/>\n<meta property=\"og:locale\" content=\"de_DE\" \/>\n<meta property=\"og:type\" content=\"article\" \/>\n<meta property=\"og:title\" content=\"\u00abAlpenbier\u00bb, la nouvelle star suisse des restaurants CFF\" \/>\n<meta property=\"og:description\" content=\"Les vendredis de la microbrasserie - Jonas Follonier Une v\u00e9ritable exp\u00e9rience que l&#039;aspiration buccale de cette bi\u00e8re inconnue venue du...\" \/>\n<meta property=\"og:url\" content=\"https:\/\/leregardlibre.com\/de\/gastronomie\/alpenbier-der-neue-schweizer-star-der-cff-restaurants\/\" \/>\n<meta property=\"og:site_name\" content=\"Le Regard Libre\" \/>\n<meta property=\"article:publisher\" content=\"https:\/\/www.facebook.com\/leregardlibre\/\" \/>\n<meta property=\"article:author\" content=\"https:\/\/www.facebook.com\/jonas.follonier\/\" \/>\n<meta property=\"article:published_time\" content=\"2019-04-05T19:41:20+00:00\" \/>\n<meta property=\"article:modified_time\" content=\"2022-09-04T08:33:08+00:00\" \/>\n<meta property=\"og:image\" content=\"https:\/\/leregardlibre.com\/wp-content\/uploads\/2019\/04\/Alpenbier-scaled.jpg\" \/>\n\t<meta property=\"og:image:width\" content=\"4026\" \/>\n\t<meta property=\"og:image:height\" content=\"2527\" \/>\n\t<meta property=\"og:image:type\" content=\"image\/jpeg\" \/>\n<meta name=\"author\" content=\"Jonas Follonier\" \/>\n<meta name=\"twitter:card\" content=\"summary_large_image\" \/>\n<meta name=\"twitter:creator\" content=\"@LeRegardLibre\" \/>\n<meta name=\"twitter:site\" content=\"@LeRegardLibre\" \/>\n<meta name=\"twitter:label1\" content=\"Verfasst von\" \/>\n\t<meta name=\"twitter:data1\" content=\"Jonas Follonier\" \/>\n\t<meta name=\"twitter:label2\" content=\"Gesch\u00e4tzte Lesezeit\" \/>\n\t<meta name=\"twitter:data2\" content=\"2\u00a0Minuten\" \/>\n<script type=\"application\/ld+json\" class=\"yoast-schema-graph\">{\"@context\":\"https:\\\/\\\/schema.org\",\"@graph\":[{\"@type\":\"Article\",\"@id\":\"https:\\\/\\\/leregardlibre.com\\\/gastronomie\\\/alpenbier-la-nouvelle-star-suisse-des-restaurants-cff\\\/#article\",\"isPartOf\":{\"@id\":\"https:\\\/\\\/leregardlibre.com\\\/gastronomie\\\/alpenbier-la-nouvelle-star-suisse-des-restaurants-cff\\\/\"},\"author\":{\"name\":\"Jonas Follonier\",\"@id\":\"https:\\\/\\\/leregardlibre.com\\\/#\\\/schema\\\/person\\\/bfe5aa794a23be71485d60e2d93ec0d2\"},\"headline\":\"\u00abAlpenbier\u00bb, la nouvelle star suisse des restaurants CFF\",\"datePublished\":\"2019-04-05T19:41:20+00:00\",\"dateModified\":\"2022-09-04T08:33:08+00:00\",\"mainEntityOfPage\":{\"@id\":\"https:\\\/\\\/leregardlibre.com\\\/gastronomie\\\/alpenbier-la-nouvelle-star-suisse-des-restaurants-cff\\\/\"},\"wordCount\":346,\"commentCount\":0,\"publisher\":{\"@id\":\"https:\\\/\\\/leregardlibre.com\\\/#organization\"},\"image\":{\"@id\":\"https:\\\/\\\/leregardlibre.com\\\/gastronomie\\\/alpenbier-la-nouvelle-star-suisse-des-restaurants-cff\\\/#primaryimage\"},\"thumbnailUrl\":\"https:\\\/\\\/leregardlibre.com\\\/wp-content\\\/uploads\\\/2019\\\/04\\\/Alpenbier-scaled.jpg\",\"keywords\":[\"alpenbier\",\"Bi\u00e8re\",\"CFF\",\"einsiedeln\",\"Microbrasseries\",\"schwitz\",\"wagon restaurant\"],\"articleSection\":[\"Gastronomie\"],\"inLanguage\":\"de\",\"potentialAction\":[{\"@type\":\"CommentAction\",\"name\":\"Comment\",\"target\":[\"https:\\\/\\\/leregardlibre.com\\\/gastronomie\\\/alpenbier-la-nouvelle-star-suisse-des-restaurants-cff\\\/#respond\"]}]},{\"@type\":\"WebPage\",\"@id\":\"https:\\\/\\\/leregardlibre.com\\\/gastronomie\\\/alpenbier-la-nouvelle-star-suisse-des-restaurants-cff\\\/\",\"url\":\"https:\\\/\\\/leregardlibre.com\\\/gastronomie\\\/alpenbier-la-nouvelle-star-suisse-des-restaurants-cff\\\/\",\"name\":\"\u00abAlpenbier\u00bb, la nouvelle star suisse des restaurants CFF\",\"isPartOf\":{\"@id\":\"https:\\\/\\\/leregardlibre.com\\\/#website\"},\"primaryImageOfPage\":{\"@id\":\"https:\\\/\\\/leregardlibre.com\\\/gastronomie\\\/alpenbier-la-nouvelle-star-suisse-des-restaurants-cff\\\/#primaryimage\"},\"image\":{\"@id\":\"https:\\\/\\\/leregardlibre.com\\\/gastronomie\\\/alpenbier-la-nouvelle-star-suisse-des-restaurants-cff\\\/#primaryimage\"},\"thumbnailUrl\":\"https:\\\/\\\/leregardlibre.com\\\/wp-content\\\/uploads\\\/2019\\\/04\\\/Alpenbier-scaled.jpg\",\"datePublished\":\"2019-04-05T19:41:20+00:00\",\"dateModified\":\"2022-09-04T08:33:08+00:00\",\"breadcrumb\":{\"@id\":\"https:\\\/\\\/leregardlibre.com\\\/gastronomie\\\/alpenbier-la-nouvelle-star-suisse-des-restaurants-cff\\\/#breadcrumb\"},\"inLanguage\":\"de\",\"potentialAction\":[{\"@type\":\"ReadAction\",\"target\":[\"https:\\\/\\\/leregardlibre.com\\\/gastronomie\\\/alpenbier-la-nouvelle-star-suisse-des-restaurants-cff\\\/\"]}]},{\"@type\":\"ImageObject\",\"inLanguage\":\"de\",\"@id\":\"https:\\\/\\\/leregardlibre.com\\\/gastronomie\\\/alpenbier-la-nouvelle-star-suisse-des-restaurants-cff\\\/#primaryimage\",\"url\":\"https:\\\/\\\/leregardlibre.com\\\/wp-content\\\/uploads\\\/2019\\\/04\\\/Alpenbier-scaled.jpg\",\"contentUrl\":\"https:\\\/\\\/leregardlibre.com\\\/wp-content\\\/uploads\\\/2019\\\/04\\\/Alpenbier-scaled.jpg\",\"width\":4026,\"height\":2527},{\"@type\":\"BreadcrumbList\",\"@id\":\"https:\\\/\\\/leregardlibre.com\\\/gastronomie\\\/alpenbier-la-nouvelle-star-suisse-des-restaurants-cff\\\/#breadcrumb\",\"itemListElement\":[{\"@type\":\"ListItem\",\"position\":1,\"name\":\"Accueil\",\"item\":\"https:\\\/\\\/leregardlibre.com\\\/\"},{\"@type\":\"ListItem\",\"position\":2,\"name\":\"\u00abAlpenbier\u00bb, la nouvelle star suisse des restaurants CFF\"}]},{\"@type\":\"WebSite\",\"@id\":\"https:\\\/\\\/leregardlibre.com\\\/#website\",\"url\":\"https:\\\/\\\/leregardlibre.com\\\/\",\"name\":\"Le Regard Libre\",\"description\":\"Premier mensuel suisse de d\u00e9bat\",\"publisher\":{\"@id\":\"https:\\\/\\\/leregardlibre.com\\\/#organization\"},\"potentialAction\":[{\"@type\":\"SearchAction\",\"target\":{\"@type\":\"EntryPoint\",\"urlTemplate\":\"https:\\\/\\\/leregardlibre.com\\\/?s={search_term_string}\"},\"query-input\":{\"@type\":\"PropertyValueSpecification\",\"valueRequired\":true,\"valueName\":\"search_term_string\"}}],\"inLanguage\":\"de\"},{\"@type\":\"Organization\",\"@id\":\"https:\\\/\\\/leregardlibre.com\\\/#organization\",\"name\":\"Le Regard Libre\",\"url\":\"https:\\\/\\\/leregardlibre.com\\\/\",\"logo\":{\"@type\":\"ImageObject\",\"inLanguage\":\"de\",\"@id\":\"https:\\\/\\\/leregardlibre.com\\\/#\\\/schema\\\/logo\\\/image\\\/\",\"url\":\"https:\\\/\\\/leregardlibre.com\\\/wp-content\\\/uploads\\\/2025\\\/08\\\/logo-rl-icone-neg.jpeg\",\"contentUrl\":\"https:\\\/\\\/leregardlibre.com\\\/wp-content\\\/uploads\\\/2025\\\/08\\\/logo-rl-icone-neg.jpeg\",\"width\":557,\"height\":556,\"caption\":\"Le Regard Libre\"},\"image\":{\"@id\":\"https:\\\/\\\/leregardlibre.com\\\/#\\\/schema\\\/logo\\\/image\\\/\"},\"sameAs\":[\"https:\\\/\\\/www.facebook.com\\\/leregardlibre\\\/\",\"https:\\\/\\\/x.com\\\/LeRegardLibre\",\"https:\\\/\\\/www.linkedin.com\\\/company\\\/le-regard-libre\",\"https:\\\/\\\/www.instagram.com\\\/leregardlibre\\\/\",\"http:\\\/\\\/t.me\\\/leregardlibre\",\"https:\\\/\\\/youtube.com\\\/channel\\\/UC6HzGPomj1LsUmlz-sJtITQ\"],\"description\":\"Le Regard Libre est un mensuel suisse de d\u00e9bat intellectuel et culturel. Sa r\u00e9daction est jeune, b\u00e9n\u00e9vole, lib\u00e9rale et pluraliste. Le magazine para\u00eet en ligne et sous forme papier. Sa langue est le fran\u00e7ais.\",\"email\":\"redaction@leregardlibre.com\",\"legalName\":\"Le Regard Libre\",\"foundingDate\":\"2014-01-01\",\"numberOfEmployees\":{\"@type\":\"QuantitativeValue\",\"minValue\":\"11\",\"maxValue\":\"50\"},\"publishingPrinciples\":\"https:\\\/\\\/leregardlibre.com\\\/a-propos\\\/notre-manifeste\\\/\",\"ownershipFundingInfo\":\"https:\\\/\\\/leregardlibre.com\\\/mentions-legales\\\/\",\"actionableFeedbackPolicy\":\"https:\\\/\\\/leregardlibre.com\\\/conditions-generales-de-vente\\\/\"},{\"@type\":\"Person\",\"@id\":\"https:\\\/\\\/leregardlibre.com\\\/#\\\/schema\\\/person\\\/bfe5aa794a23be71485d60e2d93ec0d2\",\"name\":\"Jonas Follonier\",\"image\":{\"@type\":\"ImageObject\",\"inLanguage\":\"de\",\"@id\":\"https:\\\/\\\/secure.gravatar.com\\\/avatar\\\/602060b40f6a458420c2d140f49b6caea99152ce6704f2c332e5a0c5aad80303?s=96&d=identicon&r=g\",\"url\":\"https:\\\/\\\/secure.gravatar.com\\\/avatar\\\/602060b40f6a458420c2d140f49b6caea99152ce6704f2c332e5a0c5aad80303?s=96&d=identicon&r=g\",\"contentUrl\":\"https:\\\/\\\/secure.gravatar.com\\\/avatar\\\/602060b40f6a458420c2d140f49b6caea99152ce6704f2c332e5a0c5aad80303?s=96&d=identicon&r=g\",\"caption\":\"Jonas Follonier\"},\"description\":\"Correspondant au Palais f\u00e9d\u00e9ral pour \u00abL\u2019Agefi\u00bb, auteur-compositeur-interpr\u00e8te et essayiste, Jonas Follonier est le fondateur et r\u00e9dacteur en chef du \u00abRegard Libre\u00bb.\",\"sameAs\":[\"https:\\\/\\\/www.facebook.com\\\/jonas.follonier\\\/\",\"https:\\\/\\\/www.instagram.com\\\/jonasfollonier\\\/\",\"https:\\\/\\\/www.linkedin.com\\\/in\\\/jonasfollonier\\\/\",\"https:\\\/\\\/fr.wikipedia.org\\\/wiki\\\/Le_Regard_libre\"],\"url\":\"https:\\\/\\\/leregardlibre.com\\\/de\\\/author\\\/jonas-follonier\\\/\"}]}<\/script>\n<!-- \/ Yoast SEO Premium plugin. -->","yoast_head_json":{"title":"\u00abAlpenbier\u00bb, der neue Schweizer Star in den SBB-Restaurants","robots":{"index":"index","follow":"follow","max-snippet":"max-snippet:-1","max-image-preview":"max-image-preview:large","max-video-preview":"max-video-preview:-1"},"canonical":"https:\/\/leregardlibre.com\/de\/gastronomie\/alpenbier-der-neue-schweizer-star-der-cff-restaurants\/","og_locale":"de_DE","og_type":"article","og_title":"\u00abAlpenbier\u00bb, la nouvelle star suisse des restaurants CFF","og_description":"Les vendredis de la microbrasserie - Jonas Follonier Une v\u00e9ritable exp\u00e9rience que l'aspiration buccale de cette bi\u00e8re inconnue venue du...","og_url":"https:\/\/leregardlibre.com\/de\/gastronomie\/alpenbier-der-neue-schweizer-star-der-cff-restaurants\/","og_site_name":"Le Regard Libre","article_publisher":"https:\/\/www.facebook.com\/leregardlibre\/","article_author":"https:\/\/www.facebook.com\/jonas.follonier\/","article_published_time":"2019-04-05T19:41:20+00:00","article_modified_time":"2022-09-04T08:33:08+00:00","og_image":[{"width":4026,"height":2527,"url":"https:\/\/leregardlibre.com\/wp-content\/uploads\/2019\/04\/Alpenbier-scaled.jpg","type":"image\/jpeg"}],"author":"Jonas Follonier","twitter_card":"summary_large_image","twitter_creator":"@LeRegardLibre","twitter_site":"@LeRegardLibre","twitter_misc":{"Verfasst von":"Jonas Follonier","Gesch\u00e4tzte Lesezeit":"2\u00a0Minuten"},"schema":{"@context":"https:\/\/schema.org","@graph":[{"@type":"Article","@id":"https:\/\/leregardlibre.com\/gastronomie\/alpenbier-la-nouvelle-star-suisse-des-restaurants-cff\/#article","isPartOf":{"@id":"https:\/\/leregardlibre.com\/gastronomie\/alpenbier-la-nouvelle-star-suisse-des-restaurants-cff\/"},"author":{"name":"Jonas Follonier","@id":"https:\/\/leregardlibre.com\/#\/schema\/person\/bfe5aa794a23be71485d60e2d93ec0d2"},"headline":"\u00abAlpenbier\u00bb, la nouvelle star suisse des restaurants CFF","datePublished":"2019-04-05T19:41:20+00:00","dateModified":"2022-09-04T08:33:08+00:00","mainEntityOfPage":{"@id":"https:\/\/leregardlibre.com\/gastronomie\/alpenbier-la-nouvelle-star-suisse-des-restaurants-cff\/"},"wordCount":346,"commentCount":0,"publisher":{"@id":"https:\/\/leregardlibre.com\/#organization"},"image":{"@id":"https:\/\/leregardlibre.com\/gastronomie\/alpenbier-la-nouvelle-star-suisse-des-restaurants-cff\/#primaryimage"},"thumbnailUrl":"https:\/\/leregardlibre.com\/wp-content\/uploads\/2019\/04\/Alpenbier-scaled.jpg","keywords":["alpenbier","Bi\u00e8re","CFF","einsiedeln","Microbrasseries","schwitz","wagon restaurant"],"articleSection":["Gastronomie"],"inLanguage":"de","potentialAction":[{"@type":"CommentAction","name":"Comment","target":["https:\/\/leregardlibre.com\/gastronomie\/alpenbier-la-nouvelle-star-suisse-des-restaurants-cff\/#respond"]}]},{"@type":"WebPage","@id":"https:\/\/leregardlibre.com\/gastronomie\/alpenbier-la-nouvelle-star-suisse-des-restaurants-cff\/","url":"https:\/\/leregardlibre.com\/gastronomie\/alpenbier-la-nouvelle-star-suisse-des-restaurants-cff\/","name":"\u00abAlpenbier\u00bb, der neue Schweizer Star in den SBB-Restaurants","isPartOf":{"@id":"https:\/\/leregardlibre.com\/#website"},"primaryImageOfPage":{"@id":"https:\/\/leregardlibre.com\/gastronomie\/alpenbier-la-nouvelle-star-suisse-des-restaurants-cff\/#primaryimage"},"image":{"@id":"https:\/\/leregardlibre.com\/gastronomie\/alpenbier-la-nouvelle-star-suisse-des-restaurants-cff\/#primaryimage"},"thumbnailUrl":"https:\/\/leregardlibre.com\/wp-content\/uploads\/2019\/04\/Alpenbier-scaled.jpg","datePublished":"2019-04-05T19:41:20+00:00","dateModified":"2022-09-04T08:33:08+00:00","breadcrumb":{"@id":"https:\/\/leregardlibre.com\/gastronomie\/alpenbier-la-nouvelle-star-suisse-des-restaurants-cff\/#breadcrumb"},"inLanguage":"de","potentialAction":[{"@type":"ReadAction","target":["https:\/\/leregardlibre.com\/gastronomie\/alpenbier-la-nouvelle-star-suisse-des-restaurants-cff\/"]}]},{"@type":"ImageObject","inLanguage":"de","@id":"https:\/\/leregardlibre.com\/gastronomie\/alpenbier-la-nouvelle-star-suisse-des-restaurants-cff\/#primaryimage","url":"https:\/\/leregardlibre.com\/wp-content\/uploads\/2019\/04\/Alpenbier-scaled.jpg","contentUrl":"https:\/\/leregardlibre.com\/wp-content\/uploads\/2019\/04\/Alpenbier-scaled.jpg","width":4026,"height":2527},{"@type":"BreadcrumbList","@id":"https:\/\/leregardlibre.com\/gastronomie\/alpenbier-la-nouvelle-star-suisse-des-restaurants-cff\/#breadcrumb","itemListElement":[{"@type":"ListItem","position":1,"name":"Accueil","item":"https:\/\/leregardlibre.com\/"},{"@type":"ListItem","position":2,"name":"\u00abAlpenbier\u00bb, la nouvelle star suisse des restaurants CFF"}]},{"@type":"WebSite","@id":"https:\/\/leregardlibre.com\/#website","url":"https:\/\/leregardlibre.com\/","name":"Le Regard Libre","description":"Erste Schweizer Monatszeitschrift f\u00fcr Debatten","publisher":{"@id":"https:\/\/leregardlibre.com\/#organization"},"potentialAction":[{"@type":"SearchAction","target":{"@type":"EntryPoint","urlTemplate":"https:\/\/leregardlibre.com\/?s={search_term_string}"},"query-input":{"@type":"PropertyValueSpecification","valueRequired":true,"valueName":"search_term_string"}}],"inLanguage":"de"},{"@type":"Organization","@id":"https:\/\/leregardlibre.com\/#organization","name":"Le Regard Libre","url":"https:\/\/leregardlibre.com\/","logo":{"@type":"ImageObject","inLanguage":"de","@id":"https:\/\/leregardlibre.com\/#\/schema\/logo\/image\/","url":"https:\/\/leregardlibre.com\/wp-content\/uploads\/2025\/08\/logo-rl-icone-neg.jpeg","contentUrl":"https:\/\/leregardlibre.com\/wp-content\/uploads\/2025\/08\/logo-rl-icone-neg.jpeg","width":557,"height":556,"caption":"Le Regard Libre"},"image":{"@id":"https:\/\/leregardlibre.com\/#\/schema\/logo\/image\/"},"sameAs":["https:\/\/www.facebook.com\/leregardlibre\/","https:\/\/x.com\/LeRegardLibre","https:\/\/www.linkedin.com\/company\/le-regard-libre","https:\/\/www.instagram.com\/leregardlibre\/","http:\/\/t.me\/leregardlibre","https:\/\/youtube.com\/channel\/UC6HzGPomj1LsUmlz-sJtITQ"],"description":"Le Regard Libre ist eine Schweizer Monatszeitschrift f\u00fcr intellektuelle und kulturelle Debatten. Seine Redaktion ist jung, ehrenamtlich, liberal und pluralistisch. Das Magazin erscheint online und in gedruckter Form. Seine Sprache ist Franz\u00f6sisch.","email":"redaction@leregardlibre.com","legalName":"Le Regard Libre","foundingDate":"2014-01-01","numberOfEmployees":{"@type":"QuantitativeValue","minValue":"11","maxValue":"50"},"publishingPrinciples":"https:\/\/leregardlibre.com\/a-propos\/notre-manifeste\/","ownershipFundingInfo":"https:\/\/leregardlibre.com\/mentions-legales\/","actionableFeedbackPolicy":"https:\/\/leregardlibre.com\/conditions-generales-de-vente\/"},{"@type":"Person","@id":"https:\/\/leregardlibre.com\/#\/schema\/person\/bfe5aa794a23be71485d60e2d93ec0d2","name":"Jonas Follonier","image":{"@type":"ImageObject","inLanguage":"de","@id":"https:\/\/secure.gravatar.com\/avatar\/602060b40f6a458420c2d140f49b6caea99152ce6704f2c332e5a0c5aad80303?s=96&d=identicon&r=g","url":"https:\/\/secure.gravatar.com\/avatar\/602060b40f6a458420c2d140f49b6caea99152ce6704f2c332e5a0c5aad80303?s=96&d=identicon&r=g","contentUrl":"https:\/\/secure.gravatar.com\/avatar\/602060b40f6a458420c2d140f49b6caea99152ce6704f2c332e5a0c5aad80303?s=96&d=identicon&r=g","caption":"Jonas Follonier"},"description":"Bundeshauskorrespondent f\u00fcr \u00abL'Agefi\u00bb, Singer-Songwriter, Jonas Follonier ist Gr\u00fcnder und Chefredakteur von \u00abRegard Libre\u00bb.","sameAs":["https:\/\/www.facebook.com\/jonas.follonier\/","https:\/\/www.instagram.com\/jonasfollonier\/","https:\/\/www.linkedin.com\/in\/jonasfollonier\/","https:\/\/fr.wikipedia.org\/wiki\/Le_Regard_libre"],"url":"https:\/\/leregardlibre.com\/de\/author\/jonas-follonier\/"}]}},"_links":{"self":[{"href":"https:\/\/leregardlibre.com\/de\/wp-json\/wp\/v2\/posts\/20153","targetHints":{"allow":["GET"]}}],"collection":[{"href":"https:\/\/leregardlibre.com\/de\/wp-json\/wp\/v2\/posts"}],"about":[{"href":"https:\/\/leregardlibre.com\/de\/wp-json\/wp\/v2\/types\/post"}],"author":[{"embeddable":true,"href":"https:\/\/leregardlibre.com\/de\/wp-json\/wp\/v2\/users\/138"}],"replies":[{"embeddable":true,"href":"https:\/\/leregardlibre.com\/de\/wp-json\/wp\/v2\/comments?post=20153"}],"version-history":[{"count":1,"href":"https:\/\/leregardlibre.com\/de\/wp-json\/wp\/v2\/posts\/20153\/revisions"}],"predecessor-version":[{"id":510437,"href":"https:\/\/leregardlibre.com\/de\/wp-json\/wp\/v2\/posts\/20153\/revisions\/510437"}],"wp:featuredmedia":[{"embeddable":true,"href":"https:\/\/leregardlibre.com\/de\/wp-json\/wp\/v2\/media\/20159"}],"wp:attachment":[{"href":"https:\/\/leregardlibre.com\/de\/wp-json\/wp\/v2\/media?parent=20153"}],"wp:term":[{"taxonomy":"category","embeddable":true,"href":"https:\/\/leregardlibre.com\/de\/wp-json\/wp\/v2\/categories?post=20153"},{"taxonomy":"post_tag","embeddable":true,"href":"https:\/\/leregardlibre.com\/de\/wp-json\/wp\/v2\/tags?post=20153"}],"curies":[{"name":"wp","href":"https:\/\/api.w.org\/{rel}","templated":true}]}}