{"id":20593,"date":"2019-05-12T10:00:22","date_gmt":"2019-05-12T09:00:22","guid":{"rendered":"https:\/\/leregardlibre.com\/?p=20593"},"modified":"2025-10-18T16:16:12","modified_gmt":"2025-10-18T14:16:12","slug":"das-klagelied-des-kriegers","status":"publish","type":"post","link":"https:\/\/leregardlibre.com\/de\/darstellende-kunste\/theater\/das-klagelied-des-kriegers\/","title":{"rendered":"Das Klagelied des Kriegers"},"content":{"rendered":"<p class=\"p1\"><em><a href=\"https:\/\/leregardlibre.com\/de\/produkt\/der-freie-blick-n-49\/\">Le Regard Libre Nr. 49<\/a>&nbsp;- Ivan Garcia<\/em><\/p>\n\n\n\n<p class=\"has-drop-cap\"><strong>Die neue Kreation von Fr\u00e9d\u00e9ric Fisbach und Dieudonn\u00e9 Niangouna, <em>Und Gott wog nicht viel...<\/em>, wurde zwischen dem 19. und 21. Februar 2019 im Th\u00e9\u00e2tre de Vidy aufgef\u00fchrt. Das Drama besteht aus energischem Geschrei und inszeniert die umfassende Anklage eines Mannes gegen eine korrupte Welt.<\/strong><\/p>\n\n\n\n<!--more Lire l'article-->\n\n\n\n<p class=\"p1\">Am Mittwoch, den 20. Februar 2019, herrscht im Pavillon des Th\u00e9\u00e2tre de Vidy eine seltsame Atmosph\u00e4re im Saal. Kurz vor Beginn der Vorstellung murmeln die Zuschauer \u00fcber ihre Ungeduld angesichts der R\u00fcckkehr von Dieudonn\u00e9 Niangouna, der - beim letzten Mal - f\u00fcr einige Polemik gesorgt hatte mit seinem St\u00fcck mit dem Titel <em>Nkengu\u00e9gi<\/em>, Ein komplexes Werk, das \u00fcber drei Stunden dauerte und bei dem das Publikum vor der H\u00e4lfte der Zeit das Haus verlie\u00df. Diesmal gab es jedoch keine Rollerblades, Fl\u00f6\u00dfe, Kost\u00fcmpartys und - zu viele - Szenenwechsel.<\/p>\n\n\n\n<p><em>Und Gott wog nicht viel...<\/em> stellt einen Mann auf die B\u00fchne, der von Fr\u00e9d\u00e9ric Fisbach gespielt wird. Dieser ist allein auf der B\u00fchne und tr\u00e4gt ein <em>Jeans<\/em>, Eine Kapuzenjacke und ein <em>T-Shirt<\/em>; er sagt, sein Name sei Anton. Er beschreibt sehr schnell seine Erlebnisse, denn er h\u00e4lt sich nicht f\u00fcr einen gew\u00f6hnlichen Protagonisten. Er stammt aus einem Pariser Vorort und war 23 Jahre lang in verschiedenen Kerkern rund um die Welt eingesperrt: von der CIA \u00fcber den Keller eines Rebellen bis hin zu einer dschihadistischen Gruppierung. Es handelt sich also um die Geschichte eines Vagabunden oder vielmehr eines Revoluzzers, die Anton uns erz\u00e4hlen m\u00f6chte. <em>maelstr\u00f6m<\/em> Der Protagonist will sich entleeren und der Welt seine H\u00e4sslichkeit, Dummheit und Mittelm\u00e4\u00dfigkeit ausspucken.<\/p>\n\n\n\n<h3 class=\"wp-block-heading\"><strong>Ein Zorn an einem unbekannten Ort<\/strong><\/h3>\n\n\n\n<p>Um ehrlich zu sein, wei\u00df der Zuschauer nicht wirklich, wo sich Anton befindet. Er scheint wie in einer Zelle eingesperrt zu sein und wird von einer \u00dcberwachungskamera beobachtet. Er ist dem Licht der Scheinwerfer ausgesetzt, br\u00fcllt, argumentiert und st\u00f6hnt, und wenn er die von seinem Kerkermeister auferlegten Grenzen \u00fcberschreitet, ert\u00f6nt ein schriller Ultraschallton. Im Angesicht seines Halters, der ihm die Gedanken- und Meinungsfreiheit abspricht, br\u00fcllt Anton mit seiner kr\u00e4ftigen und eisigen Stimme mal und mal diskutiert er \u00fcber das, was ihn in dieser Welt schwerf\u00e4llig macht: Kriege, Hunger in der Welt, Egoismus, korrupte Politiker und andere aktuelle Themen.<\/p>\n\n\n\n<p>Die Lebensgeschichte des Protagonisten, die mit diesen Themen in Verbindung steht, ist fluktuierend, da verschiedene Erz\u00e4hlmethoden eingesetzt werden, um bestimmte Ereignisse oder Begegnungen zu erl\u00e4utern. Der Film schwankt zwischen Analepsen, Abbildern und berichteter Rede. Der Schauspieler ist auf der wie ein Gef\u00e4ngnis begrenzten B\u00fchne gefangen, dreht sich im Kreis und f\u00fchrt zyklische Gedankeng\u00e4nge aus.<\/p>\n\n\n\n<p>Wenn man es genau betrachtet, gibt es eine Person, die in diesem St\u00fcck besonders auff\u00e4llt. Es ist weder Anton, noch der Anf\u00fchrer der Dschihadisten, noch der Mann, der ihn \u00fcberwachen soll, sondern ein gewisser Saoul Atman, ein Guru, der elektronische Musik komponiert. <em>Clubs<\/em> der Stadt.<\/p>\n\n\n\n<p>Mit Beginn der Erz\u00e4hlung \u00fcber diese Begegnung wird die Atmosph\u00e4re elektrisierend. Das zuvor wei\u00dfe Licht verwandelt sich in scharlachrote Strahlen, die Nebelmaschinen laufen hei\u00df und die elektronische Musik ist in vollem Gange. Saoul Atman erweist sich als <em>dandy<\/em> exzentrisch, der nachts in bester Manier mixt <em>Club<\/em> Er ist ein Mann aus Seattle, der sich tags\u00fcber in seine unterirdische Bibliothek zur\u00fcckzieht, um an \u00abDas Werk\u00bb zu arbeiten, das die Welt unterwandern soll. Als er sich mit Saoul anfreundet, entdeckt Anton fasziniert diese esoterische Welt und beschlie\u00dft, an dem Projekt teilzunehmen.<\/p>\n\n\n\n<h3 class=\"wp-block-heading\"><strong>Die Adaption eines bestellten Textes&nbsp;<\/strong><\/h3>\n\n\n\n<p>Das St\u00fcck ist ein Auftragswerk von Fr\u00e9d\u00e9ric Fisbach an Dieudonn\u00e9 Niangouna. Wenn der Zuschauer die Ohren spitzt, erkennt er Niangounas kraftvolle und scharfe Stimme, sein flammendes Wort, seine scharfe Kritik und seine zerst\u00f6rten Illusionen. Das zeugt von einer gewagten Entscheidung: einen Text, der m\u00fcndlich f\u00fcr den m\u00fcndlichen Gebrauch geschrieben wurde, von Fisbach spielen zu lassen, der ihn nicht selbst erarbeitet hat - und manchmal h\u00f6rt man das auch. Wir h\u00e4tten vielleicht Niangouna - mit seinem kongolesischen Akzent - und seine schlagfertigen Antworten vorgezogen. Aber Fisbach, der meisterhaft zwischen K\u00f6rperspiel und Worten wechselt, schafft es, den Zuschauer von der Aufrichtigkeit der Aussage und ihrer Wiederaneignung zu \u00fcberzeugen.<\/p>\n\n\n\n<p>Wenn man \u00fcbrigens den Originaltext zugrunde legt, der bei Editions Les Solitaires Intempestifs erschienen ist, stellt man fest, dass der Regisseur die Entscheidung getroffen hat, nicht den gesamten Text von Niangouna zu adaptieren, zweifellos um nicht die Schmiererei von <em>Nkengu\u00e9gi<\/em>, Der Film dauerte ungef\u00e4hr drei Stunden und drei\u00dfig Minuten. Man wei\u00df, dass Niangouna die Logorrhoe eines Kriegers hat. Dieser ewig unzufriedene, nie besiegte Mann nimmt es auf sich, der Welt ins Gesicht zu spucken - manchmal sogar zu viel -, was ihm sowohl Erfolg als auch Entt\u00e4uschung bescheren kann.<\/p>\n\n\n\n<p><em>Und Gott wog nicht schwer<\/em>... ist ein nicht n\u00e4her definiertes Genre, das sich zwischen einer Absichtserkl\u00e4rung und einem rebellischen Selbstgespr\u00e4ch bewegt. Wenn der Zuschauer an einer Auff\u00fchrung teilnimmt, sieht er sich weder einem klassischen St\u00fcck noch einem allzu bekannten Dramatiker gegen\u00fcber. Er ist dann der einzige Richter im Saal. Fisbach und Niangouna liefern ein aufrichtiges Drama, das ein <em>Katharsis<\/em> seiner Emotionen, seiner Schuld und seines Stresses, doch sie verfallen schnell in Klischees und \u00dcbersch\u00fcsse. Der \u00dcbergang von einer Zeit, in der \u00abGott nicht schwer war\u00bb, zu einer Zeit der transzendenten Schwere, von der Klage des Verbrauchers zur Klage des Kriegers.<\/p>\n\n\n\n<p><em>Schreiben Sie dem Autor: <a href=\"mailto:ivan.garcia@leregardlibre.com\">ivan.garcia@leregardlibre.com<\/a><\/em><\/p>\n\n\n<div data-block-name=\"woocommerce\/handpicked-products\" data-edit-mode=\"false\" data-orderby=\"price_asc\" data-products=\"[19953,19241,17631]\" class=\"wc-block-grid wp-block-handpicked-products wp-block-woocommerce-handpicked-products wc-block-handpicked-products has-3-columns has-multiple-rows\"><ul class=\"wc-block-grid__products\"><li class=\"wc-block-grid__product\">\n\t\t\t\t<a href=\"https:\/\/leregardlibre.com\/de\/produkt\/der-freie-blick-n-49\/\" class=\"wc-block-grid__product-link\">\n\t\t\t\t\t\n\t\t\t\t\t<div class=\"wc-block-grid__product-image\"><img fetchpriority=\"high\" decoding=\"async\" width=\"300\" height=\"424\" src=\"https:\/\/leregardlibre.com\/wp-content\/uploads\/2019\/03\/Une-RL-N\u00b0-49-300x424.jpg\" class=\"attachment-woocommerce_thumbnail size-woocommerce_thumbnail\" alt=\"Le Regard Libre - Nr. 49\" srcset=\"https:\/\/leregardlibre.com\/wp-content\/uploads\/2019\/03\/Une-RL-N\u00b0-49-300x424.jpg 300w, https:\/\/leregardlibre.com\/wp-content\/uploads\/2019\/03\/Une-RL-N\u00b0-49-106x150.jpg 106w, https:\/\/leregardlibre.com\/wp-content\/uploads\/2019\/03\/Une-RL-N\u00b0-49-212x300.jpg 212w, https:\/\/leregardlibre.com\/wp-content\/uploads\/2019\/03\/Une-RL-N\u00b0-49-768x1086.jpg 768w, https:\/\/leregardlibre.com\/wp-content\/uploads\/2019\/03\/Une-RL-N\u00b0-49-724x1024.jpg 724w, https:\/\/leregardlibre.com\/wp-content\/uploads\/2019\/03\/Une-RL-N\u00b0-49-1086x1536.jpg 1086w, https:\/\/leregardlibre.com\/wp-content\/uploads\/2019\/03\/Une-RL-N\u00b0-49-1448x2048.jpg 1448w, https:\/\/leregardlibre.com\/wp-content\/uploads\/2019\/03\/Une-RL-N\u00b0-49-1200x1697.jpg 1200w, https:\/\/leregardlibre.com\/wp-content\/uploads\/2019\/03\/Une-RL-N\u00b0-49-1920x2715.jpg 1920w, https:\/\/leregardlibre.com\/wp-content\/uploads\/2019\/03\/Une-RL-N\u00b0-49-1170x1655.jpg 1170w, https:\/\/leregardlibre.com\/wp-content\/uploads\/2019\/03\/Une-RL-N\u00b0-49-585x827.jpg 585w, https:\/\/leregardlibre.com\/wp-content\/uploads\/2019\/03\/Une-RL-N\u00b0-49-600x849.jpg 600w\" sizes=\"(max-width: 300px) 100vw, 300px\" \/><\/div>\n\t\t\t\t\t<div class=\"wc-block-grid__product-title\">Le Regard Libre - Nr. 49<\/div>\n\t\t\t\t<\/a>\n\t\t\t\t<div class=\"wc-block-grid__product-price price\"><span class=\"woocommerce-Price-amount amount\"><span class=\"woocommerce-Price-currencySymbol\">CHF<\/span>10.00<\/span><\/div>\n\t\t\t\t\n\t\t\t\t<div class=\"wp-block-button wc-block-grid__product-add-to-cart\"><a href=\"\/de\/wp-json\/wp\/v2\/posts\/20593?add-to-cart=19953\" aria-label=\"In den Warenkorb legen: \u201eLe Regard Libre - N\u00b0 49\u201c.\u201c\" data-quantity=\"1\" data-product_id=\"19953\" data-product_sku=\"\" data-price=\"10\" rel=\"nofollow\" class=\"wp-block-button__link  add_to_cart_button ajax_add_to_cart\">In den Warenkorb<\/a><\/div>\n\t\t\t<\/li><li class=\"wc-block-grid__product\">\n\t\t\t\t<a href=\"https:\/\/leregardlibre.com\/de\/produkt\/le-regard-libre-abonnement-annuel-a-la-version-papier\/\" class=\"wc-block-grid__product-link\">\n\t\t\t\t\t\n\t\t\t\t\t<div class=\"wc-block-grid__product-image\"><img decoding=\"async\" width=\"300\" height=\"300\" src=\"https:\/\/leregardlibre.com\/wp-content\/uploads\/woocommerce-placeholder.webp\" class=\"woocommerce-placeholder wp-post-image\" alt=\"\" srcset=\"https:\/\/leregardlibre.com\/wp-content\/uploads\/woocommerce-placeholder.webp 1200w, https:\/\/leregardlibre.com\/wp-content\/uploads\/woocommerce-placeholder-300x300.webp 300w, https:\/\/leregardlibre.com\/wp-content\/uploads\/woocommerce-placeholder-1024x1024.webp 1024w, https:\/\/leregardlibre.com\/wp-content\/uploads\/woocommerce-placeholder-150x150.webp 150w, https:\/\/leregardlibre.com\/wp-content\/uploads\/woocommerce-placeholder-768x768.webp 768w, https:\/\/leregardlibre.com\/wp-content\/uploads\/woocommerce-placeholder-1170x1170.webp 1170w, https:\/\/leregardlibre.com\/wp-content\/uploads\/woocommerce-placeholder-585x585.webp 585w\" sizes=\"(max-width: 300px) 100vw, 300px\" \/><\/div>\n\t\t\t\t\t<div class=\"wc-block-grid__product-title\">Standard-Abonnement (Schweiz)<\/div>\n\t\t\t\t<\/a>\n\t\t\t\t<div class=\"wc-block-grid__product-price price\"><span class=\"woocommerce-Price-amount amount\"><span class=\"woocommerce-Price-currencySymbol\">CHF<\/span>100.00<\/span> <span class=\"subscription-details\"> \/ Jahr<\/span><\/div>\n\t\t\t\t\n\t\t\t\t<div class=\"wp-block-button wc-block-grid__product-add-to-cart\"><a href=\"\/de\/wp-json\/wp\/v2\/posts\/20593?add-to-cart=17631\" aria-label=\"Jetzt abonnieren: \u201eStandardabonnement (Schweiz)\u201c.\u201c\" data-quantity=\"1\" data-product_id=\"17631\" data-product_sku=\"\" data-price=\"100\" rel=\"nofollow\" class=\"wp-block-button__link  add_to_cart_button ajax_add_to_cart\">Jetzt abonnieren<\/a><\/div>\n\t\t\t<\/li><li class=\"wc-block-grid__product\">\n\t\t\t\t<a href=\"https:\/\/leregardlibre.com\/de\/produkt\/fordermitgliedschaft\/\" class=\"wc-block-grid__product-link\">\n\t\t\t\t\t\n\t\t\t\t\t<div class=\"wc-block-grid__product-image\"><img decoding=\"async\" width=\"300\" height=\"300\" src=\"https:\/\/leregardlibre.com\/wp-content\/uploads\/woocommerce-placeholder.webp\" class=\"woocommerce-placeholder wp-post-image\" alt=\"\" srcset=\"https:\/\/leregardlibre.com\/wp-content\/uploads\/woocommerce-placeholder.webp 1200w, https:\/\/leregardlibre.com\/wp-content\/uploads\/woocommerce-placeholder-300x300.webp 300w, https:\/\/leregardlibre.com\/wp-content\/uploads\/woocommerce-placeholder-1024x1024.webp 1024w, https:\/\/leregardlibre.com\/wp-content\/uploads\/woocommerce-placeholder-150x150.webp 150w, https:\/\/leregardlibre.com\/wp-content\/uploads\/woocommerce-placeholder-768x768.webp 768w, https:\/\/leregardlibre.com\/wp-content\/uploads\/woocommerce-placeholder-1170x1170.webp 1170w, https:\/\/leregardlibre.com\/wp-content\/uploads\/woocommerce-placeholder-585x585.webp 585w\" sizes=\"(max-width: 300px) 100vw, 300px\" \/><\/div>\n\t\t\t\t\t<div class=\"wc-block-grid__product-title\">Unterst\u00fctzendes Abonnement<\/div>\n\t\t\t\t<\/a>\n\t\t\t\t<div class=\"wc-block-grid__product-price price\"><span class=\"woocommerce-Price-amount amount\"><span class=\"woocommerce-Price-currencySymbol\">CHF<\/span>200.00<\/span> <span class=\"subscription-details\"> \/ Jahr<\/span><\/div>\n\t\t\t\t\n\t\t\t\t<div class=\"wp-block-button wc-block-grid__product-add-to-cart\"><a href=\"https:\/\/leregardlibre.com\/de\/produkt\/fordermitgliedschaft\/\" aria-label=\"Weitere Informationen zu \u201eF\u00f6rdermitgliedschaft\u201c\" data-quantity=\"1\" data-product_id=\"19241\" data-product_sku=\"\" data-price=\"200\" rel=\"nofollow\" class=\"wp-block-button__link  add_to_cart_button\">Mehr erfahren<\/a><\/div>\n\t\t\t<\/li><\/ul><\/div>","protected":false},"excerpt":{"rendered":"<p>Le Regard Libre N\u00b0&nbsp;49&nbsp;\u2013 Ivan Garcia La nouvelle cr\u00e9ation de Fr\u00e9d\u00e9ric Fisbach et Dieudonn\u00e9 Niangouna, Et Dieu ne pesait pas&#8230;<\/p>","protected":false},"author":53,"featured_media":510491,"comment_status":"open","ping_status":"open","sticky":false,"template":"","format":"standard","meta":{"_acf_changed":false,"footnotes":""},"categories":[5386],"tags":[644341911,2048247,14228,644341915,644341921,644341914,644341920,644341918,90484],"class_list":["post-20593","post","type-post","status-publish","format-standard","has-post-thumbnail","hentry","category-theatre","tag-complainte-du-guerrier","tag-djihad","tag-drame","tag-frederic-fisbach","tag-lieu-inconnu","tag-niangouna","tag-rage","tag-requisitoire","tag-spectacle"],"acf":[],"yoast_head":"<!-- This site is optimized with the Yoast SEO Premium plugin v27.4 (Yoast SEO v27.4) - https:\/\/yoast.com\/product\/yoast-seo-premium-wordpress\/ -->\n<title>La complainte du guerrier<\/title>\n<meta name=\"robots\" content=\"index, follow, max-snippet:-1, max-image-preview:large, max-video-preview:-1\" \/>\n<link rel=\"canonical\" href=\"https:\/\/leregardlibre.com\/de\/darstellende-kunste\/theater\/das-klagelied-des-kriegers\/\" \/>\n<meta property=\"og:locale\" content=\"de_DE\" \/>\n<meta property=\"og:type\" content=\"article\" \/>\n<meta property=\"og:title\" content=\"La complainte du guerrier\" \/>\n<meta property=\"og:description\" content=\"Le Regard Libre N\u00b0&nbsp;49&nbsp;\u2013 Ivan Garcia La nouvelle cr\u00e9ation de Fr\u00e9d\u00e9ric Fisbach et Dieudonn\u00e9 Niangouna, Et Dieu ne pesait pas...\" \/>\n<meta property=\"og:url\" content=\"https:\/\/leregardlibre.com\/de\/darstellende-kunste\/theater\/das-klagelied-des-kriegers\/\" \/>\n<meta property=\"og:site_name\" content=\"Le Regard Libre\" \/>\n<meta property=\"article:publisher\" content=\"https:\/\/www.facebook.com\/leregardlibre\/\" \/>\n<meta property=\"article:published_time\" content=\"2019-05-12T09:00:22+00:00\" \/>\n<meta property=\"article:modified_time\" content=\"2025-10-18T14:16:12+00:00\" \/>\n<meta property=\"og:image\" content=\"https:\/\/leregardlibre.com\/wp-content\/uploads\/2019\/05\/Et-dieu-ne-pesait-pas-lourd-10-01-18-Simon-Gosselin-40-1-1024x576.jpg\" \/>\n\t<meta property=\"og:image:width\" content=\"1024\" \/>\n\t<meta property=\"og:image:height\" content=\"576\" \/>\n\t<meta property=\"og:image:type\" content=\"image\/jpeg\" \/>\n<meta name=\"author\" content=\"Ivan Garcia\" \/>\n<meta name=\"twitter:card\" content=\"summary_large_image\" \/>\n<meta name=\"twitter:creator\" content=\"@LeRegardLibre\" \/>\n<meta name=\"twitter:site\" content=\"@LeRegardLibre\" \/>\n<meta name=\"twitter:label1\" content=\"Verfasst von\" \/>\n\t<meta name=\"twitter:data1\" content=\"Ivan Garcia\" \/>\n\t<meta name=\"twitter:label2\" content=\"Gesch\u00e4tzte Lesezeit\" \/>\n\t<meta name=\"twitter:data2\" content=\"5\u00a0Minuten\" \/>\n<script type=\"application\/ld+json\" class=\"yoast-schema-graph\">{\"@context\":\"https:\\\/\\\/schema.org\",\"@graph\":[{\"@type\":\"Article\",\"@id\":\"https:\\\/\\\/leregardlibre.com\\\/arts-vivants\\\/theatre\\\/la-complainte-du-guerrier\\\/#article\",\"isPartOf\":{\"@id\":\"https:\\\/\\\/leregardlibre.com\\\/arts-vivants\\\/theatre\\\/la-complainte-du-guerrier\\\/\"},\"author\":{\"name\":\"Ivan Garcia\",\"@id\":\"https:\\\/\\\/leregardlibre.com\\\/#\\\/schema\\\/person\\\/d80dd0028be8739b0c3bed60e131e94a\"},\"headline\":\"La complainte du guerrier\",\"datePublished\":\"2019-05-12T09:00:22+00:00\",\"dateModified\":\"2025-10-18T14:16:12+00:00\",\"mainEntityOfPage\":{\"@id\":\"https:\\\/\\\/leregardlibre.com\\\/arts-vivants\\\/theatre\\\/la-complainte-du-guerrier\\\/\"},\"wordCount\":1052,\"commentCount\":0,\"publisher\":{\"@id\":\"https:\\\/\\\/leregardlibre.com\\\/#organization\"},\"image\":{\"@id\":\"https:\\\/\\\/leregardlibre.com\\\/arts-vivants\\\/theatre\\\/la-complainte-du-guerrier\\\/#primaryimage\"},\"thumbnailUrl\":\"https:\\\/\\\/leregardlibre.com\\\/wp-content\\\/uploads\\\/2019\\\/05\\\/Et-dieu-ne-pesait-pas-lourd-10-01-18-Simon-Gosselin-40-1.jpg\",\"keywords\":[\"complainte du guerrier\",\"Djihad\",\"Drame\",\"fr\u00e9d\u00e9ric fisbach\",\"lieu inconnu\",\"niangouna\",\"rage\",\"r\u00e9quisitoire\",\"Spectacle\"],\"articleSection\":[\"Th\u00e9\u00e2tre\"],\"inLanguage\":\"de\",\"potentialAction\":[{\"@type\":\"CommentAction\",\"name\":\"Comment\",\"target\":[\"https:\\\/\\\/leregardlibre.com\\\/arts-vivants\\\/theatre\\\/la-complainte-du-guerrier\\\/#respond\"]}]},{\"@type\":\"WebPage\",\"@id\":\"https:\\\/\\\/leregardlibre.com\\\/arts-vivants\\\/theatre\\\/la-complainte-du-guerrier\\\/\",\"url\":\"https:\\\/\\\/leregardlibre.com\\\/arts-vivants\\\/theatre\\\/la-complainte-du-guerrier\\\/\",\"name\":\"La complainte du guerrier\",\"isPartOf\":{\"@id\":\"https:\\\/\\\/leregardlibre.com\\\/#website\"},\"primaryImageOfPage\":{\"@id\":\"https:\\\/\\\/leregardlibre.com\\\/arts-vivants\\\/theatre\\\/la-complainte-du-guerrier\\\/#primaryimage\"},\"image\":{\"@id\":\"https:\\\/\\\/leregardlibre.com\\\/arts-vivants\\\/theatre\\\/la-complainte-du-guerrier\\\/#primaryimage\"},\"thumbnailUrl\":\"https:\\\/\\\/leregardlibre.com\\\/wp-content\\\/uploads\\\/2019\\\/05\\\/Et-dieu-ne-pesait-pas-lourd-10-01-18-Simon-Gosselin-40-1.jpg\",\"datePublished\":\"2019-05-12T09:00:22+00:00\",\"dateModified\":\"2025-10-18T14:16:12+00:00\",\"breadcrumb\":{\"@id\":\"https:\\\/\\\/leregardlibre.com\\\/arts-vivants\\\/theatre\\\/la-complainte-du-guerrier\\\/#breadcrumb\"},\"inLanguage\":\"de\",\"potentialAction\":[{\"@type\":\"ReadAction\",\"target\":[\"https:\\\/\\\/leregardlibre.com\\\/arts-vivants\\\/theatre\\\/la-complainte-du-guerrier\\\/\"]}]},{\"@type\":\"ImageObject\",\"inLanguage\":\"de\",\"@id\":\"https:\\\/\\\/leregardlibre.com\\\/arts-vivants\\\/theatre\\\/la-complainte-du-guerrier\\\/#primaryimage\",\"url\":\"https:\\\/\\\/leregardlibre.com\\\/wp-content\\\/uploads\\\/2019\\\/05\\\/Et-dieu-ne-pesait-pas-lourd-10-01-18-Simon-Gosselin-40-1.jpg\",\"contentUrl\":\"https:\\\/\\\/leregardlibre.com\\\/wp-content\\\/uploads\\\/2019\\\/05\\\/Et-dieu-ne-pesait-pas-lourd-10-01-18-Simon-Gosselin-40-1.jpg\",\"width\":6683,\"height\":3759},{\"@type\":\"BreadcrumbList\",\"@id\":\"https:\\\/\\\/leregardlibre.com\\\/arts-vivants\\\/theatre\\\/la-complainte-du-guerrier\\\/#breadcrumb\",\"itemListElement\":[{\"@type\":\"ListItem\",\"position\":1,\"name\":\"Accueil\",\"item\":\"https:\\\/\\\/leregardlibre.com\\\/\"},{\"@type\":\"ListItem\",\"position\":2,\"name\":\"La complainte du guerrier\"}]},{\"@type\":\"WebSite\",\"@id\":\"https:\\\/\\\/leregardlibre.com\\\/#website\",\"url\":\"https:\\\/\\\/leregardlibre.com\\\/\",\"name\":\"Le Regard Libre\",\"description\":\"Premier mensuel suisse de d\u00e9bat\",\"publisher\":{\"@id\":\"https:\\\/\\\/leregardlibre.com\\\/#organization\"},\"potentialAction\":[{\"@type\":\"SearchAction\",\"target\":{\"@type\":\"EntryPoint\",\"urlTemplate\":\"https:\\\/\\\/leregardlibre.com\\\/?s={search_term_string}\"},\"query-input\":{\"@type\":\"PropertyValueSpecification\",\"valueRequired\":true,\"valueName\":\"search_term_string\"}}],\"inLanguage\":\"de\"},{\"@type\":\"Organization\",\"@id\":\"https:\\\/\\\/leregardlibre.com\\\/#organization\",\"name\":\"Le Regard Libre\",\"url\":\"https:\\\/\\\/leregardlibre.com\\\/\",\"logo\":{\"@type\":\"ImageObject\",\"inLanguage\":\"de\",\"@id\":\"https:\\\/\\\/leregardlibre.com\\\/#\\\/schema\\\/logo\\\/image\\\/\",\"url\":\"https:\\\/\\\/leregardlibre.com\\\/wp-content\\\/uploads\\\/2025\\\/08\\\/logo-rl-icone-neg.jpeg\",\"contentUrl\":\"https:\\\/\\\/leregardlibre.com\\\/wp-content\\\/uploads\\\/2025\\\/08\\\/logo-rl-icone-neg.jpeg\",\"width\":557,\"height\":556,\"caption\":\"Le Regard Libre\"},\"image\":{\"@id\":\"https:\\\/\\\/leregardlibre.com\\\/#\\\/schema\\\/logo\\\/image\\\/\"},\"sameAs\":[\"https:\\\/\\\/www.facebook.com\\\/leregardlibre\\\/\",\"https:\\\/\\\/x.com\\\/LeRegardLibre\",\"https:\\\/\\\/www.linkedin.com\\\/company\\\/le-regard-libre\",\"https:\\\/\\\/www.instagram.com\\\/leregardlibre\\\/\",\"http:\\\/\\\/t.me\\\/leregardlibre\",\"https:\\\/\\\/youtube.com\\\/channel\\\/UC6HzGPomj1LsUmlz-sJtITQ\"],\"description\":\"Le Regard Libre est un mensuel suisse de d\u00e9bat intellectuel et culturel. Sa r\u00e9daction est jeune, b\u00e9n\u00e9vole, lib\u00e9rale et pluraliste. Le magazine para\u00eet en ligne et sous forme papier. Sa langue est le fran\u00e7ais.\",\"email\":\"redaction@leregardlibre.com\",\"legalName\":\"Le Regard Libre\",\"foundingDate\":\"2014-01-01\",\"numberOfEmployees\":{\"@type\":\"QuantitativeValue\",\"minValue\":\"11\",\"maxValue\":\"50\"},\"publishingPrinciples\":\"https:\\\/\\\/leregardlibre.com\\\/a-propos\\\/notre-manifeste\\\/\",\"ownershipFundingInfo\":\"https:\\\/\\\/leregardlibre.com\\\/mentions-legales\\\/\",\"actionableFeedbackPolicy\":\"https:\\\/\\\/leregardlibre.com\\\/conditions-generales-de-vente\\\/\"},{\"@type\":\"Person\",\"@id\":\"https:\\\/\\\/leregardlibre.com\\\/#\\\/schema\\\/person\\\/d80dd0028be8739b0c3bed60e131e94a\",\"name\":\"Ivan Garcia\",\"image\":{\"@type\":\"ImageObject\",\"inLanguage\":\"de\",\"@id\":\"https:\\\/\\\/secure.gravatar.com\\\/avatar\\\/8d1951260e83d4b801d564ae27e751dece8ced40a4256105c3a960ddb6c32ee8?s=96&d=identicon&r=g\",\"url\":\"https:\\\/\\\/secure.gravatar.com\\\/avatar\\\/8d1951260e83d4b801d564ae27e751dece8ced40a4256105c3a960ddb6c32ee8?s=96&d=identicon&r=g\",\"contentUrl\":\"https:\\\/\\\/secure.gravatar.com\\\/avatar\\\/8d1951260e83d4b801d564ae27e751dece8ced40a4256105c3a960ddb6c32ee8?s=96&d=identicon&r=g\",\"caption\":\"Ivan Garcia\"},\"description\":\"Editeur Web au journal Le Temps et stagiaire en enseignement, Ivan Garcia est le responsable de la rubrique Litt\u00e9rature du Regard Libre, o\u00f9 il \u00e9crit r\u00e9guli\u00e8rement.\",\"sameAs\":[\"https:\\\/\\\/leregardlibre.com\\\/\",\"https:\\\/\\\/fr.wikipedia.org\\\/wiki\\\/Le_Regard_libre\"],\"url\":\"https:\\\/\\\/leregardlibre.com\\\/de\\\/author\\\/ivan-garcia-ig89\\\/\"}]}<\/script>\n<!-- \/ Yoast SEO Premium plugin. -->","yoast_head_json":{"title":"Das Klagelied des Kriegers","robots":{"index":"index","follow":"follow","max-snippet":"max-snippet:-1","max-image-preview":"max-image-preview:large","max-video-preview":"max-video-preview:-1"},"canonical":"https:\/\/leregardlibre.com\/de\/darstellende-kunste\/theater\/das-klagelied-des-kriegers\/","og_locale":"de_DE","og_type":"article","og_title":"La complainte du guerrier","og_description":"Le Regard Libre N\u00b0&nbsp;49&nbsp;\u2013 Ivan Garcia La nouvelle cr\u00e9ation de Fr\u00e9d\u00e9ric Fisbach et Dieudonn\u00e9 Niangouna, Et Dieu ne pesait pas...","og_url":"https:\/\/leregardlibre.com\/de\/darstellende-kunste\/theater\/das-klagelied-des-kriegers\/","og_site_name":"Le Regard Libre","article_publisher":"https:\/\/www.facebook.com\/leregardlibre\/","article_published_time":"2019-05-12T09:00:22+00:00","article_modified_time":"2025-10-18T14:16:12+00:00","og_image":[{"width":1024,"height":576,"url":"https:\/\/leregardlibre.com\/wp-content\/uploads\/2019\/05\/Et-dieu-ne-pesait-pas-lourd-10-01-18-Simon-Gosselin-40-1-1024x576.jpg","type":"image\/jpeg"}],"author":"Ivan Garcia","twitter_card":"summary_large_image","twitter_creator":"@LeRegardLibre","twitter_site":"@LeRegardLibre","twitter_misc":{"Verfasst von":"Ivan Garcia","Gesch\u00e4tzte Lesezeit":"5\u00a0Minuten"},"schema":{"@context":"https:\/\/schema.org","@graph":[{"@type":"Article","@id":"https:\/\/leregardlibre.com\/arts-vivants\/theatre\/la-complainte-du-guerrier\/#article","isPartOf":{"@id":"https:\/\/leregardlibre.com\/arts-vivants\/theatre\/la-complainte-du-guerrier\/"},"author":{"name":"Ivan Garcia","@id":"https:\/\/leregardlibre.com\/#\/schema\/person\/d80dd0028be8739b0c3bed60e131e94a"},"headline":"La complainte du guerrier","datePublished":"2019-05-12T09:00:22+00:00","dateModified":"2025-10-18T14:16:12+00:00","mainEntityOfPage":{"@id":"https:\/\/leregardlibre.com\/arts-vivants\/theatre\/la-complainte-du-guerrier\/"},"wordCount":1052,"commentCount":0,"publisher":{"@id":"https:\/\/leregardlibre.com\/#organization"},"image":{"@id":"https:\/\/leregardlibre.com\/arts-vivants\/theatre\/la-complainte-du-guerrier\/#primaryimage"},"thumbnailUrl":"https:\/\/leregardlibre.com\/wp-content\/uploads\/2019\/05\/Et-dieu-ne-pesait-pas-lourd-10-01-18-Simon-Gosselin-40-1.jpg","keywords":["complainte du guerrier","Djihad","Drame","fr\u00e9d\u00e9ric fisbach","lieu inconnu","niangouna","rage","r\u00e9quisitoire","Spectacle"],"articleSection":["Th\u00e9\u00e2tre"],"inLanguage":"de","potentialAction":[{"@type":"CommentAction","name":"Comment","target":["https:\/\/leregardlibre.com\/arts-vivants\/theatre\/la-complainte-du-guerrier\/#respond"]}]},{"@type":"WebPage","@id":"https:\/\/leregardlibre.com\/arts-vivants\/theatre\/la-complainte-du-guerrier\/","url":"https:\/\/leregardlibre.com\/arts-vivants\/theatre\/la-complainte-du-guerrier\/","name":"Das Klagelied des Kriegers","isPartOf":{"@id":"https:\/\/leregardlibre.com\/#website"},"primaryImageOfPage":{"@id":"https:\/\/leregardlibre.com\/arts-vivants\/theatre\/la-complainte-du-guerrier\/#primaryimage"},"image":{"@id":"https:\/\/leregardlibre.com\/arts-vivants\/theatre\/la-complainte-du-guerrier\/#primaryimage"},"thumbnailUrl":"https:\/\/leregardlibre.com\/wp-content\/uploads\/2019\/05\/Et-dieu-ne-pesait-pas-lourd-10-01-18-Simon-Gosselin-40-1.jpg","datePublished":"2019-05-12T09:00:22+00:00","dateModified":"2025-10-18T14:16:12+00:00","breadcrumb":{"@id":"https:\/\/leregardlibre.com\/arts-vivants\/theatre\/la-complainte-du-guerrier\/#breadcrumb"},"inLanguage":"de","potentialAction":[{"@type":"ReadAction","target":["https:\/\/leregardlibre.com\/arts-vivants\/theatre\/la-complainte-du-guerrier\/"]}]},{"@type":"ImageObject","inLanguage":"de","@id":"https:\/\/leregardlibre.com\/arts-vivants\/theatre\/la-complainte-du-guerrier\/#primaryimage","url":"https:\/\/leregardlibre.com\/wp-content\/uploads\/2019\/05\/Et-dieu-ne-pesait-pas-lourd-10-01-18-Simon-Gosselin-40-1.jpg","contentUrl":"https:\/\/leregardlibre.com\/wp-content\/uploads\/2019\/05\/Et-dieu-ne-pesait-pas-lourd-10-01-18-Simon-Gosselin-40-1.jpg","width":6683,"height":3759},{"@type":"BreadcrumbList","@id":"https:\/\/leregardlibre.com\/arts-vivants\/theatre\/la-complainte-du-guerrier\/#breadcrumb","itemListElement":[{"@type":"ListItem","position":1,"name":"Accueil","item":"https:\/\/leregardlibre.com\/"},{"@type":"ListItem","position":2,"name":"La complainte du guerrier"}]},{"@type":"WebSite","@id":"https:\/\/leregardlibre.com\/#website","url":"https:\/\/leregardlibre.com\/","name":"Le Regard Libre","description":"Erste Schweizer Monatszeitschrift f\u00fcr Debatten","publisher":{"@id":"https:\/\/leregardlibre.com\/#organization"},"potentialAction":[{"@type":"SearchAction","target":{"@type":"EntryPoint","urlTemplate":"https:\/\/leregardlibre.com\/?s={search_term_string}"},"query-input":{"@type":"PropertyValueSpecification","valueRequired":true,"valueName":"search_term_string"}}],"inLanguage":"de"},{"@type":"Organization","@id":"https:\/\/leregardlibre.com\/#organization","name":"Le Regard Libre","url":"https:\/\/leregardlibre.com\/","logo":{"@type":"ImageObject","inLanguage":"de","@id":"https:\/\/leregardlibre.com\/#\/schema\/logo\/image\/","url":"https:\/\/leregardlibre.com\/wp-content\/uploads\/2025\/08\/logo-rl-icone-neg.jpeg","contentUrl":"https:\/\/leregardlibre.com\/wp-content\/uploads\/2025\/08\/logo-rl-icone-neg.jpeg","width":557,"height":556,"caption":"Le Regard Libre"},"image":{"@id":"https:\/\/leregardlibre.com\/#\/schema\/logo\/image\/"},"sameAs":["https:\/\/www.facebook.com\/leregardlibre\/","https:\/\/x.com\/LeRegardLibre","https:\/\/www.linkedin.com\/company\/le-regard-libre","https:\/\/www.instagram.com\/leregardlibre\/","http:\/\/t.me\/leregardlibre","https:\/\/youtube.com\/channel\/UC6HzGPomj1LsUmlz-sJtITQ"],"description":"Le Regard Libre ist eine Schweizer Monatszeitschrift f\u00fcr intellektuelle und kulturelle Debatten. Seine Redaktion ist jung, ehrenamtlich, liberal und pluralistisch. Das Magazin erscheint online und in gedruckter Form. Seine Sprache ist Franz\u00f6sisch.","email":"redaction@leregardlibre.com","legalName":"Le Regard Libre","foundingDate":"2014-01-01","numberOfEmployees":{"@type":"QuantitativeValue","minValue":"11","maxValue":"50"},"publishingPrinciples":"https:\/\/leregardlibre.com\/a-propos\/notre-manifeste\/","ownershipFundingInfo":"https:\/\/leregardlibre.com\/mentions-legales\/","actionableFeedbackPolicy":"https:\/\/leregardlibre.com\/conditions-generales-de-vente\/"},{"@type":"Person","@id":"https:\/\/leregardlibre.com\/#\/schema\/person\/d80dd0028be8739b0c3bed60e131e94a","name":"Ivan Garcia","image":{"@type":"ImageObject","inLanguage":"de","@id":"https:\/\/secure.gravatar.com\/avatar\/8d1951260e83d4b801d564ae27e751dece8ced40a4256105c3a960ddb6c32ee8?s=96&d=identicon&r=g","url":"https:\/\/secure.gravatar.com\/avatar\/8d1951260e83d4b801d564ae27e751dece8ced40a4256105c3a960ddb6c32ee8?s=96&d=identicon&r=g","contentUrl":"https:\/\/secure.gravatar.com\/avatar\/8d1951260e83d4b801d564ae27e751dece8ced40a4256105c3a960ddb6c32ee8?s=96&d=identicon&r=g","caption":"Ivan Garcia"},"description":"Ivan Garcia ist Web-Editor bei der Zeitung Le Temps und Referendar. Er leitet die Literaturrubrik von Le Regard Libre und schreibt dort regelm\u00e4\u00dfig.","sameAs":["https:\/\/leregardlibre.com\/","https:\/\/fr.wikipedia.org\/wiki\/Le_Regard_libre"],"url":"https:\/\/leregardlibre.com\/de\/author\/ivan-garcia-ig89\/"}]}},"_links":{"self":[{"href":"https:\/\/leregardlibre.com\/de\/wp-json\/wp\/v2\/posts\/20593","targetHints":{"allow":["GET"]}}],"collection":[{"href":"https:\/\/leregardlibre.com\/de\/wp-json\/wp\/v2\/posts"}],"about":[{"href":"https:\/\/leregardlibre.com\/de\/wp-json\/wp\/v2\/types\/post"}],"author":[{"embeddable":true,"href":"https:\/\/leregardlibre.com\/de\/wp-json\/wp\/v2\/users\/53"}],"replies":[{"embeddable":true,"href":"https:\/\/leregardlibre.com\/de\/wp-json\/wp\/v2\/comments?post=20593"}],"version-history":[{"count":1,"href":"https:\/\/leregardlibre.com\/de\/wp-json\/wp\/v2\/posts\/20593\/revisions"}],"predecessor-version":[{"id":510490,"href":"https:\/\/leregardlibre.com\/de\/wp-json\/wp\/v2\/posts\/20593\/revisions\/510490"}],"wp:featuredmedia":[{"embeddable":true,"href":"https:\/\/leregardlibre.com\/de\/wp-json\/wp\/v2\/media\/510491"}],"wp:attachment":[{"href":"https:\/\/leregardlibre.com\/de\/wp-json\/wp\/v2\/media?parent=20593"}],"wp:term":[{"taxonomy":"category","embeddable":true,"href":"https:\/\/leregardlibre.com\/de\/wp-json\/wp\/v2\/categories?post=20593"},{"taxonomy":"post_tag","embeddable":true,"href":"https:\/\/leregardlibre.com\/de\/wp-json\/wp\/v2\/tags?post=20593"}],"curies":[{"name":"wp","href":"https:\/\/api.w.org\/{rel}","templated":true}]}}