{"id":21125,"date":"2019-06-09T10:00:14","date_gmt":"2019-06-09T08:00:14","guid":{"rendered":"https:\/\/leregardlibre.com\/?p=21125"},"modified":"2022-09-04T10:33:27","modified_gmt":"2022-09-04T08:33:27","slug":"gonzague-de-waresquiel-der-graf-der-die-harley-von-polnareff-kaufte","status":"publish","type":"post","link":"https:\/\/leregardlibre.com\/de\/gesellschaft\/gonzague-de-waresquiel-der-graf-der-die-harley-von-polnareff-kaufte\/","title":{"rendered":"Gonzague de Waresquiel, der Graf, der die Harley von Polnareff kaufte"},"content":{"rendered":"<div class='content_excerpt'>\n<p>Le Regard Libre Nr. 50 - Jonas Follonier<\/p>\n\n\n\n<p class=\"has-drop-cap\">Es ist eine ungew\u00f6hnliche Begegnung, von der wir Ihnen in dieser f\u00fcnfzigsten Ausgabe berichten. Die eines facettenreichen Charakters an der Schnittstelle gro\u00dfer Familien, eines leidenschaftlichen, unterhaltsamen und lustigen Mannes, der 2016 das Motorrad von Michel Polnareff gekauft hat, mit dem er heute befreundet ist. Gonzague de Waresquiel, ein freiheitsliebender Mensch.<\/p>\n\n\n\n Langes Interview lesen (Abonnenten)\n    <div class='restricted_content_fade'><\/div>\n    <\/div>\n  <style>\n    .content_excerpt{\n      position: relative;\n    }\n    .content_excerpt .restricted_content_fade{\n      position: absolute;\n      bottom: 0;\n      left: 0;\n      right: 0;\n      height: 75px;\n\t  margin-bottom: 0px;\n      background-image: linear-gradient(#ffffff2e, white);\n    }\n\n    .restricted_content{\n      margin-top: 30px;\n      border: solid #dddddd 1px;\n      border-radius: 7px;\n      padding: 30px;\n    }\n    \n    .restricted_content .restricted_content_title{\n      font-size: 22px;\n      font-weight: 600;\n    }\n    .restricted_content .restricted_content_flex_row{\n      display: flex;\n      flex-direction: row;\n    }\n    .restricted_content .restricted_content_image_container{\n      flex: 3;\n    }\n    .restricted_content .restricted_content_flex_column{\n      flex: 4;\n      display: flex;\n      flex-direction: column;\n      margin-left: 40px;\n      justify-content: center;\n    }\n\n\n    .restricted_content_buttons{\n      display: flex;\n      flex-direction: column;\n      width: min-content;\n    }\n    .restricted_content_button{\n      background-color: #f2f2f2;\n      text-transform: uppercase;\n      font-weight: 600;\n      padding: 8px 40px;\n      text-align: center;\n      font-size: 13px;\n      margin-top: 10px;\n      width: max-content;\n      width: 100%;\n      white-space: nowrap;\n    }\n    .restricted_content_button:hover {\n      background-color: #111111;\n      color: white;\n      text-decoration: none !important;\n    }\n\n    .restricted_content_primary_button{\n      background-color: #1F2A68 !important;\n      color: white !important;\n    }\n    .restricted_content_primary_button:hover {\n      background-color: #111111;\n    }\n\n    .restricted_content_text{\n      margin-bottom: 10px;\n      line-height: 1.2;\n      font-weight: 500;\n      font-size: 16px;\n    }\n\n  \n  <\/style>\n  <div class='restricted_content'>\n    <h3 class='restricted_content_title'>Dieser Inhalt ist unseren Abonnenten vorbehalten.<\/h3>\n    <div class='restricted_content_flex_row'>\n      <div class='restricted_content_image_container'>\n        <img class='restricted_content_image' src='\/wp-content\/uploads\/2025\/08\/abo_physique.png' \/>\n      <\/div>\n      <div class='restricted_content_flex_column'>\n        <div class='restricted_content_text'>Wenn Sie ein Konto haben, loggen Sie sich ein. Ansonsten entdecken Sie unsere verschiedenen Abonnements und erstellen Sie ein Konto ab CHF 2.50 im ersten Monat.<\/div>\n        <div class='restricted_content_buttons'>\n          <a href='\/de\/abonnement\/' class='restricted_content_button restricted_content_primary_button'>Abonnements ansehen<\/a><a href='\/de\/mein-konto\/?redirect_to=https:\/\/leregardlibre.com\/de\/gesellschaft\/gonzague-de-waresquiel-der-graf-der-die-harley-von-polnareff-kaufte\/'class='restricted_content_button'>Sich anmelden<\/a><\/div>\n      <\/div>\n    <\/div>\n  <\/div>","protected":false},"excerpt":{"rendered":"<div class='content_excerpt'>\n<p>Le Regard Libre N\u00b0\u00a050 &#8211; Jonas Follonier<\/p>\n<p class=\"has-drop-cap\">Es ist eine ungew\u00f6hnliche Begegnung, von der wir Ihnen in dieser f\u00fcnfzigsten Ausgabe berichten. Die eines facettenreichen Charakters an der Schnittstelle gro\u00dfer Familien, eines leidenschaftlichen, unterhaltsamen und lustigen Mannes, der 2016 das Motorrad von Michel Polnareff gekauft hat, mit dem er heute befreundet ist. Gonzague de Waresquiel, ein freiheitsliebender Mensch.<\/p>\n<p> Langes Interview lesen (Abonnenten)<\/p>\n<div class='restricted_content_fade'><\/div>\n<\/p><\/div>\n<style>\n    .content_excerpt{\n      position: relative;\n    }\n    .content_excerpt .restricted_content_fade{\n      position: absolute;\n      bottom: 0;\n      left: 0;\n      right: 0;\n      height: 75px;\n\t  margin-bottom: 0px;\n      background-image: linear-gradient(#ffffff2e, white);\n    }<\/p>\n<p>    .restricted_content{\n      margin-top: 30px;\n      border: solid #dddddd 1px;\n      border-radius: 7px;\n      padding: 30px;\n    }<\/p>\n<p>    .restricted_content .restricted_content_title{\n      font-size: 22px;\n      font-weight: 600;\n    }\n    .restricted_content .restricted_content_flex_row{\n      display: flex;\n      flex-direction: row;\n    }\n    .restricted_content .restricted_content_image_container{\n      flex: 3;\n    }\n    .restricted_content .restricted_content_flex_column{\n      flex: 4;\n      display: flex;\n      flex-direction: column;\n      margin-left: 40px;\n      justify-content: center;\n    }<\/p>\n<p>    .restricted_content_buttons{\n      display: flex;\n      flex-direction: column;\n      width: min-content;\n    }\n    .restricted_content_button{\n      background-color: #f2f2f2;\n      text-transform: uppercase;\n      font-weight: 600;\n      padding: 8px 40px;\n      text-align: center;\n      font-size: 13px;\n      margin-top: 10px;\n      width: max-content;\n      width: 100%;\n      white-space: nowrap;\n    }\n    .restricted_content_button:hover {\n      background-color: #111111;\n      color: white;\n      text-decoration: none !important;\n    }<\/p>\n<p>    .restricted_content_primary_button{\n      background-color: #1F2A68 !important;\n      color: white !important;\n    }\n    .restricted_content_primary_button:hover {\n      background-color: #111111;\n    }<\/p>\n<p>    .restricted_content_text{\n      margin-bottom: 10px;\n      line-height: 1.2;\n      font-weight: 500;\n      font-size: 16px;\n    }<\/p>\n<\/style>\n<div class='restricted_content'>\n<h3 class='restricted_content_title'>Dieser Inhalt ist unseren Abonnenten vorbehalten.<\/h3>\n<div class='restricted_content_flex_row'>\n<div class='restricted_content_image_container'>\n        <img class='restricted_content_image' src='\/wp-content\/uploads\/2025\/08\/abo_physique.png' \/>\n      <\/div>\n<div class='restricted_content_flex_column'>\n<div class='restricted_content_text'>Wenn Sie ein Konto haben, loggen Sie sich ein. Ansonsten entdecken Sie unsere verschiedenen Abonnements und erstellen Sie ein Konto ab CHF 2.50 im ersten Monat.<\/div>\n<div class='restricted_content_buttons'>\n          <a href='\/de\/abonnement\/' class='restricted_content_button restricted_content_primary_button'>Abonnements ansehen<\/a><a href='\/de\/mein-konto\/?redirect_to=https:\/\/leregardlibre.com\/de\/gesellschaft\/gonzague-de-waresquiel-der-graf-der-die-harley-von-polnareff-kaufte\/'class='restricted_content_button'>Sich anmelden<\/a><\/div>\n<\/p><\/div>\n<\/p><\/div>\n<\/p><\/div>","protected":false},"author":138,"featured_media":510533,"comment_status":"open","ping_status":"open","sticky":false,"template":"","format":"standard","meta":{"_acf_changed":false,"footnotes":""},"categories":[8796],"tags":[644342127,644342128,644342126,644342132,644342131,11788],"class_list":["post-21125","post","type-post","status-publish","format-standard","has-post-thumbnail","hentry","category-societe","tag-de-waresquiel","tag-gonzague","tag-gonzague-de-waresquiel","tag-harley","tag-harley-davison","tag-interviews","membership-content","access-restricted"],"acf":[],"yoast_head":"<!-- This site is optimized with the Yoast SEO Premium plugin v27.4 (Yoast SEO v27.4) - https:\/\/yoast.com\/product\/yoast-seo-premium-wordpress\/ -->\n<title>Gonzague de Waresquiel, le Comte qui acheta la Harley de Polnareff<\/title>\n<meta name=\"robots\" content=\"index, follow, max-snippet:-1, max-image-preview:large, max-video-preview:-1\" \/>\n<link rel=\"canonical\" href=\"https:\/\/leregardlibre.com\/de\/gesellschaft\/gonzague-de-waresquiel-der-graf-der-die-harley-von-polnareff-kaufte\/\" \/>\n<meta property=\"og:locale\" content=\"de_DE\" \/>\n<meta property=\"og:type\" content=\"article\" \/>\n<meta property=\"og:title\" content=\"Gonzague de Waresquiel, le Comte qui acheta la Harley de Polnareff\" \/>\n<meta property=\"og:description\" content=\"ENTRETIEN LONG FORMAT, Jonas Follonier | C\u2019est une rencontre insolite que nous vous racontons dans cette cinquanti\u00e8me \u00e9dition. Celle d\u2019un personnage aux diff\u00e9rentes facettes, au carrefour de grandes familles, un homme passionn\u00e9, amusant et amus\u00e9, qui a achet\u00e9 en 2016 la moto de Michel Polnareff, avec lequel il est maintenant ami. Gonzague de Waresquiel, un \u00e9pris de libert\u00e9.\" \/>\n<meta property=\"og:url\" content=\"https:\/\/leregardlibre.com\/de\/gesellschaft\/gonzague-de-waresquiel-der-graf-der-die-harley-von-polnareff-kaufte\/\" \/>\n<meta property=\"og:site_name\" content=\"Le Regard Libre\" \/>\n<meta property=\"article:publisher\" content=\"https:\/\/www.facebook.com\/leregardlibre\/\" \/>\n<meta property=\"article:author\" content=\"https:\/\/www.facebook.com\/jonas.follonier\/\" \/>\n<meta property=\"article:published_time\" content=\"2019-06-09T08:00:14+00:00\" \/>\n<meta property=\"article:modified_time\" content=\"2022-09-04T08:33:27+00:00\" \/>\n<meta property=\"og:image\" content=\"https:\/\/leregardlibre.com\/wp-content\/uploads\/2019\/06\/Comte-Gonzague-1-1.jpg\" \/>\n\t<meta property=\"og:image:width\" content=\"6000\" \/>\n\t<meta property=\"og:image:height\" content=\"4000\" \/>\n\t<meta property=\"og:image:type\" content=\"image\/jpeg\" \/>\n<meta name=\"author\" content=\"Jonas Follonier\" \/>\n<meta name=\"twitter:card\" content=\"summary_large_image\" \/>\n<meta name=\"twitter:creator\" content=\"@LeRegardLibre\" \/>\n<meta name=\"twitter:site\" content=\"@LeRegardLibre\" \/>\n<meta name=\"twitter:label1\" content=\"Verfasst von\" \/>\n\t<meta name=\"twitter:data1\" content=\"Jonas Follonier\" \/>\n\t<meta name=\"twitter:label2\" content=\"Gesch\u00e4tzte Lesezeit\" \/>\n\t<meta name=\"twitter:data2\" content=\"8\u00a0Minuten\" \/>\n<script type=\"application\/ld+json\" class=\"yoast-schema-graph\">{\"@context\":\"https:\\\/\\\/schema.org\",\"@graph\":[{\"@type\":\"Article\",\"@id\":\"https:\\\/\\\/leregardlibre.com\\\/societe\\\/gonzague-de-waresquiel-le-comte-qui-acheta-la-harley-de-polnareff\\\/#article\",\"isPartOf\":{\"@id\":\"https:\\\/\\\/leregardlibre.com\\\/societe\\\/gonzague-de-waresquiel-le-comte-qui-acheta-la-harley-de-polnareff\\\/\"},\"author\":{\"name\":\"Jonas Follonier\",\"@id\":\"https:\\\/\\\/leregardlibre.com\\\/#\\\/schema\\\/person\\\/bfe5aa794a23be71485d60e2d93ec0d2\"},\"headline\":\"Gonzague de Waresquiel, le Comte qui acheta la Harley de Polnareff\",\"datePublished\":\"2019-06-09T08:00:14+00:00\",\"dateModified\":\"2022-09-04T08:33:27+00:00\",\"mainEntityOfPage\":{\"@id\":\"https:\\\/\\\/leregardlibre.com\\\/societe\\\/gonzague-de-waresquiel-le-comte-qui-acheta-la-harley-de-polnareff\\\/\"},\"wordCount\":1573,\"commentCount\":0,\"publisher\":{\"@id\":\"https:\\\/\\\/leregardlibre.com\\\/#organization\"},\"image\":{\"@id\":\"https:\\\/\\\/leregardlibre.com\\\/societe\\\/gonzague-de-waresquiel-le-comte-qui-acheta-la-harley-de-polnareff\\\/#primaryimage\"},\"thumbnailUrl\":\"https:\\\/\\\/leregardlibre.com\\\/wp-content\\\/uploads\\\/2019\\\/06\\\/Comte-Gonzague-1-1.jpg\",\"keywords\":[\"de waresquiel\",\"gonzague\",\"gonzague de waresquiel\",\"harley\",\"harley davison\",\"Interview\"],\"articleSection\":[\"Soci\u00e9t\u00e9\"],\"inLanguage\":\"de\",\"potentialAction\":[{\"@type\":\"CommentAction\",\"name\":\"Comment\",\"target\":[\"https:\\\/\\\/leregardlibre.com\\\/societe\\\/gonzague-de-waresquiel-le-comte-qui-acheta-la-harley-de-polnareff\\\/#respond\"]}]},{\"@type\":\"WebPage\",\"@id\":\"https:\\\/\\\/leregardlibre.com\\\/societe\\\/gonzague-de-waresquiel-le-comte-qui-acheta-la-harley-de-polnareff\\\/\",\"url\":\"https:\\\/\\\/leregardlibre.com\\\/societe\\\/gonzague-de-waresquiel-le-comte-qui-acheta-la-harley-de-polnareff\\\/\",\"name\":\"Gonzague de Waresquiel, le Comte qui acheta la Harley de Polnareff\",\"isPartOf\":{\"@id\":\"https:\\\/\\\/leregardlibre.com\\\/#website\"},\"primaryImageOfPage\":{\"@id\":\"https:\\\/\\\/leregardlibre.com\\\/societe\\\/gonzague-de-waresquiel-le-comte-qui-acheta-la-harley-de-polnareff\\\/#primaryimage\"},\"image\":{\"@id\":\"https:\\\/\\\/leregardlibre.com\\\/societe\\\/gonzague-de-waresquiel-le-comte-qui-acheta-la-harley-de-polnareff\\\/#primaryimage\"},\"thumbnailUrl\":\"https:\\\/\\\/leregardlibre.com\\\/wp-content\\\/uploads\\\/2019\\\/06\\\/Comte-Gonzague-1-1.jpg\",\"datePublished\":\"2019-06-09T08:00:14+00:00\",\"dateModified\":\"2022-09-04T08:33:27+00:00\",\"breadcrumb\":{\"@id\":\"https:\\\/\\\/leregardlibre.com\\\/societe\\\/gonzague-de-waresquiel-le-comte-qui-acheta-la-harley-de-polnareff\\\/#breadcrumb\"},\"inLanguage\":\"de\",\"potentialAction\":[{\"@type\":\"ReadAction\",\"target\":[\"https:\\\/\\\/leregardlibre.com\\\/societe\\\/gonzague-de-waresquiel-le-comte-qui-acheta-la-harley-de-polnareff\\\/\"]}]},{\"@type\":\"ImageObject\",\"inLanguage\":\"de\",\"@id\":\"https:\\\/\\\/leregardlibre.com\\\/societe\\\/gonzague-de-waresquiel-le-comte-qui-acheta-la-harley-de-polnareff\\\/#primaryimage\",\"url\":\"https:\\\/\\\/leregardlibre.com\\\/wp-content\\\/uploads\\\/2019\\\/06\\\/Comte-Gonzague-1-1.jpg\",\"contentUrl\":\"https:\\\/\\\/leregardlibre.com\\\/wp-content\\\/uploads\\\/2019\\\/06\\\/Comte-Gonzague-1-1.jpg\",\"width\":6000,\"height\":4000},{\"@type\":\"BreadcrumbList\",\"@id\":\"https:\\\/\\\/leregardlibre.com\\\/societe\\\/gonzague-de-waresquiel-le-comte-qui-acheta-la-harley-de-polnareff\\\/#breadcrumb\",\"itemListElement\":[{\"@type\":\"ListItem\",\"position\":1,\"name\":\"Accueil\",\"item\":\"https:\\\/\\\/leregardlibre.com\\\/\"},{\"@type\":\"ListItem\",\"position\":2,\"name\":\"Gonzague de Waresquiel, le Comte qui acheta la Harley de Polnareff\"}]},{\"@type\":\"WebSite\",\"@id\":\"https:\\\/\\\/leregardlibre.com\\\/#website\",\"url\":\"https:\\\/\\\/leregardlibre.com\\\/\",\"name\":\"Le Regard Libre\",\"description\":\"Premier mensuel suisse de d\u00e9bat\",\"publisher\":{\"@id\":\"https:\\\/\\\/leregardlibre.com\\\/#organization\"},\"potentialAction\":[{\"@type\":\"SearchAction\",\"target\":{\"@type\":\"EntryPoint\",\"urlTemplate\":\"https:\\\/\\\/leregardlibre.com\\\/?s={search_term_string}\"},\"query-input\":{\"@type\":\"PropertyValueSpecification\",\"valueRequired\":true,\"valueName\":\"search_term_string\"}}],\"inLanguage\":\"de\"},{\"@type\":\"Organization\",\"@id\":\"https:\\\/\\\/leregardlibre.com\\\/#organization\",\"name\":\"Le Regard Libre\",\"url\":\"https:\\\/\\\/leregardlibre.com\\\/\",\"logo\":{\"@type\":\"ImageObject\",\"inLanguage\":\"de\",\"@id\":\"https:\\\/\\\/leregardlibre.com\\\/#\\\/schema\\\/logo\\\/image\\\/\",\"url\":\"https:\\\/\\\/leregardlibre.com\\\/wp-content\\\/uploads\\\/2025\\\/08\\\/logo-rl-icone-neg.jpeg\",\"contentUrl\":\"https:\\\/\\\/leregardlibre.com\\\/wp-content\\\/uploads\\\/2025\\\/08\\\/logo-rl-icone-neg.jpeg\",\"width\":557,\"height\":556,\"caption\":\"Le Regard Libre\"},\"image\":{\"@id\":\"https:\\\/\\\/leregardlibre.com\\\/#\\\/schema\\\/logo\\\/image\\\/\"},\"sameAs\":[\"https:\\\/\\\/www.facebook.com\\\/leregardlibre\\\/\",\"https:\\\/\\\/x.com\\\/LeRegardLibre\",\"https:\\\/\\\/www.linkedin.com\\\/company\\\/le-regard-libre\",\"https:\\\/\\\/www.instagram.com\\\/leregardlibre\\\/\",\"http:\\\/\\\/t.me\\\/leregardlibre\",\"https:\\\/\\\/youtube.com\\\/channel\\\/UC6HzGPomj1LsUmlz-sJtITQ\"],\"description\":\"Le Regard Libre est un mensuel suisse de d\u00e9bat intellectuel et culturel. Sa r\u00e9daction est jeune, b\u00e9n\u00e9vole, lib\u00e9rale et pluraliste. Le magazine para\u00eet en ligne et sous forme papier. Sa langue est le fran\u00e7ais.\",\"email\":\"redaction@leregardlibre.com\",\"legalName\":\"Le Regard Libre\",\"foundingDate\":\"2014-01-01\",\"numberOfEmployees\":{\"@type\":\"QuantitativeValue\",\"minValue\":\"11\",\"maxValue\":\"50\"},\"publishingPrinciples\":\"https:\\\/\\\/leregardlibre.com\\\/a-propos\\\/notre-manifeste\\\/\",\"ownershipFundingInfo\":\"https:\\\/\\\/leregardlibre.com\\\/mentions-legales\\\/\",\"actionableFeedbackPolicy\":\"https:\\\/\\\/leregardlibre.com\\\/conditions-generales-de-vente\\\/\"},{\"@type\":\"Person\",\"@id\":\"https:\\\/\\\/leregardlibre.com\\\/#\\\/schema\\\/person\\\/bfe5aa794a23be71485d60e2d93ec0d2\",\"name\":\"Jonas Follonier\",\"image\":{\"@type\":\"ImageObject\",\"inLanguage\":\"de\",\"@id\":\"https:\\\/\\\/secure.gravatar.com\\\/avatar\\\/602060b40f6a458420c2d140f49b6caea99152ce6704f2c332e5a0c5aad80303?s=96&d=identicon&r=g\",\"url\":\"https:\\\/\\\/secure.gravatar.com\\\/avatar\\\/602060b40f6a458420c2d140f49b6caea99152ce6704f2c332e5a0c5aad80303?s=96&d=identicon&r=g\",\"contentUrl\":\"https:\\\/\\\/secure.gravatar.com\\\/avatar\\\/602060b40f6a458420c2d140f49b6caea99152ce6704f2c332e5a0c5aad80303?s=96&d=identicon&r=g\",\"caption\":\"Jonas Follonier\"},\"description\":\"Correspondant au Palais f\u00e9d\u00e9ral pour \u00abL\u2019Agefi\u00bb, auteur-compositeur-interpr\u00e8te et essayiste, Jonas Follonier est le fondateur et r\u00e9dacteur en chef du \u00abRegard Libre\u00bb.\",\"sameAs\":[\"https:\\\/\\\/www.facebook.com\\\/jonas.follonier\\\/\",\"https:\\\/\\\/www.instagram.com\\\/jonasfollonier\\\/\",\"https:\\\/\\\/www.linkedin.com\\\/in\\\/jonasfollonier\\\/\",\"https:\\\/\\\/fr.wikipedia.org\\\/wiki\\\/Le_Regard_libre\"],\"url\":\"https:\\\/\\\/leregardlibre.com\\\/de\\\/author\\\/jonas-follonier\\\/\"}]}<\/script>\n<!-- \/ Yoast SEO Premium plugin. -->","yoast_head_json":{"title":"Gonzague de Waresquiel, der Graf, der die Harley von Polnareff kaufte","robots":{"index":"index","follow":"follow","max-snippet":"max-snippet:-1","max-image-preview":"max-image-preview:large","max-video-preview":"max-video-preview:-1"},"canonical":"https:\/\/leregardlibre.com\/de\/gesellschaft\/gonzague-de-waresquiel-der-graf-der-die-harley-von-polnareff-kaufte\/","og_locale":"de_DE","og_type":"article","og_title":"Gonzague de Waresquiel, le Comte qui acheta la Harley de Polnareff","og_description":"ENTRETIEN LONG FORMAT, Jonas Follonier | C\u2019est une rencontre insolite que nous vous racontons dans cette cinquanti\u00e8me \u00e9dition. Celle d\u2019un personnage aux diff\u00e9rentes facettes, au carrefour de grandes familles, un homme passionn\u00e9, amusant et amus\u00e9, qui a achet\u00e9 en 2016 la moto de Michel Polnareff, avec lequel il est maintenant ami. Gonzague de Waresquiel, un \u00e9pris de libert\u00e9.","og_url":"https:\/\/leregardlibre.com\/de\/gesellschaft\/gonzague-de-waresquiel-der-graf-der-die-harley-von-polnareff-kaufte\/","og_site_name":"Le Regard Libre","article_publisher":"https:\/\/www.facebook.com\/leregardlibre\/","article_author":"https:\/\/www.facebook.com\/jonas.follonier\/","article_published_time":"2019-06-09T08:00:14+00:00","article_modified_time":"2022-09-04T08:33:27+00:00","og_image":[{"width":6000,"height":4000,"url":"https:\/\/leregardlibre.com\/wp-content\/uploads\/2019\/06\/Comte-Gonzague-1-1.jpg","type":"image\/jpeg"}],"author":"Jonas Follonier","twitter_card":"summary_large_image","twitter_creator":"@LeRegardLibre","twitter_site":"@LeRegardLibre","twitter_misc":{"Verfasst von":"Jonas Follonier","Gesch\u00e4tzte Lesezeit":"8\u00a0Minuten"},"schema":{"@context":"https:\/\/schema.org","@graph":[{"@type":"Article","@id":"https:\/\/leregardlibre.com\/societe\/gonzague-de-waresquiel-le-comte-qui-acheta-la-harley-de-polnareff\/#article","isPartOf":{"@id":"https:\/\/leregardlibre.com\/societe\/gonzague-de-waresquiel-le-comte-qui-acheta-la-harley-de-polnareff\/"},"author":{"name":"Jonas Follonier","@id":"https:\/\/leregardlibre.com\/#\/schema\/person\/bfe5aa794a23be71485d60e2d93ec0d2"},"headline":"Gonzague de Waresquiel, le Comte qui acheta la Harley de Polnareff","datePublished":"2019-06-09T08:00:14+00:00","dateModified":"2022-09-04T08:33:27+00:00","mainEntityOfPage":{"@id":"https:\/\/leregardlibre.com\/societe\/gonzague-de-waresquiel-le-comte-qui-acheta-la-harley-de-polnareff\/"},"wordCount":1573,"commentCount":0,"publisher":{"@id":"https:\/\/leregardlibre.com\/#organization"},"image":{"@id":"https:\/\/leregardlibre.com\/societe\/gonzague-de-waresquiel-le-comte-qui-acheta-la-harley-de-polnareff\/#primaryimage"},"thumbnailUrl":"https:\/\/leregardlibre.com\/wp-content\/uploads\/2019\/06\/Comte-Gonzague-1-1.jpg","keywords":["de waresquiel","gonzague","gonzague de waresquiel","harley","harley davison","Interview"],"articleSection":["Soci\u00e9t\u00e9"],"inLanguage":"de","potentialAction":[{"@type":"CommentAction","name":"Comment","target":["https:\/\/leregardlibre.com\/societe\/gonzague-de-waresquiel-le-comte-qui-acheta-la-harley-de-polnareff\/#respond"]}]},{"@type":"WebPage","@id":"https:\/\/leregardlibre.com\/societe\/gonzague-de-waresquiel-le-comte-qui-acheta-la-harley-de-polnareff\/","url":"https:\/\/leregardlibre.com\/societe\/gonzague-de-waresquiel-le-comte-qui-acheta-la-harley-de-polnareff\/","name":"Gonzague de Waresquiel, der Graf, der die Harley von Polnareff kaufte","isPartOf":{"@id":"https:\/\/leregardlibre.com\/#website"},"primaryImageOfPage":{"@id":"https:\/\/leregardlibre.com\/societe\/gonzague-de-waresquiel-le-comte-qui-acheta-la-harley-de-polnareff\/#primaryimage"},"image":{"@id":"https:\/\/leregardlibre.com\/societe\/gonzague-de-waresquiel-le-comte-qui-acheta-la-harley-de-polnareff\/#primaryimage"},"thumbnailUrl":"https:\/\/leregardlibre.com\/wp-content\/uploads\/2019\/06\/Comte-Gonzague-1-1.jpg","datePublished":"2019-06-09T08:00:14+00:00","dateModified":"2022-09-04T08:33:27+00:00","breadcrumb":{"@id":"https:\/\/leregardlibre.com\/societe\/gonzague-de-waresquiel-le-comte-qui-acheta-la-harley-de-polnareff\/#breadcrumb"},"inLanguage":"de","potentialAction":[{"@type":"ReadAction","target":["https:\/\/leregardlibre.com\/societe\/gonzague-de-waresquiel-le-comte-qui-acheta-la-harley-de-polnareff\/"]}]},{"@type":"ImageObject","inLanguage":"de","@id":"https:\/\/leregardlibre.com\/societe\/gonzague-de-waresquiel-le-comte-qui-acheta-la-harley-de-polnareff\/#primaryimage","url":"https:\/\/leregardlibre.com\/wp-content\/uploads\/2019\/06\/Comte-Gonzague-1-1.jpg","contentUrl":"https:\/\/leregardlibre.com\/wp-content\/uploads\/2019\/06\/Comte-Gonzague-1-1.jpg","width":6000,"height":4000},{"@type":"BreadcrumbList","@id":"https:\/\/leregardlibre.com\/societe\/gonzague-de-waresquiel-le-comte-qui-acheta-la-harley-de-polnareff\/#breadcrumb","itemListElement":[{"@type":"ListItem","position":1,"name":"Accueil","item":"https:\/\/leregardlibre.com\/"},{"@type":"ListItem","position":2,"name":"Gonzague de Waresquiel, le Comte qui acheta la Harley de Polnareff"}]},{"@type":"WebSite","@id":"https:\/\/leregardlibre.com\/#website","url":"https:\/\/leregardlibre.com\/","name":"Le Regard Libre","description":"Erste Schweizer Monatszeitschrift f\u00fcr Debatten","publisher":{"@id":"https:\/\/leregardlibre.com\/#organization"},"potentialAction":[{"@type":"SearchAction","target":{"@type":"EntryPoint","urlTemplate":"https:\/\/leregardlibre.com\/?s={search_term_string}"},"query-input":{"@type":"PropertyValueSpecification","valueRequired":true,"valueName":"search_term_string"}}],"inLanguage":"de"},{"@type":"Organization","@id":"https:\/\/leregardlibre.com\/#organization","name":"Le Regard Libre","url":"https:\/\/leregardlibre.com\/","logo":{"@type":"ImageObject","inLanguage":"de","@id":"https:\/\/leregardlibre.com\/#\/schema\/logo\/image\/","url":"https:\/\/leregardlibre.com\/wp-content\/uploads\/2025\/08\/logo-rl-icone-neg.jpeg","contentUrl":"https:\/\/leregardlibre.com\/wp-content\/uploads\/2025\/08\/logo-rl-icone-neg.jpeg","width":557,"height":556,"caption":"Le Regard Libre"},"image":{"@id":"https:\/\/leregardlibre.com\/#\/schema\/logo\/image\/"},"sameAs":["https:\/\/www.facebook.com\/leregardlibre\/","https:\/\/x.com\/LeRegardLibre","https:\/\/www.linkedin.com\/company\/le-regard-libre","https:\/\/www.instagram.com\/leregardlibre\/","http:\/\/t.me\/leregardlibre","https:\/\/youtube.com\/channel\/UC6HzGPomj1LsUmlz-sJtITQ"],"description":"Le Regard Libre ist eine Schweizer Monatszeitschrift f\u00fcr intellektuelle und kulturelle Debatten. Seine Redaktion ist jung, ehrenamtlich, liberal und pluralistisch. Das Magazin erscheint online und in gedruckter Form. Seine Sprache ist Franz\u00f6sisch.","email":"redaction@leregardlibre.com","legalName":"Le Regard Libre","foundingDate":"2014-01-01","numberOfEmployees":{"@type":"QuantitativeValue","minValue":"11","maxValue":"50"},"publishingPrinciples":"https:\/\/leregardlibre.com\/a-propos\/notre-manifeste\/","ownershipFundingInfo":"https:\/\/leregardlibre.com\/mentions-legales\/","actionableFeedbackPolicy":"https:\/\/leregardlibre.com\/conditions-generales-de-vente\/"},{"@type":"Person","@id":"https:\/\/leregardlibre.com\/#\/schema\/person\/bfe5aa794a23be71485d60e2d93ec0d2","name":"Jonas Follonier","image":{"@type":"ImageObject","inLanguage":"de","@id":"https:\/\/secure.gravatar.com\/avatar\/602060b40f6a458420c2d140f49b6caea99152ce6704f2c332e5a0c5aad80303?s=96&d=identicon&r=g","url":"https:\/\/secure.gravatar.com\/avatar\/602060b40f6a458420c2d140f49b6caea99152ce6704f2c332e5a0c5aad80303?s=96&d=identicon&r=g","contentUrl":"https:\/\/secure.gravatar.com\/avatar\/602060b40f6a458420c2d140f49b6caea99152ce6704f2c332e5a0c5aad80303?s=96&d=identicon&r=g","caption":"Jonas Follonier"},"description":"Bundeshauskorrespondent f\u00fcr \u00abL'Agefi\u00bb, Singer-Songwriter, Jonas Follonier ist Gr\u00fcnder und Chefredakteur von \u00abRegard Libre\u00bb.","sameAs":["https:\/\/www.facebook.com\/jonas.follonier\/","https:\/\/www.instagram.com\/jonasfollonier\/","https:\/\/www.linkedin.com\/in\/jonasfollonier\/","https:\/\/fr.wikipedia.org\/wiki\/Le_Regard_libre"],"url":"https:\/\/leregardlibre.com\/de\/author\/jonas-follonier\/"}]}},"_links":{"self":[{"href":"https:\/\/leregardlibre.com\/de\/wp-json\/wp\/v2\/posts\/21125","targetHints":{"allow":["GET"]}}],"collection":[{"href":"https:\/\/leregardlibre.com\/de\/wp-json\/wp\/v2\/posts"}],"about":[{"href":"https:\/\/leregardlibre.com\/de\/wp-json\/wp\/v2\/types\/post"}],"author":[{"embeddable":true,"href":"https:\/\/leregardlibre.com\/de\/wp-json\/wp\/v2\/users\/138"}],"replies":[{"embeddable":true,"href":"https:\/\/leregardlibre.com\/de\/wp-json\/wp\/v2\/comments?post=21125"}],"version-history":[{"count":1,"href":"https:\/\/leregardlibre.com\/de\/wp-json\/wp\/v2\/posts\/21125\/revisions"}],"predecessor-version":[{"id":510532,"href":"https:\/\/leregardlibre.com\/de\/wp-json\/wp\/v2\/posts\/21125\/revisions\/510532"}],"wp:featuredmedia":[{"embeddable":true,"href":"https:\/\/leregardlibre.com\/de\/wp-json\/wp\/v2\/media\/510533"}],"wp:attachment":[{"href":"https:\/\/leregardlibre.com\/de\/wp-json\/wp\/v2\/media?parent=21125"}],"wp:term":[{"taxonomy":"category","embeddable":true,"href":"https:\/\/leregardlibre.com\/de\/wp-json\/wp\/v2\/categories?post=21125"},{"taxonomy":"post_tag","embeddable":true,"href":"https:\/\/leregardlibre.com\/de\/wp-json\/wp\/v2\/tags?post=21125"}],"curies":[{"name":"wp","href":"https:\/\/api.w.org\/{rel}","templated":true}]}}