{"id":22316,"date":"2019-07-15T21:23:07","date_gmt":"2019-07-15T19:23:07","guid":{"rendered":"https:\/\/leregardlibre.com\/?p=22316"},"modified":"2025-12-13T22:45:03","modified_gmt":"2025-12-13T21:45:03","slug":"besteuerung-und-soziale-gerechtigkeit-die-unterdruckung-der-reichsten","status":"publish","type":"post","link":"https:\/\/leregardlibre.com\/de\/politik\/schweiz\/besteuerung-und-soziale-gerechtigkeit-die-unterdruckung-der-reichsten\/","title":{"rendered":"Besteuerung und soziale Gerechtigkeit: Die Unterdr\u00fcckung der Reichsten"},"content":{"rendered":"<p><em>J\u00e9r\u00e9mie Bongiovanni - Die Montagen der Aktualit\u00e4t<\/em><\/p>\n\n\n\n<p class=\"has-drop-cap\"><strong>Die deutsch-schweizerische Sonntagspresse berichtete gestern \u00fcber die Ergebnisse einer Studie des B\u00fcros HCM International. Demnach w\u00fcrden 57% der Schweizer eine h\u00f6here Besteuerung von hohen Einkommen bef\u00fcrworten. Vor dem Hintergrund der 99%-Initiative der Jungsozialisten zur Erh\u00f6hung der Kapitalbesteuerung ist die Feindseligkeit gegen\u00fcber den Reichsten gro\u00df. Es ist dringend geboten, eine allzu etablierte Intuition bez\u00fcglich der Besteuerung der Reichsten in Frage zu stellen. <\/strong><\/p>\n\n\n\n<!--more Lire la chronique-->\n\n\n\n<p>Die Besteuerung der h\u00f6chsten Einkommen und die Geh\u00e4lter der Manager von Gro\u00dfunternehmen werden in der Politik regelm\u00e4\u00dfig kritisiert. Auch die \u00d6ffentlichkeit steht diesen - zumindest finanziell - privilegierten Schichten der Gesellschaft im Allgemeinen sehr skeptisch gegen\u00fcber. Die Umfrage, die von der <em>NZZ am Sonntag<\/em>, Die Tatsache, dass 57% der Schweizerinnen und Schweizer eine h\u00f6here Besteuerung hoher Einkommen bef\u00fcrworten w\u00fcrden, best\u00e4tigt, dass dieses Ressentiment im kollektiven Bewusstsein verankert ist.<\/p>\n\n\n\n<p>Viele berufen sich nun auf die soziale Gerechtigkeit - eine Idee, die oft aus der angels\u00e4chsischen \u00absocial justice\u00bb importiert wird -, um eine h\u00f6here Besteuerung der Reichsten zu rechtfertigen. Die selbsternannten Verfechter der sozialen Gerechtigkeit verschaffen sich so eine moralische \u00dcberlegenheit, um etwas zu verteidigen, das in Wirklichkeit das genaue Gegenteil sein k\u00f6nnte. Diejenigen, die f\u00fcr Gerechtigkeit eintreten, verhindern von vornherein eine ehrliche Debatte, die doch die einzige M\u00f6glichkeit ist, eine gerechtere Situation zu erreichen, als wenn sie nicht stattgefunden h\u00e4tte.<\/p>\n\n\n\n\n\n<h3 class=\"wp-block-heading\"><strong>Die Ungerechtigkeit der L\u00f6sungen<\/strong>: das Rawls-Experiment<\/h3>\n\n\n\n<p>Um eine Situation als gerecht oder ungerecht zu definieren, hat der amerikanische Philosoph des XX.<sup>.<\/sup> Jahrhundert entwickelte John Rawls eine Theorie des sogenannten <em>Schleier der Unwissenheit<\/em>. Diese intellektuelle Konstruktion soll es erm\u00f6glichen, zu beurteilen, ob eine Situation gerecht ist, indem man sie hinter einem Schleier des Nichtwissens antizipiert, d. h. aus einer Position heraus, in der das Subjekt nicht vorher wei\u00df, in welche Familie es hineingeboren wird, welchen sozialen Status es hat, welches Geschlecht es haben wird sowie alle anderen Kriterien, die sein objektives Urteil beeinflussen k\u00f6nnten.<\/p>\n\n\n\n<p>Indem ich sie auf die Besteuerung anwende und mich pers\u00f6nlich hinter diese <em>Schleier der Unwissenheit<\/em>, Ich bin nicht davon \u00fcberzeugt, dass eine h\u00f6here Besteuerung der Reichsten eine Situation der sozialen Gerechtigkeit darstellt. Wenn ich mich hinter den Schleier der Unwissenheit stelle und die M\u00f6glichkeit in Betracht ziehe, dass ich von diesen h\u00f6heren Steuern betroffen sein k\u00f6nnte, kann ich darin keine Gerechtigkeit erkennen. Die von mir zu zahlende Steuererh\u00f6hung wird willk\u00fcrlich von Politikern festgelegt, von denen viele leider wahrscheinlich eher auf Wiederwahl aus sind als auf das philosophische Ideal der Gerechtigkeit. Diese Ma\u00dfnahme w\u00fcrde mich unverh\u00e4ltnism\u00e4\u00dfig stark f\u00fcr die Anstrengungen bezahlen lassen, die ich unternommen habe, um mehr Wohlstand zu erlangen.<\/p>\n\n\n\n<p>Dieser Denkschritt bedeutet jedoch nicht, dass der Reichtum einer Person nicht auch anderen Menschen zur Verf\u00fcgung gestellt werden kann, die ihn ben\u00f6tigen. Das Problem besteht darin, den Staatsapparat zu nutzen, um diesen Reichtum willk\u00fcrlich zu verteilen. Jeder Einzelne kann durchaus gro\u00dfz\u00fcgig sein, wie die vielen Pers\u00f6nlichkeiten, die in der Philanthropie aktiv sind, zeigen. Diese tut der Menschheit definitiv mehr Gutes als die vermeintliche venezolanische Reichtumsverteilung.<\/p>\n\n\n\n<p>Was mich hinter dem Schleier der Unwissenheit davon \u00fcberzeugen w\u00fcrde, eine solche Besteuerung der Reichsten zu unterst\u00fctzen, w\u00e4re die Tatsache, dass diese eine Minderheit darstellen und daher die Wahrscheinlichkeit, dass ich selbst von einer solchen Ma\u00dfnahme betroffen w\u00e4re, verschwindend gering ist. Der moralische Wert dieser \u00dcberlegung des <em>freerider <\/em>ist jedoch nur begrenzt anwendbar. Diese Theorie l\u00e4sst sich n\u00e4mlich nur sehr schwer auf andere Minderheiten anwenden. Au\u00dferdem muss an dieser Stelle betont werden, dass der Gewinn, den ich als bescheidene Person aus der h\u00f6heren Besteuerung einer wohlhabenderen Person ziehen w\u00fcrde, wahrscheinlich geringer w\u00e4re als der Verlust, den diese Person erleidet.<\/p>\n\n\n\n\n\n<h3 class=\"wp-block-heading\"><strong>Die Widerspr\u00fcche der Garanten sozialer Gerechtigkeit<\/strong><\/h3>\n\n\n\n<p>Oft sind diejenigen, die wollen, dass die Reichsten mehr Steuern zahlen, dieselben, die alle anderen Minderheiten mit bemerkenswertem Eifer verteidigen. Die Tatsache, dass auch die Reichsten eine Minderheit sind, scheint ihnen trotz allem entgangen zu sein, was sehr bedauerlich ist. Die Reichsten werden, wie jede Minderheit, in ihren Grundrechten bedroht, in diesem Fall dem Recht auf Privateigentum, was durch nichts zu rechtfertigen ist.<\/p>\n\n\n\n<p class=\"has-text-color\" style=\"color:#1d296c\"><strong>Lesen Sie auch | <\/strong><a href=\"https:\/\/leregardlibre.com\/de\/2016\/05\/28\/on-ira-tous-au-paradis-fiscal\/\"><strong>Wir kommen alle ins Paradies ... Steuer<\/strong><\/a><\/p>\n\n\n\n<p>Und schlie\u00dflich scheinen diejenigen, die gegen den Reichtum eines Teils der Bev\u00f6lkerung wettern, dem Geld eine unverh\u00e4ltnism\u00e4\u00dfig gro\u00dfe Bedeutung beizumessen. Die Schweiz ist ein Land, in dem die bestehenden Strukturen weitgehend die Grundbed\u00fcrfnisse jedes Menschen befriedigen sollten. Jeder hat danach die M\u00f6glichkeit, sich in einer sportlichen, kulturellen oder auch beruflichen Aktivit\u00e4t zu entfalten. Das ist die Theorie von John Rawls: Eine Gesellschaft darf nicht egalit\u00e4r sein, sondern muss offen, leistungsorientiert, sozial mobil und damit gerecht sein. Diejenigen, die noch mehr Verteilung wollen, scheinen im Geld den ultimativen Schl\u00fcssel zur Rettung zu sehen, um ein gl\u00fcckliches Leben zu f\u00fchren. Paradox!<\/p>\n\n\n\n<form method=\"post\" action=\"https:\/\/newsletter.infomaniak.com\/external\/submit\" class=\"inf-form\" target=\"_blank\"><input type=\"email\" name=\"email\" style=\"display:none\"><input type=\"hidden\" name=\"key\" value=\"eyJpdiI6IlZXRVJGMlRGQUU2alNqUE81bitIUk5adnNVa0c4MllFTStzOHdHT1FQZ3c9IiwidmFsdWUiOiJIYzhwMUVCK1pTNnlhY3MyMmhuZlhReWJqemEwNk93blMxTjFHc0s2VHZrPSIsIm1hYyI6ImVhYTQ5N2I1M2NiYWE4NzBmNjk2NzgzYjliM2Y5NmYzM2E2ZmU3NGQxNTU1ZDFkMTU1MzY5NTdjYjE3ZTJmNTUifQ==\"><input type=\"hidden\" name=\"webform_id\" value=\"7291\"><style> .inf-main_3000311ca56a1cb93397bc676c0b7fff{ background-color:#f5f5f5; padding:25px 20px; margin:25px auto; } .inf-main_3000311ca56a1cb93397bc676c0b7fff .inf-content { margin-top:13px;} .inf-main_3000311ca56a1cb93397bc676c0b7fff h4, .inf-main_3000311ca56a1cb93397bc676c0b7fff span, .inf-main_3000311ca56a1cb93397bc676c0b7fff label, .inf-main_3000311ca56a1cb93397bc676c0b7fff input, .inf-main_3000311ca56a1cb93397bc676c0b7fff .inf-submit, .inf-main_3000311ca56a1cb93397bc676c0b7fff .inf-success p a { color:#555555; font-size:14px; } .inf-main_3000311ca56a1cb93397bc676c0b7fff h4{ font-size:18px; margin:0px 0px 13px 0px; } .inf-main_3000311ca56a1cb93397bc676c0b7fff h4, .inf-main_3000311ca56a1cb93397bc676c0b7fff label{ font-weight:bold; } .inf-main_3000311ca56a1cb93397bc676c0b7fff .inf-input { margin-bottom:7px; } .inf-main_3000311ca56a1cb93397bc676c0b7fff label { display:block;} .inf-main_3000311ca56a1cb93397bc676c0b7fff input{ height:35px; color:#999999; border: 1px solid #E9E9E9; border:none; padding-left:7px; } .inf-main_3000311ca56a1cb93397bc676c0b7fff .inf-input.inf-error label, .inf-main_3000311ca56a1cb93397bc676c0b7fff .inf-input.inf-error span.inf-message{ color: #cc0033; } .inf-main_3000311ca56a1cb93397bc676c0b7fff .inf-input.inf-error input{ border: 1px solid #cc0033; } .inf-main_3000311ca56a1cb93397bc676c0b7fff .inf-input input { width:100%;} .inf-main_3000311ca56a1cb93397bc676c0b7fff .inf-input.inf-error span.inf-message { display: block; } .inf-main_3000311ca56a1cb93397bc676c0b7fff .inf-submit { text-align:right;} .inf-main_3000311ca56a1cb93397bc676c0b7fff .inf-submit input{ background-color:#777777; color:#ffffff; border:none; font-weight: normal; height:auto; padding:7px; } .inf-main_3000311ca56a1cb93397bc676c0b7fff .inf-submit input.disabled{ opacity: 0.4; } .inf-btn { color: rgb(85, 85, 85); border: medium none; font-weight: normal; height: auto; padding: 7px; display: inline-block; background-color: white; box-shadow: 0px 1px 1px rgba(0, 0, 0, 0.24); border-radius: 2px; line-height: 1em; } .inf-rgpd { margin:25px 0px 15px 0px; color:#555555; } <\/style> <div class=\"inf-main_3000311ca56a1cb93397bc676c0b7fff\"> <h4>NEWSLETTER DES FREIEN BLICKS<\/h4> <span>Erhalten Sie unsere Artikel jeden Sonntag.<\/span> <div class=\"inf-success\" style=\"display:none\"> <h4>Ihre Anmeldung f\u00fcr unseren w\u00f6chentlichen Newsletter wurde erfolgreich registriert!<\/h4> <p> <a href=\"#\" class=\"inf-btn\">\u00ab<\/a> <\/p> <\/div> <div class=\"inf-content\"> <div class=\"inf-input inf-input-text\"> <input type=\"text\" name=\"inf[1]\" data-inf-meta=\"1\" data-inf-error=\"Merci de renseigner une adresse email\" required=\"required\" placeholder=\"E-Mail\"> <\/div> <div class=\"inf-submit\"> <input type=\"submit\" name=\"\" value=\"Anmelden\"> <\/div> <\/div> <\/div> <\/form>\n\n\n\n<p>Das Nachdenken \u00fcber Themen wie Steuern ist zentral f\u00fcr die Aufrechterhaltung eines ausgewogenen Sozialvertrags in unseren Gesellschaften. Die Intuition kann uns manchmal zu subtilen Ungerechtigkeiten f\u00fchren, die auf lange Sicht zum Zerfall der Gesellschaft und zur Konfrontation verschiedener Schichten f\u00fchren k\u00f6nnen - wie die Episode der Gelbwesten illustriert hat -, obwohl sie eigentlich zur Zusammenarbeit aufgerufen sind.<\/p>\n\n\n\n<p><em>Schreiben Sie dem Autor: <a href=\"mailto:jeremie.bongiovanni@leregardlibre.com\">jeremie.bongiovanni@leregardlibre.com<\/a><\/em><\/p>","protected":false},"excerpt":{"rendered":"<p>Die Wohlhabenden werden, wie jede Minderheit, in ihren Grundrechten, in diesem Fall dem Recht auf Privateigentum, bedroht, was durch nichts zu rechtfertigen ist.<\/p>","protected":false},"author":334,"featured_media":22317,"comment_status":"open","ping_status":"open","sticky":false,"template":"","format":"standard","meta":{"_acf_changed":false,"footnotes":""},"categories":[644357279],"tags":[457391,1162575,582970,644358470,644342355,644339352,644339121,851355,644339710,644342357,644342354,644342351],"class_list":["post-22316","post","type-post","status-publish","format-standard","has-post-thumbnail","hentry","category-suisse","tag-argent","tag-egalitarisme","tag-egalite","tag-fiscalite","tag-john-rawls","tag-justice-sociale","tag-minorites","tag-philosophie-politique","tag-propriete","tag-propriete-privee","tag-taxation","tag-taxes"],"acf":[],"yoast_head":"<!-- This site is optimized with the Yoast SEO Premium plugin v27.4 (Yoast SEO v27.4) - https:\/\/yoast.com\/product\/yoast-seo-premium-wordpress\/ -->\n<title>Taxation et justice sociale: l\u2019oppression des plus riches<\/title>\n<meta name=\"robots\" content=\"index, follow, max-snippet:-1, max-image-preview:large, max-video-preview:-1\" \/>\n<link rel=\"canonical\" href=\"https:\/\/leregardlibre.com\/de\/politik\/schweiz\/besteuerung-und-soziale-gerechtigkeit-die-unterdruckung-der-reichsten\/\" \/>\n<meta property=\"og:locale\" content=\"de_DE\" \/>\n<meta property=\"og:type\" content=\"article\" \/>\n<meta property=\"og:title\" content=\"Taxation et justice sociale: l\u2019oppression des plus riches\" \/>\n<meta property=\"og:description\" content=\"Les plus fortun\u00e9s sont, comme chaque minorit\u00e9, menac\u00e9s dans leurs droits fondamentaux, en l\u2019occurrence celui de la propri\u00e9t\u00e9 priv\u00e9e, ce que rien ne peut justifier.\" \/>\n<meta property=\"og:url\" content=\"https:\/\/leregardlibre.com\/de\/politik\/schweiz\/besteuerung-und-soziale-gerechtigkeit-die-unterdruckung-der-reichsten\/\" \/>\n<meta property=\"og:site_name\" content=\"Le Regard Libre\" \/>\n<meta property=\"article:publisher\" content=\"https:\/\/www.facebook.com\/leregardlibre\/\" \/>\n<meta property=\"article:published_time\" content=\"2019-07-15T19:23:07+00:00\" \/>\n<meta property=\"article:modified_time\" content=\"2025-12-13T21:45:03+00:00\" \/>\n<meta property=\"og:image\" content=\"https:\/\/leregardlibre.com\/wp-content\/uploads\/2019\/07\/6869765923_307afdd67c_b.jpg\" \/>\n\t<meta property=\"og:image:width\" content=\"1021\" \/>\n\t<meta property=\"og:image:height\" content=\"575\" \/>\n\t<meta property=\"og:image:type\" content=\"image\/jpeg\" \/>\n<meta name=\"author\" content=\"J\u00e9r\u00e9mie Bongiovanni\" \/>\n<meta name=\"twitter:card\" content=\"summary_large_image\" \/>\n<meta name=\"twitter:creator\" content=\"@LeRegardLibre\" \/>\n<meta name=\"twitter:site\" content=\"@LeRegardLibre\" \/>\n<meta name=\"twitter:label1\" content=\"Verfasst von\" \/>\n\t<meta name=\"twitter:data1\" content=\"J\u00e9r\u00e9mie Bongiovanni\" \/>\n\t<meta name=\"twitter:label2\" content=\"Gesch\u00e4tzte Lesezeit\" \/>\n\t<meta name=\"twitter:data2\" content=\"6\u00a0Minuten\" \/>\n<script type=\"application\/ld+json\" class=\"yoast-schema-graph\">{\"@context\":\"https:\\\/\\\/schema.org\",\"@graph\":[{\"@type\":\"Article\",\"@id\":\"https:\\\/\\\/leregardlibre.com\\\/politique\\\/suisse\\\/taxation-et-justice-sociale-loppression-des-plus-riches\\\/#article\",\"isPartOf\":{\"@id\":\"https:\\\/\\\/leregardlibre.com\\\/politique\\\/suisse\\\/taxation-et-justice-sociale-loppression-des-plus-riches\\\/\"},\"author\":{\"name\":\"J\u00e9r\u00e9mie Bongiovanni\",\"@id\":\"https:\\\/\\\/leregardlibre.com\\\/#\\\/schema\\\/person\\\/f3e6319b17f74b61ee1cbeab93efd96b\"},\"headline\":\"Taxation et justice sociale: l\u2019oppression des plus riches\",\"datePublished\":\"2019-07-15T19:23:07+00:00\",\"dateModified\":\"2025-12-13T21:45:03+00:00\",\"mainEntityOfPage\":{\"@id\":\"https:\\\/\\\/leregardlibre.com\\\/politique\\\/suisse\\\/taxation-et-justice-sociale-loppression-des-plus-riches\\\/\"},\"wordCount\":1052,\"commentCount\":0,\"publisher\":{\"@id\":\"https:\\\/\\\/leregardlibre.com\\\/#organization\"},\"image\":{\"@id\":\"https:\\\/\\\/leregardlibre.com\\\/politique\\\/suisse\\\/taxation-et-justice-sociale-loppression-des-plus-riches\\\/#primaryimage\"},\"thumbnailUrl\":\"https:\\\/\\\/leregardlibre.com\\\/wp-content\\\/uploads\\\/2019\\\/07\\\/6869765923_307afdd67c_b.jpg\",\"keywords\":[\"Argent\",\"Egalitarisme\",\"Egalit\u00e9\",\"Fiscalit\u00e9\",\"John Rawls\",\"Justice sociale\",\"Minorit\u00e9s\",\"Philosophie politique\",\"propri\u00e9t\u00e9\",\"propri\u00e9t\u00e9 priv\u00e9e\",\"taxation\",\"taxes\"],\"articleSection\":[\"Suisse\"],\"inLanguage\":\"de\",\"potentialAction\":[{\"@type\":\"CommentAction\",\"name\":\"Comment\",\"target\":[\"https:\\\/\\\/leregardlibre.com\\\/politique\\\/suisse\\\/taxation-et-justice-sociale-loppression-des-plus-riches\\\/#respond\"]}]},{\"@type\":\"WebPage\",\"@id\":\"https:\\\/\\\/leregardlibre.com\\\/politique\\\/suisse\\\/taxation-et-justice-sociale-loppression-des-plus-riches\\\/\",\"url\":\"https:\\\/\\\/leregardlibre.com\\\/politique\\\/suisse\\\/taxation-et-justice-sociale-loppression-des-plus-riches\\\/\",\"name\":\"Taxation et justice sociale: l\u2019oppression des plus riches\",\"isPartOf\":{\"@id\":\"https:\\\/\\\/leregardlibre.com\\\/#website\"},\"primaryImageOfPage\":{\"@id\":\"https:\\\/\\\/leregardlibre.com\\\/politique\\\/suisse\\\/taxation-et-justice-sociale-loppression-des-plus-riches\\\/#primaryimage\"},\"image\":{\"@id\":\"https:\\\/\\\/leregardlibre.com\\\/politique\\\/suisse\\\/taxation-et-justice-sociale-loppression-des-plus-riches\\\/#primaryimage\"},\"thumbnailUrl\":\"https:\\\/\\\/leregardlibre.com\\\/wp-content\\\/uploads\\\/2019\\\/07\\\/6869765923_307afdd67c_b.jpg\",\"datePublished\":\"2019-07-15T19:23:07+00:00\",\"dateModified\":\"2025-12-13T21:45:03+00:00\",\"breadcrumb\":{\"@id\":\"https:\\\/\\\/leregardlibre.com\\\/politique\\\/suisse\\\/taxation-et-justice-sociale-loppression-des-plus-riches\\\/#breadcrumb\"},\"inLanguage\":\"de\",\"potentialAction\":[{\"@type\":\"ReadAction\",\"target\":[\"https:\\\/\\\/leregardlibre.com\\\/politique\\\/suisse\\\/taxation-et-justice-sociale-loppression-des-plus-riches\\\/\"]}]},{\"@type\":\"ImageObject\",\"inLanguage\":\"de\",\"@id\":\"https:\\\/\\\/leregardlibre.com\\\/politique\\\/suisse\\\/taxation-et-justice-sociale-loppression-des-plus-riches\\\/#primaryimage\",\"url\":\"https:\\\/\\\/leregardlibre.com\\\/wp-content\\\/uploads\\\/2019\\\/07\\\/6869765923_307afdd67c_b.jpg\",\"contentUrl\":\"https:\\\/\\\/leregardlibre.com\\\/wp-content\\\/uploads\\\/2019\\\/07\\\/6869765923_307afdd67c_b.jpg\",\"width\":1021,\"height\":575},{\"@type\":\"BreadcrumbList\",\"@id\":\"https:\\\/\\\/leregardlibre.com\\\/politique\\\/suisse\\\/taxation-et-justice-sociale-loppression-des-plus-riches\\\/#breadcrumb\",\"itemListElement\":[{\"@type\":\"ListItem\",\"position\":1,\"name\":\"Accueil\",\"item\":\"https:\\\/\\\/leregardlibre.com\\\/\"},{\"@type\":\"ListItem\",\"position\":2,\"name\":\"Taxation et justice sociale: l\u2019oppression des plus riches\"}]},{\"@type\":\"WebSite\",\"@id\":\"https:\\\/\\\/leregardlibre.com\\\/#website\",\"url\":\"https:\\\/\\\/leregardlibre.com\\\/\",\"name\":\"Le Regard Libre\",\"description\":\"Premier mensuel suisse de d\u00e9bat\",\"publisher\":{\"@id\":\"https:\\\/\\\/leregardlibre.com\\\/#organization\"},\"potentialAction\":[{\"@type\":\"SearchAction\",\"target\":{\"@type\":\"EntryPoint\",\"urlTemplate\":\"https:\\\/\\\/leregardlibre.com\\\/?s={search_term_string}\"},\"query-input\":{\"@type\":\"PropertyValueSpecification\",\"valueRequired\":true,\"valueName\":\"search_term_string\"}}],\"inLanguage\":\"de\"},{\"@type\":\"Organization\",\"@id\":\"https:\\\/\\\/leregardlibre.com\\\/#organization\",\"name\":\"Le Regard Libre\",\"url\":\"https:\\\/\\\/leregardlibre.com\\\/\",\"logo\":{\"@type\":\"ImageObject\",\"inLanguage\":\"de\",\"@id\":\"https:\\\/\\\/leregardlibre.com\\\/#\\\/schema\\\/logo\\\/image\\\/\",\"url\":\"https:\\\/\\\/leregardlibre.com\\\/wp-content\\\/uploads\\\/2025\\\/08\\\/logo-rl-icone-neg.jpeg\",\"contentUrl\":\"https:\\\/\\\/leregardlibre.com\\\/wp-content\\\/uploads\\\/2025\\\/08\\\/logo-rl-icone-neg.jpeg\",\"width\":557,\"height\":556,\"caption\":\"Le Regard Libre\"},\"image\":{\"@id\":\"https:\\\/\\\/leregardlibre.com\\\/#\\\/schema\\\/logo\\\/image\\\/\"},\"sameAs\":[\"https:\\\/\\\/www.facebook.com\\\/leregardlibre\\\/\",\"https:\\\/\\\/x.com\\\/LeRegardLibre\",\"https:\\\/\\\/www.linkedin.com\\\/company\\\/le-regard-libre\",\"https:\\\/\\\/www.instagram.com\\\/leregardlibre\\\/\",\"http:\\\/\\\/t.me\\\/leregardlibre\",\"https:\\\/\\\/youtube.com\\\/channel\\\/UC6HzGPomj1LsUmlz-sJtITQ\"],\"description\":\"Le Regard Libre est un mensuel suisse de d\u00e9bat intellectuel et culturel. Sa r\u00e9daction est jeune, b\u00e9n\u00e9vole, lib\u00e9rale et pluraliste. Le magazine para\u00eet en ligne et sous forme papier. Sa langue est le fran\u00e7ais.\",\"email\":\"redaction@leregardlibre.com\",\"legalName\":\"Le Regard Libre\",\"foundingDate\":\"2014-01-01\",\"numberOfEmployees\":{\"@type\":\"QuantitativeValue\",\"minValue\":\"11\",\"maxValue\":\"50\"},\"publishingPrinciples\":\"https:\\\/\\\/leregardlibre.com\\\/a-propos\\\/notre-manifeste\\\/\",\"ownershipFundingInfo\":\"https:\\\/\\\/leregardlibre.com\\\/mentions-legales\\\/\",\"actionableFeedbackPolicy\":\"https:\\\/\\\/leregardlibre.com\\\/conditions-generales-de-vente\\\/\"},{\"@type\":\"Person\",\"@id\":\"https:\\\/\\\/leregardlibre.com\\\/#\\\/schema\\\/person\\\/f3e6319b17f74b61ee1cbeab93efd96b\",\"name\":\"J\u00e9r\u00e9mie Bongiovanni\",\"image\":{\"@type\":\"ImageObject\",\"inLanguage\":\"de\",\"@id\":\"https:\\\/\\\/secure.gravatar.com\\\/avatar\\\/4b3435964c432c0e6b6d18c4ede3fbda14221b9972e7c161f47c78f6cfb96299?s=96&d=identicon&r=g\",\"url\":\"https:\\\/\\\/secure.gravatar.com\\\/avatar\\\/4b3435964c432c0e6b6d18c4ede3fbda14221b9972e7c161f47c78f6cfb96299?s=96&d=identicon&r=g\",\"contentUrl\":\"https:\\\/\\\/secure.gravatar.com\\\/avatar\\\/4b3435964c432c0e6b6d18c4ede3fbda14221b9972e7c161f47c78f6cfb96299?s=96&d=identicon&r=g\",\"caption\":\"J\u00e9r\u00e9mie Bongiovanni\"},\"sameAs\":[\"https:\\\/\\\/leregardlibre.com\\\/\"],\"url\":\"https:\\\/\\\/leregardlibre.com\\\/de\\\/author\\\/jeremie-bongiovanni\\\/\"}]}<\/script>\n<!-- \/ Yoast SEO Premium plugin. -->","yoast_head_json":{"title":"Besteuerung und soziale Gerechtigkeit: Die Unterdr\u00fcckung der Reichsten","robots":{"index":"index","follow":"follow","max-snippet":"max-snippet:-1","max-image-preview":"max-image-preview:large","max-video-preview":"max-video-preview:-1"},"canonical":"https:\/\/leregardlibre.com\/de\/politik\/schweiz\/besteuerung-und-soziale-gerechtigkeit-die-unterdruckung-der-reichsten\/","og_locale":"de_DE","og_type":"article","og_title":"Taxation et justice sociale: l\u2019oppression des plus riches","og_description":"Les plus fortun\u00e9s sont, comme chaque minorit\u00e9, menac\u00e9s dans leurs droits fondamentaux, en l\u2019occurrence celui de la propri\u00e9t\u00e9 priv\u00e9e, ce que rien ne peut justifier.","og_url":"https:\/\/leregardlibre.com\/de\/politik\/schweiz\/besteuerung-und-soziale-gerechtigkeit-die-unterdruckung-der-reichsten\/","og_site_name":"Le Regard Libre","article_publisher":"https:\/\/www.facebook.com\/leregardlibre\/","article_published_time":"2019-07-15T19:23:07+00:00","article_modified_time":"2025-12-13T21:45:03+00:00","og_image":[{"width":1021,"height":575,"url":"https:\/\/leregardlibre.com\/wp-content\/uploads\/2019\/07\/6869765923_307afdd67c_b.jpg","type":"image\/jpeg"}],"author":"J\u00e9r\u00e9mie Bongiovanni","twitter_card":"summary_large_image","twitter_creator":"@LeRegardLibre","twitter_site":"@LeRegardLibre","twitter_misc":{"Verfasst von":"J\u00e9r\u00e9mie Bongiovanni","Gesch\u00e4tzte Lesezeit":"6\u00a0Minuten"},"schema":{"@context":"https:\/\/schema.org","@graph":[{"@type":"Article","@id":"https:\/\/leregardlibre.com\/politique\/suisse\/taxation-et-justice-sociale-loppression-des-plus-riches\/#article","isPartOf":{"@id":"https:\/\/leregardlibre.com\/politique\/suisse\/taxation-et-justice-sociale-loppression-des-plus-riches\/"},"author":{"name":"J\u00e9r\u00e9mie Bongiovanni","@id":"https:\/\/leregardlibre.com\/#\/schema\/person\/f3e6319b17f74b61ee1cbeab93efd96b"},"headline":"Taxation et justice sociale: l\u2019oppression des plus riches","datePublished":"2019-07-15T19:23:07+00:00","dateModified":"2025-12-13T21:45:03+00:00","mainEntityOfPage":{"@id":"https:\/\/leregardlibre.com\/politique\/suisse\/taxation-et-justice-sociale-loppression-des-plus-riches\/"},"wordCount":1052,"commentCount":0,"publisher":{"@id":"https:\/\/leregardlibre.com\/#organization"},"image":{"@id":"https:\/\/leregardlibre.com\/politique\/suisse\/taxation-et-justice-sociale-loppression-des-plus-riches\/#primaryimage"},"thumbnailUrl":"https:\/\/leregardlibre.com\/wp-content\/uploads\/2019\/07\/6869765923_307afdd67c_b.jpg","keywords":["Argent","Egalitarisme","Egalit\u00e9","Fiscalit\u00e9","John Rawls","Justice sociale","Minorit\u00e9s","Philosophie politique","propri\u00e9t\u00e9","propri\u00e9t\u00e9 priv\u00e9e","taxation","taxes"],"articleSection":["Suisse"],"inLanguage":"de","potentialAction":[{"@type":"CommentAction","name":"Comment","target":["https:\/\/leregardlibre.com\/politique\/suisse\/taxation-et-justice-sociale-loppression-des-plus-riches\/#respond"]}]},{"@type":"WebPage","@id":"https:\/\/leregardlibre.com\/politique\/suisse\/taxation-et-justice-sociale-loppression-des-plus-riches\/","url":"https:\/\/leregardlibre.com\/politique\/suisse\/taxation-et-justice-sociale-loppression-des-plus-riches\/","name":"Besteuerung und soziale Gerechtigkeit: Die Unterdr\u00fcckung der Reichsten","isPartOf":{"@id":"https:\/\/leregardlibre.com\/#website"},"primaryImageOfPage":{"@id":"https:\/\/leregardlibre.com\/politique\/suisse\/taxation-et-justice-sociale-loppression-des-plus-riches\/#primaryimage"},"image":{"@id":"https:\/\/leregardlibre.com\/politique\/suisse\/taxation-et-justice-sociale-loppression-des-plus-riches\/#primaryimage"},"thumbnailUrl":"https:\/\/leregardlibre.com\/wp-content\/uploads\/2019\/07\/6869765923_307afdd67c_b.jpg","datePublished":"2019-07-15T19:23:07+00:00","dateModified":"2025-12-13T21:45:03+00:00","breadcrumb":{"@id":"https:\/\/leregardlibre.com\/politique\/suisse\/taxation-et-justice-sociale-loppression-des-plus-riches\/#breadcrumb"},"inLanguage":"de","potentialAction":[{"@type":"ReadAction","target":["https:\/\/leregardlibre.com\/politique\/suisse\/taxation-et-justice-sociale-loppression-des-plus-riches\/"]}]},{"@type":"ImageObject","inLanguage":"de","@id":"https:\/\/leregardlibre.com\/politique\/suisse\/taxation-et-justice-sociale-loppression-des-plus-riches\/#primaryimage","url":"https:\/\/leregardlibre.com\/wp-content\/uploads\/2019\/07\/6869765923_307afdd67c_b.jpg","contentUrl":"https:\/\/leregardlibre.com\/wp-content\/uploads\/2019\/07\/6869765923_307afdd67c_b.jpg","width":1021,"height":575},{"@type":"BreadcrumbList","@id":"https:\/\/leregardlibre.com\/politique\/suisse\/taxation-et-justice-sociale-loppression-des-plus-riches\/#breadcrumb","itemListElement":[{"@type":"ListItem","position":1,"name":"Accueil","item":"https:\/\/leregardlibre.com\/"},{"@type":"ListItem","position":2,"name":"Taxation et justice sociale: l\u2019oppression des plus riches"}]},{"@type":"WebSite","@id":"https:\/\/leregardlibre.com\/#website","url":"https:\/\/leregardlibre.com\/","name":"Le Regard Libre","description":"Erste Schweizer Monatszeitschrift f\u00fcr Debatten","publisher":{"@id":"https:\/\/leregardlibre.com\/#organization"},"potentialAction":[{"@type":"SearchAction","target":{"@type":"EntryPoint","urlTemplate":"https:\/\/leregardlibre.com\/?s={search_term_string}"},"query-input":{"@type":"PropertyValueSpecification","valueRequired":true,"valueName":"search_term_string"}}],"inLanguage":"de"},{"@type":"Organization","@id":"https:\/\/leregardlibre.com\/#organization","name":"Le Regard Libre","url":"https:\/\/leregardlibre.com\/","logo":{"@type":"ImageObject","inLanguage":"de","@id":"https:\/\/leregardlibre.com\/#\/schema\/logo\/image\/","url":"https:\/\/leregardlibre.com\/wp-content\/uploads\/2025\/08\/logo-rl-icone-neg.jpeg","contentUrl":"https:\/\/leregardlibre.com\/wp-content\/uploads\/2025\/08\/logo-rl-icone-neg.jpeg","width":557,"height":556,"caption":"Le Regard Libre"},"image":{"@id":"https:\/\/leregardlibre.com\/#\/schema\/logo\/image\/"},"sameAs":["https:\/\/www.facebook.com\/leregardlibre\/","https:\/\/x.com\/LeRegardLibre","https:\/\/www.linkedin.com\/company\/le-regard-libre","https:\/\/www.instagram.com\/leregardlibre\/","http:\/\/t.me\/leregardlibre","https:\/\/youtube.com\/channel\/UC6HzGPomj1LsUmlz-sJtITQ"],"description":"Le Regard Libre ist eine Schweizer Monatszeitschrift f\u00fcr intellektuelle und kulturelle Debatten. Seine Redaktion ist jung, ehrenamtlich, liberal und pluralistisch. Das Magazin erscheint online und in gedruckter Form. Seine Sprache ist Franz\u00f6sisch.","email":"redaction@leregardlibre.com","legalName":"Le Regard Libre","foundingDate":"2014-01-01","numberOfEmployees":{"@type":"QuantitativeValue","minValue":"11","maxValue":"50"},"publishingPrinciples":"https:\/\/leregardlibre.com\/a-propos\/notre-manifeste\/","ownershipFundingInfo":"https:\/\/leregardlibre.com\/mentions-legales\/","actionableFeedbackPolicy":"https:\/\/leregardlibre.com\/conditions-generales-de-vente\/"},{"@type":"Person","@id":"https:\/\/leregardlibre.com\/#\/schema\/person\/f3e6319b17f74b61ee1cbeab93efd96b","name":"J\u00e9r\u00e9mie Bongiovanni","image":{"@type":"ImageObject","inLanguage":"de","@id":"https:\/\/secure.gravatar.com\/avatar\/4b3435964c432c0e6b6d18c4ede3fbda14221b9972e7c161f47c78f6cfb96299?s=96&d=identicon&r=g","url":"https:\/\/secure.gravatar.com\/avatar\/4b3435964c432c0e6b6d18c4ede3fbda14221b9972e7c161f47c78f6cfb96299?s=96&d=identicon&r=g","contentUrl":"https:\/\/secure.gravatar.com\/avatar\/4b3435964c432c0e6b6d18c4ede3fbda14221b9972e7c161f47c78f6cfb96299?s=96&d=identicon&r=g","caption":"J\u00e9r\u00e9mie Bongiovanni"},"sameAs":["https:\/\/leregardlibre.com\/"],"url":"https:\/\/leregardlibre.com\/de\/author\/jeremie-bongiovanni\/"}]}},"_links":{"self":[{"href":"https:\/\/leregardlibre.com\/de\/wp-json\/wp\/v2\/posts\/22316","targetHints":{"allow":["GET"]}}],"collection":[{"href":"https:\/\/leregardlibre.com\/de\/wp-json\/wp\/v2\/posts"}],"about":[{"href":"https:\/\/leregardlibre.com\/de\/wp-json\/wp\/v2\/types\/post"}],"author":[{"embeddable":true,"href":"https:\/\/leregardlibre.com\/de\/wp-json\/wp\/v2\/users\/334"}],"replies":[{"embeddable":true,"href":"https:\/\/leregardlibre.com\/de\/wp-json\/wp\/v2\/comments?post=22316"}],"version-history":[{"count":1,"href":"https:\/\/leregardlibre.com\/de\/wp-json\/wp\/v2\/posts\/22316\/revisions"}],"predecessor-version":[{"id":510570,"href":"https:\/\/leregardlibre.com\/de\/wp-json\/wp\/v2\/posts\/22316\/revisions\/510570"}],"wp:featuredmedia":[{"embeddable":true,"href":"https:\/\/leregardlibre.com\/de\/wp-json\/wp\/v2\/media\/22317"}],"wp:attachment":[{"href":"https:\/\/leregardlibre.com\/de\/wp-json\/wp\/v2\/media?parent=22316"}],"wp:term":[{"taxonomy":"category","embeddable":true,"href":"https:\/\/leregardlibre.com\/de\/wp-json\/wp\/v2\/categories?post=22316"},{"taxonomy":"post_tag","embeddable":true,"href":"https:\/\/leregardlibre.com\/de\/wp-json\/wp\/v2\/tags?post=22316"}],"curies":[{"name":"wp","href":"https:\/\/api.w.org\/{rel}","templated":true}]}}