{"id":22372,"date":"2019-07-17T17:01:50","date_gmt":"2019-07-17T15:01:50","guid":{"rendered":"https:\/\/leregardlibre.com\/?p=22372"},"modified":"2025-12-04T22:36:07","modified_gmt":"2025-12-04T21:36:07","slug":"anna-le-chemin-vers-la-liberte-est-parfois-seme-de-cadavres","status":"publish","type":"post","link":"https:\/\/leregardlibre.com\/de\/kino\/filme\/anna-le-chemin-vers-la-liberte-est-parfois-seme-de-cadavres\/","title":{"rendered":"\u00abANNA: Der Weg zur Freiheit ist manchmal mit Leichen gepflastert"},"content":{"rendered":"<p><em>Mittwochs im Kino - Melisa Oriol<\/em><\/p>\n\n\n\n<p class=\"has-drop-cap\"><strong>Mit seinem neuesten Film gelingt es Luc Besson, eine echte Matrjoschka (russische Puppe) zu schaffen, die man gerne entdeckt. Die wunderbare Sasha Luss spielt hier ihre zweite, aber sicher nicht ihre letzte Rolle.<\/strong><\/p>\n\n\n\n<!--more Lire la critique-->\n\n\n\n<p>C\u2019est dans la digne lign\u00e9e de <em>L\u00e9on<\/em> (1994) et de <em>Nikita<\/em> (1990) du m\u00eame r\u00e9alisateur, que se situe <em>Anna<\/em>. C\u2019est \u00e0 nouveau autour d\u2019une protagoniste f\u00e9minine que l\u2019histoire se d\u00e9roule. Une jeune femme russe qui tente de trouver un sens \u00e0 sa vie en int\u00e9grant le KGB. Mais une chose est d\u2019y entrer, une autre d\u2019en sortir! Anna est ce genre de <em>Badass<\/em> qu\u2019on adore et pour qui l\u2019on \u00e9prouve une totale empathie. D\u2019un \u00eatre insignifiant, elle gravit les \u00e9chelons et s\u2019affirme en vraie tueuse, aussi belle que courageuse. Et c\u2019est avec un certain plaisir non dissimul\u00e9 qu\u2019on l\u2019accompagne tout au long de son \u00e9volution, de la larve au papillon.<\/p>\n\n\n\n<h3 class=\"wp-block-heading\"><strong>Matriochka<\/strong><\/h3>\n\n\n\n<p>C\u2019est \u00e0 l\u2019image de ces poup\u00e9es russes qui dissimulent toujours de nombreuses figurines que se construit le film. Chaque s\u00e9quence clef nous est montr\u00e9e de diff\u00e9rents points de vue, provoquant ainsi, bien souvent, la surprise g\u00e9n\u00e9rale! C\u2019est un choix tr\u00e8s astucieux qui nous oblige \u00e0 rester attentifs \u00e0 tous les d\u00e9tails, car ils ont leur importance. Cette id\u00e9e de double vision est constante et se trouve dans les multiples personnages que devra incarner Anna (Sasha Luss) lors de ses infiltrations, mais aussi dans le choix m\u00eame du titre qui se pr\u00e9sente comme un palindrome.<\/p>\n\n\n\n<p>Luc Besson a, une fois de plus, pari\u00e9 gros sur la mise en sc\u00e8ne. Ce\nsont de vrais combats chor\u00e9graphi\u00e9s que l\u2019on voit se d\u00e9rouler sous nos yeux. En\nopposition \u00e0 ces films bien souvent maladroits lorsqu\u2019il s\u2019agit de filmer une\ns\u00e9quence d\u2019action, <em>Anna<\/em> laisse\ns\u2019\u00e9panouir le geste. Que ce soit avec un Beretta ou avec les poings, dans un\nbar ou un bunker, c\u2019est \u00e0 chaque fois une r\u00e9ussite.<\/p>\n\n\n\n<h3 class=\"wp-block-heading\"><strong>Miroir, mon beau miroir<\/strong><\/h3>\n\n\n\n<p>Cillian Murphy, dont on dit qu\u2019il a les plus beaux yeux du cin\u00e9ma d\u2019aujourd\u2019hui, Sasha Luss dont l\u2019iris d\u2019un bleu ciel est transper\u00e7ant, la c\u00e9l\u00e8bre oscaris\u00e9e Helen Mirren et Luke Evans au regard t\u00e9n\u00e9breux. Quel <em>Besetzung<\/em>! C\u2019est avec justesse que le film met en avant les atouts de chacun de ses acteurs, avec parfois des plans serr\u00e9s sur les expressions faciales, des s\u00e9quences de complicit\u00e9 ou encore par des jeux de regards tr\u00e8s \u00e9labor\u00e9s. Bien que la protagoniste en soit \u00e0 ses d\u00e9buts dans le domaine du cin\u00e9ma, elle ne se laisse pas d\u00e9stabiliser par ces ic\u00f4nes qui l\u2019entourent et dont le talent n\u2019est plus \u00e0 prouver. C\u2019est une performance r\u00e9ellement \u00e9poustouflante que la jeune russe de vingt-sept ans r\u00e9alise en incarnant une vraie femme cam\u00e9l\u00e9on. <\/p>\n\n\n\n<hr class=\"wp-block-separator\"\/>\n\n\n\n<p><em>Schreiben Sie dem Autor: <a href=\"mailto:jonas.follonier@leregardlibre.com\">jonas.follonier@leregardlibre.com<\/a><\/em><\/p>\n\n\n\n<p>Cr\u00e9dit photo: \u00a9&nbsp;Elite Film<\/p>","protected":false},"excerpt":{"rendered":"<p>Les mercredis du cin\u00e9ma &#8211; Melisa Oriol Avec son dernier film, Luc Besson arrive avec splendeur \u00e0 constituer une vraie&#8230;<\/p>","protected":false},"author":338,"featured_media":22374,"comment_status":"open","ping_status":"open","sticky":false,"template":"","format":"standard","meta":{"_acf_changed":false,"footnotes":""},"categories":[644355829],"tags":[644342366,644342370,535035,644342372,644342368,458993,644342373,644342371,644342369,644342367],"class_list":["post-22372","post","type-post","status-publish","format-standard","has-post-thumbnail","hentry","category-films","tag-anna","tag-badass","tag-cillian-murphy","tag-helen-mirren","tag-leon","tag-luc-besson","tag-luke-evans","tag-matriochka","tag-nikita","tag-poupees-russes"],"acf":[],"yoast_head":"<!-- This site is optimized with the Yoast SEO Premium plugin v27.4 (Yoast SEO v27.4) - https:\/\/yoast.com\/product\/yoast-seo-premium-wordpress\/ -->\n<title>\u00abANNA\u00bb: le chemin vers la libert\u00e9 est parfois sem\u00e9 de cadavres<\/title>\n<meta name=\"robots\" content=\"index, follow, max-snippet:-1, max-image-preview:large, max-video-preview:-1\" \/>\n<link rel=\"canonical\" href=\"https:\/\/leregardlibre.com\/de\/kino\/filme\/anna-le-chemin-vers-la-liberte-est-parfois-seme-de-cadavres\/\" \/>\n<meta property=\"og:locale\" content=\"de_DE\" \/>\n<meta property=\"og:type\" content=\"article\" \/>\n<meta property=\"og:title\" content=\"\u00abANNA\u00bb: le chemin vers la libert\u00e9 est parfois sem\u00e9 de cadavres\" \/>\n<meta property=\"og:description\" content=\"Les mercredis du cin\u00e9ma - Melisa Oriol Avec son dernier film, Luc Besson arrive avec splendeur \u00e0 constituer une vraie...\" \/>\n<meta property=\"og:url\" content=\"https:\/\/leregardlibre.com\/de\/kino\/filme\/anna-le-chemin-vers-la-liberte-est-parfois-seme-de-cadavres\/\" \/>\n<meta property=\"og:site_name\" content=\"Le Regard Libre\" \/>\n<meta property=\"article:publisher\" content=\"https:\/\/www.facebook.com\/leregardlibre\/\" \/>\n<meta property=\"article:published_time\" content=\"2019-07-17T15:01:50+00:00\" \/>\n<meta property=\"article:modified_time\" content=\"2025-12-04T21:36:07+00:00\" \/>\n<meta property=\"og:image\" content=\"https:\/\/leregardlibre.com\/wp-content\/uploads\/2019\/07\/Anna.jpg\" \/>\n\t<meta property=\"og:image:width\" content=\"1280\" \/>\n\t<meta property=\"og:image:height\" content=\"853\" \/>\n\t<meta property=\"og:image:type\" content=\"image\/jpeg\" \/>\n<meta name=\"author\" content=\"Melisa Oriol\" \/>\n<meta name=\"twitter:card\" content=\"summary_large_image\" \/>\n<meta name=\"twitter:creator\" content=\"@LeRegardLibre\" \/>\n<meta name=\"twitter:site\" content=\"@LeRegardLibre\" \/>\n<meta name=\"twitter:label1\" content=\"Verfasst von\" \/>\n\t<meta name=\"twitter:data1\" content=\"Melisa Oriol\" \/>\n\t<meta name=\"twitter:label2\" content=\"Gesch\u00e4tzte Lesezeit\" \/>\n\t<meta name=\"twitter:data2\" content=\"3\u00a0Minuten\" \/>\n<script type=\"application\/ld+json\" class=\"yoast-schema-graph\">{\"@context\":\"https:\\\/\\\/schema.org\",\"@graph\":[{\"@type\":\"Article\",\"@id\":\"https:\\\/\\\/leregardlibre.com\\\/cinema\\\/films\\\/anna-le-chemin-vers-la-liberte-est-parfois-seme-de-cadavres\\\/#article\",\"isPartOf\":{\"@id\":\"https:\\\/\\\/leregardlibre.com\\\/cinema\\\/films\\\/anna-le-chemin-vers-la-liberte-est-parfois-seme-de-cadavres\\\/\"},\"author\":{\"name\":\"Melisa Oriol\",\"@id\":\"https:\\\/\\\/leregardlibre.com\\\/#\\\/schema\\\/person\\\/b054d777e0bf04e418d8472eeaf0e39b\"},\"headline\":\"\u00abANNA\u00bb: le chemin vers la libert\u00e9 est parfois sem\u00e9 de cadavres\",\"datePublished\":\"2019-07-17T15:01:50+00:00\",\"dateModified\":\"2025-12-04T21:36:07+00:00\",\"mainEntityOfPage\":{\"@id\":\"https:\\\/\\\/leregardlibre.com\\\/cinema\\\/films\\\/anna-le-chemin-vers-la-liberte-est-parfois-seme-de-cadavres\\\/\"},\"wordCount\":543,\"commentCount\":0,\"publisher\":{\"@id\":\"https:\\\/\\\/leregardlibre.com\\\/#organization\"},\"image\":{\"@id\":\"https:\\\/\\\/leregardlibre.com\\\/cinema\\\/films\\\/anna-le-chemin-vers-la-liberte-est-parfois-seme-de-cadavres\\\/#primaryimage\"},\"thumbnailUrl\":\"https:\\\/\\\/leregardlibre.com\\\/wp-content\\\/uploads\\\/2019\\\/07\\\/Anna.jpg\",\"keywords\":[\"anna\",\"badass\",\"cillian murphy\",\"helen mirren\",\"l\u00e9on\",\"Luc Besson\",\"luke evans\",\"matriochka\",\"nikita\",\"poup\u00e9es russes\"],\"articleSection\":[\"Films\"],\"inLanguage\":\"de\",\"potentialAction\":[{\"@type\":\"CommentAction\",\"name\":\"Comment\",\"target\":[\"https:\\\/\\\/leregardlibre.com\\\/cinema\\\/films\\\/anna-le-chemin-vers-la-liberte-est-parfois-seme-de-cadavres\\\/#respond\"]}]},{\"@type\":\"WebPage\",\"@id\":\"https:\\\/\\\/leregardlibre.com\\\/cinema\\\/films\\\/anna-le-chemin-vers-la-liberte-est-parfois-seme-de-cadavres\\\/\",\"url\":\"https:\\\/\\\/leregardlibre.com\\\/cinema\\\/films\\\/anna-le-chemin-vers-la-liberte-est-parfois-seme-de-cadavres\\\/\",\"name\":\"\u00abANNA\u00bb: le chemin vers la libert\u00e9 est parfois sem\u00e9 de cadavres\",\"isPartOf\":{\"@id\":\"https:\\\/\\\/leregardlibre.com\\\/#website\"},\"primaryImageOfPage\":{\"@id\":\"https:\\\/\\\/leregardlibre.com\\\/cinema\\\/films\\\/anna-le-chemin-vers-la-liberte-est-parfois-seme-de-cadavres\\\/#primaryimage\"},\"image\":{\"@id\":\"https:\\\/\\\/leregardlibre.com\\\/cinema\\\/films\\\/anna-le-chemin-vers-la-liberte-est-parfois-seme-de-cadavres\\\/#primaryimage\"},\"thumbnailUrl\":\"https:\\\/\\\/leregardlibre.com\\\/wp-content\\\/uploads\\\/2019\\\/07\\\/Anna.jpg\",\"datePublished\":\"2019-07-17T15:01:50+00:00\",\"dateModified\":\"2025-12-04T21:36:07+00:00\",\"breadcrumb\":{\"@id\":\"https:\\\/\\\/leregardlibre.com\\\/cinema\\\/films\\\/anna-le-chemin-vers-la-liberte-est-parfois-seme-de-cadavres\\\/#breadcrumb\"},\"inLanguage\":\"de\",\"potentialAction\":[{\"@type\":\"ReadAction\",\"target\":[\"https:\\\/\\\/leregardlibre.com\\\/cinema\\\/films\\\/anna-le-chemin-vers-la-liberte-est-parfois-seme-de-cadavres\\\/\"]}]},{\"@type\":\"ImageObject\",\"inLanguage\":\"de\",\"@id\":\"https:\\\/\\\/leregardlibre.com\\\/cinema\\\/films\\\/anna-le-chemin-vers-la-liberte-est-parfois-seme-de-cadavres\\\/#primaryimage\",\"url\":\"https:\\\/\\\/leregardlibre.com\\\/wp-content\\\/uploads\\\/2019\\\/07\\\/Anna.jpg\",\"contentUrl\":\"https:\\\/\\\/leregardlibre.com\\\/wp-content\\\/uploads\\\/2019\\\/07\\\/Anna.jpg\",\"width\":1280,\"height\":853},{\"@type\":\"BreadcrumbList\",\"@id\":\"https:\\\/\\\/leregardlibre.com\\\/cinema\\\/films\\\/anna-le-chemin-vers-la-liberte-est-parfois-seme-de-cadavres\\\/#breadcrumb\",\"itemListElement\":[{\"@type\":\"ListItem\",\"position\":1,\"name\":\"Accueil\",\"item\":\"https:\\\/\\\/leregardlibre.com\\\/\"},{\"@type\":\"ListItem\",\"position\":2,\"name\":\"\u00abANNA\u00bb: le chemin vers la libert\u00e9 est parfois sem\u00e9 de cadavres\"}]},{\"@type\":\"WebSite\",\"@id\":\"https:\\\/\\\/leregardlibre.com\\\/#website\",\"url\":\"https:\\\/\\\/leregardlibre.com\\\/\",\"name\":\"Le Regard Libre\",\"description\":\"Premier mensuel suisse de d\u00e9bat\",\"publisher\":{\"@id\":\"https:\\\/\\\/leregardlibre.com\\\/#organization\"},\"potentialAction\":[{\"@type\":\"SearchAction\",\"target\":{\"@type\":\"EntryPoint\",\"urlTemplate\":\"https:\\\/\\\/leregardlibre.com\\\/?s={search_term_string}\"},\"query-input\":{\"@type\":\"PropertyValueSpecification\",\"valueRequired\":true,\"valueName\":\"search_term_string\"}}],\"inLanguage\":\"de\"},{\"@type\":\"Organization\",\"@id\":\"https:\\\/\\\/leregardlibre.com\\\/#organization\",\"name\":\"Le Regard Libre\",\"url\":\"https:\\\/\\\/leregardlibre.com\\\/\",\"logo\":{\"@type\":\"ImageObject\",\"inLanguage\":\"de\",\"@id\":\"https:\\\/\\\/leregardlibre.com\\\/#\\\/schema\\\/logo\\\/image\\\/\",\"url\":\"https:\\\/\\\/leregardlibre.com\\\/wp-content\\\/uploads\\\/2025\\\/08\\\/logo-rl-icone-neg.jpeg\",\"contentUrl\":\"https:\\\/\\\/leregardlibre.com\\\/wp-content\\\/uploads\\\/2025\\\/08\\\/logo-rl-icone-neg.jpeg\",\"width\":557,\"height\":556,\"caption\":\"Le Regard Libre\"},\"image\":{\"@id\":\"https:\\\/\\\/leregardlibre.com\\\/#\\\/schema\\\/logo\\\/image\\\/\"},\"sameAs\":[\"https:\\\/\\\/www.facebook.com\\\/leregardlibre\\\/\",\"https:\\\/\\\/x.com\\\/LeRegardLibre\",\"https:\\\/\\\/www.linkedin.com\\\/company\\\/le-regard-libre\",\"https:\\\/\\\/www.instagram.com\\\/leregardlibre\\\/\",\"http:\\\/\\\/t.me\\\/leregardlibre\",\"https:\\\/\\\/youtube.com\\\/channel\\\/UC6HzGPomj1LsUmlz-sJtITQ\"],\"description\":\"Le Regard Libre est un mensuel suisse de d\u00e9bat intellectuel et culturel. Sa r\u00e9daction est jeune, b\u00e9n\u00e9vole, lib\u00e9rale et pluraliste. Le magazine para\u00eet en ligne et sous forme papier. Sa langue est le fran\u00e7ais.\",\"email\":\"redaction@leregardlibre.com\",\"legalName\":\"Le Regard Libre\",\"foundingDate\":\"2014-01-01\",\"numberOfEmployees\":{\"@type\":\"QuantitativeValue\",\"minValue\":\"11\",\"maxValue\":\"50\"},\"publishingPrinciples\":\"https:\\\/\\\/leregardlibre.com\\\/a-propos\\\/notre-manifeste\\\/\",\"ownershipFundingInfo\":\"https:\\\/\\\/leregardlibre.com\\\/mentions-legales\\\/\",\"actionableFeedbackPolicy\":\"https:\\\/\\\/leregardlibre.com\\\/conditions-generales-de-vente\\\/\"},{\"@type\":\"Person\",\"@id\":\"https:\\\/\\\/leregardlibre.com\\\/#\\\/schema\\\/person\\\/b054d777e0bf04e418d8472eeaf0e39b\",\"name\":\"Melisa Oriol\",\"image\":{\"@type\":\"ImageObject\",\"inLanguage\":\"de\",\"@id\":\"https:\\\/\\\/secure.gravatar.com\\\/avatar\\\/f9e8349f7b7a8b7fc1455af3909f892a1c0c554cf984821c9b3f85876bcfe3be?s=96&d=identicon&r=g\",\"url\":\"https:\\\/\\\/secure.gravatar.com\\\/avatar\\\/f9e8349f7b7a8b7fc1455af3909f892a1c0c554cf984821c9b3f85876bcfe3be?s=96&d=identicon&r=g\",\"contentUrl\":\"https:\\\/\\\/secure.gravatar.com\\\/avatar\\\/f9e8349f7b7a8b7fc1455af3909f892a1c0c554cf984821c9b3f85876bcfe3be?s=96&d=identicon&r=g\",\"caption\":\"Melisa Oriol\"},\"url\":\"https:\\\/\\\/leregardlibre.com\\\/de\\\/author\\\/melisa-oriol\\\/\"}]}<\/script>\n<!-- \/ Yoast SEO Premium plugin. -->","yoast_head_json":{"title":"\u00abANNA: Der Weg zur Freiheit ist manchmal mit Leichen gepflastert","robots":{"index":"index","follow":"follow","max-snippet":"max-snippet:-1","max-image-preview":"max-image-preview:large","max-video-preview":"max-video-preview:-1"},"canonical":"https:\/\/leregardlibre.com\/de\/kino\/filme\/anna-le-chemin-vers-la-liberte-est-parfois-seme-de-cadavres\/","og_locale":"de_DE","og_type":"article","og_title":"\u00abANNA\u00bb: le chemin vers la libert\u00e9 est parfois sem\u00e9 de cadavres","og_description":"Les mercredis du cin\u00e9ma - Melisa Oriol Avec son dernier film, Luc Besson arrive avec splendeur \u00e0 constituer une vraie...","og_url":"https:\/\/leregardlibre.com\/de\/kino\/filme\/anna-le-chemin-vers-la-liberte-est-parfois-seme-de-cadavres\/","og_site_name":"Le Regard Libre","article_publisher":"https:\/\/www.facebook.com\/leregardlibre\/","article_published_time":"2019-07-17T15:01:50+00:00","article_modified_time":"2025-12-04T21:36:07+00:00","og_image":[{"width":1280,"height":853,"url":"https:\/\/leregardlibre.com\/wp-content\/uploads\/2019\/07\/Anna.jpg","type":"image\/jpeg"}],"author":"Melisa Oriol","twitter_card":"summary_large_image","twitter_creator":"@LeRegardLibre","twitter_site":"@LeRegardLibre","twitter_misc":{"Verfasst von":"Melisa Oriol","Gesch\u00e4tzte Lesezeit":"3\u00a0Minuten"},"schema":{"@context":"https:\/\/schema.org","@graph":[{"@type":"Article","@id":"https:\/\/leregardlibre.com\/cinema\/films\/anna-le-chemin-vers-la-liberte-est-parfois-seme-de-cadavres\/#article","isPartOf":{"@id":"https:\/\/leregardlibre.com\/cinema\/films\/anna-le-chemin-vers-la-liberte-est-parfois-seme-de-cadavres\/"},"author":{"name":"Melisa Oriol","@id":"https:\/\/leregardlibre.com\/#\/schema\/person\/b054d777e0bf04e418d8472eeaf0e39b"},"headline":"\u00abANNA\u00bb: le chemin vers la libert\u00e9 est parfois sem\u00e9 de cadavres","datePublished":"2019-07-17T15:01:50+00:00","dateModified":"2025-12-04T21:36:07+00:00","mainEntityOfPage":{"@id":"https:\/\/leregardlibre.com\/cinema\/films\/anna-le-chemin-vers-la-liberte-est-parfois-seme-de-cadavres\/"},"wordCount":543,"commentCount":0,"publisher":{"@id":"https:\/\/leregardlibre.com\/#organization"},"image":{"@id":"https:\/\/leregardlibre.com\/cinema\/films\/anna-le-chemin-vers-la-liberte-est-parfois-seme-de-cadavres\/#primaryimage"},"thumbnailUrl":"https:\/\/leregardlibre.com\/wp-content\/uploads\/2019\/07\/Anna.jpg","keywords":["anna","badass","cillian murphy","helen mirren","l\u00e9on","Luc Besson","luke evans","matriochka","nikita","poup\u00e9es russes"],"articleSection":["Films"],"inLanguage":"de","potentialAction":[{"@type":"CommentAction","name":"Comment","target":["https:\/\/leregardlibre.com\/cinema\/films\/anna-le-chemin-vers-la-liberte-est-parfois-seme-de-cadavres\/#respond"]}]},{"@type":"WebPage","@id":"https:\/\/leregardlibre.com\/cinema\/films\/anna-le-chemin-vers-la-liberte-est-parfois-seme-de-cadavres\/","url":"https:\/\/leregardlibre.com\/cinema\/films\/anna-le-chemin-vers-la-liberte-est-parfois-seme-de-cadavres\/","name":"\u00abANNA: Der Weg zur Freiheit ist manchmal mit Leichen gepflastert","isPartOf":{"@id":"https:\/\/leregardlibre.com\/#website"},"primaryImageOfPage":{"@id":"https:\/\/leregardlibre.com\/cinema\/films\/anna-le-chemin-vers-la-liberte-est-parfois-seme-de-cadavres\/#primaryimage"},"image":{"@id":"https:\/\/leregardlibre.com\/cinema\/films\/anna-le-chemin-vers-la-liberte-est-parfois-seme-de-cadavres\/#primaryimage"},"thumbnailUrl":"https:\/\/leregardlibre.com\/wp-content\/uploads\/2019\/07\/Anna.jpg","datePublished":"2019-07-17T15:01:50+00:00","dateModified":"2025-12-04T21:36:07+00:00","breadcrumb":{"@id":"https:\/\/leregardlibre.com\/cinema\/films\/anna-le-chemin-vers-la-liberte-est-parfois-seme-de-cadavres\/#breadcrumb"},"inLanguage":"de","potentialAction":[{"@type":"ReadAction","target":["https:\/\/leregardlibre.com\/cinema\/films\/anna-le-chemin-vers-la-liberte-est-parfois-seme-de-cadavres\/"]}]},{"@type":"ImageObject","inLanguage":"de","@id":"https:\/\/leregardlibre.com\/cinema\/films\/anna-le-chemin-vers-la-liberte-est-parfois-seme-de-cadavres\/#primaryimage","url":"https:\/\/leregardlibre.com\/wp-content\/uploads\/2019\/07\/Anna.jpg","contentUrl":"https:\/\/leregardlibre.com\/wp-content\/uploads\/2019\/07\/Anna.jpg","width":1280,"height":853},{"@type":"BreadcrumbList","@id":"https:\/\/leregardlibre.com\/cinema\/films\/anna-le-chemin-vers-la-liberte-est-parfois-seme-de-cadavres\/#breadcrumb","itemListElement":[{"@type":"ListItem","position":1,"name":"Accueil","item":"https:\/\/leregardlibre.com\/"},{"@type":"ListItem","position":2,"name":"\u00abANNA\u00bb: le chemin vers la libert\u00e9 est parfois sem\u00e9 de cadavres"}]},{"@type":"WebSite","@id":"https:\/\/leregardlibre.com\/#website","url":"https:\/\/leregardlibre.com\/","name":"Le Regard Libre","description":"Erste Schweizer Monatszeitschrift f\u00fcr Debatten","publisher":{"@id":"https:\/\/leregardlibre.com\/#organization"},"potentialAction":[{"@type":"SearchAction","target":{"@type":"EntryPoint","urlTemplate":"https:\/\/leregardlibre.com\/?s={search_term_string}"},"query-input":{"@type":"PropertyValueSpecification","valueRequired":true,"valueName":"search_term_string"}}],"inLanguage":"de"},{"@type":"Organization","@id":"https:\/\/leregardlibre.com\/#organization","name":"Le Regard Libre","url":"https:\/\/leregardlibre.com\/","logo":{"@type":"ImageObject","inLanguage":"de","@id":"https:\/\/leregardlibre.com\/#\/schema\/logo\/image\/","url":"https:\/\/leregardlibre.com\/wp-content\/uploads\/2025\/08\/logo-rl-icone-neg.jpeg","contentUrl":"https:\/\/leregardlibre.com\/wp-content\/uploads\/2025\/08\/logo-rl-icone-neg.jpeg","width":557,"height":556,"caption":"Le Regard Libre"},"image":{"@id":"https:\/\/leregardlibre.com\/#\/schema\/logo\/image\/"},"sameAs":["https:\/\/www.facebook.com\/leregardlibre\/","https:\/\/x.com\/LeRegardLibre","https:\/\/www.linkedin.com\/company\/le-regard-libre","https:\/\/www.instagram.com\/leregardlibre\/","http:\/\/t.me\/leregardlibre","https:\/\/youtube.com\/channel\/UC6HzGPomj1LsUmlz-sJtITQ"],"description":"Le Regard Libre ist eine Schweizer Monatszeitschrift f\u00fcr intellektuelle und kulturelle Debatten. Seine Redaktion ist jung, ehrenamtlich, liberal und pluralistisch. Das Magazin erscheint online und in gedruckter Form. Seine Sprache ist Franz\u00f6sisch.","email":"redaction@leregardlibre.com","legalName":"Le Regard Libre","foundingDate":"2014-01-01","numberOfEmployees":{"@type":"QuantitativeValue","minValue":"11","maxValue":"50"},"publishingPrinciples":"https:\/\/leregardlibre.com\/a-propos\/notre-manifeste\/","ownershipFundingInfo":"https:\/\/leregardlibre.com\/mentions-legales\/","actionableFeedbackPolicy":"https:\/\/leregardlibre.com\/conditions-generales-de-vente\/"},{"@type":"Person","@id":"https:\/\/leregardlibre.com\/#\/schema\/person\/b054d777e0bf04e418d8472eeaf0e39b","name":"Melisa Oriol","image":{"@type":"ImageObject","inLanguage":"de","@id":"https:\/\/secure.gravatar.com\/avatar\/f9e8349f7b7a8b7fc1455af3909f892a1c0c554cf984821c9b3f85876bcfe3be?s=96&d=identicon&r=g","url":"https:\/\/secure.gravatar.com\/avatar\/f9e8349f7b7a8b7fc1455af3909f892a1c0c554cf984821c9b3f85876bcfe3be?s=96&d=identicon&r=g","contentUrl":"https:\/\/secure.gravatar.com\/avatar\/f9e8349f7b7a8b7fc1455af3909f892a1c0c554cf984821c9b3f85876bcfe3be?s=96&d=identicon&r=g","caption":"Melisa Oriol"},"url":"https:\/\/leregardlibre.com\/de\/author\/melisa-oriol\/"}]}},"_links":{"self":[{"href":"https:\/\/leregardlibre.com\/de\/wp-json\/wp\/v2\/posts\/22372","targetHints":{"allow":["GET"]}}],"collection":[{"href":"https:\/\/leregardlibre.com\/de\/wp-json\/wp\/v2\/posts"}],"about":[{"href":"https:\/\/leregardlibre.com\/de\/wp-json\/wp\/v2\/types\/post"}],"author":[{"embeddable":true,"href":"https:\/\/leregardlibre.com\/de\/wp-json\/wp\/v2\/users\/338"}],"replies":[{"embeddable":true,"href":"https:\/\/leregardlibre.com\/de\/wp-json\/wp\/v2\/comments?post=22372"}],"version-history":[{"count":1,"href":"https:\/\/leregardlibre.com\/de\/wp-json\/wp\/v2\/posts\/22372\/revisions"}],"predecessor-version":[{"id":510572,"href":"https:\/\/leregardlibre.com\/de\/wp-json\/wp\/v2\/posts\/22372\/revisions\/510572"}],"wp:featuredmedia":[{"embeddable":true,"href":"https:\/\/leregardlibre.com\/de\/wp-json\/wp\/v2\/media\/22374"}],"wp:attachment":[{"href":"https:\/\/leregardlibre.com\/de\/wp-json\/wp\/v2\/media?parent=22372"}],"wp:term":[{"taxonomy":"category","embeddable":true,"href":"https:\/\/leregardlibre.com\/de\/wp-json\/wp\/v2\/categories?post=22372"},{"taxonomy":"post_tag","embeddable":true,"href":"https:\/\/leregardlibre.com\/de\/wp-json\/wp\/v2\/tags?post=22372"}],"curies":[{"name":"wp","href":"https:\/\/api.w.org\/{rel}","templated":true}]}}