{"id":22438,"date":"2019-07-19T17:00:48","date_gmt":"2019-07-19T15:00:48","guid":{"rendered":"https:\/\/leregardlibre.com\/?p=22438"},"modified":"2022-09-04T10:33:31","modified_gmt":"2022-09-04T08:33:31","slug":"das-frohliche-fass-der-newcomer-aus-lentre-deux-lacs","status":"publish","type":"post","link":"https:\/\/leregardlibre.com\/de\/gastronomie\/das-frohliche-fass-der-newcomer-aus-lentre-deux-lacs\/","title":{"rendered":"Le Tonneau Joyeux, der Newcomer aus dem Gebiet zwischen zwei Seen"},"content":{"rendered":"<p><em>Die Freitage der Mikrobrauerei - Max Moeschler<\/em><\/p>\n\n\n\n<p class=\"has-drop-cap\"><strong>Die Suche nach einer hopfenhaltigen Erfrischung wird immer dringender und f\u00fchrt uns heute nach Le Landeron, wo wir einen vielversprechenden Neuzugang entdecken: die Brasserie du Tonneau Joyeux.<\/strong><\/p>\n\n\n\n<!--more Lire la chronique-->\n\n\n\n<p>Wie viele andere auch, ist die Brauerei\ndu Tonneau Joyeux aus der gemeinsamen Leidenschaft von drei Freunden entstanden, die zun\u00e4chst\nmit dem Brauen von Bier in ihrer K\u00fcche begannen. Als Autodidakten unter den Brauern\nDie Kunst des Bierbrauens erlernen sie durch den Austausch mit anderen Bierliebhabern in Foren und Foren.\nOder sie nehmen an einem Brauereitag in der Brauereigesch\u00e4ftsstelle teil.\nBrauerei La Vouivre in Cortaillod. Der Name der Brauerei ist seinerseits\nvon einer anderen gemeinsamen Leidenschaft der drei Freunde inspiriert: Rollenspiele.\nDiese Aktivit\u00e4t betrieben sie gemeinsam unter dem Namen Compagnie\ndes mercenaires du Tonneau Joyeux\" (S\u00f6ldner des fr\u00f6hlichen Fasses) spielten.<\/p>\n\n\n\n\n\n<p>Die Brauerei befindet sich im Industriegebiet von Le Landeron und ist brandneu, da die Einrichtung im Januar dieses Jahres abgeschlossen wurde. Derzeit werden zwei Biere gebraut: Das Bionde ist ein helles, tr\u00fcbes Bier mit viel Schaum, das durch seine malzigen Aromen und seinen s\u00e4uerlichen Abgang besticht und ein idealer Sommerdrink ist.<\/p>\n\n\n\n<p><strong>Auch zu lesen: <a href=\"https:\/\/leregardlibre.com\/de\/gastronomie\/la-biere-artisanale-un-phenomene-de-mode-mais-aussi-de-gout\/\" data-type=\"post\" data-id=\"15560\">Craft Beer - ein Ph\u00e4nomen der Mode, aber auch des Geschmacks<\/a><\/strong><\/p>\n\n\n\n<p>Der Name ist ein Wortspiel, das auf eine Entt\u00e4uschung der Produzenten zur\u00fcckzuf\u00fchren ist: die Schwierigkeit, die Bezeichnung \u00abBio\u00bb zu erwerben. Selbst wenn alle Zutaten aus biologischem Anbau stammen, muss f\u00fcr die offizielle Bezeichnung (und damit das Recht, das Produkt als biologisch zu bezeichnen) eine feste Geb\u00fchr entrichtet werden, die f\u00fcr Kleinbauern meist unerschwinglich ist.<\/p>\n\n\n\n<p>Der zweite Nektar der Brasserie du Tonneau Joyeux ist ein IPA mit dem Namen L'Houbli\u00e9e. Das Bier hat eine sch\u00f6ne kupferfarbene Farbe und eine fruchtige Bitterkeit, die f\u00fcr diese Art von Bier typisch ist. Es hat einen blumigen Abgang und einen \u00fcberraschenden Hopfengeschmack. Dennoch wird es Neulingen des Genres und anderen Bitterkeitsmuffeln gefallen, denn die Bitterkeit bleibt relativ moderat, zumindest f\u00fcr ein IPA.<\/p>\n\n\n\n\n\n<p>Wie das Bionde hat auch dieses Bier bereits mehrere regionale Gastronomen begeistert. Eine dritte Kreation steht ebenfalls auf dem Programm: Es handelt sich um ein irisch inspiriertes Rotbier, dessen Details von seinen Sch\u00f6pfern noch geheim gehalten werden. Es besteht kein Zweifel daran, dass dieses Bier das bereits sehr vielversprechende Angebot erweitern wird und dass das fr\u00f6hliche Fass sein L\u00e4cheln nicht verlieren wird, wenn es auf diesem Erfolgskurs bleibt.<\/p>\n\n\n\n<hr class=\"wp-block-separator\"\/>\n\n\n\n<p><em>Schreiben Sie dem Autor: <a href=\"mailto:max.moeschler@leregardlibre.com\">max.moeschler@leregardlibre.com<\/a><\/em><\/p>\n\n\n\n<form method=\"post\" action=\"https:\/\/newsletter.infomaniak.com\/external\/submit\" class=\"inf-form\" target=\"_blank\"><input type=\"email\" name=\"email\" style=\"display:none\"><input type=\"hidden\" name=\"key\" value=\"eyJpdiI6ImJLMzBCZjhrQXI2QVZqaHlsQ2xRXC9RbUZ2TlhaY08wSGd6VllUbHc0MUtzPSIsInZhbHVlIjoiYlJ4K0NhTElMb21iY010YkUyVmk2R0pVK2JocklVcERIbUNPTGduczcycz0iLCJtYWMiOiJmY2MwNGM1ZDBjZThjMmQ1MTVkY2Q2ZDE5OTBlNDU0YzE0MjlhM2IxY2M5YWM0NjA2YTgxY2QxNzg2ZmFiY2FkIn0=\"><input type=\"hidden\" name=\"webform_id\" value=\"7291\"><style> .inf-main_3000311ca56a1cb93397bc676c0b7fff{ background-color:#f5f5f5; padding:25px 20px; margin:25px auto; } .inf-main_3000311ca56a1cb93397bc676c0b7fff .inf-content { margin-top:13px;} .inf-main_3000311ca56a1cb93397bc676c0b7fff h4, .inf-main_3000311ca56a1cb93397bc676c0b7fff span, .inf-main_3000311ca56a1cb93397bc676c0b7fff label, .inf-main_3000311ca56a1cb93397bc676c0b7fff input, .inf-main_3000311ca56a1cb93397bc676c0b7fff .inf-submit, .inf-main_3000311ca56a1cb93397bc676c0b7fff .inf-success p a { color:#555555; font-size:14px; } .inf-main_3000311ca56a1cb93397bc676c0b7fff h4{ font-size:18px; margin:0px 0px 13px 0px; } .inf-main_3000311ca56a1cb93397bc676c0b7fff h4, .inf-main_3000311ca56a1cb93397bc676c0b7fff label{ font-weight:bold; } .inf-main_3000311ca56a1cb93397bc676c0b7fff .inf-input { margin-bottom:7px; } .inf-main_3000311ca56a1cb93397bc676c0b7fff label { display:block;} .inf-main_3000311ca56a1cb93397bc676c0b7fff input{ height:35px; color:#999999; border: 1px solid #E9E9E9; border:none; padding-left:7px; } .inf-main_3000311ca56a1cb93397bc676c0b7fff .inf-input.inf-error label, .inf-main_3000311ca56a1cb93397bc676c0b7fff .inf-input.inf-error span.inf-message{ color: #cc0033; } .inf-main_3000311ca56a1cb93397bc676c0b7fff .inf-input.inf-error input{ border: 1px solid #cc0033; } .inf-main_3000311ca56a1cb93397bc676c0b7fff .inf-input input { width:100%;} .inf-main_3000311ca56a1cb93397bc676c0b7fff .inf-input.inf-error span.inf-message { display: block; } .inf-main_3000311ca56a1cb93397bc676c0b7fff .inf-submit { text-align:right;} .inf-main_3000311ca56a1cb93397bc676c0b7fff .inf-submit input{ background-color:#777777; color:#ffffff; border:none; font-weight: normal; height:auto; padding:7px; } .inf-main_3000311ca56a1cb93397bc676c0b7fff .inf-submit input.disabled{ opacity: 0.4; } .inf-btn { color: rgb(85, 85, 85); border: medium none; font-weight: normal; height: auto; padding: 7px; display: inline-block; background-color: white; box-shadow: 0px 1px 1px rgba(0, 0, 0, 0.24); border-radius: 2px; line-height: 1em; } .inf-rgpd { margin:25px 0px 15px 0px; color:#555555; } <\/style> <div class=\"inf-main_3000311ca56a1cb93397bc676c0b7fff\"> <h4>NEWSLETTER DES FREIEN BLICKS<\/h4> <span>Erhalten Sie unsere Artikel jeden Sonntag kostenlos!<\/span> <div class=\"inf-success\" style=\"display:none\"> <h4>Ihre Anmeldung f\u00fcr unseren w\u00f6chentlichen Newsletter wurde erfolgreich registriert!<\/h4> <p> <a href=\"#\" class=\"inf-btn\">\u00ab<\/a> <\/p> <\/div> <div class=\"inf-content\"> <div class=\"inf-input inf-input-text\"> <input type=\"text\" name=\"inf[1]\" data-inf-meta=\"1\" data-inf-error=\"Merci de renseigner une adresse email\" required=\"required\" placeholder=\"E-Mail\"> <\/div> <div class=\"inf-submit\"> <input type=\"submit\" name=\"\" value=\"Anmelden\"> <\/div> <\/div> <\/div> <\/form>","protected":false},"excerpt":{"rendered":"<p>Die Brauerei befindet sich in der Industriezone von Le Landeron und ist brandneu, da die Umbauarbeiten im Januar dieses Jahres abgeschlossen wurden.<\/p>","protected":false},"author":100,"featured_media":22439,"comment_status":"open","ping_status":"open","sticky":false,"template":"","format":"standard","meta":{"_acf_changed":false,"footnotes":""},"categories":[42546],"tags":[644342384,644342388,644340469,644342381,2846757,644342383],"class_list":["post-22438","post","type-post","status-publish","format-standard","has-post-thumbnail","hentry","category-gastronomie","tag-cortaillod","tag-houbliee","tag-la-vouivre","tag-le-landeron","tag-microbrasserie","tag-tonneau-joyeux"],"acf":[],"yoast_head":"<!-- This site is optimized with the Yoast SEO Premium plugin v27.4 (Yoast SEO v27.4) - https:\/\/yoast.com\/product\/yoast-seo-premium-wordpress\/ -->\n<title>Le Tonneau Joyeux, la nouvelle venue de l\u2019entre-deux lacs<\/title>\n<meta name=\"robots\" content=\"index, follow, max-snippet:-1, max-image-preview:large, max-video-preview:-1\" \/>\n<link rel=\"canonical\" href=\"https:\/\/leregardlibre.com\/de\/gastronomie\/das-frohliche-fass-der-newcomer-aus-lentre-deux-lacs\/\" \/>\n<meta property=\"og:locale\" content=\"de_DE\" \/>\n<meta property=\"og:type\" content=\"article\" \/>\n<meta property=\"og:title\" content=\"Le Tonneau Joyeux, la nouvelle venue de l\u2019entre-deux lacs\" \/>\n<meta property=\"og:description\" content=\"Situ\u00e9e dans la zone industrielle du Landeron, la brasserie est flambant neuve, les am\u00e9nagements s\u2019\u00e9tant termin\u00e9s en janvier de cette ann\u00e9e.\" \/>\n<meta property=\"og:url\" content=\"https:\/\/leregardlibre.com\/de\/gastronomie\/das-frohliche-fass-der-newcomer-aus-lentre-deux-lacs\/\" \/>\n<meta property=\"og:site_name\" content=\"Le Regard Libre\" \/>\n<meta property=\"article:publisher\" content=\"https:\/\/www.facebook.com\/leregardlibre\/\" \/>\n<meta property=\"article:published_time\" content=\"2019-07-19T15:00:48+00:00\" \/>\n<meta property=\"article:modified_time\" content=\"2022-09-04T08:33:31+00:00\" \/>\n<meta property=\"og:image\" content=\"https:\/\/leregardlibre.com\/wp-content\/uploads\/2019\/07\/Brasserie-du-Tonneau-joyeux-copie.png\" \/>\n\t<meta property=\"og:image:width\" content=\"742\" \/>\n\t<meta property=\"og:image:height\" content=\"392\" \/>\n\t<meta property=\"og:image:type\" content=\"image\/png\" \/>\n<meta name=\"author\" content=\"Max Moeschler\" \/>\n<meta name=\"twitter:card\" content=\"summary_large_image\" \/>\n<meta name=\"twitter:creator\" content=\"@LeRegardLibre\" \/>\n<meta name=\"twitter:site\" content=\"@LeRegardLibre\" \/>\n<meta name=\"twitter:label1\" content=\"Verfasst von\" \/>\n\t<meta name=\"twitter:data1\" content=\"Max Moeschler\" \/>\n\t<meta name=\"twitter:label2\" content=\"Gesch\u00e4tzte Lesezeit\" \/>\n\t<meta name=\"twitter:data2\" content=\"3\u00a0Minuten\" \/>\n<script type=\"application\/ld+json\" class=\"yoast-schema-graph\">{\"@context\":\"https:\\\/\\\/schema.org\",\"@graph\":[{\"@type\":\"Article\",\"@id\":\"https:\\\/\\\/leregardlibre.com\\\/gastronomie\\\/le-tonneau-joyeux-la-nouvelle-venue-de-lentre-deux-lacs\\\/#article\",\"isPartOf\":{\"@id\":\"https:\\\/\\\/leregardlibre.com\\\/gastronomie\\\/le-tonneau-joyeux-la-nouvelle-venue-de-lentre-deux-lacs\\\/\"},\"author\":{\"name\":\"Max Moeschler\",\"@id\":\"https:\\\/\\\/leregardlibre.com\\\/#\\\/schema\\\/person\\\/439e8d2dc64266e912da6f674b0b2c4b\"},\"headline\":\"Le Tonneau Joyeux, la nouvelle venue de l\u2019entre-deux lacs\",\"datePublished\":\"2019-07-19T15:00:48+00:00\",\"dateModified\":\"2022-09-04T08:33:31+00:00\",\"mainEntityOfPage\":{\"@id\":\"https:\\\/\\\/leregardlibre.com\\\/gastronomie\\\/le-tonneau-joyeux-la-nouvelle-venue-de-lentre-deux-lacs\\\/\"},\"wordCount\":552,\"commentCount\":1,\"publisher\":{\"@id\":\"https:\\\/\\\/leregardlibre.com\\\/#organization\"},\"image\":{\"@id\":\"https:\\\/\\\/leregardlibre.com\\\/gastronomie\\\/le-tonneau-joyeux-la-nouvelle-venue-de-lentre-deux-lacs\\\/#primaryimage\"},\"thumbnailUrl\":\"https:\\\/\\\/leregardlibre.com\\\/wp-content\\\/uploads\\\/2019\\\/07\\\/Brasserie-du-Tonneau-joyeux-copie.png\",\"keywords\":[\"cortaillod\",\"houbli\u00e9e\",\"la vouivre\",\"le landeron\",\"Microbrasseries\",\"tonneau joyeux\"],\"articleSection\":[\"Gastronomie\"],\"inLanguage\":\"de\",\"potentialAction\":[{\"@type\":\"CommentAction\",\"name\":\"Comment\",\"target\":[\"https:\\\/\\\/leregardlibre.com\\\/gastronomie\\\/le-tonneau-joyeux-la-nouvelle-venue-de-lentre-deux-lacs\\\/#respond\"]}]},{\"@type\":\"WebPage\",\"@id\":\"https:\\\/\\\/leregardlibre.com\\\/gastronomie\\\/le-tonneau-joyeux-la-nouvelle-venue-de-lentre-deux-lacs\\\/\",\"url\":\"https:\\\/\\\/leregardlibre.com\\\/gastronomie\\\/le-tonneau-joyeux-la-nouvelle-venue-de-lentre-deux-lacs\\\/\",\"name\":\"Le Tonneau Joyeux, la nouvelle venue de l\u2019entre-deux lacs\",\"isPartOf\":{\"@id\":\"https:\\\/\\\/leregardlibre.com\\\/#website\"},\"primaryImageOfPage\":{\"@id\":\"https:\\\/\\\/leregardlibre.com\\\/gastronomie\\\/le-tonneau-joyeux-la-nouvelle-venue-de-lentre-deux-lacs\\\/#primaryimage\"},\"image\":{\"@id\":\"https:\\\/\\\/leregardlibre.com\\\/gastronomie\\\/le-tonneau-joyeux-la-nouvelle-venue-de-lentre-deux-lacs\\\/#primaryimage\"},\"thumbnailUrl\":\"https:\\\/\\\/leregardlibre.com\\\/wp-content\\\/uploads\\\/2019\\\/07\\\/Brasserie-du-Tonneau-joyeux-copie.png\",\"datePublished\":\"2019-07-19T15:00:48+00:00\",\"dateModified\":\"2022-09-04T08:33:31+00:00\",\"breadcrumb\":{\"@id\":\"https:\\\/\\\/leregardlibre.com\\\/gastronomie\\\/le-tonneau-joyeux-la-nouvelle-venue-de-lentre-deux-lacs\\\/#breadcrumb\"},\"inLanguage\":\"de\",\"potentialAction\":[{\"@type\":\"ReadAction\",\"target\":[\"https:\\\/\\\/leregardlibre.com\\\/gastronomie\\\/le-tonneau-joyeux-la-nouvelle-venue-de-lentre-deux-lacs\\\/\"]}]},{\"@type\":\"ImageObject\",\"inLanguage\":\"de\",\"@id\":\"https:\\\/\\\/leregardlibre.com\\\/gastronomie\\\/le-tonneau-joyeux-la-nouvelle-venue-de-lentre-deux-lacs\\\/#primaryimage\",\"url\":\"https:\\\/\\\/leregardlibre.com\\\/wp-content\\\/uploads\\\/2019\\\/07\\\/Brasserie-du-Tonneau-joyeux-copie.png\",\"contentUrl\":\"https:\\\/\\\/leregardlibre.com\\\/wp-content\\\/uploads\\\/2019\\\/07\\\/Brasserie-du-Tonneau-joyeux-copie.png\",\"width\":742,\"height\":392},{\"@type\":\"BreadcrumbList\",\"@id\":\"https:\\\/\\\/leregardlibre.com\\\/gastronomie\\\/le-tonneau-joyeux-la-nouvelle-venue-de-lentre-deux-lacs\\\/#breadcrumb\",\"itemListElement\":[{\"@type\":\"ListItem\",\"position\":1,\"name\":\"Accueil\",\"item\":\"https:\\\/\\\/leregardlibre.com\\\/\"},{\"@type\":\"ListItem\",\"position\":2,\"name\":\"Le Tonneau Joyeux, la nouvelle venue de l\u2019entre-deux lacs\"}]},{\"@type\":\"WebSite\",\"@id\":\"https:\\\/\\\/leregardlibre.com\\\/#website\",\"url\":\"https:\\\/\\\/leregardlibre.com\\\/\",\"name\":\"Le Regard Libre\",\"description\":\"Premier mensuel suisse de d\u00e9bat\",\"publisher\":{\"@id\":\"https:\\\/\\\/leregardlibre.com\\\/#organization\"},\"potentialAction\":[{\"@type\":\"SearchAction\",\"target\":{\"@type\":\"EntryPoint\",\"urlTemplate\":\"https:\\\/\\\/leregardlibre.com\\\/?s={search_term_string}\"},\"query-input\":{\"@type\":\"PropertyValueSpecification\",\"valueRequired\":true,\"valueName\":\"search_term_string\"}}],\"inLanguage\":\"de\"},{\"@type\":\"Organization\",\"@id\":\"https:\\\/\\\/leregardlibre.com\\\/#organization\",\"name\":\"Le Regard Libre\",\"url\":\"https:\\\/\\\/leregardlibre.com\\\/\",\"logo\":{\"@type\":\"ImageObject\",\"inLanguage\":\"de\",\"@id\":\"https:\\\/\\\/leregardlibre.com\\\/#\\\/schema\\\/logo\\\/image\\\/\",\"url\":\"https:\\\/\\\/leregardlibre.com\\\/wp-content\\\/uploads\\\/2025\\\/08\\\/logo-rl-icone-neg.jpeg\",\"contentUrl\":\"https:\\\/\\\/leregardlibre.com\\\/wp-content\\\/uploads\\\/2025\\\/08\\\/logo-rl-icone-neg.jpeg\",\"width\":557,\"height\":556,\"caption\":\"Le Regard Libre\"},\"image\":{\"@id\":\"https:\\\/\\\/leregardlibre.com\\\/#\\\/schema\\\/logo\\\/image\\\/\"},\"sameAs\":[\"https:\\\/\\\/www.facebook.com\\\/leregardlibre\\\/\",\"https:\\\/\\\/x.com\\\/LeRegardLibre\",\"https:\\\/\\\/www.linkedin.com\\\/company\\\/le-regard-libre\",\"https:\\\/\\\/www.instagram.com\\\/leregardlibre\\\/\",\"http:\\\/\\\/t.me\\\/leregardlibre\",\"https:\\\/\\\/youtube.com\\\/channel\\\/UC6HzGPomj1LsUmlz-sJtITQ\"],\"description\":\"Le Regard Libre est un mensuel suisse de d\u00e9bat intellectuel et culturel. Sa r\u00e9daction est jeune, b\u00e9n\u00e9vole, lib\u00e9rale et pluraliste. Le magazine para\u00eet en ligne et sous forme papier. Sa langue est le fran\u00e7ais.\",\"email\":\"redaction@leregardlibre.com\",\"legalName\":\"Le Regard Libre\",\"foundingDate\":\"2014-01-01\",\"numberOfEmployees\":{\"@type\":\"QuantitativeValue\",\"minValue\":\"11\",\"maxValue\":\"50\"},\"publishingPrinciples\":\"https:\\\/\\\/leregardlibre.com\\\/a-propos\\\/notre-manifeste\\\/\",\"ownershipFundingInfo\":\"https:\\\/\\\/leregardlibre.com\\\/mentions-legales\\\/\",\"actionableFeedbackPolicy\":\"https:\\\/\\\/leregardlibre.com\\\/conditions-generales-de-vente\\\/\"},{\"@type\":\"Person\",\"@id\":\"https:\\\/\\\/leregardlibre.com\\\/#\\\/schema\\\/person\\\/439e8d2dc64266e912da6f674b0b2c4b\",\"name\":\"Max Moeschler\",\"image\":{\"@type\":\"ImageObject\",\"inLanguage\":\"de\",\"@id\":\"https:\\\/\\\/secure.gravatar.com\\\/avatar\\\/a68b78ce98e86136d3956bc6f17e4879a7897c9744bef17da17a56ef38a02555?s=96&d=identicon&r=g\",\"url\":\"https:\\\/\\\/secure.gravatar.com\\\/avatar\\\/a68b78ce98e86136d3956bc6f17e4879a7897c9744bef17da17a56ef38a02555?s=96&d=identicon&r=g\",\"contentUrl\":\"https:\\\/\\\/secure.gravatar.com\\\/avatar\\\/a68b78ce98e86136d3956bc6f17e4879a7897c9744bef17da17a56ef38a02555?s=96&d=identicon&r=g\",\"caption\":\"Max Moeschler\"},\"sameAs\":[\"https:\\\/\\\/leregardlibre.com\\\/\",\"https:\\\/\\\/fr.wikipedia.org\\\/wiki\\\/Le_Regard_libre\"],\"url\":\"https:\\\/\\\/leregardlibre.com\\\/de\\\/author\\\/max-moeschler\\\/\"}]}<\/script>\n<!-- \/ Yoast SEO Premium plugin. -->","yoast_head_json":{"title":"Le Tonneau Joyeux, der Newcomer aus dem Gebiet zwischen zwei Seen","robots":{"index":"index","follow":"follow","max-snippet":"max-snippet:-1","max-image-preview":"max-image-preview:large","max-video-preview":"max-video-preview:-1"},"canonical":"https:\/\/leregardlibre.com\/de\/gastronomie\/das-frohliche-fass-der-newcomer-aus-lentre-deux-lacs\/","og_locale":"de_DE","og_type":"article","og_title":"Le Tonneau Joyeux, la nouvelle venue de l\u2019entre-deux lacs","og_description":"Situ\u00e9e dans la zone industrielle du Landeron, la brasserie est flambant neuve, les am\u00e9nagements s\u2019\u00e9tant termin\u00e9s en janvier de cette ann\u00e9e.","og_url":"https:\/\/leregardlibre.com\/de\/gastronomie\/das-frohliche-fass-der-newcomer-aus-lentre-deux-lacs\/","og_site_name":"Le Regard Libre","article_publisher":"https:\/\/www.facebook.com\/leregardlibre\/","article_published_time":"2019-07-19T15:00:48+00:00","article_modified_time":"2022-09-04T08:33:31+00:00","og_image":[{"width":742,"height":392,"url":"https:\/\/leregardlibre.com\/wp-content\/uploads\/2019\/07\/Brasserie-du-Tonneau-joyeux-copie.png","type":"image\/png"}],"author":"Max Moeschler","twitter_card":"summary_large_image","twitter_creator":"@LeRegardLibre","twitter_site":"@LeRegardLibre","twitter_misc":{"Verfasst von":"Max Moeschler","Gesch\u00e4tzte Lesezeit":"3\u00a0Minuten"},"schema":{"@context":"https:\/\/schema.org","@graph":[{"@type":"Article","@id":"https:\/\/leregardlibre.com\/gastronomie\/le-tonneau-joyeux-la-nouvelle-venue-de-lentre-deux-lacs\/#article","isPartOf":{"@id":"https:\/\/leregardlibre.com\/gastronomie\/le-tonneau-joyeux-la-nouvelle-venue-de-lentre-deux-lacs\/"},"author":{"name":"Max Moeschler","@id":"https:\/\/leregardlibre.com\/#\/schema\/person\/439e8d2dc64266e912da6f674b0b2c4b"},"headline":"Le Tonneau Joyeux, la nouvelle venue de l\u2019entre-deux lacs","datePublished":"2019-07-19T15:00:48+00:00","dateModified":"2022-09-04T08:33:31+00:00","mainEntityOfPage":{"@id":"https:\/\/leregardlibre.com\/gastronomie\/le-tonneau-joyeux-la-nouvelle-venue-de-lentre-deux-lacs\/"},"wordCount":552,"commentCount":1,"publisher":{"@id":"https:\/\/leregardlibre.com\/#organization"},"image":{"@id":"https:\/\/leregardlibre.com\/gastronomie\/le-tonneau-joyeux-la-nouvelle-venue-de-lentre-deux-lacs\/#primaryimage"},"thumbnailUrl":"https:\/\/leregardlibre.com\/wp-content\/uploads\/2019\/07\/Brasserie-du-Tonneau-joyeux-copie.png","keywords":["cortaillod","houbli\u00e9e","la vouivre","le landeron","Microbrasseries","tonneau joyeux"],"articleSection":["Gastronomie"],"inLanguage":"de","potentialAction":[{"@type":"CommentAction","name":"Comment","target":["https:\/\/leregardlibre.com\/gastronomie\/le-tonneau-joyeux-la-nouvelle-venue-de-lentre-deux-lacs\/#respond"]}]},{"@type":"WebPage","@id":"https:\/\/leregardlibre.com\/gastronomie\/le-tonneau-joyeux-la-nouvelle-venue-de-lentre-deux-lacs\/","url":"https:\/\/leregardlibre.com\/gastronomie\/le-tonneau-joyeux-la-nouvelle-venue-de-lentre-deux-lacs\/","name":"Le Tonneau Joyeux, der Newcomer aus dem Gebiet zwischen zwei Seen","isPartOf":{"@id":"https:\/\/leregardlibre.com\/#website"},"primaryImageOfPage":{"@id":"https:\/\/leregardlibre.com\/gastronomie\/le-tonneau-joyeux-la-nouvelle-venue-de-lentre-deux-lacs\/#primaryimage"},"image":{"@id":"https:\/\/leregardlibre.com\/gastronomie\/le-tonneau-joyeux-la-nouvelle-venue-de-lentre-deux-lacs\/#primaryimage"},"thumbnailUrl":"https:\/\/leregardlibre.com\/wp-content\/uploads\/2019\/07\/Brasserie-du-Tonneau-joyeux-copie.png","datePublished":"2019-07-19T15:00:48+00:00","dateModified":"2022-09-04T08:33:31+00:00","breadcrumb":{"@id":"https:\/\/leregardlibre.com\/gastronomie\/le-tonneau-joyeux-la-nouvelle-venue-de-lentre-deux-lacs\/#breadcrumb"},"inLanguage":"de","potentialAction":[{"@type":"ReadAction","target":["https:\/\/leregardlibre.com\/gastronomie\/le-tonneau-joyeux-la-nouvelle-venue-de-lentre-deux-lacs\/"]}]},{"@type":"ImageObject","inLanguage":"de","@id":"https:\/\/leregardlibre.com\/gastronomie\/le-tonneau-joyeux-la-nouvelle-venue-de-lentre-deux-lacs\/#primaryimage","url":"https:\/\/leregardlibre.com\/wp-content\/uploads\/2019\/07\/Brasserie-du-Tonneau-joyeux-copie.png","contentUrl":"https:\/\/leregardlibre.com\/wp-content\/uploads\/2019\/07\/Brasserie-du-Tonneau-joyeux-copie.png","width":742,"height":392},{"@type":"BreadcrumbList","@id":"https:\/\/leregardlibre.com\/gastronomie\/le-tonneau-joyeux-la-nouvelle-venue-de-lentre-deux-lacs\/#breadcrumb","itemListElement":[{"@type":"ListItem","position":1,"name":"Accueil","item":"https:\/\/leregardlibre.com\/"},{"@type":"ListItem","position":2,"name":"Le Tonneau Joyeux, la nouvelle venue de l\u2019entre-deux lacs"}]},{"@type":"WebSite","@id":"https:\/\/leregardlibre.com\/#website","url":"https:\/\/leregardlibre.com\/","name":"Le Regard Libre","description":"Erste Schweizer Monatszeitschrift f\u00fcr Debatten","publisher":{"@id":"https:\/\/leregardlibre.com\/#organization"},"potentialAction":[{"@type":"SearchAction","target":{"@type":"EntryPoint","urlTemplate":"https:\/\/leregardlibre.com\/?s={search_term_string}"},"query-input":{"@type":"PropertyValueSpecification","valueRequired":true,"valueName":"search_term_string"}}],"inLanguage":"de"},{"@type":"Organization","@id":"https:\/\/leregardlibre.com\/#organization","name":"Le Regard Libre","url":"https:\/\/leregardlibre.com\/","logo":{"@type":"ImageObject","inLanguage":"de","@id":"https:\/\/leregardlibre.com\/#\/schema\/logo\/image\/","url":"https:\/\/leregardlibre.com\/wp-content\/uploads\/2025\/08\/logo-rl-icone-neg.jpeg","contentUrl":"https:\/\/leregardlibre.com\/wp-content\/uploads\/2025\/08\/logo-rl-icone-neg.jpeg","width":557,"height":556,"caption":"Le Regard Libre"},"image":{"@id":"https:\/\/leregardlibre.com\/#\/schema\/logo\/image\/"},"sameAs":["https:\/\/www.facebook.com\/leregardlibre\/","https:\/\/x.com\/LeRegardLibre","https:\/\/www.linkedin.com\/company\/le-regard-libre","https:\/\/www.instagram.com\/leregardlibre\/","http:\/\/t.me\/leregardlibre","https:\/\/youtube.com\/channel\/UC6HzGPomj1LsUmlz-sJtITQ"],"description":"Le Regard Libre ist eine Schweizer Monatszeitschrift f\u00fcr intellektuelle und kulturelle Debatten. Seine Redaktion ist jung, ehrenamtlich, liberal und pluralistisch. Das Magazin erscheint online und in gedruckter Form. Seine Sprache ist Franz\u00f6sisch.","email":"redaction@leregardlibre.com","legalName":"Le Regard Libre","foundingDate":"2014-01-01","numberOfEmployees":{"@type":"QuantitativeValue","minValue":"11","maxValue":"50"},"publishingPrinciples":"https:\/\/leregardlibre.com\/a-propos\/notre-manifeste\/","ownershipFundingInfo":"https:\/\/leregardlibre.com\/mentions-legales\/","actionableFeedbackPolicy":"https:\/\/leregardlibre.com\/conditions-generales-de-vente\/"},{"@type":"Person","@id":"https:\/\/leregardlibre.com\/#\/schema\/person\/439e8d2dc64266e912da6f674b0b2c4b","name":"Max Moeschler","image":{"@type":"ImageObject","inLanguage":"de","@id":"https:\/\/secure.gravatar.com\/avatar\/a68b78ce98e86136d3956bc6f17e4879a7897c9744bef17da17a56ef38a02555?s=96&d=identicon&r=g","url":"https:\/\/secure.gravatar.com\/avatar\/a68b78ce98e86136d3956bc6f17e4879a7897c9744bef17da17a56ef38a02555?s=96&d=identicon&r=g","contentUrl":"https:\/\/secure.gravatar.com\/avatar\/a68b78ce98e86136d3956bc6f17e4879a7897c9744bef17da17a56ef38a02555?s=96&d=identicon&r=g","caption":"Max Moeschler"},"sameAs":["https:\/\/leregardlibre.com\/","https:\/\/fr.wikipedia.org\/wiki\/Le_Regard_libre"],"url":"https:\/\/leregardlibre.com\/de\/author\/max-moeschler\/"}]}},"_links":{"self":[{"href":"https:\/\/leregardlibre.com\/de\/wp-json\/wp\/v2\/posts\/22438","targetHints":{"allow":["GET"]}}],"collection":[{"href":"https:\/\/leregardlibre.com\/de\/wp-json\/wp\/v2\/posts"}],"about":[{"href":"https:\/\/leregardlibre.com\/de\/wp-json\/wp\/v2\/types\/post"}],"author":[{"embeddable":true,"href":"https:\/\/leregardlibre.com\/de\/wp-json\/wp\/v2\/users\/100"}],"replies":[{"embeddable":true,"href":"https:\/\/leregardlibre.com\/de\/wp-json\/wp\/v2\/comments?post=22438"}],"version-history":[{"count":1,"href":"https:\/\/leregardlibre.com\/de\/wp-json\/wp\/v2\/posts\/22438\/revisions"}],"predecessor-version":[{"id":510575,"href":"https:\/\/leregardlibre.com\/de\/wp-json\/wp\/v2\/posts\/22438\/revisions\/510575"}],"wp:featuredmedia":[{"embeddable":true,"href":"https:\/\/leregardlibre.com\/de\/wp-json\/wp\/v2\/media\/22439"}],"wp:attachment":[{"href":"https:\/\/leregardlibre.com\/de\/wp-json\/wp\/v2\/media?parent=22438"}],"wp:term":[{"taxonomy":"category","embeddable":true,"href":"https:\/\/leregardlibre.com\/de\/wp-json\/wp\/v2\/categories?post=22438"},{"taxonomy":"post_tag","embeddable":true,"href":"https:\/\/leregardlibre.com\/de\/wp-json\/wp\/v2\/tags?post=22438"}],"curies":[{"name":"wp","href":"https:\/\/api.w.org\/{rel}","templated":true}]}}