{"id":24032,"date":"2019-08-28T12:00:52","date_gmt":"2019-08-28T10:00:52","guid":{"rendered":"https:\/\/leregardlibre.com\/?p=24032"},"modified":"2025-12-04T22:35:59","modified_gmt":"2025-12-04T21:35:59","slug":"rote-karte-fur-diego-maradona","status":"publish","type":"post","link":"https:\/\/leregardlibre.com\/de\/kino\/filme\/rote-karte-fur-diego-maradona\/","title":{"rendered":"Rote Karte f\u00fcr \u00abDiego Maradona\u00bb.\u00bb"},"content":{"rendered":"<p><em>Mittwochs im Kino - Melisa Oriol<\/em><\/p>\n\n\n\n<p class=\"has-drop-cap\"><strong>Asif Kapadia, der vor allem f\u00fcr seine Dokumentarfilme \u00fcber Weltpers\u00f6nlichkeiten wie Senna (2010) oder Amy (2015) bekannt ist, konnte dieses Mal leider nicht mit dem ber\u00fchmten Diego Maradona mithalten.<\/strong><\/p>\n\n\n\n<!--more Lire la critique-->\n\n\n\n<p>Die Erwartungen sind hoch, wenn man bedenkt, dass es sich bei dem Regisseur nicht um seinen ersten Versuch handelt. Dokumentarfilme sind eine gute Gelegenheit, unser Wissen zu erweitern, vor allem, wenn sie das Leben internationaler und generationen\u00fcbergreifender Pers\u00f6nlichkeiten beschreiben. Was werden wir \u00fcber das Leben eines Prominenten erfahren, was wir nicht bereits aus den Medien wissen?<\/p>\n\n\n\n<h3 class=\"wp-block-heading\"><strong>Nach der neunzigsten Minute war es schwer, daran zu glauben.\nnoch<\/strong><\/h3>\n\n\n\n<p>Nun, im Fall von <em>Diego Maradona<\/em>... nichts. Das Kind aus den argentinischen Favelas, das von der italienischen Bev\u00f6lkerung zum Gott erhoben wurde, bleibt die schwer fassbare Figur eines Mannes, der von Geheimnissen gequ\u00e4lt wird. Von Drogenproblemen \u00fcber die Verleugnung seines Sohnes bis hin zu seiner Beziehung zur Camorra - nichts Neues unter der Sonne!<\/p>\n\n\n\n<p>Die Erwartung wird noch gesteigert, als wir erfahren, dass Maradona selbst einen Teil der Dokumentation kommentiert. Doch bis zum Ende des Films wird nichts enth\u00fcllt, es gibt keine Kommentare oder unbekannte Anekdoten. Was f\u00fcr eine Entt\u00e4uschung! Dieser Mann, der auf einem Podest steht, wird nicht greifbar sein.<\/p>\n\n\n\n<h3 class=\"wp-block-heading\"><strong>Me, Myself and I<\/strong><\/h3>\n\n\n\n<p>Der abwechselnde Kommentar mit Diego Maradona bereitet einige Probleme. Ein Dokumentarfilm sollte so objektiv wie m\u00f6glich sein. Und wieder ist es nicht gelungen. Wie kann man kritisch \u00fcber jemanden berichten, wenn er seine eigene Geschichte erz\u00e4hlt? Der Blickwinkel und die Haltung des Regisseurs gegen\u00fcber dem Fu\u00dfballspieler sollten etwas differenzierter sein.<\/p>\n\n\n\n<p>Asif Kapadia bewundert sein Thema und das sp\u00fcrt man. Jede Schw\u00e4che oder Fehlentscheidung Maradonas wird so gezeigt, dass er zum Opfer wird, anstatt ihm die Schuld zu geben. Um diesen Effekt noch zu verst\u00e4rken, untermalt dramatische Musik die meisten Sequenzen, die Maradona als verletzlich zeigen. Selbst trotz dieser Theatralisierung ist der Film nicht in der Lage, die Zuschauer zu ber\u00fchren.<\/p>\n\n\n\n<p style=\"color:#1d296c\" class=\"has-text-color\"><strong>Auch zu lesen: <\/strong><em><a href=\"https:\/\/leregardlibre.com\/de\/2019\/08\/21\/peter-lindbergh-womens-stories\/\"><strong>Peter Lindbergh - Women's Stories<\/strong><\/a><\/em><\/p>\n\n\n\n<p>Der Dokumentarfilm besteht fast ausschlie\u00dflich aus Fotografien und Videos aus dem Archiv. Es w\u00e4re sch\u00f6n gewesen, Maradona so zu sehen, wie er heute ist, und nicht eine Aneinanderreihung von Archivaufnahmen, die im \u00dcbrigen einige Doppelungen aufweisen. All dies sind Elemente, die den Zuschauer auf der Ersatzbank zur\u00fccklassen. Zwischen Bildmanipulation und Dramatisierung besteht kein Zweifel, <em>Diego Maradona<\/em> ist ein Dokumentarfilm, der die Qualifikationspr\u00fcfung nicht bestehen sollte.<\/p>\n\n\n\n<p><em>Schreiben Sie der Autorin: <a href=\"mailto:melisa.oriol@leregardlibre.com\">melisa.oriol@leregardlibre.com<\/a><\/em><\/p>\n\n\n\n<p>Fotocredit: \u00a9 DCM Films<\/p>","protected":false},"excerpt":{"rendered":"<p>Les mercredis du cin\u00e9ma &#8211; Melisa Oriol Asif Kapadia, connu principalement pour ses documentaires consacr\u00e9s \u00e0 des personnalit\u00e9s mondiales telles&#8230;<\/p>","protected":false},"author":338,"featured_media":24043,"comment_status":"open","ping_status":"open","sticky":false,"template":"","format":"standard","meta":{"_acf_changed":false,"footnotes":""},"categories":[644355829],"tags":[12080,644342693,21948,1134,644342692,644342696],"class_list":["post-24032","post","type-post","status-publish","format-standard","has-post-thumbnail","hentry","category-films","tag-archives","tag-diego-maradona","tag-documentaires","tag-football","tag-maradona","tag-theatralisation"],"acf":[],"yoast_head":"<!-- This site is optimized with the Yoast SEO Premium plugin v27.4 (Yoast SEO v27.4) - https:\/\/yoast.com\/product\/yoast-seo-premium-wordpress\/ -->\n<title>Carton rouge pour \u00abDiego Maradona\u00bb<\/title>\n<meta name=\"robots\" content=\"index, follow, max-snippet:-1, max-image-preview:large, max-video-preview:-1\" \/>\n<link rel=\"canonical\" href=\"https:\/\/leregardlibre.com\/de\/kino\/filme\/rote-karte-fur-diego-maradona\/\" \/>\n<meta property=\"og:locale\" content=\"de_DE\" \/>\n<meta property=\"og:type\" content=\"article\" \/>\n<meta property=\"og:title\" content=\"Carton rouge pour \u00abDiego Maradona\u00bb\" \/>\n<meta property=\"og:description\" content=\"Les mercredis du cin\u00e9ma - Melisa Oriol Asif Kapadia, connu principalement pour ses documentaires consacr\u00e9s \u00e0 des personnalit\u00e9s mondiales telles...\" \/>\n<meta property=\"og:url\" content=\"https:\/\/leregardlibre.com\/de\/kino\/filme\/rote-karte-fur-diego-maradona\/\" \/>\n<meta property=\"og:site_name\" content=\"Le Regard Libre\" \/>\n<meta property=\"article:publisher\" content=\"https:\/\/www.facebook.com\/leregardlibre\/\" \/>\n<meta property=\"article:published_time\" content=\"2019-08-28T10:00:52+00:00\" \/>\n<meta property=\"article:modified_time\" content=\"2025-12-04T21:35:59+00:00\" \/>\n<meta property=\"og:image\" content=\"https:\/\/leregardlibre.com\/wp-content\/uploads\/2019\/08\/111_DM_running.onto_.the_.pitch_.at_.San_.Paolo_.stadium_by_Alfredo_Capozzi.jpg\" \/>\n\t<meta property=\"og:image:width\" content=\"2000\" \/>\n\t<meta property=\"og:image:height\" content=\"1333\" \/>\n\t<meta property=\"og:image:type\" content=\"image\/jpeg\" \/>\n<meta name=\"author\" content=\"Melisa Oriol\" \/>\n<meta name=\"twitter:card\" content=\"summary_large_image\" \/>\n<meta name=\"twitter:creator\" content=\"@LeRegardLibre\" \/>\n<meta name=\"twitter:site\" content=\"@LeRegardLibre\" \/>\n<meta name=\"twitter:label1\" content=\"Verfasst von\" \/>\n\t<meta name=\"twitter:data1\" content=\"Melisa Oriol\" \/>\n\t<meta name=\"twitter:label2\" content=\"Gesch\u00e4tzte Lesezeit\" \/>\n\t<meta name=\"twitter:data2\" content=\"2\u00a0Minuten\" \/>\n<script type=\"application\/ld+json\" class=\"yoast-schema-graph\">{\"@context\":\"https:\\\/\\\/schema.org\",\"@graph\":[{\"@type\":\"Article\",\"@id\":\"https:\\\/\\\/leregardlibre.com\\\/cinema\\\/films\\\/carton-rouge-pour-diego-maradona\\\/#article\",\"isPartOf\":{\"@id\":\"https:\\\/\\\/leregardlibre.com\\\/cinema\\\/films\\\/carton-rouge-pour-diego-maradona\\\/\"},\"author\":{\"name\":\"Melisa Oriol\",\"@id\":\"https:\\\/\\\/leregardlibre.com\\\/#\\\/schema\\\/person\\\/b054d777e0bf04e418d8472eeaf0e39b\"},\"headline\":\"Carton rouge pour \u00abDiego Maradona\u00bb\",\"datePublished\":\"2019-08-28T10:00:52+00:00\",\"dateModified\":\"2025-12-04T21:35:59+00:00\",\"mainEntityOfPage\":{\"@id\":\"https:\\\/\\\/leregardlibre.com\\\/cinema\\\/films\\\/carton-rouge-pour-diego-maradona\\\/\"},\"wordCount\":483,\"commentCount\":0,\"publisher\":{\"@id\":\"https:\\\/\\\/leregardlibre.com\\\/#organization\"},\"image\":{\"@id\":\"https:\\\/\\\/leregardlibre.com\\\/cinema\\\/films\\\/carton-rouge-pour-diego-maradona\\\/#primaryimage\"},\"thumbnailUrl\":\"https:\\\/\\\/leregardlibre.com\\\/wp-content\\\/uploads\\\/2019\\\/08\\\/111_DM_running.onto_.the_.pitch_.at_.San_.Paolo_.stadium_by_Alfredo_Capozzi.jpg\",\"keywords\":[\"archives\",\"diego maradona\",\"Documentaire\",\"Football\",\"maradona\",\"th\u00e9\u00e2tralisation\"],\"articleSection\":[\"Films\"],\"inLanguage\":\"de\",\"potentialAction\":[{\"@type\":\"CommentAction\",\"name\":\"Comment\",\"target\":[\"https:\\\/\\\/leregardlibre.com\\\/cinema\\\/films\\\/carton-rouge-pour-diego-maradona\\\/#respond\"]}]},{\"@type\":\"WebPage\",\"@id\":\"https:\\\/\\\/leregardlibre.com\\\/cinema\\\/films\\\/carton-rouge-pour-diego-maradona\\\/\",\"url\":\"https:\\\/\\\/leregardlibre.com\\\/cinema\\\/films\\\/carton-rouge-pour-diego-maradona\\\/\",\"name\":\"Carton rouge pour \u00abDiego Maradona\u00bb\",\"isPartOf\":{\"@id\":\"https:\\\/\\\/leregardlibre.com\\\/#website\"},\"primaryImageOfPage\":{\"@id\":\"https:\\\/\\\/leregardlibre.com\\\/cinema\\\/films\\\/carton-rouge-pour-diego-maradona\\\/#primaryimage\"},\"image\":{\"@id\":\"https:\\\/\\\/leregardlibre.com\\\/cinema\\\/films\\\/carton-rouge-pour-diego-maradona\\\/#primaryimage\"},\"thumbnailUrl\":\"https:\\\/\\\/leregardlibre.com\\\/wp-content\\\/uploads\\\/2019\\\/08\\\/111_DM_running.onto_.the_.pitch_.at_.San_.Paolo_.stadium_by_Alfredo_Capozzi.jpg\",\"datePublished\":\"2019-08-28T10:00:52+00:00\",\"dateModified\":\"2025-12-04T21:35:59+00:00\",\"breadcrumb\":{\"@id\":\"https:\\\/\\\/leregardlibre.com\\\/cinema\\\/films\\\/carton-rouge-pour-diego-maradona\\\/#breadcrumb\"},\"inLanguage\":\"de\",\"potentialAction\":[{\"@type\":\"ReadAction\",\"target\":[\"https:\\\/\\\/leregardlibre.com\\\/cinema\\\/films\\\/carton-rouge-pour-diego-maradona\\\/\"]}]},{\"@type\":\"ImageObject\",\"inLanguage\":\"de\",\"@id\":\"https:\\\/\\\/leregardlibre.com\\\/cinema\\\/films\\\/carton-rouge-pour-diego-maradona\\\/#primaryimage\",\"url\":\"https:\\\/\\\/leregardlibre.com\\\/wp-content\\\/uploads\\\/2019\\\/08\\\/111_DM_running.onto_.the_.pitch_.at_.San_.Paolo_.stadium_by_Alfredo_Capozzi.jpg\",\"contentUrl\":\"https:\\\/\\\/leregardlibre.com\\\/wp-content\\\/uploads\\\/2019\\\/08\\\/111_DM_running.onto_.the_.pitch_.at_.San_.Paolo_.stadium_by_Alfredo_Capozzi.jpg\",\"width\":2000,\"height\":1333},{\"@type\":\"BreadcrumbList\",\"@id\":\"https:\\\/\\\/leregardlibre.com\\\/cinema\\\/films\\\/carton-rouge-pour-diego-maradona\\\/#breadcrumb\",\"itemListElement\":[{\"@type\":\"ListItem\",\"position\":1,\"name\":\"Accueil\",\"item\":\"https:\\\/\\\/leregardlibre.com\\\/\"},{\"@type\":\"ListItem\",\"position\":2,\"name\":\"Carton rouge pour \u00abDiego Maradona\u00bb\"}]},{\"@type\":\"WebSite\",\"@id\":\"https:\\\/\\\/leregardlibre.com\\\/#website\",\"url\":\"https:\\\/\\\/leregardlibre.com\\\/\",\"name\":\"Le Regard Libre\",\"description\":\"Premier mensuel suisse de d\u00e9bat\",\"publisher\":{\"@id\":\"https:\\\/\\\/leregardlibre.com\\\/#organization\"},\"potentialAction\":[{\"@type\":\"SearchAction\",\"target\":{\"@type\":\"EntryPoint\",\"urlTemplate\":\"https:\\\/\\\/leregardlibre.com\\\/?s={search_term_string}\"},\"query-input\":{\"@type\":\"PropertyValueSpecification\",\"valueRequired\":true,\"valueName\":\"search_term_string\"}}],\"inLanguage\":\"de\"},{\"@type\":\"Organization\",\"@id\":\"https:\\\/\\\/leregardlibre.com\\\/#organization\",\"name\":\"Le Regard Libre\",\"url\":\"https:\\\/\\\/leregardlibre.com\\\/\",\"logo\":{\"@type\":\"ImageObject\",\"inLanguage\":\"de\",\"@id\":\"https:\\\/\\\/leregardlibre.com\\\/#\\\/schema\\\/logo\\\/image\\\/\",\"url\":\"https:\\\/\\\/leregardlibre.com\\\/wp-content\\\/uploads\\\/2025\\\/08\\\/logo-rl-icone-neg.jpeg\",\"contentUrl\":\"https:\\\/\\\/leregardlibre.com\\\/wp-content\\\/uploads\\\/2025\\\/08\\\/logo-rl-icone-neg.jpeg\",\"width\":557,\"height\":556,\"caption\":\"Le Regard Libre\"},\"image\":{\"@id\":\"https:\\\/\\\/leregardlibre.com\\\/#\\\/schema\\\/logo\\\/image\\\/\"},\"sameAs\":[\"https:\\\/\\\/www.facebook.com\\\/leregardlibre\\\/\",\"https:\\\/\\\/x.com\\\/LeRegardLibre\",\"https:\\\/\\\/www.linkedin.com\\\/company\\\/le-regard-libre\",\"https:\\\/\\\/www.instagram.com\\\/leregardlibre\\\/\",\"http:\\\/\\\/t.me\\\/leregardlibre\",\"https:\\\/\\\/youtube.com\\\/channel\\\/UC6HzGPomj1LsUmlz-sJtITQ\"],\"description\":\"Le Regard Libre est un mensuel suisse de d\u00e9bat intellectuel et culturel. Sa r\u00e9daction est jeune, b\u00e9n\u00e9vole, lib\u00e9rale et pluraliste. Le magazine para\u00eet en ligne et sous forme papier. Sa langue est le fran\u00e7ais.\",\"email\":\"redaction@leregardlibre.com\",\"legalName\":\"Le Regard Libre\",\"foundingDate\":\"2014-01-01\",\"numberOfEmployees\":{\"@type\":\"QuantitativeValue\",\"minValue\":\"11\",\"maxValue\":\"50\"},\"publishingPrinciples\":\"https:\\\/\\\/leregardlibre.com\\\/a-propos\\\/notre-manifeste\\\/\",\"ownershipFundingInfo\":\"https:\\\/\\\/leregardlibre.com\\\/mentions-legales\\\/\",\"actionableFeedbackPolicy\":\"https:\\\/\\\/leregardlibre.com\\\/conditions-generales-de-vente\\\/\"},{\"@type\":\"Person\",\"@id\":\"https:\\\/\\\/leregardlibre.com\\\/#\\\/schema\\\/person\\\/b054d777e0bf04e418d8472eeaf0e39b\",\"name\":\"Melisa Oriol\",\"image\":{\"@type\":\"ImageObject\",\"inLanguage\":\"de\",\"@id\":\"https:\\\/\\\/secure.gravatar.com\\\/avatar\\\/f9e8349f7b7a8b7fc1455af3909f892a1c0c554cf984821c9b3f85876bcfe3be?s=96&d=identicon&r=g\",\"url\":\"https:\\\/\\\/secure.gravatar.com\\\/avatar\\\/f9e8349f7b7a8b7fc1455af3909f892a1c0c554cf984821c9b3f85876bcfe3be?s=96&d=identicon&r=g\",\"contentUrl\":\"https:\\\/\\\/secure.gravatar.com\\\/avatar\\\/f9e8349f7b7a8b7fc1455af3909f892a1c0c554cf984821c9b3f85876bcfe3be?s=96&d=identicon&r=g\",\"caption\":\"Melisa Oriol\"},\"url\":\"https:\\\/\\\/leregardlibre.com\\\/de\\\/author\\\/melisa-oriol\\\/\"}]}<\/script>\n<!-- \/ Yoast SEO Premium plugin. -->","yoast_head_json":{"title":"Rote Karte f\u00fcr \u00abDiego Maradona\u00bb.\u00bb","robots":{"index":"index","follow":"follow","max-snippet":"max-snippet:-1","max-image-preview":"max-image-preview:large","max-video-preview":"max-video-preview:-1"},"canonical":"https:\/\/leregardlibre.com\/de\/kino\/filme\/rote-karte-fur-diego-maradona\/","og_locale":"de_DE","og_type":"article","og_title":"Carton rouge pour \u00abDiego Maradona\u00bb","og_description":"Les mercredis du cin\u00e9ma - Melisa Oriol Asif Kapadia, connu principalement pour ses documentaires consacr\u00e9s \u00e0 des personnalit\u00e9s mondiales telles...","og_url":"https:\/\/leregardlibre.com\/de\/kino\/filme\/rote-karte-fur-diego-maradona\/","og_site_name":"Le Regard Libre","article_publisher":"https:\/\/www.facebook.com\/leregardlibre\/","article_published_time":"2019-08-28T10:00:52+00:00","article_modified_time":"2025-12-04T21:35:59+00:00","og_image":[{"width":2000,"height":1333,"url":"https:\/\/leregardlibre.com\/wp-content\/uploads\/2019\/08\/111_DM_running.onto_.the_.pitch_.at_.San_.Paolo_.stadium_by_Alfredo_Capozzi.jpg","type":"image\/jpeg"}],"author":"Melisa Oriol","twitter_card":"summary_large_image","twitter_creator":"@LeRegardLibre","twitter_site":"@LeRegardLibre","twitter_misc":{"Verfasst von":"Melisa Oriol","Gesch\u00e4tzte Lesezeit":"2\u00a0Minuten"},"schema":{"@context":"https:\/\/schema.org","@graph":[{"@type":"Article","@id":"https:\/\/leregardlibre.com\/cinema\/films\/carton-rouge-pour-diego-maradona\/#article","isPartOf":{"@id":"https:\/\/leregardlibre.com\/cinema\/films\/carton-rouge-pour-diego-maradona\/"},"author":{"name":"Melisa Oriol","@id":"https:\/\/leregardlibre.com\/#\/schema\/person\/b054d777e0bf04e418d8472eeaf0e39b"},"headline":"Carton rouge pour \u00abDiego Maradona\u00bb","datePublished":"2019-08-28T10:00:52+00:00","dateModified":"2025-12-04T21:35:59+00:00","mainEntityOfPage":{"@id":"https:\/\/leregardlibre.com\/cinema\/films\/carton-rouge-pour-diego-maradona\/"},"wordCount":483,"commentCount":0,"publisher":{"@id":"https:\/\/leregardlibre.com\/#organization"},"image":{"@id":"https:\/\/leregardlibre.com\/cinema\/films\/carton-rouge-pour-diego-maradona\/#primaryimage"},"thumbnailUrl":"https:\/\/leregardlibre.com\/wp-content\/uploads\/2019\/08\/111_DM_running.onto_.the_.pitch_.at_.San_.Paolo_.stadium_by_Alfredo_Capozzi.jpg","keywords":["archives","diego maradona","Documentaire","Football","maradona","th\u00e9\u00e2tralisation"],"articleSection":["Films"],"inLanguage":"de","potentialAction":[{"@type":"CommentAction","name":"Comment","target":["https:\/\/leregardlibre.com\/cinema\/films\/carton-rouge-pour-diego-maradona\/#respond"]}]},{"@type":"WebPage","@id":"https:\/\/leregardlibre.com\/cinema\/films\/carton-rouge-pour-diego-maradona\/","url":"https:\/\/leregardlibre.com\/cinema\/films\/carton-rouge-pour-diego-maradona\/","name":"Rote Karte f\u00fcr \u00abDiego Maradona\u00bb.\u00bb","isPartOf":{"@id":"https:\/\/leregardlibre.com\/#website"},"primaryImageOfPage":{"@id":"https:\/\/leregardlibre.com\/cinema\/films\/carton-rouge-pour-diego-maradona\/#primaryimage"},"image":{"@id":"https:\/\/leregardlibre.com\/cinema\/films\/carton-rouge-pour-diego-maradona\/#primaryimage"},"thumbnailUrl":"https:\/\/leregardlibre.com\/wp-content\/uploads\/2019\/08\/111_DM_running.onto_.the_.pitch_.at_.San_.Paolo_.stadium_by_Alfredo_Capozzi.jpg","datePublished":"2019-08-28T10:00:52+00:00","dateModified":"2025-12-04T21:35:59+00:00","breadcrumb":{"@id":"https:\/\/leregardlibre.com\/cinema\/films\/carton-rouge-pour-diego-maradona\/#breadcrumb"},"inLanguage":"de","potentialAction":[{"@type":"ReadAction","target":["https:\/\/leregardlibre.com\/cinema\/films\/carton-rouge-pour-diego-maradona\/"]}]},{"@type":"ImageObject","inLanguage":"de","@id":"https:\/\/leregardlibre.com\/cinema\/films\/carton-rouge-pour-diego-maradona\/#primaryimage","url":"https:\/\/leregardlibre.com\/wp-content\/uploads\/2019\/08\/111_DM_running.onto_.the_.pitch_.at_.San_.Paolo_.stadium_by_Alfredo_Capozzi.jpg","contentUrl":"https:\/\/leregardlibre.com\/wp-content\/uploads\/2019\/08\/111_DM_running.onto_.the_.pitch_.at_.San_.Paolo_.stadium_by_Alfredo_Capozzi.jpg","width":2000,"height":1333},{"@type":"BreadcrumbList","@id":"https:\/\/leregardlibre.com\/cinema\/films\/carton-rouge-pour-diego-maradona\/#breadcrumb","itemListElement":[{"@type":"ListItem","position":1,"name":"Accueil","item":"https:\/\/leregardlibre.com\/"},{"@type":"ListItem","position":2,"name":"Carton rouge pour \u00abDiego Maradona\u00bb"}]},{"@type":"WebSite","@id":"https:\/\/leregardlibre.com\/#website","url":"https:\/\/leregardlibre.com\/","name":"Le Regard Libre","description":"Erste Schweizer Monatszeitschrift f\u00fcr Debatten","publisher":{"@id":"https:\/\/leregardlibre.com\/#organization"},"potentialAction":[{"@type":"SearchAction","target":{"@type":"EntryPoint","urlTemplate":"https:\/\/leregardlibre.com\/?s={search_term_string}"},"query-input":{"@type":"PropertyValueSpecification","valueRequired":true,"valueName":"search_term_string"}}],"inLanguage":"de"},{"@type":"Organization","@id":"https:\/\/leregardlibre.com\/#organization","name":"Le Regard Libre","url":"https:\/\/leregardlibre.com\/","logo":{"@type":"ImageObject","inLanguage":"de","@id":"https:\/\/leregardlibre.com\/#\/schema\/logo\/image\/","url":"https:\/\/leregardlibre.com\/wp-content\/uploads\/2025\/08\/logo-rl-icone-neg.jpeg","contentUrl":"https:\/\/leregardlibre.com\/wp-content\/uploads\/2025\/08\/logo-rl-icone-neg.jpeg","width":557,"height":556,"caption":"Le Regard Libre"},"image":{"@id":"https:\/\/leregardlibre.com\/#\/schema\/logo\/image\/"},"sameAs":["https:\/\/www.facebook.com\/leregardlibre\/","https:\/\/x.com\/LeRegardLibre","https:\/\/www.linkedin.com\/company\/le-regard-libre","https:\/\/www.instagram.com\/leregardlibre\/","http:\/\/t.me\/leregardlibre","https:\/\/youtube.com\/channel\/UC6HzGPomj1LsUmlz-sJtITQ"],"description":"Le Regard Libre ist eine Schweizer Monatszeitschrift f\u00fcr intellektuelle und kulturelle Debatten. Seine Redaktion ist jung, ehrenamtlich, liberal und pluralistisch. Das Magazin erscheint online und in gedruckter Form. Seine Sprache ist Franz\u00f6sisch.","email":"redaction@leregardlibre.com","legalName":"Le Regard Libre","foundingDate":"2014-01-01","numberOfEmployees":{"@type":"QuantitativeValue","minValue":"11","maxValue":"50"},"publishingPrinciples":"https:\/\/leregardlibre.com\/a-propos\/notre-manifeste\/","ownershipFundingInfo":"https:\/\/leregardlibre.com\/mentions-legales\/","actionableFeedbackPolicy":"https:\/\/leregardlibre.com\/conditions-generales-de-vente\/"},{"@type":"Person","@id":"https:\/\/leregardlibre.com\/#\/schema\/person\/b054d777e0bf04e418d8472eeaf0e39b","name":"Melisa Oriol","image":{"@type":"ImageObject","inLanguage":"de","@id":"https:\/\/secure.gravatar.com\/avatar\/f9e8349f7b7a8b7fc1455af3909f892a1c0c554cf984821c9b3f85876bcfe3be?s=96&d=identicon&r=g","url":"https:\/\/secure.gravatar.com\/avatar\/f9e8349f7b7a8b7fc1455af3909f892a1c0c554cf984821c9b3f85876bcfe3be?s=96&d=identicon&r=g","contentUrl":"https:\/\/secure.gravatar.com\/avatar\/f9e8349f7b7a8b7fc1455af3909f892a1c0c554cf984821c9b3f85876bcfe3be?s=96&d=identicon&r=g","caption":"Melisa Oriol"},"url":"https:\/\/leregardlibre.com\/de\/author\/melisa-oriol\/"}]}},"_links":{"self":[{"href":"https:\/\/leregardlibre.com\/de\/wp-json\/wp\/v2\/posts\/24032","targetHints":{"allow":["GET"]}}],"collection":[{"href":"https:\/\/leregardlibre.com\/de\/wp-json\/wp\/v2\/posts"}],"about":[{"href":"https:\/\/leregardlibre.com\/de\/wp-json\/wp\/v2\/types\/post"}],"author":[{"embeddable":true,"href":"https:\/\/leregardlibre.com\/de\/wp-json\/wp\/v2\/users\/338"}],"replies":[{"embeddable":true,"href":"https:\/\/leregardlibre.com\/de\/wp-json\/wp\/v2\/comments?post=24032"}],"version-history":[{"count":1,"href":"https:\/\/leregardlibre.com\/de\/wp-json\/wp\/v2\/posts\/24032\/revisions"}],"predecessor-version":[{"id":510655,"href":"https:\/\/leregardlibre.com\/de\/wp-json\/wp\/v2\/posts\/24032\/revisions\/510655"}],"wp:featuredmedia":[{"embeddable":true,"href":"https:\/\/leregardlibre.com\/de\/wp-json\/wp\/v2\/media\/24043"}],"wp:attachment":[{"href":"https:\/\/leregardlibre.com\/de\/wp-json\/wp\/v2\/media?parent=24032"}],"wp:term":[{"taxonomy":"category","embeddable":true,"href":"https:\/\/leregardlibre.com\/de\/wp-json\/wp\/v2\/categories?post=24032"},{"taxonomy":"post_tag","embeddable":true,"href":"https:\/\/leregardlibre.com\/de\/wp-json\/wp\/v2\/tags?post=24032"}],"curies":[{"name":"wp","href":"https:\/\/api.w.org\/{rel}","templated":true}]}}