{"id":2468,"date":"2016-09-17T20:33:22","date_gmt":"2016-09-17T18:33:22","guid":{"rendered":"http:\/\/leregardlibre.com\/?p=2468"},"modified":"2023-09-22T17:32:14","modified_gmt":"2023-09-22T15:32:14","slug":"el-greco-entierro-del-conde-de-orgaz","status":"publish","type":"post","link":"https:\/\/leregardlibre.com\/de\/bildende-kunst\/el-greco-entierro-del-conde-de-orgaz\/","title":{"rendered":"El Greco, \u00abEntierro del Conde de Org\u00e1z\u00bb.\u00bb"},"content":{"rendered":"<p><em>Le Regard Libre N\u00b0 20 &#8211;&nbsp;Loris S. Musumeci<\/em><\/p>\n\n\n\n<p class=\"has-drop-cap\">O\u00f9 va-t-on lors de la mort? En enfer, au paradis, en d\u00e9composition organique? Pour un pieux homme tel Gonzalo Ruiz, comte d\u2019Orgaz, il est certain que c\u2019est le ciel qui l\u2019attend. C\u2019est du moins ce qu\u2019en dit Domenikos Theotokopoulos, connu sous le nom d\u2019El Greco. Il l\u2019exprime d\u2019une froide et chaude d\u00e9licatesse par son chef-d\u2019\u0153uvre pictural l\u2019<em>Entierro del conde de Org\u00e1z <\/em>\u2013 l\u2019<em>Enterrement du comte d\u2019Orgaz<\/em>.<\/p>\n\n\n\n<!--more Lire la suite de l\u2019article (en libre acc\u00e8s)-->\n\n\n\n<p>A Tol\u00e8de, la l\u00e9gende raconte qu\u2019en l\u2019an 1323, aux abords de l\u2019\u00e9glise de San Tom\u00e9, l\u2019\u00e2me du d\u00e9vot notable monta dans les hauteurs divines. Cela, pendant que ce furent les saints Augustin et Etienne eux-m\u00eames qui ensevelirent le corps. Un tel \u00e9v\u00e9nement ne fut pas compl\u00e8tement consid\u00e9r\u00e9 comme myst\u00e9rieux; Don Gonzalo donna effectivement beaucoup de moyens pour construire l\u2019\u00e9glise miraculeuse, mais surtout il priait sans cesse en vue du bien de tous. Cons\u00e9quence: l\u2019intervention sacr\u00e9e. J\u2019en conviens, cependant, que ce n\u2019est pas affaire de tous les jours.<\/p>\n\n\n\n<p>La toile fut commandit\u00e9e par le cur\u00e9 de San Tom\u00e9 le 15 mars 1586 au Greco. Ce dernier accomplit la mission en deux ans. La connaissance de la p\u00e9riode de r\u00e9alisation de la toile est primordiale: elle permet sa juste observation. De fait, si nous nous trouvons l\u00e0 au cr\u00e9puscule d\u2019une p\u00e9riode artistique, c\u2019en est d\u00e9j\u00e0 une autre qui vit son aube. Fructueuse succession que celle du mani\u00e9risme au baroque. Le premier doit son nom \u00e0 Georges Vasari, historien de l\u2019art du XVI<sup>. <\/sup>si\u00e8cle, qui d\u00e9finit la p\u00e9riode \u00e0 partir du style tardif de Michel-Ange comme la nouvelle \u00abmaniera\u00bb \u00e0 imiter, celle d\u2019oser un trait exag\u00e9r\u00e9 et puissant. Le second se d\u00e9ploie dans l\u2019exaltation des formes, du d\u00e9tail et du jeu de lumi\u00e8re. L\u2019<em>Enterrement du comte d\u2019Orgaz<\/em> se trouve exactement entre ces deux esth\u00e9tiques.<\/p>\n\n\n\n<p>Ciel et terre sont proches mais distingu\u00e9s. L\u2019imposant tableau (480 x 360 centim\u00e8tres) est alors comme s\u00e9par\u00e9 en deux parties. L\u2019une est divine, l\u2019autre est humaine. Le lien entre celles-ci n\u2019est toutefois pas absent: le Christ en blanc illumine la cour endeuill\u00e9e. La lumi\u00e8re passe par de doux interm\u00e9diaires comme une tr\u00e8s sainte Vierge Marie qui l\u2019accueille en son corps de rouge v\u00eatu. Le rayon lumineux provenant du plus haut des cieux passe ensuite par la jaune et somptueuse robe de l\u2019ange, pour arriver chez les saints \u00e0 l\u2019\u0153uvre: Augustin et Etienne illuminant les hommes. Hormis ce chemin plus clair, le reste de la repr\u00e9sentation est assez sombre. En cela, l\u2019\u0153uvre est bel est bien baroque, car elle joue avec les lumi\u00e8res pour inviter \u00e0 la religiosit\u00e9 d\u2019un regard vers le haut.<\/p>\n\n\n\n<figure class=\"wp-block-image\"><img fetchpriority=\"high\" decoding=\"async\" width=\"495\" height=\"600\" src=\"http:\/\/leregardlibre.com\/wp-content\/uploads\/2016\/09\/22entierro-del-conde-de-orgaz22.jpg\" alt=\"%22entierro-del-conde-de-orgaz%22\" class=\"wp-image-2471\" srcset=\"https:\/\/leregardlibre.com\/wp-content\/uploads\/2016\/09\/22entierro-del-conde-de-orgaz22.jpg 495w, https:\/\/leregardlibre.com\/wp-content\/uploads\/2016\/09\/22entierro-del-conde-de-orgaz22-124x150.jpg 124w, https:\/\/leregardlibre.com\/wp-content\/uploads\/2016\/09\/22entierro-del-conde-de-orgaz22-248x300.jpg 248w, https:\/\/leregardlibre.com\/wp-content\/uploads\/2016\/09\/22entierro-del-conde-de-orgaz22-300x364.jpg 300w\" sizes=\"(max-width: 495px) 100vw, 495px\" \/><\/figure>\n\n\n\n<p>On retrouve plus le c\u00f4t\u00e9 mani\u00e9riste dans le coup de pinceau qui se laisse appara\u00eetre. C\u2019est notamment le cas des v\u00eatements ainsi que des nuages, semblant aussi solides que pierre, mais se mouvant tel un aigle royal.<\/p>\n\n\n\n<p>L\u2019influence byzantine est \u00e9galement pr\u00e9sente, et elle est, \u00e0 mon sens, cette infimit\u00e9 qui donne un charme exceptionnel et incroyablement attirant \u00e0 toute la peinture tardive de Domenikos Theotokopoulos. Ce dernier naquit en effet sur l\u2019\u00eele de Cr\u00e8te. D\u2019o\u00f9 la fascinante dorure des habits \u00e9piscopaux des deux saints ensevelisseurs. Ou encore, chez les personnages, les visages fades, allong\u00e9s, mais anim\u00e9s d\u2019une sobre passion.<\/p>\n\n\n\n<p>Le mariage entre deux styles se succ\u00e9dant, deux cultures se rejoignant avec un talent pr\u00e9cieusement cultiv\u00e9, offrent l\u00e0 un spectacle pictural digne d\u2019appeler l\u2019\u00e2me \u00e0 s\u2019envoler&nbsp;; d\u2019une autre mani\u00e8re n\u00e9anmoins que celle du comte d\u2019Orgaz.<\/p>\n\n\n\n<p><em>Schreiben Sie dem Autor: <a href=\"mailto:loris.musumeci@leregardlibre.com\">loris.musumeci@leregardlibre.com<\/a><\/em><\/p>\n\n\n\n<p>Bildnachweis: \u00a9.\u00a0<span class=\"_r3\"><span class=\"irc_ho\" dir=\"ltr\">Emol.com<\/span><\/span><\/p>\n\n\n\n<form method=\"post\" action=\"https:\/\/newsletter.infomaniak.com\/external\/submit\" class=\"inf-form\" target=\"_blank\"><input type=\"email\" name=\"email\" style=\"display:none\"><input type=\"hidden\" name=\"key\" value=\"eyJpdiI6ImJLMzBCZjhrQXI2QVZqaHlsQ2xRXC9RbUZ2TlhaY08wSGd6VllUbHc0MUtzPSIsInZhbHVlIjoiYlJ4K0NhTElMb21iY010YkUyVmk2R0pVK2JocklVcERIbUNPTGduczcycz0iLCJtYWMiOiJmY2MwNGM1ZDBjZThjMmQ1MTVkY2Q2ZDE5OTBlNDU0YzE0MjlhM2IxY2M5YWM0NjA2YTgxY2QxNzg2ZmFiY2FkIn0=\"><input type=\"hidden\" name=\"webform_id\" value=\"7291\"><style> .inf-main_3000311ca56a1cb93397bc676c0b7fff{ background-color:#f5f5f5; padding:25px 20px; margin:25px auto; } .inf-main_3000311ca56a1cb93397bc676c0b7fff .inf-content { margin-top:13px;} .inf-main_3000311ca56a1cb93397bc676c0b7fff h4, .inf-main_3000311ca56a1cb93397bc676c0b7fff span, .inf-main_3000311ca56a1cb93397bc676c0b7fff label, .inf-main_3000311ca56a1cb93397bc676c0b7fff input, .inf-main_3000311ca56a1cb93397bc676c0b7fff .inf-submit, .inf-main_3000311ca56a1cb93397bc676c0b7fff .inf-success p a { color:#555555; font-size:14px; } .inf-main_3000311ca56a1cb93397bc676c0b7fff h4{ font-size:18px; margin:0px 0px 13px 0px; } .inf-main_3000311ca56a1cb93397bc676c0b7fff h4, .inf-main_3000311ca56a1cb93397bc676c0b7fff label{ font-weight:bold; } .inf-main_3000311ca56a1cb93397bc676c0b7fff .inf-input { margin-bottom:7px; } .inf-main_3000311ca56a1cb93397bc676c0b7fff label { display:block;} .inf-main_3000311ca56a1cb93397bc676c0b7fff input{ height:35px; color:#999999; border: 1px solid #E9E9E9; border:none; padding-left:7px; } .inf-main_3000311ca56a1cb93397bc676c0b7fff .inf-input.inf-error label, .inf-main_3000311ca56a1cb93397bc676c0b7fff .inf-input.inf-error span.inf-message{ color: #cc0033; } .inf-main_3000311ca56a1cb93397bc676c0b7fff .inf-input.inf-error input{ border: 1px solid #cc0033; } .inf-main_3000311ca56a1cb93397bc676c0b7fff .inf-input input { width:100%;} .inf-main_3000311ca56a1cb93397bc676c0b7fff .inf-input.inf-error span.inf-message { display: block; } .inf-main_3000311ca56a1cb93397bc676c0b7fff .inf-submit { text-align:right;} .inf-main_3000311ca56a1cb93397bc676c0b7fff .inf-submit input{ background-color:#777777; color:#ffffff; border:none; font-weight: normal; height:auto; padding:7px; } .inf-main_3000311ca56a1cb93397bc676c0b7fff .inf-submit input.disabled{ opacity: 0.4; } .inf-btn { color: rgb(85, 85, 85); border: medium none; font-weight: normal; height: auto; padding: 7px; display: inline-block; background-color: white; box-shadow: 0px 1px 1px rgba(0, 0, 0, 0.24); border-radius: 2px; line-height: 1em; } .inf-rgpd { margin:25px 0px 15px 0px; color:#555555; } <\/style> <div class=\"inf-main_3000311ca56a1cb93397bc676c0b7fff\"> <h4>NEWSLETTER DES FREIEN BLICKS<\/h4> <span>Erhalten Sie unsere Artikel jeden Sonntag kostenlos!<\/span> <div class=\"inf-success\" style=\"display:none\"> <h4>Ihre Anmeldung f\u00fcr unseren w\u00f6chentlichen Newsletter wurde erfolgreich registriert!<\/h4> <p> <a href=\"#\" class=\"inf-btn\">\u00ab<\/a> <\/p> <\/div> <div class=\"inf-content\"> <div class=\"inf-input inf-input-text\"> <input type=\"text\" name=\"inf[1]\" data-inf-meta=\"1\" data-inf-error=\"Merci de renseigner une adresse email\" required=\"required\" placeholder=\"E-Mail\"> <\/div> <div class=\"inf-submit\"> <input type=\"submit\" name=\"\" value=\"Anmelden\"> <\/div> <\/div> <\/div> <\/form>","protected":false},"excerpt":{"rendered":"<p>Le Regard Libre N\u00b0 20 &#8211;&nbsp;Loris S. Musumeci O\u00f9 va-t-on lors de la mort? En enfer, au paradis, en d\u00e9composition&#8230;<\/p>","protected":false},"author":18,"featured_media":2471,"comment_status":"open","ping_status":"open","sticky":false,"template":"","format":"standard","meta":{"_acf_changed":false,"footnotes":""},"categories":[85539],"tags":[134059,68247,211032,82171],"class_list":["post-2468","post","type-post","status-publish","format-standard","has-post-thumbnail","hentry","category-arts-visuels","tag-baroque","tag-el-greco","tag-mort","tag-peinture"],"acf":[],"yoast_head":"<!-- This site is optimized with the Yoast SEO Premium plugin v27.4 (Yoast SEO v27.4) - https:\/\/yoast.com\/product\/yoast-seo-premium-wordpress\/ -->\n<title>El Greco, \u00abEntierro del Conde de Org\u00e1z\u00bb<\/title>\n<meta name=\"robots\" content=\"index, follow, max-snippet:-1, max-image-preview:large, max-video-preview:-1\" \/>\n<link rel=\"canonical\" href=\"https:\/\/leregardlibre.com\/de\/bildende-kunst\/el-greco-entierro-del-conde-de-orgaz\/\" \/>\n<meta property=\"og:locale\" content=\"de_DE\" \/>\n<meta property=\"og:type\" content=\"article\" \/>\n<meta property=\"og:title\" content=\"El Greco, \u00abEntierro del Conde de Org\u00e1z\u00bb\" \/>\n<meta property=\"og:description\" content=\"Le Regard Libre N\u00b0 20 -&nbsp;Loris S. Musumeci O\u00f9 va-t-on lors de la mort? En enfer, au paradis, en d\u00e9composition...\" \/>\n<meta property=\"og:url\" content=\"https:\/\/leregardlibre.com\/de\/bildende-kunst\/el-greco-entierro-del-conde-de-orgaz\/\" \/>\n<meta property=\"og:site_name\" content=\"Le Regard Libre\" \/>\n<meta property=\"article:publisher\" content=\"https:\/\/www.facebook.com\/leregardlibre\/\" \/>\n<meta property=\"article:published_time\" content=\"2016-09-17T18:33:22+00:00\" \/>\n<meta property=\"article:modified_time\" content=\"2023-09-22T15:32:14+00:00\" \/>\n<meta property=\"og:image\" content=\"https:\/\/leregardlibre.com\/wp-content\/uploads\/2016\/09\/22entierro-del-conde-de-orgaz22.jpg\" \/>\n\t<meta property=\"og:image:width\" content=\"495\" \/>\n\t<meta property=\"og:image:height\" content=\"600\" \/>\n\t<meta property=\"og:image:type\" content=\"image\/jpeg\" \/>\n<meta name=\"author\" content=\"Loris S. Musumeci\" \/>\n<meta name=\"twitter:card\" content=\"summary_large_image\" \/>\n<meta name=\"twitter:creator\" content=\"@LeRegardLibre\" \/>\n<meta name=\"twitter:site\" content=\"@LeRegardLibre\" \/>\n<meta name=\"twitter:label1\" content=\"Verfasst von\" \/>\n\t<meta name=\"twitter:data1\" content=\"Loris S. Musumeci\" \/>\n\t<meta name=\"twitter:label2\" content=\"Gesch\u00e4tzte Lesezeit\" \/>\n\t<meta name=\"twitter:data2\" content=\"3\u00a0Minuten\" \/>\n<script type=\"application\/ld+json\" class=\"yoast-schema-graph\">{\"@context\":\"https:\\\/\\\/schema.org\",\"@graph\":[{\"@type\":\"Article\",\"@id\":\"https:\\\/\\\/leregardlibre.com\\\/arts-visuels\\\/el-greco-entierro-del-conde-de-orgaz\\\/#article\",\"isPartOf\":{\"@id\":\"https:\\\/\\\/leregardlibre.com\\\/arts-visuels\\\/el-greco-entierro-del-conde-de-orgaz\\\/\"},\"author\":{\"name\":\"Loris S. Musumeci\",\"@id\":\"https:\\\/\\\/leregardlibre.com\\\/#\\\/schema\\\/person\\\/04d80ec47094bca6b1fa22dffad24005\"},\"headline\":\"El Greco, \u00abEntierro del Conde de Org\u00e1z\u00bb\",\"datePublished\":\"2016-09-17T18:33:22+00:00\",\"dateModified\":\"2023-09-22T15:32:14+00:00\",\"mainEntityOfPage\":{\"@id\":\"https:\\\/\\\/leregardlibre.com\\\/arts-visuels\\\/el-greco-entierro-del-conde-de-orgaz\\\/\"},\"wordCount\":688,\"commentCount\":0,\"publisher\":{\"@id\":\"https:\\\/\\\/leregardlibre.com\\\/#organization\"},\"image\":{\"@id\":\"https:\\\/\\\/leregardlibre.com\\\/arts-visuels\\\/el-greco-entierro-del-conde-de-orgaz\\\/#primaryimage\"},\"thumbnailUrl\":\"https:\\\/\\\/leregardlibre.com\\\/wp-content\\\/uploads\\\/2016\\\/09\\\/22entierro-del-conde-de-orgaz22.jpg\",\"keywords\":[\"Baroque\",\"Le Greco\",\"Mort\",\"Peinture\"],\"articleSection\":[\"Arts visuels\"],\"inLanguage\":\"de\",\"potentialAction\":[{\"@type\":\"CommentAction\",\"name\":\"Comment\",\"target\":[\"https:\\\/\\\/leregardlibre.com\\\/arts-visuels\\\/el-greco-entierro-del-conde-de-orgaz\\\/#respond\"]}]},{\"@type\":\"WebPage\",\"@id\":\"https:\\\/\\\/leregardlibre.com\\\/arts-visuels\\\/el-greco-entierro-del-conde-de-orgaz\\\/\",\"url\":\"https:\\\/\\\/leregardlibre.com\\\/arts-visuels\\\/el-greco-entierro-del-conde-de-orgaz\\\/\",\"name\":\"El Greco, \u00abEntierro del Conde de Org\u00e1z\u00bb\",\"isPartOf\":{\"@id\":\"https:\\\/\\\/leregardlibre.com\\\/#website\"},\"primaryImageOfPage\":{\"@id\":\"https:\\\/\\\/leregardlibre.com\\\/arts-visuels\\\/el-greco-entierro-del-conde-de-orgaz\\\/#primaryimage\"},\"image\":{\"@id\":\"https:\\\/\\\/leregardlibre.com\\\/arts-visuels\\\/el-greco-entierro-del-conde-de-orgaz\\\/#primaryimage\"},\"thumbnailUrl\":\"https:\\\/\\\/leregardlibre.com\\\/wp-content\\\/uploads\\\/2016\\\/09\\\/22entierro-del-conde-de-orgaz22.jpg\",\"datePublished\":\"2016-09-17T18:33:22+00:00\",\"dateModified\":\"2023-09-22T15:32:14+00:00\",\"breadcrumb\":{\"@id\":\"https:\\\/\\\/leregardlibre.com\\\/arts-visuels\\\/el-greco-entierro-del-conde-de-orgaz\\\/#breadcrumb\"},\"inLanguage\":\"de\",\"potentialAction\":[{\"@type\":\"ReadAction\",\"target\":[\"https:\\\/\\\/leregardlibre.com\\\/arts-visuels\\\/el-greco-entierro-del-conde-de-orgaz\\\/\"]}]},{\"@type\":\"ImageObject\",\"inLanguage\":\"de\",\"@id\":\"https:\\\/\\\/leregardlibre.com\\\/arts-visuels\\\/el-greco-entierro-del-conde-de-orgaz\\\/#primaryimage\",\"url\":\"https:\\\/\\\/leregardlibre.com\\\/wp-content\\\/uploads\\\/2016\\\/09\\\/22entierro-del-conde-de-orgaz22.jpg\",\"contentUrl\":\"https:\\\/\\\/leregardlibre.com\\\/wp-content\\\/uploads\\\/2016\\\/09\\\/22entierro-del-conde-de-orgaz22.jpg\",\"width\":495,\"height\":600},{\"@type\":\"BreadcrumbList\",\"@id\":\"https:\\\/\\\/leregardlibre.com\\\/arts-visuels\\\/el-greco-entierro-del-conde-de-orgaz\\\/#breadcrumb\",\"itemListElement\":[{\"@type\":\"ListItem\",\"position\":1,\"name\":\"Accueil\",\"item\":\"https:\\\/\\\/leregardlibre.com\\\/\"},{\"@type\":\"ListItem\",\"position\":2,\"name\":\"El Greco, \u00abEntierro del Conde de Org\u00e1z\u00bb\"}]},{\"@type\":\"WebSite\",\"@id\":\"https:\\\/\\\/leregardlibre.com\\\/#website\",\"url\":\"https:\\\/\\\/leregardlibre.com\\\/\",\"name\":\"Le Regard Libre\",\"description\":\"Premier mensuel suisse de d\u00e9bat\",\"publisher\":{\"@id\":\"https:\\\/\\\/leregardlibre.com\\\/#organization\"},\"potentialAction\":[{\"@type\":\"SearchAction\",\"target\":{\"@type\":\"EntryPoint\",\"urlTemplate\":\"https:\\\/\\\/leregardlibre.com\\\/?s={search_term_string}\"},\"query-input\":{\"@type\":\"PropertyValueSpecification\",\"valueRequired\":true,\"valueName\":\"search_term_string\"}}],\"inLanguage\":\"de\"},{\"@type\":\"Organization\",\"@id\":\"https:\\\/\\\/leregardlibre.com\\\/#organization\",\"name\":\"Le Regard Libre\",\"url\":\"https:\\\/\\\/leregardlibre.com\\\/\",\"logo\":{\"@type\":\"ImageObject\",\"inLanguage\":\"de\",\"@id\":\"https:\\\/\\\/leregardlibre.com\\\/#\\\/schema\\\/logo\\\/image\\\/\",\"url\":\"https:\\\/\\\/leregardlibre.com\\\/wp-content\\\/uploads\\\/2025\\\/08\\\/logo-rl-icone-neg.jpeg\",\"contentUrl\":\"https:\\\/\\\/leregardlibre.com\\\/wp-content\\\/uploads\\\/2025\\\/08\\\/logo-rl-icone-neg.jpeg\",\"width\":557,\"height\":556,\"caption\":\"Le Regard Libre\"},\"image\":{\"@id\":\"https:\\\/\\\/leregardlibre.com\\\/#\\\/schema\\\/logo\\\/image\\\/\"},\"sameAs\":[\"https:\\\/\\\/www.facebook.com\\\/leregardlibre\\\/\",\"https:\\\/\\\/x.com\\\/LeRegardLibre\",\"https:\\\/\\\/www.linkedin.com\\\/company\\\/le-regard-libre\",\"https:\\\/\\\/www.instagram.com\\\/leregardlibre\\\/\",\"http:\\\/\\\/t.me\\\/leregardlibre\",\"https:\\\/\\\/youtube.com\\\/channel\\\/UC6HzGPomj1LsUmlz-sJtITQ\"],\"description\":\"Le Regard Libre est un mensuel suisse de d\u00e9bat intellectuel et culturel. Sa r\u00e9daction est jeune, b\u00e9n\u00e9vole, lib\u00e9rale et pluraliste. Le magazine para\u00eet en ligne et sous forme papier. Sa langue est le fran\u00e7ais.\",\"email\":\"redaction@leregardlibre.com\",\"legalName\":\"Le Regard Libre\",\"foundingDate\":\"2014-01-01\",\"numberOfEmployees\":{\"@type\":\"QuantitativeValue\",\"minValue\":\"11\",\"maxValue\":\"50\"},\"publishingPrinciples\":\"https:\\\/\\\/leregardlibre.com\\\/a-propos\\\/notre-manifeste\\\/\",\"ownershipFundingInfo\":\"https:\\\/\\\/leregardlibre.com\\\/mentions-legales\\\/\",\"actionableFeedbackPolicy\":\"https:\\\/\\\/leregardlibre.com\\\/conditions-generales-de-vente\\\/\"},{\"@type\":\"Person\",\"@id\":\"https:\\\/\\\/leregardlibre.com\\\/#\\\/schema\\\/person\\\/04d80ec47094bca6b1fa22dffad24005\",\"name\":\"Loris S. Musumeci\",\"image\":{\"@type\":\"ImageObject\",\"inLanguage\":\"de\",\"@id\":\"https:\\\/\\\/secure.gravatar.com\\\/avatar\\\/fa476654dadfee0d962e80160d0303549febb2769f8fa26c7a1ebe037f7c7c54?s=96&d=identicon&r=g\",\"url\":\"https:\\\/\\\/secure.gravatar.com\\\/avatar\\\/fa476654dadfee0d962e80160d0303549febb2769f8fa26c7a1ebe037f7c7c54?s=96&d=identicon&r=g\",\"contentUrl\":\"https:\\\/\\\/secure.gravatar.com\\\/avatar\\\/fa476654dadfee0d962e80160d0303549febb2769f8fa26c7a1ebe037f7c7c54?s=96&d=identicon&r=g\",\"caption\":\"Loris S. Musumeci\"},\"sameAs\":[\"https:\\\/\\\/leregardlibre.com\\\/\",\"https:\\\/\\\/fr.wikipedia.org\\\/wiki\\\/Le_Regard_libre\"],\"url\":\"https:\\\/\\\/leregardlibre.com\\\/de\\\/author\\\/loris-musumeci\\\/\"}]}<\/script>\n<!-- \/ Yoast SEO Premium plugin. -->","yoast_head_json":{"title":"El Greco, \u00abEntierro del Conde de Org\u00e1z\u00bb.\u00bb","robots":{"index":"index","follow":"follow","max-snippet":"max-snippet:-1","max-image-preview":"max-image-preview:large","max-video-preview":"max-video-preview:-1"},"canonical":"https:\/\/leregardlibre.com\/de\/bildende-kunst\/el-greco-entierro-del-conde-de-orgaz\/","og_locale":"de_DE","og_type":"article","og_title":"El Greco, \u00abEntierro del Conde de Org\u00e1z\u00bb","og_description":"Le Regard Libre N\u00b0 20 -&nbsp;Loris S. Musumeci O\u00f9 va-t-on lors de la mort? En enfer, au paradis, en d\u00e9composition...","og_url":"https:\/\/leregardlibre.com\/de\/bildende-kunst\/el-greco-entierro-del-conde-de-orgaz\/","og_site_name":"Le Regard Libre","article_publisher":"https:\/\/www.facebook.com\/leregardlibre\/","article_published_time":"2016-09-17T18:33:22+00:00","article_modified_time":"2023-09-22T15:32:14+00:00","og_image":[{"width":495,"height":600,"url":"https:\/\/leregardlibre.com\/wp-content\/uploads\/2016\/09\/22entierro-del-conde-de-orgaz22.jpg","type":"image\/jpeg"}],"author":"Loris S. Musumeci","twitter_card":"summary_large_image","twitter_creator":"@LeRegardLibre","twitter_site":"@LeRegardLibre","twitter_misc":{"Verfasst von":"Loris S. Musumeci","Gesch\u00e4tzte Lesezeit":"3\u00a0Minuten"},"schema":{"@context":"https:\/\/schema.org","@graph":[{"@type":"Article","@id":"https:\/\/leregardlibre.com\/arts-visuels\/el-greco-entierro-del-conde-de-orgaz\/#article","isPartOf":{"@id":"https:\/\/leregardlibre.com\/arts-visuels\/el-greco-entierro-del-conde-de-orgaz\/"},"author":{"name":"Loris S. Musumeci","@id":"https:\/\/leregardlibre.com\/#\/schema\/person\/04d80ec47094bca6b1fa22dffad24005"},"headline":"El Greco, \u00abEntierro del Conde de Org\u00e1z\u00bb","datePublished":"2016-09-17T18:33:22+00:00","dateModified":"2023-09-22T15:32:14+00:00","mainEntityOfPage":{"@id":"https:\/\/leregardlibre.com\/arts-visuels\/el-greco-entierro-del-conde-de-orgaz\/"},"wordCount":688,"commentCount":0,"publisher":{"@id":"https:\/\/leregardlibre.com\/#organization"},"image":{"@id":"https:\/\/leregardlibre.com\/arts-visuels\/el-greco-entierro-del-conde-de-orgaz\/#primaryimage"},"thumbnailUrl":"https:\/\/leregardlibre.com\/wp-content\/uploads\/2016\/09\/22entierro-del-conde-de-orgaz22.jpg","keywords":["Baroque","Le Greco","Mort","Peinture"],"articleSection":["Arts visuels"],"inLanguage":"de","potentialAction":[{"@type":"CommentAction","name":"Comment","target":["https:\/\/leregardlibre.com\/arts-visuels\/el-greco-entierro-del-conde-de-orgaz\/#respond"]}]},{"@type":"WebPage","@id":"https:\/\/leregardlibre.com\/arts-visuels\/el-greco-entierro-del-conde-de-orgaz\/","url":"https:\/\/leregardlibre.com\/arts-visuels\/el-greco-entierro-del-conde-de-orgaz\/","name":"El Greco, \u00abEntierro del Conde de Org\u00e1z\u00bb.\u00bb","isPartOf":{"@id":"https:\/\/leregardlibre.com\/#website"},"primaryImageOfPage":{"@id":"https:\/\/leregardlibre.com\/arts-visuels\/el-greco-entierro-del-conde-de-orgaz\/#primaryimage"},"image":{"@id":"https:\/\/leregardlibre.com\/arts-visuels\/el-greco-entierro-del-conde-de-orgaz\/#primaryimage"},"thumbnailUrl":"https:\/\/leregardlibre.com\/wp-content\/uploads\/2016\/09\/22entierro-del-conde-de-orgaz22.jpg","datePublished":"2016-09-17T18:33:22+00:00","dateModified":"2023-09-22T15:32:14+00:00","breadcrumb":{"@id":"https:\/\/leregardlibre.com\/arts-visuels\/el-greco-entierro-del-conde-de-orgaz\/#breadcrumb"},"inLanguage":"de","potentialAction":[{"@type":"ReadAction","target":["https:\/\/leregardlibre.com\/arts-visuels\/el-greco-entierro-del-conde-de-orgaz\/"]}]},{"@type":"ImageObject","inLanguage":"de","@id":"https:\/\/leregardlibre.com\/arts-visuels\/el-greco-entierro-del-conde-de-orgaz\/#primaryimage","url":"https:\/\/leregardlibre.com\/wp-content\/uploads\/2016\/09\/22entierro-del-conde-de-orgaz22.jpg","contentUrl":"https:\/\/leregardlibre.com\/wp-content\/uploads\/2016\/09\/22entierro-del-conde-de-orgaz22.jpg","width":495,"height":600},{"@type":"BreadcrumbList","@id":"https:\/\/leregardlibre.com\/arts-visuels\/el-greco-entierro-del-conde-de-orgaz\/#breadcrumb","itemListElement":[{"@type":"ListItem","position":1,"name":"Accueil","item":"https:\/\/leregardlibre.com\/"},{"@type":"ListItem","position":2,"name":"El Greco, \u00abEntierro del Conde de Org\u00e1z\u00bb"}]},{"@type":"WebSite","@id":"https:\/\/leregardlibre.com\/#website","url":"https:\/\/leregardlibre.com\/","name":"Le Regard Libre","description":"Erste Schweizer Monatszeitschrift f\u00fcr Debatten","publisher":{"@id":"https:\/\/leregardlibre.com\/#organization"},"potentialAction":[{"@type":"SearchAction","target":{"@type":"EntryPoint","urlTemplate":"https:\/\/leregardlibre.com\/?s={search_term_string}"},"query-input":{"@type":"PropertyValueSpecification","valueRequired":true,"valueName":"search_term_string"}}],"inLanguage":"de"},{"@type":"Organization","@id":"https:\/\/leregardlibre.com\/#organization","name":"Le Regard Libre","url":"https:\/\/leregardlibre.com\/","logo":{"@type":"ImageObject","inLanguage":"de","@id":"https:\/\/leregardlibre.com\/#\/schema\/logo\/image\/","url":"https:\/\/leregardlibre.com\/wp-content\/uploads\/2025\/08\/logo-rl-icone-neg.jpeg","contentUrl":"https:\/\/leregardlibre.com\/wp-content\/uploads\/2025\/08\/logo-rl-icone-neg.jpeg","width":557,"height":556,"caption":"Le Regard Libre"},"image":{"@id":"https:\/\/leregardlibre.com\/#\/schema\/logo\/image\/"},"sameAs":["https:\/\/www.facebook.com\/leregardlibre\/","https:\/\/x.com\/LeRegardLibre","https:\/\/www.linkedin.com\/company\/le-regard-libre","https:\/\/www.instagram.com\/leregardlibre\/","http:\/\/t.me\/leregardlibre","https:\/\/youtube.com\/channel\/UC6HzGPomj1LsUmlz-sJtITQ"],"description":"Le Regard Libre ist eine Schweizer Monatszeitschrift f\u00fcr intellektuelle und kulturelle Debatten. Seine Redaktion ist jung, ehrenamtlich, liberal und pluralistisch. Das Magazin erscheint online und in gedruckter Form. Seine Sprache ist Franz\u00f6sisch.","email":"redaction@leregardlibre.com","legalName":"Le Regard Libre","foundingDate":"2014-01-01","numberOfEmployees":{"@type":"QuantitativeValue","minValue":"11","maxValue":"50"},"publishingPrinciples":"https:\/\/leregardlibre.com\/a-propos\/notre-manifeste\/","ownershipFundingInfo":"https:\/\/leregardlibre.com\/mentions-legales\/","actionableFeedbackPolicy":"https:\/\/leregardlibre.com\/conditions-generales-de-vente\/"},{"@type":"Person","@id":"https:\/\/leregardlibre.com\/#\/schema\/person\/04d80ec47094bca6b1fa22dffad24005","name":"Loris S. Musumeci","image":{"@type":"ImageObject","inLanguage":"de","@id":"https:\/\/secure.gravatar.com\/avatar\/fa476654dadfee0d962e80160d0303549febb2769f8fa26c7a1ebe037f7c7c54?s=96&d=identicon&r=g","url":"https:\/\/secure.gravatar.com\/avatar\/fa476654dadfee0d962e80160d0303549febb2769f8fa26c7a1ebe037f7c7c54?s=96&d=identicon&r=g","contentUrl":"https:\/\/secure.gravatar.com\/avatar\/fa476654dadfee0d962e80160d0303549febb2769f8fa26c7a1ebe037f7c7c54?s=96&d=identicon&r=g","caption":"Loris S. Musumeci"},"sameAs":["https:\/\/leregardlibre.com\/","https:\/\/fr.wikipedia.org\/wiki\/Le_Regard_libre"],"url":"https:\/\/leregardlibre.com\/de\/author\/loris-musumeci\/"}]}},"_links":{"self":[{"href":"https:\/\/leregardlibre.com\/de\/wp-json\/wp\/v2\/posts\/2468","targetHints":{"allow":["GET"]}}],"collection":[{"href":"https:\/\/leregardlibre.com\/de\/wp-json\/wp\/v2\/posts"}],"about":[{"href":"https:\/\/leregardlibre.com\/de\/wp-json\/wp\/v2\/types\/post"}],"author":[{"embeddable":true,"href":"https:\/\/leregardlibre.com\/de\/wp-json\/wp\/v2\/users\/18"}],"replies":[{"embeddable":true,"href":"https:\/\/leregardlibre.com\/de\/wp-json\/wp\/v2\/comments?post=2468"}],"version-history":[{"count":2,"href":"https:\/\/leregardlibre.com\/de\/wp-json\/wp\/v2\/posts\/2468\/revisions"}],"predecessor-version":[{"id":509671,"href":"https:\/\/leregardlibre.com\/de\/wp-json\/wp\/v2\/posts\/2468\/revisions\/509671"}],"wp:featuredmedia":[{"embeddable":true,"href":"https:\/\/leregardlibre.com\/de\/wp-json\/wp\/v2\/media\/2471"}],"wp:attachment":[{"href":"https:\/\/leregardlibre.com\/de\/wp-json\/wp\/v2\/media?parent=2468"}],"wp:term":[{"taxonomy":"category","embeddable":true,"href":"https:\/\/leregardlibre.com\/de\/wp-json\/wp\/v2\/categories?post=2468"},{"taxonomy":"post_tag","embeddable":true,"href":"https:\/\/leregardlibre.com\/de\/wp-json\/wp\/v2\/tags?post=2468"}],"curies":[{"name":"wp","href":"https:\/\/api.w.org\/{rel}","templated":true}]}}