{"id":25285,"date":"2019-09-23T09:40:11","date_gmt":"2019-09-23T07:40:11","guid":{"rendered":"https:\/\/leregardlibre.com\/?p=25285"},"modified":"2025-12-13T22:45:00","modified_gmt":"2025-12-13T21:45:00","slug":"die-erzeugung-des-klimas","status":"publish","type":"post","link":"https:\/\/leregardlibre.com\/de\/politik\/schweiz\/die-erzeugung-des-klimas\/","title":{"rendered":"Die \u00abKlimageneration\u00bb?"},"content":{"rendered":"<p><em>Montags Nachrichten - <a href=\"https:\/\/leregardlibre.com\/de\/tag\/clement-guntern\/\">Cl\u00e9ment Guntern<\/a><\/em><\/p>\n\n\n\n<p class=\"has-drop-cap\"><strong>Die politischen Ereignisse der letzten Monate sprechen f\u00fcr sich. Die j\u00fcngsten Klimastreiks in Verbindung mit den eidgen\u00f6ssischen Wahlen haben dem Wort der Jugend in der Schweiz Gewicht verliehen. Das Ausma\u00df dieser Mobilisierungen in den westlichen L\u00e4ndern, insbesondere in der Schweiz, wo solche Mobilisierungen selten sind, stellt eine Chance f\u00fcr die Bef\u00fcrworter eines schnellen Handelns dar, um zu retten, was von unserem Planeten noch zu retten ist.<\/strong><\/p>\n\n\n\n<!--more Lire la chronique-->\n\n\n\n<p>Als Politiker ist es unm\u00f6glich, gleichg\u00fcltig zu bleiben. Man kann eine Pionierhaltung einnehmen und sich als nat\u00fcrlicher Vertreter dieser Forderungen pr\u00e4sentieren, man kann auch einen Teil der Forderungen \u00fcbernehmen, sagen, dass man die Jugendlichen versteht, aber gleichzeitig seine eigenen Antworten vorschlagen, oder man kann diese Aktionen einfach herunterspielen und weitermachen, als w\u00e4re nichts geschehen, und sich dabei rechtfertigen m\u00fcssen. Jugendliche sind seit langem ein wandelndes Ziel f\u00fcr die Politik. Man versucht, sie zu verf\u00fchren, denn bei ihnen ist der Spielraum f\u00fcr Verbesserungen in Bezug auf die Wahlbeteiligung immer am gr\u00f6\u00dften.<\/p>\n\n\n\n<p>Das, wor\u00fcber wir gerade gesprochen haben\netwas weiter oben, n\u00e4mlich der Kampf f\u00fcr das Klima, ist fast zu einem Synonym geworden.\nder Jugend, auch wenn sich \u00abalte Hasen\u00bb schon mehr oder weniger lange damit besch\u00e4ftigen\nund das mit m\u00e4\u00dfigem Erfolg. Um diese Bewegungen zu verstehen - und die Bilder, die dabei entstehen\nherausgekommen sind, dr\u00e4ngen uns dazu, wird die Generationenanalyse\nregelm\u00e4\u00dfig vorgebracht. Dieser Trend, der nicht mehr ganz so neu ist, hat nur\nin den letzten Jahren zugenommen und sowohl Wissenschaftler als auch Medien versuchen, eine\njede Generation zu charakterisieren. Sie werden mit einem Etikett versehen, mit einem Trend, mit bestimmten Tendenzen, mit\ngemeinsame Bestrebungen und Ziele, je nach dem Kontext, in dem sie gelebt haben.\ngelebt haben.<\/p>\n\n\n\n<p>Einige Forscher haben versucht, diese Generationen zu beschreiben: die Milit\u00e4rgeneration (1901-1924), die sich auf die Gemeinschaft konzentrierte, die stille Generation (1925-1942), die unspektakul\u00e4r, angepasst und f\u00fcr die \u00dcbel ihrer Zeit verantwortlich war, die Babyboom-Generation (1943-1964), die idealistisch und von Revolutionen gepr\u00e4gt war, die Generation X (1965-1981), die reaktiv, hilflos und verletzlich war, und die Generation Y (1982-2000), die sensibilisiert war und zur Einheit neigte. Finden sich alle Menschen in diesen Beschreibungen wieder? Wir wetten, dass nicht, selbst wenn wir selbstkritisch sind.<\/p>\n\n\n\n<p>Die neue Generation, die gerade aus der Form gepresst wurde, wird - zugegebenerma\u00dfen sehr kreativ - als \u00abGeneration Z\u00bb bezeichnet, die vernetzt, kreativ und anspruchsvoll ist. Die Analyse liegt f\u00fcr die Medien und politischen Parteien bereit: Man nehme die Klimademonstrationen auf der einen Seite und die anspruchsvollen und motivierten Jugendlichen auf der anderen Seite, und schon hat man eine Maxime, die man unbedingt befolgen muss: Die Jugend engagiert sich f\u00fcr das Klima. Es ist nur ein kleiner Schritt, um zu sagen, dass die \u00c4lteren sich nur in einer Minderheit, nebenbei oder opportunistisch beteiligen.<\/p>\n\n\n\n<p class=\"has-text-color\"><strong>Lesen Sie auch | <a href=\"https:\/\/leregardlibre.com\/de\/2019\/03\/25\/du-changement-climatique-au-changement-politique\/\">Vom Klimawandel zum politischen Wandel<\/a><\/strong><\/p>\n\n\n\n<p>All diese generationsspezifischen Analysen der Bestrebungen einer Altersgruppe k\u00f6nnen einen stutzig machen und tragen dazu bei, eine Ungerechtigkeit aufzuzeigen: Warum sind die Jungen in der Bundesversammlung unterrepr\u00e4sentiert? Sind es die Dummheit und der Machthunger der \u00c4lteren, die sie dazu bringen, die Macht in der Schweiz an sich zu rei\u00dfen? Dabei wird eine wichtige Tatsache \u00fcbersehen: Jede Generation ist vielf\u00e4ltig und w\u00e4hlt alle Parteien. Es gibt nicht die Partei der Jungen, die Partei der Aktiven und die Partei der Rentner. Die Ideen sind viel st\u00e4rker als all das, auch wenn es in jeder Partei Jugendabteilungen gibt.<\/p>\n\n\n\n<p>Die Schweizer w\u00e4hlen in erster Linie eine Partei und Ideen, bevor sie f\u00fcr Personen ihres Alters, ihres Berufs oder ihres Geschlechts stimmen. Es gibt zwar Generationentrends, die mit dem kulturellen, sozialen, wirtschaftlichen und politischen Kontext zusammenh\u00e4ngen, aber wenn man die W\u00e4hlerschaft in der Schweiz auf Generationenfragen reduzieren will, verfehlt man sein Ziel. Das einzige, was alle jungen Menschen in diesem Land miteinander verbindet, ist sowohl die mangelnde Bereitschaft, sich am politischen Leben zu beteiligen, insbesondere durch W\u00e4hlen, als auch der Mangel an Informationen zu diesem Thema. Hier sollte man eher das Hauptmerkmal dieser Generation sehen: das Paradoxon zwischen der Masse an allgemeinen Informationen und dem Mangel an Informationen \u00fcber die Politik. Informieren Sie sich und Sie werden geh\u00f6rt!<\/p>\n\n\n\n<p><em>Schreiben Sie dem Autor: <a href=\"mailto:clement.guntern@leregardlibre.com\">clement.guntern@leregardlibre.com<\/a><\/em><\/p>","protected":false},"excerpt":{"rendered":"<p>Les lundis de l&#8217;actualit\u00e9 &#8211; Cl\u00e9ment Guntern L\u2019actualit\u00e9 politique de ces derniers mois parle d\u2019elle-m\u00eame. Les r\u00e9centes gr\u00e8ves pour le&#8230;<\/p>","protected":false},"author":325,"featured_media":25289,"comment_status":"open","ping_status":"open","sticky":false,"template":"","format":"standard","meta":{"_acf_changed":false,"footnotes":""},"categories":[644357279],"tags":[646387,644342909,644342904,644342905,644340120,785186],"class_list":["post-25285","post","type-post","status-publish","format-standard","has-post-thumbnail","hentry","category-suisse","tag-climat","tag-federales-2019","tag-generation-du-climat","tag-generation-z","tag-generations","tag-jeunes"],"acf":[],"yoast_head":"<!-- This site is optimized with the Yoast SEO Premium plugin v27.4 (Yoast SEO v27.4) - https:\/\/yoast.com\/product\/yoast-seo-premium-wordpress\/ -->\n<title>La \u00abg\u00e9n\u00e9ration du climat\u00bb?<\/title>\n<meta name=\"robots\" content=\"index, follow, max-snippet:-1, max-image-preview:large, max-video-preview:-1\" \/>\n<link rel=\"canonical\" href=\"https:\/\/leregardlibre.com\/de\/politik\/schweiz\/die-erzeugung-des-klimas\/\" \/>\n<meta property=\"og:locale\" content=\"de_DE\" \/>\n<meta property=\"og:type\" content=\"article\" \/>\n<meta property=\"og:title\" content=\"La \u00abg\u00e9n\u00e9ration du climat\u00bb?\" \/>\n<meta property=\"og:description\" content=\"Les lundis de l&#039;actualit\u00e9 - Cl\u00e9ment Guntern L\u2019actualit\u00e9 politique de ces derniers mois parle d\u2019elle-m\u00eame. Les r\u00e9centes gr\u00e8ves pour le...\" \/>\n<meta property=\"og:url\" content=\"https:\/\/leregardlibre.com\/de\/politik\/schweiz\/die-erzeugung-des-klimas\/\" \/>\n<meta property=\"og:site_name\" content=\"Le Regard Libre\" \/>\n<meta property=\"article:publisher\" content=\"https:\/\/www.facebook.com\/leregardlibre\/\" \/>\n<meta property=\"article:published_time\" content=\"2019-09-23T07:40:11+00:00\" \/>\n<meta property=\"article:modified_time\" content=\"2025-12-13T21:45:00+00:00\" \/>\n<meta property=\"og:image\" content=\"https:\/\/leregardlibre.com\/wp-content\/uploads\/2019\/09\/Gre\u0300veClimatGene\u0300ve-15mars2019-069-scaled.jpg\" \/>\n\t<meta property=\"og:image:width\" content=\"2592\" \/>\n\t<meta property=\"og:image:height\" content=\"1199\" \/>\n\t<meta property=\"og:image:type\" content=\"image\/jpeg\" \/>\n<meta name=\"author\" content=\"Cl\u00e9ment Guntern\" \/>\n<meta name=\"twitter:card\" content=\"summary_large_image\" \/>\n<meta name=\"twitter:creator\" content=\"@LeRegardLibre\" \/>\n<meta name=\"twitter:site\" content=\"@LeRegardLibre\" \/>\n<meta name=\"twitter:label1\" content=\"Verfasst von\" \/>\n\t<meta name=\"twitter:data1\" content=\"Cl\u00e9ment Guntern\" \/>\n\t<meta name=\"twitter:label2\" content=\"Gesch\u00e4tzte Lesezeit\" \/>\n\t<meta name=\"twitter:data2\" content=\"4\u00a0Minuten\" \/>\n<script type=\"application\/ld+json\" class=\"yoast-schema-graph\">{\"@context\":\"https:\\\/\\\/schema.org\",\"@graph\":[{\"@type\":\"Article\",\"@id\":\"https:\\\/\\\/leregardlibre.com\\\/politique\\\/suisse\\\/la-generation-du-climat\\\/#article\",\"isPartOf\":{\"@id\":\"https:\\\/\\\/leregardlibre.com\\\/politique\\\/suisse\\\/la-generation-du-climat\\\/\"},\"author\":{\"name\":\"Cl\u00e9ment Guntern\",\"@id\":\"https:\\\/\\\/leregardlibre.com\\\/#\\\/schema\\\/person\\\/30daacd8c04cd92ec59532d74a7b18f8\"},\"headline\":\"La \u00abg\u00e9n\u00e9ration du climat\u00bb?\",\"datePublished\":\"2019-09-23T07:40:11+00:00\",\"dateModified\":\"2025-12-13T21:45:00+00:00\",\"mainEntityOfPage\":{\"@id\":\"https:\\\/\\\/leregardlibre.com\\\/politique\\\/suisse\\\/la-generation-du-climat\\\/\"},\"wordCount\":817,\"commentCount\":0,\"publisher\":{\"@id\":\"https:\\\/\\\/leregardlibre.com\\\/#organization\"},\"image\":{\"@id\":\"https:\\\/\\\/leregardlibre.com\\\/politique\\\/suisse\\\/la-generation-du-climat\\\/#primaryimage\"},\"thumbnailUrl\":\"https:\\\/\\\/leregardlibre.com\\\/wp-content\\\/uploads\\\/2019\\\/09\\\/Gre\u0300veClimatGene\u0300ve-15mars2019-069-scaled.jpg\",\"keywords\":[\"Climat\",\"Elections f\u00e9d\u00e9rales 2019\",\"g\u00e9n\u00e9ration du climat\",\"g\u00e9n\u00e9ration z\",\"g\u00e9n\u00e9rations\",\"jeunes\"],\"articleSection\":[\"Suisse\"],\"inLanguage\":\"de\",\"potentialAction\":[{\"@type\":\"CommentAction\",\"name\":\"Comment\",\"target\":[\"https:\\\/\\\/leregardlibre.com\\\/politique\\\/suisse\\\/la-generation-du-climat\\\/#respond\"]}]},{\"@type\":\"WebPage\",\"@id\":\"https:\\\/\\\/leregardlibre.com\\\/politique\\\/suisse\\\/la-generation-du-climat\\\/\",\"url\":\"https:\\\/\\\/leregardlibre.com\\\/politique\\\/suisse\\\/la-generation-du-climat\\\/\",\"name\":\"La \u00abg\u00e9n\u00e9ration du climat\u00bb?\",\"isPartOf\":{\"@id\":\"https:\\\/\\\/leregardlibre.com\\\/#website\"},\"primaryImageOfPage\":{\"@id\":\"https:\\\/\\\/leregardlibre.com\\\/politique\\\/suisse\\\/la-generation-du-climat\\\/#primaryimage\"},\"image\":{\"@id\":\"https:\\\/\\\/leregardlibre.com\\\/politique\\\/suisse\\\/la-generation-du-climat\\\/#primaryimage\"},\"thumbnailUrl\":\"https:\\\/\\\/leregardlibre.com\\\/wp-content\\\/uploads\\\/2019\\\/09\\\/Gre\u0300veClimatGene\u0300ve-15mars2019-069-scaled.jpg\",\"datePublished\":\"2019-09-23T07:40:11+00:00\",\"dateModified\":\"2025-12-13T21:45:00+00:00\",\"breadcrumb\":{\"@id\":\"https:\\\/\\\/leregardlibre.com\\\/politique\\\/suisse\\\/la-generation-du-climat\\\/#breadcrumb\"},\"inLanguage\":\"de\",\"potentialAction\":[{\"@type\":\"ReadAction\",\"target\":[\"https:\\\/\\\/leregardlibre.com\\\/politique\\\/suisse\\\/la-generation-du-climat\\\/\"]}]},{\"@type\":\"ImageObject\",\"inLanguage\":\"de\",\"@id\":\"https:\\\/\\\/leregardlibre.com\\\/politique\\\/suisse\\\/la-generation-du-climat\\\/#primaryimage\",\"url\":\"https:\\\/\\\/leregardlibre.com\\\/wp-content\\\/uploads\\\/2019\\\/09\\\/Gre\u0300veClimatGene\u0300ve-15mars2019-069-scaled.jpg\",\"contentUrl\":\"https:\\\/\\\/leregardlibre.com\\\/wp-content\\\/uploads\\\/2019\\\/09\\\/Gre\u0300veClimatGene\u0300ve-15mars2019-069-scaled.jpg\",\"width\":2592,\"height\":1199},{\"@type\":\"BreadcrumbList\",\"@id\":\"https:\\\/\\\/leregardlibre.com\\\/politique\\\/suisse\\\/la-generation-du-climat\\\/#breadcrumb\",\"itemListElement\":[{\"@type\":\"ListItem\",\"position\":1,\"name\":\"Accueil\",\"item\":\"https:\\\/\\\/leregardlibre.com\\\/\"},{\"@type\":\"ListItem\",\"position\":2,\"name\":\"La \u00abg\u00e9n\u00e9ration du climat\u00bb?\"}]},{\"@type\":\"WebSite\",\"@id\":\"https:\\\/\\\/leregardlibre.com\\\/#website\",\"url\":\"https:\\\/\\\/leregardlibre.com\\\/\",\"name\":\"Le Regard Libre\",\"description\":\"Premier mensuel suisse de d\u00e9bat\",\"publisher\":{\"@id\":\"https:\\\/\\\/leregardlibre.com\\\/#organization\"},\"potentialAction\":[{\"@type\":\"SearchAction\",\"target\":{\"@type\":\"EntryPoint\",\"urlTemplate\":\"https:\\\/\\\/leregardlibre.com\\\/?s={search_term_string}\"},\"query-input\":{\"@type\":\"PropertyValueSpecification\",\"valueRequired\":true,\"valueName\":\"search_term_string\"}}],\"inLanguage\":\"de\"},{\"@type\":\"Organization\",\"@id\":\"https:\\\/\\\/leregardlibre.com\\\/#organization\",\"name\":\"Le Regard Libre\",\"url\":\"https:\\\/\\\/leregardlibre.com\\\/\",\"logo\":{\"@type\":\"ImageObject\",\"inLanguage\":\"de\",\"@id\":\"https:\\\/\\\/leregardlibre.com\\\/#\\\/schema\\\/logo\\\/image\\\/\",\"url\":\"https:\\\/\\\/leregardlibre.com\\\/wp-content\\\/uploads\\\/2025\\\/08\\\/logo-rl-icone-neg.jpeg\",\"contentUrl\":\"https:\\\/\\\/leregardlibre.com\\\/wp-content\\\/uploads\\\/2025\\\/08\\\/logo-rl-icone-neg.jpeg\",\"width\":557,\"height\":556,\"caption\":\"Le Regard Libre\"},\"image\":{\"@id\":\"https:\\\/\\\/leregardlibre.com\\\/#\\\/schema\\\/logo\\\/image\\\/\"},\"sameAs\":[\"https:\\\/\\\/www.facebook.com\\\/leregardlibre\\\/\",\"https:\\\/\\\/x.com\\\/LeRegardLibre\",\"https:\\\/\\\/www.linkedin.com\\\/company\\\/le-regard-libre\",\"https:\\\/\\\/www.instagram.com\\\/leregardlibre\\\/\",\"http:\\\/\\\/t.me\\\/leregardlibre\",\"https:\\\/\\\/youtube.com\\\/channel\\\/UC6HzGPomj1LsUmlz-sJtITQ\"],\"description\":\"Le Regard Libre est un mensuel suisse de d\u00e9bat intellectuel et culturel. Sa r\u00e9daction est jeune, b\u00e9n\u00e9vole, lib\u00e9rale et pluraliste. Le magazine para\u00eet en ligne et sous forme papier. Sa langue est le fran\u00e7ais.\",\"email\":\"redaction@leregardlibre.com\",\"legalName\":\"Le Regard Libre\",\"foundingDate\":\"2014-01-01\",\"numberOfEmployees\":{\"@type\":\"QuantitativeValue\",\"minValue\":\"11\",\"maxValue\":\"50\"},\"publishingPrinciples\":\"https:\\\/\\\/leregardlibre.com\\\/a-propos\\\/notre-manifeste\\\/\",\"ownershipFundingInfo\":\"https:\\\/\\\/leregardlibre.com\\\/mentions-legales\\\/\",\"actionableFeedbackPolicy\":\"https:\\\/\\\/leregardlibre.com\\\/conditions-generales-de-vente\\\/\"},{\"@type\":\"Person\",\"@id\":\"https:\\\/\\\/leregardlibre.com\\\/#\\\/schema\\\/person\\\/30daacd8c04cd92ec59532d74a7b18f8\",\"name\":\"Cl\u00e9ment Guntern\",\"image\":{\"@type\":\"ImageObject\",\"inLanguage\":\"de\",\"@id\":\"https:\\\/\\\/secure.gravatar.com\\\/avatar\\\/79a3aae9b5ce6c4dcd8890bc4d3171c7198fe739971f91e509b3f8b98aa66d64?s=96&d=identicon&r=g\",\"url\":\"https:\\\/\\\/secure.gravatar.com\\\/avatar\\\/79a3aae9b5ce6c4dcd8890bc4d3171c7198fe739971f91e509b3f8b98aa66d64?s=96&d=identicon&r=g\",\"contentUrl\":\"https:\\\/\\\/secure.gravatar.com\\\/avatar\\\/79a3aae9b5ce6c4dcd8890bc4d3171c7198fe739971f91e509b3f8b98aa66d64?s=96&d=identicon&r=g\",\"caption\":\"Cl\u00e9ment Guntern\"},\"sameAs\":[\"https:\\\/\\\/leregardlibre.com\\\/\"],\"url\":\"https:\\\/\\\/leregardlibre.com\\\/de\\\/author\\\/clement-guntern\\\/\"}]}<\/script>\n<!-- \/ Yoast SEO Premium plugin. -->","yoast_head_json":{"title":"Die \u00abKlimageneration\u00bb?","robots":{"index":"index","follow":"follow","max-snippet":"max-snippet:-1","max-image-preview":"max-image-preview:large","max-video-preview":"max-video-preview:-1"},"canonical":"https:\/\/leregardlibre.com\/de\/politik\/schweiz\/die-erzeugung-des-klimas\/","og_locale":"de_DE","og_type":"article","og_title":"La \u00abg\u00e9n\u00e9ration du climat\u00bb?","og_description":"Les lundis de l'actualit\u00e9 - Cl\u00e9ment Guntern L\u2019actualit\u00e9 politique de ces derniers mois parle d\u2019elle-m\u00eame. Les r\u00e9centes gr\u00e8ves pour le...","og_url":"https:\/\/leregardlibre.com\/de\/politik\/schweiz\/die-erzeugung-des-klimas\/","og_site_name":"Le Regard Libre","article_publisher":"https:\/\/www.facebook.com\/leregardlibre\/","article_published_time":"2019-09-23T07:40:11+00:00","article_modified_time":"2025-12-13T21:45:00+00:00","og_image":[{"width":2592,"height":1199,"url":"https:\/\/leregardlibre.com\/wp-content\/uploads\/2019\/09\/Gre\u0300veClimatGene\u0300ve-15mars2019-069-scaled.jpg","type":"image\/jpeg"}],"author":"Cl\u00e9ment Guntern","twitter_card":"summary_large_image","twitter_creator":"@LeRegardLibre","twitter_site":"@LeRegardLibre","twitter_misc":{"Verfasst von":"Cl\u00e9ment Guntern","Gesch\u00e4tzte Lesezeit":"4\u00a0Minuten"},"schema":{"@context":"https:\/\/schema.org","@graph":[{"@type":"Article","@id":"https:\/\/leregardlibre.com\/politique\/suisse\/la-generation-du-climat\/#article","isPartOf":{"@id":"https:\/\/leregardlibre.com\/politique\/suisse\/la-generation-du-climat\/"},"author":{"name":"Cl\u00e9ment Guntern","@id":"https:\/\/leregardlibre.com\/#\/schema\/person\/30daacd8c04cd92ec59532d74a7b18f8"},"headline":"La \u00abg\u00e9n\u00e9ration du climat\u00bb?","datePublished":"2019-09-23T07:40:11+00:00","dateModified":"2025-12-13T21:45:00+00:00","mainEntityOfPage":{"@id":"https:\/\/leregardlibre.com\/politique\/suisse\/la-generation-du-climat\/"},"wordCount":817,"commentCount":0,"publisher":{"@id":"https:\/\/leregardlibre.com\/#organization"},"image":{"@id":"https:\/\/leregardlibre.com\/politique\/suisse\/la-generation-du-climat\/#primaryimage"},"thumbnailUrl":"https:\/\/leregardlibre.com\/wp-content\/uploads\/2019\/09\/Gre\u0300veClimatGene\u0300ve-15mars2019-069-scaled.jpg","keywords":["Climat","Elections f\u00e9d\u00e9rales 2019","g\u00e9n\u00e9ration du climat","g\u00e9n\u00e9ration z","g\u00e9n\u00e9rations","jeunes"],"articleSection":["Suisse"],"inLanguage":"de","potentialAction":[{"@type":"CommentAction","name":"Comment","target":["https:\/\/leregardlibre.com\/politique\/suisse\/la-generation-du-climat\/#respond"]}]},{"@type":"WebPage","@id":"https:\/\/leregardlibre.com\/politique\/suisse\/la-generation-du-climat\/","url":"https:\/\/leregardlibre.com\/politique\/suisse\/la-generation-du-climat\/","name":"Die \u00abKlimageneration\u00bb?","isPartOf":{"@id":"https:\/\/leregardlibre.com\/#website"},"primaryImageOfPage":{"@id":"https:\/\/leregardlibre.com\/politique\/suisse\/la-generation-du-climat\/#primaryimage"},"image":{"@id":"https:\/\/leregardlibre.com\/politique\/suisse\/la-generation-du-climat\/#primaryimage"},"thumbnailUrl":"https:\/\/leregardlibre.com\/wp-content\/uploads\/2019\/09\/Gre\u0300veClimatGene\u0300ve-15mars2019-069-scaled.jpg","datePublished":"2019-09-23T07:40:11+00:00","dateModified":"2025-12-13T21:45:00+00:00","breadcrumb":{"@id":"https:\/\/leregardlibre.com\/politique\/suisse\/la-generation-du-climat\/#breadcrumb"},"inLanguage":"de","potentialAction":[{"@type":"ReadAction","target":["https:\/\/leregardlibre.com\/politique\/suisse\/la-generation-du-climat\/"]}]},{"@type":"ImageObject","inLanguage":"de","@id":"https:\/\/leregardlibre.com\/politique\/suisse\/la-generation-du-climat\/#primaryimage","url":"https:\/\/leregardlibre.com\/wp-content\/uploads\/2019\/09\/Gre\u0300veClimatGene\u0300ve-15mars2019-069-scaled.jpg","contentUrl":"https:\/\/leregardlibre.com\/wp-content\/uploads\/2019\/09\/Gre\u0300veClimatGene\u0300ve-15mars2019-069-scaled.jpg","width":2592,"height":1199},{"@type":"BreadcrumbList","@id":"https:\/\/leregardlibre.com\/politique\/suisse\/la-generation-du-climat\/#breadcrumb","itemListElement":[{"@type":"ListItem","position":1,"name":"Accueil","item":"https:\/\/leregardlibre.com\/"},{"@type":"ListItem","position":2,"name":"La \u00abg\u00e9n\u00e9ration du climat\u00bb?"}]},{"@type":"WebSite","@id":"https:\/\/leregardlibre.com\/#website","url":"https:\/\/leregardlibre.com\/","name":"Le Regard Libre","description":"Erste Schweizer Monatszeitschrift f\u00fcr Debatten","publisher":{"@id":"https:\/\/leregardlibre.com\/#organization"},"potentialAction":[{"@type":"SearchAction","target":{"@type":"EntryPoint","urlTemplate":"https:\/\/leregardlibre.com\/?s={search_term_string}"},"query-input":{"@type":"PropertyValueSpecification","valueRequired":true,"valueName":"search_term_string"}}],"inLanguage":"de"},{"@type":"Organization","@id":"https:\/\/leregardlibre.com\/#organization","name":"Le Regard Libre","url":"https:\/\/leregardlibre.com\/","logo":{"@type":"ImageObject","inLanguage":"de","@id":"https:\/\/leregardlibre.com\/#\/schema\/logo\/image\/","url":"https:\/\/leregardlibre.com\/wp-content\/uploads\/2025\/08\/logo-rl-icone-neg.jpeg","contentUrl":"https:\/\/leregardlibre.com\/wp-content\/uploads\/2025\/08\/logo-rl-icone-neg.jpeg","width":557,"height":556,"caption":"Le Regard Libre"},"image":{"@id":"https:\/\/leregardlibre.com\/#\/schema\/logo\/image\/"},"sameAs":["https:\/\/www.facebook.com\/leregardlibre\/","https:\/\/x.com\/LeRegardLibre","https:\/\/www.linkedin.com\/company\/le-regard-libre","https:\/\/www.instagram.com\/leregardlibre\/","http:\/\/t.me\/leregardlibre","https:\/\/youtube.com\/channel\/UC6HzGPomj1LsUmlz-sJtITQ"],"description":"Le Regard Libre ist eine Schweizer Monatszeitschrift f\u00fcr intellektuelle und kulturelle Debatten. Seine Redaktion ist jung, ehrenamtlich, liberal und pluralistisch. Das Magazin erscheint online und in gedruckter Form. Seine Sprache ist Franz\u00f6sisch.","email":"redaction@leregardlibre.com","legalName":"Le Regard Libre","foundingDate":"2014-01-01","numberOfEmployees":{"@type":"QuantitativeValue","minValue":"11","maxValue":"50"},"publishingPrinciples":"https:\/\/leregardlibre.com\/a-propos\/notre-manifeste\/","ownershipFundingInfo":"https:\/\/leregardlibre.com\/mentions-legales\/","actionableFeedbackPolicy":"https:\/\/leregardlibre.com\/conditions-generales-de-vente\/"},{"@type":"Person","@id":"https:\/\/leregardlibre.com\/#\/schema\/person\/30daacd8c04cd92ec59532d74a7b18f8","name":"Cl\u00e9ment Guntern","image":{"@type":"ImageObject","inLanguage":"de","@id":"https:\/\/secure.gravatar.com\/avatar\/79a3aae9b5ce6c4dcd8890bc4d3171c7198fe739971f91e509b3f8b98aa66d64?s=96&d=identicon&r=g","url":"https:\/\/secure.gravatar.com\/avatar\/79a3aae9b5ce6c4dcd8890bc4d3171c7198fe739971f91e509b3f8b98aa66d64?s=96&d=identicon&r=g","contentUrl":"https:\/\/secure.gravatar.com\/avatar\/79a3aae9b5ce6c4dcd8890bc4d3171c7198fe739971f91e509b3f8b98aa66d64?s=96&d=identicon&r=g","caption":"Cl\u00e9ment Guntern"},"sameAs":["https:\/\/leregardlibre.com\/"],"url":"https:\/\/leregardlibre.com\/de\/author\/clement-guntern\/"}]}},"_links":{"self":[{"href":"https:\/\/leregardlibre.com\/de\/wp-json\/wp\/v2\/posts\/25285","targetHints":{"allow":["GET"]}}],"collection":[{"href":"https:\/\/leregardlibre.com\/de\/wp-json\/wp\/v2\/posts"}],"about":[{"href":"https:\/\/leregardlibre.com\/de\/wp-json\/wp\/v2\/types\/post"}],"author":[{"embeddable":true,"href":"https:\/\/leregardlibre.com\/de\/wp-json\/wp\/v2\/users\/325"}],"replies":[{"embeddable":true,"href":"https:\/\/leregardlibre.com\/de\/wp-json\/wp\/v2\/comments?post=25285"}],"version-history":[{"count":1,"href":"https:\/\/leregardlibre.com\/de\/wp-json\/wp\/v2\/posts\/25285\/revisions"}],"predecessor-version":[{"id":510683,"href":"https:\/\/leregardlibre.com\/de\/wp-json\/wp\/v2\/posts\/25285\/revisions\/510683"}],"wp:featuredmedia":[{"embeddable":true,"href":"https:\/\/leregardlibre.com\/de\/wp-json\/wp\/v2\/media\/25289"}],"wp:attachment":[{"href":"https:\/\/leregardlibre.com\/de\/wp-json\/wp\/v2\/media?parent=25285"}],"wp:term":[{"taxonomy":"category","embeddable":true,"href":"https:\/\/leregardlibre.com\/de\/wp-json\/wp\/v2\/categories?post=25285"},{"taxonomy":"post_tag","embeddable":true,"href":"https:\/\/leregardlibre.com\/de\/wp-json\/wp\/v2\/tags?post=25285"}],"curies":[{"name":"wp","href":"https:\/\/api.w.org\/{rel}","templated":true}]}}