{"id":26321,"date":"2019-10-19T12:17:06","date_gmt":"2019-10-19T10:17:06","guid":{"rendered":"https:\/\/leregardlibre.com\/?p=26321"},"modified":"2025-12-13T22:44:19","modified_gmt":"2025-12-13T21:44:19","slug":"mathieu-fabian-gauss-ein-ehemaliger-gruner-wird-pbd","status":"publish","type":"post","link":"https:\/\/leregardlibre.com\/de\/politik\/schweiz\/mathieu-fabian-gauss-ein-ehemaliger-gruner-wird-pbd\/","title":{"rendered":"Mathieu Fabian Gauss, ein Ex-Gr\u00fcner wird BDP"},"content":{"rendered":"<p><a href=\"https:\/\/leregardlibre.com\/de\/produkt\/der-freie-blick-nr-55\/\">Le Regard Libre Nr. 55<\/a> - Nicolas Locatelli<\/p>\n\n\n\n<p class=\"has-drop-cap\"><em>Er ist einer der wenigen Kandidaten f\u00fcr die Bundestagswahl, die die Partei gewechselt haben. Wie kann man von der Umweltpartei Die Gr\u00fcnen zur B\u00fcrgerlich-Demokratischen Partei wechseln? Diskussion.<\/em><\/p>\n\n\n\n<!--more Lire l'entretien-->\n\n\n\n<p><strong><em>Le Regard Libre<\/em>Die BDP ist eine \u00abkleine Partei\u00bb. Warum sind Sie ihr beigetreten?<\/strong><\/p>\n\n\n\n<p>Mathieu Fabian Gauss: Weil ich \u00fcberzeugt bin, dass sie zu mir passt. Ich habe alle Parteien analysiert und die BDP ist eher in der Mitte, nicht ganz links und nicht ganz rechts, sie hat sehr gute Ideen und ist eben nicht sehr gro\u00df. Durch die geringe Gr\u00f6\u00dfe k\u00f6nnen die Mitglieder dort Dinge umsetzen, die man sich in den gro\u00dfen Parteien nicht leisten kann. Es scheint mir, dass es schwieriger ist, etwas zu schaffen, wenn man neu in einer gro\u00dfen Partei ist, als in kleinen Parteien, wo sich mehr M\u00f6glichkeiten er\u00f6ffnen, ein Projekt mitzugestalten und wo man mehr Einfluss haben kann.&nbsp;<\/p>\n\n\n\n<p><strong>Glauben Sie, dass dies auf mangelndes Interesse oder auf eine Ablehnung der traditionellen Politik zur\u00fcckzuf\u00fchren ist?<\/strong><\/p>\n\n\n\n<p>Ich denke, es handelt sich eher um eine Ablehnung. Auch wenn der Slogan unserer Partei \u00ab?\u00ab<em>langweillig aber gut<\/em>\u00bb, sollten wir unserer Generation zeigen, dass Politik nicht etwas f\u00fcr alte Leute ist und dass sie ganz sicher nicht langweilig ist. Ich bin davon \u00fcberzeugt, dass eine Einf\u00fchrung von<em> <\/em>Unterricht in Staatsb\u00fcrgerkunde in Sekundar- und Berufsschulen k\u00f6nnte bei jungen Menschen die Lust an der Politik geweckt werden.<\/p>\n\n\n\n<p><strong>Wir haben unsere Teenagerjahre mit sozialen Netzwerken verbracht. Helfen uns die sozialen Netzwerke bei der Aufkl\u00e4rung oder f\u00f6rdern sie Demagogie und Ger\u00fcchte?<\/strong><\/p>\n\n\n\n<p>Beides ist m\u00f6glich. Sie erm\u00f6glichen es uns, interessante Informationen schneller zu erhalten und zu verbreiten, aber sie erm\u00f6glichen es auch denjenigen, die den Ehrgeiz haben, falsche Informationen zu verbreiten, die Meinungen junger Menschen zu manipulieren. Diese Werkzeuge kommen allen zugute, und genau das ist ihre Schw\u00e4che und ihre St\u00e4rke. Wie oft haben wir gesehen, dass Stars f\u00fcr tot oder ermordet erkl\u00e4rt wurden, obwohl dies nicht der Fall war und die Information massenhaft verbreitet wurde, ohne dass die Quelle verifiziert wurde? Auch Holocaust-Leugner, die behaupten, dass es im Zweiten Weltkrieg keine Gaskammern oder gar den Holocaust gegeben habe, und alle m\u00f6glichen verr\u00fcckten Theorien haben das Internet \u00fcberschwemmt.<\/p>\n\n\n\n<p><strong>Sie waren bei den Jungen Gr\u00fcnen und bei Operation Libero, und jetzt sind Sie bei der BDP. Sind Sie nicht eine Figur der extremen Mitte?&nbsp;<\/strong><\/p>\n\n\n\n<p>Ich betrachte mich als Mitte-Progressist. Ja ich bin 2016 den Gr\u00fcnen beigetreten. Und ich bin bei Operation Libero, weil man dadurch wirklich breite Perspektiven hat, anstatt sich nur in einer traditionellen Partei zu engagieren. Also, ich bin tats\u00e4chlich in der Mitte, obwohl ich laut Tests vom Typ \u00absmartvote\u00bb leicht nach links tendiere. Ich vertrete meine Ideen, die nicht unbedingt immer die der Partei sind, und ich denke, dass man seine pers\u00f6nliche Meinung vertreten k\u00f6nnen sollte, ohne dass man daf\u00fcr verpr\u00fcgelt wird. Das ist etwas, was ich fr\u00fcher nicht tun konnte. Wenn ich fr\u00fcher Ideen vertrat, die nicht aus der Partei stammten, lief ich Gefahr, angegriffen oder stigmatisiert zu werden.<\/p>\n\n\n\n<p><strong>Sind Sie noch Umweltsch\u00fctzer?<\/strong><\/p>\n\n\n\n<p>Es ist immer noch mein Thema Nummer eins. Auch wenn es bei der jungen BDP Schweiz nicht unbedingt ein Top-Thema ist, verteidige ich es pers\u00f6nlich mit grosser Wichtigkeit. Viele unserer Landsleute denken leider, dass es nur ein Thema der Linken oder nur der Gr\u00fcnen ist. Was ich mit meiner Kampagne zeigen m\u00f6chte, ist, dass Menschen, die nicht unbedingt von den Gr\u00fcnen oder der Linken kommen, gr\u00fcne Themen in die Debatte einbringen oder umweltfreundlich sein k\u00f6nnen. Was ich auch bin. Es gibt immer noch viele Menschen, denen es schwerf\u00e4llt zu verstehen, dass \u00d6kologie alle betrifft. Rechte Politiker neigen leicht dazu, eine Idee zu vertreten, nur weil sie nach rechts riecht, und eine andere nicht, weil sie links konnotiert ist, und linke Politiker neigen dazu, sich genau so zu verhalten, nur in die andere Richtung. Nun ist die Klimafrage, ob man nun links oder rechts steht, eine Tatsache und eine Frage des \u00dcberlebens. Wenn man Pr\u00e4sidenten hat, die in Bausch und Bogen leugnen, was uns die Umweltexperten lehren, und lieber sagen, dass der Klimawandel ein <em>Hoax<\/em> und eine Erfindung der Chinesen, ist das nicht gerade hilfreich. Zum Gl\u00fcck gibt es in der Schweiz zwar Leute, die Greta Thunberg offen angreifen, aber es ist noch nicht zu beobachten, dass solche Trump-\u00e4hnlichen Ideen in den Regierungen auftauchen. Ich hoffe, dass es nie dazu kommen wird. Wir m\u00fcssen uns mit diesen Problemen auseinandersetzen und Projekte schaffen, die uns aus der Patsche helfen. Wenn sich die Schweiz alleine engagiert, bleibt das Problem nat\u00fcrlich bestehen; man muss mit den Nachbarn zusammenarbeiten. Die Schweiz ist ein Land, das in diesem Bereich weit fortgeschritten ist, aber es gibt auch L\u00e4nder, die weit zur\u00fcckliegen. Deshalb muss man ihnen zeigen, dass \u00d6kologie ein wichtiges Thema ist, dass man sie dazu bringen muss, sich zu engagieren. <em>coachen<\/em> in diese Richtung, da dies in ihrem Interesse liegt.&nbsp;<\/p>\n\n\n\n<p><strong>Was halten Sie vom Rahmenabkommen mit der EU?<\/strong><\/p>\n\n\n\n<p>Man muss zwar ein Abkommen unterzeichnen, aber man darf sich auf keinen Fall hinlegen, sich der Europ\u00e4ischen Union unterwerfen und alles akzeptieren, was sie uns vorschl\u00e4gt. Jeder muss seinen Vorteil daraus ziehen, und vor allem muss die Schweiz gewinnen, denn wir sind nicht Mitglied der EU und k\u00f6nnten daher leicht benachteiligt werden. Kurz gesagt: Ein Abkommen, ja, aber nicht mit irgendetwas darin.<\/p>\n\n\n\n<p><strong>Sind Sie nicht auch der Meinung, dass die Funktionsweise der Europ\u00e4ischen Union mit ihrer undurchsichtigen und nicht gew\u00e4hlten B\u00fcrokratie den demokratischen Werten der Schweiz zuwiderl\u00e4uft, aber auch der \u00d6kologie, wenn man bedenkt, dass sie Freihandelsabkommen und Standortverlagerungen f\u00f6rdert?<\/strong><\/p>\n\n\n\n<p>Ich stimme dem voll und ganz zu. Ich bin der Meinung, dass das derzeitige System der Europ\u00e4ischen Union nicht tragf\u00e4hig ist. Es sollte abgeschafft und ein neues geschaffen werden, um einige Elemente zu korrigieren und etwas v\u00f6llig Neues zu beginnen. Das wird notwendig sein. Ich glaube, dass man in Br\u00fcssel die Schweiz nicht sehr mag, weil wir uns wiederholt geweigert haben, der EU beizutreten und bestimmte Vertr\u00e4ge mit ihr zu unterzeichnen. Aber wie Sie sagen, ist ihr System sehr undurchsichtig und \u00fcberhaupt nicht klar.<\/p>\n\n\n\n<p><strong>Gibt es etwas, das Sie sofort tun w\u00fcrden, wenn Sie diesen Monat in den Nationalrat gew\u00e4hlt werden?<\/strong><\/p>\n\n\n\n<p>Ich werde auf jeden Fall versuchen, die stockenden Projekte im Zusammenhang mit erneuerbaren Energien, unter anderem Solarenergie, zu deblockieren. Viele von ihnen sind festgefahren oder stocken. Als gew\u00e4hlter Volksvertreter werde ich mich mit Kollegen daf\u00fcr einsetzen, dass wir uns auf diese Projekte konzentrieren. Ich bin \u00fcberzeugt, dass es bereits ein hervorragender Abschluss auf dem Weg zu einer ges\u00fcnderen Umwelt sein wird, wenn wir sie vorantreiben. Ich bin \u00fcberzeugt, dass es sich hierbei um ein machbares Projekt handelt. Au\u00dferdem bin ich kein Mensch, der gro\u00dfe Dinge verspricht, die er nicht halten kann.<\/p>\n\n\n\n<p><em>Schreiben Sie dem Autor: <a href=\"mailto:nicolas.locatelli@leregardlibre.com\">nicolas.locatelli@leregardlibre.com<\/a><\/em><\/p>\n\n\n\n<p>Bild: \u00a9 Zeichnung von Nicolas Locatelli f\u00fcr <em>Le Regard Libre<\/em><\/p>\n\n\n<div data-block-name=\"woocommerce\/handpicked-products\" data-columns=\"2\" data-edit-mode=\"false\" data-orderby=\"price_asc\" data-products=\"[19241,24185,17631,26254]\" class=\"wc-block-grid wp-block-handpicked-products wp-block-woocommerce-handpicked-products wc-block-handpicked-products has-2-columns has-multiple-rows\"><ul class=\"wc-block-grid__products\"><li class=\"wc-block-grid__product\">\n\t\t\t\t<a href=\"https:\/\/leregardlibre.com\/de\/produkt\/der-freie-blick-nr-55\/\" class=\"wc-block-grid__product-link\">\n\t\t\t\t\t\n\t\t\t\t\t<div class=\"wc-block-grid__product-image\"><img fetchpriority=\"high\" decoding=\"async\" width=\"300\" height=\"424\" src=\"https:\/\/leregardlibre.com\/wp-content\/uploads\/2019\/10\/Une-RL-N\u00b0-55-300x424.jpg\" class=\"attachment-woocommerce_thumbnail size-woocommerce_thumbnail\" alt=\"Le Regard Libre - Nr. 55\" srcset=\"https:\/\/leregardlibre.com\/wp-content\/uploads\/2019\/10\/Une-RL-N\u00b0-55-300x424.jpg 300w, https:\/\/leregardlibre.com\/wp-content\/uploads\/2019\/10\/Une-RL-N\u00b0-55-1920x2715.jpg 1920w, https:\/\/leregardlibre.com\/wp-content\/uploads\/2019\/10\/Une-RL-N\u00b0-55-1170x1655.jpg 1170w, https:\/\/leregardlibre.com\/wp-content\/uploads\/2019\/10\/Une-RL-N\u00b0-55-585x827.jpg 585w, https:\/\/leregardlibre.com\/wp-content\/uploads\/2019\/10\/Une-RL-N\u00b0-55-106x150.jpg 106w, https:\/\/leregardlibre.com\/wp-content\/uploads\/2019\/10\/Une-RL-N\u00b0-55-212x300.jpg 212w, https:\/\/leregardlibre.com\/wp-content\/uploads\/2019\/10\/Une-RL-N\u00b0-55-768x1086.jpg 768w, https:\/\/leregardlibre.com\/wp-content\/uploads\/2019\/10\/Une-RL-N\u00b0-55-724x1024.jpg 724w, https:\/\/leregardlibre.com\/wp-content\/uploads\/2019\/10\/Une-RL-N\u00b0-55-600x849.jpg 600w\" sizes=\"(max-width: 300px) 100vw, 300px\" \/><\/div>\n\t\t\t\t\t<div class=\"wc-block-grid__product-title\">Le Regard Libre - Nr. 55<\/div>\n\t\t\t\t<\/a>\n\t\t\t\t<div class=\"wc-block-grid__product-price price\"><span class=\"woocommerce-Price-amount amount\"><span class=\"woocommerce-Price-currencySymbol\">CHF<\/span>10.00<\/span><\/div>\n\t\t\t\t\n\t\t\t\t<div class=\"wp-block-button wc-block-grid__product-add-to-cart\"><a href=\"https:\/\/leregardlibre.com\/de\/produkt\/der-freie-blick-nr-55\/\" aria-label=\"Lesen Sie mehr \u00fcber \u201eLe Regard Libre - N\u00ba 55\u201c.\u201c\" data-quantity=\"1\" data-product_id=\"26254\" data-product_sku=\"\" data-price=\"10\" rel=\"nofollow\" class=\"wp-block-button__link  add_to_cart_button\">Weiterlesen<\/a><\/div>\n\t\t\t<\/li><li class=\"wc-block-grid__product\">\n\t\t\t\t<a href=\"https:\/\/leregardlibre.com\/de\/produkt\/abonnement-numerique\/\" class=\"wc-block-grid__product-link\">\n\t\t\t\t\t\n\t\t\t\t\t<div class=\"wc-block-grid__product-image\"><img decoding=\"async\" width=\"300\" height=\"300\" src=\"https:\/\/leregardlibre.com\/wp-content\/uploads\/woocommerce-placeholder.webp\" class=\"woocommerce-placeholder wp-post-image\" alt=\"\" srcset=\"https:\/\/leregardlibre.com\/wp-content\/uploads\/woocommerce-placeholder.webp 1200w, https:\/\/leregardlibre.com\/wp-content\/uploads\/woocommerce-placeholder-300x300.webp 300w, https:\/\/leregardlibre.com\/wp-content\/uploads\/woocommerce-placeholder-1024x1024.webp 1024w, https:\/\/leregardlibre.com\/wp-content\/uploads\/woocommerce-placeholder-150x150.webp 150w, https:\/\/leregardlibre.com\/wp-content\/uploads\/woocommerce-placeholder-768x768.webp 768w, https:\/\/leregardlibre.com\/wp-content\/uploads\/woocommerce-placeholder-1170x1170.webp 1170w, https:\/\/leregardlibre.com\/wp-content\/uploads\/woocommerce-placeholder-585x585.webp 585w\" sizes=\"(max-width: 300px) 100vw, 300px\" \/><\/div>\n\t\t\t\t\t<div class=\"wc-block-grid__product-title\">Digitales Abonnement<\/div>\n\t\t\t\t<\/a>\n\t\t\t\t<div class=\"wc-block-grid__product-price price\"><span class=\"woocommerce-Price-amount amount\"><span class=\"woocommerce-Price-currencySymbol\">CHF<\/span>50.00<\/span> <span class=\"subscription-details\"> \/ Jahr<\/span><\/div>\n\t\t\t\t\n\t\t\t\t<div class=\"wp-block-button wc-block-grid__product-add-to-cart\"><a href=\"https:\/\/leregardlibre.com\/de\/produkt\/abonnement-numerique\/\" aria-label=\"Weitere Informationen zu \u201eDigitales Abonnement\u201c\" data-quantity=\"1\" data-product_id=\"24185\" data-product_sku=\"\" data-price=\"50\" rel=\"nofollow\" class=\"wp-block-button__link  add_to_cart_button\">Mehr erfahren<\/a><\/div>\n\t\t\t<\/li><li class=\"wc-block-grid__product\">\n\t\t\t\t<a href=\"https:\/\/leregardlibre.com\/de\/produkt\/le-regard-libre-abonnement-annuel-a-la-version-papier\/\" class=\"wc-block-grid__product-link\">\n\t\t\t\t\t\n\t\t\t\t\t<div class=\"wc-block-grid__product-image\"><img decoding=\"async\" width=\"300\" height=\"300\" src=\"https:\/\/leregardlibre.com\/wp-content\/uploads\/woocommerce-placeholder.webp\" class=\"woocommerce-placeholder wp-post-image\" alt=\"\" srcset=\"https:\/\/leregardlibre.com\/wp-content\/uploads\/woocommerce-placeholder.webp 1200w, https:\/\/leregardlibre.com\/wp-content\/uploads\/woocommerce-placeholder-300x300.webp 300w, https:\/\/leregardlibre.com\/wp-content\/uploads\/woocommerce-placeholder-1024x1024.webp 1024w, https:\/\/leregardlibre.com\/wp-content\/uploads\/woocommerce-placeholder-150x150.webp 150w, https:\/\/leregardlibre.com\/wp-content\/uploads\/woocommerce-placeholder-768x768.webp 768w, https:\/\/leregardlibre.com\/wp-content\/uploads\/woocommerce-placeholder-1170x1170.webp 1170w, https:\/\/leregardlibre.com\/wp-content\/uploads\/woocommerce-placeholder-585x585.webp 585w\" sizes=\"(max-width: 300px) 100vw, 300px\" \/><\/div>\n\t\t\t\t\t<div class=\"wc-block-grid__product-title\">Standard-Abonnement (Schweiz)<\/div>\n\t\t\t\t<\/a>\n\t\t\t\t<div class=\"wc-block-grid__product-price price\"><span class=\"woocommerce-Price-amount amount\"><span class=\"woocommerce-Price-currencySymbol\">CHF<\/span>100.00<\/span> <span class=\"subscription-details\"> \/ Jahr<\/span><\/div>\n\t\t\t\t\n\t\t\t\t<div class=\"wp-block-button wc-block-grid__product-add-to-cart\"><a href=\"\/de\/wp-json\/wp\/v2\/posts\/26321?add-to-cart=17631\" aria-label=\"Jetzt abonnieren: \u201eStandardabonnement (Schweiz)\u201c.\u201c\" data-quantity=\"1\" data-product_id=\"17631\" data-product_sku=\"\" data-price=\"100\" rel=\"nofollow\" class=\"wp-block-button__link  add_to_cart_button ajax_add_to_cart\">Jetzt abonnieren<\/a><\/div>\n\t\t\t<\/li><li class=\"wc-block-grid__product\">\n\t\t\t\t<a href=\"https:\/\/leregardlibre.com\/de\/produkt\/fordermitgliedschaft\/\" class=\"wc-block-grid__product-link\">\n\t\t\t\t\t\n\t\t\t\t\t<div class=\"wc-block-grid__product-image\"><img decoding=\"async\" width=\"300\" height=\"300\" src=\"https:\/\/leregardlibre.com\/wp-content\/uploads\/woocommerce-placeholder.webp\" class=\"woocommerce-placeholder wp-post-image\" alt=\"\" srcset=\"https:\/\/leregardlibre.com\/wp-content\/uploads\/woocommerce-placeholder.webp 1200w, https:\/\/leregardlibre.com\/wp-content\/uploads\/woocommerce-placeholder-300x300.webp 300w, https:\/\/leregardlibre.com\/wp-content\/uploads\/woocommerce-placeholder-1024x1024.webp 1024w, https:\/\/leregardlibre.com\/wp-content\/uploads\/woocommerce-placeholder-150x150.webp 150w, https:\/\/leregardlibre.com\/wp-content\/uploads\/woocommerce-placeholder-768x768.webp 768w, https:\/\/leregardlibre.com\/wp-content\/uploads\/woocommerce-placeholder-1170x1170.webp 1170w, https:\/\/leregardlibre.com\/wp-content\/uploads\/woocommerce-placeholder-585x585.webp 585w\" sizes=\"(max-width: 300px) 100vw, 300px\" \/><\/div>\n\t\t\t\t\t<div class=\"wc-block-grid__product-title\">Unterst\u00fctzendes Abonnement<\/div>\n\t\t\t\t<\/a>\n\t\t\t\t<div class=\"wc-block-grid__product-price price\"><span class=\"woocommerce-Price-amount amount\"><span class=\"woocommerce-Price-currencySymbol\">CHF<\/span>200.00<\/span> <span class=\"subscription-details\"> \/ Jahr<\/span><\/div>\n\t\t\t\t\n\t\t\t\t<div class=\"wp-block-button wc-block-grid__product-add-to-cart\"><a href=\"https:\/\/leregardlibre.com\/de\/produkt\/fordermitgliedschaft\/\" aria-label=\"Weitere Informationen zu \u201eF\u00f6rdermitgliedschaft\u201c\" data-quantity=\"1\" data-product_id=\"19241\" data-product_sku=\"\" data-price=\"200\" rel=\"nofollow\" class=\"wp-block-button__link  add_to_cart_button\">Mehr erfahren<\/a><\/div>\n\t\t\t<\/li><\/ul><\/div>","protected":false},"excerpt":{"rendered":"<p>Er ist einer der wenigen Kandidaten f\u00fcr die Bundestagswahl, die die Partei gewechselt haben. Wie kann man von der Umweltpartei Die Gr\u00fcnen zur B\u00fcrgerlich-Demokratischen Partei wechseln? Diskussion.<\/p>","protected":false},"author":337,"featured_media":26323,"comment_status":"open","ping_status":"open","sticky":false,"template":"","format":"standard","meta":{"_acf_changed":false,"footnotes":""},"categories":[644357279],"tags":[644342909,11788,982316,644343064,644343063,644343065],"class_list":["post-26321","post","type-post","status-publish","format-standard","has-post-thumbnail","hentry","category-suisse","tag-federales-2019","tag-interviews","tag-les-verts","tag-mathieu-fabian-gauss","tag-mathieu-gauss","tag-pbd"],"acf":[],"yoast_head":"<!-- This site is optimized with the Yoast SEO Premium plugin v27.4 (Yoast SEO v27.4) - https:\/\/yoast.com\/product\/yoast-seo-premium-wordpress\/ -->\n<title>Mathieu Fabian Gauss, un ex-Vert devenu PBD<\/title>\n<meta name=\"robots\" content=\"index, follow, max-snippet:-1, max-image-preview:large, max-video-preview:-1\" \/>\n<link rel=\"canonical\" href=\"https:\/\/leregardlibre.com\/de\/politik\/schweiz\/mathieu-fabian-gauss-ein-ehemaliger-gruner-wird-pbd\/\" \/>\n<meta property=\"og:locale\" content=\"de_DE\" \/>\n<meta property=\"og:type\" content=\"article\" \/>\n<meta property=\"og:title\" content=\"Mathieu Fabian Gauss, un ex-Vert devenu PBD\" \/>\n<meta property=\"og:description\" content=\"Il figure parmi les quelques candidats aux \u00e9lections f\u00e9d\u00e9rales \u00e0 avoir chang\u00e9 de parti. Comment peut-on passer du parti \u00e9cologiste Les Verts au Parti bourgeois-d\u00e9mocratique? Discussion.\" \/>\n<meta property=\"og:url\" content=\"https:\/\/leregardlibre.com\/de\/politik\/schweiz\/mathieu-fabian-gauss-ein-ehemaliger-gruner-wird-pbd\/\" \/>\n<meta property=\"og:site_name\" content=\"Le Regard Libre\" \/>\n<meta property=\"article:publisher\" content=\"https:\/\/www.facebook.com\/leregardlibre\/\" \/>\n<meta property=\"article:published_time\" content=\"2019-10-19T10:17:06+00:00\" \/>\n<meta property=\"article:modified_time\" content=\"2025-12-13T21:44:19+00:00\" \/>\n<meta property=\"og:image\" content=\"https:\/\/leregardlibre.com\/wp-content\/uploads\/2019\/10\/mathieufabiangausspbd11092019fianlfinal2-1024x718.jpg\" \/>\n\t<meta property=\"og:image:width\" content=\"1024\" \/>\n\t<meta property=\"og:image:height\" content=\"718\" \/>\n\t<meta property=\"og:image:type\" content=\"image\/jpeg\" \/>\n<meta name=\"author\" content=\"Nicolas Locatelli\" \/>\n<meta name=\"twitter:card\" content=\"summary_large_image\" \/>\n<meta name=\"twitter:creator\" content=\"@LeRegardLibre\" \/>\n<meta name=\"twitter:site\" content=\"@LeRegardLibre\" \/>\n<meta name=\"twitter:label1\" content=\"Verfasst von\" \/>\n\t<meta name=\"twitter:data1\" content=\"Nicolas Locatelli\" \/>\n\t<meta name=\"twitter:label2\" content=\"Gesch\u00e4tzte Lesezeit\" \/>\n\t<meta name=\"twitter:data2\" content=\"6\u00a0Minuten\" \/>\n<script type=\"application\/ld+json\" class=\"yoast-schema-graph\">{\"@context\":\"https:\\\/\\\/schema.org\",\"@graph\":[{\"@type\":\"Article\",\"@id\":\"https:\\\/\\\/leregardlibre.com\\\/politique\\\/suisse\\\/mathieu-fabian-gauss-un-ex-vert-devenu-pbd\\\/#article\",\"isPartOf\":{\"@id\":\"https:\\\/\\\/leregardlibre.com\\\/politique\\\/suisse\\\/mathieu-fabian-gauss-un-ex-vert-devenu-pbd\\\/\"},\"author\":{\"name\":\"Nicolas Locatelli\",\"@id\":\"https:\\\/\\\/leregardlibre.com\\\/#\\\/schema\\\/person\\\/52feb7b7c9db3a265aae7c37180b75ad\"},\"headline\":\"Mathieu Fabian Gauss, un ex-Vert devenu PBD\",\"datePublished\":\"2019-10-19T10:17:06+00:00\",\"dateModified\":\"2025-12-13T21:44:19+00:00\",\"mainEntityOfPage\":{\"@id\":\"https:\\\/\\\/leregardlibre.com\\\/politique\\\/suisse\\\/mathieu-fabian-gauss-un-ex-vert-devenu-pbd\\\/\"},\"wordCount\":1346,\"commentCount\":0,\"publisher\":{\"@id\":\"https:\\\/\\\/leregardlibre.com\\\/#organization\"},\"image\":{\"@id\":\"https:\\\/\\\/leregardlibre.com\\\/politique\\\/suisse\\\/mathieu-fabian-gauss-un-ex-vert-devenu-pbd\\\/#primaryimage\"},\"thumbnailUrl\":\"https:\\\/\\\/leregardlibre.com\\\/wp-content\\\/uploads\\\/2019\\\/10\\\/mathieufabiangausspbd11092019fianlfinal2-scaled.jpg\",\"keywords\":[\"Elections f\u00e9d\u00e9rales 2019\",\"Interview\",\"Les Verts\",\"mathieu fabian gauss\",\"mathieu gauss\",\"PBD\"],\"articleSection\":[\"Suisse\"],\"inLanguage\":\"de\",\"potentialAction\":[{\"@type\":\"CommentAction\",\"name\":\"Comment\",\"target\":[\"https:\\\/\\\/leregardlibre.com\\\/politique\\\/suisse\\\/mathieu-fabian-gauss-un-ex-vert-devenu-pbd\\\/#respond\"]}]},{\"@type\":\"WebPage\",\"@id\":\"https:\\\/\\\/leregardlibre.com\\\/politique\\\/suisse\\\/mathieu-fabian-gauss-un-ex-vert-devenu-pbd\\\/\",\"url\":\"https:\\\/\\\/leregardlibre.com\\\/politique\\\/suisse\\\/mathieu-fabian-gauss-un-ex-vert-devenu-pbd\\\/\",\"name\":\"Mathieu Fabian Gauss, un ex-Vert devenu PBD\",\"isPartOf\":{\"@id\":\"https:\\\/\\\/leregardlibre.com\\\/#website\"},\"primaryImageOfPage\":{\"@id\":\"https:\\\/\\\/leregardlibre.com\\\/politique\\\/suisse\\\/mathieu-fabian-gauss-un-ex-vert-devenu-pbd\\\/#primaryimage\"},\"image\":{\"@id\":\"https:\\\/\\\/leregardlibre.com\\\/politique\\\/suisse\\\/mathieu-fabian-gauss-un-ex-vert-devenu-pbd\\\/#primaryimage\"},\"thumbnailUrl\":\"https:\\\/\\\/leregardlibre.com\\\/wp-content\\\/uploads\\\/2019\\\/10\\\/mathieufabiangausspbd11092019fianlfinal2-scaled.jpg\",\"datePublished\":\"2019-10-19T10:17:06+00:00\",\"dateModified\":\"2025-12-13T21:44:19+00:00\",\"breadcrumb\":{\"@id\":\"https:\\\/\\\/leregardlibre.com\\\/politique\\\/suisse\\\/mathieu-fabian-gauss-un-ex-vert-devenu-pbd\\\/#breadcrumb\"},\"inLanguage\":\"de\",\"potentialAction\":[{\"@type\":\"ReadAction\",\"target\":[\"https:\\\/\\\/leregardlibre.com\\\/politique\\\/suisse\\\/mathieu-fabian-gauss-un-ex-vert-devenu-pbd\\\/\"]}]},{\"@type\":\"ImageObject\",\"inLanguage\":\"de\",\"@id\":\"https:\\\/\\\/leregardlibre.com\\\/politique\\\/suisse\\\/mathieu-fabian-gauss-un-ex-vert-devenu-pbd\\\/#primaryimage\",\"url\":\"https:\\\/\\\/leregardlibre.com\\\/wp-content\\\/uploads\\\/2019\\\/10\\\/mathieufabiangausspbd11092019fianlfinal2-scaled.jpg\",\"contentUrl\":\"https:\\\/\\\/leregardlibre.com\\\/wp-content\\\/uploads\\\/2019\\\/10\\\/mathieufabiangausspbd11092019fianlfinal2-scaled.jpg\",\"width\":3436,\"height\":2408},{\"@type\":\"BreadcrumbList\",\"@id\":\"https:\\\/\\\/leregardlibre.com\\\/politique\\\/suisse\\\/mathieu-fabian-gauss-un-ex-vert-devenu-pbd\\\/#breadcrumb\",\"itemListElement\":[{\"@type\":\"ListItem\",\"position\":1,\"name\":\"Accueil\",\"item\":\"https:\\\/\\\/leregardlibre.com\\\/\"},{\"@type\":\"ListItem\",\"position\":2,\"name\":\"Mathieu Fabian Gauss, un ex-Vert devenu PBD\"}]},{\"@type\":\"WebSite\",\"@id\":\"https:\\\/\\\/leregardlibre.com\\\/#website\",\"url\":\"https:\\\/\\\/leregardlibre.com\\\/\",\"name\":\"Le Regard Libre\",\"description\":\"Premier mensuel suisse de d\u00e9bat\",\"publisher\":{\"@id\":\"https:\\\/\\\/leregardlibre.com\\\/#organization\"},\"potentialAction\":[{\"@type\":\"SearchAction\",\"target\":{\"@type\":\"EntryPoint\",\"urlTemplate\":\"https:\\\/\\\/leregardlibre.com\\\/?s={search_term_string}\"},\"query-input\":{\"@type\":\"PropertyValueSpecification\",\"valueRequired\":true,\"valueName\":\"search_term_string\"}}],\"inLanguage\":\"de\"},{\"@type\":\"Organization\",\"@id\":\"https:\\\/\\\/leregardlibre.com\\\/#organization\",\"name\":\"Le Regard Libre\",\"url\":\"https:\\\/\\\/leregardlibre.com\\\/\",\"logo\":{\"@type\":\"ImageObject\",\"inLanguage\":\"de\",\"@id\":\"https:\\\/\\\/leregardlibre.com\\\/#\\\/schema\\\/logo\\\/image\\\/\",\"url\":\"https:\\\/\\\/leregardlibre.com\\\/wp-content\\\/uploads\\\/2025\\\/08\\\/logo-rl-icone-neg.jpeg\",\"contentUrl\":\"https:\\\/\\\/leregardlibre.com\\\/wp-content\\\/uploads\\\/2025\\\/08\\\/logo-rl-icone-neg.jpeg\",\"width\":557,\"height\":556,\"caption\":\"Le Regard Libre\"},\"image\":{\"@id\":\"https:\\\/\\\/leregardlibre.com\\\/#\\\/schema\\\/logo\\\/image\\\/\"},\"sameAs\":[\"https:\\\/\\\/www.facebook.com\\\/leregardlibre\\\/\",\"https:\\\/\\\/x.com\\\/LeRegardLibre\",\"https:\\\/\\\/www.linkedin.com\\\/company\\\/le-regard-libre\",\"https:\\\/\\\/www.instagram.com\\\/leregardlibre\\\/\",\"http:\\\/\\\/t.me\\\/leregardlibre\",\"https:\\\/\\\/youtube.com\\\/channel\\\/UC6HzGPomj1LsUmlz-sJtITQ\"],\"description\":\"Le Regard Libre est un mensuel suisse de d\u00e9bat intellectuel et culturel. Sa r\u00e9daction est jeune, b\u00e9n\u00e9vole, lib\u00e9rale et pluraliste. Le magazine para\u00eet en ligne et sous forme papier. Sa langue est le fran\u00e7ais.\",\"email\":\"redaction@leregardlibre.com\",\"legalName\":\"Le Regard Libre\",\"foundingDate\":\"2014-01-01\",\"numberOfEmployees\":{\"@type\":\"QuantitativeValue\",\"minValue\":\"11\",\"maxValue\":\"50\"},\"publishingPrinciples\":\"https:\\\/\\\/leregardlibre.com\\\/a-propos\\\/notre-manifeste\\\/\",\"ownershipFundingInfo\":\"https:\\\/\\\/leregardlibre.com\\\/mentions-legales\\\/\",\"actionableFeedbackPolicy\":\"https:\\\/\\\/leregardlibre.com\\\/conditions-generales-de-vente\\\/\"},{\"@type\":\"Person\",\"@id\":\"https:\\\/\\\/leregardlibre.com\\\/#\\\/schema\\\/person\\\/52feb7b7c9db3a265aae7c37180b75ad\",\"name\":\"Nicolas Locatelli\",\"image\":{\"@type\":\"ImageObject\",\"inLanguage\":\"de\",\"@id\":\"https:\\\/\\\/secure.gravatar.com\\\/avatar\\\/570ecdde9bf22aa67a86dd96cef97a9c101de8679c7396a9dbff10881a46e06c?s=96&d=identicon&r=g\",\"url\":\"https:\\\/\\\/secure.gravatar.com\\\/avatar\\\/570ecdde9bf22aa67a86dd96cef97a9c101de8679c7396a9dbff10881a46e06c?s=96&d=identicon&r=g\",\"contentUrl\":\"https:\\\/\\\/secure.gravatar.com\\\/avatar\\\/570ecdde9bf22aa67a86dd96cef97a9c101de8679c7396a9dbff10881a46e06c?s=96&d=identicon&r=g\",\"caption\":\"Nicolas Locatelli\"},\"sameAs\":[\"https:\\\/\\\/leregardlibre.com\\\/\"],\"url\":\"https:\\\/\\\/leregardlibre.com\\\/de\\\/author\\\/nicolas-locatelli\\\/\"}]}<\/script>\n<!-- \/ Yoast SEO Premium plugin. -->","yoast_head_json":{"title":"Mathieu Fabian Gauss, ein Ex-Gr\u00fcner wird BDP","robots":{"index":"index","follow":"follow","max-snippet":"max-snippet:-1","max-image-preview":"max-image-preview:large","max-video-preview":"max-video-preview:-1"},"canonical":"https:\/\/leregardlibre.com\/de\/politik\/schweiz\/mathieu-fabian-gauss-ein-ehemaliger-gruner-wird-pbd\/","og_locale":"de_DE","og_type":"article","og_title":"Mathieu Fabian Gauss, un ex-Vert devenu PBD","og_description":"Il figure parmi les quelques candidats aux \u00e9lections f\u00e9d\u00e9rales \u00e0 avoir chang\u00e9 de parti. Comment peut-on passer du parti \u00e9cologiste Les Verts au Parti bourgeois-d\u00e9mocratique? Discussion.","og_url":"https:\/\/leregardlibre.com\/de\/politik\/schweiz\/mathieu-fabian-gauss-ein-ehemaliger-gruner-wird-pbd\/","og_site_name":"Le Regard Libre","article_publisher":"https:\/\/www.facebook.com\/leregardlibre\/","article_published_time":"2019-10-19T10:17:06+00:00","article_modified_time":"2025-12-13T21:44:19+00:00","og_image":[{"width":1024,"height":718,"url":"https:\/\/leregardlibre.com\/wp-content\/uploads\/2019\/10\/mathieufabiangausspbd11092019fianlfinal2-1024x718.jpg","type":"image\/jpeg"}],"author":"Nicolas Locatelli","twitter_card":"summary_large_image","twitter_creator":"@LeRegardLibre","twitter_site":"@LeRegardLibre","twitter_misc":{"Verfasst von":"Nicolas Locatelli","Gesch\u00e4tzte Lesezeit":"6\u00a0Minuten"},"schema":{"@context":"https:\/\/schema.org","@graph":[{"@type":"Article","@id":"https:\/\/leregardlibre.com\/politique\/suisse\/mathieu-fabian-gauss-un-ex-vert-devenu-pbd\/#article","isPartOf":{"@id":"https:\/\/leregardlibre.com\/politique\/suisse\/mathieu-fabian-gauss-un-ex-vert-devenu-pbd\/"},"author":{"name":"Nicolas Locatelli","@id":"https:\/\/leregardlibre.com\/#\/schema\/person\/52feb7b7c9db3a265aae7c37180b75ad"},"headline":"Mathieu Fabian Gauss, un ex-Vert devenu PBD","datePublished":"2019-10-19T10:17:06+00:00","dateModified":"2025-12-13T21:44:19+00:00","mainEntityOfPage":{"@id":"https:\/\/leregardlibre.com\/politique\/suisse\/mathieu-fabian-gauss-un-ex-vert-devenu-pbd\/"},"wordCount":1346,"commentCount":0,"publisher":{"@id":"https:\/\/leregardlibre.com\/#organization"},"image":{"@id":"https:\/\/leregardlibre.com\/politique\/suisse\/mathieu-fabian-gauss-un-ex-vert-devenu-pbd\/#primaryimage"},"thumbnailUrl":"https:\/\/leregardlibre.com\/wp-content\/uploads\/2019\/10\/mathieufabiangausspbd11092019fianlfinal2-scaled.jpg","keywords":["Elections f\u00e9d\u00e9rales 2019","Interview","Les Verts","mathieu fabian gauss","mathieu gauss","PBD"],"articleSection":["Suisse"],"inLanguage":"de","potentialAction":[{"@type":"CommentAction","name":"Comment","target":["https:\/\/leregardlibre.com\/politique\/suisse\/mathieu-fabian-gauss-un-ex-vert-devenu-pbd\/#respond"]}]},{"@type":"WebPage","@id":"https:\/\/leregardlibre.com\/politique\/suisse\/mathieu-fabian-gauss-un-ex-vert-devenu-pbd\/","url":"https:\/\/leregardlibre.com\/politique\/suisse\/mathieu-fabian-gauss-un-ex-vert-devenu-pbd\/","name":"Mathieu Fabian Gauss, ein Ex-Gr\u00fcner wird BDP","isPartOf":{"@id":"https:\/\/leregardlibre.com\/#website"},"primaryImageOfPage":{"@id":"https:\/\/leregardlibre.com\/politique\/suisse\/mathieu-fabian-gauss-un-ex-vert-devenu-pbd\/#primaryimage"},"image":{"@id":"https:\/\/leregardlibre.com\/politique\/suisse\/mathieu-fabian-gauss-un-ex-vert-devenu-pbd\/#primaryimage"},"thumbnailUrl":"https:\/\/leregardlibre.com\/wp-content\/uploads\/2019\/10\/mathieufabiangausspbd11092019fianlfinal2-scaled.jpg","datePublished":"2019-10-19T10:17:06+00:00","dateModified":"2025-12-13T21:44:19+00:00","breadcrumb":{"@id":"https:\/\/leregardlibre.com\/politique\/suisse\/mathieu-fabian-gauss-un-ex-vert-devenu-pbd\/#breadcrumb"},"inLanguage":"de","potentialAction":[{"@type":"ReadAction","target":["https:\/\/leregardlibre.com\/politique\/suisse\/mathieu-fabian-gauss-un-ex-vert-devenu-pbd\/"]}]},{"@type":"ImageObject","inLanguage":"de","@id":"https:\/\/leregardlibre.com\/politique\/suisse\/mathieu-fabian-gauss-un-ex-vert-devenu-pbd\/#primaryimage","url":"https:\/\/leregardlibre.com\/wp-content\/uploads\/2019\/10\/mathieufabiangausspbd11092019fianlfinal2-scaled.jpg","contentUrl":"https:\/\/leregardlibre.com\/wp-content\/uploads\/2019\/10\/mathieufabiangausspbd11092019fianlfinal2-scaled.jpg","width":3436,"height":2408},{"@type":"BreadcrumbList","@id":"https:\/\/leregardlibre.com\/politique\/suisse\/mathieu-fabian-gauss-un-ex-vert-devenu-pbd\/#breadcrumb","itemListElement":[{"@type":"ListItem","position":1,"name":"Accueil","item":"https:\/\/leregardlibre.com\/"},{"@type":"ListItem","position":2,"name":"Mathieu Fabian Gauss, un ex-Vert devenu PBD"}]},{"@type":"WebSite","@id":"https:\/\/leregardlibre.com\/#website","url":"https:\/\/leregardlibre.com\/","name":"Le Regard Libre","description":"Erste Schweizer Monatszeitschrift f\u00fcr Debatten","publisher":{"@id":"https:\/\/leregardlibre.com\/#organization"},"potentialAction":[{"@type":"SearchAction","target":{"@type":"EntryPoint","urlTemplate":"https:\/\/leregardlibre.com\/?s={search_term_string}"},"query-input":{"@type":"PropertyValueSpecification","valueRequired":true,"valueName":"search_term_string"}}],"inLanguage":"de"},{"@type":"Organization","@id":"https:\/\/leregardlibre.com\/#organization","name":"Le Regard Libre","url":"https:\/\/leregardlibre.com\/","logo":{"@type":"ImageObject","inLanguage":"de","@id":"https:\/\/leregardlibre.com\/#\/schema\/logo\/image\/","url":"https:\/\/leregardlibre.com\/wp-content\/uploads\/2025\/08\/logo-rl-icone-neg.jpeg","contentUrl":"https:\/\/leregardlibre.com\/wp-content\/uploads\/2025\/08\/logo-rl-icone-neg.jpeg","width":557,"height":556,"caption":"Le Regard Libre"},"image":{"@id":"https:\/\/leregardlibre.com\/#\/schema\/logo\/image\/"},"sameAs":["https:\/\/www.facebook.com\/leregardlibre\/","https:\/\/x.com\/LeRegardLibre","https:\/\/www.linkedin.com\/company\/le-regard-libre","https:\/\/www.instagram.com\/leregardlibre\/","http:\/\/t.me\/leregardlibre","https:\/\/youtube.com\/channel\/UC6HzGPomj1LsUmlz-sJtITQ"],"description":"Le Regard Libre ist eine Schweizer Monatszeitschrift f\u00fcr intellektuelle und kulturelle Debatten. Seine Redaktion ist jung, ehrenamtlich, liberal und pluralistisch. Das Magazin erscheint online und in gedruckter Form. Seine Sprache ist Franz\u00f6sisch.","email":"redaction@leregardlibre.com","legalName":"Le Regard Libre","foundingDate":"2014-01-01","numberOfEmployees":{"@type":"QuantitativeValue","minValue":"11","maxValue":"50"},"publishingPrinciples":"https:\/\/leregardlibre.com\/a-propos\/notre-manifeste\/","ownershipFundingInfo":"https:\/\/leregardlibre.com\/mentions-legales\/","actionableFeedbackPolicy":"https:\/\/leregardlibre.com\/conditions-generales-de-vente\/"},{"@type":"Person","@id":"https:\/\/leregardlibre.com\/#\/schema\/person\/52feb7b7c9db3a265aae7c37180b75ad","name":"Nicolas Locatelli","image":{"@type":"ImageObject","inLanguage":"de","@id":"https:\/\/secure.gravatar.com\/avatar\/570ecdde9bf22aa67a86dd96cef97a9c101de8679c7396a9dbff10881a46e06c?s=96&d=identicon&r=g","url":"https:\/\/secure.gravatar.com\/avatar\/570ecdde9bf22aa67a86dd96cef97a9c101de8679c7396a9dbff10881a46e06c?s=96&d=identicon&r=g","contentUrl":"https:\/\/secure.gravatar.com\/avatar\/570ecdde9bf22aa67a86dd96cef97a9c101de8679c7396a9dbff10881a46e06c?s=96&d=identicon&r=g","caption":"Nicolas Locatelli"},"sameAs":["https:\/\/leregardlibre.com\/"],"url":"https:\/\/leregardlibre.com\/de\/author\/nicolas-locatelli\/"}]}},"_links":{"self":[{"href":"https:\/\/leregardlibre.com\/de\/wp-json\/wp\/v2\/posts\/26321","targetHints":{"allow":["GET"]}}],"collection":[{"href":"https:\/\/leregardlibre.com\/de\/wp-json\/wp\/v2\/posts"}],"about":[{"href":"https:\/\/leregardlibre.com\/de\/wp-json\/wp\/v2\/types\/post"}],"author":[{"embeddable":true,"href":"https:\/\/leregardlibre.com\/de\/wp-json\/wp\/v2\/users\/337"}],"replies":[{"embeddable":true,"href":"https:\/\/leregardlibre.com\/de\/wp-json\/wp\/v2\/comments?post=26321"}],"version-history":[{"count":1,"href":"https:\/\/leregardlibre.com\/de\/wp-json\/wp\/v2\/posts\/26321\/revisions"}],"predecessor-version":[{"id":510711,"href":"https:\/\/leregardlibre.com\/de\/wp-json\/wp\/v2\/posts\/26321\/revisions\/510711"}],"wp:featuredmedia":[{"embeddable":true,"href":"https:\/\/leregardlibre.com\/de\/wp-json\/wp\/v2\/media\/26323"}],"wp:attachment":[{"href":"https:\/\/leregardlibre.com\/de\/wp-json\/wp\/v2\/media?parent=26321"}],"wp:term":[{"taxonomy":"category","embeddable":true,"href":"https:\/\/leregardlibre.com\/de\/wp-json\/wp\/v2\/categories?post=26321"},{"taxonomy":"post_tag","embeddable":true,"href":"https:\/\/leregardlibre.com\/de\/wp-json\/wp\/v2\/tags?post=26321"}],"curies":[{"name":"wp","href":"https:\/\/api.w.org\/{rel}","templated":true}]}}