{"id":26623,"date":"2019-10-27T12:19:56","date_gmt":"2019-10-27T11:19:56","guid":{"rendered":"https:\/\/leregardlibre.com\/?p=26623"},"modified":"2022-11-14T22:12:25","modified_gmt":"2022-11-14T21:12:25","slug":"eric-vautrin-die-resonanzen-von-racine-zu-unserer-aktuellitat-sind-frappierend","status":"publish","type":"post","link":"https:\/\/leregardlibre.com\/de\/darstellende-kunste\/theater\/eric-vautrin-die-resonanzen-von-racine-zu-unserer-aktuellitat-sind-frappierend\/","title":{"rendered":"Eric Vautrin: \u00abDie Resonanz von Racine auf unsere heutige Zeit ist frappierend\u00bb.\u00bb"},"content":{"rendered":"<p><em><a href=\"https:\/\/leregardlibre.com\/de\/produkt\/der-freie-blick-nr-56\/\">Le Regard Libre Nr. 56<\/a> - Ivan Garcia<\/em><\/p>\n\n\n\n<p><strong>Die Abenteuer der B\u00fchne, Episode #3<\/strong><\/p>\n\n\n\n<p class=\"has-drop-cap\"><em>Vom 30. Oktober bis zum 10. November 2019 empf\u00e4ngt das Th\u00e9\u00e2tre Vidy-Lausanne mit dem deutschen Regisseur und Dramatiker Frank Castorf einen der gro\u00dfen Namen der internationalen Theaterszene. Als ehemaliger Leiter eines der bekanntesten deutschen Theater, der <\/em>Volksb\u00fchne<em> aus Berlin, kommt Frank Castorf auf die Lausanner B\u00fchne mit einer neuen Kreation unter dem Titel <\/em>Bajazet. In Erw\u00e4gung \u00abDas Theater und die Pest\u00bb nach Jean Racine und Antonin Artaud<em>. F\u00fcr diese dritte Episode unserer Serie, <\/em>Le Regard Libre<em> bietet Ihnen ein besonderes Treffen mit Eric Vautrin, dem Dramaturgen des Th\u00e9\u00e2tre de Vidy. Er hat die Ausstellung <\/em>Castorf-Machine, das Theater von Frank Castorf in Bildern<em> die noch bis zum 10. November kostenlos in der <\/em>Kantina<em> des Theaters. Diese erm\u00f6glicht es, in die Dramaturgie und das Universum dieses Berliner Regisseurs einzutauchen, der als intellektueller Querdenker und ehemaliger Bewohner Ostdeutschlands gilt und dessen Arbeit von der deutschen Geschichte gepr\u00e4gt ist. Die Ausstellung f\u00fchrt den Besucher mithilfe von Texten, Videos und Bildern in das Herz von Castorfs Theater, um insbesondere dessen Leitlinien, Themen und Arbeitsprozesse zu erforschen. Treffen.<\/em><\/p>\n\n\n\n<!--more Lire l'entretien-->\n\n\n\n<p><strong><em>Le Regard Libre<\/em>: Mit der Schaffung von <em>Bajazet. In Erw\u00e4gung \u00abDas Theater und die Pest\u00bb nach Jean Racine und Antonin Artaud<\/em>, Es ist das erste Mal, dass Frank Castorf seine Kunst in Lausanne zeigt. Warum hat das Th\u00e9\u00e2tre de Vidy beschlossen, diesen Regisseur einzuladen und ihm eine Urauff\u00fchrung anzubieten?<\/strong><\/p>\n\n\n\n<p>Eric Vautrin: Zun\u00e4chst einmal ist dieses Gastspiel Teil des Projekts von Vincent Baudriller, dem Direktor des Th\u00e9\u00e2tre Vidy-Lausanne, die gro\u00dfen Figuren der europ\u00e4ischen und weltweiten Theaterszene auf der B\u00fchne von Vidy willkommen zu hei\u00dfen. Unter diesen ist Frank Castorf ein unumg\u00e4nglicher K\u00fcnstler mit internationalem Renommee, weshalb sich seine Anwesenheit in Vidy als nat\u00fcrlich und logisch erweist. Es stimmt jedoch, dass es eine spezifischere Geschichte gibt, die ihn betrifft. Castorf war f\u00fcnfundzwanzig Jahre lang Direktor der <em>Volksb\u00fchne<\/em> in Berlin. Diese Institution ist ein Ensembletheater, d. h. sie beherbergt ein festes Ensemble von Schauspielern und Schauspielerinnen, ein Repertoire an Auff\u00fchrungen und technische Mittel, die den Regisseuren zur Verf\u00fcgung stehen. Der Berliner Regisseur hatte also gute Produktionsbedingungen zur Verf\u00fcgung, um seine Auff\u00fchrungen zu realisieren. Doch die <em>Stadttheater<\/em>* wie die <em>Volksb\u00fchne<\/em> haben nicht die Aufgabe, Tourneen f\u00fcr ihre Auff\u00fchrungen zu organisieren: Die Schauspieler spielen jeden Abend ein anderes St\u00fcck aus dem Repertoire und k\u00f6nnen daher nicht lange wegbleiben - wie schlie\u00dflich auch die Com\u00e9die-Fran\u00e7aise, um eines der wenigen Beispiele f\u00fcr ein franz\u00f6sischsprachiges Ensembletheater zu nennen. Nachdem er die Leitung der <em>Volksb\u00fchne<\/em> 2017 kann Frank Castorf mit Vidy eine Organisation, ein Team und ein technisches und k\u00fcnstlerisches Know-how vorfinden, die denjenigen nahe kommen, die er in Deutschland kennenlernen kann, und die es ihm gleichzeitig erm\u00f6glichen, diesmal eine seiner Kreationen auf Tournee zu nehmen - insbesondere im franz\u00f6sischsprachigen Raum, da diese Auff\u00fchrung auf Franz\u00f6sisch gespielt wird und anderswo \u00fcbertitelt sein wird. Schlie\u00dflich ist Frank Castorf zweifellos einer der bedeutendsten Regisseure des 20.<sup>.<\/sup> Jahrhundert und seine Begegnung mit Vidy im Rahmen dieser Urauff\u00fchrung und Produktion ist eine gro\u00dfartige Gelegenheit f\u00fcr unsere Institution und die Aufgaben, die sie sich gestellt hat.<\/p>\n\n\n\n<p><strong>Sie sprechen von Ensembletheatern und Tourneen, Dinge, die in der Schweiz fast fremd zu sein scheinen...<\/strong><\/p>\n\n\n\n<p>Die Theater in der Deutschschweiz funktionieren jedoch nach einem Ensembletheatersystem, das dem in Deutschland \u00e4hnelt. Wenn man die <em>Schauspielhaus<\/em> von Z\u00fcrich zum Beispiel, oder das <em>Theater Basel<\/em>, Sie haben ein Ensemble und ein Repertoire. Auch wenn Nicolas Stemann, ein Regisseur, der regelm\u00e4\u00dfig mit Vidy zusammenarbeitet und jetzt der neue Direktor von <em>Schauspielhaus<\/em> in Z\u00fcrich, wird dieses Produktionssystem weiterentwickeln, indem er Koproduktionen und Tourneen entwickelt, w\u00e4hrend er ein festes Ensemble beibeh\u00e4lt.<\/p>\n\n\n\n<figure class=\"wp-block-image size-large\"><img fetchpriority=\"high\" decoding=\"async\" width=\"960\" height=\"1280\" src=\"http:\/\/leregardlibre.com\/wp-content\/uploads\/2020\/04\/eric_vautrin_portrait_2019.-\u00a9-Loan-Nguyen.-jpeg.jpeg\" alt=\"\" class=\"wp-image-33511\" srcset=\"https:\/\/leregardlibre.com\/wp-content\/uploads\/2020\/04\/eric_vautrin_portrait_2019.-\u00a9-Loan-Nguyen.-jpeg.jpeg 960w, https:\/\/leregardlibre.com\/wp-content\/uploads\/2020\/04\/eric_vautrin_portrait_2019.-\u00a9-Loan-Nguyen.-jpeg-585x780.jpeg 585w, https:\/\/leregardlibre.com\/wp-content\/uploads\/2020\/04\/eric_vautrin_portrait_2019.-\u00a9-Loan-Nguyen.-jpeg-113x150.jpeg 113w, https:\/\/leregardlibre.com\/wp-content\/uploads\/2020\/04\/eric_vautrin_portrait_2019.-\u00a9-Loan-Nguyen.-jpeg-225x300.jpeg 225w, https:\/\/leregardlibre.com\/wp-content\/uploads\/2020\/04\/eric_vautrin_portrait_2019.-\u00a9-Loan-Nguyen.-jpeg-768x1024.jpeg 768w, https:\/\/leregardlibre.com\/wp-content\/uploads\/2020\/04\/eric_vautrin_portrait_2019.-\u00a9-Loan-Nguyen.-jpeg-300x400.jpeg 300w, https:\/\/leregardlibre.com\/wp-content\/uploads\/2020\/04\/eric_vautrin_portrait_2019.-\u00a9-Loan-Nguyen.-jpeg-600x800.jpeg 600w\" sizes=\"(max-width: 960px) 100vw, 960px\" \/><figcaption>Portr\u00e4t von Eric Vautrin, Oktober 2019 \u00a9 Loan Nguyen<\/figcaption><\/figure>\n\n\n\n<p><strong>Zur\u00fcck zu Castorf: Er ist eine umstrittene Figur auf der internationalen B\u00fchne. Der Dramatiker, der ebenso erfinderisch wie problematisch f\u00fcr die ostdeutschen Machthaber ist, hat auch nach der Wiedervereinigung kritische Werke geschaffen. Er z\u00f6gert \u00fcbrigens nicht, sich gegen das, was er als \u00abGutmenschentum\u00bb bezeichnet, zu stellen. Welchen Platz nimmt er in der neuen Saison von Vidy ein, die reich an politischen Werken wie <em>Kriegsm\u00fcnzen aus der Schweiz<\/em> von Antoinette Rychner, inszeniert von Maya B\u00f6sch, oder <em>Orestes in Mosul<\/em> von Milo Rau?&nbsp;<\/strong><\/p>\n\n\n\n<p>Wenn man Ihnen zuh\u00f6rt, k\u00f6nnte man meinen, dass Frank Castorf ein Polemiker ist. Ich glaube jedoch, dass Castorf, wenn er Auff\u00fchrungen inszeniert, keinesfalls einen Skandal heraufbeschw\u00f6ren will. Zweifellos stellen Castorfs Auff\u00fchrungen Fragen und werfen Fragen auf; sie verschieben die herk\u00f6mmlichen Lesarten der Werke und er\u00f6ffnen neue Lesarten. Castorfs Theater ist im Grunde genommen einzigartig: Es basiert auf literarischen Texten und folgt ihrem Aufbau und ihrer Struktur, aber er sieht seine Position als Regisseur nicht als die eines Experten, der aufdecken muss, was der Autor wirklich gesagt hat. In seiner Art zu inszenieren hinterfragt Castorf, wie die Texte von Racine, Moli\u00e8re oder C\u00e9line in unserer Zeit ankommen: Der Text ist kein Reservoir von L\u00f6sungen oder gutem Benehmen, sondern eine Offenbarung, um uns selbst zu erkennen, unsere Grenzen zu erforschen und unsere Freiheit zu testen. In der Regel werden in seinen Auff\u00fchrungen die Momente hervorgehoben, in denen es Reibungen gibt, die etwas von der heutigen Zeit verraten. Mit anderen Worten: Dramatische Spannung entsteht nicht, wenn ein Regisseur das Publikum provozieren will, sondern wenn eine Auff\u00fchrung Fragen unserer Zeit neu formuliert und das Publikum sie aufnimmt. F\u00fcr Castorf ist das Theater eine M\u00f6glichkeit, die Probleme, mit denen wir in unserer Zeit konfrontiert sind, anders zu formulieren, wie ein Kabarett, in dem man sich \u00fcber die ernsten Dinge unserer Zeit am\u00fcsiert: Das gibt Kraft und belebt die Fantasie.&nbsp;<\/p>\n\n\n\n<p><strong>In seiner Art zu inszenieren hat Castorf viele verschiedene Textsorten ber\u00fchrt (Dramen, Romanadaptionen, Filmdrehb\u00fccher, ...). Wie k\u00f6nnten Sie seine Entscheidung erkl\u00e4ren, sich auf <em>Bajazet<\/em>, Die Trag\u00f6die von Jean Racine, dem Inbegriff des franz\u00f6sischen Klassizismus?&nbsp;<\/strong><\/p>\n\n\n\n<p>Die Gr\u00fcnde, warum sich ein K\u00fcnstler f\u00fcr ein Werk und einen Autor entscheidet, sind vielf\u00e4ltig. Wenn man sich seine bisherigen Auftritte ansieht, scheint die literarische Gattung der Texte weniger relevant zu sein als die Art der Erz\u00e4hlung. Er hat sich haupts\u00e4chlich mit Texten des \u00abgro\u00dfen XX<sup>.<\/sup> Jahrhundert\u00bb, das mit Goethe oder Balzac beginnt und mit Elfriede Jelinek oder Michel Houellebecq endet. Dieses Jahrhundert ist unter anderem das Jahrhundert des Aufkommens des Kapitalismus, das Jahrhundert, das mit Freuds Entdeckung des Unbewussten beginnt, das Jahrhundert Einsteins und der Relativit\u00e4tstheorie und das Jahrhundert der gro\u00dfen politischen und ideologischen Bewegungen, die versucht haben, den Menschen, die Natur und die Gesellschaft zu beherrschen. Castorf hat zahlreiche Texte inszeniert, die an ihren R\u00e4ndern die Folgen dieser verr\u00fcckten Versuche des Menschen beschreiben, seine Existenzbedingungen mit Gewalt zu beherrschen, \u00abdie Idee dem Realen aufzuzwingen\u00bb, wie der Philosoph Alain Badiou es ausdr\u00fcckt. In Bezug auf <em>Bajazet<\/em>, Das ist gar nicht so unterschiedlich.<\/p>\n\n\n\n<p><strong>Was meinen Sie?<\/strong><\/p>\n\n\n\n<p>Erstens ist Racine der klassische franz\u00f6sische Autor par excellence, so sehr verwebt sein Schreiben Klang, Syntax, Grammatik und Vokabular miteinander, dass sich nur sehr wenige ausl\u00e4ndische Regisseure an die Inszenierung seiner St\u00fccke gewagt haben, sei es auf Franz\u00f6sisch oder in einer \u00dcbersetzung. Das zweite, interessantere Element ist, dass <em>Bajazet<\/em> Racine nutzt eine Form der Distanzierung, um \u00fcber das Frankreich seiner Zeit zu sprechen, indem er die Fabel im Serail des Gro\u00dfsultans in Konstantinopel ansiedelt. Diese dramaturgische Entscheidung verlagert die Handlung des St\u00fccks an einen weit entfernten Ort - so kann er das Chaos, das entsteht, wenn Leidenschaft und Macht miteinander verschmelzen, freier beschreiben und gleichzeitig die M\u00f6glichkeit der Reinheit menschlichen Handelns in Frage stellen. Die damalige T\u00fcrkei ist auch ein wenig bekanntes Land, und sein Text spielt mit den Klischees seiner Zeit \u00fcber die arabische Kultur, den Islam und den vermeintlichen Despotismus des Sultanats. Dies ist heutzutage umso interessanter, da die europ\u00e4ischen Klischees \u00fcber die T\u00fcrkei fortbestehen. Die Resonanz des Textes von Rassin auf unsere heutige Zeit ist frappierend; sie wirkt sich auf das aus, was wir \u00fcber die T\u00fcrkei zu wissen glauben, und im Gegenzug auf die Art und Weise, wie wir uns als Europ\u00e4er definieren. Drittens und letztens ist zu betonen, dass in Racines Texten fast nichts anderes geschieht als Worte mit tragischen Folgen. Mit anderen Worten: Die Figuren handeln weniger, als dass sie mit ihren Worten zerst\u00f6ren.&nbsp;<\/p>\n\n\n\n<p><strong>Was meinen Sie?<\/strong><\/p>\n\n\n\n<p>Am ber\u00fchmtesten ist wohl Ph\u00e4dras Gest\u00e4ndnis: Sie begeht nichts, sie ist dreimal schuldig - sie gesteht dreimal ihre Leidenschaft f\u00fcr Hippolytos, ohne einen weiteren Fehler zu begehen. Ihr einziges Verlangen ist jeden Verrat wert. Mit Racine wird das Theater zum Ort der Macht des Wortes: Sagen hei\u00dft tun, k\u00f6nnte man in Paraphrase der Formel sagen. Genauer gesagt: Racines Figuren treten aus sich selbst heraus, entfliehen den Rollen, die ihnen die Gesellschaft zuweist, und erlangen durch das Wort ihre pers\u00f6nliche und intime Freiheit. W\u00e4hrend der Vorbereitungen wies Frank Castorf darauf hin, dass sich das Wesen bei Racine durch das Wort von sich selbst befreit, indem es sein Verlangen akzeptiert und so die Zw\u00e4nge und Zuf\u00e4lligkeiten, in denen es gefangen ist, durchbricht. Sowohl bei Racine als auch bei Castorf stellt das Theater die soziale Struktur und die menschliche Freiheit in Frage. So erkl\u00e4rt sich auch die Verbindung zu Antonin Artaud, einem franz\u00f6sischen Dichter und Theatermann, dessen Werk alle Rahmen seiner Epoche - der drei\u00dfiger und vierziger Jahre - sprengte: Artaud beschw\u00f6rt die Sprache buchst\u00e4blich herauf, um, wie er sagt, zu sich selbst wiedergeboren zu werden, um zu werden, wer er ist. Castorf schafft so eine unerwartete, aber spannende Verbindung zwischen zwei gro\u00dfen franz\u00f6sischen Dichtern, die zwei Jahrhunderte voneinander getrennt sind.<\/p>\n\n\n\n<p><strong>Schlie\u00dflich haben Sie, der Sie Dramaturg sind und diese sch\u00f6ne Ausstellung realisiert haben <em>Castorf-Maschine<\/em>, K\u00f6nnten Sie versuchen, Castorfs Theater f\u00fcr Personen zu beschreiben, die den Regisseur nicht kennen, und dabei Dinge erw\u00e4hnen, die wir vorher in diesem Gespr\u00e4ch nicht erw\u00e4hnt haben?<\/strong><\/p>\n\n\n\n<p>In gewisser Hinsicht ist das Leben, das wir heute in Europa und der Schweiz leben, auf Ausschl\u00fcssen aufgebaut. Wir sind Vertreter und Verk\u00fcnder der Menschenrechte, obwohl wir wissen, dass wir nur so leben k\u00f6nnen, wie wir leben, weil ein Gro\u00dfteil der Weltbev\u00f6lkerung keinen Zugang zu diesen Rechten hat, d. h. zu einem Leben in W\u00fcrde als Mensch. \u00dcberall auf der Welt f\u00fchren unsere wirtschaftlichen Interessen zu Kriegen und Konflikten; wir wissen das, aber wir finden uns damit ab. Auch innerhalb unserer L\u00e4nder gibt es immer gr\u00f6\u00dfere soziale und lohnbezogene Ungleichheiten, und wir tun wenig dagegen. Wir leben teilweise von der Ausgrenzung derer, die anders sind als wir selbst, und das ist eine Quelle aktueller und zuk\u00fcnftiger Gewalt. Bei Frank Castorf gibt es zwei Elemente, die diese Realit\u00e4t widerspiegeln. Erstens fordert er eine \u00abKultur der Verbindung\u00bb, d. h. wenn wir uns nicht bem\u00fchen, uns mit dem auseinanderzusetzen, was wir nicht kennen und was sich grundlegend von uns unterscheidet, k\u00f6nnen wir nur mit immer mehr Gewalt rechnen. Das Theater kann ein Ort sein, an dem eine neue Beziehung zur Andersartigkeit, zu Denk- und Lebensweisen, die uns fremd sind, aufgebaut wird.<\/p>\n\n\n\n<p><strong>Was ist mit dem zweiten Element?<\/strong><\/p>\n\n\n\n<p>Die \u00dcberwindung unserer Angst. Wenn wir etwas besitzen - sei es eine Familie, ein Haus oder ein kleines Verm\u00f6gen - entsteht die Angst, es zu verlieren. Dies ist ein Ph\u00e4nomen, das besonders in der Mittelschicht, zu der ich und wahrscheinlich auch Sie geh\u00f6ren, sichtbar ist; ein gro\u00dfer Teil der Gewalt des 20.<sup>.<\/sup> Jahrhundert - und auch das heutige - kommt von dieser kompakten, weitgehend schweigenden Mehrheit, die bereit ist, f\u00fcr die Bewahrung ihrer Errungenschaften, und seien sie noch so bescheiden, und die Erhaltung ihrer Lebensweise viel zu tun. Zusammenfassend k\u00f6nnte man sagen, dass Castorfs Theater versucht, auf diese Angst zu reagieren, indem es auf theatralisch erstaunliche Weise, mit Humor und gro\u00dfer Tonfreiheit, widerspr\u00fcchliche Verhaltensweisen auf die B\u00fchne bringt. Bezeichnenderweise findet dieses Gespr\u00e4ch in Lausanne statt, in einem Kanton, der einen Erlass gegen das Betteln verabschiedet hat: nicht, um das Problem durch Solidarit\u00e4t zu l\u00f6sen, sondern um das Betteln zu verhindern. <em>siehe<\/em>, Vermeidung von Konfrontation. Das Lachen \u00fcber das Schlimmste ist ein Weg, um sich selbst zu provozieren und unsere Freiheit zu testen.<\/p>\n\n\n\n<p><em>Schreiben Sie dem Autor: <a href=\"mailto:ivan.garcia@leregardlibre.com\">ivan.garcia@leregardlibre.com<\/a><\/em><\/p>\n\n\n\n<p>Titelbild: \u00a9 Mathilda Omi \u00a0<\/p>\n\n\n\n<p><em>*In Deutschland gibt es ein anderes Theatersystem als in Frankreich oder der franz\u00f6sischen Schweiz, da die Stadttheater \u00fcber eigene Truppen und ein Repertoire verf\u00fcgen. Diese sind Teil des <\/em>Repertoiresystem<em> und werden als <\/em>Stadttheater<em>. Die <\/em>Stadttheater<em>, Die Stadttheater werden nicht vom deutschen Staat oder Land, sondern von der Stadt, in der sie ans\u00e4ssig sind, finanziert].<\/em><\/p>","protected":false},"excerpt":{"rendered":"<p>Treffen mit dem Dramaturgen des Th\u00e9\u00e2tre de Vidy<\/p>","protected":false},"author":53,"featured_media":510724,"comment_status":"open","ping_status":"open","sticky":false,"template":"","format":"standard","meta":{"_acf_changed":false,"footnotes":""},"categories":[5386],"tags":[644342612,644339299,644343113,644343115,11788,644343117,644343122,222958,644343116],"class_list":["post-26623","post","type-post","status-publish","format-standard","has-post-thumbnail","hentry","category-theatre","tag-bajazet","tag-berlin","tag-eric-vautrin","tag-frank-castorf","tag-interviews","tag-jean-racine","tag-les-aventures-de-la-scene","tag-racine","tag-volksbuhne"],"acf":[],"yoast_head":"<!-- This site is optimized with the Yoast SEO Premium plugin v27.4 (Yoast SEO v27.4) - https:\/\/yoast.com\/product\/yoast-seo-premium-wordpress\/ -->\n<title>Eric Vautrin: \u00abLes r\u00e9sonances de Racine avec notre actualit\u00e9 sont frappantes\u00bb<\/title>\n<meta name=\"robots\" content=\"index, follow, max-snippet:-1, max-image-preview:large, max-video-preview:-1\" \/>\n<link rel=\"canonical\" href=\"https:\/\/leregardlibre.com\/de\/darstellende-kunste\/theater\/eric-vautrin-die-resonanzen-von-racine-zu-unserer-aktuellitat-sind-frappierend\/\" \/>\n<meta property=\"og:locale\" content=\"de_DE\" \/>\n<meta property=\"og:type\" content=\"article\" \/>\n<meta property=\"og:title\" content=\"Eric Vautrin: \u00abLes r\u00e9sonances de Racine avec notre actualit\u00e9 sont frappantes\u00bb\" \/>\n<meta property=\"og:description\" content=\"Rencontre avec le dramaturge du th\u00e9\u00e2tre de Vidy\" \/>\n<meta property=\"og:url\" content=\"https:\/\/leregardlibre.com\/de\/darstellende-kunste\/theater\/eric-vautrin-die-resonanzen-von-racine-zu-unserer-aktuellitat-sind-frappierend\/\" \/>\n<meta property=\"og:site_name\" content=\"Le Regard Libre\" \/>\n<meta property=\"article:publisher\" content=\"https:\/\/www.facebook.com\/leregardlibre\/\" \/>\n<meta property=\"article:published_time\" content=\"2019-10-27T11:19:56+00:00\" \/>\n<meta property=\"article:modified_time\" content=\"2022-11-14T21:12:25+00:00\" \/>\n<meta property=\"og:image\" content=\"https:\/\/leregardlibre.com\/wp-content\/uploads\/2019\/10\/Bajazet_Frank-Castorf_photos-de-re\u0301pe\u0301tition_006c-Mathilda-Olmi-1-1024x683.jpg\" \/>\n\t<meta property=\"og:image:width\" content=\"1024\" \/>\n\t<meta property=\"og:image:height\" content=\"683\" \/>\n\t<meta property=\"og:image:type\" content=\"image\/jpeg\" \/>\n<meta name=\"author\" content=\"Ivan Garcia\" \/>\n<meta name=\"twitter:card\" content=\"summary_large_image\" \/>\n<meta name=\"twitter:creator\" content=\"@LeRegardLibre\" \/>\n<meta name=\"twitter:site\" content=\"@LeRegardLibre\" \/>\n<meta name=\"twitter:label1\" content=\"Verfasst von\" \/>\n\t<meta name=\"twitter:data1\" content=\"Ivan Garcia\" \/>\n\t<meta name=\"twitter:label2\" content=\"Gesch\u00e4tzte Lesezeit\" \/>\n\t<meta name=\"twitter:data2\" content=\"13\u00a0Minuten\" \/>\n<script type=\"application\/ld+json\" class=\"yoast-schema-graph\">{\"@context\":\"https:\\\/\\\/schema.org\",\"@graph\":[{\"@type\":\"Article\",\"@id\":\"https:\\\/\\\/leregardlibre.com\\\/arts-vivants\\\/theatre\\\/eric-vautrin-les-resonances-de-racine-avec-notre-actualite-sont-frappantes\\\/#article\",\"isPartOf\":{\"@id\":\"https:\\\/\\\/leregardlibre.com\\\/arts-vivants\\\/theatre\\\/eric-vautrin-les-resonances-de-racine-avec-notre-actualite-sont-frappantes\\\/\"},\"author\":{\"name\":\"Ivan Garcia\",\"@id\":\"https:\\\/\\\/leregardlibre.com\\\/#\\\/schema\\\/person\\\/d80dd0028be8739b0c3bed60e131e94a\"},\"headline\":\"Eric Vautrin: \u00abLes r\u00e9sonances de Racine avec notre actualit\u00e9 sont frappantes\u00bb\",\"datePublished\":\"2019-10-27T11:19:56+00:00\",\"dateModified\":\"2022-11-14T21:12:25+00:00\",\"mainEntityOfPage\":{\"@id\":\"https:\\\/\\\/leregardlibre.com\\\/arts-vivants\\\/theatre\\\/eric-vautrin-les-resonances-de-racine-avec-notre-actualite-sont-frappantes\\\/\"},\"wordCount\":2538,\"commentCount\":0,\"publisher\":{\"@id\":\"https:\\\/\\\/leregardlibre.com\\\/#organization\"},\"image\":{\"@id\":\"https:\\\/\\\/leregardlibre.com\\\/arts-vivants\\\/theatre\\\/eric-vautrin-les-resonances-de-racine-avec-notre-actualite-sont-frappantes\\\/#primaryimage\"},\"thumbnailUrl\":\"https:\\\/\\\/leregardlibre.com\\\/wp-content\\\/uploads\\\/2019\\\/10\\\/Bajazet_Frank-Castorf_photos-de-re\u0301pe\u0301tition_006c-Mathilda-Olmi-1.jpg\",\"keywords\":[\"bajazet\",\"Berlin\",\"\u00e9ric vautrin\",\"frank castorf\",\"Interview\",\"Jean Racine\",\"les aventures de la sc\u00e8ne\",\"racine\",\"volksb\u00fchne\"],\"articleSection\":[\"Th\u00e9\u00e2tre\"],\"inLanguage\":\"de\",\"potentialAction\":[{\"@type\":\"CommentAction\",\"name\":\"Comment\",\"target\":[\"https:\\\/\\\/leregardlibre.com\\\/arts-vivants\\\/theatre\\\/eric-vautrin-les-resonances-de-racine-avec-notre-actualite-sont-frappantes\\\/#respond\"]}]},{\"@type\":\"WebPage\",\"@id\":\"https:\\\/\\\/leregardlibre.com\\\/arts-vivants\\\/theatre\\\/eric-vautrin-les-resonances-de-racine-avec-notre-actualite-sont-frappantes\\\/\",\"url\":\"https:\\\/\\\/leregardlibre.com\\\/arts-vivants\\\/theatre\\\/eric-vautrin-les-resonances-de-racine-avec-notre-actualite-sont-frappantes\\\/\",\"name\":\"Eric Vautrin: \u00abLes r\u00e9sonances de Racine avec notre actualit\u00e9 sont frappantes\u00bb\",\"isPartOf\":{\"@id\":\"https:\\\/\\\/leregardlibre.com\\\/#website\"},\"primaryImageOfPage\":{\"@id\":\"https:\\\/\\\/leregardlibre.com\\\/arts-vivants\\\/theatre\\\/eric-vautrin-les-resonances-de-racine-avec-notre-actualite-sont-frappantes\\\/#primaryimage\"},\"image\":{\"@id\":\"https:\\\/\\\/leregardlibre.com\\\/arts-vivants\\\/theatre\\\/eric-vautrin-les-resonances-de-racine-avec-notre-actualite-sont-frappantes\\\/#primaryimage\"},\"thumbnailUrl\":\"https:\\\/\\\/leregardlibre.com\\\/wp-content\\\/uploads\\\/2019\\\/10\\\/Bajazet_Frank-Castorf_photos-de-re\u0301pe\u0301tition_006c-Mathilda-Olmi-1.jpg\",\"datePublished\":\"2019-10-27T11:19:56+00:00\",\"dateModified\":\"2022-11-14T21:12:25+00:00\",\"breadcrumb\":{\"@id\":\"https:\\\/\\\/leregardlibre.com\\\/arts-vivants\\\/theatre\\\/eric-vautrin-les-resonances-de-racine-avec-notre-actualite-sont-frappantes\\\/#breadcrumb\"},\"inLanguage\":\"de\",\"potentialAction\":[{\"@type\":\"ReadAction\",\"target\":[\"https:\\\/\\\/leregardlibre.com\\\/arts-vivants\\\/theatre\\\/eric-vautrin-les-resonances-de-racine-avec-notre-actualite-sont-frappantes\\\/\"]}]},{\"@type\":\"ImageObject\",\"inLanguage\":\"de\",\"@id\":\"https:\\\/\\\/leregardlibre.com\\\/arts-vivants\\\/theatre\\\/eric-vautrin-les-resonances-de-racine-avec-notre-actualite-sont-frappantes\\\/#primaryimage\",\"url\":\"https:\\\/\\\/leregardlibre.com\\\/wp-content\\\/uploads\\\/2019\\\/10\\\/Bajazet_Frank-Castorf_photos-de-re\u0301pe\u0301tition_006c-Mathilda-Olmi-1.jpg\",\"contentUrl\":\"https:\\\/\\\/leregardlibre.com\\\/wp-content\\\/uploads\\\/2019\\\/10\\\/Bajazet_Frank-Castorf_photos-de-re\u0301pe\u0301tition_006c-Mathilda-Olmi-1.jpg\",\"width\":7008,\"height\":4672},{\"@type\":\"BreadcrumbList\",\"@id\":\"https:\\\/\\\/leregardlibre.com\\\/arts-vivants\\\/theatre\\\/eric-vautrin-les-resonances-de-racine-avec-notre-actualite-sont-frappantes\\\/#breadcrumb\",\"itemListElement\":[{\"@type\":\"ListItem\",\"position\":1,\"name\":\"Accueil\",\"item\":\"https:\\\/\\\/leregardlibre.com\\\/\"},{\"@type\":\"ListItem\",\"position\":2,\"name\":\"Eric Vautrin: \u00abLes r\u00e9sonances de Racine avec notre actualit\u00e9 sont frappantes\u00bb\"}]},{\"@type\":\"WebSite\",\"@id\":\"https:\\\/\\\/leregardlibre.com\\\/#website\",\"url\":\"https:\\\/\\\/leregardlibre.com\\\/\",\"name\":\"Le Regard Libre\",\"description\":\"Premier mensuel suisse de d\u00e9bat\",\"publisher\":{\"@id\":\"https:\\\/\\\/leregardlibre.com\\\/#organization\"},\"potentialAction\":[{\"@type\":\"SearchAction\",\"target\":{\"@type\":\"EntryPoint\",\"urlTemplate\":\"https:\\\/\\\/leregardlibre.com\\\/?s={search_term_string}\"},\"query-input\":{\"@type\":\"PropertyValueSpecification\",\"valueRequired\":true,\"valueName\":\"search_term_string\"}}],\"inLanguage\":\"de\"},{\"@type\":\"Organization\",\"@id\":\"https:\\\/\\\/leregardlibre.com\\\/#organization\",\"name\":\"Le Regard Libre\",\"url\":\"https:\\\/\\\/leregardlibre.com\\\/\",\"logo\":{\"@type\":\"ImageObject\",\"inLanguage\":\"de\",\"@id\":\"https:\\\/\\\/leregardlibre.com\\\/#\\\/schema\\\/logo\\\/image\\\/\",\"url\":\"https:\\\/\\\/leregardlibre.com\\\/wp-content\\\/uploads\\\/2025\\\/08\\\/logo-rl-icone-neg.jpeg\",\"contentUrl\":\"https:\\\/\\\/leregardlibre.com\\\/wp-content\\\/uploads\\\/2025\\\/08\\\/logo-rl-icone-neg.jpeg\",\"width\":557,\"height\":556,\"caption\":\"Le Regard Libre\"},\"image\":{\"@id\":\"https:\\\/\\\/leregardlibre.com\\\/#\\\/schema\\\/logo\\\/image\\\/\"},\"sameAs\":[\"https:\\\/\\\/www.facebook.com\\\/leregardlibre\\\/\",\"https:\\\/\\\/x.com\\\/LeRegardLibre\",\"https:\\\/\\\/www.linkedin.com\\\/company\\\/le-regard-libre\",\"https:\\\/\\\/www.instagram.com\\\/leregardlibre\\\/\",\"http:\\\/\\\/t.me\\\/leregardlibre\",\"https:\\\/\\\/youtube.com\\\/channel\\\/UC6HzGPomj1LsUmlz-sJtITQ\"],\"description\":\"Le Regard Libre est un mensuel suisse de d\u00e9bat intellectuel et culturel. Sa r\u00e9daction est jeune, b\u00e9n\u00e9vole, lib\u00e9rale et pluraliste. Le magazine para\u00eet en ligne et sous forme papier. Sa langue est le fran\u00e7ais.\",\"email\":\"redaction@leregardlibre.com\",\"legalName\":\"Le Regard Libre\",\"foundingDate\":\"2014-01-01\",\"numberOfEmployees\":{\"@type\":\"QuantitativeValue\",\"minValue\":\"11\",\"maxValue\":\"50\"},\"publishingPrinciples\":\"https:\\\/\\\/leregardlibre.com\\\/a-propos\\\/notre-manifeste\\\/\",\"ownershipFundingInfo\":\"https:\\\/\\\/leregardlibre.com\\\/mentions-legales\\\/\",\"actionableFeedbackPolicy\":\"https:\\\/\\\/leregardlibre.com\\\/conditions-generales-de-vente\\\/\"},{\"@type\":\"Person\",\"@id\":\"https:\\\/\\\/leregardlibre.com\\\/#\\\/schema\\\/person\\\/d80dd0028be8739b0c3bed60e131e94a\",\"name\":\"Ivan Garcia\",\"image\":{\"@type\":\"ImageObject\",\"inLanguage\":\"de\",\"@id\":\"https:\\\/\\\/secure.gravatar.com\\\/avatar\\\/8d1951260e83d4b801d564ae27e751dece8ced40a4256105c3a960ddb6c32ee8?s=96&d=identicon&r=g\",\"url\":\"https:\\\/\\\/secure.gravatar.com\\\/avatar\\\/8d1951260e83d4b801d564ae27e751dece8ced40a4256105c3a960ddb6c32ee8?s=96&d=identicon&r=g\",\"contentUrl\":\"https:\\\/\\\/secure.gravatar.com\\\/avatar\\\/8d1951260e83d4b801d564ae27e751dece8ced40a4256105c3a960ddb6c32ee8?s=96&d=identicon&r=g\",\"caption\":\"Ivan Garcia\"},\"description\":\"Editeur Web au journal Le Temps et stagiaire en enseignement, Ivan Garcia est le responsable de la rubrique Litt\u00e9rature du Regard Libre, o\u00f9 il \u00e9crit r\u00e9guli\u00e8rement.\",\"sameAs\":[\"https:\\\/\\\/leregardlibre.com\\\/\",\"https:\\\/\\\/fr.wikipedia.org\\\/wiki\\\/Le_Regard_libre\"],\"url\":\"https:\\\/\\\/leregardlibre.com\\\/de\\\/author\\\/ivan-garcia-ig89\\\/\"}]}<\/script>\n<!-- \/ Yoast SEO Premium plugin. -->","yoast_head_json":{"title":"Eric Vautrin: \u00abDie Resonanz von Racine auf unsere heutige Zeit ist frappierend\u00bb.\u00bb","robots":{"index":"index","follow":"follow","max-snippet":"max-snippet:-1","max-image-preview":"max-image-preview:large","max-video-preview":"max-video-preview:-1"},"canonical":"https:\/\/leregardlibre.com\/de\/darstellende-kunste\/theater\/eric-vautrin-die-resonanzen-von-racine-zu-unserer-aktuellitat-sind-frappierend\/","og_locale":"de_DE","og_type":"article","og_title":"Eric Vautrin: \u00abLes r\u00e9sonances de Racine avec notre actualit\u00e9 sont frappantes\u00bb","og_description":"Rencontre avec le dramaturge du th\u00e9\u00e2tre de Vidy","og_url":"https:\/\/leregardlibre.com\/de\/darstellende-kunste\/theater\/eric-vautrin-die-resonanzen-von-racine-zu-unserer-aktuellitat-sind-frappierend\/","og_site_name":"Le Regard Libre","article_publisher":"https:\/\/www.facebook.com\/leregardlibre\/","article_published_time":"2019-10-27T11:19:56+00:00","article_modified_time":"2022-11-14T21:12:25+00:00","og_image":[{"width":1024,"height":683,"url":"https:\/\/leregardlibre.com\/wp-content\/uploads\/2019\/10\/Bajazet_Frank-Castorf_photos-de-re\u0301pe\u0301tition_006c-Mathilda-Olmi-1-1024x683.jpg","type":"image\/jpeg"}],"author":"Ivan Garcia","twitter_card":"summary_large_image","twitter_creator":"@LeRegardLibre","twitter_site":"@LeRegardLibre","twitter_misc":{"Verfasst von":"Ivan Garcia","Gesch\u00e4tzte Lesezeit":"13\u00a0Minuten"},"schema":{"@context":"https:\/\/schema.org","@graph":[{"@type":"Article","@id":"https:\/\/leregardlibre.com\/arts-vivants\/theatre\/eric-vautrin-les-resonances-de-racine-avec-notre-actualite-sont-frappantes\/#article","isPartOf":{"@id":"https:\/\/leregardlibre.com\/arts-vivants\/theatre\/eric-vautrin-les-resonances-de-racine-avec-notre-actualite-sont-frappantes\/"},"author":{"name":"Ivan Garcia","@id":"https:\/\/leregardlibre.com\/#\/schema\/person\/d80dd0028be8739b0c3bed60e131e94a"},"headline":"Eric Vautrin: \u00abLes r\u00e9sonances de Racine avec notre actualit\u00e9 sont frappantes\u00bb","datePublished":"2019-10-27T11:19:56+00:00","dateModified":"2022-11-14T21:12:25+00:00","mainEntityOfPage":{"@id":"https:\/\/leregardlibre.com\/arts-vivants\/theatre\/eric-vautrin-les-resonances-de-racine-avec-notre-actualite-sont-frappantes\/"},"wordCount":2538,"commentCount":0,"publisher":{"@id":"https:\/\/leregardlibre.com\/#organization"},"image":{"@id":"https:\/\/leregardlibre.com\/arts-vivants\/theatre\/eric-vautrin-les-resonances-de-racine-avec-notre-actualite-sont-frappantes\/#primaryimage"},"thumbnailUrl":"https:\/\/leregardlibre.com\/wp-content\/uploads\/2019\/10\/Bajazet_Frank-Castorf_photos-de-re\u0301pe\u0301tition_006c-Mathilda-Olmi-1.jpg","keywords":["bajazet","Berlin","\u00e9ric vautrin","frank castorf","Interview","Jean Racine","les aventures de la sc\u00e8ne","racine","volksb\u00fchne"],"articleSection":["Th\u00e9\u00e2tre"],"inLanguage":"de","potentialAction":[{"@type":"CommentAction","name":"Comment","target":["https:\/\/leregardlibre.com\/arts-vivants\/theatre\/eric-vautrin-les-resonances-de-racine-avec-notre-actualite-sont-frappantes\/#respond"]}]},{"@type":"WebPage","@id":"https:\/\/leregardlibre.com\/arts-vivants\/theatre\/eric-vautrin-les-resonances-de-racine-avec-notre-actualite-sont-frappantes\/","url":"https:\/\/leregardlibre.com\/arts-vivants\/theatre\/eric-vautrin-les-resonances-de-racine-avec-notre-actualite-sont-frappantes\/","name":"Eric Vautrin: \u00abDie Resonanz von Racine auf unsere heutige Zeit ist frappierend\u00bb.\u00bb","isPartOf":{"@id":"https:\/\/leregardlibre.com\/#website"},"primaryImageOfPage":{"@id":"https:\/\/leregardlibre.com\/arts-vivants\/theatre\/eric-vautrin-les-resonances-de-racine-avec-notre-actualite-sont-frappantes\/#primaryimage"},"image":{"@id":"https:\/\/leregardlibre.com\/arts-vivants\/theatre\/eric-vautrin-les-resonances-de-racine-avec-notre-actualite-sont-frappantes\/#primaryimage"},"thumbnailUrl":"https:\/\/leregardlibre.com\/wp-content\/uploads\/2019\/10\/Bajazet_Frank-Castorf_photos-de-re\u0301pe\u0301tition_006c-Mathilda-Olmi-1.jpg","datePublished":"2019-10-27T11:19:56+00:00","dateModified":"2022-11-14T21:12:25+00:00","breadcrumb":{"@id":"https:\/\/leregardlibre.com\/arts-vivants\/theatre\/eric-vautrin-les-resonances-de-racine-avec-notre-actualite-sont-frappantes\/#breadcrumb"},"inLanguage":"de","potentialAction":[{"@type":"ReadAction","target":["https:\/\/leregardlibre.com\/arts-vivants\/theatre\/eric-vautrin-les-resonances-de-racine-avec-notre-actualite-sont-frappantes\/"]}]},{"@type":"ImageObject","inLanguage":"de","@id":"https:\/\/leregardlibre.com\/arts-vivants\/theatre\/eric-vautrin-les-resonances-de-racine-avec-notre-actualite-sont-frappantes\/#primaryimage","url":"https:\/\/leregardlibre.com\/wp-content\/uploads\/2019\/10\/Bajazet_Frank-Castorf_photos-de-re\u0301pe\u0301tition_006c-Mathilda-Olmi-1.jpg","contentUrl":"https:\/\/leregardlibre.com\/wp-content\/uploads\/2019\/10\/Bajazet_Frank-Castorf_photos-de-re\u0301pe\u0301tition_006c-Mathilda-Olmi-1.jpg","width":7008,"height":4672},{"@type":"BreadcrumbList","@id":"https:\/\/leregardlibre.com\/arts-vivants\/theatre\/eric-vautrin-les-resonances-de-racine-avec-notre-actualite-sont-frappantes\/#breadcrumb","itemListElement":[{"@type":"ListItem","position":1,"name":"Accueil","item":"https:\/\/leregardlibre.com\/"},{"@type":"ListItem","position":2,"name":"Eric Vautrin: \u00abLes r\u00e9sonances de Racine avec notre actualit\u00e9 sont frappantes\u00bb"}]},{"@type":"WebSite","@id":"https:\/\/leregardlibre.com\/#website","url":"https:\/\/leregardlibre.com\/","name":"Le Regard Libre","description":"Erste Schweizer Monatszeitschrift f\u00fcr Debatten","publisher":{"@id":"https:\/\/leregardlibre.com\/#organization"},"potentialAction":[{"@type":"SearchAction","target":{"@type":"EntryPoint","urlTemplate":"https:\/\/leregardlibre.com\/?s={search_term_string}"},"query-input":{"@type":"PropertyValueSpecification","valueRequired":true,"valueName":"search_term_string"}}],"inLanguage":"de"},{"@type":"Organization","@id":"https:\/\/leregardlibre.com\/#organization","name":"Le Regard Libre","url":"https:\/\/leregardlibre.com\/","logo":{"@type":"ImageObject","inLanguage":"de","@id":"https:\/\/leregardlibre.com\/#\/schema\/logo\/image\/","url":"https:\/\/leregardlibre.com\/wp-content\/uploads\/2025\/08\/logo-rl-icone-neg.jpeg","contentUrl":"https:\/\/leregardlibre.com\/wp-content\/uploads\/2025\/08\/logo-rl-icone-neg.jpeg","width":557,"height":556,"caption":"Le Regard Libre"},"image":{"@id":"https:\/\/leregardlibre.com\/#\/schema\/logo\/image\/"},"sameAs":["https:\/\/www.facebook.com\/leregardlibre\/","https:\/\/x.com\/LeRegardLibre","https:\/\/www.linkedin.com\/company\/le-regard-libre","https:\/\/www.instagram.com\/leregardlibre\/","http:\/\/t.me\/leregardlibre","https:\/\/youtube.com\/channel\/UC6HzGPomj1LsUmlz-sJtITQ"],"description":"Le Regard Libre ist eine Schweizer Monatszeitschrift f\u00fcr intellektuelle und kulturelle Debatten. Seine Redaktion ist jung, ehrenamtlich, liberal und pluralistisch. Das Magazin erscheint online und in gedruckter Form. Seine Sprache ist Franz\u00f6sisch.","email":"redaction@leregardlibre.com","legalName":"Le Regard Libre","foundingDate":"2014-01-01","numberOfEmployees":{"@type":"QuantitativeValue","minValue":"11","maxValue":"50"},"publishingPrinciples":"https:\/\/leregardlibre.com\/a-propos\/notre-manifeste\/","ownershipFundingInfo":"https:\/\/leregardlibre.com\/mentions-legales\/","actionableFeedbackPolicy":"https:\/\/leregardlibre.com\/conditions-generales-de-vente\/"},{"@type":"Person","@id":"https:\/\/leregardlibre.com\/#\/schema\/person\/d80dd0028be8739b0c3bed60e131e94a","name":"Ivan Garcia","image":{"@type":"ImageObject","inLanguage":"de","@id":"https:\/\/secure.gravatar.com\/avatar\/8d1951260e83d4b801d564ae27e751dece8ced40a4256105c3a960ddb6c32ee8?s=96&d=identicon&r=g","url":"https:\/\/secure.gravatar.com\/avatar\/8d1951260e83d4b801d564ae27e751dece8ced40a4256105c3a960ddb6c32ee8?s=96&d=identicon&r=g","contentUrl":"https:\/\/secure.gravatar.com\/avatar\/8d1951260e83d4b801d564ae27e751dece8ced40a4256105c3a960ddb6c32ee8?s=96&d=identicon&r=g","caption":"Ivan Garcia"},"description":"Ivan Garcia ist Web-Editor bei der Zeitung Le Temps und Referendar. Er leitet die Literaturrubrik von Le Regard Libre und schreibt dort regelm\u00e4\u00dfig.","sameAs":["https:\/\/leregardlibre.com\/","https:\/\/fr.wikipedia.org\/wiki\/Le_Regard_libre"],"url":"https:\/\/leregardlibre.com\/de\/author\/ivan-garcia-ig89\/"}]}},"_links":{"self":[{"href":"https:\/\/leregardlibre.com\/de\/wp-json\/wp\/v2\/posts\/26623","targetHints":{"allow":["GET"]}}],"collection":[{"href":"https:\/\/leregardlibre.com\/de\/wp-json\/wp\/v2\/posts"}],"about":[{"href":"https:\/\/leregardlibre.com\/de\/wp-json\/wp\/v2\/types\/post"}],"author":[{"embeddable":true,"href":"https:\/\/leregardlibre.com\/de\/wp-json\/wp\/v2\/users\/53"}],"replies":[{"embeddable":true,"href":"https:\/\/leregardlibre.com\/de\/wp-json\/wp\/v2\/comments?post=26623"}],"version-history":[{"count":1,"href":"https:\/\/leregardlibre.com\/de\/wp-json\/wp\/v2\/posts\/26623\/revisions"}],"predecessor-version":[{"id":510723,"href":"https:\/\/leregardlibre.com\/de\/wp-json\/wp\/v2\/posts\/26623\/revisions\/510723"}],"wp:featuredmedia":[{"embeddable":true,"href":"https:\/\/leregardlibre.com\/de\/wp-json\/wp\/v2\/media\/510724"}],"wp:attachment":[{"href":"https:\/\/leregardlibre.com\/de\/wp-json\/wp\/v2\/media?parent=26623"}],"wp:term":[{"taxonomy":"category","embeddable":true,"href":"https:\/\/leregardlibre.com\/de\/wp-json\/wp\/v2\/categories?post=26623"},{"taxonomy":"post_tag","embeddable":true,"href":"https:\/\/leregardlibre.com\/de\/wp-json\/wp\/v2\/tags?post=26623"}],"curies":[{"name":"wp","href":"https:\/\/api.w.org\/{rel}","templated":true}]}}